{"id":192001,"date":"2025-11-09T16:52:19","date_gmt":"2025-11-09T20:52:19","guid":{"rendered":"https:\/\/digital58.com.ve\/site\/?p=192001"},"modified":"2025-11-10T16:53:14","modified_gmt":"2025-11-10T20:53:14","slug":"multitud-maracaibera-celebra-con-luces-y-gaitas-el-inicio-de-la-navidad-zuliana","status":"publish","type":"post","link":"https:\/\/digital58.com.ve\/site\/2025\/11\/09\/multitud-maracaibera-celebra-con-luces-y-gaitas-el-inicio-de-la-navidad-zuliana\/","title":{"rendered":"Multitud maracaibera celebra con luces y gaitas el inicio de la Navidad zuliana"},"content":{"rendered":"<p><a class=\"keychainify-checked\" href=\"https:\/\/digital58.com.ve\/site\/wp-content\/uploads\/2025\/11\/encendido-bella-vista-25-27.webp\"><img loading=\"lazy\" decoding=\"async\" class=\"aligncenter size-full wp-image-192008\" src=\"https:\/\/digital58.com.ve\/site\/wp-content\/uploads\/2025\/11\/encendido-bella-vista-25-27.webp\" alt=\"\" width=\"900\" height=\"600\" srcset=\"https:\/\/digital58.com.ve\/site\/wp-content\/uploads\/2025\/11\/encendido-bella-vista-25-27.webp 900w, https:\/\/digital58.com.ve\/site\/wp-content\/uploads\/2025\/11\/encendido-bella-vista-25-27-300x200.webp 300w, https:\/\/digital58.com.ve\/site\/wp-content\/uploads\/2025\/11\/encendido-bella-vista-25-27-768x512.webp 768w\" sizes=\"auto, (max-width: 900px) 100vw, 900px\" \/><\/a><\/p>\n<blockquote><p>El tradicional encendido de luces en la avenida Bella Vista congreg\u00f3 a una gran multitud para el inicio de la Feria de La Chinita y la Navidad, llenando la ciudad de m\u00fasica y color.<\/p><\/blockquote>\n<p><strong>Maracaibo, Zulia, Venezuela, 09 de noviembre de 2025 (ND58).-<\/strong> M\u00e1s de cincuenta mil personas colmaron este viernes la Avenida Bella Vista en Maracaibo para el tradicional encendido navide\u00f1o, evento que marca el inicio oficial de la Feria de La Chinita.<\/p>\n<p>La ceremonia, liderada por el gobernador Luis Caldera y el alcalde Gian Carlo Di Martino, ilumin\u00f3 ocho kil\u00f3metros con un espect\u00e1culo de luces y conciertos simult\u00e1neos que dieron la bienvenida a la temporada festiva.<\/p>\n<p><a class=\"keychainify-checked\" href=\"https:\/\/digital58.com.ve\/site\/wp-content\/uploads\/2025\/11\/encendido-bella-vista-25-22.webp\"><img loading=\"lazy\" decoding=\"async\" class=\"aligncenter size-full wp-image-192013\" src=\"https:\/\/digital58.com.ve\/site\/wp-content\/uploads\/2025\/11\/encendido-bella-vista-25-22.webp\" alt=\"\" width=\"900\" height=\"600\" srcset=\"https:\/\/digital58.com.ve\/site\/wp-content\/uploads\/2025\/11\/encendido-bella-vista-25-22.webp 900w, https:\/\/digital58.com.ve\/site\/wp-content\/uploads\/2025\/11\/encendido-bella-vista-25-22-300x200.webp 300w, https:\/\/digital58.com.ve\/site\/wp-content\/uploads\/2025\/11\/encendido-bella-vista-25-22-768x512.webp 768w\" sizes=\"auto, (max-width: 900px) 100vw, 900px\" \/><\/a><\/p>\n<p>Una marea humana inund\u00f3 la Avenida Bella Vista durante el encendido que da comienzo a los festejos en honor a la Virgen de Chiquinquir\u00e1.<\/p>\n<p>El ambiente se ti\u00f1\u00f3 de alegr\u00eda navide\u00f1a con familias completas disfrutando del espect\u00e1culo lum\u00ednico y los ritmos tradicionales.<\/p>\n<p><a class=\"keychainify-checked\" href=\"https:\/\/digital58.com.ve\/site\/wp-content\/uploads\/2025\/11\/encendido-bella-vista-25-21.webp\"><img loading=\"lazy\" decoding=\"async\" class=\"aligncenter size-full wp-image-192014\" src=\"https:\/\/digital58.com.ve\/site\/wp-content\/uploads\/2025\/11\/encendido-bella-vista-25-21.webp\" alt=\"\" width=\"900\" height=\"600\" srcset=\"https:\/\/digital58.com.ve\/site\/wp-content\/uploads\/2025\/11\/encendido-bella-vista-25-21.webp 900w, https:\/\/digital58.com.ve\/site\/wp-content\/uploads\/2025\/11\/encendido-bella-vista-25-21-300x200.webp 300w, https:\/\/digital58.com.ve\/site\/wp-content\/uploads\/2025\/11\/encendido-bella-vista-25-21-768x512.webp 768w\" sizes=\"auto, (max-width: 900px) 100vw, 900px\" \/><\/a><\/p>\n<p>El acto protocolar se desarroll\u00f3 en la plaza El \u00c1ngel, donde las autoridades regionales accionaron el interruptor que cubri\u00f3 de colores la imagen de la virgen morena.<\/p>\n<p>Este ritual anual representa la se\u00f1al no oficial para que los zulianos inicien sus celebraciones decembrinas.<\/p>\n<p><a class=\"keychainify-checked\" href=\"https:\/\/digital58.com.ve\/site\/wp-content\/uploads\/2025\/11\/encendido-bella-vista-25-26.webp\"><img loading=\"lazy\" decoding=\"async\" class=\"aligncenter size-full wp-image-192009\" src=\"https:\/\/digital58.com.ve\/site\/wp-content\/uploads\/2025\/11\/encendido-bella-vista-25-26.webp\" alt=\"\" width=\"900\" height=\"600\" srcset=\"https:\/\/digital58.com.ve\/site\/wp-content\/uploads\/2025\/11\/encendido-bella-vista-25-26.webp 900w, https:\/\/digital58.com.ve\/site\/wp-content\/uploads\/2025\/11\/encendido-bella-vista-25-26-300x200.webp 300w, https:\/\/digital58.com.ve\/site\/wp-content\/uploads\/2025\/11\/encendido-bella-vista-25-26-768x512.webp 768w\" sizes=\"auto, (max-width: 900px) 100vw, 900px\" \/><\/a><\/p>\n<h2>Una noche de luces y tradici\u00f3n<\/h2>\n<p>El gobernador Luis Caldera afirm\u00f3 durante su intervenci\u00f3n: \u00abHoy, al ritmo de la gaita zuliana, honrando a nuestra patrona, damos inicio a la Navidad con este maravilloso encendido\u00bb.<\/p>\n<p>Por su parte, el alcalde Gian Carlo Di Martino destac\u00f3 la energ\u00eda contagiosa de los asistentes y reconoci\u00f3 el apoyo del gobierno nacional para materializar el evento.<\/p>\n<p><a class=\"keychainify-checked\" href=\"https:\/\/digital58.com.ve\/site\/wp-content\/uploads\/2025\/11\/encendido-bella-vista-25-28.webp\"><img loading=\"lazy\" decoding=\"async\" class=\"aligncenter size-full wp-image-192007\" src=\"https:\/\/digital58.com.ve\/site\/wp-content\/uploads\/2025\/11\/encendido-bella-vista-25-28.webp\" alt=\"\" width=\"900\" height=\"600\" srcset=\"https:\/\/digital58.com.ve\/site\/wp-content\/uploads\/2025\/11\/encendido-bella-vista-25-28.webp 900w, https:\/\/digital58.com.ve\/site\/wp-content\/uploads\/2025\/11\/encendido-bella-vista-25-28-300x200.webp 300w, https:\/\/digital58.com.ve\/site\/wp-content\/uploads\/2025\/11\/encendido-bella-vista-25-28-768x512.webp 768w\" sizes=\"auto, (max-width: 900px) 100vw, 900px\" \/><\/a><\/p>\n<h2>Festival musical en dos escenarios<\/h2>\n<p>La organizaci\u00f3n dispuso dos tarimas principales que funcionaron simult\u00e1neamente a lo largo de la avenida. En la plaza El \u00c1ngel se presentaron agrupaciones como Neguito Borjas con Gaiteros del Poz\u00f3n, Alitas\u00eda y Super Combo Los Tropicales, con la animaci\u00f3n de Henry Silva.<\/p>\n<p>En el sector de la calle 77, el p\u00fablico disfrut\u00f3 de artistas como; Cardenales del \u00c9xito, Omar Enrique y Roberto Antonio, conducido por Ana Di Martino y Ricardo Garc\u00eda.<\/p>\n<p>La diversidad musical permiti\u00f3 que todos los grupos participantes encontraran su espacio dentro del festival.<\/p>\n<p><a class=\"keychainify-checked\" href=\"https:\/\/digital58.com.ve\/site\/wp-content\/uploads\/2025\/11\/encendido-bella-vista-25-17.webp\"><img loading=\"lazy\" decoding=\"async\" class=\"aligncenter size-full wp-image-192018\" src=\"https:\/\/digital58.com.ve\/site\/wp-content\/uploads\/2025\/11\/encendido-bella-vista-25-17.webp\" alt=\"\" width=\"900\" height=\"600\" srcset=\"https:\/\/digital58.com.ve\/site\/wp-content\/uploads\/2025\/11\/encendido-bella-vista-25-17.webp 900w, https:\/\/digital58.com.ve\/site\/wp-content\/uploads\/2025\/11\/encendido-bella-vista-25-17-300x200.webp 300w, https:\/\/digital58.com.ve\/site\/wp-content\/uploads\/2025\/11\/encendido-bella-vista-25-17-768x512.webp 768w\" sizes=\"auto, (max-width: 900px) 100vw, 900px\" \/><\/a><\/p>\n<h2>Tradici\u00f3n que une generaciones<\/h2>\n<p>Andre\u00edna Fereira, una de las asistentes, comparti\u00f3 su experiencia: \u00abSiempre vengo cada a\u00f1o porque esto es una tradici\u00f3n que forma parte de cada zuliano. Vengo con toda mi familia siempre\u00bb.<\/p>\n<p>Su testimonio refleja el significado cultural profundo que este evento mantiene en la identidad regional.<\/p>\n<p>La Alcald\u00eda Bolivariana de Maracaibo y la Gobernaci\u00f3n del Zulia coordinaron los operativos de seguridad y log\u00edstica para garantizar el desarrollo pac\u00edfico de la actividad.<\/p>\n<blockquote class=\"instagram-media\" style=\"background: #FFF; border: 0; border-radius: 3px; box-shadow: 0 0 1px 0 rgba(0,0,0,0.5),0 1px 10px 0 rgba(0,0,0,0.15); margin: 1px; max-width: 540px; min-width: 326px; padding: 0; width: calc(100% - 2px);\" data-instgrm-permalink=\"https:\/\/www.instagram.com\/reel\/DQ43umykobi\/?utm_source=ig_embed&amp;utm_campaign=loading\" data-instgrm-version=\"14\">\n<div style=\"padding: 16px;\">\n<p>&nbsp;<\/p>\n<div style=\"display: flex; flex-direction: row; align-items: center;\">\n<div style=\"background-color: #f4f4f4; border-radius: 50%; flex-grow: 0; height: 40px; margin-right: 14px; width: 40px;\"><\/div>\n<div style=\"display: flex; flex-direction: column; flex-grow: 1; justify-content: center;\">\n<div style=\"background-color: #f4f4f4; border-radius: 4px; flex-grow: 0; height: 14px; margin-bottom: 6px; width: 100px;\"><\/div>\n<div style=\"background-color: #f4f4f4; border-radius: 4px; flex-grow: 0; height: 14px; width: 60px;\"><\/div>\n<\/div>\n<\/div>\n<div style=\"padding: 19% 0;\"><\/div>\n<div style=\"display: block; height: 50px; margin: 0 auto 12px; width: 50px;\"><\/div>\n<div style=\"padding-top: 8px;\">\n<div style=\"color: #3897f0; font-family: Arial,sans-serif; font-size: 14px; font-style: normal; font-weight: 550; line-height: 18px;\">Ver esta publicaci\u00f3n en Instagram<\/div>\n<\/div>\n<div style=\"padding: 12.5% 0;\"><\/div>\n<div style=\"display: flex; flex-direction: row; margin-bottom: 14px; align-items: center;\">\n<div>\n<div style=\"background-color: #f4f4f4; border-radius: 50%; height: 12.5px; width: 12.5px; transform: translateX(0px) translateY(7px);\"><\/div>\n<div style=\"background-color: #f4f4f4; height: 12.5px; transform: rotate(-45deg) translateX(3px) translateY(1px); width: 12.5px; flex-grow: 0; margin-right: 14px; margin-left: 2px;\"><\/div>\n<div style=\"background-color: #f4f4f4; border-radius: 50%; height: 12.5px; width: 12.5px; transform: translateX(9px) translateY(-18px);\"><\/div>\n<\/div>\n<div style=\"margin-left: 8px;\">\n<div style=\"background-color: #f4f4f4; border-radius: 50%; flex-grow: 0; height: 20px; width: 20px;\"><\/div>\n<div style=\"width: 0; height: 0; border-top: 2px solid transparent; border-left: 6px solid #f4f4f4; border-bottom: 2px solid transparent; transform: translateX(16px) translateY(-4px) rotate(30deg);\"><\/div>\n<\/div>\n<div style=\"margin-left: auto;\">\n<div style=\"width: 0px; border-top: 8px solid #F4F4F4; border-right: 8px solid transparent; transform: translateY(16px);\"><\/div>\n<div style=\"background-color: #f4f4f4; flex-grow: 0; height: 12px; width: 16px; transform: translateY(-4px);\"><\/div>\n<div style=\"width: 0; height: 0; border-top: 8px solid #F4F4F4; border-left: 8px solid transparent; transform: translateY(-4px) translateX(8px);\"><\/div>\n<\/div>\n<\/div>\n<div style=\"display: flex; flex-direction: column; flex-grow: 1; justify-content: center; margin-bottom: 24px;\">\n<div style=\"background-color: #f4f4f4; border-radius: 4px; flex-grow: 0; height: 14px; margin-bottom: 6px; width: 224px;\"><\/div>\n<div style=\"background-color: #f4f4f4; border-radius: 4px; flex-grow: 0; height: 14px; width: 144px;\"><\/div>\n<\/div>\n<p>&nbsp;<\/p>\n<p style=\"color: #c9c8cd; font-family: Arial,sans-serif; font-size: 14px; line-height: 17px; margin-bottom: 0; margin-top: 8px; overflow: hidden; padding: 8px 0 7px; text-align: center; text-overflow: ellipsis; white-space: nowrap;\"><a class=\"keychainify-checked\" style=\"color: #c9c8cd; font-family: Arial,sans-serif; font-size: 14px; font-style: normal; font-weight: normal; line-height: 17px; text-decoration: none;\" href=\"https:\/\/www.instagram.com\/reel\/DQ43umykobi\/?utm_source=ig_embed&amp;utm_campaign=loading\" target=\"_blank\" rel=\"noopener\">Una publicaci\u00f3n compartida de Noticias Digital58 \ud83c\uddfb\ud83c\uddea (@digital_58)<\/a><\/p>\n<\/div>\n<\/blockquote>\n<p><script async src=\"\/\/www.instagram.com\/embed.js\"><\/script><\/p>\n<p><a class=\"keychainify-checked\" href=\"https:\/\/digital58.com.ve\/site\/wp-content\/uploads\/2025\/11\/encendido-bella-vista-25-16.webp\"><img loading=\"lazy\" decoding=\"async\" class=\"aligncenter wp-image-192019 size-full\" src=\"https:\/\/digital58.com.ve\/site\/wp-content\/uploads\/2025\/11\/encendido-bella-vista-25-16.webp\" alt=\"M\u00e1s de cincuenta mil personas colmaron este viernes la Avenida Bella Vista en Maracaibo para el tradicional encendido navide\u00f1o, evento que marca el inicio oficial de la Feria de La Chinita.\" width=\"900\" height=\"600\" srcset=\"https:\/\/digital58.com.ve\/site\/wp-content\/uploads\/2025\/11\/encendido-bella-vista-25-16.webp 900w, https:\/\/digital58.com.ve\/site\/wp-content\/uploads\/2025\/11\/encendido-bella-vista-25-16-300x200.webp 300w, https:\/\/digital58.com.ve\/site\/wp-content\/uploads\/2025\/11\/encendido-bella-vista-25-16-768x512.webp 768w\" sizes=\"auto, (max-width: 900px) 100vw, 900px\" \/><\/a><\/p>\n<p><a class=\"keychainify-checked\" href=\"https:\/\/digital58.com.ve\/site\/wp-content\/uploads\/2025\/11\/encendido-bella-vista-25-13.webp\"><img loading=\"lazy\" decoding=\"async\" class=\"aligncenter size-full wp-image-192022\" src=\"https:\/\/digital58.com.ve\/site\/wp-content\/uploads\/2025\/11\/encendido-bella-vista-25-13.webp\" alt=\"\" width=\"900\" height=\"600\" srcset=\"https:\/\/digital58.com.ve\/site\/wp-content\/uploads\/2025\/11\/encendido-bella-vista-25-13.webp 900w, https:\/\/digital58.com.ve\/site\/wp-content\/uploads\/2025\/11\/encendido-bella-vista-25-13-300x200.webp 300w, https:\/\/digital58.com.ve\/site\/wp-content\/uploads\/2025\/11\/encendido-bella-vista-25-13-768x512.webp 768w\" sizes=\"auto, (max-width: 900px) 100vw, 900px\" \/><\/a><\/p>\n<p><a class=\"keychainify-checked\" href=\"https:\/\/digital58.com.ve\/site\/wp-content\/uploads\/2025\/11\/encendido-bella-vista-25-15.webp\"><img loading=\"lazy\" decoding=\"async\" class=\"aligncenter size-full wp-image-192020\" src=\"https:\/\/digital58.com.ve\/site\/wp-content\/uploads\/2025\/11\/encendido-bella-vista-25-15.webp\" alt=\"\" width=\"900\" height=\"600\" srcset=\"https:\/\/digital58.com.ve\/site\/wp-content\/uploads\/2025\/11\/encendido-bella-vista-25-15.webp 900w, https:\/\/digital58.com.ve\/site\/wp-content\/uploads\/2025\/11\/encendido-bella-vista-25-15-300x200.webp 300w, https:\/\/digital58.com.ve\/site\/wp-content\/uploads\/2025\/11\/encendido-bella-vista-25-15-768x512.webp 768w\" sizes=\"auto, (max-width: 900px) 100vw, 900px\" \/><\/a><\/p>\n<p><a class=\"keychainify-checked\" href=\"https:\/\/digital58.com.ve\/site\/wp-content\/uploads\/2025\/11\/encendido-bella-vista-25-2.webp\"><img loading=\"lazy\" decoding=\"async\" class=\"aligncenter size-full wp-image-192033\" src=\"https:\/\/digital58.com.ve\/site\/wp-content\/uploads\/2025\/11\/encendido-bella-vista-25-2.webp\" alt=\"\" width=\"900\" height=\"600\" srcset=\"https:\/\/digital58.com.ve\/site\/wp-content\/uploads\/2025\/11\/encendido-bella-vista-25-2.webp 900w, https:\/\/digital58.com.ve\/site\/wp-content\/uploads\/2025\/11\/encendido-bella-vista-25-2-300x200.webp 300w, https:\/\/digital58.com.ve\/site\/wp-content\/uploads\/2025\/11\/encendido-bella-vista-25-2-768x512.webp 768w\" sizes=\"auto, (max-width: 900px) 100vw, 900px\" \/><\/a><\/p>\n<p><a class=\"keychainify-checked\" href=\"https:\/\/digital58.com.ve\/site\/wp-content\/uploads\/2025\/11\/encendido-bella-vista-25-23.webp\"><img loading=\"lazy\" decoding=\"async\" class=\"aligncenter size-full wp-image-192012\" src=\"https:\/\/digital58.com.ve\/site\/wp-content\/uploads\/2025\/11\/encendido-bella-vista-25-23.webp\" alt=\"\" width=\"900\" height=\"600\" srcset=\"https:\/\/digital58.com.ve\/site\/wp-content\/uploads\/2025\/11\/encendido-bella-vista-25-23.webp 900w, https:\/\/digital58.com.ve\/site\/wp-content\/uploads\/2025\/11\/encendido-bella-vista-25-23-300x200.webp 300w, https:\/\/digital58.com.ve\/site\/wp-content\/uploads\/2025\/11\/encendido-bella-vista-25-23-768x512.webp 768w\" sizes=\"auto, (max-width: 900px) 100vw, 900px\" \/><\/a><\/p>\n<p><a class=\"keychainify-checked\" href=\"https:\/\/digital58.com.ve\/site\/wp-content\/uploads\/2025\/11\/encendido-bella-vista-25-7.webp\"><img loading=\"lazy\" decoding=\"async\" class=\"aligncenter size-full wp-image-192028\" src=\"https:\/\/digital58.com.ve\/site\/wp-content\/uploads\/2025\/11\/encendido-bella-vista-25-7.webp\" alt=\"\" width=\"900\" height=\"600\" srcset=\"https:\/\/digital58.com.ve\/site\/wp-content\/uploads\/2025\/11\/encendido-bella-vista-25-7.webp 900w, https:\/\/digital58.com.ve\/site\/wp-content\/uploads\/2025\/11\/encendido-bella-vista-25-7-300x200.webp 300w, https:\/\/digital58.com.ve\/site\/wp-content\/uploads\/2025\/11\/encendido-bella-vista-25-7-768x512.webp 768w\" sizes=\"auto, (max-width: 900px) 100vw, 900px\" \/><\/a><\/p>\n<p><a class=\"keychainify-checked\" href=\"https:\/\/digital58.com.ve\/site\/wp-content\/uploads\/2025\/11\/encendido-bella-vista-25-24.webp\"><img loading=\"lazy\" decoding=\"async\" class=\"aligncenter size-full wp-image-192011\" src=\"https:\/\/digital58.com.ve\/site\/wp-content\/uploads\/2025\/11\/encendido-bella-vista-25-24.webp\" alt=\"\" width=\"900\" height=\"600\" srcset=\"https:\/\/digital58.com.ve\/site\/wp-content\/uploads\/2025\/11\/encendido-bella-vista-25-24.webp 900w, https:\/\/digital58.com.ve\/site\/wp-content\/uploads\/2025\/11\/encendido-bella-vista-25-24-300x200.webp 300w, https:\/\/digital58.com.ve\/site\/wp-content\/uploads\/2025\/11\/encendido-bella-vista-25-24-768x512.webp 768w\" sizes=\"auto, (max-width: 900px) 100vw, 900px\" \/><\/a><\/p>\n<p><a class=\"keychainify-checked\" href=\"https:\/\/digital58.com.ve\/site\/wp-content\/uploads\/2025\/11\/encendido-bella-vista-25-11.webp\"><img loading=\"lazy\" decoding=\"async\" class=\"aligncenter size-full wp-image-192024\" src=\"https:\/\/digital58.com.ve\/site\/wp-content\/uploads\/2025\/11\/encendido-bella-vista-25-11.webp\" alt=\"\" width=\"900\" height=\"600\" srcset=\"https:\/\/digital58.com.ve\/site\/wp-content\/uploads\/2025\/11\/encendido-bella-vista-25-11.webp 900w, https:\/\/digital58.com.ve\/site\/wp-content\/uploads\/2025\/11\/encendido-bella-vista-25-11-300x200.webp 300w, https:\/\/digital58.com.ve\/site\/wp-content\/uploads\/2025\/11\/encendido-bella-vista-25-11-768x512.webp 768w\" sizes=\"auto, (max-width: 900px) 100vw, 900px\" \/><\/a><\/p>\n<p><a class=\"keychainify-checked\" href=\"https:\/\/digital58.com.ve\/site\/wp-content\/uploads\/2025\/11\/encendido-bella-vista-25-1.webp\"><img loading=\"lazy\" decoding=\"async\" class=\"aligncenter size-full wp-image-192034\" src=\"https:\/\/digital58.com.ve\/site\/wp-content\/uploads\/2025\/11\/encendido-bella-vista-25-1.webp\" alt=\"\" width=\"900\" height=\"600\" srcset=\"https:\/\/digital58.com.ve\/site\/wp-content\/uploads\/2025\/11\/encendido-bella-vista-25-1.webp 900w, https:\/\/digital58.com.ve\/site\/wp-content\/uploads\/2025\/11\/encendido-bella-vista-25-1-300x200.webp 300w, https:\/\/digital58.com.ve\/site\/wp-content\/uploads\/2025\/11\/encendido-bella-vista-25-1-768x512.webp 768w\" sizes=\"auto, (max-width: 900px) 100vw, 900px\" \/><\/a><\/p>\n<p><a class=\"keychainify-checked\" href=\"https:\/\/digital58.com.ve\/site\/wp-content\/uploads\/2025\/11\/encendido-bella-vista-25-3.webp\"><img loading=\"lazy\" decoding=\"async\" class=\"aligncenter size-full wp-image-192032\" src=\"https:\/\/digital58.com.ve\/site\/wp-content\/uploads\/2025\/11\/encendido-bella-vista-25-3.webp\" alt=\"\" width=\"900\" height=\"600\" srcset=\"https:\/\/digital58.com.ve\/site\/wp-content\/uploads\/2025\/11\/encendido-bella-vista-25-3.webp 900w, https:\/\/digital58.com.ve\/site\/wp-content\/uploads\/2025\/11\/encendido-bella-vista-25-3-300x200.webp 300w, https:\/\/digital58.com.ve\/site\/wp-content\/uploads\/2025\/11\/encendido-bella-vista-25-3-768x512.webp 768w\" sizes=\"auto, (max-width: 900px) 100vw, 900px\" \/><\/a><\/p>\n<p><a class=\"keychainify-checked\" href=\"https:\/\/digital58.com.ve\/site\/wp-content\/uploads\/2025\/11\/encendido-bella-vista-25-4.webp\"><img loading=\"lazy\" decoding=\"async\" class=\"aligncenter size-full wp-image-192031\" src=\"https:\/\/digital58.com.ve\/site\/wp-content\/uploads\/2025\/11\/encendido-bella-vista-25-4.webp\" alt=\"\" width=\"900\" height=\"600\" srcset=\"https:\/\/digital58.com.ve\/site\/wp-content\/uploads\/2025\/11\/encendido-bella-vista-25-4.webp 900w, https:\/\/digital58.com.ve\/site\/wp-content\/uploads\/2025\/11\/encendido-bella-vista-25-4-300x200.webp 300w, https:\/\/digital58.com.ve\/site\/wp-content\/uploads\/2025\/11\/encendido-bella-vista-25-4-768x512.webp 768w\" sizes=\"auto, (max-width: 900px) 100vw, 900px\" \/><\/a><\/p>\n<p><a class=\"keychainify-checked\" href=\"https:\/\/digital58.com.ve\/site\/wp-content\/uploads\/2025\/11\/encendido-bella-vista-25-5.webp\"><img loading=\"lazy\" decoding=\"async\" class=\"aligncenter size-full wp-image-192030\" src=\"https:\/\/digital58.com.ve\/site\/wp-content\/uploads\/2025\/11\/encendido-bella-vista-25-5.webp\" alt=\"\" width=\"900\" height=\"600\" srcset=\"https:\/\/digital58.com.ve\/site\/wp-content\/uploads\/2025\/11\/encendido-bella-vista-25-5.webp 900w, https:\/\/digital58.com.ve\/site\/wp-content\/uploads\/2025\/11\/encendido-bella-vista-25-5-300x200.webp 300w, https:\/\/digital58.com.ve\/site\/wp-content\/uploads\/2025\/11\/encendido-bella-vista-25-5-768x512.webp 768w\" sizes=\"auto, (max-width: 900px) 100vw, 900px\" \/><\/a><\/p>\n<p><a class=\"keychainify-checked\" href=\"https:\/\/digital58.com.ve\/site\/wp-content\/uploads\/2025\/11\/encendido-bella-vista-25-6.webp\"><img loading=\"lazy\" decoding=\"async\" class=\"aligncenter size-full wp-image-192029\" src=\"https:\/\/digital58.com.ve\/site\/wp-content\/uploads\/2025\/11\/encendido-bella-vista-25-6.webp\" alt=\"\" width=\"900\" height=\"600\" srcset=\"https:\/\/digital58.com.ve\/site\/wp-content\/uploads\/2025\/11\/encendido-bella-vista-25-6.webp 900w, https:\/\/digital58.com.ve\/site\/wp-content\/uploads\/2025\/11\/encendido-bella-vista-25-6-300x200.webp 300w, https:\/\/digital58.com.ve\/site\/wp-content\/uploads\/2025\/11\/encendido-bella-vista-25-6-768x512.webp 768w\" sizes=\"auto, (max-width: 900px) 100vw, 900px\" \/><\/a><\/p>\n<p><a class=\"keychainify-checked\" href=\"https:\/\/digital58.com.ve\/site\/wp-content\/uploads\/2025\/11\/encendido-bella-vista-25-8.webp\"><img loading=\"lazy\" decoding=\"async\" class=\"aligncenter size-full wp-image-192027\" src=\"https:\/\/digital58.com.ve\/site\/wp-content\/uploads\/2025\/11\/encendido-bella-vista-25-8.webp\" alt=\"\" width=\"900\" height=\"600\" srcset=\"https:\/\/digital58.com.ve\/site\/wp-content\/uploads\/2025\/11\/encendido-bella-vista-25-8.webp 900w, https:\/\/digital58.com.ve\/site\/wp-content\/uploads\/2025\/11\/encendido-bella-vista-25-8-300x200.webp 300w, https:\/\/digital58.com.ve\/site\/wp-content\/uploads\/2025\/11\/encendido-bella-vista-25-8-768x512.webp 768w\" sizes=\"auto, (max-width: 900px) 100vw, 900px\" \/><\/a><\/p>\n<p><a class=\"keychainify-checked\" href=\"https:\/\/digital58.com.ve\/site\/wp-content\/uploads\/2025\/11\/encendido-bella-vista-25-9.webp\"><img loading=\"lazy\" decoding=\"async\" class=\"aligncenter size-full wp-image-192026\" src=\"https:\/\/digital58.com.ve\/site\/wp-content\/uploads\/2025\/11\/encendido-bella-vista-25-9.webp\" alt=\"\" width=\"900\" height=\"600\" srcset=\"https:\/\/digital58.com.ve\/site\/wp-content\/uploads\/2025\/11\/encendido-bella-vista-25-9.webp 900w, https:\/\/digital58.com.ve\/site\/wp-content\/uploads\/2025\/11\/encendido-bella-vista-25-9-300x200.webp 300w, https:\/\/digital58.com.ve\/site\/wp-content\/uploads\/2025\/11\/encendido-bella-vista-25-9-768x512.webp 768w\" sizes=\"auto, (max-width: 900px) 100vw, 900px\" \/><\/a><\/p>\n<p><a class=\"keychainify-checked\" href=\"https:\/\/digital58.com.ve\/site\/wp-content\/uploads\/2025\/11\/encendido-bella-vista-25-10.webp\"><img loading=\"lazy\" decoding=\"async\" class=\"aligncenter size-full wp-image-192025\" src=\"https:\/\/digital58.com.ve\/site\/wp-content\/uploads\/2025\/11\/encendido-bella-vista-25-10.webp\" alt=\"\" width=\"900\" height=\"600\" srcset=\"https:\/\/digital58.com.ve\/site\/wp-content\/uploads\/2025\/11\/encendido-bella-vista-25-10.webp 900w, https:\/\/digital58.com.ve\/site\/wp-content\/uploads\/2025\/11\/encendido-bella-vista-25-10-300x200.webp 300w, https:\/\/digital58.com.ve\/site\/wp-content\/uploads\/2025\/11\/encendido-bella-vista-25-10-768x512.webp 768w\" sizes=\"auto, (max-width: 900px) 100vw, 900px\" \/><\/a><\/p>\n<p><a class=\"keychainify-checked\" href=\"https:\/\/digital58.com.ve\/site\/wp-content\/uploads\/2025\/11\/encendido-bella-vista-25-12.webp\"><img loading=\"lazy\" decoding=\"async\" class=\"aligncenter size-full wp-image-192023\" src=\"https:\/\/digital58.com.ve\/site\/wp-content\/uploads\/2025\/11\/encendido-bella-vista-25-12.webp\" alt=\"\" width=\"900\" height=\"600\" srcset=\"https:\/\/digital58.com.ve\/site\/wp-content\/uploads\/2025\/11\/encendido-bella-vista-25-12.webp 900w, https:\/\/digital58.com.ve\/site\/wp-content\/uploads\/2025\/11\/encendido-bella-vista-25-12-300x200.webp 300w, https:\/\/digital58.com.ve\/site\/wp-content\/uploads\/2025\/11\/encendido-bella-vista-25-12-768x512.webp 768w\" sizes=\"auto, (max-width: 900px) 100vw, 900px\" \/><\/a><\/p>\n<p><a class=\"keychainify-checked\" href=\"https:\/\/digital58.com.ve\/site\/wp-content\/uploads\/2025\/11\/encendido-bella-vista-25-14.webp\"><img loading=\"lazy\" decoding=\"async\" class=\"aligncenter size-full wp-image-192021\" src=\"https:\/\/digital58.com.ve\/site\/wp-content\/uploads\/2025\/11\/encendido-bella-vista-25-14.webp\" alt=\"\" width=\"900\" height=\"600\" srcset=\"https:\/\/digital58.com.ve\/site\/wp-content\/uploads\/2025\/11\/encendido-bella-vista-25-14.webp 900w, https:\/\/digital58.com.ve\/site\/wp-content\/uploads\/2025\/11\/encendido-bella-vista-25-14-300x200.webp 300w, https:\/\/digital58.com.ve\/site\/wp-content\/uploads\/2025\/11\/encendido-bella-vista-25-14-768x512.webp 768w\" sizes=\"auto, (max-width: 900px) 100vw, 900px\" \/><\/a><\/p>\n<p><a class=\"keychainify-checked\" href=\"https:\/\/digital58.com.ve\/site\/wp-content\/uploads\/2025\/11\/encendido-bella-vista-25-19.webp\"><img loading=\"lazy\" decoding=\"async\" class=\"aligncenter size-full wp-image-192016\" src=\"https:\/\/digital58.com.ve\/site\/wp-content\/uploads\/2025\/11\/encendido-bella-vista-25-19.webp\" alt=\"\" width=\"900\" height=\"600\" srcset=\"https:\/\/digital58.com.ve\/site\/wp-content\/uploads\/2025\/11\/encendido-bella-vista-25-19.webp 900w, https:\/\/digital58.com.ve\/site\/wp-content\/uploads\/2025\/11\/encendido-bella-vista-25-19-300x200.webp 300w, https:\/\/digital58.com.ve\/site\/wp-content\/uploads\/2025\/11\/encendido-bella-vista-25-19-768x512.webp 768w\" sizes=\"auto, (max-width: 900px) 100vw, 900px\" \/><\/a><\/p>\n<p><a class=\"keychainify-checked\" href=\"https:\/\/digital58.com.ve\/site\/wp-content\/uploads\/2025\/11\/encendido-bella-vista-25-20.webp\"><img loading=\"lazy\" decoding=\"async\" class=\"aligncenter size-full wp-image-192015\" src=\"https:\/\/digital58.com.ve\/site\/wp-content\/uploads\/2025\/11\/encendido-bella-vista-25-20.webp\" alt=\"\" width=\"900\" height=\"600\" srcset=\"https:\/\/digital58.com.ve\/site\/wp-content\/uploads\/2025\/11\/encendido-bella-vista-25-20.webp 900w, https:\/\/digital58.com.ve\/site\/wp-content\/uploads\/2025\/11\/encendido-bella-vista-25-20-300x200.webp 300w, https:\/\/digital58.com.ve\/site\/wp-content\/uploads\/2025\/11\/encendido-bella-vista-25-20-768x512.webp 768w\" sizes=\"auto, (max-width: 900px) 100vw, 900px\" \/><\/a><\/p>\n<p><a class=\"keychainify-checked\" href=\"https:\/\/digital58.com.ve\/site\/wp-content\/uploads\/2025\/11\/encendido-bella-vista-25-25.webp\"><img loading=\"lazy\" decoding=\"async\" class=\"aligncenter size-full wp-image-192010\" src=\"https:\/\/digital58.com.ve\/site\/wp-content\/uploads\/2025\/11\/encendido-bella-vista-25-25.webp\" alt=\"\" width=\"900\" height=\"600\" srcset=\"https:\/\/digital58.com.ve\/site\/wp-content\/uploads\/2025\/11\/encendido-bella-vista-25-25.webp 900w, https:\/\/digital58.com.ve\/site\/wp-content\/uploads\/2025\/11\/encendido-bella-vista-25-25-300x200.webp 300w, https:\/\/digital58.com.ve\/site\/wp-content\/uploads\/2025\/11\/encendido-bella-vista-25-25-768x512.webp 768w\" sizes=\"auto, (max-width: 900px) 100vw, 900px\" \/><\/a><\/p>\n<p><a class=\"keychainify-checked\" href=\"https:\/\/digital58.com.ve\/site\/wp-content\/uploads\/2025\/11\/encendido-bella-vista-25-29.webp\"><img loading=\"lazy\" decoding=\"async\" class=\"aligncenter size-full wp-image-192006\" src=\"https:\/\/digital58.com.ve\/site\/wp-content\/uploads\/2025\/11\/encendido-bella-vista-25-29.webp\" alt=\"\" width=\"900\" height=\"600\" srcset=\"https:\/\/digital58.com.ve\/site\/wp-content\/uploads\/2025\/11\/encendido-bella-vista-25-29.webp 900w, https:\/\/digital58.com.ve\/site\/wp-content\/uploads\/2025\/11\/encendido-bella-vista-25-29-300x200.webp 300w, https:\/\/digital58.com.ve\/site\/wp-content\/uploads\/2025\/11\/encendido-bella-vista-25-29-768x512.webp 768w\" sizes=\"auto, (max-width: 900px) 100vw, 900px\" \/><\/a><\/p>\n<p><a class=\"keychainify-checked\" href=\"https:\/\/digital58.com.ve\/site\/wp-content\/uploads\/2025\/11\/encendido-bella-vista-25-30.webp\"><img loading=\"lazy\" decoding=\"async\" class=\"aligncenter size-full wp-image-192005\" src=\"https:\/\/digital58.com.ve\/site\/wp-content\/uploads\/2025\/11\/encendido-bella-vista-25-30.webp\" alt=\"\" width=\"900\" height=\"600\" srcset=\"https:\/\/digital58.com.ve\/site\/wp-content\/uploads\/2025\/11\/encendido-bella-vista-25-30.webp 900w, https:\/\/digital58.com.ve\/site\/wp-content\/uploads\/2025\/11\/encendido-bella-vista-25-30-300x200.webp 300w, https:\/\/digital58.com.ve\/site\/wp-content\/uploads\/2025\/11\/encendido-bella-vista-25-30-768x512.webp 768w\" sizes=\"auto, (max-width: 900px) 100vw, 900px\" \/><\/a><\/p>\n<p><a class=\"keychainify-checked\" href=\"https:\/\/digital58.com.ve\/site\/wp-content\/uploads\/2025\/11\/encendido-bella-vista-25-31.webp\"><img loading=\"lazy\" decoding=\"async\" class=\"aligncenter size-full wp-image-192004\" src=\"https:\/\/digital58.com.ve\/site\/wp-content\/uploads\/2025\/11\/encendido-bella-vista-25-31.webp\" alt=\"\" width=\"900\" height=\"600\" srcset=\"https:\/\/digital58.com.ve\/site\/wp-content\/uploads\/2025\/11\/encendido-bella-vista-25-31.webp 900w, https:\/\/digital58.com.ve\/site\/wp-content\/uploads\/2025\/11\/encendido-bella-vista-25-31-300x200.webp 300w, https:\/\/digital58.com.ve\/site\/wp-content\/uploads\/2025\/11\/encendido-bella-vista-25-31-768x512.webp 768w\" sizes=\"auto, (max-width: 900px) 100vw, 900px\" \/><\/a><\/p>\n<p><a class=\"keychainify-checked\" href=\"https:\/\/digital58.com.ve\/site\/wp-content\/uploads\/2025\/11\/encendido-bella-vista-25-33.webp\"><img loading=\"lazy\" decoding=\"async\" class=\"aligncenter size-full wp-image-192002\" src=\"https:\/\/digital58.com.ve\/site\/wp-content\/uploads\/2025\/11\/encendido-bella-vista-25-33.webp\" alt=\"\" width=\"900\" height=\"600\" srcset=\"https:\/\/digital58.com.ve\/site\/wp-content\/uploads\/2025\/11\/encendido-bella-vista-25-33.webp 900w, https:\/\/digital58.com.ve\/site\/wp-content\/uploads\/2025\/11\/encendido-bella-vista-25-33-300x200.webp 300w, https:\/\/digital58.com.ve\/site\/wp-content\/uploads\/2025\/11\/encendido-bella-vista-25-33-768x512.webp 768w\" sizes=\"auto, (max-width: 900px) 100vw, 900px\" \/><\/a><\/p>\n<p><a class=\"keychainify-checked\" href=\"https:\/\/digital58.com.ve\/site\/wp-content\/uploads\/2025\/11\/encendido-bella-vista-25-32.webp\"><img loading=\"lazy\" decoding=\"async\" class=\"aligncenter size-full wp-image-192003\" src=\"https:\/\/digital58.com.ve\/site\/wp-content\/uploads\/2025\/11\/encendido-bella-vista-25-32.webp\" alt=\"\" width=\"900\" height=\"600\" srcset=\"https:\/\/digital58.com.ve\/site\/wp-content\/uploads\/2025\/11\/encendido-bella-vista-25-32.webp 900w, https:\/\/digital58.com.ve\/site\/wp-content\/uploads\/2025\/11\/encendido-bella-vista-25-32-300x200.webp 300w, https:\/\/digital58.com.ve\/site\/wp-content\/uploads\/2025\/11\/encendido-bella-vista-25-32-768x512.webp 768w\" sizes=\"auto, (max-width: 900px) 100vw, 900px\" \/><\/a><\/p>\n<p><strong>Sala de redacci\u00f3n ND58<\/strong><br \/>\n<strong>Edici\u00f3n: Villasmil, Henry<\/strong><br \/>\n<strong>Gr\u00e1ficas: @villasmilhfoto \/ prensa Alcald\u00eda de Maracaibo<\/strong><\/p>\n<p>&nbsp;<\/p>\n<p>&nbsp;<\/p><div class=\"wkbdr69f0c767ce915\" ><p style=\"text-align: center;\"><a href=\"https:\/\/t.me\/noticiasdigital58\" target=\"_blank\" rel=\"noopener\"><img class=\"aligncenter size-full wp-image-125363\" src=\"https:\/\/digital58.com.ve\/site\/wp-content\/uploads\/2021\/04\/banner-telegram-web-2021.png\" alt=\"\" width=\"600\" height=\"90\" \/><\/a><\/p><\/div><style type=\"text\/css\">\r\n@media screen and (min-width: 1201px) {\r\n.wkbdr69f0c767ce915 {\r\ndisplay: block;\r\n}\r\n}\r\n@media screen and (min-width: 993px) and (max-width: 1200px) {\r\n.wkbdr69f0c767ce915 {\r\ndisplay: block;\r\n}\r\n}\r\n@media screen and (min-width: 769px) and (max-width: 992px) {\r\n.wkbdr69f0c767ce915 {\r\ndisplay: block;\r\n}\r\n}\r\n@media screen and (min-width: 768px) and (max-width: 768px) {\r\n.wkbdr69f0c767ce915 {\r\ndisplay: block;\r\n}\r\n}\r\n@media screen and (max-width: 767px) {\r\n.wkbdr69f0c767ce915 {\r\ndisplay: block;\r\n}\r\n}\r\n<\/style>\r\n\n<p>&nbsp;<\/p>\n<div style=\"margin-top: 0px; margin-bottom: 0px;\" class=\"sharethis-inline-share-buttons\" ><\/div>","protected":false},"excerpt":{"rendered":"<p>El tradicional encendido de luces en la avenida Bella Vista congreg\u00f3 a una gran multitud para el inicio de la<\/p>\n","protected":false},"author":1,"featured_media":192033,"comment_status":"open","ping_status":"closed","sticky":false,"template":"","format":"standard","meta":{"colormag_page_container_layout":"default_layout","colormag_page_sidebar_layout":"default_layout","_uag_custom_page_level_css":"","footnotes":""},"categories":[14504],"tags":[290,3007,35287,13579,1818,73,233,35429,2354,32],"class_list":["post-192001","post","type-post","status-publish","format-standard","has-post-thumbnail","hentry","category-zulia","tag-alcaldia-de-maracaibo","tag-encendido-de-bella-vista","tag-feria-de-la-chinita-2025","tag-gobierno-del-zulia","tag-gobierno-nacional","tag-maracaibo","tag-nacionales","tag-navidad-2025","tag-regionales","tag-venezuela"],"yoast_head":"<!-- This site is optimized with the Yoast SEO plugin v27.5 - https:\/\/yoast.com\/product\/yoast-seo-wordpress\/ -->\n<title>Multitud maracaibera celebra con luces y gaitas el inicio de la Navidad zuliana<\/title>\n<meta name=\"description\" content=\"M\u00e1s de 50 mil personas en el encendido de Bella Vista que inicia la Feria de La Chinita y la Navidad en Maracaibo con espect\u00e1culo de luces.\" \/>\n<meta name=\"robots\" content=\"index, follow, max-snippet:-1, max-image-preview:large, max-video-preview:-1\" \/>\n<link rel=\"canonical\" href=\"https:\/\/digital58.com.ve\/site\/2025\/11\/09\/multitud-maracaibera-celebra-con-luces-y-gaitas-el-inicio-de-la-navidad-zuliana\/\" \/>\n<meta property=\"og:locale\" content=\"es_ES\" \/>\n<meta property=\"og:type\" content=\"article\" \/>\n<meta property=\"og:title\" content=\"Multitud maracaibera celebra con luces y gaitas el inicio de la Navidad zuliana\" \/>\n<meta property=\"og:description\" content=\"M\u00e1s de 50 mil personas en el encendido de Bella Vista que inicia la Feria de La Chinita y la Navidad en Maracaibo con espect\u00e1culo de luces.\" \/>\n<meta property=\"og:url\" content=\"https:\/\/digital58.com.ve\/site\/2025\/11\/09\/multitud-maracaibera-celebra-con-luces-y-gaitas-el-inicio-de-la-navidad-zuliana\/\" \/>\n<meta property=\"og:site_name\" content=\"Noticias Digital58\" \/>\n<meta property=\"article:published_time\" content=\"2025-11-09T20:52:19+00:00\" \/>\n<meta property=\"article:modified_time\" content=\"2025-11-10T20:53:14+00:00\" \/>\n<meta property=\"og:image\" content=\"https:\/\/digital58.com.ve\/site\/wp-content\/uploads\/2025\/11\/encendido-bella-vista-25-2.webp\" \/>\n\t<meta property=\"og:image:width\" content=\"900\" \/>\n\t<meta property=\"og:image:height\" content=\"600\" \/>\n\t<meta property=\"og:image:type\" content=\"image\/webp\" \/>\n<meta name=\"author\" content=\"Villasmil Henry\" \/>\n<meta name=\"twitter:card\" content=\"summary_large_image\" \/>\n<meta name=\"twitter:creator\" content=\"@https:\/\/twitter.com\/villasmilhfoto\" \/>\n<meta name=\"twitter:site\" content=\"@villasmilhfoto\" \/>\n<meta name=\"twitter:label1\" content=\"Escrito por\" \/>\n\t<meta name=\"twitter:data1\" content=\"Villasmil Henry\" \/>\n\t<meta name=\"twitter:label2\" content=\"Tiempo estimado de lectura\" \/>\n\t<meta name=\"twitter:data2\" content=\"9 minutos\" \/>\n<script type=\"application\/ld+json\" class=\"yoast-schema-graph\">{\"@context\":\"https:\\\/\\\/schema.org\",\"@graph\":[{\"@type\":\"Article\",\"@id\":\"https:\\\/\\\/digital58.com.ve\\\/site\\\/2025\\\/11\\\/09\\\/multitud-maracaibera-celebra-con-luces-y-gaitas-el-inicio-de-la-navidad-zuliana\\\/#article\",\"isPartOf\":{\"@id\":\"https:\\\/\\\/digital58.com.ve\\\/site\\\/2025\\\/11\\\/09\\\/multitud-maracaibera-celebra-con-luces-y-gaitas-el-inicio-de-la-navidad-zuliana\\\/\"},\"author\":{\"name\":\"Villasmil Henry\",\"@id\":\"https:\\\/\\\/digital58.com.ve\\\/site\\\/#\\\/schema\\\/person\\\/64d1c2e4d0d4fd1b849980c4331c2951\"},\"headline\":\"Multitud maracaibera celebra con luces y gaitas el inicio de la Navidad zuliana\",\"datePublished\":\"2025-11-09T20:52:19+00:00\",\"dateModified\":\"2025-11-10T20:53:14+00:00\",\"mainEntityOfPage\":{\"@id\":\"https:\\\/\\\/digital58.com.ve\\\/site\\\/2025\\\/11\\\/09\\\/multitud-maracaibera-celebra-con-luces-y-gaitas-el-inicio-de-la-navidad-zuliana\\\/\"},\"wordCount\":495,\"commentCount\":0,\"publisher\":{\"@id\":\"https:\\\/\\\/digital58.com.ve\\\/site\\\/#\\\/schema\\\/person\\\/64d1c2e4d0d4fd1b849980c4331c2951\"},\"image\":{\"@id\":\"https:\\\/\\\/digital58.com.ve\\\/site\\\/2025\\\/11\\\/09\\\/multitud-maracaibera-celebra-con-luces-y-gaitas-el-inicio-de-la-navidad-zuliana\\\/#primaryimage\"},\"thumbnailUrl\":\"https:\\\/\\\/digital58.com.ve\\\/site\\\/wp-content\\\/uploads\\\/2025\\\/11\\\/encendido-bella-vista-25-2.webp\",\"keywords\":[\"Alcald\u00eda de Maracaibo\",\"Encendido de Bella Vista\",\"Feria de la Chinita 2025\",\"Gobierno del Zulia\",\"Gobierno Nacional\",\"Maracaibo\",\"Nacionales\",\"Navidad 2025\",\"Regionales\",\"Venezuela\"],\"articleSection\":[\"Zulia\"],\"inLanguage\":\"es\",\"potentialAction\":[{\"@type\":\"CommentAction\",\"name\":\"Comment\",\"target\":[\"https:\\\/\\\/digital58.com.ve\\\/site\\\/2025\\\/11\\\/09\\\/multitud-maracaibera-celebra-con-luces-y-gaitas-el-inicio-de-la-navidad-zuliana\\\/#respond\"]}]},{\"@type\":\"WebPage\",\"@id\":\"https:\\\/\\\/digital58.com.ve\\\/site\\\/2025\\\/11\\\/09\\\/multitud-maracaibera-celebra-con-luces-y-gaitas-el-inicio-de-la-navidad-zuliana\\\/\",\"url\":\"https:\\\/\\\/digital58.com.ve\\\/site\\\/2025\\\/11\\\/09\\\/multitud-maracaibera-celebra-con-luces-y-gaitas-el-inicio-de-la-navidad-zuliana\\\/\",\"name\":\"Multitud maracaibera celebra con luces y gaitas el inicio de la Navidad zuliana\",\"isPartOf\":{\"@id\":\"https:\\\/\\\/digital58.com.ve\\\/site\\\/#website\"},\"primaryImageOfPage\":{\"@id\":\"https:\\\/\\\/digital58.com.ve\\\/site\\\/2025\\\/11\\\/09\\\/multitud-maracaibera-celebra-con-luces-y-gaitas-el-inicio-de-la-navidad-zuliana\\\/#primaryimage\"},\"image\":{\"@id\":\"https:\\\/\\\/digital58.com.ve\\\/site\\\/2025\\\/11\\\/09\\\/multitud-maracaibera-celebra-con-luces-y-gaitas-el-inicio-de-la-navidad-zuliana\\\/#primaryimage\"},\"thumbnailUrl\":\"https:\\\/\\\/digital58.com.ve\\\/site\\\/wp-content\\\/uploads\\\/2025\\\/11\\\/encendido-bella-vista-25-2.webp\",\"datePublished\":\"2025-11-09T20:52:19+00:00\",\"dateModified\":\"2025-11-10T20:53:14+00:00\",\"description\":\"M\u00e1s de 50 mil personas en el encendido de Bella Vista que inicia la Feria de La Chinita y la Navidad en Maracaibo con espect\u00e1culo de luces.\",\"breadcrumb\":{\"@id\":\"https:\\\/\\\/digital58.com.ve\\\/site\\\/2025\\\/11\\\/09\\\/multitud-maracaibera-celebra-con-luces-y-gaitas-el-inicio-de-la-navidad-zuliana\\\/#breadcrumb\"},\"inLanguage\":\"es\",\"potentialAction\":[{\"@type\":\"ReadAction\",\"target\":[\"https:\\\/\\\/digital58.com.ve\\\/site\\\/2025\\\/11\\\/09\\\/multitud-maracaibera-celebra-con-luces-y-gaitas-el-inicio-de-la-navidad-zuliana\\\/\"]}]},{\"@type\":\"ImageObject\",\"inLanguage\":\"es\",\"@id\":\"https:\\\/\\\/digital58.com.ve\\\/site\\\/2025\\\/11\\\/09\\\/multitud-maracaibera-celebra-con-luces-y-gaitas-el-inicio-de-la-navidad-zuliana\\\/#primaryimage\",\"url\":\"https:\\\/\\\/digital58.com.ve\\\/site\\\/wp-content\\\/uploads\\\/2025\\\/11\\\/encendido-bella-vista-25-2.webp\",\"contentUrl\":\"https:\\\/\\\/digital58.com.ve\\\/site\\\/wp-content\\\/uploads\\\/2025\\\/11\\\/encendido-bella-vista-25-2.webp\",\"width\":900,\"height\":600},{\"@type\":\"BreadcrumbList\",\"@id\":\"https:\\\/\\\/digital58.com.ve\\\/site\\\/2025\\\/11\\\/09\\\/multitud-maracaibera-celebra-con-luces-y-gaitas-el-inicio-de-la-navidad-zuliana\\\/#breadcrumb\",\"itemListElement\":[{\"@type\":\"ListItem\",\"position\":1,\"name\":\"Home\",\"item\":\"https:\\\/\\\/digital58.com.ve\\\/site\\\/\"},{\"@type\":\"ListItem\",\"position\":2,\"name\":\"Multitud maracaibera celebra con luces y gaitas el inicio de la Navidad zuliana\"}]},{\"@type\":\"WebSite\",\"@id\":\"https:\\\/\\\/digital58.com.ve\\\/site\\\/#website\",\"url\":\"https:\\\/\\\/digital58.com.ve\\\/site\\\/\",\"name\":\"Noticias Digital58\",\"description\":\"Portal de Noticias \u00a1Periodismo web de verdad! Lanzamiento web 22.11.2005 \\\/ Maracaibo, Venezuela\",\"publisher\":{\"@id\":\"https:\\\/\\\/digital58.com.ve\\\/site\\\/#\\\/schema\\\/person\\\/64d1c2e4d0d4fd1b849980c4331c2951\"},\"alternateName\":\"ND58\",\"potentialAction\":[{\"@type\":\"SearchAction\",\"target\":{\"@type\":\"EntryPoint\",\"urlTemplate\":\"https:\\\/\\\/digital58.com.ve\\\/site\\\/?s={search_term_string}\"},\"query-input\":{\"@type\":\"PropertyValueSpecification\",\"valueRequired\":true,\"valueName\":\"search_term_string\"}}],\"inLanguage\":\"es\"},{\"@type\":[\"Person\",\"Organization\"],\"@id\":\"https:\\\/\\\/digital58.com.ve\\\/site\\\/#\\\/schema\\\/person\\\/64d1c2e4d0d4fd1b849980c4331c2951\",\"name\":\"Villasmil Henry\",\"image\":{\"@type\":\"ImageObject\",\"inLanguage\":\"es\",\"@id\":\"https:\\\/\\\/secure.gravatar.com\\\/avatar\\\/bb0c4a2fcb7970138239f7e404ea75757b1b507b28b5ce4c53fbd62d797c5a7c?s=96&d=mm&r=g\",\"url\":\"https:\\\/\\\/secure.gravatar.com\\\/avatar\\\/bb0c4a2fcb7970138239f7e404ea75757b1b507b28b5ce4c53fbd62d797c5a7c?s=96&d=mm&r=g\",\"contentUrl\":\"https:\\\/\\\/secure.gravatar.com\\\/avatar\\\/bb0c4a2fcb7970138239f7e404ea75757b1b507b28b5ce4c53fbd62d797c5a7c?s=96&d=mm&r=g\",\"caption\":\"Villasmil Henry\"},\"logo\":{\"@id\":\"https:\\\/\\\/secure.gravatar.com\\\/avatar\\\/bb0c4a2fcb7970138239f7e404ea75757b1b507b28b5ce4c53fbd62d797c5a7c?s=96&d=mm&r=g\"},\"sameAs\":[\"http:\\\/\\\/www.henryvillasmil.com.ve\",\"https:\\\/\\\/www.instagram.com\\\/villasmilhfoto\\\/\",\"https:\\\/\\\/x.com\\\/https:\\\/\\\/twitter.com\\\/villasmilhfoto\"],\"url\":\"https:\\\/\\\/digital58.com.ve\\\/site\\\/author\\\/droopy_68\\\/\"}]}<\/script>\n<!-- \/ Yoast SEO plugin. -->","yoast_head_json":{"title":"Multitud maracaibera celebra con luces y gaitas el inicio de la Navidad zuliana","description":"M\u00e1s de 50 mil personas en el encendido de Bella Vista que inicia la Feria de La Chinita y la Navidad en Maracaibo con espect\u00e1culo de luces.","robots":{"index":"index","follow":"follow","max-snippet":"max-snippet:-1","max-image-preview":"max-image-preview:large","max-video-preview":"max-video-preview:-1"},"canonical":"https:\/\/digital58.com.ve\/site\/2025\/11\/09\/multitud-maracaibera-celebra-con-luces-y-gaitas-el-inicio-de-la-navidad-zuliana\/","og_locale":"es_ES","og_type":"article","og_title":"Multitud maracaibera celebra con luces y gaitas el inicio de la Navidad zuliana","og_description":"M\u00e1s de 50 mil personas en el encendido de Bella Vista que inicia la Feria de La Chinita y la Navidad en Maracaibo con espect\u00e1culo de luces.","og_url":"https:\/\/digital58.com.ve\/site\/2025\/11\/09\/multitud-maracaibera-celebra-con-luces-y-gaitas-el-inicio-de-la-navidad-zuliana\/","og_site_name":"Noticias Digital58","article_published_time":"2025-11-09T20:52:19+00:00","article_modified_time":"2025-11-10T20:53:14+00:00","og_image":[{"width":900,"height":600,"url":"https:\/\/digital58.com.ve\/site\/wp-content\/uploads\/2025\/11\/encendido-bella-vista-25-2.webp","type":"image\/webp"}],"author":"Villasmil Henry","twitter_card":"summary_large_image","twitter_creator":"@https:\/\/twitter.com\/villasmilhfoto","twitter_site":"@villasmilhfoto","twitter_misc":{"Escrito por":"Villasmil Henry","Tiempo estimado de lectura":"9 minutos"},"schema":{"@context":"https:\/\/schema.org","@graph":[{"@type":"Article","@id":"https:\/\/digital58.com.ve\/site\/2025\/11\/09\/multitud-maracaibera-celebra-con-luces-y-gaitas-el-inicio-de-la-navidad-zuliana\/#article","isPartOf":{"@id":"https:\/\/digital58.com.ve\/site\/2025\/11\/09\/multitud-maracaibera-celebra-con-luces-y-gaitas-el-inicio-de-la-navidad-zuliana\/"},"author":{"name":"Villasmil Henry","@id":"https:\/\/digital58.com.ve\/site\/#\/schema\/person\/64d1c2e4d0d4fd1b849980c4331c2951"},"headline":"Multitud maracaibera celebra con luces y gaitas el inicio de la Navidad zuliana","datePublished":"2025-11-09T20:52:19+00:00","dateModified":"2025-11-10T20:53:14+00:00","mainEntityOfPage":{"@id":"https:\/\/digital58.com.ve\/site\/2025\/11\/09\/multitud-maracaibera-celebra-con-luces-y-gaitas-el-inicio-de-la-navidad-zuliana\/"},"wordCount":495,"commentCount":0,"publisher":{"@id":"https:\/\/digital58.com.ve\/site\/#\/schema\/person\/64d1c2e4d0d4fd1b849980c4331c2951"},"image":{"@id":"https:\/\/digital58.com.ve\/site\/2025\/11\/09\/multitud-maracaibera-celebra-con-luces-y-gaitas-el-inicio-de-la-navidad-zuliana\/#primaryimage"},"thumbnailUrl":"https:\/\/digital58.com.ve\/site\/wp-content\/uploads\/2025\/11\/encendido-bella-vista-25-2.webp","keywords":["Alcald\u00eda de Maracaibo","Encendido de Bella Vista","Feria de la Chinita 2025","Gobierno del Zulia","Gobierno Nacional","Maracaibo","Nacionales","Navidad 2025","Regionales","Venezuela"],"articleSection":["Zulia"],"inLanguage":"es","potentialAction":[{"@type":"CommentAction","name":"Comment","target":["https:\/\/digital58.com.ve\/site\/2025\/11\/09\/multitud-maracaibera-celebra-con-luces-y-gaitas-el-inicio-de-la-navidad-zuliana\/#respond"]}]},{"@type":"WebPage","@id":"https:\/\/digital58.com.ve\/site\/2025\/11\/09\/multitud-maracaibera-celebra-con-luces-y-gaitas-el-inicio-de-la-navidad-zuliana\/","url":"https:\/\/digital58.com.ve\/site\/2025\/11\/09\/multitud-maracaibera-celebra-con-luces-y-gaitas-el-inicio-de-la-navidad-zuliana\/","name":"Multitud maracaibera celebra con luces y gaitas el inicio de la Navidad zuliana","isPartOf":{"@id":"https:\/\/digital58.com.ve\/site\/#website"},"primaryImageOfPage":{"@id":"https:\/\/digital58.com.ve\/site\/2025\/11\/09\/multitud-maracaibera-celebra-con-luces-y-gaitas-el-inicio-de-la-navidad-zuliana\/#primaryimage"},"image":{"@id":"https:\/\/digital58.com.ve\/site\/2025\/11\/09\/multitud-maracaibera-celebra-con-luces-y-gaitas-el-inicio-de-la-navidad-zuliana\/#primaryimage"},"thumbnailUrl":"https:\/\/digital58.com.ve\/site\/wp-content\/uploads\/2025\/11\/encendido-bella-vista-25-2.webp","datePublished":"2025-11-09T20:52:19+00:00","dateModified":"2025-11-10T20:53:14+00:00","description":"M\u00e1s de 50 mil personas en el encendido de Bella Vista que inicia la Feria de La Chinita y la Navidad en Maracaibo con espect\u00e1culo de luces.","breadcrumb":{"@id":"https:\/\/digital58.com.ve\/site\/2025\/11\/09\/multitud-maracaibera-celebra-con-luces-y-gaitas-el-inicio-de-la-navidad-zuliana\/#breadcrumb"},"inLanguage":"es","potentialAction":[{"@type":"ReadAction","target":["https:\/\/digital58.com.ve\/site\/2025\/11\/09\/multitud-maracaibera-celebra-con-luces-y-gaitas-el-inicio-de-la-navidad-zuliana\/"]}]},{"@type":"ImageObject","inLanguage":"es","@id":"https:\/\/digital58.com.ve\/site\/2025\/11\/09\/multitud-maracaibera-celebra-con-luces-y-gaitas-el-inicio-de-la-navidad-zuliana\/#primaryimage","url":"https:\/\/digital58.com.ve\/site\/wp-content\/uploads\/2025\/11\/encendido-bella-vista-25-2.webp","contentUrl":"https:\/\/digital58.com.ve\/site\/wp-content\/uploads\/2025\/11\/encendido-bella-vista-25-2.webp","width":900,"height":600},{"@type":"BreadcrumbList","@id":"https:\/\/digital58.com.ve\/site\/2025\/11\/09\/multitud-maracaibera-celebra-con-luces-y-gaitas-el-inicio-de-la-navidad-zuliana\/#breadcrumb","itemListElement":[{"@type":"ListItem","position":1,"name":"Home","item":"https:\/\/digital58.com.ve\/site\/"},{"@type":"ListItem","position":2,"name":"Multitud maracaibera celebra con luces y gaitas el inicio de la Navidad zuliana"}]},{"@type":"WebSite","@id":"https:\/\/digital58.com.ve\/site\/#website","url":"https:\/\/digital58.com.ve\/site\/","name":"Noticias Digital58","description":"Portal de Noticias \u00a1Periodismo web de verdad! Lanzamiento web 22.11.2005 \/ Maracaibo, Venezuela","publisher":{"@id":"https:\/\/digital58.com.ve\/site\/#\/schema\/person\/64d1c2e4d0d4fd1b849980c4331c2951"},"alternateName":"ND58","potentialAction":[{"@type":"SearchAction","target":{"@type":"EntryPoint","urlTemplate":"https:\/\/digital58.com.ve\/site\/?s={search_term_string}"},"query-input":{"@type":"PropertyValueSpecification","valueRequired":true,"valueName":"search_term_string"}}],"inLanguage":"es"},{"@type":["Person","Organization"],"@id":"https:\/\/digital58.com.ve\/site\/#\/schema\/person\/64d1c2e4d0d4fd1b849980c4331c2951","name":"Villasmil Henry","image":{"@type":"ImageObject","inLanguage":"es","@id":"https:\/\/secure.gravatar.com\/avatar\/bb0c4a2fcb7970138239f7e404ea75757b1b507b28b5ce4c53fbd62d797c5a7c?s=96&d=mm&r=g","url":"https:\/\/secure.gravatar.com\/avatar\/bb0c4a2fcb7970138239f7e404ea75757b1b507b28b5ce4c53fbd62d797c5a7c?s=96&d=mm&r=g","contentUrl":"https:\/\/secure.gravatar.com\/avatar\/bb0c4a2fcb7970138239f7e404ea75757b1b507b28b5ce4c53fbd62d797c5a7c?s=96&d=mm&r=g","caption":"Villasmil Henry"},"logo":{"@id":"https:\/\/secure.gravatar.com\/avatar\/bb0c4a2fcb7970138239f7e404ea75757b1b507b28b5ce4c53fbd62d797c5a7c?s=96&d=mm&r=g"},"sameAs":["http:\/\/www.henryvillasmil.com.ve","https:\/\/www.instagram.com\/villasmilhfoto\/","https:\/\/x.com\/https:\/\/twitter.com\/villasmilhfoto"],"url":"https:\/\/digital58.com.ve\/site\/author\/droopy_68\/"}]}},"uagb_featured_image_src":{"full":["https:\/\/digital58.com.ve\/site\/wp-content\/uploads\/2025\/11\/encendido-bella-vista-25-2.webp",900,600,false],"thumbnail":["https:\/\/digital58.com.ve\/site\/wp-content\/uploads\/2025\/11\/encendido-bella-vista-25-2-150x150.webp",150,150,true],"medium":["https:\/\/digital58.com.ve\/site\/wp-content\/uploads\/2025\/11\/encendido-bella-vista-25-2-300x200.webp",300,200,true],"medium_large":["https:\/\/digital58.com.ve\/site\/wp-content\/uploads\/2025\/11\/encendido-bella-vista-25-2-768x512.webp",768,512,true],"large":["https:\/\/digital58.com.ve\/site\/wp-content\/uploads\/2025\/11\/encendido-bella-vista-25-2.webp",800,533,false],"1536x1536":["https:\/\/digital58.com.ve\/site\/wp-content\/uploads\/2025\/11\/encendido-bella-vista-25-2.webp",900,600,false],"2048x2048":["https:\/\/digital58.com.ve\/site\/wp-content\/uploads\/2025\/11\/encendido-bella-vista-25-2.webp",900,600,false],"colormag-highlighted-post":["https:\/\/digital58.com.ve\/site\/wp-content\/uploads\/2025\/11\/encendido-bella-vista-25-2-392x272.webp",392,272,true],"colormag-featured-post-medium":["https:\/\/digital58.com.ve\/site\/wp-content\/uploads\/2025\/11\/encendido-bella-vista-25-2-390x205.webp",390,205,true],"colormag-featured-post-small":["https:\/\/digital58.com.ve\/site\/wp-content\/uploads\/2025\/11\/encendido-bella-vista-25-2-130x90.webp",130,90,true],"colormag-featured-image":["https:\/\/digital58.com.ve\/site\/wp-content\/uploads\/2025\/11\/encendido-bella-vista-25-2-800x445.webp",800,445,true],"colormag-default-news":["https:\/\/digital58.com.ve\/site\/wp-content\/uploads\/2025\/11\/encendido-bella-vista-25-2-150x150.webp",150,150,true],"colormag-featured-image-large":["https:\/\/digital58.com.ve\/site\/wp-content\/uploads\/2025\/11\/encendido-bella-vista-25-2.webp",900,600,false]},"uagb_author_info":{"display_name":"Villasmil Henry","author_link":"https:\/\/digital58.com.ve\/site\/author\/droopy_68\/"},"uagb_comment_info":0,"uagb_excerpt":"El tradicional encendido de luces en la avenida Bella Vista congreg\u00f3 a una gran multitud para el inicio de la","_links":{"self":[{"href":"https:\/\/digital58.com.ve\/site\/wp-json\/wp\/v2\/posts\/192001","targetHints":{"allow":["GET"]}}],"collection":[{"href":"https:\/\/digital58.com.ve\/site\/wp-json\/wp\/v2\/posts"}],"about":[{"href":"https:\/\/digital58.com.ve\/site\/wp-json\/wp\/v2\/types\/post"}],"author":[{"embeddable":true,"href":"https:\/\/digital58.com.ve\/site\/wp-json\/wp\/v2\/users\/1"}],"replies":[{"embeddable":true,"href":"https:\/\/digital58.com.ve\/site\/wp-json\/wp\/v2\/comments?post=192001"}],"version-history":[{"count":3,"href":"https:\/\/digital58.com.ve\/site\/wp-json\/wp\/v2\/posts\/192001\/revisions"}],"predecessor-version":[{"id":192077,"href":"https:\/\/digital58.com.ve\/site\/wp-json\/wp\/v2\/posts\/192001\/revisions\/192077"}],"wp:featuredmedia":[{"embeddable":true,"href":"https:\/\/digital58.com.ve\/site\/wp-json\/wp\/v2\/media\/192033"}],"wp:attachment":[{"href":"https:\/\/digital58.com.ve\/site\/wp-json\/wp\/v2\/media?parent=192001"}],"wp:term":[{"taxonomy":"category","embeddable":true,"href":"https:\/\/digital58.com.ve\/site\/wp-json\/wp\/v2\/categories?post=192001"},{"taxonomy":"post_tag","embeddable":true,"href":"https:\/\/digital58.com.ve\/site\/wp-json\/wp\/v2\/tags?post=192001"}],"curies":[{"name":"wp","href":"https:\/\/api.w.org\/{rel}","templated":true}]}}