{"id":192231,"date":"2025-11-14T17:03:08","date_gmt":"2025-11-14T21:03:08","guid":{"rendered":"https:\/\/digital58.com.ve\/site\/?p=192231"},"modified":"2025-11-14T17:04:32","modified_gmt":"2025-11-14T21:04:32","slug":"la-terraza-se-prende-la-feria-se-siente-en-zulia-to-go","status":"publish","type":"post","link":"https:\/\/digital58.com.ve\/site\/2025\/11\/14\/la-terraza-se-prende-la-feria-se-siente-en-zulia-to-go\/","title":{"rendered":"La terraza se prende, la feria se siente en Zulia To Go"},"content":{"rendered":"<p><a class=\"keychainify-checked\" href=\"https:\/\/digital58.com.ve\/site\/wp-content\/uploads\/2025\/09\/ztg-1-ano-25-8.webp\"><img loading=\"lazy\" decoding=\"async\" class=\"aligncenter wp-image-190495 size-full\" src=\"https:\/\/digital58.com.ve\/site\/wp-content\/uploads\/2025\/09\/ztg-1-ano-25-8.webp\" alt=\"El establecimiento mas TOP de la capital zuliana Zulia To Go, inicia este 14 de noviembre una programaci\u00f3n especial gratuita para celebrar la Feria de La Chinita 2025, la cual incluye conciertos en vivo, presentaciones de DJs, din\u00e1micas con premios y promociones especiales en bebidas con el objetivo de ofrecer un espacio de esparcimiento festivo hasta el pr\u00f3ximo lunes 17.\" width=\"900\" height=\"600\" srcset=\"https:\/\/digital58.com.ve\/site\/wp-content\/uploads\/2025\/09\/ztg-1-ano-25-8.webp 900w, https:\/\/digital58.com.ve\/site\/wp-content\/uploads\/2025\/09\/ztg-1-ano-25-8-300x200.webp 300w, https:\/\/digital58.com.ve\/site\/wp-content\/uploads\/2025\/09\/ztg-1-ano-25-8-768x512.webp 768w\" sizes=\"auto, (max-width: 900px) 100vw, 900px\" \/><\/a><\/p>\n<blockquote><p>La terraza Zulia To Go alberga una agenda de eventos musicales y actividades gratuitas esta semana, en honor a la Feria de La Chinita.<\/p><\/blockquote>\n<p><strong>Maracaibo, Zulia, Venezuela, 14 de noviembre de 2025 (ND58).-<\/strong> El establecimiento mas TOP de la capital zuliana Zulia To Go, inicia este 14 de noviembre una programaci\u00f3n especial gratuita para celebrar la Feria de La Chinita 2025, la cual incluye conciertos en vivo, presentaciones de DJs, din\u00e1micas con premios y promociones especiales en bebidas con el objetivo de ofrecer un espacio de esparcimiento festivo hasta el pr\u00f3ximo lunes 17.<\/p>\n<p>La terraza Zulia To Go se ha convertido en un punto de encuentro para los maracaiberos que desean vivir la fiesta ferial. Su programaci\u00f3n se extiende desde el atardecer hasta la madrugada, ofreciendo una alternativa de ocio en la ciudad.<\/p>\n<p><strong>\u00abLa terraza se prende, la feria se siente\u00bb<\/strong> es el lema que marca el inicio de las actividades este viernes 14. La velada cont\u00f3 con la presentaci\u00f3n del DJ Richard y promociones en bebidas espirituosas.<\/p>\n<p><a class=\"keychainify-checked\" href=\"https:\/\/digital58.com.ve\/site\/wp-content\/uploads\/2025\/09\/ztg-1-ano-25-10.webp\"><img loading=\"lazy\" decoding=\"async\" class=\"aligncenter size-full wp-image-190493\" src=\"https:\/\/digital58.com.ve\/site\/wp-content\/uploads\/2025\/09\/ztg-1-ano-25-10.webp\" alt=\"\" width=\"900\" height=\"600\" srcset=\"https:\/\/digital58.com.ve\/site\/wp-content\/uploads\/2025\/09\/ztg-1-ano-25-10.webp 900w, https:\/\/digital58.com.ve\/site\/wp-content\/uploads\/2025\/09\/ztg-1-ano-25-10-300x200.webp 300w, https:\/\/digital58.com.ve\/site\/wp-content\/uploads\/2025\/09\/ztg-1-ano-25-10-768x512.webp 768w\" sizes=\"auto, (max-width: 900px) 100vw, 900px\" \/><\/a><\/p>\n<h2>Agenda musical diversa para todos los gustos<\/h2>\n<p>Para este s\u00e1bado 15 de noviembre, est\u00e1 previsto un concierto de rock en espa\u00f1ol con la artista Susana Medina. El evento incluir\u00e1 la participaci\u00f3n de un DJ invitado y un ambiente acompa\u00f1ado de cervezas fr\u00edas.<\/p>\n<h2>El gran cierre de la celebraci\u00f3n ferial<\/h2>\n<p>La programaci\u00f3n culminar\u00e1 el lunes 17 de noviembre con un evento especial denominado <strong>\u00abGran Atardecer de Feria\u00bb.<\/strong><\/p>\n<p>Esta actividad promete una experiencia \u00fanica con presentaciones musicales en vivo de Middiam, Chiqui Gaita y una Banda Cover.<\/p>\n<p>El cierre contar\u00e1 nuevamente con las presentaciones del DJ Richard y el animador Papaupa.<\/p>\n<p>La organizaci\u00f3n ha preparado <em>shots<\/em>, din\u00e1micas, premios y otras sorpresas para los asistentes, manteniendo la entrada libre para todo el p\u00fablico.<\/p>\n<p>El establecimiento est\u00e1 ubicado en la Avenida 10 con Calle 66A, cerca del Costta Market. Los eventos comenzar\u00e1n a partir de las 5:00 de la tarde.<\/p>\n<blockquote class=\"instagram-media\" style=\"background: #FFF; border: 0; border-radius: 3px; box-shadow: 0 0 1px 0 rgba(0,0,0,0.5),0 1px 10px 0 rgba(0,0,0,0.15); margin: 1px; max-width: 540px; min-width: 326px; padding: 0; width: calc(100% - 2px);\" data-instgrm-permalink=\"https:\/\/www.instagram.com\/reel\/DRDRapAktXf\/?utm_source=ig_embed&amp;utm_campaign=loading\" data-instgrm-version=\"14\">\n<div style=\"padding: 16px;\">\n<p>&nbsp;<\/p>\n<div style=\"display: flex; flex-direction: row; align-items: center;\">\n<div style=\"background-color: #f4f4f4; border-radius: 50%; flex-grow: 0; height: 40px; margin-right: 14px; width: 40px;\"><\/div>\n<div style=\"display: flex; flex-direction: column; flex-grow: 1; justify-content: center;\">\n<div style=\"background-color: #f4f4f4; border-radius: 4px; flex-grow: 0; height: 14px; margin-bottom: 6px; width: 100px;\"><\/div>\n<div style=\"background-color: #f4f4f4; border-radius: 4px; flex-grow: 0; height: 14px; width: 60px;\"><\/div>\n<\/div>\n<\/div>\n<div style=\"padding: 19% 0;\"><\/div>\n<div style=\"display: block; height: 50px; margin: 0 auto 12px; width: 50px;\"><\/div>\n<div style=\"padding-top: 8px;\">\n<div style=\"color: #3897f0; font-family: Arial,sans-serif; font-size: 14px; font-style: normal; font-weight: 550; line-height: 18px;\">Ver esta publicaci\u00f3n en Instagram<\/div>\n<\/div>\n<div style=\"padding: 12.5% 0;\"><\/div>\n<div style=\"display: flex; flex-direction: row; margin-bottom: 14px; align-items: center;\">\n<div>\n<div style=\"background-color: #f4f4f4; border-radius: 50%; height: 12.5px; width: 12.5px; transform: translateX(0px) translateY(7px);\"><\/div>\n<div style=\"background-color: #f4f4f4; height: 12.5px; transform: rotate(-45deg) translateX(3px) translateY(1px); width: 12.5px; flex-grow: 0; margin-right: 14px; margin-left: 2px;\"><\/div>\n<div style=\"background-color: #f4f4f4; border-radius: 50%; height: 12.5px; width: 12.5px; transform: translateX(9px) translateY(-18px);\"><\/div>\n<\/div>\n<div style=\"margin-left: 8px;\">\n<div style=\"background-color: #f4f4f4; border-radius: 50%; flex-grow: 0; height: 20px; width: 20px;\"><\/div>\n<div style=\"width: 0; height: 0; border-top: 2px solid transparent; border-left: 6px solid #f4f4f4; border-bottom: 2px solid transparent; transform: translateX(16px) translateY(-4px) rotate(30deg);\"><\/div>\n<\/div>\n<div style=\"margin-left: auto;\">\n<div style=\"width: 0px; border-top: 8px solid #F4F4F4; border-right: 8px solid transparent; transform: translateY(16px);\"><\/div>\n<div style=\"background-color: #f4f4f4; flex-grow: 0; height: 12px; width: 16px; transform: translateY(-4px);\"><\/div>\n<div style=\"width: 0; height: 0; border-top: 8px solid #F4F4F4; border-left: 8px solid transparent; transform: translateY(-4px) translateX(8px);\"><\/div>\n<\/div>\n<\/div>\n<div style=\"display: flex; flex-direction: column; flex-grow: 1; justify-content: center; margin-bottom: 24px;\">\n<div style=\"background-color: #f4f4f4; border-radius: 4px; flex-grow: 0; height: 14px; margin-bottom: 6px; width: 224px;\"><\/div>\n<div style=\"background-color: #f4f4f4; border-radius: 4px; flex-grow: 0; height: 14px; width: 144px;\"><\/div>\n<\/div>\n<p>&nbsp;<\/p>\n<p style=\"color: #c9c8cd; font-family: Arial,sans-serif; font-size: 14px; line-height: 17px; margin-bottom: 0; margin-top: 8px; overflow: hidden; padding: 8px 0 7px; text-align: center; text-overflow: ellipsis; white-space: nowrap;\"><a class=\"keychainify-checked\" style=\"color: #c9c8cd; font-family: Arial,sans-serif; font-size: 14px; font-style: normal; font-weight: normal; line-height: 17px; text-decoration: none;\" href=\"https:\/\/www.instagram.com\/reel\/DRDRapAktXf\/?utm_source=ig_embed&amp;utm_campaign=loading\" target=\"_blank\" rel=\"noopener\">Una publicaci\u00f3n compartida de Noticias Digital58 \ud83c\uddfb\ud83c\uddea (@digital_58)<\/a><\/p>\n<\/div>\n<\/blockquote>\n<p><script async src=\"\/\/www.instagram.com\/embed.js\"><\/script><\/p>\n<p><strong>Sala de redacci\u00f3n ND58<\/strong><br \/>\n<strong>Edici\u00f3n: Villasmil, Henry<\/strong><br \/>\n<strong>Gr\u00e1ficas: De archivo referencial<\/strong><\/p>\n<p>&nbsp;<\/p>\n<p>&nbsp;<\/p><div class=\"hwfrl69f48a09d52bc\" ><p style=\"text-align: center;\"><a href=\"https:\/\/t.me\/noticiasdigital58\" target=\"_blank\" rel=\"noopener\"><img class=\"aligncenter size-full wp-image-125363\" src=\"https:\/\/digital58.com.ve\/site\/wp-content\/uploads\/2021\/04\/banner-telegram-web-2021.png\" alt=\"\" width=\"600\" height=\"90\" \/><\/a><\/p><\/div><style type=\"text\/css\">\r\n@media screen and (min-width: 1201px) {\r\n.hwfrl69f48a09d52bc {\r\ndisplay: block;\r\n}\r\n}\r\n@media screen and (min-width: 993px) and (max-width: 1200px) {\r\n.hwfrl69f48a09d52bc {\r\ndisplay: block;\r\n}\r\n}\r\n@media screen and (min-width: 769px) and (max-width: 992px) {\r\n.hwfrl69f48a09d52bc {\r\ndisplay: block;\r\n}\r\n}\r\n@media screen and (min-width: 768px) and (max-width: 768px) {\r\n.hwfrl69f48a09d52bc {\r\ndisplay: block;\r\n}\r\n}\r\n@media screen and (max-width: 767px) {\r\n.hwfrl69f48a09d52bc {\r\ndisplay: block;\r\n}\r\n}\r\n<\/style>\r\n\n<p>&nbsp;<\/p>\n<div style=\"margin-top: 0px; margin-bottom: 0px;\" class=\"sharethis-inline-share-buttons\" ><\/div>","protected":false},"excerpt":{"rendered":"<p>La terraza Zulia To Go alberga una agenda de eventos musicales y actividades gratuitas esta semana, en honor a la<\/p>\n","protected":false},"author":1,"featured_media":190493,"comment_status":"open","ping_status":"closed","sticky":false,"template":"","format":"standard","meta":{"colormag_page_container_layout":"default_layout","colormag_page_sidebar_layout":"default_layout","_uag_custom_page_level_css":"","footnotes":""},"categories":[5412],"tags":[3068,50,35287,73,61,233,2354,32,761,35402],"class_list":["post-192231","post","type-post","status-publish","format-standard","has-post-thumbnail","hentry","category-donde_ir_maracaibo","tag-diversion","tag-entretenimiento","tag-feria-de-la-chinita-2025","tag-maracaibo","tag-musica","tag-nacionales","tag-regionales","tag-venezuela","tag-zulia","tag-zulia-to-go"],"yoast_head":"<!-- This site is optimized with the Yoast SEO plugin v27.5 - https:\/\/yoast.com\/product\/yoast-seo-wordpress\/ -->\n<title>La terraza se prende, la feria se siente en Zulia To Go<\/title>\n<meta name=\"description\" content=\"Agenda de la Feria en Zulia To Go. Conciertos, DJs y entrada gratuita. Celebra las tradiciones zulianas este noviembre.\" \/>\n<meta name=\"robots\" content=\"index, follow, max-snippet:-1, max-image-preview:large, max-video-preview:-1\" \/>\n<link rel=\"canonical\" href=\"https:\/\/digital58.com.ve\/site\/2025\/11\/14\/la-terraza-se-prende-la-feria-se-siente-en-zulia-to-go\/\" \/>\n<meta property=\"og:locale\" content=\"es_ES\" \/>\n<meta property=\"og:type\" content=\"article\" \/>\n<meta property=\"og:title\" content=\"La terraza se prende, la feria se siente en Zulia To Go\" \/>\n<meta property=\"og:description\" content=\"Agenda de la Feria en Zulia To Go. Conciertos, DJs y entrada gratuita. Celebra las tradiciones zulianas este noviembre.\" \/>\n<meta property=\"og:url\" content=\"https:\/\/digital58.com.ve\/site\/2025\/11\/14\/la-terraza-se-prende-la-feria-se-siente-en-zulia-to-go\/\" \/>\n<meta property=\"og:site_name\" content=\"Noticias Digital58\" \/>\n<meta property=\"article:published_time\" content=\"2025-11-14T21:03:08+00:00\" \/>\n<meta property=\"article:modified_time\" content=\"2025-11-14T21:04:32+00:00\" \/>\n<meta property=\"og:image\" content=\"https:\/\/digital58.com.ve\/site\/wp-content\/uploads\/2025\/09\/ztg-1-ano-25-10.webp\" \/>\n\t<meta property=\"og:image:width\" content=\"900\" \/>\n\t<meta property=\"og:image:height\" content=\"600\" \/>\n\t<meta property=\"og:image:type\" content=\"image\/webp\" \/>\n<meta name=\"author\" content=\"Villasmil Henry\" \/>\n<meta name=\"twitter:card\" content=\"summary_large_image\" \/>\n<meta name=\"twitter:creator\" content=\"@https:\/\/twitter.com\/villasmilhfoto\" \/>\n<meta name=\"twitter:site\" content=\"@villasmilhfoto\" \/>\n<meta name=\"twitter:label1\" content=\"Escrito por\" \/>\n\t<meta name=\"twitter:data1\" content=\"Villasmil Henry\" \/>\n\t<meta name=\"twitter:label2\" content=\"Tiempo estimado de lectura\" \/>\n\t<meta name=\"twitter:data2\" content=\"2 minutos\" \/>\n<script type=\"application\/ld+json\" class=\"yoast-schema-graph\">{\"@context\":\"https:\\\/\\\/schema.org\",\"@graph\":[{\"@type\":\"Article\",\"@id\":\"https:\\\/\\\/digital58.com.ve\\\/site\\\/2025\\\/11\\\/14\\\/la-terraza-se-prende-la-feria-se-siente-en-zulia-to-go\\\/#article\",\"isPartOf\":{\"@id\":\"https:\\\/\\\/digital58.com.ve\\\/site\\\/2025\\\/11\\\/14\\\/la-terraza-se-prende-la-feria-se-siente-en-zulia-to-go\\\/\"},\"author\":{\"name\":\"Villasmil Henry\",\"@id\":\"https:\\\/\\\/digital58.com.ve\\\/site\\\/#\\\/schema\\\/person\\\/64d1c2e4d0d4fd1b849980c4331c2951\"},\"headline\":\"La terraza se prende, la feria se siente en Zulia To Go\",\"datePublished\":\"2025-11-14T21:03:08+00:00\",\"dateModified\":\"2025-11-14T21:04:32+00:00\",\"mainEntityOfPage\":{\"@id\":\"https:\\\/\\\/digital58.com.ve\\\/site\\\/2025\\\/11\\\/14\\\/la-terraza-se-prende-la-feria-se-siente-en-zulia-to-go\\\/\"},\"wordCount\":366,\"commentCount\":0,\"publisher\":{\"@id\":\"https:\\\/\\\/digital58.com.ve\\\/site\\\/#\\\/schema\\\/person\\\/64d1c2e4d0d4fd1b849980c4331c2951\"},\"image\":{\"@id\":\"https:\\\/\\\/digital58.com.ve\\\/site\\\/2025\\\/11\\\/14\\\/la-terraza-se-prende-la-feria-se-siente-en-zulia-to-go\\\/#primaryimage\"},\"thumbnailUrl\":\"https:\\\/\\\/digital58.com.ve\\\/site\\\/wp-content\\\/uploads\\\/2025\\\/09\\\/ztg-1-ano-25-10.webp\",\"keywords\":[\"Diversi\u00f3n\",\"Entretenimiento\",\"Feria de la Chinita 2025\",\"Maracaibo\",\"M\u00fasica\",\"Nacionales\",\"Regionales\",\"Venezuela\",\"Zulia\",\"Zulia to go\"],\"articleSection\":[\"\u00bfD\u00f3nde ir Maracaibo?\"],\"inLanguage\":\"es\",\"potentialAction\":[{\"@type\":\"CommentAction\",\"name\":\"Comment\",\"target\":[\"https:\\\/\\\/digital58.com.ve\\\/site\\\/2025\\\/11\\\/14\\\/la-terraza-se-prende-la-feria-se-siente-en-zulia-to-go\\\/#respond\"]}]},{\"@type\":\"WebPage\",\"@id\":\"https:\\\/\\\/digital58.com.ve\\\/site\\\/2025\\\/11\\\/14\\\/la-terraza-se-prende-la-feria-se-siente-en-zulia-to-go\\\/\",\"url\":\"https:\\\/\\\/digital58.com.ve\\\/site\\\/2025\\\/11\\\/14\\\/la-terraza-se-prende-la-feria-se-siente-en-zulia-to-go\\\/\",\"name\":\"La terraza se prende, la feria se siente en Zulia To Go\",\"isPartOf\":{\"@id\":\"https:\\\/\\\/digital58.com.ve\\\/site\\\/#website\"},\"primaryImageOfPage\":{\"@id\":\"https:\\\/\\\/digital58.com.ve\\\/site\\\/2025\\\/11\\\/14\\\/la-terraza-se-prende-la-feria-se-siente-en-zulia-to-go\\\/#primaryimage\"},\"image\":{\"@id\":\"https:\\\/\\\/digital58.com.ve\\\/site\\\/2025\\\/11\\\/14\\\/la-terraza-se-prende-la-feria-se-siente-en-zulia-to-go\\\/#primaryimage\"},\"thumbnailUrl\":\"https:\\\/\\\/digital58.com.ve\\\/site\\\/wp-content\\\/uploads\\\/2025\\\/09\\\/ztg-1-ano-25-10.webp\",\"datePublished\":\"2025-11-14T21:03:08+00:00\",\"dateModified\":\"2025-11-14T21:04:32+00:00\",\"description\":\"Agenda de la Feria en Zulia To Go. Conciertos, DJs y entrada gratuita. Celebra las tradiciones zulianas este noviembre.\",\"breadcrumb\":{\"@id\":\"https:\\\/\\\/digital58.com.ve\\\/site\\\/2025\\\/11\\\/14\\\/la-terraza-se-prende-la-feria-se-siente-en-zulia-to-go\\\/#breadcrumb\"},\"inLanguage\":\"es\",\"potentialAction\":[{\"@type\":\"ReadAction\",\"target\":[\"https:\\\/\\\/digital58.com.ve\\\/site\\\/2025\\\/11\\\/14\\\/la-terraza-se-prende-la-feria-se-siente-en-zulia-to-go\\\/\"]}]},{\"@type\":\"ImageObject\",\"inLanguage\":\"es\",\"@id\":\"https:\\\/\\\/digital58.com.ve\\\/site\\\/2025\\\/11\\\/14\\\/la-terraza-se-prende-la-feria-se-siente-en-zulia-to-go\\\/#primaryimage\",\"url\":\"https:\\\/\\\/digital58.com.ve\\\/site\\\/wp-content\\\/uploads\\\/2025\\\/09\\\/ztg-1-ano-25-10.webp\",\"contentUrl\":\"https:\\\/\\\/digital58.com.ve\\\/site\\\/wp-content\\\/uploads\\\/2025\\\/09\\\/ztg-1-ano-25-10.webp\",\"width\":900,\"height\":600},{\"@type\":\"BreadcrumbList\",\"@id\":\"https:\\\/\\\/digital58.com.ve\\\/site\\\/2025\\\/11\\\/14\\\/la-terraza-se-prende-la-feria-se-siente-en-zulia-to-go\\\/#breadcrumb\",\"itemListElement\":[{\"@type\":\"ListItem\",\"position\":1,\"name\":\"Home\",\"item\":\"https:\\\/\\\/digital58.com.ve\\\/site\\\/\"},{\"@type\":\"ListItem\",\"position\":2,\"name\":\"La terraza se prende, la feria se siente en Zulia To Go\"}]},{\"@type\":\"WebSite\",\"@id\":\"https:\\\/\\\/digital58.com.ve\\\/site\\\/#website\",\"url\":\"https:\\\/\\\/digital58.com.ve\\\/site\\\/\",\"name\":\"Noticias Digital58\",\"description\":\"Portal de Noticias \u00a1Periodismo web de verdad! Lanzamiento web 22.11.2005 \\\/ Maracaibo, Venezuela\",\"publisher\":{\"@id\":\"https:\\\/\\\/digital58.com.ve\\\/site\\\/#\\\/schema\\\/person\\\/64d1c2e4d0d4fd1b849980c4331c2951\"},\"alternateName\":\"ND58\",\"potentialAction\":[{\"@type\":\"SearchAction\",\"target\":{\"@type\":\"EntryPoint\",\"urlTemplate\":\"https:\\\/\\\/digital58.com.ve\\\/site\\\/?s={search_term_string}\"},\"query-input\":{\"@type\":\"PropertyValueSpecification\",\"valueRequired\":true,\"valueName\":\"search_term_string\"}}],\"inLanguage\":\"es\"},{\"@type\":[\"Person\",\"Organization\"],\"@id\":\"https:\\\/\\\/digital58.com.ve\\\/site\\\/#\\\/schema\\\/person\\\/64d1c2e4d0d4fd1b849980c4331c2951\",\"name\":\"Villasmil Henry\",\"image\":{\"@type\":\"ImageObject\",\"inLanguage\":\"es\",\"@id\":\"https:\\\/\\\/secure.gravatar.com\\\/avatar\\\/bb0c4a2fcb7970138239f7e404ea75757b1b507b28b5ce4c53fbd62d797c5a7c?s=96&d=mm&r=g\",\"url\":\"https:\\\/\\\/secure.gravatar.com\\\/avatar\\\/bb0c4a2fcb7970138239f7e404ea75757b1b507b28b5ce4c53fbd62d797c5a7c?s=96&d=mm&r=g\",\"contentUrl\":\"https:\\\/\\\/secure.gravatar.com\\\/avatar\\\/bb0c4a2fcb7970138239f7e404ea75757b1b507b28b5ce4c53fbd62d797c5a7c?s=96&d=mm&r=g\",\"caption\":\"Villasmil Henry\"},\"logo\":{\"@id\":\"https:\\\/\\\/secure.gravatar.com\\\/avatar\\\/bb0c4a2fcb7970138239f7e404ea75757b1b507b28b5ce4c53fbd62d797c5a7c?s=96&d=mm&r=g\"},\"sameAs\":[\"http:\\\/\\\/www.henryvillasmil.com.ve\",\"https:\\\/\\\/www.instagram.com\\\/villasmilhfoto\\\/\",\"https:\\\/\\\/x.com\\\/https:\\\/\\\/twitter.com\\\/villasmilhfoto\"],\"url\":\"https:\\\/\\\/digital58.com.ve\\\/site\\\/author\\\/droopy_68\\\/\"}]}<\/script>\n<!-- \/ Yoast SEO plugin. -->","yoast_head_json":{"title":"La terraza se prende, la feria se siente en Zulia To Go","description":"Agenda de la Feria en Zulia To Go. Conciertos, DJs y entrada gratuita. Celebra las tradiciones zulianas este noviembre.","robots":{"index":"index","follow":"follow","max-snippet":"max-snippet:-1","max-image-preview":"max-image-preview:large","max-video-preview":"max-video-preview:-1"},"canonical":"https:\/\/digital58.com.ve\/site\/2025\/11\/14\/la-terraza-se-prende-la-feria-se-siente-en-zulia-to-go\/","og_locale":"es_ES","og_type":"article","og_title":"La terraza se prende, la feria se siente en Zulia To Go","og_description":"Agenda de la Feria en Zulia To Go. Conciertos, DJs y entrada gratuita. Celebra las tradiciones zulianas este noviembre.","og_url":"https:\/\/digital58.com.ve\/site\/2025\/11\/14\/la-terraza-se-prende-la-feria-se-siente-en-zulia-to-go\/","og_site_name":"Noticias Digital58","article_published_time":"2025-11-14T21:03:08+00:00","article_modified_time":"2025-11-14T21:04:32+00:00","og_image":[{"width":900,"height":600,"url":"https:\/\/digital58.com.ve\/site\/wp-content\/uploads\/2025\/09\/ztg-1-ano-25-10.webp","type":"image\/webp"}],"author":"Villasmil Henry","twitter_card":"summary_large_image","twitter_creator":"@https:\/\/twitter.com\/villasmilhfoto","twitter_site":"@villasmilhfoto","twitter_misc":{"Escrito por":"Villasmil Henry","Tiempo estimado de lectura":"2 minutos"},"schema":{"@context":"https:\/\/schema.org","@graph":[{"@type":"Article","@id":"https:\/\/digital58.com.ve\/site\/2025\/11\/14\/la-terraza-se-prende-la-feria-se-siente-en-zulia-to-go\/#article","isPartOf":{"@id":"https:\/\/digital58.com.ve\/site\/2025\/11\/14\/la-terraza-se-prende-la-feria-se-siente-en-zulia-to-go\/"},"author":{"name":"Villasmil Henry","@id":"https:\/\/digital58.com.ve\/site\/#\/schema\/person\/64d1c2e4d0d4fd1b849980c4331c2951"},"headline":"La terraza se prende, la feria se siente en Zulia To Go","datePublished":"2025-11-14T21:03:08+00:00","dateModified":"2025-11-14T21:04:32+00:00","mainEntityOfPage":{"@id":"https:\/\/digital58.com.ve\/site\/2025\/11\/14\/la-terraza-se-prende-la-feria-se-siente-en-zulia-to-go\/"},"wordCount":366,"commentCount":0,"publisher":{"@id":"https:\/\/digital58.com.ve\/site\/#\/schema\/person\/64d1c2e4d0d4fd1b849980c4331c2951"},"image":{"@id":"https:\/\/digital58.com.ve\/site\/2025\/11\/14\/la-terraza-se-prende-la-feria-se-siente-en-zulia-to-go\/#primaryimage"},"thumbnailUrl":"https:\/\/digital58.com.ve\/site\/wp-content\/uploads\/2025\/09\/ztg-1-ano-25-10.webp","keywords":["Diversi\u00f3n","Entretenimiento","Feria de la Chinita 2025","Maracaibo","M\u00fasica","Nacionales","Regionales","Venezuela","Zulia","Zulia to go"],"articleSection":["\u00bfD\u00f3nde ir Maracaibo?"],"inLanguage":"es","potentialAction":[{"@type":"CommentAction","name":"Comment","target":["https:\/\/digital58.com.ve\/site\/2025\/11\/14\/la-terraza-se-prende-la-feria-se-siente-en-zulia-to-go\/#respond"]}]},{"@type":"WebPage","@id":"https:\/\/digital58.com.ve\/site\/2025\/11\/14\/la-terraza-se-prende-la-feria-se-siente-en-zulia-to-go\/","url":"https:\/\/digital58.com.ve\/site\/2025\/11\/14\/la-terraza-se-prende-la-feria-se-siente-en-zulia-to-go\/","name":"La terraza se prende, la feria se siente en Zulia To Go","isPartOf":{"@id":"https:\/\/digital58.com.ve\/site\/#website"},"primaryImageOfPage":{"@id":"https:\/\/digital58.com.ve\/site\/2025\/11\/14\/la-terraza-se-prende-la-feria-se-siente-en-zulia-to-go\/#primaryimage"},"image":{"@id":"https:\/\/digital58.com.ve\/site\/2025\/11\/14\/la-terraza-se-prende-la-feria-se-siente-en-zulia-to-go\/#primaryimage"},"thumbnailUrl":"https:\/\/digital58.com.ve\/site\/wp-content\/uploads\/2025\/09\/ztg-1-ano-25-10.webp","datePublished":"2025-11-14T21:03:08+00:00","dateModified":"2025-11-14T21:04:32+00:00","description":"Agenda de la Feria en Zulia To Go. Conciertos, DJs y entrada gratuita. Celebra las tradiciones zulianas este noviembre.","breadcrumb":{"@id":"https:\/\/digital58.com.ve\/site\/2025\/11\/14\/la-terraza-se-prende-la-feria-se-siente-en-zulia-to-go\/#breadcrumb"},"inLanguage":"es","potentialAction":[{"@type":"ReadAction","target":["https:\/\/digital58.com.ve\/site\/2025\/11\/14\/la-terraza-se-prende-la-feria-se-siente-en-zulia-to-go\/"]}]},{"@type":"ImageObject","inLanguage":"es","@id":"https:\/\/digital58.com.ve\/site\/2025\/11\/14\/la-terraza-se-prende-la-feria-se-siente-en-zulia-to-go\/#primaryimage","url":"https:\/\/digital58.com.ve\/site\/wp-content\/uploads\/2025\/09\/ztg-1-ano-25-10.webp","contentUrl":"https:\/\/digital58.com.ve\/site\/wp-content\/uploads\/2025\/09\/ztg-1-ano-25-10.webp","width":900,"height":600},{"@type":"BreadcrumbList","@id":"https:\/\/digital58.com.ve\/site\/2025\/11\/14\/la-terraza-se-prende-la-feria-se-siente-en-zulia-to-go\/#breadcrumb","itemListElement":[{"@type":"ListItem","position":1,"name":"Home","item":"https:\/\/digital58.com.ve\/site\/"},{"@type":"ListItem","position":2,"name":"La terraza se prende, la feria se siente en Zulia To Go"}]},{"@type":"WebSite","@id":"https:\/\/digital58.com.ve\/site\/#website","url":"https:\/\/digital58.com.ve\/site\/","name":"Noticias Digital58","description":"Portal de Noticias \u00a1Periodismo web de verdad! Lanzamiento web 22.11.2005 \/ Maracaibo, Venezuela","publisher":{"@id":"https:\/\/digital58.com.ve\/site\/#\/schema\/person\/64d1c2e4d0d4fd1b849980c4331c2951"},"alternateName":"ND58","potentialAction":[{"@type":"SearchAction","target":{"@type":"EntryPoint","urlTemplate":"https:\/\/digital58.com.ve\/site\/?s={search_term_string}"},"query-input":{"@type":"PropertyValueSpecification","valueRequired":true,"valueName":"search_term_string"}}],"inLanguage":"es"},{"@type":["Person","Organization"],"@id":"https:\/\/digital58.com.ve\/site\/#\/schema\/person\/64d1c2e4d0d4fd1b849980c4331c2951","name":"Villasmil Henry","image":{"@type":"ImageObject","inLanguage":"es","@id":"https:\/\/secure.gravatar.com\/avatar\/bb0c4a2fcb7970138239f7e404ea75757b1b507b28b5ce4c53fbd62d797c5a7c?s=96&d=mm&r=g","url":"https:\/\/secure.gravatar.com\/avatar\/bb0c4a2fcb7970138239f7e404ea75757b1b507b28b5ce4c53fbd62d797c5a7c?s=96&d=mm&r=g","contentUrl":"https:\/\/secure.gravatar.com\/avatar\/bb0c4a2fcb7970138239f7e404ea75757b1b507b28b5ce4c53fbd62d797c5a7c?s=96&d=mm&r=g","caption":"Villasmil Henry"},"logo":{"@id":"https:\/\/secure.gravatar.com\/avatar\/bb0c4a2fcb7970138239f7e404ea75757b1b507b28b5ce4c53fbd62d797c5a7c?s=96&d=mm&r=g"},"sameAs":["http:\/\/www.henryvillasmil.com.ve","https:\/\/www.instagram.com\/villasmilhfoto\/","https:\/\/x.com\/https:\/\/twitter.com\/villasmilhfoto"],"url":"https:\/\/digital58.com.ve\/site\/author\/droopy_68\/"}]}},"uagb_featured_image_src":{"full":["https:\/\/digital58.com.ve\/site\/wp-content\/uploads\/2025\/09\/ztg-1-ano-25-10.webp",900,600,false],"thumbnail":["https:\/\/digital58.com.ve\/site\/wp-content\/uploads\/2025\/09\/ztg-1-ano-25-10-150x150.webp",150,150,true],"medium":["https:\/\/digital58.com.ve\/site\/wp-content\/uploads\/2025\/09\/ztg-1-ano-25-10-300x200.webp",300,200,true],"medium_large":["https:\/\/digital58.com.ve\/site\/wp-content\/uploads\/2025\/09\/ztg-1-ano-25-10-768x512.webp",768,512,true],"large":["https:\/\/digital58.com.ve\/site\/wp-content\/uploads\/2025\/09\/ztg-1-ano-25-10.webp",800,533,false],"1536x1536":["https:\/\/digital58.com.ve\/site\/wp-content\/uploads\/2025\/09\/ztg-1-ano-25-10.webp",900,600,false],"2048x2048":["https:\/\/digital58.com.ve\/site\/wp-content\/uploads\/2025\/09\/ztg-1-ano-25-10.webp",900,600,false],"colormag-highlighted-post":["https:\/\/digital58.com.ve\/site\/wp-content\/uploads\/2025\/09\/ztg-1-ano-25-10-392x272.webp",392,272,true],"colormag-featured-post-medium":["https:\/\/digital58.com.ve\/site\/wp-content\/uploads\/2025\/09\/ztg-1-ano-25-10-390x205.webp",390,205,true],"colormag-featured-post-small":["https:\/\/digital58.com.ve\/site\/wp-content\/uploads\/2025\/09\/ztg-1-ano-25-10-130x90.webp",130,90,true],"colormag-featured-image":["https:\/\/digital58.com.ve\/site\/wp-content\/uploads\/2025\/09\/ztg-1-ano-25-10-800x445.webp",800,445,true],"colormag-default-news":["https:\/\/digital58.com.ve\/site\/wp-content\/uploads\/2025\/09\/ztg-1-ano-25-10-150x150.webp",150,150,true],"colormag-featured-image-large":["https:\/\/digital58.com.ve\/site\/wp-content\/uploads\/2025\/09\/ztg-1-ano-25-10.webp",900,600,false]},"uagb_author_info":{"display_name":"Villasmil Henry","author_link":"https:\/\/digital58.com.ve\/site\/author\/droopy_68\/"},"uagb_comment_info":0,"uagb_excerpt":"La terraza Zulia To Go alberga una agenda de eventos musicales y actividades gratuitas esta semana, en honor a la","_links":{"self":[{"href":"https:\/\/digital58.com.ve\/site\/wp-json\/wp\/v2\/posts\/192231","targetHints":{"allow":["GET"]}}],"collection":[{"href":"https:\/\/digital58.com.ve\/site\/wp-json\/wp\/v2\/posts"}],"about":[{"href":"https:\/\/digital58.com.ve\/site\/wp-json\/wp\/v2\/types\/post"}],"author":[{"embeddable":true,"href":"https:\/\/digital58.com.ve\/site\/wp-json\/wp\/v2\/users\/1"}],"replies":[{"embeddable":true,"href":"https:\/\/digital58.com.ve\/site\/wp-json\/wp\/v2\/comments?post=192231"}],"version-history":[{"count":2,"href":"https:\/\/digital58.com.ve\/site\/wp-json\/wp\/v2\/posts\/192231\/revisions"}],"predecessor-version":[{"id":192234,"href":"https:\/\/digital58.com.ve\/site\/wp-json\/wp\/v2\/posts\/192231\/revisions\/192234"}],"wp:featuredmedia":[{"embeddable":true,"href":"https:\/\/digital58.com.ve\/site\/wp-json\/wp\/v2\/media\/190493"}],"wp:attachment":[{"href":"https:\/\/digital58.com.ve\/site\/wp-json\/wp\/v2\/media?parent=192231"}],"wp:term":[{"taxonomy":"category","embeddable":true,"href":"https:\/\/digital58.com.ve\/site\/wp-json\/wp\/v2\/categories?post=192231"},{"taxonomy":"post_tag","embeddable":true,"href":"https:\/\/digital58.com.ve\/site\/wp-json\/wp\/v2\/tags?post=192231"}],"curies":[{"name":"wp","href":"https:\/\/api.w.org\/{rel}","templated":true}]}}