{"id":192238,"date":"2025-11-14T17:49:52","date_gmt":"2025-11-14T21:49:52","guid":{"rendered":"https:\/\/digital58.com.ve\/site\/?p=192238"},"modified":"2025-11-14T17:49:52","modified_gmt":"2025-11-14T21:49:52","slug":"polar-despliega-experiencias-unicas-en-feria-de-la-chinita","status":"publish","type":"post","link":"https:\/\/digital58.com.ve\/site\/2025\/11\/14\/polar-despliega-experiencias-unicas-en-feria-de-la-chinita\/","title":{"rendered":"Polar despliega experiencias \u00fanicas en Feria de la Chinita"},"content":{"rendered":"<p><a href=\"https:\/\/digital58.com.ve\/site\/wp-content\/uploads\/2025\/11\/polar-feria.webp\"><img loading=\"lazy\" decoding=\"async\" class=\"aligncenter wp-image-192239 size-full\" src=\"https:\/\/digital58.com.ve\/site\/wp-content\/uploads\/2025\/11\/polar-feria.webp\" alt=\"Empresas Polar inici\u00f3 este noviembre en Maracaibo un amplio programa de actividades que combina eventos gastron\u00f3micos, musicales y deportivos, reforzando su v\u00ednculo con la tradici\u00f3n zuliana durante la Feria de la Chinita, celebraci\u00f3n en honor a la Virgen de Chiquinquir\u00e1.\" width=\"900\" height=\"600\" srcset=\"https:\/\/digital58.com.ve\/site\/wp-content\/uploads\/2025\/11\/polar-feria.webp 900w, https:\/\/digital58.com.ve\/site\/wp-content\/uploads\/2025\/11\/polar-feria-300x200.webp 300w, https:\/\/digital58.com.ve\/site\/wp-content\/uploads\/2025\/11\/polar-feria-768x512.webp 768w\" sizes=\"auto, (max-width: 900px) 100vw, 900px\" \/><\/a><\/p>\n<blockquote><p>Marcas como Polar Pilsen, Solera y P.A.N. ofrecen eventos gastron\u00f3micos, musicales y deportivos en honor a la Virven de Chiquinquir\u00e1.<\/p><\/blockquote>\n<p><strong>Maracaibo, Zulia, Venezuela, 14 de noviembre de 2025 (ND58).-<\/strong> Empresas Polar inici\u00f3 este noviembre en Maracaibo un amplio programa de actividades que combina eventos gastron\u00f3micos, musicales y deportivos, reforzando su v\u00ednculo con la tradici\u00f3n zuliana durante la Feria de la Chinita, celebraci\u00f3n en honor a la Virgen de Chiquinquir\u00e1.<\/p>\n<p>Empresas Polar confirm\u00f3 su compromiso con el Zulia mediante un despliegue de experiencias de marca que se integran en la programaci\u00f3n de la Feria de la Chinita.<\/p>\n<p>La iniciativa busca fortalecer la conexi\u00f3n con los consumidores y celebrar los valores culturales de la regi\u00f3n.<\/p>\n<p>\u00abLa Cava del Oso\u00bb, la nueva plataforma de entretenimiento de Polar Pilsen, se estrenar\u00e1 el s\u00e1bado 15 de noviembre en la discoteca Luna.<\/p>\n<p>El evento promete una experiencia inmersiva con m\u00fasica y entretenimiento para los asistentes.<\/p>\n<h2>Eventos cerveceros encienden el \u00e1nimo festivo<\/h2>\n<p>La marca Solera organiza su \u00abFiesta Azul\u00bb el viernes 14 de noviembre en el local Ventarr\u00f3n 76. La velada contar\u00e1 con animadores musicales y juegos para los invitados.<\/p>\n<p>Polar Light program\u00f3 una piscinada denominada \u00abSunLight\u00bb para el s\u00e1bado 15 en el Hotel Kristoff.<\/p>\n<p>Adem\u00e1s, un bar m\u00f3vil recorrer\u00e1 las calles de Maracaibo llevando la festividad a distintos puntos de la ciudad.<\/p>\n<h2>P.A.N. fusiona gastronom\u00eda, deporte y tradici\u00f3n<\/h2>\n<p>La harina de ma\u00edz P.A.N. estar\u00e1 presente en los \u00abafter\u00bb de \u00abLa Cava del Oso\u00bb con arepas tradicionales. El domingo 16 realizar\u00e1 un desayuno masivo en alianza con Arepas Santa Rita.<\/p>\n<p>La marca tambi\u00e9n patrocinar\u00e1 la \u00abCopa P.A.N.\u00bb, un evento beisbol\u00edstico que llenar\u00e1 de color el estadio de la ciudad. Esta actividad resalta la uni\u00f3n del deporte con la identidad venezolana.<\/p>\n<h2>Otras marcas se suman a la celebraci\u00f3n zuliana<\/h2>\n<p>Carore\u00f1a ofrecer\u00e1 degustaciones y un espacio fotogr\u00e1fico en ExpoZulia. Toddy llevar\u00e1 sus productos a los asistentes de la exposici\u00f3n y a los fan\u00e1ticos del b\u00e9isbol.<\/p>\n<p>Pepsi, Mavesa y Malt\u00edn Polar participar\u00e1n con activaciones durante los partidos de b\u00e9isbol. Por su parte, Pampero instalar\u00e1 vallas publicitarias intervenidas como murales el 18 de noviembre.<\/p>\n<p>El recorrido del \u00abOso Polar\u00bb en el autob\u00fas \u00abPriv\u00e9\u00bb del 15 al 17 de noviembre completar\u00e1 la experiencia de marca. Los detalles de cada actividad est\u00e1n disponibles en las redes sociales oficiales de las marcas.<\/p>\n<p><strong>Sala de redacci\u00f3n ND58<\/strong><br \/>\n<strong>Edici\u00f3n: Villasmil, Henry<\/strong><br \/>\n<strong>Gr\u00e1ficas: De archivo referencial<\/strong><\/p>\n<p>&nbsp;<\/p>\n<p>&nbsp;<\/p>\n<p>&nbsp;<\/p><div class=\"xgand69f466adcae3b\" ><p style=\"text-align: center;\"><a href=\"https:\/\/t.me\/noticiasdigital58\" target=\"_blank\" rel=\"noopener\"><img class=\"aligncenter size-full wp-image-125363\" src=\"https:\/\/digital58.com.ve\/site\/wp-content\/uploads\/2021\/04\/banner-telegram-web-2021.png\" alt=\"\" width=\"600\" height=\"90\" \/><\/a><\/p><\/div><style type=\"text\/css\">\r\n@media screen and (min-width: 1201px) {\r\n.xgand69f466adcae3b {\r\ndisplay: block;\r\n}\r\n}\r\n@media screen and (min-width: 993px) and (max-width: 1200px) {\r\n.xgand69f466adcae3b {\r\ndisplay: block;\r\n}\r\n}\r\n@media screen and (min-width: 769px) and (max-width: 992px) {\r\n.xgand69f466adcae3b {\r\ndisplay: block;\r\n}\r\n}\r\n@media screen and (min-width: 768px) and (max-width: 768px) {\r\n.xgand69f466adcae3b {\r\ndisplay: block;\r\n}\r\n}\r\n@media screen and (max-width: 767px) {\r\n.xgand69f466adcae3b {\r\ndisplay: block;\r\n}\r\n}\r\n<\/style>\r\n\n<p>&nbsp;<\/p>\n<div style=\"margin-top: 0px; margin-bottom: 0px;\" class=\"sharethis-inline-share-buttons\" ><\/div>","protected":false},"excerpt":{"rendered":"<p>Marcas como Polar Pilsen, Solera y P.A.N. ofrecen eventos gastron\u00f3micos, musicales y deportivos en honor a la Virven de Chiquinquir\u00e1.<\/p>\n","protected":false},"author":1,"featured_media":192239,"comment_status":"open","ping_status":"closed","sticky":false,"template":"","format":"standard","meta":{"colormag_page_container_layout":"default_layout","colormag_page_sidebar_layout":"default_layout","_uag_custom_page_level_css":"","footnotes":""},"categories":[5412],"tags":[1217,35287,73,233,28168,2354,35603,32],"class_list":["post-192238","post","type-post","status-publish","format-standard","has-post-thumbnail","hentry","category-donde_ir_maracaibo","tag-empresas-polar","tag-feria-de-la-chinita-2025","tag-maracaibo","tag-nacionales","tag-p-a-n","tag-regionales","tag-solera","tag-venezuela"],"yoast_head":"<!-- This site is optimized with the Yoast SEO plugin v27.5 - https:\/\/yoast.com\/product\/yoast-seo-wordpress\/ -->\n<title>Polar despliega experiencias \u00fanicas en Feria de la Chinita<\/title>\n<meta name=\"description\" content=\"Empresas Polar celebra la Feria de la Chinita en Maracaibo con eventos de Polar Pilsen, Solera y P.A.N. Vive la tradici\u00f3n zuliana.\" \/>\n<meta name=\"robots\" content=\"index, follow, max-snippet:-1, max-image-preview:large, max-video-preview:-1\" \/>\n<link rel=\"canonical\" href=\"https:\/\/digital58.com.ve\/site\/2025\/11\/14\/polar-despliega-experiencias-unicas-en-feria-de-la-chinita\/\" \/>\n<meta property=\"og:locale\" content=\"es_ES\" \/>\n<meta property=\"og:type\" content=\"article\" \/>\n<meta property=\"og:title\" content=\"Polar despliega experiencias \u00fanicas en Feria de la Chinita\" \/>\n<meta property=\"og:description\" content=\"Empresas Polar celebra la Feria de la Chinita en Maracaibo con eventos de Polar Pilsen, Solera y P.A.N. Vive la tradici\u00f3n zuliana.\" \/>\n<meta property=\"og:url\" content=\"https:\/\/digital58.com.ve\/site\/2025\/11\/14\/polar-despliega-experiencias-unicas-en-feria-de-la-chinita\/\" \/>\n<meta property=\"og:site_name\" content=\"Noticias Digital58\" \/>\n<meta property=\"article:published_time\" content=\"2025-11-14T21:49:52+00:00\" \/>\n<meta property=\"og:image\" content=\"https:\/\/digital58.com.ve\/site\/wp-content\/uploads\/2025\/11\/polar-feria.webp\" \/>\n\t<meta property=\"og:image:width\" content=\"900\" \/>\n\t<meta property=\"og:image:height\" content=\"600\" \/>\n\t<meta property=\"og:image:type\" content=\"image\/webp\" \/>\n<meta name=\"author\" content=\"Villasmil Henry\" \/>\n<meta name=\"twitter:card\" content=\"summary_large_image\" \/>\n<meta name=\"twitter:creator\" content=\"@https:\/\/twitter.com\/villasmilhfoto\" \/>\n<meta name=\"twitter:site\" content=\"@villasmilhfoto\" \/>\n<meta name=\"twitter:label1\" content=\"Escrito por\" \/>\n\t<meta name=\"twitter:data1\" content=\"Villasmil Henry\" \/>\n\t<meta name=\"twitter:label2\" content=\"Tiempo estimado de lectura\" \/>\n\t<meta name=\"twitter:data2\" content=\"3 minutos\" \/>\n<script type=\"application\/ld+json\" class=\"yoast-schema-graph\">{\"@context\":\"https:\\\/\\\/schema.org\",\"@graph\":[{\"@type\":\"Article\",\"@id\":\"https:\\\/\\\/digital58.com.ve\\\/site\\\/2025\\\/11\\\/14\\\/polar-despliega-experiencias-unicas-en-feria-de-la-chinita\\\/#article\",\"isPartOf\":{\"@id\":\"https:\\\/\\\/digital58.com.ve\\\/site\\\/2025\\\/11\\\/14\\\/polar-despliega-experiencias-unicas-en-feria-de-la-chinita\\\/\"},\"author\":{\"name\":\"Villasmil Henry\",\"@id\":\"https:\\\/\\\/digital58.com.ve\\\/site\\\/#\\\/schema\\\/person\\\/64d1c2e4d0d4fd1b849980c4331c2951\"},\"headline\":\"Polar despliega experiencias \u00fanicas en Feria de la Chinita\",\"datePublished\":\"2025-11-14T21:49:52+00:00\",\"mainEntityOfPage\":{\"@id\":\"https:\\\/\\\/digital58.com.ve\\\/site\\\/2025\\\/11\\\/14\\\/polar-despliega-experiencias-unicas-en-feria-de-la-chinita\\\/\"},\"wordCount\":435,\"commentCount\":0,\"publisher\":{\"@id\":\"https:\\\/\\\/digital58.com.ve\\\/site\\\/#\\\/schema\\\/person\\\/64d1c2e4d0d4fd1b849980c4331c2951\"},\"image\":{\"@id\":\"https:\\\/\\\/digital58.com.ve\\\/site\\\/2025\\\/11\\\/14\\\/polar-despliega-experiencias-unicas-en-feria-de-la-chinita\\\/#primaryimage\"},\"thumbnailUrl\":\"https:\\\/\\\/digital58.com.ve\\\/site\\\/wp-content\\\/uploads\\\/2025\\\/11\\\/polar-feria.webp\",\"keywords\":[\"Empresas Polar\",\"Feria de la Chinita 2025\",\"Maracaibo\",\"Nacionales\",\"P.A.N.\",\"Regionales\",\"Solera\",\"Venezuela\"],\"articleSection\":[\"\u00bfD\u00f3nde ir Maracaibo?\"],\"inLanguage\":\"es\",\"potentialAction\":[{\"@type\":\"CommentAction\",\"name\":\"Comment\",\"target\":[\"https:\\\/\\\/digital58.com.ve\\\/site\\\/2025\\\/11\\\/14\\\/polar-despliega-experiencias-unicas-en-feria-de-la-chinita\\\/#respond\"]}]},{\"@type\":\"WebPage\",\"@id\":\"https:\\\/\\\/digital58.com.ve\\\/site\\\/2025\\\/11\\\/14\\\/polar-despliega-experiencias-unicas-en-feria-de-la-chinita\\\/\",\"url\":\"https:\\\/\\\/digital58.com.ve\\\/site\\\/2025\\\/11\\\/14\\\/polar-despliega-experiencias-unicas-en-feria-de-la-chinita\\\/\",\"name\":\"Polar despliega experiencias \u00fanicas en Feria de la Chinita\",\"isPartOf\":{\"@id\":\"https:\\\/\\\/digital58.com.ve\\\/site\\\/#website\"},\"primaryImageOfPage\":{\"@id\":\"https:\\\/\\\/digital58.com.ve\\\/site\\\/2025\\\/11\\\/14\\\/polar-despliega-experiencias-unicas-en-feria-de-la-chinita\\\/#primaryimage\"},\"image\":{\"@id\":\"https:\\\/\\\/digital58.com.ve\\\/site\\\/2025\\\/11\\\/14\\\/polar-despliega-experiencias-unicas-en-feria-de-la-chinita\\\/#primaryimage\"},\"thumbnailUrl\":\"https:\\\/\\\/digital58.com.ve\\\/site\\\/wp-content\\\/uploads\\\/2025\\\/11\\\/polar-feria.webp\",\"datePublished\":\"2025-11-14T21:49:52+00:00\",\"description\":\"Empresas Polar celebra la Feria de la Chinita en Maracaibo con eventos de Polar Pilsen, Solera y P.A.N. Vive la tradici\u00f3n zuliana.\",\"breadcrumb\":{\"@id\":\"https:\\\/\\\/digital58.com.ve\\\/site\\\/2025\\\/11\\\/14\\\/polar-despliega-experiencias-unicas-en-feria-de-la-chinita\\\/#breadcrumb\"},\"inLanguage\":\"es\",\"potentialAction\":[{\"@type\":\"ReadAction\",\"target\":[\"https:\\\/\\\/digital58.com.ve\\\/site\\\/2025\\\/11\\\/14\\\/polar-despliega-experiencias-unicas-en-feria-de-la-chinita\\\/\"]}]},{\"@type\":\"ImageObject\",\"inLanguage\":\"es\",\"@id\":\"https:\\\/\\\/digital58.com.ve\\\/site\\\/2025\\\/11\\\/14\\\/polar-despliega-experiencias-unicas-en-feria-de-la-chinita\\\/#primaryimage\",\"url\":\"https:\\\/\\\/digital58.com.ve\\\/site\\\/wp-content\\\/uploads\\\/2025\\\/11\\\/polar-feria.webp\",\"contentUrl\":\"https:\\\/\\\/digital58.com.ve\\\/site\\\/wp-content\\\/uploads\\\/2025\\\/11\\\/polar-feria.webp\",\"width\":900,\"height\":600},{\"@type\":\"BreadcrumbList\",\"@id\":\"https:\\\/\\\/digital58.com.ve\\\/site\\\/2025\\\/11\\\/14\\\/polar-despliega-experiencias-unicas-en-feria-de-la-chinita\\\/#breadcrumb\",\"itemListElement\":[{\"@type\":\"ListItem\",\"position\":1,\"name\":\"Home\",\"item\":\"https:\\\/\\\/digital58.com.ve\\\/site\\\/\"},{\"@type\":\"ListItem\",\"position\":2,\"name\":\"Polar despliega experiencias \u00fanicas en Feria de la Chinita\"}]},{\"@type\":\"WebSite\",\"@id\":\"https:\\\/\\\/digital58.com.ve\\\/site\\\/#website\",\"url\":\"https:\\\/\\\/digital58.com.ve\\\/site\\\/\",\"name\":\"Noticias Digital58\",\"description\":\"Portal de Noticias \u00a1Periodismo web de verdad! Lanzamiento web 22.11.2005 \\\/ Maracaibo, Venezuela\",\"publisher\":{\"@id\":\"https:\\\/\\\/digital58.com.ve\\\/site\\\/#\\\/schema\\\/person\\\/64d1c2e4d0d4fd1b849980c4331c2951\"},\"alternateName\":\"ND58\",\"potentialAction\":[{\"@type\":\"SearchAction\",\"target\":{\"@type\":\"EntryPoint\",\"urlTemplate\":\"https:\\\/\\\/digital58.com.ve\\\/site\\\/?s={search_term_string}\"},\"query-input\":{\"@type\":\"PropertyValueSpecification\",\"valueRequired\":true,\"valueName\":\"search_term_string\"}}],\"inLanguage\":\"es\"},{\"@type\":[\"Person\",\"Organization\"],\"@id\":\"https:\\\/\\\/digital58.com.ve\\\/site\\\/#\\\/schema\\\/person\\\/64d1c2e4d0d4fd1b849980c4331c2951\",\"name\":\"Villasmil Henry\",\"image\":{\"@type\":\"ImageObject\",\"inLanguage\":\"es\",\"@id\":\"https:\\\/\\\/secure.gravatar.com\\\/avatar\\\/bb0c4a2fcb7970138239f7e404ea75757b1b507b28b5ce4c53fbd62d797c5a7c?s=96&d=mm&r=g\",\"url\":\"https:\\\/\\\/secure.gravatar.com\\\/avatar\\\/bb0c4a2fcb7970138239f7e404ea75757b1b507b28b5ce4c53fbd62d797c5a7c?s=96&d=mm&r=g\",\"contentUrl\":\"https:\\\/\\\/secure.gravatar.com\\\/avatar\\\/bb0c4a2fcb7970138239f7e404ea75757b1b507b28b5ce4c53fbd62d797c5a7c?s=96&d=mm&r=g\",\"caption\":\"Villasmil Henry\"},\"logo\":{\"@id\":\"https:\\\/\\\/secure.gravatar.com\\\/avatar\\\/bb0c4a2fcb7970138239f7e404ea75757b1b507b28b5ce4c53fbd62d797c5a7c?s=96&d=mm&r=g\"},\"sameAs\":[\"http:\\\/\\\/www.henryvillasmil.com.ve\",\"https:\\\/\\\/www.instagram.com\\\/villasmilhfoto\\\/\",\"https:\\\/\\\/x.com\\\/https:\\\/\\\/twitter.com\\\/villasmilhfoto\"],\"url\":\"https:\\\/\\\/digital58.com.ve\\\/site\\\/author\\\/droopy_68\\\/\"}]}<\/script>\n<!-- \/ Yoast SEO plugin. -->","yoast_head_json":{"title":"Polar despliega experiencias \u00fanicas en Feria de la Chinita","description":"Empresas Polar celebra la Feria de la Chinita en Maracaibo con eventos de Polar Pilsen, Solera y P.A.N. Vive la tradici\u00f3n zuliana.","robots":{"index":"index","follow":"follow","max-snippet":"max-snippet:-1","max-image-preview":"max-image-preview:large","max-video-preview":"max-video-preview:-1"},"canonical":"https:\/\/digital58.com.ve\/site\/2025\/11\/14\/polar-despliega-experiencias-unicas-en-feria-de-la-chinita\/","og_locale":"es_ES","og_type":"article","og_title":"Polar despliega experiencias \u00fanicas en Feria de la Chinita","og_description":"Empresas Polar celebra la Feria de la Chinita en Maracaibo con eventos de Polar Pilsen, Solera y P.A.N. Vive la tradici\u00f3n zuliana.","og_url":"https:\/\/digital58.com.ve\/site\/2025\/11\/14\/polar-despliega-experiencias-unicas-en-feria-de-la-chinita\/","og_site_name":"Noticias Digital58","article_published_time":"2025-11-14T21:49:52+00:00","og_image":[{"width":900,"height":600,"url":"https:\/\/digital58.com.ve\/site\/wp-content\/uploads\/2025\/11\/polar-feria.webp","type":"image\/webp"}],"author":"Villasmil Henry","twitter_card":"summary_large_image","twitter_creator":"@https:\/\/twitter.com\/villasmilhfoto","twitter_site":"@villasmilhfoto","twitter_misc":{"Escrito por":"Villasmil Henry","Tiempo estimado de lectura":"3 minutos"},"schema":{"@context":"https:\/\/schema.org","@graph":[{"@type":"Article","@id":"https:\/\/digital58.com.ve\/site\/2025\/11\/14\/polar-despliega-experiencias-unicas-en-feria-de-la-chinita\/#article","isPartOf":{"@id":"https:\/\/digital58.com.ve\/site\/2025\/11\/14\/polar-despliega-experiencias-unicas-en-feria-de-la-chinita\/"},"author":{"name":"Villasmil Henry","@id":"https:\/\/digital58.com.ve\/site\/#\/schema\/person\/64d1c2e4d0d4fd1b849980c4331c2951"},"headline":"Polar despliega experiencias \u00fanicas en Feria de la Chinita","datePublished":"2025-11-14T21:49:52+00:00","mainEntityOfPage":{"@id":"https:\/\/digital58.com.ve\/site\/2025\/11\/14\/polar-despliega-experiencias-unicas-en-feria-de-la-chinita\/"},"wordCount":435,"commentCount":0,"publisher":{"@id":"https:\/\/digital58.com.ve\/site\/#\/schema\/person\/64d1c2e4d0d4fd1b849980c4331c2951"},"image":{"@id":"https:\/\/digital58.com.ve\/site\/2025\/11\/14\/polar-despliega-experiencias-unicas-en-feria-de-la-chinita\/#primaryimage"},"thumbnailUrl":"https:\/\/digital58.com.ve\/site\/wp-content\/uploads\/2025\/11\/polar-feria.webp","keywords":["Empresas Polar","Feria de la Chinita 2025","Maracaibo","Nacionales","P.A.N.","Regionales","Solera","Venezuela"],"articleSection":["\u00bfD\u00f3nde ir Maracaibo?"],"inLanguage":"es","potentialAction":[{"@type":"CommentAction","name":"Comment","target":["https:\/\/digital58.com.ve\/site\/2025\/11\/14\/polar-despliega-experiencias-unicas-en-feria-de-la-chinita\/#respond"]}]},{"@type":"WebPage","@id":"https:\/\/digital58.com.ve\/site\/2025\/11\/14\/polar-despliega-experiencias-unicas-en-feria-de-la-chinita\/","url":"https:\/\/digital58.com.ve\/site\/2025\/11\/14\/polar-despliega-experiencias-unicas-en-feria-de-la-chinita\/","name":"Polar despliega experiencias \u00fanicas en Feria de la Chinita","isPartOf":{"@id":"https:\/\/digital58.com.ve\/site\/#website"},"primaryImageOfPage":{"@id":"https:\/\/digital58.com.ve\/site\/2025\/11\/14\/polar-despliega-experiencias-unicas-en-feria-de-la-chinita\/#primaryimage"},"image":{"@id":"https:\/\/digital58.com.ve\/site\/2025\/11\/14\/polar-despliega-experiencias-unicas-en-feria-de-la-chinita\/#primaryimage"},"thumbnailUrl":"https:\/\/digital58.com.ve\/site\/wp-content\/uploads\/2025\/11\/polar-feria.webp","datePublished":"2025-11-14T21:49:52+00:00","description":"Empresas Polar celebra la Feria de la Chinita en Maracaibo con eventos de Polar Pilsen, Solera y P.A.N. Vive la tradici\u00f3n zuliana.","breadcrumb":{"@id":"https:\/\/digital58.com.ve\/site\/2025\/11\/14\/polar-despliega-experiencias-unicas-en-feria-de-la-chinita\/#breadcrumb"},"inLanguage":"es","potentialAction":[{"@type":"ReadAction","target":["https:\/\/digital58.com.ve\/site\/2025\/11\/14\/polar-despliega-experiencias-unicas-en-feria-de-la-chinita\/"]}]},{"@type":"ImageObject","inLanguage":"es","@id":"https:\/\/digital58.com.ve\/site\/2025\/11\/14\/polar-despliega-experiencias-unicas-en-feria-de-la-chinita\/#primaryimage","url":"https:\/\/digital58.com.ve\/site\/wp-content\/uploads\/2025\/11\/polar-feria.webp","contentUrl":"https:\/\/digital58.com.ve\/site\/wp-content\/uploads\/2025\/11\/polar-feria.webp","width":900,"height":600},{"@type":"BreadcrumbList","@id":"https:\/\/digital58.com.ve\/site\/2025\/11\/14\/polar-despliega-experiencias-unicas-en-feria-de-la-chinita\/#breadcrumb","itemListElement":[{"@type":"ListItem","position":1,"name":"Home","item":"https:\/\/digital58.com.ve\/site\/"},{"@type":"ListItem","position":2,"name":"Polar despliega experiencias \u00fanicas en Feria de la Chinita"}]},{"@type":"WebSite","@id":"https:\/\/digital58.com.ve\/site\/#website","url":"https:\/\/digital58.com.ve\/site\/","name":"Noticias Digital58","description":"Portal de Noticias \u00a1Periodismo web de verdad! Lanzamiento web 22.11.2005 \/ Maracaibo, Venezuela","publisher":{"@id":"https:\/\/digital58.com.ve\/site\/#\/schema\/person\/64d1c2e4d0d4fd1b849980c4331c2951"},"alternateName":"ND58","potentialAction":[{"@type":"SearchAction","target":{"@type":"EntryPoint","urlTemplate":"https:\/\/digital58.com.ve\/site\/?s={search_term_string}"},"query-input":{"@type":"PropertyValueSpecification","valueRequired":true,"valueName":"search_term_string"}}],"inLanguage":"es"},{"@type":["Person","Organization"],"@id":"https:\/\/digital58.com.ve\/site\/#\/schema\/person\/64d1c2e4d0d4fd1b849980c4331c2951","name":"Villasmil Henry","image":{"@type":"ImageObject","inLanguage":"es","@id":"https:\/\/secure.gravatar.com\/avatar\/bb0c4a2fcb7970138239f7e404ea75757b1b507b28b5ce4c53fbd62d797c5a7c?s=96&d=mm&r=g","url":"https:\/\/secure.gravatar.com\/avatar\/bb0c4a2fcb7970138239f7e404ea75757b1b507b28b5ce4c53fbd62d797c5a7c?s=96&d=mm&r=g","contentUrl":"https:\/\/secure.gravatar.com\/avatar\/bb0c4a2fcb7970138239f7e404ea75757b1b507b28b5ce4c53fbd62d797c5a7c?s=96&d=mm&r=g","caption":"Villasmil Henry"},"logo":{"@id":"https:\/\/secure.gravatar.com\/avatar\/bb0c4a2fcb7970138239f7e404ea75757b1b507b28b5ce4c53fbd62d797c5a7c?s=96&d=mm&r=g"},"sameAs":["http:\/\/www.henryvillasmil.com.ve","https:\/\/www.instagram.com\/villasmilhfoto\/","https:\/\/x.com\/https:\/\/twitter.com\/villasmilhfoto"],"url":"https:\/\/digital58.com.ve\/site\/author\/droopy_68\/"}]}},"uagb_featured_image_src":{"full":["https:\/\/digital58.com.ve\/site\/wp-content\/uploads\/2025\/11\/polar-feria.webp",900,600,false],"thumbnail":["https:\/\/digital58.com.ve\/site\/wp-content\/uploads\/2025\/11\/polar-feria-150x150.webp",150,150,true],"medium":["https:\/\/digital58.com.ve\/site\/wp-content\/uploads\/2025\/11\/polar-feria-300x200.webp",300,200,true],"medium_large":["https:\/\/digital58.com.ve\/site\/wp-content\/uploads\/2025\/11\/polar-feria-768x512.webp",768,512,true],"large":["https:\/\/digital58.com.ve\/site\/wp-content\/uploads\/2025\/11\/polar-feria.webp",800,533,false],"1536x1536":["https:\/\/digital58.com.ve\/site\/wp-content\/uploads\/2025\/11\/polar-feria.webp",900,600,false],"2048x2048":["https:\/\/digital58.com.ve\/site\/wp-content\/uploads\/2025\/11\/polar-feria.webp",900,600,false],"colormag-highlighted-post":["https:\/\/digital58.com.ve\/site\/wp-content\/uploads\/2025\/11\/polar-feria-392x272.webp",392,272,true],"colormag-featured-post-medium":["https:\/\/digital58.com.ve\/site\/wp-content\/uploads\/2025\/11\/polar-feria-390x205.webp",390,205,true],"colormag-featured-post-small":["https:\/\/digital58.com.ve\/site\/wp-content\/uploads\/2025\/11\/polar-feria-130x90.webp",130,90,true],"colormag-featured-image":["https:\/\/digital58.com.ve\/site\/wp-content\/uploads\/2025\/11\/polar-feria-800x445.webp",800,445,true],"colormag-default-news":["https:\/\/digital58.com.ve\/site\/wp-content\/uploads\/2025\/11\/polar-feria-150x150.webp",150,150,true],"colormag-featured-image-large":["https:\/\/digital58.com.ve\/site\/wp-content\/uploads\/2025\/11\/polar-feria.webp",900,600,false]},"uagb_author_info":{"display_name":"Villasmil Henry","author_link":"https:\/\/digital58.com.ve\/site\/author\/droopy_68\/"},"uagb_comment_info":0,"uagb_excerpt":"Marcas como Polar Pilsen, Solera y P.A.N. ofrecen eventos gastron\u00f3micos, musicales y deportivos en honor a la Virven de Chiquinquir\u00e1.","_links":{"self":[{"href":"https:\/\/digital58.com.ve\/site\/wp-json\/wp\/v2\/posts\/192238","targetHints":{"allow":["GET"]}}],"collection":[{"href":"https:\/\/digital58.com.ve\/site\/wp-json\/wp\/v2\/posts"}],"about":[{"href":"https:\/\/digital58.com.ve\/site\/wp-json\/wp\/v2\/types\/post"}],"author":[{"embeddable":true,"href":"https:\/\/digital58.com.ve\/site\/wp-json\/wp\/v2\/users\/1"}],"replies":[{"embeddable":true,"href":"https:\/\/digital58.com.ve\/site\/wp-json\/wp\/v2\/comments?post=192238"}],"version-history":[{"count":1,"href":"https:\/\/digital58.com.ve\/site\/wp-json\/wp\/v2\/posts\/192238\/revisions"}],"predecessor-version":[{"id":192240,"href":"https:\/\/digital58.com.ve\/site\/wp-json\/wp\/v2\/posts\/192238\/revisions\/192240"}],"wp:featuredmedia":[{"embeddable":true,"href":"https:\/\/digital58.com.ve\/site\/wp-json\/wp\/v2\/media\/192239"}],"wp:attachment":[{"href":"https:\/\/digital58.com.ve\/site\/wp-json\/wp\/v2\/media?parent=192238"}],"wp:term":[{"taxonomy":"category","embeddable":true,"href":"https:\/\/digital58.com.ve\/site\/wp-json\/wp\/v2\/categories?post=192238"},{"taxonomy":"post_tag","embeddable":true,"href":"https:\/\/digital58.com.ve\/site\/wp-json\/wp\/v2\/tags?post=192238"}],"curies":[{"name":"wp","href":"https:\/\/api.w.org\/{rel}","templated":true}]}}