{"id":193240,"date":"2026-01-11T11:47:17","date_gmt":"2026-01-11T15:47:17","guid":{"rendered":"https:\/\/digital58.com.ve\/site\/?p=193240"},"modified":"2026-01-11T11:47:17","modified_gmt":"2026-01-11T15:47:17","slug":"tercera-noche-de-vigilia-en-venezuela-por-liberacion-de-presos-politicos","status":"publish","type":"post","link":"https:\/\/digital58.com.ve\/site\/2026\/01\/11\/tercera-noche-de-vigilia-en-venezuela-por-liberacion-de-presos-politicos\/","title":{"rendered":"Tercera noche de vigilia en Venezuela por liberaci\u00f3n de presos pol\u00edticos"},"content":{"rendered":"<p><a class=\"keychainify-checked\" href=\"https:\/\/digital58.com.ve\/site\/wp-content\/uploads\/2026\/01\/Venezuela-vigilia-presos-politicos-2.webp\"><img loading=\"lazy\" decoding=\"async\" class=\"aligncenter wp-image-193243 size-full\" src=\"https:\/\/digital58.com.ve\/site\/wp-content\/uploads\/2026\/01\/Venezuela-vigilia-presos-politicos-2.webp\" alt=\"Grupos de familiares y activistas venezolanos cumplen este s\u00e1bado su tercera noche de vigilia frente a diversos centros penitenciarios, a la espera de nuevas boletas de excarcelaci\u00f3n. Tras el anuncio oficial de un proceso de liberaciones, diversas organizaciones no gubernamentales advierten que el ritmo de las salidas es insuficiente frente al total de detenidos.\" width=\"900\" height=\"600\" srcset=\"https:\/\/digital58.com.ve\/site\/wp-content\/uploads\/2026\/01\/Venezuela-vigilia-presos-politicos-2.webp 900w, https:\/\/digital58.com.ve\/site\/wp-content\/uploads\/2026\/01\/Venezuela-vigilia-presos-politicos-2-300x200.webp 300w, https:\/\/digital58.com.ve\/site\/wp-content\/uploads\/2026\/01\/Venezuela-vigilia-presos-politicos-2-768x512.webp 768w\" sizes=\"auto, (max-width: 900px) 100vw, 900px\" \/><\/a><\/p>\n<blockquote><p>El proceso de excarcelaci\u00f3n transcurre con lentitud mientras las familias denuncian condiciones precarias de reclusi\u00f3n.<\/p><\/blockquote>\n<p><strong>Caracas, DC, Venezuela, 11 de enero de 2026 (ND58).-<\/strong> Grupos de familiares y activistas venezolanos cumplen este s\u00e1bado su tercera noche de vigilia frente a diversos centros penitenciarios, a la espera de nuevas boletas de excarcelaci\u00f3n. Tras el anuncio oficial de un proceso de liberaciones, diversas organizaciones no gubernamentales advierten que el ritmo de las salidas es insuficiente frente al total de detenidos.<\/p>\n<p>Una veintena de personas pernocta en las inmediaciones del centro penitenciario Rodeo I, en el estado Miranda, donde han realizado jornadas de oraci\u00f3n por la libertad plena de los cautivos.<\/p>\n<p>Entre los presentes destaca Aurora Silva, esposa del exdiputado Freddy Superlano, quien exhort\u00f3 a los allegados a mantener la esperanza ante la incertidumbre que rodea las listas de beneficiarios.<\/p>\n<p>Silva enfatiz\u00f3 que la totalidad de los ciudadanos bajo arresto debe recuperar su libertad de inmediato, argumentando que pensar distinto no constituye un hecho punible.<\/p>\n<p>\u00abNo tienen que estar en esas injustas celdas, en esas condiciones inhumanas\u00bb, declar\u00f3 la c\u00f3nyuge del dirigente pol\u00edtico durante la concentraci\u00f3n.<\/p>\n<p style=\"text-align: center;\"><div class=\"lyte-wrapper\" title=\"Familias de presos pol&iacute;ticos en Venezuela pasan tercera noche en espera de excarcelaciones\" style=\"width:640px;max-width:100%;margin:5px auto;\"><div class=\"lyMe\" id=\"WYL_yWeLSDZijRQ\" itemprop=\"video\" itemscope itemtype=\"https:\/\/schema.org\/VideoObject\"><div><meta itemprop=\"thumbnailUrl\" content=\"https:\/\/i.ytimg.com\/vi\/yWeLSDZijRQ\/hqdefault.jpg\" \/><meta itemprop=\"embedURL\" content=\"https:\/\/www.youtube.com\/embed\/yWeLSDZijRQ\" \/><meta itemprop=\"duration\" content=\"PT2M1S\" \/><meta itemprop=\"uploadDate\" content=\"2026-01-11T06:27:33Z\" \/><\/div><div id=\"lyte_yWeLSDZijRQ\" data-src=\"https:\/\/i.ytimg.com\/vi\/yWeLSDZijRQ\/hqdefault.jpg\" class=\"pL\"><div class=\"tC\"><div class=\"tT\" itemprop=\"name\">Familias de presos pol\u00edticos en Venezuela pasan tercera noche en espera de excarcelaciones<\/div><\/div><button tabindex=\"0\" class=\"play\"><\/button><div class=\"ctrl\"><div class=\"Lctrl\"><\/div><div class=\"Rctrl\"><\/div><\/div><\/div><noscript><a href=\"https:\/\/youtu.be\/yWeLSDZijRQ\" rel=\"nofollow\"><img loading=\"lazy\" decoding=\"async\" src=\"https:\/\/i.ytimg.com\/vi\/yWeLSDZijRQ\/0.jpg\" alt=\"Familias de presos pol&iacute;ticos en Venezuela pasan tercera noche en espera de excarcelaciones\" width=\"640\" height=\"340\" \/><br \/>Ver este video en YouTube<\/a><\/noscript><meta itemprop=\"description\" content=\"Caracas, 11 ene (EFE).- Un grupo de familiares realiz\u00f3 una vigilia este s\u00e1bado en los alrededores de El Helicoide y de la c\u00e1rcel El Rodeo, en Caracas, donde encendieron velas, corearon consignas y realizaron oraciones para exigir la liberaci\u00f3n de sus allegados detenidos en estos recintos. La vigilia se desarroll\u00f3 en un contexto marcado por el anuncio hecho el pasado jueves 8 de enero por el jefe del Parlamento, Jorge Rodr\u00edguez, sobre una serie de liberaciones en el pa\u00eds. IM\u00c1GENES: RAYNER PE\u00d1A Y MANUEL ANDR\u00c9S D\u00cdAZ. \ud83d\udd17M\u00e1s informaci\u00f3n: https:\/\/efe.com\/mundo\/2026-01-11\/familiares-presos-politicos-venezuela\/\"><\/div><\/div><div class=\"lL\" style=\"max-width:100%;width:640px;margin:5px auto;\"><\/div><\/p>\n<h2>Testimonios y denuncias de organizaciones civiles<\/h2>\n<p>Margareth Baduel, representante del Comit\u00e9 por la Libertad de los Presos Pol\u00edticos, describi\u00f3 el sacrificio de pernoctar a la intemperie como un acto de solidaridad que los detenidos valoran profundamente.<\/p>\n<p>La activista record\u00f3 la tragedia de su padre, el general Ra\u00fal Isa\u00edas Baduel, quien falleci\u00f3 en custodia del Estado tras doce a\u00f1os de encarcelamiento.<\/p>\n<p>Para Baduel, estas medidas representan un paso irreversible hacia el cese del castigo a la disidencia y la consolidaci\u00f3n de un proceso de paz nacional.<\/p>\n<p>No obstante, subray\u00f3 la importancia de que no se repitan historias de fallecimientos en prisi\u00f3n por falta de atenci\u00f3n o condiciones indebidas.<\/p>\n<p>En la capital, otros grupos de allegados se concentraron frente a la sede del Servicio Bolivariano de Inteligencia Nacional para encender velas y entonar el himno nacional.<\/p>\n<p>Los manifestantes utilizaron carteles para visibilizar los nombres de los ciudadanos que a\u00fan permanecen bajo custodia en dicho recinto.<\/p>\n<p><a class=\"keychainify-checked\" href=\"https:\/\/digital58.com.ve\/site\/wp-content\/uploads\/2026\/01\/Venezuela-vigilia-presos-politicos-1.webp\"><img loading=\"lazy\" decoding=\"async\" class=\"aligncenter size-full wp-image-193242\" src=\"https:\/\/digital58.com.ve\/site\/wp-content\/uploads\/2026\/01\/Venezuela-vigilia-presos-politicos-1.webp\" alt=\"\" width=\"900\" height=\"600\" srcset=\"https:\/\/digital58.com.ve\/site\/wp-content\/uploads\/2026\/01\/Venezuela-vigilia-presos-politicos-1.webp 900w, https:\/\/digital58.com.ve\/site\/wp-content\/uploads\/2026\/01\/Venezuela-vigilia-presos-politicos-1-300x200.webp 300w, https:\/\/digital58.com.ve\/site\/wp-content\/uploads\/2026\/01\/Venezuela-vigilia-presos-politicos-1-768x512.webp 768w\" sizes=\"auto, (max-width: 900px) 100vw, 900px\" \/><\/a><\/p>\n<h2>Registros de liberaciones y cifras actuales<\/h2>\n<p>La organizaci\u00f3n no gubernamental Foro Penal ha verificado la salida de diecis\u00e9is ciudadanos desde el pasado jueves.<\/p>\n<p>No obstante, la instituci\u00f3n advirti\u00f3 que al menos 804 personas contin\u00faan privadas de libertad por motivos pol\u00edticos en el territorio nacional.<\/p>\n<p>Por su parte, la Plataforma Unitaria Democr\u00e1tica elev\u00f3 la cifra de liberados a veintid\u00f3s individuos hasta la \u00faltima actualizaci\u00f3n de la jornada.<\/p>\n<p>Durante este s\u00e1bado, se report\u00f3 la excarcelaci\u00f3n de al menos ocho personas en distintos estados del pa\u00eds.<\/p>\n<p>Entre los beneficiados se encuentran Virgilio Laverde, dirigente juvenil en el estado Bol\u00edvar, y Didelis Raquel Corredor, colaboradora del activista Roland Carre\u00f1o.<\/p>\n<p>Tambi\u00e9n recuper\u00f3 su libertad Yanny Esther Gonz\u00e1lez Ter\u00e1n, presidenta del Colegio de Profesionales de la Enfermer\u00eda del estado Barinas, detenida el pasado mes de julio.<\/p>\n<p><a class=\"keychainify-checked\" href=\"https:\/\/digital58.com.ve\/site\/wp-content\/uploads\/2026\/01\/Venezuela-vigilia-presos-politicos-3.webp\"><img loading=\"lazy\" decoding=\"async\" class=\"aligncenter size-full wp-image-193241\" src=\"https:\/\/digital58.com.ve\/site\/wp-content\/uploads\/2026\/01\/Venezuela-vigilia-presos-politicos-3.webp\" alt=\"\" width=\"900\" height=\"600\" srcset=\"https:\/\/digital58.com.ve\/site\/wp-content\/uploads\/2026\/01\/Venezuela-vigilia-presos-politicos-3.webp 900w, https:\/\/digital58.com.ve\/site\/wp-content\/uploads\/2026\/01\/Venezuela-vigilia-presos-politicos-3-300x200.webp 300w, https:\/\/digital58.com.ve\/site\/wp-content\/uploads\/2026\/01\/Venezuela-vigilia-presos-politicos-3-768x512.webp 768w\" sizes=\"auto, (max-width: 900px) 100vw, 900px\" \/><\/a><\/p>\n<p><strong>Sala de redacci\u00f3n ND58 | Fuente: EFE<\/strong><br \/>\n<strong>Edici\u00f3n: Villasmil, Henry<\/strong><br \/>\n<strong>Gr\u00e1ficas: EFE<\/strong><\/p>\n<p>&nbsp;<\/p>\n<p>&nbsp;<\/p><div class=\"nmgdm6a982c2fbac0c\" ><p style=\"text-align: center;\"><a href=\"https:\/\/t.me\/noticiasdigital58\" target=\"_blank\" rel=\"noopener\"><img class=\"aligncenter size-full wp-image-125363\" src=\"https:\/\/digital58.com.ve\/site\/wp-content\/uploads\/2021\/04\/banner-telegram-web-2021.png\" alt=\"\" width=\"600\" height=\"90\" \/><\/a><\/p><\/div><style type=\"text\/css\">\r\n@media screen and (min-width: 1201px) {\r\n.nmgdm6a982c2fbac0c {\r\ndisplay: block;\r\n}\r\n}\r\n@media screen and (min-width: 993px) and (max-width: 1200px) {\r\n.nmgdm6a982c2fbac0c {\r\ndisplay: block;\r\n}\r\n}\r\n@media screen and (min-width: 769px) and (max-width: 992px) {\r\n.nmgdm6a982c2fbac0c {\r\ndisplay: block;\r\n}\r\n}\r\n@media screen and (min-width: 768px) and (max-width: 768px) {\r\n.nmgdm6a982c2fbac0c {\r\ndisplay: block;\r\n}\r\n}\r\n@media screen and (max-width: 767px) {\r\n.nmgdm6a982c2fbac0c {\r\ndisplay: block;\r\n}\r\n}\r\n<\/style>\r\n\n<p>.<\/p>\n<div style=\"margin-top: 0px; margin-bottom: 0px;\" class=\"sharethis-inline-share-buttons\" ><\/div>","protected":false},"excerpt":{"rendered":"<p>El proceso de excarcelaci\u00f3n transcurre con lentitud mientras las familias denuncian condiciones precarias de reclusi\u00f3n. Caracas, DC, Venezuela, 11 de<\/p>\n","protected":false},"author":1,"featured_media":193242,"comment_status":"open","ping_status":"closed","sticky":false,"template":"","format":"standard","meta":{"colormag_page_container_layout":"default_layout","colormag_page_sidebar_layout":"default_layout","_uag_custom_page_level_css":"","footnotes":""},"categories":[16454],"tags":[29,233,11062],"class_list":["post-193240","post","type-post","status-publish","format-standard","has-post-thumbnail","hentry","category-venezuela","tag-caracas","tag-nacionales","tag-presos-politicos"],"yoast_head":"<!-- This site is optimized with the Yoast SEO plugin v28.4 - https:\/\/yoast.com\/product\/yoast-seo-wordpress\/ -->\n<title>Tercera noche de vigilia en Venezuela por liberaci\u00f3n de presos pol\u00edticos<\/title>\n<meta name=\"description\" content=\"Familiares mantienen vigilia en Venezuela tras el anuncio de excarcelaciones. Conozca el balance actual de liberaciones y las denuncias de las ONG.\" \/>\n<meta name=\"robots\" content=\"index, follow, max-snippet:-1, max-image-preview:large, max-video-preview:-1\" \/>\n<link rel=\"canonical\" href=\"https:\/\/digital58.com.ve\/site\/2026\/01\/11\/tercera-noche-de-vigilia-en-venezuela-por-liberacion-de-presos-politicos\/\" \/>\n<meta property=\"og:locale\" content=\"es_ES\" \/>\n<meta property=\"og:type\" content=\"article\" \/>\n<meta property=\"og:title\" content=\"Tercera noche de vigilia en Venezuela por liberaci\u00f3n de presos pol\u00edticos\" \/>\n<meta property=\"og:description\" content=\"Familiares mantienen vigilia en Venezuela tras el anuncio de excarcelaciones. Conozca el balance actual de liberaciones y las denuncias de las ONG.\" \/>\n<meta property=\"og:url\" content=\"https:\/\/digital58.com.ve\/site\/2026\/01\/11\/tercera-noche-de-vigilia-en-venezuela-por-liberacion-de-presos-politicos\/\" \/>\n<meta property=\"og:site_name\" content=\"Noticias Digital58\" \/>\n<meta property=\"article:published_time\" content=\"2026-01-11T15:47:17+00:00\" \/>\n<meta property=\"og:image\" content=\"https:\/\/digital58.com.ve\/site\/wp-content\/uploads\/2026\/01\/Venezuela-vigilia-presos-politicos-1.webp\" \/>\n\t<meta property=\"og:image:width\" content=\"900\" \/>\n\t<meta property=\"og:image:height\" content=\"600\" \/>\n\t<meta property=\"og:image:type\" content=\"image\/webp\" \/>\n<meta name=\"author\" content=\"Villasmil Henry\" \/>\n<meta name=\"twitter:card\" content=\"summary_large_image\" \/>\n<meta name=\"twitter:creator\" content=\"@https:\/\/twitter.com\/villasmilhfoto\" \/>\n<meta name=\"twitter:site\" content=\"@villasmilhfoto\" \/>\n<meta name=\"twitter:label1\" content=\"Escrito por\" \/>\n\t<meta name=\"twitter:data1\" content=\"Villasmil Henry\" \/>\n\t<meta name=\"twitter:label2\" content=\"Tiempo estimado de lectura\" \/>\n\t<meta name=\"twitter:data2\" content=\"3 minutos\" \/>\n<script type=\"application\/ld+json\" class=\"yoast-schema-graph\">{\"@context\":\"https:\\\/\\\/schema.org\",\"@graph\":[{\"@type\":\"Article\",\"@id\":\"https:\\\/\\\/digital58.com.ve\\\/site\\\/2026\\\/01\\\/11\\\/tercera-noche-de-vigilia-en-venezuela-por-liberacion-de-presos-politicos\\\/#article\",\"isPartOf\":{\"@id\":\"https:\\\/\\\/digital58.com.ve\\\/site\\\/2026\\\/01\\\/11\\\/tercera-noche-de-vigilia-en-venezuela-por-liberacion-de-presos-politicos\\\/\"},\"author\":{\"name\":\"Villasmil Henry\",\"@id\":\"https:\\\/\\\/digital58.com.ve\\\/site\\\/#\\\/schema\\\/person\\\/64d1c2e4d0d4fd1b849980c4331c2951\"},\"headline\":\"Tercera noche de vigilia en Venezuela por liberaci\u00f3n de presos pol\u00edticos\",\"datePublished\":\"2026-01-11T15:47:17+00:00\",\"mainEntityOfPage\":{\"@id\":\"https:\\\/\\\/digital58.com.ve\\\/site\\\/2026\\\/01\\\/11\\\/tercera-noche-de-vigilia-en-venezuela-por-liberacion-de-presos-politicos\\\/\"},\"wordCount\":526,\"commentCount\":0,\"publisher\":{\"@id\":\"https:\\\/\\\/digital58.com.ve\\\/site\\\/#\\\/schema\\\/person\\\/64d1c2e4d0d4fd1b849980c4331c2951\"},\"image\":{\"@id\":\"https:\\\/\\\/digital58.com.ve\\\/site\\\/2026\\\/01\\\/11\\\/tercera-noche-de-vigilia-en-venezuela-por-liberacion-de-presos-politicos\\\/#primaryimage\"},\"thumbnailUrl\":\"https:\\\/\\\/digital58.com.ve\\\/site\\\/wp-content\\\/uploads\\\/2026\\\/01\\\/Venezuela-vigilia-presos-politicos-1.webp\",\"keywords\":[\"Caracas\",\"Nacionales\",\"Presos pol\u00edticos\"],\"articleSection\":[\"Venezuela\"],\"inLanguage\":\"es\",\"potentialAction\":[{\"@type\":\"CommentAction\",\"name\":\"Comment\",\"target\":[\"https:\\\/\\\/digital58.com.ve\\\/site\\\/2026\\\/01\\\/11\\\/tercera-noche-de-vigilia-en-venezuela-por-liberacion-de-presos-politicos\\\/#respond\"]}]},{\"@type\":\"WebPage\",\"@id\":\"https:\\\/\\\/digital58.com.ve\\\/site\\\/2026\\\/01\\\/11\\\/tercera-noche-de-vigilia-en-venezuela-por-liberacion-de-presos-politicos\\\/\",\"url\":\"https:\\\/\\\/digital58.com.ve\\\/site\\\/2026\\\/01\\\/11\\\/tercera-noche-de-vigilia-en-venezuela-por-liberacion-de-presos-politicos\\\/\",\"name\":\"Tercera noche de vigilia en Venezuela por liberaci\u00f3n de presos pol\u00edticos\",\"isPartOf\":{\"@id\":\"https:\\\/\\\/digital58.com.ve\\\/site\\\/#website\"},\"primaryImageOfPage\":{\"@id\":\"https:\\\/\\\/digital58.com.ve\\\/site\\\/2026\\\/01\\\/11\\\/tercera-noche-de-vigilia-en-venezuela-por-liberacion-de-presos-politicos\\\/#primaryimage\"},\"image\":{\"@id\":\"https:\\\/\\\/digital58.com.ve\\\/site\\\/2026\\\/01\\\/11\\\/tercera-noche-de-vigilia-en-venezuela-por-liberacion-de-presos-politicos\\\/#primaryimage\"},\"thumbnailUrl\":\"https:\\\/\\\/digital58.com.ve\\\/site\\\/wp-content\\\/uploads\\\/2026\\\/01\\\/Venezuela-vigilia-presos-politicos-1.webp\",\"datePublished\":\"2026-01-11T15:47:17+00:00\",\"description\":\"Familiares mantienen vigilia en Venezuela tras el anuncio de excarcelaciones. Conozca el balance actual de liberaciones y las denuncias de las ONG.\",\"breadcrumb\":{\"@id\":\"https:\\\/\\\/digital58.com.ve\\\/site\\\/2026\\\/01\\\/11\\\/tercera-noche-de-vigilia-en-venezuela-por-liberacion-de-presos-politicos\\\/#breadcrumb\"},\"inLanguage\":\"es\",\"potentialAction\":[{\"@type\":\"ReadAction\",\"target\":[\"https:\\\/\\\/digital58.com.ve\\\/site\\\/2026\\\/01\\\/11\\\/tercera-noche-de-vigilia-en-venezuela-por-liberacion-de-presos-politicos\\\/\"]}]},{\"@type\":\"ImageObject\",\"inLanguage\":\"es\",\"@id\":\"https:\\\/\\\/digital58.com.ve\\\/site\\\/2026\\\/01\\\/11\\\/tercera-noche-de-vigilia-en-venezuela-por-liberacion-de-presos-politicos\\\/#primaryimage\",\"url\":\"https:\\\/\\\/digital58.com.ve\\\/site\\\/wp-content\\\/uploads\\\/2026\\\/01\\\/Venezuela-vigilia-presos-politicos-1.webp\",\"contentUrl\":\"https:\\\/\\\/digital58.com.ve\\\/site\\\/wp-content\\\/uploads\\\/2026\\\/01\\\/Venezuela-vigilia-presos-politicos-1.webp\",\"width\":900,\"height\":600},{\"@type\":\"BreadcrumbList\",\"@id\":\"https:\\\/\\\/digital58.com.ve\\\/site\\\/2026\\\/01\\\/11\\\/tercera-noche-de-vigilia-en-venezuela-por-liberacion-de-presos-politicos\\\/#breadcrumb\",\"itemListElement\":[{\"@type\":\"ListItem\",\"position\":1,\"name\":\"Home\",\"item\":\"https:\\\/\\\/digital58.com.ve\\\/site\\\/\"},{\"@type\":\"ListItem\",\"position\":2,\"name\":\"Tercera noche de vigilia en Venezuela por liberaci\u00f3n de presos pol\u00edticos\"}]},{\"@type\":\"WebSite\",\"@id\":\"https:\\\/\\\/digital58.com.ve\\\/site\\\/#website\",\"url\":\"https:\\\/\\\/digital58.com.ve\\\/site\\\/\",\"name\":\"Noticias Digital58\",\"description\":\"Portal de Noticias \u00a1Periodismo web de verdad! Lanzamiento web 22.11.2005 \\\/ Maracaibo, Venezuela\",\"publisher\":{\"@id\":\"https:\\\/\\\/digital58.com.ve\\\/site\\\/#\\\/schema\\\/person\\\/64d1c2e4d0d4fd1b849980c4331c2951\"},\"alternateName\":\"ND58\",\"potentialAction\":[{\"@type\":\"SearchAction\",\"target\":{\"@type\":\"EntryPoint\",\"urlTemplate\":\"https:\\\/\\\/digital58.com.ve\\\/site\\\/?s={search_term_string}\"},\"query-input\":{\"@type\":\"PropertyValueSpecification\",\"valueRequired\":true,\"valueName\":\"search_term_string\"}}],\"inLanguage\":\"es\"},{\"@type\":[\"Person\",\"Organization\"],\"@id\":\"https:\\\/\\\/digital58.com.ve\\\/site\\\/#\\\/schema\\\/person\\\/64d1c2e4d0d4fd1b849980c4331c2951\",\"name\":\"Villasmil Henry\",\"image\":{\"@type\":\"ImageObject\",\"inLanguage\":\"es\",\"@id\":\"https:\\\/\\\/secure.gravatar.com\\\/avatar\\\/bb0c4a2fcb7970138239f7e404ea75757b1b507b28b5ce4c53fbd62d797c5a7c?s=96&d=mm&r=g\",\"url\":\"https:\\\/\\\/secure.gravatar.com\\\/avatar\\\/bb0c4a2fcb7970138239f7e404ea75757b1b507b28b5ce4c53fbd62d797c5a7c?s=96&d=mm&r=g\",\"contentUrl\":\"https:\\\/\\\/secure.gravatar.com\\\/avatar\\\/bb0c4a2fcb7970138239f7e404ea75757b1b507b28b5ce4c53fbd62d797c5a7c?s=96&d=mm&r=g\",\"caption\":\"Villasmil Henry\"},\"logo\":{\"@id\":\"https:\\\/\\\/secure.gravatar.com\\\/avatar\\\/bb0c4a2fcb7970138239f7e404ea75757b1b507b28b5ce4c53fbd62d797c5a7c?s=96&d=mm&r=g\"},\"sameAs\":[\"http:\\\/\\\/www.henryvillasmil.com.ve\",\"https:\\\/\\\/www.instagram.com\\\/villasmilhfoto\\\/\",\"https:\\\/\\\/x.com\\\/https:\\\/\\\/twitter.com\\\/villasmilhfoto\"],\"url\":\"https:\\\/\\\/digital58.com.ve\\\/site\\\/author\\\/droopy_68\\\/\"}]}<\/script>\n<!-- \/ Yoast SEO plugin. -->","yoast_head_json":{"title":"Tercera noche de vigilia en Venezuela por liberaci\u00f3n de presos pol\u00edticos","description":"Familiares mantienen vigilia en Venezuela tras el anuncio de excarcelaciones. Conozca el balance actual de liberaciones y las denuncias de las ONG.","robots":{"index":"index","follow":"follow","max-snippet":"max-snippet:-1","max-image-preview":"max-image-preview:large","max-video-preview":"max-video-preview:-1"},"canonical":"https:\/\/digital58.com.ve\/site\/2026\/01\/11\/tercera-noche-de-vigilia-en-venezuela-por-liberacion-de-presos-politicos\/","og_locale":"es_ES","og_type":"article","og_title":"Tercera noche de vigilia en Venezuela por liberaci\u00f3n de presos pol\u00edticos","og_description":"Familiares mantienen vigilia en Venezuela tras el anuncio de excarcelaciones. Conozca el balance actual de liberaciones y las denuncias de las ONG.","og_url":"https:\/\/digital58.com.ve\/site\/2026\/01\/11\/tercera-noche-de-vigilia-en-venezuela-por-liberacion-de-presos-politicos\/","og_site_name":"Noticias Digital58","article_published_time":"2026-01-11T15:47:17+00:00","og_image":[{"width":900,"height":600,"url":"https:\/\/digital58.com.ve\/site\/wp-content\/uploads\/2026\/01\/Venezuela-vigilia-presos-politicos-1.webp","type":"image\/webp"}],"author":"Villasmil Henry","twitter_card":"summary_large_image","twitter_creator":"@https:\/\/twitter.com\/villasmilhfoto","twitter_site":"@villasmilhfoto","twitter_misc":{"Escrito por":"Villasmil Henry","Tiempo estimado de lectura":"3 minutos"},"schema":{"@context":"https:\/\/schema.org","@graph":[{"@type":"Article","@id":"https:\/\/digital58.com.ve\/site\/2026\/01\/11\/tercera-noche-de-vigilia-en-venezuela-por-liberacion-de-presos-politicos\/#article","isPartOf":{"@id":"https:\/\/digital58.com.ve\/site\/2026\/01\/11\/tercera-noche-de-vigilia-en-venezuela-por-liberacion-de-presos-politicos\/"},"author":{"name":"Villasmil Henry","@id":"https:\/\/digital58.com.ve\/site\/#\/schema\/person\/64d1c2e4d0d4fd1b849980c4331c2951"},"headline":"Tercera noche de vigilia en Venezuela por liberaci\u00f3n de presos pol\u00edticos","datePublished":"2026-01-11T15:47:17+00:00","mainEntityOfPage":{"@id":"https:\/\/digital58.com.ve\/site\/2026\/01\/11\/tercera-noche-de-vigilia-en-venezuela-por-liberacion-de-presos-politicos\/"},"wordCount":526,"commentCount":0,"publisher":{"@id":"https:\/\/digital58.com.ve\/site\/#\/schema\/person\/64d1c2e4d0d4fd1b849980c4331c2951"},"image":{"@id":"https:\/\/digital58.com.ve\/site\/2026\/01\/11\/tercera-noche-de-vigilia-en-venezuela-por-liberacion-de-presos-politicos\/#primaryimage"},"thumbnailUrl":"https:\/\/digital58.com.ve\/site\/wp-content\/uploads\/2026\/01\/Venezuela-vigilia-presos-politicos-1.webp","keywords":["Caracas","Nacionales","Presos pol\u00edticos"],"articleSection":["Venezuela"],"inLanguage":"es","potentialAction":[{"@type":"CommentAction","name":"Comment","target":["https:\/\/digital58.com.ve\/site\/2026\/01\/11\/tercera-noche-de-vigilia-en-venezuela-por-liberacion-de-presos-politicos\/#respond"]}]},{"@type":"WebPage","@id":"https:\/\/digital58.com.ve\/site\/2026\/01\/11\/tercera-noche-de-vigilia-en-venezuela-por-liberacion-de-presos-politicos\/","url":"https:\/\/digital58.com.ve\/site\/2026\/01\/11\/tercera-noche-de-vigilia-en-venezuela-por-liberacion-de-presos-politicos\/","name":"Tercera noche de vigilia en Venezuela por liberaci\u00f3n de presos pol\u00edticos","isPartOf":{"@id":"https:\/\/digital58.com.ve\/site\/#website"},"primaryImageOfPage":{"@id":"https:\/\/digital58.com.ve\/site\/2026\/01\/11\/tercera-noche-de-vigilia-en-venezuela-por-liberacion-de-presos-politicos\/#primaryimage"},"image":{"@id":"https:\/\/digital58.com.ve\/site\/2026\/01\/11\/tercera-noche-de-vigilia-en-venezuela-por-liberacion-de-presos-politicos\/#primaryimage"},"thumbnailUrl":"https:\/\/digital58.com.ve\/site\/wp-content\/uploads\/2026\/01\/Venezuela-vigilia-presos-politicos-1.webp","datePublished":"2026-01-11T15:47:17+00:00","description":"Familiares mantienen vigilia en Venezuela tras el anuncio de excarcelaciones. Conozca el balance actual de liberaciones y las denuncias de las ONG.","breadcrumb":{"@id":"https:\/\/digital58.com.ve\/site\/2026\/01\/11\/tercera-noche-de-vigilia-en-venezuela-por-liberacion-de-presos-politicos\/#breadcrumb"},"inLanguage":"es","potentialAction":[{"@type":"ReadAction","target":["https:\/\/digital58.com.ve\/site\/2026\/01\/11\/tercera-noche-de-vigilia-en-venezuela-por-liberacion-de-presos-politicos\/"]}]},{"@type":"ImageObject","inLanguage":"es","@id":"https:\/\/digital58.com.ve\/site\/2026\/01\/11\/tercera-noche-de-vigilia-en-venezuela-por-liberacion-de-presos-politicos\/#primaryimage","url":"https:\/\/digital58.com.ve\/site\/wp-content\/uploads\/2026\/01\/Venezuela-vigilia-presos-politicos-1.webp","contentUrl":"https:\/\/digital58.com.ve\/site\/wp-content\/uploads\/2026\/01\/Venezuela-vigilia-presos-politicos-1.webp","width":900,"height":600},{"@type":"BreadcrumbList","@id":"https:\/\/digital58.com.ve\/site\/2026\/01\/11\/tercera-noche-de-vigilia-en-venezuela-por-liberacion-de-presos-politicos\/#breadcrumb","itemListElement":[{"@type":"ListItem","position":1,"name":"Home","item":"https:\/\/digital58.com.ve\/site\/"},{"@type":"ListItem","position":2,"name":"Tercera noche de vigilia en Venezuela por liberaci\u00f3n de presos pol\u00edticos"}]},{"@type":"WebSite","@id":"https:\/\/digital58.com.ve\/site\/#website","url":"https:\/\/digital58.com.ve\/site\/","name":"Noticias Digital58","description":"Portal de Noticias \u00a1Periodismo web de verdad! Lanzamiento web 22.11.2005 \/ Maracaibo, Venezuela","publisher":{"@id":"https:\/\/digital58.com.ve\/site\/#\/schema\/person\/64d1c2e4d0d4fd1b849980c4331c2951"},"alternateName":"ND58","potentialAction":[{"@type":"SearchAction","target":{"@type":"EntryPoint","urlTemplate":"https:\/\/digital58.com.ve\/site\/?s={search_term_string}"},"query-input":{"@type":"PropertyValueSpecification","valueRequired":true,"valueName":"search_term_string"}}],"inLanguage":"es"},{"@type":["Person","Organization"],"@id":"https:\/\/digital58.com.ve\/site\/#\/schema\/person\/64d1c2e4d0d4fd1b849980c4331c2951","name":"Villasmil Henry","image":{"@type":"ImageObject","inLanguage":"es","@id":"https:\/\/secure.gravatar.com\/avatar\/bb0c4a2fcb7970138239f7e404ea75757b1b507b28b5ce4c53fbd62d797c5a7c?s=96&d=mm&r=g","url":"https:\/\/secure.gravatar.com\/avatar\/bb0c4a2fcb7970138239f7e404ea75757b1b507b28b5ce4c53fbd62d797c5a7c?s=96&d=mm&r=g","contentUrl":"https:\/\/secure.gravatar.com\/avatar\/bb0c4a2fcb7970138239f7e404ea75757b1b507b28b5ce4c53fbd62d797c5a7c?s=96&d=mm&r=g","caption":"Villasmil Henry"},"logo":{"@id":"https:\/\/secure.gravatar.com\/avatar\/bb0c4a2fcb7970138239f7e404ea75757b1b507b28b5ce4c53fbd62d797c5a7c?s=96&d=mm&r=g"},"sameAs":["http:\/\/www.henryvillasmil.com.ve","https:\/\/www.instagram.com\/villasmilhfoto\/","https:\/\/x.com\/https:\/\/twitter.com\/villasmilhfoto"],"url":"https:\/\/digital58.com.ve\/site\/author\/droopy_68\/"}]}},"uagb_featured_image_src":{"full":["https:\/\/digital58.com.ve\/site\/wp-content\/uploads\/2026\/01\/Venezuela-vigilia-presos-politicos-1.webp",900,600,false],"thumbnail":["https:\/\/digital58.com.ve\/site\/wp-content\/uploads\/2026\/01\/Venezuela-vigilia-presos-politicos-1-150x150.webp",150,150,true],"medium":["https:\/\/digital58.com.ve\/site\/wp-content\/uploads\/2026\/01\/Venezuela-vigilia-presos-politicos-1-300x200.webp",300,200,true],"medium_large":["https:\/\/digital58.com.ve\/site\/wp-content\/uploads\/2026\/01\/Venezuela-vigilia-presos-politicos-1-768x512.webp",768,512,true],"large":["https:\/\/digital58.com.ve\/site\/wp-content\/uploads\/2026\/01\/Venezuela-vigilia-presos-politicos-1.webp",800,533,false],"1536x1536":["https:\/\/digital58.com.ve\/site\/wp-content\/uploads\/2026\/01\/Venezuela-vigilia-presos-politicos-1.webp",900,600,false],"2048x2048":["https:\/\/digital58.com.ve\/site\/wp-content\/uploads\/2026\/01\/Venezuela-vigilia-presos-politicos-1.webp",900,600,false],"colormag-highlighted-post":["https:\/\/digital58.com.ve\/site\/wp-content\/uploads\/2026\/01\/Venezuela-vigilia-presos-politicos-1-392x272.webp",392,272,true],"colormag-featured-post-medium":["https:\/\/digital58.com.ve\/site\/wp-content\/uploads\/2026\/01\/Venezuela-vigilia-presos-politicos-1-390x205.webp",390,205,true],"colormag-featured-post-small":["https:\/\/digital58.com.ve\/site\/wp-content\/uploads\/2026\/01\/Venezuela-vigilia-presos-politicos-1-130x90.webp",130,90,true],"colormag-featured-image":["https:\/\/digital58.com.ve\/site\/wp-content\/uploads\/2026\/01\/Venezuela-vigilia-presos-politicos-1-800x445.webp",800,445,true],"colormag-default-news":["https:\/\/digital58.com.ve\/site\/wp-content\/uploads\/2026\/01\/Venezuela-vigilia-presos-politicos-1-150x150.webp",150,150,true],"colormag-featured-image-large":["https:\/\/digital58.com.ve\/site\/wp-content\/uploads\/2026\/01\/Venezuela-vigilia-presos-politicos-1.webp",900,600,false]},"uagb_author_info":{"display_name":"Villasmil Henry","author_link":"https:\/\/digital58.com.ve\/site\/author\/droopy_68\/"},"uagb_comment_info":0,"uagb_excerpt":"El proceso de excarcelaci\u00f3n transcurre con lentitud mientras las familias denuncian condiciones precarias de reclusi\u00f3n. Caracas, DC, Venezuela, 11 de","_links":{"self":[{"href":"https:\/\/digital58.com.ve\/site\/wp-json\/wp\/v2\/posts\/193240","targetHints":{"allow":["GET"]}}],"collection":[{"href":"https:\/\/digital58.com.ve\/site\/wp-json\/wp\/v2\/posts"}],"about":[{"href":"https:\/\/digital58.com.ve\/site\/wp-json\/wp\/v2\/types\/post"}],"author":[{"embeddable":true,"href":"https:\/\/digital58.com.ve\/site\/wp-json\/wp\/v2\/users\/1"}],"replies":[{"embeddable":true,"href":"https:\/\/digital58.com.ve\/site\/wp-json\/wp\/v2\/comments?post=193240"}],"version-history":[{"count":1,"href":"https:\/\/digital58.com.ve\/site\/wp-json\/wp\/v2\/posts\/193240\/revisions"}],"predecessor-version":[{"id":193244,"href":"https:\/\/digital58.com.ve\/site\/wp-json\/wp\/v2\/posts\/193240\/revisions\/193244"}],"wp:featuredmedia":[{"embeddable":true,"href":"https:\/\/digital58.com.ve\/site\/wp-json\/wp\/v2\/media\/193242"}],"wp:attachment":[{"href":"https:\/\/digital58.com.ve\/site\/wp-json\/wp\/v2\/media?parent=193240"}],"wp:term":[{"taxonomy":"category","embeddable":true,"href":"https:\/\/digital58.com.ve\/site\/wp-json\/wp\/v2\/categories?post=193240"},{"taxonomy":"post_tag","embeddable":true,"href":"https:\/\/digital58.com.ve\/site\/wp-json\/wp\/v2\/tags?post=193240"}],"curies":[{"name":"wp","href":"https:\/\/api.w.org\/{rel}","templated":true}]}}