{"id":193282,"date":"2026-01-12T08:14:59","date_gmt":"2026-01-12T12:14:59","guid":{"rendered":"https:\/\/digital58.com.ve\/site\/?p=193282"},"modified":"2026-01-12T09:20:35","modified_gmt":"2026-01-12T13:20:35","slug":"leon-xiv-recibe-en-el-vaticano-a-la-nobel-maria-corina-machado","status":"publish","type":"post","link":"https:\/\/digital58.com.ve\/site\/2026\/01\/12\/leon-xiv-recibe-en-el-vaticano-a-la-nobel-maria-corina-machado\/","title":{"rendered":"Le\u00f3n XIV recibe en el Vaticano a la nobel Mar\u00eda Corina Machado"},"content":{"rendered":"<p><a class=\"keychainify-checked\" href=\"https:\/\/digital58.com.ve\/site\/wp-content\/uploads\/2026\/01\/Maria_Corina_Machado_Venezuela-2.webp\"><img loading=\"lazy\" decoding=\"async\" class=\"aligncenter wp-image-193283 size-full\" src=\"https:\/\/digital58.com.ve\/site\/wp-content\/uploads\/2026\/01\/Maria_Corina_Machado_Venezuela-2.webp\" alt=\"El papa Le\u00f3n XIV recibi\u00f3 este lunes en audiencia privada a la l\u00edder opositora venezolana y premio nobel de la paz, Mar\u00eda Corina Machado, seg\u00fan confirm\u00f3 la Oficina de Prensa de la Santa Sede.\" width=\"900\" height=\"599\" srcset=\"https:\/\/digital58.com.ve\/site\/wp-content\/uploads\/2026\/01\/Maria_Corina_Machado_Venezuela-2.webp 900w, https:\/\/digital58.com.ve\/site\/wp-content\/uploads\/2026\/01\/Maria_Corina_Machado_Venezuela-2-300x200.webp 300w, https:\/\/digital58.com.ve\/site\/wp-content\/uploads\/2026\/01\/Maria_Corina_Machado_Venezuela-2-768x511.webp 768w\" sizes=\"auto, (max-width: 900px) 100vw, 900px\" \/><\/a><\/p>\n<blockquote><p>El pont\u00edfice y la l\u00edder venezolana dialogan tras revelaciones sobre negociaciones de asilo para el expresidente Nicol\u00e1s Maduro.<\/p><\/blockquote>\n<p><strong>Vaticano, 12 de enero de 2026 (ND58).-<\/strong> El papa Le\u00f3n XIV recibi\u00f3 este lunes en audiencia privada a la l\u00edder opositora venezolana y premio nobel de la paz, Mar\u00eda Corina Machado, seg\u00fan confirm\u00f3 la Oficina de Prensa de la Santa Sede.<\/p>\n<p>El encuentro fue anunciado oficialmente en el bolet\u00edn diario de las actividades del pont\u00edfice. Como dicta el protocolo habitual en estas citas, el Vaticano no ha divulgado, por el momento, los detalles espec\u00edficos de la conversaci\u00f3n ni los temas tratados a puerta cerrada.<\/p>\n<h2>El llamado a la paz diplom\u00e1tica<\/h2>\n<p>Previamente, el pasado viernes, Le\u00f3n XIV inst\u00f3 al cuerpo diplom\u00e1tico acreditado ante la Santa Sede a respetar la voluntad del pueblo venezolano.<\/p>\n<p>En su alocuci\u00f3n, el obispo de Roma abog\u00f3 por la b\u00fasqueda de soluciones pac\u00edficas que se mantengan alejadas de \u00abintereses partidistas\u00bb y prioricen el bien com\u00fan de la naci\u00f3n caribe\u00f1a.<\/p>\n<p><a href=\"https:\/\/digital58.com.ve\/site\/wp-content\/uploads\/2026\/01\/PAPA-CORINA.webp\"><img loading=\"lazy\" decoding=\"async\" class=\"aligncenter size-full wp-image-193292\" src=\"https:\/\/digital58.com.ve\/site\/wp-content\/uploads\/2026\/01\/PAPA-CORINA.webp\" alt=\"\" width=\"900\" height=\"600\" srcset=\"https:\/\/digital58.com.ve\/site\/wp-content\/uploads\/2026\/01\/PAPA-CORINA.webp 900w, https:\/\/digital58.com.ve\/site\/wp-content\/uploads\/2026\/01\/PAPA-CORINA-300x200.webp 300w, https:\/\/digital58.com.ve\/site\/wp-content\/uploads\/2026\/01\/PAPA-CORINA-768x512.webp 768w\" sizes=\"auto, (max-width: 900px) 100vw, 900px\" \/><\/a><\/p>\n<h2>Mediaci\u00f3n y la captura de Maduro<\/h2>\n<p>La diplomacia vaticana ha mantenido un seguimiento exhaustivo de la crisis en el pa\u00eds suramericano. Recientemente, el diario The Washington Post revel\u00f3 intentos de mediaci\u00f3n previos a la detenci\u00f3n de Nicol\u00e1s Maduro por fuerzas estadounidenses.<\/p>\n<p>Seg\u00fan la publicaci\u00f3n del 09 de enero, el Estado pontificio habr\u00eda gestionado una oferta de asilo en Rusia para el exmandatario antes de su captura.<\/p>\n<p>El rotativo estadounidense detall\u00f3 una conversaci\u00f3n clave entre el secretario de Estado vaticano, el cardenal Pietro Parolin, y el embajador de Estados Unidos ante la Santa Sede, Brian Burch, referente a dicha propuesta rusa de exilio.<\/p>\n<p><strong>Sala de redacci\u00f3n ND58 | Fuente: EFE<\/strong><br \/>\n<strong>Edici\u00f3n: Villasmil, Henry<\/strong><br \/>\n<strong>Gr\u00e1ficas: EFE<\/strong><\/p>\n<p>&nbsp;<\/p>\n<p>&nbsp;<\/p><div class=\"plfbq6a981d5f742c6\" ><p style=\"text-align: center;\"><a href=\"https:\/\/t.me\/noticiasdigital58\" target=\"_blank\" rel=\"noopener\"><img class=\"aligncenter size-full wp-image-125363\" src=\"https:\/\/digital58.com.ve\/site\/wp-content\/uploads\/2021\/04\/banner-telegram-web-2021.png\" alt=\"\" width=\"600\" height=\"90\" \/><\/a><\/p><\/div><style type=\"text\/css\">\r\n@media screen and (min-width: 1201px) {\r\n.plfbq6a981d5f742c6 {\r\ndisplay: block;\r\n}\r\n}\r\n@media screen and (min-width: 993px) and (max-width: 1200px) {\r\n.plfbq6a981d5f742c6 {\r\ndisplay: block;\r\n}\r\n}\r\n@media screen and (min-width: 769px) and (max-width: 992px) {\r\n.plfbq6a981d5f742c6 {\r\ndisplay: block;\r\n}\r\n}\r\n@media screen and (min-width: 768px) and (max-width: 768px) {\r\n.plfbq6a981d5f742c6 {\r\ndisplay: block;\r\n}\r\n}\r\n@media screen and (max-width: 767px) {\r\n.plfbq6a981d5f742c6 {\r\ndisplay: block;\r\n}\r\n}\r\n<\/style>\r\n\n<p>&nbsp;<\/p>\n<div style=\"margin-top: 0px; margin-bottom: 0px;\" class=\"sharethis-inline-share-buttons\" ><\/div>","protected":false},"excerpt":{"rendered":"<p>El pont\u00edfice y la l\u00edder venezolana dialogan tras revelaciones sobre negociaciones de asilo para el expresidente Nicol\u00e1s Maduro. Vaticano, 12<\/p>\n","protected":false},"author":1,"featured_media":193292,"comment_status":"open","ping_status":"closed","sticky":false,"template":"","format":"standard","meta":{"colormag_page_container_layout":"default_layout","colormag_page_sidebar_layout":"default_layout","_uag_custom_page_level_css":"","footnotes":""},"categories":[16451],"tags":[8,14491,14182,34942,400,32],"class_list":["post-193282","post","type-post","status-publish","format-standard","has-post-thumbnail","hentry","category-mundo","tag-internacionales","tag-maria-corina-machado","tag-nicolas-maduro-moros","tag-papa-leon-xiv","tag-vaticano","tag-venezuela"],"yoast_head":"<!-- This site is optimized with the Yoast SEO plugin v28.4 - https:\/\/yoast.com\/product\/yoast-seo-wordpress\/ -->\n<title>Le\u00f3n XIV recibe en el Vaticano a la nobel Mar\u00eda Corina Machado<\/title>\n<meta name=\"description\" content=\"Le\u00f3n XIV se re\u00fane con la nobel Mar\u00eda Corina Machado en el Vaticano tras revelarse intentos de mediaci\u00f3n para el asilo de Maduro en Rusia.\" \/>\n<meta name=\"robots\" content=\"index, follow, max-snippet:-1, max-image-preview:large, max-video-preview:-1\" \/>\n<link rel=\"canonical\" href=\"https:\/\/digital58.com.ve\/site\/2026\/01\/12\/leon-xiv-recibe-en-el-vaticano-a-la-nobel-maria-corina-machado\/\" \/>\n<meta property=\"og:locale\" content=\"es_ES\" \/>\n<meta property=\"og:type\" content=\"article\" \/>\n<meta property=\"og:title\" content=\"Le\u00f3n XIV recibe en el Vaticano a la nobel Mar\u00eda Corina Machado\" \/>\n<meta property=\"og:description\" content=\"Le\u00f3n XIV se re\u00fane con la nobel Mar\u00eda Corina Machado en el Vaticano tras revelarse intentos de mediaci\u00f3n para el asilo de Maduro en Rusia.\" \/>\n<meta property=\"og:url\" content=\"https:\/\/digital58.com.ve\/site\/2026\/01\/12\/leon-xiv-recibe-en-el-vaticano-a-la-nobel-maria-corina-machado\/\" \/>\n<meta property=\"og:site_name\" content=\"Noticias Digital58\" \/>\n<meta property=\"article:published_time\" content=\"2026-01-12T12:14:59+00:00\" \/>\n<meta property=\"article:modified_time\" content=\"2026-01-12T13:20:35+00:00\" \/>\n<meta property=\"og:image\" content=\"https:\/\/digital58.com.ve\/site\/wp-content\/uploads\/2026\/01\/PAPA-CORINA.webp\" \/>\n\t<meta property=\"og:image:width\" content=\"900\" \/>\n\t<meta property=\"og:image:height\" content=\"600\" \/>\n\t<meta property=\"og:image:type\" content=\"image\/webp\" \/>\n<meta name=\"author\" content=\"Villasmil Henry\" \/>\n<meta name=\"twitter:card\" content=\"summary_large_image\" \/>\n<meta name=\"twitter:creator\" content=\"@https:\/\/twitter.com\/villasmilhfoto\" \/>\n<meta name=\"twitter:site\" content=\"@villasmilhfoto\" \/>\n<meta name=\"twitter:label1\" content=\"Escrito por\" \/>\n\t<meta name=\"twitter:data1\" content=\"Villasmil Henry\" \/>\n\t<meta name=\"twitter:label2\" content=\"Tiempo estimado de lectura\" \/>\n\t<meta name=\"twitter:data2\" content=\"2 minutos\" \/>\n<script type=\"application\/ld+json\" class=\"yoast-schema-graph\">{\"@context\":\"https:\\\/\\\/schema.org\",\"@graph\":[{\"@type\":\"Article\",\"@id\":\"https:\\\/\\\/digital58.com.ve\\\/site\\\/2026\\\/01\\\/12\\\/leon-xiv-recibe-en-el-vaticano-a-la-nobel-maria-corina-machado\\\/#article\",\"isPartOf\":{\"@id\":\"https:\\\/\\\/digital58.com.ve\\\/site\\\/2026\\\/01\\\/12\\\/leon-xiv-recibe-en-el-vaticano-a-la-nobel-maria-corina-machado\\\/\"},\"author\":{\"name\":\"Villasmil Henry\",\"@id\":\"https:\\\/\\\/digital58.com.ve\\\/site\\\/#\\\/schema\\\/person\\\/64d1c2e4d0d4fd1b849980c4331c2951\"},\"headline\":\"Le\u00f3n XIV recibe en el Vaticano a la nobel Mar\u00eda Corina Machado\",\"datePublished\":\"2026-01-12T12:14:59+00:00\",\"dateModified\":\"2026-01-12T13:20:35+00:00\",\"mainEntityOfPage\":{\"@id\":\"https:\\\/\\\/digital58.com.ve\\\/site\\\/2026\\\/01\\\/12\\\/leon-xiv-recibe-en-el-vaticano-a-la-nobel-maria-corina-machado\\\/\"},\"wordCount\":320,\"commentCount\":0,\"publisher\":{\"@id\":\"https:\\\/\\\/digital58.com.ve\\\/site\\\/#\\\/schema\\\/person\\\/64d1c2e4d0d4fd1b849980c4331c2951\"},\"image\":{\"@id\":\"https:\\\/\\\/digital58.com.ve\\\/site\\\/2026\\\/01\\\/12\\\/leon-xiv-recibe-en-el-vaticano-a-la-nobel-maria-corina-machado\\\/#primaryimage\"},\"thumbnailUrl\":\"https:\\\/\\\/digital58.com.ve\\\/site\\\/wp-content\\\/uploads\\\/2026\\\/01\\\/PAPA-CORINA.webp\",\"keywords\":[\"Internacionales\",\"Mar\u00eda Corina Machado\",\"Nicol\u00e1s Maduro Moros\",\"Papa Leon XIV\",\"Vaticano\",\"Venezuela\"],\"articleSection\":[\"Mundo\"],\"inLanguage\":\"es\",\"potentialAction\":[{\"@type\":\"CommentAction\",\"name\":\"Comment\",\"target\":[\"https:\\\/\\\/digital58.com.ve\\\/site\\\/2026\\\/01\\\/12\\\/leon-xiv-recibe-en-el-vaticano-a-la-nobel-maria-corina-machado\\\/#respond\"]}]},{\"@type\":\"WebPage\",\"@id\":\"https:\\\/\\\/digital58.com.ve\\\/site\\\/2026\\\/01\\\/12\\\/leon-xiv-recibe-en-el-vaticano-a-la-nobel-maria-corina-machado\\\/\",\"url\":\"https:\\\/\\\/digital58.com.ve\\\/site\\\/2026\\\/01\\\/12\\\/leon-xiv-recibe-en-el-vaticano-a-la-nobel-maria-corina-machado\\\/\",\"name\":\"Le\u00f3n XIV recibe en el Vaticano a la nobel Mar\u00eda Corina Machado\",\"isPartOf\":{\"@id\":\"https:\\\/\\\/digital58.com.ve\\\/site\\\/#website\"},\"primaryImageOfPage\":{\"@id\":\"https:\\\/\\\/digital58.com.ve\\\/site\\\/2026\\\/01\\\/12\\\/leon-xiv-recibe-en-el-vaticano-a-la-nobel-maria-corina-machado\\\/#primaryimage\"},\"image\":{\"@id\":\"https:\\\/\\\/digital58.com.ve\\\/site\\\/2026\\\/01\\\/12\\\/leon-xiv-recibe-en-el-vaticano-a-la-nobel-maria-corina-machado\\\/#primaryimage\"},\"thumbnailUrl\":\"https:\\\/\\\/digital58.com.ve\\\/site\\\/wp-content\\\/uploads\\\/2026\\\/01\\\/PAPA-CORINA.webp\",\"datePublished\":\"2026-01-12T12:14:59+00:00\",\"dateModified\":\"2026-01-12T13:20:35+00:00\",\"description\":\"Le\u00f3n XIV se re\u00fane con la nobel Mar\u00eda Corina Machado en el Vaticano tras revelarse intentos de mediaci\u00f3n para el asilo de Maduro en Rusia.\",\"breadcrumb\":{\"@id\":\"https:\\\/\\\/digital58.com.ve\\\/site\\\/2026\\\/01\\\/12\\\/leon-xiv-recibe-en-el-vaticano-a-la-nobel-maria-corina-machado\\\/#breadcrumb\"},\"inLanguage\":\"es\",\"potentialAction\":[{\"@type\":\"ReadAction\",\"target\":[\"https:\\\/\\\/digital58.com.ve\\\/site\\\/2026\\\/01\\\/12\\\/leon-xiv-recibe-en-el-vaticano-a-la-nobel-maria-corina-machado\\\/\"]}]},{\"@type\":\"ImageObject\",\"inLanguage\":\"es\",\"@id\":\"https:\\\/\\\/digital58.com.ve\\\/site\\\/2026\\\/01\\\/12\\\/leon-xiv-recibe-en-el-vaticano-a-la-nobel-maria-corina-machado\\\/#primaryimage\",\"url\":\"https:\\\/\\\/digital58.com.ve\\\/site\\\/wp-content\\\/uploads\\\/2026\\\/01\\\/PAPA-CORINA.webp\",\"contentUrl\":\"https:\\\/\\\/digital58.com.ve\\\/site\\\/wp-content\\\/uploads\\\/2026\\\/01\\\/PAPA-CORINA.webp\",\"width\":900,\"height\":600},{\"@type\":\"BreadcrumbList\",\"@id\":\"https:\\\/\\\/digital58.com.ve\\\/site\\\/2026\\\/01\\\/12\\\/leon-xiv-recibe-en-el-vaticano-a-la-nobel-maria-corina-machado\\\/#breadcrumb\",\"itemListElement\":[{\"@type\":\"ListItem\",\"position\":1,\"name\":\"Home\",\"item\":\"https:\\\/\\\/digital58.com.ve\\\/site\\\/\"},{\"@type\":\"ListItem\",\"position\":2,\"name\":\"Le\u00f3n XIV recibe en el Vaticano a la nobel Mar\u00eda Corina Machado\"}]},{\"@type\":\"WebSite\",\"@id\":\"https:\\\/\\\/digital58.com.ve\\\/site\\\/#website\",\"url\":\"https:\\\/\\\/digital58.com.ve\\\/site\\\/\",\"name\":\"Noticias Digital58\",\"description\":\"Portal de Noticias \u00a1Periodismo web de verdad! Lanzamiento web 22.11.2005 \\\/ Maracaibo, Venezuela\",\"publisher\":{\"@id\":\"https:\\\/\\\/digital58.com.ve\\\/site\\\/#\\\/schema\\\/person\\\/64d1c2e4d0d4fd1b849980c4331c2951\"},\"alternateName\":\"ND58\",\"potentialAction\":[{\"@type\":\"SearchAction\",\"target\":{\"@type\":\"EntryPoint\",\"urlTemplate\":\"https:\\\/\\\/digital58.com.ve\\\/site\\\/?s={search_term_string}\"},\"query-input\":{\"@type\":\"PropertyValueSpecification\",\"valueRequired\":true,\"valueName\":\"search_term_string\"}}],\"inLanguage\":\"es\"},{\"@type\":[\"Person\",\"Organization\"],\"@id\":\"https:\\\/\\\/digital58.com.ve\\\/site\\\/#\\\/schema\\\/person\\\/64d1c2e4d0d4fd1b849980c4331c2951\",\"name\":\"Villasmil Henry\",\"image\":{\"@type\":\"ImageObject\",\"inLanguage\":\"es\",\"@id\":\"https:\\\/\\\/secure.gravatar.com\\\/avatar\\\/bb0c4a2fcb7970138239f7e404ea75757b1b507b28b5ce4c53fbd62d797c5a7c?s=96&d=mm&r=g\",\"url\":\"https:\\\/\\\/secure.gravatar.com\\\/avatar\\\/bb0c4a2fcb7970138239f7e404ea75757b1b507b28b5ce4c53fbd62d797c5a7c?s=96&d=mm&r=g\",\"contentUrl\":\"https:\\\/\\\/secure.gravatar.com\\\/avatar\\\/bb0c4a2fcb7970138239f7e404ea75757b1b507b28b5ce4c53fbd62d797c5a7c?s=96&d=mm&r=g\",\"caption\":\"Villasmil Henry\"},\"logo\":{\"@id\":\"https:\\\/\\\/secure.gravatar.com\\\/avatar\\\/bb0c4a2fcb7970138239f7e404ea75757b1b507b28b5ce4c53fbd62d797c5a7c?s=96&d=mm&r=g\"},\"sameAs\":[\"http:\\\/\\\/www.henryvillasmil.com.ve\",\"https:\\\/\\\/www.instagram.com\\\/villasmilhfoto\\\/\",\"https:\\\/\\\/x.com\\\/https:\\\/\\\/twitter.com\\\/villasmilhfoto\"],\"url\":\"https:\\\/\\\/digital58.com.ve\\\/site\\\/author\\\/droopy_68\\\/\"}]}<\/script>\n<!-- \/ Yoast SEO plugin. -->","yoast_head_json":{"title":"Le\u00f3n XIV recibe en el Vaticano a la nobel Mar\u00eda Corina Machado","description":"Le\u00f3n XIV se re\u00fane con la nobel Mar\u00eda Corina Machado en el Vaticano tras revelarse intentos de mediaci\u00f3n para el asilo de Maduro en Rusia.","robots":{"index":"index","follow":"follow","max-snippet":"max-snippet:-1","max-image-preview":"max-image-preview:large","max-video-preview":"max-video-preview:-1"},"canonical":"https:\/\/digital58.com.ve\/site\/2026\/01\/12\/leon-xiv-recibe-en-el-vaticano-a-la-nobel-maria-corina-machado\/","og_locale":"es_ES","og_type":"article","og_title":"Le\u00f3n XIV recibe en el Vaticano a la nobel Mar\u00eda Corina Machado","og_description":"Le\u00f3n XIV se re\u00fane con la nobel Mar\u00eda Corina Machado en el Vaticano tras revelarse intentos de mediaci\u00f3n para el asilo de Maduro en Rusia.","og_url":"https:\/\/digital58.com.ve\/site\/2026\/01\/12\/leon-xiv-recibe-en-el-vaticano-a-la-nobel-maria-corina-machado\/","og_site_name":"Noticias Digital58","article_published_time":"2026-01-12T12:14:59+00:00","article_modified_time":"2026-01-12T13:20:35+00:00","og_image":[{"width":900,"height":600,"url":"https:\/\/digital58.com.ve\/site\/wp-content\/uploads\/2026\/01\/PAPA-CORINA.webp","type":"image\/webp"}],"author":"Villasmil Henry","twitter_card":"summary_large_image","twitter_creator":"@https:\/\/twitter.com\/villasmilhfoto","twitter_site":"@villasmilhfoto","twitter_misc":{"Escrito por":"Villasmil Henry","Tiempo estimado de lectura":"2 minutos"},"schema":{"@context":"https:\/\/schema.org","@graph":[{"@type":"Article","@id":"https:\/\/digital58.com.ve\/site\/2026\/01\/12\/leon-xiv-recibe-en-el-vaticano-a-la-nobel-maria-corina-machado\/#article","isPartOf":{"@id":"https:\/\/digital58.com.ve\/site\/2026\/01\/12\/leon-xiv-recibe-en-el-vaticano-a-la-nobel-maria-corina-machado\/"},"author":{"name":"Villasmil Henry","@id":"https:\/\/digital58.com.ve\/site\/#\/schema\/person\/64d1c2e4d0d4fd1b849980c4331c2951"},"headline":"Le\u00f3n XIV recibe en el Vaticano a la nobel Mar\u00eda Corina Machado","datePublished":"2026-01-12T12:14:59+00:00","dateModified":"2026-01-12T13:20:35+00:00","mainEntityOfPage":{"@id":"https:\/\/digital58.com.ve\/site\/2026\/01\/12\/leon-xiv-recibe-en-el-vaticano-a-la-nobel-maria-corina-machado\/"},"wordCount":320,"commentCount":0,"publisher":{"@id":"https:\/\/digital58.com.ve\/site\/#\/schema\/person\/64d1c2e4d0d4fd1b849980c4331c2951"},"image":{"@id":"https:\/\/digital58.com.ve\/site\/2026\/01\/12\/leon-xiv-recibe-en-el-vaticano-a-la-nobel-maria-corina-machado\/#primaryimage"},"thumbnailUrl":"https:\/\/digital58.com.ve\/site\/wp-content\/uploads\/2026\/01\/PAPA-CORINA.webp","keywords":["Internacionales","Mar\u00eda Corina Machado","Nicol\u00e1s Maduro Moros","Papa Leon XIV","Vaticano","Venezuela"],"articleSection":["Mundo"],"inLanguage":"es","potentialAction":[{"@type":"CommentAction","name":"Comment","target":["https:\/\/digital58.com.ve\/site\/2026\/01\/12\/leon-xiv-recibe-en-el-vaticano-a-la-nobel-maria-corina-machado\/#respond"]}]},{"@type":"WebPage","@id":"https:\/\/digital58.com.ve\/site\/2026\/01\/12\/leon-xiv-recibe-en-el-vaticano-a-la-nobel-maria-corina-machado\/","url":"https:\/\/digital58.com.ve\/site\/2026\/01\/12\/leon-xiv-recibe-en-el-vaticano-a-la-nobel-maria-corina-machado\/","name":"Le\u00f3n XIV recibe en el Vaticano a la nobel Mar\u00eda Corina Machado","isPartOf":{"@id":"https:\/\/digital58.com.ve\/site\/#website"},"primaryImageOfPage":{"@id":"https:\/\/digital58.com.ve\/site\/2026\/01\/12\/leon-xiv-recibe-en-el-vaticano-a-la-nobel-maria-corina-machado\/#primaryimage"},"image":{"@id":"https:\/\/digital58.com.ve\/site\/2026\/01\/12\/leon-xiv-recibe-en-el-vaticano-a-la-nobel-maria-corina-machado\/#primaryimage"},"thumbnailUrl":"https:\/\/digital58.com.ve\/site\/wp-content\/uploads\/2026\/01\/PAPA-CORINA.webp","datePublished":"2026-01-12T12:14:59+00:00","dateModified":"2026-01-12T13:20:35+00:00","description":"Le\u00f3n XIV se re\u00fane con la nobel Mar\u00eda Corina Machado en el Vaticano tras revelarse intentos de mediaci\u00f3n para el asilo de Maduro en Rusia.","breadcrumb":{"@id":"https:\/\/digital58.com.ve\/site\/2026\/01\/12\/leon-xiv-recibe-en-el-vaticano-a-la-nobel-maria-corina-machado\/#breadcrumb"},"inLanguage":"es","potentialAction":[{"@type":"ReadAction","target":["https:\/\/digital58.com.ve\/site\/2026\/01\/12\/leon-xiv-recibe-en-el-vaticano-a-la-nobel-maria-corina-machado\/"]}]},{"@type":"ImageObject","inLanguage":"es","@id":"https:\/\/digital58.com.ve\/site\/2026\/01\/12\/leon-xiv-recibe-en-el-vaticano-a-la-nobel-maria-corina-machado\/#primaryimage","url":"https:\/\/digital58.com.ve\/site\/wp-content\/uploads\/2026\/01\/PAPA-CORINA.webp","contentUrl":"https:\/\/digital58.com.ve\/site\/wp-content\/uploads\/2026\/01\/PAPA-CORINA.webp","width":900,"height":600},{"@type":"BreadcrumbList","@id":"https:\/\/digital58.com.ve\/site\/2026\/01\/12\/leon-xiv-recibe-en-el-vaticano-a-la-nobel-maria-corina-machado\/#breadcrumb","itemListElement":[{"@type":"ListItem","position":1,"name":"Home","item":"https:\/\/digital58.com.ve\/site\/"},{"@type":"ListItem","position":2,"name":"Le\u00f3n XIV recibe en el Vaticano a la nobel Mar\u00eda Corina Machado"}]},{"@type":"WebSite","@id":"https:\/\/digital58.com.ve\/site\/#website","url":"https:\/\/digital58.com.ve\/site\/","name":"Noticias Digital58","description":"Portal de Noticias \u00a1Periodismo web de verdad! Lanzamiento web 22.11.2005 \/ Maracaibo, Venezuela","publisher":{"@id":"https:\/\/digital58.com.ve\/site\/#\/schema\/person\/64d1c2e4d0d4fd1b849980c4331c2951"},"alternateName":"ND58","potentialAction":[{"@type":"SearchAction","target":{"@type":"EntryPoint","urlTemplate":"https:\/\/digital58.com.ve\/site\/?s={search_term_string}"},"query-input":{"@type":"PropertyValueSpecification","valueRequired":true,"valueName":"search_term_string"}}],"inLanguage":"es"},{"@type":["Person","Organization"],"@id":"https:\/\/digital58.com.ve\/site\/#\/schema\/person\/64d1c2e4d0d4fd1b849980c4331c2951","name":"Villasmil Henry","image":{"@type":"ImageObject","inLanguage":"es","@id":"https:\/\/secure.gravatar.com\/avatar\/bb0c4a2fcb7970138239f7e404ea75757b1b507b28b5ce4c53fbd62d797c5a7c?s=96&d=mm&r=g","url":"https:\/\/secure.gravatar.com\/avatar\/bb0c4a2fcb7970138239f7e404ea75757b1b507b28b5ce4c53fbd62d797c5a7c?s=96&d=mm&r=g","contentUrl":"https:\/\/secure.gravatar.com\/avatar\/bb0c4a2fcb7970138239f7e404ea75757b1b507b28b5ce4c53fbd62d797c5a7c?s=96&d=mm&r=g","caption":"Villasmil Henry"},"logo":{"@id":"https:\/\/secure.gravatar.com\/avatar\/bb0c4a2fcb7970138239f7e404ea75757b1b507b28b5ce4c53fbd62d797c5a7c?s=96&d=mm&r=g"},"sameAs":["http:\/\/www.henryvillasmil.com.ve","https:\/\/www.instagram.com\/villasmilhfoto\/","https:\/\/x.com\/https:\/\/twitter.com\/villasmilhfoto"],"url":"https:\/\/digital58.com.ve\/site\/author\/droopy_68\/"}]}},"uagb_featured_image_src":{"full":["https:\/\/digital58.com.ve\/site\/wp-content\/uploads\/2026\/01\/PAPA-CORINA.webp",900,600,false],"thumbnail":["https:\/\/digital58.com.ve\/site\/wp-content\/uploads\/2026\/01\/PAPA-CORINA-150x150.webp",150,150,true],"medium":["https:\/\/digital58.com.ve\/site\/wp-content\/uploads\/2026\/01\/PAPA-CORINA-300x200.webp",300,200,true],"medium_large":["https:\/\/digital58.com.ve\/site\/wp-content\/uploads\/2026\/01\/PAPA-CORINA-768x512.webp",768,512,true],"large":["https:\/\/digital58.com.ve\/site\/wp-content\/uploads\/2026\/01\/PAPA-CORINA.webp",800,533,false],"1536x1536":["https:\/\/digital58.com.ve\/site\/wp-content\/uploads\/2026\/01\/PAPA-CORINA.webp",900,600,false],"2048x2048":["https:\/\/digital58.com.ve\/site\/wp-content\/uploads\/2026\/01\/PAPA-CORINA.webp",900,600,false],"colormag-highlighted-post":["https:\/\/digital58.com.ve\/site\/wp-content\/uploads\/2026\/01\/PAPA-CORINA-392x272.webp",392,272,true],"colormag-featured-post-medium":["https:\/\/digital58.com.ve\/site\/wp-content\/uploads\/2026\/01\/PAPA-CORINA-390x205.webp",390,205,true],"colormag-featured-post-small":["https:\/\/digital58.com.ve\/site\/wp-content\/uploads\/2026\/01\/PAPA-CORINA-130x90.webp",130,90,true],"colormag-featured-image":["https:\/\/digital58.com.ve\/site\/wp-content\/uploads\/2026\/01\/PAPA-CORINA-800x445.webp",800,445,true],"colormag-default-news":["https:\/\/digital58.com.ve\/site\/wp-content\/uploads\/2026\/01\/PAPA-CORINA-150x150.webp",150,150,true],"colormag-featured-image-large":["https:\/\/digital58.com.ve\/site\/wp-content\/uploads\/2026\/01\/PAPA-CORINA.webp",900,600,false]},"uagb_author_info":{"display_name":"Villasmil Henry","author_link":"https:\/\/digital58.com.ve\/site\/author\/droopy_68\/"},"uagb_comment_info":0,"uagb_excerpt":"El pont\u00edfice y la l\u00edder venezolana dialogan tras revelaciones sobre negociaciones de asilo para el expresidente Nicol\u00e1s Maduro. Vaticano, 12","_links":{"self":[{"href":"https:\/\/digital58.com.ve\/site\/wp-json\/wp\/v2\/posts\/193282","targetHints":{"allow":["GET"]}}],"collection":[{"href":"https:\/\/digital58.com.ve\/site\/wp-json\/wp\/v2\/posts"}],"about":[{"href":"https:\/\/digital58.com.ve\/site\/wp-json\/wp\/v2\/types\/post"}],"author":[{"embeddable":true,"href":"https:\/\/digital58.com.ve\/site\/wp-json\/wp\/v2\/users\/1"}],"replies":[{"embeddable":true,"href":"https:\/\/digital58.com.ve\/site\/wp-json\/wp\/v2\/comments?post=193282"}],"version-history":[{"count":2,"href":"https:\/\/digital58.com.ve\/site\/wp-json\/wp\/v2\/posts\/193282\/revisions"}],"predecessor-version":[{"id":193293,"href":"https:\/\/digital58.com.ve\/site\/wp-json\/wp\/v2\/posts\/193282\/revisions\/193293"}],"wp:featuredmedia":[{"embeddable":true,"href":"https:\/\/digital58.com.ve\/site\/wp-json\/wp\/v2\/media\/193292"}],"wp:attachment":[{"href":"https:\/\/digital58.com.ve\/site\/wp-json\/wp\/v2\/media?parent=193282"}],"wp:term":[{"taxonomy":"category","embeddable":true,"href":"https:\/\/digital58.com.ve\/site\/wp-json\/wp\/v2\/categories?post=193282"},{"taxonomy":"post_tag","embeddable":true,"href":"https:\/\/digital58.com.ve\/site\/wp-json\/wp\/v2\/tags?post=193282"}],"curies":[{"name":"wp","href":"https:\/\/api.w.org\/{rel}","templated":true}]}}