{"id":193905,"date":"2026-02-20T10:42:00","date_gmt":"2026-02-20T14:42:00","guid":{"rendered":"https:\/\/digital58.com.ve\/site\/?p=193905"},"modified":"2026-02-20T10:42:00","modified_gmt":"2026-02-20T14:42:00","slug":"parlamento-de-venezuela-aprueba-ley-de-amnistia-para-presos-politicos","status":"publish","type":"post","link":"https:\/\/digital58.com.ve\/site\/2026\/02\/20\/parlamento-de-venezuela-aprueba-ley-de-amnistia-para-presos-politicos\/","title":{"rendered":"Parlamento de Venezuela aprueba ley de amnist\u00eda para presos pol\u00edticos"},"content":{"rendered":"<p><a class=\"keychainify-checked\" href=\"https:\/\/digital58.com.ve\/site\/wp-content\/uploads\/2026\/02\/Presidente_Venezuela_firma.webp\"><img loading=\"lazy\" decoding=\"async\" class=\"aligncenter wp-image-193908 size-full\" src=\"https:\/\/digital58.com.ve\/site\/wp-content\/uploads\/2026\/02\/Presidente_Venezuela_firma.webp\" alt=\"La Asamblea Nacional (AN, Parlamento) de Venezuela aprob\u00f3 este jueves, de manera un\u00e1nime, una hist\u00f3rica ley de amnist\u00eda para presos pol\u00edticos condenados en episodios de crisis pol\u00edtica entre 2002 y 2025 y que excluye a personas que promovieron o participaron en acciones armadas o de fuerza contra los ciudadanos, la soberan\u00eda y la integridad del pa\u00eds suramericano.\" width=\"900\" height=\"600\" srcset=\"https:\/\/digital58.com.ve\/site\/wp-content\/uploads\/2026\/02\/Presidente_Venezuela_firma.webp 900w, https:\/\/digital58.com.ve\/site\/wp-content\/uploads\/2026\/02\/Presidente_Venezuela_firma-300x200.webp 300w, https:\/\/digital58.com.ve\/site\/wp-content\/uploads\/2026\/02\/Presidente_Venezuela_firma-768x512.webp 768w\" sizes=\"auto, (max-width: 900px) 100vw, 900px\" \/><\/a><\/p>\n<blockquote><p>La Asamblea Nacional ratifica la medida para detenidos entre 2002 y 2025, aunque excluye delitos graves y acciones de fuerza ciudadana.<\/p><\/blockquote>\n<p><strong>Caracas, DC, Venezuela, 20 de febrero de 2026 (ND58).-<\/strong> La Asamblea Nacional (AN, Parlamento) de Venezuela aprob\u00f3 este jueves, de manera un\u00e1nime, una hist\u00f3rica ley de amnist\u00eda para presos pol\u00edticos condenados en episodios de crisis pol\u00edtica entre 2002 y 2025 y que excluye a personas que promovieron o participaron en acciones armadas o de fuerza contra los ciudadanos, la soberan\u00eda y la integridad del pa\u00eds suramericano.<\/p>\n<p>En el art\u00edculo 9 de la nueva legislaci\u00f3n se excluyen de la aplicaci\u00f3n de la amnist\u00eda los delitos sobre violaciones graves a los derechos humanos, de lesa humanidad, homicidio intencional, lesiones grav\u00edsimas, tr\u00e1fico de drogas, as\u00ed como delitos previstos en la ley contra la corrupci\u00f3n.<\/p>\n<p>Igualmente, establece la exclusi\u00f3n de personas que se encuentren o puedan procesarse o condenarse por \u00abpromover, instigar, solicitar, invocar, favorecer, facilitar, financiar o participar en acciones armadas o de fuerza contra el pueblo, la soberan\u00eda y la integridad territorial\u00bb de Venezuela por parte de \u00abEstados, corporaciones o personas extranjeras\u00bb.<\/p>\n<p>Los diputados aprobaron conceder la amnist\u00eda sobre hechos o \u00abfaltas cometidas\u00bb durante diferentes episodios de crisis pol\u00edtica ocurridos entre 2002 y 2025, como el golpe de Estado contra el fallecido presidente Hugo Ch\u00e1vez en abril de 2002, el paro petrolero de finales de ese a\u00f1o y principios de 2003 y las protestas antigubernamentales de 2013, 2017 y 2024.<\/p>\n<p><a class=\"keychainify-checked\" href=\"https:\/\/digital58.com.ve\/site\/wp-content\/uploads\/2026\/02\/Venezuela-ley-de-amnistia-7.webp\"><img loading=\"lazy\" decoding=\"async\" class=\"aligncenter size-full wp-image-193906\" src=\"https:\/\/digital58.com.ve\/site\/wp-content\/uploads\/2026\/02\/Venezuela-ley-de-amnistia-7.webp\" alt=\"\" width=\"900\" height=\"600\" srcset=\"https:\/\/digital58.com.ve\/site\/wp-content\/uploads\/2026\/02\/Venezuela-ley-de-amnistia-7.webp 900w, https:\/\/digital58.com.ve\/site\/wp-content\/uploads\/2026\/02\/Venezuela-ley-de-amnistia-7-300x200.webp 300w, https:\/\/digital58.com.ve\/site\/wp-content\/uploads\/2026\/02\/Venezuela-ley-de-amnistia-7-768x512.webp 768w\" sizes=\"auto, (max-width: 900px) 100vw, 900px\" \/><\/a><\/p>\n<h2>Rodr\u00edguez: hay que saber pedir perd\u00f3n y recibirlo<\/h2>\n<p>La presidenta encargada de Venezuela, Delcy Rodr\u00edguez, dijo sentirse \u00abmuy complacida\u00bb con la aprobaci\u00f3n de la ley que, a su juicio, abre una puerta para que los ciudadanos se reencuentren y para que el pa\u00eds aprenda a convivir pac\u00edfica y democr\u00e1ticamente.<\/p>\n<p>\u00abPara que Venezuela se despoje del odio, de la intolerancia, que primen los derechos humanos, que prime el amor, el entendimiento, el reconocimiento\u00bb, a\u00f1adi\u00f3 tras rubricar la legislaci\u00f3n en el palacio presidencial de Miraflores, acompa\u00f1ada del presidente de la AN, Jorge Rodr\u00edguez, y del ministro de Interior, Diosdado Cabello.<\/p>\n<p>La l\u00edder chavista sostuvo que hay que \u00absaber pedir perd\u00f3n y hay que tambi\u00e9n recibir el perd\u00f3n\u00bb lo que, indic\u00f3, se abre ahora con esta nueva ley.<\/p>\n<p>Tambi\u00e9n pidi\u00f3 al Parlamento, al programa para la convivencia y la paz y a la comisi\u00f3n para la revoluci\u00f3n judicial que eval\u00fae casos que no est\u00e1n contemplados en la reci\u00e9n aprobada ley para \u00abcurar heridas, reencauzar la convivencia democr\u00e1tica\u00bb y la justicia.<\/p>\n<p>\u00abYo pido a toda Venezuela que nos aboquemos a esa tarea tan fundamental como una de las grandes virtudes de nuestra rep\u00fablica, que debe ser la justicia\u00bb, a\u00f1adi\u00f3.<\/p>\n<p>Esta propuesta de amnist\u00eda se enmarca en el \u00abnuevo momento pol\u00edtico\u00bb anunciado por Rodr\u00edguez, quien asumi\u00f3 el Ejecutivo tras la captura del presidente Nicol\u00e1s Maduro durante el ataque militar de EE.UU. el pasado 3 de enero.<\/p>\n<p>La ONG Foro Penal contabiliza 644 presos pol\u00edticos en el pa\u00eds, tras m\u00e1s de 400 excarcelaciones en medio de un proceso iniciado el pasado 8 de enero por el Gobierno encargado.<\/p>\n<p>La \u00faltima ha sido la del opositor Juan Pablo Guanipa, que era liberado apenas unas horas despu\u00e9s de la aprobaci\u00f3n de la ley.<\/p>\n<p><a class=\"keychainify-checked\" href=\"https:\/\/digital58.com.ve\/site\/wp-content\/uploads\/2026\/02\/Venezuela-ley-de-amnistia-6.webp\"><img loading=\"lazy\" decoding=\"async\" class=\"aligncenter size-full wp-image-193909\" src=\"https:\/\/digital58.com.ve\/site\/wp-content\/uploads\/2026\/02\/Venezuela-ley-de-amnistia-6.webp\" alt=\"\" width=\"900\" height=\"600\" srcset=\"https:\/\/digital58.com.ve\/site\/wp-content\/uploads\/2026\/02\/Venezuela-ley-de-amnistia-6.webp 900w, https:\/\/digital58.com.ve\/site\/wp-content\/uploads\/2026\/02\/Venezuela-ley-de-amnistia-6-300x200.webp 300w, https:\/\/digital58.com.ve\/site\/wp-content\/uploads\/2026\/02\/Venezuela-ley-de-amnistia-6-768x512.webp 768w\" sizes=\"auto, (max-width: 900px) 100vw, 900px\" \/><\/a><\/p>\n<h2>Familiares celebran la amnist\u00eda y levantan la huelga de hambre<\/h2>\n<p>Entretanto, los familiares de los presos pol\u00edticos de Venezuela celebraron la aprobaci\u00f3n de la ley de amnist\u00eda y exigieron la liberaci\u00f3n de los detenidos, coincidiendo con el anuncio del fin de la huelga de hambre que secundaba desde el pasado s\u00e1bado un grupo de diez mujeres.<\/p>\n<p>Entre l\u00e1grimas, abrazos, gritos y oraciones, los familiares vieron a trav\u00e9s de tel\u00e9fonos el momento cuando Jorge Rodr\u00edguez proclam\u00f3 \u00abel aprobado por unanimidad\u00bb que dio luz verde a la amnist\u00eda.<\/p>\n<p>\u00abHoy al ser aprobada la ley de amnist\u00eda, tenemos una alegr\u00eda profunda. Tenemos mucha emoci\u00f3n porque sentimos que, de una u otra forma, vali\u00f3 la pena la lucha que hemos hecho durante todos estos d\u00edas.<\/p>\n<p>Estamos sumamente felices y esperamos con ansia a nuestros seres queridos\u00bb, dijo a EFE Petra Vera, familiar de un preso pol\u00edtico recluido en el comando de la Polic\u00eda Nacional Bolivariana (PNB) conocido como Zona 7, en el este de Caracas.<\/p>\n<p>\u00abHoy estamos levantando ya la huelga de hambre\u00bb, dijo Yessy Orozco, tras se\u00f1alar que a d\u00eda de hoy solo una de estas mujeres manten\u00eda la protesta debido que las condiciones f\u00edsicas no permitieron a las dem\u00e1s a seguir con la huelga.<\/p>\n<p>\u00abPero aqu\u00ed seguimos, aqu\u00ed seguimos con la mejor disposici\u00f3n y con la fortaleza (\u2026). Aqu\u00ed seguimos hasta que el \u00faltimo salga, por la libertad de todos nuestros familiares y de todos los presos pol\u00edticos de este pa\u00eds\u00bb, a\u00f1adi\u00f3.<\/p>\n<h2>ONG y opositores, con reservas<\/h2>\n<p>Mientras, ONG defensoras de derechos humanos y opositores venezolanos expusieron sus reservas en las redes sociales tras la aprobaci\u00f3n de la ley.<\/p>\n<p>El coordinador general de la ONG Provea, Oscar Murillo, dijo que lo aprobado no corresponde \u00abcon el esp\u00edritu de paz y reconciliaci\u00f3n que deber\u00eda tener una norma de esa naturaleza\u00bb.<\/p>\n<p>Por su parte, el presidente de la ONG Foro Penal, Alfredo Romero, indic\u00f3 en X que hay que recibir con optimismo la aprobaci\u00f3n de la ley pero que tambi\u00e9n es restrictiva y deja por fuera \u00abmuchos casos\u00bb.<\/p>\n<p>La ONG Justicia, Encuentro y Perd\u00f3n se\u00f1al\u00f3 que el texto aprobado es \u00abrevictimizante, excluyente y, en lo absoluto, garantiza la liberaci\u00f3n plena de todos los presos pol\u00edticos\u00bb.<\/p>\n<p>Igualmente, el partido opositor Primero Justicia sostuvo que la ley es \u00abinsuficiente y sesgada\u00bb.<\/p>\n<p>Pero el diputado opositor Stalin Gonz\u00e1lez, miembro de la comisi\u00f3n de seguimiento de la ley, cree que la amnist\u00eda es una \u00abherramienta para reconstruir la justicia\u00bb, aunque \u00abno es perfecta\u00bb.<\/p>\n<p><a class=\"keychainify-checked\" href=\"https:\/\/digital58.com.ve\/site\/wp-content\/uploads\/2026\/02\/Jorge_Rodriguez.webp\"><img loading=\"lazy\" decoding=\"async\" class=\"aligncenter size-full wp-image-193907\" src=\"https:\/\/digital58.com.ve\/site\/wp-content\/uploads\/2026\/02\/Jorge_Rodriguez.webp\" alt=\"\" width=\"900\" height=\"600\" srcset=\"https:\/\/digital58.com.ve\/site\/wp-content\/uploads\/2026\/02\/Jorge_Rodriguez.webp 900w, https:\/\/digital58.com.ve\/site\/wp-content\/uploads\/2026\/02\/Jorge_Rodriguez-300x200.webp 300w, https:\/\/digital58.com.ve\/site\/wp-content\/uploads\/2026\/02\/Jorge_Rodriguez-768x512.webp 768w\" sizes=\"auto, (max-width: 900px) 100vw, 900px\" \/><\/a><\/p>\n<h2>El Parlamento admite mal uso de Ley contra el odio<\/h2>\n<p>Por otra parte, el presidente de la Asamblea Nacional admiti\u00f3 el uso inadecuado de la Ley contra el odio -cuestionada por defensores de derechos humanos- y consider\u00f3 posible una reforma de esta legislaci\u00f3n que establece penas de hasta 20 a\u00f1os de c\u00e1rcel.<\/p>\n<p>El jefe parlamentario asegur\u00f3 que la Ley contra el odio es \u00abmuy \u00fatil\u00bb, pero reconoci\u00f3 que \u00abhubo situaciones de mala utilizaci\u00f3n\u00bb y aplicaci\u00f3n de esta legislaci\u00f3n.<\/p>\n<p>En este sentido, se\u00f1al\u00f3 que el Programa por la Convivencia Democr\u00e1tica que impulsa el di\u00e1logo pol\u00edtico en el pa\u00eds a petici\u00f3n de la presidenta Delcy Rodr\u00edguez se encuentra \u00abestudiando los alcances\u00bb de esta ley, y adelant\u00f3 que es \u00abmuy probable\u00bb su reforma en la AN.<\/p>\n<p>La Ley Constitucional contra el Odio, por la Convivencia Pac\u00edfica y la Tolerancia la aprob\u00f3 en noviembre de 2017 la Asamblea Nacional Constituyente, instalada ese a\u00f1o en paralelo al Parlamento mayoritariamente opositor, tras meses de crisis pol\u00edtica y masivas protestas antigubernamentales en el pa\u00eds suramericano.<\/p>\n<p><strong>Sala de redacci\u00f3n ND58 | Fuente: EFE<\/strong><br \/>\n<strong>Edici\u00f3n: Villasmil, Henry<\/strong><br \/>\n<strong>Gr\u00e1ficas: EFE<\/strong><\/p>\n<p>&nbsp;<\/p>\n<p>&nbsp;<\/p>\n<p>&nbsp;<\/p><div class=\"rdrhk69f357723034a\" ><p style=\"text-align: center;\"><a href=\"https:\/\/t.me\/noticiasdigital58\" target=\"_blank\" rel=\"noopener\"><img class=\"aligncenter size-full wp-image-125363\" src=\"https:\/\/digital58.com.ve\/site\/wp-content\/uploads\/2021\/04\/banner-telegram-web-2021.png\" alt=\"\" width=\"600\" height=\"90\" \/><\/a><\/p><\/div><style type=\"text\/css\">\r\n@media screen and (min-width: 1201px) {\r\n.rdrhk69f357723034a {\r\ndisplay: block;\r\n}\r\n}\r\n@media screen and (min-width: 993px) and (max-width: 1200px) {\r\n.rdrhk69f357723034a {\r\ndisplay: block;\r\n}\r\n}\r\n@media screen and (min-width: 769px) and (max-width: 992px) {\r\n.rdrhk69f357723034a {\r\ndisplay: block;\r\n}\r\n}\r\n@media screen and (min-width: 768px) and (max-width: 768px) {\r\n.rdrhk69f357723034a {\r\ndisplay: block;\r\n}\r\n}\r\n@media screen and (max-width: 767px) {\r\n.rdrhk69f357723034a {\r\ndisplay: block;\r\n}\r\n}\r\n<\/style>\r\n\n<p>&nbsp;<\/p>\n<div style=\"margin-top: 0px; margin-bottom: 0px;\" class=\"sharethis-inline-share-buttons\" ><\/div>","protected":false},"excerpt":{"rendered":"<p>La Asamblea Nacional ratifica la medida para detenidos entre 2002 y 2025, aunque excluye delitos graves y acciones de fuerza<\/p>\n","protected":false},"author":1,"featured_media":193906,"comment_status":"open","ping_status":"closed","sticky":false,"template":"","format":"standard","meta":{"colormag_page_container_layout":"default_layout","colormag_page_sidebar_layout":"default_layout","_uag_custom_page_level_css":"","footnotes":""},"categories":[16454],"tags":[2715,4384,29,11386,11989,233,11062],"class_list":["post-193905","post","type-post","status-publish","format-standard","has-post-thumbnail","hentry","category-venezuela","tag-an","tag-asamblea-nacional","tag-caracas","tag-delcy-rodriguez","tag-ley-de-amnistia","tag-nacionales","tag-presos-politicos"],"yoast_head":"<!-- This site is optimized with the Yoast SEO plugin v27.5 - https:\/\/yoast.com\/product\/yoast-seo-wordpress\/ -->\n<title>Parlamento de Venezuela aprueba ley de amnist\u00eda para presos pol\u00edticos<\/title>\n<meta name=\"description\" content=\"El Parlamento de Venezuela aprob\u00f3 una hist\u00f3rica ley de amnist\u00eda para presos pol\u00edticos entre 2002 y 2025, aunque mantiene restricciones para delitos graves.\" \/>\n<meta name=\"robots\" content=\"index, follow, max-snippet:-1, max-image-preview:large, max-video-preview:-1\" \/>\n<link rel=\"canonical\" href=\"https:\/\/digital58.com.ve\/site\/2026\/02\/20\/parlamento-de-venezuela-aprueba-ley-de-amnistia-para-presos-politicos\/\" \/>\n<meta property=\"og:locale\" content=\"es_ES\" \/>\n<meta property=\"og:type\" content=\"article\" \/>\n<meta property=\"og:title\" content=\"Parlamento de Venezuela aprueba ley de amnist\u00eda para presos pol\u00edticos\" \/>\n<meta property=\"og:description\" content=\"El Parlamento de Venezuela aprob\u00f3 una hist\u00f3rica ley de amnist\u00eda para presos pol\u00edticos entre 2002 y 2025, aunque mantiene restricciones para delitos graves.\" \/>\n<meta property=\"og:url\" content=\"https:\/\/digital58.com.ve\/site\/2026\/02\/20\/parlamento-de-venezuela-aprueba-ley-de-amnistia-para-presos-politicos\/\" \/>\n<meta property=\"og:site_name\" content=\"Noticias Digital58\" \/>\n<meta property=\"article:published_time\" content=\"2026-02-20T14:42:00+00:00\" \/>\n<meta property=\"og:image\" content=\"https:\/\/digital58.com.ve\/site\/wp-content\/uploads\/2026\/02\/Venezuela-ley-de-amnistia-7.webp\" \/>\n\t<meta property=\"og:image:width\" content=\"900\" \/>\n\t<meta property=\"og:image:height\" content=\"600\" \/>\n\t<meta property=\"og:image:type\" content=\"image\/webp\" \/>\n<meta name=\"author\" content=\"Villasmil Henry\" \/>\n<meta name=\"twitter:card\" content=\"summary_large_image\" \/>\n<meta name=\"twitter:creator\" content=\"@https:\/\/twitter.com\/villasmilhfoto\" \/>\n<meta name=\"twitter:site\" content=\"@villasmilhfoto\" \/>\n<meta name=\"twitter:label1\" content=\"Escrito por\" \/>\n\t<meta name=\"twitter:data1\" content=\"Villasmil Henry\" \/>\n\t<meta name=\"twitter:label2\" content=\"Tiempo estimado de lectura\" \/>\n\t<meta name=\"twitter:data2\" content=\"6 minutos\" \/>\n<script type=\"application\/ld+json\" class=\"yoast-schema-graph\">{\"@context\":\"https:\\\/\\\/schema.org\",\"@graph\":[{\"@type\":\"Article\",\"@id\":\"https:\\\/\\\/digital58.com.ve\\\/site\\\/2026\\\/02\\\/20\\\/parlamento-de-venezuela-aprueba-ley-de-amnistia-para-presos-politicos\\\/#article\",\"isPartOf\":{\"@id\":\"https:\\\/\\\/digital58.com.ve\\\/site\\\/2026\\\/02\\\/20\\\/parlamento-de-venezuela-aprueba-ley-de-amnistia-para-presos-politicos\\\/\"},\"author\":{\"name\":\"Villasmil Henry\",\"@id\":\"https:\\\/\\\/digital58.com.ve\\\/site\\\/#\\\/schema\\\/person\\\/64d1c2e4d0d4fd1b849980c4331c2951\"},\"headline\":\"Parlamento de Venezuela aprueba ley de amnist\u00eda para presos pol\u00edticos\",\"datePublished\":\"2026-02-20T14:42:00+00:00\",\"mainEntityOfPage\":{\"@id\":\"https:\\\/\\\/digital58.com.ve\\\/site\\\/2026\\\/02\\\/20\\\/parlamento-de-venezuela-aprueba-ley-de-amnistia-para-presos-politicos\\\/\"},\"wordCount\":1216,\"commentCount\":0,\"publisher\":{\"@id\":\"https:\\\/\\\/digital58.com.ve\\\/site\\\/#\\\/schema\\\/person\\\/64d1c2e4d0d4fd1b849980c4331c2951\"},\"image\":{\"@id\":\"https:\\\/\\\/digital58.com.ve\\\/site\\\/2026\\\/02\\\/20\\\/parlamento-de-venezuela-aprueba-ley-de-amnistia-para-presos-politicos\\\/#primaryimage\"},\"thumbnailUrl\":\"https:\\\/\\\/digital58.com.ve\\\/site\\\/wp-content\\\/uploads\\\/2026\\\/02\\\/Venezuela-ley-de-amnistia-7.webp\",\"keywords\":[\"AN\",\"Asamblea Nacional\",\"Caracas\",\"Delcy Rodr\u00edguez\",\"Ley de amnist\u00eda\",\"Nacionales\",\"Presos pol\u00edticos\"],\"articleSection\":[\"Venezuela\"],\"inLanguage\":\"es\",\"potentialAction\":[{\"@type\":\"CommentAction\",\"name\":\"Comment\",\"target\":[\"https:\\\/\\\/digital58.com.ve\\\/site\\\/2026\\\/02\\\/20\\\/parlamento-de-venezuela-aprueba-ley-de-amnistia-para-presos-politicos\\\/#respond\"]}]},{\"@type\":\"WebPage\",\"@id\":\"https:\\\/\\\/digital58.com.ve\\\/site\\\/2026\\\/02\\\/20\\\/parlamento-de-venezuela-aprueba-ley-de-amnistia-para-presos-politicos\\\/\",\"url\":\"https:\\\/\\\/digital58.com.ve\\\/site\\\/2026\\\/02\\\/20\\\/parlamento-de-venezuela-aprueba-ley-de-amnistia-para-presos-politicos\\\/\",\"name\":\"Parlamento de Venezuela aprueba ley de amnist\u00eda para presos pol\u00edticos\",\"isPartOf\":{\"@id\":\"https:\\\/\\\/digital58.com.ve\\\/site\\\/#website\"},\"primaryImageOfPage\":{\"@id\":\"https:\\\/\\\/digital58.com.ve\\\/site\\\/2026\\\/02\\\/20\\\/parlamento-de-venezuela-aprueba-ley-de-amnistia-para-presos-politicos\\\/#primaryimage\"},\"image\":{\"@id\":\"https:\\\/\\\/digital58.com.ve\\\/site\\\/2026\\\/02\\\/20\\\/parlamento-de-venezuela-aprueba-ley-de-amnistia-para-presos-politicos\\\/#primaryimage\"},\"thumbnailUrl\":\"https:\\\/\\\/digital58.com.ve\\\/site\\\/wp-content\\\/uploads\\\/2026\\\/02\\\/Venezuela-ley-de-amnistia-7.webp\",\"datePublished\":\"2026-02-20T14:42:00+00:00\",\"description\":\"El Parlamento de Venezuela aprob\u00f3 una hist\u00f3rica ley de amnist\u00eda para presos pol\u00edticos entre 2002 y 2025, aunque mantiene restricciones para delitos graves.\",\"breadcrumb\":{\"@id\":\"https:\\\/\\\/digital58.com.ve\\\/site\\\/2026\\\/02\\\/20\\\/parlamento-de-venezuela-aprueba-ley-de-amnistia-para-presos-politicos\\\/#breadcrumb\"},\"inLanguage\":\"es\",\"potentialAction\":[{\"@type\":\"ReadAction\",\"target\":[\"https:\\\/\\\/digital58.com.ve\\\/site\\\/2026\\\/02\\\/20\\\/parlamento-de-venezuela-aprueba-ley-de-amnistia-para-presos-politicos\\\/\"]}]},{\"@type\":\"ImageObject\",\"inLanguage\":\"es\",\"@id\":\"https:\\\/\\\/digital58.com.ve\\\/site\\\/2026\\\/02\\\/20\\\/parlamento-de-venezuela-aprueba-ley-de-amnistia-para-presos-politicos\\\/#primaryimage\",\"url\":\"https:\\\/\\\/digital58.com.ve\\\/site\\\/wp-content\\\/uploads\\\/2026\\\/02\\\/Venezuela-ley-de-amnistia-7.webp\",\"contentUrl\":\"https:\\\/\\\/digital58.com.ve\\\/site\\\/wp-content\\\/uploads\\\/2026\\\/02\\\/Venezuela-ley-de-amnistia-7.webp\",\"width\":900,\"height\":600},{\"@type\":\"BreadcrumbList\",\"@id\":\"https:\\\/\\\/digital58.com.ve\\\/site\\\/2026\\\/02\\\/20\\\/parlamento-de-venezuela-aprueba-ley-de-amnistia-para-presos-politicos\\\/#breadcrumb\",\"itemListElement\":[{\"@type\":\"ListItem\",\"position\":1,\"name\":\"Home\",\"item\":\"https:\\\/\\\/digital58.com.ve\\\/site\\\/\"},{\"@type\":\"ListItem\",\"position\":2,\"name\":\"Parlamento de Venezuela aprueba ley de amnist\u00eda para presos pol\u00edticos\"}]},{\"@type\":\"WebSite\",\"@id\":\"https:\\\/\\\/digital58.com.ve\\\/site\\\/#website\",\"url\":\"https:\\\/\\\/digital58.com.ve\\\/site\\\/\",\"name\":\"Noticias Digital58\",\"description\":\"Portal de Noticias \u00a1Periodismo web de verdad! Lanzamiento web 22.11.2005 \\\/ Maracaibo, Venezuela\",\"publisher\":{\"@id\":\"https:\\\/\\\/digital58.com.ve\\\/site\\\/#\\\/schema\\\/person\\\/64d1c2e4d0d4fd1b849980c4331c2951\"},\"alternateName\":\"ND58\",\"potentialAction\":[{\"@type\":\"SearchAction\",\"target\":{\"@type\":\"EntryPoint\",\"urlTemplate\":\"https:\\\/\\\/digital58.com.ve\\\/site\\\/?s={search_term_string}\"},\"query-input\":{\"@type\":\"PropertyValueSpecification\",\"valueRequired\":true,\"valueName\":\"search_term_string\"}}],\"inLanguage\":\"es\"},{\"@type\":[\"Person\",\"Organization\"],\"@id\":\"https:\\\/\\\/digital58.com.ve\\\/site\\\/#\\\/schema\\\/person\\\/64d1c2e4d0d4fd1b849980c4331c2951\",\"name\":\"Villasmil Henry\",\"image\":{\"@type\":\"ImageObject\",\"inLanguage\":\"es\",\"@id\":\"https:\\\/\\\/secure.gravatar.com\\\/avatar\\\/bb0c4a2fcb7970138239f7e404ea75757b1b507b28b5ce4c53fbd62d797c5a7c?s=96&d=mm&r=g\",\"url\":\"https:\\\/\\\/secure.gravatar.com\\\/avatar\\\/bb0c4a2fcb7970138239f7e404ea75757b1b507b28b5ce4c53fbd62d797c5a7c?s=96&d=mm&r=g\",\"contentUrl\":\"https:\\\/\\\/secure.gravatar.com\\\/avatar\\\/bb0c4a2fcb7970138239f7e404ea75757b1b507b28b5ce4c53fbd62d797c5a7c?s=96&d=mm&r=g\",\"caption\":\"Villasmil Henry\"},\"logo\":{\"@id\":\"https:\\\/\\\/secure.gravatar.com\\\/avatar\\\/bb0c4a2fcb7970138239f7e404ea75757b1b507b28b5ce4c53fbd62d797c5a7c?s=96&d=mm&r=g\"},\"sameAs\":[\"http:\\\/\\\/www.henryvillasmil.com.ve\",\"https:\\\/\\\/www.instagram.com\\\/villasmilhfoto\\\/\",\"https:\\\/\\\/x.com\\\/https:\\\/\\\/twitter.com\\\/villasmilhfoto\"],\"url\":\"https:\\\/\\\/digital58.com.ve\\\/site\\\/author\\\/droopy_68\\\/\"}]}<\/script>\n<!-- \/ Yoast SEO plugin. -->","yoast_head_json":{"title":"Parlamento de Venezuela aprueba ley de amnist\u00eda para presos pol\u00edticos","description":"El Parlamento de Venezuela aprob\u00f3 una hist\u00f3rica ley de amnist\u00eda para presos pol\u00edticos entre 2002 y 2025, aunque mantiene restricciones para delitos graves.","robots":{"index":"index","follow":"follow","max-snippet":"max-snippet:-1","max-image-preview":"max-image-preview:large","max-video-preview":"max-video-preview:-1"},"canonical":"https:\/\/digital58.com.ve\/site\/2026\/02\/20\/parlamento-de-venezuela-aprueba-ley-de-amnistia-para-presos-politicos\/","og_locale":"es_ES","og_type":"article","og_title":"Parlamento de Venezuela aprueba ley de amnist\u00eda para presos pol\u00edticos","og_description":"El Parlamento de Venezuela aprob\u00f3 una hist\u00f3rica ley de amnist\u00eda para presos pol\u00edticos entre 2002 y 2025, aunque mantiene restricciones para delitos graves.","og_url":"https:\/\/digital58.com.ve\/site\/2026\/02\/20\/parlamento-de-venezuela-aprueba-ley-de-amnistia-para-presos-politicos\/","og_site_name":"Noticias Digital58","article_published_time":"2026-02-20T14:42:00+00:00","og_image":[{"width":900,"height":600,"url":"https:\/\/digital58.com.ve\/site\/wp-content\/uploads\/2026\/02\/Venezuela-ley-de-amnistia-7.webp","type":"image\/webp"}],"author":"Villasmil Henry","twitter_card":"summary_large_image","twitter_creator":"@https:\/\/twitter.com\/villasmilhfoto","twitter_site":"@villasmilhfoto","twitter_misc":{"Escrito por":"Villasmil Henry","Tiempo estimado de lectura":"6 minutos"},"schema":{"@context":"https:\/\/schema.org","@graph":[{"@type":"Article","@id":"https:\/\/digital58.com.ve\/site\/2026\/02\/20\/parlamento-de-venezuela-aprueba-ley-de-amnistia-para-presos-politicos\/#article","isPartOf":{"@id":"https:\/\/digital58.com.ve\/site\/2026\/02\/20\/parlamento-de-venezuela-aprueba-ley-de-amnistia-para-presos-politicos\/"},"author":{"name":"Villasmil Henry","@id":"https:\/\/digital58.com.ve\/site\/#\/schema\/person\/64d1c2e4d0d4fd1b849980c4331c2951"},"headline":"Parlamento de Venezuela aprueba ley de amnist\u00eda para presos pol\u00edticos","datePublished":"2026-02-20T14:42:00+00:00","mainEntityOfPage":{"@id":"https:\/\/digital58.com.ve\/site\/2026\/02\/20\/parlamento-de-venezuela-aprueba-ley-de-amnistia-para-presos-politicos\/"},"wordCount":1216,"commentCount":0,"publisher":{"@id":"https:\/\/digital58.com.ve\/site\/#\/schema\/person\/64d1c2e4d0d4fd1b849980c4331c2951"},"image":{"@id":"https:\/\/digital58.com.ve\/site\/2026\/02\/20\/parlamento-de-venezuela-aprueba-ley-de-amnistia-para-presos-politicos\/#primaryimage"},"thumbnailUrl":"https:\/\/digital58.com.ve\/site\/wp-content\/uploads\/2026\/02\/Venezuela-ley-de-amnistia-7.webp","keywords":["AN","Asamblea Nacional","Caracas","Delcy Rodr\u00edguez","Ley de amnist\u00eda","Nacionales","Presos pol\u00edticos"],"articleSection":["Venezuela"],"inLanguage":"es","potentialAction":[{"@type":"CommentAction","name":"Comment","target":["https:\/\/digital58.com.ve\/site\/2026\/02\/20\/parlamento-de-venezuela-aprueba-ley-de-amnistia-para-presos-politicos\/#respond"]}]},{"@type":"WebPage","@id":"https:\/\/digital58.com.ve\/site\/2026\/02\/20\/parlamento-de-venezuela-aprueba-ley-de-amnistia-para-presos-politicos\/","url":"https:\/\/digital58.com.ve\/site\/2026\/02\/20\/parlamento-de-venezuela-aprueba-ley-de-amnistia-para-presos-politicos\/","name":"Parlamento de Venezuela aprueba ley de amnist\u00eda para presos pol\u00edticos","isPartOf":{"@id":"https:\/\/digital58.com.ve\/site\/#website"},"primaryImageOfPage":{"@id":"https:\/\/digital58.com.ve\/site\/2026\/02\/20\/parlamento-de-venezuela-aprueba-ley-de-amnistia-para-presos-politicos\/#primaryimage"},"image":{"@id":"https:\/\/digital58.com.ve\/site\/2026\/02\/20\/parlamento-de-venezuela-aprueba-ley-de-amnistia-para-presos-politicos\/#primaryimage"},"thumbnailUrl":"https:\/\/digital58.com.ve\/site\/wp-content\/uploads\/2026\/02\/Venezuela-ley-de-amnistia-7.webp","datePublished":"2026-02-20T14:42:00+00:00","description":"El Parlamento de Venezuela aprob\u00f3 una hist\u00f3rica ley de amnist\u00eda para presos pol\u00edticos entre 2002 y 2025, aunque mantiene restricciones para delitos graves.","breadcrumb":{"@id":"https:\/\/digital58.com.ve\/site\/2026\/02\/20\/parlamento-de-venezuela-aprueba-ley-de-amnistia-para-presos-politicos\/#breadcrumb"},"inLanguage":"es","potentialAction":[{"@type":"ReadAction","target":["https:\/\/digital58.com.ve\/site\/2026\/02\/20\/parlamento-de-venezuela-aprueba-ley-de-amnistia-para-presos-politicos\/"]}]},{"@type":"ImageObject","inLanguage":"es","@id":"https:\/\/digital58.com.ve\/site\/2026\/02\/20\/parlamento-de-venezuela-aprueba-ley-de-amnistia-para-presos-politicos\/#primaryimage","url":"https:\/\/digital58.com.ve\/site\/wp-content\/uploads\/2026\/02\/Venezuela-ley-de-amnistia-7.webp","contentUrl":"https:\/\/digital58.com.ve\/site\/wp-content\/uploads\/2026\/02\/Venezuela-ley-de-amnistia-7.webp","width":900,"height":600},{"@type":"BreadcrumbList","@id":"https:\/\/digital58.com.ve\/site\/2026\/02\/20\/parlamento-de-venezuela-aprueba-ley-de-amnistia-para-presos-politicos\/#breadcrumb","itemListElement":[{"@type":"ListItem","position":1,"name":"Home","item":"https:\/\/digital58.com.ve\/site\/"},{"@type":"ListItem","position":2,"name":"Parlamento de Venezuela aprueba ley de amnist\u00eda para presos pol\u00edticos"}]},{"@type":"WebSite","@id":"https:\/\/digital58.com.ve\/site\/#website","url":"https:\/\/digital58.com.ve\/site\/","name":"Noticias Digital58","description":"Portal de Noticias \u00a1Periodismo web de verdad! Lanzamiento web 22.11.2005 \/ Maracaibo, Venezuela","publisher":{"@id":"https:\/\/digital58.com.ve\/site\/#\/schema\/person\/64d1c2e4d0d4fd1b849980c4331c2951"},"alternateName":"ND58","potentialAction":[{"@type":"SearchAction","target":{"@type":"EntryPoint","urlTemplate":"https:\/\/digital58.com.ve\/site\/?s={search_term_string}"},"query-input":{"@type":"PropertyValueSpecification","valueRequired":true,"valueName":"search_term_string"}}],"inLanguage":"es"},{"@type":["Person","Organization"],"@id":"https:\/\/digital58.com.ve\/site\/#\/schema\/person\/64d1c2e4d0d4fd1b849980c4331c2951","name":"Villasmil Henry","image":{"@type":"ImageObject","inLanguage":"es","@id":"https:\/\/secure.gravatar.com\/avatar\/bb0c4a2fcb7970138239f7e404ea75757b1b507b28b5ce4c53fbd62d797c5a7c?s=96&d=mm&r=g","url":"https:\/\/secure.gravatar.com\/avatar\/bb0c4a2fcb7970138239f7e404ea75757b1b507b28b5ce4c53fbd62d797c5a7c?s=96&d=mm&r=g","contentUrl":"https:\/\/secure.gravatar.com\/avatar\/bb0c4a2fcb7970138239f7e404ea75757b1b507b28b5ce4c53fbd62d797c5a7c?s=96&d=mm&r=g","caption":"Villasmil Henry"},"logo":{"@id":"https:\/\/secure.gravatar.com\/avatar\/bb0c4a2fcb7970138239f7e404ea75757b1b507b28b5ce4c53fbd62d797c5a7c?s=96&d=mm&r=g"},"sameAs":["http:\/\/www.henryvillasmil.com.ve","https:\/\/www.instagram.com\/villasmilhfoto\/","https:\/\/x.com\/https:\/\/twitter.com\/villasmilhfoto"],"url":"https:\/\/digital58.com.ve\/site\/author\/droopy_68\/"}]}},"uagb_featured_image_src":{"full":["https:\/\/digital58.com.ve\/site\/wp-content\/uploads\/2026\/02\/Venezuela-ley-de-amnistia-7.webp",900,600,false],"thumbnail":["https:\/\/digital58.com.ve\/site\/wp-content\/uploads\/2026\/02\/Venezuela-ley-de-amnistia-7-150x150.webp",150,150,true],"medium":["https:\/\/digital58.com.ve\/site\/wp-content\/uploads\/2026\/02\/Venezuela-ley-de-amnistia-7-300x200.webp",300,200,true],"medium_large":["https:\/\/digital58.com.ve\/site\/wp-content\/uploads\/2026\/02\/Venezuela-ley-de-amnistia-7-768x512.webp",768,512,true],"large":["https:\/\/digital58.com.ve\/site\/wp-content\/uploads\/2026\/02\/Venezuela-ley-de-amnistia-7.webp",800,533,false],"1536x1536":["https:\/\/digital58.com.ve\/site\/wp-content\/uploads\/2026\/02\/Venezuela-ley-de-amnistia-7.webp",900,600,false],"2048x2048":["https:\/\/digital58.com.ve\/site\/wp-content\/uploads\/2026\/02\/Venezuela-ley-de-amnistia-7.webp",900,600,false],"colormag-highlighted-post":["https:\/\/digital58.com.ve\/site\/wp-content\/uploads\/2026\/02\/Venezuela-ley-de-amnistia-7-392x272.webp",392,272,true],"colormag-featured-post-medium":["https:\/\/digital58.com.ve\/site\/wp-content\/uploads\/2026\/02\/Venezuela-ley-de-amnistia-7-390x205.webp",390,205,true],"colormag-featured-post-small":["https:\/\/digital58.com.ve\/site\/wp-content\/uploads\/2026\/02\/Venezuela-ley-de-amnistia-7-130x90.webp",130,90,true],"colormag-featured-image":["https:\/\/digital58.com.ve\/site\/wp-content\/uploads\/2026\/02\/Venezuela-ley-de-amnistia-7-800x445.webp",800,445,true],"colormag-default-news":["https:\/\/digital58.com.ve\/site\/wp-content\/uploads\/2026\/02\/Venezuela-ley-de-amnistia-7-150x150.webp",150,150,true],"colormag-featured-image-large":["https:\/\/digital58.com.ve\/site\/wp-content\/uploads\/2026\/02\/Venezuela-ley-de-amnistia-7.webp",900,600,false]},"uagb_author_info":{"display_name":"Villasmil Henry","author_link":"https:\/\/digital58.com.ve\/site\/author\/droopy_68\/"},"uagb_comment_info":0,"uagb_excerpt":"La Asamblea Nacional ratifica la medida para detenidos entre 2002 y 2025, aunque excluye delitos graves y acciones de fuerza","_links":{"self":[{"href":"https:\/\/digital58.com.ve\/site\/wp-json\/wp\/v2\/posts\/193905","targetHints":{"allow":["GET"]}}],"collection":[{"href":"https:\/\/digital58.com.ve\/site\/wp-json\/wp\/v2\/posts"}],"about":[{"href":"https:\/\/digital58.com.ve\/site\/wp-json\/wp\/v2\/types\/post"}],"author":[{"embeddable":true,"href":"https:\/\/digital58.com.ve\/site\/wp-json\/wp\/v2\/users\/1"}],"replies":[{"embeddable":true,"href":"https:\/\/digital58.com.ve\/site\/wp-json\/wp\/v2\/comments?post=193905"}],"version-history":[{"count":1,"href":"https:\/\/digital58.com.ve\/site\/wp-json\/wp\/v2\/posts\/193905\/revisions"}],"predecessor-version":[{"id":193910,"href":"https:\/\/digital58.com.ve\/site\/wp-json\/wp\/v2\/posts\/193905\/revisions\/193910"}],"wp:featuredmedia":[{"embeddable":true,"href":"https:\/\/digital58.com.ve\/site\/wp-json\/wp\/v2\/media\/193906"}],"wp:attachment":[{"href":"https:\/\/digital58.com.ve\/site\/wp-json\/wp\/v2\/media?parent=193905"}],"wp:term":[{"taxonomy":"category","embeddable":true,"href":"https:\/\/digital58.com.ve\/site\/wp-json\/wp\/v2\/categories?post=193905"},{"taxonomy":"post_tag","embeddable":true,"href":"https:\/\/digital58.com.ve\/site\/wp-json\/wp\/v2\/tags?post=193905"}],"curies":[{"name":"wp","href":"https:\/\/api.w.org\/{rel}","templated":true}]}}