{"id":194040,"date":"2026-03-04T15:40:18","date_gmt":"2026-03-04T19:40:18","guid":{"rendered":"https:\/\/digital58.com.ve\/site\/?p=194040"},"modified":"2026-03-04T16:08:00","modified_gmt":"2026-03-04T20:08:00","slug":"felipe-pelaez-celebra-sus-50-anos-en-medellin-junto-a-grandes-estrellas","status":"publish","type":"post","link":"https:\/\/digital58.com.ve\/site\/2026\/03\/04\/felipe-pelaez-celebra-sus-50-anos-en-medellin-junto-a-grandes-estrellas\/","title":{"rendered":"Felipe Pel\u00e1ez celebra sus 50 a\u00f1os en Medell\u00edn junto a grandes estrellas"},"content":{"rendered":"<p><a class=\"keychainify-checked\" href=\"https:\/\/digital58.com.ve\/site\/wp-content\/uploads\/2026\/03\/felipe-pelaez-2.webp\"><img loading=\"lazy\" decoding=\"async\" class=\"aligncenter wp-image-194044 size-full\" src=\"https:\/\/digital58.com.ve\/site\/wp-content\/uploads\/2026\/03\/felipe-pelaez-2.webp\" alt=\"El cantante colombo-venezolano Felipe Pel\u00e1ez conmemor\u00f3 su quincuag\u00e9simo aniversario de vida el pasado 07 de febrero con una gran fiesta en su residencia ubicada en Medell\u00edn.\n\nEl evento congreg\u00f3 a familiares, amigos cercanos y destacadas personalidades del entretenimiento, quienes lo acompa\u00f1aron para celebrar su extensa trayectoria.\" width=\"900\" height=\"600\" srcset=\"https:\/\/digital58.com.ve\/site\/wp-content\/uploads\/2026\/03\/felipe-pelaez-2.webp 900w, https:\/\/digital58.com.ve\/site\/wp-content\/uploads\/2026\/03\/felipe-pelaez-2-300x200.webp 300w, https:\/\/digital58.com.ve\/site\/wp-content\/uploads\/2026\/03\/felipe-pelaez-2-768x512.webp 768w\" sizes=\"auto, (max-width: 900px) 100vw, 900px\" \/><\/a><\/p>\n<blockquote><p>El cantautor colombo-venezolano festej\u00f3 junto a su familia, colegas del vallenato y figuras de la televisi\u00f3n.<\/p><\/blockquote>\n<p><strong>Colombia, 04 de marzo de 2026 (ND58).-<\/strong> El cantante colombo-venezolano <strong><a class=\"keychainify-checked\" href=\"https:\/\/www.instagram.com\/felipepelaez\/\" target=\"_blank\" rel=\"noopener\">Felipe Pel\u00e1ez<\/a><\/strong> conmemor\u00f3 su quincuag\u00e9simo aniversario de vida el pasado 07 de febrero con una gran fiesta en su residencia ubicada en Medell\u00edn.<\/p>\n<p>El evento congreg\u00f3 a familiares, amigos cercanos y destacadas personalidades del entretenimiento, quienes lo acompa\u00f1aron para celebrar su extensa trayectoria.<\/p>\n<p><a class=\"keychainify-checked\" href=\"https:\/\/digital58.com.ve\/site\/wp-content\/uploads\/2026\/03\/felipe-pelaez-3.webp\"><img loading=\"lazy\" decoding=\"async\" class=\"aligncenter size-full wp-image-194043\" src=\"https:\/\/digital58.com.ve\/site\/wp-content\/uploads\/2026\/03\/felipe-pelaez-3.webp\" alt=\"\" width=\"900\" height=\"600\" srcset=\"https:\/\/digital58.com.ve\/site\/wp-content\/uploads\/2026\/03\/felipe-pelaez-3.webp 900w, https:\/\/digital58.com.ve\/site\/wp-content\/uploads\/2026\/03\/felipe-pelaez-3-300x200.webp 300w, https:\/\/digital58.com.ve\/site\/wp-content\/uploads\/2026\/03\/felipe-pelaez-3-768x512.webp 768w\" sizes=\"auto, (max-width: 900px) 100vw, 900px\" \/><\/a><\/p>\n<h2>Vallenato y merengue en una sola tarima<\/h2>\n<p>Colegas del folclore como Jean Carlos Centeno, Elder Day\u00e1n, Rafa P\u00e9rez y el dominicano Eddie Herrera asistieron a la velada.<\/p>\n<p>Durante la celebraci\u00f3n, los artistas protagonizaron emotivas presentaciones musicales que no tardaron en viralizarse r\u00e1pidamente en las plataformas digitales.<\/p>\n<p>En la tarima, Pel\u00e1ez ratific\u00f3 por qu\u00e9 es un exponente \u00fanico en la fusi\u00f3n de ritmos.<\/p>\n<p>No solo interpret\u00f3 sus grandes \u00e9xitos vallenatos, sino que tambi\u00e9n disfrut\u00f3 de cantar merengue junto a Eddie Herrera, artista con quien ha grabado numerosas canciones y ha compartido escenarios alrededor del mundo.<\/p>\n<p><a class=\"keychainify-checked\" href=\"https:\/\/digital58.com.ve\/site\/wp-content\/uploads\/2026\/03\/felipe-pelaez-4.webp\"><img loading=\"lazy\" decoding=\"async\" class=\"aligncenter size-full wp-image-194042\" src=\"https:\/\/digital58.com.ve\/site\/wp-content\/uploads\/2026\/03\/felipe-pelaez-4.webp\" alt=\"\" width=\"900\" height=\"600\" srcset=\"https:\/\/digital58.com.ve\/site\/wp-content\/uploads\/2026\/03\/felipe-pelaez-4.webp 900w, https:\/\/digital58.com.ve\/site\/wp-content\/uploads\/2026\/03\/felipe-pelaez-4-300x200.webp 300w, https:\/\/digital58.com.ve\/site\/wp-content\/uploads\/2026\/03\/felipe-pelaez-4-768x512.webp 768w\" sizes=\"auto, (max-width: 900px) 100vw, 900px\" \/><\/a><\/p>\n<h2>Reencuentro con la familia de la televisi\u00f3n<\/h2>\n<p>La lista de invitados se extendi\u00f3 a la pantalla chica, contando con la presencia de varios compa\u00f1eros del programa de talento musical A otro nivel, transmitido por la cadena Caracol Televisi\u00f3n.<\/p>\n<p>Entre las figuras presentes destac\u00f3 la asistencia del productor Kike Santander, quien comparte el rol de jurado con el homenajeado en dicho formato.<\/p>\n<p><a class=\"keychainify-checked\" href=\"https:\/\/digital58.com.ve\/site\/wp-content\/uploads\/2026\/03\/felipe-pelaez-5.webp\"><img loading=\"lazy\" decoding=\"async\" class=\"aligncenter size-full wp-image-194041\" src=\"https:\/\/digital58.com.ve\/site\/wp-content\/uploads\/2026\/03\/felipe-pelaez-5.webp\" alt=\"\" width=\"900\" height=\"600\" srcset=\"https:\/\/digital58.com.ve\/site\/wp-content\/uploads\/2026\/03\/felipe-pelaez-5.webp 900w, https:\/\/digital58.com.ve\/site\/wp-content\/uploads\/2026\/03\/felipe-pelaez-5-300x200.webp 300w, https:\/\/digital58.com.ve\/site\/wp-content\/uploads\/2026\/03\/felipe-pelaez-5-768x512.webp 768w\" sizes=\"auto, (max-width: 900px) 100vw, 900px\" \/><\/a><\/p>\n<h2>Un balance de vida ante los medios<\/h2>\n<p>En medio de la celebraci\u00f3n, \u00abPipe\u00bb \u2014como se le conoce afectuosamente\u2014 aprovech\u00f3 la ocasi\u00f3n para ofrecer unas palabras a los medios de comunicaci\u00f3n presentes.<\/p>\n<p>\u00abMe siento muy feliz, he vivido muchas experiencias, he tenido muchos aprendizajes y sigo adelante con las ganas de seguir haciendo m\u00e1s por mis metas, mis sue\u00f1os; falta mucho por hacer\u00bb, expres\u00f3 el cantautor.<\/p>\n<p>El festejo dej\u00f3 en evidencia el calor familiar y la fuerte camarader\u00eda que existe puntualmente dentro del g\u00e9nero vallenato.<\/p>\n<p>Asimismo, la velada sirvi\u00f3 para reafirmar el deseo colectivo de estos artistas por seguir consolidando el mercado musical.<\/p>\n<blockquote class=\"instagram-media\" style=\"background: #FFF; border: 0; border-radius: 3px; box-shadow: 0 0 1px 0 rgba(0,0,0,0.5),0 1px 10px 0 rgba(0,0,0,0.15); margin: 1px; max-width: 540px; min-width: 326px; padding: 0; width: calc(100% - 2px);\" data-instgrm-permalink=\"https:\/\/www.instagram.com\/reel\/DVeaJ7IjsbA\/?utm_source=ig_embed&amp;utm_campaign=loading\" data-instgrm-version=\"14\">\n<div style=\"padding: 16px;\">\n<p>&nbsp;<\/p>\n<div style=\"display: flex; flex-direction: row; align-items: center;\">\n<div style=\"background-color: #f4f4f4; border-radius: 50%; flex-grow: 0; height: 40px; margin-right: 14px; width: 40px;\"><\/div>\n<div style=\"display: flex; flex-direction: column; flex-grow: 1; justify-content: center;\">\n<div style=\"background-color: #f4f4f4; border-radius: 4px; flex-grow: 0; height: 14px; margin-bottom: 6px; width: 100px;\"><\/div>\n<div style=\"background-color: #f4f4f4; border-radius: 4px; flex-grow: 0; height: 14px; width: 60px;\"><\/div>\n<\/div>\n<\/div>\n<div style=\"padding: 19% 0;\"><\/div>\n<div style=\"display: block; height: 50px; margin: 0 auto 12px; width: 50px;\"><\/div>\n<div style=\"padding-top: 8px;\">\n<div style=\"color: #3897f0; font-family: Arial,sans-serif; font-size: 14px; font-style: normal; font-weight: 550; line-height: 18px;\">Ver esta publicaci\u00f3n en Instagram<\/div>\n<\/div>\n<div style=\"padding: 12.5% 0;\"><\/div>\n<div style=\"display: flex; flex-direction: row; margin-bottom: 14px; align-items: center;\">\n<div>\n<div style=\"background-color: #f4f4f4; border-radius: 50%; height: 12.5px; width: 12.5px; transform: translateX(0px) translateY(7px);\"><\/div>\n<div style=\"background-color: #f4f4f4; height: 12.5px; transform: rotate(-45deg) translateX(3px) translateY(1px); width: 12.5px; flex-grow: 0; margin-right: 14px; margin-left: 2px;\"><\/div>\n<div style=\"background-color: #f4f4f4; border-radius: 50%; height: 12.5px; width: 12.5px; transform: translateX(9px) translateY(-18px);\"><\/div>\n<\/div>\n<div style=\"margin-left: 8px;\">\n<div style=\"background-color: #f4f4f4; border-radius: 50%; flex-grow: 0; height: 20px; width: 20px;\"><\/div>\n<div style=\"width: 0; height: 0; border-top: 2px solid transparent; border-left: 6px solid #f4f4f4; border-bottom: 2px solid transparent; transform: translateX(16px) translateY(-4px) rotate(30deg);\"><\/div>\n<\/div>\n<div style=\"margin-left: auto;\">\n<div style=\"width: 0px; border-top: 8px solid #F4F4F4; border-right: 8px solid transparent; transform: translateY(16px);\"><\/div>\n<div style=\"background-color: #f4f4f4; flex-grow: 0; height: 12px; width: 16px; transform: translateY(-4px);\"><\/div>\n<div style=\"width: 0; height: 0; border-top: 8px solid #F4F4F4; border-left: 8px solid transparent; transform: translateY(-4px) translateX(8px);\"><\/div>\n<\/div>\n<\/div>\n<div style=\"display: flex; flex-direction: column; flex-grow: 1; justify-content: center; margin-bottom: 24px;\">\n<div style=\"background-color: #f4f4f4; border-radius: 4px; flex-grow: 0; height: 14px; margin-bottom: 6px; width: 224px;\"><\/div>\n<div style=\"background-color: #f4f4f4; border-radius: 4px; flex-grow: 0; height: 14px; width: 144px;\"><\/div>\n<\/div>\n<p>&nbsp;<\/p>\n<p style=\"color: #c9c8cd; font-family: Arial,sans-serif; font-size: 14px; line-height: 17px; margin-bottom: 0; margin-top: 8px; overflow: hidden; padding: 8px 0 7px; text-align: center; text-overflow: ellipsis; white-space: nowrap;\"><a class=\"keychainify-checked\" style=\"color: #c9c8cd; font-family: Arial,sans-serif; font-size: 14px; font-style: normal; font-weight: normal; line-height: 17px; text-decoration: none;\" href=\"https:\/\/www.instagram.com\/reel\/DVeaJ7IjsbA\/?utm_source=ig_embed&amp;utm_campaign=loading\" target=\"_blank\" rel=\"noopener\">Una publicaci\u00f3n compartida de Noticias Digital58 \ud83c\uddfb\ud83c\uddea (@digital_58)<\/a><\/p>\n<\/div>\n<\/blockquote>\n<p><script async src=\"\/\/www.instagram.com\/embed.js\"><\/script><\/p>\n<p><strong>Sala de redacci\u00f3n ND58\u00a0<\/strong><br \/>\n<strong>Edici\u00f3n: Villasmil, Henry<\/strong><br \/>\n<strong>Gr\u00e1ficas: Cortes\u00eda<\/strong><\/p>\n<p>&nbsp;<\/p>\n<p>&nbsp;<\/p>\n<p>&nbsp;<\/p><div class=\"iqstu69ee4537b8489\" ><p style=\"text-align: center;\"><a href=\"https:\/\/t.me\/noticiasdigital58\" target=\"_blank\" rel=\"noopener\"><img class=\"aligncenter size-full wp-image-125363\" src=\"https:\/\/digital58.com.ve\/site\/wp-content\/uploads\/2021\/04\/banner-telegram-web-2021.png\" alt=\"\" width=\"600\" height=\"90\" \/><\/a><\/p><\/div><style type=\"text\/css\">\r\n@media screen and (min-width: 1201px) {\r\n.iqstu69ee4537b8489 {\r\ndisplay: block;\r\n}\r\n}\r\n@media screen and (min-width: 993px) and (max-width: 1200px) {\r\n.iqstu69ee4537b8489 {\r\ndisplay: block;\r\n}\r\n}\r\n@media screen and (min-width: 769px) and (max-width: 992px) {\r\n.iqstu69ee4537b8489 {\r\ndisplay: block;\r\n}\r\n}\r\n@media screen and (min-width: 768px) and (max-width: 768px) {\r\n.iqstu69ee4537b8489 {\r\ndisplay: block;\r\n}\r\n}\r\n@media screen and (max-width: 767px) {\r\n.iqstu69ee4537b8489 {\r\ndisplay: block;\r\n}\r\n}\r\n<\/style>\r\n\n<p>&nbsp;<\/p>\n<div style=\"margin-top: 0px; margin-bottom: 0px;\" class=\"sharethis-inline-share-buttons\" ><\/div>","protected":false},"excerpt":{"rendered":"<p>El cantautor colombo-venezolano festej\u00f3 junto a su familia, colegas del vallenato y figuras de la televisi\u00f3n. Colombia, 04 de marzo<\/p>\n","protected":false},"author":1,"featured_media":194041,"comment_status":"open","ping_status":"closed","sticky":false,"template":"","format":"standard","meta":{"colormag_page_container_layout":"default_layout","colormag_page_sidebar_layout":"default_layout","_uag_custom_page_level_css":"","footnotes":""},"categories":[1],"tags":[117,98,50,273,1702,8,6364,61],"class_list":["post-194040","post","type-post","status-publish","format-standard","has-post-thumbnail","hentry","category-fama","tag-celebraciones","tag-colombia","tag-entretenimiento","tag-farandula","tag-felipe-pelaez","tag-internacionales","tag-medellin","tag-musica"],"yoast_head":"<!-- This site is optimized with the Yoast SEO plugin v27.4 - https:\/\/yoast.com\/product\/yoast-seo-wordpress\/ -->\n<title>Felipe Pel\u00e1ez celebra sus 50 a\u00f1os en Medell\u00edn junto a grandes estrellas<\/title>\n<meta name=\"description\" content=\"El cumplea\u00f1os de Felipe Pel\u00e1ez reuni\u00f3 en su casa de Medell\u00edn a su familia, estrellas del vallenato y colegas de la televisi\u00f3n. Conoce los detalles.\" \/>\n<meta name=\"robots\" content=\"index, follow, max-snippet:-1, max-image-preview:large, max-video-preview:-1\" \/>\n<link rel=\"canonical\" href=\"https:\/\/digital58.com.ve\/site\/2026\/03\/04\/felipe-pelaez-celebra-sus-50-anos-en-medellin-junto-a-grandes-estrellas\/\" \/>\n<meta property=\"og:locale\" content=\"es_ES\" \/>\n<meta property=\"og:type\" content=\"article\" \/>\n<meta property=\"og:title\" content=\"Felipe Pel\u00e1ez celebra sus 50 a\u00f1os en Medell\u00edn junto a grandes estrellas\" \/>\n<meta property=\"og:description\" content=\"El cumplea\u00f1os de Felipe Pel\u00e1ez reuni\u00f3 en su casa de Medell\u00edn a su familia, estrellas del vallenato y colegas de la televisi\u00f3n. Conoce los detalles.\" \/>\n<meta property=\"og:url\" content=\"https:\/\/digital58.com.ve\/site\/2026\/03\/04\/felipe-pelaez-celebra-sus-50-anos-en-medellin-junto-a-grandes-estrellas\/\" \/>\n<meta property=\"og:site_name\" content=\"Noticias Digital58\" \/>\n<meta property=\"article:published_time\" content=\"2026-03-04T19:40:18+00:00\" \/>\n<meta property=\"article:modified_time\" content=\"2026-03-04T20:08:00+00:00\" \/>\n<meta property=\"og:image\" content=\"https:\/\/digital58.com.ve\/site\/wp-content\/uploads\/2026\/03\/felipe-pelaez-5.webp\" \/>\n\t<meta property=\"og:image:width\" content=\"900\" \/>\n\t<meta property=\"og:image:height\" content=\"600\" \/>\n\t<meta property=\"og:image:type\" content=\"image\/webp\" \/>\n<meta name=\"author\" content=\"Villasmil Henry\" \/>\n<meta name=\"twitter:card\" content=\"summary_large_image\" \/>\n<meta name=\"twitter:creator\" content=\"@https:\/\/twitter.com\/villasmilhfoto\" \/>\n<meta name=\"twitter:site\" content=\"@villasmilhfoto\" \/>\n<meta name=\"twitter:label1\" content=\"Escrito por\" \/>\n\t<meta name=\"twitter:data1\" content=\"Villasmil Henry\" \/>\n\t<meta name=\"twitter:label2\" content=\"Tiempo estimado de lectura\" \/>\n\t<meta name=\"twitter:data2\" content=\"3 minutos\" \/>\n<script type=\"application\/ld+json\" class=\"yoast-schema-graph\">{\"@context\":\"https:\\\/\\\/schema.org\",\"@graph\":[{\"@type\":\"Article\",\"@id\":\"https:\\\/\\\/digital58.com.ve\\\/site\\\/2026\\\/03\\\/04\\\/felipe-pelaez-celebra-sus-50-anos-en-medellin-junto-a-grandes-estrellas\\\/#article\",\"isPartOf\":{\"@id\":\"https:\\\/\\\/digital58.com.ve\\\/site\\\/2026\\\/03\\\/04\\\/felipe-pelaez-celebra-sus-50-anos-en-medellin-junto-a-grandes-estrellas\\\/\"},\"author\":{\"name\":\"Villasmil Henry\",\"@id\":\"https:\\\/\\\/digital58.com.ve\\\/site\\\/#\\\/schema\\\/person\\\/64d1c2e4d0d4fd1b849980c4331c2951\"},\"headline\":\"Felipe Pel\u00e1ez celebra sus 50 a\u00f1os en Medell\u00edn junto a grandes estrellas\",\"datePublished\":\"2026-03-04T19:40:18+00:00\",\"dateModified\":\"2026-03-04T20:08:00+00:00\",\"mainEntityOfPage\":{\"@id\":\"https:\\\/\\\/digital58.com.ve\\\/site\\\/2026\\\/03\\\/04\\\/felipe-pelaez-celebra-sus-50-anos-en-medellin-junto-a-grandes-estrellas\\\/\"},\"wordCount\":393,\"commentCount\":0,\"publisher\":{\"@id\":\"https:\\\/\\\/digital58.com.ve\\\/site\\\/#\\\/schema\\\/person\\\/64d1c2e4d0d4fd1b849980c4331c2951\"},\"image\":{\"@id\":\"https:\\\/\\\/digital58.com.ve\\\/site\\\/2026\\\/03\\\/04\\\/felipe-pelaez-celebra-sus-50-anos-en-medellin-junto-a-grandes-estrellas\\\/#primaryimage\"},\"thumbnailUrl\":\"https:\\\/\\\/digital58.com.ve\\\/site\\\/wp-content\\\/uploads\\\/2026\\\/03\\\/felipe-pelaez-5.webp\",\"keywords\":[\"Celebraciones\",\"Colombia\",\"Entretenimiento\",\"Far\u00e1ndula\",\"Felipe Pel\u00e1ez\",\"Internacionales\",\"Medell\u00edn\",\"M\u00fasica\"],\"articleSection\":[\"Fama\"],\"inLanguage\":\"es\",\"potentialAction\":[{\"@type\":\"CommentAction\",\"name\":\"Comment\",\"target\":[\"https:\\\/\\\/digital58.com.ve\\\/site\\\/2026\\\/03\\\/04\\\/felipe-pelaez-celebra-sus-50-anos-en-medellin-junto-a-grandes-estrellas\\\/#respond\"]}]},{\"@type\":\"WebPage\",\"@id\":\"https:\\\/\\\/digital58.com.ve\\\/site\\\/2026\\\/03\\\/04\\\/felipe-pelaez-celebra-sus-50-anos-en-medellin-junto-a-grandes-estrellas\\\/\",\"url\":\"https:\\\/\\\/digital58.com.ve\\\/site\\\/2026\\\/03\\\/04\\\/felipe-pelaez-celebra-sus-50-anos-en-medellin-junto-a-grandes-estrellas\\\/\",\"name\":\"Felipe Pel\u00e1ez celebra sus 50 a\u00f1os en Medell\u00edn junto a grandes estrellas\",\"isPartOf\":{\"@id\":\"https:\\\/\\\/digital58.com.ve\\\/site\\\/#website\"},\"primaryImageOfPage\":{\"@id\":\"https:\\\/\\\/digital58.com.ve\\\/site\\\/2026\\\/03\\\/04\\\/felipe-pelaez-celebra-sus-50-anos-en-medellin-junto-a-grandes-estrellas\\\/#primaryimage\"},\"image\":{\"@id\":\"https:\\\/\\\/digital58.com.ve\\\/site\\\/2026\\\/03\\\/04\\\/felipe-pelaez-celebra-sus-50-anos-en-medellin-junto-a-grandes-estrellas\\\/#primaryimage\"},\"thumbnailUrl\":\"https:\\\/\\\/digital58.com.ve\\\/site\\\/wp-content\\\/uploads\\\/2026\\\/03\\\/felipe-pelaez-5.webp\",\"datePublished\":\"2026-03-04T19:40:18+00:00\",\"dateModified\":\"2026-03-04T20:08:00+00:00\",\"description\":\"El cumplea\u00f1os de Felipe Pel\u00e1ez reuni\u00f3 en su casa de Medell\u00edn a su familia, estrellas del vallenato y colegas de la televisi\u00f3n. Conoce los detalles.\",\"breadcrumb\":{\"@id\":\"https:\\\/\\\/digital58.com.ve\\\/site\\\/2026\\\/03\\\/04\\\/felipe-pelaez-celebra-sus-50-anos-en-medellin-junto-a-grandes-estrellas\\\/#breadcrumb\"},\"inLanguage\":\"es\",\"potentialAction\":[{\"@type\":\"ReadAction\",\"target\":[\"https:\\\/\\\/digital58.com.ve\\\/site\\\/2026\\\/03\\\/04\\\/felipe-pelaez-celebra-sus-50-anos-en-medellin-junto-a-grandes-estrellas\\\/\"]}]},{\"@type\":\"ImageObject\",\"inLanguage\":\"es\",\"@id\":\"https:\\\/\\\/digital58.com.ve\\\/site\\\/2026\\\/03\\\/04\\\/felipe-pelaez-celebra-sus-50-anos-en-medellin-junto-a-grandes-estrellas\\\/#primaryimage\",\"url\":\"https:\\\/\\\/digital58.com.ve\\\/site\\\/wp-content\\\/uploads\\\/2026\\\/03\\\/felipe-pelaez-5.webp\",\"contentUrl\":\"https:\\\/\\\/digital58.com.ve\\\/site\\\/wp-content\\\/uploads\\\/2026\\\/03\\\/felipe-pelaez-5.webp\",\"width\":900,\"height\":600},{\"@type\":\"BreadcrumbList\",\"@id\":\"https:\\\/\\\/digital58.com.ve\\\/site\\\/2026\\\/03\\\/04\\\/felipe-pelaez-celebra-sus-50-anos-en-medellin-junto-a-grandes-estrellas\\\/#breadcrumb\",\"itemListElement\":[{\"@type\":\"ListItem\",\"position\":1,\"name\":\"Home\",\"item\":\"https:\\\/\\\/digital58.com.ve\\\/site\\\/\"},{\"@type\":\"ListItem\",\"position\":2,\"name\":\"Felipe Pel\u00e1ez celebra sus 50 a\u00f1os en Medell\u00edn junto a grandes estrellas\"}]},{\"@type\":\"WebSite\",\"@id\":\"https:\\\/\\\/digital58.com.ve\\\/site\\\/#website\",\"url\":\"https:\\\/\\\/digital58.com.ve\\\/site\\\/\",\"name\":\"Noticias Digital58\",\"description\":\"Portal de Noticias \u00a1Periodismo web de verdad! Lanzamiento web 22.11.2005 \\\/ Maracaibo, Venezuela\",\"publisher\":{\"@id\":\"https:\\\/\\\/digital58.com.ve\\\/site\\\/#\\\/schema\\\/person\\\/64d1c2e4d0d4fd1b849980c4331c2951\"},\"alternateName\":\"ND58\",\"potentialAction\":[{\"@type\":\"SearchAction\",\"target\":{\"@type\":\"EntryPoint\",\"urlTemplate\":\"https:\\\/\\\/digital58.com.ve\\\/site\\\/?s={search_term_string}\"},\"query-input\":{\"@type\":\"PropertyValueSpecification\",\"valueRequired\":true,\"valueName\":\"search_term_string\"}}],\"inLanguage\":\"es\"},{\"@type\":[\"Person\",\"Organization\"],\"@id\":\"https:\\\/\\\/digital58.com.ve\\\/site\\\/#\\\/schema\\\/person\\\/64d1c2e4d0d4fd1b849980c4331c2951\",\"name\":\"Villasmil Henry\",\"image\":{\"@type\":\"ImageObject\",\"inLanguage\":\"es\",\"@id\":\"https:\\\/\\\/secure.gravatar.com\\\/avatar\\\/bb0c4a2fcb7970138239f7e404ea75757b1b507b28b5ce4c53fbd62d797c5a7c?s=96&d=mm&r=g\",\"url\":\"https:\\\/\\\/secure.gravatar.com\\\/avatar\\\/bb0c4a2fcb7970138239f7e404ea75757b1b507b28b5ce4c53fbd62d797c5a7c?s=96&d=mm&r=g\",\"contentUrl\":\"https:\\\/\\\/secure.gravatar.com\\\/avatar\\\/bb0c4a2fcb7970138239f7e404ea75757b1b507b28b5ce4c53fbd62d797c5a7c?s=96&d=mm&r=g\",\"caption\":\"Villasmil Henry\"},\"logo\":{\"@id\":\"https:\\\/\\\/secure.gravatar.com\\\/avatar\\\/bb0c4a2fcb7970138239f7e404ea75757b1b507b28b5ce4c53fbd62d797c5a7c?s=96&d=mm&r=g\"},\"sameAs\":[\"http:\\\/\\\/www.henryvillasmil.com.ve\",\"https:\\\/\\\/www.instagram.com\\\/villasmilhfoto\\\/\",\"https:\\\/\\\/x.com\\\/https:\\\/\\\/twitter.com\\\/villasmilhfoto\"],\"url\":\"https:\\\/\\\/digital58.com.ve\\\/site\\\/author\\\/droopy_68\\\/\"}]}<\/script>\n<!-- \/ Yoast SEO plugin. -->","yoast_head_json":{"title":"Felipe Pel\u00e1ez celebra sus 50 a\u00f1os en Medell\u00edn junto a grandes estrellas","description":"El cumplea\u00f1os de Felipe Pel\u00e1ez reuni\u00f3 en su casa de Medell\u00edn a su familia, estrellas del vallenato y colegas de la televisi\u00f3n. Conoce los detalles.","robots":{"index":"index","follow":"follow","max-snippet":"max-snippet:-1","max-image-preview":"max-image-preview:large","max-video-preview":"max-video-preview:-1"},"canonical":"https:\/\/digital58.com.ve\/site\/2026\/03\/04\/felipe-pelaez-celebra-sus-50-anos-en-medellin-junto-a-grandes-estrellas\/","og_locale":"es_ES","og_type":"article","og_title":"Felipe Pel\u00e1ez celebra sus 50 a\u00f1os en Medell\u00edn junto a grandes estrellas","og_description":"El cumplea\u00f1os de Felipe Pel\u00e1ez reuni\u00f3 en su casa de Medell\u00edn a su familia, estrellas del vallenato y colegas de la televisi\u00f3n. Conoce los detalles.","og_url":"https:\/\/digital58.com.ve\/site\/2026\/03\/04\/felipe-pelaez-celebra-sus-50-anos-en-medellin-junto-a-grandes-estrellas\/","og_site_name":"Noticias Digital58","article_published_time":"2026-03-04T19:40:18+00:00","article_modified_time":"2026-03-04T20:08:00+00:00","og_image":[{"width":900,"height":600,"url":"https:\/\/digital58.com.ve\/site\/wp-content\/uploads\/2026\/03\/felipe-pelaez-5.webp","type":"image\/webp"}],"author":"Villasmil Henry","twitter_card":"summary_large_image","twitter_creator":"@https:\/\/twitter.com\/villasmilhfoto","twitter_site":"@villasmilhfoto","twitter_misc":{"Escrito por":"Villasmil Henry","Tiempo estimado de lectura":"3 minutos"},"schema":{"@context":"https:\/\/schema.org","@graph":[{"@type":"Article","@id":"https:\/\/digital58.com.ve\/site\/2026\/03\/04\/felipe-pelaez-celebra-sus-50-anos-en-medellin-junto-a-grandes-estrellas\/#article","isPartOf":{"@id":"https:\/\/digital58.com.ve\/site\/2026\/03\/04\/felipe-pelaez-celebra-sus-50-anos-en-medellin-junto-a-grandes-estrellas\/"},"author":{"name":"Villasmil Henry","@id":"https:\/\/digital58.com.ve\/site\/#\/schema\/person\/64d1c2e4d0d4fd1b849980c4331c2951"},"headline":"Felipe Pel\u00e1ez celebra sus 50 a\u00f1os en Medell\u00edn junto a grandes estrellas","datePublished":"2026-03-04T19:40:18+00:00","dateModified":"2026-03-04T20:08:00+00:00","mainEntityOfPage":{"@id":"https:\/\/digital58.com.ve\/site\/2026\/03\/04\/felipe-pelaez-celebra-sus-50-anos-en-medellin-junto-a-grandes-estrellas\/"},"wordCount":393,"commentCount":0,"publisher":{"@id":"https:\/\/digital58.com.ve\/site\/#\/schema\/person\/64d1c2e4d0d4fd1b849980c4331c2951"},"image":{"@id":"https:\/\/digital58.com.ve\/site\/2026\/03\/04\/felipe-pelaez-celebra-sus-50-anos-en-medellin-junto-a-grandes-estrellas\/#primaryimage"},"thumbnailUrl":"https:\/\/digital58.com.ve\/site\/wp-content\/uploads\/2026\/03\/felipe-pelaez-5.webp","keywords":["Celebraciones","Colombia","Entretenimiento","Far\u00e1ndula","Felipe Pel\u00e1ez","Internacionales","Medell\u00edn","M\u00fasica"],"articleSection":["Fama"],"inLanguage":"es","potentialAction":[{"@type":"CommentAction","name":"Comment","target":["https:\/\/digital58.com.ve\/site\/2026\/03\/04\/felipe-pelaez-celebra-sus-50-anos-en-medellin-junto-a-grandes-estrellas\/#respond"]}]},{"@type":"WebPage","@id":"https:\/\/digital58.com.ve\/site\/2026\/03\/04\/felipe-pelaez-celebra-sus-50-anos-en-medellin-junto-a-grandes-estrellas\/","url":"https:\/\/digital58.com.ve\/site\/2026\/03\/04\/felipe-pelaez-celebra-sus-50-anos-en-medellin-junto-a-grandes-estrellas\/","name":"Felipe Pel\u00e1ez celebra sus 50 a\u00f1os en Medell\u00edn junto a grandes estrellas","isPartOf":{"@id":"https:\/\/digital58.com.ve\/site\/#website"},"primaryImageOfPage":{"@id":"https:\/\/digital58.com.ve\/site\/2026\/03\/04\/felipe-pelaez-celebra-sus-50-anos-en-medellin-junto-a-grandes-estrellas\/#primaryimage"},"image":{"@id":"https:\/\/digital58.com.ve\/site\/2026\/03\/04\/felipe-pelaez-celebra-sus-50-anos-en-medellin-junto-a-grandes-estrellas\/#primaryimage"},"thumbnailUrl":"https:\/\/digital58.com.ve\/site\/wp-content\/uploads\/2026\/03\/felipe-pelaez-5.webp","datePublished":"2026-03-04T19:40:18+00:00","dateModified":"2026-03-04T20:08:00+00:00","description":"El cumplea\u00f1os de Felipe Pel\u00e1ez reuni\u00f3 en su casa de Medell\u00edn a su familia, estrellas del vallenato y colegas de la televisi\u00f3n. Conoce los detalles.","breadcrumb":{"@id":"https:\/\/digital58.com.ve\/site\/2026\/03\/04\/felipe-pelaez-celebra-sus-50-anos-en-medellin-junto-a-grandes-estrellas\/#breadcrumb"},"inLanguage":"es","potentialAction":[{"@type":"ReadAction","target":["https:\/\/digital58.com.ve\/site\/2026\/03\/04\/felipe-pelaez-celebra-sus-50-anos-en-medellin-junto-a-grandes-estrellas\/"]}]},{"@type":"ImageObject","inLanguage":"es","@id":"https:\/\/digital58.com.ve\/site\/2026\/03\/04\/felipe-pelaez-celebra-sus-50-anos-en-medellin-junto-a-grandes-estrellas\/#primaryimage","url":"https:\/\/digital58.com.ve\/site\/wp-content\/uploads\/2026\/03\/felipe-pelaez-5.webp","contentUrl":"https:\/\/digital58.com.ve\/site\/wp-content\/uploads\/2026\/03\/felipe-pelaez-5.webp","width":900,"height":600},{"@type":"BreadcrumbList","@id":"https:\/\/digital58.com.ve\/site\/2026\/03\/04\/felipe-pelaez-celebra-sus-50-anos-en-medellin-junto-a-grandes-estrellas\/#breadcrumb","itemListElement":[{"@type":"ListItem","position":1,"name":"Home","item":"https:\/\/digital58.com.ve\/site\/"},{"@type":"ListItem","position":2,"name":"Felipe Pel\u00e1ez celebra sus 50 a\u00f1os en Medell\u00edn junto a grandes estrellas"}]},{"@type":"WebSite","@id":"https:\/\/digital58.com.ve\/site\/#website","url":"https:\/\/digital58.com.ve\/site\/","name":"Noticias Digital58","description":"Portal de Noticias \u00a1Periodismo web de verdad! Lanzamiento web 22.11.2005 \/ Maracaibo, Venezuela","publisher":{"@id":"https:\/\/digital58.com.ve\/site\/#\/schema\/person\/64d1c2e4d0d4fd1b849980c4331c2951"},"alternateName":"ND58","potentialAction":[{"@type":"SearchAction","target":{"@type":"EntryPoint","urlTemplate":"https:\/\/digital58.com.ve\/site\/?s={search_term_string}"},"query-input":{"@type":"PropertyValueSpecification","valueRequired":true,"valueName":"search_term_string"}}],"inLanguage":"es"},{"@type":["Person","Organization"],"@id":"https:\/\/digital58.com.ve\/site\/#\/schema\/person\/64d1c2e4d0d4fd1b849980c4331c2951","name":"Villasmil Henry","image":{"@type":"ImageObject","inLanguage":"es","@id":"https:\/\/secure.gravatar.com\/avatar\/bb0c4a2fcb7970138239f7e404ea75757b1b507b28b5ce4c53fbd62d797c5a7c?s=96&d=mm&r=g","url":"https:\/\/secure.gravatar.com\/avatar\/bb0c4a2fcb7970138239f7e404ea75757b1b507b28b5ce4c53fbd62d797c5a7c?s=96&d=mm&r=g","contentUrl":"https:\/\/secure.gravatar.com\/avatar\/bb0c4a2fcb7970138239f7e404ea75757b1b507b28b5ce4c53fbd62d797c5a7c?s=96&d=mm&r=g","caption":"Villasmil Henry"},"logo":{"@id":"https:\/\/secure.gravatar.com\/avatar\/bb0c4a2fcb7970138239f7e404ea75757b1b507b28b5ce4c53fbd62d797c5a7c?s=96&d=mm&r=g"},"sameAs":["http:\/\/www.henryvillasmil.com.ve","https:\/\/www.instagram.com\/villasmilhfoto\/","https:\/\/x.com\/https:\/\/twitter.com\/villasmilhfoto"],"url":"https:\/\/digital58.com.ve\/site\/author\/droopy_68\/"}]}},"uagb_featured_image_src":{"full":["https:\/\/digital58.com.ve\/site\/wp-content\/uploads\/2026\/03\/felipe-pelaez-5.webp",900,600,false],"thumbnail":["https:\/\/digital58.com.ve\/site\/wp-content\/uploads\/2026\/03\/felipe-pelaez-5-150x150.webp",150,150,true],"medium":["https:\/\/digital58.com.ve\/site\/wp-content\/uploads\/2026\/03\/felipe-pelaez-5-300x200.webp",300,200,true],"medium_large":["https:\/\/digital58.com.ve\/site\/wp-content\/uploads\/2026\/03\/felipe-pelaez-5-768x512.webp",768,512,true],"large":["https:\/\/digital58.com.ve\/site\/wp-content\/uploads\/2026\/03\/felipe-pelaez-5.webp",800,533,false],"1536x1536":["https:\/\/digital58.com.ve\/site\/wp-content\/uploads\/2026\/03\/felipe-pelaez-5.webp",900,600,false],"2048x2048":["https:\/\/digital58.com.ve\/site\/wp-content\/uploads\/2026\/03\/felipe-pelaez-5.webp",900,600,false],"colormag-highlighted-post":["https:\/\/digital58.com.ve\/site\/wp-content\/uploads\/2026\/03\/felipe-pelaez-5-392x272.webp",392,272,true],"colormag-featured-post-medium":["https:\/\/digital58.com.ve\/site\/wp-content\/uploads\/2026\/03\/felipe-pelaez-5-390x205.webp",390,205,true],"colormag-featured-post-small":["https:\/\/digital58.com.ve\/site\/wp-content\/uploads\/2026\/03\/felipe-pelaez-5-130x90.webp",130,90,true],"colormag-featured-image":["https:\/\/digital58.com.ve\/site\/wp-content\/uploads\/2026\/03\/felipe-pelaez-5-800x445.webp",800,445,true],"colormag-default-news":["https:\/\/digital58.com.ve\/site\/wp-content\/uploads\/2026\/03\/felipe-pelaez-5-150x150.webp",150,150,true],"colormag-featured-image-large":["https:\/\/digital58.com.ve\/site\/wp-content\/uploads\/2026\/03\/felipe-pelaez-5.webp",900,600,false]},"uagb_author_info":{"display_name":"Villasmil Henry","author_link":"https:\/\/digital58.com.ve\/site\/author\/droopy_68\/"},"uagb_comment_info":0,"uagb_excerpt":"El cantautor colombo-venezolano festej\u00f3 junto a su familia, colegas del vallenato y figuras de la televisi\u00f3n. Colombia, 04 de marzo","_links":{"self":[{"href":"https:\/\/digital58.com.ve\/site\/wp-json\/wp\/v2\/posts\/194040","targetHints":{"allow":["GET"]}}],"collection":[{"href":"https:\/\/digital58.com.ve\/site\/wp-json\/wp\/v2\/posts"}],"about":[{"href":"https:\/\/digital58.com.ve\/site\/wp-json\/wp\/v2\/types\/post"}],"author":[{"embeddable":true,"href":"https:\/\/digital58.com.ve\/site\/wp-json\/wp\/v2\/users\/1"}],"replies":[{"embeddable":true,"href":"https:\/\/digital58.com.ve\/site\/wp-json\/wp\/v2\/comments?post=194040"}],"version-history":[{"count":3,"href":"https:\/\/digital58.com.ve\/site\/wp-json\/wp\/v2\/posts\/194040\/revisions"}],"predecessor-version":[{"id":194048,"href":"https:\/\/digital58.com.ve\/site\/wp-json\/wp\/v2\/posts\/194040\/revisions\/194048"}],"wp:featuredmedia":[{"embeddable":true,"href":"https:\/\/digital58.com.ve\/site\/wp-json\/wp\/v2\/media\/194041"}],"wp:attachment":[{"href":"https:\/\/digital58.com.ve\/site\/wp-json\/wp\/v2\/media?parent=194040"}],"wp:term":[{"taxonomy":"category","embeddable":true,"href":"https:\/\/digital58.com.ve\/site\/wp-json\/wp\/v2\/categories?post=194040"},{"taxonomy":"post_tag","embeddable":true,"href":"https:\/\/digital58.com.ve\/site\/wp-json\/wp\/v2\/tags?post=194040"}],"curies":[{"name":"wp","href":"https:\/\/api.w.org\/{rel}","templated":true}]}}