{"id":194049,"date":"2026-03-05T15:24:34","date_gmt":"2026-03-05T19:24:34","guid":{"rendered":"https:\/\/digital58.com.ve\/site\/?p=194049"},"modified":"2026-03-06T16:19:47","modified_gmt":"2026-03-06T20:19:47","slug":"alcala-rhode-buscara-la-fiscalia-general-de-la-republica","status":"publish","type":"post","link":"https:\/\/digital58.com.ve\/site\/2026\/03\/05\/alcala-rhode-buscara-la-fiscalia-general-de-la-republica\/","title":{"rendered":"Alcal\u00e1 Rhode buscar\u00e1 la Fiscal\u00eda General de la Rep\u00fablica"},"content":{"rendered":"<p><a class=\"keychainify-checked\" href=\"https:\/\/digital58.com.ve\/site\/wp-content\/uploads\/2026\/03\/alcala-rhode-1.webp\"><img loading=\"lazy\" decoding=\"async\" class=\"aligncenter wp-image-194052 size-full\" src=\"https:\/\/digital58.com.ve\/site\/wp-content\/uploads\/2026\/03\/alcala-rhode-1.webp\" alt=\"El abogado penalista Jos\u00e9 Luis Alcal\u00e1 Rhode anunci\u00f3 este jueves 05 de febrero en Maracaibo su postulaci\u00f3n al cargo de fiscal general de la Rep\u00fablica, con el objetivo de devolverle la autonom\u00eda a la instituci\u00f3n y priorizar la defensa de las garant\u00edas fundamentales.\" width=\"900\" height=\"600\" srcset=\"https:\/\/digital58.com.ve\/site\/wp-content\/uploads\/2026\/03\/alcala-rhode-1.webp 900w, https:\/\/digital58.com.ve\/site\/wp-content\/uploads\/2026\/03\/alcala-rhode-1-300x200.webp 300w, https:\/\/digital58.com.ve\/site\/wp-content\/uploads\/2026\/03\/alcala-rhode-1-768x512.webp 768w\" sizes=\"auto, (max-width: 900px) 100vw, 900px\" \/><\/a><\/p>\n<blockquote><p>El abogado zuliano y exdirector policial formalizar\u00e1 su candidatura ante la Asamblea Nacional con la promesa de restaurar la independencia institucional y revisar los expedientes de los presos pol\u00edticos.<\/p><\/blockquote>\n<p><strong>Maracaibo, Zulia, Venezuela, 05 de marzo de 2026 (ND58).-<\/strong> El abogado penalista Jos\u00e9 Luis Alcal\u00e1 Rhode anunci\u00f3 este jueves 05 de febrero en Maracaibo su postulaci\u00f3n al cargo de fiscal general de la Rep\u00fablica, con el objetivo de devolverle la autonom\u00eda a la instituci\u00f3n y priorizar la defensa de las garant\u00edas fundamentales.<\/p>\n<h2>Candidatura por la independencia judicial<\/h2>\n<p>Para oficializar su aspiraci\u00f3n, el jurista acudir\u00e1 este lunes 09 de marzo ante el comit\u00e9 de postulaciones del parlamento nacional.<\/p>\n<p>Esta vacante surge tras la reciente renuncia de Tarek William Saab, exfuncionario se\u00f1alado por m\u00faltiples organizaciones civiles como responsable de persecuciones estatales.<\/p>\n<p>Durante una rueda de prensa desde su despacho, Alcal\u00e1 Rhode enfatiz\u00f3 la necesidad apremiante de recuperar la credibilidad del Ministerio P\u00fablico frente a la ciudadan\u00eda.<\/p>\n<p>\u00abLa Fiscal\u00eda, que deber\u00eda ser el muro de contenci\u00f3n del Estado de derecho, se convirti\u00f3 en un ap\u00e9ndice pol\u00edtico perdiendo su autonom\u00eda\u00bb, asever\u00f3 el letrado.<\/p>\n<p><a class=\"keychainify-checked\" href=\"https:\/\/digital58.com.ve\/site\/wp-content\/uploads\/2026\/03\/alcala-rhode-2.webp\"><img loading=\"lazy\" decoding=\"async\" class=\"aligncenter size-full wp-image-194051\" src=\"https:\/\/digital58.com.ve\/site\/wp-content\/uploads\/2026\/03\/alcala-rhode-2.webp\" alt=\"\" width=\"900\" height=\"600\" srcset=\"https:\/\/digital58.com.ve\/site\/wp-content\/uploads\/2026\/03\/alcala-rhode-2.webp 900w, https:\/\/digital58.com.ve\/site\/wp-content\/uploads\/2026\/03\/alcala-rhode-2-300x200.webp 300w, https:\/\/digital58.com.ve\/site\/wp-content\/uploads\/2026\/03\/alcala-rhode-2-768x512.webp 768w\" sizes=\"auto, (max-width: 900px) 100vw, 900px\" \/><\/a><\/p>\n<h2>Revisi\u00f3n exhaustiva de expedientes<\/h2>\n<p>El excomandante de la Polic\u00eda Municipal de Maracaibo detall\u00f3 que, de asumir el cargo, su primera medida consistir\u00e1 en auditar los procesos judiciales viciados.<\/p>\n<p>Subray\u00f3 que pondr\u00e1 especial atenci\u00f3n en el an\u00e1lisis de las causas de los detenidos por motivos ideol\u00f3gicos o pol\u00edticos.<\/p>\n<p>En este sentido, el especialista en Ciencias Penales garantiz\u00f3 que no actuar\u00e1 bajo la subordinaci\u00f3n de ning\u00fan poder p\u00fablico o facci\u00f3n partidista.<\/p>\n<p>\u00abEl fiscal general no es el abogado del Gobierno ni el vocero del partido de turno\u00bb, sentenci\u00f3 con firmeza al definir la imparcialidad que debe regir el cargo.<\/p>\n<p style=\"text-align: center;\"><div class=\"lyte-wrapper\" title=\"\ud83d\udccc Alcal&aacute; Rhode buscar&aacute; la Fiscal&iacute;a General de la Rep&uacute;blica\" style=\"width:640px;max-width:100%;margin:5px auto;\"><div class=\"lyMe\" id=\"WYL_gY599MbzUs4\" itemprop=\"video\" itemscope itemtype=\"https:\/\/schema.org\/VideoObject\"><div><meta itemprop=\"thumbnailUrl\" content=\"https:\/\/i.ytimg.com\/vi\/gY599MbzUs4\/hqdefault.jpg\" \/><meta itemprop=\"embedURL\" content=\"https:\/\/www.youtube.com\/embed\/gY599MbzUs4\" \/><meta itemprop=\"duration\" content=\"PT2M38S\" \/><meta itemprop=\"uploadDate\" content=\"2026-03-06T20:13:31Z\" \/><\/div><div id=\"lyte_gY599MbzUs4\" data-src=\"https:\/\/i.ytimg.com\/vi\/gY599MbzUs4\/hqdefault.jpg\" class=\"pL\"><div class=\"tC\"><div class=\"tT\" itemprop=\"name\">\ud83d\udccc Alcal\u00e1 Rhode buscar\u00e1 la Fiscal\u00eda General de la Rep\u00fablica<\/div><\/div><div class=\"play\"><\/div><div class=\"ctrl\"><div class=\"Lctrl\"><\/div><div class=\"Rctrl\"><\/div><\/div><\/div><noscript><a href=\"https:\/\/youtu.be\/gY599MbzUs4\" rel=\"nofollow\"><img loading=\"lazy\" decoding=\"async\" src=\"https:\/\/i.ytimg.com\/vi\/gY599MbzUs4\/0.jpg\" alt=\"\ud83d\udccc Alcal&aacute; Rhode buscar&aacute; la Fiscal&iacute;a General de la Rep&uacute;blica\" width=\"640\" height=\"340\" \/><br \/>Ver este video en YouTube<\/a><\/noscript><meta itemprop=\"description\" content=\"El abogado y exdirector policial zuliano, Jos\u00e9 Luis Alcal\u00e1 Rhode, confirm\u00f3 este jueves su intenci\u00f3n de liderar el Ministerio P\u00fablico. En su anuncio, destac\u00f3 la urgencia de devolverle la autonom\u00eda a esta instituci\u00f3n y de priorizar la defensa de las garant\u00edas fundamentales de los ciudadanos. \u00abLa Fiscal\u00eda, que deber\u00eda ser el muro de contenci\u00f3n del Estado de derecho, se convirti\u00f3 en un ap\u00e9ndice pol\u00edtico\u00bb, asever\u00f3 el especialista en Ciencias Penales durante su comparecencia ante los medios. Entre sus primeras acciones, en caso de ser designado por el parlamento nacional, se encuentra la revisi\u00f3n exhaustiva de los expedientes de detenidos por motivos ideol\u00f3gicos y la investigaci\u00f3n de abusos de autoridad. \ud83d\udccc \u00bfQu\u00e9 opina usted sobre esta nueva candidatura para el sistema de justicia venezolano? D\u00e9jenos su comentario. \ud83d\udcdd Cr\u00e9ditos: Voz en off: @edwinrivero01 M\u00fasica oficial ND58: Armando Hern\u00e1ndez (@armanditohernandez) Voz Marca Principal ND58: (@neomarcr1) Voz Marca ND58: Ana Sofia Morales (@anasofsinger) Guitarras: Humbert Urdaneta (@nosoysanz) C\u00e1mara y edici\u00f3n: @villasmilhfoto #JusticiaVenezolana #Fiscal\u00edaGeneral #Jos\u00e9LuisAlcal\u00e1Rhode #NoticiasVenezuela #Zulia #DerechosHumanos #Pol\u00edticaNacional\"><\/div><\/div><div class=\"lL\" style=\"max-width:100%;width:640px;margin:5px auto;\"><\/div><\/p>\n<h2>Perfil y trayectoria del aspirante<\/h2>\n<p>Alcal\u00e1 Rhode posee maestr\u00edas en Ciencias Pol\u00edticas y Derecho P\u00fablico, adem\u00e1s de una vasta experiencia en la administraci\u00f3n p\u00fablica regional.<\/p>\n<p>Ejerci\u00f3 como secretario general de Gobierno en el estado Zulia hasta marzo de 2024, durante la administraci\u00f3n de Manuel Rosales.<\/p>\n<p>Posteriormente, en julio de 2025, oficializ\u00f3 su renuncia a la militancia del partido Un Nuevo Tiempo debido a discrepancias con la directiva de la organizaci\u00f3n.<\/p>\n<p>Esta separaci\u00f3n subraya su intenci\u00f3n actual de presentarse como una figura netamente independiente para liderar el sistema de justicia venezolano.<\/p>\n<p><a class=\"keychainify-checked\" href=\"https:\/\/digital58.com.ve\/site\/wp-content\/uploads\/2026\/03\/alcala-rhode-3.webp\"><img loading=\"lazy\" decoding=\"async\" class=\"aligncenter size-full wp-image-194050\" src=\"https:\/\/digital58.com.ve\/site\/wp-content\/uploads\/2026\/03\/alcala-rhode-3.webp\" alt=\"\" width=\"900\" height=\"600\" srcset=\"https:\/\/digital58.com.ve\/site\/wp-content\/uploads\/2026\/03\/alcala-rhode-3.webp 900w, https:\/\/digital58.com.ve\/site\/wp-content\/uploads\/2026\/03\/alcala-rhode-3-300x200.webp 300w, https:\/\/digital58.com.ve\/site\/wp-content\/uploads\/2026\/03\/alcala-rhode-3-768x512.webp 768w\" sizes=\"auto, (max-width: 900px) 100vw, 900px\" \/><\/a><\/p>\n<h2>Promesa de justicia sin ret\u00f3rica<\/h2>\n<p>El candidato asegur\u00f3 que los derechos humanos dejar\u00e1n de ser un discurso vac\u00edo y se convertir\u00e1n en una estricta pol\u00edtica institucional.<\/p>\n<p>Prometi\u00f3 habilitar canales seguros para las v\u00edctimas e investigar a fondo los abusos de autoridad, las ejecuciones extrajudiciales y los actos de corrupci\u00f3n de altos funcionarios.<\/p>\n<p>\u00abConozco las fortalezas del Estado y sus fallas m\u00e1s profundas. Mi experiencia me permite no solo identificar los problemas estructurales, sino liderar la reconstrucci\u00f3n que Venezuela reclama\u00bb, culmin\u00f3 el abogado zuliano.<\/p>\n<p><strong>Sala de redacci\u00f3n ND58<\/strong><br \/>\n<strong>Edici\u00f3n: Villasmil, Henry<\/strong><br \/>\n<strong>Gr\u00e1ficas: @villasmilhfoto<\/strong><\/p>\n<p>&nbsp;<\/p>\n<p>&nbsp;<\/p><div class=\"fmsvl69ee2f12f3a28\" ><p style=\"text-align: center;\"><a href=\"https:\/\/t.me\/noticiasdigital58\" target=\"_blank\" rel=\"noopener\"><img class=\"aligncenter size-full wp-image-125363\" src=\"https:\/\/digital58.com.ve\/site\/wp-content\/uploads\/2021\/04\/banner-telegram-web-2021.png\" alt=\"\" width=\"600\" height=\"90\" \/><\/a><\/p><\/div><style type=\"text\/css\">\r\n@media screen and (min-width: 1201px) {\r\n.fmsvl69ee2f12f3a28 {\r\ndisplay: block;\r\n}\r\n}\r\n@media screen and (min-width: 993px) and (max-width: 1200px) {\r\n.fmsvl69ee2f12f3a28 {\r\ndisplay: block;\r\n}\r\n}\r\n@media screen and (min-width: 769px) and (max-width: 992px) {\r\n.fmsvl69ee2f12f3a28 {\r\ndisplay: block;\r\n}\r\n}\r\n@media screen and (min-width: 768px) and (max-width: 768px) {\r\n.fmsvl69ee2f12f3a28 {\r\ndisplay: block;\r\n}\r\n}\r\n@media screen and (max-width: 767px) {\r\n.fmsvl69ee2f12f3a28 {\r\ndisplay: block;\r\n}\r\n}\r\n<\/style>\r\n\n<p>&nbsp;<\/p>\n<div style=\"margin-top: 0px; margin-bottom: 0px;\" class=\"sharethis-inline-share-buttons\" ><\/div>","protected":false},"excerpt":{"rendered":"<p>El abogado zuliano y exdirector policial formalizar\u00e1 su candidatura ante la Asamblea Nacional con la promesa de restaurar la independencia<\/p>\n","protected":false},"author":1,"featured_media":194050,"comment_status":"open","ping_status":"closed","sticky":false,"template":"","format":"standard","meta":{"colormag_page_container_layout":"default_layout","colormag_page_sidebar_layout":"default_layout","_uag_custom_page_level_css":"","footnotes":""},"categories":[14504],"tags":[18460,13678,73,233,7342,2354,32],"class_list":["post-194049","post","type-post","status-publish","format-standard","has-post-thumbnail","hentry","category-zulia","tag-fiscalia-general-de-la-republica","tag-jose-luis-alcala-rhode","tag-maracaibo","tag-nacionales","tag-postulaciones","tag-regionales","tag-venezuela"],"yoast_head":"<!-- This site is optimized with the Yoast SEO plugin v27.4 - https:\/\/yoast.com\/product\/yoast-seo-wordpress\/ -->\n<title>Alcal\u00e1 Rhode buscar\u00e1 la Fiscal\u00eda General de la Rep\u00fablica<\/title>\n<meta name=\"description\" content=\"El abogado Jos\u00e9 Luis Alcal\u00e1 oficializa su postulaci\u00f3n como fiscal general de Venezuela, prometiendo independencia judicial y revisi\u00f3n de casos.\" \/>\n<meta name=\"robots\" content=\"index, follow, max-snippet:-1, max-image-preview:large, max-video-preview:-1\" \/>\n<link rel=\"canonical\" href=\"https:\/\/digital58.com.ve\/site\/2026\/03\/05\/alcala-rhode-buscara-la-fiscalia-general-de-la-republica\/\" \/>\n<meta property=\"og:locale\" content=\"es_ES\" \/>\n<meta property=\"og:type\" content=\"article\" \/>\n<meta property=\"og:title\" content=\"Alcal\u00e1 Rhode buscar\u00e1 la Fiscal\u00eda General de la Rep\u00fablica\" \/>\n<meta property=\"og:description\" content=\"El abogado Jos\u00e9 Luis Alcal\u00e1 oficializa su postulaci\u00f3n como fiscal general de Venezuela, prometiendo independencia judicial y revisi\u00f3n de casos.\" \/>\n<meta property=\"og:url\" content=\"https:\/\/digital58.com.ve\/site\/2026\/03\/05\/alcala-rhode-buscara-la-fiscalia-general-de-la-republica\/\" \/>\n<meta property=\"og:site_name\" content=\"Noticias Digital58\" \/>\n<meta property=\"article:published_time\" content=\"2026-03-05T19:24:34+00:00\" \/>\n<meta property=\"article:modified_time\" content=\"2026-03-06T20:19:47+00:00\" \/>\n<meta property=\"og:image\" content=\"https:\/\/digital58.com.ve\/site\/wp-content\/uploads\/2026\/03\/alcala-rhode-3.webp\" \/>\n\t<meta property=\"og:image:width\" content=\"900\" \/>\n\t<meta property=\"og:image:height\" content=\"600\" \/>\n\t<meta property=\"og:image:type\" content=\"image\/webp\" \/>\n<meta name=\"author\" content=\"Villasmil Henry\" \/>\n<meta name=\"twitter:card\" content=\"summary_large_image\" \/>\n<meta name=\"twitter:creator\" content=\"@https:\/\/twitter.com\/villasmilhfoto\" \/>\n<meta name=\"twitter:site\" content=\"@villasmilhfoto\" \/>\n<meta name=\"twitter:label1\" content=\"Escrito por\" \/>\n\t<meta name=\"twitter:data1\" content=\"Villasmil Henry\" \/>\n\t<meta name=\"twitter:label2\" content=\"Tiempo estimado de lectura\" \/>\n\t<meta name=\"twitter:data2\" content=\"3 minutos\" \/>\n<script type=\"application\/ld+json\" class=\"yoast-schema-graph\">{\"@context\":\"https:\\\/\\\/schema.org\",\"@graph\":[{\"@type\":\"Article\",\"@id\":\"https:\\\/\\\/digital58.com.ve\\\/site\\\/2026\\\/03\\\/05\\\/alcala-rhode-buscara-la-fiscalia-general-de-la-republica\\\/#article\",\"isPartOf\":{\"@id\":\"https:\\\/\\\/digital58.com.ve\\\/site\\\/2026\\\/03\\\/05\\\/alcala-rhode-buscara-la-fiscalia-general-de-la-republica\\\/\"},\"author\":{\"name\":\"Villasmil Henry\",\"@id\":\"https:\\\/\\\/digital58.com.ve\\\/site\\\/#\\\/schema\\\/person\\\/64d1c2e4d0d4fd1b849980c4331c2951\"},\"headline\":\"Alcal\u00e1 Rhode buscar\u00e1 la Fiscal\u00eda General de la Rep\u00fablica\",\"datePublished\":\"2026-03-05T19:24:34+00:00\",\"dateModified\":\"2026-03-06T20:19:47+00:00\",\"mainEntityOfPage\":{\"@id\":\"https:\\\/\\\/digital58.com.ve\\\/site\\\/2026\\\/03\\\/05\\\/alcala-rhode-buscara-la-fiscalia-general-de-la-republica\\\/\"},\"wordCount\":515,\"commentCount\":0,\"publisher\":{\"@id\":\"https:\\\/\\\/digital58.com.ve\\\/site\\\/#\\\/schema\\\/person\\\/64d1c2e4d0d4fd1b849980c4331c2951\"},\"image\":{\"@id\":\"https:\\\/\\\/digital58.com.ve\\\/site\\\/2026\\\/03\\\/05\\\/alcala-rhode-buscara-la-fiscalia-general-de-la-republica\\\/#primaryimage\"},\"thumbnailUrl\":\"https:\\\/\\\/digital58.com.ve\\\/site\\\/wp-content\\\/uploads\\\/2026\\\/03\\\/alcala-rhode-3.webp\",\"keywords\":[\"Fiscal\u00eda General de la Rep\u00fablica\",\"Jos\u00e9 Luis Alcal\u00e1 Rhode\",\"Maracaibo\",\"Nacionales\",\"Postulaciones\",\"Regionales\",\"Venezuela\"],\"articleSection\":[\"Zulia\"],\"inLanguage\":\"es\",\"potentialAction\":[{\"@type\":\"CommentAction\",\"name\":\"Comment\",\"target\":[\"https:\\\/\\\/digital58.com.ve\\\/site\\\/2026\\\/03\\\/05\\\/alcala-rhode-buscara-la-fiscalia-general-de-la-republica\\\/#respond\"]}]},{\"@type\":\"WebPage\",\"@id\":\"https:\\\/\\\/digital58.com.ve\\\/site\\\/2026\\\/03\\\/05\\\/alcala-rhode-buscara-la-fiscalia-general-de-la-republica\\\/\",\"url\":\"https:\\\/\\\/digital58.com.ve\\\/site\\\/2026\\\/03\\\/05\\\/alcala-rhode-buscara-la-fiscalia-general-de-la-republica\\\/\",\"name\":\"Alcal\u00e1 Rhode buscar\u00e1 la Fiscal\u00eda General de la Rep\u00fablica\",\"isPartOf\":{\"@id\":\"https:\\\/\\\/digital58.com.ve\\\/site\\\/#website\"},\"primaryImageOfPage\":{\"@id\":\"https:\\\/\\\/digital58.com.ve\\\/site\\\/2026\\\/03\\\/05\\\/alcala-rhode-buscara-la-fiscalia-general-de-la-republica\\\/#primaryimage\"},\"image\":{\"@id\":\"https:\\\/\\\/digital58.com.ve\\\/site\\\/2026\\\/03\\\/05\\\/alcala-rhode-buscara-la-fiscalia-general-de-la-republica\\\/#primaryimage\"},\"thumbnailUrl\":\"https:\\\/\\\/digital58.com.ve\\\/site\\\/wp-content\\\/uploads\\\/2026\\\/03\\\/alcala-rhode-3.webp\",\"datePublished\":\"2026-03-05T19:24:34+00:00\",\"dateModified\":\"2026-03-06T20:19:47+00:00\",\"description\":\"El abogado Jos\u00e9 Luis Alcal\u00e1 oficializa su postulaci\u00f3n como fiscal general de Venezuela, prometiendo independencia judicial y revisi\u00f3n de casos.\",\"breadcrumb\":{\"@id\":\"https:\\\/\\\/digital58.com.ve\\\/site\\\/2026\\\/03\\\/05\\\/alcala-rhode-buscara-la-fiscalia-general-de-la-republica\\\/#breadcrumb\"},\"inLanguage\":\"es\",\"potentialAction\":[{\"@type\":\"ReadAction\",\"target\":[\"https:\\\/\\\/digital58.com.ve\\\/site\\\/2026\\\/03\\\/05\\\/alcala-rhode-buscara-la-fiscalia-general-de-la-republica\\\/\"]}]},{\"@type\":\"ImageObject\",\"inLanguage\":\"es\",\"@id\":\"https:\\\/\\\/digital58.com.ve\\\/site\\\/2026\\\/03\\\/05\\\/alcala-rhode-buscara-la-fiscalia-general-de-la-republica\\\/#primaryimage\",\"url\":\"https:\\\/\\\/digital58.com.ve\\\/site\\\/wp-content\\\/uploads\\\/2026\\\/03\\\/alcala-rhode-3.webp\",\"contentUrl\":\"https:\\\/\\\/digital58.com.ve\\\/site\\\/wp-content\\\/uploads\\\/2026\\\/03\\\/alcala-rhode-3.webp\",\"width\":900,\"height\":600},{\"@type\":\"BreadcrumbList\",\"@id\":\"https:\\\/\\\/digital58.com.ve\\\/site\\\/2026\\\/03\\\/05\\\/alcala-rhode-buscara-la-fiscalia-general-de-la-republica\\\/#breadcrumb\",\"itemListElement\":[{\"@type\":\"ListItem\",\"position\":1,\"name\":\"Home\",\"item\":\"https:\\\/\\\/digital58.com.ve\\\/site\\\/\"},{\"@type\":\"ListItem\",\"position\":2,\"name\":\"Alcal\u00e1 Rhode buscar\u00e1 la Fiscal\u00eda General de la Rep\u00fablica\"}]},{\"@type\":\"WebSite\",\"@id\":\"https:\\\/\\\/digital58.com.ve\\\/site\\\/#website\",\"url\":\"https:\\\/\\\/digital58.com.ve\\\/site\\\/\",\"name\":\"Noticias Digital58\",\"description\":\"Portal de Noticias \u00a1Periodismo web de verdad! Lanzamiento web 22.11.2005 \\\/ Maracaibo, Venezuela\",\"publisher\":{\"@id\":\"https:\\\/\\\/digital58.com.ve\\\/site\\\/#\\\/schema\\\/person\\\/64d1c2e4d0d4fd1b849980c4331c2951\"},\"alternateName\":\"ND58\",\"potentialAction\":[{\"@type\":\"SearchAction\",\"target\":{\"@type\":\"EntryPoint\",\"urlTemplate\":\"https:\\\/\\\/digital58.com.ve\\\/site\\\/?s={search_term_string}\"},\"query-input\":{\"@type\":\"PropertyValueSpecification\",\"valueRequired\":true,\"valueName\":\"search_term_string\"}}],\"inLanguage\":\"es\"},{\"@type\":[\"Person\",\"Organization\"],\"@id\":\"https:\\\/\\\/digital58.com.ve\\\/site\\\/#\\\/schema\\\/person\\\/64d1c2e4d0d4fd1b849980c4331c2951\",\"name\":\"Villasmil Henry\",\"image\":{\"@type\":\"ImageObject\",\"inLanguage\":\"es\",\"@id\":\"https:\\\/\\\/secure.gravatar.com\\\/avatar\\\/bb0c4a2fcb7970138239f7e404ea75757b1b507b28b5ce4c53fbd62d797c5a7c?s=96&d=mm&r=g\",\"url\":\"https:\\\/\\\/secure.gravatar.com\\\/avatar\\\/bb0c4a2fcb7970138239f7e404ea75757b1b507b28b5ce4c53fbd62d797c5a7c?s=96&d=mm&r=g\",\"contentUrl\":\"https:\\\/\\\/secure.gravatar.com\\\/avatar\\\/bb0c4a2fcb7970138239f7e404ea75757b1b507b28b5ce4c53fbd62d797c5a7c?s=96&d=mm&r=g\",\"caption\":\"Villasmil Henry\"},\"logo\":{\"@id\":\"https:\\\/\\\/secure.gravatar.com\\\/avatar\\\/bb0c4a2fcb7970138239f7e404ea75757b1b507b28b5ce4c53fbd62d797c5a7c?s=96&d=mm&r=g\"},\"sameAs\":[\"http:\\\/\\\/www.henryvillasmil.com.ve\",\"https:\\\/\\\/www.instagram.com\\\/villasmilhfoto\\\/\",\"https:\\\/\\\/x.com\\\/https:\\\/\\\/twitter.com\\\/villasmilhfoto\"],\"url\":\"https:\\\/\\\/digital58.com.ve\\\/site\\\/author\\\/droopy_68\\\/\"}]}<\/script>\n<!-- \/ Yoast SEO plugin. -->","yoast_head_json":{"title":"Alcal\u00e1 Rhode buscar\u00e1 la Fiscal\u00eda General de la Rep\u00fablica","description":"El abogado Jos\u00e9 Luis Alcal\u00e1 oficializa su postulaci\u00f3n como fiscal general de Venezuela, prometiendo independencia judicial y revisi\u00f3n de casos.","robots":{"index":"index","follow":"follow","max-snippet":"max-snippet:-1","max-image-preview":"max-image-preview:large","max-video-preview":"max-video-preview:-1"},"canonical":"https:\/\/digital58.com.ve\/site\/2026\/03\/05\/alcala-rhode-buscara-la-fiscalia-general-de-la-republica\/","og_locale":"es_ES","og_type":"article","og_title":"Alcal\u00e1 Rhode buscar\u00e1 la Fiscal\u00eda General de la Rep\u00fablica","og_description":"El abogado Jos\u00e9 Luis Alcal\u00e1 oficializa su postulaci\u00f3n como fiscal general de Venezuela, prometiendo independencia judicial y revisi\u00f3n de casos.","og_url":"https:\/\/digital58.com.ve\/site\/2026\/03\/05\/alcala-rhode-buscara-la-fiscalia-general-de-la-republica\/","og_site_name":"Noticias Digital58","article_published_time":"2026-03-05T19:24:34+00:00","article_modified_time":"2026-03-06T20:19:47+00:00","og_image":[{"width":900,"height":600,"url":"https:\/\/digital58.com.ve\/site\/wp-content\/uploads\/2026\/03\/alcala-rhode-3.webp","type":"image\/webp"}],"author":"Villasmil Henry","twitter_card":"summary_large_image","twitter_creator":"@https:\/\/twitter.com\/villasmilhfoto","twitter_site":"@villasmilhfoto","twitter_misc":{"Escrito por":"Villasmil Henry","Tiempo estimado de lectura":"3 minutos"},"schema":{"@context":"https:\/\/schema.org","@graph":[{"@type":"Article","@id":"https:\/\/digital58.com.ve\/site\/2026\/03\/05\/alcala-rhode-buscara-la-fiscalia-general-de-la-republica\/#article","isPartOf":{"@id":"https:\/\/digital58.com.ve\/site\/2026\/03\/05\/alcala-rhode-buscara-la-fiscalia-general-de-la-republica\/"},"author":{"name":"Villasmil Henry","@id":"https:\/\/digital58.com.ve\/site\/#\/schema\/person\/64d1c2e4d0d4fd1b849980c4331c2951"},"headline":"Alcal\u00e1 Rhode buscar\u00e1 la Fiscal\u00eda General de la Rep\u00fablica","datePublished":"2026-03-05T19:24:34+00:00","dateModified":"2026-03-06T20:19:47+00:00","mainEntityOfPage":{"@id":"https:\/\/digital58.com.ve\/site\/2026\/03\/05\/alcala-rhode-buscara-la-fiscalia-general-de-la-republica\/"},"wordCount":515,"commentCount":0,"publisher":{"@id":"https:\/\/digital58.com.ve\/site\/#\/schema\/person\/64d1c2e4d0d4fd1b849980c4331c2951"},"image":{"@id":"https:\/\/digital58.com.ve\/site\/2026\/03\/05\/alcala-rhode-buscara-la-fiscalia-general-de-la-republica\/#primaryimage"},"thumbnailUrl":"https:\/\/digital58.com.ve\/site\/wp-content\/uploads\/2026\/03\/alcala-rhode-3.webp","keywords":["Fiscal\u00eda General de la Rep\u00fablica","Jos\u00e9 Luis Alcal\u00e1 Rhode","Maracaibo","Nacionales","Postulaciones","Regionales","Venezuela"],"articleSection":["Zulia"],"inLanguage":"es","potentialAction":[{"@type":"CommentAction","name":"Comment","target":["https:\/\/digital58.com.ve\/site\/2026\/03\/05\/alcala-rhode-buscara-la-fiscalia-general-de-la-republica\/#respond"]}]},{"@type":"WebPage","@id":"https:\/\/digital58.com.ve\/site\/2026\/03\/05\/alcala-rhode-buscara-la-fiscalia-general-de-la-republica\/","url":"https:\/\/digital58.com.ve\/site\/2026\/03\/05\/alcala-rhode-buscara-la-fiscalia-general-de-la-republica\/","name":"Alcal\u00e1 Rhode buscar\u00e1 la Fiscal\u00eda General de la Rep\u00fablica","isPartOf":{"@id":"https:\/\/digital58.com.ve\/site\/#website"},"primaryImageOfPage":{"@id":"https:\/\/digital58.com.ve\/site\/2026\/03\/05\/alcala-rhode-buscara-la-fiscalia-general-de-la-republica\/#primaryimage"},"image":{"@id":"https:\/\/digital58.com.ve\/site\/2026\/03\/05\/alcala-rhode-buscara-la-fiscalia-general-de-la-republica\/#primaryimage"},"thumbnailUrl":"https:\/\/digital58.com.ve\/site\/wp-content\/uploads\/2026\/03\/alcala-rhode-3.webp","datePublished":"2026-03-05T19:24:34+00:00","dateModified":"2026-03-06T20:19:47+00:00","description":"El abogado Jos\u00e9 Luis Alcal\u00e1 oficializa su postulaci\u00f3n como fiscal general de Venezuela, prometiendo independencia judicial y revisi\u00f3n de casos.","breadcrumb":{"@id":"https:\/\/digital58.com.ve\/site\/2026\/03\/05\/alcala-rhode-buscara-la-fiscalia-general-de-la-republica\/#breadcrumb"},"inLanguage":"es","potentialAction":[{"@type":"ReadAction","target":["https:\/\/digital58.com.ve\/site\/2026\/03\/05\/alcala-rhode-buscara-la-fiscalia-general-de-la-republica\/"]}]},{"@type":"ImageObject","inLanguage":"es","@id":"https:\/\/digital58.com.ve\/site\/2026\/03\/05\/alcala-rhode-buscara-la-fiscalia-general-de-la-republica\/#primaryimage","url":"https:\/\/digital58.com.ve\/site\/wp-content\/uploads\/2026\/03\/alcala-rhode-3.webp","contentUrl":"https:\/\/digital58.com.ve\/site\/wp-content\/uploads\/2026\/03\/alcala-rhode-3.webp","width":900,"height":600},{"@type":"BreadcrumbList","@id":"https:\/\/digital58.com.ve\/site\/2026\/03\/05\/alcala-rhode-buscara-la-fiscalia-general-de-la-republica\/#breadcrumb","itemListElement":[{"@type":"ListItem","position":1,"name":"Home","item":"https:\/\/digital58.com.ve\/site\/"},{"@type":"ListItem","position":2,"name":"Alcal\u00e1 Rhode buscar\u00e1 la Fiscal\u00eda General de la Rep\u00fablica"}]},{"@type":"WebSite","@id":"https:\/\/digital58.com.ve\/site\/#website","url":"https:\/\/digital58.com.ve\/site\/","name":"Noticias Digital58","description":"Portal de Noticias \u00a1Periodismo web de verdad! Lanzamiento web 22.11.2005 \/ Maracaibo, Venezuela","publisher":{"@id":"https:\/\/digital58.com.ve\/site\/#\/schema\/person\/64d1c2e4d0d4fd1b849980c4331c2951"},"alternateName":"ND58","potentialAction":[{"@type":"SearchAction","target":{"@type":"EntryPoint","urlTemplate":"https:\/\/digital58.com.ve\/site\/?s={search_term_string}"},"query-input":{"@type":"PropertyValueSpecification","valueRequired":true,"valueName":"search_term_string"}}],"inLanguage":"es"},{"@type":["Person","Organization"],"@id":"https:\/\/digital58.com.ve\/site\/#\/schema\/person\/64d1c2e4d0d4fd1b849980c4331c2951","name":"Villasmil Henry","image":{"@type":"ImageObject","inLanguage":"es","@id":"https:\/\/secure.gravatar.com\/avatar\/bb0c4a2fcb7970138239f7e404ea75757b1b507b28b5ce4c53fbd62d797c5a7c?s=96&d=mm&r=g","url":"https:\/\/secure.gravatar.com\/avatar\/bb0c4a2fcb7970138239f7e404ea75757b1b507b28b5ce4c53fbd62d797c5a7c?s=96&d=mm&r=g","contentUrl":"https:\/\/secure.gravatar.com\/avatar\/bb0c4a2fcb7970138239f7e404ea75757b1b507b28b5ce4c53fbd62d797c5a7c?s=96&d=mm&r=g","caption":"Villasmil Henry"},"logo":{"@id":"https:\/\/secure.gravatar.com\/avatar\/bb0c4a2fcb7970138239f7e404ea75757b1b507b28b5ce4c53fbd62d797c5a7c?s=96&d=mm&r=g"},"sameAs":["http:\/\/www.henryvillasmil.com.ve","https:\/\/www.instagram.com\/villasmilhfoto\/","https:\/\/x.com\/https:\/\/twitter.com\/villasmilhfoto"],"url":"https:\/\/digital58.com.ve\/site\/author\/droopy_68\/"}]}},"uagb_featured_image_src":{"full":["https:\/\/digital58.com.ve\/site\/wp-content\/uploads\/2026\/03\/alcala-rhode-3.webp",900,600,false],"thumbnail":["https:\/\/digital58.com.ve\/site\/wp-content\/uploads\/2026\/03\/alcala-rhode-3-150x150.webp",150,150,true],"medium":["https:\/\/digital58.com.ve\/site\/wp-content\/uploads\/2026\/03\/alcala-rhode-3-300x200.webp",300,200,true],"medium_large":["https:\/\/digital58.com.ve\/site\/wp-content\/uploads\/2026\/03\/alcala-rhode-3-768x512.webp",768,512,true],"large":["https:\/\/digital58.com.ve\/site\/wp-content\/uploads\/2026\/03\/alcala-rhode-3.webp",800,533,false],"1536x1536":["https:\/\/digital58.com.ve\/site\/wp-content\/uploads\/2026\/03\/alcala-rhode-3.webp",900,600,false],"2048x2048":["https:\/\/digital58.com.ve\/site\/wp-content\/uploads\/2026\/03\/alcala-rhode-3.webp",900,600,false],"colormag-highlighted-post":["https:\/\/digital58.com.ve\/site\/wp-content\/uploads\/2026\/03\/alcala-rhode-3-392x272.webp",392,272,true],"colormag-featured-post-medium":["https:\/\/digital58.com.ve\/site\/wp-content\/uploads\/2026\/03\/alcala-rhode-3-390x205.webp",390,205,true],"colormag-featured-post-small":["https:\/\/digital58.com.ve\/site\/wp-content\/uploads\/2026\/03\/alcala-rhode-3-130x90.webp",130,90,true],"colormag-featured-image":["https:\/\/digital58.com.ve\/site\/wp-content\/uploads\/2026\/03\/alcala-rhode-3-800x445.webp",800,445,true],"colormag-default-news":["https:\/\/digital58.com.ve\/site\/wp-content\/uploads\/2026\/03\/alcala-rhode-3-150x150.webp",150,150,true],"colormag-featured-image-large":["https:\/\/digital58.com.ve\/site\/wp-content\/uploads\/2026\/03\/alcala-rhode-3.webp",900,600,false]},"uagb_author_info":{"display_name":"Villasmil Henry","author_link":"https:\/\/digital58.com.ve\/site\/author\/droopy_68\/"},"uagb_comment_info":0,"uagb_excerpt":"El abogado zuliano y exdirector policial formalizar\u00e1 su candidatura ante la Asamblea Nacional con la promesa de restaurar la independencia","_links":{"self":[{"href":"https:\/\/digital58.com.ve\/site\/wp-json\/wp\/v2\/posts\/194049","targetHints":{"allow":["GET"]}}],"collection":[{"href":"https:\/\/digital58.com.ve\/site\/wp-json\/wp\/v2\/posts"}],"about":[{"href":"https:\/\/digital58.com.ve\/site\/wp-json\/wp\/v2\/types\/post"}],"author":[{"embeddable":true,"href":"https:\/\/digital58.com.ve\/site\/wp-json\/wp\/v2\/users\/1"}],"replies":[{"embeddable":true,"href":"https:\/\/digital58.com.ve\/site\/wp-json\/wp\/v2\/comments?post=194049"}],"version-history":[{"count":3,"href":"https:\/\/digital58.com.ve\/site\/wp-json\/wp\/v2\/posts\/194049\/revisions"}],"predecessor-version":[{"id":194063,"href":"https:\/\/digital58.com.ve\/site\/wp-json\/wp\/v2\/posts\/194049\/revisions\/194063"}],"wp:featuredmedia":[{"embeddable":true,"href":"https:\/\/digital58.com.ve\/site\/wp-json\/wp\/v2\/media\/194050"}],"wp:attachment":[{"href":"https:\/\/digital58.com.ve\/site\/wp-json\/wp\/v2\/media?parent=194049"}],"wp:term":[{"taxonomy":"category","embeddable":true,"href":"https:\/\/digital58.com.ve\/site\/wp-json\/wp\/v2\/categories?post=194049"},{"taxonomy":"post_tag","embeddable":true,"href":"https:\/\/digital58.com.ve\/site\/wp-json\/wp\/v2\/tags?post=194049"}],"curies":[{"name":"wp","href":"https:\/\/api.w.org\/{rel}","templated":true}]}}