{"id":194100,"date":"2026-03-09T14:29:07","date_gmt":"2026-03-09T18:29:07","guid":{"rendered":"https:\/\/digital58.com.ve\/site\/?p=194100"},"modified":"2026-03-09T14:29:07","modified_gmt":"2026-03-09T18:29:07","slug":"mancilla-analiza-la-dura-derrota-del-rayo-ante-ucv-nos-duele-perder-y-mas-de-esta-manera","status":"publish","type":"post","link":"https:\/\/digital58.com.ve\/site\/2026\/03\/09\/mancilla-analiza-la-dura-derrota-del-rayo-ante-ucv-nos-duele-perder-y-mas-de-esta-manera\/","title":{"rendered":"Mancilla analiza la dura derrota del Rayo ante UCV: \u00abNos duele perder y m\u00e1s de esta manera\u00bb"},"content":{"rendered":"<p><a class=\"keychainify-checked\" href=\"https:\/\/digital58.com.ve\/site\/wp-content\/uploads\/2026\/03\/rayo-ucv-rdp-1.webp\"><img loading=\"lazy\" decoding=\"async\" class=\"aligncenter wp-image-194104 size-full\" src=\"https:\/\/digital58.com.ve\/site\/wp-content\/uploads\/2026\/03\/rayo-ucv-rdp-1.webp\" alt=\"La derrota (1-5) del Deportivo Rayo Zuliano frente a UCV FC en la jornada seis del Torneo Apertura de la Liga FutVe 2026 dej\u00f3 un muy sabor amargo dentro del conjunto occidental.\n\nTras el partido, el asistente t\u00e9cnico Eder Mancilla ofreci\u00f3 un an\u00e1lisis sincero del encuentro, reconociendo el impacto emocional del resultado, pero tambi\u00e9n destacando aspectos positivos que el cuerpo t\u00e9cnico considera importantes rescatar.\" width=\"900\" height=\"600\" srcset=\"https:\/\/digital58.com.ve\/site\/wp-content\/uploads\/2026\/03\/rayo-ucv-rdp-1.webp 900w, https:\/\/digital58.com.ve\/site\/wp-content\/uploads\/2026\/03\/rayo-ucv-rdp-1-300x200.webp 300w, https:\/\/digital58.com.ve\/site\/wp-content\/uploads\/2026\/03\/rayo-ucv-rdp-1-768x512.webp 768w\" sizes=\"auto, (max-width: 900px) 100vw, 900px\" \/><\/a><\/p>\n<blockquote><p>El asistente Johanny Garc\u00eda habl\u00f3 de errores defensivos, trabajo mental y la necesidad de corregir sin perder el rumbo.<\/p><\/blockquote>\n<p><strong>Maracaibo, Zulia, Venezuela, 09 de marzo de 2026 (ND58).-<\/strong> La derrota (1-5) del Deportivo Rayo Zuliano frente a UCV FC en la jornada seis del Torneo Apertura de la Liga FutVe 2026 dej\u00f3 un muy sabor amargo dentro del conjunto occidental.<\/p>\n<p>Tras el partido, el asistente t\u00e9cnico Eder Mancilla ofreci\u00f3 un an\u00e1lisis sincero del encuentro, reconociendo el impacto emocional del resultado, pero tambi\u00e9n destacando aspectos positivos que el cuerpo t\u00e9cnico considera importantes rescatar.<\/p>\n<p>En sus declaraciones, Mancilla dej\u00f3 claro que el equipo asume la responsabilidad del resultado y que la derrota debe servir como punto de partida para corregir detalles tanto t\u00e1cticos como mentales dentro del proceso que atraviesa el club en la Liga FutVe 2026.<\/p>\n<h2>\u00abNos tiene que doler\u00bb: Autocr\u00edtica tras la goleada<\/h2>\n<p>Uno de los mensajes m\u00e1s contundentes del asistente t\u00e9cnico fue el reconocimiento del impacto emocional de la derrota. Mancilla fue claro al afirmar que un resultado tan amplio no puede pasar desapercibido dentro del grupo.<\/p>\n<p>El integrante del cuerpo t\u00e9cnico explic\u00f3 que perder en casa siempre representa un golpe duro, especialmente ante un rival que llegaba como l\u00edder y campe\u00f3n vigente del torneo.<\/p>\n<p>Sin embargo, tambi\u00e9n insisti\u00f3 en que el equipo debe mantener la calma y analizar el partido con frialdad para corregir los errores que se evidenciaron en esta jornada de la Liga FutVe 2026.<\/p>\n<p>El cuerpo t\u00e9cnico, seg\u00fan explic\u00f3, trabajar\u00e1 durante la semana en sesiones de video y charlas tanto colectivas como individuales para reforzar conceptos y evitar que situaciones similares se repitan en pr\u00f3ximos compromisos.<\/p>\n<p><a class=\"keychainify-checked\" href=\"https:\/\/digital58.com.ve\/site\/wp-content\/uploads\/2026\/03\/rayo-ucv-rdp-2.webp\"><img loading=\"lazy\" decoding=\"async\" class=\"aligncenter size-full wp-image-194103\" src=\"https:\/\/digital58.com.ve\/site\/wp-content\/uploads\/2026\/03\/rayo-ucv-rdp-2.webp\" alt=\"\" width=\"900\" height=\"600\" srcset=\"https:\/\/digital58.com.ve\/site\/wp-content\/uploads\/2026\/03\/rayo-ucv-rdp-2.webp 900w, https:\/\/digital58.com.ve\/site\/wp-content\/uploads\/2026\/03\/rayo-ucv-rdp-2-300x200.webp 300w, https:\/\/digital58.com.ve\/site\/wp-content\/uploads\/2026\/03\/rayo-ucv-rdp-2-768x512.webp 768w\" sizes=\"auto, (max-width: 900px) 100vw, 900px\" \/><\/a><\/p>\n<h2>Un buen inicio que se desmoron\u00f3 en pocos minutos<\/h2>\n<p>M\u00e1s all\u00e1 del resultado final, Mancilla resalt\u00f3 que el Rayo Zuliano tuvo un arranque prometedor durante los primeros 30 minutos del partido.<\/p>\n<p>Durante ese tramo inicial, el equipo logr\u00f3 imponer su ritmo, presion\u00f3 alto, gener\u00f3 transiciones r\u00e1pidas y consigui\u00f3 adelantarse en el marcador.<\/p>\n<p>Para ellos, ese tramo del juego refleja que la idea futbol\u00edstica del equipo est\u00e1 siendo entendida por los jugadores dentro del modelo planteado para la temporada 2026.<\/p>\n<p>Sin embargo, el partido cambi\u00f3 r\u00e1pidamente tras una jugada a bal\u00f3n parado que deriv\u00f3 en el empate de UCV.<\/p>\n<p>Seg\u00fan Mancilla, el verdadero punto de quiebre lleg\u00f3 instantes despu\u00e9s, cuando el rival aprovech\u00f3 una transici\u00f3n inmediata para marcar el segundo gol.<\/p>\n<p>Ese golpe an\u00edmico hizo que el equipo perdiera el control del encuentro, lo que termin\u00f3 condicionando el resto del desarrollo del partido.<\/p>\n<h2>Ajustes t\u00e1cticos que no lograron revertir el marcador<\/h2>\n<p>En su an\u00e1lisis, tambi\u00e9n se\u00f1al\u00f3 algunos aspectos t\u00e1cticos que complicaron a Rayo durante el compromiso.<\/p>\n<p>Detectaron que el equipo comenz\u00f3 a perder duelos individuales y permiti\u00f3 que el rival encontrara espacios entre el lateral, el central y el mediocentro.<\/p>\n<p>Desde ese sector del campo, UCV logr\u00f3 generar superioridad y aprovechar los movimientos de sus atacantes para desequilibrar.<\/p>\n<p>En el segundo tiempo, \u00abel equipo intent\u00f3 modificar su estructura con una l\u00ednea de tres defensores para buscar mayor presencia ofensiva. Sin embargo, esa apuesta tambi\u00e9n dej\u00f3 espacios que el rival termin\u00f3 aprovechando\u00bb.<\/p>\n<p>El quinto gol, explic\u00f3 Mancilla, \u00ablleg\u00f3 precisamente en un contexto donde el equipo intentaba ir al frente para recortar la diferencia en el marcador\u00bb.<\/p>\n<h2>El reto mental del grupo en lo que viene<\/h2>\n<p>A pesar de la goleada, Mancilla insisti\u00f3 en que el grupo debe mantenerse fuerte mentalmente, el equipo no puede perder de vista el contexto general de la temporada.<\/p>\n<p>Actualmente, Rayo Zuliano mantiene el 50 % de los puntos disputados (9\/18) y contin\u00faa en zona de clasificaci\u00f3n dentro del Torneo Apertura, uno de los objetivos principales trazados por el club en esta fase del campeonato.<\/p>\n<p><strong>Redacci\u00f3n ND58 \/ Arismendi, Luis<\/strong><br \/>\n<strong>Edici\u00f3n: Villasmil, Henry<\/strong><br \/>\n<strong>Gr\u00e1fica: @villasmilhfoto<\/strong><\/p>\n<p>&nbsp;<\/p>\n<p>&nbsp;<\/p><div class=\"oscuc69edc73388264\" ><p style=\"text-align: center;\"><a href=\"https:\/\/t.me\/noticiasdigital58\" target=\"_blank\" rel=\"noopener\"><img class=\"aligncenter size-full wp-image-125363\" src=\"https:\/\/digital58.com.ve\/site\/wp-content\/uploads\/2021\/04\/banner-telegram-web-2021.png\" alt=\"\" width=\"600\" height=\"90\" \/><\/a><\/p><\/div><style type=\"text\/css\">\r\n@media screen and (min-width: 1201px) {\r\n.oscuc69edc73388264 {\r\ndisplay: block;\r\n}\r\n}\r\n@media screen and (min-width: 993px) and (max-width: 1200px) {\r\n.oscuc69edc73388264 {\r\ndisplay: block;\r\n}\r\n}\r\n@media screen and (min-width: 769px) and (max-width: 992px) {\r\n.oscuc69edc73388264 {\r\ndisplay: block;\r\n}\r\n}\r\n@media screen and (min-width: 768px) and (max-width: 768px) {\r\n.oscuc69edc73388264 {\r\ndisplay: block;\r\n}\r\n}\r\n@media screen and (max-width: 767px) {\r\n.oscuc69edc73388264 {\r\ndisplay: block;\r\n}\r\n}\r\n<\/style>\r\n\n<p>&nbsp;<\/p>\n<div style=\"margin-top: 0px; margin-bottom: 0px;\" class=\"sharethis-inline-share-buttons\" ><\/div>","protected":false},"excerpt":{"rendered":"<p>El asistente Johanny Garc\u00eda habl\u00f3 de errores defensivos, trabajo mental y la necesidad de corregir sin perder el rumbo. Maracaibo,<\/p>\n","protected":false},"author":1,"featured_media":194103,"comment_status":"open","ping_status":"closed","sticky":false,"template":"","format":"standard","meta":{"colormag_page_container_layout":"default_layout","colormag_page_sidebar_layout":"default_layout","_uag_custom_page_level_css":"","footnotes":""},"categories":[5402],"tags":[25104,35812,13,5721,14,35698,13707,73,233,19,2354,35758,2999,32,761],"class_list":["post-194100","post","type-post","status-publish","format-standard","has-post-thumbnail","hentry","category-deportes","tag-deportivo-rayo-zuliano","tag-eder-mancilla","tag-futbol","tag-futbol-nacional","tag-futbol-venezolano","tag-liga-futve-2026","tag-ligafutve","tag-maracaibo","tag-nacionales","tag-primera-division","tag-regionales","tag-torneo-apertura-2026","tag-ucv-fc","tag-venezuela","tag-zulia"],"yoast_head":"<!-- This site is optimized with the Yoast SEO plugin v27.4 - https:\/\/yoast.com\/product\/yoast-seo-wordpress\/ -->\n<title>Mancilla analiza la dura derrota del Rayo ante UCV: \u00abNos duele perder y m\u00e1s de esta manera\u00bb<\/title>\n<meta name=\"description\" content=\"Rayo Zuliano analiza su dura derrota frente a UCV FC en el Torneo Apertura. Descubre las reacciones del cuerpo t\u00e9cnico y los ajustes del equipo.\" \/>\n<meta name=\"robots\" content=\"index, follow, max-snippet:-1, max-image-preview:large, max-video-preview:-1\" \/>\n<link rel=\"canonical\" href=\"https:\/\/digital58.com.ve\/site\/2026\/03\/09\/mancilla-analiza-la-dura-derrota-del-rayo-ante-ucv-nos-duele-perder-y-mas-de-esta-manera\/\" \/>\n<meta property=\"og:locale\" content=\"es_ES\" \/>\n<meta property=\"og:type\" content=\"article\" \/>\n<meta property=\"og:title\" content=\"Mancilla analiza la dura derrota del Rayo ante UCV: \u00abNos duele perder y m\u00e1s de esta manera\u00bb\" \/>\n<meta property=\"og:description\" content=\"Rayo Zuliano analiza su dura derrota frente a UCV FC en el Torneo Apertura. Descubre las reacciones del cuerpo t\u00e9cnico y los ajustes del equipo.\" \/>\n<meta property=\"og:url\" content=\"https:\/\/digital58.com.ve\/site\/2026\/03\/09\/mancilla-analiza-la-dura-derrota-del-rayo-ante-ucv-nos-duele-perder-y-mas-de-esta-manera\/\" \/>\n<meta property=\"og:site_name\" content=\"Noticias Digital58\" \/>\n<meta property=\"article:published_time\" content=\"2026-03-09T18:29:07+00:00\" \/>\n<meta property=\"og:image\" content=\"https:\/\/digital58.com.ve\/site\/wp-content\/uploads\/2026\/03\/rayo-ucv-rdp-2.webp\" \/>\n\t<meta property=\"og:image:width\" content=\"900\" \/>\n\t<meta property=\"og:image:height\" content=\"600\" \/>\n\t<meta property=\"og:image:type\" content=\"image\/webp\" \/>\n<meta name=\"author\" content=\"Villasmil Henry\" \/>\n<meta name=\"twitter:card\" content=\"summary_large_image\" \/>\n<meta name=\"twitter:creator\" content=\"@https:\/\/twitter.com\/villasmilhfoto\" \/>\n<meta name=\"twitter:site\" content=\"@villasmilhfoto\" \/>\n<meta name=\"twitter:label1\" content=\"Escrito por\" \/>\n\t<meta name=\"twitter:data1\" content=\"Villasmil Henry\" \/>\n\t<meta name=\"twitter:label2\" content=\"Tiempo estimado de lectura\" \/>\n\t<meta name=\"twitter:data2\" content=\"4 minutos\" \/>\n<script type=\"application\/ld+json\" class=\"yoast-schema-graph\">{\"@context\":\"https:\\\/\\\/schema.org\",\"@graph\":[{\"@type\":\"Article\",\"@id\":\"https:\\\/\\\/digital58.com.ve\\\/site\\\/2026\\\/03\\\/09\\\/mancilla-analiza-la-dura-derrota-del-rayo-ante-ucv-nos-duele-perder-y-mas-de-esta-manera\\\/#article\",\"isPartOf\":{\"@id\":\"https:\\\/\\\/digital58.com.ve\\\/site\\\/2026\\\/03\\\/09\\\/mancilla-analiza-la-dura-derrota-del-rayo-ante-ucv-nos-duele-perder-y-mas-de-esta-manera\\\/\"},\"author\":{\"name\":\"Villasmil Henry\",\"@id\":\"https:\\\/\\\/digital58.com.ve\\\/site\\\/#\\\/schema\\\/person\\\/64d1c2e4d0d4fd1b849980c4331c2951\"},\"headline\":\"Mancilla analiza la dura derrota del Rayo ante UCV: \u00abNos duele perder y m\u00e1s de esta manera\u00bb\",\"datePublished\":\"2026-03-09T18:29:07+00:00\",\"mainEntityOfPage\":{\"@id\":\"https:\\\/\\\/digital58.com.ve\\\/site\\\/2026\\\/03\\\/09\\\/mancilla-analiza-la-dura-derrota-del-rayo-ante-ucv-nos-duele-perder-y-mas-de-esta-manera\\\/\"},\"wordCount\":666,\"commentCount\":0,\"publisher\":{\"@id\":\"https:\\\/\\\/digital58.com.ve\\\/site\\\/#\\\/schema\\\/person\\\/64d1c2e4d0d4fd1b849980c4331c2951\"},\"image\":{\"@id\":\"https:\\\/\\\/digital58.com.ve\\\/site\\\/2026\\\/03\\\/09\\\/mancilla-analiza-la-dura-derrota-del-rayo-ante-ucv-nos-duele-perder-y-mas-de-esta-manera\\\/#primaryimage\"},\"thumbnailUrl\":\"https:\\\/\\\/digital58.com.ve\\\/site\\\/wp-content\\\/uploads\\\/2026\\\/03\\\/rayo-ucv-rdp-2.webp\",\"keywords\":[\"Deportivo Rayo Zuliano\",\"Eder Mancilla\",\"F\u00fatbol\",\"F\u00fatbol Nacional\",\"F\u00fatbol Venezolano\",\"Liga FutVe 2026\",\"LigaF\u00fatVe\",\"Maracaibo\",\"Nacionales\",\"Primera Divisi\u00f3n\",\"Regionales\",\"Torneo Apertura 2026\",\"UCV FC\",\"Venezuela\",\"Zulia\"],\"articleSection\":[\"Deportes\"],\"inLanguage\":\"es\",\"potentialAction\":[{\"@type\":\"CommentAction\",\"name\":\"Comment\",\"target\":[\"https:\\\/\\\/digital58.com.ve\\\/site\\\/2026\\\/03\\\/09\\\/mancilla-analiza-la-dura-derrota-del-rayo-ante-ucv-nos-duele-perder-y-mas-de-esta-manera\\\/#respond\"]}]},{\"@type\":\"WebPage\",\"@id\":\"https:\\\/\\\/digital58.com.ve\\\/site\\\/2026\\\/03\\\/09\\\/mancilla-analiza-la-dura-derrota-del-rayo-ante-ucv-nos-duele-perder-y-mas-de-esta-manera\\\/\",\"url\":\"https:\\\/\\\/digital58.com.ve\\\/site\\\/2026\\\/03\\\/09\\\/mancilla-analiza-la-dura-derrota-del-rayo-ante-ucv-nos-duele-perder-y-mas-de-esta-manera\\\/\",\"name\":\"Mancilla analiza la dura derrota del Rayo ante UCV: \u00abNos duele perder y m\u00e1s de esta manera\u00bb\",\"isPartOf\":{\"@id\":\"https:\\\/\\\/digital58.com.ve\\\/site\\\/#website\"},\"primaryImageOfPage\":{\"@id\":\"https:\\\/\\\/digital58.com.ve\\\/site\\\/2026\\\/03\\\/09\\\/mancilla-analiza-la-dura-derrota-del-rayo-ante-ucv-nos-duele-perder-y-mas-de-esta-manera\\\/#primaryimage\"},\"image\":{\"@id\":\"https:\\\/\\\/digital58.com.ve\\\/site\\\/2026\\\/03\\\/09\\\/mancilla-analiza-la-dura-derrota-del-rayo-ante-ucv-nos-duele-perder-y-mas-de-esta-manera\\\/#primaryimage\"},\"thumbnailUrl\":\"https:\\\/\\\/digital58.com.ve\\\/site\\\/wp-content\\\/uploads\\\/2026\\\/03\\\/rayo-ucv-rdp-2.webp\",\"datePublished\":\"2026-03-09T18:29:07+00:00\",\"description\":\"Rayo Zuliano analiza su dura derrota frente a UCV FC en el Torneo Apertura. Descubre las reacciones del cuerpo t\u00e9cnico y los ajustes del equipo.\",\"breadcrumb\":{\"@id\":\"https:\\\/\\\/digital58.com.ve\\\/site\\\/2026\\\/03\\\/09\\\/mancilla-analiza-la-dura-derrota-del-rayo-ante-ucv-nos-duele-perder-y-mas-de-esta-manera\\\/#breadcrumb\"},\"inLanguage\":\"es\",\"potentialAction\":[{\"@type\":\"ReadAction\",\"target\":[\"https:\\\/\\\/digital58.com.ve\\\/site\\\/2026\\\/03\\\/09\\\/mancilla-analiza-la-dura-derrota-del-rayo-ante-ucv-nos-duele-perder-y-mas-de-esta-manera\\\/\"]}]},{\"@type\":\"ImageObject\",\"inLanguage\":\"es\",\"@id\":\"https:\\\/\\\/digital58.com.ve\\\/site\\\/2026\\\/03\\\/09\\\/mancilla-analiza-la-dura-derrota-del-rayo-ante-ucv-nos-duele-perder-y-mas-de-esta-manera\\\/#primaryimage\",\"url\":\"https:\\\/\\\/digital58.com.ve\\\/site\\\/wp-content\\\/uploads\\\/2026\\\/03\\\/rayo-ucv-rdp-2.webp\",\"contentUrl\":\"https:\\\/\\\/digital58.com.ve\\\/site\\\/wp-content\\\/uploads\\\/2026\\\/03\\\/rayo-ucv-rdp-2.webp\",\"width\":900,\"height\":600},{\"@type\":\"BreadcrumbList\",\"@id\":\"https:\\\/\\\/digital58.com.ve\\\/site\\\/2026\\\/03\\\/09\\\/mancilla-analiza-la-dura-derrota-del-rayo-ante-ucv-nos-duele-perder-y-mas-de-esta-manera\\\/#breadcrumb\",\"itemListElement\":[{\"@type\":\"ListItem\",\"position\":1,\"name\":\"Home\",\"item\":\"https:\\\/\\\/digital58.com.ve\\\/site\\\/\"},{\"@type\":\"ListItem\",\"position\":2,\"name\":\"Mancilla analiza la dura derrota del Rayo ante UCV: \u00abNos duele perder y m\u00e1s de esta manera\u00bb\"}]},{\"@type\":\"WebSite\",\"@id\":\"https:\\\/\\\/digital58.com.ve\\\/site\\\/#website\",\"url\":\"https:\\\/\\\/digital58.com.ve\\\/site\\\/\",\"name\":\"Noticias Digital58\",\"description\":\"Portal de Noticias \u00a1Periodismo web de verdad! Lanzamiento web 22.11.2005 \\\/ Maracaibo, Venezuela\",\"publisher\":{\"@id\":\"https:\\\/\\\/digital58.com.ve\\\/site\\\/#\\\/schema\\\/person\\\/64d1c2e4d0d4fd1b849980c4331c2951\"},\"alternateName\":\"ND58\",\"potentialAction\":[{\"@type\":\"SearchAction\",\"target\":{\"@type\":\"EntryPoint\",\"urlTemplate\":\"https:\\\/\\\/digital58.com.ve\\\/site\\\/?s={search_term_string}\"},\"query-input\":{\"@type\":\"PropertyValueSpecification\",\"valueRequired\":true,\"valueName\":\"search_term_string\"}}],\"inLanguage\":\"es\"},{\"@type\":[\"Person\",\"Organization\"],\"@id\":\"https:\\\/\\\/digital58.com.ve\\\/site\\\/#\\\/schema\\\/person\\\/64d1c2e4d0d4fd1b849980c4331c2951\",\"name\":\"Villasmil Henry\",\"image\":{\"@type\":\"ImageObject\",\"inLanguage\":\"es\",\"@id\":\"https:\\\/\\\/secure.gravatar.com\\\/avatar\\\/bb0c4a2fcb7970138239f7e404ea75757b1b507b28b5ce4c53fbd62d797c5a7c?s=96&d=mm&r=g\",\"url\":\"https:\\\/\\\/secure.gravatar.com\\\/avatar\\\/bb0c4a2fcb7970138239f7e404ea75757b1b507b28b5ce4c53fbd62d797c5a7c?s=96&d=mm&r=g\",\"contentUrl\":\"https:\\\/\\\/secure.gravatar.com\\\/avatar\\\/bb0c4a2fcb7970138239f7e404ea75757b1b507b28b5ce4c53fbd62d797c5a7c?s=96&d=mm&r=g\",\"caption\":\"Villasmil Henry\"},\"logo\":{\"@id\":\"https:\\\/\\\/secure.gravatar.com\\\/avatar\\\/bb0c4a2fcb7970138239f7e404ea75757b1b507b28b5ce4c53fbd62d797c5a7c?s=96&d=mm&r=g\"},\"sameAs\":[\"http:\\\/\\\/www.henryvillasmil.com.ve\",\"https:\\\/\\\/www.instagram.com\\\/villasmilhfoto\\\/\",\"https:\\\/\\\/x.com\\\/https:\\\/\\\/twitter.com\\\/villasmilhfoto\"],\"url\":\"https:\\\/\\\/digital58.com.ve\\\/site\\\/author\\\/droopy_68\\\/\"}]}<\/script>\n<!-- \/ Yoast SEO plugin. -->","yoast_head_json":{"title":"Mancilla analiza la dura derrota del Rayo ante UCV: \u00abNos duele perder y m\u00e1s de esta manera\u00bb","description":"Rayo Zuliano analiza su dura derrota frente a UCV FC en el Torneo Apertura. Descubre las reacciones del cuerpo t\u00e9cnico y los ajustes del equipo.","robots":{"index":"index","follow":"follow","max-snippet":"max-snippet:-1","max-image-preview":"max-image-preview:large","max-video-preview":"max-video-preview:-1"},"canonical":"https:\/\/digital58.com.ve\/site\/2026\/03\/09\/mancilla-analiza-la-dura-derrota-del-rayo-ante-ucv-nos-duele-perder-y-mas-de-esta-manera\/","og_locale":"es_ES","og_type":"article","og_title":"Mancilla analiza la dura derrota del Rayo ante UCV: \u00abNos duele perder y m\u00e1s de esta manera\u00bb","og_description":"Rayo Zuliano analiza su dura derrota frente a UCV FC en el Torneo Apertura. Descubre las reacciones del cuerpo t\u00e9cnico y los ajustes del equipo.","og_url":"https:\/\/digital58.com.ve\/site\/2026\/03\/09\/mancilla-analiza-la-dura-derrota-del-rayo-ante-ucv-nos-duele-perder-y-mas-de-esta-manera\/","og_site_name":"Noticias Digital58","article_published_time":"2026-03-09T18:29:07+00:00","og_image":[{"width":900,"height":600,"url":"https:\/\/digital58.com.ve\/site\/wp-content\/uploads\/2026\/03\/rayo-ucv-rdp-2.webp","type":"image\/webp"}],"author":"Villasmil Henry","twitter_card":"summary_large_image","twitter_creator":"@https:\/\/twitter.com\/villasmilhfoto","twitter_site":"@villasmilhfoto","twitter_misc":{"Escrito por":"Villasmil Henry","Tiempo estimado de lectura":"4 minutos"},"schema":{"@context":"https:\/\/schema.org","@graph":[{"@type":"Article","@id":"https:\/\/digital58.com.ve\/site\/2026\/03\/09\/mancilla-analiza-la-dura-derrota-del-rayo-ante-ucv-nos-duele-perder-y-mas-de-esta-manera\/#article","isPartOf":{"@id":"https:\/\/digital58.com.ve\/site\/2026\/03\/09\/mancilla-analiza-la-dura-derrota-del-rayo-ante-ucv-nos-duele-perder-y-mas-de-esta-manera\/"},"author":{"name":"Villasmil Henry","@id":"https:\/\/digital58.com.ve\/site\/#\/schema\/person\/64d1c2e4d0d4fd1b849980c4331c2951"},"headline":"Mancilla analiza la dura derrota del Rayo ante UCV: \u00abNos duele perder y m\u00e1s de esta manera\u00bb","datePublished":"2026-03-09T18:29:07+00:00","mainEntityOfPage":{"@id":"https:\/\/digital58.com.ve\/site\/2026\/03\/09\/mancilla-analiza-la-dura-derrota-del-rayo-ante-ucv-nos-duele-perder-y-mas-de-esta-manera\/"},"wordCount":666,"commentCount":0,"publisher":{"@id":"https:\/\/digital58.com.ve\/site\/#\/schema\/person\/64d1c2e4d0d4fd1b849980c4331c2951"},"image":{"@id":"https:\/\/digital58.com.ve\/site\/2026\/03\/09\/mancilla-analiza-la-dura-derrota-del-rayo-ante-ucv-nos-duele-perder-y-mas-de-esta-manera\/#primaryimage"},"thumbnailUrl":"https:\/\/digital58.com.ve\/site\/wp-content\/uploads\/2026\/03\/rayo-ucv-rdp-2.webp","keywords":["Deportivo Rayo Zuliano","Eder Mancilla","F\u00fatbol","F\u00fatbol Nacional","F\u00fatbol Venezolano","Liga FutVe 2026","LigaF\u00fatVe","Maracaibo","Nacionales","Primera Divisi\u00f3n","Regionales","Torneo Apertura 2026","UCV FC","Venezuela","Zulia"],"articleSection":["Deportes"],"inLanguage":"es","potentialAction":[{"@type":"CommentAction","name":"Comment","target":["https:\/\/digital58.com.ve\/site\/2026\/03\/09\/mancilla-analiza-la-dura-derrota-del-rayo-ante-ucv-nos-duele-perder-y-mas-de-esta-manera\/#respond"]}]},{"@type":"WebPage","@id":"https:\/\/digital58.com.ve\/site\/2026\/03\/09\/mancilla-analiza-la-dura-derrota-del-rayo-ante-ucv-nos-duele-perder-y-mas-de-esta-manera\/","url":"https:\/\/digital58.com.ve\/site\/2026\/03\/09\/mancilla-analiza-la-dura-derrota-del-rayo-ante-ucv-nos-duele-perder-y-mas-de-esta-manera\/","name":"Mancilla analiza la dura derrota del Rayo ante UCV: \u00abNos duele perder y m\u00e1s de esta manera\u00bb","isPartOf":{"@id":"https:\/\/digital58.com.ve\/site\/#website"},"primaryImageOfPage":{"@id":"https:\/\/digital58.com.ve\/site\/2026\/03\/09\/mancilla-analiza-la-dura-derrota-del-rayo-ante-ucv-nos-duele-perder-y-mas-de-esta-manera\/#primaryimage"},"image":{"@id":"https:\/\/digital58.com.ve\/site\/2026\/03\/09\/mancilla-analiza-la-dura-derrota-del-rayo-ante-ucv-nos-duele-perder-y-mas-de-esta-manera\/#primaryimage"},"thumbnailUrl":"https:\/\/digital58.com.ve\/site\/wp-content\/uploads\/2026\/03\/rayo-ucv-rdp-2.webp","datePublished":"2026-03-09T18:29:07+00:00","description":"Rayo Zuliano analiza su dura derrota frente a UCV FC en el Torneo Apertura. Descubre las reacciones del cuerpo t\u00e9cnico y los ajustes del equipo.","breadcrumb":{"@id":"https:\/\/digital58.com.ve\/site\/2026\/03\/09\/mancilla-analiza-la-dura-derrota-del-rayo-ante-ucv-nos-duele-perder-y-mas-de-esta-manera\/#breadcrumb"},"inLanguage":"es","potentialAction":[{"@type":"ReadAction","target":["https:\/\/digital58.com.ve\/site\/2026\/03\/09\/mancilla-analiza-la-dura-derrota-del-rayo-ante-ucv-nos-duele-perder-y-mas-de-esta-manera\/"]}]},{"@type":"ImageObject","inLanguage":"es","@id":"https:\/\/digital58.com.ve\/site\/2026\/03\/09\/mancilla-analiza-la-dura-derrota-del-rayo-ante-ucv-nos-duele-perder-y-mas-de-esta-manera\/#primaryimage","url":"https:\/\/digital58.com.ve\/site\/wp-content\/uploads\/2026\/03\/rayo-ucv-rdp-2.webp","contentUrl":"https:\/\/digital58.com.ve\/site\/wp-content\/uploads\/2026\/03\/rayo-ucv-rdp-2.webp","width":900,"height":600},{"@type":"BreadcrumbList","@id":"https:\/\/digital58.com.ve\/site\/2026\/03\/09\/mancilla-analiza-la-dura-derrota-del-rayo-ante-ucv-nos-duele-perder-y-mas-de-esta-manera\/#breadcrumb","itemListElement":[{"@type":"ListItem","position":1,"name":"Home","item":"https:\/\/digital58.com.ve\/site\/"},{"@type":"ListItem","position":2,"name":"Mancilla analiza la dura derrota del Rayo ante UCV: \u00abNos duele perder y m\u00e1s de esta manera\u00bb"}]},{"@type":"WebSite","@id":"https:\/\/digital58.com.ve\/site\/#website","url":"https:\/\/digital58.com.ve\/site\/","name":"Noticias Digital58","description":"Portal de Noticias \u00a1Periodismo web de verdad! Lanzamiento web 22.11.2005 \/ Maracaibo, Venezuela","publisher":{"@id":"https:\/\/digital58.com.ve\/site\/#\/schema\/person\/64d1c2e4d0d4fd1b849980c4331c2951"},"alternateName":"ND58","potentialAction":[{"@type":"SearchAction","target":{"@type":"EntryPoint","urlTemplate":"https:\/\/digital58.com.ve\/site\/?s={search_term_string}"},"query-input":{"@type":"PropertyValueSpecification","valueRequired":true,"valueName":"search_term_string"}}],"inLanguage":"es"},{"@type":["Person","Organization"],"@id":"https:\/\/digital58.com.ve\/site\/#\/schema\/person\/64d1c2e4d0d4fd1b849980c4331c2951","name":"Villasmil Henry","image":{"@type":"ImageObject","inLanguage":"es","@id":"https:\/\/secure.gravatar.com\/avatar\/bb0c4a2fcb7970138239f7e404ea75757b1b507b28b5ce4c53fbd62d797c5a7c?s=96&d=mm&r=g","url":"https:\/\/secure.gravatar.com\/avatar\/bb0c4a2fcb7970138239f7e404ea75757b1b507b28b5ce4c53fbd62d797c5a7c?s=96&d=mm&r=g","contentUrl":"https:\/\/secure.gravatar.com\/avatar\/bb0c4a2fcb7970138239f7e404ea75757b1b507b28b5ce4c53fbd62d797c5a7c?s=96&d=mm&r=g","caption":"Villasmil Henry"},"logo":{"@id":"https:\/\/secure.gravatar.com\/avatar\/bb0c4a2fcb7970138239f7e404ea75757b1b507b28b5ce4c53fbd62d797c5a7c?s=96&d=mm&r=g"},"sameAs":["http:\/\/www.henryvillasmil.com.ve","https:\/\/www.instagram.com\/villasmilhfoto\/","https:\/\/x.com\/https:\/\/twitter.com\/villasmilhfoto"],"url":"https:\/\/digital58.com.ve\/site\/author\/droopy_68\/"}]}},"uagb_featured_image_src":{"full":["https:\/\/digital58.com.ve\/site\/wp-content\/uploads\/2026\/03\/rayo-ucv-rdp-2.webp",900,600,false],"thumbnail":["https:\/\/digital58.com.ve\/site\/wp-content\/uploads\/2026\/03\/rayo-ucv-rdp-2-150x150.webp",150,150,true],"medium":["https:\/\/digital58.com.ve\/site\/wp-content\/uploads\/2026\/03\/rayo-ucv-rdp-2-300x200.webp",300,200,true],"medium_large":["https:\/\/digital58.com.ve\/site\/wp-content\/uploads\/2026\/03\/rayo-ucv-rdp-2-768x512.webp",768,512,true],"large":["https:\/\/digital58.com.ve\/site\/wp-content\/uploads\/2026\/03\/rayo-ucv-rdp-2.webp",800,533,false],"1536x1536":["https:\/\/digital58.com.ve\/site\/wp-content\/uploads\/2026\/03\/rayo-ucv-rdp-2.webp",900,600,false],"2048x2048":["https:\/\/digital58.com.ve\/site\/wp-content\/uploads\/2026\/03\/rayo-ucv-rdp-2.webp",900,600,false],"colormag-highlighted-post":["https:\/\/digital58.com.ve\/site\/wp-content\/uploads\/2026\/03\/rayo-ucv-rdp-2-392x272.webp",392,272,true],"colormag-featured-post-medium":["https:\/\/digital58.com.ve\/site\/wp-content\/uploads\/2026\/03\/rayo-ucv-rdp-2-390x205.webp",390,205,true],"colormag-featured-post-small":["https:\/\/digital58.com.ve\/site\/wp-content\/uploads\/2026\/03\/rayo-ucv-rdp-2-130x90.webp",130,90,true],"colormag-featured-image":["https:\/\/digital58.com.ve\/site\/wp-content\/uploads\/2026\/03\/rayo-ucv-rdp-2-800x445.webp",800,445,true],"colormag-default-news":["https:\/\/digital58.com.ve\/site\/wp-content\/uploads\/2026\/03\/rayo-ucv-rdp-2-150x150.webp",150,150,true],"colormag-featured-image-large":["https:\/\/digital58.com.ve\/site\/wp-content\/uploads\/2026\/03\/rayo-ucv-rdp-2.webp",900,600,false]},"uagb_author_info":{"display_name":"Villasmil Henry","author_link":"https:\/\/digital58.com.ve\/site\/author\/droopy_68\/"},"uagb_comment_info":0,"uagb_excerpt":"El asistente Johanny Garc\u00eda habl\u00f3 de errores defensivos, trabajo mental y la necesidad de corregir sin perder el rumbo. Maracaibo,","_links":{"self":[{"href":"https:\/\/digital58.com.ve\/site\/wp-json\/wp\/v2\/posts\/194100","targetHints":{"allow":["GET"]}}],"collection":[{"href":"https:\/\/digital58.com.ve\/site\/wp-json\/wp\/v2\/posts"}],"about":[{"href":"https:\/\/digital58.com.ve\/site\/wp-json\/wp\/v2\/types\/post"}],"author":[{"embeddable":true,"href":"https:\/\/digital58.com.ve\/site\/wp-json\/wp\/v2\/users\/1"}],"replies":[{"embeddable":true,"href":"https:\/\/digital58.com.ve\/site\/wp-json\/wp\/v2\/comments?post=194100"}],"version-history":[{"count":1,"href":"https:\/\/digital58.com.ve\/site\/wp-json\/wp\/v2\/posts\/194100\/revisions"}],"predecessor-version":[{"id":194105,"href":"https:\/\/digital58.com.ve\/site\/wp-json\/wp\/v2\/posts\/194100\/revisions\/194105"}],"wp:featuredmedia":[{"embeddable":true,"href":"https:\/\/digital58.com.ve\/site\/wp-json\/wp\/v2\/media\/194103"}],"wp:attachment":[{"href":"https:\/\/digital58.com.ve\/site\/wp-json\/wp\/v2\/media?parent=194100"}],"wp:term":[{"taxonomy":"category","embeddable":true,"href":"https:\/\/digital58.com.ve\/site\/wp-json\/wp\/v2\/categories?post=194100"},{"taxonomy":"post_tag","embeddable":true,"href":"https:\/\/digital58.com.ve\/site\/wp-json\/wp\/v2\/tags?post=194100"}],"curies":[{"name":"wp","href":"https:\/\/api.w.org\/{rel}","templated":true}]}}