{"id":194181,"date":"2026-03-23T12:34:54","date_gmt":"2026-03-23T16:34:54","guid":{"rendered":"https:\/\/digital58.com.ve\/site\/?p=194181"},"modified":"2026-03-23T12:34:54","modified_gmt":"2026-03-23T16:34:54","slug":"costaneros-fc-expande-su-academia-deportiva-al-futbol-campo-en-cabimas","status":"publish","type":"post","link":"https:\/\/digital58.com.ve\/site\/2026\/03\/23\/costaneros-fc-expande-su-academia-deportiva-al-futbol-campo-en-cabimas\/","title":{"rendered":"Costaneros FC expande su academia deportiva al f\u00fatbol campo en Cabimas"},"content":{"rendered":"<p><a class=\"keychainify-checked\" href=\"https:\/\/digital58.com.ve\/site\/wp-content\/uploads\/2026\/03\/costanero-fc-3.webp\"><img loading=\"lazy\" decoding=\"async\" class=\"aligncenter wp-image-194182 size-full\" src=\"https:\/\/digital58.com.ve\/site\/wp-content\/uploads\/2026\/03\/costanero-fc-3.webp\" alt=\"Con motivo de su cuarto aniversario, la academia deportiva Costaneros F\u00fatbol Club anunci\u00f3 oficialmente este 2026 su expansi\u00f3n hacia la modalidad de f\u00fatbol campo.\n\nGracias a la gesti\u00f3n de su directiva y al apoyo de la Superintendencia Nacional Antidrogas (SNA), la instituci\u00f3n utilizar\u00e1 las instalaciones del antiguo \u00abParque Argenis G\u00f3mez\u00bb para continuar su labor formativa en el municipio.\" width=\"900\" height=\"600\" srcset=\"https:\/\/digital58.com.ve\/site\/wp-content\/uploads\/2026\/03\/costanero-fc-3.webp 900w, https:\/\/digital58.com.ve\/site\/wp-content\/uploads\/2026\/03\/costanero-fc-3-300x200.webp 300w, https:\/\/digital58.com.ve\/site\/wp-content\/uploads\/2026\/03\/costanero-fc-3-768x512.webp 768w\" sizes=\"auto, (max-width: 900px) 100vw, 900px\" \/><\/a><\/p>\n<blockquote><p>El club deportivo zuliano celebra su cuarto aniversario sumando una nueva modalidad e instalaciones para la formaci\u00f3n de ni\u00f1os y adolescentes de la regi\u00f3n.<\/p><\/blockquote>\n<p><strong>Cabimas, Zulia, Venezuela, 23 de marzo de 2026 (ND58).-\u00a0<\/strong> Con motivo de su cuarto aniversario, la academia deportiva<a class=\"keychainify-checked\" href=\"https:\/\/www.instagram.com\/costanerosfc\/\" target=\"_blank\" rel=\"noopener\"> <strong>Costaneros F\u00fatbol Club<\/strong><\/a> anunci\u00f3 oficialmente este 2026 su expansi\u00f3n hacia la modalidad de f\u00fatbol campo.<\/p>\n<p>Gracias a la gesti\u00f3n de su directiva y al apoyo de la Superintendencia Nacional Antidrogas (SNA), la instituci\u00f3n utilizar\u00e1 las instalaciones del antiguo \u00abParque Argenis G\u00f3mez\u00bb para continuar su labor formativa en el municipio.<\/p>\n<h2>Un proyecto forjado desde la comunidad<\/h2>\n<p>La instituci\u00f3n naci\u00f3 formalmente el 14 de febrero de 2022 por iniciativa de Luciano Ziccardi, Gilberto Vegas, Henry Villasmil y Luigi \u00abPiccolo\u00bb Carrassi.<\/p>\n<p>Tras un proyecto previo, este grupo decidi\u00f3 fundar el club con el objetivo de brindar un espacio de formaci\u00f3n deportiva integral a los j\u00f3venes de la localidad.<\/p>\n<p>Ante la ausencia inicial de terrenos de f\u00fatbol campo disponibles, la directiva opt\u00f3 por incursionar inicialmente en el f\u00fatbol sala.<\/p>\n<p>Para ello, tomaron como sede principal la cancha de usos m\u00faltiples del sector Barrio Obrero, ubicada en la avenida Baralt, donde iniciaron operaciones con el apoyo de los vecinos de la comunidad.<\/p>\n<p><a class=\"keychainify-checked\" href=\"https:\/\/digital58.com.ve\/site\/wp-content\/uploads\/2026\/03\/costanero-fc-1.webp\"><img loading=\"lazy\" decoding=\"async\" class=\"aligncenter size-full wp-image-194184\" src=\"https:\/\/digital58.com.ve\/site\/wp-content\/uploads\/2026\/03\/costanero-fc-1.webp\" alt=\"\" width=\"900\" height=\"600\" srcset=\"https:\/\/digital58.com.ve\/site\/wp-content\/uploads\/2026\/03\/costanero-fc-1.webp 900w, https:\/\/digital58.com.ve\/site\/wp-content\/uploads\/2026\/03\/costanero-fc-1-300x200.webp 300w, https:\/\/digital58.com.ve\/site\/wp-content\/uploads\/2026\/03\/costanero-fc-1-768x512.webp 768w\" sizes=\"auto, (max-width: 900px) 100vw, 900px\" \/><\/a><\/p>\n<h2>Crecimiento institucional y palmar\u00e9s deportivo<\/h2>\n<p>Desde su fundaci\u00f3n, el proyecto cont\u00f3 con el aval del Instituto Municipal de Deportes de Cabimas (IMDEC) y de la Asociaci\u00f3n de F\u00fatbol del Estado Zulia (AFEZ).<\/p>\n<p>Esta sinergia les permiti\u00f3 competir r\u00e1pidamente en cert\u00e1menes municipales y estadales, alcanzando finales y t\u00edtulos absolutos.<\/p>\n<p>En 2022, la instituci\u00f3n se coron\u00f3 campeona en la categor\u00eda Sub-12 de la Superliga COL. Durante 2023, el club particip\u00f3 en la Liga de Desarrollo de AFEZ con sus categor\u00edas Sub-10, Sub-12 y Sub-14, alcanzando instancias de semifinales y finales.<\/p>\n<p>Entre 2024 y 2025, el equipo mantuvo su vigencia en la Liga Formativa de f\u00fatbol sala de AFEZ y en el tradicional torneo Copa de Campeones de la urbanizaci\u00f3n Los M\u00e9danos.<\/p>\n<p>En este \u00faltimo certamen, la categor\u00eda Sub-16 alz\u00f3 la copa de campeones en ambas ediciones consecutivas.<\/p>\n<p><a class=\"keychainify-checked\" href=\"https:\/\/digital58.com.ve\/site\/wp-content\/uploads\/2026\/03\/costanero-fc-2.webp\"><img loading=\"lazy\" decoding=\"async\" class=\"aligncenter size-full wp-image-194183\" src=\"https:\/\/digital58.com.ve\/site\/wp-content\/uploads\/2026\/03\/costanero-fc-2.webp\" alt=\"\" width=\"900\" height=\"600\" srcset=\"https:\/\/digital58.com.ve\/site\/wp-content\/uploads\/2026\/03\/costanero-fc-2.webp 900w, https:\/\/digital58.com.ve\/site\/wp-content\/uploads\/2026\/03\/costanero-fc-2-300x200.webp 300w, https:\/\/digital58.com.ve\/site\/wp-content\/uploads\/2026\/03\/costanero-fc-2-768x512.webp 768w\" sizes=\"auto, (max-width: 900px) 100vw, 900px\" \/><\/a><\/p>\n<h2>Alianza estrat\u00e9gica para el f\u00fatbol campo<\/h2>\n<p>Al arribar a su cuarto a\u00f1o de trayectoria, la directiva present\u00f3 su propuesta de masificaci\u00f3n deportiva ante la Superintendencia Nacional Antidrogas (SNA).<\/p>\n<p>Tras la evaluaci\u00f3n del proyecto, el organismo facilit\u00f3 sus instalaciones de la calle Chile (antiguo Parque Argenis G\u00f3mez) para asentar la nueva escuela de f\u00fatbol campo.<\/p>\n<p>Esta expansi\u00f3n no detendr\u00e1 las actividades originales de f\u00fatbol sala en Barrio Obrero.<\/p>\n<p>Ambas modalidades coexistir\u00e1n semanalmente para garantizar el desarrollo motriz y t\u00e1ctico de los futbolistas de la Costa Oriental del Lago.<\/p>\n<h3>Sedes, categor\u00edas y horarios de entrenamiento<\/h3>\n<h4>F\u00fatbol Campo (Sede: Calle Chile, antiguo Parque Argenis G\u00f3mez)<\/h4>\n<p>Los entrenamientos se realizar\u00e1n los d\u00edas martes y jueves, de 4:00 p. m. a 5:30 p. m. para todas las divisiones convocadas:<\/p>\n<p><strong>Sub-8:<\/strong> Nacidos en 2019 y 2020.<br \/>\n<strong>Sub-10:<\/strong> Nacidos en 2017 y 2018.<br \/>\n<strong>Sub-12:<\/strong> Nacidos en 2015 y 2016.<br \/>\n<strong>Sub-14:<\/strong> Nacidos en 2014.<\/p>\n<h4>F\u00fatbol Sala (Sede: Cancha m\u00faltiple de Barrio Obrero, Av. Baralt)<\/h4>\n<p>Las sesiones se mantienen los d\u00edas lunes, mi\u00e9rcoles y viernes, divididas en dos bloques horarios:<\/p>\n<p><strong>Bloque 1 (3:00 p. m. a 4:30 p. m.):<\/strong><\/p>\n<p>Categor\u00edas Sub-14 (2013-2014), Sub-16 (2011-2012) y Sub-18 (2009-2010).<\/p>\n<p><strong>Bloque 2 (4:30 p. m. a 6:00 p. m.):<\/strong><\/p>\n<p>Categor\u00edas Sub-8 (2019-2020), Sub-10 (2017-2018) y Sub-12 (2015-2016).<\/p>\n<p><strong>Sala de redacci\u00f3n ND58<\/strong><br \/>\n<strong>Edici\u00f3n: Villasmil, Henry<\/strong><br \/>\n<strong>Gr\u00e1ficas: De archivo<\/strong><\/p>\n<p>&nbsp;<\/p>\n<p>&nbsp;<\/p><div class=\"rlkao6a9c4bb1f2aba\" ><p style=\"text-align: center;\"><a href=\"https:\/\/t.me\/noticiasdigital58\" target=\"_blank\" rel=\"noopener\"><img class=\"aligncenter size-full wp-image-125363\" src=\"https:\/\/digital58.com.ve\/site\/wp-content\/uploads\/2021\/04\/banner-telegram-web-2021.png\" alt=\"\" width=\"600\" height=\"90\" \/><\/a><\/p><\/div><style type=\"text\/css\">\r\n@media screen and (min-width: 1201px) {\r\n.rlkao6a9c4bb1f2aba {\r\ndisplay: block;\r\n}\r\n}\r\n@media screen and (min-width: 993px) and (max-width: 1200px) {\r\n.rlkao6a9c4bb1f2aba {\r\ndisplay: block;\r\n}\r\n}\r\n@media screen and (min-width: 769px) and (max-width: 992px) {\r\n.rlkao6a9c4bb1f2aba {\r\ndisplay: block;\r\n}\r\n}\r\n@media screen and (min-width: 768px) and (max-width: 768px) {\r\n.rlkao6a9c4bb1f2aba {\r\ndisplay: block;\r\n}\r\n}\r\n@media screen and (max-width: 767px) {\r\n.rlkao6a9c4bb1f2aba {\r\ndisplay: block;\r\n}\r\n}\r\n<\/style>\r\n\n<p>&nbsp;<\/p>\n<div style=\"margin-top: 0px; margin-bottom: 0px;\" class=\"sharethis-inline-share-buttons\" ><\/div>","protected":false},"excerpt":{"rendered":"<p>El club deportivo zuliano celebra su cuarto aniversario sumando una nueva modalidad e instalaciones para la formaci\u00f3n de ni\u00f1os y<\/p>\n","protected":false},"author":1,"featured_media":194183,"comment_status":"open","ping_status":"closed","sticky":false,"template":"","format":"standard","meta":{"colormag_page_container_layout":"default_layout","colormag_page_sidebar_layout":"default_layout","_uag_custom_page_level_css":"","footnotes":""},"categories":[5402],"tags":[8309,4280,27866,477,14,190,35840,2354,32,761],"class_list":["post-194181","post","type-post","status-publish","format-standard","has-post-thumbnail","hentry","category-deportes","tag-academias-de-futbol","tag-cabimas","tag-costaneros-futbol-club","tag-futbol-infantil","tag-futbol-venezolano","tag-futsal","tag-futsal-futbol","tag-regionales","tag-venezuela","tag-zulia"],"yoast_head":"<!-- This site is optimized with the Yoast SEO plugin v28.4 - https:\/\/yoast.com\/product\/yoast-seo-wordpress\/ -->\n<title>Costaneros FC expande su academia deportiva al f\u00fatbol campo en Cabimas<\/title>\n<meta name=\"description\" content=\"Costaneros FC celebra su 4.\u00b0 aniversario en Cabimas expandiendo su formaci\u00f3n al f\u00fatbol campo. Conozca las categor\u00edas, sedes y horarios activos.\" \/>\n<meta name=\"robots\" content=\"index, follow, max-snippet:-1, max-image-preview:large, max-video-preview:-1\" \/>\n<link rel=\"canonical\" href=\"https:\/\/digital58.com.ve\/site\/2026\/03\/23\/costaneros-fc-expande-su-academia-deportiva-al-futbol-campo-en-cabimas\/\" \/>\n<meta property=\"og:locale\" content=\"es_ES\" \/>\n<meta property=\"og:type\" content=\"article\" \/>\n<meta property=\"og:title\" content=\"Costaneros FC expande su academia deportiva al f\u00fatbol campo en Cabimas\" \/>\n<meta property=\"og:description\" content=\"Costaneros FC celebra su 4.\u00b0 aniversario en Cabimas expandiendo su formaci\u00f3n al f\u00fatbol campo. Conozca las categor\u00edas, sedes y horarios activos.\" \/>\n<meta property=\"og:url\" content=\"https:\/\/digital58.com.ve\/site\/2026\/03\/23\/costaneros-fc-expande-su-academia-deportiva-al-futbol-campo-en-cabimas\/\" \/>\n<meta property=\"og:site_name\" content=\"Noticias Digital58\" \/>\n<meta property=\"article:published_time\" content=\"2026-03-23T16:34:54+00:00\" \/>\n<meta property=\"og:image\" content=\"https:\/\/digital58.com.ve\/site\/wp-content\/uploads\/2026\/03\/costanero-fc-2.webp\" \/>\n\t<meta property=\"og:image:width\" content=\"900\" \/>\n\t<meta property=\"og:image:height\" content=\"600\" \/>\n\t<meta property=\"og:image:type\" content=\"image\/webp\" \/>\n<meta name=\"author\" content=\"Villasmil Henry\" \/>\n<meta name=\"twitter:card\" content=\"summary_large_image\" \/>\n<meta name=\"twitter:creator\" content=\"@https:\/\/twitter.com\/villasmilhfoto\" \/>\n<meta name=\"twitter:site\" content=\"@villasmilhfoto\" \/>\n<meta name=\"twitter:label1\" content=\"Escrito por\" \/>\n\t<meta name=\"twitter:data1\" content=\"Villasmil Henry\" \/>\n\t<meta name=\"twitter:label2\" content=\"Tiempo estimado de lectura\" \/>\n\t<meta name=\"twitter:data2\" content=\"4 minutos\" \/>\n<script type=\"application\/ld+json\" class=\"yoast-schema-graph\">{\"@context\":\"https:\\\/\\\/schema.org\",\"@graph\":[{\"@type\":\"Article\",\"@id\":\"https:\\\/\\\/digital58.com.ve\\\/site\\\/2026\\\/03\\\/23\\\/costaneros-fc-expande-su-academia-deportiva-al-futbol-campo-en-cabimas\\\/#article\",\"isPartOf\":{\"@id\":\"https:\\\/\\\/digital58.com.ve\\\/site\\\/2026\\\/03\\\/23\\\/costaneros-fc-expande-su-academia-deportiva-al-futbol-campo-en-cabimas\\\/\"},\"author\":{\"name\":\"Villasmil Henry\",\"@id\":\"https:\\\/\\\/digital58.com.ve\\\/site\\\/#\\\/schema\\\/person\\\/64d1c2e4d0d4fd1b849980c4331c2951\"},\"headline\":\"Costaneros FC expande su academia deportiva al f\u00fatbol campo en Cabimas\",\"datePublished\":\"2026-03-23T16:34:54+00:00\",\"mainEntityOfPage\":{\"@id\":\"https:\\\/\\\/digital58.com.ve\\\/site\\\/2026\\\/03\\\/23\\\/costaneros-fc-expande-su-academia-deportiva-al-futbol-campo-en-cabimas\\\/\"},\"wordCount\":595,\"commentCount\":0,\"publisher\":{\"@id\":\"https:\\\/\\\/digital58.com.ve\\\/site\\\/#\\\/schema\\\/person\\\/64d1c2e4d0d4fd1b849980c4331c2951\"},\"image\":{\"@id\":\"https:\\\/\\\/digital58.com.ve\\\/site\\\/2026\\\/03\\\/23\\\/costaneros-fc-expande-su-academia-deportiva-al-futbol-campo-en-cabimas\\\/#primaryimage\"},\"thumbnailUrl\":\"https:\\\/\\\/digital58.com.ve\\\/site\\\/wp-content\\\/uploads\\\/2026\\\/03\\\/costanero-fc-2.webp\",\"keywords\":[\"Academias de F\u00fatbol\",\"Cabimas\",\"Costaneros F\u00fatbol Club\",\"F\u00fatbol Infantil\",\"F\u00fatbol Venezolano\",\"F\u00fatsal\",\"Futsal F\u00fatbol\",\"Regionales\",\"Venezuela\",\"Zulia\"],\"articleSection\":[\"Deportes\"],\"inLanguage\":\"es\",\"potentialAction\":[{\"@type\":\"CommentAction\",\"name\":\"Comment\",\"target\":[\"https:\\\/\\\/digital58.com.ve\\\/site\\\/2026\\\/03\\\/23\\\/costaneros-fc-expande-su-academia-deportiva-al-futbol-campo-en-cabimas\\\/#respond\"]}]},{\"@type\":\"WebPage\",\"@id\":\"https:\\\/\\\/digital58.com.ve\\\/site\\\/2026\\\/03\\\/23\\\/costaneros-fc-expande-su-academia-deportiva-al-futbol-campo-en-cabimas\\\/\",\"url\":\"https:\\\/\\\/digital58.com.ve\\\/site\\\/2026\\\/03\\\/23\\\/costaneros-fc-expande-su-academia-deportiva-al-futbol-campo-en-cabimas\\\/\",\"name\":\"Costaneros FC expande su academia deportiva al f\u00fatbol campo en Cabimas\",\"isPartOf\":{\"@id\":\"https:\\\/\\\/digital58.com.ve\\\/site\\\/#website\"},\"primaryImageOfPage\":{\"@id\":\"https:\\\/\\\/digital58.com.ve\\\/site\\\/2026\\\/03\\\/23\\\/costaneros-fc-expande-su-academia-deportiva-al-futbol-campo-en-cabimas\\\/#primaryimage\"},\"image\":{\"@id\":\"https:\\\/\\\/digital58.com.ve\\\/site\\\/2026\\\/03\\\/23\\\/costaneros-fc-expande-su-academia-deportiva-al-futbol-campo-en-cabimas\\\/#primaryimage\"},\"thumbnailUrl\":\"https:\\\/\\\/digital58.com.ve\\\/site\\\/wp-content\\\/uploads\\\/2026\\\/03\\\/costanero-fc-2.webp\",\"datePublished\":\"2026-03-23T16:34:54+00:00\",\"description\":\"Costaneros FC celebra su 4.\u00b0 aniversario en Cabimas expandiendo su formaci\u00f3n al f\u00fatbol campo. Conozca las categor\u00edas, sedes y horarios activos.\",\"breadcrumb\":{\"@id\":\"https:\\\/\\\/digital58.com.ve\\\/site\\\/2026\\\/03\\\/23\\\/costaneros-fc-expande-su-academia-deportiva-al-futbol-campo-en-cabimas\\\/#breadcrumb\"},\"inLanguage\":\"es\",\"potentialAction\":[{\"@type\":\"ReadAction\",\"target\":[\"https:\\\/\\\/digital58.com.ve\\\/site\\\/2026\\\/03\\\/23\\\/costaneros-fc-expande-su-academia-deportiva-al-futbol-campo-en-cabimas\\\/\"]}]},{\"@type\":\"ImageObject\",\"inLanguage\":\"es\",\"@id\":\"https:\\\/\\\/digital58.com.ve\\\/site\\\/2026\\\/03\\\/23\\\/costaneros-fc-expande-su-academia-deportiva-al-futbol-campo-en-cabimas\\\/#primaryimage\",\"url\":\"https:\\\/\\\/digital58.com.ve\\\/site\\\/wp-content\\\/uploads\\\/2026\\\/03\\\/costanero-fc-2.webp\",\"contentUrl\":\"https:\\\/\\\/digital58.com.ve\\\/site\\\/wp-content\\\/uploads\\\/2026\\\/03\\\/costanero-fc-2.webp\",\"width\":900,\"height\":600},{\"@type\":\"BreadcrumbList\",\"@id\":\"https:\\\/\\\/digital58.com.ve\\\/site\\\/2026\\\/03\\\/23\\\/costaneros-fc-expande-su-academia-deportiva-al-futbol-campo-en-cabimas\\\/#breadcrumb\",\"itemListElement\":[{\"@type\":\"ListItem\",\"position\":1,\"name\":\"Home\",\"item\":\"https:\\\/\\\/digital58.com.ve\\\/site\\\/\"},{\"@type\":\"ListItem\",\"position\":2,\"name\":\"Costaneros FC expande su academia deportiva al f\u00fatbol campo en Cabimas\"}]},{\"@type\":\"WebSite\",\"@id\":\"https:\\\/\\\/digital58.com.ve\\\/site\\\/#website\",\"url\":\"https:\\\/\\\/digital58.com.ve\\\/site\\\/\",\"name\":\"Noticias Digital58\",\"description\":\"Portal de Noticias \u00a1Periodismo web de verdad! Lanzamiento web 22.11.2005 \\\/ Maracaibo, Venezuela\",\"publisher\":{\"@id\":\"https:\\\/\\\/digital58.com.ve\\\/site\\\/#\\\/schema\\\/person\\\/64d1c2e4d0d4fd1b849980c4331c2951\"},\"alternateName\":\"ND58\",\"potentialAction\":[{\"@type\":\"SearchAction\",\"target\":{\"@type\":\"EntryPoint\",\"urlTemplate\":\"https:\\\/\\\/digital58.com.ve\\\/site\\\/?s={search_term_string}\"},\"query-input\":{\"@type\":\"PropertyValueSpecification\",\"valueRequired\":true,\"valueName\":\"search_term_string\"}}],\"inLanguage\":\"es\"},{\"@type\":[\"Person\",\"Organization\"],\"@id\":\"https:\\\/\\\/digital58.com.ve\\\/site\\\/#\\\/schema\\\/person\\\/64d1c2e4d0d4fd1b849980c4331c2951\",\"name\":\"Villasmil Henry\",\"image\":{\"@type\":\"ImageObject\",\"inLanguage\":\"es\",\"@id\":\"https:\\\/\\\/secure.gravatar.com\\\/avatar\\\/bb0c4a2fcb7970138239f7e404ea75757b1b507b28b5ce4c53fbd62d797c5a7c?s=96&d=mm&r=g\",\"url\":\"https:\\\/\\\/secure.gravatar.com\\\/avatar\\\/bb0c4a2fcb7970138239f7e404ea75757b1b507b28b5ce4c53fbd62d797c5a7c?s=96&d=mm&r=g\",\"contentUrl\":\"https:\\\/\\\/secure.gravatar.com\\\/avatar\\\/bb0c4a2fcb7970138239f7e404ea75757b1b507b28b5ce4c53fbd62d797c5a7c?s=96&d=mm&r=g\",\"caption\":\"Villasmil Henry\"},\"logo\":{\"@id\":\"https:\\\/\\\/secure.gravatar.com\\\/avatar\\\/bb0c4a2fcb7970138239f7e404ea75757b1b507b28b5ce4c53fbd62d797c5a7c?s=96&d=mm&r=g\"},\"sameAs\":[\"http:\\\/\\\/www.henryvillasmil.com.ve\",\"https:\\\/\\\/www.instagram.com\\\/villasmilhfoto\\\/\",\"https:\\\/\\\/x.com\\\/https:\\\/\\\/twitter.com\\\/villasmilhfoto\"],\"url\":\"https:\\\/\\\/digital58.com.ve\\\/site\\\/author\\\/droopy_68\\\/\"}]}<\/script>\n<!-- \/ Yoast SEO plugin. -->","yoast_head_json":{"title":"Costaneros FC expande su academia deportiva al f\u00fatbol campo en Cabimas","description":"Costaneros FC celebra su 4.\u00b0 aniversario en Cabimas expandiendo su formaci\u00f3n al f\u00fatbol campo. Conozca las categor\u00edas, sedes y horarios activos.","robots":{"index":"index","follow":"follow","max-snippet":"max-snippet:-1","max-image-preview":"max-image-preview:large","max-video-preview":"max-video-preview:-1"},"canonical":"https:\/\/digital58.com.ve\/site\/2026\/03\/23\/costaneros-fc-expande-su-academia-deportiva-al-futbol-campo-en-cabimas\/","og_locale":"es_ES","og_type":"article","og_title":"Costaneros FC expande su academia deportiva al f\u00fatbol campo en Cabimas","og_description":"Costaneros FC celebra su 4.\u00b0 aniversario en Cabimas expandiendo su formaci\u00f3n al f\u00fatbol campo. Conozca las categor\u00edas, sedes y horarios activos.","og_url":"https:\/\/digital58.com.ve\/site\/2026\/03\/23\/costaneros-fc-expande-su-academia-deportiva-al-futbol-campo-en-cabimas\/","og_site_name":"Noticias Digital58","article_published_time":"2026-03-23T16:34:54+00:00","og_image":[{"width":900,"height":600,"url":"https:\/\/digital58.com.ve\/site\/wp-content\/uploads\/2026\/03\/costanero-fc-2.webp","type":"image\/webp"}],"author":"Villasmil Henry","twitter_card":"summary_large_image","twitter_creator":"@https:\/\/twitter.com\/villasmilhfoto","twitter_site":"@villasmilhfoto","twitter_misc":{"Escrito por":"Villasmil Henry","Tiempo estimado de lectura":"4 minutos"},"schema":{"@context":"https:\/\/schema.org","@graph":[{"@type":"Article","@id":"https:\/\/digital58.com.ve\/site\/2026\/03\/23\/costaneros-fc-expande-su-academia-deportiva-al-futbol-campo-en-cabimas\/#article","isPartOf":{"@id":"https:\/\/digital58.com.ve\/site\/2026\/03\/23\/costaneros-fc-expande-su-academia-deportiva-al-futbol-campo-en-cabimas\/"},"author":{"name":"Villasmil Henry","@id":"https:\/\/digital58.com.ve\/site\/#\/schema\/person\/64d1c2e4d0d4fd1b849980c4331c2951"},"headline":"Costaneros FC expande su academia deportiva al f\u00fatbol campo en Cabimas","datePublished":"2026-03-23T16:34:54+00:00","mainEntityOfPage":{"@id":"https:\/\/digital58.com.ve\/site\/2026\/03\/23\/costaneros-fc-expande-su-academia-deportiva-al-futbol-campo-en-cabimas\/"},"wordCount":595,"commentCount":0,"publisher":{"@id":"https:\/\/digital58.com.ve\/site\/#\/schema\/person\/64d1c2e4d0d4fd1b849980c4331c2951"},"image":{"@id":"https:\/\/digital58.com.ve\/site\/2026\/03\/23\/costaneros-fc-expande-su-academia-deportiva-al-futbol-campo-en-cabimas\/#primaryimage"},"thumbnailUrl":"https:\/\/digital58.com.ve\/site\/wp-content\/uploads\/2026\/03\/costanero-fc-2.webp","keywords":["Academias de F\u00fatbol","Cabimas","Costaneros F\u00fatbol Club","F\u00fatbol Infantil","F\u00fatbol Venezolano","F\u00fatsal","Futsal F\u00fatbol","Regionales","Venezuela","Zulia"],"articleSection":["Deportes"],"inLanguage":"es","potentialAction":[{"@type":"CommentAction","name":"Comment","target":["https:\/\/digital58.com.ve\/site\/2026\/03\/23\/costaneros-fc-expande-su-academia-deportiva-al-futbol-campo-en-cabimas\/#respond"]}]},{"@type":"WebPage","@id":"https:\/\/digital58.com.ve\/site\/2026\/03\/23\/costaneros-fc-expande-su-academia-deportiva-al-futbol-campo-en-cabimas\/","url":"https:\/\/digital58.com.ve\/site\/2026\/03\/23\/costaneros-fc-expande-su-academia-deportiva-al-futbol-campo-en-cabimas\/","name":"Costaneros FC expande su academia deportiva al f\u00fatbol campo en Cabimas","isPartOf":{"@id":"https:\/\/digital58.com.ve\/site\/#website"},"primaryImageOfPage":{"@id":"https:\/\/digital58.com.ve\/site\/2026\/03\/23\/costaneros-fc-expande-su-academia-deportiva-al-futbol-campo-en-cabimas\/#primaryimage"},"image":{"@id":"https:\/\/digital58.com.ve\/site\/2026\/03\/23\/costaneros-fc-expande-su-academia-deportiva-al-futbol-campo-en-cabimas\/#primaryimage"},"thumbnailUrl":"https:\/\/digital58.com.ve\/site\/wp-content\/uploads\/2026\/03\/costanero-fc-2.webp","datePublished":"2026-03-23T16:34:54+00:00","description":"Costaneros FC celebra su 4.\u00b0 aniversario en Cabimas expandiendo su formaci\u00f3n al f\u00fatbol campo. Conozca las categor\u00edas, sedes y horarios activos.","breadcrumb":{"@id":"https:\/\/digital58.com.ve\/site\/2026\/03\/23\/costaneros-fc-expande-su-academia-deportiva-al-futbol-campo-en-cabimas\/#breadcrumb"},"inLanguage":"es","potentialAction":[{"@type":"ReadAction","target":["https:\/\/digital58.com.ve\/site\/2026\/03\/23\/costaneros-fc-expande-su-academia-deportiva-al-futbol-campo-en-cabimas\/"]}]},{"@type":"ImageObject","inLanguage":"es","@id":"https:\/\/digital58.com.ve\/site\/2026\/03\/23\/costaneros-fc-expande-su-academia-deportiva-al-futbol-campo-en-cabimas\/#primaryimage","url":"https:\/\/digital58.com.ve\/site\/wp-content\/uploads\/2026\/03\/costanero-fc-2.webp","contentUrl":"https:\/\/digital58.com.ve\/site\/wp-content\/uploads\/2026\/03\/costanero-fc-2.webp","width":900,"height":600},{"@type":"BreadcrumbList","@id":"https:\/\/digital58.com.ve\/site\/2026\/03\/23\/costaneros-fc-expande-su-academia-deportiva-al-futbol-campo-en-cabimas\/#breadcrumb","itemListElement":[{"@type":"ListItem","position":1,"name":"Home","item":"https:\/\/digital58.com.ve\/site\/"},{"@type":"ListItem","position":2,"name":"Costaneros FC expande su academia deportiva al f\u00fatbol campo en Cabimas"}]},{"@type":"WebSite","@id":"https:\/\/digital58.com.ve\/site\/#website","url":"https:\/\/digital58.com.ve\/site\/","name":"Noticias Digital58","description":"Portal de Noticias \u00a1Periodismo web de verdad! Lanzamiento web 22.11.2005 \/ Maracaibo, Venezuela","publisher":{"@id":"https:\/\/digital58.com.ve\/site\/#\/schema\/person\/64d1c2e4d0d4fd1b849980c4331c2951"},"alternateName":"ND58","potentialAction":[{"@type":"SearchAction","target":{"@type":"EntryPoint","urlTemplate":"https:\/\/digital58.com.ve\/site\/?s={search_term_string}"},"query-input":{"@type":"PropertyValueSpecification","valueRequired":true,"valueName":"search_term_string"}}],"inLanguage":"es"},{"@type":["Person","Organization"],"@id":"https:\/\/digital58.com.ve\/site\/#\/schema\/person\/64d1c2e4d0d4fd1b849980c4331c2951","name":"Villasmil Henry","image":{"@type":"ImageObject","inLanguage":"es","@id":"https:\/\/secure.gravatar.com\/avatar\/bb0c4a2fcb7970138239f7e404ea75757b1b507b28b5ce4c53fbd62d797c5a7c?s=96&d=mm&r=g","url":"https:\/\/secure.gravatar.com\/avatar\/bb0c4a2fcb7970138239f7e404ea75757b1b507b28b5ce4c53fbd62d797c5a7c?s=96&d=mm&r=g","contentUrl":"https:\/\/secure.gravatar.com\/avatar\/bb0c4a2fcb7970138239f7e404ea75757b1b507b28b5ce4c53fbd62d797c5a7c?s=96&d=mm&r=g","caption":"Villasmil Henry"},"logo":{"@id":"https:\/\/secure.gravatar.com\/avatar\/bb0c4a2fcb7970138239f7e404ea75757b1b507b28b5ce4c53fbd62d797c5a7c?s=96&d=mm&r=g"},"sameAs":["http:\/\/www.henryvillasmil.com.ve","https:\/\/www.instagram.com\/villasmilhfoto\/","https:\/\/x.com\/https:\/\/twitter.com\/villasmilhfoto"],"url":"https:\/\/digital58.com.ve\/site\/author\/droopy_68\/"}]}},"uagb_featured_image_src":{"full":["https:\/\/digital58.com.ve\/site\/wp-content\/uploads\/2026\/03\/costanero-fc-2.webp",900,600,false],"thumbnail":["https:\/\/digital58.com.ve\/site\/wp-content\/uploads\/2026\/03\/costanero-fc-2-150x150.webp",150,150,true],"medium":["https:\/\/digital58.com.ve\/site\/wp-content\/uploads\/2026\/03\/costanero-fc-2-300x200.webp",300,200,true],"medium_large":["https:\/\/digital58.com.ve\/site\/wp-content\/uploads\/2026\/03\/costanero-fc-2-768x512.webp",768,512,true],"large":["https:\/\/digital58.com.ve\/site\/wp-content\/uploads\/2026\/03\/costanero-fc-2.webp",800,533,false],"1536x1536":["https:\/\/digital58.com.ve\/site\/wp-content\/uploads\/2026\/03\/costanero-fc-2.webp",900,600,false],"2048x2048":["https:\/\/digital58.com.ve\/site\/wp-content\/uploads\/2026\/03\/costanero-fc-2.webp",900,600,false],"colormag-highlighted-post":["https:\/\/digital58.com.ve\/site\/wp-content\/uploads\/2026\/03\/costanero-fc-2-392x272.webp",392,272,true],"colormag-featured-post-medium":["https:\/\/digital58.com.ve\/site\/wp-content\/uploads\/2026\/03\/costanero-fc-2-390x205.webp",390,205,true],"colormag-featured-post-small":["https:\/\/digital58.com.ve\/site\/wp-content\/uploads\/2026\/03\/costanero-fc-2-130x90.webp",130,90,true],"colormag-featured-image":["https:\/\/digital58.com.ve\/site\/wp-content\/uploads\/2026\/03\/costanero-fc-2-800x445.webp",800,445,true],"colormag-default-news":["https:\/\/digital58.com.ve\/site\/wp-content\/uploads\/2026\/03\/costanero-fc-2-150x150.webp",150,150,true],"colormag-featured-image-large":["https:\/\/digital58.com.ve\/site\/wp-content\/uploads\/2026\/03\/costanero-fc-2.webp",900,600,false]},"uagb_author_info":{"display_name":"Villasmil Henry","author_link":"https:\/\/digital58.com.ve\/site\/author\/droopy_68\/"},"uagb_comment_info":0,"uagb_excerpt":"El club deportivo zuliano celebra su cuarto aniversario sumando una nueva modalidad e instalaciones para la formaci\u00f3n de ni\u00f1os y","_links":{"self":[{"href":"https:\/\/digital58.com.ve\/site\/wp-json\/wp\/v2\/posts\/194181","targetHints":{"allow":["GET"]}}],"collection":[{"href":"https:\/\/digital58.com.ve\/site\/wp-json\/wp\/v2\/posts"}],"about":[{"href":"https:\/\/digital58.com.ve\/site\/wp-json\/wp\/v2\/types\/post"}],"author":[{"embeddable":true,"href":"https:\/\/digital58.com.ve\/site\/wp-json\/wp\/v2\/users\/1"}],"replies":[{"embeddable":true,"href":"https:\/\/digital58.com.ve\/site\/wp-json\/wp\/v2\/comments?post=194181"}],"version-history":[{"count":1,"href":"https:\/\/digital58.com.ve\/site\/wp-json\/wp\/v2\/posts\/194181\/revisions"}],"predecessor-version":[{"id":194185,"href":"https:\/\/digital58.com.ve\/site\/wp-json\/wp\/v2\/posts\/194181\/revisions\/194185"}],"wp:featuredmedia":[{"embeddable":true,"href":"https:\/\/digital58.com.ve\/site\/wp-json\/wp\/v2\/media\/194183"}],"wp:attachment":[{"href":"https:\/\/digital58.com.ve\/site\/wp-json\/wp\/v2\/media?parent=194181"}],"wp:term":[{"taxonomy":"category","embeddable":true,"href":"https:\/\/digital58.com.ve\/site\/wp-json\/wp\/v2\/categories?post=194181"},{"taxonomy":"post_tag","embeddable":true,"href":"https:\/\/digital58.com.ve\/site\/wp-json\/wp\/v2\/tags?post=194181"}],"curies":[{"name":"wp","href":"https:\/\/api.w.org\/{rel}","templated":true}]}}