{"id":194329,"date":"2026-04-03T23:50:36","date_gmt":"2026-04-04T03:50:36","guid":{"rendered":"https:\/\/digital58.com.ve\/site\/?p=194329"},"modified":"2026-04-03T23:50:36","modified_gmt":"2026-04-04T03:50:36","slug":"cumana-inaugura-la-xviii-feria-de-las-pepitonas-en-la-semana-mayor","status":"publish","type":"post","link":"https:\/\/digital58.com.ve\/site\/2026\/04\/03\/cumana-inaugura-la-xviii-feria-de-las-pepitonas-en-la-semana-mayor\/","title":{"rendered":"Cuman\u00e1 inaugura la XVIII Feria de las Pepitonas en la Semana Mayor"},"content":{"rendered":"<p><a class=\"keychainify-checked\" href=\"https:\/\/digital58.com.ve\/site\/wp-content\/uploads\/2026\/04\/feria-pepitona-cumana-2026-5.webp\"><img loading=\"lazy\" decoding=\"async\" class=\"aligncenter size-full wp-image-194331\" src=\"https:\/\/digital58.com.ve\/site\/wp-content\/uploads\/2026\/04\/feria-pepitona-cumana-2026-5.webp\" alt=\"\" width=\"900\" height=\"600\" srcset=\"https:\/\/digital58.com.ve\/site\/wp-content\/uploads\/2026\/04\/feria-pepitona-cumana-2026-5.webp 900w, https:\/\/digital58.com.ve\/site\/wp-content\/uploads\/2026\/04\/feria-pepitona-cumana-2026-5-300x200.webp 300w, https:\/\/digital58.com.ve\/site\/wp-content\/uploads\/2026\/04\/feria-pepitona-cumana-2026-5-768x512.webp 768w\" sizes=\"auto, (max-width: 900px) 100vw, 900px\" \/><\/a><\/p>\n<blockquote><p>El evento gastron\u00f3mico en Caig\u00fcire re\u00fane a emprendedores locales y espera impulsar el turismo regional hasta el 4 de abril.<\/p><\/blockquote>\n<p><strong>Cuman\u00e1, Sucre, Venezuela, 03 de abril de 2026 (ND58).-<\/strong> La comunidad de Caig\u00fcire, en la ciudad de Cuman\u00e1, dio inicio a la d\u00e9cima octava edici\u00f3n de la Feria de las Pepitonas, un encuentro tur\u00edstico y gastron\u00f3mico que se extender\u00e1 hasta el pr\u00f3ximo s\u00e1bado 4 de abril.<\/p>\n<p>La celebraci\u00f3n enmarca las festividades de la Semana Mayor para promover el dinamismo econ\u00f3mico y exaltar el valor cultural del ic\u00f3nico molusco marino en el estado Sucre.<\/p>\n<p>La festividad, que abre sus puertas cada jornada a partir de las cuatro de la tarde, destaca este a\u00f1o por el amplio despliegue de emprendedores y pescadores locales.<\/p>\n<p>Estos comerciantes ofrecen sus diversas preparaciones culinarias con precios que promedian los diez d\u00f3lares.<\/p>\n<p><a class=\"keychainify-checked\" href=\"https:\/\/digital58.com.ve\/site\/wp-content\/uploads\/2026\/04\/feria-pepitona-cumana-2026-6.webp\"><img loading=\"lazy\" decoding=\"async\" class=\"aligncenter size-full wp-image-194330\" src=\"https:\/\/digital58.com.ve\/site\/wp-content\/uploads\/2026\/04\/feria-pepitona-cumana-2026-6.webp\" alt=\"\" width=\"900\" height=\"600\" srcset=\"https:\/\/digital58.com.ve\/site\/wp-content\/uploads\/2026\/04\/feria-pepitona-cumana-2026-6.webp 900w, https:\/\/digital58.com.ve\/site\/wp-content\/uploads\/2026\/04\/feria-pepitona-cumana-2026-6-300x200.webp 300w, https:\/\/digital58.com.ve\/site\/wp-content\/uploads\/2026\/04\/feria-pepitona-cumana-2026-6-768x512.webp 768w\" sizes=\"auto, (max-width: 900px) 100vw, 900px\" \/><\/a><\/p>\n<h2>Inversi\u00f3n institucional y transparencia<\/h2>\n<p>Para materializar este encuentro tradicional, la Alcald\u00eda del municipio Sucre, bajo la gesti\u00f3n del alcalde Pedro Figueroa, aport\u00f3 un monto de 2240 d\u00f3lares.<\/p>\n<p>Por su parte, la fundaci\u00f3n organizadora destin\u00f3 7315 d\u00f3lares de su propio presupuesto para la ejecuci\u00f3n de las actividades.<\/p>\n<p>Seg\u00fan los datos obtenidos por la sala de redacci\u00f3n de <strong>Noticias Digital 58<\/strong>, los gastos operativos que abarcan log\u00edstica, seguridad y sonido alcanzan los 12 270 d\u00f3lares.<\/p>\n<p><a class=\"keychainify-checked\" href=\"https:\/\/digital58.com.ve\/site\/wp-content\/uploads\/2026\/04\/feria-pepitona-cumana-2026-2.webp\"><img loading=\"lazy\" decoding=\"async\" class=\"aligncenter size-full wp-image-194334\" src=\"https:\/\/digital58.com.ve\/site\/wp-content\/uploads\/2026\/04\/feria-pepitona-cumana-2026-2.webp\" alt=\"\" width=\"900\" height=\"600\" srcset=\"https:\/\/digital58.com.ve\/site\/wp-content\/uploads\/2026\/04\/feria-pepitona-cumana-2026-2.webp 900w, https:\/\/digital58.com.ve\/site\/wp-content\/uploads\/2026\/04\/feria-pepitona-cumana-2026-2-300x200.webp 300w, https:\/\/digital58.com.ve\/site\/wp-content\/uploads\/2026\/04\/feria-pepitona-cumana-2026-2-768x512.webp 768w\" sizes=\"auto, (max-width: 900px) 100vw, 900px\" \/><\/a><\/p>\n<p>Sin embargo, los responsables de la fundaci\u00f3n a\u00fan no han detallado con exactitud la distribuci\u00f3n administrativa de este \u00faltimo rengl\u00f3n.<\/p>\n<p>A pesar de las interrogantes contables, el resguardo de los asistentes se encuentra plenamente garantizado en todo el per\u00edmetro.<\/p>\n<p>\u00abEl resguardo integral es nuestra prioridad absoluta para el disfrute de la colectividad en estas fechas\u00bb, indicaron fuentes vinculadas al despliegue de los distintos cuerpos de seguridad ciudadana.<\/p>\n<p><a class=\"keychainify-checked\" href=\"https:\/\/digital58.com.ve\/site\/wp-content\/uploads\/2026\/04\/feria-pepitona-cumana-2026-4.webp\"><img loading=\"lazy\" decoding=\"async\" class=\"aligncenter size-full wp-image-194332\" src=\"https:\/\/digital58.com.ve\/site\/wp-content\/uploads\/2026\/04\/feria-pepitona-cumana-2026-4.webp\" alt=\"\" width=\"900\" height=\"600\" srcset=\"https:\/\/digital58.com.ve\/site\/wp-content\/uploads\/2026\/04\/feria-pepitona-cumana-2026-4.webp 900w, https:\/\/digital58.com.ve\/site\/wp-content\/uploads\/2026\/04\/feria-pepitona-cumana-2026-4-300x200.webp 300w, https:\/\/digital58.com.ve\/site\/wp-content\/uploads\/2026\/04\/feria-pepitona-cumana-2026-4-768x512.webp 768w\" sizes=\"auto, (max-width: 900px) 100vw, 900px\" \/><\/a><\/p>\n<h2>Respaldo privado y tradici\u00f3n culinaria<\/h2>\n<p>En el \u00e1mbito netamente comercial, Empresas Polar fungi\u00f3 como aliado estrat\u00e9gico al facilitar sus productos para la hidrataci\u00f3n y el esparcimiento.<\/p>\n<p>Este respaldo log\u00edstico permiti\u00f3 a los expendedores concentrar sus recursos financieros exclusivamente en la adquisici\u00f3n de la materia prima principal.<\/p>\n<p><a class=\"keychainify-checked\" href=\"https:\/\/digital58.com.ve\/site\/wp-content\/uploads\/2026\/04\/feria-pepitona-cumana-2026-3.webp\"><img loading=\"lazy\" decoding=\"async\" class=\"aligncenter size-full wp-image-194333\" src=\"https:\/\/digital58.com.ve\/site\/wp-content\/uploads\/2026\/04\/feria-pepitona-cumana-2026-3.webp\" alt=\"\" width=\"900\" height=\"600\" srcset=\"https:\/\/digital58.com.ve\/site\/wp-content\/uploads\/2026\/04\/feria-pepitona-cumana-2026-3.webp 900w, https:\/\/digital58.com.ve\/site\/wp-content\/uploads\/2026\/04\/feria-pepitona-cumana-2026-3-300x200.webp 300w, https:\/\/digital58.com.ve\/site\/wp-content\/uploads\/2026\/04\/feria-pepitona-cumana-2026-3-768x512.webp 768w\" sizes=\"auto, (max-width: 900px) 100vw, 900px\" \/><\/a><\/p>\n<p>Entre la oferta gastron\u00f3mica m\u00e1s demandada por los comensales resaltan el tradicional cuajado y la pepitona hervida con lim\u00f3n.<\/p>\n<p>Las jornadas se complementan con el colorido de las comparsas municipales y la participaci\u00f3n directa de los habitantes de Caig\u00fcire, quienes mantienen viva la identidad de la regi\u00f3n.<\/p>\n<p><a class=\"keychainify-checked\" href=\"https:\/\/digital58.com.ve\/site\/wp-content\/uploads\/2026\/04\/feria-pepitona-cumana-2026-1.webp\"><img loading=\"lazy\" decoding=\"async\" class=\"aligncenter size-full wp-image-194335\" src=\"https:\/\/digital58.com.ve\/site\/wp-content\/uploads\/2026\/04\/feria-pepitona-cumana-2026-1.webp\" alt=\"\" width=\"900\" height=\"600\" srcset=\"https:\/\/digital58.com.ve\/site\/wp-content\/uploads\/2026\/04\/feria-pepitona-cumana-2026-1.webp 900w, https:\/\/digital58.com.ve\/site\/wp-content\/uploads\/2026\/04\/feria-pepitona-cumana-2026-1-300x200.webp 300w, https:\/\/digital58.com.ve\/site\/wp-content\/uploads\/2026\/04\/feria-pepitona-cumana-2026-1-768x512.webp 768w\" sizes=\"auto, (max-width: 900px) 100vw, 900px\" \/><\/a><\/p>\n<p><strong>Sala de redacci\u00f3n ND58 \/ Rivero Yegres, Edwin, corresponsal Cuman\u00e1<\/strong><br \/>\n<strong>Edici\u00f3n: Villasmil, Henry<\/strong><br \/>\n<strong>Gr\u00e1ficas: Rivero Yegres, Edwin, corresponsal Cuman\u00e1 \/ Alcald\u00eda de Cuman\u00e1<\/strong><\/p>\n<p>&nbsp;<\/p>\n<p>&nbsp;<\/p><div class=\"etciz69f258672dd00\" ><p style=\"text-align: center;\"><a href=\"https:\/\/t.me\/noticiasdigital58\" target=\"_blank\" rel=\"noopener\"><img class=\"aligncenter size-full wp-image-125363\" src=\"https:\/\/digital58.com.ve\/site\/wp-content\/uploads\/2021\/04\/banner-telegram-web-2021.png\" alt=\"\" width=\"600\" height=\"90\" \/><\/a><\/p><\/div><style type=\"text\/css\">\r\n@media screen and (min-width: 1201px) {\r\n.etciz69f258672dd00 {\r\ndisplay: block;\r\n}\r\n}\r\n@media screen and (min-width: 993px) and (max-width: 1200px) {\r\n.etciz69f258672dd00 {\r\ndisplay: block;\r\n}\r\n}\r\n@media screen and (min-width: 769px) and (max-width: 992px) {\r\n.etciz69f258672dd00 {\r\ndisplay: block;\r\n}\r\n}\r\n@media screen and (min-width: 768px) and (max-width: 768px) {\r\n.etciz69f258672dd00 {\r\ndisplay: block;\r\n}\r\n}\r\n@media screen and (max-width: 767px) {\r\n.etciz69f258672dd00 {\r\ndisplay: block;\r\n}\r\n}\r\n<\/style>\r\n\n<p>&nbsp;<\/p>\n<div style=\"margin-top: 0px; margin-bottom: 0px;\" class=\"sharethis-inline-share-buttons\" ><\/div>","protected":false},"excerpt":{"rendered":"<p>El evento gastron\u00f3mico en Caig\u00fcire re\u00fane a emprendedores locales y espera impulsar el turismo regional hasta el 4 de abril.<\/p>\n","protected":false},"author":1,"featured_media":194330,"comment_status":"open","ping_status":"closed","sticky":false,"template":"","format":"standard","meta":{"colormag_page_container_layout":"default_layout","colormag_page_sidebar_layout":"default_layout","_uag_custom_page_level_css":"","footnotes":""},"categories":[35204],"tags":[5187,2264,16743,35862,233,35863,32],"class_list":["post-194329","post","type-post","status-publish","format-standard","has-post-thumbnail","hentry","category-corresponsalia-sucre","tag-aguamania-semana-santa-2013","tag-cumana","tag-estado-sucre","tag-feria-de-las-pepitonas-2026","tag-nacionales","tag-semana-mayor","tag-venezuela"],"yoast_head":"<!-- This site is optimized with the Yoast SEO plugin v27.5 - https:\/\/yoast.com\/product\/yoast-seo-wordpress\/ -->\n<title>Cuman\u00e1 inaugura la XVIII Feria de las Pepitonas en la Semana Mayor<\/title>\n<meta name=\"description\" content=\"Descubre los detalles y la inversi\u00f3n detr\u00e1s de la XVIII Feria de las Pepitonas en Cuman\u00e1. Gastronom\u00eda y cultura en la Semana Mayor de Sucre.\" \/>\n<meta name=\"robots\" content=\"index, follow, max-snippet:-1, max-image-preview:large, max-video-preview:-1\" \/>\n<link rel=\"canonical\" href=\"https:\/\/digital58.com.ve\/site\/2026\/04\/03\/cumana-inaugura-la-xviii-feria-de-las-pepitonas-en-la-semana-mayor\/\" \/>\n<meta property=\"og:locale\" content=\"es_ES\" \/>\n<meta property=\"og:type\" content=\"article\" \/>\n<meta property=\"og:title\" content=\"Cuman\u00e1 inaugura la XVIII Feria de las Pepitonas en la Semana Mayor\" \/>\n<meta property=\"og:description\" content=\"Descubre los detalles y la inversi\u00f3n detr\u00e1s de la XVIII Feria de las Pepitonas en Cuman\u00e1. Gastronom\u00eda y cultura en la Semana Mayor de Sucre.\" \/>\n<meta property=\"og:url\" content=\"https:\/\/digital58.com.ve\/site\/2026\/04\/03\/cumana-inaugura-la-xviii-feria-de-las-pepitonas-en-la-semana-mayor\/\" \/>\n<meta property=\"og:site_name\" content=\"Noticias Digital58\" \/>\n<meta property=\"article:published_time\" content=\"2026-04-04T03:50:36+00:00\" \/>\n<meta property=\"og:image\" content=\"https:\/\/digital58.com.ve\/site\/wp-content\/uploads\/2026\/04\/feria-pepitona-cumana-2026-6.webp\" \/>\n\t<meta property=\"og:image:width\" content=\"900\" \/>\n\t<meta property=\"og:image:height\" content=\"600\" \/>\n\t<meta property=\"og:image:type\" content=\"image\/webp\" \/>\n<meta name=\"author\" content=\"Villasmil Henry\" \/>\n<meta name=\"twitter:card\" content=\"summary_large_image\" \/>\n<meta name=\"twitter:creator\" content=\"@https:\/\/twitter.com\/villasmilhfoto\" \/>\n<meta name=\"twitter:site\" content=\"@villasmilhfoto\" \/>\n<meta name=\"twitter:label1\" content=\"Escrito por\" \/>\n\t<meta name=\"twitter:data1\" content=\"Villasmil Henry\" \/>\n\t<meta name=\"twitter:label2\" content=\"Tiempo estimado de lectura\" \/>\n\t<meta name=\"twitter:data2\" content=\"4 minutos\" \/>\n<script type=\"application\/ld+json\" class=\"yoast-schema-graph\">{\"@context\":\"https:\\\/\\\/schema.org\",\"@graph\":[{\"@type\":\"Article\",\"@id\":\"https:\\\/\\\/digital58.com.ve\\\/site\\\/2026\\\/04\\\/03\\\/cumana-inaugura-la-xviii-feria-de-las-pepitonas-en-la-semana-mayor\\\/#article\",\"isPartOf\":{\"@id\":\"https:\\\/\\\/digital58.com.ve\\\/site\\\/2026\\\/04\\\/03\\\/cumana-inaugura-la-xviii-feria-de-las-pepitonas-en-la-semana-mayor\\\/\"},\"author\":{\"name\":\"Villasmil Henry\",\"@id\":\"https:\\\/\\\/digital58.com.ve\\\/site\\\/#\\\/schema\\\/person\\\/64d1c2e4d0d4fd1b849980c4331c2951\"},\"headline\":\"Cuman\u00e1 inaugura la XVIII Feria de las Pepitonas en la Semana Mayor\",\"datePublished\":\"2026-04-04T03:50:36+00:00\",\"mainEntityOfPage\":{\"@id\":\"https:\\\/\\\/digital58.com.ve\\\/site\\\/2026\\\/04\\\/03\\\/cumana-inaugura-la-xviii-feria-de-las-pepitonas-en-la-semana-mayor\\\/\"},\"wordCount\":442,\"commentCount\":0,\"publisher\":{\"@id\":\"https:\\\/\\\/digital58.com.ve\\\/site\\\/#\\\/schema\\\/person\\\/64d1c2e4d0d4fd1b849980c4331c2951\"},\"image\":{\"@id\":\"https:\\\/\\\/digital58.com.ve\\\/site\\\/2026\\\/04\\\/03\\\/cumana-inaugura-la-xviii-feria-de-las-pepitonas-en-la-semana-mayor\\\/#primaryimage\"},\"thumbnailUrl\":\"https:\\\/\\\/digital58.com.ve\\\/site\\\/wp-content\\\/uploads\\\/2026\\\/04\\\/feria-pepitona-cumana-2026-6.webp\",\"keywords\":[\"Aguaman\u00eda Semana Santa 2013\",\"Cuman\u00e1\",\"Estado Sucre\",\"Feria de las Pepitonas 2026\",\"Nacionales\",\"Semana Mayor\",\"Venezuela\"],\"articleSection\":[\"Corresponsalia Sucre\"],\"inLanguage\":\"es\",\"potentialAction\":[{\"@type\":\"CommentAction\",\"name\":\"Comment\",\"target\":[\"https:\\\/\\\/digital58.com.ve\\\/site\\\/2026\\\/04\\\/03\\\/cumana-inaugura-la-xviii-feria-de-las-pepitonas-en-la-semana-mayor\\\/#respond\"]}]},{\"@type\":\"WebPage\",\"@id\":\"https:\\\/\\\/digital58.com.ve\\\/site\\\/2026\\\/04\\\/03\\\/cumana-inaugura-la-xviii-feria-de-las-pepitonas-en-la-semana-mayor\\\/\",\"url\":\"https:\\\/\\\/digital58.com.ve\\\/site\\\/2026\\\/04\\\/03\\\/cumana-inaugura-la-xviii-feria-de-las-pepitonas-en-la-semana-mayor\\\/\",\"name\":\"Cuman\u00e1 inaugura la XVIII Feria de las Pepitonas en la Semana Mayor\",\"isPartOf\":{\"@id\":\"https:\\\/\\\/digital58.com.ve\\\/site\\\/#website\"},\"primaryImageOfPage\":{\"@id\":\"https:\\\/\\\/digital58.com.ve\\\/site\\\/2026\\\/04\\\/03\\\/cumana-inaugura-la-xviii-feria-de-las-pepitonas-en-la-semana-mayor\\\/#primaryimage\"},\"image\":{\"@id\":\"https:\\\/\\\/digital58.com.ve\\\/site\\\/2026\\\/04\\\/03\\\/cumana-inaugura-la-xviii-feria-de-las-pepitonas-en-la-semana-mayor\\\/#primaryimage\"},\"thumbnailUrl\":\"https:\\\/\\\/digital58.com.ve\\\/site\\\/wp-content\\\/uploads\\\/2026\\\/04\\\/feria-pepitona-cumana-2026-6.webp\",\"datePublished\":\"2026-04-04T03:50:36+00:00\",\"description\":\"Descubre los detalles y la inversi\u00f3n detr\u00e1s de la XVIII Feria de las Pepitonas en Cuman\u00e1. Gastronom\u00eda y cultura en la Semana Mayor de Sucre.\",\"breadcrumb\":{\"@id\":\"https:\\\/\\\/digital58.com.ve\\\/site\\\/2026\\\/04\\\/03\\\/cumana-inaugura-la-xviii-feria-de-las-pepitonas-en-la-semana-mayor\\\/#breadcrumb\"},\"inLanguage\":\"es\",\"potentialAction\":[{\"@type\":\"ReadAction\",\"target\":[\"https:\\\/\\\/digital58.com.ve\\\/site\\\/2026\\\/04\\\/03\\\/cumana-inaugura-la-xviii-feria-de-las-pepitonas-en-la-semana-mayor\\\/\"]}]},{\"@type\":\"ImageObject\",\"inLanguage\":\"es\",\"@id\":\"https:\\\/\\\/digital58.com.ve\\\/site\\\/2026\\\/04\\\/03\\\/cumana-inaugura-la-xviii-feria-de-las-pepitonas-en-la-semana-mayor\\\/#primaryimage\",\"url\":\"https:\\\/\\\/digital58.com.ve\\\/site\\\/wp-content\\\/uploads\\\/2026\\\/04\\\/feria-pepitona-cumana-2026-6.webp\",\"contentUrl\":\"https:\\\/\\\/digital58.com.ve\\\/site\\\/wp-content\\\/uploads\\\/2026\\\/04\\\/feria-pepitona-cumana-2026-6.webp\",\"width\":900,\"height\":600},{\"@type\":\"BreadcrumbList\",\"@id\":\"https:\\\/\\\/digital58.com.ve\\\/site\\\/2026\\\/04\\\/03\\\/cumana-inaugura-la-xviii-feria-de-las-pepitonas-en-la-semana-mayor\\\/#breadcrumb\",\"itemListElement\":[{\"@type\":\"ListItem\",\"position\":1,\"name\":\"Home\",\"item\":\"https:\\\/\\\/digital58.com.ve\\\/site\\\/\"},{\"@type\":\"ListItem\",\"position\":2,\"name\":\"Cuman\u00e1 inaugura la XVIII Feria de las Pepitonas en la Semana Mayor\"}]},{\"@type\":\"WebSite\",\"@id\":\"https:\\\/\\\/digital58.com.ve\\\/site\\\/#website\",\"url\":\"https:\\\/\\\/digital58.com.ve\\\/site\\\/\",\"name\":\"Noticias Digital58\",\"description\":\"Portal de Noticias \u00a1Periodismo web de verdad! Lanzamiento web 22.11.2005 \\\/ Maracaibo, Venezuela\",\"publisher\":{\"@id\":\"https:\\\/\\\/digital58.com.ve\\\/site\\\/#\\\/schema\\\/person\\\/64d1c2e4d0d4fd1b849980c4331c2951\"},\"alternateName\":\"ND58\",\"potentialAction\":[{\"@type\":\"SearchAction\",\"target\":{\"@type\":\"EntryPoint\",\"urlTemplate\":\"https:\\\/\\\/digital58.com.ve\\\/site\\\/?s={search_term_string}\"},\"query-input\":{\"@type\":\"PropertyValueSpecification\",\"valueRequired\":true,\"valueName\":\"search_term_string\"}}],\"inLanguage\":\"es\"},{\"@type\":[\"Person\",\"Organization\"],\"@id\":\"https:\\\/\\\/digital58.com.ve\\\/site\\\/#\\\/schema\\\/person\\\/64d1c2e4d0d4fd1b849980c4331c2951\",\"name\":\"Villasmil Henry\",\"image\":{\"@type\":\"ImageObject\",\"inLanguage\":\"es\",\"@id\":\"https:\\\/\\\/secure.gravatar.com\\\/avatar\\\/bb0c4a2fcb7970138239f7e404ea75757b1b507b28b5ce4c53fbd62d797c5a7c?s=96&d=mm&r=g\",\"url\":\"https:\\\/\\\/secure.gravatar.com\\\/avatar\\\/bb0c4a2fcb7970138239f7e404ea75757b1b507b28b5ce4c53fbd62d797c5a7c?s=96&d=mm&r=g\",\"contentUrl\":\"https:\\\/\\\/secure.gravatar.com\\\/avatar\\\/bb0c4a2fcb7970138239f7e404ea75757b1b507b28b5ce4c53fbd62d797c5a7c?s=96&d=mm&r=g\",\"caption\":\"Villasmil Henry\"},\"logo\":{\"@id\":\"https:\\\/\\\/secure.gravatar.com\\\/avatar\\\/bb0c4a2fcb7970138239f7e404ea75757b1b507b28b5ce4c53fbd62d797c5a7c?s=96&d=mm&r=g\"},\"sameAs\":[\"http:\\\/\\\/www.henryvillasmil.com.ve\",\"https:\\\/\\\/www.instagram.com\\\/villasmilhfoto\\\/\",\"https:\\\/\\\/x.com\\\/https:\\\/\\\/twitter.com\\\/villasmilhfoto\"],\"url\":\"https:\\\/\\\/digital58.com.ve\\\/site\\\/author\\\/droopy_68\\\/\"}]}<\/script>\n<!-- \/ Yoast SEO plugin. -->","yoast_head_json":{"title":"Cuman\u00e1 inaugura la XVIII Feria de las Pepitonas en la Semana Mayor","description":"Descubre los detalles y la inversi\u00f3n detr\u00e1s de la XVIII Feria de las Pepitonas en Cuman\u00e1. Gastronom\u00eda y cultura en la Semana Mayor de Sucre.","robots":{"index":"index","follow":"follow","max-snippet":"max-snippet:-1","max-image-preview":"max-image-preview:large","max-video-preview":"max-video-preview:-1"},"canonical":"https:\/\/digital58.com.ve\/site\/2026\/04\/03\/cumana-inaugura-la-xviii-feria-de-las-pepitonas-en-la-semana-mayor\/","og_locale":"es_ES","og_type":"article","og_title":"Cuman\u00e1 inaugura la XVIII Feria de las Pepitonas en la Semana Mayor","og_description":"Descubre los detalles y la inversi\u00f3n detr\u00e1s de la XVIII Feria de las Pepitonas en Cuman\u00e1. Gastronom\u00eda y cultura en la Semana Mayor de Sucre.","og_url":"https:\/\/digital58.com.ve\/site\/2026\/04\/03\/cumana-inaugura-la-xviii-feria-de-las-pepitonas-en-la-semana-mayor\/","og_site_name":"Noticias Digital58","article_published_time":"2026-04-04T03:50:36+00:00","og_image":[{"width":900,"height":600,"url":"https:\/\/digital58.com.ve\/site\/wp-content\/uploads\/2026\/04\/feria-pepitona-cumana-2026-6.webp","type":"image\/webp"}],"author":"Villasmil Henry","twitter_card":"summary_large_image","twitter_creator":"@https:\/\/twitter.com\/villasmilhfoto","twitter_site":"@villasmilhfoto","twitter_misc":{"Escrito por":"Villasmil Henry","Tiempo estimado de lectura":"4 minutos"},"schema":{"@context":"https:\/\/schema.org","@graph":[{"@type":"Article","@id":"https:\/\/digital58.com.ve\/site\/2026\/04\/03\/cumana-inaugura-la-xviii-feria-de-las-pepitonas-en-la-semana-mayor\/#article","isPartOf":{"@id":"https:\/\/digital58.com.ve\/site\/2026\/04\/03\/cumana-inaugura-la-xviii-feria-de-las-pepitonas-en-la-semana-mayor\/"},"author":{"name":"Villasmil Henry","@id":"https:\/\/digital58.com.ve\/site\/#\/schema\/person\/64d1c2e4d0d4fd1b849980c4331c2951"},"headline":"Cuman\u00e1 inaugura la XVIII Feria de las Pepitonas en la Semana Mayor","datePublished":"2026-04-04T03:50:36+00:00","mainEntityOfPage":{"@id":"https:\/\/digital58.com.ve\/site\/2026\/04\/03\/cumana-inaugura-la-xviii-feria-de-las-pepitonas-en-la-semana-mayor\/"},"wordCount":442,"commentCount":0,"publisher":{"@id":"https:\/\/digital58.com.ve\/site\/#\/schema\/person\/64d1c2e4d0d4fd1b849980c4331c2951"},"image":{"@id":"https:\/\/digital58.com.ve\/site\/2026\/04\/03\/cumana-inaugura-la-xviii-feria-de-las-pepitonas-en-la-semana-mayor\/#primaryimage"},"thumbnailUrl":"https:\/\/digital58.com.ve\/site\/wp-content\/uploads\/2026\/04\/feria-pepitona-cumana-2026-6.webp","keywords":["Aguaman\u00eda Semana Santa 2013","Cuman\u00e1","Estado Sucre","Feria de las Pepitonas 2026","Nacionales","Semana Mayor","Venezuela"],"articleSection":["Corresponsalia Sucre"],"inLanguage":"es","potentialAction":[{"@type":"CommentAction","name":"Comment","target":["https:\/\/digital58.com.ve\/site\/2026\/04\/03\/cumana-inaugura-la-xviii-feria-de-las-pepitonas-en-la-semana-mayor\/#respond"]}]},{"@type":"WebPage","@id":"https:\/\/digital58.com.ve\/site\/2026\/04\/03\/cumana-inaugura-la-xviii-feria-de-las-pepitonas-en-la-semana-mayor\/","url":"https:\/\/digital58.com.ve\/site\/2026\/04\/03\/cumana-inaugura-la-xviii-feria-de-las-pepitonas-en-la-semana-mayor\/","name":"Cuman\u00e1 inaugura la XVIII Feria de las Pepitonas en la Semana Mayor","isPartOf":{"@id":"https:\/\/digital58.com.ve\/site\/#website"},"primaryImageOfPage":{"@id":"https:\/\/digital58.com.ve\/site\/2026\/04\/03\/cumana-inaugura-la-xviii-feria-de-las-pepitonas-en-la-semana-mayor\/#primaryimage"},"image":{"@id":"https:\/\/digital58.com.ve\/site\/2026\/04\/03\/cumana-inaugura-la-xviii-feria-de-las-pepitonas-en-la-semana-mayor\/#primaryimage"},"thumbnailUrl":"https:\/\/digital58.com.ve\/site\/wp-content\/uploads\/2026\/04\/feria-pepitona-cumana-2026-6.webp","datePublished":"2026-04-04T03:50:36+00:00","description":"Descubre los detalles y la inversi\u00f3n detr\u00e1s de la XVIII Feria de las Pepitonas en Cuman\u00e1. Gastronom\u00eda y cultura en la Semana Mayor de Sucre.","breadcrumb":{"@id":"https:\/\/digital58.com.ve\/site\/2026\/04\/03\/cumana-inaugura-la-xviii-feria-de-las-pepitonas-en-la-semana-mayor\/#breadcrumb"},"inLanguage":"es","potentialAction":[{"@type":"ReadAction","target":["https:\/\/digital58.com.ve\/site\/2026\/04\/03\/cumana-inaugura-la-xviii-feria-de-las-pepitonas-en-la-semana-mayor\/"]}]},{"@type":"ImageObject","inLanguage":"es","@id":"https:\/\/digital58.com.ve\/site\/2026\/04\/03\/cumana-inaugura-la-xviii-feria-de-las-pepitonas-en-la-semana-mayor\/#primaryimage","url":"https:\/\/digital58.com.ve\/site\/wp-content\/uploads\/2026\/04\/feria-pepitona-cumana-2026-6.webp","contentUrl":"https:\/\/digital58.com.ve\/site\/wp-content\/uploads\/2026\/04\/feria-pepitona-cumana-2026-6.webp","width":900,"height":600},{"@type":"BreadcrumbList","@id":"https:\/\/digital58.com.ve\/site\/2026\/04\/03\/cumana-inaugura-la-xviii-feria-de-las-pepitonas-en-la-semana-mayor\/#breadcrumb","itemListElement":[{"@type":"ListItem","position":1,"name":"Home","item":"https:\/\/digital58.com.ve\/site\/"},{"@type":"ListItem","position":2,"name":"Cuman\u00e1 inaugura la XVIII Feria de las Pepitonas en la Semana Mayor"}]},{"@type":"WebSite","@id":"https:\/\/digital58.com.ve\/site\/#website","url":"https:\/\/digital58.com.ve\/site\/","name":"Noticias Digital58","description":"Portal de Noticias \u00a1Periodismo web de verdad! Lanzamiento web 22.11.2005 \/ Maracaibo, Venezuela","publisher":{"@id":"https:\/\/digital58.com.ve\/site\/#\/schema\/person\/64d1c2e4d0d4fd1b849980c4331c2951"},"alternateName":"ND58","potentialAction":[{"@type":"SearchAction","target":{"@type":"EntryPoint","urlTemplate":"https:\/\/digital58.com.ve\/site\/?s={search_term_string}"},"query-input":{"@type":"PropertyValueSpecification","valueRequired":true,"valueName":"search_term_string"}}],"inLanguage":"es"},{"@type":["Person","Organization"],"@id":"https:\/\/digital58.com.ve\/site\/#\/schema\/person\/64d1c2e4d0d4fd1b849980c4331c2951","name":"Villasmil Henry","image":{"@type":"ImageObject","inLanguage":"es","@id":"https:\/\/secure.gravatar.com\/avatar\/bb0c4a2fcb7970138239f7e404ea75757b1b507b28b5ce4c53fbd62d797c5a7c?s=96&d=mm&r=g","url":"https:\/\/secure.gravatar.com\/avatar\/bb0c4a2fcb7970138239f7e404ea75757b1b507b28b5ce4c53fbd62d797c5a7c?s=96&d=mm&r=g","contentUrl":"https:\/\/secure.gravatar.com\/avatar\/bb0c4a2fcb7970138239f7e404ea75757b1b507b28b5ce4c53fbd62d797c5a7c?s=96&d=mm&r=g","caption":"Villasmil Henry"},"logo":{"@id":"https:\/\/secure.gravatar.com\/avatar\/bb0c4a2fcb7970138239f7e404ea75757b1b507b28b5ce4c53fbd62d797c5a7c?s=96&d=mm&r=g"},"sameAs":["http:\/\/www.henryvillasmil.com.ve","https:\/\/www.instagram.com\/villasmilhfoto\/","https:\/\/x.com\/https:\/\/twitter.com\/villasmilhfoto"],"url":"https:\/\/digital58.com.ve\/site\/author\/droopy_68\/"}]}},"uagb_featured_image_src":{"full":["https:\/\/digital58.com.ve\/site\/wp-content\/uploads\/2026\/04\/feria-pepitona-cumana-2026-6.webp",900,600,false],"thumbnail":["https:\/\/digital58.com.ve\/site\/wp-content\/uploads\/2026\/04\/feria-pepitona-cumana-2026-6-150x150.webp",150,150,true],"medium":["https:\/\/digital58.com.ve\/site\/wp-content\/uploads\/2026\/04\/feria-pepitona-cumana-2026-6-300x200.webp",300,200,true],"medium_large":["https:\/\/digital58.com.ve\/site\/wp-content\/uploads\/2026\/04\/feria-pepitona-cumana-2026-6-768x512.webp",768,512,true],"large":["https:\/\/digital58.com.ve\/site\/wp-content\/uploads\/2026\/04\/feria-pepitona-cumana-2026-6.webp",800,533,false],"1536x1536":["https:\/\/digital58.com.ve\/site\/wp-content\/uploads\/2026\/04\/feria-pepitona-cumana-2026-6.webp",900,600,false],"2048x2048":["https:\/\/digital58.com.ve\/site\/wp-content\/uploads\/2026\/04\/feria-pepitona-cumana-2026-6.webp",900,600,false],"colormag-highlighted-post":["https:\/\/digital58.com.ve\/site\/wp-content\/uploads\/2026\/04\/feria-pepitona-cumana-2026-6-392x272.webp",392,272,true],"colormag-featured-post-medium":["https:\/\/digital58.com.ve\/site\/wp-content\/uploads\/2026\/04\/feria-pepitona-cumana-2026-6-390x205.webp",390,205,true],"colormag-featured-post-small":["https:\/\/digital58.com.ve\/site\/wp-content\/uploads\/2026\/04\/feria-pepitona-cumana-2026-6-130x90.webp",130,90,true],"colormag-featured-image":["https:\/\/digital58.com.ve\/site\/wp-content\/uploads\/2026\/04\/feria-pepitona-cumana-2026-6-800x445.webp",800,445,true],"colormag-default-news":["https:\/\/digital58.com.ve\/site\/wp-content\/uploads\/2026\/04\/feria-pepitona-cumana-2026-6-150x150.webp",150,150,true],"colormag-featured-image-large":["https:\/\/digital58.com.ve\/site\/wp-content\/uploads\/2026\/04\/feria-pepitona-cumana-2026-6.webp",900,600,false]},"uagb_author_info":{"display_name":"Villasmil Henry","author_link":"https:\/\/digital58.com.ve\/site\/author\/droopy_68\/"},"uagb_comment_info":0,"uagb_excerpt":"El evento gastron\u00f3mico en Caig\u00fcire re\u00fane a emprendedores locales y espera impulsar el turismo regional hasta el 4 de abril.","_links":{"self":[{"href":"https:\/\/digital58.com.ve\/site\/wp-json\/wp\/v2\/posts\/194329","targetHints":{"allow":["GET"]}}],"collection":[{"href":"https:\/\/digital58.com.ve\/site\/wp-json\/wp\/v2\/posts"}],"about":[{"href":"https:\/\/digital58.com.ve\/site\/wp-json\/wp\/v2\/types\/post"}],"author":[{"embeddable":true,"href":"https:\/\/digital58.com.ve\/site\/wp-json\/wp\/v2\/users\/1"}],"replies":[{"embeddable":true,"href":"https:\/\/digital58.com.ve\/site\/wp-json\/wp\/v2\/comments?post=194329"}],"version-history":[{"count":1,"href":"https:\/\/digital58.com.ve\/site\/wp-json\/wp\/v2\/posts\/194329\/revisions"}],"predecessor-version":[{"id":194336,"href":"https:\/\/digital58.com.ve\/site\/wp-json\/wp\/v2\/posts\/194329\/revisions\/194336"}],"wp:featuredmedia":[{"embeddable":true,"href":"https:\/\/digital58.com.ve\/site\/wp-json\/wp\/v2\/media\/194330"}],"wp:attachment":[{"href":"https:\/\/digital58.com.ve\/site\/wp-json\/wp\/v2\/media?parent=194329"}],"wp:term":[{"taxonomy":"category","embeddable":true,"href":"https:\/\/digital58.com.ve\/site\/wp-json\/wp\/v2\/categories?post=194329"},{"taxonomy":"post_tag","embeddable":true,"href":"https:\/\/digital58.com.ve\/site\/wp-json\/wp\/v2\/tags?post=194329"}],"curies":[{"name":"wp","href":"https:\/\/api.w.org\/{rel}","templated":true}]}}