{"id":194337,"date":"2026-04-04T08:39:13","date_gmt":"2026-04-04T12:39:13","guid":{"rendered":"https:\/\/digital58.com.ve\/site\/?p=194337"},"modified":"2026-04-04T08:45:26","modified_gmt":"2026-04-04T12:45:26","slug":"viacrucis-ciudadano-en-caracas-denuncia-crisis-de-derechos-humanos","status":"publish","type":"post","link":"https:\/\/digital58.com.ve\/site\/2026\/04\/04\/viacrucis-ciudadano-en-caracas-denuncia-crisis-de-derechos-humanos\/","title":{"rendered":"\u00abViacrucis ciudadano\u00bb en Caracas denuncia crisis de derechos humanos"},"content":{"rendered":"<p><a class=\"keychainify-checked\" href=\"https:\/\/digital58.com.ve\/site\/wp-content\/uploads\/2026\/04\/viacrusis-ciudadano-1.webp\"><img loading=\"lazy\" decoding=\"async\" class=\"aligncenter wp-image-194339 size-full\" src=\"https:\/\/digital58.com.ve\/site\/wp-content\/uploads\/2026\/04\/viacrusis-ciudadano-1.webp\" alt=\"Durante la conmemoraci\u00f3n del Jueves Santo, un grupo de estudiantes, l\u00edderes sociales y defensores de los derechos fundamentales realizaron una movilizaci\u00f3n simb\u00f3lica en el Bulevar de El Cementerio, en Caracas. Esta manifestaci\u00f3n, denominada \u00abviacrucis ciudadano\u00bb, tuvo como prop\u00f3sito denunciar el agravamiento de la crisis econ\u00f3mica y las constantes vulneraciones a la dignidad humana en el pa\u00eds.\" width=\"900\" height=\"600\" srcset=\"https:\/\/digital58.com.ve\/site\/wp-content\/uploads\/2026\/04\/viacrusis-ciudadano-1.webp 900w, https:\/\/digital58.com.ve\/site\/wp-content\/uploads\/2026\/04\/viacrusis-ciudadano-1-300x200.webp 300w, https:\/\/digital58.com.ve\/site\/wp-content\/uploads\/2026\/04\/viacrusis-ciudadano-1-768x512.webp 768w\" sizes=\"auto, (max-width: 900px) 100vw, 900px\" \/><\/a><\/p>\n<blockquote><p>Estudiantes y activistas vinculan el calvario b\u00edblico con la precariedad de los servicios p\u00fablicos y la falta de libertades en Venezuela.<\/p><\/blockquote>\n<p><strong>Caracas, DC, Venezuela, 04 de abril de 2026 (ND58).-<\/strong> Durante la conmemoraci\u00f3n del Jueves Santo, un grupo de estudiantes, l\u00edderes sociales y defensores de los derechos fundamentales realizaron una movilizaci\u00f3n simb\u00f3lica en el Bulevar de El Cementerio, en Caracas.<\/p>\n<p>Esta manifestaci\u00f3n, denominada \u00abviacrucis ciudadano\u00bb, tuvo como prop\u00f3sito denunciar el agravamiento de la crisis econ\u00f3mica y las constantes vulneraciones a la dignidad humana en el pa\u00eds.<\/p>\n<p>El recorrido const\u00f3 de diversas estaciones donde se equipar\u00f3 el sufrimiento de Jesucristo con las carencias cotidianas que padece la poblaci\u00f3n venezolana.<\/p>\n<p>Entre los flagelos se\u00f1alados destacaron el colapso del sistema hospitalario, los prolongados cortes el\u00e9ctricos, el desabastecimiento de agua potable y la persecuci\u00f3n pol\u00edtica.<\/p>\n<h2>El calvario de los servicios y la censura<\/h2>\n<p>Los organizadores enfatizaron que esta actividad no solo represent\u00f3 un acto de fe religiosa, sino una plataforma de protesta civil para exigir respuestas inmediatas a los administradores del Estado.<\/p>\n<p>En este sentido, los manifestantes subrayaron que la carencia de derechos b\u00e1sicos se ha convertido en una cruz impuesta a la ciudadan\u00eda.<\/p>\n<p>Por su parte, el soci\u00f3logo y activista Nicmer Evans, integrante de la Red de Excarcelados por la Democracia, vincul\u00f3 el sacrificio b\u00edblico con el asedio a la libertad de prensa.<\/p>\n<p>Seg\u00fan Evans, el cierre sistem\u00e1tico de medios de comunicaci\u00f3n busca ocultar la realidad de los sectores m\u00e1s vulnerables de la sociedad.<\/p>\n<p><a class=\"keychainify-checked\" href=\"https:\/\/digital58.com.ve\/site\/wp-content\/uploads\/2026\/04\/viacrusis-ciudadano-2.webp\"><img loading=\"lazy\" decoding=\"async\" class=\"aligncenter size-full wp-image-194338\" src=\"https:\/\/digital58.com.ve\/site\/wp-content\/uploads\/2026\/04\/viacrusis-ciudadano-2.webp\" alt=\"\" width=\"900\" height=\"600\" srcset=\"https:\/\/digital58.com.ve\/site\/wp-content\/uploads\/2026\/04\/viacrusis-ciudadano-2.webp 900w, https:\/\/digital58.com.ve\/site\/wp-content\/uploads\/2026\/04\/viacrusis-ciudadano-2-300x200.webp 300w, https:\/\/digital58.com.ve\/site\/wp-content\/uploads\/2026\/04\/viacrusis-ciudadano-2-768x512.webp 768w\" sizes=\"auto, (max-width: 900px) 100vw, 900px\" \/><\/a><\/p>\n<h2>La juventud bajo el peso de la crisis<\/h2>\n<p>Inyer Bellor\u00edn, dirigente juvenil de la organizaci\u00f3n Salvemos Venezuela, manifest\u00f3 que el camino hacia la recuperaci\u00f3n democr\u00e1tica es una senda ardua que afecta especialmente a las nuevas generaciones.<\/p>\n<p>El l\u00edder estudiantil denunci\u00f3 que la falta de educaci\u00f3n de calidad y la ausencia de libertades limitan dr\u00e1sticamente el porvenir de los j\u00f3venes.<\/p>\n<p>\u00abEsa cruz pesada que lleva Jesucristo la llevamos d\u00eda a d\u00eda los j\u00f3venes venezolanos\u00bb, afirm\u00f3 Bellor\u00edn durante la jornada.<\/p>\n<p>El dirigente concluy\u00f3 que la juventud no tolera un d\u00eda m\u00e1s de vulnerabilidad y que la movilizaci\u00f3n es un llamado directo a quienes ostentan el poder para que cesen las violaciones a los derechos humanos.<\/p>\n<p><strong>Sala de redacci\u00f3n ND58 | Fuente:<a class=\"keychainify-checked\" href=\"https:\/\/monitoreamos.com\/venezuela\/estudiantes-y-lideres-sociales-realizan-viacrucis-en-caracas-para-denunciar-violaciones-de-ddhh\" target=\"_blank\" rel=\"noopener\"> Monitoreamos.com<\/a><\/strong><br \/>\n<strong>Edici\u00f3n: Villasmil, Henry<\/strong><br \/>\n<strong>Gr\u00e1ficas: Cortes\u00eda<\/strong><\/p>\n<p>&nbsp;<\/p>\n<p>&nbsp;<\/p>\n<p>&nbsp;<\/p><div class=\"wztjn69f2557e6755f\" ><p style=\"text-align: center;\"><a href=\"https:\/\/t.me\/noticiasdigital58\" target=\"_blank\" rel=\"noopener\"><img class=\"aligncenter size-full wp-image-125363\" src=\"https:\/\/digital58.com.ve\/site\/wp-content\/uploads\/2021\/04\/banner-telegram-web-2021.png\" alt=\"\" width=\"600\" height=\"90\" \/><\/a><\/p><\/div><style type=\"text\/css\">\r\n@media screen and (min-width: 1201px) {\r\n.wztjn69f2557e6755f {\r\ndisplay: block;\r\n}\r\n}\r\n@media screen and (min-width: 993px) and (max-width: 1200px) {\r\n.wztjn69f2557e6755f {\r\ndisplay: block;\r\n}\r\n}\r\n@media screen and (min-width: 769px) and (max-width: 992px) {\r\n.wztjn69f2557e6755f {\r\ndisplay: block;\r\n}\r\n}\r\n@media screen and (min-width: 768px) and (max-width: 768px) {\r\n.wztjn69f2557e6755f {\r\ndisplay: block;\r\n}\r\n}\r\n@media screen and (max-width: 767px) {\r\n.wztjn69f2557e6755f {\r\ndisplay: block;\r\n}\r\n}\r\n<\/style>\r\n\n<p>&nbsp;<\/p>\n<div style=\"margin-top: 0px; margin-bottom: 0px;\" class=\"sharethis-inline-share-buttons\" ><\/div>","protected":false},"excerpt":{"rendered":"<p>Estudiantes y activistas vinculan el calvario b\u00edblico con la precariedad de los servicios p\u00fablicos y la falta de libertades en<\/p>\n","protected":false},"author":1,"featured_media":194338,"comment_status":"open","ping_status":"closed","sticky":false,"template":"","format":"standard","meta":{"colormag_page_container_layout":"default_layout","colormag_page_sidebar_layout":"default_layout","_uag_custom_page_level_css":"","footnotes":""},"categories":[16454],"tags":[29,547,13979,233,12021,35864],"class_list":["post-194337","post","type-post","status-publish","format-standard","has-post-thumbnail","hentry","category-venezuela","tag-caracas","tag-derechos-humanos","tag-jueves-santo","tag-nacionales","tag-protestas-pacificas","tag-viacrusis-ciudadano"],"yoast_head":"<!-- This site is optimized with the Yoast SEO plugin v27.5 - https:\/\/yoast.com\/product\/yoast-seo-wordpress\/ -->\n<title>\u00abViacrucis ciudadano\u00bb en Caracas denuncia crisis de derechos humanos<\/title>\n<meta name=\"description\" content=\"Organizaciones civiles denuncian en Caracas la crisis de servicios y libertades fundamentales mediante un viacrucis simb\u00f3lico durante el Jueves Santo.\" \/>\n<meta name=\"robots\" content=\"index, follow, max-snippet:-1, max-image-preview:large, max-video-preview:-1\" \/>\n<link rel=\"canonical\" href=\"https:\/\/digital58.com.ve\/site\/2026\/04\/04\/viacrucis-ciudadano-en-caracas-denuncia-crisis-de-derechos-humanos\/\" \/>\n<meta property=\"og:locale\" content=\"es_ES\" \/>\n<meta property=\"og:type\" content=\"article\" \/>\n<meta property=\"og:title\" content=\"\u00abViacrucis ciudadano\u00bb en Caracas denuncia crisis de derechos humanos\" \/>\n<meta property=\"og:description\" content=\"Organizaciones civiles denuncian en Caracas la crisis de servicios y libertades fundamentales mediante un viacrucis simb\u00f3lico durante el Jueves Santo.\" \/>\n<meta property=\"og:url\" content=\"https:\/\/digital58.com.ve\/site\/2026\/04\/04\/viacrucis-ciudadano-en-caracas-denuncia-crisis-de-derechos-humanos\/\" \/>\n<meta property=\"og:site_name\" content=\"Noticias Digital58\" \/>\n<meta property=\"article:published_time\" content=\"2026-04-04T12:39:13+00:00\" \/>\n<meta property=\"article:modified_time\" content=\"2026-04-04T12:45:26+00:00\" \/>\n<meta property=\"og:image\" content=\"https:\/\/digital58.com.ve\/site\/wp-content\/uploads\/2026\/04\/viacrusis-ciudadano-2.webp\" \/>\n\t<meta property=\"og:image:width\" content=\"900\" \/>\n\t<meta property=\"og:image:height\" content=\"600\" \/>\n\t<meta property=\"og:image:type\" content=\"image\/webp\" \/>\n<meta name=\"author\" content=\"Villasmil Henry\" \/>\n<meta name=\"twitter:card\" content=\"summary_large_image\" \/>\n<meta name=\"twitter:creator\" content=\"@https:\/\/twitter.com\/villasmilhfoto\" \/>\n<meta name=\"twitter:site\" content=\"@villasmilhfoto\" \/>\n<meta name=\"twitter:label1\" content=\"Escrito por\" \/>\n\t<meta name=\"twitter:data1\" content=\"Villasmil Henry\" \/>\n\t<meta name=\"twitter:label2\" content=\"Tiempo estimado de lectura\" \/>\n\t<meta name=\"twitter:data2\" content=\"3 minutos\" \/>\n<script type=\"application\/ld+json\" class=\"yoast-schema-graph\">{\"@context\":\"https:\\\/\\\/schema.org\",\"@graph\":[{\"@type\":\"Article\",\"@id\":\"https:\\\/\\\/digital58.com.ve\\\/site\\\/2026\\\/04\\\/04\\\/viacrucis-ciudadano-en-caracas-denuncia-crisis-de-derechos-humanos\\\/#article\",\"isPartOf\":{\"@id\":\"https:\\\/\\\/digital58.com.ve\\\/site\\\/2026\\\/04\\\/04\\\/viacrucis-ciudadano-en-caracas-denuncia-crisis-de-derechos-humanos\\\/\"},\"author\":{\"name\":\"Villasmil Henry\",\"@id\":\"https:\\\/\\\/digital58.com.ve\\\/site\\\/#\\\/schema\\\/person\\\/64d1c2e4d0d4fd1b849980c4331c2951\"},\"headline\":\"\u00abViacrucis ciudadano\u00bb en Caracas denuncia crisis de derechos humanos\",\"datePublished\":\"2026-04-04T12:39:13+00:00\",\"dateModified\":\"2026-04-04T12:45:26+00:00\",\"mainEntityOfPage\":{\"@id\":\"https:\\\/\\\/digital58.com.ve\\\/site\\\/2026\\\/04\\\/04\\\/viacrucis-ciudadano-en-caracas-denuncia-crisis-de-derechos-humanos\\\/\"},\"wordCount\":420,\"commentCount\":0,\"publisher\":{\"@id\":\"https:\\\/\\\/digital58.com.ve\\\/site\\\/#\\\/schema\\\/person\\\/64d1c2e4d0d4fd1b849980c4331c2951\"},\"image\":{\"@id\":\"https:\\\/\\\/digital58.com.ve\\\/site\\\/2026\\\/04\\\/04\\\/viacrucis-ciudadano-en-caracas-denuncia-crisis-de-derechos-humanos\\\/#primaryimage\"},\"thumbnailUrl\":\"https:\\\/\\\/digital58.com.ve\\\/site\\\/wp-content\\\/uploads\\\/2026\\\/04\\\/viacrusis-ciudadano-2.webp\",\"keywords\":[\"Caracas\",\"Derechos Humanos\",\"Jueves Santo\",\"Nacionales\",\"Protestas Pacificas\",\"Viacrusis ciudadano\"],\"articleSection\":[\"Venezuela\"],\"inLanguage\":\"es\",\"potentialAction\":[{\"@type\":\"CommentAction\",\"name\":\"Comment\",\"target\":[\"https:\\\/\\\/digital58.com.ve\\\/site\\\/2026\\\/04\\\/04\\\/viacrucis-ciudadano-en-caracas-denuncia-crisis-de-derechos-humanos\\\/#respond\"]}]},{\"@type\":\"WebPage\",\"@id\":\"https:\\\/\\\/digital58.com.ve\\\/site\\\/2026\\\/04\\\/04\\\/viacrucis-ciudadano-en-caracas-denuncia-crisis-de-derechos-humanos\\\/\",\"url\":\"https:\\\/\\\/digital58.com.ve\\\/site\\\/2026\\\/04\\\/04\\\/viacrucis-ciudadano-en-caracas-denuncia-crisis-de-derechos-humanos\\\/\",\"name\":\"\u00abViacrucis ciudadano\u00bb en Caracas denuncia crisis de derechos humanos\",\"isPartOf\":{\"@id\":\"https:\\\/\\\/digital58.com.ve\\\/site\\\/#website\"},\"primaryImageOfPage\":{\"@id\":\"https:\\\/\\\/digital58.com.ve\\\/site\\\/2026\\\/04\\\/04\\\/viacrucis-ciudadano-en-caracas-denuncia-crisis-de-derechos-humanos\\\/#primaryimage\"},\"image\":{\"@id\":\"https:\\\/\\\/digital58.com.ve\\\/site\\\/2026\\\/04\\\/04\\\/viacrucis-ciudadano-en-caracas-denuncia-crisis-de-derechos-humanos\\\/#primaryimage\"},\"thumbnailUrl\":\"https:\\\/\\\/digital58.com.ve\\\/site\\\/wp-content\\\/uploads\\\/2026\\\/04\\\/viacrusis-ciudadano-2.webp\",\"datePublished\":\"2026-04-04T12:39:13+00:00\",\"dateModified\":\"2026-04-04T12:45:26+00:00\",\"description\":\"Organizaciones civiles denuncian en Caracas la crisis de servicios y libertades fundamentales mediante un viacrucis simb\u00f3lico durante el Jueves Santo.\",\"breadcrumb\":{\"@id\":\"https:\\\/\\\/digital58.com.ve\\\/site\\\/2026\\\/04\\\/04\\\/viacrucis-ciudadano-en-caracas-denuncia-crisis-de-derechos-humanos\\\/#breadcrumb\"},\"inLanguage\":\"es\",\"potentialAction\":[{\"@type\":\"ReadAction\",\"target\":[\"https:\\\/\\\/digital58.com.ve\\\/site\\\/2026\\\/04\\\/04\\\/viacrucis-ciudadano-en-caracas-denuncia-crisis-de-derechos-humanos\\\/\"]}]},{\"@type\":\"ImageObject\",\"inLanguage\":\"es\",\"@id\":\"https:\\\/\\\/digital58.com.ve\\\/site\\\/2026\\\/04\\\/04\\\/viacrucis-ciudadano-en-caracas-denuncia-crisis-de-derechos-humanos\\\/#primaryimage\",\"url\":\"https:\\\/\\\/digital58.com.ve\\\/site\\\/wp-content\\\/uploads\\\/2026\\\/04\\\/viacrusis-ciudadano-2.webp\",\"contentUrl\":\"https:\\\/\\\/digital58.com.ve\\\/site\\\/wp-content\\\/uploads\\\/2026\\\/04\\\/viacrusis-ciudadano-2.webp\",\"width\":900,\"height\":600},{\"@type\":\"BreadcrumbList\",\"@id\":\"https:\\\/\\\/digital58.com.ve\\\/site\\\/2026\\\/04\\\/04\\\/viacrucis-ciudadano-en-caracas-denuncia-crisis-de-derechos-humanos\\\/#breadcrumb\",\"itemListElement\":[{\"@type\":\"ListItem\",\"position\":1,\"name\":\"Home\",\"item\":\"https:\\\/\\\/digital58.com.ve\\\/site\\\/\"},{\"@type\":\"ListItem\",\"position\":2,\"name\":\"\u00abViacrucis ciudadano\u00bb en Caracas denuncia crisis de derechos humanos\"}]},{\"@type\":\"WebSite\",\"@id\":\"https:\\\/\\\/digital58.com.ve\\\/site\\\/#website\",\"url\":\"https:\\\/\\\/digital58.com.ve\\\/site\\\/\",\"name\":\"Noticias Digital58\",\"description\":\"Portal de Noticias \u00a1Periodismo web de verdad! Lanzamiento web 22.11.2005 \\\/ Maracaibo, Venezuela\",\"publisher\":{\"@id\":\"https:\\\/\\\/digital58.com.ve\\\/site\\\/#\\\/schema\\\/person\\\/64d1c2e4d0d4fd1b849980c4331c2951\"},\"alternateName\":\"ND58\",\"potentialAction\":[{\"@type\":\"SearchAction\",\"target\":{\"@type\":\"EntryPoint\",\"urlTemplate\":\"https:\\\/\\\/digital58.com.ve\\\/site\\\/?s={search_term_string}\"},\"query-input\":{\"@type\":\"PropertyValueSpecification\",\"valueRequired\":true,\"valueName\":\"search_term_string\"}}],\"inLanguage\":\"es\"},{\"@type\":[\"Person\",\"Organization\"],\"@id\":\"https:\\\/\\\/digital58.com.ve\\\/site\\\/#\\\/schema\\\/person\\\/64d1c2e4d0d4fd1b849980c4331c2951\",\"name\":\"Villasmil Henry\",\"image\":{\"@type\":\"ImageObject\",\"inLanguage\":\"es\",\"@id\":\"https:\\\/\\\/secure.gravatar.com\\\/avatar\\\/bb0c4a2fcb7970138239f7e404ea75757b1b507b28b5ce4c53fbd62d797c5a7c?s=96&d=mm&r=g\",\"url\":\"https:\\\/\\\/secure.gravatar.com\\\/avatar\\\/bb0c4a2fcb7970138239f7e404ea75757b1b507b28b5ce4c53fbd62d797c5a7c?s=96&d=mm&r=g\",\"contentUrl\":\"https:\\\/\\\/secure.gravatar.com\\\/avatar\\\/bb0c4a2fcb7970138239f7e404ea75757b1b507b28b5ce4c53fbd62d797c5a7c?s=96&d=mm&r=g\",\"caption\":\"Villasmil Henry\"},\"logo\":{\"@id\":\"https:\\\/\\\/secure.gravatar.com\\\/avatar\\\/bb0c4a2fcb7970138239f7e404ea75757b1b507b28b5ce4c53fbd62d797c5a7c?s=96&d=mm&r=g\"},\"sameAs\":[\"http:\\\/\\\/www.henryvillasmil.com.ve\",\"https:\\\/\\\/www.instagram.com\\\/villasmilhfoto\\\/\",\"https:\\\/\\\/x.com\\\/https:\\\/\\\/twitter.com\\\/villasmilhfoto\"],\"url\":\"https:\\\/\\\/digital58.com.ve\\\/site\\\/author\\\/droopy_68\\\/\"}]}<\/script>\n<!-- \/ Yoast SEO plugin. -->","yoast_head_json":{"title":"\u00abViacrucis ciudadano\u00bb en Caracas denuncia crisis de derechos humanos","description":"Organizaciones civiles denuncian en Caracas la crisis de servicios y libertades fundamentales mediante un viacrucis simb\u00f3lico durante el Jueves Santo.","robots":{"index":"index","follow":"follow","max-snippet":"max-snippet:-1","max-image-preview":"max-image-preview:large","max-video-preview":"max-video-preview:-1"},"canonical":"https:\/\/digital58.com.ve\/site\/2026\/04\/04\/viacrucis-ciudadano-en-caracas-denuncia-crisis-de-derechos-humanos\/","og_locale":"es_ES","og_type":"article","og_title":"\u00abViacrucis ciudadano\u00bb en Caracas denuncia crisis de derechos humanos","og_description":"Organizaciones civiles denuncian en Caracas la crisis de servicios y libertades fundamentales mediante un viacrucis simb\u00f3lico durante el Jueves Santo.","og_url":"https:\/\/digital58.com.ve\/site\/2026\/04\/04\/viacrucis-ciudadano-en-caracas-denuncia-crisis-de-derechos-humanos\/","og_site_name":"Noticias Digital58","article_published_time":"2026-04-04T12:39:13+00:00","article_modified_time":"2026-04-04T12:45:26+00:00","og_image":[{"width":900,"height":600,"url":"https:\/\/digital58.com.ve\/site\/wp-content\/uploads\/2026\/04\/viacrusis-ciudadano-2.webp","type":"image\/webp"}],"author":"Villasmil Henry","twitter_card":"summary_large_image","twitter_creator":"@https:\/\/twitter.com\/villasmilhfoto","twitter_site":"@villasmilhfoto","twitter_misc":{"Escrito por":"Villasmil Henry","Tiempo estimado de lectura":"3 minutos"},"schema":{"@context":"https:\/\/schema.org","@graph":[{"@type":"Article","@id":"https:\/\/digital58.com.ve\/site\/2026\/04\/04\/viacrucis-ciudadano-en-caracas-denuncia-crisis-de-derechos-humanos\/#article","isPartOf":{"@id":"https:\/\/digital58.com.ve\/site\/2026\/04\/04\/viacrucis-ciudadano-en-caracas-denuncia-crisis-de-derechos-humanos\/"},"author":{"name":"Villasmil Henry","@id":"https:\/\/digital58.com.ve\/site\/#\/schema\/person\/64d1c2e4d0d4fd1b849980c4331c2951"},"headline":"\u00abViacrucis ciudadano\u00bb en Caracas denuncia crisis de derechos humanos","datePublished":"2026-04-04T12:39:13+00:00","dateModified":"2026-04-04T12:45:26+00:00","mainEntityOfPage":{"@id":"https:\/\/digital58.com.ve\/site\/2026\/04\/04\/viacrucis-ciudadano-en-caracas-denuncia-crisis-de-derechos-humanos\/"},"wordCount":420,"commentCount":0,"publisher":{"@id":"https:\/\/digital58.com.ve\/site\/#\/schema\/person\/64d1c2e4d0d4fd1b849980c4331c2951"},"image":{"@id":"https:\/\/digital58.com.ve\/site\/2026\/04\/04\/viacrucis-ciudadano-en-caracas-denuncia-crisis-de-derechos-humanos\/#primaryimage"},"thumbnailUrl":"https:\/\/digital58.com.ve\/site\/wp-content\/uploads\/2026\/04\/viacrusis-ciudadano-2.webp","keywords":["Caracas","Derechos Humanos","Jueves Santo","Nacionales","Protestas Pacificas","Viacrusis ciudadano"],"articleSection":["Venezuela"],"inLanguage":"es","potentialAction":[{"@type":"CommentAction","name":"Comment","target":["https:\/\/digital58.com.ve\/site\/2026\/04\/04\/viacrucis-ciudadano-en-caracas-denuncia-crisis-de-derechos-humanos\/#respond"]}]},{"@type":"WebPage","@id":"https:\/\/digital58.com.ve\/site\/2026\/04\/04\/viacrucis-ciudadano-en-caracas-denuncia-crisis-de-derechos-humanos\/","url":"https:\/\/digital58.com.ve\/site\/2026\/04\/04\/viacrucis-ciudadano-en-caracas-denuncia-crisis-de-derechos-humanos\/","name":"\u00abViacrucis ciudadano\u00bb en Caracas denuncia crisis de derechos humanos","isPartOf":{"@id":"https:\/\/digital58.com.ve\/site\/#website"},"primaryImageOfPage":{"@id":"https:\/\/digital58.com.ve\/site\/2026\/04\/04\/viacrucis-ciudadano-en-caracas-denuncia-crisis-de-derechos-humanos\/#primaryimage"},"image":{"@id":"https:\/\/digital58.com.ve\/site\/2026\/04\/04\/viacrucis-ciudadano-en-caracas-denuncia-crisis-de-derechos-humanos\/#primaryimage"},"thumbnailUrl":"https:\/\/digital58.com.ve\/site\/wp-content\/uploads\/2026\/04\/viacrusis-ciudadano-2.webp","datePublished":"2026-04-04T12:39:13+00:00","dateModified":"2026-04-04T12:45:26+00:00","description":"Organizaciones civiles denuncian en Caracas la crisis de servicios y libertades fundamentales mediante un viacrucis simb\u00f3lico durante el Jueves Santo.","breadcrumb":{"@id":"https:\/\/digital58.com.ve\/site\/2026\/04\/04\/viacrucis-ciudadano-en-caracas-denuncia-crisis-de-derechos-humanos\/#breadcrumb"},"inLanguage":"es","potentialAction":[{"@type":"ReadAction","target":["https:\/\/digital58.com.ve\/site\/2026\/04\/04\/viacrucis-ciudadano-en-caracas-denuncia-crisis-de-derechos-humanos\/"]}]},{"@type":"ImageObject","inLanguage":"es","@id":"https:\/\/digital58.com.ve\/site\/2026\/04\/04\/viacrucis-ciudadano-en-caracas-denuncia-crisis-de-derechos-humanos\/#primaryimage","url":"https:\/\/digital58.com.ve\/site\/wp-content\/uploads\/2026\/04\/viacrusis-ciudadano-2.webp","contentUrl":"https:\/\/digital58.com.ve\/site\/wp-content\/uploads\/2026\/04\/viacrusis-ciudadano-2.webp","width":900,"height":600},{"@type":"BreadcrumbList","@id":"https:\/\/digital58.com.ve\/site\/2026\/04\/04\/viacrucis-ciudadano-en-caracas-denuncia-crisis-de-derechos-humanos\/#breadcrumb","itemListElement":[{"@type":"ListItem","position":1,"name":"Home","item":"https:\/\/digital58.com.ve\/site\/"},{"@type":"ListItem","position":2,"name":"\u00abViacrucis ciudadano\u00bb en Caracas denuncia crisis de derechos humanos"}]},{"@type":"WebSite","@id":"https:\/\/digital58.com.ve\/site\/#website","url":"https:\/\/digital58.com.ve\/site\/","name":"Noticias Digital58","description":"Portal de Noticias \u00a1Periodismo web de verdad! Lanzamiento web 22.11.2005 \/ Maracaibo, Venezuela","publisher":{"@id":"https:\/\/digital58.com.ve\/site\/#\/schema\/person\/64d1c2e4d0d4fd1b849980c4331c2951"},"alternateName":"ND58","potentialAction":[{"@type":"SearchAction","target":{"@type":"EntryPoint","urlTemplate":"https:\/\/digital58.com.ve\/site\/?s={search_term_string}"},"query-input":{"@type":"PropertyValueSpecification","valueRequired":true,"valueName":"search_term_string"}}],"inLanguage":"es"},{"@type":["Person","Organization"],"@id":"https:\/\/digital58.com.ve\/site\/#\/schema\/person\/64d1c2e4d0d4fd1b849980c4331c2951","name":"Villasmil Henry","image":{"@type":"ImageObject","inLanguage":"es","@id":"https:\/\/secure.gravatar.com\/avatar\/bb0c4a2fcb7970138239f7e404ea75757b1b507b28b5ce4c53fbd62d797c5a7c?s=96&d=mm&r=g","url":"https:\/\/secure.gravatar.com\/avatar\/bb0c4a2fcb7970138239f7e404ea75757b1b507b28b5ce4c53fbd62d797c5a7c?s=96&d=mm&r=g","contentUrl":"https:\/\/secure.gravatar.com\/avatar\/bb0c4a2fcb7970138239f7e404ea75757b1b507b28b5ce4c53fbd62d797c5a7c?s=96&d=mm&r=g","caption":"Villasmil Henry"},"logo":{"@id":"https:\/\/secure.gravatar.com\/avatar\/bb0c4a2fcb7970138239f7e404ea75757b1b507b28b5ce4c53fbd62d797c5a7c?s=96&d=mm&r=g"},"sameAs":["http:\/\/www.henryvillasmil.com.ve","https:\/\/www.instagram.com\/villasmilhfoto\/","https:\/\/x.com\/https:\/\/twitter.com\/villasmilhfoto"],"url":"https:\/\/digital58.com.ve\/site\/author\/droopy_68\/"}]}},"uagb_featured_image_src":{"full":["https:\/\/digital58.com.ve\/site\/wp-content\/uploads\/2026\/04\/viacrusis-ciudadano-2.webp",900,600,false],"thumbnail":["https:\/\/digital58.com.ve\/site\/wp-content\/uploads\/2026\/04\/viacrusis-ciudadano-2-150x150.webp",150,150,true],"medium":["https:\/\/digital58.com.ve\/site\/wp-content\/uploads\/2026\/04\/viacrusis-ciudadano-2-300x200.webp",300,200,true],"medium_large":["https:\/\/digital58.com.ve\/site\/wp-content\/uploads\/2026\/04\/viacrusis-ciudadano-2-768x512.webp",768,512,true],"large":["https:\/\/digital58.com.ve\/site\/wp-content\/uploads\/2026\/04\/viacrusis-ciudadano-2.webp",800,533,false],"1536x1536":["https:\/\/digital58.com.ve\/site\/wp-content\/uploads\/2026\/04\/viacrusis-ciudadano-2.webp",900,600,false],"2048x2048":["https:\/\/digital58.com.ve\/site\/wp-content\/uploads\/2026\/04\/viacrusis-ciudadano-2.webp",900,600,false],"colormag-highlighted-post":["https:\/\/digital58.com.ve\/site\/wp-content\/uploads\/2026\/04\/viacrusis-ciudadano-2-392x272.webp",392,272,true],"colormag-featured-post-medium":["https:\/\/digital58.com.ve\/site\/wp-content\/uploads\/2026\/04\/viacrusis-ciudadano-2-390x205.webp",390,205,true],"colormag-featured-post-small":["https:\/\/digital58.com.ve\/site\/wp-content\/uploads\/2026\/04\/viacrusis-ciudadano-2-130x90.webp",130,90,true],"colormag-featured-image":["https:\/\/digital58.com.ve\/site\/wp-content\/uploads\/2026\/04\/viacrusis-ciudadano-2-800x445.webp",800,445,true],"colormag-default-news":["https:\/\/digital58.com.ve\/site\/wp-content\/uploads\/2026\/04\/viacrusis-ciudadano-2-150x150.webp",150,150,true],"colormag-featured-image-large":["https:\/\/digital58.com.ve\/site\/wp-content\/uploads\/2026\/04\/viacrusis-ciudadano-2.webp",900,600,false]},"uagb_author_info":{"display_name":"Villasmil Henry","author_link":"https:\/\/digital58.com.ve\/site\/author\/droopy_68\/"},"uagb_comment_info":0,"uagb_excerpt":"Estudiantes y activistas vinculan el calvario b\u00edblico con la precariedad de los servicios p\u00fablicos y la falta de libertades en","_links":{"self":[{"href":"https:\/\/digital58.com.ve\/site\/wp-json\/wp\/v2\/posts\/194337","targetHints":{"allow":["GET"]}}],"collection":[{"href":"https:\/\/digital58.com.ve\/site\/wp-json\/wp\/v2\/posts"}],"about":[{"href":"https:\/\/digital58.com.ve\/site\/wp-json\/wp\/v2\/types\/post"}],"author":[{"embeddable":true,"href":"https:\/\/digital58.com.ve\/site\/wp-json\/wp\/v2\/users\/1"}],"replies":[{"embeddable":true,"href":"https:\/\/digital58.com.ve\/site\/wp-json\/wp\/v2\/comments?post=194337"}],"version-history":[{"count":2,"href":"https:\/\/digital58.com.ve\/site\/wp-json\/wp\/v2\/posts\/194337\/revisions"}],"predecessor-version":[{"id":194341,"href":"https:\/\/digital58.com.ve\/site\/wp-json\/wp\/v2\/posts\/194337\/revisions\/194341"}],"wp:featuredmedia":[{"embeddable":true,"href":"https:\/\/digital58.com.ve\/site\/wp-json\/wp\/v2\/media\/194338"}],"wp:attachment":[{"href":"https:\/\/digital58.com.ve\/site\/wp-json\/wp\/v2\/media?parent=194337"}],"wp:term":[{"taxonomy":"category","embeddable":true,"href":"https:\/\/digital58.com.ve\/site\/wp-json\/wp\/v2\/categories?post=194337"},{"taxonomy":"post_tag","embeddable":true,"href":"https:\/\/digital58.com.ve\/site\/wp-json\/wp\/v2\/tags?post=194337"}],"curies":[{"name":"wp","href":"https:\/\/api.w.org\/{rel}","templated":true}]}}