{"id":194350,"date":"2026-04-04T12:22:00","date_gmt":"2026-04-04T16:22:00","guid":{"rendered":"https:\/\/digital58.com.ve\/site\/?p=194350"},"modified":"2026-04-04T13:59:04","modified_gmt":"2026-04-04T17:59:04","slug":"leon-xiv-preside-su-primer-viacrucis-centrado-en-la-paz-y-la-justicia","status":"publish","type":"post","link":"https:\/\/digital58.com.ve\/site\/2026\/04\/04\/leon-xiv-preside-su-primer-viacrucis-centrado-en-la-paz-y-la-justicia\/","title":{"rendered":"Le\u00f3n XIV preside su primer Viacrucis centrado en la paz y la justicia"},"content":{"rendered":"<p><a class=\"keychainify-checked\" href=\"https:\/\/digital58.com.ve\/site\/wp-content\/uploads\/2026\/04\/papa-semana-santa-26-1.webp\"><img loading=\"lazy\" decoding=\"async\" class=\"aligncenter wp-image-194352 size-full\" src=\"https:\/\/digital58.com.ve\/site\/wp-content\/uploads\/2026\/04\/papa-semana-santa-26-1.webp\" alt=\"El papa Le\u00f3n XIV encabez\u00f3 este Viernes Santo su primer Viacrucis en el Coliseo de Roma, donde las reflexiones del fraile Francesco Patton instaron a la comunidad internacional a erradicar la violencia y el autoritarismo.\n\nEl acto, cargado de simbolismo, conect\u00f3 el sufrimiento de Jesucristo con las crisis humanitarias actuales en un mensaje de justicia social y esperanza.\" width=\"900\" height=\"600\" srcset=\"https:\/\/digital58.com.ve\/site\/wp-content\/uploads\/2026\/04\/papa-semana-santa-26-1.webp 900w, https:\/\/digital58.com.ve\/site\/wp-content\/uploads\/2026\/04\/papa-semana-santa-26-1-300x200.webp 300w, https:\/\/digital58.com.ve\/site\/wp-content\/uploads\/2026\/04\/papa-semana-santa-26-1-768x512.webp 768w\" sizes=\"auto, (max-width: 900px) 100vw, 900px\" \/><\/a><\/p>\n<blockquote><p>Las meditaciones escritas por un fraile de Tierra Santa denuncian los abusos del poder y la tragedia de la guerra.<\/p><\/blockquote>\n<p><strong>Vaticano, 04 de abril de 2026 (ND58).-<\/strong> El papa Le\u00f3n XIV encabez\u00f3 este Viernes Santo su primer Viacrucis en el Coliseo de Roma, donde las reflexiones del fraile Francesco Patton instaron a la comunidad internacional a erradicar la violencia y el autoritarismo.<\/p>\n<p>El acto, cargado de simbolismo, conect\u00f3 el sufrimiento de Jesucristo con las crisis humanitarias actuales en un mensaje de justicia social y esperanza.<\/p>\n<p>El Pont\u00edfice carg\u00f3 personalmente con la cruz ante miles de fieles congregados en el anfiteatro Flavio, s\u00edmbolo hist\u00f3rico de la persecuci\u00f3n cristiana.<\/p>\n<p>El texto de este a\u00f1o, redactado por el antiguo custodio de Tierra Santa, evit\u00f3 menciones geogr\u00e1ficas espec\u00edficas para centrarse en una cr\u00edtica universal contra la tiran\u00eda y la indiferencia.<\/p>\n<h2>Cr\u00edtica a la arbitrariedad del poder pol\u00edtico<\/h2>\n<p>Las meditaciones se\u00f1alaron la persistencia de figuras como Poncio Pilato en la gobernanza contempor\u00e1nea, denunciando a quienes ejercen una autoridad sin l\u00edmites.<\/p>\n<p>El autor advirti\u00f3 que existen mandatarios que \u00abcreen haber recibido una autoridad ilimitada y piensan que pueden usarla y abusar de ella a su antojo\u00bb.<\/p>\n<p>Bajo esta premisa, el texto record\u00f3 que toda posici\u00f3n de mando conlleva una responsabilidad \u00e9tica ineludible ante la divinidad.<\/p>\n<p>\u00abToda autoridad deber\u00e1 responder ante Dios por el propio modo de ejercitar el poder recibido: el poder de juzgar, pero tambi\u00e9n de comenzar una guerra o de terminarla\u00bb, asever\u00f3 Patton.<\/p>\n<p><a class=\"keychainify-checked\" href=\"https:\/\/digital58.com.ve\/site\/wp-content\/uploads\/2026\/04\/papa-semana-santa-26-2.webp\"><img loading=\"lazy\" decoding=\"async\" class=\"aligncenter size-full wp-image-194351\" src=\"https:\/\/digital58.com.ve\/site\/wp-content\/uploads\/2026\/04\/papa-semana-santa-26-2.webp\" alt=\"\" width=\"900\" height=\"600\" srcset=\"https:\/\/digital58.com.ve\/site\/wp-content\/uploads\/2026\/04\/papa-semana-santa-26-2.webp 900w, https:\/\/digital58.com.ve\/site\/wp-content\/uploads\/2026\/04\/papa-semana-santa-26-2-300x200.webp 300w, https:\/\/digital58.com.ve\/site\/wp-content\/uploads\/2026\/04\/papa-semana-santa-26-2-768x512.webp 768w\" sizes=\"auto, (max-width: 900px) 100vw, 900px\" \/><\/a><\/p>\n<h2>El drama humanitario y la vulnerabilidad social<\/h2>\n<p>El rito prest\u00f3 especial atenci\u00f3n a los sectores m\u00e1s desprotegidos de la sociedad global, mencionando expl\u00edcitamente a los migrantes y desplazados.<\/p>\n<p>Se elevaron oraciones por quienes han \u00abnaufragado en desesperados viajes de esperanza\u00bb o han sido \u00absuprimidos en campos de exterminio\u00bb y zonas de conflicto b\u00e9lico.<\/p>\n<p>Asimismo, el texto denunci\u00f3 las pr\u00e1cticas de los reg\u00edmenes autoritarios que vulneran la dignidad humana en los centros de reclusi\u00f3n.<\/p>\n<p>Se compar\u00f3 el martirio de Cristo con el sufrimiento de los prisioneros obligados a la desnudez o el de las mujeres v\u00edctimas de la trata de personas.<\/p>\n<h2>El dolor de las madres y el valor del servicio<\/h2>\n<p>El encuentro de Jes\u00fas con Mar\u00eda sirvi\u00f3 para visibilizar el padecimiento de las mujeres que ven a sus hijos sucumbir ante la criminalidad.<\/p>\n<p>\u00abTant\u00edsimas madres hoy ven a sus hijos arrestados, torturados, condenados, asesinados\u00bb o deben velar sus restos en instituciones hospitalarias, lament\u00f3 el autor franciscano.<\/p>\n<p>En contraste con este dolor, se exalt\u00f3 la labor de los voluntarios y ciudadanos que asisten a los necesitados en contextos extremos.<\/p>\n<p>El texto equipar\u00f3 a estos benefactores con el cireneo, pues arriesgan su integridad para ofrecer \u00abalimento, instrucci\u00f3n, cuidados m\u00e9dicos o justicia\u00bb a los desvalidos.<\/p>\n<h2>\u00c9tica informativa y el legado franciscano<\/h2>\n<p>La ceremonia tambi\u00e9n incluy\u00f3 un llamado de atenci\u00f3n hacia la industria del entretenimiento y el sector de la informaci\u00f3n.<\/p>\n<p>Se critic\u00f3 el sensacionalismo que \u00abostenta la desnudez para obtener alg\u00fan espectador m\u00e1s\u00bb o que expone la intimidad de los individuos ante el escrutinio p\u00fablico de forma desmedida.<\/p>\n<p>Finalmente, el acto conmemor\u00f3 el octavo centenario del fallecimiento de san Francisco de As\u00eds, figura que inspir\u00f3 la esencia de estas reflexiones.<\/p>\n<p>El esp\u00edritu del \u00absanto de los pobres\u00bb, quien peregrin\u00f3 a Tierra Santa en tiempos de las cruzadas, impregn\u00f3 este primer viacrucis del pontificado de Le\u00f3n XIV.<\/p>\n<p><strong>Sala de redacci\u00f3n ND58 | Fuente: EFE<\/strong><br \/>\n<strong>Edici\u00f3n: Villasmil, Henry<\/strong><br \/>\n<strong>Gr\u00e1ficas: EFE<\/strong><\/p>\n<p>&nbsp;<\/p>\n<p>&nbsp;<\/p>\n<p>&nbsp;<\/p><div class=\"fhesx69f577ac798ea\" ><p style=\"text-align: center;\"><a href=\"https:\/\/t.me\/noticiasdigital58\" target=\"_blank\" rel=\"noopener\"><img class=\"aligncenter size-full wp-image-125363\" src=\"https:\/\/digital58.com.ve\/site\/wp-content\/uploads\/2021\/04\/banner-telegram-web-2021.png\" alt=\"\" width=\"600\" height=\"90\" \/><\/a><\/p><\/div><style type=\"text\/css\">\r\n@media screen and (min-width: 1201px) {\r\n.fhesx69f577ac798ea {\r\ndisplay: block;\r\n}\r\n}\r\n@media screen and (min-width: 993px) and (max-width: 1200px) {\r\n.fhesx69f577ac798ea {\r\ndisplay: block;\r\n}\r\n}\r\n@media screen and (min-width: 769px) and (max-width: 992px) {\r\n.fhesx69f577ac798ea {\r\ndisplay: block;\r\n}\r\n}\r\n@media screen and (min-width: 768px) and (max-width: 768px) {\r\n.fhesx69f577ac798ea {\r\ndisplay: block;\r\n}\r\n}\r\n@media screen and (max-width: 767px) {\r\n.fhesx69f577ac798ea {\r\ndisplay: block;\r\n}\r\n}\r\n<\/style>\r\n\n<p>&nbsp;<\/p>\n<div style=\"margin-top: 0px; margin-bottom: 0px;\" class=\"sharethis-inline-share-buttons\" ><\/div>","protected":false},"excerpt":{"rendered":"<p>Las meditaciones escritas por un fraile de Tierra Santa denuncian los abusos del poder y la tragedia de la guerra.<\/p>\n","protected":false},"author":1,"featured_media":194351,"comment_status":"open","ping_status":"closed","sticky":false,"template":"","format":"standard","meta":{"colormag_page_container_layout":"default_layout","colormag_page_sidebar_layout":"default_layout","_uag_custom_page_level_css":"","footnotes":""},"categories":[16451],"tags":[1692,8,34942,1045,35867,400,35868],"class_list":["post-194350","post","type-post","status-publish","format-standard","has-post-thumbnail","hentry","category-mundo","tag-iglesia-catolica","tag-internacionales","tag-papa-leon-xiv","tag-semana-santa","tag-semana-santa-2026","tag-vaticano","tag-viacrusis"],"yoast_head":"<!-- This site is optimized with the Yoast SEO plugin v27.5 - https:\/\/yoast.com\/product\/yoast-seo-wordpress\/ -->\n<title>Le\u00f3n XIV preside su primer Viacrucis centrado en la paz y la justicia<\/title>\n<meta name=\"description\" content=\"Le\u00f3n XIV preside un emotivo Viacrucis en el Coliseo. Conozca las duras cr\u00edticas del papa contra la guerra, el abuso de poder y la indiferencia social.\" \/>\n<meta name=\"robots\" content=\"index, follow, max-snippet:-1, max-image-preview:large, max-video-preview:-1\" \/>\n<link rel=\"canonical\" href=\"https:\/\/digital58.com.ve\/site\/2026\/04\/04\/leon-xiv-preside-su-primer-viacrucis-centrado-en-la-paz-y-la-justicia\/\" \/>\n<meta property=\"og:locale\" content=\"es_ES\" \/>\n<meta property=\"og:type\" content=\"article\" \/>\n<meta property=\"og:title\" content=\"Le\u00f3n XIV preside su primer Viacrucis centrado en la paz y la justicia\" \/>\n<meta property=\"og:description\" content=\"Le\u00f3n XIV preside un emotivo Viacrucis en el Coliseo. Conozca las duras cr\u00edticas del papa contra la guerra, el abuso de poder y la indiferencia social.\" \/>\n<meta property=\"og:url\" content=\"https:\/\/digital58.com.ve\/site\/2026\/04\/04\/leon-xiv-preside-su-primer-viacrucis-centrado-en-la-paz-y-la-justicia\/\" \/>\n<meta property=\"og:site_name\" content=\"Noticias Digital58\" \/>\n<meta property=\"article:published_time\" content=\"2026-04-04T16:22:00+00:00\" \/>\n<meta property=\"article:modified_time\" content=\"2026-04-04T17:59:04+00:00\" \/>\n<meta property=\"og:image\" content=\"https:\/\/digital58.com.ve\/site\/wp-content\/uploads\/2026\/04\/papa-semana-santa-26-2.webp\" \/>\n\t<meta property=\"og:image:width\" content=\"900\" \/>\n\t<meta property=\"og:image:height\" content=\"600\" \/>\n\t<meta property=\"og:image:type\" content=\"image\/webp\" \/>\n<meta name=\"author\" content=\"Villasmil Henry\" \/>\n<meta name=\"twitter:card\" content=\"summary_large_image\" \/>\n<meta name=\"twitter:creator\" content=\"@https:\/\/twitter.com\/villasmilhfoto\" \/>\n<meta name=\"twitter:site\" content=\"@villasmilhfoto\" \/>\n<meta name=\"twitter:label1\" content=\"Escrito por\" \/>\n\t<meta name=\"twitter:data1\" content=\"Villasmil Henry\" \/>\n\t<meta name=\"twitter:label2\" content=\"Tiempo estimado de lectura\" \/>\n\t<meta name=\"twitter:data2\" content=\"4 minutos\" \/>\n<script type=\"application\/ld+json\" class=\"yoast-schema-graph\">{\"@context\":\"https:\\\/\\\/schema.org\",\"@graph\":[{\"@type\":\"Article\",\"@id\":\"https:\\\/\\\/digital58.com.ve\\\/site\\\/2026\\\/04\\\/04\\\/leon-xiv-preside-su-primer-viacrucis-centrado-en-la-paz-y-la-justicia\\\/#article\",\"isPartOf\":{\"@id\":\"https:\\\/\\\/digital58.com.ve\\\/site\\\/2026\\\/04\\\/04\\\/leon-xiv-preside-su-primer-viacrucis-centrado-en-la-paz-y-la-justicia\\\/\"},\"author\":{\"name\":\"Villasmil Henry\",\"@id\":\"https:\\\/\\\/digital58.com.ve\\\/site\\\/#\\\/schema\\\/person\\\/64d1c2e4d0d4fd1b849980c4331c2951\"},\"headline\":\"Le\u00f3n XIV preside su primer Viacrucis centrado en la paz y la justicia\",\"datePublished\":\"2026-04-04T16:22:00+00:00\",\"dateModified\":\"2026-04-04T17:59:04+00:00\",\"mainEntityOfPage\":{\"@id\":\"https:\\\/\\\/digital58.com.ve\\\/site\\\/2026\\\/04\\\/04\\\/leon-xiv-preside-su-primer-viacrucis-centrado-en-la-paz-y-la-justicia\\\/\"},\"wordCount\":612,\"commentCount\":0,\"publisher\":{\"@id\":\"https:\\\/\\\/digital58.com.ve\\\/site\\\/#\\\/schema\\\/person\\\/64d1c2e4d0d4fd1b849980c4331c2951\"},\"image\":{\"@id\":\"https:\\\/\\\/digital58.com.ve\\\/site\\\/2026\\\/04\\\/04\\\/leon-xiv-preside-su-primer-viacrucis-centrado-en-la-paz-y-la-justicia\\\/#primaryimage\"},\"thumbnailUrl\":\"https:\\\/\\\/digital58.com.ve\\\/site\\\/wp-content\\\/uploads\\\/2026\\\/04\\\/papa-semana-santa-26-2.webp\",\"keywords\":[\"Iglesia Cat\u00f3lica\",\"Internacionales\",\"Papa Leon XIV\",\"Semana Santa\",\"Semana Santa 2026\",\"Vaticano\",\"Viacrusis\"],\"articleSection\":[\"Mundo\"],\"inLanguage\":\"es\",\"potentialAction\":[{\"@type\":\"CommentAction\",\"name\":\"Comment\",\"target\":[\"https:\\\/\\\/digital58.com.ve\\\/site\\\/2026\\\/04\\\/04\\\/leon-xiv-preside-su-primer-viacrucis-centrado-en-la-paz-y-la-justicia\\\/#respond\"]}]},{\"@type\":\"WebPage\",\"@id\":\"https:\\\/\\\/digital58.com.ve\\\/site\\\/2026\\\/04\\\/04\\\/leon-xiv-preside-su-primer-viacrucis-centrado-en-la-paz-y-la-justicia\\\/\",\"url\":\"https:\\\/\\\/digital58.com.ve\\\/site\\\/2026\\\/04\\\/04\\\/leon-xiv-preside-su-primer-viacrucis-centrado-en-la-paz-y-la-justicia\\\/\",\"name\":\"Le\u00f3n XIV preside su primer Viacrucis centrado en la paz y la justicia\",\"isPartOf\":{\"@id\":\"https:\\\/\\\/digital58.com.ve\\\/site\\\/#website\"},\"primaryImageOfPage\":{\"@id\":\"https:\\\/\\\/digital58.com.ve\\\/site\\\/2026\\\/04\\\/04\\\/leon-xiv-preside-su-primer-viacrucis-centrado-en-la-paz-y-la-justicia\\\/#primaryimage\"},\"image\":{\"@id\":\"https:\\\/\\\/digital58.com.ve\\\/site\\\/2026\\\/04\\\/04\\\/leon-xiv-preside-su-primer-viacrucis-centrado-en-la-paz-y-la-justicia\\\/#primaryimage\"},\"thumbnailUrl\":\"https:\\\/\\\/digital58.com.ve\\\/site\\\/wp-content\\\/uploads\\\/2026\\\/04\\\/papa-semana-santa-26-2.webp\",\"datePublished\":\"2026-04-04T16:22:00+00:00\",\"dateModified\":\"2026-04-04T17:59:04+00:00\",\"description\":\"Le\u00f3n XIV preside un emotivo Viacrucis en el Coliseo. Conozca las duras cr\u00edticas del papa contra la guerra, el abuso de poder y la indiferencia social.\",\"breadcrumb\":{\"@id\":\"https:\\\/\\\/digital58.com.ve\\\/site\\\/2026\\\/04\\\/04\\\/leon-xiv-preside-su-primer-viacrucis-centrado-en-la-paz-y-la-justicia\\\/#breadcrumb\"},\"inLanguage\":\"es\",\"potentialAction\":[{\"@type\":\"ReadAction\",\"target\":[\"https:\\\/\\\/digital58.com.ve\\\/site\\\/2026\\\/04\\\/04\\\/leon-xiv-preside-su-primer-viacrucis-centrado-en-la-paz-y-la-justicia\\\/\"]}]},{\"@type\":\"ImageObject\",\"inLanguage\":\"es\",\"@id\":\"https:\\\/\\\/digital58.com.ve\\\/site\\\/2026\\\/04\\\/04\\\/leon-xiv-preside-su-primer-viacrucis-centrado-en-la-paz-y-la-justicia\\\/#primaryimage\",\"url\":\"https:\\\/\\\/digital58.com.ve\\\/site\\\/wp-content\\\/uploads\\\/2026\\\/04\\\/papa-semana-santa-26-2.webp\",\"contentUrl\":\"https:\\\/\\\/digital58.com.ve\\\/site\\\/wp-content\\\/uploads\\\/2026\\\/04\\\/papa-semana-santa-26-2.webp\",\"width\":900,\"height\":600},{\"@type\":\"BreadcrumbList\",\"@id\":\"https:\\\/\\\/digital58.com.ve\\\/site\\\/2026\\\/04\\\/04\\\/leon-xiv-preside-su-primer-viacrucis-centrado-en-la-paz-y-la-justicia\\\/#breadcrumb\",\"itemListElement\":[{\"@type\":\"ListItem\",\"position\":1,\"name\":\"Home\",\"item\":\"https:\\\/\\\/digital58.com.ve\\\/site\\\/\"},{\"@type\":\"ListItem\",\"position\":2,\"name\":\"Le\u00f3n XIV preside su primer Viacrucis centrado en la paz y la justicia\"}]},{\"@type\":\"WebSite\",\"@id\":\"https:\\\/\\\/digital58.com.ve\\\/site\\\/#website\",\"url\":\"https:\\\/\\\/digital58.com.ve\\\/site\\\/\",\"name\":\"Noticias Digital58\",\"description\":\"Portal de Noticias \u00a1Periodismo web de verdad! Lanzamiento web 22.11.2005 \\\/ Maracaibo, Venezuela\",\"publisher\":{\"@id\":\"https:\\\/\\\/digital58.com.ve\\\/site\\\/#\\\/schema\\\/person\\\/64d1c2e4d0d4fd1b849980c4331c2951\"},\"alternateName\":\"ND58\",\"potentialAction\":[{\"@type\":\"SearchAction\",\"target\":{\"@type\":\"EntryPoint\",\"urlTemplate\":\"https:\\\/\\\/digital58.com.ve\\\/site\\\/?s={search_term_string}\"},\"query-input\":{\"@type\":\"PropertyValueSpecification\",\"valueRequired\":true,\"valueName\":\"search_term_string\"}}],\"inLanguage\":\"es\"},{\"@type\":[\"Person\",\"Organization\"],\"@id\":\"https:\\\/\\\/digital58.com.ve\\\/site\\\/#\\\/schema\\\/person\\\/64d1c2e4d0d4fd1b849980c4331c2951\",\"name\":\"Villasmil Henry\",\"image\":{\"@type\":\"ImageObject\",\"inLanguage\":\"es\",\"@id\":\"https:\\\/\\\/secure.gravatar.com\\\/avatar\\\/bb0c4a2fcb7970138239f7e404ea75757b1b507b28b5ce4c53fbd62d797c5a7c?s=96&d=mm&r=g\",\"url\":\"https:\\\/\\\/secure.gravatar.com\\\/avatar\\\/bb0c4a2fcb7970138239f7e404ea75757b1b507b28b5ce4c53fbd62d797c5a7c?s=96&d=mm&r=g\",\"contentUrl\":\"https:\\\/\\\/secure.gravatar.com\\\/avatar\\\/bb0c4a2fcb7970138239f7e404ea75757b1b507b28b5ce4c53fbd62d797c5a7c?s=96&d=mm&r=g\",\"caption\":\"Villasmil Henry\"},\"logo\":{\"@id\":\"https:\\\/\\\/secure.gravatar.com\\\/avatar\\\/bb0c4a2fcb7970138239f7e404ea75757b1b507b28b5ce4c53fbd62d797c5a7c?s=96&d=mm&r=g\"},\"sameAs\":[\"http:\\\/\\\/www.henryvillasmil.com.ve\",\"https:\\\/\\\/www.instagram.com\\\/villasmilhfoto\\\/\",\"https:\\\/\\\/x.com\\\/https:\\\/\\\/twitter.com\\\/villasmilhfoto\"],\"url\":\"https:\\\/\\\/digital58.com.ve\\\/site\\\/author\\\/droopy_68\\\/\"}]}<\/script>\n<!-- \/ Yoast SEO plugin. -->","yoast_head_json":{"title":"Le\u00f3n XIV preside su primer Viacrucis centrado en la paz y la justicia","description":"Le\u00f3n XIV preside un emotivo Viacrucis en el Coliseo. Conozca las duras cr\u00edticas del papa contra la guerra, el abuso de poder y la indiferencia social.","robots":{"index":"index","follow":"follow","max-snippet":"max-snippet:-1","max-image-preview":"max-image-preview:large","max-video-preview":"max-video-preview:-1"},"canonical":"https:\/\/digital58.com.ve\/site\/2026\/04\/04\/leon-xiv-preside-su-primer-viacrucis-centrado-en-la-paz-y-la-justicia\/","og_locale":"es_ES","og_type":"article","og_title":"Le\u00f3n XIV preside su primer Viacrucis centrado en la paz y la justicia","og_description":"Le\u00f3n XIV preside un emotivo Viacrucis en el Coliseo. Conozca las duras cr\u00edticas del papa contra la guerra, el abuso de poder y la indiferencia social.","og_url":"https:\/\/digital58.com.ve\/site\/2026\/04\/04\/leon-xiv-preside-su-primer-viacrucis-centrado-en-la-paz-y-la-justicia\/","og_site_name":"Noticias Digital58","article_published_time":"2026-04-04T16:22:00+00:00","article_modified_time":"2026-04-04T17:59:04+00:00","og_image":[{"width":900,"height":600,"url":"https:\/\/digital58.com.ve\/site\/wp-content\/uploads\/2026\/04\/papa-semana-santa-26-2.webp","type":"image\/webp"}],"author":"Villasmil Henry","twitter_card":"summary_large_image","twitter_creator":"@https:\/\/twitter.com\/villasmilhfoto","twitter_site":"@villasmilhfoto","twitter_misc":{"Escrito por":"Villasmil Henry","Tiempo estimado de lectura":"4 minutos"},"schema":{"@context":"https:\/\/schema.org","@graph":[{"@type":"Article","@id":"https:\/\/digital58.com.ve\/site\/2026\/04\/04\/leon-xiv-preside-su-primer-viacrucis-centrado-en-la-paz-y-la-justicia\/#article","isPartOf":{"@id":"https:\/\/digital58.com.ve\/site\/2026\/04\/04\/leon-xiv-preside-su-primer-viacrucis-centrado-en-la-paz-y-la-justicia\/"},"author":{"name":"Villasmil Henry","@id":"https:\/\/digital58.com.ve\/site\/#\/schema\/person\/64d1c2e4d0d4fd1b849980c4331c2951"},"headline":"Le\u00f3n XIV preside su primer Viacrucis centrado en la paz y la justicia","datePublished":"2026-04-04T16:22:00+00:00","dateModified":"2026-04-04T17:59:04+00:00","mainEntityOfPage":{"@id":"https:\/\/digital58.com.ve\/site\/2026\/04\/04\/leon-xiv-preside-su-primer-viacrucis-centrado-en-la-paz-y-la-justicia\/"},"wordCount":612,"commentCount":0,"publisher":{"@id":"https:\/\/digital58.com.ve\/site\/#\/schema\/person\/64d1c2e4d0d4fd1b849980c4331c2951"},"image":{"@id":"https:\/\/digital58.com.ve\/site\/2026\/04\/04\/leon-xiv-preside-su-primer-viacrucis-centrado-en-la-paz-y-la-justicia\/#primaryimage"},"thumbnailUrl":"https:\/\/digital58.com.ve\/site\/wp-content\/uploads\/2026\/04\/papa-semana-santa-26-2.webp","keywords":["Iglesia Cat\u00f3lica","Internacionales","Papa Leon XIV","Semana Santa","Semana Santa 2026","Vaticano","Viacrusis"],"articleSection":["Mundo"],"inLanguage":"es","potentialAction":[{"@type":"CommentAction","name":"Comment","target":["https:\/\/digital58.com.ve\/site\/2026\/04\/04\/leon-xiv-preside-su-primer-viacrucis-centrado-en-la-paz-y-la-justicia\/#respond"]}]},{"@type":"WebPage","@id":"https:\/\/digital58.com.ve\/site\/2026\/04\/04\/leon-xiv-preside-su-primer-viacrucis-centrado-en-la-paz-y-la-justicia\/","url":"https:\/\/digital58.com.ve\/site\/2026\/04\/04\/leon-xiv-preside-su-primer-viacrucis-centrado-en-la-paz-y-la-justicia\/","name":"Le\u00f3n XIV preside su primer Viacrucis centrado en la paz y la justicia","isPartOf":{"@id":"https:\/\/digital58.com.ve\/site\/#website"},"primaryImageOfPage":{"@id":"https:\/\/digital58.com.ve\/site\/2026\/04\/04\/leon-xiv-preside-su-primer-viacrucis-centrado-en-la-paz-y-la-justicia\/#primaryimage"},"image":{"@id":"https:\/\/digital58.com.ve\/site\/2026\/04\/04\/leon-xiv-preside-su-primer-viacrucis-centrado-en-la-paz-y-la-justicia\/#primaryimage"},"thumbnailUrl":"https:\/\/digital58.com.ve\/site\/wp-content\/uploads\/2026\/04\/papa-semana-santa-26-2.webp","datePublished":"2026-04-04T16:22:00+00:00","dateModified":"2026-04-04T17:59:04+00:00","description":"Le\u00f3n XIV preside un emotivo Viacrucis en el Coliseo. Conozca las duras cr\u00edticas del papa contra la guerra, el abuso de poder y la indiferencia social.","breadcrumb":{"@id":"https:\/\/digital58.com.ve\/site\/2026\/04\/04\/leon-xiv-preside-su-primer-viacrucis-centrado-en-la-paz-y-la-justicia\/#breadcrumb"},"inLanguage":"es","potentialAction":[{"@type":"ReadAction","target":["https:\/\/digital58.com.ve\/site\/2026\/04\/04\/leon-xiv-preside-su-primer-viacrucis-centrado-en-la-paz-y-la-justicia\/"]}]},{"@type":"ImageObject","inLanguage":"es","@id":"https:\/\/digital58.com.ve\/site\/2026\/04\/04\/leon-xiv-preside-su-primer-viacrucis-centrado-en-la-paz-y-la-justicia\/#primaryimage","url":"https:\/\/digital58.com.ve\/site\/wp-content\/uploads\/2026\/04\/papa-semana-santa-26-2.webp","contentUrl":"https:\/\/digital58.com.ve\/site\/wp-content\/uploads\/2026\/04\/papa-semana-santa-26-2.webp","width":900,"height":600},{"@type":"BreadcrumbList","@id":"https:\/\/digital58.com.ve\/site\/2026\/04\/04\/leon-xiv-preside-su-primer-viacrucis-centrado-en-la-paz-y-la-justicia\/#breadcrumb","itemListElement":[{"@type":"ListItem","position":1,"name":"Home","item":"https:\/\/digital58.com.ve\/site\/"},{"@type":"ListItem","position":2,"name":"Le\u00f3n XIV preside su primer Viacrucis centrado en la paz y la justicia"}]},{"@type":"WebSite","@id":"https:\/\/digital58.com.ve\/site\/#website","url":"https:\/\/digital58.com.ve\/site\/","name":"Noticias Digital58","description":"Portal de Noticias \u00a1Periodismo web de verdad! Lanzamiento web 22.11.2005 \/ Maracaibo, Venezuela","publisher":{"@id":"https:\/\/digital58.com.ve\/site\/#\/schema\/person\/64d1c2e4d0d4fd1b849980c4331c2951"},"alternateName":"ND58","potentialAction":[{"@type":"SearchAction","target":{"@type":"EntryPoint","urlTemplate":"https:\/\/digital58.com.ve\/site\/?s={search_term_string}"},"query-input":{"@type":"PropertyValueSpecification","valueRequired":true,"valueName":"search_term_string"}}],"inLanguage":"es"},{"@type":["Person","Organization"],"@id":"https:\/\/digital58.com.ve\/site\/#\/schema\/person\/64d1c2e4d0d4fd1b849980c4331c2951","name":"Villasmil Henry","image":{"@type":"ImageObject","inLanguage":"es","@id":"https:\/\/secure.gravatar.com\/avatar\/bb0c4a2fcb7970138239f7e404ea75757b1b507b28b5ce4c53fbd62d797c5a7c?s=96&d=mm&r=g","url":"https:\/\/secure.gravatar.com\/avatar\/bb0c4a2fcb7970138239f7e404ea75757b1b507b28b5ce4c53fbd62d797c5a7c?s=96&d=mm&r=g","contentUrl":"https:\/\/secure.gravatar.com\/avatar\/bb0c4a2fcb7970138239f7e404ea75757b1b507b28b5ce4c53fbd62d797c5a7c?s=96&d=mm&r=g","caption":"Villasmil Henry"},"logo":{"@id":"https:\/\/secure.gravatar.com\/avatar\/bb0c4a2fcb7970138239f7e404ea75757b1b507b28b5ce4c53fbd62d797c5a7c?s=96&d=mm&r=g"},"sameAs":["http:\/\/www.henryvillasmil.com.ve","https:\/\/www.instagram.com\/villasmilhfoto\/","https:\/\/x.com\/https:\/\/twitter.com\/villasmilhfoto"],"url":"https:\/\/digital58.com.ve\/site\/author\/droopy_68\/"}]}},"uagb_featured_image_src":{"full":["https:\/\/digital58.com.ve\/site\/wp-content\/uploads\/2026\/04\/papa-semana-santa-26-2.webp",900,600,false],"thumbnail":["https:\/\/digital58.com.ve\/site\/wp-content\/uploads\/2026\/04\/papa-semana-santa-26-2-150x150.webp",150,150,true],"medium":["https:\/\/digital58.com.ve\/site\/wp-content\/uploads\/2026\/04\/papa-semana-santa-26-2-300x200.webp",300,200,true],"medium_large":["https:\/\/digital58.com.ve\/site\/wp-content\/uploads\/2026\/04\/papa-semana-santa-26-2-768x512.webp",768,512,true],"large":["https:\/\/digital58.com.ve\/site\/wp-content\/uploads\/2026\/04\/papa-semana-santa-26-2.webp",800,533,false],"1536x1536":["https:\/\/digital58.com.ve\/site\/wp-content\/uploads\/2026\/04\/papa-semana-santa-26-2.webp",900,600,false],"2048x2048":["https:\/\/digital58.com.ve\/site\/wp-content\/uploads\/2026\/04\/papa-semana-santa-26-2.webp",900,600,false],"colormag-highlighted-post":["https:\/\/digital58.com.ve\/site\/wp-content\/uploads\/2026\/04\/papa-semana-santa-26-2-392x272.webp",392,272,true],"colormag-featured-post-medium":["https:\/\/digital58.com.ve\/site\/wp-content\/uploads\/2026\/04\/papa-semana-santa-26-2-390x205.webp",390,205,true],"colormag-featured-post-small":["https:\/\/digital58.com.ve\/site\/wp-content\/uploads\/2026\/04\/papa-semana-santa-26-2-130x90.webp",130,90,true],"colormag-featured-image":["https:\/\/digital58.com.ve\/site\/wp-content\/uploads\/2026\/04\/papa-semana-santa-26-2-800x445.webp",800,445,true],"colormag-default-news":["https:\/\/digital58.com.ve\/site\/wp-content\/uploads\/2026\/04\/papa-semana-santa-26-2-150x150.webp",150,150,true],"colormag-featured-image-large":["https:\/\/digital58.com.ve\/site\/wp-content\/uploads\/2026\/04\/papa-semana-santa-26-2.webp",900,600,false]},"uagb_author_info":{"display_name":"Villasmil Henry","author_link":"https:\/\/digital58.com.ve\/site\/author\/droopy_68\/"},"uagb_comment_info":0,"uagb_excerpt":"Las meditaciones escritas por un fraile de Tierra Santa denuncian los abusos del poder y la tragedia de la guerra.","_links":{"self":[{"href":"https:\/\/digital58.com.ve\/site\/wp-json\/wp\/v2\/posts\/194350","targetHints":{"allow":["GET"]}}],"collection":[{"href":"https:\/\/digital58.com.ve\/site\/wp-json\/wp\/v2\/posts"}],"about":[{"href":"https:\/\/digital58.com.ve\/site\/wp-json\/wp\/v2\/types\/post"}],"author":[{"embeddable":true,"href":"https:\/\/digital58.com.ve\/site\/wp-json\/wp\/v2\/users\/1"}],"replies":[{"embeddable":true,"href":"https:\/\/digital58.com.ve\/site\/wp-json\/wp\/v2\/comments?post=194350"}],"version-history":[{"count":1,"href":"https:\/\/digital58.com.ve\/site\/wp-json\/wp\/v2\/posts\/194350\/revisions"}],"predecessor-version":[{"id":194353,"href":"https:\/\/digital58.com.ve\/site\/wp-json\/wp\/v2\/posts\/194350\/revisions\/194353"}],"wp:featuredmedia":[{"embeddable":true,"href":"https:\/\/digital58.com.ve\/site\/wp-json\/wp\/v2\/media\/194351"}],"wp:attachment":[{"href":"https:\/\/digital58.com.ve\/site\/wp-json\/wp\/v2\/media?parent=194350"}],"wp:term":[{"taxonomy":"category","embeddable":true,"href":"https:\/\/digital58.com.ve\/site\/wp-json\/wp\/v2\/categories?post=194350"},{"taxonomy":"post_tag","embeddable":true,"href":"https:\/\/digital58.com.ve\/site\/wp-json\/wp\/v2\/tags?post=194350"}],"curies":[{"name":"wp","href":"https:\/\/api.w.org\/{rel}","templated":true}]}}