{"id":194369,"date":"2026-04-04T13:25:02","date_gmt":"2026-04-04T17:25:02","guid":{"rendered":"https:\/\/digital58.com.ve\/site\/?p=194369"},"modified":"2026-04-04T13:25:02","modified_gmt":"2026-04-04T17:25:02","slug":"feria-de-la-empanada-2026-70-mujeres-emprendedoras-en-cumana","status":"publish","type":"post","link":"https:\/\/digital58.com.ve\/site\/2026\/04\/04\/feria-de-la-empanada-2026-70-mujeres-emprendedoras-en-cumana\/","title":{"rendered":"Feria de la Empanada 2026: 70 mujeres emprendedoras en Cuman\u00e1"},"content":{"rendered":"<p><a class=\"keychainify-checked\" href=\"https:\/\/digital58.com.ve\/site\/wp-content\/uploads\/2026\/04\/feria-empanada-cumana26-5.webp\"><img loading=\"lazy\" decoding=\"async\" class=\"aligncenter wp-image-194372 size-full\" src=\"https:\/\/digital58.com.ve\/site\/wp-content\/uploads\/2026\/04\/feria-empanada-cumana26-5.webp\" alt=\"M\u00e1s de setenta mujeres emprendedoras inauguraron este jueves la tercera edici\u00f3n de la Feria de las Empanadas en Cuman\u00e1, capital del estado Sucre, en medio de una severa crisis de agua potable que ha afectado a la ciudad durante 45 d\u00edas.\n\nEl evento, que se extiende por dos jornadas dentro de la Semana Mayor, combina una variada oferta culinaria con presentaciones art\u00edsticas y se ha convertido en un im\u00e1n para los visitantes del asueto pascual.\" width=\"900\" height=\"600\" srcset=\"https:\/\/digital58.com.ve\/site\/wp-content\/uploads\/2026\/04\/feria-empanada-cumana26-5.webp 900w, https:\/\/digital58.com.ve\/site\/wp-content\/uploads\/2026\/04\/feria-empanada-cumana26-5-300x200.webp 300w, https:\/\/digital58.com.ve\/site\/wp-content\/uploads\/2026\/04\/feria-empanada-cumana26-5-768x512.webp 768w\" sizes=\"auto, (max-width: 900px) 100vw, 900px\" \/><\/a><\/p>\n<blockquote><p>Sabor, tradici\u00f3n y controversia en la tercera edici\u00f3n del evento gastron\u00f3mico durante la Semana Santa.<\/p><\/blockquote>\n<p><strong>Cuman\u00e1, Sucre, Venezuela, 04 de abril de 2026 (ND58).-<\/strong> M\u00e1s de setenta mujeres emprendedoras inauguraron este jueves la tercera edici\u00f3n de la Feria de las Empanadas en Cuman\u00e1, capital del estado Sucre, en medio de una severa crisis de agua potable que ha afectado a la ciudad durante 45 d\u00edas.<\/p>\n<p>El evento, que se extiende por dos jornadas dentro de la Semana Mayor, combina una variada oferta culinaria con presentaciones art\u00edsticas y se ha convertido en un im\u00e1n para los visitantes del asueto pascual.<\/p>\n<p><a class=\"keychainify-checked\" href=\"https:\/\/digital58.com.ve\/site\/wp-content\/uploads\/2026\/04\/feria-empanada-cumana26-4.webp\"><img loading=\"lazy\" decoding=\"async\" class=\"aligncenter size-full wp-image-194373\" src=\"https:\/\/digital58.com.ve\/site\/wp-content\/uploads\/2026\/04\/feria-empanada-cumana26-4.webp\" alt=\"\" width=\"900\" height=\"600\" srcset=\"https:\/\/digital58.com.ve\/site\/wp-content\/uploads\/2026\/04\/feria-empanada-cumana26-4.webp 900w, https:\/\/digital58.com.ve\/site\/wp-content\/uploads\/2026\/04\/feria-empanada-cumana26-4-300x200.webp 300w, https:\/\/digital58.com.ve\/site\/wp-content\/uploads\/2026\/04\/feria-empanada-cumana26-4-768x512.webp 768w\" sizes=\"auto, (max-width: 900px) 100vw, 900px\" \/><\/a><\/p>\n<h2>Un despliegue gastron\u00f3mico con precios ajustados<\/h2>\n<p>La feria re\u00fane decenas de puestos donde se pueden encontrar empanadas con rellenos tradicionales como pollo, carne, queso, jam\u00f3n y productos del mar.<\/p>\n<p>Los precios oscilan entre 600 y 800 bol\u00edvares por unidad, mientras que las bebidas se ofrecen en un rango de 300 a 500 bol\u00edvares.<\/p>\n<p><a class=\"keychainify-checked\" href=\"https:\/\/digital58.com.ve\/site\/wp-content\/uploads\/2026\/04\/feria-empanada-cumana26-2.webp\"><img loading=\"lazy\" decoding=\"async\" class=\"aligncenter size-full wp-image-194375\" src=\"https:\/\/digital58.com.ve\/site\/wp-content\/uploads\/2026\/04\/feria-empanada-cumana26-2.webp\" alt=\"\" width=\"900\" height=\"600\" srcset=\"https:\/\/digital58.com.ve\/site\/wp-content\/uploads\/2026\/04\/feria-empanada-cumana26-2.webp 900w, https:\/\/digital58.com.ve\/site\/wp-content\/uploads\/2026\/04\/feria-empanada-cumana26-2-300x200.webp 300w, https:\/\/digital58.com.ve\/site\/wp-content\/uploads\/2026\/04\/feria-empanada-cumana26-2-768x512.webp 768w\" sizes=\"auto, (max-width: 900px) 100vw, 900px\" \/><\/a><\/p>\n<p>El horario de atenci\u00f3n se extendi\u00f3 desde las ocho de la ma\u00f1ana hasta la medianoche. Los organizadores dispusieron una tarima principal que sirvi\u00f3 de escenario para artistas regionales, nacionales e internacionales.<\/p>\n<p><a class=\"keychainify-checked\" href=\"https:\/\/digital58.com.ve\/site\/wp-content\/uploads\/2026\/04\/feria-empanada-cumana26-3.webp\"><img loading=\"lazy\" decoding=\"async\" class=\"aligncenter size-full wp-image-194374\" src=\"https:\/\/digital58.com.ve\/site\/wp-content\/uploads\/2026\/04\/feria-empanada-cumana26-3.webp\" alt=\"\" width=\"900\" height=\"600\" srcset=\"https:\/\/digital58.com.ve\/site\/wp-content\/uploads\/2026\/04\/feria-empanada-cumana26-3.webp 900w, https:\/\/digital58.com.ve\/site\/wp-content\/uploads\/2026\/04\/feria-empanada-cumana26-3-300x200.webp 300w, https:\/\/digital58.com.ve\/site\/wp-content\/uploads\/2026\/04\/feria-empanada-cumana26-3-768x512.webp 768w\" sizes=\"auto, (max-width: 900px) 100vw, 900px\" \/><\/a><\/p>\n<h2>Agua potable pese a la emergencia h\u00eddrica<\/h2>\n<p>La Gobernaci\u00f3n de Sucre dispuso tanques de agua potable para abastecer la feria, una medida que ha desatado opiniones divididas entre la ciudadan\u00eda.<\/p>\n<p>Mientras algunos elogian la iniciativa, numerosos vecinos han criticado duramente la realizaci\u00f3n del evento.<\/p>\n<p><a class=\"keychainify-checked\" href=\"https:\/\/digital58.com.ve\/site\/wp-content\/uploads\/2026\/04\/feria-empanada-cumana26-1.webp\"><img loading=\"lazy\" decoding=\"async\" class=\"aligncenter size-full wp-image-194376\" src=\"https:\/\/digital58.com.ve\/site\/wp-content\/uploads\/2026\/04\/feria-empanada-cumana26-1.webp\" alt=\"\" width=\"900\" height=\"600\" srcset=\"https:\/\/digital58.com.ve\/site\/wp-content\/uploads\/2026\/04\/feria-empanada-cumana26-1.webp 900w, https:\/\/digital58.com.ve\/site\/wp-content\/uploads\/2026\/04\/feria-empanada-cumana26-1-300x200.webp 300w, https:\/\/digital58.com.ve\/site\/wp-content\/uploads\/2026\/04\/feria-empanada-cumana26-1-768x512.webp 768w\" sizes=\"auto, (max-width: 900px) 100vw, 900px\" \/><\/a><\/p>\n<p>\u00abNo es posible que se organice una fiesta cuando llevamos m\u00e1s de 45 d\u00edas sin agua en nuestras casas\u00bb, manifestaron habitantes de la capital sucrense.<\/p>\n<p>La alcald\u00eda, encabezada por Pedro Figueroa, estuvo presente en la inauguraci\u00f3n matutina, seg\u00fan inform\u00f3 la Fundaci\u00f3n Yo Amo Bebedero.<\/p>\n<p><a class=\"keychainify-checked\" href=\"https:\/\/digital58.com.ve\/site\/wp-content\/uploads\/2026\/04\/feria-empanada-cumana26-7.webp\"><img loading=\"lazy\" decoding=\"async\" class=\"aligncenter size-full wp-image-194370\" src=\"https:\/\/digital58.com.ve\/site\/wp-content\/uploads\/2026\/04\/feria-empanada-cumana26-7.webp\" alt=\"\" width=\"900\" height=\"600\" srcset=\"https:\/\/digital58.com.ve\/site\/wp-content\/uploads\/2026\/04\/feria-empanada-cumana26-7.webp 900w, https:\/\/digital58.com.ve\/site\/wp-content\/uploads\/2026\/04\/feria-empanada-cumana26-7-300x200.webp 300w, https:\/\/digital58.com.ve\/site\/wp-content\/uploads\/2026\/04\/feria-empanada-cumana26-7-768x512.webp 768w\" sizes=\"auto, (max-width: 900px) 100vw, 900px\" \/><\/a><\/p>\n<p><a class=\"keychainify-checked\" href=\"https:\/\/digital58.com.ve\/site\/wp-content\/uploads\/2026\/04\/feria-empanada-cumana26-6.webp\"><img loading=\"lazy\" decoding=\"async\" class=\"aligncenter size-full wp-image-194371\" src=\"https:\/\/digital58.com.ve\/site\/wp-content\/uploads\/2026\/04\/feria-empanada-cumana26-6.webp\" alt=\"\" width=\"900\" height=\"600\" srcset=\"https:\/\/digital58.com.ve\/site\/wp-content\/uploads\/2026\/04\/feria-empanada-cumana26-6.webp 900w, https:\/\/digital58.com.ve\/site\/wp-content\/uploads\/2026\/04\/feria-empanada-cumana26-6-300x200.webp 300w, https:\/\/digital58.com.ve\/site\/wp-content\/uploads\/2026\/04\/feria-empanada-cumana26-6-768x512.webp 768w\" sizes=\"auto, (max-width: 900px) 100vw, 900px\" \/><\/a><\/p>\n<p><strong>Sala de redacci\u00f3n ND58 \/ Rivero Yegres, Edwin, corresponsal Cuman\u00e1<\/strong><br \/>\n<strong>Edici\u00f3n: Villasmil, Henry<\/strong><br \/>\n<strong>Gr\u00e1ficas: Prensa Alcaldia de Cuman\u00e1<\/strong><\/p>\n<p>&nbsp;<\/p>\n<p>&nbsp;<\/p>\n<p>&nbsp;<\/p><div class=\"skjak69f30c894752b\" ><p style=\"text-align: center;\"><a href=\"https:\/\/t.me\/noticiasdigital58\" target=\"_blank\" rel=\"noopener\"><img class=\"aligncenter size-full wp-image-125363\" src=\"https:\/\/digital58.com.ve\/site\/wp-content\/uploads\/2021\/04\/banner-telegram-web-2021.png\" alt=\"\" width=\"600\" height=\"90\" \/><\/a><\/p><\/div><style type=\"text\/css\">\r\n@media screen and (min-width: 1201px) {\r\n.skjak69f30c894752b {\r\ndisplay: block;\r\n}\r\n}\r\n@media screen and (min-width: 993px) and (max-width: 1200px) {\r\n.skjak69f30c894752b {\r\ndisplay: block;\r\n}\r\n}\r\n@media screen and (min-width: 769px) and (max-width: 992px) {\r\n.skjak69f30c894752b {\r\ndisplay: block;\r\n}\r\n}\r\n@media screen and (min-width: 768px) and (max-width: 768px) {\r\n.skjak69f30c894752b {\r\ndisplay: block;\r\n}\r\n}\r\n@media screen and (max-width: 767px) {\r\n.skjak69f30c894752b {\r\ndisplay: block;\r\n}\r\n}\r\n<\/style>\r\n\n<p>&nbsp;<\/p>\n<div style=\"margin-top: 0px; margin-bottom: 0px;\" class=\"sharethis-inline-share-buttons\" ><\/div>","protected":false},"excerpt":{"rendered":"<p>Sabor, tradici\u00f3n y controversia en la tercera edici\u00f3n del evento gastron\u00f3mico durante la Semana Santa. Cuman\u00e1, Sucre, Venezuela, 04 de<\/p>\n","protected":false},"author":1,"featured_media":194373,"comment_status":"open","ping_status":"closed","sticky":false,"template":"","format":"standard","meta":{"colormag_page_container_layout":"default_layout","colormag_page_sidebar_layout":"default_layout","_uag_custom_page_level_css":"","footnotes":""},"categories":[35204],"tags":[2264,16743,35874,233,1045,35867,32],"class_list":["post-194369","post","type-post","status-publish","format-standard","has-post-thumbnail","hentry","category-corresponsalia-sucre","tag-cumana","tag-estado-sucre","tag-feria-de-la-empanada","tag-nacionales","tag-semana-santa","tag-semana-santa-2026","tag-venezuela"],"yoast_head":"<!-- This site is optimized with the Yoast SEO plugin v27.5 - https:\/\/yoast.com\/product\/yoast-seo-wordpress\/ -->\n<title>Feria de la Empanada 2026: 70 mujeres emprendedoras en Cuman\u00e1<\/title>\n<meta name=\"description\" content=\"Setenta mujeres emprendedoras inauguran la Feria de las Empanadas en Cuman\u00e1, entre cr\u00edticas por la falta de agua que azota la ciudad.\" \/>\n<meta name=\"robots\" content=\"index, follow, max-snippet:-1, max-image-preview:large, max-video-preview:-1\" \/>\n<link rel=\"canonical\" href=\"https:\/\/digital58.com.ve\/site\/2026\/04\/04\/feria-de-la-empanada-2026-70-mujeres-emprendedoras-en-cumana\/\" \/>\n<meta property=\"og:locale\" content=\"es_ES\" \/>\n<meta property=\"og:type\" content=\"article\" \/>\n<meta property=\"og:title\" content=\"Feria de la Empanada 2026: 70 mujeres emprendedoras en Cuman\u00e1\" \/>\n<meta property=\"og:description\" content=\"Setenta mujeres emprendedoras inauguran la Feria de las Empanadas en Cuman\u00e1, entre cr\u00edticas por la falta de agua que azota la ciudad.\" \/>\n<meta property=\"og:url\" content=\"https:\/\/digital58.com.ve\/site\/2026\/04\/04\/feria-de-la-empanada-2026-70-mujeres-emprendedoras-en-cumana\/\" \/>\n<meta property=\"og:site_name\" content=\"Noticias Digital58\" \/>\n<meta property=\"article:published_time\" content=\"2026-04-04T17:25:02+00:00\" \/>\n<meta property=\"og:image\" content=\"https:\/\/digital58.com.ve\/site\/wp-content\/uploads\/2026\/04\/feria-empanada-cumana26-4.webp\" \/>\n\t<meta property=\"og:image:width\" content=\"900\" \/>\n\t<meta property=\"og:image:height\" content=\"600\" \/>\n\t<meta property=\"og:image:type\" content=\"image\/webp\" \/>\n<meta name=\"author\" content=\"Villasmil Henry\" \/>\n<meta name=\"twitter:card\" content=\"summary_large_image\" \/>\n<meta name=\"twitter:creator\" content=\"@https:\/\/twitter.com\/villasmilhfoto\" \/>\n<meta name=\"twitter:site\" content=\"@villasmilhfoto\" \/>\n<meta name=\"twitter:label1\" content=\"Escrito por\" \/>\n\t<meta name=\"twitter:data1\" content=\"Villasmil Henry\" \/>\n\t<meta name=\"twitter:label2\" content=\"Tiempo estimado de lectura\" \/>\n\t<meta name=\"twitter:data2\" content=\"3 minutos\" \/>\n<script type=\"application\/ld+json\" class=\"yoast-schema-graph\">{\"@context\":\"https:\\\/\\\/schema.org\",\"@graph\":[{\"@type\":\"Article\",\"@id\":\"https:\\\/\\\/digital58.com.ve\\\/site\\\/2026\\\/04\\\/04\\\/feria-de-la-empanada-2026-70-mujeres-emprendedoras-en-cumana\\\/#article\",\"isPartOf\":{\"@id\":\"https:\\\/\\\/digital58.com.ve\\\/site\\\/2026\\\/04\\\/04\\\/feria-de-la-empanada-2026-70-mujeres-emprendedoras-en-cumana\\\/\"},\"author\":{\"name\":\"Villasmil Henry\",\"@id\":\"https:\\\/\\\/digital58.com.ve\\\/site\\\/#\\\/schema\\\/person\\\/64d1c2e4d0d4fd1b849980c4331c2951\"},\"headline\":\"Feria de la Empanada 2026: 70 mujeres emprendedoras en Cuman\u00e1\",\"datePublished\":\"2026-04-04T17:25:02+00:00\",\"mainEntityOfPage\":{\"@id\":\"https:\\\/\\\/digital58.com.ve\\\/site\\\/2026\\\/04\\\/04\\\/feria-de-la-empanada-2026-70-mujeres-emprendedoras-en-cumana\\\/\"},\"wordCount\":321,\"commentCount\":0,\"publisher\":{\"@id\":\"https:\\\/\\\/digital58.com.ve\\\/site\\\/#\\\/schema\\\/person\\\/64d1c2e4d0d4fd1b849980c4331c2951\"},\"image\":{\"@id\":\"https:\\\/\\\/digital58.com.ve\\\/site\\\/2026\\\/04\\\/04\\\/feria-de-la-empanada-2026-70-mujeres-emprendedoras-en-cumana\\\/#primaryimage\"},\"thumbnailUrl\":\"https:\\\/\\\/digital58.com.ve\\\/site\\\/wp-content\\\/uploads\\\/2026\\\/04\\\/feria-empanada-cumana26-4.webp\",\"keywords\":[\"Cuman\u00e1\",\"Estado Sucre\",\"Feria de la Empanada\",\"Nacionales\",\"Semana Santa\",\"Semana Santa 2026\",\"Venezuela\"],\"articleSection\":[\"Corresponsalia Sucre\"],\"inLanguage\":\"es\",\"potentialAction\":[{\"@type\":\"CommentAction\",\"name\":\"Comment\",\"target\":[\"https:\\\/\\\/digital58.com.ve\\\/site\\\/2026\\\/04\\\/04\\\/feria-de-la-empanada-2026-70-mujeres-emprendedoras-en-cumana\\\/#respond\"]}]},{\"@type\":\"WebPage\",\"@id\":\"https:\\\/\\\/digital58.com.ve\\\/site\\\/2026\\\/04\\\/04\\\/feria-de-la-empanada-2026-70-mujeres-emprendedoras-en-cumana\\\/\",\"url\":\"https:\\\/\\\/digital58.com.ve\\\/site\\\/2026\\\/04\\\/04\\\/feria-de-la-empanada-2026-70-mujeres-emprendedoras-en-cumana\\\/\",\"name\":\"Feria de la Empanada 2026: 70 mujeres emprendedoras en Cuman\u00e1\",\"isPartOf\":{\"@id\":\"https:\\\/\\\/digital58.com.ve\\\/site\\\/#website\"},\"primaryImageOfPage\":{\"@id\":\"https:\\\/\\\/digital58.com.ve\\\/site\\\/2026\\\/04\\\/04\\\/feria-de-la-empanada-2026-70-mujeres-emprendedoras-en-cumana\\\/#primaryimage\"},\"image\":{\"@id\":\"https:\\\/\\\/digital58.com.ve\\\/site\\\/2026\\\/04\\\/04\\\/feria-de-la-empanada-2026-70-mujeres-emprendedoras-en-cumana\\\/#primaryimage\"},\"thumbnailUrl\":\"https:\\\/\\\/digital58.com.ve\\\/site\\\/wp-content\\\/uploads\\\/2026\\\/04\\\/feria-empanada-cumana26-4.webp\",\"datePublished\":\"2026-04-04T17:25:02+00:00\",\"description\":\"Setenta mujeres emprendedoras inauguran la Feria de las Empanadas en Cuman\u00e1, entre cr\u00edticas por la falta de agua que azota la ciudad.\",\"breadcrumb\":{\"@id\":\"https:\\\/\\\/digital58.com.ve\\\/site\\\/2026\\\/04\\\/04\\\/feria-de-la-empanada-2026-70-mujeres-emprendedoras-en-cumana\\\/#breadcrumb\"},\"inLanguage\":\"es\",\"potentialAction\":[{\"@type\":\"ReadAction\",\"target\":[\"https:\\\/\\\/digital58.com.ve\\\/site\\\/2026\\\/04\\\/04\\\/feria-de-la-empanada-2026-70-mujeres-emprendedoras-en-cumana\\\/\"]}]},{\"@type\":\"ImageObject\",\"inLanguage\":\"es\",\"@id\":\"https:\\\/\\\/digital58.com.ve\\\/site\\\/2026\\\/04\\\/04\\\/feria-de-la-empanada-2026-70-mujeres-emprendedoras-en-cumana\\\/#primaryimage\",\"url\":\"https:\\\/\\\/digital58.com.ve\\\/site\\\/wp-content\\\/uploads\\\/2026\\\/04\\\/feria-empanada-cumana26-4.webp\",\"contentUrl\":\"https:\\\/\\\/digital58.com.ve\\\/site\\\/wp-content\\\/uploads\\\/2026\\\/04\\\/feria-empanada-cumana26-4.webp\",\"width\":900,\"height\":600},{\"@type\":\"BreadcrumbList\",\"@id\":\"https:\\\/\\\/digital58.com.ve\\\/site\\\/2026\\\/04\\\/04\\\/feria-de-la-empanada-2026-70-mujeres-emprendedoras-en-cumana\\\/#breadcrumb\",\"itemListElement\":[{\"@type\":\"ListItem\",\"position\":1,\"name\":\"Home\",\"item\":\"https:\\\/\\\/digital58.com.ve\\\/site\\\/\"},{\"@type\":\"ListItem\",\"position\":2,\"name\":\"Feria de la Empanada 2026: 70 mujeres emprendedoras en Cuman\u00e1\"}]},{\"@type\":\"WebSite\",\"@id\":\"https:\\\/\\\/digital58.com.ve\\\/site\\\/#website\",\"url\":\"https:\\\/\\\/digital58.com.ve\\\/site\\\/\",\"name\":\"Noticias Digital58\",\"description\":\"Portal de Noticias \u00a1Periodismo web de verdad! Lanzamiento web 22.11.2005 \\\/ Maracaibo, Venezuela\",\"publisher\":{\"@id\":\"https:\\\/\\\/digital58.com.ve\\\/site\\\/#\\\/schema\\\/person\\\/64d1c2e4d0d4fd1b849980c4331c2951\"},\"alternateName\":\"ND58\",\"potentialAction\":[{\"@type\":\"SearchAction\",\"target\":{\"@type\":\"EntryPoint\",\"urlTemplate\":\"https:\\\/\\\/digital58.com.ve\\\/site\\\/?s={search_term_string}\"},\"query-input\":{\"@type\":\"PropertyValueSpecification\",\"valueRequired\":true,\"valueName\":\"search_term_string\"}}],\"inLanguage\":\"es\"},{\"@type\":[\"Person\",\"Organization\"],\"@id\":\"https:\\\/\\\/digital58.com.ve\\\/site\\\/#\\\/schema\\\/person\\\/64d1c2e4d0d4fd1b849980c4331c2951\",\"name\":\"Villasmil Henry\",\"image\":{\"@type\":\"ImageObject\",\"inLanguage\":\"es\",\"@id\":\"https:\\\/\\\/secure.gravatar.com\\\/avatar\\\/bb0c4a2fcb7970138239f7e404ea75757b1b507b28b5ce4c53fbd62d797c5a7c?s=96&d=mm&r=g\",\"url\":\"https:\\\/\\\/secure.gravatar.com\\\/avatar\\\/bb0c4a2fcb7970138239f7e404ea75757b1b507b28b5ce4c53fbd62d797c5a7c?s=96&d=mm&r=g\",\"contentUrl\":\"https:\\\/\\\/secure.gravatar.com\\\/avatar\\\/bb0c4a2fcb7970138239f7e404ea75757b1b507b28b5ce4c53fbd62d797c5a7c?s=96&d=mm&r=g\",\"caption\":\"Villasmil Henry\"},\"logo\":{\"@id\":\"https:\\\/\\\/secure.gravatar.com\\\/avatar\\\/bb0c4a2fcb7970138239f7e404ea75757b1b507b28b5ce4c53fbd62d797c5a7c?s=96&d=mm&r=g\"},\"sameAs\":[\"http:\\\/\\\/www.henryvillasmil.com.ve\",\"https:\\\/\\\/www.instagram.com\\\/villasmilhfoto\\\/\",\"https:\\\/\\\/x.com\\\/https:\\\/\\\/twitter.com\\\/villasmilhfoto\"],\"url\":\"https:\\\/\\\/digital58.com.ve\\\/site\\\/author\\\/droopy_68\\\/\"}]}<\/script>\n<!-- \/ Yoast SEO plugin. -->","yoast_head_json":{"title":"Feria de la Empanada 2026: 70 mujeres emprendedoras en Cuman\u00e1","description":"Setenta mujeres emprendedoras inauguran la Feria de las Empanadas en Cuman\u00e1, entre cr\u00edticas por la falta de agua que azota la ciudad.","robots":{"index":"index","follow":"follow","max-snippet":"max-snippet:-1","max-image-preview":"max-image-preview:large","max-video-preview":"max-video-preview:-1"},"canonical":"https:\/\/digital58.com.ve\/site\/2026\/04\/04\/feria-de-la-empanada-2026-70-mujeres-emprendedoras-en-cumana\/","og_locale":"es_ES","og_type":"article","og_title":"Feria de la Empanada 2026: 70 mujeres emprendedoras en Cuman\u00e1","og_description":"Setenta mujeres emprendedoras inauguran la Feria de las Empanadas en Cuman\u00e1, entre cr\u00edticas por la falta de agua que azota la ciudad.","og_url":"https:\/\/digital58.com.ve\/site\/2026\/04\/04\/feria-de-la-empanada-2026-70-mujeres-emprendedoras-en-cumana\/","og_site_name":"Noticias Digital58","article_published_time":"2026-04-04T17:25:02+00:00","og_image":[{"width":900,"height":600,"url":"https:\/\/digital58.com.ve\/site\/wp-content\/uploads\/2026\/04\/feria-empanada-cumana26-4.webp","type":"image\/webp"}],"author":"Villasmil Henry","twitter_card":"summary_large_image","twitter_creator":"@https:\/\/twitter.com\/villasmilhfoto","twitter_site":"@villasmilhfoto","twitter_misc":{"Escrito por":"Villasmil Henry","Tiempo estimado de lectura":"3 minutos"},"schema":{"@context":"https:\/\/schema.org","@graph":[{"@type":"Article","@id":"https:\/\/digital58.com.ve\/site\/2026\/04\/04\/feria-de-la-empanada-2026-70-mujeres-emprendedoras-en-cumana\/#article","isPartOf":{"@id":"https:\/\/digital58.com.ve\/site\/2026\/04\/04\/feria-de-la-empanada-2026-70-mujeres-emprendedoras-en-cumana\/"},"author":{"name":"Villasmil Henry","@id":"https:\/\/digital58.com.ve\/site\/#\/schema\/person\/64d1c2e4d0d4fd1b849980c4331c2951"},"headline":"Feria de la Empanada 2026: 70 mujeres emprendedoras en Cuman\u00e1","datePublished":"2026-04-04T17:25:02+00:00","mainEntityOfPage":{"@id":"https:\/\/digital58.com.ve\/site\/2026\/04\/04\/feria-de-la-empanada-2026-70-mujeres-emprendedoras-en-cumana\/"},"wordCount":321,"commentCount":0,"publisher":{"@id":"https:\/\/digital58.com.ve\/site\/#\/schema\/person\/64d1c2e4d0d4fd1b849980c4331c2951"},"image":{"@id":"https:\/\/digital58.com.ve\/site\/2026\/04\/04\/feria-de-la-empanada-2026-70-mujeres-emprendedoras-en-cumana\/#primaryimage"},"thumbnailUrl":"https:\/\/digital58.com.ve\/site\/wp-content\/uploads\/2026\/04\/feria-empanada-cumana26-4.webp","keywords":["Cuman\u00e1","Estado Sucre","Feria de la Empanada","Nacionales","Semana Santa","Semana Santa 2026","Venezuela"],"articleSection":["Corresponsalia Sucre"],"inLanguage":"es","potentialAction":[{"@type":"CommentAction","name":"Comment","target":["https:\/\/digital58.com.ve\/site\/2026\/04\/04\/feria-de-la-empanada-2026-70-mujeres-emprendedoras-en-cumana\/#respond"]}]},{"@type":"WebPage","@id":"https:\/\/digital58.com.ve\/site\/2026\/04\/04\/feria-de-la-empanada-2026-70-mujeres-emprendedoras-en-cumana\/","url":"https:\/\/digital58.com.ve\/site\/2026\/04\/04\/feria-de-la-empanada-2026-70-mujeres-emprendedoras-en-cumana\/","name":"Feria de la Empanada 2026: 70 mujeres emprendedoras en Cuman\u00e1","isPartOf":{"@id":"https:\/\/digital58.com.ve\/site\/#website"},"primaryImageOfPage":{"@id":"https:\/\/digital58.com.ve\/site\/2026\/04\/04\/feria-de-la-empanada-2026-70-mujeres-emprendedoras-en-cumana\/#primaryimage"},"image":{"@id":"https:\/\/digital58.com.ve\/site\/2026\/04\/04\/feria-de-la-empanada-2026-70-mujeres-emprendedoras-en-cumana\/#primaryimage"},"thumbnailUrl":"https:\/\/digital58.com.ve\/site\/wp-content\/uploads\/2026\/04\/feria-empanada-cumana26-4.webp","datePublished":"2026-04-04T17:25:02+00:00","description":"Setenta mujeres emprendedoras inauguran la Feria de las Empanadas en Cuman\u00e1, entre cr\u00edticas por la falta de agua que azota la ciudad.","breadcrumb":{"@id":"https:\/\/digital58.com.ve\/site\/2026\/04\/04\/feria-de-la-empanada-2026-70-mujeres-emprendedoras-en-cumana\/#breadcrumb"},"inLanguage":"es","potentialAction":[{"@type":"ReadAction","target":["https:\/\/digital58.com.ve\/site\/2026\/04\/04\/feria-de-la-empanada-2026-70-mujeres-emprendedoras-en-cumana\/"]}]},{"@type":"ImageObject","inLanguage":"es","@id":"https:\/\/digital58.com.ve\/site\/2026\/04\/04\/feria-de-la-empanada-2026-70-mujeres-emprendedoras-en-cumana\/#primaryimage","url":"https:\/\/digital58.com.ve\/site\/wp-content\/uploads\/2026\/04\/feria-empanada-cumana26-4.webp","contentUrl":"https:\/\/digital58.com.ve\/site\/wp-content\/uploads\/2026\/04\/feria-empanada-cumana26-4.webp","width":900,"height":600},{"@type":"BreadcrumbList","@id":"https:\/\/digital58.com.ve\/site\/2026\/04\/04\/feria-de-la-empanada-2026-70-mujeres-emprendedoras-en-cumana\/#breadcrumb","itemListElement":[{"@type":"ListItem","position":1,"name":"Home","item":"https:\/\/digital58.com.ve\/site\/"},{"@type":"ListItem","position":2,"name":"Feria de la Empanada 2026: 70 mujeres emprendedoras en Cuman\u00e1"}]},{"@type":"WebSite","@id":"https:\/\/digital58.com.ve\/site\/#website","url":"https:\/\/digital58.com.ve\/site\/","name":"Noticias Digital58","description":"Portal de Noticias \u00a1Periodismo web de verdad! Lanzamiento web 22.11.2005 \/ Maracaibo, Venezuela","publisher":{"@id":"https:\/\/digital58.com.ve\/site\/#\/schema\/person\/64d1c2e4d0d4fd1b849980c4331c2951"},"alternateName":"ND58","potentialAction":[{"@type":"SearchAction","target":{"@type":"EntryPoint","urlTemplate":"https:\/\/digital58.com.ve\/site\/?s={search_term_string}"},"query-input":{"@type":"PropertyValueSpecification","valueRequired":true,"valueName":"search_term_string"}}],"inLanguage":"es"},{"@type":["Person","Organization"],"@id":"https:\/\/digital58.com.ve\/site\/#\/schema\/person\/64d1c2e4d0d4fd1b849980c4331c2951","name":"Villasmil Henry","image":{"@type":"ImageObject","inLanguage":"es","@id":"https:\/\/secure.gravatar.com\/avatar\/bb0c4a2fcb7970138239f7e404ea75757b1b507b28b5ce4c53fbd62d797c5a7c?s=96&d=mm&r=g","url":"https:\/\/secure.gravatar.com\/avatar\/bb0c4a2fcb7970138239f7e404ea75757b1b507b28b5ce4c53fbd62d797c5a7c?s=96&d=mm&r=g","contentUrl":"https:\/\/secure.gravatar.com\/avatar\/bb0c4a2fcb7970138239f7e404ea75757b1b507b28b5ce4c53fbd62d797c5a7c?s=96&d=mm&r=g","caption":"Villasmil Henry"},"logo":{"@id":"https:\/\/secure.gravatar.com\/avatar\/bb0c4a2fcb7970138239f7e404ea75757b1b507b28b5ce4c53fbd62d797c5a7c?s=96&d=mm&r=g"},"sameAs":["http:\/\/www.henryvillasmil.com.ve","https:\/\/www.instagram.com\/villasmilhfoto\/","https:\/\/x.com\/https:\/\/twitter.com\/villasmilhfoto"],"url":"https:\/\/digital58.com.ve\/site\/author\/droopy_68\/"}]}},"uagb_featured_image_src":{"full":["https:\/\/digital58.com.ve\/site\/wp-content\/uploads\/2026\/04\/feria-empanada-cumana26-4.webp",900,600,false],"thumbnail":["https:\/\/digital58.com.ve\/site\/wp-content\/uploads\/2026\/04\/feria-empanada-cumana26-4-150x150.webp",150,150,true],"medium":["https:\/\/digital58.com.ve\/site\/wp-content\/uploads\/2026\/04\/feria-empanada-cumana26-4-300x200.webp",300,200,true],"medium_large":["https:\/\/digital58.com.ve\/site\/wp-content\/uploads\/2026\/04\/feria-empanada-cumana26-4-768x512.webp",768,512,true],"large":["https:\/\/digital58.com.ve\/site\/wp-content\/uploads\/2026\/04\/feria-empanada-cumana26-4.webp",800,533,false],"1536x1536":["https:\/\/digital58.com.ve\/site\/wp-content\/uploads\/2026\/04\/feria-empanada-cumana26-4.webp",900,600,false],"2048x2048":["https:\/\/digital58.com.ve\/site\/wp-content\/uploads\/2026\/04\/feria-empanada-cumana26-4.webp",900,600,false],"colormag-highlighted-post":["https:\/\/digital58.com.ve\/site\/wp-content\/uploads\/2026\/04\/feria-empanada-cumana26-4-392x272.webp",392,272,true],"colormag-featured-post-medium":["https:\/\/digital58.com.ve\/site\/wp-content\/uploads\/2026\/04\/feria-empanada-cumana26-4-390x205.webp",390,205,true],"colormag-featured-post-small":["https:\/\/digital58.com.ve\/site\/wp-content\/uploads\/2026\/04\/feria-empanada-cumana26-4-130x90.webp",130,90,true],"colormag-featured-image":["https:\/\/digital58.com.ve\/site\/wp-content\/uploads\/2026\/04\/feria-empanada-cumana26-4-800x445.webp",800,445,true],"colormag-default-news":["https:\/\/digital58.com.ve\/site\/wp-content\/uploads\/2026\/04\/feria-empanada-cumana26-4-150x150.webp",150,150,true],"colormag-featured-image-large":["https:\/\/digital58.com.ve\/site\/wp-content\/uploads\/2026\/04\/feria-empanada-cumana26-4.webp",900,600,false]},"uagb_author_info":{"display_name":"Villasmil Henry","author_link":"https:\/\/digital58.com.ve\/site\/author\/droopy_68\/"},"uagb_comment_info":0,"uagb_excerpt":"Sabor, tradici\u00f3n y controversia en la tercera edici\u00f3n del evento gastron\u00f3mico durante la Semana Santa. Cuman\u00e1, Sucre, Venezuela, 04 de","_links":{"self":[{"href":"https:\/\/digital58.com.ve\/site\/wp-json\/wp\/v2\/posts\/194369","targetHints":{"allow":["GET"]}}],"collection":[{"href":"https:\/\/digital58.com.ve\/site\/wp-json\/wp\/v2\/posts"}],"about":[{"href":"https:\/\/digital58.com.ve\/site\/wp-json\/wp\/v2\/types\/post"}],"author":[{"embeddable":true,"href":"https:\/\/digital58.com.ve\/site\/wp-json\/wp\/v2\/users\/1"}],"replies":[{"embeddable":true,"href":"https:\/\/digital58.com.ve\/site\/wp-json\/wp\/v2\/comments?post=194369"}],"version-history":[{"count":1,"href":"https:\/\/digital58.com.ve\/site\/wp-json\/wp\/v2\/posts\/194369\/revisions"}],"predecessor-version":[{"id":194377,"href":"https:\/\/digital58.com.ve\/site\/wp-json\/wp\/v2\/posts\/194369\/revisions\/194377"}],"wp:featuredmedia":[{"embeddable":true,"href":"https:\/\/digital58.com.ve\/site\/wp-json\/wp\/v2\/media\/194373"}],"wp:attachment":[{"href":"https:\/\/digital58.com.ve\/site\/wp-json\/wp\/v2\/media?parent=194369"}],"wp:term":[{"taxonomy":"category","embeddable":true,"href":"https:\/\/digital58.com.ve\/site\/wp-json\/wp\/v2\/categories?post=194369"},{"taxonomy":"post_tag","embeddable":true,"href":"https:\/\/digital58.com.ve\/site\/wp-json\/wp\/v2\/tags?post=194369"}],"curies":[{"name":"wp","href":"https:\/\/api.w.org\/{rel}","templated":true}]}}