{"id":194667,"date":"2026-04-26T00:49:07","date_gmt":"2026-04-26T04:49:07","guid":{"rendered":"https:\/\/digital58.com.ve\/site\/?p=194667"},"modified":"2026-04-26T00:49:07","modified_gmt":"2026-04-26T04:49:07","slug":"atentado-terrorista-en-el-cauca-14-muertos-y-38-heridos-en-la-via-panamericana","status":"publish","type":"post","link":"https:\/\/digital58.com.ve\/site\/2026\/04\/26\/atentado-terrorista-en-el-cauca-14-muertos-y-38-heridos-en-la-via-panamericana\/","title":{"rendered":"Atentado terrorista en el Cauca: 14 muertos y 38 heridos en la V\u00eda Panamericana"},"content":{"rendered":"<p><a class=\"keychainify-checked\" href=\"https:\/\/digital58.com.ve\/site\/wp-content\/uploads\/2026\/04\/atentado-cauca-2.webp\"><img loading=\"lazy\" decoding=\"async\" class=\"aligncenter wp-image-194668 size-full\" src=\"https:\/\/digital58.com.ve\/site\/wp-content\/uploads\/2026\/04\/atentado-cauca-2.webp\" alt=\"Al menos catorce personas murieron y treinta y ocho resultaron heridas este s\u00e1bado tras un ataque con explosivos perpetrado por disidencias de las FARC contra un autob\u00fas en la V\u00eda Panamericana, a la altura de Cajib\u00edo, en el suroeste de Colombia.\" width=\"900\" height=\"600\" srcset=\"https:\/\/digital58.com.ve\/site\/wp-content\/uploads\/2026\/04\/atentado-cauca-2.webp 900w, https:\/\/digital58.com.ve\/site\/wp-content\/uploads\/2026\/04\/atentado-cauca-2-300x200.webp 300w, https:\/\/digital58.com.ve\/site\/wp-content\/uploads\/2026\/04\/atentado-cauca-2-768x512.webp 768w\" sizes=\"auto, (max-width: 900px) 100vw, 900px\" \/><\/a><\/p>\n<blockquote><p>Un ataque con cilindros bomba de las disidencias de las FARC destruy\u00f3 un autob\u00fas en Cajib\u00edo; el presidente Petro denunciar\u00e1 a los cabecillas ante la CPI.<\/p><\/blockquote>\n<p><strong>Colombia, 26 de abril de 2026 (ND58).-<\/strong> Al menos catorce personas murieron y treinta y ocho resultaron heridas este s\u00e1bado tras un ataque con explosivos perpetrado por disidencias de las FARC contra un autob\u00fas en la V\u00eda Panamericana, a la altura de Cajib\u00edo, en el suroeste de Colombia.<\/p>\n<p>Un cilindro bomba destruy\u00f3 el veh\u00edculo de transporte, afect\u00f3 a otros automotores en la zona y arras\u00f3 con un tramo de la carretera, desencadenando una emergencia nacional.<\/p>\n<p>El gobernador del Cauca, de apellido Guzm\u00e1n, confirm\u00f3 el saldo tr\u00e1gico en sus redes sociales, actualizando una cifra inicial que reportaba siete fallecidos y diecisiete lesionados.<\/p>\n<p>El funcionario precis\u00f3 que entre las v\u00edctimas de este atentado, ocurrido en el sector conocido como El T\u00fanel, se encuentran cinco menores de edad.<\/p>\n<p>\u00abEsta es una tragedia que enluta profundamente y llena de dolor a nuestro pueblo\u00bb, se\u00f1al\u00f3 el gobernador regional.<\/p>\n<p>Adem\u00e1s, advirti\u00f3 sobre la gravedad de los da\u00f1os ocasionados a la infraestructura vial de la ruta que conecta a Popay\u00e1n con Cali.<\/p>\n<p><a class=\"keychainify-checked\" href=\"https:\/\/digital58.com.ve\/site\/wp-content\/uploads\/2026\/04\/atentado-cauca-1.webp\"><img loading=\"lazy\" decoding=\"async\" class=\"aligncenter size-full wp-image-194669\" src=\"https:\/\/digital58.com.ve\/site\/wp-content\/uploads\/2026\/04\/atentado-cauca-1.webp\" alt=\"\" width=\"900\" height=\"600\" srcset=\"https:\/\/digital58.com.ve\/site\/wp-content\/uploads\/2026\/04\/atentado-cauca-1.webp 900w, https:\/\/digital58.com.ve\/site\/wp-content\/uploads\/2026\/04\/atentado-cauca-1-300x200.webp 300w, https:\/\/digital58.com.ve\/site\/wp-content\/uploads\/2026\/04\/atentado-cauca-1-768x512.webp 768w\" sizes=\"auto, (max-width: 900px) 100vw, 900px\" \/><\/a><\/p>\n<h2>Ofensiva gubernamental y denuncia internacional<\/h2>\n<p>El presidente Gustavo Petro conden\u00f3 tajantemente el hecho, calificando a los responsables como \u00abterroristas, fascistas y narcotraficantes\u00bb.<\/p>\n<p>El mandatario atribuy\u00f3 la autor\u00eda a grupos armados bajo el mando de alias Marlon, facciones vinculadas al Estado Mayor Central (EMC).<\/p>\n<p>El jefe de Estado describi\u00f3 a estos miembros de la principal disidencia de las antiguas FARC como \u00abcriminales contra la humanidad\u00bb.<\/p>\n<p>Afirm\u00f3 que sectores extremistas y del narcotr\u00e1fico utilizan el miedo masivo para ejercer control territorial y pol\u00edtico en la regi\u00f3n.<\/p>\n<p>Ante esta situaci\u00f3n, Petro exigi\u00f3 la \u00abm\u00e1xima persecuci\u00f3n mundial contra este grupo narcoterrorista\u00bb y orden\u00f3 intensificar la presencia militar en el Cauca.<\/p>\n<p>Tambi\u00e9n instruy\u00f3 a la Unidad de Informaci\u00f3n y An\u00e1lisis Financiero (UIAF) rastrear los fondos il\u00edcitos de estas organizaciones.<\/p>\n<p>Finalmente, el presidente anunci\u00f3 que Colombia presentar\u00e1 una denuncia formal ante la Corte Penal Internacional (CPI).<\/p>\n<p>El Gobierno considera que las acciones de estos cabecillas constituyen cr\u00edmenes de lesa humanidad.<\/p>\n<h2>Luto, reclamos pol\u00edticos y ubicaci\u00f3n estrat\u00e9gica<\/h2>\n<p>La tragedia desat\u00f3 una ola de indignaci\u00f3n, como la expresada por Giovani Yule, director de la Unidad de Restituci\u00f3n de Tierras (URT) y oriundo de la regi\u00f3n.<\/p>\n<p>\u00abRechazamos de manera contundente y con profunda preocupaci\u00f3n los hechos terroristas ocurridos en el sector del t\u00fanel\u00bb, declar\u00f3 el funcionario.<\/p>\n<p>Desde la oposici\u00f3n pol\u00edtica, la candidata presidencial Paloma Valencia, del partido Centro Democr\u00e1tico, exigi\u00f3 mayor protecci\u00f3n estatal para el suroccidente.<\/p>\n<p>\u00abLas escenas de Cajib\u00edo, Cauca, son terribles. Toda la solidaridad con los ciudadanos. No m\u00e1s paz total\u00bb, manifest\u00f3 la tambi\u00e9n lideresa caucana.<\/p>\n<p>Cajib\u00edo es un municipio estrat\u00e9gico situado a treinta y cinco kil\u00f3metros de Popay\u00e1n, la capital caucana. Su ubicaci\u00f3n sobre la V\u00eda Panamericana lo convierte en un corredor vital para la conexi\u00f3n con el vecino departamento del Valle del Cauca.<\/p>\n<h2>Ataques simult\u00e1neos y despliegue militar en el suroccidente<\/h2>\n<p>El mort\u00edfero ataque ocurri\u00f3 de manera paralela a un consejo de seguridad en Cali, liderado por el ministro de Defensa, Pedro S\u00e1nchez Su\u00e1rez.<\/p>\n<p>En dicha reuni\u00f3n, se evaluaban los dos atentados perpetrados el viernes con cilindros bomba en el Valle del Cauca, los cuales no dejaron v\u00edctimas fatales.<\/p>\n<p>El primero de esos asaltos previos apunt\u00f3 al Batall\u00f3n Pichincha en Cali, sede de la Tercera Brigada del Ej\u00e9rcito, mientras que el segundo impact\u00f3 al Batall\u00f3n de Ingenieros Agust\u00edn Codazzi, en Palmira.<\/p>\n<p>Las autoridades militares atribuyen esta escalada terrorista a la columna Jaime Mart\u00ednez, perteneciente al EMC.<\/p>\n<p>Esta estructura criminal responde a las \u00f3rdenes de N\u00e9stor Gregorio Vera, alias Iv\u00e1n Mordisco, actual l\u00edder de las disidencias y el hombre m\u00e1s buscado de Colombia, por quien se ofrece una millonaria recompensa.<\/p>\n<p>Para agravar la crisis, la Aeron\u00e1utica Civil (Aerocivil) denunci\u00f3 que un grupo armado tambi\u00e9n atac\u00f3 el s\u00e1bado el radar de Santana, ubicado en la localidad de El Tambo, en el Cauca.<\/p>\n<p>Esta infraestructura es fundamental, pues se utiliza para controlar todo el tr\u00e1fico a\u00e9reo de esa convulsa regi\u00f3n del pa\u00eds.<\/p>\n<p><strong>Sala de redacci\u00f3n ND58 | Fuente: EFE<\/strong><br \/>\n<strong>Edici\u00f3n: Villasmil, Henry<\/strong><br \/>\n<strong>Gr\u00e1ficas: EFE<\/strong><\/p>\n<p>&nbsp;<\/p>\n<p>&nbsp;<\/p>\n<p>&nbsp;<\/p>\n<p>&nbsp;<\/p>\n<p>&nbsp;<\/p><div class=\"qcrme69edc732822ea\" ><p style=\"text-align: center;\"><a href=\"https:\/\/t.me\/noticiasdigital58\" target=\"_blank\" rel=\"noopener\"><img class=\"aligncenter size-full wp-image-125363\" src=\"https:\/\/digital58.com.ve\/site\/wp-content\/uploads\/2021\/04\/banner-telegram-web-2021.png\" alt=\"\" width=\"600\" height=\"90\" \/><\/a><\/p><\/div><style type=\"text\/css\">\r\n@media screen and (min-width: 1201px) {\r\n.qcrme69edc732822ea {\r\ndisplay: block;\r\n}\r\n}\r\n@media screen and (min-width: 993px) and (max-width: 1200px) {\r\n.qcrme69edc732822ea {\r\ndisplay: block;\r\n}\r\n}\r\n@media screen and (min-width: 769px) and (max-width: 992px) {\r\n.qcrme69edc732822ea {\r\ndisplay: block;\r\n}\r\n}\r\n@media screen and (min-width: 768px) and (max-width: 768px) {\r\n.qcrme69edc732822ea {\r\ndisplay: block;\r\n}\r\n}\r\n@media screen and (max-width: 767px) {\r\n.qcrme69edc732822ea {\r\ndisplay: block;\r\n}\r\n}\r\n<\/style>\r\n\n<p>&nbsp;<\/p>\n<div style=\"margin-top: 0px; margin-bottom: 0px;\" class=\"sharethis-inline-share-buttons\" ><\/div>","protected":false},"excerpt":{"rendered":"<p>Un ataque con cilindros bomba de las disidencias de las FARC destruy\u00f3 un autob\u00fas en Cajib\u00edo; el presidente Petro denunciar\u00e1<\/p>\n","protected":false},"author":1,"featured_media":194669,"comment_status":"open","ping_status":"closed","sticky":false,"template":"","format":"standard","meta":{"colormag_page_container_layout":"default_layout","colormag_page_sidebar_layout":"default_layout","_uag_custom_page_level_css":"","footnotes":""},"categories":[16451],"tags":[19923,98,26405,13766,15073,8,4277,21277],"class_list":["post-194667","post","type-post","status-publish","format-standard","has-post-thumbnail","hentry","category-mundo","tag-atentado-con-bomba","tag-colombia","tag-departamento-de-arauca","tag-fallecidos","tag-farc","tag-internacionales","tag-sucesos","tag-sucesos-internacionales"],"yoast_head":"<!-- This site is optimized with the Yoast SEO plugin v27.4 - https:\/\/yoast.com\/product\/yoast-seo-wordpress\/ -->\n<title>Atentado terrorista en el Cauca: 14 muertos y 38 heridos en la V\u00eda Panamericana<\/title>\n<meta name=\"description\" content=\"Atentado terrorista con cilindros bomba en la V\u00eda Panamericana (Cauca) deja 14 muertos y 38 heridos. Petro acudir\u00e1 a la CPI tras m\u00faltiples ataques del EMC.\" \/>\n<meta name=\"robots\" content=\"index, follow, max-snippet:-1, max-image-preview:large, max-video-preview:-1\" \/>\n<link rel=\"canonical\" href=\"https:\/\/digital58.com.ve\/site\/2026\/04\/26\/atentado-terrorista-en-el-cauca-14-muertos-y-38-heridos-en-la-via-panamericana\/\" \/>\n<meta property=\"og:locale\" content=\"es_ES\" \/>\n<meta property=\"og:type\" content=\"article\" \/>\n<meta property=\"og:title\" content=\"Atentado terrorista en el Cauca: 14 muertos y 38 heridos en la V\u00eda Panamericana\" \/>\n<meta property=\"og:description\" content=\"Atentado terrorista con cilindros bomba en la V\u00eda Panamericana (Cauca) deja 14 muertos y 38 heridos. Petro acudir\u00e1 a la CPI tras m\u00faltiples ataques del EMC.\" \/>\n<meta property=\"og:url\" content=\"https:\/\/digital58.com.ve\/site\/2026\/04\/26\/atentado-terrorista-en-el-cauca-14-muertos-y-38-heridos-en-la-via-panamericana\/\" \/>\n<meta property=\"og:site_name\" content=\"Noticias Digital58\" \/>\n<meta property=\"article:published_time\" content=\"2026-04-26T04:49:07+00:00\" \/>\n<meta property=\"og:image\" content=\"https:\/\/digital58.com.ve\/site\/wp-content\/uploads\/2026\/04\/atentado-cauca-1.webp\" \/>\n\t<meta property=\"og:image:width\" content=\"900\" \/>\n\t<meta property=\"og:image:height\" content=\"600\" \/>\n\t<meta property=\"og:image:type\" content=\"image\/webp\" \/>\n<meta name=\"author\" content=\"Villasmil Henry\" \/>\n<meta name=\"twitter:card\" content=\"summary_large_image\" \/>\n<meta name=\"twitter:creator\" content=\"@https:\/\/twitter.com\/villasmilhfoto\" \/>\n<meta name=\"twitter:site\" content=\"@villasmilhfoto\" \/>\n<meta name=\"twitter:label1\" content=\"Escrito por\" \/>\n\t<meta name=\"twitter:data1\" content=\"Villasmil Henry\" \/>\n\t<meta name=\"twitter:label2\" content=\"Tiempo estimado de lectura\" \/>\n\t<meta name=\"twitter:data2\" content=\"4 minutos\" \/>\n<script type=\"application\/ld+json\" class=\"yoast-schema-graph\">{\"@context\":\"https:\\\/\\\/schema.org\",\"@graph\":[{\"@type\":\"Article\",\"@id\":\"https:\\\/\\\/digital58.com.ve\\\/site\\\/2026\\\/04\\\/26\\\/atentado-terrorista-en-el-cauca-14-muertos-y-38-heridos-en-la-via-panamericana\\\/#article\",\"isPartOf\":{\"@id\":\"https:\\\/\\\/digital58.com.ve\\\/site\\\/2026\\\/04\\\/26\\\/atentado-terrorista-en-el-cauca-14-muertos-y-38-heridos-en-la-via-panamericana\\\/\"},\"author\":{\"name\":\"Villasmil Henry\",\"@id\":\"https:\\\/\\\/digital58.com.ve\\\/site\\\/#\\\/schema\\\/person\\\/64d1c2e4d0d4fd1b849980c4331c2951\"},\"headline\":\"Atentado terrorista en el Cauca: 14 muertos y 38 heridos en la V\u00eda Panamericana\",\"datePublished\":\"2026-04-26T04:49:07+00:00\",\"mainEntityOfPage\":{\"@id\":\"https:\\\/\\\/digital58.com.ve\\\/site\\\/2026\\\/04\\\/26\\\/atentado-terrorista-en-el-cauca-14-muertos-y-38-heridos-en-la-via-panamericana\\\/\"},\"wordCount\":768,\"commentCount\":0,\"publisher\":{\"@id\":\"https:\\\/\\\/digital58.com.ve\\\/site\\\/#\\\/schema\\\/person\\\/64d1c2e4d0d4fd1b849980c4331c2951\"},\"image\":{\"@id\":\"https:\\\/\\\/digital58.com.ve\\\/site\\\/2026\\\/04\\\/26\\\/atentado-terrorista-en-el-cauca-14-muertos-y-38-heridos-en-la-via-panamericana\\\/#primaryimage\"},\"thumbnailUrl\":\"https:\\\/\\\/digital58.com.ve\\\/site\\\/wp-content\\\/uploads\\\/2026\\\/04\\\/atentado-cauca-1.webp\",\"keywords\":[\"Atentado con bomba\",\"Colombia\",\"Departamento de Arauca\",\"Fallecidos\",\"FARC\",\"Internacionales\",\"Sucesos\",\"Sucesos internacionales\"],\"articleSection\":[\"Mundo\"],\"inLanguage\":\"es\",\"potentialAction\":[{\"@type\":\"CommentAction\",\"name\":\"Comment\",\"target\":[\"https:\\\/\\\/digital58.com.ve\\\/site\\\/2026\\\/04\\\/26\\\/atentado-terrorista-en-el-cauca-14-muertos-y-38-heridos-en-la-via-panamericana\\\/#respond\"]}]},{\"@type\":\"WebPage\",\"@id\":\"https:\\\/\\\/digital58.com.ve\\\/site\\\/2026\\\/04\\\/26\\\/atentado-terrorista-en-el-cauca-14-muertos-y-38-heridos-en-la-via-panamericana\\\/\",\"url\":\"https:\\\/\\\/digital58.com.ve\\\/site\\\/2026\\\/04\\\/26\\\/atentado-terrorista-en-el-cauca-14-muertos-y-38-heridos-en-la-via-panamericana\\\/\",\"name\":\"Atentado terrorista en el Cauca: 14 muertos y 38 heridos en la V\u00eda Panamericana\",\"isPartOf\":{\"@id\":\"https:\\\/\\\/digital58.com.ve\\\/site\\\/#website\"},\"primaryImageOfPage\":{\"@id\":\"https:\\\/\\\/digital58.com.ve\\\/site\\\/2026\\\/04\\\/26\\\/atentado-terrorista-en-el-cauca-14-muertos-y-38-heridos-en-la-via-panamericana\\\/#primaryimage\"},\"image\":{\"@id\":\"https:\\\/\\\/digital58.com.ve\\\/site\\\/2026\\\/04\\\/26\\\/atentado-terrorista-en-el-cauca-14-muertos-y-38-heridos-en-la-via-panamericana\\\/#primaryimage\"},\"thumbnailUrl\":\"https:\\\/\\\/digital58.com.ve\\\/site\\\/wp-content\\\/uploads\\\/2026\\\/04\\\/atentado-cauca-1.webp\",\"datePublished\":\"2026-04-26T04:49:07+00:00\",\"description\":\"Atentado terrorista con cilindros bomba en la V\u00eda Panamericana (Cauca) deja 14 muertos y 38 heridos. Petro acudir\u00e1 a la CPI tras m\u00faltiples ataques del EMC.\",\"breadcrumb\":{\"@id\":\"https:\\\/\\\/digital58.com.ve\\\/site\\\/2026\\\/04\\\/26\\\/atentado-terrorista-en-el-cauca-14-muertos-y-38-heridos-en-la-via-panamericana\\\/#breadcrumb\"},\"inLanguage\":\"es\",\"potentialAction\":[{\"@type\":\"ReadAction\",\"target\":[\"https:\\\/\\\/digital58.com.ve\\\/site\\\/2026\\\/04\\\/26\\\/atentado-terrorista-en-el-cauca-14-muertos-y-38-heridos-en-la-via-panamericana\\\/\"]}]},{\"@type\":\"ImageObject\",\"inLanguage\":\"es\",\"@id\":\"https:\\\/\\\/digital58.com.ve\\\/site\\\/2026\\\/04\\\/26\\\/atentado-terrorista-en-el-cauca-14-muertos-y-38-heridos-en-la-via-panamericana\\\/#primaryimage\",\"url\":\"https:\\\/\\\/digital58.com.ve\\\/site\\\/wp-content\\\/uploads\\\/2026\\\/04\\\/atentado-cauca-1.webp\",\"contentUrl\":\"https:\\\/\\\/digital58.com.ve\\\/site\\\/wp-content\\\/uploads\\\/2026\\\/04\\\/atentado-cauca-1.webp\",\"width\":900,\"height\":600},{\"@type\":\"BreadcrumbList\",\"@id\":\"https:\\\/\\\/digital58.com.ve\\\/site\\\/2026\\\/04\\\/26\\\/atentado-terrorista-en-el-cauca-14-muertos-y-38-heridos-en-la-via-panamericana\\\/#breadcrumb\",\"itemListElement\":[{\"@type\":\"ListItem\",\"position\":1,\"name\":\"Home\",\"item\":\"https:\\\/\\\/digital58.com.ve\\\/site\\\/\"},{\"@type\":\"ListItem\",\"position\":2,\"name\":\"Atentado terrorista en el Cauca: 14 muertos y 38 heridos en la V\u00eda Panamericana\"}]},{\"@type\":\"WebSite\",\"@id\":\"https:\\\/\\\/digital58.com.ve\\\/site\\\/#website\",\"url\":\"https:\\\/\\\/digital58.com.ve\\\/site\\\/\",\"name\":\"Noticias Digital58\",\"description\":\"Portal de Noticias \u00a1Periodismo web de verdad! Lanzamiento web 22.11.2005 \\\/ Maracaibo, Venezuela\",\"publisher\":{\"@id\":\"https:\\\/\\\/digital58.com.ve\\\/site\\\/#\\\/schema\\\/person\\\/64d1c2e4d0d4fd1b849980c4331c2951\"},\"alternateName\":\"ND58\",\"potentialAction\":[{\"@type\":\"SearchAction\",\"target\":{\"@type\":\"EntryPoint\",\"urlTemplate\":\"https:\\\/\\\/digital58.com.ve\\\/site\\\/?s={search_term_string}\"},\"query-input\":{\"@type\":\"PropertyValueSpecification\",\"valueRequired\":true,\"valueName\":\"search_term_string\"}}],\"inLanguage\":\"es\"},{\"@type\":[\"Person\",\"Organization\"],\"@id\":\"https:\\\/\\\/digital58.com.ve\\\/site\\\/#\\\/schema\\\/person\\\/64d1c2e4d0d4fd1b849980c4331c2951\",\"name\":\"Villasmil Henry\",\"image\":{\"@type\":\"ImageObject\",\"inLanguage\":\"es\",\"@id\":\"https:\\\/\\\/secure.gravatar.com\\\/avatar\\\/bb0c4a2fcb7970138239f7e404ea75757b1b507b28b5ce4c53fbd62d797c5a7c?s=96&d=mm&r=g\",\"url\":\"https:\\\/\\\/secure.gravatar.com\\\/avatar\\\/bb0c4a2fcb7970138239f7e404ea75757b1b507b28b5ce4c53fbd62d797c5a7c?s=96&d=mm&r=g\",\"contentUrl\":\"https:\\\/\\\/secure.gravatar.com\\\/avatar\\\/bb0c4a2fcb7970138239f7e404ea75757b1b507b28b5ce4c53fbd62d797c5a7c?s=96&d=mm&r=g\",\"caption\":\"Villasmil Henry\"},\"logo\":{\"@id\":\"https:\\\/\\\/secure.gravatar.com\\\/avatar\\\/bb0c4a2fcb7970138239f7e404ea75757b1b507b28b5ce4c53fbd62d797c5a7c?s=96&d=mm&r=g\"},\"sameAs\":[\"http:\\\/\\\/www.henryvillasmil.com.ve\",\"https:\\\/\\\/www.instagram.com\\\/villasmilhfoto\\\/\",\"https:\\\/\\\/x.com\\\/https:\\\/\\\/twitter.com\\\/villasmilhfoto\"],\"url\":\"https:\\\/\\\/digital58.com.ve\\\/site\\\/author\\\/droopy_68\\\/\"}]}<\/script>\n<!-- \/ Yoast SEO plugin. -->","yoast_head_json":{"title":"Atentado terrorista en el Cauca: 14 muertos y 38 heridos en la V\u00eda Panamericana","description":"Atentado terrorista con cilindros bomba en la V\u00eda Panamericana (Cauca) deja 14 muertos y 38 heridos. Petro acudir\u00e1 a la CPI tras m\u00faltiples ataques del EMC.","robots":{"index":"index","follow":"follow","max-snippet":"max-snippet:-1","max-image-preview":"max-image-preview:large","max-video-preview":"max-video-preview:-1"},"canonical":"https:\/\/digital58.com.ve\/site\/2026\/04\/26\/atentado-terrorista-en-el-cauca-14-muertos-y-38-heridos-en-la-via-panamericana\/","og_locale":"es_ES","og_type":"article","og_title":"Atentado terrorista en el Cauca: 14 muertos y 38 heridos en la V\u00eda Panamericana","og_description":"Atentado terrorista con cilindros bomba en la V\u00eda Panamericana (Cauca) deja 14 muertos y 38 heridos. Petro acudir\u00e1 a la CPI tras m\u00faltiples ataques del EMC.","og_url":"https:\/\/digital58.com.ve\/site\/2026\/04\/26\/atentado-terrorista-en-el-cauca-14-muertos-y-38-heridos-en-la-via-panamericana\/","og_site_name":"Noticias Digital58","article_published_time":"2026-04-26T04:49:07+00:00","og_image":[{"width":900,"height":600,"url":"https:\/\/digital58.com.ve\/site\/wp-content\/uploads\/2026\/04\/atentado-cauca-1.webp","type":"image\/webp"}],"author":"Villasmil Henry","twitter_card":"summary_large_image","twitter_creator":"@https:\/\/twitter.com\/villasmilhfoto","twitter_site":"@villasmilhfoto","twitter_misc":{"Escrito por":"Villasmil Henry","Tiempo estimado de lectura":"4 minutos"},"schema":{"@context":"https:\/\/schema.org","@graph":[{"@type":"Article","@id":"https:\/\/digital58.com.ve\/site\/2026\/04\/26\/atentado-terrorista-en-el-cauca-14-muertos-y-38-heridos-en-la-via-panamericana\/#article","isPartOf":{"@id":"https:\/\/digital58.com.ve\/site\/2026\/04\/26\/atentado-terrorista-en-el-cauca-14-muertos-y-38-heridos-en-la-via-panamericana\/"},"author":{"name":"Villasmil Henry","@id":"https:\/\/digital58.com.ve\/site\/#\/schema\/person\/64d1c2e4d0d4fd1b849980c4331c2951"},"headline":"Atentado terrorista en el Cauca: 14 muertos y 38 heridos en la V\u00eda Panamericana","datePublished":"2026-04-26T04:49:07+00:00","mainEntityOfPage":{"@id":"https:\/\/digital58.com.ve\/site\/2026\/04\/26\/atentado-terrorista-en-el-cauca-14-muertos-y-38-heridos-en-la-via-panamericana\/"},"wordCount":768,"commentCount":0,"publisher":{"@id":"https:\/\/digital58.com.ve\/site\/#\/schema\/person\/64d1c2e4d0d4fd1b849980c4331c2951"},"image":{"@id":"https:\/\/digital58.com.ve\/site\/2026\/04\/26\/atentado-terrorista-en-el-cauca-14-muertos-y-38-heridos-en-la-via-panamericana\/#primaryimage"},"thumbnailUrl":"https:\/\/digital58.com.ve\/site\/wp-content\/uploads\/2026\/04\/atentado-cauca-1.webp","keywords":["Atentado con bomba","Colombia","Departamento de Arauca","Fallecidos","FARC","Internacionales","Sucesos","Sucesos internacionales"],"articleSection":["Mundo"],"inLanguage":"es","potentialAction":[{"@type":"CommentAction","name":"Comment","target":["https:\/\/digital58.com.ve\/site\/2026\/04\/26\/atentado-terrorista-en-el-cauca-14-muertos-y-38-heridos-en-la-via-panamericana\/#respond"]}]},{"@type":"WebPage","@id":"https:\/\/digital58.com.ve\/site\/2026\/04\/26\/atentado-terrorista-en-el-cauca-14-muertos-y-38-heridos-en-la-via-panamericana\/","url":"https:\/\/digital58.com.ve\/site\/2026\/04\/26\/atentado-terrorista-en-el-cauca-14-muertos-y-38-heridos-en-la-via-panamericana\/","name":"Atentado terrorista en el Cauca: 14 muertos y 38 heridos en la V\u00eda Panamericana","isPartOf":{"@id":"https:\/\/digital58.com.ve\/site\/#website"},"primaryImageOfPage":{"@id":"https:\/\/digital58.com.ve\/site\/2026\/04\/26\/atentado-terrorista-en-el-cauca-14-muertos-y-38-heridos-en-la-via-panamericana\/#primaryimage"},"image":{"@id":"https:\/\/digital58.com.ve\/site\/2026\/04\/26\/atentado-terrorista-en-el-cauca-14-muertos-y-38-heridos-en-la-via-panamericana\/#primaryimage"},"thumbnailUrl":"https:\/\/digital58.com.ve\/site\/wp-content\/uploads\/2026\/04\/atentado-cauca-1.webp","datePublished":"2026-04-26T04:49:07+00:00","description":"Atentado terrorista con cilindros bomba en la V\u00eda Panamericana (Cauca) deja 14 muertos y 38 heridos. Petro acudir\u00e1 a la CPI tras m\u00faltiples ataques del EMC.","breadcrumb":{"@id":"https:\/\/digital58.com.ve\/site\/2026\/04\/26\/atentado-terrorista-en-el-cauca-14-muertos-y-38-heridos-en-la-via-panamericana\/#breadcrumb"},"inLanguage":"es","potentialAction":[{"@type":"ReadAction","target":["https:\/\/digital58.com.ve\/site\/2026\/04\/26\/atentado-terrorista-en-el-cauca-14-muertos-y-38-heridos-en-la-via-panamericana\/"]}]},{"@type":"ImageObject","inLanguage":"es","@id":"https:\/\/digital58.com.ve\/site\/2026\/04\/26\/atentado-terrorista-en-el-cauca-14-muertos-y-38-heridos-en-la-via-panamericana\/#primaryimage","url":"https:\/\/digital58.com.ve\/site\/wp-content\/uploads\/2026\/04\/atentado-cauca-1.webp","contentUrl":"https:\/\/digital58.com.ve\/site\/wp-content\/uploads\/2026\/04\/atentado-cauca-1.webp","width":900,"height":600},{"@type":"BreadcrumbList","@id":"https:\/\/digital58.com.ve\/site\/2026\/04\/26\/atentado-terrorista-en-el-cauca-14-muertos-y-38-heridos-en-la-via-panamericana\/#breadcrumb","itemListElement":[{"@type":"ListItem","position":1,"name":"Home","item":"https:\/\/digital58.com.ve\/site\/"},{"@type":"ListItem","position":2,"name":"Atentado terrorista en el Cauca: 14 muertos y 38 heridos en la V\u00eda Panamericana"}]},{"@type":"WebSite","@id":"https:\/\/digital58.com.ve\/site\/#website","url":"https:\/\/digital58.com.ve\/site\/","name":"Noticias Digital58","description":"Portal de Noticias \u00a1Periodismo web de verdad! Lanzamiento web 22.11.2005 \/ Maracaibo, Venezuela","publisher":{"@id":"https:\/\/digital58.com.ve\/site\/#\/schema\/person\/64d1c2e4d0d4fd1b849980c4331c2951"},"alternateName":"ND58","potentialAction":[{"@type":"SearchAction","target":{"@type":"EntryPoint","urlTemplate":"https:\/\/digital58.com.ve\/site\/?s={search_term_string}"},"query-input":{"@type":"PropertyValueSpecification","valueRequired":true,"valueName":"search_term_string"}}],"inLanguage":"es"},{"@type":["Person","Organization"],"@id":"https:\/\/digital58.com.ve\/site\/#\/schema\/person\/64d1c2e4d0d4fd1b849980c4331c2951","name":"Villasmil Henry","image":{"@type":"ImageObject","inLanguage":"es","@id":"https:\/\/secure.gravatar.com\/avatar\/bb0c4a2fcb7970138239f7e404ea75757b1b507b28b5ce4c53fbd62d797c5a7c?s=96&d=mm&r=g","url":"https:\/\/secure.gravatar.com\/avatar\/bb0c4a2fcb7970138239f7e404ea75757b1b507b28b5ce4c53fbd62d797c5a7c?s=96&d=mm&r=g","contentUrl":"https:\/\/secure.gravatar.com\/avatar\/bb0c4a2fcb7970138239f7e404ea75757b1b507b28b5ce4c53fbd62d797c5a7c?s=96&d=mm&r=g","caption":"Villasmil Henry"},"logo":{"@id":"https:\/\/secure.gravatar.com\/avatar\/bb0c4a2fcb7970138239f7e404ea75757b1b507b28b5ce4c53fbd62d797c5a7c?s=96&d=mm&r=g"},"sameAs":["http:\/\/www.henryvillasmil.com.ve","https:\/\/www.instagram.com\/villasmilhfoto\/","https:\/\/x.com\/https:\/\/twitter.com\/villasmilhfoto"],"url":"https:\/\/digital58.com.ve\/site\/author\/droopy_68\/"}]}},"uagb_featured_image_src":{"full":["https:\/\/digital58.com.ve\/site\/wp-content\/uploads\/2026\/04\/atentado-cauca-1.webp",900,600,false],"thumbnail":["https:\/\/digital58.com.ve\/site\/wp-content\/uploads\/2026\/04\/atentado-cauca-1-150x150.webp",150,150,true],"medium":["https:\/\/digital58.com.ve\/site\/wp-content\/uploads\/2026\/04\/atentado-cauca-1-300x200.webp",300,200,true],"medium_large":["https:\/\/digital58.com.ve\/site\/wp-content\/uploads\/2026\/04\/atentado-cauca-1-768x512.webp",768,512,true],"large":["https:\/\/digital58.com.ve\/site\/wp-content\/uploads\/2026\/04\/atentado-cauca-1.webp",800,533,false],"1536x1536":["https:\/\/digital58.com.ve\/site\/wp-content\/uploads\/2026\/04\/atentado-cauca-1.webp",900,600,false],"2048x2048":["https:\/\/digital58.com.ve\/site\/wp-content\/uploads\/2026\/04\/atentado-cauca-1.webp",900,600,false],"colormag-highlighted-post":["https:\/\/digital58.com.ve\/site\/wp-content\/uploads\/2026\/04\/atentado-cauca-1-392x272.webp",392,272,true],"colormag-featured-post-medium":["https:\/\/digital58.com.ve\/site\/wp-content\/uploads\/2026\/04\/atentado-cauca-1-390x205.webp",390,205,true],"colormag-featured-post-small":["https:\/\/digital58.com.ve\/site\/wp-content\/uploads\/2026\/04\/atentado-cauca-1-130x90.webp",130,90,true],"colormag-featured-image":["https:\/\/digital58.com.ve\/site\/wp-content\/uploads\/2026\/04\/atentado-cauca-1-800x445.webp",800,445,true],"colormag-default-news":["https:\/\/digital58.com.ve\/site\/wp-content\/uploads\/2026\/04\/atentado-cauca-1-150x150.webp",150,150,true],"colormag-featured-image-large":["https:\/\/digital58.com.ve\/site\/wp-content\/uploads\/2026\/04\/atentado-cauca-1.webp",900,600,false]},"uagb_author_info":{"display_name":"Villasmil Henry","author_link":"https:\/\/digital58.com.ve\/site\/author\/droopy_68\/"},"uagb_comment_info":0,"uagb_excerpt":"Un ataque con cilindros bomba de las disidencias de las FARC destruy\u00f3 un autob\u00fas en Cajib\u00edo; el presidente Petro denunciar\u00e1","_links":{"self":[{"href":"https:\/\/digital58.com.ve\/site\/wp-json\/wp\/v2\/posts\/194667","targetHints":{"allow":["GET"]}}],"collection":[{"href":"https:\/\/digital58.com.ve\/site\/wp-json\/wp\/v2\/posts"}],"about":[{"href":"https:\/\/digital58.com.ve\/site\/wp-json\/wp\/v2\/types\/post"}],"author":[{"embeddable":true,"href":"https:\/\/digital58.com.ve\/site\/wp-json\/wp\/v2\/users\/1"}],"replies":[{"embeddable":true,"href":"https:\/\/digital58.com.ve\/site\/wp-json\/wp\/v2\/comments?post=194667"}],"version-history":[{"count":2,"href":"https:\/\/digital58.com.ve\/site\/wp-json\/wp\/v2\/posts\/194667\/revisions"}],"predecessor-version":[{"id":194671,"href":"https:\/\/digital58.com.ve\/site\/wp-json\/wp\/v2\/posts\/194667\/revisions\/194671"}],"wp:featuredmedia":[{"embeddable":true,"href":"https:\/\/digital58.com.ve\/site\/wp-json\/wp\/v2\/media\/194669"}],"wp:attachment":[{"href":"https:\/\/digital58.com.ve\/site\/wp-json\/wp\/v2\/media?parent=194667"}],"wp:term":[{"taxonomy":"category","embeddable":true,"href":"https:\/\/digital58.com.ve\/site\/wp-json\/wp\/v2\/categories?post=194667"},{"taxonomy":"post_tag","embeddable":true,"href":"https:\/\/digital58.com.ve\/site\/wp-json\/wp\/v2\/tags?post=194667"}],"curies":[{"name":"wp","href":"https:\/\/api.w.org\/{rel}","templated":true}]}}