{"id":194791,"date":"2026-05-01T19:22:02","date_gmt":"2026-05-01T23:22:02","guid":{"rendered":"https:\/\/digital58.com.ve\/site\/?p=194791"},"modified":"2026-05-01T19:35:45","modified_gmt":"2026-05-01T23:35:45","slug":"protesta-en-sucre-por-insuficiente-aumento-del-salario-minimo","status":"publish","type":"post","link":"https:\/\/digital58.com.ve\/site\/2026\/05\/01\/protesta-en-sucre-por-insuficiente-aumento-del-salario-minimo\/","title":{"rendered":"Protesta en Sucre por insuficiente aumento del salario m\u00ednimo"},"content":{"rendered":"<p><a class=\"keychainify-checked\" href=\"https:\/\/digital58.com.ve\/site\/wp-content\/uploads\/2026\/05\/protestas-cumana-26-5.webp\"><img loading=\"lazy\" decoding=\"async\" class=\"aligncenter wp-image-194794 size-full\" src=\"https:\/\/digital58.com.ve\/site\/wp-content\/uploads\/2026\/05\/protestas-cumana-26-5.webp\" alt=\"Este viernes 01 de mayo, gremios laborales, jubilados y pensionados del estado Sucre marcharon en Cuman\u00e1 para repudiar el reciente ajuste de ingresos anunciado por el Ejecutivo nacional. Los manifestantes calificaron de burla el monto fijado y advirtieron que no cubre las necesidades elementales para la subsistencia.\" width=\"900\" height=\"600\" srcset=\"https:\/\/digital58.com.ve\/site\/wp-content\/uploads\/2026\/05\/protestas-cumana-26-5.webp 900w, https:\/\/digital58.com.ve\/site\/wp-content\/uploads\/2026\/05\/protestas-cumana-26-5-300x200.webp 300w, https:\/\/digital58.com.ve\/site\/wp-content\/uploads\/2026\/05\/protestas-cumana-26-5-768x512.webp 768w\" sizes=\"auto, (max-width: 900px) 100vw, 900px\" \/><\/a><\/p>\n<blockquote><p>Sindicatos y jubilados en Cuman\u00e1 rechazan el ingreso integral de doscientos cuarenta d\u00f3lares, y exigen mejoras laborales y soluciones a la crisis h\u00eddrica.<\/p><\/blockquote>\n<p><strong>Cuman\u00e1, Sucre, Venezuela, 01 de mayo de 2026 (ND58).-<\/strong> Este viernes 01 de mayo, gremios laborales, jubilados y pensionados del estado Sucre marcharon en Cuman\u00e1 para repudiar el reciente ajuste de ingresos anunciado por el Ejecutivo nacional. Los manifestantes calificaron de burla el monto fijado y advirtieron que no cubre las necesidades elementales para la subsistencia.<\/p>\n<p>La movilizaci\u00f3n, enmarcada en el D\u00eda Internacional del Trabajador, parti\u00f3 del sector La Copita y concluy\u00f3 en las inmediaciones de la iglesia Virgen del Valle.<\/p>\n<p><a class=\"keychainify-checked\" href=\"https:\/\/digital58.com.ve\/site\/wp-content\/uploads\/2026\/05\/protestas-cumana-26-2.webp\"><img loading=\"lazy\" decoding=\"async\" class=\"aligncenter size-full wp-image-194797\" src=\"https:\/\/digital58.com.ve\/site\/wp-content\/uploads\/2026\/05\/protestas-cumana-26-2.webp\" alt=\"\" width=\"900\" height=\"600\" srcset=\"https:\/\/digital58.com.ve\/site\/wp-content\/uploads\/2026\/05\/protestas-cumana-26-2.webp 900w, https:\/\/digital58.com.ve\/site\/wp-content\/uploads\/2026\/05\/protestas-cumana-26-2-300x200.webp 300w, https:\/\/digital58.com.ve\/site\/wp-content\/uploads\/2026\/05\/protestas-cumana-26-2-768x512.webp 768w\" sizes=\"auto, (max-width: 900px) 100vw, 900px\" \/><\/a><\/p>\n<p>El descontento principal obedece a que el sueldo base se mantiene en apenas cincuenta d\u00f3lares, mientras el resto del ingreso integral establecido corresponde a bonificaciones que carecen de incidencia prestacional.<\/p>\n<h2>Rechazo a las pol\u00edticas econ\u00f3micas<\/h2>\n<p>Los afectados afirmaron que esta medida econ\u00f3mica incumple la promesa gubernamental de garantizar el acceso real a la canasta b\u00e1sica alimentaria.<\/p>\n<p>Se\u00f1alaron con firmeza que resulta imposible sostener a sus familias o proyectar un futuro bajo estas condiciones salariales.<\/p>\n<p><a class=\"keychainify-checked\" href=\"https:\/\/digital58.com.ve\/site\/wp-content\/uploads\/2026\/05\/protestas-cumana-26-1.webp\"><img loading=\"lazy\" decoding=\"async\" class=\"aligncenter size-full wp-image-194798\" src=\"https:\/\/digital58.com.ve\/site\/wp-content\/uploads\/2026\/05\/protestas-cumana-26-1.webp\" alt=\"\" width=\"900\" height=\"600\" srcset=\"https:\/\/digital58.com.ve\/site\/wp-content\/uploads\/2026\/05\/protestas-cumana-26-1.webp 900w, https:\/\/digital58.com.ve\/site\/wp-content\/uploads\/2026\/05\/protestas-cumana-26-1-300x200.webp 300w, https:\/\/digital58.com.ve\/site\/wp-content\/uploads\/2026\/05\/protestas-cumana-26-1-768x512.webp 768w\" sizes=\"auto, (max-width: 900px) 100vw, 900px\" \/><\/a><\/p>\n<p>Reina Gedeon, representante regional de la organizaci\u00f3n pol\u00edtica Vente Venezuela, sostuvo que las directrices anunciadas por la funcionaria Delcy Rodr\u00edguez someten a la poblaci\u00f3n a una mayor precariedad y vulnerabilidad.<\/p>\n<p>\u00abEste monto no es suficiente para cubrir gastos en medicamentos y alimentaci\u00f3n\u00bb, asever\u00f3 la dirigente pol\u00edtica durante la concentraci\u00f3n.<\/p>\n<p><a class=\"keychainify-checked\" href=\"https:\/\/digital58.com.ve\/site\/wp-content\/uploads\/2026\/05\/protestas-cumana-26-4.webp\"><img loading=\"lazy\" decoding=\"async\" class=\"aligncenter size-full wp-image-194795\" src=\"https:\/\/digital58.com.ve\/site\/wp-content\/uploads\/2026\/05\/protestas-cumana-26-4.webp\" alt=\"\" width=\"900\" height=\"600\" srcset=\"https:\/\/digital58.com.ve\/site\/wp-content\/uploads\/2026\/05\/protestas-cumana-26-4.webp 900w, https:\/\/digital58.com.ve\/site\/wp-content\/uploads\/2026\/05\/protestas-cumana-26-4-300x200.webp 300w, https:\/\/digital58.com.ve\/site\/wp-content\/uploads\/2026\/05\/protestas-cumana-26-4-768x512.webp 768w\" sizes=\"auto, (max-width: 900px) 100vw, 900px\" \/><\/a><\/p>\n<h2>Crisis de servicios y exigencias pol\u00edticas<\/h2>\n<p>Durante la jornada de protesta, los ciudadanos tambi\u00e9n alzaron la voz contra la severa emergencia h\u00eddrica que padecen desde hace m\u00e1s de dos meses.<\/p>\n<p>Explicaron que la prolongada falta de agua potable por tuber\u00edas ha desatado una verdadera crisis humanitaria en tres municipios de la entidad oriental.<\/p>\n<p><a class=\"keychainify-checked\" href=\"https:\/\/digital58.com.ve\/site\/wp-content\/uploads\/2026\/05\/protestas-cumana-26-3.webp\"><img loading=\"lazy\" decoding=\"async\" class=\"aligncenter size-full wp-image-194796\" src=\"https:\/\/digital58.com.ve\/site\/wp-content\/uploads\/2026\/05\/protestas-cumana-26-3.webp\" alt=\"\" width=\"900\" height=\"600\" srcset=\"https:\/\/digital58.com.ve\/site\/wp-content\/uploads\/2026\/05\/protestas-cumana-26-3.webp 900w, https:\/\/digital58.com.ve\/site\/wp-content\/uploads\/2026\/05\/protestas-cumana-26-3-300x200.webp 300w, https:\/\/digital58.com.ve\/site\/wp-content\/uploads\/2026\/05\/protestas-cumana-26-3-768x512.webp 768w\" sizes=\"auto, (max-width: 900px) 100vw, 900px\" \/><\/a><\/p>\n<p>En este sentido, instaron a la administraci\u00f3n regional, encabezada por Jhoanna Carrillo, a rendir cuentas y presentar un plan t\u00e9cnico claro para la restituci\u00f3n definitiva del servicio.<\/p>\n<h3>Convocatoria a la protesta continua<\/h3>\n<p>En el \u00e1mbito c\u00edvico, los asistentes aprovecharon la tribuna para exigir la celebraci\u00f3n de elecciones libres, ampar\u00e1ndose en el estricto cumplimiento de la normativa constitucional venezolana.<\/p>\n<p>Finalmente, ratificaron que continuar\u00e1n la protesta pac\u00edfica en las calles hasta conquistar verdaderas reivindicaciones laborales y la restituci\u00f3n democr\u00e1tica de la naci\u00f3n.<\/p>\n<p><a class=\"keychainify-checked\" href=\"https:\/\/digital58.com.ve\/site\/wp-content\/uploads\/2026\/05\/protestas-cumana-26-6.webp\"><img loading=\"lazy\" decoding=\"async\" class=\"aligncenter size-full wp-image-194793\" src=\"https:\/\/digital58.com.ve\/site\/wp-content\/uploads\/2026\/05\/protestas-cumana-26-6.webp\" alt=\"\" width=\"900\" height=\"600\" srcset=\"https:\/\/digital58.com.ve\/site\/wp-content\/uploads\/2026\/05\/protestas-cumana-26-6.webp 900w, https:\/\/digital58.com.ve\/site\/wp-content\/uploads\/2026\/05\/protestas-cumana-26-6-300x200.webp 300w, https:\/\/digital58.com.ve\/site\/wp-content\/uploads\/2026\/05\/protestas-cumana-26-6-768x512.webp 768w\" sizes=\"auto, (max-width: 900px) 100vw, 900px\" \/><\/a><\/p>\n<p><a class=\"keychainify-checked\" href=\"https:\/\/digital58.com.ve\/site\/wp-content\/uploads\/2026\/05\/protestas-cumana-26-7.webp\"><img loading=\"lazy\" decoding=\"async\" class=\"aligncenter size-full wp-image-194792\" src=\"https:\/\/digital58.com.ve\/site\/wp-content\/uploads\/2026\/05\/protestas-cumana-26-7.webp\" alt=\"\" width=\"900\" height=\"600\" srcset=\"https:\/\/digital58.com.ve\/site\/wp-content\/uploads\/2026\/05\/protestas-cumana-26-7.webp 900w, https:\/\/digital58.com.ve\/site\/wp-content\/uploads\/2026\/05\/protestas-cumana-26-7-300x200.webp 300w, https:\/\/digital58.com.ve\/site\/wp-content\/uploads\/2026\/05\/protestas-cumana-26-7-768x512.webp 768w\" sizes=\"auto, (max-width: 900px) 100vw, 900px\" \/><\/a><\/p>\n<p><strong>Sala de redacci\u00f3n ND58 \/ Rivero Yegres, Edwin, Corresponsal Cuman\u00e1<\/strong><br \/>\n<strong>Edici\u00f3n: Villasmil, Henry<\/strong><br \/>\n<strong>Gr\u00e1ficas: Rivero Yegres, Edwin, Corresponsal Cuman\u00e1<\/strong><\/p>\n<p>&nbsp;<\/p>\n<p>&nbsp;<\/p>\n<p>&nbsp;<\/p><div class=\"msqgr69f55362d931f\" ><p style=\"text-align: center;\"><a href=\"https:\/\/t.me\/noticiasdigital58\" target=\"_blank\" rel=\"noopener\"><img class=\"aligncenter size-full wp-image-125363\" src=\"https:\/\/digital58.com.ve\/site\/wp-content\/uploads\/2021\/04\/banner-telegram-web-2021.png\" alt=\"\" width=\"600\" height=\"90\" \/><\/a><\/p><\/div><style type=\"text\/css\">\r\n@media screen and (min-width: 1201px) {\r\n.msqgr69f55362d931f {\r\ndisplay: block;\r\n}\r\n}\r\n@media screen and (min-width: 993px) and (max-width: 1200px) {\r\n.msqgr69f55362d931f {\r\ndisplay: block;\r\n}\r\n}\r\n@media screen and (min-width: 769px) and (max-width: 992px) {\r\n.msqgr69f55362d931f {\r\ndisplay: block;\r\n}\r\n}\r\n@media screen and (min-width: 768px) and (max-width: 768px) {\r\n.msqgr69f55362d931f {\r\ndisplay: block;\r\n}\r\n}\r\n@media screen and (max-width: 767px) {\r\n.msqgr69f55362d931f {\r\ndisplay: block;\r\n}\r\n}\r\n<\/style>\r\n\n<p>&nbsp;<\/p>\n<div style=\"margin-top: 0px; margin-bottom: 0px;\" class=\"sharethis-inline-share-buttons\" ><\/div>","protected":false},"excerpt":{"rendered":"<p>Sindicatos y jubilados en Cuman\u00e1 rechazan el ingreso integral de doscientos cuarenta d\u00f3lares, y exigen mejoras laborales y soluciones a<\/p>\n","protected":false},"author":1,"featured_media":194795,"comment_status":"open","ping_status":"closed","sticky":false,"template":"","format":"standard","meta":{"colormag_page_container_layout":"default_layout","colormag_page_sidebar_layout":"default_layout","_uag_custom_page_level_css":"","footnotes":""},"categories":[35204],"tags":[2264,16743,233,35890],"class_list":["post-194791","post","type-post","status-publish","format-standard","has-post-thumbnail","hentry","category-corresponsalia-sucre","tag-cumana","tag-estado-sucre","tag-nacionales","tag-protesta-salarial"],"yoast_head":"<!-- This site is optimized with the Yoast SEO plugin v27.5 - https:\/\/yoast.com\/product\/yoast-seo-wordpress\/ -->\n<title>Protesta en Sucre por insuficiente aumento del salario m\u00ednimo<\/title>\n<meta name=\"description\" content=\"Trabajadores y jubilados en Sucre protestan contra el insuficiente aumento del salario m\u00ednimo, exigiendo mejoras laborales y servicios b\u00e1sicos.\" \/>\n<meta name=\"robots\" content=\"index, follow, max-snippet:-1, max-image-preview:large, max-video-preview:-1\" \/>\n<link rel=\"canonical\" href=\"https:\/\/digital58.com.ve\/site\/2026\/05\/01\/protesta-en-sucre-por-insuficiente-aumento-del-salario-minimo\/\" \/>\n<meta property=\"og:locale\" content=\"es_ES\" \/>\n<meta property=\"og:type\" content=\"article\" \/>\n<meta property=\"og:title\" content=\"Protesta en Sucre por insuficiente aumento del salario m\u00ednimo\" \/>\n<meta property=\"og:description\" content=\"Trabajadores y jubilados en Sucre protestan contra el insuficiente aumento del salario m\u00ednimo, exigiendo mejoras laborales y servicios b\u00e1sicos.\" \/>\n<meta property=\"og:url\" content=\"https:\/\/digital58.com.ve\/site\/2026\/05\/01\/protesta-en-sucre-por-insuficiente-aumento-del-salario-minimo\/\" \/>\n<meta property=\"og:site_name\" content=\"Noticias Digital58\" \/>\n<meta property=\"article:published_time\" content=\"2026-05-01T23:22:02+00:00\" \/>\n<meta property=\"article:modified_time\" content=\"2026-05-01T23:35:45+00:00\" \/>\n<meta property=\"og:image\" content=\"https:\/\/digital58.com.ve\/site\/wp-content\/uploads\/2026\/05\/protestas-cumana-26-4.webp\" \/>\n\t<meta property=\"og:image:width\" content=\"900\" \/>\n\t<meta property=\"og:image:height\" content=\"600\" \/>\n\t<meta property=\"og:image:type\" content=\"image\/webp\" \/>\n<meta name=\"author\" content=\"Villasmil Henry\" \/>\n<meta name=\"twitter:card\" content=\"summary_large_image\" \/>\n<meta name=\"twitter:creator\" content=\"@https:\/\/twitter.com\/villasmilhfoto\" \/>\n<meta name=\"twitter:site\" content=\"@villasmilhfoto\" \/>\n<meta name=\"twitter:label1\" content=\"Escrito por\" \/>\n\t<meta name=\"twitter:data1\" content=\"Villasmil Henry\" \/>\n\t<meta name=\"twitter:label2\" content=\"Tiempo estimado de lectura\" \/>\n\t<meta name=\"twitter:data2\" content=\"4 minutos\" \/>\n<script type=\"application\/ld+json\" class=\"yoast-schema-graph\">{\"@context\":\"https:\\\/\\\/schema.org\",\"@graph\":[{\"@type\":\"Article\",\"@id\":\"https:\\\/\\\/digital58.com.ve\\\/site\\\/2026\\\/05\\\/01\\\/protesta-en-sucre-por-insuficiente-aumento-del-salario-minimo\\\/#article\",\"isPartOf\":{\"@id\":\"https:\\\/\\\/digital58.com.ve\\\/site\\\/2026\\\/05\\\/01\\\/protesta-en-sucre-por-insuficiente-aumento-del-salario-minimo\\\/\"},\"author\":{\"name\":\"Villasmil Henry\",\"@id\":\"https:\\\/\\\/digital58.com.ve\\\/site\\\/#\\\/schema\\\/person\\\/64d1c2e4d0d4fd1b849980c4331c2951\"},\"headline\":\"Protesta en Sucre por insuficiente aumento del salario m\u00ednimo\",\"datePublished\":\"2026-05-01T23:22:02+00:00\",\"dateModified\":\"2026-05-01T23:35:45+00:00\",\"mainEntityOfPage\":{\"@id\":\"https:\\\/\\\/digital58.com.ve\\\/site\\\/2026\\\/05\\\/01\\\/protesta-en-sucre-por-insuficiente-aumento-del-salario-minimo\\\/\"},\"wordCount\":426,\"commentCount\":0,\"publisher\":{\"@id\":\"https:\\\/\\\/digital58.com.ve\\\/site\\\/#\\\/schema\\\/person\\\/64d1c2e4d0d4fd1b849980c4331c2951\"},\"image\":{\"@id\":\"https:\\\/\\\/digital58.com.ve\\\/site\\\/2026\\\/05\\\/01\\\/protesta-en-sucre-por-insuficiente-aumento-del-salario-minimo\\\/#primaryimage\"},\"thumbnailUrl\":\"https:\\\/\\\/digital58.com.ve\\\/site\\\/wp-content\\\/uploads\\\/2026\\\/05\\\/protestas-cumana-26-4.webp\",\"keywords\":[\"Cuman\u00e1\",\"Estado Sucre\",\"Nacionales\",\"Protesta salarial\"],\"articleSection\":[\"Corresponsalia Sucre\"],\"inLanguage\":\"es\",\"potentialAction\":[{\"@type\":\"CommentAction\",\"name\":\"Comment\",\"target\":[\"https:\\\/\\\/digital58.com.ve\\\/site\\\/2026\\\/05\\\/01\\\/protesta-en-sucre-por-insuficiente-aumento-del-salario-minimo\\\/#respond\"]}]},{\"@type\":\"WebPage\",\"@id\":\"https:\\\/\\\/digital58.com.ve\\\/site\\\/2026\\\/05\\\/01\\\/protesta-en-sucre-por-insuficiente-aumento-del-salario-minimo\\\/\",\"url\":\"https:\\\/\\\/digital58.com.ve\\\/site\\\/2026\\\/05\\\/01\\\/protesta-en-sucre-por-insuficiente-aumento-del-salario-minimo\\\/\",\"name\":\"Protesta en Sucre por insuficiente aumento del salario m\u00ednimo\",\"isPartOf\":{\"@id\":\"https:\\\/\\\/digital58.com.ve\\\/site\\\/#website\"},\"primaryImageOfPage\":{\"@id\":\"https:\\\/\\\/digital58.com.ve\\\/site\\\/2026\\\/05\\\/01\\\/protesta-en-sucre-por-insuficiente-aumento-del-salario-minimo\\\/#primaryimage\"},\"image\":{\"@id\":\"https:\\\/\\\/digital58.com.ve\\\/site\\\/2026\\\/05\\\/01\\\/protesta-en-sucre-por-insuficiente-aumento-del-salario-minimo\\\/#primaryimage\"},\"thumbnailUrl\":\"https:\\\/\\\/digital58.com.ve\\\/site\\\/wp-content\\\/uploads\\\/2026\\\/05\\\/protestas-cumana-26-4.webp\",\"datePublished\":\"2026-05-01T23:22:02+00:00\",\"dateModified\":\"2026-05-01T23:35:45+00:00\",\"description\":\"Trabajadores y jubilados en Sucre protestan contra el insuficiente aumento del salario m\u00ednimo, exigiendo mejoras laborales y servicios b\u00e1sicos.\",\"breadcrumb\":{\"@id\":\"https:\\\/\\\/digital58.com.ve\\\/site\\\/2026\\\/05\\\/01\\\/protesta-en-sucre-por-insuficiente-aumento-del-salario-minimo\\\/#breadcrumb\"},\"inLanguage\":\"es\",\"potentialAction\":[{\"@type\":\"ReadAction\",\"target\":[\"https:\\\/\\\/digital58.com.ve\\\/site\\\/2026\\\/05\\\/01\\\/protesta-en-sucre-por-insuficiente-aumento-del-salario-minimo\\\/\"]}]},{\"@type\":\"ImageObject\",\"inLanguage\":\"es\",\"@id\":\"https:\\\/\\\/digital58.com.ve\\\/site\\\/2026\\\/05\\\/01\\\/protesta-en-sucre-por-insuficiente-aumento-del-salario-minimo\\\/#primaryimage\",\"url\":\"https:\\\/\\\/digital58.com.ve\\\/site\\\/wp-content\\\/uploads\\\/2026\\\/05\\\/protestas-cumana-26-4.webp\",\"contentUrl\":\"https:\\\/\\\/digital58.com.ve\\\/site\\\/wp-content\\\/uploads\\\/2026\\\/05\\\/protestas-cumana-26-4.webp\",\"width\":900,\"height\":600},{\"@type\":\"BreadcrumbList\",\"@id\":\"https:\\\/\\\/digital58.com.ve\\\/site\\\/2026\\\/05\\\/01\\\/protesta-en-sucre-por-insuficiente-aumento-del-salario-minimo\\\/#breadcrumb\",\"itemListElement\":[{\"@type\":\"ListItem\",\"position\":1,\"name\":\"Home\",\"item\":\"https:\\\/\\\/digital58.com.ve\\\/site\\\/\"},{\"@type\":\"ListItem\",\"position\":2,\"name\":\"Protesta en Sucre por insuficiente aumento del salario m\u00ednimo\"}]},{\"@type\":\"WebSite\",\"@id\":\"https:\\\/\\\/digital58.com.ve\\\/site\\\/#website\",\"url\":\"https:\\\/\\\/digital58.com.ve\\\/site\\\/\",\"name\":\"Noticias Digital58\",\"description\":\"Portal de Noticias \u00a1Periodismo web de verdad! Lanzamiento web 22.11.2005 \\\/ Maracaibo, Venezuela\",\"publisher\":{\"@id\":\"https:\\\/\\\/digital58.com.ve\\\/site\\\/#\\\/schema\\\/person\\\/64d1c2e4d0d4fd1b849980c4331c2951\"},\"alternateName\":\"ND58\",\"potentialAction\":[{\"@type\":\"SearchAction\",\"target\":{\"@type\":\"EntryPoint\",\"urlTemplate\":\"https:\\\/\\\/digital58.com.ve\\\/site\\\/?s={search_term_string}\"},\"query-input\":{\"@type\":\"PropertyValueSpecification\",\"valueRequired\":true,\"valueName\":\"search_term_string\"}}],\"inLanguage\":\"es\"},{\"@type\":[\"Person\",\"Organization\"],\"@id\":\"https:\\\/\\\/digital58.com.ve\\\/site\\\/#\\\/schema\\\/person\\\/64d1c2e4d0d4fd1b849980c4331c2951\",\"name\":\"Villasmil Henry\",\"image\":{\"@type\":\"ImageObject\",\"inLanguage\":\"es\",\"@id\":\"https:\\\/\\\/secure.gravatar.com\\\/avatar\\\/bb0c4a2fcb7970138239f7e404ea75757b1b507b28b5ce4c53fbd62d797c5a7c?s=96&d=mm&r=g\",\"url\":\"https:\\\/\\\/secure.gravatar.com\\\/avatar\\\/bb0c4a2fcb7970138239f7e404ea75757b1b507b28b5ce4c53fbd62d797c5a7c?s=96&d=mm&r=g\",\"contentUrl\":\"https:\\\/\\\/secure.gravatar.com\\\/avatar\\\/bb0c4a2fcb7970138239f7e404ea75757b1b507b28b5ce4c53fbd62d797c5a7c?s=96&d=mm&r=g\",\"caption\":\"Villasmil Henry\"},\"logo\":{\"@id\":\"https:\\\/\\\/secure.gravatar.com\\\/avatar\\\/bb0c4a2fcb7970138239f7e404ea75757b1b507b28b5ce4c53fbd62d797c5a7c?s=96&d=mm&r=g\"},\"sameAs\":[\"http:\\\/\\\/www.henryvillasmil.com.ve\",\"https:\\\/\\\/www.instagram.com\\\/villasmilhfoto\\\/\",\"https:\\\/\\\/x.com\\\/https:\\\/\\\/twitter.com\\\/villasmilhfoto\"],\"url\":\"https:\\\/\\\/digital58.com.ve\\\/site\\\/author\\\/droopy_68\\\/\"}]}<\/script>\n<!-- \/ Yoast SEO plugin. -->","yoast_head_json":{"title":"Protesta en Sucre por insuficiente aumento del salario m\u00ednimo","description":"Trabajadores y jubilados en Sucre protestan contra el insuficiente aumento del salario m\u00ednimo, exigiendo mejoras laborales y servicios b\u00e1sicos.","robots":{"index":"index","follow":"follow","max-snippet":"max-snippet:-1","max-image-preview":"max-image-preview:large","max-video-preview":"max-video-preview:-1"},"canonical":"https:\/\/digital58.com.ve\/site\/2026\/05\/01\/protesta-en-sucre-por-insuficiente-aumento-del-salario-minimo\/","og_locale":"es_ES","og_type":"article","og_title":"Protesta en Sucre por insuficiente aumento del salario m\u00ednimo","og_description":"Trabajadores y jubilados en Sucre protestan contra el insuficiente aumento del salario m\u00ednimo, exigiendo mejoras laborales y servicios b\u00e1sicos.","og_url":"https:\/\/digital58.com.ve\/site\/2026\/05\/01\/protesta-en-sucre-por-insuficiente-aumento-del-salario-minimo\/","og_site_name":"Noticias Digital58","article_published_time":"2026-05-01T23:22:02+00:00","article_modified_time":"2026-05-01T23:35:45+00:00","og_image":[{"width":900,"height":600,"url":"https:\/\/digital58.com.ve\/site\/wp-content\/uploads\/2026\/05\/protestas-cumana-26-4.webp","type":"image\/webp"}],"author":"Villasmil Henry","twitter_card":"summary_large_image","twitter_creator":"@https:\/\/twitter.com\/villasmilhfoto","twitter_site":"@villasmilhfoto","twitter_misc":{"Escrito por":"Villasmil Henry","Tiempo estimado de lectura":"4 minutos"},"schema":{"@context":"https:\/\/schema.org","@graph":[{"@type":"Article","@id":"https:\/\/digital58.com.ve\/site\/2026\/05\/01\/protesta-en-sucre-por-insuficiente-aumento-del-salario-minimo\/#article","isPartOf":{"@id":"https:\/\/digital58.com.ve\/site\/2026\/05\/01\/protesta-en-sucre-por-insuficiente-aumento-del-salario-minimo\/"},"author":{"name":"Villasmil Henry","@id":"https:\/\/digital58.com.ve\/site\/#\/schema\/person\/64d1c2e4d0d4fd1b849980c4331c2951"},"headline":"Protesta en Sucre por insuficiente aumento del salario m\u00ednimo","datePublished":"2026-05-01T23:22:02+00:00","dateModified":"2026-05-01T23:35:45+00:00","mainEntityOfPage":{"@id":"https:\/\/digital58.com.ve\/site\/2026\/05\/01\/protesta-en-sucre-por-insuficiente-aumento-del-salario-minimo\/"},"wordCount":426,"commentCount":0,"publisher":{"@id":"https:\/\/digital58.com.ve\/site\/#\/schema\/person\/64d1c2e4d0d4fd1b849980c4331c2951"},"image":{"@id":"https:\/\/digital58.com.ve\/site\/2026\/05\/01\/protesta-en-sucre-por-insuficiente-aumento-del-salario-minimo\/#primaryimage"},"thumbnailUrl":"https:\/\/digital58.com.ve\/site\/wp-content\/uploads\/2026\/05\/protestas-cumana-26-4.webp","keywords":["Cuman\u00e1","Estado Sucre","Nacionales","Protesta salarial"],"articleSection":["Corresponsalia Sucre"],"inLanguage":"es","potentialAction":[{"@type":"CommentAction","name":"Comment","target":["https:\/\/digital58.com.ve\/site\/2026\/05\/01\/protesta-en-sucre-por-insuficiente-aumento-del-salario-minimo\/#respond"]}]},{"@type":"WebPage","@id":"https:\/\/digital58.com.ve\/site\/2026\/05\/01\/protesta-en-sucre-por-insuficiente-aumento-del-salario-minimo\/","url":"https:\/\/digital58.com.ve\/site\/2026\/05\/01\/protesta-en-sucre-por-insuficiente-aumento-del-salario-minimo\/","name":"Protesta en Sucre por insuficiente aumento del salario m\u00ednimo","isPartOf":{"@id":"https:\/\/digital58.com.ve\/site\/#website"},"primaryImageOfPage":{"@id":"https:\/\/digital58.com.ve\/site\/2026\/05\/01\/protesta-en-sucre-por-insuficiente-aumento-del-salario-minimo\/#primaryimage"},"image":{"@id":"https:\/\/digital58.com.ve\/site\/2026\/05\/01\/protesta-en-sucre-por-insuficiente-aumento-del-salario-minimo\/#primaryimage"},"thumbnailUrl":"https:\/\/digital58.com.ve\/site\/wp-content\/uploads\/2026\/05\/protestas-cumana-26-4.webp","datePublished":"2026-05-01T23:22:02+00:00","dateModified":"2026-05-01T23:35:45+00:00","description":"Trabajadores y jubilados en Sucre protestan contra el insuficiente aumento del salario m\u00ednimo, exigiendo mejoras laborales y servicios b\u00e1sicos.","breadcrumb":{"@id":"https:\/\/digital58.com.ve\/site\/2026\/05\/01\/protesta-en-sucre-por-insuficiente-aumento-del-salario-minimo\/#breadcrumb"},"inLanguage":"es","potentialAction":[{"@type":"ReadAction","target":["https:\/\/digital58.com.ve\/site\/2026\/05\/01\/protesta-en-sucre-por-insuficiente-aumento-del-salario-minimo\/"]}]},{"@type":"ImageObject","inLanguage":"es","@id":"https:\/\/digital58.com.ve\/site\/2026\/05\/01\/protesta-en-sucre-por-insuficiente-aumento-del-salario-minimo\/#primaryimage","url":"https:\/\/digital58.com.ve\/site\/wp-content\/uploads\/2026\/05\/protestas-cumana-26-4.webp","contentUrl":"https:\/\/digital58.com.ve\/site\/wp-content\/uploads\/2026\/05\/protestas-cumana-26-4.webp","width":900,"height":600},{"@type":"BreadcrumbList","@id":"https:\/\/digital58.com.ve\/site\/2026\/05\/01\/protesta-en-sucre-por-insuficiente-aumento-del-salario-minimo\/#breadcrumb","itemListElement":[{"@type":"ListItem","position":1,"name":"Home","item":"https:\/\/digital58.com.ve\/site\/"},{"@type":"ListItem","position":2,"name":"Protesta en Sucre por insuficiente aumento del salario m\u00ednimo"}]},{"@type":"WebSite","@id":"https:\/\/digital58.com.ve\/site\/#website","url":"https:\/\/digital58.com.ve\/site\/","name":"Noticias Digital58","description":"Portal de Noticias \u00a1Periodismo web de verdad! Lanzamiento web 22.11.2005 \/ Maracaibo, Venezuela","publisher":{"@id":"https:\/\/digital58.com.ve\/site\/#\/schema\/person\/64d1c2e4d0d4fd1b849980c4331c2951"},"alternateName":"ND58","potentialAction":[{"@type":"SearchAction","target":{"@type":"EntryPoint","urlTemplate":"https:\/\/digital58.com.ve\/site\/?s={search_term_string}"},"query-input":{"@type":"PropertyValueSpecification","valueRequired":true,"valueName":"search_term_string"}}],"inLanguage":"es"},{"@type":["Person","Organization"],"@id":"https:\/\/digital58.com.ve\/site\/#\/schema\/person\/64d1c2e4d0d4fd1b849980c4331c2951","name":"Villasmil Henry","image":{"@type":"ImageObject","inLanguage":"es","@id":"https:\/\/secure.gravatar.com\/avatar\/bb0c4a2fcb7970138239f7e404ea75757b1b507b28b5ce4c53fbd62d797c5a7c?s=96&d=mm&r=g","url":"https:\/\/secure.gravatar.com\/avatar\/bb0c4a2fcb7970138239f7e404ea75757b1b507b28b5ce4c53fbd62d797c5a7c?s=96&d=mm&r=g","contentUrl":"https:\/\/secure.gravatar.com\/avatar\/bb0c4a2fcb7970138239f7e404ea75757b1b507b28b5ce4c53fbd62d797c5a7c?s=96&d=mm&r=g","caption":"Villasmil Henry"},"logo":{"@id":"https:\/\/secure.gravatar.com\/avatar\/bb0c4a2fcb7970138239f7e404ea75757b1b507b28b5ce4c53fbd62d797c5a7c?s=96&d=mm&r=g"},"sameAs":["http:\/\/www.henryvillasmil.com.ve","https:\/\/www.instagram.com\/villasmilhfoto\/","https:\/\/x.com\/https:\/\/twitter.com\/villasmilhfoto"],"url":"https:\/\/digital58.com.ve\/site\/author\/droopy_68\/"}]}},"uagb_featured_image_src":{"full":["https:\/\/digital58.com.ve\/site\/wp-content\/uploads\/2026\/05\/protestas-cumana-26-4.webp",900,600,false],"thumbnail":["https:\/\/digital58.com.ve\/site\/wp-content\/uploads\/2026\/05\/protestas-cumana-26-4-150x150.webp",150,150,true],"medium":["https:\/\/digital58.com.ve\/site\/wp-content\/uploads\/2026\/05\/protestas-cumana-26-4-300x200.webp",300,200,true],"medium_large":["https:\/\/digital58.com.ve\/site\/wp-content\/uploads\/2026\/05\/protestas-cumana-26-4-768x512.webp",768,512,true],"large":["https:\/\/digital58.com.ve\/site\/wp-content\/uploads\/2026\/05\/protestas-cumana-26-4.webp",800,533,false],"1536x1536":["https:\/\/digital58.com.ve\/site\/wp-content\/uploads\/2026\/05\/protestas-cumana-26-4.webp",900,600,false],"2048x2048":["https:\/\/digital58.com.ve\/site\/wp-content\/uploads\/2026\/05\/protestas-cumana-26-4.webp",900,600,false],"colormag-highlighted-post":["https:\/\/digital58.com.ve\/site\/wp-content\/uploads\/2026\/05\/protestas-cumana-26-4-392x272.webp",392,272,true],"colormag-featured-post-medium":["https:\/\/digital58.com.ve\/site\/wp-content\/uploads\/2026\/05\/protestas-cumana-26-4-390x205.webp",390,205,true],"colormag-featured-post-small":["https:\/\/digital58.com.ve\/site\/wp-content\/uploads\/2026\/05\/protestas-cumana-26-4-130x90.webp",130,90,true],"colormag-featured-image":["https:\/\/digital58.com.ve\/site\/wp-content\/uploads\/2026\/05\/protestas-cumana-26-4-800x445.webp",800,445,true],"colormag-default-news":["https:\/\/digital58.com.ve\/site\/wp-content\/uploads\/2026\/05\/protestas-cumana-26-4-150x150.webp",150,150,true],"colormag-featured-image-large":["https:\/\/digital58.com.ve\/site\/wp-content\/uploads\/2026\/05\/protestas-cumana-26-4.webp",900,600,false]},"uagb_author_info":{"display_name":"Villasmil Henry","author_link":"https:\/\/digital58.com.ve\/site\/author\/droopy_68\/"},"uagb_comment_info":0,"uagb_excerpt":"Sindicatos y jubilados en Cuman\u00e1 rechazan el ingreso integral de doscientos cuarenta d\u00f3lares, y exigen mejoras laborales y soluciones a","_links":{"self":[{"href":"https:\/\/digital58.com.ve\/site\/wp-json\/wp\/v2\/posts\/194791","targetHints":{"allow":["GET"]}}],"collection":[{"href":"https:\/\/digital58.com.ve\/site\/wp-json\/wp\/v2\/posts"}],"about":[{"href":"https:\/\/digital58.com.ve\/site\/wp-json\/wp\/v2\/types\/post"}],"author":[{"embeddable":true,"href":"https:\/\/digital58.com.ve\/site\/wp-json\/wp\/v2\/users\/1"}],"replies":[{"embeddable":true,"href":"https:\/\/digital58.com.ve\/site\/wp-json\/wp\/v2\/comments?post=194791"}],"version-history":[{"count":1,"href":"https:\/\/digital58.com.ve\/site\/wp-json\/wp\/v2\/posts\/194791\/revisions"}],"predecessor-version":[{"id":194799,"href":"https:\/\/digital58.com.ve\/site\/wp-json\/wp\/v2\/posts\/194791\/revisions\/194799"}],"wp:featuredmedia":[{"embeddable":true,"href":"https:\/\/digital58.com.ve\/site\/wp-json\/wp\/v2\/media\/194795"}],"wp:attachment":[{"href":"https:\/\/digital58.com.ve\/site\/wp-json\/wp\/v2\/media?parent=194791"}],"wp:term":[{"taxonomy":"category","embeddable":true,"href":"https:\/\/digital58.com.ve\/site\/wp-json\/wp\/v2\/categories?post=194791"},{"taxonomy":"post_tag","embeddable":true,"href":"https:\/\/digital58.com.ve\/site\/wp-json\/wp\/v2\/tags?post=194791"}],"curies":[{"name":"wp","href":"https:\/\/api.w.org\/{rel}","templated":true}]}}