{"id":194810,"date":"2026-05-02T07:29:00","date_gmt":"2026-05-02T11:29:00","guid":{"rendered":"https:\/\/digital58.com.ve\/site\/?p=194810"},"modified":"2026-05-02T07:32:29","modified_gmt":"2026-05-02T11:32:29","slug":"cgt-a-milei-se-termino-la-paciencia-en-protesta-masiva-en-buenos-aires","status":"publish","type":"post","link":"https:\/\/digital58.com.ve\/site\/2026\/05\/02\/cgt-a-milei-se-termino-la-paciencia-en-protesta-masiva-en-buenos-aires\/","title":{"rendered":"CGT a Milei: \u00abSe termin\u00f3 la paciencia\u00bb en protesta masiva en Buenos Aires"},"content":{"rendered":"<p><a class=\"keychainify-checked\" href=\"https:\/\/digital58.com.ve\/site\/wp-content\/uploads\/2026\/05\/protestas-argentina-26.webp\"><img loading=\"lazy\" decoding=\"async\" class=\"aligncenter wp-image-194811 size-full\" src=\"https:\/\/digital58.com.ve\/site\/wp-content\/uploads\/2026\/05\/protestas-argentina-26.webp\" alt=\"La Confederaci\u00f3n General del Trabajo (CGT), la mayor central obrera de Argentina, lider\u00f3 este jueves una multitudinaria movilizaci\u00f3n en Buenos Aires frente al Gobierno de Javier Milei, a quien lanz\u00f3 una advertencia tajante: \u00abSe termin\u00f3 la paciencia, se\u00f1or presidente\u00bb. La contundente declaraci\u00f3n, pronunciada por el secretario general Octavio Arg\u00fcello desde un escenario montado a espaldas de la Casa Rosada, condens\u00f3 el malestar sindical a pocas horas de la conmemoraci\u00f3n del 1.\u00ba de mayo.\" width=\"900\" height=\"600\" srcset=\"https:\/\/digital58.com.ve\/site\/wp-content\/uploads\/2026\/05\/protestas-argentina-26.webp 900w, https:\/\/digital58.com.ve\/site\/wp-content\/uploads\/2026\/05\/protestas-argentina-26-300x200.webp 300w, https:\/\/digital58.com.ve\/site\/wp-content\/uploads\/2026\/05\/protestas-argentina-26-768x512.webp 768w\" sizes=\"auto, (max-width: 900px) 100vw, 900px\" \/><\/a><\/p>\n<blockquote><p>Miles de trabajadores se congregaron en la Plaza de Mayo para rechazar la pol\u00edtica laboral del Gobierno, en la antesala del D\u00eda Internacional de los Trabajadores.<\/p><\/blockquote>\n<p><strong>Internacionales, 02 de mayo de 2026 (ND58).-<\/strong> La Confederaci\u00f3n General del Trabajo (CGT), la mayor central obrera de Argentina, lider\u00f3 este jueves una multitudinaria movilizaci\u00f3n en Buenos Aires frente al Gobierno de Javier Milei, a quien lanz\u00f3 una advertencia tajante: \u00abSe termin\u00f3 la paciencia, se\u00f1or presidente\u00bb.<\/p>\n<p>La contundente declaraci\u00f3n, pronunciada por el secretario general Octavio Arg\u00fcello desde un escenario montado a espaldas de la Casa Rosada, condens\u00f3 el malestar sindical a pocas horas de la conmemoraci\u00f3n del 1.\u00ba de mayo.<\/p>\n<p>La jornada tuvo como consigna central \u00abEl trabajo es con derechos o es esclavo\u00bb, en alusi\u00f3n directa a la reforma laboral impulsada por el Ejecutivo y aprobada en el Congreso en febrero. Dicha normativa modific\u00f3 aspectos sensibles como el derecho a la protesta y el r\u00e9gimen de indemnizaciones por despido.<\/p>\n<h2>Una advertencia sin convocatoria a huelga<\/h2>\n<p>A pesar de la energ\u00eda en las calles, la dirigencia opt\u00f3 por no anunciar un nuevo paro general. Desde el micr\u00f3fono, el sindicalista Cristian Jer\u00f3nimo respondi\u00f3 as\u00ed a los manifestantes que coreaban \u00abparo general\u00bb:<\/p>\n<p>\u00abNo venimos a confrontar por confrontar, venimos a marcar un l\u00edmite al Gobierno\u00bb. El dirigente record\u00f3 que, desde diciembre de 2023, la CGT ha realizado cuatro huelgas y decenas de protestas callejeras.<\/p>\n<p>Jer\u00f3nimo tambi\u00e9n lanz\u00f3 una cr\u00edtica que reson\u00f3 entre los asistentes. \u00abLa salida no es con ajuste permanente, eso lo tiene que escuchar la gente que est\u00e1 ac\u00e1 a nuestras espaldas\u00bb, afirm\u00f3 en referencia a la Casa de Gobierno y al Ministerio de Econom\u00eda, situados frente a la plaza.<\/p>\n<h2>Cr\u00edticas al modelo econ\u00f3mico y defensa del Estado<\/h2>\n<p>Otros oradores calificaron al Ejecutivo de \u00abcorrupto y explotador\u00bb y le atribuyeron un \u00abalto desarraigo con la realidad\u00bb.<\/p>\n<p>En esa l\u00ednea, Guadalupe Fern\u00e1ndez, trabajadora de la Secretar\u00eda de Cultura y afiliada a la Uni\u00f3n del Personal Civil de la Naci\u00f3n, declar\u00f3 a la agencia EFE que los derechos laborales est\u00e1n siendo \u00abeliminados por una reforma laboral ilegal e inconstitucional\u00bb.<\/p>\n<p>La empleada p\u00fablica profundiz\u00f3 su postura contra el rumbo econ\u00f3mico. \u00abA lo que nos oponemos especialmente es a este modelo de pa\u00eds.<\/p>\n<p>Nos lleva al error de creer que el Estado es un enemigo, cuando en realidad el Estado es el pueblo\u00bb, expres\u00f3 mientras sosten\u00eda una gran bandera argentina.<\/p>\n<h2>El costo social de las pol\u00edticas oficiales<\/h2>\n<p>La movilizaci\u00f3n sindical se produjo en un contexto de indicadores laborales adversos. Seg\u00fan estad\u00edsticas de la Secretar\u00eda de Trabajo que difunde la CGT, desde el inicio de la gesti\u00f3n de Milei cerraron 24.180 empresas.<\/p>\n<p>Solo en lo que va de 2025 se perdieron 88.800 empleos asalariados formales en el sector privado y 18.600 en el \u00e1mbito p\u00fablico.<\/p>\n<p>Marcos Silva, delegado del Sindicato de Trabajadores de la Alimentaci\u00f3n en una f\u00e1brica de Mondelez, explic\u00f3 a EFE que su presencia en la plaza buscaba \u00abfrenarle la mano a Milei\u00bb y a su reforma laboral.<\/p>\n<p>\u00abLa \u00fanica forma es la lucha y la unidad, eso garantiza los puestos de trabajo\u00bb, a\u00f1adi\u00f3 el delegado, rodeado por sus compa\u00f1eros con banderas gremiales.<\/p>\n<h3>Respaldo pol\u00edtico y homenaje papal<\/h3>\n<p>A la concentraci\u00f3n tambi\u00e9n asistieron delegaciones del peronismo, movimiento con el que se identifica la mayor\u00eda del sindicalismo argentino, a trav\u00e9s de la agrupaci\u00f3n La C\u00e1mpora, cercana a la expresidenta Cristina Fern\u00e1ndez.<\/p>\n<p>Durante el acto se rindi\u00f3 un homenaje al papa Francisco al cumplirse un a\u00f1o de su fallecimiento. De \u00e9l rescataron la ense\u00f1anza de que \u00abla esperanza no es quedarse esperando: es luchar\u00bb.<\/p>\n<p><strong>Sala de redacci\u00f3n ND58 | Fuente: EFE<\/strong><br \/>\n<strong>Edici\u00f3n: Villasmil, Henry<\/strong><br \/>\n<strong>Gr\u00e1fica: EFE<\/strong><\/p>\n<p>&nbsp;<\/p>\n<p>&nbsp;<\/p>\n<p>&nbsp;<\/p>\n<p>&nbsp;<\/p>\n<p>&nbsp;<\/p><div class=\"oiphb69f5fe18d21d7\" ><p style=\"text-align: center;\"><a href=\"https:\/\/t.me\/noticiasdigital58\" target=\"_blank\" rel=\"noopener\"><img class=\"aligncenter size-full wp-image-125363\" src=\"https:\/\/digital58.com.ve\/site\/wp-content\/uploads\/2021\/04\/banner-telegram-web-2021.png\" alt=\"\" width=\"600\" height=\"90\" \/><\/a><\/p><\/div><style type=\"text\/css\">\r\n@media screen and (min-width: 1201px) {\r\n.oiphb69f5fe18d21d7 {\r\ndisplay: block;\r\n}\r\n}\r\n@media screen and (min-width: 993px) and (max-width: 1200px) {\r\n.oiphb69f5fe18d21d7 {\r\ndisplay: block;\r\n}\r\n}\r\n@media screen and (min-width: 769px) and (max-width: 992px) {\r\n.oiphb69f5fe18d21d7 {\r\ndisplay: block;\r\n}\r\n}\r\n@media screen and (min-width: 768px) and (max-width: 768px) {\r\n.oiphb69f5fe18d21d7 {\r\ndisplay: block;\r\n}\r\n}\r\n@media screen and (max-width: 767px) {\r\n.oiphb69f5fe18d21d7 {\r\ndisplay: block;\r\n}\r\n}\r\n<\/style>\r\n\n<p>&nbsp;<\/p>\n<div style=\"margin-top: 0px; margin-bottom: 0px;\" class=\"sharethis-inline-share-buttons\" ><\/div>","protected":false},"excerpt":{"rendered":"<p>Miles de trabajadores se congregaron en la Plaza de Mayo para rechazar la pol\u00edtica laboral del Gobierno, en la antesala<\/p>\n","protected":false},"author":1,"featured_media":194811,"comment_status":"open","ping_status":"closed","sticky":false,"template":"","format":"standard","meta":{"colormag_page_container_layout":"default_layout","colormag_page_sidebar_layout":"default_layout","_uag_custom_page_level_css":"","footnotes":""},"categories":[16451],"tags":[36,35941,8,33423],"class_list":["post-194810","post","type-post","status-publish","format-standard","has-post-thumbnail","hentry","category-mundo","tag-argentina","tag-confederacion-general-del-trabajo","tag-internacionales","tag-javier-milei"],"yoast_head":"<!-- This site is optimized with the Yoast SEO plugin v27.5 - https:\/\/yoast.com\/product\/yoast-seo-wordpress\/ -->\n<title>CGT a Milei: \u00abSe termin\u00f3 la paciencia\u00bb en protesta masiva en Buenos Aires<\/title>\n<meta name=\"description\" content=\"La CGT congreg\u00f3 a miles de trabajadores en Plaza de Mayo para advertir a Javier Milei que \u00abse termin\u00f3 la paciencia\u00bb por su reforma laboral. Detalles y reacciones.\" \/>\n<meta name=\"robots\" content=\"index, follow, max-snippet:-1, max-image-preview:large, max-video-preview:-1\" \/>\n<link rel=\"canonical\" href=\"https:\/\/digital58.com.ve\/site\/2026\/05\/02\/cgt-a-milei-se-termino-la-paciencia-en-protesta-masiva-en-buenos-aires\/\" \/>\n<meta property=\"og:locale\" content=\"es_ES\" \/>\n<meta property=\"og:type\" content=\"article\" \/>\n<meta property=\"og:title\" content=\"CGT a Milei: \u00abSe termin\u00f3 la paciencia\u00bb en protesta masiva en Buenos Aires\" \/>\n<meta property=\"og:description\" content=\"La CGT congreg\u00f3 a miles de trabajadores en Plaza de Mayo para advertir a Javier Milei que \u00abse termin\u00f3 la paciencia\u00bb por su reforma laboral. Detalles y reacciones.\" \/>\n<meta property=\"og:url\" content=\"https:\/\/digital58.com.ve\/site\/2026\/05\/02\/cgt-a-milei-se-termino-la-paciencia-en-protesta-masiva-en-buenos-aires\/\" \/>\n<meta property=\"og:site_name\" content=\"Noticias Digital58\" \/>\n<meta property=\"article:published_time\" content=\"2026-05-02T11:29:00+00:00\" \/>\n<meta property=\"article:modified_time\" content=\"2026-05-02T11:32:29+00:00\" \/>\n<meta property=\"og:image\" content=\"https:\/\/digital58.com.ve\/site\/wp-content\/uploads\/2026\/05\/protestas-argentina-26.webp\" \/>\n\t<meta property=\"og:image:width\" content=\"900\" \/>\n\t<meta property=\"og:image:height\" content=\"600\" \/>\n\t<meta property=\"og:image:type\" content=\"image\/webp\" \/>\n<meta name=\"author\" content=\"Villasmil Henry\" \/>\n<meta name=\"twitter:card\" content=\"summary_large_image\" \/>\n<meta name=\"twitter:creator\" content=\"@https:\/\/twitter.com\/villasmilhfoto\" \/>\n<meta name=\"twitter:site\" content=\"@villasmilhfoto\" \/>\n<meta name=\"twitter:label1\" content=\"Escrito por\" \/>\n\t<meta name=\"twitter:data1\" content=\"Villasmil Henry\" \/>\n\t<meta name=\"twitter:label2\" content=\"Tiempo estimado de lectura\" \/>\n\t<meta name=\"twitter:data2\" content=\"4 minutos\" \/>\n<script type=\"application\/ld+json\" class=\"yoast-schema-graph\">{\"@context\":\"https:\\\/\\\/schema.org\",\"@graph\":[{\"@type\":\"Article\",\"@id\":\"https:\\\/\\\/digital58.com.ve\\\/site\\\/2026\\\/05\\\/02\\\/cgt-a-milei-se-termino-la-paciencia-en-protesta-masiva-en-buenos-aires\\\/#article\",\"isPartOf\":{\"@id\":\"https:\\\/\\\/digital58.com.ve\\\/site\\\/2026\\\/05\\\/02\\\/cgt-a-milei-se-termino-la-paciencia-en-protesta-masiva-en-buenos-aires\\\/\"},\"author\":{\"name\":\"Villasmil Henry\",\"@id\":\"https:\\\/\\\/digital58.com.ve\\\/site\\\/#\\\/schema\\\/person\\\/64d1c2e4d0d4fd1b849980c4331c2951\"},\"headline\":\"CGT a Milei: \u00abSe termin\u00f3 la paciencia\u00bb en protesta masiva en Buenos Aires\",\"datePublished\":\"2026-05-02T11:29:00+00:00\",\"dateModified\":\"2026-05-02T11:32:29+00:00\",\"mainEntityOfPage\":{\"@id\":\"https:\\\/\\\/digital58.com.ve\\\/site\\\/2026\\\/05\\\/02\\\/cgt-a-milei-se-termino-la-paciencia-en-protesta-masiva-en-buenos-aires\\\/\"},\"wordCount\":662,\"commentCount\":0,\"publisher\":{\"@id\":\"https:\\\/\\\/digital58.com.ve\\\/site\\\/#\\\/schema\\\/person\\\/64d1c2e4d0d4fd1b849980c4331c2951\"},\"image\":{\"@id\":\"https:\\\/\\\/digital58.com.ve\\\/site\\\/2026\\\/05\\\/02\\\/cgt-a-milei-se-termino-la-paciencia-en-protesta-masiva-en-buenos-aires\\\/#primaryimage\"},\"thumbnailUrl\":\"https:\\\/\\\/digital58.com.ve\\\/site\\\/wp-content\\\/uploads\\\/2026\\\/05\\\/protestas-argentina-26.webp\",\"keywords\":[\"Argentina\",\"Confederaci\u00f3n General del Trabajo\",\"Internacionales\",\"Javier Milei\"],\"articleSection\":[\"Mundo\"],\"inLanguage\":\"es\",\"potentialAction\":[{\"@type\":\"CommentAction\",\"name\":\"Comment\",\"target\":[\"https:\\\/\\\/digital58.com.ve\\\/site\\\/2026\\\/05\\\/02\\\/cgt-a-milei-se-termino-la-paciencia-en-protesta-masiva-en-buenos-aires\\\/#respond\"]}]},{\"@type\":\"WebPage\",\"@id\":\"https:\\\/\\\/digital58.com.ve\\\/site\\\/2026\\\/05\\\/02\\\/cgt-a-milei-se-termino-la-paciencia-en-protesta-masiva-en-buenos-aires\\\/\",\"url\":\"https:\\\/\\\/digital58.com.ve\\\/site\\\/2026\\\/05\\\/02\\\/cgt-a-milei-se-termino-la-paciencia-en-protesta-masiva-en-buenos-aires\\\/\",\"name\":\"CGT a Milei: \u00abSe termin\u00f3 la paciencia\u00bb en protesta masiva en Buenos Aires\",\"isPartOf\":{\"@id\":\"https:\\\/\\\/digital58.com.ve\\\/site\\\/#website\"},\"primaryImageOfPage\":{\"@id\":\"https:\\\/\\\/digital58.com.ve\\\/site\\\/2026\\\/05\\\/02\\\/cgt-a-milei-se-termino-la-paciencia-en-protesta-masiva-en-buenos-aires\\\/#primaryimage\"},\"image\":{\"@id\":\"https:\\\/\\\/digital58.com.ve\\\/site\\\/2026\\\/05\\\/02\\\/cgt-a-milei-se-termino-la-paciencia-en-protesta-masiva-en-buenos-aires\\\/#primaryimage\"},\"thumbnailUrl\":\"https:\\\/\\\/digital58.com.ve\\\/site\\\/wp-content\\\/uploads\\\/2026\\\/05\\\/protestas-argentina-26.webp\",\"datePublished\":\"2026-05-02T11:29:00+00:00\",\"dateModified\":\"2026-05-02T11:32:29+00:00\",\"description\":\"La CGT congreg\u00f3 a miles de trabajadores en Plaza de Mayo para advertir a Javier Milei que \u00abse termin\u00f3 la paciencia\u00bb por su reforma laboral. Detalles y reacciones.\",\"breadcrumb\":{\"@id\":\"https:\\\/\\\/digital58.com.ve\\\/site\\\/2026\\\/05\\\/02\\\/cgt-a-milei-se-termino-la-paciencia-en-protesta-masiva-en-buenos-aires\\\/#breadcrumb\"},\"inLanguage\":\"es\",\"potentialAction\":[{\"@type\":\"ReadAction\",\"target\":[\"https:\\\/\\\/digital58.com.ve\\\/site\\\/2026\\\/05\\\/02\\\/cgt-a-milei-se-termino-la-paciencia-en-protesta-masiva-en-buenos-aires\\\/\"]}]},{\"@type\":\"ImageObject\",\"inLanguage\":\"es\",\"@id\":\"https:\\\/\\\/digital58.com.ve\\\/site\\\/2026\\\/05\\\/02\\\/cgt-a-milei-se-termino-la-paciencia-en-protesta-masiva-en-buenos-aires\\\/#primaryimage\",\"url\":\"https:\\\/\\\/digital58.com.ve\\\/site\\\/wp-content\\\/uploads\\\/2026\\\/05\\\/protestas-argentina-26.webp\",\"contentUrl\":\"https:\\\/\\\/digital58.com.ve\\\/site\\\/wp-content\\\/uploads\\\/2026\\\/05\\\/protestas-argentina-26.webp\",\"width\":900,\"height\":600},{\"@type\":\"BreadcrumbList\",\"@id\":\"https:\\\/\\\/digital58.com.ve\\\/site\\\/2026\\\/05\\\/02\\\/cgt-a-milei-se-termino-la-paciencia-en-protesta-masiva-en-buenos-aires\\\/#breadcrumb\",\"itemListElement\":[{\"@type\":\"ListItem\",\"position\":1,\"name\":\"Home\",\"item\":\"https:\\\/\\\/digital58.com.ve\\\/site\\\/\"},{\"@type\":\"ListItem\",\"position\":2,\"name\":\"CGT a Milei: \u00abSe termin\u00f3 la paciencia\u00bb en protesta masiva en Buenos Aires\"}]},{\"@type\":\"WebSite\",\"@id\":\"https:\\\/\\\/digital58.com.ve\\\/site\\\/#website\",\"url\":\"https:\\\/\\\/digital58.com.ve\\\/site\\\/\",\"name\":\"Noticias Digital58\",\"description\":\"Portal de Noticias \u00a1Periodismo web de verdad! Lanzamiento web 22.11.2005 \\\/ Maracaibo, Venezuela\",\"publisher\":{\"@id\":\"https:\\\/\\\/digital58.com.ve\\\/site\\\/#\\\/schema\\\/person\\\/64d1c2e4d0d4fd1b849980c4331c2951\"},\"alternateName\":\"ND58\",\"potentialAction\":[{\"@type\":\"SearchAction\",\"target\":{\"@type\":\"EntryPoint\",\"urlTemplate\":\"https:\\\/\\\/digital58.com.ve\\\/site\\\/?s={search_term_string}\"},\"query-input\":{\"@type\":\"PropertyValueSpecification\",\"valueRequired\":true,\"valueName\":\"search_term_string\"}}],\"inLanguage\":\"es\"},{\"@type\":[\"Person\",\"Organization\"],\"@id\":\"https:\\\/\\\/digital58.com.ve\\\/site\\\/#\\\/schema\\\/person\\\/64d1c2e4d0d4fd1b849980c4331c2951\",\"name\":\"Villasmil Henry\",\"image\":{\"@type\":\"ImageObject\",\"inLanguage\":\"es\",\"@id\":\"https:\\\/\\\/secure.gravatar.com\\\/avatar\\\/bb0c4a2fcb7970138239f7e404ea75757b1b507b28b5ce4c53fbd62d797c5a7c?s=96&d=mm&r=g\",\"url\":\"https:\\\/\\\/secure.gravatar.com\\\/avatar\\\/bb0c4a2fcb7970138239f7e404ea75757b1b507b28b5ce4c53fbd62d797c5a7c?s=96&d=mm&r=g\",\"contentUrl\":\"https:\\\/\\\/secure.gravatar.com\\\/avatar\\\/bb0c4a2fcb7970138239f7e404ea75757b1b507b28b5ce4c53fbd62d797c5a7c?s=96&d=mm&r=g\",\"caption\":\"Villasmil Henry\"},\"logo\":{\"@id\":\"https:\\\/\\\/secure.gravatar.com\\\/avatar\\\/bb0c4a2fcb7970138239f7e404ea75757b1b507b28b5ce4c53fbd62d797c5a7c?s=96&d=mm&r=g\"},\"sameAs\":[\"http:\\\/\\\/www.henryvillasmil.com.ve\",\"https:\\\/\\\/www.instagram.com\\\/villasmilhfoto\\\/\",\"https:\\\/\\\/x.com\\\/https:\\\/\\\/twitter.com\\\/villasmilhfoto\"],\"url\":\"https:\\\/\\\/digital58.com.ve\\\/site\\\/author\\\/droopy_68\\\/\"}]}<\/script>\n<!-- \/ Yoast SEO plugin. -->","yoast_head_json":{"title":"CGT a Milei: \u00abSe termin\u00f3 la paciencia\u00bb en protesta masiva en Buenos Aires","description":"La CGT congreg\u00f3 a miles de trabajadores en Plaza de Mayo para advertir a Javier Milei que \u00abse termin\u00f3 la paciencia\u00bb por su reforma laboral. Detalles y reacciones.","robots":{"index":"index","follow":"follow","max-snippet":"max-snippet:-1","max-image-preview":"max-image-preview:large","max-video-preview":"max-video-preview:-1"},"canonical":"https:\/\/digital58.com.ve\/site\/2026\/05\/02\/cgt-a-milei-se-termino-la-paciencia-en-protesta-masiva-en-buenos-aires\/","og_locale":"es_ES","og_type":"article","og_title":"CGT a Milei: \u00abSe termin\u00f3 la paciencia\u00bb en protesta masiva en Buenos Aires","og_description":"La CGT congreg\u00f3 a miles de trabajadores en Plaza de Mayo para advertir a Javier Milei que \u00abse termin\u00f3 la paciencia\u00bb por su reforma laboral. Detalles y reacciones.","og_url":"https:\/\/digital58.com.ve\/site\/2026\/05\/02\/cgt-a-milei-se-termino-la-paciencia-en-protesta-masiva-en-buenos-aires\/","og_site_name":"Noticias Digital58","article_published_time":"2026-05-02T11:29:00+00:00","article_modified_time":"2026-05-02T11:32:29+00:00","og_image":[{"width":900,"height":600,"url":"https:\/\/digital58.com.ve\/site\/wp-content\/uploads\/2026\/05\/protestas-argentina-26.webp","type":"image\/webp"}],"author":"Villasmil Henry","twitter_card":"summary_large_image","twitter_creator":"@https:\/\/twitter.com\/villasmilhfoto","twitter_site":"@villasmilhfoto","twitter_misc":{"Escrito por":"Villasmil Henry","Tiempo estimado de lectura":"4 minutos"},"schema":{"@context":"https:\/\/schema.org","@graph":[{"@type":"Article","@id":"https:\/\/digital58.com.ve\/site\/2026\/05\/02\/cgt-a-milei-se-termino-la-paciencia-en-protesta-masiva-en-buenos-aires\/#article","isPartOf":{"@id":"https:\/\/digital58.com.ve\/site\/2026\/05\/02\/cgt-a-milei-se-termino-la-paciencia-en-protesta-masiva-en-buenos-aires\/"},"author":{"name":"Villasmil Henry","@id":"https:\/\/digital58.com.ve\/site\/#\/schema\/person\/64d1c2e4d0d4fd1b849980c4331c2951"},"headline":"CGT a Milei: \u00abSe termin\u00f3 la paciencia\u00bb en protesta masiva en Buenos Aires","datePublished":"2026-05-02T11:29:00+00:00","dateModified":"2026-05-02T11:32:29+00:00","mainEntityOfPage":{"@id":"https:\/\/digital58.com.ve\/site\/2026\/05\/02\/cgt-a-milei-se-termino-la-paciencia-en-protesta-masiva-en-buenos-aires\/"},"wordCount":662,"commentCount":0,"publisher":{"@id":"https:\/\/digital58.com.ve\/site\/#\/schema\/person\/64d1c2e4d0d4fd1b849980c4331c2951"},"image":{"@id":"https:\/\/digital58.com.ve\/site\/2026\/05\/02\/cgt-a-milei-se-termino-la-paciencia-en-protesta-masiva-en-buenos-aires\/#primaryimage"},"thumbnailUrl":"https:\/\/digital58.com.ve\/site\/wp-content\/uploads\/2026\/05\/protestas-argentina-26.webp","keywords":["Argentina","Confederaci\u00f3n General del Trabajo","Internacionales","Javier Milei"],"articleSection":["Mundo"],"inLanguage":"es","potentialAction":[{"@type":"CommentAction","name":"Comment","target":["https:\/\/digital58.com.ve\/site\/2026\/05\/02\/cgt-a-milei-se-termino-la-paciencia-en-protesta-masiva-en-buenos-aires\/#respond"]}]},{"@type":"WebPage","@id":"https:\/\/digital58.com.ve\/site\/2026\/05\/02\/cgt-a-milei-se-termino-la-paciencia-en-protesta-masiva-en-buenos-aires\/","url":"https:\/\/digital58.com.ve\/site\/2026\/05\/02\/cgt-a-milei-se-termino-la-paciencia-en-protesta-masiva-en-buenos-aires\/","name":"CGT a Milei: \u00abSe termin\u00f3 la paciencia\u00bb en protesta masiva en Buenos Aires","isPartOf":{"@id":"https:\/\/digital58.com.ve\/site\/#website"},"primaryImageOfPage":{"@id":"https:\/\/digital58.com.ve\/site\/2026\/05\/02\/cgt-a-milei-se-termino-la-paciencia-en-protesta-masiva-en-buenos-aires\/#primaryimage"},"image":{"@id":"https:\/\/digital58.com.ve\/site\/2026\/05\/02\/cgt-a-milei-se-termino-la-paciencia-en-protesta-masiva-en-buenos-aires\/#primaryimage"},"thumbnailUrl":"https:\/\/digital58.com.ve\/site\/wp-content\/uploads\/2026\/05\/protestas-argentina-26.webp","datePublished":"2026-05-02T11:29:00+00:00","dateModified":"2026-05-02T11:32:29+00:00","description":"La CGT congreg\u00f3 a miles de trabajadores en Plaza de Mayo para advertir a Javier Milei que \u00abse termin\u00f3 la paciencia\u00bb por su reforma laboral. Detalles y reacciones.","breadcrumb":{"@id":"https:\/\/digital58.com.ve\/site\/2026\/05\/02\/cgt-a-milei-se-termino-la-paciencia-en-protesta-masiva-en-buenos-aires\/#breadcrumb"},"inLanguage":"es","potentialAction":[{"@type":"ReadAction","target":["https:\/\/digital58.com.ve\/site\/2026\/05\/02\/cgt-a-milei-se-termino-la-paciencia-en-protesta-masiva-en-buenos-aires\/"]}]},{"@type":"ImageObject","inLanguage":"es","@id":"https:\/\/digital58.com.ve\/site\/2026\/05\/02\/cgt-a-milei-se-termino-la-paciencia-en-protesta-masiva-en-buenos-aires\/#primaryimage","url":"https:\/\/digital58.com.ve\/site\/wp-content\/uploads\/2026\/05\/protestas-argentina-26.webp","contentUrl":"https:\/\/digital58.com.ve\/site\/wp-content\/uploads\/2026\/05\/protestas-argentina-26.webp","width":900,"height":600},{"@type":"BreadcrumbList","@id":"https:\/\/digital58.com.ve\/site\/2026\/05\/02\/cgt-a-milei-se-termino-la-paciencia-en-protesta-masiva-en-buenos-aires\/#breadcrumb","itemListElement":[{"@type":"ListItem","position":1,"name":"Home","item":"https:\/\/digital58.com.ve\/site\/"},{"@type":"ListItem","position":2,"name":"CGT a Milei: \u00abSe termin\u00f3 la paciencia\u00bb en protesta masiva en Buenos Aires"}]},{"@type":"WebSite","@id":"https:\/\/digital58.com.ve\/site\/#website","url":"https:\/\/digital58.com.ve\/site\/","name":"Noticias Digital58","description":"Portal de Noticias \u00a1Periodismo web de verdad! Lanzamiento web 22.11.2005 \/ Maracaibo, Venezuela","publisher":{"@id":"https:\/\/digital58.com.ve\/site\/#\/schema\/person\/64d1c2e4d0d4fd1b849980c4331c2951"},"alternateName":"ND58","potentialAction":[{"@type":"SearchAction","target":{"@type":"EntryPoint","urlTemplate":"https:\/\/digital58.com.ve\/site\/?s={search_term_string}"},"query-input":{"@type":"PropertyValueSpecification","valueRequired":true,"valueName":"search_term_string"}}],"inLanguage":"es"},{"@type":["Person","Organization"],"@id":"https:\/\/digital58.com.ve\/site\/#\/schema\/person\/64d1c2e4d0d4fd1b849980c4331c2951","name":"Villasmil Henry","image":{"@type":"ImageObject","inLanguage":"es","@id":"https:\/\/secure.gravatar.com\/avatar\/bb0c4a2fcb7970138239f7e404ea75757b1b507b28b5ce4c53fbd62d797c5a7c?s=96&d=mm&r=g","url":"https:\/\/secure.gravatar.com\/avatar\/bb0c4a2fcb7970138239f7e404ea75757b1b507b28b5ce4c53fbd62d797c5a7c?s=96&d=mm&r=g","contentUrl":"https:\/\/secure.gravatar.com\/avatar\/bb0c4a2fcb7970138239f7e404ea75757b1b507b28b5ce4c53fbd62d797c5a7c?s=96&d=mm&r=g","caption":"Villasmil Henry"},"logo":{"@id":"https:\/\/secure.gravatar.com\/avatar\/bb0c4a2fcb7970138239f7e404ea75757b1b507b28b5ce4c53fbd62d797c5a7c?s=96&d=mm&r=g"},"sameAs":["http:\/\/www.henryvillasmil.com.ve","https:\/\/www.instagram.com\/villasmilhfoto\/","https:\/\/x.com\/https:\/\/twitter.com\/villasmilhfoto"],"url":"https:\/\/digital58.com.ve\/site\/author\/droopy_68\/"}]}},"uagb_featured_image_src":{"full":["https:\/\/digital58.com.ve\/site\/wp-content\/uploads\/2026\/05\/protestas-argentina-26.webp",900,600,false],"thumbnail":["https:\/\/digital58.com.ve\/site\/wp-content\/uploads\/2026\/05\/protestas-argentina-26-150x150.webp",150,150,true],"medium":["https:\/\/digital58.com.ve\/site\/wp-content\/uploads\/2026\/05\/protestas-argentina-26-300x200.webp",300,200,true],"medium_large":["https:\/\/digital58.com.ve\/site\/wp-content\/uploads\/2026\/05\/protestas-argentina-26-768x512.webp",768,512,true],"large":["https:\/\/digital58.com.ve\/site\/wp-content\/uploads\/2026\/05\/protestas-argentina-26.webp",800,533,false],"1536x1536":["https:\/\/digital58.com.ve\/site\/wp-content\/uploads\/2026\/05\/protestas-argentina-26.webp",900,600,false],"2048x2048":["https:\/\/digital58.com.ve\/site\/wp-content\/uploads\/2026\/05\/protestas-argentina-26.webp",900,600,false],"colormag-highlighted-post":["https:\/\/digital58.com.ve\/site\/wp-content\/uploads\/2026\/05\/protestas-argentina-26-392x272.webp",392,272,true],"colormag-featured-post-medium":["https:\/\/digital58.com.ve\/site\/wp-content\/uploads\/2026\/05\/protestas-argentina-26-390x205.webp",390,205,true],"colormag-featured-post-small":["https:\/\/digital58.com.ve\/site\/wp-content\/uploads\/2026\/05\/protestas-argentina-26-130x90.webp",130,90,true],"colormag-featured-image":["https:\/\/digital58.com.ve\/site\/wp-content\/uploads\/2026\/05\/protestas-argentina-26-800x445.webp",800,445,true],"colormag-default-news":["https:\/\/digital58.com.ve\/site\/wp-content\/uploads\/2026\/05\/protestas-argentina-26-150x150.webp",150,150,true],"colormag-featured-image-large":["https:\/\/digital58.com.ve\/site\/wp-content\/uploads\/2026\/05\/protestas-argentina-26.webp",900,600,false]},"uagb_author_info":{"display_name":"Villasmil Henry","author_link":"https:\/\/digital58.com.ve\/site\/author\/droopy_68\/"},"uagb_comment_info":0,"uagb_excerpt":"Miles de trabajadores se congregaron en la Plaza de Mayo para rechazar la pol\u00edtica laboral del Gobierno, en la antesala","_links":{"self":[{"href":"https:\/\/digital58.com.ve\/site\/wp-json\/wp\/v2\/posts\/194810","targetHints":{"allow":["GET"]}}],"collection":[{"href":"https:\/\/digital58.com.ve\/site\/wp-json\/wp\/v2\/posts"}],"about":[{"href":"https:\/\/digital58.com.ve\/site\/wp-json\/wp\/v2\/types\/post"}],"author":[{"embeddable":true,"href":"https:\/\/digital58.com.ve\/site\/wp-json\/wp\/v2\/users\/1"}],"replies":[{"embeddable":true,"href":"https:\/\/digital58.com.ve\/site\/wp-json\/wp\/v2\/comments?post=194810"}],"version-history":[{"count":2,"href":"https:\/\/digital58.com.ve\/site\/wp-json\/wp\/v2\/posts\/194810\/revisions"}],"predecessor-version":[{"id":194813,"href":"https:\/\/digital58.com.ve\/site\/wp-json\/wp\/v2\/posts\/194810\/revisions\/194813"}],"wp:featuredmedia":[{"embeddable":true,"href":"https:\/\/digital58.com.ve\/site\/wp-json\/wp\/v2\/media\/194811"}],"wp:attachment":[{"href":"https:\/\/digital58.com.ve\/site\/wp-json\/wp\/v2\/media?parent=194810"}],"wp:term":[{"taxonomy":"category","embeddable":true,"href":"https:\/\/digital58.com.ve\/site\/wp-json\/wp\/v2\/categories?post=194810"},{"taxonomy":"post_tag","embeddable":true,"href":"https:\/\/digital58.com.ve\/site\/wp-json\/wp\/v2\/tags?post=194810"}],"curies":[{"name":"wp","href":"https:\/\/api.w.org\/{rel}","templated":true}]}}