{"id":54917,"date":"2016-08-29T06:57:58","date_gmt":"2016-08-29T10:57:58","guid":{"rendered":"http:\/\/digital58.com.ve\/site\/?p=54917"},"modified":"2016-08-29T06:57:58","modified_gmt":"2016-08-29T10:57:58","slug":"el-mundo-de-la-musica-se-vuelca-en-el-adios-a-juan-gabriel","status":"publish","type":"post","link":"https:\/\/digital58.com.ve\/site\/2016\/08\/29\/el-mundo-de-la-musica-se-vuelca-en-el-adios-a-juan-gabriel\/","title":{"rendered":"El mundo de la m\u00fasica se vuelca en el adi\u00f3s a Juan Gabriel"},"content":{"rendered":"<p><a href=\"http:\/\/digital58.com.ve\/site\/wp-content\/uploads\/2016\/08\/juang2.jpg\"><img loading=\"lazy\" decoding=\"async\" class=\"aligncenter size-large wp-image-54913\" src=\"http:\/\/digital58.com.ve\/site\/wp-content\/uploads\/2016\/08\/juang2-1024x683.jpg\" alt=\"juang2\" width=\"640\" height=\"427\" srcset=\"https:\/\/digital58.com.ve\/site\/wp-content\/uploads\/2016\/08\/juang2-1024x683.jpg 1024w, https:\/\/digital58.com.ve\/site\/wp-content\/uploads\/2016\/08\/juang2-300x200.jpg 300w, https:\/\/digital58.com.ve\/site\/wp-content\/uploads\/2016\/08\/juang2-768x512.jpg 768w, https:\/\/digital58.com.ve\/site\/wp-content\/uploads\/2016\/08\/juang2.jpg 800w\" sizes=\"auto, (max-width: 640px) 100vw, 640px\" \/><\/a><\/p>\n<p>Artistas como Marc Anthony, Enrique Iglesias, Alejandro Fern\u00e1ndez, Los Tigres del Norte, Marco Antonio Sol\u00eds, Juanes y Gloria Trevi, entre otros, acudieron a las redes sociales para mostrar su p\u00e9same por el fallecimiento hoy de Juan Gabriel, \u00abEl Divo de Ju\u00e1rez\u00bb.<\/p>\n<p><strong>Maracaibo, Zulia, Venezuela, 29 de agosto de 2016 (D58).-<\/strong> \u00abCuando la lluvia cae, cuando desaparece, cuando la luna sale, y cuando el sol se mete\u00bb, escribi\u00f3 Marc Anthony en su cuenta oficial de Twitter, acompa\u00f1ado por la etiqueta #yoterecuerdo, el nombre de la canci\u00f3n a la que hacen alusi\u00f3n esas estrofas.<\/p>\n<p>\u00abDescansa en paz, \u00eddolo\u00bb, agreg\u00f3.<\/p>\n<p>Por su parte el cantante espa\u00f1ol Enrique Iglesias manifest\u00f3: \u00abHoy es un d\u00eda muy triste. Perdimos a uno de los artistas m\u00e1s grandes y talentosos de todos los tiempos. Descanse en paz, Don Alberto. Nunca ser\u00e1s olvidado\u00bb.<\/p>\n<p>Alejandro Fern\u00e1ndez, con una publicaci\u00f3n en Instagram, tambi\u00e9n se refiri\u00f3 a Juan Gabriel como \u00abun gran \u00eddolo\u00bb.<\/p>\n<p>\u00abSiento mucho esta p\u00e9rdida para M\u00e9xico y el mundo. Descansa en paz mi querido Juan Gabriel\u00bb, indic\u00f3.<\/p>\n<p>Los Tigres del Norte, en un mensaje difundido en v\u00eddeo a trav\u00e9s de su cuenta oficial en Twitter, se\u00f1alaron que \u00abel mundo de la m\u00fasica est\u00e1 de luto\u00bb y enviaron su \u00abm\u00e1s sentido p\u00e9same\u00bb a la familia del artista.<\/p>\n<p>\u00abSe nos fue un gran personaje en nuestra m\u00fasica mexicana. Descanse en paz\u00bb, indicaron.<\/p>\n<p>Marco Antonio Sol\u00eds habl\u00f3 de Juan Gabriel como su \u00abpaisano y hermano del firmamento de las letras y melod\u00edas\u00bb. \u00abJuan Gabriel nos dice hasta siempre desde el cielo\u00bb, a\u00f1adi\u00f3.<\/p>\n<p>Sin palabras se quedaron tras recibir la noticia tanto Juanes como Gloria Trevi.<\/p>\n<p>\u00abMe quedo sin palabras para expresar mi inmensa tristeza por la partida del gran Juan Gabriel. Su m\u00fasica y esp\u00edritu vivir\u00e1n por siempre\u00bb, manifest\u00f3 el colombiano, en tanto que la diva mexicana sostuvo: \u00abNo encuentro palabras para consolar a tantas almas. Nuestro amor eterno, Juan Gabriel&#8230; \u00a1ya est\u00e1 con Dios!\u00bb.<\/p>\n<p>Adem\u00e1s, el actor mexicano Gael Garc\u00eda Bernal declar\u00f3: \u00abMuri\u00f3 Juan Gabriel. Qu\u00e9 dolor, carajo\u00bb.<\/p>\n<p>\u00abLas flores interminables hac\u00edan que sus canciones continuaran hasta lo grotesco (bello) del amor\u00bb, recalc\u00f3.<\/p>\n<p>El colombiano J Balvin, tras su reciente accidente de avioneta, se\u00f1al\u00f3: \u00abGracias por ese legado tan hermoso. Agradecido con tu paso por esta tierra\u00bb.<\/p>\n<p>Y Ricardo Montaner subray\u00f3: \u00abUna inmensa tristeza correr\u00e1 como agua en los corazones de cada persona que hable espa\u00f1ol\u00bb.<\/p>\n<p>Juan Gabriel, una de las estrellas musicales m\u00e1s relevantes de Latinoam\u00e9rica, falleci\u00f3 este domingo 28 de agosto a los 66 a\u00f1os en Santa M\u00f3nica (California), dos d\u00edas despu\u00e9s de dar su \u00faltimo concierto en el F\u00f3rum de Los \u00c1ngeles.<\/p><div class=\"lhzzp69f2640061065\" ><p style=\"text-align: center;\"><a href=\"https:\/\/t.me\/noticiasdigital58\" target=\"_blank\" rel=\"noopener\"><img class=\"aligncenter size-full wp-image-125363\" src=\"https:\/\/digital58.com.ve\/site\/wp-content\/uploads\/2021\/04\/banner-telegram-web-2021.png\" alt=\"\" width=\"600\" height=\"90\" \/><\/a><\/p><\/div><style type=\"text\/css\">\r\n@media screen and (min-width: 1201px) {\r\n.lhzzp69f2640061065 {\r\ndisplay: block;\r\n}\r\n}\r\n@media screen and (min-width: 993px) and (max-width: 1200px) {\r\n.lhzzp69f2640061065 {\r\ndisplay: block;\r\n}\r\n}\r\n@media screen and (min-width: 769px) and (max-width: 992px) {\r\n.lhzzp69f2640061065 {\r\ndisplay: block;\r\n}\r\n}\r\n@media screen and (min-width: 768px) and (max-width: 768px) {\r\n.lhzzp69f2640061065 {\r\ndisplay: block;\r\n}\r\n}\r\n@media screen and (max-width: 767px) {\r\n.lhzzp69f2640061065 {\r\ndisplay: block;\r\n}\r\n}\r\n<\/style>\r\n\n<p><strong>Fuente y redacci\u00f3n: EFE<\/strong><br \/>\n<strong>Edici\u00f3n: Villasmil, Henry<\/strong><br \/>\n<strong>Foto: archivo EFE<\/strong><\/p>\n<div style=\"margin-top: 0px; margin-bottom: 0px;\" class=\"sharethis-inline-share-buttons\" ><\/div>","protected":false},"excerpt":{"rendered":"<p>Artistas como Marc Anthony, Enrique Iglesias, Alejandro Fern\u00e1ndez, Los Tigres del Norte, Marco Antonio Sol\u00eds, Juanes y Gloria Trevi, entre<\/p>\n","protected":false},"author":1,"featured_media":0,"comment_status":"open","ping_status":"closed","sticky":false,"template":"","format":"standard","meta":{"colormag_page_container_layout":"default_layout","colormag_page_sidebar_layout":"default_layout","_uag_custom_page_level_css":"","footnotes":""},"categories":[1,5403],"tags":[78,207,8,2586,175,61],"class_list":["post-54917","post","type-post","status-publish","format-standard","hentry","category-fama","category-otros","tag-cantantes","tag-fallecimientos","tag-internacionales","tag-juan-gabriel","tag-mexico","tag-musica"],"yoast_head":"<!-- This site is optimized with the Yoast SEO plugin v27.5 - https:\/\/yoast.com\/product\/yoast-seo-wordpress\/ -->\n<title>El mundo de la m\u00fasica se vuelca en el adi\u00f3s a Juan Gabriel<\/title>\n<meta name=\"robots\" content=\"index, follow, max-snippet:-1, max-image-preview:large, max-video-preview:-1\" \/>\n<link rel=\"canonical\" href=\"https:\/\/digital58.com.ve\/site\/2016\/08\/29\/el-mundo-de-la-musica-se-vuelca-en-el-adios-a-juan-gabriel\/\" \/>\n<meta property=\"og:locale\" content=\"es_ES\" \/>\n<meta property=\"og:type\" content=\"article\" \/>\n<meta property=\"og:title\" content=\"El mundo de la m\u00fasica se vuelca en el adi\u00f3s a Juan Gabriel\" \/>\n<meta property=\"og:url\" content=\"https:\/\/digital58.com.ve\/site\/2016\/08\/29\/el-mundo-de-la-musica-se-vuelca-en-el-adios-a-juan-gabriel\/\" \/>\n<meta property=\"og:site_name\" content=\"Noticias Digital58\" \/>\n<meta property=\"article:published_time\" content=\"2016-08-29T10:57:58+00:00\" \/>\n<meta property=\"og:image\" content=\"http:\/\/digital58.com.ve\/site\/wp-content\/uploads\/2016\/08\/juang2-1024x683.jpg\" \/>\n<meta name=\"author\" content=\"Villasmil Henry\" \/>\n<meta name=\"twitter:card\" content=\"summary_large_image\" \/>\n<meta name=\"twitter:creator\" content=\"@https:\/\/twitter.com\/villasmilhfoto\" \/>\n<meta name=\"twitter:site\" content=\"@villasmilhfoto\" \/>\n<meta name=\"twitter:label1\" content=\"Escrito por\" \/>\n\t<meta name=\"twitter:data1\" content=\"Villasmil Henry\" \/>\n\t<meta name=\"twitter:label2\" content=\"Tiempo estimado de lectura\" \/>\n\t<meta name=\"twitter:data2\" content=\"2 minutos\" \/>\n<script type=\"application\/ld+json\" class=\"yoast-schema-graph\">{\"@context\":\"https:\\\/\\\/schema.org\",\"@graph\":[{\"@type\":\"Article\",\"@id\":\"https:\\\/\\\/digital58.com.ve\\\/site\\\/2016\\\/08\\\/29\\\/el-mundo-de-la-musica-se-vuelca-en-el-adios-a-juan-gabriel\\\/#article\",\"isPartOf\":{\"@id\":\"https:\\\/\\\/digital58.com.ve\\\/site\\\/2016\\\/08\\\/29\\\/el-mundo-de-la-musica-se-vuelca-en-el-adios-a-juan-gabriel\\\/\"},\"author\":{\"name\":\"Villasmil Henry\",\"@id\":\"https:\\\/\\\/digital58.com.ve\\\/site\\\/#\\\/schema\\\/person\\\/64d1c2e4d0d4fd1b849980c4331c2951\"},\"headline\":\"El mundo de la m\u00fasica se vuelca en el adi\u00f3s a Juan Gabriel\",\"datePublished\":\"2016-08-29T10:57:58+00:00\",\"mainEntityOfPage\":{\"@id\":\"https:\\\/\\\/digital58.com.ve\\\/site\\\/2016\\\/08\\\/29\\\/el-mundo-de-la-musica-se-vuelca-en-el-adios-a-juan-gabriel\\\/\"},\"wordCount\":489,\"commentCount\":0,\"publisher\":{\"@id\":\"https:\\\/\\\/digital58.com.ve\\\/site\\\/#\\\/schema\\\/person\\\/64d1c2e4d0d4fd1b849980c4331c2951\"},\"image\":{\"@id\":\"https:\\\/\\\/digital58.com.ve\\\/site\\\/2016\\\/08\\\/29\\\/el-mundo-de-la-musica-se-vuelca-en-el-adios-a-juan-gabriel\\\/#primaryimage\"},\"thumbnailUrl\":\"http:\\\/\\\/digital58.com.ve\\\/site\\\/wp-content\\\/uploads\\\/2016\\\/08\\\/juang2-1024x683.jpg\",\"keywords\":[\"Cantantes\",\"Fallecimientos\",\"Internacionales\",\"Juan Gabriel\",\"M\u00e9xico\",\"M\u00fasica\"],\"articleSection\":[\"Fama\",\"Otros\"],\"inLanguage\":\"es\",\"potentialAction\":[{\"@type\":\"CommentAction\",\"name\":\"Comment\",\"target\":[\"https:\\\/\\\/digital58.com.ve\\\/site\\\/2016\\\/08\\\/29\\\/el-mundo-de-la-musica-se-vuelca-en-el-adios-a-juan-gabriel\\\/#respond\"]}]},{\"@type\":\"WebPage\",\"@id\":\"https:\\\/\\\/digital58.com.ve\\\/site\\\/2016\\\/08\\\/29\\\/el-mundo-de-la-musica-se-vuelca-en-el-adios-a-juan-gabriel\\\/\",\"url\":\"https:\\\/\\\/digital58.com.ve\\\/site\\\/2016\\\/08\\\/29\\\/el-mundo-de-la-musica-se-vuelca-en-el-adios-a-juan-gabriel\\\/\",\"name\":\"El mundo de la m\u00fasica se vuelca en el adi\u00f3s a Juan Gabriel\",\"isPartOf\":{\"@id\":\"https:\\\/\\\/digital58.com.ve\\\/site\\\/#website\"},\"primaryImageOfPage\":{\"@id\":\"https:\\\/\\\/digital58.com.ve\\\/site\\\/2016\\\/08\\\/29\\\/el-mundo-de-la-musica-se-vuelca-en-el-adios-a-juan-gabriel\\\/#primaryimage\"},\"image\":{\"@id\":\"https:\\\/\\\/digital58.com.ve\\\/site\\\/2016\\\/08\\\/29\\\/el-mundo-de-la-musica-se-vuelca-en-el-adios-a-juan-gabriel\\\/#primaryimage\"},\"thumbnailUrl\":\"http:\\\/\\\/digital58.com.ve\\\/site\\\/wp-content\\\/uploads\\\/2016\\\/08\\\/juang2-1024x683.jpg\",\"datePublished\":\"2016-08-29T10:57:58+00:00\",\"breadcrumb\":{\"@id\":\"https:\\\/\\\/digital58.com.ve\\\/site\\\/2016\\\/08\\\/29\\\/el-mundo-de-la-musica-se-vuelca-en-el-adios-a-juan-gabriel\\\/#breadcrumb\"},\"inLanguage\":\"es\",\"potentialAction\":[{\"@type\":\"ReadAction\",\"target\":[\"https:\\\/\\\/digital58.com.ve\\\/site\\\/2016\\\/08\\\/29\\\/el-mundo-de-la-musica-se-vuelca-en-el-adios-a-juan-gabriel\\\/\"]}]},{\"@type\":\"ImageObject\",\"inLanguage\":\"es\",\"@id\":\"https:\\\/\\\/digital58.com.ve\\\/site\\\/2016\\\/08\\\/29\\\/el-mundo-de-la-musica-se-vuelca-en-el-adios-a-juan-gabriel\\\/#primaryimage\",\"url\":\"http:\\\/\\\/digital58.com.ve\\\/site\\\/wp-content\\\/uploads\\\/2016\\\/08\\\/juang2-1024x683.jpg\",\"contentUrl\":\"http:\\\/\\\/digital58.com.ve\\\/site\\\/wp-content\\\/uploads\\\/2016\\\/08\\\/juang2-1024x683.jpg\"},{\"@type\":\"BreadcrumbList\",\"@id\":\"https:\\\/\\\/digital58.com.ve\\\/site\\\/2016\\\/08\\\/29\\\/el-mundo-de-la-musica-se-vuelca-en-el-adios-a-juan-gabriel\\\/#breadcrumb\",\"itemListElement\":[{\"@type\":\"ListItem\",\"position\":1,\"name\":\"Home\",\"item\":\"https:\\\/\\\/digital58.com.ve\\\/site\\\/\"},{\"@type\":\"ListItem\",\"position\":2,\"name\":\"El mundo de la m\u00fasica se vuelca en el adi\u00f3s a Juan Gabriel\"}]},{\"@type\":\"WebSite\",\"@id\":\"https:\\\/\\\/digital58.com.ve\\\/site\\\/#website\",\"url\":\"https:\\\/\\\/digital58.com.ve\\\/site\\\/\",\"name\":\"Noticias Digital58\",\"description\":\"Portal de Noticias \u00a1Periodismo web de verdad! Lanzamiento web 22.11.2005 \\\/ Maracaibo, Venezuela\",\"publisher\":{\"@id\":\"https:\\\/\\\/digital58.com.ve\\\/site\\\/#\\\/schema\\\/person\\\/64d1c2e4d0d4fd1b849980c4331c2951\"},\"alternateName\":\"ND58\",\"potentialAction\":[{\"@type\":\"SearchAction\",\"target\":{\"@type\":\"EntryPoint\",\"urlTemplate\":\"https:\\\/\\\/digital58.com.ve\\\/site\\\/?s={search_term_string}\"},\"query-input\":{\"@type\":\"PropertyValueSpecification\",\"valueRequired\":true,\"valueName\":\"search_term_string\"}}],\"inLanguage\":\"es\"},{\"@type\":[\"Person\",\"Organization\"],\"@id\":\"https:\\\/\\\/digital58.com.ve\\\/site\\\/#\\\/schema\\\/person\\\/64d1c2e4d0d4fd1b849980c4331c2951\",\"name\":\"Villasmil Henry\",\"image\":{\"@type\":\"ImageObject\",\"inLanguage\":\"es\",\"@id\":\"https:\\\/\\\/secure.gravatar.com\\\/avatar\\\/bb0c4a2fcb7970138239f7e404ea75757b1b507b28b5ce4c53fbd62d797c5a7c?s=96&d=mm&r=g\",\"url\":\"https:\\\/\\\/secure.gravatar.com\\\/avatar\\\/bb0c4a2fcb7970138239f7e404ea75757b1b507b28b5ce4c53fbd62d797c5a7c?s=96&d=mm&r=g\",\"contentUrl\":\"https:\\\/\\\/secure.gravatar.com\\\/avatar\\\/bb0c4a2fcb7970138239f7e404ea75757b1b507b28b5ce4c53fbd62d797c5a7c?s=96&d=mm&r=g\",\"caption\":\"Villasmil Henry\"},\"logo\":{\"@id\":\"https:\\\/\\\/secure.gravatar.com\\\/avatar\\\/bb0c4a2fcb7970138239f7e404ea75757b1b507b28b5ce4c53fbd62d797c5a7c?s=96&d=mm&r=g\"},\"sameAs\":[\"http:\\\/\\\/www.henryvillasmil.com.ve\",\"https:\\\/\\\/www.instagram.com\\\/villasmilhfoto\\\/\",\"https:\\\/\\\/x.com\\\/https:\\\/\\\/twitter.com\\\/villasmilhfoto\"],\"url\":\"https:\\\/\\\/digital58.com.ve\\\/site\\\/author\\\/droopy_68\\\/\"}]}<\/script>\n<!-- \/ Yoast SEO plugin. -->","yoast_head_json":{"title":"El mundo de la m\u00fasica se vuelca en el adi\u00f3s a Juan Gabriel","robots":{"index":"index","follow":"follow","max-snippet":"max-snippet:-1","max-image-preview":"max-image-preview:large","max-video-preview":"max-video-preview:-1"},"canonical":"https:\/\/digital58.com.ve\/site\/2016\/08\/29\/el-mundo-de-la-musica-se-vuelca-en-el-adios-a-juan-gabriel\/","og_locale":"es_ES","og_type":"article","og_title":"El mundo de la m\u00fasica se vuelca en el adi\u00f3s a Juan Gabriel","og_url":"https:\/\/digital58.com.ve\/site\/2016\/08\/29\/el-mundo-de-la-musica-se-vuelca-en-el-adios-a-juan-gabriel\/","og_site_name":"Noticias Digital58","article_published_time":"2016-08-29T10:57:58+00:00","og_image":[{"url":"http:\/\/digital58.com.ve\/site\/wp-content\/uploads\/2016\/08\/juang2-1024x683.jpg","type":"","width":"","height":""}],"author":"Villasmil Henry","twitter_card":"summary_large_image","twitter_creator":"@https:\/\/twitter.com\/villasmilhfoto","twitter_site":"@villasmilhfoto","twitter_misc":{"Escrito por":"Villasmil Henry","Tiempo estimado de lectura":"2 minutos"},"schema":{"@context":"https:\/\/schema.org","@graph":[{"@type":"Article","@id":"https:\/\/digital58.com.ve\/site\/2016\/08\/29\/el-mundo-de-la-musica-se-vuelca-en-el-adios-a-juan-gabriel\/#article","isPartOf":{"@id":"https:\/\/digital58.com.ve\/site\/2016\/08\/29\/el-mundo-de-la-musica-se-vuelca-en-el-adios-a-juan-gabriel\/"},"author":{"name":"Villasmil Henry","@id":"https:\/\/digital58.com.ve\/site\/#\/schema\/person\/64d1c2e4d0d4fd1b849980c4331c2951"},"headline":"El mundo de la m\u00fasica se vuelca en el adi\u00f3s a Juan Gabriel","datePublished":"2016-08-29T10:57:58+00:00","mainEntityOfPage":{"@id":"https:\/\/digital58.com.ve\/site\/2016\/08\/29\/el-mundo-de-la-musica-se-vuelca-en-el-adios-a-juan-gabriel\/"},"wordCount":489,"commentCount":0,"publisher":{"@id":"https:\/\/digital58.com.ve\/site\/#\/schema\/person\/64d1c2e4d0d4fd1b849980c4331c2951"},"image":{"@id":"https:\/\/digital58.com.ve\/site\/2016\/08\/29\/el-mundo-de-la-musica-se-vuelca-en-el-adios-a-juan-gabriel\/#primaryimage"},"thumbnailUrl":"http:\/\/digital58.com.ve\/site\/wp-content\/uploads\/2016\/08\/juang2-1024x683.jpg","keywords":["Cantantes","Fallecimientos","Internacionales","Juan Gabriel","M\u00e9xico","M\u00fasica"],"articleSection":["Fama","Otros"],"inLanguage":"es","potentialAction":[{"@type":"CommentAction","name":"Comment","target":["https:\/\/digital58.com.ve\/site\/2016\/08\/29\/el-mundo-de-la-musica-se-vuelca-en-el-adios-a-juan-gabriel\/#respond"]}]},{"@type":"WebPage","@id":"https:\/\/digital58.com.ve\/site\/2016\/08\/29\/el-mundo-de-la-musica-se-vuelca-en-el-adios-a-juan-gabriel\/","url":"https:\/\/digital58.com.ve\/site\/2016\/08\/29\/el-mundo-de-la-musica-se-vuelca-en-el-adios-a-juan-gabriel\/","name":"El mundo de la m\u00fasica se vuelca en el adi\u00f3s a Juan Gabriel","isPartOf":{"@id":"https:\/\/digital58.com.ve\/site\/#website"},"primaryImageOfPage":{"@id":"https:\/\/digital58.com.ve\/site\/2016\/08\/29\/el-mundo-de-la-musica-se-vuelca-en-el-adios-a-juan-gabriel\/#primaryimage"},"image":{"@id":"https:\/\/digital58.com.ve\/site\/2016\/08\/29\/el-mundo-de-la-musica-se-vuelca-en-el-adios-a-juan-gabriel\/#primaryimage"},"thumbnailUrl":"http:\/\/digital58.com.ve\/site\/wp-content\/uploads\/2016\/08\/juang2-1024x683.jpg","datePublished":"2016-08-29T10:57:58+00:00","breadcrumb":{"@id":"https:\/\/digital58.com.ve\/site\/2016\/08\/29\/el-mundo-de-la-musica-se-vuelca-en-el-adios-a-juan-gabriel\/#breadcrumb"},"inLanguage":"es","potentialAction":[{"@type":"ReadAction","target":["https:\/\/digital58.com.ve\/site\/2016\/08\/29\/el-mundo-de-la-musica-se-vuelca-en-el-adios-a-juan-gabriel\/"]}]},{"@type":"ImageObject","inLanguage":"es","@id":"https:\/\/digital58.com.ve\/site\/2016\/08\/29\/el-mundo-de-la-musica-se-vuelca-en-el-adios-a-juan-gabriel\/#primaryimage","url":"http:\/\/digital58.com.ve\/site\/wp-content\/uploads\/2016\/08\/juang2-1024x683.jpg","contentUrl":"http:\/\/digital58.com.ve\/site\/wp-content\/uploads\/2016\/08\/juang2-1024x683.jpg"},{"@type":"BreadcrumbList","@id":"https:\/\/digital58.com.ve\/site\/2016\/08\/29\/el-mundo-de-la-musica-se-vuelca-en-el-adios-a-juan-gabriel\/#breadcrumb","itemListElement":[{"@type":"ListItem","position":1,"name":"Home","item":"https:\/\/digital58.com.ve\/site\/"},{"@type":"ListItem","position":2,"name":"El mundo de la m\u00fasica se vuelca en el adi\u00f3s a Juan Gabriel"}]},{"@type":"WebSite","@id":"https:\/\/digital58.com.ve\/site\/#website","url":"https:\/\/digital58.com.ve\/site\/","name":"Noticias Digital58","description":"Portal de Noticias \u00a1Periodismo web de verdad! Lanzamiento web 22.11.2005 \/ Maracaibo, Venezuela","publisher":{"@id":"https:\/\/digital58.com.ve\/site\/#\/schema\/person\/64d1c2e4d0d4fd1b849980c4331c2951"},"alternateName":"ND58","potentialAction":[{"@type":"SearchAction","target":{"@type":"EntryPoint","urlTemplate":"https:\/\/digital58.com.ve\/site\/?s={search_term_string}"},"query-input":{"@type":"PropertyValueSpecification","valueRequired":true,"valueName":"search_term_string"}}],"inLanguage":"es"},{"@type":["Person","Organization"],"@id":"https:\/\/digital58.com.ve\/site\/#\/schema\/person\/64d1c2e4d0d4fd1b849980c4331c2951","name":"Villasmil Henry","image":{"@type":"ImageObject","inLanguage":"es","@id":"https:\/\/secure.gravatar.com\/avatar\/bb0c4a2fcb7970138239f7e404ea75757b1b507b28b5ce4c53fbd62d797c5a7c?s=96&d=mm&r=g","url":"https:\/\/secure.gravatar.com\/avatar\/bb0c4a2fcb7970138239f7e404ea75757b1b507b28b5ce4c53fbd62d797c5a7c?s=96&d=mm&r=g","contentUrl":"https:\/\/secure.gravatar.com\/avatar\/bb0c4a2fcb7970138239f7e404ea75757b1b507b28b5ce4c53fbd62d797c5a7c?s=96&d=mm&r=g","caption":"Villasmil Henry"},"logo":{"@id":"https:\/\/secure.gravatar.com\/avatar\/bb0c4a2fcb7970138239f7e404ea75757b1b507b28b5ce4c53fbd62d797c5a7c?s=96&d=mm&r=g"},"sameAs":["http:\/\/www.henryvillasmil.com.ve","https:\/\/www.instagram.com\/villasmilhfoto\/","https:\/\/x.com\/https:\/\/twitter.com\/villasmilhfoto"],"url":"https:\/\/digital58.com.ve\/site\/author\/droopy_68\/"}]}},"uagb_featured_image_src":{"full":false,"thumbnail":false,"medium":false,"medium_large":false,"large":false,"1536x1536":false,"2048x2048":false,"colormag-highlighted-post":false,"colormag-featured-post-medium":false,"colormag-featured-post-small":false,"colormag-featured-image":false,"colormag-default-news":false,"colormag-featured-image-large":false},"uagb_author_info":{"display_name":"Villasmil Henry","author_link":"https:\/\/digital58.com.ve\/site\/author\/droopy_68\/"},"uagb_comment_info":0,"uagb_excerpt":"Artistas como Marc Anthony, Enrique Iglesias, Alejandro Fern\u00e1ndez, Los Tigres del Norte, Marco Antonio Sol\u00eds, Juanes y Gloria Trevi, entre","_links":{"self":[{"href":"https:\/\/digital58.com.ve\/site\/wp-json\/wp\/v2\/posts\/54917","targetHints":{"allow":["GET"]}}],"collection":[{"href":"https:\/\/digital58.com.ve\/site\/wp-json\/wp\/v2\/posts"}],"about":[{"href":"https:\/\/digital58.com.ve\/site\/wp-json\/wp\/v2\/types\/post"}],"author":[{"embeddable":true,"href":"https:\/\/digital58.com.ve\/site\/wp-json\/wp\/v2\/users\/1"}],"replies":[{"embeddable":true,"href":"https:\/\/digital58.com.ve\/site\/wp-json\/wp\/v2\/comments?post=54917"}],"version-history":[{"count":0,"href":"https:\/\/digital58.com.ve\/site\/wp-json\/wp\/v2\/posts\/54917\/revisions"}],"wp:attachment":[{"href":"https:\/\/digital58.com.ve\/site\/wp-json\/wp\/v2\/media?parent=54917"}],"wp:term":[{"taxonomy":"category","embeddable":true,"href":"https:\/\/digital58.com.ve\/site\/wp-json\/wp\/v2\/categories?post=54917"},{"taxonomy":"post_tag","embeddable":true,"href":"https:\/\/digital58.com.ve\/site\/wp-json\/wp\/v2\/tags?post=54917"}],"curies":[{"name":"wp","href":"https:\/\/api.w.org\/{rel}","templated":true}]}}