{"id":55244,"date":"2016-09-30T06:51:37","date_gmt":"2016-09-30T11:21:37","guid":{"rendered":"http:\/\/digital58.com.ve\/site\/?p=55244"},"modified":"2019-04-23T07:25:32","modified_gmt":"2019-04-23T11:25:32","slug":"thamy-bravo-escogera-a-la-madrina-de-las","status":"publish","type":"post","link":"https:\/\/digital58.com.ve\/site\/2016\/09\/30\/thamy-bravo-escogera-a-la-madrina-de-las\/","title":{"rendered":"Thamy Bravo escoger\u00e1 a la madrina de las \u00ab\u00c1guilas\u00bb"},"content":{"rendered":"<p><a href=\"https:\/\/digital58.com.ve\/site\/wp-content\/uploads\/2016\/10\/thamy.jpg\"><img loading=\"lazy\" decoding=\"async\" class=\"aligncenter size-full wp-image-84964\" src=\"https:\/\/digital58.com.ve\/site\/wp-content\/uploads\/2016\/10\/thamy.jpg\" alt=\"\" width=\"900\" height=\"600\" srcset=\"https:\/\/digital58.com.ve\/site\/wp-content\/uploads\/2016\/10\/thamy.jpg 800w, https:\/\/digital58.com.ve\/site\/wp-content\/uploads\/2016\/10\/thamy-300x200.jpg 300w, https:\/\/digital58.com.ve\/site\/wp-content\/uploads\/2016\/10\/thamy-768x512.jpg 768w, https:\/\/digital58.com.ve\/site\/wp-content\/uploads\/2016\/10\/thamy-720x480.jpg 720w, https:\/\/digital58.com.ve\/site\/wp-content\/uploads\/2016\/10\/thamy-480x320.jpg 480w\" sizes=\"auto, (max-width: 900px) 100vw, 900px\" \/><\/a><\/p>\n<p>Por tercera ocasi\u00f3n, Thamairys Bravo formar\u00e1 parte del jurado que escoger\u00e1 a la nueva madrina del equipo de b\u00e9isbol \u00c1guilas del Zulia, este 03 de octubre.<\/p>\n<p><strong>Maracaibo, Zulia, Venezuela, 30 de septiembre de 2016 (D58).-<\/strong> Evaluando a un grupo de 9 hermosas chicas que lucen sus talentos ante los presentes en una gala que cuenta adem\u00e1s con la presencia de los jugadores, el presidente del equipo y medios de comunicaci\u00f3n.<\/p>\n<p>Bravo fue designada con esta responsabilidad por su experiencia en concursos de belleza y producci\u00f3n de grandes eventos en la ciudad que la han convertida en una destacada personalidad del ambiente art\u00edstico.<\/p>\n<p>Desde el 2014, Thamairys ha estado vinculada con el concurso Madrina \u00c1guilas del Zulia, demostrando sus capacidades en la captaci\u00f3n de nuevos talentos.<\/p>\n<p><strong>Redacci\u00f3n: Villasmil, Henry<\/strong><br \/>\n<strong>Fotos: @villasmilhfoto<\/strong><\/p><div class=\"qljko69f42d6163885\" ><p style=\"text-align: center;\"><a href=\"https:\/\/t.me\/noticiasdigital58\" target=\"_blank\" rel=\"noopener\"><img class=\"aligncenter size-full wp-image-125363\" src=\"https:\/\/digital58.com.ve\/site\/wp-content\/uploads\/2021\/04\/banner-telegram-web-2021.png\" alt=\"\" width=\"600\" height=\"90\" \/><\/a><\/p><\/div><style type=\"text\/css\">\r\n@media screen and (min-width: 1201px) {\r\n.qljko69f42d6163885 {\r\ndisplay: block;\r\n}\r\n}\r\n@media screen and (min-width: 993px) and (max-width: 1200px) {\r\n.qljko69f42d6163885 {\r\ndisplay: block;\r\n}\r\n}\r\n@media screen and (min-width: 769px) and (max-width: 992px) {\r\n.qljko69f42d6163885 {\r\ndisplay: block;\r\n}\r\n}\r\n@media screen and (min-width: 768px) and (max-width: 768px) {\r\n.qljko69f42d6163885 {\r\ndisplay: block;\r\n}\r\n}\r\n@media screen and (max-width: 767px) {\r\n.qljko69f42d6163885 {\r\ndisplay: block;\r\n}\r\n}\r\n<\/style>\r\n\n<p><a href=\"https:\/\/digital58.com.ve\/site\/wp-content\/uploads\/2016\/10\/thamy-2.jpg\"><img loading=\"lazy\" decoding=\"async\" class=\"aligncenter size-full wp-image-84963\" src=\"https:\/\/digital58.com.ve\/site\/wp-content\/uploads\/2016\/10\/thamy-2.jpg\" alt=\"\" width=\"462\" height=\"700\" srcset=\"https:\/\/digital58.com.ve\/site\/wp-content\/uploads\/2016\/10\/thamy-2.jpg 396w, https:\/\/digital58.com.ve\/site\/wp-content\/uploads\/2016\/10\/thamy-2-198x300.jpg 198w\" sizes=\"auto, (max-width: 462px) 100vw, 462px\" \/><\/a><\/p>\n<div style=\"margin-top: 0px; margin-bottom: 0px;\" class=\"sharethis-inline-share-buttons\" ><\/div>","protected":false},"excerpt":{"rendered":"<p>Por tercera ocasi\u00f3n, Thamairys Bravo formar\u00e1 parte del jurado que escoger\u00e1 a la nueva madrina del equipo de b\u00e9isbol \u00c1guilas<\/p>\n","protected":false},"author":1,"featured_media":84964,"comment_status":"open","ping_status":"closed","sticky":false,"template":"","format":"standard","meta":{"colormag_page_container_layout":"default_layout","colormag_page_sidebar_layout":"default_layout","_uag_custom_page_level_css":"","footnotes":""},"categories":[5402,1,5414],"tags":[447,50,73,2354,5683,32,761],"class_list":["post-55244","post","type-post","status-publish","format-standard","has-post-thumbnail","hentry","category-deportes","category-fama","category-talento_nacional","tag-aguilas-del-zulia-bbc","tag-entretenimiento","tag-maracaibo","tag-regionales","tag-thamairys-bravo","tag-venezuela","tag-zulia"],"yoast_head":"<!-- This site is optimized with the Yoast SEO plugin v27.5 - https:\/\/yoast.com\/product\/yoast-seo-wordpress\/ -->\n<title>Thamy Bravo escoger\u00e1 a la madrina de las \u00ab\u00c1guilas\u00bb<\/title>\n<meta name=\"description\" content=\"Talento Nacional\" \/>\n<meta name=\"robots\" content=\"index, follow, max-snippet:-1, max-image-preview:large, max-video-preview:-1\" \/>\n<link rel=\"canonical\" href=\"https:\/\/digital58.com.ve\/site\/2016\/09\/30\/thamy-bravo-escogera-a-la-madrina-de-las\/\" \/>\n<meta property=\"og:locale\" content=\"es_ES\" \/>\n<meta property=\"og:type\" content=\"article\" \/>\n<meta property=\"og:title\" content=\"Thamy Bravo escoger\u00e1 a la madrina de las \u00ab\u00c1guilas\u00bb\" \/>\n<meta property=\"og:description\" content=\"Talento Nacional\" \/>\n<meta property=\"og:url\" content=\"https:\/\/digital58.com.ve\/site\/2016\/09\/30\/thamy-bravo-escogera-a-la-madrina-de-las\/\" \/>\n<meta property=\"og:site_name\" content=\"Noticias Digital58\" \/>\n<meta property=\"article:published_time\" content=\"2016-09-30T11:21:37+00:00\" \/>\n<meta property=\"article:modified_time\" content=\"2019-04-23T11:25:32+00:00\" \/>\n<meta property=\"og:image\" content=\"https:\/\/digital58.com.ve\/site\/wp-content\/uploads\/2016\/10\/thamy.jpg\" \/>\n\t<meta property=\"og:image:width\" content=\"900\" \/>\n\t<meta property=\"og:image:height\" content=\"600\" \/>\n\t<meta property=\"og:image:type\" content=\"image\/jpeg\" \/>\n<meta name=\"author\" content=\"Villasmil Henry\" \/>\n<meta name=\"twitter:card\" content=\"summary_large_image\" \/>\n<meta name=\"twitter:creator\" content=\"@https:\/\/twitter.com\/villasmilhfoto\" \/>\n<meta name=\"twitter:site\" content=\"@villasmilhfoto\" \/>\n<meta name=\"twitter:label1\" content=\"Escrito por\" \/>\n\t<meta name=\"twitter:data1\" content=\"Villasmil Henry\" \/>\n\t<meta name=\"twitter:label2\" content=\"Tiempo estimado de lectura\" \/>\n\t<meta name=\"twitter:data2\" content=\"1 minuto\" \/>\n<script type=\"application\/ld+json\" class=\"yoast-schema-graph\">{\"@context\":\"https:\\\/\\\/schema.org\",\"@graph\":[{\"@type\":\"Article\",\"@id\":\"https:\\\/\\\/digital58.com.ve\\\/site\\\/2016\\\/09\\\/30\\\/thamy-bravo-escogera-a-la-madrina-de-las\\\/#article\",\"isPartOf\":{\"@id\":\"https:\\\/\\\/digital58.com.ve\\\/site\\\/2016\\\/09\\\/30\\\/thamy-bravo-escogera-a-la-madrina-de-las\\\/\"},\"author\":{\"name\":\"Villasmil Henry\",\"@id\":\"https:\\\/\\\/digital58.com.ve\\\/site\\\/#\\\/schema\\\/person\\\/64d1c2e4d0d4fd1b849980c4331c2951\"},\"headline\":\"Thamy Bravo escoger\u00e1 a la madrina de las \u00ab\u00c1guilas\u00bb\",\"datePublished\":\"2016-09-30T11:21:37+00:00\",\"dateModified\":\"2019-04-23T11:25:32+00:00\",\"mainEntityOfPage\":{\"@id\":\"https:\\\/\\\/digital58.com.ve\\\/site\\\/2016\\\/09\\\/30\\\/thamy-bravo-escogera-a-la-madrina-de-las\\\/\"},\"wordCount\":143,\"commentCount\":0,\"publisher\":{\"@id\":\"https:\\\/\\\/digital58.com.ve\\\/site\\\/#\\\/schema\\\/person\\\/64d1c2e4d0d4fd1b849980c4331c2951\"},\"image\":{\"@id\":\"https:\\\/\\\/digital58.com.ve\\\/site\\\/2016\\\/09\\\/30\\\/thamy-bravo-escogera-a-la-madrina-de-las\\\/#primaryimage\"},\"thumbnailUrl\":\"https:\\\/\\\/digital58.com.ve\\\/site\\\/wp-content\\\/uploads\\\/2016\\\/10\\\/thamy.jpg\",\"keywords\":[\"\u00c1guilas del Zulia BBC\",\"Entretenimiento\",\"Maracaibo\",\"Regionales\",\"Thamairys Bravo\",\"Venezuela\",\"Zulia\"],\"articleSection\":[\"Deportes\",\"Fama\",\"Talento Nacional\"],\"inLanguage\":\"es\",\"potentialAction\":[{\"@type\":\"CommentAction\",\"name\":\"Comment\",\"target\":[\"https:\\\/\\\/digital58.com.ve\\\/site\\\/2016\\\/09\\\/30\\\/thamy-bravo-escogera-a-la-madrina-de-las\\\/#respond\"]}]},{\"@type\":\"WebPage\",\"@id\":\"https:\\\/\\\/digital58.com.ve\\\/site\\\/2016\\\/09\\\/30\\\/thamy-bravo-escogera-a-la-madrina-de-las\\\/\",\"url\":\"https:\\\/\\\/digital58.com.ve\\\/site\\\/2016\\\/09\\\/30\\\/thamy-bravo-escogera-a-la-madrina-de-las\\\/\",\"name\":\"Thamy Bravo escoger\u00e1 a la madrina de las \u00ab\u00c1guilas\u00bb\",\"isPartOf\":{\"@id\":\"https:\\\/\\\/digital58.com.ve\\\/site\\\/#website\"},\"primaryImageOfPage\":{\"@id\":\"https:\\\/\\\/digital58.com.ve\\\/site\\\/2016\\\/09\\\/30\\\/thamy-bravo-escogera-a-la-madrina-de-las\\\/#primaryimage\"},\"image\":{\"@id\":\"https:\\\/\\\/digital58.com.ve\\\/site\\\/2016\\\/09\\\/30\\\/thamy-bravo-escogera-a-la-madrina-de-las\\\/#primaryimage\"},\"thumbnailUrl\":\"https:\\\/\\\/digital58.com.ve\\\/site\\\/wp-content\\\/uploads\\\/2016\\\/10\\\/thamy.jpg\",\"datePublished\":\"2016-09-30T11:21:37+00:00\",\"dateModified\":\"2019-04-23T11:25:32+00:00\",\"description\":\"Talento Nacional\",\"breadcrumb\":{\"@id\":\"https:\\\/\\\/digital58.com.ve\\\/site\\\/2016\\\/09\\\/30\\\/thamy-bravo-escogera-a-la-madrina-de-las\\\/#breadcrumb\"},\"inLanguage\":\"es\",\"potentialAction\":[{\"@type\":\"ReadAction\",\"target\":[\"https:\\\/\\\/digital58.com.ve\\\/site\\\/2016\\\/09\\\/30\\\/thamy-bravo-escogera-a-la-madrina-de-las\\\/\"]}]},{\"@type\":\"ImageObject\",\"inLanguage\":\"es\",\"@id\":\"https:\\\/\\\/digital58.com.ve\\\/site\\\/2016\\\/09\\\/30\\\/thamy-bravo-escogera-a-la-madrina-de-las\\\/#primaryimage\",\"url\":\"https:\\\/\\\/digital58.com.ve\\\/site\\\/wp-content\\\/uploads\\\/2016\\\/10\\\/thamy.jpg\",\"contentUrl\":\"https:\\\/\\\/digital58.com.ve\\\/site\\\/wp-content\\\/uploads\\\/2016\\\/10\\\/thamy.jpg\",\"width\":800,\"height\":533},{\"@type\":\"BreadcrumbList\",\"@id\":\"https:\\\/\\\/digital58.com.ve\\\/site\\\/2016\\\/09\\\/30\\\/thamy-bravo-escogera-a-la-madrina-de-las\\\/#breadcrumb\",\"itemListElement\":[{\"@type\":\"ListItem\",\"position\":1,\"name\":\"Home\",\"item\":\"https:\\\/\\\/digital58.com.ve\\\/site\\\/\"},{\"@type\":\"ListItem\",\"position\":2,\"name\":\"Thamy Bravo escoger\u00e1 a la madrina de las \u00ab\u00c1guilas\u00bb\"}]},{\"@type\":\"WebSite\",\"@id\":\"https:\\\/\\\/digital58.com.ve\\\/site\\\/#website\",\"url\":\"https:\\\/\\\/digital58.com.ve\\\/site\\\/\",\"name\":\"Noticias Digital58\",\"description\":\"Portal de Noticias \u00a1Periodismo web de verdad! Lanzamiento web 22.11.2005 \\\/ Maracaibo, Venezuela\",\"publisher\":{\"@id\":\"https:\\\/\\\/digital58.com.ve\\\/site\\\/#\\\/schema\\\/person\\\/64d1c2e4d0d4fd1b849980c4331c2951\"},\"alternateName\":\"ND58\",\"potentialAction\":[{\"@type\":\"SearchAction\",\"target\":{\"@type\":\"EntryPoint\",\"urlTemplate\":\"https:\\\/\\\/digital58.com.ve\\\/site\\\/?s={search_term_string}\"},\"query-input\":{\"@type\":\"PropertyValueSpecification\",\"valueRequired\":true,\"valueName\":\"search_term_string\"}}],\"inLanguage\":\"es\"},{\"@type\":[\"Person\",\"Organization\"],\"@id\":\"https:\\\/\\\/digital58.com.ve\\\/site\\\/#\\\/schema\\\/person\\\/64d1c2e4d0d4fd1b849980c4331c2951\",\"name\":\"Villasmil Henry\",\"image\":{\"@type\":\"ImageObject\",\"inLanguage\":\"es\",\"@id\":\"https:\\\/\\\/secure.gravatar.com\\\/avatar\\\/bb0c4a2fcb7970138239f7e404ea75757b1b507b28b5ce4c53fbd62d797c5a7c?s=96&d=mm&r=g\",\"url\":\"https:\\\/\\\/secure.gravatar.com\\\/avatar\\\/bb0c4a2fcb7970138239f7e404ea75757b1b507b28b5ce4c53fbd62d797c5a7c?s=96&d=mm&r=g\",\"contentUrl\":\"https:\\\/\\\/secure.gravatar.com\\\/avatar\\\/bb0c4a2fcb7970138239f7e404ea75757b1b507b28b5ce4c53fbd62d797c5a7c?s=96&d=mm&r=g\",\"caption\":\"Villasmil Henry\"},\"logo\":{\"@id\":\"https:\\\/\\\/secure.gravatar.com\\\/avatar\\\/bb0c4a2fcb7970138239f7e404ea75757b1b507b28b5ce4c53fbd62d797c5a7c?s=96&d=mm&r=g\"},\"sameAs\":[\"http:\\\/\\\/www.henryvillasmil.com.ve\",\"https:\\\/\\\/www.instagram.com\\\/villasmilhfoto\\\/\",\"https:\\\/\\\/x.com\\\/https:\\\/\\\/twitter.com\\\/villasmilhfoto\"],\"url\":\"https:\\\/\\\/digital58.com.ve\\\/site\\\/author\\\/droopy_68\\\/\"}]}<\/script>\n<!-- \/ Yoast SEO plugin. -->","yoast_head_json":{"title":"Thamy Bravo escoger\u00e1 a la madrina de las \u00ab\u00c1guilas\u00bb","description":"Talento Nacional","robots":{"index":"index","follow":"follow","max-snippet":"max-snippet:-1","max-image-preview":"max-image-preview:large","max-video-preview":"max-video-preview:-1"},"canonical":"https:\/\/digital58.com.ve\/site\/2016\/09\/30\/thamy-bravo-escogera-a-la-madrina-de-las\/","og_locale":"es_ES","og_type":"article","og_title":"Thamy Bravo escoger\u00e1 a la madrina de las \u00ab\u00c1guilas\u00bb","og_description":"Talento Nacional","og_url":"https:\/\/digital58.com.ve\/site\/2016\/09\/30\/thamy-bravo-escogera-a-la-madrina-de-las\/","og_site_name":"Noticias Digital58","article_published_time":"2016-09-30T11:21:37+00:00","article_modified_time":"2019-04-23T11:25:32+00:00","og_image":[{"width":900,"height":600,"url":"https:\/\/digital58.com.ve\/site\/wp-content\/uploads\/2016\/10\/thamy.jpg","type":"image\/jpeg"}],"author":"Villasmil Henry","twitter_card":"summary_large_image","twitter_creator":"@https:\/\/twitter.com\/villasmilhfoto","twitter_site":"@villasmilhfoto","twitter_misc":{"Escrito por":"Villasmil Henry","Tiempo estimado de lectura":"1 minuto"},"schema":{"@context":"https:\/\/schema.org","@graph":[{"@type":"Article","@id":"https:\/\/digital58.com.ve\/site\/2016\/09\/30\/thamy-bravo-escogera-a-la-madrina-de-las\/#article","isPartOf":{"@id":"https:\/\/digital58.com.ve\/site\/2016\/09\/30\/thamy-bravo-escogera-a-la-madrina-de-las\/"},"author":{"name":"Villasmil Henry","@id":"https:\/\/digital58.com.ve\/site\/#\/schema\/person\/64d1c2e4d0d4fd1b849980c4331c2951"},"headline":"Thamy Bravo escoger\u00e1 a la madrina de las \u00ab\u00c1guilas\u00bb","datePublished":"2016-09-30T11:21:37+00:00","dateModified":"2019-04-23T11:25:32+00:00","mainEntityOfPage":{"@id":"https:\/\/digital58.com.ve\/site\/2016\/09\/30\/thamy-bravo-escogera-a-la-madrina-de-las\/"},"wordCount":143,"commentCount":0,"publisher":{"@id":"https:\/\/digital58.com.ve\/site\/#\/schema\/person\/64d1c2e4d0d4fd1b849980c4331c2951"},"image":{"@id":"https:\/\/digital58.com.ve\/site\/2016\/09\/30\/thamy-bravo-escogera-a-la-madrina-de-las\/#primaryimage"},"thumbnailUrl":"https:\/\/digital58.com.ve\/site\/wp-content\/uploads\/2016\/10\/thamy.jpg","keywords":["\u00c1guilas del Zulia BBC","Entretenimiento","Maracaibo","Regionales","Thamairys Bravo","Venezuela","Zulia"],"articleSection":["Deportes","Fama","Talento Nacional"],"inLanguage":"es","potentialAction":[{"@type":"CommentAction","name":"Comment","target":["https:\/\/digital58.com.ve\/site\/2016\/09\/30\/thamy-bravo-escogera-a-la-madrina-de-las\/#respond"]}]},{"@type":"WebPage","@id":"https:\/\/digital58.com.ve\/site\/2016\/09\/30\/thamy-bravo-escogera-a-la-madrina-de-las\/","url":"https:\/\/digital58.com.ve\/site\/2016\/09\/30\/thamy-bravo-escogera-a-la-madrina-de-las\/","name":"Thamy Bravo escoger\u00e1 a la madrina de las \u00ab\u00c1guilas\u00bb","isPartOf":{"@id":"https:\/\/digital58.com.ve\/site\/#website"},"primaryImageOfPage":{"@id":"https:\/\/digital58.com.ve\/site\/2016\/09\/30\/thamy-bravo-escogera-a-la-madrina-de-las\/#primaryimage"},"image":{"@id":"https:\/\/digital58.com.ve\/site\/2016\/09\/30\/thamy-bravo-escogera-a-la-madrina-de-las\/#primaryimage"},"thumbnailUrl":"https:\/\/digital58.com.ve\/site\/wp-content\/uploads\/2016\/10\/thamy.jpg","datePublished":"2016-09-30T11:21:37+00:00","dateModified":"2019-04-23T11:25:32+00:00","description":"Talento Nacional","breadcrumb":{"@id":"https:\/\/digital58.com.ve\/site\/2016\/09\/30\/thamy-bravo-escogera-a-la-madrina-de-las\/#breadcrumb"},"inLanguage":"es","potentialAction":[{"@type":"ReadAction","target":["https:\/\/digital58.com.ve\/site\/2016\/09\/30\/thamy-bravo-escogera-a-la-madrina-de-las\/"]}]},{"@type":"ImageObject","inLanguage":"es","@id":"https:\/\/digital58.com.ve\/site\/2016\/09\/30\/thamy-bravo-escogera-a-la-madrina-de-las\/#primaryimage","url":"https:\/\/digital58.com.ve\/site\/wp-content\/uploads\/2016\/10\/thamy.jpg","contentUrl":"https:\/\/digital58.com.ve\/site\/wp-content\/uploads\/2016\/10\/thamy.jpg","width":800,"height":533},{"@type":"BreadcrumbList","@id":"https:\/\/digital58.com.ve\/site\/2016\/09\/30\/thamy-bravo-escogera-a-la-madrina-de-las\/#breadcrumb","itemListElement":[{"@type":"ListItem","position":1,"name":"Home","item":"https:\/\/digital58.com.ve\/site\/"},{"@type":"ListItem","position":2,"name":"Thamy Bravo escoger\u00e1 a la madrina de las \u00ab\u00c1guilas\u00bb"}]},{"@type":"WebSite","@id":"https:\/\/digital58.com.ve\/site\/#website","url":"https:\/\/digital58.com.ve\/site\/","name":"Noticias Digital58","description":"Portal de Noticias \u00a1Periodismo web de verdad! Lanzamiento web 22.11.2005 \/ Maracaibo, Venezuela","publisher":{"@id":"https:\/\/digital58.com.ve\/site\/#\/schema\/person\/64d1c2e4d0d4fd1b849980c4331c2951"},"alternateName":"ND58","potentialAction":[{"@type":"SearchAction","target":{"@type":"EntryPoint","urlTemplate":"https:\/\/digital58.com.ve\/site\/?s={search_term_string}"},"query-input":{"@type":"PropertyValueSpecification","valueRequired":true,"valueName":"search_term_string"}}],"inLanguage":"es"},{"@type":["Person","Organization"],"@id":"https:\/\/digital58.com.ve\/site\/#\/schema\/person\/64d1c2e4d0d4fd1b849980c4331c2951","name":"Villasmil Henry","image":{"@type":"ImageObject","inLanguage":"es","@id":"https:\/\/secure.gravatar.com\/avatar\/bb0c4a2fcb7970138239f7e404ea75757b1b507b28b5ce4c53fbd62d797c5a7c?s=96&d=mm&r=g","url":"https:\/\/secure.gravatar.com\/avatar\/bb0c4a2fcb7970138239f7e404ea75757b1b507b28b5ce4c53fbd62d797c5a7c?s=96&d=mm&r=g","contentUrl":"https:\/\/secure.gravatar.com\/avatar\/bb0c4a2fcb7970138239f7e404ea75757b1b507b28b5ce4c53fbd62d797c5a7c?s=96&d=mm&r=g","caption":"Villasmil Henry"},"logo":{"@id":"https:\/\/secure.gravatar.com\/avatar\/bb0c4a2fcb7970138239f7e404ea75757b1b507b28b5ce4c53fbd62d797c5a7c?s=96&d=mm&r=g"},"sameAs":["http:\/\/www.henryvillasmil.com.ve","https:\/\/www.instagram.com\/villasmilhfoto\/","https:\/\/x.com\/https:\/\/twitter.com\/villasmilhfoto"],"url":"https:\/\/digital58.com.ve\/site\/author\/droopy_68\/"}]}},"uagb_featured_image_src":{"full":["https:\/\/digital58.com.ve\/site\/wp-content\/uploads\/2016\/10\/thamy.jpg",800,533,false],"thumbnail":["https:\/\/digital58.com.ve\/site\/wp-content\/uploads\/2016\/10\/thamy-150x150.jpg",150,150,true],"medium":["https:\/\/digital58.com.ve\/site\/wp-content\/uploads\/2016\/10\/thamy-300x200.jpg",300,200,true],"medium_large":["https:\/\/digital58.com.ve\/site\/wp-content\/uploads\/2016\/10\/thamy-768x512.jpg",768,512,true],"large":["https:\/\/digital58.com.ve\/site\/wp-content\/uploads\/2016\/10\/thamy.jpg",800,533,false],"1536x1536":["https:\/\/digital58.com.ve\/site\/wp-content\/uploads\/2016\/10\/thamy.jpg",800,533,false],"2048x2048":["https:\/\/digital58.com.ve\/site\/wp-content\/uploads\/2016\/10\/thamy.jpg",800,533,false],"colormag-highlighted-post":["https:\/\/digital58.com.ve\/site\/wp-content\/uploads\/2016\/10\/thamy.jpg",392,261,false],"colormag-featured-post-medium":["https:\/\/digital58.com.ve\/site\/wp-content\/uploads\/2016\/10\/thamy.jpg",308,205,false],"colormag-featured-post-small":["https:\/\/digital58.com.ve\/site\/wp-content\/uploads\/2016\/10\/thamy.jpg",130,87,false],"colormag-featured-image":["https:\/\/digital58.com.ve\/site\/wp-content\/uploads\/2016\/10\/thamy.jpg",668,445,false],"colormag-default-news":["https:\/\/digital58.com.ve\/site\/wp-content\/uploads\/2016\/10\/thamy.jpg",150,100,false],"colormag-featured-image-large":["https:\/\/digital58.com.ve\/site\/wp-content\/uploads\/2016\/10\/thamy.jpg",800,533,false]},"uagb_author_info":{"display_name":"Villasmil Henry","author_link":"https:\/\/digital58.com.ve\/site\/author\/droopy_68\/"},"uagb_comment_info":0,"uagb_excerpt":"Por tercera ocasi\u00f3n, Thamairys Bravo formar\u00e1 parte del jurado que escoger\u00e1 a la nueva madrina del equipo de b\u00e9isbol \u00c1guilas","_links":{"self":[{"href":"https:\/\/digital58.com.ve\/site\/wp-json\/wp\/v2\/posts\/55244","targetHints":{"allow":["GET"]}}],"collection":[{"href":"https:\/\/digital58.com.ve\/site\/wp-json\/wp\/v2\/posts"}],"about":[{"href":"https:\/\/digital58.com.ve\/site\/wp-json\/wp\/v2\/types\/post"}],"author":[{"embeddable":true,"href":"https:\/\/digital58.com.ve\/site\/wp-json\/wp\/v2\/users\/1"}],"replies":[{"embeddable":true,"href":"https:\/\/digital58.com.ve\/site\/wp-json\/wp\/v2\/comments?post=55244"}],"version-history":[{"count":0,"href":"https:\/\/digital58.com.ve\/site\/wp-json\/wp\/v2\/posts\/55244\/revisions"}],"wp:featuredmedia":[{"embeddable":true,"href":"https:\/\/digital58.com.ve\/site\/wp-json\/wp\/v2\/media\/84964"}],"wp:attachment":[{"href":"https:\/\/digital58.com.ve\/site\/wp-json\/wp\/v2\/media?parent=55244"}],"wp:term":[{"taxonomy":"category","embeddable":true,"href":"https:\/\/digital58.com.ve\/site\/wp-json\/wp\/v2\/categories?post=55244"},{"taxonomy":"post_tag","embeddable":true,"href":"https:\/\/digital58.com.ve\/site\/wp-json\/wp\/v2\/tags?post=55244"}],"curies":[{"name":"wp","href":"https:\/\/api.w.org\/{rel}","templated":true}]}}