{"id":57355,"date":"2016-11-01T12:29:00","date_gmt":"2016-11-01T16:29:00","guid":{"rendered":"http:\/\/digital58.com.ve\/site\/?p=57355"},"modified":"2016-11-01T12:30:14","modified_gmt":"2016-11-01T16:30:14","slug":"sambil-maracaibo-celebro-sus-12-anos-con-humor-y-musica","status":"publish","type":"post","link":"https:\/\/digital58.com.ve\/site\/2016\/11\/01\/sambil-maracaibo-celebro-sus-12-anos-con-humor-y-musica\/","title":{"rendered":"Sambil Maracaibo celebr\u00f3 sus 12 a\u00f1os con humor y m\u00fasica"},"content":{"rendered":"<p><img loading=\"lazy\" decoding=\"async\" class=\"aligncenter size-full wp-image-57375\" src=\"http:\/\/digital58.com.ve\/site\/wp-content\/uploads\/2016\/11\/image2.jpg\" alt=\"image2\" width=\"1500\" height=\"1305\" srcset=\"https:\/\/digital58.com.ve\/site\/wp-content\/uploads\/2016\/11\/image2.jpg 690w, https:\/\/digital58.com.ve\/site\/wp-content\/uploads\/2016\/11\/image2-300x261.jpg 300w, https:\/\/digital58.com.ve\/site\/wp-content\/uploads\/2016\/11\/image2-768x668.jpg 768w, https:\/\/digital58.com.ve\/site\/wp-content\/uploads\/2016\/11\/image2-1024x891.jpg 1024w\" sizes=\"auto, (max-width: 1500px) 100vw, 1500px\" \/><\/p>\n<p>El Centro Sambil Maracaibo arrib\u00f3 a su aniversario n\u00famero 12 y lo celebr\u00f3 con una gran fiesta donde hubo m\u00fasica, alegr\u00eda y sorpresas para los asistentes. Se\u00f1oras de Maracaibo puso la nota humor\u00edstica y Vica anim\u00f3 la velada con su ritmo musical.<\/p>\n<p><strong>Maracaibo, Zulia, Venezuela, 1 de noviembre de 2016 (D58).-<\/strong> Una tarde de diversi\u00f3n vivieron los zulianos el s\u00e1bado con la presentaci\u00f3n del montaje teatral Se\u00f1oras de Maracaibo, durante la celebraci\u00f3n del d\u00e9cimo segundo aniversario del Centro Sambil Maracaibo, que reuni\u00f3 a cientos de espectadores en la Plaza Sinamaica del centro comercial.<\/p>\n<p>Tres de los cinco mon\u00f3logos de la obra fueron la atracci\u00f3n del espect\u00e1culo animado por Leo Colina, locutor y vocalista de Mermelada Bunch, y Sol Montiel, actriz y cantante, quienes entre cada pausa rifaron productos y art\u00edculos de las tiendas patrocinantes a los invitados especiales.<\/p>\n<p>La m\u00fasica de Vica fue protagonista de la velada. La zuliana, junto con su banda, puso a bailar al p\u00fablico que disfrut\u00f3 de un enorme pastel con el que le cantaron el cumplea\u00f1os al centro comercial m\u00e1s visitado de la regi\u00f3n.<\/p>\n<p>\u00abEsta es la gran fiesta en la que el p\u00fablico zuliano comparti\u00f3 con nuestro equipo la satisfacci\u00f3n de llegar a 12 a\u00f1os, brind\u00e1ndole al visitante la mejor opci\u00f3n no solo para comprar, sino para distraerse en familia\u00bb, destac\u00f3 Katherine Urdaneta, gerente de mercadeo.<\/p>\n<p>La semana aniversario culmin\u00f3 este domingo 30 con \u00abActiva tu salud\u00bb y la feria de juegos con los ni\u00f1os de la casa, a cargo de Expo Mundo Kids, Burbujas Show, Recrea y la T\u00eda Ari, quien organiz\u00f3 un concurso de disfraces alusivos al Halloween.<\/p>\n<p><strong>Redacci\u00f3n: Cana\u00e1n Comunicaciones<\/strong><br \/>\n<strong> Edici\u00f3n: Carre\u00f1o, Reina<\/strong><br \/>\n<strong> Fotos: Sambil Maracaibo<\/strong><\/p><div class=\"kfmaf69f5be7cf2dee\" ><p style=\"text-align: center;\"><a href=\"https:\/\/t.me\/noticiasdigital58\" target=\"_blank\" rel=\"noopener\"><img class=\"aligncenter size-full wp-image-125363\" src=\"https:\/\/digital58.com.ve\/site\/wp-content\/uploads\/2021\/04\/banner-telegram-web-2021.png\" alt=\"\" width=\"600\" height=\"90\" \/><\/a><\/p><\/div><style type=\"text\/css\">\r\n@media screen and (min-width: 1201px) {\r\n.kfmaf69f5be7cf2dee {\r\ndisplay: block;\r\n}\r\n}\r\n@media screen and (min-width: 993px) and (max-width: 1200px) {\r\n.kfmaf69f5be7cf2dee {\r\ndisplay: block;\r\n}\r\n}\r\n@media screen and (min-width: 769px) and (max-width: 992px) {\r\n.kfmaf69f5be7cf2dee {\r\ndisplay: block;\r\n}\r\n}\r\n@media screen and (min-width: 768px) and (max-width: 768px) {\r\n.kfmaf69f5be7cf2dee {\r\ndisplay: block;\r\n}\r\n}\r\n@media screen and (max-width: 767px) {\r\n.kfmaf69f5be7cf2dee {\r\ndisplay: block;\r\n}\r\n}\r\n<\/style>\r\n\n<p><img loading=\"lazy\" decoding=\"async\" class=\"aligncenter size-full wp-image-57374\" src=\"http:\/\/digital58.com.ve\/site\/wp-content\/uploads\/2016\/11\/image1.jpg\" alt=\"image1\" width=\"1500\" height=\"1500\" \/><\/p>\n<div style=\"margin-top: 0px; margin-bottom: 0px;\" class=\"sharethis-inline-share-buttons\" ><\/div>","protected":false},"excerpt":{"rendered":"<p>El Centro Sambil Maracaibo arrib\u00f3 a su aniversario n\u00famero 12 y lo celebr\u00f3 con una gran fiesta donde hubo m\u00fasica,<\/p>\n","protected":false},"author":1,"featured_media":0,"comment_status":"open","ping_status":"closed","sticky":false,"template":"","format":"standard","meta":{"colormag_page_container_layout":"default_layout","colormag_page_sidebar_layout":"default_layout","_uag_custom_page_level_css":"","footnotes":""},"categories":[1],"tags":[6067,2225,1241,76,4791,1861],"class_list":["post-57355","post","type-post","status-publish","format-standard","hentry","category-fama","tag-activa-tu-salud","tag-celebracion","tag-sambil","tag-sambil-maracaibo","tag-senoras-de-maracaibo","tag-vica"],"yoast_head":"<!-- This site is optimized with the Yoast SEO plugin v27.5 - https:\/\/yoast.com\/product\/yoast-seo-wordpress\/ -->\n<title>Sambil Maracaibo celebr\u00f3 sus 12 a\u00f1os con humor y m\u00fasica<\/title>\n<meta name=\"robots\" content=\"index, follow, max-snippet:-1, max-image-preview:large, max-video-preview:-1\" \/>\n<link rel=\"canonical\" href=\"https:\/\/digital58.com.ve\/site\/2016\/11\/01\/sambil-maracaibo-celebro-sus-12-anos-con-humor-y-musica\/\" \/>\n<meta property=\"og:locale\" content=\"es_ES\" \/>\n<meta property=\"og:type\" content=\"article\" \/>\n<meta property=\"og:title\" content=\"Sambil Maracaibo celebr\u00f3 sus 12 a\u00f1os con humor y m\u00fasica\" \/>\n<meta property=\"og:url\" content=\"https:\/\/digital58.com.ve\/site\/2016\/11\/01\/sambil-maracaibo-celebro-sus-12-anos-con-humor-y-musica\/\" \/>\n<meta property=\"og:site_name\" content=\"Noticias Digital58\" \/>\n<meta property=\"article:published_time\" content=\"2016-11-01T16:29:00+00:00\" \/>\n<meta property=\"article:modified_time\" content=\"2016-11-01T16:30:14+00:00\" \/>\n<meta property=\"og:image\" content=\"http:\/\/digital58.com.ve\/site\/wp-content\/uploads\/2016\/11\/image2.jpg\" \/>\n<meta name=\"author\" content=\"Villasmil Henry\" \/>\n<meta name=\"twitter:card\" content=\"summary_large_image\" \/>\n<meta name=\"twitter:creator\" content=\"@https:\/\/twitter.com\/villasmilhfoto\" \/>\n<meta name=\"twitter:site\" content=\"@villasmilhfoto\" \/>\n<meta name=\"twitter:label1\" content=\"Escrito por\" \/>\n\t<meta name=\"twitter:data1\" content=\"Villasmil Henry\" \/>\n\t<meta name=\"twitter:label2\" content=\"Tiempo estimado de lectura\" \/>\n\t<meta name=\"twitter:data2\" content=\"2 minutos\" \/>\n<script type=\"application\/ld+json\" class=\"yoast-schema-graph\">{\"@context\":\"https:\\\/\\\/schema.org\",\"@graph\":[{\"@type\":\"Article\",\"@id\":\"https:\\\/\\\/digital58.com.ve\\\/site\\\/2016\\\/11\\\/01\\\/sambil-maracaibo-celebro-sus-12-anos-con-humor-y-musica\\\/#article\",\"isPartOf\":{\"@id\":\"https:\\\/\\\/digital58.com.ve\\\/site\\\/2016\\\/11\\\/01\\\/sambil-maracaibo-celebro-sus-12-anos-con-humor-y-musica\\\/\"},\"author\":{\"name\":\"Villasmil Henry\",\"@id\":\"https:\\\/\\\/digital58.com.ve\\\/site\\\/#\\\/schema\\\/person\\\/64d1c2e4d0d4fd1b849980c4331c2951\"},\"headline\":\"Sambil Maracaibo celebr\u00f3 sus 12 a\u00f1os con humor y m\u00fasica\",\"datePublished\":\"2016-11-01T16:29:00+00:00\",\"dateModified\":\"2016-11-01T16:30:14+00:00\",\"mainEntityOfPage\":{\"@id\":\"https:\\\/\\\/digital58.com.ve\\\/site\\\/2016\\\/11\\\/01\\\/sambil-maracaibo-celebro-sus-12-anos-con-humor-y-musica\\\/\"},\"wordCount\":313,\"commentCount\":0,\"publisher\":{\"@id\":\"https:\\\/\\\/digital58.com.ve\\\/site\\\/#\\\/schema\\\/person\\\/64d1c2e4d0d4fd1b849980c4331c2951\"},\"image\":{\"@id\":\"https:\\\/\\\/digital58.com.ve\\\/site\\\/2016\\\/11\\\/01\\\/sambil-maracaibo-celebro-sus-12-anos-con-humor-y-musica\\\/#primaryimage\"},\"thumbnailUrl\":\"http:\\\/\\\/digital58.com.ve\\\/site\\\/wp-content\\\/uploads\\\/2016\\\/11\\\/image2.jpg\",\"keywords\":[\"Activa tu Salud\",\"Celebraci\u00f3n\",\"Sambil\",\"Sambil Maracaibo\",\"Se\u00f1oras de Maracaibo\",\"Vica\"],\"articleSection\":[\"Fama\"],\"inLanguage\":\"es\",\"potentialAction\":[{\"@type\":\"CommentAction\",\"name\":\"Comment\",\"target\":[\"https:\\\/\\\/digital58.com.ve\\\/site\\\/2016\\\/11\\\/01\\\/sambil-maracaibo-celebro-sus-12-anos-con-humor-y-musica\\\/#respond\"]}]},{\"@type\":\"WebPage\",\"@id\":\"https:\\\/\\\/digital58.com.ve\\\/site\\\/2016\\\/11\\\/01\\\/sambil-maracaibo-celebro-sus-12-anos-con-humor-y-musica\\\/\",\"url\":\"https:\\\/\\\/digital58.com.ve\\\/site\\\/2016\\\/11\\\/01\\\/sambil-maracaibo-celebro-sus-12-anos-con-humor-y-musica\\\/\",\"name\":\"Sambil Maracaibo celebr\u00f3 sus 12 a\u00f1os con humor y m\u00fasica\",\"isPartOf\":{\"@id\":\"https:\\\/\\\/digital58.com.ve\\\/site\\\/#website\"},\"primaryImageOfPage\":{\"@id\":\"https:\\\/\\\/digital58.com.ve\\\/site\\\/2016\\\/11\\\/01\\\/sambil-maracaibo-celebro-sus-12-anos-con-humor-y-musica\\\/#primaryimage\"},\"image\":{\"@id\":\"https:\\\/\\\/digital58.com.ve\\\/site\\\/2016\\\/11\\\/01\\\/sambil-maracaibo-celebro-sus-12-anos-con-humor-y-musica\\\/#primaryimage\"},\"thumbnailUrl\":\"http:\\\/\\\/digital58.com.ve\\\/site\\\/wp-content\\\/uploads\\\/2016\\\/11\\\/image2.jpg\",\"datePublished\":\"2016-11-01T16:29:00+00:00\",\"dateModified\":\"2016-11-01T16:30:14+00:00\",\"breadcrumb\":{\"@id\":\"https:\\\/\\\/digital58.com.ve\\\/site\\\/2016\\\/11\\\/01\\\/sambil-maracaibo-celebro-sus-12-anos-con-humor-y-musica\\\/#breadcrumb\"},\"inLanguage\":\"es\",\"potentialAction\":[{\"@type\":\"ReadAction\",\"target\":[\"https:\\\/\\\/digital58.com.ve\\\/site\\\/2016\\\/11\\\/01\\\/sambil-maracaibo-celebro-sus-12-anos-con-humor-y-musica\\\/\"]}]},{\"@type\":\"ImageObject\",\"inLanguage\":\"es\",\"@id\":\"https:\\\/\\\/digital58.com.ve\\\/site\\\/2016\\\/11\\\/01\\\/sambil-maracaibo-celebro-sus-12-anos-con-humor-y-musica\\\/#primaryimage\",\"url\":\"http:\\\/\\\/digital58.com.ve\\\/site\\\/wp-content\\\/uploads\\\/2016\\\/11\\\/image2.jpg\",\"contentUrl\":\"http:\\\/\\\/digital58.com.ve\\\/site\\\/wp-content\\\/uploads\\\/2016\\\/11\\\/image2.jpg\"},{\"@type\":\"BreadcrumbList\",\"@id\":\"https:\\\/\\\/digital58.com.ve\\\/site\\\/2016\\\/11\\\/01\\\/sambil-maracaibo-celebro-sus-12-anos-con-humor-y-musica\\\/#breadcrumb\",\"itemListElement\":[{\"@type\":\"ListItem\",\"position\":1,\"name\":\"Home\",\"item\":\"https:\\\/\\\/digital58.com.ve\\\/site\\\/\"},{\"@type\":\"ListItem\",\"position\":2,\"name\":\"Sambil Maracaibo celebr\u00f3 sus 12 a\u00f1os con humor y m\u00fasica\"}]},{\"@type\":\"WebSite\",\"@id\":\"https:\\\/\\\/digital58.com.ve\\\/site\\\/#website\",\"url\":\"https:\\\/\\\/digital58.com.ve\\\/site\\\/\",\"name\":\"Noticias Digital58\",\"description\":\"Portal de Noticias \u00a1Periodismo web de verdad! Lanzamiento web 22.11.2005 \\\/ Maracaibo, Venezuela\",\"publisher\":{\"@id\":\"https:\\\/\\\/digital58.com.ve\\\/site\\\/#\\\/schema\\\/person\\\/64d1c2e4d0d4fd1b849980c4331c2951\"},\"alternateName\":\"ND58\",\"potentialAction\":[{\"@type\":\"SearchAction\",\"target\":{\"@type\":\"EntryPoint\",\"urlTemplate\":\"https:\\\/\\\/digital58.com.ve\\\/site\\\/?s={search_term_string}\"},\"query-input\":{\"@type\":\"PropertyValueSpecification\",\"valueRequired\":true,\"valueName\":\"search_term_string\"}}],\"inLanguage\":\"es\"},{\"@type\":[\"Person\",\"Organization\"],\"@id\":\"https:\\\/\\\/digital58.com.ve\\\/site\\\/#\\\/schema\\\/person\\\/64d1c2e4d0d4fd1b849980c4331c2951\",\"name\":\"Villasmil Henry\",\"image\":{\"@type\":\"ImageObject\",\"inLanguage\":\"es\",\"@id\":\"https:\\\/\\\/secure.gravatar.com\\\/avatar\\\/bb0c4a2fcb7970138239f7e404ea75757b1b507b28b5ce4c53fbd62d797c5a7c?s=96&d=mm&r=g\",\"url\":\"https:\\\/\\\/secure.gravatar.com\\\/avatar\\\/bb0c4a2fcb7970138239f7e404ea75757b1b507b28b5ce4c53fbd62d797c5a7c?s=96&d=mm&r=g\",\"contentUrl\":\"https:\\\/\\\/secure.gravatar.com\\\/avatar\\\/bb0c4a2fcb7970138239f7e404ea75757b1b507b28b5ce4c53fbd62d797c5a7c?s=96&d=mm&r=g\",\"caption\":\"Villasmil Henry\"},\"logo\":{\"@id\":\"https:\\\/\\\/secure.gravatar.com\\\/avatar\\\/bb0c4a2fcb7970138239f7e404ea75757b1b507b28b5ce4c53fbd62d797c5a7c?s=96&d=mm&r=g\"},\"sameAs\":[\"http:\\\/\\\/www.henryvillasmil.com.ve\",\"https:\\\/\\\/www.instagram.com\\\/villasmilhfoto\\\/\",\"https:\\\/\\\/x.com\\\/https:\\\/\\\/twitter.com\\\/villasmilhfoto\"],\"url\":\"https:\\\/\\\/digital58.com.ve\\\/site\\\/author\\\/droopy_68\\\/\"}]}<\/script>\n<!-- \/ Yoast SEO plugin. -->","yoast_head_json":{"title":"Sambil Maracaibo celebr\u00f3 sus 12 a\u00f1os con humor y m\u00fasica","robots":{"index":"index","follow":"follow","max-snippet":"max-snippet:-1","max-image-preview":"max-image-preview:large","max-video-preview":"max-video-preview:-1"},"canonical":"https:\/\/digital58.com.ve\/site\/2016\/11\/01\/sambil-maracaibo-celebro-sus-12-anos-con-humor-y-musica\/","og_locale":"es_ES","og_type":"article","og_title":"Sambil Maracaibo celebr\u00f3 sus 12 a\u00f1os con humor y m\u00fasica","og_url":"https:\/\/digital58.com.ve\/site\/2016\/11\/01\/sambil-maracaibo-celebro-sus-12-anos-con-humor-y-musica\/","og_site_name":"Noticias Digital58","article_published_time":"2016-11-01T16:29:00+00:00","article_modified_time":"2016-11-01T16:30:14+00:00","og_image":[{"url":"http:\/\/digital58.com.ve\/site\/wp-content\/uploads\/2016\/11\/image2.jpg","type":"","width":"","height":""}],"author":"Villasmil Henry","twitter_card":"summary_large_image","twitter_creator":"@https:\/\/twitter.com\/villasmilhfoto","twitter_site":"@villasmilhfoto","twitter_misc":{"Escrito por":"Villasmil Henry","Tiempo estimado de lectura":"2 minutos"},"schema":{"@context":"https:\/\/schema.org","@graph":[{"@type":"Article","@id":"https:\/\/digital58.com.ve\/site\/2016\/11\/01\/sambil-maracaibo-celebro-sus-12-anos-con-humor-y-musica\/#article","isPartOf":{"@id":"https:\/\/digital58.com.ve\/site\/2016\/11\/01\/sambil-maracaibo-celebro-sus-12-anos-con-humor-y-musica\/"},"author":{"name":"Villasmil Henry","@id":"https:\/\/digital58.com.ve\/site\/#\/schema\/person\/64d1c2e4d0d4fd1b849980c4331c2951"},"headline":"Sambil Maracaibo celebr\u00f3 sus 12 a\u00f1os con humor y m\u00fasica","datePublished":"2016-11-01T16:29:00+00:00","dateModified":"2016-11-01T16:30:14+00:00","mainEntityOfPage":{"@id":"https:\/\/digital58.com.ve\/site\/2016\/11\/01\/sambil-maracaibo-celebro-sus-12-anos-con-humor-y-musica\/"},"wordCount":313,"commentCount":0,"publisher":{"@id":"https:\/\/digital58.com.ve\/site\/#\/schema\/person\/64d1c2e4d0d4fd1b849980c4331c2951"},"image":{"@id":"https:\/\/digital58.com.ve\/site\/2016\/11\/01\/sambil-maracaibo-celebro-sus-12-anos-con-humor-y-musica\/#primaryimage"},"thumbnailUrl":"http:\/\/digital58.com.ve\/site\/wp-content\/uploads\/2016\/11\/image2.jpg","keywords":["Activa tu Salud","Celebraci\u00f3n","Sambil","Sambil Maracaibo","Se\u00f1oras de Maracaibo","Vica"],"articleSection":["Fama"],"inLanguage":"es","potentialAction":[{"@type":"CommentAction","name":"Comment","target":["https:\/\/digital58.com.ve\/site\/2016\/11\/01\/sambil-maracaibo-celebro-sus-12-anos-con-humor-y-musica\/#respond"]}]},{"@type":"WebPage","@id":"https:\/\/digital58.com.ve\/site\/2016\/11\/01\/sambil-maracaibo-celebro-sus-12-anos-con-humor-y-musica\/","url":"https:\/\/digital58.com.ve\/site\/2016\/11\/01\/sambil-maracaibo-celebro-sus-12-anos-con-humor-y-musica\/","name":"Sambil Maracaibo celebr\u00f3 sus 12 a\u00f1os con humor y m\u00fasica","isPartOf":{"@id":"https:\/\/digital58.com.ve\/site\/#website"},"primaryImageOfPage":{"@id":"https:\/\/digital58.com.ve\/site\/2016\/11\/01\/sambil-maracaibo-celebro-sus-12-anos-con-humor-y-musica\/#primaryimage"},"image":{"@id":"https:\/\/digital58.com.ve\/site\/2016\/11\/01\/sambil-maracaibo-celebro-sus-12-anos-con-humor-y-musica\/#primaryimage"},"thumbnailUrl":"http:\/\/digital58.com.ve\/site\/wp-content\/uploads\/2016\/11\/image2.jpg","datePublished":"2016-11-01T16:29:00+00:00","dateModified":"2016-11-01T16:30:14+00:00","breadcrumb":{"@id":"https:\/\/digital58.com.ve\/site\/2016\/11\/01\/sambil-maracaibo-celebro-sus-12-anos-con-humor-y-musica\/#breadcrumb"},"inLanguage":"es","potentialAction":[{"@type":"ReadAction","target":["https:\/\/digital58.com.ve\/site\/2016\/11\/01\/sambil-maracaibo-celebro-sus-12-anos-con-humor-y-musica\/"]}]},{"@type":"ImageObject","inLanguage":"es","@id":"https:\/\/digital58.com.ve\/site\/2016\/11\/01\/sambil-maracaibo-celebro-sus-12-anos-con-humor-y-musica\/#primaryimage","url":"http:\/\/digital58.com.ve\/site\/wp-content\/uploads\/2016\/11\/image2.jpg","contentUrl":"http:\/\/digital58.com.ve\/site\/wp-content\/uploads\/2016\/11\/image2.jpg"},{"@type":"BreadcrumbList","@id":"https:\/\/digital58.com.ve\/site\/2016\/11\/01\/sambil-maracaibo-celebro-sus-12-anos-con-humor-y-musica\/#breadcrumb","itemListElement":[{"@type":"ListItem","position":1,"name":"Home","item":"https:\/\/digital58.com.ve\/site\/"},{"@type":"ListItem","position":2,"name":"Sambil Maracaibo celebr\u00f3 sus 12 a\u00f1os con humor y m\u00fasica"}]},{"@type":"WebSite","@id":"https:\/\/digital58.com.ve\/site\/#website","url":"https:\/\/digital58.com.ve\/site\/","name":"Noticias Digital58","description":"Portal de Noticias \u00a1Periodismo web de verdad! Lanzamiento web 22.11.2005 \/ Maracaibo, Venezuela","publisher":{"@id":"https:\/\/digital58.com.ve\/site\/#\/schema\/person\/64d1c2e4d0d4fd1b849980c4331c2951"},"alternateName":"ND58","potentialAction":[{"@type":"SearchAction","target":{"@type":"EntryPoint","urlTemplate":"https:\/\/digital58.com.ve\/site\/?s={search_term_string}"},"query-input":{"@type":"PropertyValueSpecification","valueRequired":true,"valueName":"search_term_string"}}],"inLanguage":"es"},{"@type":["Person","Organization"],"@id":"https:\/\/digital58.com.ve\/site\/#\/schema\/person\/64d1c2e4d0d4fd1b849980c4331c2951","name":"Villasmil Henry","image":{"@type":"ImageObject","inLanguage":"es","@id":"https:\/\/secure.gravatar.com\/avatar\/bb0c4a2fcb7970138239f7e404ea75757b1b507b28b5ce4c53fbd62d797c5a7c?s=96&d=mm&r=g","url":"https:\/\/secure.gravatar.com\/avatar\/bb0c4a2fcb7970138239f7e404ea75757b1b507b28b5ce4c53fbd62d797c5a7c?s=96&d=mm&r=g","contentUrl":"https:\/\/secure.gravatar.com\/avatar\/bb0c4a2fcb7970138239f7e404ea75757b1b507b28b5ce4c53fbd62d797c5a7c?s=96&d=mm&r=g","caption":"Villasmil Henry"},"logo":{"@id":"https:\/\/secure.gravatar.com\/avatar\/bb0c4a2fcb7970138239f7e404ea75757b1b507b28b5ce4c53fbd62d797c5a7c?s=96&d=mm&r=g"},"sameAs":["http:\/\/www.henryvillasmil.com.ve","https:\/\/www.instagram.com\/villasmilhfoto\/","https:\/\/x.com\/https:\/\/twitter.com\/villasmilhfoto"],"url":"https:\/\/digital58.com.ve\/site\/author\/droopy_68\/"}]}},"uagb_featured_image_src":{"full":false,"thumbnail":false,"medium":false,"medium_large":false,"large":false,"1536x1536":false,"2048x2048":false,"colormag-highlighted-post":false,"colormag-featured-post-medium":false,"colormag-featured-post-small":false,"colormag-featured-image":false,"colormag-default-news":false,"colormag-featured-image-large":false},"uagb_author_info":{"display_name":"Villasmil Henry","author_link":"https:\/\/digital58.com.ve\/site\/author\/droopy_68\/"},"uagb_comment_info":0,"uagb_excerpt":"El Centro Sambil Maracaibo arrib\u00f3 a su aniversario n\u00famero 12 y lo celebr\u00f3 con una gran fiesta donde hubo m\u00fasica,","_links":{"self":[{"href":"https:\/\/digital58.com.ve\/site\/wp-json\/wp\/v2\/posts\/57355","targetHints":{"allow":["GET"]}}],"collection":[{"href":"https:\/\/digital58.com.ve\/site\/wp-json\/wp\/v2\/posts"}],"about":[{"href":"https:\/\/digital58.com.ve\/site\/wp-json\/wp\/v2\/types\/post"}],"author":[{"embeddable":true,"href":"https:\/\/digital58.com.ve\/site\/wp-json\/wp\/v2\/users\/1"}],"replies":[{"embeddable":true,"href":"https:\/\/digital58.com.ve\/site\/wp-json\/wp\/v2\/comments?post=57355"}],"version-history":[{"count":0,"href":"https:\/\/digital58.com.ve\/site\/wp-json\/wp\/v2\/posts\/57355\/revisions"}],"wp:attachment":[{"href":"https:\/\/digital58.com.ve\/site\/wp-json\/wp\/v2\/media?parent=57355"}],"wp:term":[{"taxonomy":"category","embeddable":true,"href":"https:\/\/digital58.com.ve\/site\/wp-json\/wp\/v2\/categories?post=57355"},{"taxonomy":"post_tag","embeddable":true,"href":"https:\/\/digital58.com.ve\/site\/wp-json\/wp\/v2\/tags?post=57355"}],"curies":[{"name":"wp","href":"https:\/\/api.w.org\/{rel}","templated":true}]}}