{"id":57753,"date":"2016-11-06T11:46:45","date_gmt":"2016-11-06T15:46:45","guid":{"rendered":"http:\/\/digital58.com.ve\/site\/?p=57753"},"modified":"2016-11-06T11:46:45","modified_gmt":"2016-11-06T15:46:45","slug":"reabren-el-bataclan-con-un-concierto-de-sting","status":"publish","type":"post","link":"https:\/\/digital58.com.ve\/site\/2016\/11\/06\/reabren-el-bataclan-con-un-concierto-de-sting\/","title":{"rendered":"Reabren el Bataclan con un concierto de Sting"},"content":{"rendered":"<p><img loading=\"lazy\" decoding=\"async\" class=\"aligncenter size-full wp-image-57755\" src=\"http:\/\/digital58.com.ve\/site\/wp-content\/uploads\/2016\/11\/Bataclan_Paris_6_April_2008.jpg\" alt=\"bataclan_paris_6_april_2008\" width=\"1500\" height=\"1000\" srcset=\"https:\/\/digital58.com.ve\/site\/wp-content\/uploads\/2016\/11\/Bataclan_Paris_6_April_2008.jpg 800w, https:\/\/digital58.com.ve\/site\/wp-content\/uploads\/2016\/11\/Bataclan_Paris_6_April_2008-300x200.jpg 300w, https:\/\/digital58.com.ve\/site\/wp-content\/uploads\/2016\/11\/Bataclan_Paris_6_April_2008-768x512.jpg 768w, https:\/\/digital58.com.ve\/site\/wp-content\/uploads\/2016\/11\/Bataclan_Paris_6_April_2008-1024x683.jpg 1024w\" sizes=\"auto, (max-width: 1500px) 100vw, 1500px\" \/><br \/>\nUn concierto del m\u00fasico brit\u00e1nico Sting reabrir\u00e1 el s\u00e1bado 12 de noviembre la sala de conciertos del Bataclan de Par\u00eds, en la que hace un a\u00f1o murieron 90 personas durante los atentados yihadistas de la noche del 13 de noviembre de 2015.<\/p>\n<p><b>Par\u00eds<\/b><strong>, Francia, 6 de noviembre de 2016 (D58).-<\/strong> Luego de un a\u00f1o cerrada, la sala hist\u00f3rica Bataclan, fundada a finales del siglo 19 en Par\u00eds, reabrir\u00e1 sus puertas la v\u00edspera de los atentados donde murieron 90 personas durante los atentados yihadistas de la noche del 13 de noviembre de 2015.<\/p>\n<p>Un concierto del m\u00fasico brit\u00e1nico Sting reabrir\u00e1 el s\u00e1bado 12 de noviembre el emblem\u00e1tico teatro que ahora luce una nueva fachada remodelada y m\u00e1s medidas de seguridad, que incluyen c\u00e1maras en el exterior e interior de la sala.<\/p>\n<p>Tambi\u00e9n se instal\u00f3 un nuevo sistema de apertura de puertas y el concierto estar\u00e1 vigilado por un fuerte dispositivo de seguridad. Las entradas para el concierto en el Bataclan, que tiene una capacidad para mil 500 personas, comenzar\u00e1n a venderse el pr\u00f3ximo martes, pero la mayor\u00eda de los asistentes al concierto ser\u00e1n invitados.<\/p>\n<p><img loading=\"lazy\" decoding=\"async\" class=\"aligncenter size-full wp-image-57754\" src=\"http:\/\/digital58.com.ve\/site\/wp-content\/uploads\/2016\/11\/1-7-bataclan.jpg\" alt=\"1-7-bataclan\" width=\"1500\" height=\"998\" srcset=\"https:\/\/digital58.com.ve\/site\/wp-content\/uploads\/2016\/11\/1-7-bataclan.jpg 800w, https:\/\/digital58.com.ve\/site\/wp-content\/uploads\/2016\/11\/1-7-bataclan-300x200.jpg 300w, https:\/\/digital58.com.ve\/site\/wp-content\/uploads\/2016\/11\/1-7-bataclan-768x511.jpg 768w, https:\/\/digital58.com.ve\/site\/wp-content\/uploads\/2016\/11\/1-7-bataclan-1024x681.jpg 1024w\" sizes=\"auto, (max-width: 1500px) 100vw, 1500px\" \/><\/p>\n<p>Toda la recaudaci\u00f3n se entregar\u00e1 a dos asociaciones de v\u00edctimas y afectados por el atentado cometido por un grupo de terroristas que penetraron en la sala durante un concierto y abatieron con disparos de ametralladoras kalasnikov a 90 de los asistentes.<\/p>\n<p>\u00abTenemos dos cosas que cumplir, primero, un recuerdo y honrar a los que perdieron la vida en el ataque hace casi un a\u00f1o y en segundo lugar celebrar la vida y la m\u00fasica encarnada por esta sala hist\u00f3rica\u00bb, coment\u00f3 el cantante Sting en un mensaje publicado en redes sociales.<\/p>\n<p>Al d\u00eda siguiente del concierto est\u00e1 previsto que se devele una placa al lado del Bataclan en memoria de los fallecidos en el atentado en un acto al que asistir\u00e1n los miembros de la banda estadunidense Eagles of Death Metal, que tocaban en la sala la noche en la que ocurri\u00f3 el ataque.<\/p>\n<p><strong>Fuente: Agencia EFE<\/strong><br \/>\n<strong>Edici\u00f3n: Carre\u00f1o, Reina<\/strong><br \/>\n<strong>Fotos: Google<\/strong><\/p><div class=\"qnpxd69f344d013c7b\" ><p style=\"text-align: center;\"><a href=\"https:\/\/t.me\/noticiasdigital58\" target=\"_blank\" rel=\"noopener\"><img class=\"aligncenter size-full wp-image-125363\" src=\"https:\/\/digital58.com.ve\/site\/wp-content\/uploads\/2021\/04\/banner-telegram-web-2021.png\" alt=\"\" width=\"600\" height=\"90\" \/><\/a><\/p><\/div><style type=\"text\/css\">\r\n@media screen and (min-width: 1201px) {\r\n.qnpxd69f344d013c7b {\r\ndisplay: block;\r\n}\r\n}\r\n@media screen and (min-width: 993px) and (max-width: 1200px) {\r\n.qnpxd69f344d013c7b {\r\ndisplay: block;\r\n}\r\n}\r\n@media screen and (min-width: 769px) and (max-width: 992px) {\r\n.qnpxd69f344d013c7b {\r\ndisplay: block;\r\n}\r\n}\r\n@media screen and (min-width: 768px) and (max-width: 768px) {\r\n.qnpxd69f344d013c7b {\r\ndisplay: block;\r\n}\r\n}\r\n@media screen and (max-width: 767px) {\r\n.qnpxd69f344d013c7b {\r\ndisplay: block;\r\n}\r\n}\r\n<\/style>\r\n\n<p><img loading=\"lazy\" decoding=\"async\" class=\"aligncenter size-full wp-image-57756\" src=\"http:\/\/digital58.com.ve\/site\/wp-content\/uploads\/2016\/11\/trianon.jpg\" alt=\"trianon\" width=\"1500\" height=\"999\" srcset=\"https:\/\/digital58.com.ve\/site\/wp-content\/uploads\/2016\/11\/trianon.jpg 800w, https:\/\/digital58.com.ve\/site\/wp-content\/uploads\/2016\/11\/trianon-300x200.jpg 300w, https:\/\/digital58.com.ve\/site\/wp-content\/uploads\/2016\/11\/trianon-768x511.jpg 768w, https:\/\/digital58.com.ve\/site\/wp-content\/uploads\/2016\/11\/trianon-1024x682.jpg 1024w\" sizes=\"auto, (max-width: 1500px) 100vw, 1500px\" \/><\/p>\n<div style=\"margin-top: 0px; margin-bottom: 0px;\" class=\"sharethis-inline-share-buttons\" ><\/div>","protected":false},"excerpt":{"rendered":"<p>Un concierto del m\u00fasico brit\u00e1nico Sting reabrir\u00e1 el s\u00e1bado 12 de noviembre la sala de conciertos del Bataclan de Par\u00eds,<\/p>\n","protected":false},"author":1,"featured_media":0,"comment_status":"open","ping_status":"closed","sticky":false,"template":"","format":"standard","meta":{"colormag_page_container_layout":"default_layout","colormag_page_sidebar_layout":"default_layout","_uag_custom_page_level_css":"","footnotes":""},"categories":[5417],"tags":[6166,5818,40,61,1768,6167,6165],"class_list":["post-57753","post","type-post","status-publish","format-standard","hentry","category-conciertos","tag-bataclan","tag-concierto","tag-francia","tag-musica","tag-paris","tag-reapertura-bataclan","tag-sting"],"yoast_head":"<!-- This site is optimized with the Yoast SEO plugin v27.5 - https:\/\/yoast.com\/product\/yoast-seo-wordpress\/ -->\n<title>Reabren el Bataclan con un concierto de Sting<\/title>\n<meta name=\"robots\" content=\"index, follow, max-snippet:-1, max-image-preview:large, max-video-preview:-1\" \/>\n<link rel=\"canonical\" href=\"https:\/\/digital58.com.ve\/site\/2016\/11\/06\/reabren-el-bataclan-con-un-concierto-de-sting\/\" \/>\n<meta property=\"og:locale\" content=\"es_ES\" \/>\n<meta property=\"og:type\" content=\"article\" \/>\n<meta property=\"og:title\" content=\"Reabren el Bataclan con un concierto de Sting\" \/>\n<meta property=\"og:url\" content=\"https:\/\/digital58.com.ve\/site\/2016\/11\/06\/reabren-el-bataclan-con-un-concierto-de-sting\/\" \/>\n<meta property=\"og:site_name\" content=\"Noticias Digital58\" \/>\n<meta property=\"article:published_time\" content=\"2016-11-06T15:46:45+00:00\" \/>\n<meta property=\"og:image\" content=\"http:\/\/digital58.com.ve\/site\/wp-content\/uploads\/2016\/11\/Bataclan_Paris_6_April_2008.jpg\" \/>\n<meta name=\"author\" content=\"Villasmil Henry\" \/>\n<meta name=\"twitter:card\" content=\"summary_large_image\" \/>\n<meta name=\"twitter:creator\" content=\"@https:\/\/twitter.com\/villasmilhfoto\" \/>\n<meta name=\"twitter:site\" content=\"@villasmilhfoto\" \/>\n<meta name=\"twitter:label1\" content=\"Escrito por\" \/>\n\t<meta name=\"twitter:data1\" content=\"Villasmil Henry\" \/>\n\t<meta name=\"twitter:label2\" content=\"Tiempo estimado de lectura\" \/>\n\t<meta name=\"twitter:data2\" content=\"2 minutos\" \/>\n<script type=\"application\/ld+json\" class=\"yoast-schema-graph\">{\"@context\":\"https:\\\/\\\/schema.org\",\"@graph\":[{\"@type\":\"Article\",\"@id\":\"https:\\\/\\\/digital58.com.ve\\\/site\\\/2016\\\/11\\\/06\\\/reabren-el-bataclan-con-un-concierto-de-sting\\\/#article\",\"isPartOf\":{\"@id\":\"https:\\\/\\\/digital58.com.ve\\\/site\\\/2016\\\/11\\\/06\\\/reabren-el-bataclan-con-un-concierto-de-sting\\\/\"},\"author\":{\"name\":\"Villasmil Henry\",\"@id\":\"https:\\\/\\\/digital58.com.ve\\\/site\\\/#\\\/schema\\\/person\\\/64d1c2e4d0d4fd1b849980c4331c2951\"},\"headline\":\"Reabren el Bataclan con un concierto de Sting\",\"datePublished\":\"2016-11-06T15:46:45+00:00\",\"mainEntityOfPage\":{\"@id\":\"https:\\\/\\\/digital58.com.ve\\\/site\\\/2016\\\/11\\\/06\\\/reabren-el-bataclan-con-un-concierto-de-sting\\\/\"},\"wordCount\":360,\"commentCount\":0,\"publisher\":{\"@id\":\"https:\\\/\\\/digital58.com.ve\\\/site\\\/#\\\/schema\\\/person\\\/64d1c2e4d0d4fd1b849980c4331c2951\"},\"image\":{\"@id\":\"https:\\\/\\\/digital58.com.ve\\\/site\\\/2016\\\/11\\\/06\\\/reabren-el-bataclan-con-un-concierto-de-sting\\\/#primaryimage\"},\"thumbnailUrl\":\"http:\\\/\\\/digital58.com.ve\\\/site\\\/wp-content\\\/uploads\\\/2016\\\/11\\\/Bataclan_Paris_6_April_2008.jpg\",\"keywords\":[\"Bataclan\",\"Concierto\",\"Francia\",\"M\u00fasica\",\"Par\u00eds\",\"Reapertura Bataclan\",\"Sting\"],\"articleSection\":[\"Conciertos\"],\"inLanguage\":\"es\",\"potentialAction\":[{\"@type\":\"CommentAction\",\"name\":\"Comment\",\"target\":[\"https:\\\/\\\/digital58.com.ve\\\/site\\\/2016\\\/11\\\/06\\\/reabren-el-bataclan-con-un-concierto-de-sting\\\/#respond\"]}]},{\"@type\":\"WebPage\",\"@id\":\"https:\\\/\\\/digital58.com.ve\\\/site\\\/2016\\\/11\\\/06\\\/reabren-el-bataclan-con-un-concierto-de-sting\\\/\",\"url\":\"https:\\\/\\\/digital58.com.ve\\\/site\\\/2016\\\/11\\\/06\\\/reabren-el-bataclan-con-un-concierto-de-sting\\\/\",\"name\":\"Reabren el Bataclan con un concierto de Sting\",\"isPartOf\":{\"@id\":\"https:\\\/\\\/digital58.com.ve\\\/site\\\/#website\"},\"primaryImageOfPage\":{\"@id\":\"https:\\\/\\\/digital58.com.ve\\\/site\\\/2016\\\/11\\\/06\\\/reabren-el-bataclan-con-un-concierto-de-sting\\\/#primaryimage\"},\"image\":{\"@id\":\"https:\\\/\\\/digital58.com.ve\\\/site\\\/2016\\\/11\\\/06\\\/reabren-el-bataclan-con-un-concierto-de-sting\\\/#primaryimage\"},\"thumbnailUrl\":\"http:\\\/\\\/digital58.com.ve\\\/site\\\/wp-content\\\/uploads\\\/2016\\\/11\\\/Bataclan_Paris_6_April_2008.jpg\",\"datePublished\":\"2016-11-06T15:46:45+00:00\",\"breadcrumb\":{\"@id\":\"https:\\\/\\\/digital58.com.ve\\\/site\\\/2016\\\/11\\\/06\\\/reabren-el-bataclan-con-un-concierto-de-sting\\\/#breadcrumb\"},\"inLanguage\":\"es\",\"potentialAction\":[{\"@type\":\"ReadAction\",\"target\":[\"https:\\\/\\\/digital58.com.ve\\\/site\\\/2016\\\/11\\\/06\\\/reabren-el-bataclan-con-un-concierto-de-sting\\\/\"]}]},{\"@type\":\"ImageObject\",\"inLanguage\":\"es\",\"@id\":\"https:\\\/\\\/digital58.com.ve\\\/site\\\/2016\\\/11\\\/06\\\/reabren-el-bataclan-con-un-concierto-de-sting\\\/#primaryimage\",\"url\":\"http:\\\/\\\/digital58.com.ve\\\/site\\\/wp-content\\\/uploads\\\/2016\\\/11\\\/Bataclan_Paris_6_April_2008.jpg\",\"contentUrl\":\"http:\\\/\\\/digital58.com.ve\\\/site\\\/wp-content\\\/uploads\\\/2016\\\/11\\\/Bataclan_Paris_6_April_2008.jpg\"},{\"@type\":\"BreadcrumbList\",\"@id\":\"https:\\\/\\\/digital58.com.ve\\\/site\\\/2016\\\/11\\\/06\\\/reabren-el-bataclan-con-un-concierto-de-sting\\\/#breadcrumb\",\"itemListElement\":[{\"@type\":\"ListItem\",\"position\":1,\"name\":\"Home\",\"item\":\"https:\\\/\\\/digital58.com.ve\\\/site\\\/\"},{\"@type\":\"ListItem\",\"position\":2,\"name\":\"Reabren el Bataclan con un concierto de Sting\"}]},{\"@type\":\"WebSite\",\"@id\":\"https:\\\/\\\/digital58.com.ve\\\/site\\\/#website\",\"url\":\"https:\\\/\\\/digital58.com.ve\\\/site\\\/\",\"name\":\"Noticias Digital58\",\"description\":\"Portal de Noticias \u00a1Periodismo web de verdad! Lanzamiento web 22.11.2005 \\\/ Maracaibo, Venezuela\",\"publisher\":{\"@id\":\"https:\\\/\\\/digital58.com.ve\\\/site\\\/#\\\/schema\\\/person\\\/64d1c2e4d0d4fd1b849980c4331c2951\"},\"alternateName\":\"ND58\",\"potentialAction\":[{\"@type\":\"SearchAction\",\"target\":{\"@type\":\"EntryPoint\",\"urlTemplate\":\"https:\\\/\\\/digital58.com.ve\\\/site\\\/?s={search_term_string}\"},\"query-input\":{\"@type\":\"PropertyValueSpecification\",\"valueRequired\":true,\"valueName\":\"search_term_string\"}}],\"inLanguage\":\"es\"},{\"@type\":[\"Person\",\"Organization\"],\"@id\":\"https:\\\/\\\/digital58.com.ve\\\/site\\\/#\\\/schema\\\/person\\\/64d1c2e4d0d4fd1b849980c4331c2951\",\"name\":\"Villasmil Henry\",\"image\":{\"@type\":\"ImageObject\",\"inLanguage\":\"es\",\"@id\":\"https:\\\/\\\/secure.gravatar.com\\\/avatar\\\/bb0c4a2fcb7970138239f7e404ea75757b1b507b28b5ce4c53fbd62d797c5a7c?s=96&d=mm&r=g\",\"url\":\"https:\\\/\\\/secure.gravatar.com\\\/avatar\\\/bb0c4a2fcb7970138239f7e404ea75757b1b507b28b5ce4c53fbd62d797c5a7c?s=96&d=mm&r=g\",\"contentUrl\":\"https:\\\/\\\/secure.gravatar.com\\\/avatar\\\/bb0c4a2fcb7970138239f7e404ea75757b1b507b28b5ce4c53fbd62d797c5a7c?s=96&d=mm&r=g\",\"caption\":\"Villasmil Henry\"},\"logo\":{\"@id\":\"https:\\\/\\\/secure.gravatar.com\\\/avatar\\\/bb0c4a2fcb7970138239f7e404ea75757b1b507b28b5ce4c53fbd62d797c5a7c?s=96&d=mm&r=g\"},\"sameAs\":[\"http:\\\/\\\/www.henryvillasmil.com.ve\",\"https:\\\/\\\/www.instagram.com\\\/villasmilhfoto\\\/\",\"https:\\\/\\\/x.com\\\/https:\\\/\\\/twitter.com\\\/villasmilhfoto\"],\"url\":\"https:\\\/\\\/digital58.com.ve\\\/site\\\/author\\\/droopy_68\\\/\"}]}<\/script>\n<!-- \/ Yoast SEO plugin. -->","yoast_head_json":{"title":"Reabren el Bataclan con un concierto de Sting","robots":{"index":"index","follow":"follow","max-snippet":"max-snippet:-1","max-image-preview":"max-image-preview:large","max-video-preview":"max-video-preview:-1"},"canonical":"https:\/\/digital58.com.ve\/site\/2016\/11\/06\/reabren-el-bataclan-con-un-concierto-de-sting\/","og_locale":"es_ES","og_type":"article","og_title":"Reabren el Bataclan con un concierto de Sting","og_url":"https:\/\/digital58.com.ve\/site\/2016\/11\/06\/reabren-el-bataclan-con-un-concierto-de-sting\/","og_site_name":"Noticias Digital58","article_published_time":"2016-11-06T15:46:45+00:00","og_image":[{"url":"http:\/\/digital58.com.ve\/site\/wp-content\/uploads\/2016\/11\/Bataclan_Paris_6_April_2008.jpg","type":"","width":"","height":""}],"author":"Villasmil Henry","twitter_card":"summary_large_image","twitter_creator":"@https:\/\/twitter.com\/villasmilhfoto","twitter_site":"@villasmilhfoto","twitter_misc":{"Escrito por":"Villasmil Henry","Tiempo estimado de lectura":"2 minutos"},"schema":{"@context":"https:\/\/schema.org","@graph":[{"@type":"Article","@id":"https:\/\/digital58.com.ve\/site\/2016\/11\/06\/reabren-el-bataclan-con-un-concierto-de-sting\/#article","isPartOf":{"@id":"https:\/\/digital58.com.ve\/site\/2016\/11\/06\/reabren-el-bataclan-con-un-concierto-de-sting\/"},"author":{"name":"Villasmil Henry","@id":"https:\/\/digital58.com.ve\/site\/#\/schema\/person\/64d1c2e4d0d4fd1b849980c4331c2951"},"headline":"Reabren el Bataclan con un concierto de Sting","datePublished":"2016-11-06T15:46:45+00:00","mainEntityOfPage":{"@id":"https:\/\/digital58.com.ve\/site\/2016\/11\/06\/reabren-el-bataclan-con-un-concierto-de-sting\/"},"wordCount":360,"commentCount":0,"publisher":{"@id":"https:\/\/digital58.com.ve\/site\/#\/schema\/person\/64d1c2e4d0d4fd1b849980c4331c2951"},"image":{"@id":"https:\/\/digital58.com.ve\/site\/2016\/11\/06\/reabren-el-bataclan-con-un-concierto-de-sting\/#primaryimage"},"thumbnailUrl":"http:\/\/digital58.com.ve\/site\/wp-content\/uploads\/2016\/11\/Bataclan_Paris_6_April_2008.jpg","keywords":["Bataclan","Concierto","Francia","M\u00fasica","Par\u00eds","Reapertura Bataclan","Sting"],"articleSection":["Conciertos"],"inLanguage":"es","potentialAction":[{"@type":"CommentAction","name":"Comment","target":["https:\/\/digital58.com.ve\/site\/2016\/11\/06\/reabren-el-bataclan-con-un-concierto-de-sting\/#respond"]}]},{"@type":"WebPage","@id":"https:\/\/digital58.com.ve\/site\/2016\/11\/06\/reabren-el-bataclan-con-un-concierto-de-sting\/","url":"https:\/\/digital58.com.ve\/site\/2016\/11\/06\/reabren-el-bataclan-con-un-concierto-de-sting\/","name":"Reabren el Bataclan con un concierto de Sting","isPartOf":{"@id":"https:\/\/digital58.com.ve\/site\/#website"},"primaryImageOfPage":{"@id":"https:\/\/digital58.com.ve\/site\/2016\/11\/06\/reabren-el-bataclan-con-un-concierto-de-sting\/#primaryimage"},"image":{"@id":"https:\/\/digital58.com.ve\/site\/2016\/11\/06\/reabren-el-bataclan-con-un-concierto-de-sting\/#primaryimage"},"thumbnailUrl":"http:\/\/digital58.com.ve\/site\/wp-content\/uploads\/2016\/11\/Bataclan_Paris_6_April_2008.jpg","datePublished":"2016-11-06T15:46:45+00:00","breadcrumb":{"@id":"https:\/\/digital58.com.ve\/site\/2016\/11\/06\/reabren-el-bataclan-con-un-concierto-de-sting\/#breadcrumb"},"inLanguage":"es","potentialAction":[{"@type":"ReadAction","target":["https:\/\/digital58.com.ve\/site\/2016\/11\/06\/reabren-el-bataclan-con-un-concierto-de-sting\/"]}]},{"@type":"ImageObject","inLanguage":"es","@id":"https:\/\/digital58.com.ve\/site\/2016\/11\/06\/reabren-el-bataclan-con-un-concierto-de-sting\/#primaryimage","url":"http:\/\/digital58.com.ve\/site\/wp-content\/uploads\/2016\/11\/Bataclan_Paris_6_April_2008.jpg","contentUrl":"http:\/\/digital58.com.ve\/site\/wp-content\/uploads\/2016\/11\/Bataclan_Paris_6_April_2008.jpg"},{"@type":"BreadcrumbList","@id":"https:\/\/digital58.com.ve\/site\/2016\/11\/06\/reabren-el-bataclan-con-un-concierto-de-sting\/#breadcrumb","itemListElement":[{"@type":"ListItem","position":1,"name":"Home","item":"https:\/\/digital58.com.ve\/site\/"},{"@type":"ListItem","position":2,"name":"Reabren el Bataclan con un concierto de Sting"}]},{"@type":"WebSite","@id":"https:\/\/digital58.com.ve\/site\/#website","url":"https:\/\/digital58.com.ve\/site\/","name":"Noticias Digital58","description":"Portal de Noticias \u00a1Periodismo web de verdad! Lanzamiento web 22.11.2005 \/ Maracaibo, Venezuela","publisher":{"@id":"https:\/\/digital58.com.ve\/site\/#\/schema\/person\/64d1c2e4d0d4fd1b849980c4331c2951"},"alternateName":"ND58","potentialAction":[{"@type":"SearchAction","target":{"@type":"EntryPoint","urlTemplate":"https:\/\/digital58.com.ve\/site\/?s={search_term_string}"},"query-input":{"@type":"PropertyValueSpecification","valueRequired":true,"valueName":"search_term_string"}}],"inLanguage":"es"},{"@type":["Person","Organization"],"@id":"https:\/\/digital58.com.ve\/site\/#\/schema\/person\/64d1c2e4d0d4fd1b849980c4331c2951","name":"Villasmil Henry","image":{"@type":"ImageObject","inLanguage":"es","@id":"https:\/\/secure.gravatar.com\/avatar\/bb0c4a2fcb7970138239f7e404ea75757b1b507b28b5ce4c53fbd62d797c5a7c?s=96&d=mm&r=g","url":"https:\/\/secure.gravatar.com\/avatar\/bb0c4a2fcb7970138239f7e404ea75757b1b507b28b5ce4c53fbd62d797c5a7c?s=96&d=mm&r=g","contentUrl":"https:\/\/secure.gravatar.com\/avatar\/bb0c4a2fcb7970138239f7e404ea75757b1b507b28b5ce4c53fbd62d797c5a7c?s=96&d=mm&r=g","caption":"Villasmil Henry"},"logo":{"@id":"https:\/\/secure.gravatar.com\/avatar\/bb0c4a2fcb7970138239f7e404ea75757b1b507b28b5ce4c53fbd62d797c5a7c?s=96&d=mm&r=g"},"sameAs":["http:\/\/www.henryvillasmil.com.ve","https:\/\/www.instagram.com\/villasmilhfoto\/","https:\/\/x.com\/https:\/\/twitter.com\/villasmilhfoto"],"url":"https:\/\/digital58.com.ve\/site\/author\/droopy_68\/"}]}},"uagb_featured_image_src":{"full":false,"thumbnail":false,"medium":false,"medium_large":false,"large":false,"1536x1536":false,"2048x2048":false,"colormag-highlighted-post":false,"colormag-featured-post-medium":false,"colormag-featured-post-small":false,"colormag-featured-image":false,"colormag-default-news":false,"colormag-featured-image-large":false},"uagb_author_info":{"display_name":"Villasmil Henry","author_link":"https:\/\/digital58.com.ve\/site\/author\/droopy_68\/"},"uagb_comment_info":0,"uagb_excerpt":"Un concierto del m\u00fasico brit\u00e1nico Sting reabrir\u00e1 el s\u00e1bado 12 de noviembre la sala de conciertos del Bataclan de Par\u00eds,","_links":{"self":[{"href":"https:\/\/digital58.com.ve\/site\/wp-json\/wp\/v2\/posts\/57753","targetHints":{"allow":["GET"]}}],"collection":[{"href":"https:\/\/digital58.com.ve\/site\/wp-json\/wp\/v2\/posts"}],"about":[{"href":"https:\/\/digital58.com.ve\/site\/wp-json\/wp\/v2\/types\/post"}],"author":[{"embeddable":true,"href":"https:\/\/digital58.com.ve\/site\/wp-json\/wp\/v2\/users\/1"}],"replies":[{"embeddable":true,"href":"https:\/\/digital58.com.ve\/site\/wp-json\/wp\/v2\/comments?post=57753"}],"version-history":[{"count":0,"href":"https:\/\/digital58.com.ve\/site\/wp-json\/wp\/v2\/posts\/57753\/revisions"}],"wp:attachment":[{"href":"https:\/\/digital58.com.ve\/site\/wp-json\/wp\/v2\/media?parent=57753"}],"wp:term":[{"taxonomy":"category","embeddable":true,"href":"https:\/\/digital58.com.ve\/site\/wp-json\/wp\/v2\/categories?post=57753"},{"taxonomy":"post_tag","embeddable":true,"href":"https:\/\/digital58.com.ve\/site\/wp-json\/wp\/v2\/tags?post=57753"}],"curies":[{"name":"wp","href":"https:\/\/api.w.org\/{rel}","templated":true}]}}