{"id":57796,"date":"2016-11-10T07:49:17","date_gmt":"2016-11-10T11:49:17","guid":{"rendered":"http:\/\/digital58.com.ve\/site\/?p=57796"},"modified":"2016-11-10T07:49:17","modified_gmt":"2016-11-10T11:49:17","slug":"primer-festival-juntos-para-la-gaita-2016","status":"publish","type":"post","link":"https:\/\/digital58.com.ve\/site\/2016\/11\/10\/primer-festival-juntos-para-la-gaita-2016\/","title":{"rendered":"Primer festival \u00abJuntos Para La Gaita 2016\u00bb"},"content":{"rendered":"<p><a href=\"http:\/\/digital58.com.ve\/site\/wp-content\/uploads\/2016\/11\/fplv.jpg\"><img loading=\"lazy\" decoding=\"async\" class=\"aligncenter size-large wp-image-57797\" src=\"http:\/\/digital58.com.ve\/site\/wp-content\/uploads\/2016\/11\/fplv-1024x1024.jpg\" alt=\"fplv\" width=\"640\" height=\"640\" srcset=\"https:\/\/digital58.com.ve\/site\/wp-content\/uploads\/2016\/11\/fplv-1024x1024.jpg 1024w, https:\/\/digital58.com.ve\/site\/wp-content\/uploads\/2016\/11\/fplv-150x150.jpg 150w, https:\/\/digital58.com.ve\/site\/wp-content\/uploads\/2016\/11\/fplv-300x300.jpg 300w, https:\/\/digital58.com.ve\/site\/wp-content\/uploads\/2016\/11\/fplv-768x768.jpg 768w, https:\/\/digital58.com.ve\/site\/wp-content\/uploads\/2016\/11\/fplv.jpg 600w\" sizes=\"auto, (max-width: 640px) 100vw, 640px\" \/><\/a><br \/>\nLa fundaci\u00f3n \u00abJuntos Para La Vida\u00bb estar\u00e1 realizando el d\u00eda 29 de noviembre en el Centro Bellas Artes Ateneo Maracaibo el primer festival donde participar\u00edan colegios y academias de gaita del estado con sus grupos de gaitas respectivos, los colegios y academias concursantes estar\u00e1n participando por premios en met\u00e1lico.<\/p>\n<p><strong>Maracaibo, Zulia, Venezuela, 10 de noviembre de 2016 (D58).-<\/strong>\u00a0 El jurado calificador estar\u00e1 conformado por m\u00fasicos reconocidos y cantantes conocedores del g\u00e9nero, Tales como: Argenis Carruyo, Neguito Borjas, Ricardo Portillo y Lieff Mar\u00edn adem\u00e1s contara con la presentaci\u00f3n de dos las grandes agrupaciones de nuestra gaita como lo son: \u00abGaiteros de Pillopo\u00bb y \u00abCardenales del \u00c9xito\u00bb.<\/p>\n<p>El premio en met\u00e1lico para el primer lugar ser\u00e1 de Bs. 250.000, el segundo lugar recibir\u00e1 Bs. 150.000, ,mientras que el tercero se se llevar\u00e1 Bs. 100.000.<\/p>\n<p>Dicho evento se estar\u00eda realizando con el fin de promover los eventos culturales, la sana competencia y el rescate de las tradiciones de la regi\u00f3n adicionalmente se estar\u00e1 recaudando fondos para esta fundaci\u00f3n \u00abJuntos Para La Vida\u00bb a trav\u00e9s de la venta de entradas al evento que ser\u00e1 el brazalete de \u00abJuntos Para La Vida\u00bb en una presentaci\u00f3n especial para dicho evento.<\/p>\n<p>Adicionalmente la fundaci\u00f3n procura hacer de este evento el primero de una continua presentaci\u00f3n todos los a\u00f1os para as\u00ed llegar a convertir este evento en algo tradicional de los a\u00f1os venideros.<\/p>\n<p>En el evento ser\u00e1 para 600 personas que es la capacidad de teatro, este ser\u00e1 animado por dos grandes personajes de la radiodifusi\u00f3n el locutor del programa radial \u00abVisi\u00f3n 360\u00bb trasmitido por la emisora Feria 106.9 El se\u00f1or Jes\u00fas Adrianza y el se\u00f1or Adolfo Naveda a cargo del programa \u00abQue suene mi gaita\u00bb por Metr\u00f3polis 103.9.<\/p>\n<p>Las entradas tienen un costo de 2.500BsF y ya est\u00e1n disponibles al a venta en las oficinas del teatro a trav\u00e9s de la cuenta de Instagram @JuntosParalavida y por el tel\u00e9fono 0424-6400115.<\/p>\n<p><strong>Redacci\u00f3n y fuente: Daniela De La Hoz<\/strong><br \/>\n<strong>Edici\u00f3n: Villasmil, Henry<\/strong><br \/>\n<strong>Imagen: cortes\u00eda<\/strong><\/p>\n<p>&nbsp;<\/p><div class=\"jorxc69f46a931ce12\" ><p style=\"text-align: center;\"><a href=\"https:\/\/t.me\/noticiasdigital58\" target=\"_blank\" rel=\"noopener\"><img class=\"aligncenter size-full wp-image-125363\" src=\"https:\/\/digital58.com.ve\/site\/wp-content\/uploads\/2021\/04\/banner-telegram-web-2021.png\" alt=\"\" width=\"600\" height=\"90\" \/><\/a><\/p><\/div><style type=\"text\/css\">\r\n@media screen and (min-width: 1201px) {\r\n.jorxc69f46a931ce12 {\r\ndisplay: block;\r\n}\r\n}\r\n@media screen and (min-width: 993px) and (max-width: 1200px) {\r\n.jorxc69f46a931ce12 {\r\ndisplay: block;\r\n}\r\n}\r\n@media screen and (min-width: 769px) and (max-width: 992px) {\r\n.jorxc69f46a931ce12 {\r\ndisplay: block;\r\n}\r\n}\r\n@media screen and (min-width: 768px) and (max-width: 768px) {\r\n.jorxc69f46a931ce12 {\r\ndisplay: block;\r\n}\r\n}\r\n@media screen and (max-width: 767px) {\r\n.jorxc69f46a931ce12 {\r\ndisplay: block;\r\n}\r\n}\r\n<\/style>\r\n\n<p>&nbsp;<\/p>\n<div style=\"margin-top: 0px; margin-bottom: 0px;\" class=\"sharethis-inline-share-buttons\" ><\/div>","protected":false},"excerpt":{"rendered":"<p>La fundaci\u00f3n \u00abJuntos Para La Vida\u00bb estar\u00e1 realizando el d\u00eda 29 de noviembre en el Centro Bellas Artes Ateneo Maracaibo<\/p>\n","protected":false},"author":1,"featured_media":0,"comment_status":"open","ping_status":"closed","sticky":false,"template":"","format":"standard","meta":{"colormag_page_container_layout":"default_layout","colormag_page_sidebar_layout":"default_layout","_uag_custom_page_level_css":"","footnotes":""},"categories":[5412],"tags":[50,156,374,2139,6174,73],"class_list":["post-57796","post","type-post","status-publish","format-standard","hentry","category-donde_ir_maracaibo","tag-entretenimiento","tag-eventos","tag-festivales","tag-gaita-zuliana","tag-juntos-para-la-vida","tag-maracaibo"],"yoast_head":"<!-- This site is optimized with the Yoast SEO plugin v27.5 - https:\/\/yoast.com\/product\/yoast-seo-wordpress\/ -->\n<title>Primer festival \u00abJuntos Para La Gaita 2016\u00bb<\/title>\n<meta name=\"robots\" content=\"index, follow, max-snippet:-1, max-image-preview:large, max-video-preview:-1\" \/>\n<link rel=\"canonical\" href=\"https:\/\/digital58.com.ve\/site\/2016\/11\/10\/primer-festival-juntos-para-la-gaita-2016\/\" \/>\n<meta property=\"og:locale\" content=\"es_ES\" \/>\n<meta property=\"og:type\" content=\"article\" \/>\n<meta property=\"og:title\" content=\"Primer festival \u00abJuntos Para La Gaita 2016\u00bb\" \/>\n<meta property=\"og:url\" content=\"https:\/\/digital58.com.ve\/site\/2016\/11\/10\/primer-festival-juntos-para-la-gaita-2016\/\" \/>\n<meta property=\"og:site_name\" content=\"Noticias Digital58\" \/>\n<meta property=\"article:published_time\" content=\"2016-11-10T11:49:17+00:00\" \/>\n<meta property=\"og:image\" content=\"http:\/\/digital58.com.ve\/site\/wp-content\/uploads\/2016\/11\/fplv-1024x1024.jpg\" \/>\n<meta name=\"author\" content=\"Villasmil Henry\" \/>\n<meta name=\"twitter:card\" content=\"summary_large_image\" \/>\n<meta name=\"twitter:creator\" content=\"@https:\/\/twitter.com\/villasmilhfoto\" \/>\n<meta name=\"twitter:site\" content=\"@villasmilhfoto\" \/>\n<meta name=\"twitter:label1\" content=\"Escrito por\" \/>\n\t<meta name=\"twitter:data1\" content=\"Villasmil Henry\" \/>\n\t<meta name=\"twitter:label2\" content=\"Tiempo estimado de lectura\" \/>\n\t<meta name=\"twitter:data2\" content=\"2 minutos\" \/>\n<script type=\"application\/ld+json\" class=\"yoast-schema-graph\">{\"@context\":\"https:\\\/\\\/schema.org\",\"@graph\":[{\"@type\":\"Article\",\"@id\":\"https:\\\/\\\/digital58.com.ve\\\/site\\\/2016\\\/11\\\/10\\\/primer-festival-juntos-para-la-gaita-2016\\\/#article\",\"isPartOf\":{\"@id\":\"https:\\\/\\\/digital58.com.ve\\\/site\\\/2016\\\/11\\\/10\\\/primer-festival-juntos-para-la-gaita-2016\\\/\"},\"author\":{\"name\":\"Villasmil Henry\",\"@id\":\"https:\\\/\\\/digital58.com.ve\\\/site\\\/#\\\/schema\\\/person\\\/64d1c2e4d0d4fd1b849980c4331c2951\"},\"headline\":\"Primer festival \u00abJuntos Para La Gaita 2016\u00bb\",\"datePublished\":\"2016-11-10T11:49:17+00:00\",\"mainEntityOfPage\":{\"@id\":\"https:\\\/\\\/digital58.com.ve\\\/site\\\/2016\\\/11\\\/10\\\/primer-festival-juntos-para-la-gaita-2016\\\/\"},\"wordCount\":356,\"commentCount\":0,\"publisher\":{\"@id\":\"https:\\\/\\\/digital58.com.ve\\\/site\\\/#\\\/schema\\\/person\\\/64d1c2e4d0d4fd1b849980c4331c2951\"},\"image\":{\"@id\":\"https:\\\/\\\/digital58.com.ve\\\/site\\\/2016\\\/11\\\/10\\\/primer-festival-juntos-para-la-gaita-2016\\\/#primaryimage\"},\"thumbnailUrl\":\"http:\\\/\\\/digital58.com.ve\\\/site\\\/wp-content\\\/uploads\\\/2016\\\/11\\\/fplv-1024x1024.jpg\",\"keywords\":[\"Entretenimiento\",\"Eventos\",\"Festivales\",\"Gaita Zuliana\",\"Juntos Para La Vida\",\"Maracaibo\"],\"articleSection\":[\"\u00bfD\u00f3nde ir Maracaibo?\"],\"inLanguage\":\"es\",\"potentialAction\":[{\"@type\":\"CommentAction\",\"name\":\"Comment\",\"target\":[\"https:\\\/\\\/digital58.com.ve\\\/site\\\/2016\\\/11\\\/10\\\/primer-festival-juntos-para-la-gaita-2016\\\/#respond\"]}]},{\"@type\":\"WebPage\",\"@id\":\"https:\\\/\\\/digital58.com.ve\\\/site\\\/2016\\\/11\\\/10\\\/primer-festival-juntos-para-la-gaita-2016\\\/\",\"url\":\"https:\\\/\\\/digital58.com.ve\\\/site\\\/2016\\\/11\\\/10\\\/primer-festival-juntos-para-la-gaita-2016\\\/\",\"name\":\"Primer festival \u00abJuntos Para La Gaita 2016\u00bb\",\"isPartOf\":{\"@id\":\"https:\\\/\\\/digital58.com.ve\\\/site\\\/#website\"},\"primaryImageOfPage\":{\"@id\":\"https:\\\/\\\/digital58.com.ve\\\/site\\\/2016\\\/11\\\/10\\\/primer-festival-juntos-para-la-gaita-2016\\\/#primaryimage\"},\"image\":{\"@id\":\"https:\\\/\\\/digital58.com.ve\\\/site\\\/2016\\\/11\\\/10\\\/primer-festival-juntos-para-la-gaita-2016\\\/#primaryimage\"},\"thumbnailUrl\":\"http:\\\/\\\/digital58.com.ve\\\/site\\\/wp-content\\\/uploads\\\/2016\\\/11\\\/fplv-1024x1024.jpg\",\"datePublished\":\"2016-11-10T11:49:17+00:00\",\"breadcrumb\":{\"@id\":\"https:\\\/\\\/digital58.com.ve\\\/site\\\/2016\\\/11\\\/10\\\/primer-festival-juntos-para-la-gaita-2016\\\/#breadcrumb\"},\"inLanguage\":\"es\",\"potentialAction\":[{\"@type\":\"ReadAction\",\"target\":[\"https:\\\/\\\/digital58.com.ve\\\/site\\\/2016\\\/11\\\/10\\\/primer-festival-juntos-para-la-gaita-2016\\\/\"]}]},{\"@type\":\"ImageObject\",\"inLanguage\":\"es\",\"@id\":\"https:\\\/\\\/digital58.com.ve\\\/site\\\/2016\\\/11\\\/10\\\/primer-festival-juntos-para-la-gaita-2016\\\/#primaryimage\",\"url\":\"http:\\\/\\\/digital58.com.ve\\\/site\\\/wp-content\\\/uploads\\\/2016\\\/11\\\/fplv-1024x1024.jpg\",\"contentUrl\":\"http:\\\/\\\/digital58.com.ve\\\/site\\\/wp-content\\\/uploads\\\/2016\\\/11\\\/fplv-1024x1024.jpg\"},{\"@type\":\"BreadcrumbList\",\"@id\":\"https:\\\/\\\/digital58.com.ve\\\/site\\\/2016\\\/11\\\/10\\\/primer-festival-juntos-para-la-gaita-2016\\\/#breadcrumb\",\"itemListElement\":[{\"@type\":\"ListItem\",\"position\":1,\"name\":\"Home\",\"item\":\"https:\\\/\\\/digital58.com.ve\\\/site\\\/\"},{\"@type\":\"ListItem\",\"position\":2,\"name\":\"Primer festival \u00abJuntos Para La Gaita 2016\u00bb\"}]},{\"@type\":\"WebSite\",\"@id\":\"https:\\\/\\\/digital58.com.ve\\\/site\\\/#website\",\"url\":\"https:\\\/\\\/digital58.com.ve\\\/site\\\/\",\"name\":\"Noticias Digital58\",\"description\":\"Portal de Noticias \u00a1Periodismo web de verdad! Lanzamiento web 22.11.2005 \\\/ Maracaibo, Venezuela\",\"publisher\":{\"@id\":\"https:\\\/\\\/digital58.com.ve\\\/site\\\/#\\\/schema\\\/person\\\/64d1c2e4d0d4fd1b849980c4331c2951\"},\"alternateName\":\"ND58\",\"potentialAction\":[{\"@type\":\"SearchAction\",\"target\":{\"@type\":\"EntryPoint\",\"urlTemplate\":\"https:\\\/\\\/digital58.com.ve\\\/site\\\/?s={search_term_string}\"},\"query-input\":{\"@type\":\"PropertyValueSpecification\",\"valueRequired\":true,\"valueName\":\"search_term_string\"}}],\"inLanguage\":\"es\"},{\"@type\":[\"Person\",\"Organization\"],\"@id\":\"https:\\\/\\\/digital58.com.ve\\\/site\\\/#\\\/schema\\\/person\\\/64d1c2e4d0d4fd1b849980c4331c2951\",\"name\":\"Villasmil Henry\",\"image\":{\"@type\":\"ImageObject\",\"inLanguage\":\"es\",\"@id\":\"https:\\\/\\\/secure.gravatar.com\\\/avatar\\\/bb0c4a2fcb7970138239f7e404ea75757b1b507b28b5ce4c53fbd62d797c5a7c?s=96&d=mm&r=g\",\"url\":\"https:\\\/\\\/secure.gravatar.com\\\/avatar\\\/bb0c4a2fcb7970138239f7e404ea75757b1b507b28b5ce4c53fbd62d797c5a7c?s=96&d=mm&r=g\",\"contentUrl\":\"https:\\\/\\\/secure.gravatar.com\\\/avatar\\\/bb0c4a2fcb7970138239f7e404ea75757b1b507b28b5ce4c53fbd62d797c5a7c?s=96&d=mm&r=g\",\"caption\":\"Villasmil Henry\"},\"logo\":{\"@id\":\"https:\\\/\\\/secure.gravatar.com\\\/avatar\\\/bb0c4a2fcb7970138239f7e404ea75757b1b507b28b5ce4c53fbd62d797c5a7c?s=96&d=mm&r=g\"},\"sameAs\":[\"http:\\\/\\\/www.henryvillasmil.com.ve\",\"https:\\\/\\\/www.instagram.com\\\/villasmilhfoto\\\/\",\"https:\\\/\\\/x.com\\\/https:\\\/\\\/twitter.com\\\/villasmilhfoto\"],\"url\":\"https:\\\/\\\/digital58.com.ve\\\/site\\\/author\\\/droopy_68\\\/\"}]}<\/script>\n<!-- \/ Yoast SEO plugin. -->","yoast_head_json":{"title":"Primer festival \u00abJuntos Para La Gaita 2016\u00bb","robots":{"index":"index","follow":"follow","max-snippet":"max-snippet:-1","max-image-preview":"max-image-preview:large","max-video-preview":"max-video-preview:-1"},"canonical":"https:\/\/digital58.com.ve\/site\/2016\/11\/10\/primer-festival-juntos-para-la-gaita-2016\/","og_locale":"es_ES","og_type":"article","og_title":"Primer festival \u00abJuntos Para La Gaita 2016\u00bb","og_url":"https:\/\/digital58.com.ve\/site\/2016\/11\/10\/primer-festival-juntos-para-la-gaita-2016\/","og_site_name":"Noticias Digital58","article_published_time":"2016-11-10T11:49:17+00:00","og_image":[{"url":"http:\/\/digital58.com.ve\/site\/wp-content\/uploads\/2016\/11\/fplv-1024x1024.jpg","type":"","width":"","height":""}],"author":"Villasmil Henry","twitter_card":"summary_large_image","twitter_creator":"@https:\/\/twitter.com\/villasmilhfoto","twitter_site":"@villasmilhfoto","twitter_misc":{"Escrito por":"Villasmil Henry","Tiempo estimado de lectura":"2 minutos"},"schema":{"@context":"https:\/\/schema.org","@graph":[{"@type":"Article","@id":"https:\/\/digital58.com.ve\/site\/2016\/11\/10\/primer-festival-juntos-para-la-gaita-2016\/#article","isPartOf":{"@id":"https:\/\/digital58.com.ve\/site\/2016\/11\/10\/primer-festival-juntos-para-la-gaita-2016\/"},"author":{"name":"Villasmil Henry","@id":"https:\/\/digital58.com.ve\/site\/#\/schema\/person\/64d1c2e4d0d4fd1b849980c4331c2951"},"headline":"Primer festival \u00abJuntos Para La Gaita 2016\u00bb","datePublished":"2016-11-10T11:49:17+00:00","mainEntityOfPage":{"@id":"https:\/\/digital58.com.ve\/site\/2016\/11\/10\/primer-festival-juntos-para-la-gaita-2016\/"},"wordCount":356,"commentCount":0,"publisher":{"@id":"https:\/\/digital58.com.ve\/site\/#\/schema\/person\/64d1c2e4d0d4fd1b849980c4331c2951"},"image":{"@id":"https:\/\/digital58.com.ve\/site\/2016\/11\/10\/primer-festival-juntos-para-la-gaita-2016\/#primaryimage"},"thumbnailUrl":"http:\/\/digital58.com.ve\/site\/wp-content\/uploads\/2016\/11\/fplv-1024x1024.jpg","keywords":["Entretenimiento","Eventos","Festivales","Gaita Zuliana","Juntos Para La Vida","Maracaibo"],"articleSection":["\u00bfD\u00f3nde ir Maracaibo?"],"inLanguage":"es","potentialAction":[{"@type":"CommentAction","name":"Comment","target":["https:\/\/digital58.com.ve\/site\/2016\/11\/10\/primer-festival-juntos-para-la-gaita-2016\/#respond"]}]},{"@type":"WebPage","@id":"https:\/\/digital58.com.ve\/site\/2016\/11\/10\/primer-festival-juntos-para-la-gaita-2016\/","url":"https:\/\/digital58.com.ve\/site\/2016\/11\/10\/primer-festival-juntos-para-la-gaita-2016\/","name":"Primer festival \u00abJuntos Para La Gaita 2016\u00bb","isPartOf":{"@id":"https:\/\/digital58.com.ve\/site\/#website"},"primaryImageOfPage":{"@id":"https:\/\/digital58.com.ve\/site\/2016\/11\/10\/primer-festival-juntos-para-la-gaita-2016\/#primaryimage"},"image":{"@id":"https:\/\/digital58.com.ve\/site\/2016\/11\/10\/primer-festival-juntos-para-la-gaita-2016\/#primaryimage"},"thumbnailUrl":"http:\/\/digital58.com.ve\/site\/wp-content\/uploads\/2016\/11\/fplv-1024x1024.jpg","datePublished":"2016-11-10T11:49:17+00:00","breadcrumb":{"@id":"https:\/\/digital58.com.ve\/site\/2016\/11\/10\/primer-festival-juntos-para-la-gaita-2016\/#breadcrumb"},"inLanguage":"es","potentialAction":[{"@type":"ReadAction","target":["https:\/\/digital58.com.ve\/site\/2016\/11\/10\/primer-festival-juntos-para-la-gaita-2016\/"]}]},{"@type":"ImageObject","inLanguage":"es","@id":"https:\/\/digital58.com.ve\/site\/2016\/11\/10\/primer-festival-juntos-para-la-gaita-2016\/#primaryimage","url":"http:\/\/digital58.com.ve\/site\/wp-content\/uploads\/2016\/11\/fplv-1024x1024.jpg","contentUrl":"http:\/\/digital58.com.ve\/site\/wp-content\/uploads\/2016\/11\/fplv-1024x1024.jpg"},{"@type":"BreadcrumbList","@id":"https:\/\/digital58.com.ve\/site\/2016\/11\/10\/primer-festival-juntos-para-la-gaita-2016\/#breadcrumb","itemListElement":[{"@type":"ListItem","position":1,"name":"Home","item":"https:\/\/digital58.com.ve\/site\/"},{"@type":"ListItem","position":2,"name":"Primer festival \u00abJuntos Para La Gaita 2016\u00bb"}]},{"@type":"WebSite","@id":"https:\/\/digital58.com.ve\/site\/#website","url":"https:\/\/digital58.com.ve\/site\/","name":"Noticias Digital58","description":"Portal de Noticias \u00a1Periodismo web de verdad! Lanzamiento web 22.11.2005 \/ Maracaibo, Venezuela","publisher":{"@id":"https:\/\/digital58.com.ve\/site\/#\/schema\/person\/64d1c2e4d0d4fd1b849980c4331c2951"},"alternateName":"ND58","potentialAction":[{"@type":"SearchAction","target":{"@type":"EntryPoint","urlTemplate":"https:\/\/digital58.com.ve\/site\/?s={search_term_string}"},"query-input":{"@type":"PropertyValueSpecification","valueRequired":true,"valueName":"search_term_string"}}],"inLanguage":"es"},{"@type":["Person","Organization"],"@id":"https:\/\/digital58.com.ve\/site\/#\/schema\/person\/64d1c2e4d0d4fd1b849980c4331c2951","name":"Villasmil Henry","image":{"@type":"ImageObject","inLanguage":"es","@id":"https:\/\/secure.gravatar.com\/avatar\/bb0c4a2fcb7970138239f7e404ea75757b1b507b28b5ce4c53fbd62d797c5a7c?s=96&d=mm&r=g","url":"https:\/\/secure.gravatar.com\/avatar\/bb0c4a2fcb7970138239f7e404ea75757b1b507b28b5ce4c53fbd62d797c5a7c?s=96&d=mm&r=g","contentUrl":"https:\/\/secure.gravatar.com\/avatar\/bb0c4a2fcb7970138239f7e404ea75757b1b507b28b5ce4c53fbd62d797c5a7c?s=96&d=mm&r=g","caption":"Villasmil Henry"},"logo":{"@id":"https:\/\/secure.gravatar.com\/avatar\/bb0c4a2fcb7970138239f7e404ea75757b1b507b28b5ce4c53fbd62d797c5a7c?s=96&d=mm&r=g"},"sameAs":["http:\/\/www.henryvillasmil.com.ve","https:\/\/www.instagram.com\/villasmilhfoto\/","https:\/\/x.com\/https:\/\/twitter.com\/villasmilhfoto"],"url":"https:\/\/digital58.com.ve\/site\/author\/droopy_68\/"}]}},"uagb_featured_image_src":{"full":false,"thumbnail":false,"medium":false,"medium_large":false,"large":false,"1536x1536":false,"2048x2048":false,"colormag-highlighted-post":false,"colormag-featured-post-medium":false,"colormag-featured-post-small":false,"colormag-featured-image":false,"colormag-default-news":false,"colormag-featured-image-large":false},"uagb_author_info":{"display_name":"Villasmil Henry","author_link":"https:\/\/digital58.com.ve\/site\/author\/droopy_68\/"},"uagb_comment_info":0,"uagb_excerpt":"La fundaci\u00f3n \u00abJuntos Para La Vida\u00bb estar\u00e1 realizando el d\u00eda 29 de noviembre en el Centro Bellas Artes Ateneo Maracaibo","_links":{"self":[{"href":"https:\/\/digital58.com.ve\/site\/wp-json\/wp\/v2\/posts\/57796","targetHints":{"allow":["GET"]}}],"collection":[{"href":"https:\/\/digital58.com.ve\/site\/wp-json\/wp\/v2\/posts"}],"about":[{"href":"https:\/\/digital58.com.ve\/site\/wp-json\/wp\/v2\/types\/post"}],"author":[{"embeddable":true,"href":"https:\/\/digital58.com.ve\/site\/wp-json\/wp\/v2\/users\/1"}],"replies":[{"embeddable":true,"href":"https:\/\/digital58.com.ve\/site\/wp-json\/wp\/v2\/comments?post=57796"}],"version-history":[{"count":0,"href":"https:\/\/digital58.com.ve\/site\/wp-json\/wp\/v2\/posts\/57796\/revisions"}],"wp:attachment":[{"href":"https:\/\/digital58.com.ve\/site\/wp-json\/wp\/v2\/media?parent=57796"}],"wp:term":[{"taxonomy":"category","embeddable":true,"href":"https:\/\/digital58.com.ve\/site\/wp-json\/wp\/v2\/categories?post=57796"},{"taxonomy":"post_tag","embeddable":true,"href":"https:\/\/digital58.com.ve\/site\/wp-json\/wp\/v2\/tags?post=57796"}],"curies":[{"name":"wp","href":"https:\/\/api.w.org\/{rel}","templated":true}]}}