{"id":58732,"date":"2016-12-06T08:05:27","date_gmt":"2016-12-06T12:05:27","guid":{"rendered":"http:\/\/digital58.com.ve\/site\/?p=58732"},"modified":"2016-12-06T08:05:27","modified_gmt":"2016-12-06T12:05:27","slug":"alice-matos-regresa-a-venezuela-para-inaugurar-tienda-de-labellamafia-en-caracas","status":"publish","type":"post","link":"https:\/\/digital58.com.ve\/site\/2016\/12\/06\/alice-matos-regresa-a-venezuela-para-inaugurar-tienda-de-labellamafia-en-caracas\/","title":{"rendered":"Alice Matos regresa a Venezuela para inaugurar tienda de \u00abLABELLAMAFIA\u00bb en Caracas"},"content":{"rendered":"<p><a href=\"http:\/\/digital58.com.ve\/site\/wp-content\/uploads\/2016\/12\/matos.jpg\"><img loading=\"lazy\" decoding=\"async\" class=\"aligncenter size-large wp-image-58734\" src=\"http:\/\/digital58.com.ve\/site\/wp-content\/uploads\/2016\/12\/matos-1024x683.jpg\" alt=\"matos\" width=\"640\" height=\"427\" srcset=\"https:\/\/digital58.com.ve\/site\/wp-content\/uploads\/2016\/12\/matos-1024x683.jpg 1024w, https:\/\/digital58.com.ve\/site\/wp-content\/uploads\/2016\/12\/matos-300x200.jpg 300w, https:\/\/digital58.com.ve\/site\/wp-content\/uploads\/2016\/12\/matos-768x513.jpg 768w, https:\/\/digital58.com.ve\/site\/wp-content\/uploads\/2016\/12\/matos.jpg 800w\" sizes=\"auto, (max-width: 640px) 100vw, 640px\" \/><\/a><br \/>\nLa gur\u00fa del <em>fitness<\/em> en Brasil y quien es conocida en todo el mundo como una de las figuras m\u00e1s representativas en este campo, Alice Matos (@AliceMatoss), regresa a Venezuela para promocionar su marca de ropa \u00abLABELLAMAFIA\u00bb e inaugurar la primera tienda en Caracas autorizada para vender sus dise\u00f1os.<\/p>\n<p><strong>Maracaibo, Zulia, Venezuela, 06 de diciembre de 2016 (D58).-<\/strong> Matos, quien el a\u00f1o pasado estuvo el pa\u00eds, arrib\u00f3 a territorio nacional este 5 de diciembre, y estar\u00e1 en la ciudad hasta el d\u00eda 8 del mismo mes. En esta oportunidad, el Hotel Eurobuilding de Caracas se une a \u00abLABELLAMAFIA\u00bb para traer a Alice a la capital.<\/p>\n<p>En la apretada agenda que la reina del <em>fitness<\/em> tiene preparada para su estad\u00eda en Venezuela, destaca un encuentro con los medios de comunicaci\u00f3n nacionales, la inauguraci\u00f3n de la tienda ubicada en el centro comercial Plaza las Am\u00e9ricas, as\u00ed como una firma de aut\u00f3grafos con sus seguidores que se realizar\u00e1 en \u00abLABELLAMAFIA\u00bb, el pr\u00f3ximo mi\u00e9rcoles 7 de diciembre a las 4:00 de la tarde.<\/p>\n<p>Matos actualmente posee una cuenta de Instagram verificada con m\u00e1s de un mill\u00f3n y medio de seguidores que la convierten en una de las mujeres del <em>fitness<\/em> m\u00e1s exitosas del mundo. Adem\u00e1s es reconocida como una extraordinaria empresaria que tiene tiendas alrededor del mundo.<\/p>\n<p><strong>La tienda<br \/>\n<\/strong><br \/>\nLa tienda en Caracas es una experiencia sensorial en donde la tecnolog\u00eda, la iluminaci\u00f3n y los materiales robustos, se unen para transmitir al cliente el estilo de vida \u00fanico de \u00abLABELLAMAFIA\u00bb. Esta marca brasile\u00f1a aterriz\u00f3 con gran \u00e9xito en Venezuela, y tambi\u00e9n cuenta con tiendas en diferentes lugares del mundo como M\u00e9xico, Barcelona, Mosc\u00fa, Brasil, EE.UU., Bolivia, Bogot\u00e1, Colombia, entre otros.<\/p>\n<p>\u00abLABELLAMAFIA\u00bb es una verdadera manifestaci\u00f3n de estilo; un grito y una alta dosis de creatividad, actitud y rebeld\u00eda; y precisamente eso es lo que le sobra a Alice Matos.<\/p>\n<p>Para mayor informaci\u00f3n de su visita al pa\u00eds, sigue la cuenta de Instagram @labellamafiave.<\/p>\n<p><strong>Redacci\u00f3n: Julio Urribarr\u00ed<\/strong><br \/>\n<strong>Edici\u00f3n: Villasmil, Henry<\/strong><br \/>\n<strong>Im\u00e1genes: cortes\u00eda @labellamafiave<br \/>\n<\/strong><br \/>\n<a href=\"http:\/\/digital58.com.ve\/site\/wp-content\/uploads\/2016\/12\/matos2.jpg\"><img loading=\"lazy\" decoding=\"async\" class=\"aligncenter size-large wp-image-58733\" src=\"http:\/\/digital58.com.ve\/site\/wp-content\/uploads\/2016\/12\/matos2-768x1024.jpg\" alt=\"matos2\" width=\"640\" height=\"853\" srcset=\"https:\/\/digital58.com.ve\/site\/wp-content\/uploads\/2016\/12\/matos2-768x1024.jpg 768w, https:\/\/digital58.com.ve\/site\/wp-content\/uploads\/2016\/12\/matos2-225x300.jpg 225w, https:\/\/digital58.com.ve\/site\/wp-content\/uploads\/2016\/12\/matos2.jpg 450w\" sizes=\"auto, (max-width: 640px) 100vw, 640px\" \/><\/a><\/p><div class=\"vuxpg69ef55ce4967d\" ><p style=\"text-align: center;\"><a href=\"https:\/\/t.me\/noticiasdigital58\" target=\"_blank\" rel=\"noopener\"><img class=\"aligncenter size-full wp-image-125363\" src=\"https:\/\/digital58.com.ve\/site\/wp-content\/uploads\/2021\/04\/banner-telegram-web-2021.png\" alt=\"\" width=\"600\" height=\"90\" \/><\/a><\/p><\/div><style type=\"text\/css\">\r\n@media screen and (min-width: 1201px) {\r\n.vuxpg69ef55ce4967d {\r\ndisplay: block;\r\n}\r\n}\r\n@media screen and (min-width: 993px) and (max-width: 1200px) {\r\n.vuxpg69ef55ce4967d {\r\ndisplay: block;\r\n}\r\n}\r\n@media screen and (min-width: 769px) and (max-width: 992px) {\r\n.vuxpg69ef55ce4967d {\r\ndisplay: block;\r\n}\r\n}\r\n@media screen and (min-width: 768px) and (max-width: 768px) {\r\n.vuxpg69ef55ce4967d {\r\ndisplay: block;\r\n}\r\n}\r\n@media screen and (max-width: 767px) {\r\n.vuxpg69ef55ce4967d {\r\ndisplay: block;\r\n}\r\n}\r\n<\/style>\r\n\n<p>&nbsp;<\/p>\n<div style=\"margin-top: 0px; margin-bottom: 0px;\" class=\"sharethis-inline-share-buttons\" ><\/div>","protected":false},"excerpt":{"rendered":"<p>La gur\u00fa del fitness en Brasil y quien es conocida en todo el mundo como una de las figuras m\u00e1s<\/p>\n","protected":false},"author":1,"featured_media":0,"comment_status":"open","ping_status":"closed","sticky":false,"template":"","format":"standard","meta":{"colormag_page_container_layout":"default_layout","colormag_page_sidebar_layout":"default_layout","_uag_custom_page_level_css":"","footnotes":""},"categories":[5403],"tags":[3034,29,88,577,6401,5720],"class_list":["post-58732","post","type-post","status-publish","format-standard","hentry","category-otros","tag-alice-matos","tag-caracas","tag-corporativos","tag-fitness","tag-labellamafia","tag-tiendas"],"yoast_head":"<!-- This site is optimized with the Yoast SEO plugin v27.4 - https:\/\/yoast.com\/product\/yoast-seo-wordpress\/ -->\n<title>Alice Matos regresa a Venezuela para inaugurar tienda de \u00abLABELLAMAFIA\u00bb en Caracas<\/title>\n<meta name=\"robots\" content=\"index, follow, max-snippet:-1, max-image-preview:large, max-video-preview:-1\" \/>\n<link rel=\"canonical\" href=\"https:\/\/digital58.com.ve\/site\/2016\/12\/06\/alice-matos-regresa-a-venezuela-para-inaugurar-tienda-de-labellamafia-en-caracas\/\" \/>\n<meta property=\"og:locale\" content=\"es_ES\" \/>\n<meta property=\"og:type\" content=\"article\" \/>\n<meta property=\"og:title\" content=\"Alice Matos regresa a Venezuela para inaugurar tienda de \u00abLABELLAMAFIA\u00bb en Caracas\" \/>\n<meta property=\"og:url\" content=\"https:\/\/digital58.com.ve\/site\/2016\/12\/06\/alice-matos-regresa-a-venezuela-para-inaugurar-tienda-de-labellamafia-en-caracas\/\" \/>\n<meta property=\"og:site_name\" content=\"Noticias Digital58\" \/>\n<meta property=\"article:published_time\" content=\"2016-12-06T12:05:27+00:00\" \/>\n<meta property=\"og:image\" content=\"http:\/\/digital58.com.ve\/site\/wp-content\/uploads\/2016\/12\/matos-1024x683.jpg\" \/>\n<meta name=\"author\" content=\"Villasmil Henry\" \/>\n<meta name=\"twitter:card\" content=\"summary_large_image\" \/>\n<meta name=\"twitter:creator\" content=\"@https:\/\/twitter.com\/villasmilhfoto\" \/>\n<meta name=\"twitter:site\" content=\"@villasmilhfoto\" \/>\n<meta name=\"twitter:label1\" content=\"Escrito por\" \/>\n\t<meta name=\"twitter:data1\" content=\"Villasmil Henry\" \/>\n\t<meta name=\"twitter:label2\" content=\"Tiempo estimado de lectura\" \/>\n\t<meta name=\"twitter:data2\" content=\"2 minutos\" \/>\n<script type=\"application\/ld+json\" class=\"yoast-schema-graph\">{\"@context\":\"https:\\\/\\\/schema.org\",\"@graph\":[{\"@type\":\"Article\",\"@id\":\"https:\\\/\\\/digital58.com.ve\\\/site\\\/2016\\\/12\\\/06\\\/alice-matos-regresa-a-venezuela-para-inaugurar-tienda-de-labellamafia-en-caracas\\\/#article\",\"isPartOf\":{\"@id\":\"https:\\\/\\\/digital58.com.ve\\\/site\\\/2016\\\/12\\\/06\\\/alice-matos-regresa-a-venezuela-para-inaugurar-tienda-de-labellamafia-en-caracas\\\/\"},\"author\":{\"name\":\"Villasmil Henry\",\"@id\":\"https:\\\/\\\/digital58.com.ve\\\/site\\\/#\\\/schema\\\/person\\\/64d1c2e4d0d4fd1b849980c4331c2951\"},\"headline\":\"Alice Matos regresa a Venezuela para inaugurar tienda de \u00abLABELLAMAFIA\u00bb en Caracas\",\"datePublished\":\"2016-12-06T12:05:27+00:00\",\"mainEntityOfPage\":{\"@id\":\"https:\\\/\\\/digital58.com.ve\\\/site\\\/2016\\\/12\\\/06\\\/alice-matos-regresa-a-venezuela-para-inaugurar-tienda-de-labellamafia-en-caracas\\\/\"},\"wordCount\":366,\"commentCount\":0,\"publisher\":{\"@id\":\"https:\\\/\\\/digital58.com.ve\\\/site\\\/#\\\/schema\\\/person\\\/64d1c2e4d0d4fd1b849980c4331c2951\"},\"image\":{\"@id\":\"https:\\\/\\\/digital58.com.ve\\\/site\\\/2016\\\/12\\\/06\\\/alice-matos-regresa-a-venezuela-para-inaugurar-tienda-de-labellamafia-en-caracas\\\/#primaryimage\"},\"thumbnailUrl\":\"http:\\\/\\\/digital58.com.ve\\\/site\\\/wp-content\\\/uploads\\\/2016\\\/12\\\/matos-1024x683.jpg\",\"keywords\":[\"Alice Matos\",\"Caracas\",\"Corporativos\",\"Fitness\",\"LABELLAMAFIA\",\"Tiendas\"],\"articleSection\":[\"Otros\"],\"inLanguage\":\"es\",\"potentialAction\":[{\"@type\":\"CommentAction\",\"name\":\"Comment\",\"target\":[\"https:\\\/\\\/digital58.com.ve\\\/site\\\/2016\\\/12\\\/06\\\/alice-matos-regresa-a-venezuela-para-inaugurar-tienda-de-labellamafia-en-caracas\\\/#respond\"]}]},{\"@type\":\"WebPage\",\"@id\":\"https:\\\/\\\/digital58.com.ve\\\/site\\\/2016\\\/12\\\/06\\\/alice-matos-regresa-a-venezuela-para-inaugurar-tienda-de-labellamafia-en-caracas\\\/\",\"url\":\"https:\\\/\\\/digital58.com.ve\\\/site\\\/2016\\\/12\\\/06\\\/alice-matos-regresa-a-venezuela-para-inaugurar-tienda-de-labellamafia-en-caracas\\\/\",\"name\":\"Alice Matos regresa a Venezuela para inaugurar tienda de \u00abLABELLAMAFIA\u00bb en Caracas\",\"isPartOf\":{\"@id\":\"https:\\\/\\\/digital58.com.ve\\\/site\\\/#website\"},\"primaryImageOfPage\":{\"@id\":\"https:\\\/\\\/digital58.com.ve\\\/site\\\/2016\\\/12\\\/06\\\/alice-matos-regresa-a-venezuela-para-inaugurar-tienda-de-labellamafia-en-caracas\\\/#primaryimage\"},\"image\":{\"@id\":\"https:\\\/\\\/digital58.com.ve\\\/site\\\/2016\\\/12\\\/06\\\/alice-matos-regresa-a-venezuela-para-inaugurar-tienda-de-labellamafia-en-caracas\\\/#primaryimage\"},\"thumbnailUrl\":\"http:\\\/\\\/digital58.com.ve\\\/site\\\/wp-content\\\/uploads\\\/2016\\\/12\\\/matos-1024x683.jpg\",\"datePublished\":\"2016-12-06T12:05:27+00:00\",\"breadcrumb\":{\"@id\":\"https:\\\/\\\/digital58.com.ve\\\/site\\\/2016\\\/12\\\/06\\\/alice-matos-regresa-a-venezuela-para-inaugurar-tienda-de-labellamafia-en-caracas\\\/#breadcrumb\"},\"inLanguage\":\"es\",\"potentialAction\":[{\"@type\":\"ReadAction\",\"target\":[\"https:\\\/\\\/digital58.com.ve\\\/site\\\/2016\\\/12\\\/06\\\/alice-matos-regresa-a-venezuela-para-inaugurar-tienda-de-labellamafia-en-caracas\\\/\"]}]},{\"@type\":\"ImageObject\",\"inLanguage\":\"es\",\"@id\":\"https:\\\/\\\/digital58.com.ve\\\/site\\\/2016\\\/12\\\/06\\\/alice-matos-regresa-a-venezuela-para-inaugurar-tienda-de-labellamafia-en-caracas\\\/#primaryimage\",\"url\":\"http:\\\/\\\/digital58.com.ve\\\/site\\\/wp-content\\\/uploads\\\/2016\\\/12\\\/matos-1024x683.jpg\",\"contentUrl\":\"http:\\\/\\\/digital58.com.ve\\\/site\\\/wp-content\\\/uploads\\\/2016\\\/12\\\/matos-1024x683.jpg\"},{\"@type\":\"BreadcrumbList\",\"@id\":\"https:\\\/\\\/digital58.com.ve\\\/site\\\/2016\\\/12\\\/06\\\/alice-matos-regresa-a-venezuela-para-inaugurar-tienda-de-labellamafia-en-caracas\\\/#breadcrumb\",\"itemListElement\":[{\"@type\":\"ListItem\",\"position\":1,\"name\":\"Home\",\"item\":\"https:\\\/\\\/digital58.com.ve\\\/site\\\/\"},{\"@type\":\"ListItem\",\"position\":2,\"name\":\"Alice Matos regresa a Venezuela para inaugurar tienda de \u00abLABELLAMAFIA\u00bb en Caracas\"}]},{\"@type\":\"WebSite\",\"@id\":\"https:\\\/\\\/digital58.com.ve\\\/site\\\/#website\",\"url\":\"https:\\\/\\\/digital58.com.ve\\\/site\\\/\",\"name\":\"Noticias Digital58\",\"description\":\"Portal de Noticias \u00a1Periodismo web de verdad! Lanzamiento web 22.11.2005 \\\/ Maracaibo, Venezuela\",\"publisher\":{\"@id\":\"https:\\\/\\\/digital58.com.ve\\\/site\\\/#\\\/schema\\\/person\\\/64d1c2e4d0d4fd1b849980c4331c2951\"},\"alternateName\":\"ND58\",\"potentialAction\":[{\"@type\":\"SearchAction\",\"target\":{\"@type\":\"EntryPoint\",\"urlTemplate\":\"https:\\\/\\\/digital58.com.ve\\\/site\\\/?s={search_term_string}\"},\"query-input\":{\"@type\":\"PropertyValueSpecification\",\"valueRequired\":true,\"valueName\":\"search_term_string\"}}],\"inLanguage\":\"es\"},{\"@type\":[\"Person\",\"Organization\"],\"@id\":\"https:\\\/\\\/digital58.com.ve\\\/site\\\/#\\\/schema\\\/person\\\/64d1c2e4d0d4fd1b849980c4331c2951\",\"name\":\"Villasmil Henry\",\"image\":{\"@type\":\"ImageObject\",\"inLanguage\":\"es\",\"@id\":\"https:\\\/\\\/secure.gravatar.com\\\/avatar\\\/bb0c4a2fcb7970138239f7e404ea75757b1b507b28b5ce4c53fbd62d797c5a7c?s=96&d=mm&r=g\",\"url\":\"https:\\\/\\\/secure.gravatar.com\\\/avatar\\\/bb0c4a2fcb7970138239f7e404ea75757b1b507b28b5ce4c53fbd62d797c5a7c?s=96&d=mm&r=g\",\"contentUrl\":\"https:\\\/\\\/secure.gravatar.com\\\/avatar\\\/bb0c4a2fcb7970138239f7e404ea75757b1b507b28b5ce4c53fbd62d797c5a7c?s=96&d=mm&r=g\",\"caption\":\"Villasmil Henry\"},\"logo\":{\"@id\":\"https:\\\/\\\/secure.gravatar.com\\\/avatar\\\/bb0c4a2fcb7970138239f7e404ea75757b1b507b28b5ce4c53fbd62d797c5a7c?s=96&d=mm&r=g\"},\"sameAs\":[\"http:\\\/\\\/www.henryvillasmil.com.ve\",\"https:\\\/\\\/www.instagram.com\\\/villasmilhfoto\\\/\",\"https:\\\/\\\/x.com\\\/https:\\\/\\\/twitter.com\\\/villasmilhfoto\"],\"url\":\"https:\\\/\\\/digital58.com.ve\\\/site\\\/author\\\/droopy_68\\\/\"}]}<\/script>\n<!-- \/ Yoast SEO plugin. -->","yoast_head_json":{"title":"Alice Matos regresa a Venezuela para inaugurar tienda de \u00abLABELLAMAFIA\u00bb en Caracas","robots":{"index":"index","follow":"follow","max-snippet":"max-snippet:-1","max-image-preview":"max-image-preview:large","max-video-preview":"max-video-preview:-1"},"canonical":"https:\/\/digital58.com.ve\/site\/2016\/12\/06\/alice-matos-regresa-a-venezuela-para-inaugurar-tienda-de-labellamafia-en-caracas\/","og_locale":"es_ES","og_type":"article","og_title":"Alice Matos regresa a Venezuela para inaugurar tienda de \u00abLABELLAMAFIA\u00bb en Caracas","og_url":"https:\/\/digital58.com.ve\/site\/2016\/12\/06\/alice-matos-regresa-a-venezuela-para-inaugurar-tienda-de-labellamafia-en-caracas\/","og_site_name":"Noticias Digital58","article_published_time":"2016-12-06T12:05:27+00:00","og_image":[{"url":"http:\/\/digital58.com.ve\/site\/wp-content\/uploads\/2016\/12\/matos-1024x683.jpg","type":"","width":"","height":""}],"author":"Villasmil Henry","twitter_card":"summary_large_image","twitter_creator":"@https:\/\/twitter.com\/villasmilhfoto","twitter_site":"@villasmilhfoto","twitter_misc":{"Escrito por":"Villasmil Henry","Tiempo estimado de lectura":"2 minutos"},"schema":{"@context":"https:\/\/schema.org","@graph":[{"@type":"Article","@id":"https:\/\/digital58.com.ve\/site\/2016\/12\/06\/alice-matos-regresa-a-venezuela-para-inaugurar-tienda-de-labellamafia-en-caracas\/#article","isPartOf":{"@id":"https:\/\/digital58.com.ve\/site\/2016\/12\/06\/alice-matos-regresa-a-venezuela-para-inaugurar-tienda-de-labellamafia-en-caracas\/"},"author":{"name":"Villasmil Henry","@id":"https:\/\/digital58.com.ve\/site\/#\/schema\/person\/64d1c2e4d0d4fd1b849980c4331c2951"},"headline":"Alice Matos regresa a Venezuela para inaugurar tienda de \u00abLABELLAMAFIA\u00bb en Caracas","datePublished":"2016-12-06T12:05:27+00:00","mainEntityOfPage":{"@id":"https:\/\/digital58.com.ve\/site\/2016\/12\/06\/alice-matos-regresa-a-venezuela-para-inaugurar-tienda-de-labellamafia-en-caracas\/"},"wordCount":366,"commentCount":0,"publisher":{"@id":"https:\/\/digital58.com.ve\/site\/#\/schema\/person\/64d1c2e4d0d4fd1b849980c4331c2951"},"image":{"@id":"https:\/\/digital58.com.ve\/site\/2016\/12\/06\/alice-matos-regresa-a-venezuela-para-inaugurar-tienda-de-labellamafia-en-caracas\/#primaryimage"},"thumbnailUrl":"http:\/\/digital58.com.ve\/site\/wp-content\/uploads\/2016\/12\/matos-1024x683.jpg","keywords":["Alice Matos","Caracas","Corporativos","Fitness","LABELLAMAFIA","Tiendas"],"articleSection":["Otros"],"inLanguage":"es","potentialAction":[{"@type":"CommentAction","name":"Comment","target":["https:\/\/digital58.com.ve\/site\/2016\/12\/06\/alice-matos-regresa-a-venezuela-para-inaugurar-tienda-de-labellamafia-en-caracas\/#respond"]}]},{"@type":"WebPage","@id":"https:\/\/digital58.com.ve\/site\/2016\/12\/06\/alice-matos-regresa-a-venezuela-para-inaugurar-tienda-de-labellamafia-en-caracas\/","url":"https:\/\/digital58.com.ve\/site\/2016\/12\/06\/alice-matos-regresa-a-venezuela-para-inaugurar-tienda-de-labellamafia-en-caracas\/","name":"Alice Matos regresa a Venezuela para inaugurar tienda de \u00abLABELLAMAFIA\u00bb en Caracas","isPartOf":{"@id":"https:\/\/digital58.com.ve\/site\/#website"},"primaryImageOfPage":{"@id":"https:\/\/digital58.com.ve\/site\/2016\/12\/06\/alice-matos-regresa-a-venezuela-para-inaugurar-tienda-de-labellamafia-en-caracas\/#primaryimage"},"image":{"@id":"https:\/\/digital58.com.ve\/site\/2016\/12\/06\/alice-matos-regresa-a-venezuela-para-inaugurar-tienda-de-labellamafia-en-caracas\/#primaryimage"},"thumbnailUrl":"http:\/\/digital58.com.ve\/site\/wp-content\/uploads\/2016\/12\/matos-1024x683.jpg","datePublished":"2016-12-06T12:05:27+00:00","breadcrumb":{"@id":"https:\/\/digital58.com.ve\/site\/2016\/12\/06\/alice-matos-regresa-a-venezuela-para-inaugurar-tienda-de-labellamafia-en-caracas\/#breadcrumb"},"inLanguage":"es","potentialAction":[{"@type":"ReadAction","target":["https:\/\/digital58.com.ve\/site\/2016\/12\/06\/alice-matos-regresa-a-venezuela-para-inaugurar-tienda-de-labellamafia-en-caracas\/"]}]},{"@type":"ImageObject","inLanguage":"es","@id":"https:\/\/digital58.com.ve\/site\/2016\/12\/06\/alice-matos-regresa-a-venezuela-para-inaugurar-tienda-de-labellamafia-en-caracas\/#primaryimage","url":"http:\/\/digital58.com.ve\/site\/wp-content\/uploads\/2016\/12\/matos-1024x683.jpg","contentUrl":"http:\/\/digital58.com.ve\/site\/wp-content\/uploads\/2016\/12\/matos-1024x683.jpg"},{"@type":"BreadcrumbList","@id":"https:\/\/digital58.com.ve\/site\/2016\/12\/06\/alice-matos-regresa-a-venezuela-para-inaugurar-tienda-de-labellamafia-en-caracas\/#breadcrumb","itemListElement":[{"@type":"ListItem","position":1,"name":"Home","item":"https:\/\/digital58.com.ve\/site\/"},{"@type":"ListItem","position":2,"name":"Alice Matos regresa a Venezuela para inaugurar tienda de \u00abLABELLAMAFIA\u00bb en Caracas"}]},{"@type":"WebSite","@id":"https:\/\/digital58.com.ve\/site\/#website","url":"https:\/\/digital58.com.ve\/site\/","name":"Noticias Digital58","description":"Portal de Noticias \u00a1Periodismo web de verdad! Lanzamiento web 22.11.2005 \/ Maracaibo, Venezuela","publisher":{"@id":"https:\/\/digital58.com.ve\/site\/#\/schema\/person\/64d1c2e4d0d4fd1b849980c4331c2951"},"alternateName":"ND58","potentialAction":[{"@type":"SearchAction","target":{"@type":"EntryPoint","urlTemplate":"https:\/\/digital58.com.ve\/site\/?s={search_term_string}"},"query-input":{"@type":"PropertyValueSpecification","valueRequired":true,"valueName":"search_term_string"}}],"inLanguage":"es"},{"@type":["Person","Organization"],"@id":"https:\/\/digital58.com.ve\/site\/#\/schema\/person\/64d1c2e4d0d4fd1b849980c4331c2951","name":"Villasmil Henry","image":{"@type":"ImageObject","inLanguage":"es","@id":"https:\/\/secure.gravatar.com\/avatar\/bb0c4a2fcb7970138239f7e404ea75757b1b507b28b5ce4c53fbd62d797c5a7c?s=96&d=mm&r=g","url":"https:\/\/secure.gravatar.com\/avatar\/bb0c4a2fcb7970138239f7e404ea75757b1b507b28b5ce4c53fbd62d797c5a7c?s=96&d=mm&r=g","contentUrl":"https:\/\/secure.gravatar.com\/avatar\/bb0c4a2fcb7970138239f7e404ea75757b1b507b28b5ce4c53fbd62d797c5a7c?s=96&d=mm&r=g","caption":"Villasmil Henry"},"logo":{"@id":"https:\/\/secure.gravatar.com\/avatar\/bb0c4a2fcb7970138239f7e404ea75757b1b507b28b5ce4c53fbd62d797c5a7c?s=96&d=mm&r=g"},"sameAs":["http:\/\/www.henryvillasmil.com.ve","https:\/\/www.instagram.com\/villasmilhfoto\/","https:\/\/x.com\/https:\/\/twitter.com\/villasmilhfoto"],"url":"https:\/\/digital58.com.ve\/site\/author\/droopy_68\/"}]}},"uagb_featured_image_src":{"full":false,"thumbnail":false,"medium":false,"medium_large":false,"large":false,"1536x1536":false,"2048x2048":false,"colormag-highlighted-post":false,"colormag-featured-post-medium":false,"colormag-featured-post-small":false,"colormag-featured-image":false,"colormag-default-news":false,"colormag-featured-image-large":false},"uagb_author_info":{"display_name":"Villasmil Henry","author_link":"https:\/\/digital58.com.ve\/site\/author\/droopy_68\/"},"uagb_comment_info":0,"uagb_excerpt":"La gur\u00fa del fitness en Brasil y quien es conocida en todo el mundo como una de las figuras m\u00e1s","_links":{"self":[{"href":"https:\/\/digital58.com.ve\/site\/wp-json\/wp\/v2\/posts\/58732","targetHints":{"allow":["GET"]}}],"collection":[{"href":"https:\/\/digital58.com.ve\/site\/wp-json\/wp\/v2\/posts"}],"about":[{"href":"https:\/\/digital58.com.ve\/site\/wp-json\/wp\/v2\/types\/post"}],"author":[{"embeddable":true,"href":"https:\/\/digital58.com.ve\/site\/wp-json\/wp\/v2\/users\/1"}],"replies":[{"embeddable":true,"href":"https:\/\/digital58.com.ve\/site\/wp-json\/wp\/v2\/comments?post=58732"}],"version-history":[{"count":0,"href":"https:\/\/digital58.com.ve\/site\/wp-json\/wp\/v2\/posts\/58732\/revisions"}],"wp:attachment":[{"href":"https:\/\/digital58.com.ve\/site\/wp-json\/wp\/v2\/media?parent=58732"}],"wp:term":[{"taxonomy":"category","embeddable":true,"href":"https:\/\/digital58.com.ve\/site\/wp-json\/wp\/v2\/categories?post=58732"},{"taxonomy":"post_tag","embeddable":true,"href":"https:\/\/digital58.com.ve\/site\/wp-json\/wp\/v2\/tags?post=58732"}],"curies":[{"name":"wp","href":"https:\/\/api.w.org\/{rel}","templated":true}]}}