{"id":61057,"date":"2017-03-07T07:05:21","date_gmt":"2017-03-07T11:05:21","guid":{"rendered":"http:\/\/digital58.com.ve\/site\/?p=61057"},"modified":"2017-03-07T07:05:50","modified_gmt":"2017-03-07T11:05:50","slug":"udon-perez-vive-en-su-obra-a-146-anos-de-su-natalicio","status":"publish","type":"post","link":"https:\/\/digital58.com.ve\/site\/2017\/03\/07\/udon-perez-vive-en-su-obra-a-146-anos-de-su-natalicio\/","title":{"rendered":"Ud\u00f3n P\u00e9rez vive en su obra a 146 a\u00f1os de su natalicio"},"content":{"rendered":"<p><a href=\"http:\/\/digital58.com.ve\/site\/wp-content\/uploads\/2017\/03\/udonperez2.jpg\"><img loading=\"lazy\" decoding=\"async\" class=\"aligncenter size-full wp-image-61058\" src=\"http:\/\/digital58.com.ve\/site\/wp-content\/uploads\/2017\/03\/udonperez2.jpg\" alt=\"\" width=\"800\" height=\"582\" srcset=\"https:\/\/digital58.com.ve\/site\/wp-content\/uploads\/2017\/03\/udonperez2.jpg 800w, https:\/\/digital58.com.ve\/site\/wp-content\/uploads\/2017\/03\/udonperez2-300x218.jpg 300w, https:\/\/digital58.com.ve\/site\/wp-content\/uploads\/2017\/03\/udonperez2-768x559.jpg 768w\" sizes=\"auto, (max-width: 800px) 100vw, 800px\" \/><\/a><br \/>\nUno de los hombres, quiz\u00e1s el m\u00e1s grande de la poes\u00eda de esta parte del continente es, sin duda, Ud\u00f3n Antero P\u00e9rez Machado, mejor conocido como Ud\u00f3n P\u00e9rez, nacido en Maracaibo el 6 de marzo de 1871, es el m\u00e1s galardonado de Venezuela y Am\u00e9rica Latina: m\u00e1s de cincuenta premios, de los cuales cuarenta fueron primeros y entre ellos cuatro en juegos florales, el m\u00e1ximo reconocimiento para los hacedores de poes\u00eda en la primera parte del siglo XX.<\/p>\n<p><strong>Maracaibo, Zulia, Venezuela, 07 de marzo de 2017 (D58).-<\/strong> Hijo de, Santos P\u00e9rez Puchi, quien se ganaba la vida como transportista entre La Guajira y Maracaibo, tuvo poco o ning\u00fan acercamiento entre el vivaracho ni\u00f1o, quien desde sus primeros a\u00f1os de vida desbordaba talento para la poes\u00eda y las letras.<\/p>\n<p>Su padre abandon\u00f3 a su madre, Josefina Machado Rinc\u00f3n, nacida en La Ca\u00f1ada de Urdaneta. Su muerte prematura, cuando Ud\u00f3n ten\u00eda solo tres a\u00f1os de edad, hizo que su crianza quedara en manos de su abuela materna: Josefa Rinc\u00f3n de Machado.\u00a0En esta labor, la abuela recibi\u00f3 la ayuda del maestro de educaci\u00f3n primaria, Rafael Pirela.<\/p>\n<p><strong>Un ni\u00f1o precoz<br \/>\n<\/strong><br \/>\nA los 12 a\u00f1os ya hab\u00eda culminado la escuela primaria y a los 16 egres\u00f3 del liceo e inicia su carrera como dramaturgo. Escribe una obra teatral versificada, titulada\u00a0El Regreso del Pirata\u00a0que luego represent\u00f3 con cuatro de sus compa\u00f1eros de estudios en un teatro organizado en un corral.<\/p>\n<p>El Regreso del Pirata nunca fue publicada. No existen escritos originales del gui\u00f3n. El 7 de agosto de 1889, al finalizar el bachillerato, recibi\u00f3 el t\u00edtulo de Maestro de Instrucci\u00f3n Primaria y 8 d\u00edas despu\u00e9s, el de Bachiller en Filosof\u00eda. En 1890 curs\u00f3 estudios de medicina con excelentes calificaciones, sin embargo, no quiso recibir el t\u00edtulo de m\u00e9dico, por lo que nunca ejerci\u00f3 la profesi\u00f3n. Igual situaci\u00f3n ocurri\u00f3 cuando estudi\u00f3 simult\u00e1neamente con la medicina, Ciencias Pol\u00edticas, ya que, seg\u00fan sus palabras hab\u00eda estudiado para aprender y no para ejercer, prefiriendo ser \u00abdocto\u00bb (ilustrado) y no doctor.<\/p>\n<p>Ud\u00f3n P\u00e9rez transit\u00f3 la vida s\u00f3lo 55 a\u00f1os, pero fueron suficientes para dejar al Zulia una visi\u00f3n po\u00e9tica integral, basada en su vasta cultura. Docto en el manejo del lenguaje literario, sonoro en la expresi\u00f3n matizada con esa ficcionalidad crom\u00e1tica de los paisajes. Camilo Balza Donatti rese\u00f1a sobre Ud\u00f3n P\u00e9rez: \u00abla ciudad peque\u00f1a que era Maracaibo dej\u00f3 escapar su voz sobre las aguas de su Lago azul hacia las dimensiones, donde otras voces conforman el gran concierto po\u00e9tico de Am\u00e9rica\u00bb.<\/p>\n<p>Sostiene que Ud\u00f3n fue un gran poeta por mandato de la poes\u00eda. \u00c9l cre\u00f3 su propia escuela y en su poes\u00eda encontramos elementos rom\u00e1nticos y modernistas. El Lago y sus entornos fueron la magia de su poes\u00eda. \u00abLa visi\u00f3n de un paisaje total: tierra, agua, cielo, ciudad, hombre, fauna, flora. No dej\u00f3 nada al margen del camino; en cada estrofa ondea el paisaje como un mar que va en lentas marejadas\u00bb, sostiene Balza Donatti en su libro \u00abIm\u00e1genes para el contraste\u00bb.<\/p>\n<p><strong>Musa inagotable<br \/>\n<\/strong><br \/>\nEsa musa creciente de Ud\u00f3n P\u00e9rez dio pie a innumerables obras, entre ellas Lira Triste, su primer libro, \u00c1nfora Criolla: poemas y sonetos, Frutos naturales, Drama en tres actos y en versos; Iguaraya, poema indiano en cinco cantos; Plectro r\u00fastico, poes\u00edas; Colmena L\u00edrica, poes\u00edas; Laurea, cantos patri\u00f3ticos; Hojas y p\u00e9talos, poes\u00eda y nuevos poemas; Entre sombras, drama en un acto y verso; Evocaciones \u00edntimas, poemas a su esposa; El jard\u00edn de las caricias, versiones sin nombre; Drama en tres actos y en versos; Calcos, versiones.<\/p>\n<p>Su Primera obra est\u00e1 llena de sufrimientos y soledades, humanamente inexplicables, tal vez influenciado por los escritos de Edgar Allan Poe. Su segundo libro, \u00c1nfora Criolla, editado en 1913, es una especie de compilaci\u00f3n de todos sus poemas ya publicados en peri\u00f3dicos y revistas de la \u00e9poca.<\/p>\n<p>Y en honda inspiraci\u00f3n Ud\u00f3n escribe la letra del Himno del estado Zulia. Una joya literaria que algunos comparan con la versatilidad de otros poetas, de otras vivencias, de otras \u00e9pocas; con Homero, autor de la Il\u00edada, de una lucidez m\u00e1s all\u00e1 de su existencia y que a\u00fan hoy sigue viva.<\/p>\n<p>EL 24 de julio de 1926, cuando caminaba por los alrededores de la Plaza Baralt, sufri\u00f3 un accidente cerebro vascular que seg\u00f3 la corta vida del Docto, del poeta. Su amada Maracaibo siempre recordar\u00e1 su obra y en especial sus versos.<\/p>\n<p><strong>Redacci\u00f3n y fuente: Mar\u00eda Luisa Gonz\u00e1lez\/Prensa Secretar\u00eda de Cultura<\/strong><br \/>\n<strong>Edici\u00f3n: Villasmil, Henry<\/strong><br \/>\n<strong>Im\u00e1genes: cortes\u00eda<\/strong><\/p>\n<p><a href=\"http:\/\/digital58.com.ve\/site\/wp-content\/uploads\/2017\/03\/udonperez.jpg\"><img loading=\"lazy\" decoding=\"async\" class=\"aligncenter size-full wp-image-61059\" src=\"http:\/\/digital58.com.ve\/site\/wp-content\/uploads\/2017\/03\/udonperez.jpg\" alt=\"\" width=\"600\" height=\"917\" srcset=\"https:\/\/digital58.com.ve\/site\/wp-content\/uploads\/2017\/03\/udonperez.jpg 393w, https:\/\/digital58.com.ve\/site\/wp-content\/uploads\/2017\/03\/udonperez-196x300.jpg 196w\" sizes=\"auto, (max-width: 600px) 100vw, 600px\" \/><\/a><\/p><div class=\"krqaq69f0d5dc0e960\" ><p style=\"text-align: center;\"><a href=\"https:\/\/t.me\/noticiasdigital58\" target=\"_blank\" rel=\"noopener\"><img class=\"aligncenter size-full wp-image-125363\" src=\"https:\/\/digital58.com.ve\/site\/wp-content\/uploads\/2021\/04\/banner-telegram-web-2021.png\" alt=\"\" width=\"600\" height=\"90\" \/><\/a><\/p><\/div><style type=\"text\/css\">\r\n@media screen and (min-width: 1201px) {\r\n.krqaq69f0d5dc0e960 {\r\ndisplay: block;\r\n}\r\n}\r\n@media screen and (min-width: 993px) and (max-width: 1200px) {\r\n.krqaq69f0d5dc0e960 {\r\ndisplay: block;\r\n}\r\n}\r\n@media screen and (min-width: 769px) and (max-width: 992px) {\r\n.krqaq69f0d5dc0e960 {\r\ndisplay: block;\r\n}\r\n}\r\n@media screen and (min-width: 768px) and (max-width: 768px) {\r\n.krqaq69f0d5dc0e960 {\r\ndisplay: block;\r\n}\r\n}\r\n@media screen and (max-width: 767px) {\r\n.krqaq69f0d5dc0e960 {\r\ndisplay: block;\r\n}\r\n}\r\n<\/style>\r\n\n<p>&nbsp;<\/p>\n<div style=\"margin-top: 0px; margin-bottom: 0px;\" class=\"sharethis-inline-share-buttons\" ><\/div>","protected":false},"excerpt":{"rendered":"<p>Uno de los hombres, quiz\u00e1s el m\u00e1s grande de la poes\u00eda de esta parte del continente es, sin duda, Ud\u00f3n<\/p>\n","protected":false},"author":1,"featured_media":0,"comment_status":"open","ping_status":"closed","sticky":false,"template":"","format":"standard","meta":{"colormag_page_container_layout":"default_layout","colormag_page_sidebar_layout":"default_layout","_uag_custom_page_level_css":"","footnotes":""},"categories":[5403],"tags":[159,73,1280,992,2354,6628,761,6629],"class_list":["post-61057","post","type-post","status-publish","format-standard","hentry","category-otros","tag-efemerides","tag-maracaibo","tag-nacimientos","tag-natalicios","tag-regionales","tag-udon-perez","tag-zulia","tag-zulianos-ilustres"],"yoast_head":"<!-- This site is optimized with the Yoast SEO plugin v27.5 - https:\/\/yoast.com\/product\/yoast-seo-wordpress\/ -->\n<title>Ud\u00f3n P\u00e9rez vive en su obra a 146 a\u00f1os de su natalicio<\/title>\n<meta name=\"robots\" content=\"index, follow, max-snippet:-1, max-image-preview:large, max-video-preview:-1\" \/>\n<link rel=\"canonical\" href=\"https:\/\/digital58.com.ve\/site\/2017\/03\/07\/udon-perez-vive-en-su-obra-a-146-anos-de-su-natalicio\/\" \/>\n<meta property=\"og:locale\" content=\"es_ES\" \/>\n<meta property=\"og:type\" content=\"article\" \/>\n<meta property=\"og:title\" content=\"Ud\u00f3n P\u00e9rez vive en su obra a 146 a\u00f1os de su natalicio\" \/>\n<meta property=\"og:url\" content=\"https:\/\/digital58.com.ve\/site\/2017\/03\/07\/udon-perez-vive-en-su-obra-a-146-anos-de-su-natalicio\/\" \/>\n<meta property=\"og:site_name\" content=\"Noticias Digital58\" \/>\n<meta property=\"article:published_time\" content=\"2017-03-07T11:05:21+00:00\" \/>\n<meta property=\"article:modified_time\" content=\"2017-03-07T11:05:50+00:00\" \/>\n<meta property=\"og:image\" content=\"http:\/\/digital58.com.ve\/site\/wp-content\/uploads\/2017\/03\/udonperez2.jpg\" \/>\n<meta name=\"author\" content=\"Villasmil Henry\" \/>\n<meta name=\"twitter:card\" content=\"summary_large_image\" \/>\n<meta name=\"twitter:creator\" content=\"@https:\/\/twitter.com\/villasmilhfoto\" \/>\n<meta name=\"twitter:site\" content=\"@villasmilhfoto\" \/>\n<meta name=\"twitter:label1\" content=\"Escrito por\" \/>\n\t<meta name=\"twitter:data1\" content=\"Villasmil Henry\" \/>\n\t<meta name=\"twitter:label2\" content=\"Tiempo estimado de lectura\" \/>\n\t<meta name=\"twitter:data2\" content=\"4 minutos\" \/>\n<script type=\"application\/ld+json\" class=\"yoast-schema-graph\">{\"@context\":\"https:\\\/\\\/schema.org\",\"@graph\":[{\"@type\":\"Article\",\"@id\":\"https:\\\/\\\/digital58.com.ve\\\/site\\\/2017\\\/03\\\/07\\\/udon-perez-vive-en-su-obra-a-146-anos-de-su-natalicio\\\/#article\",\"isPartOf\":{\"@id\":\"https:\\\/\\\/digital58.com.ve\\\/site\\\/2017\\\/03\\\/07\\\/udon-perez-vive-en-su-obra-a-146-anos-de-su-natalicio\\\/\"},\"author\":{\"name\":\"Villasmil Henry\",\"@id\":\"https:\\\/\\\/digital58.com.ve\\\/site\\\/#\\\/schema\\\/person\\\/64d1c2e4d0d4fd1b849980c4331c2951\"},\"headline\":\"Ud\u00f3n P\u00e9rez vive en su obra a 146 a\u00f1os de su natalicio\",\"datePublished\":\"2017-03-07T11:05:21+00:00\",\"dateModified\":\"2017-03-07T11:05:50+00:00\",\"mainEntityOfPage\":{\"@id\":\"https:\\\/\\\/digital58.com.ve\\\/site\\\/2017\\\/03\\\/07\\\/udon-perez-vive-en-su-obra-a-146-anos-de-su-natalicio\\\/\"},\"wordCount\":824,\"commentCount\":0,\"publisher\":{\"@id\":\"https:\\\/\\\/digital58.com.ve\\\/site\\\/#\\\/schema\\\/person\\\/64d1c2e4d0d4fd1b849980c4331c2951\"},\"image\":{\"@id\":\"https:\\\/\\\/digital58.com.ve\\\/site\\\/2017\\\/03\\\/07\\\/udon-perez-vive-en-su-obra-a-146-anos-de-su-natalicio\\\/#primaryimage\"},\"thumbnailUrl\":\"http:\\\/\\\/digital58.com.ve\\\/site\\\/wp-content\\\/uploads\\\/2017\\\/03\\\/udonperez2.jpg\",\"keywords\":[\"Efem\u00e9rides\",\"Maracaibo\",\"Nacimientos\",\"Natalicios\",\"Regionales\",\"Ud\u00f3n P\u00e9rez\",\"Zulia\",\"Zulianos Ilustres\"],\"articleSection\":[\"Otros\"],\"inLanguage\":\"es\",\"potentialAction\":[{\"@type\":\"CommentAction\",\"name\":\"Comment\",\"target\":[\"https:\\\/\\\/digital58.com.ve\\\/site\\\/2017\\\/03\\\/07\\\/udon-perez-vive-en-su-obra-a-146-anos-de-su-natalicio\\\/#respond\"]}]},{\"@type\":\"WebPage\",\"@id\":\"https:\\\/\\\/digital58.com.ve\\\/site\\\/2017\\\/03\\\/07\\\/udon-perez-vive-en-su-obra-a-146-anos-de-su-natalicio\\\/\",\"url\":\"https:\\\/\\\/digital58.com.ve\\\/site\\\/2017\\\/03\\\/07\\\/udon-perez-vive-en-su-obra-a-146-anos-de-su-natalicio\\\/\",\"name\":\"Ud\u00f3n P\u00e9rez vive en su obra a 146 a\u00f1os de su natalicio\",\"isPartOf\":{\"@id\":\"https:\\\/\\\/digital58.com.ve\\\/site\\\/#website\"},\"primaryImageOfPage\":{\"@id\":\"https:\\\/\\\/digital58.com.ve\\\/site\\\/2017\\\/03\\\/07\\\/udon-perez-vive-en-su-obra-a-146-anos-de-su-natalicio\\\/#primaryimage\"},\"image\":{\"@id\":\"https:\\\/\\\/digital58.com.ve\\\/site\\\/2017\\\/03\\\/07\\\/udon-perez-vive-en-su-obra-a-146-anos-de-su-natalicio\\\/#primaryimage\"},\"thumbnailUrl\":\"http:\\\/\\\/digital58.com.ve\\\/site\\\/wp-content\\\/uploads\\\/2017\\\/03\\\/udonperez2.jpg\",\"datePublished\":\"2017-03-07T11:05:21+00:00\",\"dateModified\":\"2017-03-07T11:05:50+00:00\",\"breadcrumb\":{\"@id\":\"https:\\\/\\\/digital58.com.ve\\\/site\\\/2017\\\/03\\\/07\\\/udon-perez-vive-en-su-obra-a-146-anos-de-su-natalicio\\\/#breadcrumb\"},\"inLanguage\":\"es\",\"potentialAction\":[{\"@type\":\"ReadAction\",\"target\":[\"https:\\\/\\\/digital58.com.ve\\\/site\\\/2017\\\/03\\\/07\\\/udon-perez-vive-en-su-obra-a-146-anos-de-su-natalicio\\\/\"]}]},{\"@type\":\"ImageObject\",\"inLanguage\":\"es\",\"@id\":\"https:\\\/\\\/digital58.com.ve\\\/site\\\/2017\\\/03\\\/07\\\/udon-perez-vive-en-su-obra-a-146-anos-de-su-natalicio\\\/#primaryimage\",\"url\":\"http:\\\/\\\/digital58.com.ve\\\/site\\\/wp-content\\\/uploads\\\/2017\\\/03\\\/udonperez2.jpg\",\"contentUrl\":\"http:\\\/\\\/digital58.com.ve\\\/site\\\/wp-content\\\/uploads\\\/2017\\\/03\\\/udonperez2.jpg\"},{\"@type\":\"BreadcrumbList\",\"@id\":\"https:\\\/\\\/digital58.com.ve\\\/site\\\/2017\\\/03\\\/07\\\/udon-perez-vive-en-su-obra-a-146-anos-de-su-natalicio\\\/#breadcrumb\",\"itemListElement\":[{\"@type\":\"ListItem\",\"position\":1,\"name\":\"Home\",\"item\":\"https:\\\/\\\/digital58.com.ve\\\/site\\\/\"},{\"@type\":\"ListItem\",\"position\":2,\"name\":\"Ud\u00f3n P\u00e9rez vive en su obra a 146 a\u00f1os de su natalicio\"}]},{\"@type\":\"WebSite\",\"@id\":\"https:\\\/\\\/digital58.com.ve\\\/site\\\/#website\",\"url\":\"https:\\\/\\\/digital58.com.ve\\\/site\\\/\",\"name\":\"Noticias Digital58\",\"description\":\"Portal de Noticias \u00a1Periodismo web de verdad! Lanzamiento web 22.11.2005 \\\/ Maracaibo, Venezuela\",\"publisher\":{\"@id\":\"https:\\\/\\\/digital58.com.ve\\\/site\\\/#\\\/schema\\\/person\\\/64d1c2e4d0d4fd1b849980c4331c2951\"},\"alternateName\":\"ND58\",\"potentialAction\":[{\"@type\":\"SearchAction\",\"target\":{\"@type\":\"EntryPoint\",\"urlTemplate\":\"https:\\\/\\\/digital58.com.ve\\\/site\\\/?s={search_term_string}\"},\"query-input\":{\"@type\":\"PropertyValueSpecification\",\"valueRequired\":true,\"valueName\":\"search_term_string\"}}],\"inLanguage\":\"es\"},{\"@type\":[\"Person\",\"Organization\"],\"@id\":\"https:\\\/\\\/digital58.com.ve\\\/site\\\/#\\\/schema\\\/person\\\/64d1c2e4d0d4fd1b849980c4331c2951\",\"name\":\"Villasmil Henry\",\"image\":{\"@type\":\"ImageObject\",\"inLanguage\":\"es\",\"@id\":\"https:\\\/\\\/secure.gravatar.com\\\/avatar\\\/bb0c4a2fcb7970138239f7e404ea75757b1b507b28b5ce4c53fbd62d797c5a7c?s=96&d=mm&r=g\",\"url\":\"https:\\\/\\\/secure.gravatar.com\\\/avatar\\\/bb0c4a2fcb7970138239f7e404ea75757b1b507b28b5ce4c53fbd62d797c5a7c?s=96&d=mm&r=g\",\"contentUrl\":\"https:\\\/\\\/secure.gravatar.com\\\/avatar\\\/bb0c4a2fcb7970138239f7e404ea75757b1b507b28b5ce4c53fbd62d797c5a7c?s=96&d=mm&r=g\",\"caption\":\"Villasmil Henry\"},\"logo\":{\"@id\":\"https:\\\/\\\/secure.gravatar.com\\\/avatar\\\/bb0c4a2fcb7970138239f7e404ea75757b1b507b28b5ce4c53fbd62d797c5a7c?s=96&d=mm&r=g\"},\"sameAs\":[\"http:\\\/\\\/www.henryvillasmil.com.ve\",\"https:\\\/\\\/www.instagram.com\\\/villasmilhfoto\\\/\",\"https:\\\/\\\/x.com\\\/https:\\\/\\\/twitter.com\\\/villasmilhfoto\"],\"url\":\"https:\\\/\\\/digital58.com.ve\\\/site\\\/author\\\/droopy_68\\\/\"}]}<\/script>\n<!-- \/ Yoast SEO plugin. -->","yoast_head_json":{"title":"Ud\u00f3n P\u00e9rez vive en su obra a 146 a\u00f1os de su natalicio","robots":{"index":"index","follow":"follow","max-snippet":"max-snippet:-1","max-image-preview":"max-image-preview:large","max-video-preview":"max-video-preview:-1"},"canonical":"https:\/\/digital58.com.ve\/site\/2017\/03\/07\/udon-perez-vive-en-su-obra-a-146-anos-de-su-natalicio\/","og_locale":"es_ES","og_type":"article","og_title":"Ud\u00f3n P\u00e9rez vive en su obra a 146 a\u00f1os de su natalicio","og_url":"https:\/\/digital58.com.ve\/site\/2017\/03\/07\/udon-perez-vive-en-su-obra-a-146-anos-de-su-natalicio\/","og_site_name":"Noticias Digital58","article_published_time":"2017-03-07T11:05:21+00:00","article_modified_time":"2017-03-07T11:05:50+00:00","og_image":[{"url":"http:\/\/digital58.com.ve\/site\/wp-content\/uploads\/2017\/03\/udonperez2.jpg","type":"","width":"","height":""}],"author":"Villasmil Henry","twitter_card":"summary_large_image","twitter_creator":"@https:\/\/twitter.com\/villasmilhfoto","twitter_site":"@villasmilhfoto","twitter_misc":{"Escrito por":"Villasmil Henry","Tiempo estimado de lectura":"4 minutos"},"schema":{"@context":"https:\/\/schema.org","@graph":[{"@type":"Article","@id":"https:\/\/digital58.com.ve\/site\/2017\/03\/07\/udon-perez-vive-en-su-obra-a-146-anos-de-su-natalicio\/#article","isPartOf":{"@id":"https:\/\/digital58.com.ve\/site\/2017\/03\/07\/udon-perez-vive-en-su-obra-a-146-anos-de-su-natalicio\/"},"author":{"name":"Villasmil Henry","@id":"https:\/\/digital58.com.ve\/site\/#\/schema\/person\/64d1c2e4d0d4fd1b849980c4331c2951"},"headline":"Ud\u00f3n P\u00e9rez vive en su obra a 146 a\u00f1os de su natalicio","datePublished":"2017-03-07T11:05:21+00:00","dateModified":"2017-03-07T11:05:50+00:00","mainEntityOfPage":{"@id":"https:\/\/digital58.com.ve\/site\/2017\/03\/07\/udon-perez-vive-en-su-obra-a-146-anos-de-su-natalicio\/"},"wordCount":824,"commentCount":0,"publisher":{"@id":"https:\/\/digital58.com.ve\/site\/#\/schema\/person\/64d1c2e4d0d4fd1b849980c4331c2951"},"image":{"@id":"https:\/\/digital58.com.ve\/site\/2017\/03\/07\/udon-perez-vive-en-su-obra-a-146-anos-de-su-natalicio\/#primaryimage"},"thumbnailUrl":"http:\/\/digital58.com.ve\/site\/wp-content\/uploads\/2017\/03\/udonperez2.jpg","keywords":["Efem\u00e9rides","Maracaibo","Nacimientos","Natalicios","Regionales","Ud\u00f3n P\u00e9rez","Zulia","Zulianos Ilustres"],"articleSection":["Otros"],"inLanguage":"es","potentialAction":[{"@type":"CommentAction","name":"Comment","target":["https:\/\/digital58.com.ve\/site\/2017\/03\/07\/udon-perez-vive-en-su-obra-a-146-anos-de-su-natalicio\/#respond"]}]},{"@type":"WebPage","@id":"https:\/\/digital58.com.ve\/site\/2017\/03\/07\/udon-perez-vive-en-su-obra-a-146-anos-de-su-natalicio\/","url":"https:\/\/digital58.com.ve\/site\/2017\/03\/07\/udon-perez-vive-en-su-obra-a-146-anos-de-su-natalicio\/","name":"Ud\u00f3n P\u00e9rez vive en su obra a 146 a\u00f1os de su natalicio","isPartOf":{"@id":"https:\/\/digital58.com.ve\/site\/#website"},"primaryImageOfPage":{"@id":"https:\/\/digital58.com.ve\/site\/2017\/03\/07\/udon-perez-vive-en-su-obra-a-146-anos-de-su-natalicio\/#primaryimage"},"image":{"@id":"https:\/\/digital58.com.ve\/site\/2017\/03\/07\/udon-perez-vive-en-su-obra-a-146-anos-de-su-natalicio\/#primaryimage"},"thumbnailUrl":"http:\/\/digital58.com.ve\/site\/wp-content\/uploads\/2017\/03\/udonperez2.jpg","datePublished":"2017-03-07T11:05:21+00:00","dateModified":"2017-03-07T11:05:50+00:00","breadcrumb":{"@id":"https:\/\/digital58.com.ve\/site\/2017\/03\/07\/udon-perez-vive-en-su-obra-a-146-anos-de-su-natalicio\/#breadcrumb"},"inLanguage":"es","potentialAction":[{"@type":"ReadAction","target":["https:\/\/digital58.com.ve\/site\/2017\/03\/07\/udon-perez-vive-en-su-obra-a-146-anos-de-su-natalicio\/"]}]},{"@type":"ImageObject","inLanguage":"es","@id":"https:\/\/digital58.com.ve\/site\/2017\/03\/07\/udon-perez-vive-en-su-obra-a-146-anos-de-su-natalicio\/#primaryimage","url":"http:\/\/digital58.com.ve\/site\/wp-content\/uploads\/2017\/03\/udonperez2.jpg","contentUrl":"http:\/\/digital58.com.ve\/site\/wp-content\/uploads\/2017\/03\/udonperez2.jpg"},{"@type":"BreadcrumbList","@id":"https:\/\/digital58.com.ve\/site\/2017\/03\/07\/udon-perez-vive-en-su-obra-a-146-anos-de-su-natalicio\/#breadcrumb","itemListElement":[{"@type":"ListItem","position":1,"name":"Home","item":"https:\/\/digital58.com.ve\/site\/"},{"@type":"ListItem","position":2,"name":"Ud\u00f3n P\u00e9rez vive en su obra a 146 a\u00f1os de su natalicio"}]},{"@type":"WebSite","@id":"https:\/\/digital58.com.ve\/site\/#website","url":"https:\/\/digital58.com.ve\/site\/","name":"Noticias Digital58","description":"Portal de Noticias \u00a1Periodismo web de verdad! Lanzamiento web 22.11.2005 \/ Maracaibo, Venezuela","publisher":{"@id":"https:\/\/digital58.com.ve\/site\/#\/schema\/person\/64d1c2e4d0d4fd1b849980c4331c2951"},"alternateName":"ND58","potentialAction":[{"@type":"SearchAction","target":{"@type":"EntryPoint","urlTemplate":"https:\/\/digital58.com.ve\/site\/?s={search_term_string}"},"query-input":{"@type":"PropertyValueSpecification","valueRequired":true,"valueName":"search_term_string"}}],"inLanguage":"es"},{"@type":["Person","Organization"],"@id":"https:\/\/digital58.com.ve\/site\/#\/schema\/person\/64d1c2e4d0d4fd1b849980c4331c2951","name":"Villasmil Henry","image":{"@type":"ImageObject","inLanguage":"es","@id":"https:\/\/secure.gravatar.com\/avatar\/bb0c4a2fcb7970138239f7e404ea75757b1b507b28b5ce4c53fbd62d797c5a7c?s=96&d=mm&r=g","url":"https:\/\/secure.gravatar.com\/avatar\/bb0c4a2fcb7970138239f7e404ea75757b1b507b28b5ce4c53fbd62d797c5a7c?s=96&d=mm&r=g","contentUrl":"https:\/\/secure.gravatar.com\/avatar\/bb0c4a2fcb7970138239f7e404ea75757b1b507b28b5ce4c53fbd62d797c5a7c?s=96&d=mm&r=g","caption":"Villasmil Henry"},"logo":{"@id":"https:\/\/secure.gravatar.com\/avatar\/bb0c4a2fcb7970138239f7e404ea75757b1b507b28b5ce4c53fbd62d797c5a7c?s=96&d=mm&r=g"},"sameAs":["http:\/\/www.henryvillasmil.com.ve","https:\/\/www.instagram.com\/villasmilhfoto\/","https:\/\/x.com\/https:\/\/twitter.com\/villasmilhfoto"],"url":"https:\/\/digital58.com.ve\/site\/author\/droopy_68\/"}]}},"uagb_featured_image_src":{"full":false,"thumbnail":false,"medium":false,"medium_large":false,"large":false,"1536x1536":false,"2048x2048":false,"colormag-highlighted-post":false,"colormag-featured-post-medium":false,"colormag-featured-post-small":false,"colormag-featured-image":false,"colormag-default-news":false,"colormag-featured-image-large":false},"uagb_author_info":{"display_name":"Villasmil Henry","author_link":"https:\/\/digital58.com.ve\/site\/author\/droopy_68\/"},"uagb_comment_info":0,"uagb_excerpt":"Uno de los hombres, quiz\u00e1s el m\u00e1s grande de la poes\u00eda de esta parte del continente es, sin duda, Ud\u00f3n","_links":{"self":[{"href":"https:\/\/digital58.com.ve\/site\/wp-json\/wp\/v2\/posts\/61057","targetHints":{"allow":["GET"]}}],"collection":[{"href":"https:\/\/digital58.com.ve\/site\/wp-json\/wp\/v2\/posts"}],"about":[{"href":"https:\/\/digital58.com.ve\/site\/wp-json\/wp\/v2\/types\/post"}],"author":[{"embeddable":true,"href":"https:\/\/digital58.com.ve\/site\/wp-json\/wp\/v2\/users\/1"}],"replies":[{"embeddable":true,"href":"https:\/\/digital58.com.ve\/site\/wp-json\/wp\/v2\/comments?post=61057"}],"version-history":[{"count":0,"href":"https:\/\/digital58.com.ve\/site\/wp-json\/wp\/v2\/posts\/61057\/revisions"}],"wp:attachment":[{"href":"https:\/\/digital58.com.ve\/site\/wp-json\/wp\/v2\/media?parent=61057"}],"wp:term":[{"taxonomy":"category","embeddable":true,"href":"https:\/\/digital58.com.ve\/site\/wp-json\/wp\/v2\/categories?post=61057"},{"taxonomy":"post_tag","embeddable":true,"href":"https:\/\/digital58.com.ve\/site\/wp-json\/wp\/v2\/tags?post=61057"}],"curies":[{"name":"wp","href":"https:\/\/api.w.org\/{rel}","templated":true}]}}