{"id":61111,"date":"2017-03-07T16:00:45","date_gmt":"2017-03-07T20:00:45","guid":{"rendered":"http:\/\/digital58.com.ve\/site\/?p=61111"},"modified":"2017-03-07T16:03:45","modified_gmt":"2017-03-07T20:03:45","slug":"vagner-mancini-chapecoense-debe-manejar-emociones-en-la-libertadores","status":"publish","type":"post","link":"https:\/\/digital58.com.ve\/site\/2017\/03\/07\/vagner-mancini-chapecoense-debe-manejar-emociones-en-la-libertadores\/","title":{"rendered":"Vagner Mancini: Chapecoense debe \u00abmanejar emociones\u00bb en la Libertadores"},"content":{"rendered":"<figure id=\"attachment_61112\" aria-describedby=\"caption-attachment-61112\" style=\"width: 640px\" class=\"wp-caption aligncenter\"><a href=\"http:\/\/digital58.com.ve\/site\/wp-content\/uploads\/2017\/03\/chape2.jpg\"><img loading=\"lazy\" decoding=\"async\" class=\"wp-image-61112 size-large\" src=\"http:\/\/digital58.com.ve\/site\/wp-content\/uploads\/2017\/03\/chape2-1024x704.jpg\" alt=\"\" width=\"640\" height=\"440\" srcset=\"https:\/\/digital58.com.ve\/site\/wp-content\/uploads\/2017\/03\/chape2-1024x704.jpg 1024w, https:\/\/digital58.com.ve\/site\/wp-content\/uploads\/2017\/03\/chape2-300x206.jpg 300w, https:\/\/digital58.com.ve\/site\/wp-content\/uploads\/2017\/03\/chape2-768x528.jpg 768w, https:\/\/digital58.com.ve\/site\/wp-content\/uploads\/2017\/03\/chape2.jpg 800w\" sizes=\"auto, (max-width: 640px) 100vw, 640px\" \/><\/a><figcaption id=\"caption-attachment-61112\" class=\"wp-caption-text\">Vagner Mancini<\/figcaption><\/figure>\n<p>\u00abManejar las emociones\u00bb del duro recuerdo de la tragedia a\u00e9rea que sacudi\u00f3 a Chapecoense el a\u00f1o pasado ser\u00e1 el gran desaf\u00edo del equipo brasile\u00f1o en su debut en la Copa Libertadores ante el venezolano Zulia, este martes, dijo el entrenador Vagner Mancini.<\/p>\n<p><strong>Maracaibo, Zulia, Venezuela, 07 de marzo de 2017 (D58).-<\/strong> \u00abFueron emociones muy intensas y cada uno las vivi\u00f3 de manera distinta (&#8230;) Hemos ido asimil\u00e1ndolas\u00bb, declar\u00f3 Mancini a periodistas este lunes tras el reconocimiento de la cancha del estadio \u00abPachencho\u00bb Romero de la ciudad de Maracaibo (noroeste).<\/p>\n<p>All\u00ed se jugar\u00e1 el compromiso por el Grupo 7 de la cita continental. Numerosos efectivos militares custodiaban la pr\u00e1ctica del \u00abChape\u00bb, que arrib\u00f3 al escenario deportivo en medio de una fuerte pero pasajera lluvia, pues escamp\u00f3 antes de la salida al c\u00e9sped del plantel.<\/p>\n<p>El nuevo t\u00e9cnico de Chapecoense, heredero de Caio Junior, fallecido junto con 19 jugadores en el accidente del 28 de noviembre pasado, destaca los esfuerzos hechos \u00aben solo 60 d\u00edas\u00bb de trabajo para ensamblar un conjunto con 22 nuevos fichajes que pueda ser competitivo.<\/p>\n<p>\u00abTodav\u00eda falta mucho trabajo\u00bb, expres\u00f3, por su parte, el portero Artur Moraes, quien desea sacar un resultado positivo ante el Zulia en honor a los campeones de la Copa Sudamericana-2016.<\/p>\n<p>La cat\u00e1strofe se produjo cuando el equipo viajaba a Medell\u00edn para enfrentar al colombiano Atl\u00e9tico Nacional la final de la Sudamericana. Su rival, tras el suceso, cedi\u00f3 el trofeo como homenaje.<\/p>\n<p>Ahora, concentrado en la Libertadores, Vagner Mancini destaca del Zulia a \u00abjugadores peligrosos como (Yohandry) Orozco o (Juan) Arango\u00bb.<\/p>\n<p>\u00abDebemos tener cuidado con Zulia, pero Zulia debe tener cuidado con nosotros\u00bb, advirti\u00f3 Mancini.<\/p>\n<p>Futbolistas como Wellington Paulista, Arthur y Niltinho son la p\u00f3lvora del renovado Chapecoense en busca de empezar con buen pie la Libertadores.<\/p>\n<p>El Grupo 7 es completado por el argentino Lan\u00fas y el uruguayo Nacional.<\/p><div class=\"pscbk69f5cb2fcc343\" ><p style=\"text-align: center;\"><a href=\"https:\/\/t.me\/noticiasdigital58\" target=\"_blank\" rel=\"noopener\"><img class=\"aligncenter size-full wp-image-125363\" src=\"https:\/\/digital58.com.ve\/site\/wp-content\/uploads\/2021\/04\/banner-telegram-web-2021.png\" alt=\"\" width=\"600\" height=\"90\" \/><\/a><\/p><\/div><style type=\"text\/css\">\r\n@media screen and (min-width: 1201px) {\r\n.pscbk69f5cb2fcc343 {\r\ndisplay: block;\r\n}\r\n}\r\n@media screen and (min-width: 993px) and (max-width: 1200px) {\r\n.pscbk69f5cb2fcc343 {\r\ndisplay: block;\r\n}\r\n}\r\n@media screen and (min-width: 769px) and (max-width: 992px) {\r\n.pscbk69f5cb2fcc343 {\r\ndisplay: block;\r\n}\r\n}\r\n@media screen and (min-width: 768px) and (max-width: 768px) {\r\n.pscbk69f5cb2fcc343 {\r\ndisplay: block;\r\n}\r\n}\r\n@media screen and (max-width: 767px) {\r\n.pscbk69f5cb2fcc343 {\r\ndisplay: block;\r\n}\r\n}\r\n<\/style>\r\n\n<p><strong>Redacci\u00f3n y fuente: AFP<\/strong><br \/>\n<strong>Edici\u00f3n: Villasmil, Henry<\/strong><br \/>\n<strong>Foto: EFE<\/strong><\/p>\n<figure id=\"attachment_61114\" aria-describedby=\"caption-attachment-61114\" style=\"width: 640px\" class=\"wp-caption aligncenter\"><a href=\"http:\/\/digital58.com.ve\/site\/wp-content\/uploads\/2017\/03\/chape6.jpg\"><img loading=\"lazy\" decoding=\"async\" class=\"wp-image-61114 size-large\" src=\"http:\/\/digital58.com.ve\/site\/wp-content\/uploads\/2017\/03\/chape6-1024x716.jpg\" alt=\"\" width=\"640\" height=\"448\" srcset=\"https:\/\/digital58.com.ve\/site\/wp-content\/uploads\/2017\/03\/chape6-1024x716.jpg 1024w, https:\/\/digital58.com.ve\/site\/wp-content\/uploads\/2017\/03\/chape6-300x210.jpg 300w, https:\/\/digital58.com.ve\/site\/wp-content\/uploads\/2017\/03\/chape6-768x537.jpg 768w, https:\/\/digital58.com.ve\/site\/wp-content\/uploads\/2017\/03\/chape6.jpg 800w\" sizes=\"auto, (max-width: 640px) 100vw, 640px\" \/><\/a><figcaption id=\"caption-attachment-61114\" class=\"wp-caption-text\">Artur Moraes<\/figcaption><\/figure>\n<div style=\"margin-top: 0px; margin-bottom: 0px;\" class=\"sharethis-inline-share-buttons\" ><\/div>","protected":false},"excerpt":{"rendered":"<p>\u00abManejar las emociones\u00bb del duro recuerdo de la tragedia a\u00e9rea que sacudi\u00f3 a Chapecoense el a\u00f1o pasado ser\u00e1 el gran<\/p>\n","protected":false},"author":1,"featured_media":0,"comment_status":"open","ping_status":"closed","sticky":false,"template":"","format":"standard","meta":{"colormag_page_container_layout":"default_layout","colormag_page_sidebar_layout":"default_layout","_uag_custom_page_level_css":"","footnotes":""},"categories":[5402],"tags":[35,6590,6588,6566,13,41,73,32,5516],"class_list":["post-61111","post","type-post","status-publish","format-standard","hentry","category-deportes","tag-brasil","tag-chapecoense-af","tag-conmebol-libertadores-bridgestone","tag-copa-libertadores-2017","tag-futbol","tag-futbol-internacional","tag-maracaibo","tag-venezuela","tag-zulia-futbol-club"],"yoast_head":"<!-- This site is optimized with the Yoast SEO plugin v27.5 - https:\/\/yoast.com\/product\/yoast-seo-wordpress\/ -->\n<title>Vagner Mancini: Chapecoense debe \u00abmanejar emociones\u00bb en la Libertadores<\/title>\n<meta name=\"robots\" content=\"index, follow, max-snippet:-1, max-image-preview:large, max-video-preview:-1\" \/>\n<link rel=\"canonical\" href=\"https:\/\/digital58.com.ve\/site\/2017\/03\/07\/vagner-mancini-chapecoense-debe-manejar-emociones-en-la-libertadores\/\" \/>\n<meta property=\"og:locale\" content=\"es_ES\" \/>\n<meta property=\"og:type\" content=\"article\" \/>\n<meta property=\"og:title\" content=\"Vagner Mancini: Chapecoense debe \u00abmanejar emociones\u00bb en la Libertadores\" \/>\n<meta property=\"og:url\" content=\"https:\/\/digital58.com.ve\/site\/2017\/03\/07\/vagner-mancini-chapecoense-debe-manejar-emociones-en-la-libertadores\/\" \/>\n<meta property=\"og:site_name\" content=\"Noticias Digital58\" \/>\n<meta property=\"article:published_time\" content=\"2017-03-07T20:00:45+00:00\" \/>\n<meta property=\"article:modified_time\" content=\"2017-03-07T20:03:45+00:00\" \/>\n<meta property=\"og:image\" content=\"http:\/\/digital58.com.ve\/site\/wp-content\/uploads\/2017\/03\/chape2-1024x704.jpg\" \/>\n<meta name=\"author\" content=\"Villasmil Henry\" \/>\n<meta name=\"twitter:card\" content=\"summary_large_image\" \/>\n<meta name=\"twitter:creator\" content=\"@https:\/\/twitter.com\/villasmilhfoto\" \/>\n<meta name=\"twitter:site\" content=\"@villasmilhfoto\" \/>\n<meta name=\"twitter:label1\" content=\"Escrito por\" \/>\n\t<meta name=\"twitter:data1\" content=\"Villasmil Henry\" \/>\n\t<meta name=\"twitter:label2\" content=\"Tiempo estimado de lectura\" \/>\n\t<meta name=\"twitter:data2\" content=\"2 minutos\" \/>\n<script type=\"application\/ld+json\" class=\"yoast-schema-graph\">{\"@context\":\"https:\\\/\\\/schema.org\",\"@graph\":[{\"@type\":\"Article\",\"@id\":\"https:\\\/\\\/digital58.com.ve\\\/site\\\/2017\\\/03\\\/07\\\/vagner-mancini-chapecoense-debe-manejar-emociones-en-la-libertadores\\\/#article\",\"isPartOf\":{\"@id\":\"https:\\\/\\\/digital58.com.ve\\\/site\\\/2017\\\/03\\\/07\\\/vagner-mancini-chapecoense-debe-manejar-emociones-en-la-libertadores\\\/\"},\"author\":{\"name\":\"Villasmil Henry\",\"@id\":\"https:\\\/\\\/digital58.com.ve\\\/site\\\/#\\\/schema\\\/person\\\/64d1c2e4d0d4fd1b849980c4331c2951\"},\"headline\":\"Vagner Mancini: Chapecoense debe \u00abmanejar emociones\u00bb en la Libertadores\",\"datePublished\":\"2017-03-07T20:00:45+00:00\",\"dateModified\":\"2017-03-07T20:03:45+00:00\",\"mainEntityOfPage\":{\"@id\":\"https:\\\/\\\/digital58.com.ve\\\/site\\\/2017\\\/03\\\/07\\\/vagner-mancini-chapecoense-debe-manejar-emociones-en-la-libertadores\\\/\"},\"wordCount\":351,\"commentCount\":0,\"publisher\":{\"@id\":\"https:\\\/\\\/digital58.com.ve\\\/site\\\/#\\\/schema\\\/person\\\/64d1c2e4d0d4fd1b849980c4331c2951\"},\"image\":{\"@id\":\"https:\\\/\\\/digital58.com.ve\\\/site\\\/2017\\\/03\\\/07\\\/vagner-mancini-chapecoense-debe-manejar-emociones-en-la-libertadores\\\/#primaryimage\"},\"thumbnailUrl\":\"http:\\\/\\\/digital58.com.ve\\\/site\\\/wp-content\\\/uploads\\\/2017\\\/03\\\/chape2-1024x704.jpg\",\"keywords\":[\"Brasil\",\"Chapecoense AF\",\"Conmebol Libertadores Bridgestone\",\"Copa Libertadores 2017\",\"F\u00fatbol\",\"F\u00fatbol Internacional\",\"Maracaibo\",\"Venezuela\",\"Zulia F\u00fatbol Club\"],\"articleSection\":[\"Deportes\"],\"inLanguage\":\"es\",\"potentialAction\":[{\"@type\":\"CommentAction\",\"name\":\"Comment\",\"target\":[\"https:\\\/\\\/digital58.com.ve\\\/site\\\/2017\\\/03\\\/07\\\/vagner-mancini-chapecoense-debe-manejar-emociones-en-la-libertadores\\\/#respond\"]}]},{\"@type\":\"WebPage\",\"@id\":\"https:\\\/\\\/digital58.com.ve\\\/site\\\/2017\\\/03\\\/07\\\/vagner-mancini-chapecoense-debe-manejar-emociones-en-la-libertadores\\\/\",\"url\":\"https:\\\/\\\/digital58.com.ve\\\/site\\\/2017\\\/03\\\/07\\\/vagner-mancini-chapecoense-debe-manejar-emociones-en-la-libertadores\\\/\",\"name\":\"Vagner Mancini: Chapecoense debe \u00abmanejar emociones\u00bb en la Libertadores\",\"isPartOf\":{\"@id\":\"https:\\\/\\\/digital58.com.ve\\\/site\\\/#website\"},\"primaryImageOfPage\":{\"@id\":\"https:\\\/\\\/digital58.com.ve\\\/site\\\/2017\\\/03\\\/07\\\/vagner-mancini-chapecoense-debe-manejar-emociones-en-la-libertadores\\\/#primaryimage\"},\"image\":{\"@id\":\"https:\\\/\\\/digital58.com.ve\\\/site\\\/2017\\\/03\\\/07\\\/vagner-mancini-chapecoense-debe-manejar-emociones-en-la-libertadores\\\/#primaryimage\"},\"thumbnailUrl\":\"http:\\\/\\\/digital58.com.ve\\\/site\\\/wp-content\\\/uploads\\\/2017\\\/03\\\/chape2-1024x704.jpg\",\"datePublished\":\"2017-03-07T20:00:45+00:00\",\"dateModified\":\"2017-03-07T20:03:45+00:00\",\"breadcrumb\":{\"@id\":\"https:\\\/\\\/digital58.com.ve\\\/site\\\/2017\\\/03\\\/07\\\/vagner-mancini-chapecoense-debe-manejar-emociones-en-la-libertadores\\\/#breadcrumb\"},\"inLanguage\":\"es\",\"potentialAction\":[{\"@type\":\"ReadAction\",\"target\":[\"https:\\\/\\\/digital58.com.ve\\\/site\\\/2017\\\/03\\\/07\\\/vagner-mancini-chapecoense-debe-manejar-emociones-en-la-libertadores\\\/\"]}]},{\"@type\":\"ImageObject\",\"inLanguage\":\"es\",\"@id\":\"https:\\\/\\\/digital58.com.ve\\\/site\\\/2017\\\/03\\\/07\\\/vagner-mancini-chapecoense-debe-manejar-emociones-en-la-libertadores\\\/#primaryimage\",\"url\":\"http:\\\/\\\/digital58.com.ve\\\/site\\\/wp-content\\\/uploads\\\/2017\\\/03\\\/chape2-1024x704.jpg\",\"contentUrl\":\"http:\\\/\\\/digital58.com.ve\\\/site\\\/wp-content\\\/uploads\\\/2017\\\/03\\\/chape2-1024x704.jpg\"},{\"@type\":\"BreadcrumbList\",\"@id\":\"https:\\\/\\\/digital58.com.ve\\\/site\\\/2017\\\/03\\\/07\\\/vagner-mancini-chapecoense-debe-manejar-emociones-en-la-libertadores\\\/#breadcrumb\",\"itemListElement\":[{\"@type\":\"ListItem\",\"position\":1,\"name\":\"Home\",\"item\":\"https:\\\/\\\/digital58.com.ve\\\/site\\\/\"},{\"@type\":\"ListItem\",\"position\":2,\"name\":\"Vagner Mancini: Chapecoense debe \u00abmanejar emociones\u00bb en la Libertadores\"}]},{\"@type\":\"WebSite\",\"@id\":\"https:\\\/\\\/digital58.com.ve\\\/site\\\/#website\",\"url\":\"https:\\\/\\\/digital58.com.ve\\\/site\\\/\",\"name\":\"Noticias Digital58\",\"description\":\"Portal de Noticias \u00a1Periodismo web de verdad! Lanzamiento web 22.11.2005 \\\/ Maracaibo, Venezuela\",\"publisher\":{\"@id\":\"https:\\\/\\\/digital58.com.ve\\\/site\\\/#\\\/schema\\\/person\\\/64d1c2e4d0d4fd1b849980c4331c2951\"},\"alternateName\":\"ND58\",\"potentialAction\":[{\"@type\":\"SearchAction\",\"target\":{\"@type\":\"EntryPoint\",\"urlTemplate\":\"https:\\\/\\\/digital58.com.ve\\\/site\\\/?s={search_term_string}\"},\"query-input\":{\"@type\":\"PropertyValueSpecification\",\"valueRequired\":true,\"valueName\":\"search_term_string\"}}],\"inLanguage\":\"es\"},{\"@type\":[\"Person\",\"Organization\"],\"@id\":\"https:\\\/\\\/digital58.com.ve\\\/site\\\/#\\\/schema\\\/person\\\/64d1c2e4d0d4fd1b849980c4331c2951\",\"name\":\"Villasmil Henry\",\"image\":{\"@type\":\"ImageObject\",\"inLanguage\":\"es\",\"@id\":\"https:\\\/\\\/secure.gravatar.com\\\/avatar\\\/bb0c4a2fcb7970138239f7e404ea75757b1b507b28b5ce4c53fbd62d797c5a7c?s=96&d=mm&r=g\",\"url\":\"https:\\\/\\\/secure.gravatar.com\\\/avatar\\\/bb0c4a2fcb7970138239f7e404ea75757b1b507b28b5ce4c53fbd62d797c5a7c?s=96&d=mm&r=g\",\"contentUrl\":\"https:\\\/\\\/secure.gravatar.com\\\/avatar\\\/bb0c4a2fcb7970138239f7e404ea75757b1b507b28b5ce4c53fbd62d797c5a7c?s=96&d=mm&r=g\",\"caption\":\"Villasmil Henry\"},\"logo\":{\"@id\":\"https:\\\/\\\/secure.gravatar.com\\\/avatar\\\/bb0c4a2fcb7970138239f7e404ea75757b1b507b28b5ce4c53fbd62d797c5a7c?s=96&d=mm&r=g\"},\"sameAs\":[\"http:\\\/\\\/www.henryvillasmil.com.ve\",\"https:\\\/\\\/www.instagram.com\\\/villasmilhfoto\\\/\",\"https:\\\/\\\/x.com\\\/https:\\\/\\\/twitter.com\\\/villasmilhfoto\"],\"url\":\"https:\\\/\\\/digital58.com.ve\\\/site\\\/author\\\/droopy_68\\\/\"}]}<\/script>\n<!-- \/ Yoast SEO plugin. -->","yoast_head_json":{"title":"Vagner Mancini: Chapecoense debe \u00abmanejar emociones\u00bb en la Libertadores","robots":{"index":"index","follow":"follow","max-snippet":"max-snippet:-1","max-image-preview":"max-image-preview:large","max-video-preview":"max-video-preview:-1"},"canonical":"https:\/\/digital58.com.ve\/site\/2017\/03\/07\/vagner-mancini-chapecoense-debe-manejar-emociones-en-la-libertadores\/","og_locale":"es_ES","og_type":"article","og_title":"Vagner Mancini: Chapecoense debe \u00abmanejar emociones\u00bb en la Libertadores","og_url":"https:\/\/digital58.com.ve\/site\/2017\/03\/07\/vagner-mancini-chapecoense-debe-manejar-emociones-en-la-libertadores\/","og_site_name":"Noticias Digital58","article_published_time":"2017-03-07T20:00:45+00:00","article_modified_time":"2017-03-07T20:03:45+00:00","og_image":[{"url":"http:\/\/digital58.com.ve\/site\/wp-content\/uploads\/2017\/03\/chape2-1024x704.jpg","type":"","width":"","height":""}],"author":"Villasmil Henry","twitter_card":"summary_large_image","twitter_creator":"@https:\/\/twitter.com\/villasmilhfoto","twitter_site":"@villasmilhfoto","twitter_misc":{"Escrito por":"Villasmil Henry","Tiempo estimado de lectura":"2 minutos"},"schema":{"@context":"https:\/\/schema.org","@graph":[{"@type":"Article","@id":"https:\/\/digital58.com.ve\/site\/2017\/03\/07\/vagner-mancini-chapecoense-debe-manejar-emociones-en-la-libertadores\/#article","isPartOf":{"@id":"https:\/\/digital58.com.ve\/site\/2017\/03\/07\/vagner-mancini-chapecoense-debe-manejar-emociones-en-la-libertadores\/"},"author":{"name":"Villasmil Henry","@id":"https:\/\/digital58.com.ve\/site\/#\/schema\/person\/64d1c2e4d0d4fd1b849980c4331c2951"},"headline":"Vagner Mancini: Chapecoense debe \u00abmanejar emociones\u00bb en la Libertadores","datePublished":"2017-03-07T20:00:45+00:00","dateModified":"2017-03-07T20:03:45+00:00","mainEntityOfPage":{"@id":"https:\/\/digital58.com.ve\/site\/2017\/03\/07\/vagner-mancini-chapecoense-debe-manejar-emociones-en-la-libertadores\/"},"wordCount":351,"commentCount":0,"publisher":{"@id":"https:\/\/digital58.com.ve\/site\/#\/schema\/person\/64d1c2e4d0d4fd1b849980c4331c2951"},"image":{"@id":"https:\/\/digital58.com.ve\/site\/2017\/03\/07\/vagner-mancini-chapecoense-debe-manejar-emociones-en-la-libertadores\/#primaryimage"},"thumbnailUrl":"http:\/\/digital58.com.ve\/site\/wp-content\/uploads\/2017\/03\/chape2-1024x704.jpg","keywords":["Brasil","Chapecoense AF","Conmebol Libertadores Bridgestone","Copa Libertadores 2017","F\u00fatbol","F\u00fatbol Internacional","Maracaibo","Venezuela","Zulia F\u00fatbol Club"],"articleSection":["Deportes"],"inLanguage":"es","potentialAction":[{"@type":"CommentAction","name":"Comment","target":["https:\/\/digital58.com.ve\/site\/2017\/03\/07\/vagner-mancini-chapecoense-debe-manejar-emociones-en-la-libertadores\/#respond"]}]},{"@type":"WebPage","@id":"https:\/\/digital58.com.ve\/site\/2017\/03\/07\/vagner-mancini-chapecoense-debe-manejar-emociones-en-la-libertadores\/","url":"https:\/\/digital58.com.ve\/site\/2017\/03\/07\/vagner-mancini-chapecoense-debe-manejar-emociones-en-la-libertadores\/","name":"Vagner Mancini: Chapecoense debe \u00abmanejar emociones\u00bb en la Libertadores","isPartOf":{"@id":"https:\/\/digital58.com.ve\/site\/#website"},"primaryImageOfPage":{"@id":"https:\/\/digital58.com.ve\/site\/2017\/03\/07\/vagner-mancini-chapecoense-debe-manejar-emociones-en-la-libertadores\/#primaryimage"},"image":{"@id":"https:\/\/digital58.com.ve\/site\/2017\/03\/07\/vagner-mancini-chapecoense-debe-manejar-emociones-en-la-libertadores\/#primaryimage"},"thumbnailUrl":"http:\/\/digital58.com.ve\/site\/wp-content\/uploads\/2017\/03\/chape2-1024x704.jpg","datePublished":"2017-03-07T20:00:45+00:00","dateModified":"2017-03-07T20:03:45+00:00","breadcrumb":{"@id":"https:\/\/digital58.com.ve\/site\/2017\/03\/07\/vagner-mancini-chapecoense-debe-manejar-emociones-en-la-libertadores\/#breadcrumb"},"inLanguage":"es","potentialAction":[{"@type":"ReadAction","target":["https:\/\/digital58.com.ve\/site\/2017\/03\/07\/vagner-mancini-chapecoense-debe-manejar-emociones-en-la-libertadores\/"]}]},{"@type":"ImageObject","inLanguage":"es","@id":"https:\/\/digital58.com.ve\/site\/2017\/03\/07\/vagner-mancini-chapecoense-debe-manejar-emociones-en-la-libertadores\/#primaryimage","url":"http:\/\/digital58.com.ve\/site\/wp-content\/uploads\/2017\/03\/chape2-1024x704.jpg","contentUrl":"http:\/\/digital58.com.ve\/site\/wp-content\/uploads\/2017\/03\/chape2-1024x704.jpg"},{"@type":"BreadcrumbList","@id":"https:\/\/digital58.com.ve\/site\/2017\/03\/07\/vagner-mancini-chapecoense-debe-manejar-emociones-en-la-libertadores\/#breadcrumb","itemListElement":[{"@type":"ListItem","position":1,"name":"Home","item":"https:\/\/digital58.com.ve\/site\/"},{"@type":"ListItem","position":2,"name":"Vagner Mancini: Chapecoense debe \u00abmanejar emociones\u00bb en la Libertadores"}]},{"@type":"WebSite","@id":"https:\/\/digital58.com.ve\/site\/#website","url":"https:\/\/digital58.com.ve\/site\/","name":"Noticias Digital58","description":"Portal de Noticias \u00a1Periodismo web de verdad! Lanzamiento web 22.11.2005 \/ Maracaibo, Venezuela","publisher":{"@id":"https:\/\/digital58.com.ve\/site\/#\/schema\/person\/64d1c2e4d0d4fd1b849980c4331c2951"},"alternateName":"ND58","potentialAction":[{"@type":"SearchAction","target":{"@type":"EntryPoint","urlTemplate":"https:\/\/digital58.com.ve\/site\/?s={search_term_string}"},"query-input":{"@type":"PropertyValueSpecification","valueRequired":true,"valueName":"search_term_string"}}],"inLanguage":"es"},{"@type":["Person","Organization"],"@id":"https:\/\/digital58.com.ve\/site\/#\/schema\/person\/64d1c2e4d0d4fd1b849980c4331c2951","name":"Villasmil Henry","image":{"@type":"ImageObject","inLanguage":"es","@id":"https:\/\/secure.gravatar.com\/avatar\/bb0c4a2fcb7970138239f7e404ea75757b1b507b28b5ce4c53fbd62d797c5a7c?s=96&d=mm&r=g","url":"https:\/\/secure.gravatar.com\/avatar\/bb0c4a2fcb7970138239f7e404ea75757b1b507b28b5ce4c53fbd62d797c5a7c?s=96&d=mm&r=g","contentUrl":"https:\/\/secure.gravatar.com\/avatar\/bb0c4a2fcb7970138239f7e404ea75757b1b507b28b5ce4c53fbd62d797c5a7c?s=96&d=mm&r=g","caption":"Villasmil Henry"},"logo":{"@id":"https:\/\/secure.gravatar.com\/avatar\/bb0c4a2fcb7970138239f7e404ea75757b1b507b28b5ce4c53fbd62d797c5a7c?s=96&d=mm&r=g"},"sameAs":["http:\/\/www.henryvillasmil.com.ve","https:\/\/www.instagram.com\/villasmilhfoto\/","https:\/\/x.com\/https:\/\/twitter.com\/villasmilhfoto"],"url":"https:\/\/digital58.com.ve\/site\/author\/droopy_68\/"}]}},"uagb_featured_image_src":{"full":false,"thumbnail":false,"medium":false,"medium_large":false,"large":false,"1536x1536":false,"2048x2048":false,"colormag-highlighted-post":false,"colormag-featured-post-medium":false,"colormag-featured-post-small":false,"colormag-featured-image":false,"colormag-default-news":false,"colormag-featured-image-large":false},"uagb_author_info":{"display_name":"Villasmil Henry","author_link":"https:\/\/digital58.com.ve\/site\/author\/droopy_68\/"},"uagb_comment_info":0,"uagb_excerpt":"\u00abManejar las emociones\u00bb del duro recuerdo de la tragedia a\u00e9rea que sacudi\u00f3 a Chapecoense el a\u00f1o pasado ser\u00e1 el gran","_links":{"self":[{"href":"https:\/\/digital58.com.ve\/site\/wp-json\/wp\/v2\/posts\/61111","targetHints":{"allow":["GET"]}}],"collection":[{"href":"https:\/\/digital58.com.ve\/site\/wp-json\/wp\/v2\/posts"}],"about":[{"href":"https:\/\/digital58.com.ve\/site\/wp-json\/wp\/v2\/types\/post"}],"author":[{"embeddable":true,"href":"https:\/\/digital58.com.ve\/site\/wp-json\/wp\/v2\/users\/1"}],"replies":[{"embeddable":true,"href":"https:\/\/digital58.com.ve\/site\/wp-json\/wp\/v2\/comments?post=61111"}],"version-history":[{"count":0,"href":"https:\/\/digital58.com.ve\/site\/wp-json\/wp\/v2\/posts\/61111\/revisions"}],"wp:attachment":[{"href":"https:\/\/digital58.com.ve\/site\/wp-json\/wp\/v2\/media?parent=61111"}],"wp:term":[{"taxonomy":"category","embeddable":true,"href":"https:\/\/digital58.com.ve\/site\/wp-json\/wp\/v2\/categories?post=61111"},{"taxonomy":"post_tag","embeddable":true,"href":"https:\/\/digital58.com.ve\/site\/wp-json\/wp\/v2\/tags?post=61111"}],"curies":[{"name":"wp","href":"https:\/\/api.w.org\/{rel}","templated":true}]}}