{"id":61362,"date":"2017-03-17T07:48:11","date_gmt":"2017-03-17T11:48:11","guid":{"rendered":"http:\/\/digital58.com.ve\/site\/?p=61362"},"modified":"2017-03-17T07:49:41","modified_gmt":"2017-03-17T11:49:41","slug":"junior-y-estephy-filmaron-video-extremo","status":"publish","type":"post","link":"https:\/\/digital58.com.ve\/site\/2017\/03\/17\/junior-y-estephy-filmaron-video-extremo\/","title":{"rendered":"Junior y Estephy filmaron video extremo"},"content":{"rendered":"<p><a href=\"http:\/\/digital58.com.ve\/site\/wp-content\/uploads\/2017\/03\/150310.jpg\"><img loading=\"lazy\" decoding=\"async\" class=\"aligncenter size-full wp-image-61363\" src=\"http:\/\/digital58.com.ve\/site\/wp-content\/uploads\/2017\/03\/150310.jpg\" alt=\"\" width=\"1180\" height=\"785\" srcset=\"https:\/\/digital58.com.ve\/site\/wp-content\/uploads\/2017\/03\/150310.jpg 800w, https:\/\/digital58.com.ve\/site\/wp-content\/uploads\/2017\/03\/150310-300x200.jpg 300w, https:\/\/digital58.com.ve\/site\/wp-content\/uploads\/2017\/03\/150310-768x511.jpg 768w, https:\/\/digital58.com.ve\/site\/wp-content\/uploads\/2017\/03\/150310-720x480.jpg 720w, https:\/\/digital58.com.ve\/site\/wp-content\/uploads\/2017\/03\/150310-480x320.jpg 480w\" sizes=\"auto, (max-width: 1180px) 100vw, 1180px\" \/><\/a><\/p>\n<p>El tema de Junior <em>feat<\/em>. Estephy se ha convertido en un fen\u00f3meno musical luego del lanzamiento junto a su video <em>lyric<\/em> realizado en Miami. Desde ya el p\u00fablico est\u00e1 a la expectativa de lo que ser\u00e1 el video oficial de este pop urbano que tiene contagiados a todos sin importar la edad.<\/p>\n<p><strong>Caracas, DC, vVenezuela, 17 de marzo de 2017 (D58).-<\/strong> \u00abMe siento fine\u00bb ya tiene video oficial el cual fue rodado en las paradis\u00edacas locaciones del Edo. Anzo\u00e1tegui bajo una s\u00faper producci\u00f3n de NJ Enterteiment donde los deportes extremos fueron los protagonistas de esta historia.<\/p>\n<p>La idea de esta uni\u00f3n surge tras una reuni\u00f3n con el productor Jhon Paul \u00abEl Incre\u00edble\u00bb posteriormente entre Junior y Estephy con la colaboraci\u00f3n de los compositores Miguel \u00abNacho\u00bb Mendoza y Aldri Mart\u00ednez.<\/p>\n<p>El video consta de dos tem\u00e1ticas, donde se podr\u00e1 apreciar un <em>performance<\/em> entre Junior y Estephy con mucha interacci\u00f3n y complicidad entre ellos; de igual manera una historia incre\u00edble donde ellos son secuestrados y obligados a vivir experiencias retadoras de volar en parapente, tener contacto con la naturaleza venezolana en cuevas tenebrosas, cascadas selv\u00e1ticas y como dejar por fuera las playas majestuosas que posee el Estado Anzo\u00e1tegui. El desenlace de esta original historia cumplir\u00e1 con much\u00edsimas expectativas.<\/p>\n<p>La idea de este video es demostrarle al p\u00fablico que \u00absentirse fine\u00bb se logra viviendo la vida al m\u00e1ximo sin l\u00edmites. El rodaje se llev\u00f3 a cabo durante cuatro d\u00edas bajo la direcci\u00f3n de Nael &amp; Justin con una producci\u00f3n de acci\u00f3n y de aventuras en lugares paradis\u00edacos e inexplorados.<\/p>\n<p>En la filmaci\u00f3n hicieron presencia varios de nuestros medios de comunicaci\u00f3n: El Nacional, Bloque de Armas (Ronda, 2001) y HTV que pudieron contemplar la calidad visual que podr\u00e1n disfrutar en su pr\u00f3ximo estreno para el mes de abril.<\/p>\n<p>\u00abMe Siento Fine\u00bb ha sido un \u00e9xito desde su estreno en las emisoras radiales de Venezuela. Actualmente se encuentra posicionado en el Top 20 de los temas urbanos de Monitor Latino, al igual que en dos semanas se ubica tambi\u00e9n entre los primeros veinte lugares de la cartelera general del Record Report.<\/p>\n<p>Hay que recordar que Junior y Estephy tuvieron uno de los n\u00fameros musicales m\u00e1s importantes de los Premios Pepsi Music celebrados en Caracas, Venezuela; donde juntos interpretaron este hit que ha contagiado a todo el pa\u00eds.<\/p>\n<p>S\u00edguelos en las redes sociales @JuniorVenezuela @EstephyMusic<\/p>\n<p><strong>Redacci\u00f3n y fuente: Adriana Rodr\u00edguez<\/strong><br \/>\n<strong>Edici\u00f3n: Villasmil, Henry<\/strong><br \/>\n<strong>Fotos: cortes\u00eda<\/strong><\/p>\n<p>&nbsp;<\/p><div class=\"petjr69ef12cfd39f0\" ><p style=\"text-align: center;\"><a href=\"https:\/\/t.me\/noticiasdigital58\" target=\"_blank\" rel=\"noopener\"><img class=\"aligncenter size-full wp-image-125363\" src=\"https:\/\/digital58.com.ve\/site\/wp-content\/uploads\/2021\/04\/banner-telegram-web-2021.png\" alt=\"\" width=\"600\" height=\"90\" \/><\/a><\/p><\/div><style type=\"text\/css\">\r\n@media screen and (min-width: 1201px) {\r\n.petjr69ef12cfd39f0 {\r\ndisplay: block;\r\n}\r\n}\r\n@media screen and (min-width: 993px) and (max-width: 1200px) {\r\n.petjr69ef12cfd39f0 {\r\ndisplay: block;\r\n}\r\n}\r\n@media screen and (min-width: 769px) and (max-width: 992px) {\r\n.petjr69ef12cfd39f0 {\r\ndisplay: block;\r\n}\r\n}\r\n@media screen and (min-width: 768px) and (max-width: 768px) {\r\n.petjr69ef12cfd39f0 {\r\ndisplay: block;\r\n}\r\n}\r\n@media screen and (max-width: 767px) {\r\n.petjr69ef12cfd39f0 {\r\ndisplay: block;\r\n}\r\n}\r\n<\/style>\r\n\n<p>&nbsp;<\/p>\n<div style=\"margin-top: 0px; margin-bottom: 0px;\" class=\"sharethis-inline-share-buttons\" ><\/div>","protected":false},"excerpt":{"rendered":"<p>El tema de Junior feat. Estephy se ha convertido en un fen\u00f3meno musical luego del lanzamiento junto a su video<\/p>\n","protected":false},"author":1,"featured_media":61363,"comment_status":"open","ping_status":"closed","sticky":false,"template":"","format":"standard","meta":{"colormag_page_container_layout":"default_layout","colormag_page_sidebar_layout":"default_layout","_uag_custom_page_level_css":"","footnotes":""},"categories":[5414],"tags":[78,50,6666,601,60,61,32],"class_list":["post-61362","post","type-post","status-publish","format-standard","has-post-thumbnail","hentry","category-talento_nacional","tag-cantantes","tag-entretenimiento","tag-estephy","tag-junior","tag-lanzamientos","tag-musica","tag-venezuela"],"yoast_head":"<!-- This site is optimized with the Yoast SEO plugin v27.4 - https:\/\/yoast.com\/product\/yoast-seo-wordpress\/ -->\n<title>Junior y Estephy filmaron video extremo<\/title>\n<meta name=\"robots\" content=\"index, follow, max-snippet:-1, max-image-preview:large, max-video-preview:-1\" \/>\n<link rel=\"canonical\" href=\"https:\/\/digital58.com.ve\/site\/2017\/03\/17\/junior-y-estephy-filmaron-video-extremo\/\" \/>\n<meta property=\"og:locale\" content=\"es_ES\" \/>\n<meta property=\"og:type\" content=\"article\" \/>\n<meta property=\"og:title\" content=\"Junior y Estephy filmaron video extremo\" \/>\n<meta property=\"og:url\" content=\"https:\/\/digital58.com.ve\/site\/2017\/03\/17\/junior-y-estephy-filmaron-video-extremo\/\" \/>\n<meta property=\"og:site_name\" content=\"Noticias Digital58\" \/>\n<meta property=\"article:published_time\" content=\"2017-03-17T11:48:11+00:00\" \/>\n<meta property=\"article:modified_time\" content=\"2017-03-17T11:49:41+00:00\" \/>\n<meta property=\"og:image\" content=\"https:\/\/digital58.com.ve\/site\/wp-content\/uploads\/2017\/03\/150310.jpg\" \/>\n\t<meta property=\"og:image:width\" content=\"1180\" \/>\n\t<meta property=\"og:image:height\" content=\"785\" \/>\n\t<meta property=\"og:image:type\" content=\"image\/jpeg\" \/>\n<meta name=\"author\" content=\"Villasmil Henry\" \/>\n<meta name=\"twitter:card\" content=\"summary_large_image\" \/>\n<meta name=\"twitter:creator\" content=\"@https:\/\/twitter.com\/villasmilhfoto\" \/>\n<meta name=\"twitter:site\" content=\"@villasmilhfoto\" \/>\n<meta name=\"twitter:label1\" content=\"Escrito por\" \/>\n\t<meta name=\"twitter:data1\" content=\"Villasmil Henry\" \/>\n\t<meta name=\"twitter:label2\" content=\"Tiempo estimado de lectura\" \/>\n\t<meta name=\"twitter:data2\" content=\"2 minutos\" \/>\n<script type=\"application\/ld+json\" class=\"yoast-schema-graph\">{\"@context\":\"https:\\\/\\\/schema.org\",\"@graph\":[{\"@type\":\"Article\",\"@id\":\"https:\\\/\\\/digital58.com.ve\\\/site\\\/2017\\\/03\\\/17\\\/junior-y-estephy-filmaron-video-extremo\\\/#article\",\"isPartOf\":{\"@id\":\"https:\\\/\\\/digital58.com.ve\\\/site\\\/2017\\\/03\\\/17\\\/junior-y-estephy-filmaron-video-extremo\\\/\"},\"author\":{\"name\":\"Villasmil Henry\",\"@id\":\"https:\\\/\\\/digital58.com.ve\\\/site\\\/#\\\/schema\\\/person\\\/64d1c2e4d0d4fd1b849980c4331c2951\"},\"headline\":\"Junior y Estephy filmaron video extremo\",\"datePublished\":\"2017-03-17T11:48:11+00:00\",\"dateModified\":\"2017-03-17T11:49:41+00:00\",\"mainEntityOfPage\":{\"@id\":\"https:\\\/\\\/digital58.com.ve\\\/site\\\/2017\\\/03\\\/17\\\/junior-y-estephy-filmaron-video-extremo\\\/\"},\"wordCount\":442,\"commentCount\":0,\"publisher\":{\"@id\":\"https:\\\/\\\/digital58.com.ve\\\/site\\\/#\\\/schema\\\/person\\\/64d1c2e4d0d4fd1b849980c4331c2951\"},\"image\":{\"@id\":\"https:\\\/\\\/digital58.com.ve\\\/site\\\/2017\\\/03\\\/17\\\/junior-y-estephy-filmaron-video-extremo\\\/#primaryimage\"},\"thumbnailUrl\":\"https:\\\/\\\/digital58.com.ve\\\/site\\\/wp-content\\\/uploads\\\/2017\\\/03\\\/150310.jpg\",\"keywords\":[\"Cantantes\",\"Entretenimiento\",\"Estephy\",\"Junior\",\"Lanzamientos\",\"M\u00fasica\",\"Venezuela\"],\"articleSection\":[\"Talento Nacional\"],\"inLanguage\":\"es\",\"potentialAction\":[{\"@type\":\"CommentAction\",\"name\":\"Comment\",\"target\":[\"https:\\\/\\\/digital58.com.ve\\\/site\\\/2017\\\/03\\\/17\\\/junior-y-estephy-filmaron-video-extremo\\\/#respond\"]}]},{\"@type\":\"WebPage\",\"@id\":\"https:\\\/\\\/digital58.com.ve\\\/site\\\/2017\\\/03\\\/17\\\/junior-y-estephy-filmaron-video-extremo\\\/\",\"url\":\"https:\\\/\\\/digital58.com.ve\\\/site\\\/2017\\\/03\\\/17\\\/junior-y-estephy-filmaron-video-extremo\\\/\",\"name\":\"Junior y Estephy filmaron video extremo\",\"isPartOf\":{\"@id\":\"https:\\\/\\\/digital58.com.ve\\\/site\\\/#website\"},\"primaryImageOfPage\":{\"@id\":\"https:\\\/\\\/digital58.com.ve\\\/site\\\/2017\\\/03\\\/17\\\/junior-y-estephy-filmaron-video-extremo\\\/#primaryimage\"},\"image\":{\"@id\":\"https:\\\/\\\/digital58.com.ve\\\/site\\\/2017\\\/03\\\/17\\\/junior-y-estephy-filmaron-video-extremo\\\/#primaryimage\"},\"thumbnailUrl\":\"https:\\\/\\\/digital58.com.ve\\\/site\\\/wp-content\\\/uploads\\\/2017\\\/03\\\/150310.jpg\",\"datePublished\":\"2017-03-17T11:48:11+00:00\",\"dateModified\":\"2017-03-17T11:49:41+00:00\",\"breadcrumb\":{\"@id\":\"https:\\\/\\\/digital58.com.ve\\\/site\\\/2017\\\/03\\\/17\\\/junior-y-estephy-filmaron-video-extremo\\\/#breadcrumb\"},\"inLanguage\":\"es\",\"potentialAction\":[{\"@type\":\"ReadAction\",\"target\":[\"https:\\\/\\\/digital58.com.ve\\\/site\\\/2017\\\/03\\\/17\\\/junior-y-estephy-filmaron-video-extremo\\\/\"]}]},{\"@type\":\"ImageObject\",\"inLanguage\":\"es\",\"@id\":\"https:\\\/\\\/digital58.com.ve\\\/site\\\/2017\\\/03\\\/17\\\/junior-y-estephy-filmaron-video-extremo\\\/#primaryimage\",\"url\":\"https:\\\/\\\/digital58.com.ve\\\/site\\\/wp-content\\\/uploads\\\/2017\\\/03\\\/150310.jpg\",\"contentUrl\":\"https:\\\/\\\/digital58.com.ve\\\/site\\\/wp-content\\\/uploads\\\/2017\\\/03\\\/150310.jpg\",\"width\":800,\"height\":532},{\"@type\":\"BreadcrumbList\",\"@id\":\"https:\\\/\\\/digital58.com.ve\\\/site\\\/2017\\\/03\\\/17\\\/junior-y-estephy-filmaron-video-extremo\\\/#breadcrumb\",\"itemListElement\":[{\"@type\":\"ListItem\",\"position\":1,\"name\":\"Home\",\"item\":\"https:\\\/\\\/digital58.com.ve\\\/site\\\/\"},{\"@type\":\"ListItem\",\"position\":2,\"name\":\"Junior y Estephy filmaron video extremo\"}]},{\"@type\":\"WebSite\",\"@id\":\"https:\\\/\\\/digital58.com.ve\\\/site\\\/#website\",\"url\":\"https:\\\/\\\/digital58.com.ve\\\/site\\\/\",\"name\":\"Noticias Digital58\",\"description\":\"Portal de Noticias \u00a1Periodismo web de verdad! Lanzamiento web 22.11.2005 \\\/ Maracaibo, Venezuela\",\"publisher\":{\"@id\":\"https:\\\/\\\/digital58.com.ve\\\/site\\\/#\\\/schema\\\/person\\\/64d1c2e4d0d4fd1b849980c4331c2951\"},\"alternateName\":\"ND58\",\"potentialAction\":[{\"@type\":\"SearchAction\",\"target\":{\"@type\":\"EntryPoint\",\"urlTemplate\":\"https:\\\/\\\/digital58.com.ve\\\/site\\\/?s={search_term_string}\"},\"query-input\":{\"@type\":\"PropertyValueSpecification\",\"valueRequired\":true,\"valueName\":\"search_term_string\"}}],\"inLanguage\":\"es\"},{\"@type\":[\"Person\",\"Organization\"],\"@id\":\"https:\\\/\\\/digital58.com.ve\\\/site\\\/#\\\/schema\\\/person\\\/64d1c2e4d0d4fd1b849980c4331c2951\",\"name\":\"Villasmil Henry\",\"image\":{\"@type\":\"ImageObject\",\"inLanguage\":\"es\",\"@id\":\"https:\\\/\\\/secure.gravatar.com\\\/avatar\\\/bb0c4a2fcb7970138239f7e404ea75757b1b507b28b5ce4c53fbd62d797c5a7c?s=96&d=mm&r=g\",\"url\":\"https:\\\/\\\/secure.gravatar.com\\\/avatar\\\/bb0c4a2fcb7970138239f7e404ea75757b1b507b28b5ce4c53fbd62d797c5a7c?s=96&d=mm&r=g\",\"contentUrl\":\"https:\\\/\\\/secure.gravatar.com\\\/avatar\\\/bb0c4a2fcb7970138239f7e404ea75757b1b507b28b5ce4c53fbd62d797c5a7c?s=96&d=mm&r=g\",\"caption\":\"Villasmil Henry\"},\"logo\":{\"@id\":\"https:\\\/\\\/secure.gravatar.com\\\/avatar\\\/bb0c4a2fcb7970138239f7e404ea75757b1b507b28b5ce4c53fbd62d797c5a7c?s=96&d=mm&r=g\"},\"sameAs\":[\"http:\\\/\\\/www.henryvillasmil.com.ve\",\"https:\\\/\\\/www.instagram.com\\\/villasmilhfoto\\\/\",\"https:\\\/\\\/x.com\\\/https:\\\/\\\/twitter.com\\\/villasmilhfoto\"],\"url\":\"https:\\\/\\\/digital58.com.ve\\\/site\\\/author\\\/droopy_68\\\/\"}]}<\/script>\n<!-- \/ Yoast SEO plugin. -->","yoast_head_json":{"title":"Junior y Estephy filmaron video extremo","robots":{"index":"index","follow":"follow","max-snippet":"max-snippet:-1","max-image-preview":"max-image-preview:large","max-video-preview":"max-video-preview:-1"},"canonical":"https:\/\/digital58.com.ve\/site\/2017\/03\/17\/junior-y-estephy-filmaron-video-extremo\/","og_locale":"es_ES","og_type":"article","og_title":"Junior y Estephy filmaron video extremo","og_url":"https:\/\/digital58.com.ve\/site\/2017\/03\/17\/junior-y-estephy-filmaron-video-extremo\/","og_site_name":"Noticias Digital58","article_published_time":"2017-03-17T11:48:11+00:00","article_modified_time":"2017-03-17T11:49:41+00:00","og_image":[{"width":1180,"height":785,"url":"https:\/\/digital58.com.ve\/site\/wp-content\/uploads\/2017\/03\/150310.jpg","type":"image\/jpeg"}],"author":"Villasmil Henry","twitter_card":"summary_large_image","twitter_creator":"@https:\/\/twitter.com\/villasmilhfoto","twitter_site":"@villasmilhfoto","twitter_misc":{"Escrito por":"Villasmil Henry","Tiempo estimado de lectura":"2 minutos"},"schema":{"@context":"https:\/\/schema.org","@graph":[{"@type":"Article","@id":"https:\/\/digital58.com.ve\/site\/2017\/03\/17\/junior-y-estephy-filmaron-video-extremo\/#article","isPartOf":{"@id":"https:\/\/digital58.com.ve\/site\/2017\/03\/17\/junior-y-estephy-filmaron-video-extremo\/"},"author":{"name":"Villasmil Henry","@id":"https:\/\/digital58.com.ve\/site\/#\/schema\/person\/64d1c2e4d0d4fd1b849980c4331c2951"},"headline":"Junior y Estephy filmaron video extremo","datePublished":"2017-03-17T11:48:11+00:00","dateModified":"2017-03-17T11:49:41+00:00","mainEntityOfPage":{"@id":"https:\/\/digital58.com.ve\/site\/2017\/03\/17\/junior-y-estephy-filmaron-video-extremo\/"},"wordCount":442,"commentCount":0,"publisher":{"@id":"https:\/\/digital58.com.ve\/site\/#\/schema\/person\/64d1c2e4d0d4fd1b849980c4331c2951"},"image":{"@id":"https:\/\/digital58.com.ve\/site\/2017\/03\/17\/junior-y-estephy-filmaron-video-extremo\/#primaryimage"},"thumbnailUrl":"https:\/\/digital58.com.ve\/site\/wp-content\/uploads\/2017\/03\/150310.jpg","keywords":["Cantantes","Entretenimiento","Estephy","Junior","Lanzamientos","M\u00fasica","Venezuela"],"articleSection":["Talento Nacional"],"inLanguage":"es","potentialAction":[{"@type":"CommentAction","name":"Comment","target":["https:\/\/digital58.com.ve\/site\/2017\/03\/17\/junior-y-estephy-filmaron-video-extremo\/#respond"]}]},{"@type":"WebPage","@id":"https:\/\/digital58.com.ve\/site\/2017\/03\/17\/junior-y-estephy-filmaron-video-extremo\/","url":"https:\/\/digital58.com.ve\/site\/2017\/03\/17\/junior-y-estephy-filmaron-video-extremo\/","name":"Junior y Estephy filmaron video extremo","isPartOf":{"@id":"https:\/\/digital58.com.ve\/site\/#website"},"primaryImageOfPage":{"@id":"https:\/\/digital58.com.ve\/site\/2017\/03\/17\/junior-y-estephy-filmaron-video-extremo\/#primaryimage"},"image":{"@id":"https:\/\/digital58.com.ve\/site\/2017\/03\/17\/junior-y-estephy-filmaron-video-extremo\/#primaryimage"},"thumbnailUrl":"https:\/\/digital58.com.ve\/site\/wp-content\/uploads\/2017\/03\/150310.jpg","datePublished":"2017-03-17T11:48:11+00:00","dateModified":"2017-03-17T11:49:41+00:00","breadcrumb":{"@id":"https:\/\/digital58.com.ve\/site\/2017\/03\/17\/junior-y-estephy-filmaron-video-extremo\/#breadcrumb"},"inLanguage":"es","potentialAction":[{"@type":"ReadAction","target":["https:\/\/digital58.com.ve\/site\/2017\/03\/17\/junior-y-estephy-filmaron-video-extremo\/"]}]},{"@type":"ImageObject","inLanguage":"es","@id":"https:\/\/digital58.com.ve\/site\/2017\/03\/17\/junior-y-estephy-filmaron-video-extremo\/#primaryimage","url":"https:\/\/digital58.com.ve\/site\/wp-content\/uploads\/2017\/03\/150310.jpg","contentUrl":"https:\/\/digital58.com.ve\/site\/wp-content\/uploads\/2017\/03\/150310.jpg","width":800,"height":532},{"@type":"BreadcrumbList","@id":"https:\/\/digital58.com.ve\/site\/2017\/03\/17\/junior-y-estephy-filmaron-video-extremo\/#breadcrumb","itemListElement":[{"@type":"ListItem","position":1,"name":"Home","item":"https:\/\/digital58.com.ve\/site\/"},{"@type":"ListItem","position":2,"name":"Junior y Estephy filmaron video extremo"}]},{"@type":"WebSite","@id":"https:\/\/digital58.com.ve\/site\/#website","url":"https:\/\/digital58.com.ve\/site\/","name":"Noticias Digital58","description":"Portal de Noticias \u00a1Periodismo web de verdad! Lanzamiento web 22.11.2005 \/ Maracaibo, Venezuela","publisher":{"@id":"https:\/\/digital58.com.ve\/site\/#\/schema\/person\/64d1c2e4d0d4fd1b849980c4331c2951"},"alternateName":"ND58","potentialAction":[{"@type":"SearchAction","target":{"@type":"EntryPoint","urlTemplate":"https:\/\/digital58.com.ve\/site\/?s={search_term_string}"},"query-input":{"@type":"PropertyValueSpecification","valueRequired":true,"valueName":"search_term_string"}}],"inLanguage":"es"},{"@type":["Person","Organization"],"@id":"https:\/\/digital58.com.ve\/site\/#\/schema\/person\/64d1c2e4d0d4fd1b849980c4331c2951","name":"Villasmil Henry","image":{"@type":"ImageObject","inLanguage":"es","@id":"https:\/\/secure.gravatar.com\/avatar\/bb0c4a2fcb7970138239f7e404ea75757b1b507b28b5ce4c53fbd62d797c5a7c?s=96&d=mm&r=g","url":"https:\/\/secure.gravatar.com\/avatar\/bb0c4a2fcb7970138239f7e404ea75757b1b507b28b5ce4c53fbd62d797c5a7c?s=96&d=mm&r=g","contentUrl":"https:\/\/secure.gravatar.com\/avatar\/bb0c4a2fcb7970138239f7e404ea75757b1b507b28b5ce4c53fbd62d797c5a7c?s=96&d=mm&r=g","caption":"Villasmil Henry"},"logo":{"@id":"https:\/\/secure.gravatar.com\/avatar\/bb0c4a2fcb7970138239f7e404ea75757b1b507b28b5ce4c53fbd62d797c5a7c?s=96&d=mm&r=g"},"sameAs":["http:\/\/www.henryvillasmil.com.ve","https:\/\/www.instagram.com\/villasmilhfoto\/","https:\/\/x.com\/https:\/\/twitter.com\/villasmilhfoto"],"url":"https:\/\/digital58.com.ve\/site\/author\/droopy_68\/"}]}},"uagb_featured_image_src":{"full":["https:\/\/digital58.com.ve\/site\/wp-content\/uploads\/2017\/03\/150310.jpg",800,532,false],"thumbnail":["https:\/\/digital58.com.ve\/site\/wp-content\/uploads\/2017\/03\/150310-150x150.jpg",150,150,true],"medium":["https:\/\/digital58.com.ve\/site\/wp-content\/uploads\/2017\/03\/150310-300x200.jpg",300,200,true],"medium_large":["https:\/\/digital58.com.ve\/site\/wp-content\/uploads\/2017\/03\/150310-768x511.jpg",768,511,true],"large":["https:\/\/digital58.com.ve\/site\/wp-content\/uploads\/2017\/03\/150310.jpg",800,532,false],"1536x1536":["https:\/\/digital58.com.ve\/site\/wp-content\/uploads\/2017\/03\/150310.jpg",800,532,false],"2048x2048":["https:\/\/digital58.com.ve\/site\/wp-content\/uploads\/2017\/03\/150310.jpg",800,532,false],"colormag-highlighted-post":["https:\/\/digital58.com.ve\/site\/wp-content\/uploads\/2017\/03\/150310.jpg",392,261,false],"colormag-featured-post-medium":["https:\/\/digital58.com.ve\/site\/wp-content\/uploads\/2017\/03\/150310.jpg",308,205,false],"colormag-featured-post-small":["https:\/\/digital58.com.ve\/site\/wp-content\/uploads\/2017\/03\/150310.jpg",130,86,false],"colormag-featured-image":["https:\/\/digital58.com.ve\/site\/wp-content\/uploads\/2017\/03\/150310.jpg",669,445,false],"colormag-default-news":["https:\/\/digital58.com.ve\/site\/wp-content\/uploads\/2017\/03\/150310.jpg",150,100,false],"colormag-featured-image-large":["https:\/\/digital58.com.ve\/site\/wp-content\/uploads\/2017\/03\/150310.jpg",800,532,false]},"uagb_author_info":{"display_name":"Villasmil Henry","author_link":"https:\/\/digital58.com.ve\/site\/author\/droopy_68\/"},"uagb_comment_info":0,"uagb_excerpt":"El tema de Junior feat. Estephy se ha convertido en un fen\u00f3meno musical luego del lanzamiento junto a su video","_links":{"self":[{"href":"https:\/\/digital58.com.ve\/site\/wp-json\/wp\/v2\/posts\/61362","targetHints":{"allow":["GET"]}}],"collection":[{"href":"https:\/\/digital58.com.ve\/site\/wp-json\/wp\/v2\/posts"}],"about":[{"href":"https:\/\/digital58.com.ve\/site\/wp-json\/wp\/v2\/types\/post"}],"author":[{"embeddable":true,"href":"https:\/\/digital58.com.ve\/site\/wp-json\/wp\/v2\/users\/1"}],"replies":[{"embeddable":true,"href":"https:\/\/digital58.com.ve\/site\/wp-json\/wp\/v2\/comments?post=61362"}],"version-history":[{"count":0,"href":"https:\/\/digital58.com.ve\/site\/wp-json\/wp\/v2\/posts\/61362\/revisions"}],"wp:featuredmedia":[{"embeddable":true,"href":"https:\/\/digital58.com.ve\/site\/wp-json\/wp\/v2\/media\/61363"}],"wp:attachment":[{"href":"https:\/\/digital58.com.ve\/site\/wp-json\/wp\/v2\/media?parent=61362"}],"wp:term":[{"taxonomy":"category","embeddable":true,"href":"https:\/\/digital58.com.ve\/site\/wp-json\/wp\/v2\/categories?post=61362"},{"taxonomy":"post_tag","embeddable":true,"href":"https:\/\/digital58.com.ve\/site\/wp-json\/wp\/v2\/tags?post=61362"}],"curies":[{"name":"wp","href":"https:\/\/api.w.org\/{rel}","templated":true}]}}