{"id":61444,"date":"2017-03-18T11:41:20","date_gmt":"2017-03-18T15:41:20","guid":{"rendered":"http:\/\/digital58.com.ve\/site\/?p=61444"},"modified":"2017-03-18T11:41:20","modified_gmt":"2017-03-18T15:41:20","slug":"renacida-mas-que-una-conferencia-un-testimonio-de-vida","status":"publish","type":"post","link":"https:\/\/digital58.com.ve\/site\/2017\/03\/18\/renacida-mas-que-una-conferencia-un-testimonio-de-vida\/","title":{"rendered":"\u00abRenacida\u00bb, mas que una conferencia un testimonio de vida"},"content":{"rendered":"<p><a href=\"http:\/\/digital58.com.ve\/site\/wp-content\/uploads\/2017\/03\/anna.jpg\"><img loading=\"lazy\" decoding=\"async\" class=\"aligncenter size-full wp-image-61446\" src=\"http:\/\/digital58.com.ve\/site\/wp-content\/uploads\/2017\/03\/anna.jpg\" alt=\"\" width=\"1365\" height=\"936\" srcset=\"https:\/\/digital58.com.ve\/site\/wp-content\/uploads\/2017\/03\/anna.jpg 800w, https:\/\/digital58.com.ve\/site\/wp-content\/uploads\/2017\/03\/anna-300x206.jpg 300w, https:\/\/digital58.com.ve\/site\/wp-content\/uploads\/2017\/03\/anna-768x527.jpg 768w\" sizes=\"auto, (max-width: 1365px) 100vw, 1365px\" \/><\/a><\/p>\n<p>Maracaibo, tendr\u00e1 la oportunidad el pr\u00f3ximo 18 de Marzo (hoy), en el Centro de Arte de Maracaibo L\u00eda Berm\u00fadez, de ser la primera plaza, en la cual Anna Vaccarella, comunicadora social, mujer ejemplar, periodista de vocaci\u00f3n, madre luchadora, sacudida por la adversidad, tendr\u00e1 el gusto de compartir su conferencia titulada \u00abRenacida\u00bb con un motivador mensaje el cual asegura ser de ayuda y de crecimiento personal para todos los asistentes.<\/p>\n<p><strong>Maracaibo, Zulia, Venezuela, 18 de marzo de 2017 (D58).-<\/strong> Cabe destacar, que Anna es sobreviviente de Linfoma No Hodgkin, un tipo de c\u00e1ncer que ataca las c\u00e9lulas linf\u00e1ticas y otros tejidos como el bazo o la m\u00e9dula \u00f3sea, un proceso durante el cual hubo mucha adversidad que poco a poco cambiaron su d\u00eda a d\u00eda, pero siempre estuvo dispuesta a someterse a cualquier tratamiento para recuperar su salud.<\/p>\n<p>Una madre que sufri\u00f3 la separaci\u00f3n de sus hijas aun peque\u00f1as, una mujer que aprendi\u00f3 a bailar al ritmo que la vida le toc\u00f3 y que nunca perdi\u00f3 su fe y esperanza en medio de la oscuridad.<\/p>\n<p>Hoy regresa otra Anna, una \u00abRenacida\u00bb que ha dejado atr\u00e1s esa pesadilla, a quien las cicatrices en su cuerpo le recuerdan lo duro de la batalla ganada y quien agradece a Dios cada minuto de su vida.<\/p>\n<p>\u00abRenacida\u00bb, una conferencia motivacional y de inspiraci\u00f3n para muchos de un testimonio de vida real.<\/p>\n<p><strong>\u00abRenacida\u00bb<\/strong><br \/>\n<strong>Centro de Arte de Maracaibo L\u00eda Berm\u00fadez.<br \/>\nFecha: 18 de marzo 2017<\/strong><br \/>\n<strong>Hora: 7:00 p.m.<\/strong><br \/>\n<strong>Entradas: <a href=\"http:\/\/mdticket.com.ve\" target=\"_blank\">mdticket.com.ve<br \/>\n<\/a>Mayor informaci\u00f3n: 0414-6557000<\/strong><\/p>\n<p><strong>Redacci\u00f3n y fuente: NDP<\/strong><br \/>\n<strong>Edici\u00f3n: Villasmil, Henry<\/strong><br \/>\n<strong>Fotos: cortes\u00eda<\/strong><\/p>\n<p><a href=\"http:\/\/digital58.com.ve\/site\/wp-content\/uploads\/2017\/03\/anna2.jpg\"><img loading=\"lazy\" decoding=\"async\" class=\"aligncenter size-large wp-image-61445\" src=\"http:\/\/digital58.com.ve\/site\/wp-content\/uploads\/2017\/03\/anna2-683x1024.jpg\" alt=\"\" width=\"640\" height=\"960\" srcset=\"https:\/\/digital58.com.ve\/site\/wp-content\/uploads\/2017\/03\/anna2-683x1024.jpg 683w, https:\/\/digital58.com.ve\/site\/wp-content\/uploads\/2017\/03\/anna2-200x300.jpg 200w, https:\/\/digital58.com.ve\/site\/wp-content\/uploads\/2017\/03\/anna2-768x1152.jpg 768w, https:\/\/digital58.com.ve\/site\/wp-content\/uploads\/2017\/03\/anna2.jpg 400w\" sizes=\"auto, (max-width: 640px) 100vw, 640px\" \/><\/a><\/p>\n<p>&nbsp;<\/p>\n<p>&nbsp;<\/p><div class=\"isknf69f433736c5b6\" ><p style=\"text-align: center;\"><a href=\"https:\/\/t.me\/noticiasdigital58\" target=\"_blank\" rel=\"noopener\"><img class=\"aligncenter size-full wp-image-125363\" src=\"https:\/\/digital58.com.ve\/site\/wp-content\/uploads\/2021\/04\/banner-telegram-web-2021.png\" alt=\"\" width=\"600\" height=\"90\" \/><\/a><\/p><\/div><style type=\"text\/css\">\r\n@media screen and (min-width: 1201px) {\r\n.isknf69f433736c5b6 {\r\ndisplay: block;\r\n}\r\n}\r\n@media screen and (min-width: 993px) and (max-width: 1200px) {\r\n.isknf69f433736c5b6 {\r\ndisplay: block;\r\n}\r\n}\r\n@media screen and (min-width: 769px) and (max-width: 992px) {\r\n.isknf69f433736c5b6 {\r\ndisplay: block;\r\n}\r\n}\r\n@media screen and (min-width: 768px) and (max-width: 768px) {\r\n.isknf69f433736c5b6 {\r\ndisplay: block;\r\n}\r\n}\r\n@media screen and (max-width: 767px) {\r\n.isknf69f433736c5b6 {\r\ndisplay: block;\r\n}\r\n}\r\n<\/style>\r\n\n<p>&nbsp;<\/p>\n<div style=\"margin-top: 0px; margin-bottom: 0px;\" class=\"sharethis-inline-share-buttons\" ><\/div>","protected":false},"excerpt":{"rendered":"<p>Maracaibo, tendr\u00e1 la oportunidad el pr\u00f3ximo 18 de Marzo (hoy), en el Centro de Arte de Maracaibo L\u00eda Berm\u00fadez, de<\/p>\n","protected":false},"author":1,"featured_media":61446,"comment_status":"open","ping_status":"closed","sticky":false,"template":"","format":"standard","meta":{"colormag_page_container_layout":"default_layout","colormag_page_sidebar_layout":"default_layout","_uag_custom_page_level_css":"","footnotes":""},"categories":[5412],"tags":[6679,82,347,73,6680,2354,96],"class_list":["post-61444","post","type-post","status-publish","format-standard","has-post-thumbnail","hentry","category-donde_ir_maracaibo","tag-anna-vaccarella","tag-camlb","tag-conferencias","tag-maracaibo","tag-motivacionales","tag-regionales","tag-teatro"],"yoast_head":"<!-- This site is optimized with the Yoast SEO plugin v27.5 - https:\/\/yoast.com\/product\/yoast-seo-wordpress\/ -->\n<title>\u00abRenacida\u00bb, mas que una conferencia un testimonio de vida<\/title>\n<meta name=\"robots\" content=\"index, follow, max-snippet:-1, max-image-preview:large, max-video-preview:-1\" \/>\n<link rel=\"canonical\" href=\"https:\/\/digital58.com.ve\/site\/2017\/03\/18\/renacida-mas-que-una-conferencia-un-testimonio-de-vida\/\" \/>\n<meta property=\"og:locale\" content=\"es_ES\" \/>\n<meta property=\"og:type\" content=\"article\" \/>\n<meta property=\"og:title\" content=\"\u00abRenacida\u00bb, mas que una conferencia un testimonio de vida\" \/>\n<meta property=\"og:url\" content=\"https:\/\/digital58.com.ve\/site\/2017\/03\/18\/renacida-mas-que-una-conferencia-un-testimonio-de-vida\/\" \/>\n<meta property=\"og:site_name\" content=\"Noticias Digital58\" \/>\n<meta property=\"article:published_time\" content=\"2017-03-18T15:41:20+00:00\" \/>\n<meta property=\"og:image\" content=\"https:\/\/digital58.com.ve\/site\/wp-content\/uploads\/2017\/03\/anna.jpg\" \/>\n\t<meta property=\"og:image:width\" content=\"1365\" \/>\n\t<meta property=\"og:image:height\" content=\"936\" \/>\n\t<meta property=\"og:image:type\" content=\"image\/jpeg\" \/>\n<meta name=\"author\" content=\"Villasmil Henry\" \/>\n<meta name=\"twitter:card\" content=\"summary_large_image\" \/>\n<meta name=\"twitter:creator\" content=\"@https:\/\/twitter.com\/villasmilhfoto\" \/>\n<meta name=\"twitter:site\" content=\"@villasmilhfoto\" \/>\n<meta name=\"twitter:label1\" content=\"Escrito por\" \/>\n\t<meta name=\"twitter:data1\" content=\"Villasmil Henry\" \/>\n\t<meta name=\"twitter:label2\" content=\"Tiempo estimado de lectura\" \/>\n\t<meta name=\"twitter:data2\" content=\"1 minuto\" \/>\n<script type=\"application\/ld+json\" class=\"yoast-schema-graph\">{\"@context\":\"https:\\\/\\\/schema.org\",\"@graph\":[{\"@type\":\"Article\",\"@id\":\"https:\\\/\\\/digital58.com.ve\\\/site\\\/2017\\\/03\\\/18\\\/renacida-mas-que-una-conferencia-un-testimonio-de-vida\\\/#article\",\"isPartOf\":{\"@id\":\"https:\\\/\\\/digital58.com.ve\\\/site\\\/2017\\\/03\\\/18\\\/renacida-mas-que-una-conferencia-un-testimonio-de-vida\\\/\"},\"author\":{\"name\":\"Villasmil Henry\",\"@id\":\"https:\\\/\\\/digital58.com.ve\\\/site\\\/#\\\/schema\\\/person\\\/64d1c2e4d0d4fd1b849980c4331c2951\"},\"headline\":\"\u00abRenacida\u00bb, mas que una conferencia un testimonio de vida\",\"datePublished\":\"2017-03-18T15:41:20+00:00\",\"mainEntityOfPage\":{\"@id\":\"https:\\\/\\\/digital58.com.ve\\\/site\\\/2017\\\/03\\\/18\\\/renacida-mas-que-una-conferencia-un-testimonio-de-vida\\\/\"},\"wordCount\":286,\"commentCount\":0,\"publisher\":{\"@id\":\"https:\\\/\\\/digital58.com.ve\\\/site\\\/#\\\/schema\\\/person\\\/64d1c2e4d0d4fd1b849980c4331c2951\"},\"image\":{\"@id\":\"https:\\\/\\\/digital58.com.ve\\\/site\\\/2017\\\/03\\\/18\\\/renacida-mas-que-una-conferencia-un-testimonio-de-vida\\\/#primaryimage\"},\"thumbnailUrl\":\"https:\\\/\\\/digital58.com.ve\\\/site\\\/wp-content\\\/uploads\\\/2017\\\/03\\\/anna.jpg\",\"keywords\":[\"Anna Vaccarella\",\"CAMLB\",\"Conferencias\",\"Maracaibo\",\"Motivacionales\",\"Regionales\",\"Teatro\"],\"articleSection\":[\"\u00bfD\u00f3nde ir Maracaibo?\"],\"inLanguage\":\"es\",\"potentialAction\":[{\"@type\":\"CommentAction\",\"name\":\"Comment\",\"target\":[\"https:\\\/\\\/digital58.com.ve\\\/site\\\/2017\\\/03\\\/18\\\/renacida-mas-que-una-conferencia-un-testimonio-de-vida\\\/#respond\"]}]},{\"@type\":\"WebPage\",\"@id\":\"https:\\\/\\\/digital58.com.ve\\\/site\\\/2017\\\/03\\\/18\\\/renacida-mas-que-una-conferencia-un-testimonio-de-vida\\\/\",\"url\":\"https:\\\/\\\/digital58.com.ve\\\/site\\\/2017\\\/03\\\/18\\\/renacida-mas-que-una-conferencia-un-testimonio-de-vida\\\/\",\"name\":\"\u00abRenacida\u00bb, mas que una conferencia un testimonio de vida\",\"isPartOf\":{\"@id\":\"https:\\\/\\\/digital58.com.ve\\\/site\\\/#website\"},\"primaryImageOfPage\":{\"@id\":\"https:\\\/\\\/digital58.com.ve\\\/site\\\/2017\\\/03\\\/18\\\/renacida-mas-que-una-conferencia-un-testimonio-de-vida\\\/#primaryimage\"},\"image\":{\"@id\":\"https:\\\/\\\/digital58.com.ve\\\/site\\\/2017\\\/03\\\/18\\\/renacida-mas-que-una-conferencia-un-testimonio-de-vida\\\/#primaryimage\"},\"thumbnailUrl\":\"https:\\\/\\\/digital58.com.ve\\\/site\\\/wp-content\\\/uploads\\\/2017\\\/03\\\/anna.jpg\",\"datePublished\":\"2017-03-18T15:41:20+00:00\",\"breadcrumb\":{\"@id\":\"https:\\\/\\\/digital58.com.ve\\\/site\\\/2017\\\/03\\\/18\\\/renacida-mas-que-una-conferencia-un-testimonio-de-vida\\\/#breadcrumb\"},\"inLanguage\":\"es\",\"potentialAction\":[{\"@type\":\"ReadAction\",\"target\":[\"https:\\\/\\\/digital58.com.ve\\\/site\\\/2017\\\/03\\\/18\\\/renacida-mas-que-una-conferencia-un-testimonio-de-vida\\\/\"]}]},{\"@type\":\"ImageObject\",\"inLanguage\":\"es\",\"@id\":\"https:\\\/\\\/digital58.com.ve\\\/site\\\/2017\\\/03\\\/18\\\/renacida-mas-que-una-conferencia-un-testimonio-de-vida\\\/#primaryimage\",\"url\":\"https:\\\/\\\/digital58.com.ve\\\/site\\\/wp-content\\\/uploads\\\/2017\\\/03\\\/anna.jpg\",\"contentUrl\":\"https:\\\/\\\/digital58.com.ve\\\/site\\\/wp-content\\\/uploads\\\/2017\\\/03\\\/anna.jpg\",\"width\":800,\"height\":549},{\"@type\":\"BreadcrumbList\",\"@id\":\"https:\\\/\\\/digital58.com.ve\\\/site\\\/2017\\\/03\\\/18\\\/renacida-mas-que-una-conferencia-un-testimonio-de-vida\\\/#breadcrumb\",\"itemListElement\":[{\"@type\":\"ListItem\",\"position\":1,\"name\":\"Home\",\"item\":\"https:\\\/\\\/digital58.com.ve\\\/site\\\/\"},{\"@type\":\"ListItem\",\"position\":2,\"name\":\"\u00abRenacida\u00bb, mas que una conferencia un testimonio de vida\"}]},{\"@type\":\"WebSite\",\"@id\":\"https:\\\/\\\/digital58.com.ve\\\/site\\\/#website\",\"url\":\"https:\\\/\\\/digital58.com.ve\\\/site\\\/\",\"name\":\"Noticias Digital58\",\"description\":\"Portal de Noticias \u00a1Periodismo web de verdad! Lanzamiento web 22.11.2005 \\\/ Maracaibo, Venezuela\",\"publisher\":{\"@id\":\"https:\\\/\\\/digital58.com.ve\\\/site\\\/#\\\/schema\\\/person\\\/64d1c2e4d0d4fd1b849980c4331c2951\"},\"alternateName\":\"ND58\",\"potentialAction\":[{\"@type\":\"SearchAction\",\"target\":{\"@type\":\"EntryPoint\",\"urlTemplate\":\"https:\\\/\\\/digital58.com.ve\\\/site\\\/?s={search_term_string}\"},\"query-input\":{\"@type\":\"PropertyValueSpecification\",\"valueRequired\":true,\"valueName\":\"search_term_string\"}}],\"inLanguage\":\"es\"},{\"@type\":[\"Person\",\"Organization\"],\"@id\":\"https:\\\/\\\/digital58.com.ve\\\/site\\\/#\\\/schema\\\/person\\\/64d1c2e4d0d4fd1b849980c4331c2951\",\"name\":\"Villasmil Henry\",\"image\":{\"@type\":\"ImageObject\",\"inLanguage\":\"es\",\"@id\":\"https:\\\/\\\/secure.gravatar.com\\\/avatar\\\/bb0c4a2fcb7970138239f7e404ea75757b1b507b28b5ce4c53fbd62d797c5a7c?s=96&d=mm&r=g\",\"url\":\"https:\\\/\\\/secure.gravatar.com\\\/avatar\\\/bb0c4a2fcb7970138239f7e404ea75757b1b507b28b5ce4c53fbd62d797c5a7c?s=96&d=mm&r=g\",\"contentUrl\":\"https:\\\/\\\/secure.gravatar.com\\\/avatar\\\/bb0c4a2fcb7970138239f7e404ea75757b1b507b28b5ce4c53fbd62d797c5a7c?s=96&d=mm&r=g\",\"caption\":\"Villasmil Henry\"},\"logo\":{\"@id\":\"https:\\\/\\\/secure.gravatar.com\\\/avatar\\\/bb0c4a2fcb7970138239f7e404ea75757b1b507b28b5ce4c53fbd62d797c5a7c?s=96&d=mm&r=g\"},\"sameAs\":[\"http:\\\/\\\/www.henryvillasmil.com.ve\",\"https:\\\/\\\/www.instagram.com\\\/villasmilhfoto\\\/\",\"https:\\\/\\\/x.com\\\/https:\\\/\\\/twitter.com\\\/villasmilhfoto\"],\"url\":\"https:\\\/\\\/digital58.com.ve\\\/site\\\/author\\\/droopy_68\\\/\"}]}<\/script>\n<!-- \/ Yoast SEO plugin. -->","yoast_head_json":{"title":"\u00abRenacida\u00bb, mas que una conferencia un testimonio de vida","robots":{"index":"index","follow":"follow","max-snippet":"max-snippet:-1","max-image-preview":"max-image-preview:large","max-video-preview":"max-video-preview:-1"},"canonical":"https:\/\/digital58.com.ve\/site\/2017\/03\/18\/renacida-mas-que-una-conferencia-un-testimonio-de-vida\/","og_locale":"es_ES","og_type":"article","og_title":"\u00abRenacida\u00bb, mas que una conferencia un testimonio de vida","og_url":"https:\/\/digital58.com.ve\/site\/2017\/03\/18\/renacida-mas-que-una-conferencia-un-testimonio-de-vida\/","og_site_name":"Noticias Digital58","article_published_time":"2017-03-18T15:41:20+00:00","og_image":[{"width":1365,"height":936,"url":"https:\/\/digital58.com.ve\/site\/wp-content\/uploads\/2017\/03\/anna.jpg","type":"image\/jpeg"}],"author":"Villasmil Henry","twitter_card":"summary_large_image","twitter_creator":"@https:\/\/twitter.com\/villasmilhfoto","twitter_site":"@villasmilhfoto","twitter_misc":{"Escrito por":"Villasmil Henry","Tiempo estimado de lectura":"1 minuto"},"schema":{"@context":"https:\/\/schema.org","@graph":[{"@type":"Article","@id":"https:\/\/digital58.com.ve\/site\/2017\/03\/18\/renacida-mas-que-una-conferencia-un-testimonio-de-vida\/#article","isPartOf":{"@id":"https:\/\/digital58.com.ve\/site\/2017\/03\/18\/renacida-mas-que-una-conferencia-un-testimonio-de-vida\/"},"author":{"name":"Villasmil Henry","@id":"https:\/\/digital58.com.ve\/site\/#\/schema\/person\/64d1c2e4d0d4fd1b849980c4331c2951"},"headline":"\u00abRenacida\u00bb, mas que una conferencia un testimonio de vida","datePublished":"2017-03-18T15:41:20+00:00","mainEntityOfPage":{"@id":"https:\/\/digital58.com.ve\/site\/2017\/03\/18\/renacida-mas-que-una-conferencia-un-testimonio-de-vida\/"},"wordCount":286,"commentCount":0,"publisher":{"@id":"https:\/\/digital58.com.ve\/site\/#\/schema\/person\/64d1c2e4d0d4fd1b849980c4331c2951"},"image":{"@id":"https:\/\/digital58.com.ve\/site\/2017\/03\/18\/renacida-mas-que-una-conferencia-un-testimonio-de-vida\/#primaryimage"},"thumbnailUrl":"https:\/\/digital58.com.ve\/site\/wp-content\/uploads\/2017\/03\/anna.jpg","keywords":["Anna Vaccarella","CAMLB","Conferencias","Maracaibo","Motivacionales","Regionales","Teatro"],"articleSection":["\u00bfD\u00f3nde ir Maracaibo?"],"inLanguage":"es","potentialAction":[{"@type":"CommentAction","name":"Comment","target":["https:\/\/digital58.com.ve\/site\/2017\/03\/18\/renacida-mas-que-una-conferencia-un-testimonio-de-vida\/#respond"]}]},{"@type":"WebPage","@id":"https:\/\/digital58.com.ve\/site\/2017\/03\/18\/renacida-mas-que-una-conferencia-un-testimonio-de-vida\/","url":"https:\/\/digital58.com.ve\/site\/2017\/03\/18\/renacida-mas-que-una-conferencia-un-testimonio-de-vida\/","name":"\u00abRenacida\u00bb, mas que una conferencia un testimonio de vida","isPartOf":{"@id":"https:\/\/digital58.com.ve\/site\/#website"},"primaryImageOfPage":{"@id":"https:\/\/digital58.com.ve\/site\/2017\/03\/18\/renacida-mas-que-una-conferencia-un-testimonio-de-vida\/#primaryimage"},"image":{"@id":"https:\/\/digital58.com.ve\/site\/2017\/03\/18\/renacida-mas-que-una-conferencia-un-testimonio-de-vida\/#primaryimage"},"thumbnailUrl":"https:\/\/digital58.com.ve\/site\/wp-content\/uploads\/2017\/03\/anna.jpg","datePublished":"2017-03-18T15:41:20+00:00","breadcrumb":{"@id":"https:\/\/digital58.com.ve\/site\/2017\/03\/18\/renacida-mas-que-una-conferencia-un-testimonio-de-vida\/#breadcrumb"},"inLanguage":"es","potentialAction":[{"@type":"ReadAction","target":["https:\/\/digital58.com.ve\/site\/2017\/03\/18\/renacida-mas-que-una-conferencia-un-testimonio-de-vida\/"]}]},{"@type":"ImageObject","inLanguage":"es","@id":"https:\/\/digital58.com.ve\/site\/2017\/03\/18\/renacida-mas-que-una-conferencia-un-testimonio-de-vida\/#primaryimage","url":"https:\/\/digital58.com.ve\/site\/wp-content\/uploads\/2017\/03\/anna.jpg","contentUrl":"https:\/\/digital58.com.ve\/site\/wp-content\/uploads\/2017\/03\/anna.jpg","width":800,"height":549},{"@type":"BreadcrumbList","@id":"https:\/\/digital58.com.ve\/site\/2017\/03\/18\/renacida-mas-que-una-conferencia-un-testimonio-de-vida\/#breadcrumb","itemListElement":[{"@type":"ListItem","position":1,"name":"Home","item":"https:\/\/digital58.com.ve\/site\/"},{"@type":"ListItem","position":2,"name":"\u00abRenacida\u00bb, mas que una conferencia un testimonio de vida"}]},{"@type":"WebSite","@id":"https:\/\/digital58.com.ve\/site\/#website","url":"https:\/\/digital58.com.ve\/site\/","name":"Noticias Digital58","description":"Portal de Noticias \u00a1Periodismo web de verdad! Lanzamiento web 22.11.2005 \/ Maracaibo, Venezuela","publisher":{"@id":"https:\/\/digital58.com.ve\/site\/#\/schema\/person\/64d1c2e4d0d4fd1b849980c4331c2951"},"alternateName":"ND58","potentialAction":[{"@type":"SearchAction","target":{"@type":"EntryPoint","urlTemplate":"https:\/\/digital58.com.ve\/site\/?s={search_term_string}"},"query-input":{"@type":"PropertyValueSpecification","valueRequired":true,"valueName":"search_term_string"}}],"inLanguage":"es"},{"@type":["Person","Organization"],"@id":"https:\/\/digital58.com.ve\/site\/#\/schema\/person\/64d1c2e4d0d4fd1b849980c4331c2951","name":"Villasmil Henry","image":{"@type":"ImageObject","inLanguage":"es","@id":"https:\/\/secure.gravatar.com\/avatar\/bb0c4a2fcb7970138239f7e404ea75757b1b507b28b5ce4c53fbd62d797c5a7c?s=96&d=mm&r=g","url":"https:\/\/secure.gravatar.com\/avatar\/bb0c4a2fcb7970138239f7e404ea75757b1b507b28b5ce4c53fbd62d797c5a7c?s=96&d=mm&r=g","contentUrl":"https:\/\/secure.gravatar.com\/avatar\/bb0c4a2fcb7970138239f7e404ea75757b1b507b28b5ce4c53fbd62d797c5a7c?s=96&d=mm&r=g","caption":"Villasmil Henry"},"logo":{"@id":"https:\/\/secure.gravatar.com\/avatar\/bb0c4a2fcb7970138239f7e404ea75757b1b507b28b5ce4c53fbd62d797c5a7c?s=96&d=mm&r=g"},"sameAs":["http:\/\/www.henryvillasmil.com.ve","https:\/\/www.instagram.com\/villasmilhfoto\/","https:\/\/x.com\/https:\/\/twitter.com\/villasmilhfoto"],"url":"https:\/\/digital58.com.ve\/site\/author\/droopy_68\/"}]}},"uagb_featured_image_src":{"full":["https:\/\/digital58.com.ve\/site\/wp-content\/uploads\/2017\/03\/anna.jpg",800,549,false],"thumbnail":["https:\/\/digital58.com.ve\/site\/wp-content\/uploads\/2017\/03\/anna-150x150.jpg",150,150,true],"medium":["https:\/\/digital58.com.ve\/site\/wp-content\/uploads\/2017\/03\/anna-300x206.jpg",300,206,true],"medium_large":["https:\/\/digital58.com.ve\/site\/wp-content\/uploads\/2017\/03\/anna-768x527.jpg",768,527,true],"large":["https:\/\/digital58.com.ve\/site\/wp-content\/uploads\/2017\/03\/anna.jpg",800,549,false],"1536x1536":["https:\/\/digital58.com.ve\/site\/wp-content\/uploads\/2017\/03\/anna.jpg",800,549,false],"2048x2048":["https:\/\/digital58.com.ve\/site\/wp-content\/uploads\/2017\/03\/anna.jpg",800,549,false],"colormag-highlighted-post":["https:\/\/digital58.com.ve\/site\/wp-content\/uploads\/2017\/03\/anna.jpg",392,269,false],"colormag-featured-post-medium":["https:\/\/digital58.com.ve\/site\/wp-content\/uploads\/2017\/03\/anna.jpg",299,205,false],"colormag-featured-post-small":["https:\/\/digital58.com.ve\/site\/wp-content\/uploads\/2017\/03\/anna.jpg",130,90,false],"colormag-featured-image":["https:\/\/digital58.com.ve\/site\/wp-content\/uploads\/2017\/03\/anna.jpg",648,445,false],"colormag-default-news":["https:\/\/digital58.com.ve\/site\/wp-content\/uploads\/2017\/03\/anna.jpg",150,103,false],"colormag-featured-image-large":["https:\/\/digital58.com.ve\/site\/wp-content\/uploads\/2017\/03\/anna.jpg",800,549,false]},"uagb_author_info":{"display_name":"Villasmil Henry","author_link":"https:\/\/digital58.com.ve\/site\/author\/droopy_68\/"},"uagb_comment_info":0,"uagb_excerpt":"Maracaibo, tendr\u00e1 la oportunidad el pr\u00f3ximo 18 de Marzo (hoy), en el Centro de Arte de Maracaibo L\u00eda Berm\u00fadez, de","_links":{"self":[{"href":"https:\/\/digital58.com.ve\/site\/wp-json\/wp\/v2\/posts\/61444","targetHints":{"allow":["GET"]}}],"collection":[{"href":"https:\/\/digital58.com.ve\/site\/wp-json\/wp\/v2\/posts"}],"about":[{"href":"https:\/\/digital58.com.ve\/site\/wp-json\/wp\/v2\/types\/post"}],"author":[{"embeddable":true,"href":"https:\/\/digital58.com.ve\/site\/wp-json\/wp\/v2\/users\/1"}],"replies":[{"embeddable":true,"href":"https:\/\/digital58.com.ve\/site\/wp-json\/wp\/v2\/comments?post=61444"}],"version-history":[{"count":0,"href":"https:\/\/digital58.com.ve\/site\/wp-json\/wp\/v2\/posts\/61444\/revisions"}],"wp:featuredmedia":[{"embeddable":true,"href":"https:\/\/digital58.com.ve\/site\/wp-json\/wp\/v2\/media\/61446"}],"wp:attachment":[{"href":"https:\/\/digital58.com.ve\/site\/wp-json\/wp\/v2\/media?parent=61444"}],"wp:term":[{"taxonomy":"category","embeddable":true,"href":"https:\/\/digital58.com.ve\/site\/wp-json\/wp\/v2\/categories?post=61444"},{"taxonomy":"post_tag","embeddable":true,"href":"https:\/\/digital58.com.ve\/site\/wp-json\/wp\/v2\/tags?post=61444"}],"curies":[{"name":"wp","href":"https:\/\/api.w.org\/{rel}","templated":true}]}}