{"id":61533,"date":"2017-03-20T08:53:54","date_gmt":"2017-03-20T12:53:54","guid":{"rendered":"http:\/\/digital58.com.ve\/site\/?p=61533"},"modified":"2017-03-20T08:54:31","modified_gmt":"2017-03-20T12:54:31","slug":"el-torneo-afez-sera-reestructurado-y-ya-tendria-fecha-de-inauguracion","status":"publish","type":"post","link":"https:\/\/digital58.com.ve\/site\/2017\/03\/20\/el-torneo-afez-sera-reestructurado-y-ya-tendria-fecha-de-inauguracion\/","title":{"rendered":"El torneo AFEZ ser\u00e1 reestructurado y ya tendr\u00eda fecha de inauguraci\u00f3n"},"content":{"rendered":"<p><a href=\"http:\/\/digital58.com.ve\/site\/wp-content\/uploads\/2017\/03\/afeznota.jpg\"><img loading=\"lazy\" decoding=\"async\" class=\"aligncenter size-full wp-image-61534\" src=\"http:\/\/digital58.com.ve\/site\/wp-content\/uploads\/2017\/03\/afeznota.jpg\" alt=\"\" width=\"1188\" height=\"832\" srcset=\"https:\/\/digital58.com.ve\/site\/wp-content\/uploads\/2017\/03\/afeznota.jpg 800w, https:\/\/digital58.com.ve\/site\/wp-content\/uploads\/2017\/03\/afeznota-300x210.jpg 300w, https:\/\/digital58.com.ve\/site\/wp-content\/uploads\/2017\/03\/afeznota-768x538.jpg 768w\" sizes=\"auto, (max-width: 1188px) 100vw, 1188px\" \/><\/a><\/p>\n<p>La junta directiva de la Asociaci\u00f3n de F\u00fatbol del estado Zulia (AFEZ) anunci\u00f3 el pasado viernes que los torneos regionales tendr\u00e1n cambios en su estructuraci\u00f3n, y que los primeros d\u00edas del mes de abril ser\u00eda la inauguraci\u00f3n del campeonato.<\/p>\n<p><strong>Maracaibo, Zulia, Venezuela, 20 de marzo de 2017 (D58).-<\/strong> La presidenta del ente de f\u00fatbol zuliano, Suyin Olivares , indic\u00f3 que la fecha tentativa del torneo de la asociaci\u00f3n comenzar\u00eda el 1-2 de abril, tras la reuni\u00f3n que tuvieron las autoridades de AFEZ con los clubes zulianos. \u00abHaremos un festival zonal para las categor\u00edas Sub-8-10\u00bb, precis\u00f3.<\/p>\n<p>En esta mesa de trabajo entre la junta directiva de AFEZ y los equipos de la regi\u00f3n tocaron puntos como el costo de fichajes, inscripciones de los clubes, y el arbitraje. Olivares se\u00f1al\u00f3 que en el Torneo Clausura se manejar\u00e1 el sistema Intereginal comet, para tener un control de los fichajes, porque las edades ser\u00e1n las mismas que se usan en los torneos oficiales por la Federaci\u00f3n Venezolana F\u00fatbol (FVF).<\/p>\n<p>\u00abEstamos comprometidas a trabajar y captar a las atletas\u00bb, expres\u00f3 Andrea Ferrer, miembro de la Comisi\u00f3n de selecci\u00f3n femenina. \u00abTratamos de ser lo m\u00e1s objetivo posible, para que sea lo mejor para todos\u00bb, afirm\u00f3 Luis Duarte, presidente de la Comisi\u00f3n de \u00e1rbitros.<\/p>\n<p>La AFEZ mantendr\u00e1 informado a todos los actores del balompi\u00e9 regional por sus redes sociales, que adem\u00e1s crear\u00e1 un programa radial que ser\u00e1 transmitido todos los s\u00e1bados a las 9:00 a.m. por la emisora Capital 90.3 FM, que resaltar\u00e1 el deporte zuliano, y contar\u00e1 con secciones muy interesantes, h\u00e9roes de capas ser\u00e1 una de ellas.<\/p>\n<p>De igual modo, el f\u00fatbol de playa zuliano podr\u00eda tener su festival, son algunos de los temas que maneja la directiva de AFEZ para rescatar esta disciplina.<\/p>\n<p><strong>Toma forma el nuevo torneo del f\u00fatsal zuliano<\/strong><\/p>\n<p>La comisi\u00f3n de f\u00fatsal zuliano se congreg\u00f3 el pasado jueves en la cancha Vertical de Cuatricentenario, donde concretar que el pr\u00f3ximo jueves 23 de marzo se realizar\u00e1 un congresillo t\u00e9cnico para definir la fecha del inicio de la liga f\u00fatsal de Maracaibo.<\/p>\n<p><strong>Redacci\u00f3n: Prensa AFEZ<\/strong><br \/>\n<strong>Edici\u00f3n: Villasmil, Henry<\/strong><br \/>\n<strong>Foto: Prensa AFEZ<\/strong><\/p>\n<p>&nbsp;<\/p><div class=\"xmbrp69f2478881447\" ><p style=\"text-align: center;\"><a href=\"https:\/\/t.me\/noticiasdigital58\" target=\"_blank\" rel=\"noopener\"><img class=\"aligncenter size-full wp-image-125363\" src=\"https:\/\/digital58.com.ve\/site\/wp-content\/uploads\/2021\/04\/banner-telegram-web-2021.png\" alt=\"\" width=\"600\" height=\"90\" \/><\/a><\/p><\/div><style type=\"text\/css\">\r\n@media screen and (min-width: 1201px) {\r\n.xmbrp69f2478881447 {\r\ndisplay: block;\r\n}\r\n}\r\n@media screen and (min-width: 993px) and (max-width: 1200px) {\r\n.xmbrp69f2478881447 {\r\ndisplay: block;\r\n}\r\n}\r\n@media screen and (min-width: 769px) and (max-width: 992px) {\r\n.xmbrp69f2478881447 {\r\ndisplay: block;\r\n}\r\n}\r\n@media screen and (min-width: 768px) and (max-width: 768px) {\r\n.xmbrp69f2478881447 {\r\ndisplay: block;\r\n}\r\n}\r\n@media screen and (max-width: 767px) {\r\n.xmbrp69f2478881447 {\r\ndisplay: block;\r\n}\r\n}\r\n<\/style>\r\n\n<p>&nbsp;<\/p>\n<div style=\"margin-top: 0px; margin-bottom: 0px;\" class=\"sharethis-inline-share-buttons\" ><\/div>","protected":false},"excerpt":{"rendered":"<p>La junta directiva de la Asociaci\u00f3n de F\u00fatbol del estado Zulia (AFEZ) anunci\u00f3 el pasado viernes que los torneos regionales<\/p>\n","protected":false},"author":1,"featured_media":61534,"comment_status":"open","ping_status":"closed","sticky":false,"template":"","format":"standard","meta":{"colormag_page_container_layout":"default_layout","colormag_page_sidebar_layout":"default_layout","_uag_custom_page_level_css":"","footnotes":""},"categories":[5402],"tags":[4091,13,735,14,15,25,73,2354,32],"class_list":["post-61533","post","type-post","status-publish","format-standard","has-post-thumbnail","hentry","category-deportes","tag-afez","tag-futbol","tag-futbol-menores","tag-futbol-venezolano","tag-futve","tag-fvf","tag-maracaibo","tag-regionales","tag-venezuela"],"yoast_head":"<!-- This site is optimized with the Yoast SEO plugin v27.5 - https:\/\/yoast.com\/product\/yoast-seo-wordpress\/ -->\n<title>El torneo AFEZ ser\u00e1 reestructurado y ya tendr\u00eda fecha de inauguraci\u00f3n<\/title>\n<meta name=\"robots\" content=\"index, follow, max-snippet:-1, max-image-preview:large, max-video-preview:-1\" \/>\n<link rel=\"canonical\" href=\"https:\/\/digital58.com.ve\/site\/2017\/03\/20\/el-torneo-afez-sera-reestructurado-y-ya-tendria-fecha-de-inauguracion\/\" \/>\n<meta property=\"og:locale\" content=\"es_ES\" \/>\n<meta property=\"og:type\" content=\"article\" \/>\n<meta property=\"og:title\" content=\"El torneo AFEZ ser\u00e1 reestructurado y ya tendr\u00eda fecha de inauguraci\u00f3n\" \/>\n<meta property=\"og:url\" content=\"https:\/\/digital58.com.ve\/site\/2017\/03\/20\/el-torneo-afez-sera-reestructurado-y-ya-tendria-fecha-de-inauguracion\/\" \/>\n<meta property=\"og:site_name\" content=\"Noticias Digital58\" \/>\n<meta property=\"article:published_time\" content=\"2017-03-20T12:53:54+00:00\" \/>\n<meta property=\"article:modified_time\" content=\"2017-03-20T12:54:31+00:00\" \/>\n<meta property=\"og:image\" content=\"https:\/\/digital58.com.ve\/site\/wp-content\/uploads\/2017\/03\/afeznota.jpg\" \/>\n\t<meta property=\"og:image:width\" content=\"1188\" \/>\n\t<meta property=\"og:image:height\" content=\"832\" \/>\n\t<meta property=\"og:image:type\" content=\"image\/jpeg\" \/>\n<meta name=\"author\" content=\"Villasmil Henry\" \/>\n<meta name=\"twitter:card\" content=\"summary_large_image\" \/>\n<meta name=\"twitter:creator\" content=\"@https:\/\/twitter.com\/villasmilhfoto\" \/>\n<meta name=\"twitter:site\" content=\"@villasmilhfoto\" \/>\n<meta name=\"twitter:label1\" content=\"Escrito por\" \/>\n\t<meta name=\"twitter:data1\" content=\"Villasmil Henry\" \/>\n\t<meta name=\"twitter:label2\" content=\"Tiempo estimado de lectura\" \/>\n\t<meta name=\"twitter:data2\" content=\"2 minutos\" \/>\n<script type=\"application\/ld+json\" class=\"yoast-schema-graph\">{\"@context\":\"https:\\\/\\\/schema.org\",\"@graph\":[{\"@type\":\"Article\",\"@id\":\"https:\\\/\\\/digital58.com.ve\\\/site\\\/2017\\\/03\\\/20\\\/el-torneo-afez-sera-reestructurado-y-ya-tendria-fecha-de-inauguracion\\\/#article\",\"isPartOf\":{\"@id\":\"https:\\\/\\\/digital58.com.ve\\\/site\\\/2017\\\/03\\\/20\\\/el-torneo-afez-sera-reestructurado-y-ya-tendria-fecha-de-inauguracion\\\/\"},\"author\":{\"name\":\"Villasmil Henry\",\"@id\":\"https:\\\/\\\/digital58.com.ve\\\/site\\\/#\\\/schema\\\/person\\\/64d1c2e4d0d4fd1b849980c4331c2951\"},\"headline\":\"El torneo AFEZ ser\u00e1 reestructurado y ya tendr\u00eda fecha de inauguraci\u00f3n\",\"datePublished\":\"2017-03-20T12:53:54+00:00\",\"dateModified\":\"2017-03-20T12:54:31+00:00\",\"mainEntityOfPage\":{\"@id\":\"https:\\\/\\\/digital58.com.ve\\\/site\\\/2017\\\/03\\\/20\\\/el-torneo-afez-sera-reestructurado-y-ya-tendria-fecha-de-inauguracion\\\/\"},\"wordCount\":394,\"commentCount\":0,\"publisher\":{\"@id\":\"https:\\\/\\\/digital58.com.ve\\\/site\\\/#\\\/schema\\\/person\\\/64d1c2e4d0d4fd1b849980c4331c2951\"},\"image\":{\"@id\":\"https:\\\/\\\/digital58.com.ve\\\/site\\\/2017\\\/03\\\/20\\\/el-torneo-afez-sera-reestructurado-y-ya-tendria-fecha-de-inauguracion\\\/#primaryimage\"},\"thumbnailUrl\":\"https:\\\/\\\/digital58.com.ve\\\/site\\\/wp-content\\\/uploads\\\/2017\\\/03\\\/afeznota.jpg\",\"keywords\":[\"AFEZ\",\"F\u00fatbol\",\"F\u00fatbol Menores\",\"F\u00fatbol Venezolano\",\"Futve\",\"FVF\",\"Maracaibo\",\"Regionales\",\"Venezuela\"],\"articleSection\":[\"Deportes\"],\"inLanguage\":\"es\",\"potentialAction\":[{\"@type\":\"CommentAction\",\"name\":\"Comment\",\"target\":[\"https:\\\/\\\/digital58.com.ve\\\/site\\\/2017\\\/03\\\/20\\\/el-torneo-afez-sera-reestructurado-y-ya-tendria-fecha-de-inauguracion\\\/#respond\"]}]},{\"@type\":\"WebPage\",\"@id\":\"https:\\\/\\\/digital58.com.ve\\\/site\\\/2017\\\/03\\\/20\\\/el-torneo-afez-sera-reestructurado-y-ya-tendria-fecha-de-inauguracion\\\/\",\"url\":\"https:\\\/\\\/digital58.com.ve\\\/site\\\/2017\\\/03\\\/20\\\/el-torneo-afez-sera-reestructurado-y-ya-tendria-fecha-de-inauguracion\\\/\",\"name\":\"El torneo AFEZ ser\u00e1 reestructurado y ya tendr\u00eda fecha de inauguraci\u00f3n\",\"isPartOf\":{\"@id\":\"https:\\\/\\\/digital58.com.ve\\\/site\\\/#website\"},\"primaryImageOfPage\":{\"@id\":\"https:\\\/\\\/digital58.com.ve\\\/site\\\/2017\\\/03\\\/20\\\/el-torneo-afez-sera-reestructurado-y-ya-tendria-fecha-de-inauguracion\\\/#primaryimage\"},\"image\":{\"@id\":\"https:\\\/\\\/digital58.com.ve\\\/site\\\/2017\\\/03\\\/20\\\/el-torneo-afez-sera-reestructurado-y-ya-tendria-fecha-de-inauguracion\\\/#primaryimage\"},\"thumbnailUrl\":\"https:\\\/\\\/digital58.com.ve\\\/site\\\/wp-content\\\/uploads\\\/2017\\\/03\\\/afeznota.jpg\",\"datePublished\":\"2017-03-20T12:53:54+00:00\",\"dateModified\":\"2017-03-20T12:54:31+00:00\",\"breadcrumb\":{\"@id\":\"https:\\\/\\\/digital58.com.ve\\\/site\\\/2017\\\/03\\\/20\\\/el-torneo-afez-sera-reestructurado-y-ya-tendria-fecha-de-inauguracion\\\/#breadcrumb\"},\"inLanguage\":\"es\",\"potentialAction\":[{\"@type\":\"ReadAction\",\"target\":[\"https:\\\/\\\/digital58.com.ve\\\/site\\\/2017\\\/03\\\/20\\\/el-torneo-afez-sera-reestructurado-y-ya-tendria-fecha-de-inauguracion\\\/\"]}]},{\"@type\":\"ImageObject\",\"inLanguage\":\"es\",\"@id\":\"https:\\\/\\\/digital58.com.ve\\\/site\\\/2017\\\/03\\\/20\\\/el-torneo-afez-sera-reestructurado-y-ya-tendria-fecha-de-inauguracion\\\/#primaryimage\",\"url\":\"https:\\\/\\\/digital58.com.ve\\\/site\\\/wp-content\\\/uploads\\\/2017\\\/03\\\/afeznota.jpg\",\"contentUrl\":\"https:\\\/\\\/digital58.com.ve\\\/site\\\/wp-content\\\/uploads\\\/2017\\\/03\\\/afeznota.jpg\",\"width\":800,\"height\":560},{\"@type\":\"BreadcrumbList\",\"@id\":\"https:\\\/\\\/digital58.com.ve\\\/site\\\/2017\\\/03\\\/20\\\/el-torneo-afez-sera-reestructurado-y-ya-tendria-fecha-de-inauguracion\\\/#breadcrumb\",\"itemListElement\":[{\"@type\":\"ListItem\",\"position\":1,\"name\":\"Home\",\"item\":\"https:\\\/\\\/digital58.com.ve\\\/site\\\/\"},{\"@type\":\"ListItem\",\"position\":2,\"name\":\"El torneo AFEZ ser\u00e1 reestructurado y ya tendr\u00eda fecha de inauguraci\u00f3n\"}]},{\"@type\":\"WebSite\",\"@id\":\"https:\\\/\\\/digital58.com.ve\\\/site\\\/#website\",\"url\":\"https:\\\/\\\/digital58.com.ve\\\/site\\\/\",\"name\":\"Noticias Digital58\",\"description\":\"Portal de Noticias \u00a1Periodismo web de verdad! Lanzamiento web 22.11.2005 \\\/ Maracaibo, Venezuela\",\"publisher\":{\"@id\":\"https:\\\/\\\/digital58.com.ve\\\/site\\\/#\\\/schema\\\/person\\\/64d1c2e4d0d4fd1b849980c4331c2951\"},\"alternateName\":\"ND58\",\"potentialAction\":[{\"@type\":\"SearchAction\",\"target\":{\"@type\":\"EntryPoint\",\"urlTemplate\":\"https:\\\/\\\/digital58.com.ve\\\/site\\\/?s={search_term_string}\"},\"query-input\":{\"@type\":\"PropertyValueSpecification\",\"valueRequired\":true,\"valueName\":\"search_term_string\"}}],\"inLanguage\":\"es\"},{\"@type\":[\"Person\",\"Organization\"],\"@id\":\"https:\\\/\\\/digital58.com.ve\\\/site\\\/#\\\/schema\\\/person\\\/64d1c2e4d0d4fd1b849980c4331c2951\",\"name\":\"Villasmil Henry\",\"image\":{\"@type\":\"ImageObject\",\"inLanguage\":\"es\",\"@id\":\"https:\\\/\\\/secure.gravatar.com\\\/avatar\\\/bb0c4a2fcb7970138239f7e404ea75757b1b507b28b5ce4c53fbd62d797c5a7c?s=96&d=mm&r=g\",\"url\":\"https:\\\/\\\/secure.gravatar.com\\\/avatar\\\/bb0c4a2fcb7970138239f7e404ea75757b1b507b28b5ce4c53fbd62d797c5a7c?s=96&d=mm&r=g\",\"contentUrl\":\"https:\\\/\\\/secure.gravatar.com\\\/avatar\\\/bb0c4a2fcb7970138239f7e404ea75757b1b507b28b5ce4c53fbd62d797c5a7c?s=96&d=mm&r=g\",\"caption\":\"Villasmil Henry\"},\"logo\":{\"@id\":\"https:\\\/\\\/secure.gravatar.com\\\/avatar\\\/bb0c4a2fcb7970138239f7e404ea75757b1b507b28b5ce4c53fbd62d797c5a7c?s=96&d=mm&r=g\"},\"sameAs\":[\"http:\\\/\\\/www.henryvillasmil.com.ve\",\"https:\\\/\\\/www.instagram.com\\\/villasmilhfoto\\\/\",\"https:\\\/\\\/x.com\\\/https:\\\/\\\/twitter.com\\\/villasmilhfoto\"],\"url\":\"https:\\\/\\\/digital58.com.ve\\\/site\\\/author\\\/droopy_68\\\/\"}]}<\/script>\n<!-- \/ Yoast SEO plugin. -->","yoast_head_json":{"title":"El torneo AFEZ ser\u00e1 reestructurado y ya tendr\u00eda fecha de inauguraci\u00f3n","robots":{"index":"index","follow":"follow","max-snippet":"max-snippet:-1","max-image-preview":"max-image-preview:large","max-video-preview":"max-video-preview:-1"},"canonical":"https:\/\/digital58.com.ve\/site\/2017\/03\/20\/el-torneo-afez-sera-reestructurado-y-ya-tendria-fecha-de-inauguracion\/","og_locale":"es_ES","og_type":"article","og_title":"El torneo AFEZ ser\u00e1 reestructurado y ya tendr\u00eda fecha de inauguraci\u00f3n","og_url":"https:\/\/digital58.com.ve\/site\/2017\/03\/20\/el-torneo-afez-sera-reestructurado-y-ya-tendria-fecha-de-inauguracion\/","og_site_name":"Noticias Digital58","article_published_time":"2017-03-20T12:53:54+00:00","article_modified_time":"2017-03-20T12:54:31+00:00","og_image":[{"width":1188,"height":832,"url":"https:\/\/digital58.com.ve\/site\/wp-content\/uploads\/2017\/03\/afeznota.jpg","type":"image\/jpeg"}],"author":"Villasmil Henry","twitter_card":"summary_large_image","twitter_creator":"@https:\/\/twitter.com\/villasmilhfoto","twitter_site":"@villasmilhfoto","twitter_misc":{"Escrito por":"Villasmil Henry","Tiempo estimado de lectura":"2 minutos"},"schema":{"@context":"https:\/\/schema.org","@graph":[{"@type":"Article","@id":"https:\/\/digital58.com.ve\/site\/2017\/03\/20\/el-torneo-afez-sera-reestructurado-y-ya-tendria-fecha-de-inauguracion\/#article","isPartOf":{"@id":"https:\/\/digital58.com.ve\/site\/2017\/03\/20\/el-torneo-afez-sera-reestructurado-y-ya-tendria-fecha-de-inauguracion\/"},"author":{"name":"Villasmil Henry","@id":"https:\/\/digital58.com.ve\/site\/#\/schema\/person\/64d1c2e4d0d4fd1b849980c4331c2951"},"headline":"El torneo AFEZ ser\u00e1 reestructurado y ya tendr\u00eda fecha de inauguraci\u00f3n","datePublished":"2017-03-20T12:53:54+00:00","dateModified":"2017-03-20T12:54:31+00:00","mainEntityOfPage":{"@id":"https:\/\/digital58.com.ve\/site\/2017\/03\/20\/el-torneo-afez-sera-reestructurado-y-ya-tendria-fecha-de-inauguracion\/"},"wordCount":394,"commentCount":0,"publisher":{"@id":"https:\/\/digital58.com.ve\/site\/#\/schema\/person\/64d1c2e4d0d4fd1b849980c4331c2951"},"image":{"@id":"https:\/\/digital58.com.ve\/site\/2017\/03\/20\/el-torneo-afez-sera-reestructurado-y-ya-tendria-fecha-de-inauguracion\/#primaryimage"},"thumbnailUrl":"https:\/\/digital58.com.ve\/site\/wp-content\/uploads\/2017\/03\/afeznota.jpg","keywords":["AFEZ","F\u00fatbol","F\u00fatbol Menores","F\u00fatbol Venezolano","Futve","FVF","Maracaibo","Regionales","Venezuela"],"articleSection":["Deportes"],"inLanguage":"es","potentialAction":[{"@type":"CommentAction","name":"Comment","target":["https:\/\/digital58.com.ve\/site\/2017\/03\/20\/el-torneo-afez-sera-reestructurado-y-ya-tendria-fecha-de-inauguracion\/#respond"]}]},{"@type":"WebPage","@id":"https:\/\/digital58.com.ve\/site\/2017\/03\/20\/el-torneo-afez-sera-reestructurado-y-ya-tendria-fecha-de-inauguracion\/","url":"https:\/\/digital58.com.ve\/site\/2017\/03\/20\/el-torneo-afez-sera-reestructurado-y-ya-tendria-fecha-de-inauguracion\/","name":"El torneo AFEZ ser\u00e1 reestructurado y ya tendr\u00eda fecha de inauguraci\u00f3n","isPartOf":{"@id":"https:\/\/digital58.com.ve\/site\/#website"},"primaryImageOfPage":{"@id":"https:\/\/digital58.com.ve\/site\/2017\/03\/20\/el-torneo-afez-sera-reestructurado-y-ya-tendria-fecha-de-inauguracion\/#primaryimage"},"image":{"@id":"https:\/\/digital58.com.ve\/site\/2017\/03\/20\/el-torneo-afez-sera-reestructurado-y-ya-tendria-fecha-de-inauguracion\/#primaryimage"},"thumbnailUrl":"https:\/\/digital58.com.ve\/site\/wp-content\/uploads\/2017\/03\/afeznota.jpg","datePublished":"2017-03-20T12:53:54+00:00","dateModified":"2017-03-20T12:54:31+00:00","breadcrumb":{"@id":"https:\/\/digital58.com.ve\/site\/2017\/03\/20\/el-torneo-afez-sera-reestructurado-y-ya-tendria-fecha-de-inauguracion\/#breadcrumb"},"inLanguage":"es","potentialAction":[{"@type":"ReadAction","target":["https:\/\/digital58.com.ve\/site\/2017\/03\/20\/el-torneo-afez-sera-reestructurado-y-ya-tendria-fecha-de-inauguracion\/"]}]},{"@type":"ImageObject","inLanguage":"es","@id":"https:\/\/digital58.com.ve\/site\/2017\/03\/20\/el-torneo-afez-sera-reestructurado-y-ya-tendria-fecha-de-inauguracion\/#primaryimage","url":"https:\/\/digital58.com.ve\/site\/wp-content\/uploads\/2017\/03\/afeznota.jpg","contentUrl":"https:\/\/digital58.com.ve\/site\/wp-content\/uploads\/2017\/03\/afeznota.jpg","width":800,"height":560},{"@type":"BreadcrumbList","@id":"https:\/\/digital58.com.ve\/site\/2017\/03\/20\/el-torneo-afez-sera-reestructurado-y-ya-tendria-fecha-de-inauguracion\/#breadcrumb","itemListElement":[{"@type":"ListItem","position":1,"name":"Home","item":"https:\/\/digital58.com.ve\/site\/"},{"@type":"ListItem","position":2,"name":"El torneo AFEZ ser\u00e1 reestructurado y ya tendr\u00eda fecha de inauguraci\u00f3n"}]},{"@type":"WebSite","@id":"https:\/\/digital58.com.ve\/site\/#website","url":"https:\/\/digital58.com.ve\/site\/","name":"Noticias Digital58","description":"Portal de Noticias \u00a1Periodismo web de verdad! Lanzamiento web 22.11.2005 \/ Maracaibo, Venezuela","publisher":{"@id":"https:\/\/digital58.com.ve\/site\/#\/schema\/person\/64d1c2e4d0d4fd1b849980c4331c2951"},"alternateName":"ND58","potentialAction":[{"@type":"SearchAction","target":{"@type":"EntryPoint","urlTemplate":"https:\/\/digital58.com.ve\/site\/?s={search_term_string}"},"query-input":{"@type":"PropertyValueSpecification","valueRequired":true,"valueName":"search_term_string"}}],"inLanguage":"es"},{"@type":["Person","Organization"],"@id":"https:\/\/digital58.com.ve\/site\/#\/schema\/person\/64d1c2e4d0d4fd1b849980c4331c2951","name":"Villasmil Henry","image":{"@type":"ImageObject","inLanguage":"es","@id":"https:\/\/secure.gravatar.com\/avatar\/bb0c4a2fcb7970138239f7e404ea75757b1b507b28b5ce4c53fbd62d797c5a7c?s=96&d=mm&r=g","url":"https:\/\/secure.gravatar.com\/avatar\/bb0c4a2fcb7970138239f7e404ea75757b1b507b28b5ce4c53fbd62d797c5a7c?s=96&d=mm&r=g","contentUrl":"https:\/\/secure.gravatar.com\/avatar\/bb0c4a2fcb7970138239f7e404ea75757b1b507b28b5ce4c53fbd62d797c5a7c?s=96&d=mm&r=g","caption":"Villasmil Henry"},"logo":{"@id":"https:\/\/secure.gravatar.com\/avatar\/bb0c4a2fcb7970138239f7e404ea75757b1b507b28b5ce4c53fbd62d797c5a7c?s=96&d=mm&r=g"},"sameAs":["http:\/\/www.henryvillasmil.com.ve","https:\/\/www.instagram.com\/villasmilhfoto\/","https:\/\/x.com\/https:\/\/twitter.com\/villasmilhfoto"],"url":"https:\/\/digital58.com.ve\/site\/author\/droopy_68\/"}]}},"uagb_featured_image_src":{"full":["https:\/\/digital58.com.ve\/site\/wp-content\/uploads\/2017\/03\/afeznota.jpg",800,560,false],"thumbnail":["https:\/\/digital58.com.ve\/site\/wp-content\/uploads\/2017\/03\/afeznota-150x150.jpg",150,150,true],"medium":["https:\/\/digital58.com.ve\/site\/wp-content\/uploads\/2017\/03\/afeznota-300x210.jpg",300,210,true],"medium_large":["https:\/\/digital58.com.ve\/site\/wp-content\/uploads\/2017\/03\/afeznota-768x538.jpg",768,538,true],"large":["https:\/\/digital58.com.ve\/site\/wp-content\/uploads\/2017\/03\/afeznota.jpg",800,560,false],"1536x1536":["https:\/\/digital58.com.ve\/site\/wp-content\/uploads\/2017\/03\/afeznota.jpg",800,560,false],"2048x2048":["https:\/\/digital58.com.ve\/site\/wp-content\/uploads\/2017\/03\/afeznota.jpg",800,560,false],"colormag-highlighted-post":["https:\/\/digital58.com.ve\/site\/wp-content\/uploads\/2017\/03\/afeznota.jpg",389,272,false],"colormag-featured-post-medium":["https:\/\/digital58.com.ve\/site\/wp-content\/uploads\/2017\/03\/afeznota.jpg",293,205,false],"colormag-featured-post-small":["https:\/\/digital58.com.ve\/site\/wp-content\/uploads\/2017\/03\/afeznota.jpg",130,90,false],"colormag-featured-image":["https:\/\/digital58.com.ve\/site\/wp-content\/uploads\/2017\/03\/afeznota.jpg",636,445,false],"colormag-default-news":["https:\/\/digital58.com.ve\/site\/wp-content\/uploads\/2017\/03\/afeznota.jpg",150,105,false],"colormag-featured-image-large":["https:\/\/digital58.com.ve\/site\/wp-content\/uploads\/2017\/03\/afeznota.jpg",800,560,false]},"uagb_author_info":{"display_name":"Villasmil Henry","author_link":"https:\/\/digital58.com.ve\/site\/author\/droopy_68\/"},"uagb_comment_info":0,"uagb_excerpt":"La junta directiva de la Asociaci\u00f3n de F\u00fatbol del estado Zulia (AFEZ) anunci\u00f3 el pasado viernes que los torneos regionales","_links":{"self":[{"href":"https:\/\/digital58.com.ve\/site\/wp-json\/wp\/v2\/posts\/61533","targetHints":{"allow":["GET"]}}],"collection":[{"href":"https:\/\/digital58.com.ve\/site\/wp-json\/wp\/v2\/posts"}],"about":[{"href":"https:\/\/digital58.com.ve\/site\/wp-json\/wp\/v2\/types\/post"}],"author":[{"embeddable":true,"href":"https:\/\/digital58.com.ve\/site\/wp-json\/wp\/v2\/users\/1"}],"replies":[{"embeddable":true,"href":"https:\/\/digital58.com.ve\/site\/wp-json\/wp\/v2\/comments?post=61533"}],"version-history":[{"count":0,"href":"https:\/\/digital58.com.ve\/site\/wp-json\/wp\/v2\/posts\/61533\/revisions"}],"wp:featuredmedia":[{"embeddable":true,"href":"https:\/\/digital58.com.ve\/site\/wp-json\/wp\/v2\/media\/61534"}],"wp:attachment":[{"href":"https:\/\/digital58.com.ve\/site\/wp-json\/wp\/v2\/media?parent=61533"}],"wp:term":[{"taxonomy":"category","embeddable":true,"href":"https:\/\/digital58.com.ve\/site\/wp-json\/wp\/v2\/categories?post=61533"},{"taxonomy":"post_tag","embeddable":true,"href":"https:\/\/digital58.com.ve\/site\/wp-json\/wp\/v2\/tags?post=61533"}],"curies":[{"name":"wp","href":"https:\/\/api.w.org\/{rel}","templated":true}]}}