{"id":61592,"date":"2017-03-21T06:31:07","date_gmt":"2017-03-21T10:31:07","guid":{"rendered":"http:\/\/digital58.com.ve\/site\/?p=61592"},"modified":"2017-03-21T06:32:13","modified_gmt":"2017-03-21T10:32:13","slug":"carmela-fenice-expondra-dialogo-intimo-con-la-memoria-en-el-maczul","status":"publish","type":"post","link":"https:\/\/digital58.com.ve\/site\/2017\/03\/21\/carmela-fenice-expondra-dialogo-intimo-con-la-memoria-en-el-maczul\/","title":{"rendered":"Carmela Fenice expondr\u00e1 \u00abDi\u00e1logo \u00edntimo con la memoria\u00bb en el MACZUL"},"content":{"rendered":"<p><a href=\"http:\/\/digital58.com.ve\/site\/wp-content\/uploads\/2017\/03\/carmen.jpg\"><img loading=\"lazy\" decoding=\"async\" class=\"aligncenter size-large wp-image-61593\" src=\"http:\/\/digital58.com.ve\/site\/wp-content\/uploads\/2017\/03\/carmen-1434x1024.jpg\" alt=\"\" width=\"640\" height=\"457\" srcset=\"https:\/\/digital58.com.ve\/site\/wp-content\/uploads\/2017\/03\/carmen-1434x1024.jpg 1434w, https:\/\/digital58.com.ve\/site\/wp-content\/uploads\/2017\/03\/carmen-300x214.jpg 300w, https:\/\/digital58.com.ve\/site\/wp-content\/uploads\/2017\/03\/carmen-768x548.jpg 768w, https:\/\/digital58.com.ve\/site\/wp-content\/uploads\/2017\/03\/carmen.jpg 800w\" sizes=\"auto, (max-width: 640px) 100vw, 640px\" \/><\/a><\/p>\n<p>El pr\u00f3ximo s\u00e1bado 25 de marzo, la artista visual Carmela Fenice, quien actualmente reside en Caracas, presentar\u00e1 su muestra individual \u00abDi\u00e1logo \u00cdntimo con la memoria\u00bb en el Museo de Arte Contempor\u00e1neo del Zulia, MACZUL. Este nuevo trabajo acerca a Carmela al ensayo fotogr\u00e1fico, acompa\u00f1ado de objetos personales de su entorno familiar.<\/p>\n<p><strong>Maracaibo, Zulia, Venezuela, 21 de marzo de 2017 (D58).-<\/strong>\u00a0 El nombre \u00abDi\u00e1logo \u00edntimo con la memoria\u00bb viene dado por las espor\u00e1dicas conversaciones metaf\u00f3ricas con su madre, fallecida en el a\u00f1o 2009.<\/p>\n<p>Es un homenaje p\u00f3stumo, por todo lo vivido y lo que se dej\u00f3 de vivir; por todo lo que se dijo y se dej\u00f3 de decir. \u00abMe inspir\u00e9 en los recuerdos que permanecen en mi memoria sobre nuestra relaci\u00f3n, en los objetos que guardo de ella, y en el doloroso proceso que viv\u00ed al desmantelar su cuarto y despedirme de su presencia\u00bb, manifiesta la artista.<\/p>\n<p>La exposici\u00f3n es un proyecto complejo que incluye fotograf\u00eda, archivos fotogr\u00e1ficos, objetos, instalaciones y video-arte. \u00abMi obra es conceptual, abstracta y trabajo con la est\u00e9tica de la fragmentaci\u00f3n fotogr\u00e1fica. Mis proyectos de autor, documentales, por lo general son autobiogr\u00e1ficos y con ellos expreso mis obsesiones, lo que me inquieta, y reflexiono\u00bb, expresa Fenice.<\/p>\n<p><strong>Redacci\u00f3n: Nayib, Cana\u00e1n<\/strong><br \/>\n<strong>Edici\u00f3n: Villasmil, Henry<\/strong><br \/>\n<strong>Foto: cortes\u00eda<\/strong><\/p><div class=\"wryvp69f5e9660c372\" ><p style=\"text-align: center;\"><a href=\"https:\/\/t.me\/noticiasdigital58\" target=\"_blank\" rel=\"noopener\"><img class=\"aligncenter size-full wp-image-125363\" src=\"https:\/\/digital58.com.ve\/site\/wp-content\/uploads\/2021\/04\/banner-telegram-web-2021.png\" alt=\"\" width=\"600\" height=\"90\" \/><\/a><\/p><\/div><style type=\"text\/css\">\r\n@media screen and (min-width: 1201px) {\r\n.wryvp69f5e9660c372 {\r\ndisplay: block;\r\n}\r\n}\r\n@media screen and (min-width: 993px) and (max-width: 1200px) {\r\n.wryvp69f5e9660c372 {\r\ndisplay: block;\r\n}\r\n}\r\n@media screen and (min-width: 769px) and (max-width: 992px) {\r\n.wryvp69f5e9660c372 {\r\ndisplay: block;\r\n}\r\n}\r\n@media screen and (min-width: 768px) and (max-width: 768px) {\r\n.wryvp69f5e9660c372 {\r\ndisplay: block;\r\n}\r\n}\r\n@media screen and (max-width: 767px) {\r\n.wryvp69f5e9660c372 {\r\ndisplay: block;\r\n}\r\n}\r\n<\/style>\r\n\n<p>&nbsp;<\/p>\n<div style=\"margin-top: 0px; margin-bottom: 0px;\" class=\"sharethis-inline-share-buttons\" ><\/div>","protected":false},"excerpt":{"rendered":"<p>El pr\u00f3ximo s\u00e1bado 25 de marzo, la artista visual Carmela Fenice, quien actualmente reside en Caracas, presentar\u00e1 su muestra individual<\/p>\n","protected":false},"author":1,"featured_media":61593,"comment_status":"open","ping_status":"closed","sticky":false,"template":"","format":"standard","meta":{"colormag_page_container_layout":"default_layout","colormag_page_sidebar_layout":"default_layout","_uag_custom_page_level_css":"","footnotes":""},"categories":[5412,5401],"tags":[6687,144,2131,2132,2318,73,2354],"class_list":["post-61592","post","type-post","status-publish","format-standard","has-post-thumbnail","hentry","category-donde_ir_maracaibo","category-artes","tag-carmela-fenice","tag-exposiciones","tag-exposiciones-fotograficas","tag-fotografias","tag-maczul","tag-maracaibo","tag-regionales"],"yoast_head":"<!-- This site is optimized with the Yoast SEO plugin v27.5 - https:\/\/yoast.com\/product\/yoast-seo-wordpress\/ -->\n<title>Carmela Fenice expondr\u00e1 \u00abDi\u00e1logo \u00edntimo con la memoria\u00bb en el MACZUL<\/title>\n<meta name=\"robots\" content=\"index, follow, max-snippet:-1, max-image-preview:large, max-video-preview:-1\" \/>\n<link rel=\"canonical\" href=\"https:\/\/digital58.com.ve\/site\/2017\/03\/21\/carmela-fenice-expondra-dialogo-intimo-con-la-memoria-en-el-maczul\/\" \/>\n<meta property=\"og:locale\" content=\"es_ES\" \/>\n<meta property=\"og:type\" content=\"article\" \/>\n<meta property=\"og:title\" content=\"Carmela Fenice expondr\u00e1 \u00abDi\u00e1logo \u00edntimo con la memoria\u00bb en el MACZUL\" \/>\n<meta property=\"og:url\" content=\"https:\/\/digital58.com.ve\/site\/2017\/03\/21\/carmela-fenice-expondra-dialogo-intimo-con-la-memoria-en-el-maczul\/\" \/>\n<meta property=\"og:site_name\" content=\"Noticias Digital58\" \/>\n<meta property=\"article:published_time\" content=\"2017-03-21T10:31:07+00:00\" \/>\n<meta property=\"article:modified_time\" content=\"2017-03-21T10:32:13+00:00\" \/>\n<meta property=\"og:image\" content=\"https:\/\/digital58.com.ve\/site\/wp-content\/uploads\/2017\/03\/carmen.jpg\" \/>\n\t<meta property=\"og:image:width\" content=\"1500\" \/>\n\t<meta property=\"og:image:height\" content=\"1071\" \/>\n\t<meta property=\"og:image:type\" content=\"image\/jpeg\" \/>\n<meta name=\"author\" content=\"Villasmil Henry\" \/>\n<meta name=\"twitter:card\" content=\"summary_large_image\" \/>\n<meta name=\"twitter:creator\" content=\"@https:\/\/twitter.com\/villasmilhfoto\" \/>\n<meta name=\"twitter:site\" content=\"@villasmilhfoto\" \/>\n<meta name=\"twitter:label1\" content=\"Escrito por\" \/>\n\t<meta name=\"twitter:data1\" content=\"Villasmil Henry\" \/>\n\t<meta name=\"twitter:label2\" content=\"Tiempo estimado de lectura\" \/>\n\t<meta name=\"twitter:data2\" content=\"1 minuto\" \/>\n<script type=\"application\/ld+json\" class=\"yoast-schema-graph\">{\"@context\":\"https:\\\/\\\/schema.org\",\"@graph\":[{\"@type\":\"Article\",\"@id\":\"https:\\\/\\\/digital58.com.ve\\\/site\\\/2017\\\/03\\\/21\\\/carmela-fenice-expondra-dialogo-intimo-con-la-memoria-en-el-maczul\\\/#article\",\"isPartOf\":{\"@id\":\"https:\\\/\\\/digital58.com.ve\\\/site\\\/2017\\\/03\\\/21\\\/carmela-fenice-expondra-dialogo-intimo-con-la-memoria-en-el-maczul\\\/\"},\"author\":{\"name\":\"Villasmil Henry\",\"@id\":\"https:\\\/\\\/digital58.com.ve\\\/site\\\/#\\\/schema\\\/person\\\/64d1c2e4d0d4fd1b849980c4331c2951\"},\"headline\":\"Carmela Fenice expondr\u00e1 \u00abDi\u00e1logo \u00edntimo con la memoria\u00bb en el MACZUL\",\"datePublished\":\"2017-03-21T10:31:07+00:00\",\"dateModified\":\"2017-03-21T10:32:13+00:00\",\"mainEntityOfPage\":{\"@id\":\"https:\\\/\\\/digital58.com.ve\\\/site\\\/2017\\\/03\\\/21\\\/carmela-fenice-expondra-dialogo-intimo-con-la-memoria-en-el-maczul\\\/\"},\"wordCount\":241,\"commentCount\":0,\"publisher\":{\"@id\":\"https:\\\/\\\/digital58.com.ve\\\/site\\\/#\\\/schema\\\/person\\\/64d1c2e4d0d4fd1b849980c4331c2951\"},\"image\":{\"@id\":\"https:\\\/\\\/digital58.com.ve\\\/site\\\/2017\\\/03\\\/21\\\/carmela-fenice-expondra-dialogo-intimo-con-la-memoria-en-el-maczul\\\/#primaryimage\"},\"thumbnailUrl\":\"https:\\\/\\\/digital58.com.ve\\\/site\\\/wp-content\\\/uploads\\\/2017\\\/03\\\/carmen.jpg\",\"keywords\":[\"Carmela Fenice\",\"Exposiciones\",\"Exposiciones Fotogr\u00e1ficas\",\"Fotograf\u00edas\",\"MACZUL\",\"Maracaibo\",\"Regionales\"],\"articleSection\":[\"\u00bfD\u00f3nde ir Maracaibo?\",\"Artes\"],\"inLanguage\":\"es\",\"potentialAction\":[{\"@type\":\"CommentAction\",\"name\":\"Comment\",\"target\":[\"https:\\\/\\\/digital58.com.ve\\\/site\\\/2017\\\/03\\\/21\\\/carmela-fenice-expondra-dialogo-intimo-con-la-memoria-en-el-maczul\\\/#respond\"]}]},{\"@type\":\"WebPage\",\"@id\":\"https:\\\/\\\/digital58.com.ve\\\/site\\\/2017\\\/03\\\/21\\\/carmela-fenice-expondra-dialogo-intimo-con-la-memoria-en-el-maczul\\\/\",\"url\":\"https:\\\/\\\/digital58.com.ve\\\/site\\\/2017\\\/03\\\/21\\\/carmela-fenice-expondra-dialogo-intimo-con-la-memoria-en-el-maczul\\\/\",\"name\":\"Carmela Fenice expondr\u00e1 \u00abDi\u00e1logo \u00edntimo con la memoria\u00bb en el MACZUL\",\"isPartOf\":{\"@id\":\"https:\\\/\\\/digital58.com.ve\\\/site\\\/#website\"},\"primaryImageOfPage\":{\"@id\":\"https:\\\/\\\/digital58.com.ve\\\/site\\\/2017\\\/03\\\/21\\\/carmela-fenice-expondra-dialogo-intimo-con-la-memoria-en-el-maczul\\\/#primaryimage\"},\"image\":{\"@id\":\"https:\\\/\\\/digital58.com.ve\\\/site\\\/2017\\\/03\\\/21\\\/carmela-fenice-expondra-dialogo-intimo-con-la-memoria-en-el-maczul\\\/#primaryimage\"},\"thumbnailUrl\":\"https:\\\/\\\/digital58.com.ve\\\/site\\\/wp-content\\\/uploads\\\/2017\\\/03\\\/carmen.jpg\",\"datePublished\":\"2017-03-21T10:31:07+00:00\",\"dateModified\":\"2017-03-21T10:32:13+00:00\",\"breadcrumb\":{\"@id\":\"https:\\\/\\\/digital58.com.ve\\\/site\\\/2017\\\/03\\\/21\\\/carmela-fenice-expondra-dialogo-intimo-con-la-memoria-en-el-maczul\\\/#breadcrumb\"},\"inLanguage\":\"es\",\"potentialAction\":[{\"@type\":\"ReadAction\",\"target\":[\"https:\\\/\\\/digital58.com.ve\\\/site\\\/2017\\\/03\\\/21\\\/carmela-fenice-expondra-dialogo-intimo-con-la-memoria-en-el-maczul\\\/\"]}]},{\"@type\":\"ImageObject\",\"inLanguage\":\"es\",\"@id\":\"https:\\\/\\\/digital58.com.ve\\\/site\\\/2017\\\/03\\\/21\\\/carmela-fenice-expondra-dialogo-intimo-con-la-memoria-en-el-maczul\\\/#primaryimage\",\"url\":\"https:\\\/\\\/digital58.com.ve\\\/site\\\/wp-content\\\/uploads\\\/2017\\\/03\\\/carmen.jpg\",\"contentUrl\":\"https:\\\/\\\/digital58.com.ve\\\/site\\\/wp-content\\\/uploads\\\/2017\\\/03\\\/carmen.jpg\",\"width\":800,\"height\":571},{\"@type\":\"BreadcrumbList\",\"@id\":\"https:\\\/\\\/digital58.com.ve\\\/site\\\/2017\\\/03\\\/21\\\/carmela-fenice-expondra-dialogo-intimo-con-la-memoria-en-el-maczul\\\/#breadcrumb\",\"itemListElement\":[{\"@type\":\"ListItem\",\"position\":1,\"name\":\"Home\",\"item\":\"https:\\\/\\\/digital58.com.ve\\\/site\\\/\"},{\"@type\":\"ListItem\",\"position\":2,\"name\":\"Carmela Fenice expondr\u00e1 \u00abDi\u00e1logo \u00edntimo con la memoria\u00bb en el MACZUL\"}]},{\"@type\":\"WebSite\",\"@id\":\"https:\\\/\\\/digital58.com.ve\\\/site\\\/#website\",\"url\":\"https:\\\/\\\/digital58.com.ve\\\/site\\\/\",\"name\":\"Noticias Digital58\",\"description\":\"Portal de Noticias \u00a1Periodismo web de verdad! Lanzamiento web 22.11.2005 \\\/ Maracaibo, Venezuela\",\"publisher\":{\"@id\":\"https:\\\/\\\/digital58.com.ve\\\/site\\\/#\\\/schema\\\/person\\\/64d1c2e4d0d4fd1b849980c4331c2951\"},\"alternateName\":\"ND58\",\"potentialAction\":[{\"@type\":\"SearchAction\",\"target\":{\"@type\":\"EntryPoint\",\"urlTemplate\":\"https:\\\/\\\/digital58.com.ve\\\/site\\\/?s={search_term_string}\"},\"query-input\":{\"@type\":\"PropertyValueSpecification\",\"valueRequired\":true,\"valueName\":\"search_term_string\"}}],\"inLanguage\":\"es\"},{\"@type\":[\"Person\",\"Organization\"],\"@id\":\"https:\\\/\\\/digital58.com.ve\\\/site\\\/#\\\/schema\\\/person\\\/64d1c2e4d0d4fd1b849980c4331c2951\",\"name\":\"Villasmil Henry\",\"image\":{\"@type\":\"ImageObject\",\"inLanguage\":\"es\",\"@id\":\"https:\\\/\\\/secure.gravatar.com\\\/avatar\\\/bb0c4a2fcb7970138239f7e404ea75757b1b507b28b5ce4c53fbd62d797c5a7c?s=96&d=mm&r=g\",\"url\":\"https:\\\/\\\/secure.gravatar.com\\\/avatar\\\/bb0c4a2fcb7970138239f7e404ea75757b1b507b28b5ce4c53fbd62d797c5a7c?s=96&d=mm&r=g\",\"contentUrl\":\"https:\\\/\\\/secure.gravatar.com\\\/avatar\\\/bb0c4a2fcb7970138239f7e404ea75757b1b507b28b5ce4c53fbd62d797c5a7c?s=96&d=mm&r=g\",\"caption\":\"Villasmil Henry\"},\"logo\":{\"@id\":\"https:\\\/\\\/secure.gravatar.com\\\/avatar\\\/bb0c4a2fcb7970138239f7e404ea75757b1b507b28b5ce4c53fbd62d797c5a7c?s=96&d=mm&r=g\"},\"sameAs\":[\"http:\\\/\\\/www.henryvillasmil.com.ve\",\"https:\\\/\\\/www.instagram.com\\\/villasmilhfoto\\\/\",\"https:\\\/\\\/x.com\\\/https:\\\/\\\/twitter.com\\\/villasmilhfoto\"],\"url\":\"https:\\\/\\\/digital58.com.ve\\\/site\\\/author\\\/droopy_68\\\/\"}]}<\/script>\n<!-- \/ Yoast SEO plugin. -->","yoast_head_json":{"title":"Carmela Fenice expondr\u00e1 \u00abDi\u00e1logo \u00edntimo con la memoria\u00bb en el MACZUL","robots":{"index":"index","follow":"follow","max-snippet":"max-snippet:-1","max-image-preview":"max-image-preview:large","max-video-preview":"max-video-preview:-1"},"canonical":"https:\/\/digital58.com.ve\/site\/2017\/03\/21\/carmela-fenice-expondra-dialogo-intimo-con-la-memoria-en-el-maczul\/","og_locale":"es_ES","og_type":"article","og_title":"Carmela Fenice expondr\u00e1 \u00abDi\u00e1logo \u00edntimo con la memoria\u00bb en el MACZUL","og_url":"https:\/\/digital58.com.ve\/site\/2017\/03\/21\/carmela-fenice-expondra-dialogo-intimo-con-la-memoria-en-el-maczul\/","og_site_name":"Noticias Digital58","article_published_time":"2017-03-21T10:31:07+00:00","article_modified_time":"2017-03-21T10:32:13+00:00","og_image":[{"width":1500,"height":1071,"url":"https:\/\/digital58.com.ve\/site\/wp-content\/uploads\/2017\/03\/carmen.jpg","type":"image\/jpeg"}],"author":"Villasmil Henry","twitter_card":"summary_large_image","twitter_creator":"@https:\/\/twitter.com\/villasmilhfoto","twitter_site":"@villasmilhfoto","twitter_misc":{"Escrito por":"Villasmil Henry","Tiempo estimado de lectura":"1 minuto"},"schema":{"@context":"https:\/\/schema.org","@graph":[{"@type":"Article","@id":"https:\/\/digital58.com.ve\/site\/2017\/03\/21\/carmela-fenice-expondra-dialogo-intimo-con-la-memoria-en-el-maczul\/#article","isPartOf":{"@id":"https:\/\/digital58.com.ve\/site\/2017\/03\/21\/carmela-fenice-expondra-dialogo-intimo-con-la-memoria-en-el-maczul\/"},"author":{"name":"Villasmil Henry","@id":"https:\/\/digital58.com.ve\/site\/#\/schema\/person\/64d1c2e4d0d4fd1b849980c4331c2951"},"headline":"Carmela Fenice expondr\u00e1 \u00abDi\u00e1logo \u00edntimo con la memoria\u00bb en el MACZUL","datePublished":"2017-03-21T10:31:07+00:00","dateModified":"2017-03-21T10:32:13+00:00","mainEntityOfPage":{"@id":"https:\/\/digital58.com.ve\/site\/2017\/03\/21\/carmela-fenice-expondra-dialogo-intimo-con-la-memoria-en-el-maczul\/"},"wordCount":241,"commentCount":0,"publisher":{"@id":"https:\/\/digital58.com.ve\/site\/#\/schema\/person\/64d1c2e4d0d4fd1b849980c4331c2951"},"image":{"@id":"https:\/\/digital58.com.ve\/site\/2017\/03\/21\/carmela-fenice-expondra-dialogo-intimo-con-la-memoria-en-el-maczul\/#primaryimage"},"thumbnailUrl":"https:\/\/digital58.com.ve\/site\/wp-content\/uploads\/2017\/03\/carmen.jpg","keywords":["Carmela Fenice","Exposiciones","Exposiciones Fotogr\u00e1ficas","Fotograf\u00edas","MACZUL","Maracaibo","Regionales"],"articleSection":["\u00bfD\u00f3nde ir Maracaibo?","Artes"],"inLanguage":"es","potentialAction":[{"@type":"CommentAction","name":"Comment","target":["https:\/\/digital58.com.ve\/site\/2017\/03\/21\/carmela-fenice-expondra-dialogo-intimo-con-la-memoria-en-el-maczul\/#respond"]}]},{"@type":"WebPage","@id":"https:\/\/digital58.com.ve\/site\/2017\/03\/21\/carmela-fenice-expondra-dialogo-intimo-con-la-memoria-en-el-maczul\/","url":"https:\/\/digital58.com.ve\/site\/2017\/03\/21\/carmela-fenice-expondra-dialogo-intimo-con-la-memoria-en-el-maczul\/","name":"Carmela Fenice expondr\u00e1 \u00abDi\u00e1logo \u00edntimo con la memoria\u00bb en el MACZUL","isPartOf":{"@id":"https:\/\/digital58.com.ve\/site\/#website"},"primaryImageOfPage":{"@id":"https:\/\/digital58.com.ve\/site\/2017\/03\/21\/carmela-fenice-expondra-dialogo-intimo-con-la-memoria-en-el-maczul\/#primaryimage"},"image":{"@id":"https:\/\/digital58.com.ve\/site\/2017\/03\/21\/carmela-fenice-expondra-dialogo-intimo-con-la-memoria-en-el-maczul\/#primaryimage"},"thumbnailUrl":"https:\/\/digital58.com.ve\/site\/wp-content\/uploads\/2017\/03\/carmen.jpg","datePublished":"2017-03-21T10:31:07+00:00","dateModified":"2017-03-21T10:32:13+00:00","breadcrumb":{"@id":"https:\/\/digital58.com.ve\/site\/2017\/03\/21\/carmela-fenice-expondra-dialogo-intimo-con-la-memoria-en-el-maczul\/#breadcrumb"},"inLanguage":"es","potentialAction":[{"@type":"ReadAction","target":["https:\/\/digital58.com.ve\/site\/2017\/03\/21\/carmela-fenice-expondra-dialogo-intimo-con-la-memoria-en-el-maczul\/"]}]},{"@type":"ImageObject","inLanguage":"es","@id":"https:\/\/digital58.com.ve\/site\/2017\/03\/21\/carmela-fenice-expondra-dialogo-intimo-con-la-memoria-en-el-maczul\/#primaryimage","url":"https:\/\/digital58.com.ve\/site\/wp-content\/uploads\/2017\/03\/carmen.jpg","contentUrl":"https:\/\/digital58.com.ve\/site\/wp-content\/uploads\/2017\/03\/carmen.jpg","width":800,"height":571},{"@type":"BreadcrumbList","@id":"https:\/\/digital58.com.ve\/site\/2017\/03\/21\/carmela-fenice-expondra-dialogo-intimo-con-la-memoria-en-el-maczul\/#breadcrumb","itemListElement":[{"@type":"ListItem","position":1,"name":"Home","item":"https:\/\/digital58.com.ve\/site\/"},{"@type":"ListItem","position":2,"name":"Carmela Fenice expondr\u00e1 \u00abDi\u00e1logo \u00edntimo con la memoria\u00bb en el MACZUL"}]},{"@type":"WebSite","@id":"https:\/\/digital58.com.ve\/site\/#website","url":"https:\/\/digital58.com.ve\/site\/","name":"Noticias Digital58","description":"Portal de Noticias \u00a1Periodismo web de verdad! Lanzamiento web 22.11.2005 \/ Maracaibo, Venezuela","publisher":{"@id":"https:\/\/digital58.com.ve\/site\/#\/schema\/person\/64d1c2e4d0d4fd1b849980c4331c2951"},"alternateName":"ND58","potentialAction":[{"@type":"SearchAction","target":{"@type":"EntryPoint","urlTemplate":"https:\/\/digital58.com.ve\/site\/?s={search_term_string}"},"query-input":{"@type":"PropertyValueSpecification","valueRequired":true,"valueName":"search_term_string"}}],"inLanguage":"es"},{"@type":["Person","Organization"],"@id":"https:\/\/digital58.com.ve\/site\/#\/schema\/person\/64d1c2e4d0d4fd1b849980c4331c2951","name":"Villasmil Henry","image":{"@type":"ImageObject","inLanguage":"es","@id":"https:\/\/secure.gravatar.com\/avatar\/bb0c4a2fcb7970138239f7e404ea75757b1b507b28b5ce4c53fbd62d797c5a7c?s=96&d=mm&r=g","url":"https:\/\/secure.gravatar.com\/avatar\/bb0c4a2fcb7970138239f7e404ea75757b1b507b28b5ce4c53fbd62d797c5a7c?s=96&d=mm&r=g","contentUrl":"https:\/\/secure.gravatar.com\/avatar\/bb0c4a2fcb7970138239f7e404ea75757b1b507b28b5ce4c53fbd62d797c5a7c?s=96&d=mm&r=g","caption":"Villasmil Henry"},"logo":{"@id":"https:\/\/secure.gravatar.com\/avatar\/bb0c4a2fcb7970138239f7e404ea75757b1b507b28b5ce4c53fbd62d797c5a7c?s=96&d=mm&r=g"},"sameAs":["http:\/\/www.henryvillasmil.com.ve","https:\/\/www.instagram.com\/villasmilhfoto\/","https:\/\/x.com\/https:\/\/twitter.com\/villasmilhfoto"],"url":"https:\/\/digital58.com.ve\/site\/author\/droopy_68\/"}]}},"uagb_featured_image_src":{"full":["https:\/\/digital58.com.ve\/site\/wp-content\/uploads\/2017\/03\/carmen.jpg",800,571,false],"thumbnail":["https:\/\/digital58.com.ve\/site\/wp-content\/uploads\/2017\/03\/carmen-150x150.jpg",150,150,true],"medium":["https:\/\/digital58.com.ve\/site\/wp-content\/uploads\/2017\/03\/carmen-300x214.jpg",300,214,true],"medium_large":["https:\/\/digital58.com.ve\/site\/wp-content\/uploads\/2017\/03\/carmen-768x548.jpg",768,548,true],"large":["https:\/\/digital58.com.ve\/site\/wp-content\/uploads\/2017\/03\/carmen-1434x1024.jpg",800,571,true],"1536x1536":["https:\/\/digital58.com.ve\/site\/wp-content\/uploads\/2017\/03\/carmen.jpg",800,571,false],"2048x2048":["https:\/\/digital58.com.ve\/site\/wp-content\/uploads\/2017\/03\/carmen.jpg",800,571,false],"colormag-highlighted-post":["https:\/\/digital58.com.ve\/site\/wp-content\/uploads\/2017\/03\/carmen.jpg",381,272,false],"colormag-featured-post-medium":["https:\/\/digital58.com.ve\/site\/wp-content\/uploads\/2017\/03\/carmen.jpg",287,205,false],"colormag-featured-post-small":["https:\/\/digital58.com.ve\/site\/wp-content\/uploads\/2017\/03\/carmen.jpg",126,90,false],"colormag-featured-image":["https:\/\/digital58.com.ve\/site\/wp-content\/uploads\/2017\/03\/carmen.jpg",623,445,false],"colormag-default-news":["https:\/\/digital58.com.ve\/site\/wp-content\/uploads\/2017\/03\/carmen.jpg",150,107,false],"colormag-featured-image-large":["https:\/\/digital58.com.ve\/site\/wp-content\/uploads\/2017\/03\/carmen.jpg",800,571,false]},"uagb_author_info":{"display_name":"Villasmil Henry","author_link":"https:\/\/digital58.com.ve\/site\/author\/droopy_68\/"},"uagb_comment_info":0,"uagb_excerpt":"El pr\u00f3ximo s\u00e1bado 25 de marzo, la artista visual Carmela Fenice, quien actualmente reside en Caracas, presentar\u00e1 su muestra individual","_links":{"self":[{"href":"https:\/\/digital58.com.ve\/site\/wp-json\/wp\/v2\/posts\/61592","targetHints":{"allow":["GET"]}}],"collection":[{"href":"https:\/\/digital58.com.ve\/site\/wp-json\/wp\/v2\/posts"}],"about":[{"href":"https:\/\/digital58.com.ve\/site\/wp-json\/wp\/v2\/types\/post"}],"author":[{"embeddable":true,"href":"https:\/\/digital58.com.ve\/site\/wp-json\/wp\/v2\/users\/1"}],"replies":[{"embeddable":true,"href":"https:\/\/digital58.com.ve\/site\/wp-json\/wp\/v2\/comments?post=61592"}],"version-history":[{"count":0,"href":"https:\/\/digital58.com.ve\/site\/wp-json\/wp\/v2\/posts\/61592\/revisions"}],"wp:featuredmedia":[{"embeddable":true,"href":"https:\/\/digital58.com.ve\/site\/wp-json\/wp\/v2\/media\/61593"}],"wp:attachment":[{"href":"https:\/\/digital58.com.ve\/site\/wp-json\/wp\/v2\/media?parent=61592"}],"wp:term":[{"taxonomy":"category","embeddable":true,"href":"https:\/\/digital58.com.ve\/site\/wp-json\/wp\/v2\/categories?post=61592"},{"taxonomy":"post_tag","embeddable":true,"href":"https:\/\/digital58.com.ve\/site\/wp-json\/wp\/v2\/tags?post=61592"}],"curies":[{"name":"wp","href":"https:\/\/api.w.org\/{rel}","templated":true}]}}