{"id":61817,"date":"2017-03-25T11:02:28","date_gmt":"2017-03-25T15:02:28","guid":{"rendered":"http:\/\/digital58.com.ve\/site\/?p=61817"},"modified":"2017-03-25T11:04:41","modified_gmt":"2017-03-25T15:04:41","slug":"maria-consuelo-armas-tengo-a-el-sistema-metido-en-mi-corazon","status":"publish","type":"post","link":"https:\/\/digital58.com.ve\/site\/2017\/03\/25\/maria-consuelo-armas-tengo-a-el-sistema-metido-en-mi-corazon\/","title":{"rendered":"Mar\u00eda Consuelo Armas: \u00abtengo a El Sistema metido en mi coraz\u00f3n\u00bb"},"content":{"rendered":"<p><a href=\"http:\/\/digital58.com.ve\/site\/wp-content\/uploads\/2017\/03\/directora.jpg\"><img loading=\"lazy\" decoding=\"async\" class=\"aligncenter size-full wp-image-61818\" src=\"http:\/\/digital58.com.ve\/site\/wp-content\/uploads\/2017\/03\/directora.jpg\" alt=\"\" width=\"595\" height=\"397\" srcset=\"https:\/\/digital58.com.ve\/site\/wp-content\/uploads\/2017\/03\/directora.jpg 595w, https:\/\/digital58.com.ve\/site\/wp-content\/uploads\/2017\/03\/directora-300x200.jpg 300w, https:\/\/digital58.com.ve\/site\/wp-content\/uploads\/2017\/03\/directora-480x320.jpg 480w\" sizes=\"auto, (max-width: 595px) 100vw, 595px\" \/><\/a><br \/>\nMar\u00eda Consuelo Armas con orgullo refiere ser producto de El Sistema Nacional de Coros y Orquestas juveniles e Infantiles de Venezuela. \u00abDentro de esta instituci\u00f3n he recibido las mejores satisfacciones como m\u00fasico y, actualmente, como conductora de la Orquesta Juvenil del Conservatorio de M\u00fasica \u201cJos\u00e9 Luis Paz\u201d, actividad que comparto con la docencia en este mismo centro de formaci\u00f3n musical\u00bb.<\/p>\n<p><strong>Maracaibo, Zulia, Venezuela, 25 de marzo de 2017 (D58).-<\/strong> Tambi\u00e9n es una destacada violinista (desde hace 16 a\u00f1os) de la Orquesta Sinf\u00f3nica de Maracaibo, agrupaci\u00f3n adscrita a la Secretar\u00eda de Cultura.<\/p>\n<p>Naci\u00f3 en Maracay, estado Aragua, el 12 de marzo de 1966. Desde ni\u00f1a se interes\u00f3 por aprender a tocar el viol\u00edn. \u00abEl Sistema lleg\u00f3 a mi ciudad para captar talentos, as\u00ed como lo ha hecho en todos los rincones del Venezuela, donde forma una orquesta con los peque\u00f1os m\u00fasicos de mi estado. Esto represent\u00f3 un gran avance para m\u00ed, porque me destaqu\u00e9 tocando mi instrumento preferido. Es por eso que tengo a El Sistema metido en mi coraz\u00f3n\u00bb.<\/p>\n<p>Mar\u00eda Consuelo Armas form\u00f3 parte de la Orquesta Sinf\u00f3nica de Aragua hasta que decide, en compa\u00f1\u00eda de su esposo, el tambi\u00e9n m\u00fasico Carlos Urribarr\u00ed, venirse a Maracaibo, para culminar sus estudios en el Conservatorio de M\u00fasica \u00abJos\u00e9 Luis Paz\u00bb, donde dicta c\u00e1tedra de viol\u00edn. Luego ingresa a la Universidad Cat\u00f3lica \u00abCecilio Acosta\u00bb, donde obtiene el t\u00edtulo de licenciada en M\u00fasica, menci\u00f3n Musicolog\u00eda.<\/p>\n<p>De la mano de \u00c9nder Burgos, director y docente, logra destacarse en el \u00e1rea de iniciaci\u00f3n orquestal con la posibilidad de dirigir las Orquestas Pre Infantil e Infantil. Junto con Yanina Albornoz, comparte roles de direcci\u00f3n hasta que \u00e9sta se fue al N\u00facleo de la Fundaci\u00f3n del Ni\u00f1o.<\/p>\n<p>Queda al mando de estas agrupaciones a las que mantiene en proceso de formaci\u00f3n, como lo estable El Sistema. \u00abA los ni\u00f1os le damos al m\u00e1ximo y luchamos por lo que tenemos, imprimiendo positivismo y las ganas de hacer las cosas en este mundo hermoso que es la m\u00fasica\u00bb.<\/p>\n<p>La joven directora de orquesta manifiesta con regocijo que en El Sistema cuentan con las mejores herramientas y disciplina, para incentiva a los estudiantes al estudio de la m\u00fasica. \u00abFundamentalmente se les motiva a ser buenos compa\u00f1eros y solidarios con quienes comparten esta actividad. Esto es prioritario para nosotros, como docentes y como padres\u00bb.<\/p>\n<p>Mar\u00eda Consuelo Armas viene de una familia musical. Tiene dos hijos que le han acompa\u00f1ado en esta faena diaria. Refleja un gran carisma y empat\u00eda con todos los alumnos que se le acercan e interrumpen esta conversaci\u00f3n, para saludarla con especial afecto.<\/p>\n<p>\u00abTengo un mont\u00f3n de hijos. Ellos se convierten en nuestros pulmones y nos nutren con su cari\u00f1o, es un gozo indescriptible que s\u00f3lo se puede revertir con nuestra entrega y formarles con dedicaci\u00f3n para hacer de ellos grandes m\u00fasicos y ejemplares hijos\u00bb.<\/p>\n<p>Se considera una mujer afortunada y realizada, tambi\u00e9n como esposa y madre. El mayor de sus hijos (de 20 a\u00f1os) se est\u00e1 forma en El Sistema. Actualmente dirige y dicta talleres en la Academia Latinoamericana de Viol\u00edn en Maracaibo, actividad que comparte con sus m\u00faltiples ocupaciones.<\/p>\n<p>\u00abSon 12 a\u00f1os que tengo como directora de orquestas. Estoy muy ocupada en el \u00e1mbito musical y me siento orgullosa de que la mayor\u00eda de mis alumnos, y muchos de los que han pasado por las orquestas que dirijo integran la Orquesta Infantil y muchos est\u00e1n en la Sinf\u00f3nica de la Juventud Zuliana \u201cRafael Urdaneta\u201d\u00bb.<\/p><div class=\"vcqsx69f33f5caef83\" ><p style=\"text-align: center;\"><a href=\"https:\/\/t.me\/noticiasdigital58\" target=\"_blank\" rel=\"noopener\"><img class=\"aligncenter size-full wp-image-125363\" src=\"https:\/\/digital58.com.ve\/site\/wp-content\/uploads\/2021\/04\/banner-telegram-web-2021.png\" alt=\"\" width=\"600\" height=\"90\" \/><\/a><\/p><\/div><style type=\"text\/css\">\r\n@media screen and (min-width: 1201px) {\r\n.vcqsx69f33f5caef83 {\r\ndisplay: block;\r\n}\r\n}\r\n@media screen and (min-width: 993px) and (max-width: 1200px) {\r\n.vcqsx69f33f5caef83 {\r\ndisplay: block;\r\n}\r\n}\r\n@media screen and (min-width: 769px) and (max-width: 992px) {\r\n.vcqsx69f33f5caef83 {\r\ndisplay: block;\r\n}\r\n}\r\n@media screen and (min-width: 768px) and (max-width: 768px) {\r\n.vcqsx69f33f5caef83 {\r\ndisplay: block;\r\n}\r\n}\r\n@media screen and (max-width: 767px) {\r\n.vcqsx69f33f5caef83 {\r\ndisplay: block;\r\n}\r\n}\r\n<\/style>\r\n\n<p><strong>Redacci\u00f3n y fuente: Mar\u00eda Villalobos\/Prensa Secretar\u00eda de Cultura<\/strong><br \/>\n<strong>Edici\u00f3n: Villasmil, Henry<\/strong><br \/>\n<strong>Fotos: Danilo Galu\u00e9<\/strong><\/p>\n<div style=\"margin-top: 0px; margin-bottom: 0px;\" class=\"sharethis-inline-share-buttons\" ><\/div>","protected":false},"excerpt":{"rendered":"<p>Mar\u00eda Consuelo Armas con orgullo refiere ser producto de El Sistema Nacional de Coros y Orquestas juveniles e Infantiles de<\/p>\n","protected":false},"author":1,"featured_media":61818,"comment_status":"open","ping_status":"closed","sticky":false,"template":"","format":"standard","meta":{"colormag_page_container_layout":"default_layout","colormag_page_sidebar_layout":"default_layout","_uag_custom_page_level_css":"","footnotes":""},"categories":[5403],"tags":[6741,73,6740,6696,4192,2354,210,32],"class_list":["post-61817","post","type-post","status-publish","format-standard","has-post-thumbnail","hentry","category-otros","tag-director-de-orquestas","tag-maracaibo","tag-maria-consuelo-armas","tag-mes-de-la-mujer","tag-perfiles","tag-regionales","tag-venezolanos-destacados","tag-venezuela"],"yoast_head":"<!-- This site is optimized with the Yoast SEO plugin v27.5 - https:\/\/yoast.com\/product\/yoast-seo-wordpress\/ -->\n<title>Mar\u00eda Consuelo Armas: \u00abtengo a El Sistema metido en mi coraz\u00f3n\u00bb<\/title>\n<meta name=\"robots\" content=\"index, follow, max-snippet:-1, max-image-preview:large, max-video-preview:-1\" \/>\n<link rel=\"canonical\" href=\"https:\/\/digital58.com.ve\/site\/2017\/03\/25\/maria-consuelo-armas-tengo-a-el-sistema-metido-en-mi-corazon\/\" \/>\n<meta property=\"og:locale\" content=\"es_ES\" \/>\n<meta property=\"og:type\" content=\"article\" \/>\n<meta property=\"og:title\" content=\"Mar\u00eda Consuelo Armas: \u00abtengo a El Sistema metido en mi coraz\u00f3n\u00bb\" \/>\n<meta property=\"og:url\" content=\"https:\/\/digital58.com.ve\/site\/2017\/03\/25\/maria-consuelo-armas-tengo-a-el-sistema-metido-en-mi-corazon\/\" \/>\n<meta property=\"og:site_name\" content=\"Noticias Digital58\" \/>\n<meta property=\"article:published_time\" content=\"2017-03-25T15:02:28+00:00\" \/>\n<meta property=\"article:modified_time\" content=\"2017-03-25T15:04:41+00:00\" \/>\n<meta property=\"og:image\" content=\"https:\/\/digital58.com.ve\/site\/wp-content\/uploads\/2017\/03\/directora.jpg\" \/>\n\t<meta property=\"og:image:width\" content=\"595\" \/>\n\t<meta property=\"og:image:height\" content=\"397\" \/>\n\t<meta property=\"og:image:type\" content=\"image\/jpeg\" \/>\n<meta name=\"author\" content=\"Villasmil Henry\" \/>\n<meta name=\"twitter:card\" content=\"summary_large_image\" \/>\n<meta name=\"twitter:creator\" content=\"@https:\/\/twitter.com\/villasmilhfoto\" \/>\n<meta name=\"twitter:site\" content=\"@villasmilhfoto\" \/>\n<meta name=\"twitter:label1\" content=\"Escrito por\" \/>\n\t<meta name=\"twitter:data1\" content=\"Villasmil Henry\" \/>\n\t<meta name=\"twitter:label2\" content=\"Tiempo estimado de lectura\" \/>\n\t<meta name=\"twitter:data2\" content=\"3 minutos\" \/>\n<script type=\"application\/ld+json\" class=\"yoast-schema-graph\">{\"@context\":\"https:\\\/\\\/schema.org\",\"@graph\":[{\"@type\":\"Article\",\"@id\":\"https:\\\/\\\/digital58.com.ve\\\/site\\\/2017\\\/03\\\/25\\\/maria-consuelo-armas-tengo-a-el-sistema-metido-en-mi-corazon\\\/#article\",\"isPartOf\":{\"@id\":\"https:\\\/\\\/digital58.com.ve\\\/site\\\/2017\\\/03\\\/25\\\/maria-consuelo-armas-tengo-a-el-sistema-metido-en-mi-corazon\\\/\"},\"author\":{\"name\":\"Villasmil Henry\",\"@id\":\"https:\\\/\\\/digital58.com.ve\\\/site\\\/#\\\/schema\\\/person\\\/64d1c2e4d0d4fd1b849980c4331c2951\"},\"headline\":\"Mar\u00eda Consuelo Armas: \u00abtengo a El Sistema metido en mi coraz\u00f3n\u00bb\",\"datePublished\":\"2017-03-25T15:02:28+00:00\",\"dateModified\":\"2017-03-25T15:04:41+00:00\",\"mainEntityOfPage\":{\"@id\":\"https:\\\/\\\/digital58.com.ve\\\/site\\\/2017\\\/03\\\/25\\\/maria-consuelo-armas-tengo-a-el-sistema-metido-en-mi-corazon\\\/\"},\"wordCount\":649,\"commentCount\":0,\"publisher\":{\"@id\":\"https:\\\/\\\/digital58.com.ve\\\/site\\\/#\\\/schema\\\/person\\\/64d1c2e4d0d4fd1b849980c4331c2951\"},\"image\":{\"@id\":\"https:\\\/\\\/digital58.com.ve\\\/site\\\/2017\\\/03\\\/25\\\/maria-consuelo-armas-tengo-a-el-sistema-metido-en-mi-corazon\\\/#primaryimage\"},\"thumbnailUrl\":\"https:\\\/\\\/digital58.com.ve\\\/site\\\/wp-content\\\/uploads\\\/2017\\\/03\\\/directora.jpg\",\"keywords\":[\"Director de Orquestas\",\"Maracaibo\",\"Mar\u00eda Consuelo Armas\",\"Mes de la Mujer\",\"Perfiles\",\"Regionales\",\"Venezolanos Destacados\",\"Venezuela\"],\"articleSection\":[\"Otros\"],\"inLanguage\":\"es\",\"potentialAction\":[{\"@type\":\"CommentAction\",\"name\":\"Comment\",\"target\":[\"https:\\\/\\\/digital58.com.ve\\\/site\\\/2017\\\/03\\\/25\\\/maria-consuelo-armas-tengo-a-el-sistema-metido-en-mi-corazon\\\/#respond\"]}]},{\"@type\":\"WebPage\",\"@id\":\"https:\\\/\\\/digital58.com.ve\\\/site\\\/2017\\\/03\\\/25\\\/maria-consuelo-armas-tengo-a-el-sistema-metido-en-mi-corazon\\\/\",\"url\":\"https:\\\/\\\/digital58.com.ve\\\/site\\\/2017\\\/03\\\/25\\\/maria-consuelo-armas-tengo-a-el-sistema-metido-en-mi-corazon\\\/\",\"name\":\"Mar\u00eda Consuelo Armas: \u00abtengo a El Sistema metido en mi coraz\u00f3n\u00bb\",\"isPartOf\":{\"@id\":\"https:\\\/\\\/digital58.com.ve\\\/site\\\/#website\"},\"primaryImageOfPage\":{\"@id\":\"https:\\\/\\\/digital58.com.ve\\\/site\\\/2017\\\/03\\\/25\\\/maria-consuelo-armas-tengo-a-el-sistema-metido-en-mi-corazon\\\/#primaryimage\"},\"image\":{\"@id\":\"https:\\\/\\\/digital58.com.ve\\\/site\\\/2017\\\/03\\\/25\\\/maria-consuelo-armas-tengo-a-el-sistema-metido-en-mi-corazon\\\/#primaryimage\"},\"thumbnailUrl\":\"https:\\\/\\\/digital58.com.ve\\\/site\\\/wp-content\\\/uploads\\\/2017\\\/03\\\/directora.jpg\",\"datePublished\":\"2017-03-25T15:02:28+00:00\",\"dateModified\":\"2017-03-25T15:04:41+00:00\",\"breadcrumb\":{\"@id\":\"https:\\\/\\\/digital58.com.ve\\\/site\\\/2017\\\/03\\\/25\\\/maria-consuelo-armas-tengo-a-el-sistema-metido-en-mi-corazon\\\/#breadcrumb\"},\"inLanguage\":\"es\",\"potentialAction\":[{\"@type\":\"ReadAction\",\"target\":[\"https:\\\/\\\/digital58.com.ve\\\/site\\\/2017\\\/03\\\/25\\\/maria-consuelo-armas-tengo-a-el-sistema-metido-en-mi-corazon\\\/\"]}]},{\"@type\":\"ImageObject\",\"inLanguage\":\"es\",\"@id\":\"https:\\\/\\\/digital58.com.ve\\\/site\\\/2017\\\/03\\\/25\\\/maria-consuelo-armas-tengo-a-el-sistema-metido-en-mi-corazon\\\/#primaryimage\",\"url\":\"https:\\\/\\\/digital58.com.ve\\\/site\\\/wp-content\\\/uploads\\\/2017\\\/03\\\/directora.jpg\",\"contentUrl\":\"https:\\\/\\\/digital58.com.ve\\\/site\\\/wp-content\\\/uploads\\\/2017\\\/03\\\/directora.jpg\",\"width\":595,\"height\":397},{\"@type\":\"BreadcrumbList\",\"@id\":\"https:\\\/\\\/digital58.com.ve\\\/site\\\/2017\\\/03\\\/25\\\/maria-consuelo-armas-tengo-a-el-sistema-metido-en-mi-corazon\\\/#breadcrumb\",\"itemListElement\":[{\"@type\":\"ListItem\",\"position\":1,\"name\":\"Home\",\"item\":\"https:\\\/\\\/digital58.com.ve\\\/site\\\/\"},{\"@type\":\"ListItem\",\"position\":2,\"name\":\"Mar\u00eda Consuelo Armas: \u00abtengo a El Sistema metido en mi coraz\u00f3n\u00bb\"}]},{\"@type\":\"WebSite\",\"@id\":\"https:\\\/\\\/digital58.com.ve\\\/site\\\/#website\",\"url\":\"https:\\\/\\\/digital58.com.ve\\\/site\\\/\",\"name\":\"Noticias Digital58\",\"description\":\"Portal de Noticias \u00a1Periodismo web de verdad! Lanzamiento web 22.11.2005 \\\/ Maracaibo, Venezuela\",\"publisher\":{\"@id\":\"https:\\\/\\\/digital58.com.ve\\\/site\\\/#\\\/schema\\\/person\\\/64d1c2e4d0d4fd1b849980c4331c2951\"},\"alternateName\":\"ND58\",\"potentialAction\":[{\"@type\":\"SearchAction\",\"target\":{\"@type\":\"EntryPoint\",\"urlTemplate\":\"https:\\\/\\\/digital58.com.ve\\\/site\\\/?s={search_term_string}\"},\"query-input\":{\"@type\":\"PropertyValueSpecification\",\"valueRequired\":true,\"valueName\":\"search_term_string\"}}],\"inLanguage\":\"es\"},{\"@type\":[\"Person\",\"Organization\"],\"@id\":\"https:\\\/\\\/digital58.com.ve\\\/site\\\/#\\\/schema\\\/person\\\/64d1c2e4d0d4fd1b849980c4331c2951\",\"name\":\"Villasmil Henry\",\"image\":{\"@type\":\"ImageObject\",\"inLanguage\":\"es\",\"@id\":\"https:\\\/\\\/secure.gravatar.com\\\/avatar\\\/bb0c4a2fcb7970138239f7e404ea75757b1b507b28b5ce4c53fbd62d797c5a7c?s=96&d=mm&r=g\",\"url\":\"https:\\\/\\\/secure.gravatar.com\\\/avatar\\\/bb0c4a2fcb7970138239f7e404ea75757b1b507b28b5ce4c53fbd62d797c5a7c?s=96&d=mm&r=g\",\"contentUrl\":\"https:\\\/\\\/secure.gravatar.com\\\/avatar\\\/bb0c4a2fcb7970138239f7e404ea75757b1b507b28b5ce4c53fbd62d797c5a7c?s=96&d=mm&r=g\",\"caption\":\"Villasmil Henry\"},\"logo\":{\"@id\":\"https:\\\/\\\/secure.gravatar.com\\\/avatar\\\/bb0c4a2fcb7970138239f7e404ea75757b1b507b28b5ce4c53fbd62d797c5a7c?s=96&d=mm&r=g\"},\"sameAs\":[\"http:\\\/\\\/www.henryvillasmil.com.ve\",\"https:\\\/\\\/www.instagram.com\\\/villasmilhfoto\\\/\",\"https:\\\/\\\/x.com\\\/https:\\\/\\\/twitter.com\\\/villasmilhfoto\"],\"url\":\"https:\\\/\\\/digital58.com.ve\\\/site\\\/author\\\/droopy_68\\\/\"}]}<\/script>\n<!-- \/ Yoast SEO plugin. -->","yoast_head_json":{"title":"Mar\u00eda Consuelo Armas: \u00abtengo a El Sistema metido en mi coraz\u00f3n\u00bb","robots":{"index":"index","follow":"follow","max-snippet":"max-snippet:-1","max-image-preview":"max-image-preview:large","max-video-preview":"max-video-preview:-1"},"canonical":"https:\/\/digital58.com.ve\/site\/2017\/03\/25\/maria-consuelo-armas-tengo-a-el-sistema-metido-en-mi-corazon\/","og_locale":"es_ES","og_type":"article","og_title":"Mar\u00eda Consuelo Armas: \u00abtengo a El Sistema metido en mi coraz\u00f3n\u00bb","og_url":"https:\/\/digital58.com.ve\/site\/2017\/03\/25\/maria-consuelo-armas-tengo-a-el-sistema-metido-en-mi-corazon\/","og_site_name":"Noticias Digital58","article_published_time":"2017-03-25T15:02:28+00:00","article_modified_time":"2017-03-25T15:04:41+00:00","og_image":[{"width":595,"height":397,"url":"https:\/\/digital58.com.ve\/site\/wp-content\/uploads\/2017\/03\/directora.jpg","type":"image\/jpeg"}],"author":"Villasmil Henry","twitter_card":"summary_large_image","twitter_creator":"@https:\/\/twitter.com\/villasmilhfoto","twitter_site":"@villasmilhfoto","twitter_misc":{"Escrito por":"Villasmil Henry","Tiempo estimado de lectura":"3 minutos"},"schema":{"@context":"https:\/\/schema.org","@graph":[{"@type":"Article","@id":"https:\/\/digital58.com.ve\/site\/2017\/03\/25\/maria-consuelo-armas-tengo-a-el-sistema-metido-en-mi-corazon\/#article","isPartOf":{"@id":"https:\/\/digital58.com.ve\/site\/2017\/03\/25\/maria-consuelo-armas-tengo-a-el-sistema-metido-en-mi-corazon\/"},"author":{"name":"Villasmil Henry","@id":"https:\/\/digital58.com.ve\/site\/#\/schema\/person\/64d1c2e4d0d4fd1b849980c4331c2951"},"headline":"Mar\u00eda Consuelo Armas: \u00abtengo a El Sistema metido en mi coraz\u00f3n\u00bb","datePublished":"2017-03-25T15:02:28+00:00","dateModified":"2017-03-25T15:04:41+00:00","mainEntityOfPage":{"@id":"https:\/\/digital58.com.ve\/site\/2017\/03\/25\/maria-consuelo-armas-tengo-a-el-sistema-metido-en-mi-corazon\/"},"wordCount":649,"commentCount":0,"publisher":{"@id":"https:\/\/digital58.com.ve\/site\/#\/schema\/person\/64d1c2e4d0d4fd1b849980c4331c2951"},"image":{"@id":"https:\/\/digital58.com.ve\/site\/2017\/03\/25\/maria-consuelo-armas-tengo-a-el-sistema-metido-en-mi-corazon\/#primaryimage"},"thumbnailUrl":"https:\/\/digital58.com.ve\/site\/wp-content\/uploads\/2017\/03\/directora.jpg","keywords":["Director de Orquestas","Maracaibo","Mar\u00eda Consuelo Armas","Mes de la Mujer","Perfiles","Regionales","Venezolanos Destacados","Venezuela"],"articleSection":["Otros"],"inLanguage":"es","potentialAction":[{"@type":"CommentAction","name":"Comment","target":["https:\/\/digital58.com.ve\/site\/2017\/03\/25\/maria-consuelo-armas-tengo-a-el-sistema-metido-en-mi-corazon\/#respond"]}]},{"@type":"WebPage","@id":"https:\/\/digital58.com.ve\/site\/2017\/03\/25\/maria-consuelo-armas-tengo-a-el-sistema-metido-en-mi-corazon\/","url":"https:\/\/digital58.com.ve\/site\/2017\/03\/25\/maria-consuelo-armas-tengo-a-el-sistema-metido-en-mi-corazon\/","name":"Mar\u00eda Consuelo Armas: \u00abtengo a El Sistema metido en mi coraz\u00f3n\u00bb","isPartOf":{"@id":"https:\/\/digital58.com.ve\/site\/#website"},"primaryImageOfPage":{"@id":"https:\/\/digital58.com.ve\/site\/2017\/03\/25\/maria-consuelo-armas-tengo-a-el-sistema-metido-en-mi-corazon\/#primaryimage"},"image":{"@id":"https:\/\/digital58.com.ve\/site\/2017\/03\/25\/maria-consuelo-armas-tengo-a-el-sistema-metido-en-mi-corazon\/#primaryimage"},"thumbnailUrl":"https:\/\/digital58.com.ve\/site\/wp-content\/uploads\/2017\/03\/directora.jpg","datePublished":"2017-03-25T15:02:28+00:00","dateModified":"2017-03-25T15:04:41+00:00","breadcrumb":{"@id":"https:\/\/digital58.com.ve\/site\/2017\/03\/25\/maria-consuelo-armas-tengo-a-el-sistema-metido-en-mi-corazon\/#breadcrumb"},"inLanguage":"es","potentialAction":[{"@type":"ReadAction","target":["https:\/\/digital58.com.ve\/site\/2017\/03\/25\/maria-consuelo-armas-tengo-a-el-sistema-metido-en-mi-corazon\/"]}]},{"@type":"ImageObject","inLanguage":"es","@id":"https:\/\/digital58.com.ve\/site\/2017\/03\/25\/maria-consuelo-armas-tengo-a-el-sistema-metido-en-mi-corazon\/#primaryimage","url":"https:\/\/digital58.com.ve\/site\/wp-content\/uploads\/2017\/03\/directora.jpg","contentUrl":"https:\/\/digital58.com.ve\/site\/wp-content\/uploads\/2017\/03\/directora.jpg","width":595,"height":397},{"@type":"BreadcrumbList","@id":"https:\/\/digital58.com.ve\/site\/2017\/03\/25\/maria-consuelo-armas-tengo-a-el-sistema-metido-en-mi-corazon\/#breadcrumb","itemListElement":[{"@type":"ListItem","position":1,"name":"Home","item":"https:\/\/digital58.com.ve\/site\/"},{"@type":"ListItem","position":2,"name":"Mar\u00eda Consuelo Armas: \u00abtengo a El Sistema metido en mi coraz\u00f3n\u00bb"}]},{"@type":"WebSite","@id":"https:\/\/digital58.com.ve\/site\/#website","url":"https:\/\/digital58.com.ve\/site\/","name":"Noticias Digital58","description":"Portal de Noticias \u00a1Periodismo web de verdad! Lanzamiento web 22.11.2005 \/ Maracaibo, Venezuela","publisher":{"@id":"https:\/\/digital58.com.ve\/site\/#\/schema\/person\/64d1c2e4d0d4fd1b849980c4331c2951"},"alternateName":"ND58","potentialAction":[{"@type":"SearchAction","target":{"@type":"EntryPoint","urlTemplate":"https:\/\/digital58.com.ve\/site\/?s={search_term_string}"},"query-input":{"@type":"PropertyValueSpecification","valueRequired":true,"valueName":"search_term_string"}}],"inLanguage":"es"},{"@type":["Person","Organization"],"@id":"https:\/\/digital58.com.ve\/site\/#\/schema\/person\/64d1c2e4d0d4fd1b849980c4331c2951","name":"Villasmil Henry","image":{"@type":"ImageObject","inLanguage":"es","@id":"https:\/\/secure.gravatar.com\/avatar\/bb0c4a2fcb7970138239f7e404ea75757b1b507b28b5ce4c53fbd62d797c5a7c?s=96&d=mm&r=g","url":"https:\/\/secure.gravatar.com\/avatar\/bb0c4a2fcb7970138239f7e404ea75757b1b507b28b5ce4c53fbd62d797c5a7c?s=96&d=mm&r=g","contentUrl":"https:\/\/secure.gravatar.com\/avatar\/bb0c4a2fcb7970138239f7e404ea75757b1b507b28b5ce4c53fbd62d797c5a7c?s=96&d=mm&r=g","caption":"Villasmil Henry"},"logo":{"@id":"https:\/\/secure.gravatar.com\/avatar\/bb0c4a2fcb7970138239f7e404ea75757b1b507b28b5ce4c53fbd62d797c5a7c?s=96&d=mm&r=g"},"sameAs":["http:\/\/www.henryvillasmil.com.ve","https:\/\/www.instagram.com\/villasmilhfoto\/","https:\/\/x.com\/https:\/\/twitter.com\/villasmilhfoto"],"url":"https:\/\/digital58.com.ve\/site\/author\/droopy_68\/"}]}},"uagb_featured_image_src":{"full":["https:\/\/digital58.com.ve\/site\/wp-content\/uploads\/2017\/03\/directora.jpg",595,397,false],"thumbnail":["https:\/\/digital58.com.ve\/site\/wp-content\/uploads\/2017\/03\/directora-150x150.jpg",150,150,true],"medium":["https:\/\/digital58.com.ve\/site\/wp-content\/uploads\/2017\/03\/directora-300x200.jpg",300,200,true],"medium_large":["https:\/\/digital58.com.ve\/site\/wp-content\/uploads\/2017\/03\/directora.jpg",595,397,false],"large":["https:\/\/digital58.com.ve\/site\/wp-content\/uploads\/2017\/03\/directora.jpg",595,397,false],"1536x1536":["https:\/\/digital58.com.ve\/site\/wp-content\/uploads\/2017\/03\/directora.jpg",595,397,false],"2048x2048":["https:\/\/digital58.com.ve\/site\/wp-content\/uploads\/2017\/03\/directora.jpg",595,397,false],"colormag-highlighted-post":["https:\/\/digital58.com.ve\/site\/wp-content\/uploads\/2017\/03\/directora.jpg",392,262,false],"colormag-featured-post-medium":["https:\/\/digital58.com.ve\/site\/wp-content\/uploads\/2017\/03\/directora.jpg",307,205,false],"colormag-featured-post-small":["https:\/\/digital58.com.ve\/site\/wp-content\/uploads\/2017\/03\/directora.jpg",130,87,false],"colormag-featured-image":["https:\/\/digital58.com.ve\/site\/wp-content\/uploads\/2017\/03\/directora.jpg",595,397,false],"colormag-default-news":["https:\/\/digital58.com.ve\/site\/wp-content\/uploads\/2017\/03\/directora.jpg",150,100,false],"colormag-featured-image-large":["https:\/\/digital58.com.ve\/site\/wp-content\/uploads\/2017\/03\/directora.jpg",595,397,false]},"uagb_author_info":{"display_name":"Villasmil Henry","author_link":"https:\/\/digital58.com.ve\/site\/author\/droopy_68\/"},"uagb_comment_info":0,"uagb_excerpt":"Mar\u00eda Consuelo Armas con orgullo refiere ser producto de El Sistema Nacional de Coros y Orquestas juveniles e Infantiles de","_links":{"self":[{"href":"https:\/\/digital58.com.ve\/site\/wp-json\/wp\/v2\/posts\/61817","targetHints":{"allow":["GET"]}}],"collection":[{"href":"https:\/\/digital58.com.ve\/site\/wp-json\/wp\/v2\/posts"}],"about":[{"href":"https:\/\/digital58.com.ve\/site\/wp-json\/wp\/v2\/types\/post"}],"author":[{"embeddable":true,"href":"https:\/\/digital58.com.ve\/site\/wp-json\/wp\/v2\/users\/1"}],"replies":[{"embeddable":true,"href":"https:\/\/digital58.com.ve\/site\/wp-json\/wp\/v2\/comments?post=61817"}],"version-history":[{"count":0,"href":"https:\/\/digital58.com.ve\/site\/wp-json\/wp\/v2\/posts\/61817\/revisions"}],"wp:featuredmedia":[{"embeddable":true,"href":"https:\/\/digital58.com.ve\/site\/wp-json\/wp\/v2\/media\/61818"}],"wp:attachment":[{"href":"https:\/\/digital58.com.ve\/site\/wp-json\/wp\/v2\/media?parent=61817"}],"wp:term":[{"taxonomy":"category","embeddable":true,"href":"https:\/\/digital58.com.ve\/site\/wp-json\/wp\/v2\/categories?post=61817"},{"taxonomy":"post_tag","embeddable":true,"href":"https:\/\/digital58.com.ve\/site\/wp-json\/wp\/v2\/tags?post=61817"}],"curies":[{"name":"wp","href":"https:\/\/api.w.org\/{rel}","templated":true}]}}