{"id":62606,"date":"2017-04-26T06:32:59","date_gmt":"2017-04-26T10:32:59","guid":{"rendered":"http:\/\/digital58.com.ve\/site\/?p=62606"},"modified":"2017-04-26T06:32:59","modified_gmt":"2017-04-26T10:32:59","slug":"laura-guevara-esta-comprometida-con-el-pais","status":"publish","type":"post","link":"https:\/\/digital58.com.ve\/site\/2017\/04\/26\/laura-guevara-esta-comprometida-con-el-pais\/","title":{"rendered":"Laura Guevara est\u00e1 comprometida con el pa\u00eds"},"content":{"rendered":"<p><a href=\"http:\/\/digital58.com.ve\/site\/wp-content\/uploads\/2017\/04\/lauraguebara.jpg\"><img loading=\"lazy\" decoding=\"async\" class=\"aligncenter size-large wp-image-62607\" src=\"http:\/\/digital58.com.ve\/site\/wp-content\/uploads\/2017\/04\/lauraguebara-1095x1024.jpg\" alt=\"\" width=\"640\" height=\"599\" srcset=\"https:\/\/digital58.com.ve\/site\/wp-content\/uploads\/2017\/04\/lauraguebara-1095x1024.jpg 1095w, https:\/\/digital58.com.ve\/site\/wp-content\/uploads\/2017\/04\/lauraguebara-300x280.jpg 300w, https:\/\/digital58.com.ve\/site\/wp-content\/uploads\/2017\/04\/lauraguebara-768x718.jpg 768w, https:\/\/digital58.com.ve\/site\/wp-content\/uploads\/2017\/04\/lauraguebara.jpg 642w\" sizes=\"auto, (max-width: 640px) 100vw, 640px\" \/><\/a><\/p>\n<p>Iniciando el mes de abril, Guevara llev\u00f3 su m\u00fasica a la comunidad de Canaima donde ofreci\u00f3 una charla inspiracional para los ni\u00f1os, ni\u00f1as y j\u00f3venes sobre el poder que tiene so\u00f1ar en grande y lo transformadora que puede ser la m\u00fasica para la sociedad. En estos momentos la principal actividad y aspiraci\u00f3n de los j\u00f3venes en este lugar es la miner\u00eda, muchos han abandonado los estudios para dedicarse a la explotaci\u00f3n del arco minero.<\/p>\n<p><strong>Caracas, DC, Venezuela, 26 de abril de 2017 (D58).-<\/strong> La cantante tambi\u00e9n dict\u00f3 un taller de canto para la coral de ni\u00f1as y ni\u00f1os pemones de la localidad y ofreci\u00f3 un concierto gratuito a todos los pobladores de la zona.<\/p>\n<p>En este viaje la acompa\u00f1\u00f3 el basquetbolista venezolano de la NBA Greivis Vasquez quien a su vez inspir\u00f3 a los chamos con su lema \u00abel que no estudia, no juega\u00bb.<\/p>\n<p>Laura Guevara afirma \u00abTodo lo que soy se lo debo a Venezuela y no desaprovechar\u00e9 ninguna oportunidad para retribuirle todo el amor que me ha dado\u00bb.<\/p>\n<p>En este viaje Laura grab\u00f3 el tema venezolano \u00abSi de Noche ves que brillan\u00bb, cantado en castellano y en pem\u00f3n, acompa\u00f1ada por la coral de ni\u00f1os de Canaima. Grab\u00f3 adem\u00e1s tres canciones en vivo y un video <em>clip<\/em> con los imponentes paisajes de Canaima y sus tepuyes para su pr\u00f3xima producci\u00f3n discogr\u00e1fica.<\/p>\n<p>En estos momentos la artista se encuentra ejerciendo su rol como ciudadana, reportando en sus redes sociales (@LaLauraGuevara) todo lo que ocurre en las manifestaciones pac\u00edficas. Dice \u00abAntes de ser cantautora, soy venezolana. Todo empez\u00f3 cuando me di cuenta de que no hab\u00edan medios de comunicaci\u00f3n reportando y mostrando lo que ocurr\u00eda en las manifestaciones, por eso decid\u00ed salir para que la gente estuviera informada\u00bb.<\/p>\n<p>El pasado mes de marzo, Laura Guevara ofreci\u00f3 una \u00faltima presentaci\u00f3n en Caracas antes de irse de gira para representar a Venezuela en el exterior.<\/p>\n<p>La cantautora expone \u00abVenezuela es mucho m\u00e1s que sus circunstancias actuales. Me siento muy orgullosa de mi gente, de la nobleza de sus corazones y de c\u00f3mo est\u00e1n intentado ser escuchados para lograr el cambio necesario que todos queremos\u2026 y merecemos\u00bb.<\/p>\n<p>Todo el viaje de Laura Guevara fue posible gracias a las atenciones y buena disposici\u00f3n de Wak\u00fc Lodge (IG: @wakulodge)<\/p>\n<p>Para mayor informaci\u00f3n de Laura Guevara s\u00edguela por TW @LaLauraGuevara , IG @LaLauraGuevara y Facebook: La Laura Guevara.<\/p>\n<p><strong>Redacci\u00f3n y fuente: Rosas-Godoy Comunicaciones<\/strong><br \/>\n<strong>Edici\u00f3n: Villasmil, Henry<\/strong><br \/>\n<strong>Foto: cortes\u00eda Rosas-Godoy Comunicaciones<\/strong><\/p>\n<p>&nbsp;<\/p><div class=\"sauaw69f33f5b9cce5\" ><p style=\"text-align: center;\"><a href=\"https:\/\/t.me\/noticiasdigital58\" target=\"_blank\" rel=\"noopener\"><img class=\"aligncenter size-full wp-image-125363\" src=\"https:\/\/digital58.com.ve\/site\/wp-content\/uploads\/2021\/04\/banner-telegram-web-2021.png\" alt=\"\" width=\"600\" height=\"90\" \/><\/a><\/p><\/div><style type=\"text\/css\">\r\n@media screen and (min-width: 1201px) {\r\n.sauaw69f33f5b9cce5 {\r\ndisplay: block;\r\n}\r\n}\r\n@media screen and (min-width: 993px) and (max-width: 1200px) {\r\n.sauaw69f33f5b9cce5 {\r\ndisplay: block;\r\n}\r\n}\r\n@media screen and (min-width: 769px) and (max-width: 992px) {\r\n.sauaw69f33f5b9cce5 {\r\ndisplay: block;\r\n}\r\n}\r\n@media screen and (min-width: 768px) and (max-width: 768px) {\r\n.sauaw69f33f5b9cce5 {\r\ndisplay: block;\r\n}\r\n}\r\n@media screen and (max-width: 767px) {\r\n.sauaw69f33f5b9cce5 {\r\ndisplay: block;\r\n}\r\n}\r\n<\/style>\r\n\n<p>&nbsp;<\/p>\n<div style=\"margin-top: 0px; margin-bottom: 0px;\" class=\"sharethis-inline-share-buttons\" ><\/div>","protected":false},"excerpt":{"rendered":"<p>Iniciando el mes de abril, Guevara llev\u00f3 su m\u00fasica a la comunidad de Canaima donde ofreci\u00f3 una charla inspiracional para<\/p>\n","protected":false},"author":1,"featured_media":62607,"comment_status":"open","ping_status":"closed","sticky":false,"template":"","format":"standard","meta":{"colormag_page_container_layout":"default_layout","colormag_page_sidebar_layout":"default_layout","_uag_custom_page_level_css":"","footnotes":""},"categories":[1],"tags":[78,3421,489,6568,233,210,32],"class_list":["post-62606","post","type-post","status-publish","format-standard","has-post-thumbnail","hentry","category-fama","tag-cantantes","tag-charlas","tag-labor-social","tag-laura-guevara","tag-nacionales","tag-venezolanos-destacados","tag-venezuela"],"yoast_head":"<!-- This site is optimized with the Yoast SEO plugin v27.5 - https:\/\/yoast.com\/product\/yoast-seo-wordpress\/ -->\n<title>Laura Guevara est\u00e1 comprometida con el pa\u00eds<\/title>\n<meta name=\"robots\" content=\"index, follow, max-snippet:-1, max-image-preview:large, max-video-preview:-1\" \/>\n<link rel=\"canonical\" href=\"https:\/\/digital58.com.ve\/site\/2017\/04\/26\/laura-guevara-esta-comprometida-con-el-pais\/\" \/>\n<meta property=\"og:locale\" content=\"es_ES\" \/>\n<meta property=\"og:type\" content=\"article\" \/>\n<meta property=\"og:title\" content=\"Laura Guevara est\u00e1 comprometida con el pa\u00eds\" \/>\n<meta property=\"og:url\" content=\"https:\/\/digital58.com.ve\/site\/2017\/04\/26\/laura-guevara-esta-comprometida-con-el-pais\/\" \/>\n<meta property=\"og:site_name\" content=\"Noticias Digital58\" \/>\n<meta property=\"article:published_time\" content=\"2017-04-26T10:32:59+00:00\" \/>\n<meta property=\"og:image\" content=\"https:\/\/digital58.com.ve\/site\/wp-content\/uploads\/2017\/04\/lauraguebara.jpg\" \/>\n\t<meta property=\"og:image:width\" content=\"1242\" \/>\n\t<meta property=\"og:image:height\" content=\"1161\" \/>\n\t<meta property=\"og:image:type\" content=\"image\/jpeg\" \/>\n<meta name=\"author\" content=\"Villasmil Henry\" \/>\n<meta name=\"twitter:card\" content=\"summary_large_image\" \/>\n<meta name=\"twitter:creator\" content=\"@https:\/\/twitter.com\/villasmilhfoto\" \/>\n<meta name=\"twitter:site\" content=\"@villasmilhfoto\" \/>\n<meta name=\"twitter:label1\" content=\"Escrito por\" \/>\n\t<meta name=\"twitter:data1\" content=\"Villasmil Henry\" \/>\n\t<meta name=\"twitter:label2\" content=\"Tiempo estimado de lectura\" \/>\n\t<meta name=\"twitter:data2\" content=\"2 minutos\" \/>\n<script type=\"application\/ld+json\" class=\"yoast-schema-graph\">{\"@context\":\"https:\\\/\\\/schema.org\",\"@graph\":[{\"@type\":\"Article\",\"@id\":\"https:\\\/\\\/digital58.com.ve\\\/site\\\/2017\\\/04\\\/26\\\/laura-guevara-esta-comprometida-con-el-pais\\\/#article\",\"isPartOf\":{\"@id\":\"https:\\\/\\\/digital58.com.ve\\\/site\\\/2017\\\/04\\\/26\\\/laura-guevara-esta-comprometida-con-el-pais\\\/\"},\"author\":{\"name\":\"Villasmil Henry\",\"@id\":\"https:\\\/\\\/digital58.com.ve\\\/site\\\/#\\\/schema\\\/person\\\/64d1c2e4d0d4fd1b849980c4331c2951\"},\"headline\":\"Laura Guevara est\u00e1 comprometida con el pa\u00eds\",\"datePublished\":\"2017-04-26T10:32:59+00:00\",\"mainEntityOfPage\":{\"@id\":\"https:\\\/\\\/digital58.com.ve\\\/site\\\/2017\\\/04\\\/26\\\/laura-guevara-esta-comprometida-con-el-pais\\\/\"},\"wordCount\":445,\"commentCount\":0,\"publisher\":{\"@id\":\"https:\\\/\\\/digital58.com.ve\\\/site\\\/#\\\/schema\\\/person\\\/64d1c2e4d0d4fd1b849980c4331c2951\"},\"image\":{\"@id\":\"https:\\\/\\\/digital58.com.ve\\\/site\\\/2017\\\/04\\\/26\\\/laura-guevara-esta-comprometida-con-el-pais\\\/#primaryimage\"},\"thumbnailUrl\":\"https:\\\/\\\/digital58.com.ve\\\/site\\\/wp-content\\\/uploads\\\/2017\\\/04\\\/lauraguebara.jpg\",\"keywords\":[\"Cantantes\",\"Charlas\",\"Labor Social\",\"Laura Guevara\",\"Nacionales\",\"Venezolanos Destacados\",\"Venezuela\"],\"articleSection\":[\"Fama\"],\"inLanguage\":\"es\",\"potentialAction\":[{\"@type\":\"CommentAction\",\"name\":\"Comment\",\"target\":[\"https:\\\/\\\/digital58.com.ve\\\/site\\\/2017\\\/04\\\/26\\\/laura-guevara-esta-comprometida-con-el-pais\\\/#respond\"]}]},{\"@type\":\"WebPage\",\"@id\":\"https:\\\/\\\/digital58.com.ve\\\/site\\\/2017\\\/04\\\/26\\\/laura-guevara-esta-comprometida-con-el-pais\\\/\",\"url\":\"https:\\\/\\\/digital58.com.ve\\\/site\\\/2017\\\/04\\\/26\\\/laura-guevara-esta-comprometida-con-el-pais\\\/\",\"name\":\"Laura Guevara est\u00e1 comprometida con el pa\u00eds\",\"isPartOf\":{\"@id\":\"https:\\\/\\\/digital58.com.ve\\\/site\\\/#website\"},\"primaryImageOfPage\":{\"@id\":\"https:\\\/\\\/digital58.com.ve\\\/site\\\/2017\\\/04\\\/26\\\/laura-guevara-esta-comprometida-con-el-pais\\\/#primaryimage\"},\"image\":{\"@id\":\"https:\\\/\\\/digital58.com.ve\\\/site\\\/2017\\\/04\\\/26\\\/laura-guevara-esta-comprometida-con-el-pais\\\/#primaryimage\"},\"thumbnailUrl\":\"https:\\\/\\\/digital58.com.ve\\\/site\\\/wp-content\\\/uploads\\\/2017\\\/04\\\/lauraguebara.jpg\",\"datePublished\":\"2017-04-26T10:32:59+00:00\",\"breadcrumb\":{\"@id\":\"https:\\\/\\\/digital58.com.ve\\\/site\\\/2017\\\/04\\\/26\\\/laura-guevara-esta-comprometida-con-el-pais\\\/#breadcrumb\"},\"inLanguage\":\"es\",\"potentialAction\":[{\"@type\":\"ReadAction\",\"target\":[\"https:\\\/\\\/digital58.com.ve\\\/site\\\/2017\\\/04\\\/26\\\/laura-guevara-esta-comprometida-con-el-pais\\\/\"]}]},{\"@type\":\"ImageObject\",\"inLanguage\":\"es\",\"@id\":\"https:\\\/\\\/digital58.com.ve\\\/site\\\/2017\\\/04\\\/26\\\/laura-guevara-esta-comprometida-con-el-pais\\\/#primaryimage\",\"url\":\"https:\\\/\\\/digital58.com.ve\\\/site\\\/wp-content\\\/uploads\\\/2017\\\/04\\\/lauraguebara.jpg\",\"contentUrl\":\"https:\\\/\\\/digital58.com.ve\\\/site\\\/wp-content\\\/uploads\\\/2017\\\/04\\\/lauraguebara.jpg\",\"width\":642,\"height\":600},{\"@type\":\"BreadcrumbList\",\"@id\":\"https:\\\/\\\/digital58.com.ve\\\/site\\\/2017\\\/04\\\/26\\\/laura-guevara-esta-comprometida-con-el-pais\\\/#breadcrumb\",\"itemListElement\":[{\"@type\":\"ListItem\",\"position\":1,\"name\":\"Home\",\"item\":\"https:\\\/\\\/digital58.com.ve\\\/site\\\/\"},{\"@type\":\"ListItem\",\"position\":2,\"name\":\"Laura Guevara est\u00e1 comprometida con el pa\u00eds\"}]},{\"@type\":\"WebSite\",\"@id\":\"https:\\\/\\\/digital58.com.ve\\\/site\\\/#website\",\"url\":\"https:\\\/\\\/digital58.com.ve\\\/site\\\/\",\"name\":\"Noticias Digital58\",\"description\":\"Portal de Noticias \u00a1Periodismo web de verdad! Lanzamiento web 22.11.2005 \\\/ Maracaibo, Venezuela\",\"publisher\":{\"@id\":\"https:\\\/\\\/digital58.com.ve\\\/site\\\/#\\\/schema\\\/person\\\/64d1c2e4d0d4fd1b849980c4331c2951\"},\"alternateName\":\"ND58\",\"potentialAction\":[{\"@type\":\"SearchAction\",\"target\":{\"@type\":\"EntryPoint\",\"urlTemplate\":\"https:\\\/\\\/digital58.com.ve\\\/site\\\/?s={search_term_string}\"},\"query-input\":{\"@type\":\"PropertyValueSpecification\",\"valueRequired\":true,\"valueName\":\"search_term_string\"}}],\"inLanguage\":\"es\"},{\"@type\":[\"Person\",\"Organization\"],\"@id\":\"https:\\\/\\\/digital58.com.ve\\\/site\\\/#\\\/schema\\\/person\\\/64d1c2e4d0d4fd1b849980c4331c2951\",\"name\":\"Villasmil Henry\",\"image\":{\"@type\":\"ImageObject\",\"inLanguage\":\"es\",\"@id\":\"https:\\\/\\\/secure.gravatar.com\\\/avatar\\\/bb0c4a2fcb7970138239f7e404ea75757b1b507b28b5ce4c53fbd62d797c5a7c?s=96&d=mm&r=g\",\"url\":\"https:\\\/\\\/secure.gravatar.com\\\/avatar\\\/bb0c4a2fcb7970138239f7e404ea75757b1b507b28b5ce4c53fbd62d797c5a7c?s=96&d=mm&r=g\",\"contentUrl\":\"https:\\\/\\\/secure.gravatar.com\\\/avatar\\\/bb0c4a2fcb7970138239f7e404ea75757b1b507b28b5ce4c53fbd62d797c5a7c?s=96&d=mm&r=g\",\"caption\":\"Villasmil Henry\"},\"logo\":{\"@id\":\"https:\\\/\\\/secure.gravatar.com\\\/avatar\\\/bb0c4a2fcb7970138239f7e404ea75757b1b507b28b5ce4c53fbd62d797c5a7c?s=96&d=mm&r=g\"},\"sameAs\":[\"http:\\\/\\\/www.henryvillasmil.com.ve\",\"https:\\\/\\\/www.instagram.com\\\/villasmilhfoto\\\/\",\"https:\\\/\\\/x.com\\\/https:\\\/\\\/twitter.com\\\/villasmilhfoto\"],\"url\":\"https:\\\/\\\/digital58.com.ve\\\/site\\\/author\\\/droopy_68\\\/\"}]}<\/script>\n<!-- \/ Yoast SEO plugin. -->","yoast_head_json":{"title":"Laura Guevara est\u00e1 comprometida con el pa\u00eds","robots":{"index":"index","follow":"follow","max-snippet":"max-snippet:-1","max-image-preview":"max-image-preview:large","max-video-preview":"max-video-preview:-1"},"canonical":"https:\/\/digital58.com.ve\/site\/2017\/04\/26\/laura-guevara-esta-comprometida-con-el-pais\/","og_locale":"es_ES","og_type":"article","og_title":"Laura Guevara est\u00e1 comprometida con el pa\u00eds","og_url":"https:\/\/digital58.com.ve\/site\/2017\/04\/26\/laura-guevara-esta-comprometida-con-el-pais\/","og_site_name":"Noticias Digital58","article_published_time":"2017-04-26T10:32:59+00:00","og_image":[{"width":1242,"height":1161,"url":"https:\/\/digital58.com.ve\/site\/wp-content\/uploads\/2017\/04\/lauraguebara.jpg","type":"image\/jpeg"}],"author":"Villasmil Henry","twitter_card":"summary_large_image","twitter_creator":"@https:\/\/twitter.com\/villasmilhfoto","twitter_site":"@villasmilhfoto","twitter_misc":{"Escrito por":"Villasmil Henry","Tiempo estimado de lectura":"2 minutos"},"schema":{"@context":"https:\/\/schema.org","@graph":[{"@type":"Article","@id":"https:\/\/digital58.com.ve\/site\/2017\/04\/26\/laura-guevara-esta-comprometida-con-el-pais\/#article","isPartOf":{"@id":"https:\/\/digital58.com.ve\/site\/2017\/04\/26\/laura-guevara-esta-comprometida-con-el-pais\/"},"author":{"name":"Villasmil Henry","@id":"https:\/\/digital58.com.ve\/site\/#\/schema\/person\/64d1c2e4d0d4fd1b849980c4331c2951"},"headline":"Laura Guevara est\u00e1 comprometida con el pa\u00eds","datePublished":"2017-04-26T10:32:59+00:00","mainEntityOfPage":{"@id":"https:\/\/digital58.com.ve\/site\/2017\/04\/26\/laura-guevara-esta-comprometida-con-el-pais\/"},"wordCount":445,"commentCount":0,"publisher":{"@id":"https:\/\/digital58.com.ve\/site\/#\/schema\/person\/64d1c2e4d0d4fd1b849980c4331c2951"},"image":{"@id":"https:\/\/digital58.com.ve\/site\/2017\/04\/26\/laura-guevara-esta-comprometida-con-el-pais\/#primaryimage"},"thumbnailUrl":"https:\/\/digital58.com.ve\/site\/wp-content\/uploads\/2017\/04\/lauraguebara.jpg","keywords":["Cantantes","Charlas","Labor Social","Laura Guevara","Nacionales","Venezolanos Destacados","Venezuela"],"articleSection":["Fama"],"inLanguage":"es","potentialAction":[{"@type":"CommentAction","name":"Comment","target":["https:\/\/digital58.com.ve\/site\/2017\/04\/26\/laura-guevara-esta-comprometida-con-el-pais\/#respond"]}]},{"@type":"WebPage","@id":"https:\/\/digital58.com.ve\/site\/2017\/04\/26\/laura-guevara-esta-comprometida-con-el-pais\/","url":"https:\/\/digital58.com.ve\/site\/2017\/04\/26\/laura-guevara-esta-comprometida-con-el-pais\/","name":"Laura Guevara est\u00e1 comprometida con el pa\u00eds","isPartOf":{"@id":"https:\/\/digital58.com.ve\/site\/#website"},"primaryImageOfPage":{"@id":"https:\/\/digital58.com.ve\/site\/2017\/04\/26\/laura-guevara-esta-comprometida-con-el-pais\/#primaryimage"},"image":{"@id":"https:\/\/digital58.com.ve\/site\/2017\/04\/26\/laura-guevara-esta-comprometida-con-el-pais\/#primaryimage"},"thumbnailUrl":"https:\/\/digital58.com.ve\/site\/wp-content\/uploads\/2017\/04\/lauraguebara.jpg","datePublished":"2017-04-26T10:32:59+00:00","breadcrumb":{"@id":"https:\/\/digital58.com.ve\/site\/2017\/04\/26\/laura-guevara-esta-comprometida-con-el-pais\/#breadcrumb"},"inLanguage":"es","potentialAction":[{"@type":"ReadAction","target":["https:\/\/digital58.com.ve\/site\/2017\/04\/26\/laura-guevara-esta-comprometida-con-el-pais\/"]}]},{"@type":"ImageObject","inLanguage":"es","@id":"https:\/\/digital58.com.ve\/site\/2017\/04\/26\/laura-guevara-esta-comprometida-con-el-pais\/#primaryimage","url":"https:\/\/digital58.com.ve\/site\/wp-content\/uploads\/2017\/04\/lauraguebara.jpg","contentUrl":"https:\/\/digital58.com.ve\/site\/wp-content\/uploads\/2017\/04\/lauraguebara.jpg","width":642,"height":600},{"@type":"BreadcrumbList","@id":"https:\/\/digital58.com.ve\/site\/2017\/04\/26\/laura-guevara-esta-comprometida-con-el-pais\/#breadcrumb","itemListElement":[{"@type":"ListItem","position":1,"name":"Home","item":"https:\/\/digital58.com.ve\/site\/"},{"@type":"ListItem","position":2,"name":"Laura Guevara est\u00e1 comprometida con el pa\u00eds"}]},{"@type":"WebSite","@id":"https:\/\/digital58.com.ve\/site\/#website","url":"https:\/\/digital58.com.ve\/site\/","name":"Noticias Digital58","description":"Portal de Noticias \u00a1Periodismo web de verdad! Lanzamiento web 22.11.2005 \/ Maracaibo, Venezuela","publisher":{"@id":"https:\/\/digital58.com.ve\/site\/#\/schema\/person\/64d1c2e4d0d4fd1b849980c4331c2951"},"alternateName":"ND58","potentialAction":[{"@type":"SearchAction","target":{"@type":"EntryPoint","urlTemplate":"https:\/\/digital58.com.ve\/site\/?s={search_term_string}"},"query-input":{"@type":"PropertyValueSpecification","valueRequired":true,"valueName":"search_term_string"}}],"inLanguage":"es"},{"@type":["Person","Organization"],"@id":"https:\/\/digital58.com.ve\/site\/#\/schema\/person\/64d1c2e4d0d4fd1b849980c4331c2951","name":"Villasmil Henry","image":{"@type":"ImageObject","inLanguage":"es","@id":"https:\/\/secure.gravatar.com\/avatar\/bb0c4a2fcb7970138239f7e404ea75757b1b507b28b5ce4c53fbd62d797c5a7c?s=96&d=mm&r=g","url":"https:\/\/secure.gravatar.com\/avatar\/bb0c4a2fcb7970138239f7e404ea75757b1b507b28b5ce4c53fbd62d797c5a7c?s=96&d=mm&r=g","contentUrl":"https:\/\/secure.gravatar.com\/avatar\/bb0c4a2fcb7970138239f7e404ea75757b1b507b28b5ce4c53fbd62d797c5a7c?s=96&d=mm&r=g","caption":"Villasmil Henry"},"logo":{"@id":"https:\/\/secure.gravatar.com\/avatar\/bb0c4a2fcb7970138239f7e404ea75757b1b507b28b5ce4c53fbd62d797c5a7c?s=96&d=mm&r=g"},"sameAs":["http:\/\/www.henryvillasmil.com.ve","https:\/\/www.instagram.com\/villasmilhfoto\/","https:\/\/x.com\/https:\/\/twitter.com\/villasmilhfoto"],"url":"https:\/\/digital58.com.ve\/site\/author\/droopy_68\/"}]}},"uagb_featured_image_src":{"full":["https:\/\/digital58.com.ve\/site\/wp-content\/uploads\/2017\/04\/lauraguebara.jpg",642,600,false],"thumbnail":["https:\/\/digital58.com.ve\/site\/wp-content\/uploads\/2017\/04\/lauraguebara-150x150.jpg",150,150,true],"medium":["https:\/\/digital58.com.ve\/site\/wp-content\/uploads\/2017\/04\/lauraguebara-300x280.jpg",300,280,true],"medium_large":["https:\/\/digital58.com.ve\/site\/wp-content\/uploads\/2017\/04\/lauraguebara-768x718.jpg",768,718,true],"large":["https:\/\/digital58.com.ve\/site\/wp-content\/uploads\/2017\/04\/lauraguebara-1095x1024.jpg",800,748,true],"1536x1536":["https:\/\/digital58.com.ve\/site\/wp-content\/uploads\/2017\/04\/lauraguebara.jpg",642,600,false],"2048x2048":["https:\/\/digital58.com.ve\/site\/wp-content\/uploads\/2017\/04\/lauraguebara.jpg",642,600,false],"colormag-highlighted-post":["https:\/\/digital58.com.ve\/site\/wp-content\/uploads\/2017\/04\/lauraguebara.jpg",291,272,false],"colormag-featured-post-medium":["https:\/\/digital58.com.ve\/site\/wp-content\/uploads\/2017\/04\/lauraguebara.jpg",219,205,false],"colormag-featured-post-small":["https:\/\/digital58.com.ve\/site\/wp-content\/uploads\/2017\/04\/lauraguebara.jpg",96,90,false],"colormag-featured-image":["https:\/\/digital58.com.ve\/site\/wp-content\/uploads\/2017\/04\/lauraguebara.jpg",476,445,false],"colormag-default-news":["https:\/\/digital58.com.ve\/site\/wp-content\/uploads\/2017\/04\/lauraguebara.jpg",150,140,false],"colormag-featured-image-large":["https:\/\/digital58.com.ve\/site\/wp-content\/uploads\/2017\/04\/lauraguebara.jpg",642,600,false]},"uagb_author_info":{"display_name":"Villasmil Henry","author_link":"https:\/\/digital58.com.ve\/site\/author\/droopy_68\/"},"uagb_comment_info":0,"uagb_excerpt":"Iniciando el mes de abril, Guevara llev\u00f3 su m\u00fasica a la comunidad de Canaima donde ofreci\u00f3 una charla inspiracional para","_links":{"self":[{"href":"https:\/\/digital58.com.ve\/site\/wp-json\/wp\/v2\/posts\/62606","targetHints":{"allow":["GET"]}}],"collection":[{"href":"https:\/\/digital58.com.ve\/site\/wp-json\/wp\/v2\/posts"}],"about":[{"href":"https:\/\/digital58.com.ve\/site\/wp-json\/wp\/v2\/types\/post"}],"author":[{"embeddable":true,"href":"https:\/\/digital58.com.ve\/site\/wp-json\/wp\/v2\/users\/1"}],"replies":[{"embeddable":true,"href":"https:\/\/digital58.com.ve\/site\/wp-json\/wp\/v2\/comments?post=62606"}],"version-history":[{"count":0,"href":"https:\/\/digital58.com.ve\/site\/wp-json\/wp\/v2\/posts\/62606\/revisions"}],"wp:featuredmedia":[{"embeddable":true,"href":"https:\/\/digital58.com.ve\/site\/wp-json\/wp\/v2\/media\/62607"}],"wp:attachment":[{"href":"https:\/\/digital58.com.ve\/site\/wp-json\/wp\/v2\/media?parent=62606"}],"wp:term":[{"taxonomy":"category","embeddable":true,"href":"https:\/\/digital58.com.ve\/site\/wp-json\/wp\/v2\/categories?post=62606"},{"taxonomy":"post_tag","embeddable":true,"href":"https:\/\/digital58.com.ve\/site\/wp-json\/wp\/v2\/tags?post=62606"}],"curies":[{"name":"wp","href":"https:\/\/api.w.org\/{rel}","templated":true}]}}