{"id":62631,"date":"2017-04-26T07:40:29","date_gmt":"2017-04-26T11:40:29","guid":{"rendered":"http:\/\/digital58.com.ve\/site\/?p=62631"},"modified":"2017-04-26T07:40:29","modified_gmt":"2017-04-26T11:40:29","slug":"malena-gonzalez-representara-a-venezuela-en-el-beverly-hills-film-festival","status":"publish","type":"post","link":"https:\/\/digital58.com.ve\/site\/2017\/04\/26\/malena-gonzalez-representara-a-venezuela-en-el-beverly-hills-film-festival\/","title":{"rendered":"Malena Gonz\u00e1lez representar\u00e1 a Venezuela en el Beverly Hills Film Festival"},"content":{"rendered":"<p><a href=\"http:\/\/digital58.com.ve\/site\/wp-content\/uploads\/2017\/04\/malena.jpg\"><img loading=\"lazy\" decoding=\"async\" class=\"aligncenter size-large wp-image-62633\" src=\"http:\/\/digital58.com.ve\/site\/wp-content\/uploads\/2017\/04\/malena-1418x1024.jpg\" alt=\"\" width=\"640\" height=\"462\" srcset=\"https:\/\/digital58.com.ve\/site\/wp-content\/uploads\/2017\/04\/malena-1418x1024.jpg 1418w, https:\/\/digital58.com.ve\/site\/wp-content\/uploads\/2017\/04\/malena-300x217.jpg 300w, https:\/\/digital58.com.ve\/site\/wp-content\/uploads\/2017\/04\/malena-768x554.jpg 768w, https:\/\/digital58.com.ve\/site\/wp-content\/uploads\/2017\/04\/malena.jpg 800w\" sizes=\"auto, (max-width: 640px) 100vw, 640px\" \/><\/a><\/p>\n<p>La carism\u00e1tica actriz ser\u00e1 la representante del cine venezolano en tan importante evento y tendr\u00e1 la oportunidad de compartir con grandes figuras de la industria. Dicen que el trabajo duro en alg\u00fan momento de la vida ser\u00e1 recompensado y Malena Gonz\u00e1lez es la viva prueba de ello pues suma un gran logro en su hoja de vida: Representar a Venezuela en uno de los festivales de cine m\u00e1s importantes a nivel mundial.<\/p>\n<p><strong>Caracas, DC, Venezuela, 26 de abril de 2017 (D58).-<\/strong> Y es que el pr\u00f3ximo 29 de abril la actriz estar\u00e1 en el Beverly Hills Film Festival, en la ciudad de Los \u00c1ngeles, con su m\u00e1s reciente cinta cinematogr\u00e1fica: \u00abLos 8-6\u00bb.<\/p>\n<p>\u00abEl Festival Internacional de Cine de Beverly Hills es considerado uno de los m\u00e1s prestigiosos e influyentes del mundo, al reunir a una comunidad de m\u00e1s de 44.000 asistentes anualmente durante 5 d\u00edas en la meca del cine, y poder participar es un sue\u00f1o hecho realidad \u2013comenta Malena. Estoy orgullosa del camino que ha recorrido este film y estar en este evento sin duda me emociona, poder recibir el <em>feedback<\/em> de un p\u00fablico diverso y profesional de esta industria es un privilegio invaluable\u00bb.<\/p>\n<p>\u00c9sta es la primera vez que un largometraje venezolano es tomado en cuenta para participar en este evento, lo que convierte a Malena en una de las actrices pioneras del pa\u00eds.<\/p>\n<p>\u00abEn un momento tan dif\u00edcil para nosotros, representar a Venezuela en este festival tan importante es un gran honor. Estoy muy emocionada porque \u00e9sta es la primera vez que Venezuela participa en este afamado festival. Cada vez que viajo a presentar una de mis pel\u00edculas me siento tan orgullosa de poder mover la fibra de tantos seres humanos que se conectan con nuestro arte; y es all\u00ed cuando me doy cuenta de que las emociones nos unen a todos los seres humanos sin importar nuestro idioma. Soy una privilegiada por pertenecer a esta industria y llevar el nombre de mi pa\u00eds en alto por todo el mundo\u00bb, comenta emocionada.<\/p>\n<p>Por otro lado, la reconocida actriz est\u00e1 pr\u00f3xima a estrenar la cinta \u00abMuerte en Berruecos\u00bb, dirigida por Caupolic\u00e1n Ovalles y comenzar\u00e1 a filmar, a finales de a\u00f1o, un largometraje escrito por Rafael Pinto y Eduardo S\u00e1nchez-Rugeles, autor de la premiada novela \u00abBlue label\u00bb y ser\u00e1 dirigido por Carlos Caridad Montero.<\/p>\n<p>Para conocer m\u00e1s de la actriz pueden seguirla en todas sus redes sociales como @MalenaGonz.<\/p>\n<p><strong>Redacci\u00f3n y fuente: Gisel\u00ed Elie Alsina\/ @GiseliElie<\/strong><br \/>\n<strong>Edici\u00f3n: Villasmil, Henry<\/strong><br \/>\n<strong>Fotos: cortes\u00eda<\/strong><\/p>\n<p><a href=\"http:\/\/digital58.com.ve\/site\/wp-content\/uploads\/2017\/04\/malena2.jpg\"><img loading=\"lazy\" decoding=\"async\" class=\"aligncenter size-large wp-image-62632\" src=\"http:\/\/digital58.com.ve\/site\/wp-content\/uploads\/2017\/04\/malena2-683x1024.jpg\" alt=\"\" width=\"640\" height=\"960\" srcset=\"https:\/\/digital58.com.ve\/site\/wp-content\/uploads\/2017\/04\/malena2-683x1024.jpg 683w, https:\/\/digital58.com.ve\/site\/wp-content\/uploads\/2017\/04\/malena2-200x300.jpg 200w, https:\/\/digital58.com.ve\/site\/wp-content\/uploads\/2017\/04\/malena2-768x1152.jpg 768w, https:\/\/digital58.com.ve\/site\/wp-content\/uploads\/2017\/04\/malena2.jpg 400w\" sizes=\"auto, (max-width: 640px) 100vw, 640px\" \/><\/a><\/p><div class=\"ptoec69f4d551a100d\" ><p style=\"text-align: center;\"><a href=\"https:\/\/t.me\/noticiasdigital58\" target=\"_blank\" rel=\"noopener\"><img class=\"aligncenter size-full wp-image-125363\" src=\"https:\/\/digital58.com.ve\/site\/wp-content\/uploads\/2021\/04\/banner-telegram-web-2021.png\" alt=\"\" width=\"600\" height=\"90\" \/><\/a><\/p><\/div><style type=\"text\/css\">\r\n@media screen and (min-width: 1201px) {\r\n.ptoec69f4d551a100d {\r\ndisplay: block;\r\n}\r\n}\r\n@media screen and (min-width: 993px) and (max-width: 1200px) {\r\n.ptoec69f4d551a100d {\r\ndisplay: block;\r\n}\r\n}\r\n@media screen and (min-width: 769px) and (max-width: 992px) {\r\n.ptoec69f4d551a100d {\r\ndisplay: block;\r\n}\r\n}\r\n@media screen and (min-width: 768px) and (max-width: 768px) {\r\n.ptoec69f4d551a100d {\r\ndisplay: block;\r\n}\r\n}\r\n@media screen and (max-width: 767px) {\r\n.ptoec69f4d551a100d {\r\ndisplay: block;\r\n}\r\n}\r\n<\/style>\r\n\n<p>&nbsp;<\/p>\n<div style=\"margin-top: 0px; margin-bottom: 0px;\" class=\"sharethis-inline-share-buttons\" ><\/div>","protected":false},"excerpt":{"rendered":"<p>La carism\u00e1tica actriz ser\u00e1 la representante del cine venezolano en tan importante evento y tendr\u00e1 la oportunidad de compartir con<\/p>\n","protected":false},"author":1,"featured_media":62633,"comment_status":"open","ping_status":"closed","sticky":false,"template":"","format":"standard","meta":{"colormag_page_container_layout":"default_layout","colormag_page_sidebar_layout":"default_layout","_uag_custom_page_level_css":"","footnotes":""},"categories":[1],"tags":[1836,6848,46,6849,8,6454,6850,72],"class_list":["post-62631","post","type-post","status-publish","format-standard","has-post-thumbnail","hentry","category-fama","tag-actrices","tag-beverly-hills-film-festival","tag-cine","tag-festivales-de-cine","tag-internacionales","tag-los-8-6","tag-malena-gonzalez","tag-peliculas"],"yoast_head":"<!-- This site is optimized with the Yoast SEO plugin v27.5 - https:\/\/yoast.com\/product\/yoast-seo-wordpress\/ -->\n<title>Malena Gonz\u00e1lez representar\u00e1 a Venezuela en el Beverly Hills Film Festival<\/title>\n<meta name=\"robots\" content=\"index, follow, max-snippet:-1, max-image-preview:large, max-video-preview:-1\" \/>\n<link rel=\"canonical\" href=\"https:\/\/digital58.com.ve\/site\/2017\/04\/26\/malena-gonzalez-representara-a-venezuela-en-el-beverly-hills-film-festival\/\" \/>\n<meta property=\"og:locale\" content=\"es_ES\" \/>\n<meta property=\"og:type\" content=\"article\" \/>\n<meta property=\"og:title\" content=\"Malena Gonz\u00e1lez representar\u00e1 a Venezuela en el Beverly Hills Film Festival\" \/>\n<meta property=\"og:url\" content=\"https:\/\/digital58.com.ve\/site\/2017\/04\/26\/malena-gonzalez-representara-a-venezuela-en-el-beverly-hills-film-festival\/\" \/>\n<meta property=\"og:site_name\" content=\"Noticias Digital58\" \/>\n<meta property=\"article:published_time\" content=\"2017-04-26T11:40:29+00:00\" \/>\n<meta property=\"og:image\" content=\"https:\/\/digital58.com.ve\/site\/wp-content\/uploads\/2017\/04\/malena.jpg\" \/>\n\t<meta property=\"og:image:width\" content=\"1500\" \/>\n\t<meta property=\"og:image:height\" content=\"1083\" \/>\n\t<meta property=\"og:image:type\" content=\"image\/jpeg\" \/>\n<meta name=\"author\" content=\"Villasmil Henry\" \/>\n<meta name=\"twitter:card\" content=\"summary_large_image\" \/>\n<meta name=\"twitter:creator\" content=\"@https:\/\/twitter.com\/villasmilhfoto\" \/>\n<meta name=\"twitter:site\" content=\"@villasmilhfoto\" \/>\n<meta name=\"twitter:label1\" content=\"Escrito por\" \/>\n\t<meta name=\"twitter:data1\" content=\"Villasmil Henry\" \/>\n\t<meta name=\"twitter:label2\" content=\"Tiempo estimado de lectura\" \/>\n\t<meta name=\"twitter:data2\" content=\"2 minutos\" \/>\n<script type=\"application\/ld+json\" class=\"yoast-schema-graph\">{\"@context\":\"https:\\\/\\\/schema.org\",\"@graph\":[{\"@type\":\"Article\",\"@id\":\"https:\\\/\\\/digital58.com.ve\\\/site\\\/2017\\\/04\\\/26\\\/malena-gonzalez-representara-a-venezuela-en-el-beverly-hills-film-festival\\\/#article\",\"isPartOf\":{\"@id\":\"https:\\\/\\\/digital58.com.ve\\\/site\\\/2017\\\/04\\\/26\\\/malena-gonzalez-representara-a-venezuela-en-el-beverly-hills-film-festival\\\/\"},\"author\":{\"name\":\"Villasmil Henry\",\"@id\":\"https:\\\/\\\/digital58.com.ve\\\/site\\\/#\\\/schema\\\/person\\\/64d1c2e4d0d4fd1b849980c4331c2951\"},\"headline\":\"Malena Gonz\u00e1lez representar\u00e1 a Venezuela en el Beverly Hills Film Festival\",\"datePublished\":\"2017-04-26T11:40:29+00:00\",\"mainEntityOfPage\":{\"@id\":\"https:\\\/\\\/digital58.com.ve\\\/site\\\/2017\\\/04\\\/26\\\/malena-gonzalez-representara-a-venezuela-en-el-beverly-hills-film-festival\\\/\"},\"wordCount\":445,\"commentCount\":0,\"publisher\":{\"@id\":\"https:\\\/\\\/digital58.com.ve\\\/site\\\/#\\\/schema\\\/person\\\/64d1c2e4d0d4fd1b849980c4331c2951\"},\"image\":{\"@id\":\"https:\\\/\\\/digital58.com.ve\\\/site\\\/2017\\\/04\\\/26\\\/malena-gonzalez-representara-a-venezuela-en-el-beverly-hills-film-festival\\\/#primaryimage\"},\"thumbnailUrl\":\"https:\\\/\\\/digital58.com.ve\\\/site\\\/wp-content\\\/uploads\\\/2017\\\/04\\\/malena.jpg\",\"keywords\":[\"Actrices\",\"Beverly Hills Film Festival\",\"Cine\",\"Festivales de Cine\",\"Internacionales\",\"Los 8-6\",\"Malena Gonz\u00e1lez\",\"Pel\u00edculas\"],\"articleSection\":[\"Fama\"],\"inLanguage\":\"es\",\"potentialAction\":[{\"@type\":\"CommentAction\",\"name\":\"Comment\",\"target\":[\"https:\\\/\\\/digital58.com.ve\\\/site\\\/2017\\\/04\\\/26\\\/malena-gonzalez-representara-a-venezuela-en-el-beverly-hills-film-festival\\\/#respond\"]}]},{\"@type\":\"WebPage\",\"@id\":\"https:\\\/\\\/digital58.com.ve\\\/site\\\/2017\\\/04\\\/26\\\/malena-gonzalez-representara-a-venezuela-en-el-beverly-hills-film-festival\\\/\",\"url\":\"https:\\\/\\\/digital58.com.ve\\\/site\\\/2017\\\/04\\\/26\\\/malena-gonzalez-representara-a-venezuela-en-el-beverly-hills-film-festival\\\/\",\"name\":\"Malena Gonz\u00e1lez representar\u00e1 a Venezuela en el Beverly Hills Film Festival\",\"isPartOf\":{\"@id\":\"https:\\\/\\\/digital58.com.ve\\\/site\\\/#website\"},\"primaryImageOfPage\":{\"@id\":\"https:\\\/\\\/digital58.com.ve\\\/site\\\/2017\\\/04\\\/26\\\/malena-gonzalez-representara-a-venezuela-en-el-beverly-hills-film-festival\\\/#primaryimage\"},\"image\":{\"@id\":\"https:\\\/\\\/digital58.com.ve\\\/site\\\/2017\\\/04\\\/26\\\/malena-gonzalez-representara-a-venezuela-en-el-beverly-hills-film-festival\\\/#primaryimage\"},\"thumbnailUrl\":\"https:\\\/\\\/digital58.com.ve\\\/site\\\/wp-content\\\/uploads\\\/2017\\\/04\\\/malena.jpg\",\"datePublished\":\"2017-04-26T11:40:29+00:00\",\"breadcrumb\":{\"@id\":\"https:\\\/\\\/digital58.com.ve\\\/site\\\/2017\\\/04\\\/26\\\/malena-gonzalez-representara-a-venezuela-en-el-beverly-hills-film-festival\\\/#breadcrumb\"},\"inLanguage\":\"es\",\"potentialAction\":[{\"@type\":\"ReadAction\",\"target\":[\"https:\\\/\\\/digital58.com.ve\\\/site\\\/2017\\\/04\\\/26\\\/malena-gonzalez-representara-a-venezuela-en-el-beverly-hills-film-festival\\\/\"]}]},{\"@type\":\"ImageObject\",\"inLanguage\":\"es\",\"@id\":\"https:\\\/\\\/digital58.com.ve\\\/site\\\/2017\\\/04\\\/26\\\/malena-gonzalez-representara-a-venezuela-en-el-beverly-hills-film-festival\\\/#primaryimage\",\"url\":\"https:\\\/\\\/digital58.com.ve\\\/site\\\/wp-content\\\/uploads\\\/2017\\\/04\\\/malena.jpg\",\"contentUrl\":\"https:\\\/\\\/digital58.com.ve\\\/site\\\/wp-content\\\/uploads\\\/2017\\\/04\\\/malena.jpg\",\"width\":800,\"height\":578},{\"@type\":\"BreadcrumbList\",\"@id\":\"https:\\\/\\\/digital58.com.ve\\\/site\\\/2017\\\/04\\\/26\\\/malena-gonzalez-representara-a-venezuela-en-el-beverly-hills-film-festival\\\/#breadcrumb\",\"itemListElement\":[{\"@type\":\"ListItem\",\"position\":1,\"name\":\"Home\",\"item\":\"https:\\\/\\\/digital58.com.ve\\\/site\\\/\"},{\"@type\":\"ListItem\",\"position\":2,\"name\":\"Malena Gonz\u00e1lez representar\u00e1 a Venezuela en el Beverly Hills Film Festival\"}]},{\"@type\":\"WebSite\",\"@id\":\"https:\\\/\\\/digital58.com.ve\\\/site\\\/#website\",\"url\":\"https:\\\/\\\/digital58.com.ve\\\/site\\\/\",\"name\":\"Noticias Digital58\",\"description\":\"Portal de Noticias \u00a1Periodismo web de verdad! Lanzamiento web 22.11.2005 \\\/ Maracaibo, Venezuela\",\"publisher\":{\"@id\":\"https:\\\/\\\/digital58.com.ve\\\/site\\\/#\\\/schema\\\/person\\\/64d1c2e4d0d4fd1b849980c4331c2951\"},\"alternateName\":\"ND58\",\"potentialAction\":[{\"@type\":\"SearchAction\",\"target\":{\"@type\":\"EntryPoint\",\"urlTemplate\":\"https:\\\/\\\/digital58.com.ve\\\/site\\\/?s={search_term_string}\"},\"query-input\":{\"@type\":\"PropertyValueSpecification\",\"valueRequired\":true,\"valueName\":\"search_term_string\"}}],\"inLanguage\":\"es\"},{\"@type\":[\"Person\",\"Organization\"],\"@id\":\"https:\\\/\\\/digital58.com.ve\\\/site\\\/#\\\/schema\\\/person\\\/64d1c2e4d0d4fd1b849980c4331c2951\",\"name\":\"Villasmil Henry\",\"image\":{\"@type\":\"ImageObject\",\"inLanguage\":\"es\",\"@id\":\"https:\\\/\\\/secure.gravatar.com\\\/avatar\\\/bb0c4a2fcb7970138239f7e404ea75757b1b507b28b5ce4c53fbd62d797c5a7c?s=96&d=mm&r=g\",\"url\":\"https:\\\/\\\/secure.gravatar.com\\\/avatar\\\/bb0c4a2fcb7970138239f7e404ea75757b1b507b28b5ce4c53fbd62d797c5a7c?s=96&d=mm&r=g\",\"contentUrl\":\"https:\\\/\\\/secure.gravatar.com\\\/avatar\\\/bb0c4a2fcb7970138239f7e404ea75757b1b507b28b5ce4c53fbd62d797c5a7c?s=96&d=mm&r=g\",\"caption\":\"Villasmil Henry\"},\"logo\":{\"@id\":\"https:\\\/\\\/secure.gravatar.com\\\/avatar\\\/bb0c4a2fcb7970138239f7e404ea75757b1b507b28b5ce4c53fbd62d797c5a7c?s=96&d=mm&r=g\"},\"sameAs\":[\"http:\\\/\\\/www.henryvillasmil.com.ve\",\"https:\\\/\\\/www.instagram.com\\\/villasmilhfoto\\\/\",\"https:\\\/\\\/x.com\\\/https:\\\/\\\/twitter.com\\\/villasmilhfoto\"],\"url\":\"https:\\\/\\\/digital58.com.ve\\\/site\\\/author\\\/droopy_68\\\/\"}]}<\/script>\n<!-- \/ Yoast SEO plugin. -->","yoast_head_json":{"title":"Malena Gonz\u00e1lez representar\u00e1 a Venezuela en el Beverly Hills Film Festival","robots":{"index":"index","follow":"follow","max-snippet":"max-snippet:-1","max-image-preview":"max-image-preview:large","max-video-preview":"max-video-preview:-1"},"canonical":"https:\/\/digital58.com.ve\/site\/2017\/04\/26\/malena-gonzalez-representara-a-venezuela-en-el-beverly-hills-film-festival\/","og_locale":"es_ES","og_type":"article","og_title":"Malena Gonz\u00e1lez representar\u00e1 a Venezuela en el Beverly Hills Film Festival","og_url":"https:\/\/digital58.com.ve\/site\/2017\/04\/26\/malena-gonzalez-representara-a-venezuela-en-el-beverly-hills-film-festival\/","og_site_name":"Noticias Digital58","article_published_time":"2017-04-26T11:40:29+00:00","og_image":[{"width":1500,"height":1083,"url":"https:\/\/digital58.com.ve\/site\/wp-content\/uploads\/2017\/04\/malena.jpg","type":"image\/jpeg"}],"author":"Villasmil Henry","twitter_card":"summary_large_image","twitter_creator":"@https:\/\/twitter.com\/villasmilhfoto","twitter_site":"@villasmilhfoto","twitter_misc":{"Escrito por":"Villasmil Henry","Tiempo estimado de lectura":"2 minutos"},"schema":{"@context":"https:\/\/schema.org","@graph":[{"@type":"Article","@id":"https:\/\/digital58.com.ve\/site\/2017\/04\/26\/malena-gonzalez-representara-a-venezuela-en-el-beverly-hills-film-festival\/#article","isPartOf":{"@id":"https:\/\/digital58.com.ve\/site\/2017\/04\/26\/malena-gonzalez-representara-a-venezuela-en-el-beverly-hills-film-festival\/"},"author":{"name":"Villasmil Henry","@id":"https:\/\/digital58.com.ve\/site\/#\/schema\/person\/64d1c2e4d0d4fd1b849980c4331c2951"},"headline":"Malena Gonz\u00e1lez representar\u00e1 a Venezuela en el Beverly Hills Film Festival","datePublished":"2017-04-26T11:40:29+00:00","mainEntityOfPage":{"@id":"https:\/\/digital58.com.ve\/site\/2017\/04\/26\/malena-gonzalez-representara-a-venezuela-en-el-beverly-hills-film-festival\/"},"wordCount":445,"commentCount":0,"publisher":{"@id":"https:\/\/digital58.com.ve\/site\/#\/schema\/person\/64d1c2e4d0d4fd1b849980c4331c2951"},"image":{"@id":"https:\/\/digital58.com.ve\/site\/2017\/04\/26\/malena-gonzalez-representara-a-venezuela-en-el-beverly-hills-film-festival\/#primaryimage"},"thumbnailUrl":"https:\/\/digital58.com.ve\/site\/wp-content\/uploads\/2017\/04\/malena.jpg","keywords":["Actrices","Beverly Hills Film Festival","Cine","Festivales de Cine","Internacionales","Los 8-6","Malena Gonz\u00e1lez","Pel\u00edculas"],"articleSection":["Fama"],"inLanguage":"es","potentialAction":[{"@type":"CommentAction","name":"Comment","target":["https:\/\/digital58.com.ve\/site\/2017\/04\/26\/malena-gonzalez-representara-a-venezuela-en-el-beverly-hills-film-festival\/#respond"]}]},{"@type":"WebPage","@id":"https:\/\/digital58.com.ve\/site\/2017\/04\/26\/malena-gonzalez-representara-a-venezuela-en-el-beverly-hills-film-festival\/","url":"https:\/\/digital58.com.ve\/site\/2017\/04\/26\/malena-gonzalez-representara-a-venezuela-en-el-beverly-hills-film-festival\/","name":"Malena Gonz\u00e1lez representar\u00e1 a Venezuela en el Beverly Hills Film Festival","isPartOf":{"@id":"https:\/\/digital58.com.ve\/site\/#website"},"primaryImageOfPage":{"@id":"https:\/\/digital58.com.ve\/site\/2017\/04\/26\/malena-gonzalez-representara-a-venezuela-en-el-beverly-hills-film-festival\/#primaryimage"},"image":{"@id":"https:\/\/digital58.com.ve\/site\/2017\/04\/26\/malena-gonzalez-representara-a-venezuela-en-el-beverly-hills-film-festival\/#primaryimage"},"thumbnailUrl":"https:\/\/digital58.com.ve\/site\/wp-content\/uploads\/2017\/04\/malena.jpg","datePublished":"2017-04-26T11:40:29+00:00","breadcrumb":{"@id":"https:\/\/digital58.com.ve\/site\/2017\/04\/26\/malena-gonzalez-representara-a-venezuela-en-el-beverly-hills-film-festival\/#breadcrumb"},"inLanguage":"es","potentialAction":[{"@type":"ReadAction","target":["https:\/\/digital58.com.ve\/site\/2017\/04\/26\/malena-gonzalez-representara-a-venezuela-en-el-beverly-hills-film-festival\/"]}]},{"@type":"ImageObject","inLanguage":"es","@id":"https:\/\/digital58.com.ve\/site\/2017\/04\/26\/malena-gonzalez-representara-a-venezuela-en-el-beverly-hills-film-festival\/#primaryimage","url":"https:\/\/digital58.com.ve\/site\/wp-content\/uploads\/2017\/04\/malena.jpg","contentUrl":"https:\/\/digital58.com.ve\/site\/wp-content\/uploads\/2017\/04\/malena.jpg","width":800,"height":578},{"@type":"BreadcrumbList","@id":"https:\/\/digital58.com.ve\/site\/2017\/04\/26\/malena-gonzalez-representara-a-venezuela-en-el-beverly-hills-film-festival\/#breadcrumb","itemListElement":[{"@type":"ListItem","position":1,"name":"Home","item":"https:\/\/digital58.com.ve\/site\/"},{"@type":"ListItem","position":2,"name":"Malena Gonz\u00e1lez representar\u00e1 a Venezuela en el Beverly Hills Film Festival"}]},{"@type":"WebSite","@id":"https:\/\/digital58.com.ve\/site\/#website","url":"https:\/\/digital58.com.ve\/site\/","name":"Noticias Digital58","description":"Portal de Noticias \u00a1Periodismo web de verdad! Lanzamiento web 22.11.2005 \/ Maracaibo, Venezuela","publisher":{"@id":"https:\/\/digital58.com.ve\/site\/#\/schema\/person\/64d1c2e4d0d4fd1b849980c4331c2951"},"alternateName":"ND58","potentialAction":[{"@type":"SearchAction","target":{"@type":"EntryPoint","urlTemplate":"https:\/\/digital58.com.ve\/site\/?s={search_term_string}"},"query-input":{"@type":"PropertyValueSpecification","valueRequired":true,"valueName":"search_term_string"}}],"inLanguage":"es"},{"@type":["Person","Organization"],"@id":"https:\/\/digital58.com.ve\/site\/#\/schema\/person\/64d1c2e4d0d4fd1b849980c4331c2951","name":"Villasmil Henry","image":{"@type":"ImageObject","inLanguage":"es","@id":"https:\/\/secure.gravatar.com\/avatar\/bb0c4a2fcb7970138239f7e404ea75757b1b507b28b5ce4c53fbd62d797c5a7c?s=96&d=mm&r=g","url":"https:\/\/secure.gravatar.com\/avatar\/bb0c4a2fcb7970138239f7e404ea75757b1b507b28b5ce4c53fbd62d797c5a7c?s=96&d=mm&r=g","contentUrl":"https:\/\/secure.gravatar.com\/avatar\/bb0c4a2fcb7970138239f7e404ea75757b1b507b28b5ce4c53fbd62d797c5a7c?s=96&d=mm&r=g","caption":"Villasmil Henry"},"logo":{"@id":"https:\/\/secure.gravatar.com\/avatar\/bb0c4a2fcb7970138239f7e404ea75757b1b507b28b5ce4c53fbd62d797c5a7c?s=96&d=mm&r=g"},"sameAs":["http:\/\/www.henryvillasmil.com.ve","https:\/\/www.instagram.com\/villasmilhfoto\/","https:\/\/x.com\/https:\/\/twitter.com\/villasmilhfoto"],"url":"https:\/\/digital58.com.ve\/site\/author\/droopy_68\/"}]}},"uagb_featured_image_src":{"full":["https:\/\/digital58.com.ve\/site\/wp-content\/uploads\/2017\/04\/malena.jpg",800,578,false],"thumbnail":["https:\/\/digital58.com.ve\/site\/wp-content\/uploads\/2017\/04\/malena-150x150.jpg",150,150,true],"medium":["https:\/\/digital58.com.ve\/site\/wp-content\/uploads\/2017\/04\/malena-300x217.jpg",300,217,true],"medium_large":["https:\/\/digital58.com.ve\/site\/wp-content\/uploads\/2017\/04\/malena-768x554.jpg",768,554,true],"large":["https:\/\/digital58.com.ve\/site\/wp-content\/uploads\/2017\/04\/malena-1418x1024.jpg",800,578,true],"1536x1536":["https:\/\/digital58.com.ve\/site\/wp-content\/uploads\/2017\/04\/malena.jpg",800,578,false],"2048x2048":["https:\/\/digital58.com.ve\/site\/wp-content\/uploads\/2017\/04\/malena.jpg",800,578,false],"colormag-highlighted-post":["https:\/\/digital58.com.ve\/site\/wp-content\/uploads\/2017\/04\/malena.jpg",376,272,false],"colormag-featured-post-medium":["https:\/\/digital58.com.ve\/site\/wp-content\/uploads\/2017\/04\/malena.jpg",284,205,false],"colormag-featured-post-small":["https:\/\/digital58.com.ve\/site\/wp-content\/uploads\/2017\/04\/malena.jpg",125,90,false],"colormag-featured-image":["https:\/\/digital58.com.ve\/site\/wp-content\/uploads\/2017\/04\/malena.jpg",616,445,false],"colormag-default-news":["https:\/\/digital58.com.ve\/site\/wp-content\/uploads\/2017\/04\/malena.jpg",150,108,false],"colormag-featured-image-large":["https:\/\/digital58.com.ve\/site\/wp-content\/uploads\/2017\/04\/malena.jpg",800,578,false]},"uagb_author_info":{"display_name":"Villasmil Henry","author_link":"https:\/\/digital58.com.ve\/site\/author\/droopy_68\/"},"uagb_comment_info":0,"uagb_excerpt":"La carism\u00e1tica actriz ser\u00e1 la representante del cine venezolano en tan importante evento y tendr\u00e1 la oportunidad de compartir con","_links":{"self":[{"href":"https:\/\/digital58.com.ve\/site\/wp-json\/wp\/v2\/posts\/62631","targetHints":{"allow":["GET"]}}],"collection":[{"href":"https:\/\/digital58.com.ve\/site\/wp-json\/wp\/v2\/posts"}],"about":[{"href":"https:\/\/digital58.com.ve\/site\/wp-json\/wp\/v2\/types\/post"}],"author":[{"embeddable":true,"href":"https:\/\/digital58.com.ve\/site\/wp-json\/wp\/v2\/users\/1"}],"replies":[{"embeddable":true,"href":"https:\/\/digital58.com.ve\/site\/wp-json\/wp\/v2\/comments?post=62631"}],"version-history":[{"count":0,"href":"https:\/\/digital58.com.ve\/site\/wp-json\/wp\/v2\/posts\/62631\/revisions"}],"wp:featuredmedia":[{"embeddable":true,"href":"https:\/\/digital58.com.ve\/site\/wp-json\/wp\/v2\/media\/62633"}],"wp:attachment":[{"href":"https:\/\/digital58.com.ve\/site\/wp-json\/wp\/v2\/media?parent=62631"}],"wp:term":[{"taxonomy":"category","embeddable":true,"href":"https:\/\/digital58.com.ve\/site\/wp-json\/wp\/v2\/categories?post=62631"},{"taxonomy":"post_tag","embeddable":true,"href":"https:\/\/digital58.com.ve\/site\/wp-json\/wp\/v2\/tags?post=62631"}],"curies":[{"name":"wp","href":"https:\/\/api.w.org\/{rel}","templated":true}]}}