{"id":63124,"date":"2017-05-05T08:46:06","date_gmt":"2017-05-05T12:46:06","guid":{"rendered":"http:\/\/digital58.com.ve\/site\/?p=63124"},"modified":"2017-05-05T08:50:30","modified_gmt":"2017-05-05T12:50:30","slug":"luis-miguel-contara-su-historia-en-una-serie-de-netflix","status":"publish","type":"post","link":"https:\/\/digital58.com.ve\/site\/2017\/05\/05\/luis-miguel-contara-su-historia-en-una-serie-de-netflix\/","title":{"rendered":"Luis Miguel contar\u00e1 su historia en una serie de Netflix"},"content":{"rendered":"<p><a href=\"http:\/\/digital58.com.ve\/site\/wp-content\/uploads\/2017\/05\/luismiguel.jpg\"><img loading=\"lazy\" decoding=\"async\" class=\"aligncenter size-large wp-image-63125\" src=\"http:\/\/digital58.com.ve\/site\/wp-content\/uploads\/2017\/05\/luismiguel-1500x1002.jpg\" alt=\"\" width=\"640\" height=\"428\" srcset=\"https:\/\/digital58.com.ve\/site\/wp-content\/uploads\/2017\/05\/luismiguel-1500x1002.jpg 1500w, https:\/\/digital58.com.ve\/site\/wp-content\/uploads\/2017\/05\/luismiguel-300x200.jpg 300w, https:\/\/digital58.com.ve\/site\/wp-content\/uploads\/2017\/05\/luismiguel-768x513.jpg 768w, https:\/\/digital58.com.ve\/site\/wp-content\/uploads\/2017\/05\/luismiguel-720x480.jpg 720w, https:\/\/digital58.com.ve\/site\/wp-content\/uploads\/2017\/05\/luismiguel-480x320.jpg 480w, https:\/\/digital58.com.ve\/site\/wp-content\/uploads\/2017\/05\/luismiguel.jpg 800w\" sizes=\"auto, (max-width: 640px) 100vw, 640px\" \/><\/a><\/p>\n<p>El cantante Luis Miguel ha decidido contar su historia, el \u00abviaje emocional que ha formado a la persona y al artista\u00bb, en una serie autobiogr\u00e1fica que estrenar\u00e1 Netflix el a\u00f1o que viene y que va a \u00absorprender\u00bb a sus seguidores.<\/p>\n<p><strong>Maracaibo, Zulia, Venezuela 05 de mayo de 2017 (D58).-<\/strong> El t\u00edtulo definitivo y el actor principal todav\u00eda est\u00e1n pendientes de confirmar pero ya se sabe que la serie autobiogr\u00e1fica autorizada \u00abnarrar\u00e1 la vida del \u00edcono internacional y artista multiplatino desde su infancia hasta su trayectoria hacia la fama\u00bb, indic\u00f3 Netflix en un comunicado.<\/p>\n<p>\u00abDurante d\u00e9cadas muchas personas han hablado de mi vida y muchas m\u00e1s han creado sus propias versiones. Ahora he decidido contar yo mi propia historia\u00bb, indic\u00f3 el cantante en el comunicado.<\/p>\n<p>Luis Miguel asegura que est\u00e1 \u00abpreparado para recorrer todos los aspectos\u00bb de su pasado que \u00abhan generado tantas preguntas y especulaciones\u00bb. \u00abLos fans se van a sorprender y podr\u00e1n acompa\u00f1arme en este viaje emocional que ha formado a la persona y al artista que soy\u00bb.<\/p>\n<p>La serie ser\u00e1 creada y producida por Gato Grande, una alianza estrat\u00e9gica entre MGM y un grupo de empresarios mexicanos compuesto por Miguel Alem\u00e1n Magnani, Antonio Cue S\u00e1nchez Navarro y Jos\u00e9 Luis Ram\u00edrez Magnani.<\/p>\n<p>La serie original de Netflix estar\u00e1 disponible para los usuarios de la plataforma en Am\u00e9rica Latina y Espa\u00f1a en 2018.<\/p>\n<p>El anuncio de esta serie sobre la vida de Luis Miguel se produce dos d\u00edas despu\u00e9s de que el artista fuera arrestado y posteriormente puesto en libertad bajo fianza en Los \u00c1ngeles tras negarse a comparecer ante los tribunales por el caso que le enfrenta a su exrepresentante William Brockhaus.<\/p>\n<p>Seg\u00fan los documentos judiciales del caso, un tribunal de Los \u00c1ngeles advirti\u00f3 al cantante el pasado 24 de marzo de que, si no se presentaba el 17 de abril en la audiencia que estaba prevista en la ciudad californiana, ordenar\u00eda a las fuerzas de seguridad que procedieran a su detenci\u00f3n.<\/p>\n<p>Brockhaus exige en su demanda a Luis Miguel una indemnizaci\u00f3n de algo m\u00e1s de un mill\u00f3n de d\u00f3lares, incluyendo intereses y los honorarios de los abogados, por incumplimiento de contrato cuando ejerc\u00eda como representante del m\u00fasico conocido como \u00abEl Sol\u00bb entre 2013 y 2015.<\/p>\n<p><strong>Redacci\u00f3n y fuente: Agencia EFE<\/strong><br \/>\n<strong>Edici\u00f3n: Villasmil, Henry<\/strong><br \/>\n<strong>Foto: EFE<\/strong><\/p>\n<p>&nbsp;<\/p><div class=\"pczio69f1c82460390\" ><p style=\"text-align: center;\"><a href=\"https:\/\/t.me\/noticiasdigital58\" target=\"_blank\" rel=\"noopener\"><img class=\"aligncenter size-full wp-image-125363\" src=\"https:\/\/digital58.com.ve\/site\/wp-content\/uploads\/2021\/04\/banner-telegram-web-2021.png\" alt=\"\" width=\"600\" height=\"90\" \/><\/a><\/p><\/div><style type=\"text\/css\">\r\n@media screen and (min-width: 1201px) {\r\n.pczio69f1c82460390 {\r\ndisplay: block;\r\n}\r\n}\r\n@media screen and (min-width: 993px) and (max-width: 1200px) {\r\n.pczio69f1c82460390 {\r\ndisplay: block;\r\n}\r\n}\r\n@media screen and (min-width: 769px) and (max-width: 992px) {\r\n.pczio69f1c82460390 {\r\ndisplay: block;\r\n}\r\n}\r\n@media screen and (min-width: 768px) and (max-width: 768px) {\r\n.pczio69f1c82460390 {\r\ndisplay: block;\r\n}\r\n}\r\n@media screen and (max-width: 767px) {\r\n.pczio69f1c82460390 {\r\ndisplay: block;\r\n}\r\n}\r\n<\/style>\r\n\n<p>&nbsp;<\/p>\n<div style=\"margin-top: 0px; margin-bottom: 0px;\" class=\"sharethis-inline-share-buttons\" ><\/div>","protected":false},"excerpt":{"rendered":"<p>El cantante Luis Miguel ha decidido contar su historia, el \u00abviaje emocional que ha formado a la persona y al<\/p>\n","protected":false},"author":1,"featured_media":63125,"comment_status":"open","ping_status":"closed","sticky":false,"template":"","format":"standard","meta":{"colormag_page_container_layout":"default_layout","colormag_page_sidebar_layout":"default_layout","_uag_custom_page_level_css":"","footnotes":""},"categories":[1],"tags":[78,50,8,4732,61,71],"class_list":["post-63124","post","type-post","status-publish","format-standard","has-post-thumbnail","hentry","category-fama","tag-cantantes","tag-entretenimiento","tag-internacionales","tag-luis-miguel","tag-musica","tag-netflix"],"yoast_head":"<!-- This site is optimized with the Yoast SEO plugin v27.5 - https:\/\/yoast.com\/product\/yoast-seo-wordpress\/ -->\n<title>Luis Miguel contar\u00e1 su historia en una serie de Netflix<\/title>\n<meta name=\"robots\" content=\"index, follow, max-snippet:-1, max-image-preview:large, max-video-preview:-1\" \/>\n<link rel=\"canonical\" href=\"https:\/\/digital58.com.ve\/site\/2017\/05\/05\/luis-miguel-contara-su-historia-en-una-serie-de-netflix\/\" \/>\n<meta property=\"og:locale\" content=\"es_ES\" \/>\n<meta property=\"og:type\" content=\"article\" \/>\n<meta property=\"og:title\" content=\"Luis Miguel contar\u00e1 su historia en una serie de Netflix\" \/>\n<meta property=\"og:url\" content=\"https:\/\/digital58.com.ve\/site\/2017\/05\/05\/luis-miguel-contara-su-historia-en-una-serie-de-netflix\/\" \/>\n<meta property=\"og:site_name\" content=\"Noticias Digital58\" \/>\n<meta property=\"article:published_time\" content=\"2017-05-05T12:46:06+00:00\" \/>\n<meta property=\"article:modified_time\" content=\"2017-05-05T12:50:30+00:00\" \/>\n<meta property=\"og:image\" content=\"https:\/\/digital58.com.ve\/site\/wp-content\/uploads\/2017\/05\/luismiguel.jpg\" \/>\n\t<meta property=\"og:image:width\" content=\"1500\" \/>\n\t<meta property=\"og:image:height\" content=\"1002\" \/>\n\t<meta property=\"og:image:type\" content=\"image\/jpeg\" \/>\n<meta name=\"author\" content=\"Villasmil Henry\" \/>\n<meta name=\"twitter:card\" content=\"summary_large_image\" \/>\n<meta name=\"twitter:creator\" content=\"@https:\/\/twitter.com\/villasmilhfoto\" \/>\n<meta name=\"twitter:site\" content=\"@villasmilhfoto\" \/>\n<meta name=\"twitter:label1\" content=\"Escrito por\" \/>\n\t<meta name=\"twitter:data1\" content=\"Villasmil Henry\" \/>\n\t<meta name=\"twitter:label2\" content=\"Tiempo estimado de lectura\" \/>\n\t<meta name=\"twitter:data2\" content=\"2 minutos\" \/>\n<script type=\"application\/ld+json\" class=\"yoast-schema-graph\">{\"@context\":\"https:\\\/\\\/schema.org\",\"@graph\":[{\"@type\":\"Article\",\"@id\":\"https:\\\/\\\/digital58.com.ve\\\/site\\\/2017\\\/05\\\/05\\\/luis-miguel-contara-su-historia-en-una-serie-de-netflix\\\/#article\",\"isPartOf\":{\"@id\":\"https:\\\/\\\/digital58.com.ve\\\/site\\\/2017\\\/05\\\/05\\\/luis-miguel-contara-su-historia-en-una-serie-de-netflix\\\/\"},\"author\":{\"name\":\"Villasmil Henry\",\"@id\":\"https:\\\/\\\/digital58.com.ve\\\/site\\\/#\\\/schema\\\/person\\\/64d1c2e4d0d4fd1b849980c4331c2951\"},\"headline\":\"Luis Miguel contar\u00e1 su historia en una serie de Netflix\",\"datePublished\":\"2017-05-05T12:46:06+00:00\",\"dateModified\":\"2017-05-05T12:50:30+00:00\",\"mainEntityOfPage\":{\"@id\":\"https:\\\/\\\/digital58.com.ve\\\/site\\\/2017\\\/05\\\/05\\\/luis-miguel-contara-su-historia-en-una-serie-de-netflix\\\/\"},\"wordCount\":412,\"commentCount\":0,\"publisher\":{\"@id\":\"https:\\\/\\\/digital58.com.ve\\\/site\\\/#\\\/schema\\\/person\\\/64d1c2e4d0d4fd1b849980c4331c2951\"},\"image\":{\"@id\":\"https:\\\/\\\/digital58.com.ve\\\/site\\\/2017\\\/05\\\/05\\\/luis-miguel-contara-su-historia-en-una-serie-de-netflix\\\/#primaryimage\"},\"thumbnailUrl\":\"https:\\\/\\\/digital58.com.ve\\\/site\\\/wp-content\\\/uploads\\\/2017\\\/05\\\/luismiguel.jpg\",\"keywords\":[\"Cantantes\",\"Entretenimiento\",\"Internacionales\",\"Luis Miguel\",\"M\u00fasica\",\"Netflix\"],\"articleSection\":[\"Fama\"],\"inLanguage\":\"es\",\"potentialAction\":[{\"@type\":\"CommentAction\",\"name\":\"Comment\",\"target\":[\"https:\\\/\\\/digital58.com.ve\\\/site\\\/2017\\\/05\\\/05\\\/luis-miguel-contara-su-historia-en-una-serie-de-netflix\\\/#respond\"]}]},{\"@type\":\"WebPage\",\"@id\":\"https:\\\/\\\/digital58.com.ve\\\/site\\\/2017\\\/05\\\/05\\\/luis-miguel-contara-su-historia-en-una-serie-de-netflix\\\/\",\"url\":\"https:\\\/\\\/digital58.com.ve\\\/site\\\/2017\\\/05\\\/05\\\/luis-miguel-contara-su-historia-en-una-serie-de-netflix\\\/\",\"name\":\"Luis Miguel contar\u00e1 su historia en una serie de Netflix\",\"isPartOf\":{\"@id\":\"https:\\\/\\\/digital58.com.ve\\\/site\\\/#website\"},\"primaryImageOfPage\":{\"@id\":\"https:\\\/\\\/digital58.com.ve\\\/site\\\/2017\\\/05\\\/05\\\/luis-miguel-contara-su-historia-en-una-serie-de-netflix\\\/#primaryimage\"},\"image\":{\"@id\":\"https:\\\/\\\/digital58.com.ve\\\/site\\\/2017\\\/05\\\/05\\\/luis-miguel-contara-su-historia-en-una-serie-de-netflix\\\/#primaryimage\"},\"thumbnailUrl\":\"https:\\\/\\\/digital58.com.ve\\\/site\\\/wp-content\\\/uploads\\\/2017\\\/05\\\/luismiguel.jpg\",\"datePublished\":\"2017-05-05T12:46:06+00:00\",\"dateModified\":\"2017-05-05T12:50:30+00:00\",\"breadcrumb\":{\"@id\":\"https:\\\/\\\/digital58.com.ve\\\/site\\\/2017\\\/05\\\/05\\\/luis-miguel-contara-su-historia-en-una-serie-de-netflix\\\/#breadcrumb\"},\"inLanguage\":\"es\",\"potentialAction\":[{\"@type\":\"ReadAction\",\"target\":[\"https:\\\/\\\/digital58.com.ve\\\/site\\\/2017\\\/05\\\/05\\\/luis-miguel-contara-su-historia-en-una-serie-de-netflix\\\/\"]}]},{\"@type\":\"ImageObject\",\"inLanguage\":\"es\",\"@id\":\"https:\\\/\\\/digital58.com.ve\\\/site\\\/2017\\\/05\\\/05\\\/luis-miguel-contara-su-historia-en-una-serie-de-netflix\\\/#primaryimage\",\"url\":\"https:\\\/\\\/digital58.com.ve\\\/site\\\/wp-content\\\/uploads\\\/2017\\\/05\\\/luismiguel.jpg\",\"contentUrl\":\"https:\\\/\\\/digital58.com.ve\\\/site\\\/wp-content\\\/uploads\\\/2017\\\/05\\\/luismiguel.jpg\",\"width\":800,\"height\":534},{\"@type\":\"BreadcrumbList\",\"@id\":\"https:\\\/\\\/digital58.com.ve\\\/site\\\/2017\\\/05\\\/05\\\/luis-miguel-contara-su-historia-en-una-serie-de-netflix\\\/#breadcrumb\",\"itemListElement\":[{\"@type\":\"ListItem\",\"position\":1,\"name\":\"Home\",\"item\":\"https:\\\/\\\/digital58.com.ve\\\/site\\\/\"},{\"@type\":\"ListItem\",\"position\":2,\"name\":\"Luis Miguel contar\u00e1 su historia en una serie de Netflix\"}]},{\"@type\":\"WebSite\",\"@id\":\"https:\\\/\\\/digital58.com.ve\\\/site\\\/#website\",\"url\":\"https:\\\/\\\/digital58.com.ve\\\/site\\\/\",\"name\":\"Noticias Digital58\",\"description\":\"Portal de Noticias \u00a1Periodismo web de verdad! Lanzamiento web 22.11.2005 \\\/ Maracaibo, Venezuela\",\"publisher\":{\"@id\":\"https:\\\/\\\/digital58.com.ve\\\/site\\\/#\\\/schema\\\/person\\\/64d1c2e4d0d4fd1b849980c4331c2951\"},\"alternateName\":\"ND58\",\"potentialAction\":[{\"@type\":\"SearchAction\",\"target\":{\"@type\":\"EntryPoint\",\"urlTemplate\":\"https:\\\/\\\/digital58.com.ve\\\/site\\\/?s={search_term_string}\"},\"query-input\":{\"@type\":\"PropertyValueSpecification\",\"valueRequired\":true,\"valueName\":\"search_term_string\"}}],\"inLanguage\":\"es\"},{\"@type\":[\"Person\",\"Organization\"],\"@id\":\"https:\\\/\\\/digital58.com.ve\\\/site\\\/#\\\/schema\\\/person\\\/64d1c2e4d0d4fd1b849980c4331c2951\",\"name\":\"Villasmil Henry\",\"image\":{\"@type\":\"ImageObject\",\"inLanguage\":\"es\",\"@id\":\"https:\\\/\\\/secure.gravatar.com\\\/avatar\\\/bb0c4a2fcb7970138239f7e404ea75757b1b507b28b5ce4c53fbd62d797c5a7c?s=96&d=mm&r=g\",\"url\":\"https:\\\/\\\/secure.gravatar.com\\\/avatar\\\/bb0c4a2fcb7970138239f7e404ea75757b1b507b28b5ce4c53fbd62d797c5a7c?s=96&d=mm&r=g\",\"contentUrl\":\"https:\\\/\\\/secure.gravatar.com\\\/avatar\\\/bb0c4a2fcb7970138239f7e404ea75757b1b507b28b5ce4c53fbd62d797c5a7c?s=96&d=mm&r=g\",\"caption\":\"Villasmil Henry\"},\"logo\":{\"@id\":\"https:\\\/\\\/secure.gravatar.com\\\/avatar\\\/bb0c4a2fcb7970138239f7e404ea75757b1b507b28b5ce4c53fbd62d797c5a7c?s=96&d=mm&r=g\"},\"sameAs\":[\"http:\\\/\\\/www.henryvillasmil.com.ve\",\"https:\\\/\\\/www.instagram.com\\\/villasmilhfoto\\\/\",\"https:\\\/\\\/x.com\\\/https:\\\/\\\/twitter.com\\\/villasmilhfoto\"],\"url\":\"https:\\\/\\\/digital58.com.ve\\\/site\\\/author\\\/droopy_68\\\/\"}]}<\/script>\n<!-- \/ Yoast SEO plugin. -->","yoast_head_json":{"title":"Luis Miguel contar\u00e1 su historia en una serie de Netflix","robots":{"index":"index","follow":"follow","max-snippet":"max-snippet:-1","max-image-preview":"max-image-preview:large","max-video-preview":"max-video-preview:-1"},"canonical":"https:\/\/digital58.com.ve\/site\/2017\/05\/05\/luis-miguel-contara-su-historia-en-una-serie-de-netflix\/","og_locale":"es_ES","og_type":"article","og_title":"Luis Miguel contar\u00e1 su historia en una serie de Netflix","og_url":"https:\/\/digital58.com.ve\/site\/2017\/05\/05\/luis-miguel-contara-su-historia-en-una-serie-de-netflix\/","og_site_name":"Noticias Digital58","article_published_time":"2017-05-05T12:46:06+00:00","article_modified_time":"2017-05-05T12:50:30+00:00","og_image":[{"width":1500,"height":1002,"url":"https:\/\/digital58.com.ve\/site\/wp-content\/uploads\/2017\/05\/luismiguel.jpg","type":"image\/jpeg"}],"author":"Villasmil Henry","twitter_card":"summary_large_image","twitter_creator":"@https:\/\/twitter.com\/villasmilhfoto","twitter_site":"@villasmilhfoto","twitter_misc":{"Escrito por":"Villasmil Henry","Tiempo estimado de lectura":"2 minutos"},"schema":{"@context":"https:\/\/schema.org","@graph":[{"@type":"Article","@id":"https:\/\/digital58.com.ve\/site\/2017\/05\/05\/luis-miguel-contara-su-historia-en-una-serie-de-netflix\/#article","isPartOf":{"@id":"https:\/\/digital58.com.ve\/site\/2017\/05\/05\/luis-miguel-contara-su-historia-en-una-serie-de-netflix\/"},"author":{"name":"Villasmil Henry","@id":"https:\/\/digital58.com.ve\/site\/#\/schema\/person\/64d1c2e4d0d4fd1b849980c4331c2951"},"headline":"Luis Miguel contar\u00e1 su historia en una serie de Netflix","datePublished":"2017-05-05T12:46:06+00:00","dateModified":"2017-05-05T12:50:30+00:00","mainEntityOfPage":{"@id":"https:\/\/digital58.com.ve\/site\/2017\/05\/05\/luis-miguel-contara-su-historia-en-una-serie-de-netflix\/"},"wordCount":412,"commentCount":0,"publisher":{"@id":"https:\/\/digital58.com.ve\/site\/#\/schema\/person\/64d1c2e4d0d4fd1b849980c4331c2951"},"image":{"@id":"https:\/\/digital58.com.ve\/site\/2017\/05\/05\/luis-miguel-contara-su-historia-en-una-serie-de-netflix\/#primaryimage"},"thumbnailUrl":"https:\/\/digital58.com.ve\/site\/wp-content\/uploads\/2017\/05\/luismiguel.jpg","keywords":["Cantantes","Entretenimiento","Internacionales","Luis Miguel","M\u00fasica","Netflix"],"articleSection":["Fama"],"inLanguage":"es","potentialAction":[{"@type":"CommentAction","name":"Comment","target":["https:\/\/digital58.com.ve\/site\/2017\/05\/05\/luis-miguel-contara-su-historia-en-una-serie-de-netflix\/#respond"]}]},{"@type":"WebPage","@id":"https:\/\/digital58.com.ve\/site\/2017\/05\/05\/luis-miguel-contara-su-historia-en-una-serie-de-netflix\/","url":"https:\/\/digital58.com.ve\/site\/2017\/05\/05\/luis-miguel-contara-su-historia-en-una-serie-de-netflix\/","name":"Luis Miguel contar\u00e1 su historia en una serie de Netflix","isPartOf":{"@id":"https:\/\/digital58.com.ve\/site\/#website"},"primaryImageOfPage":{"@id":"https:\/\/digital58.com.ve\/site\/2017\/05\/05\/luis-miguel-contara-su-historia-en-una-serie-de-netflix\/#primaryimage"},"image":{"@id":"https:\/\/digital58.com.ve\/site\/2017\/05\/05\/luis-miguel-contara-su-historia-en-una-serie-de-netflix\/#primaryimage"},"thumbnailUrl":"https:\/\/digital58.com.ve\/site\/wp-content\/uploads\/2017\/05\/luismiguel.jpg","datePublished":"2017-05-05T12:46:06+00:00","dateModified":"2017-05-05T12:50:30+00:00","breadcrumb":{"@id":"https:\/\/digital58.com.ve\/site\/2017\/05\/05\/luis-miguel-contara-su-historia-en-una-serie-de-netflix\/#breadcrumb"},"inLanguage":"es","potentialAction":[{"@type":"ReadAction","target":["https:\/\/digital58.com.ve\/site\/2017\/05\/05\/luis-miguel-contara-su-historia-en-una-serie-de-netflix\/"]}]},{"@type":"ImageObject","inLanguage":"es","@id":"https:\/\/digital58.com.ve\/site\/2017\/05\/05\/luis-miguel-contara-su-historia-en-una-serie-de-netflix\/#primaryimage","url":"https:\/\/digital58.com.ve\/site\/wp-content\/uploads\/2017\/05\/luismiguel.jpg","contentUrl":"https:\/\/digital58.com.ve\/site\/wp-content\/uploads\/2017\/05\/luismiguel.jpg","width":800,"height":534},{"@type":"BreadcrumbList","@id":"https:\/\/digital58.com.ve\/site\/2017\/05\/05\/luis-miguel-contara-su-historia-en-una-serie-de-netflix\/#breadcrumb","itemListElement":[{"@type":"ListItem","position":1,"name":"Home","item":"https:\/\/digital58.com.ve\/site\/"},{"@type":"ListItem","position":2,"name":"Luis Miguel contar\u00e1 su historia en una serie de Netflix"}]},{"@type":"WebSite","@id":"https:\/\/digital58.com.ve\/site\/#website","url":"https:\/\/digital58.com.ve\/site\/","name":"Noticias Digital58","description":"Portal de Noticias \u00a1Periodismo web de verdad! Lanzamiento web 22.11.2005 \/ Maracaibo, Venezuela","publisher":{"@id":"https:\/\/digital58.com.ve\/site\/#\/schema\/person\/64d1c2e4d0d4fd1b849980c4331c2951"},"alternateName":"ND58","potentialAction":[{"@type":"SearchAction","target":{"@type":"EntryPoint","urlTemplate":"https:\/\/digital58.com.ve\/site\/?s={search_term_string}"},"query-input":{"@type":"PropertyValueSpecification","valueRequired":true,"valueName":"search_term_string"}}],"inLanguage":"es"},{"@type":["Person","Organization"],"@id":"https:\/\/digital58.com.ve\/site\/#\/schema\/person\/64d1c2e4d0d4fd1b849980c4331c2951","name":"Villasmil Henry","image":{"@type":"ImageObject","inLanguage":"es","@id":"https:\/\/secure.gravatar.com\/avatar\/bb0c4a2fcb7970138239f7e404ea75757b1b507b28b5ce4c53fbd62d797c5a7c?s=96&d=mm&r=g","url":"https:\/\/secure.gravatar.com\/avatar\/bb0c4a2fcb7970138239f7e404ea75757b1b507b28b5ce4c53fbd62d797c5a7c?s=96&d=mm&r=g","contentUrl":"https:\/\/secure.gravatar.com\/avatar\/bb0c4a2fcb7970138239f7e404ea75757b1b507b28b5ce4c53fbd62d797c5a7c?s=96&d=mm&r=g","caption":"Villasmil Henry"},"logo":{"@id":"https:\/\/secure.gravatar.com\/avatar\/bb0c4a2fcb7970138239f7e404ea75757b1b507b28b5ce4c53fbd62d797c5a7c?s=96&d=mm&r=g"},"sameAs":["http:\/\/www.henryvillasmil.com.ve","https:\/\/www.instagram.com\/villasmilhfoto\/","https:\/\/x.com\/https:\/\/twitter.com\/villasmilhfoto"],"url":"https:\/\/digital58.com.ve\/site\/author\/droopy_68\/"}]}},"uagb_featured_image_src":{"full":["https:\/\/digital58.com.ve\/site\/wp-content\/uploads\/2017\/05\/luismiguel.jpg",800,534,false],"thumbnail":["https:\/\/digital58.com.ve\/site\/wp-content\/uploads\/2017\/05\/luismiguel-150x150.jpg",150,150,true],"medium":["https:\/\/digital58.com.ve\/site\/wp-content\/uploads\/2017\/05\/luismiguel-300x200.jpg",300,200,true],"medium_large":["https:\/\/digital58.com.ve\/site\/wp-content\/uploads\/2017\/05\/luismiguel-768x513.jpg",768,513,true],"large":["https:\/\/digital58.com.ve\/site\/wp-content\/uploads\/2017\/05\/luismiguel-1500x1002.jpg",800,534,true],"1536x1536":["https:\/\/digital58.com.ve\/site\/wp-content\/uploads\/2017\/05\/luismiguel.jpg",800,534,false],"2048x2048":["https:\/\/digital58.com.ve\/site\/wp-content\/uploads\/2017\/05\/luismiguel.jpg",800,534,false],"colormag-highlighted-post":["https:\/\/digital58.com.ve\/site\/wp-content\/uploads\/2017\/05\/luismiguel.jpg",392,262,false],"colormag-featured-post-medium":["https:\/\/digital58.com.ve\/site\/wp-content\/uploads\/2017\/05\/luismiguel.jpg",307,205,false],"colormag-featured-post-small":["https:\/\/digital58.com.ve\/site\/wp-content\/uploads\/2017\/05\/luismiguel.jpg",130,87,false],"colormag-featured-image":["https:\/\/digital58.com.ve\/site\/wp-content\/uploads\/2017\/05\/luismiguel.jpg",667,445,false],"colormag-default-news":["https:\/\/digital58.com.ve\/site\/wp-content\/uploads\/2017\/05\/luismiguel.jpg",150,100,false],"colormag-featured-image-large":["https:\/\/digital58.com.ve\/site\/wp-content\/uploads\/2017\/05\/luismiguel.jpg",800,534,false]},"uagb_author_info":{"display_name":"Villasmil Henry","author_link":"https:\/\/digital58.com.ve\/site\/author\/droopy_68\/"},"uagb_comment_info":0,"uagb_excerpt":"El cantante Luis Miguel ha decidido contar su historia, el \u00abviaje emocional que ha formado a la persona y al","_links":{"self":[{"href":"https:\/\/digital58.com.ve\/site\/wp-json\/wp\/v2\/posts\/63124","targetHints":{"allow":["GET"]}}],"collection":[{"href":"https:\/\/digital58.com.ve\/site\/wp-json\/wp\/v2\/posts"}],"about":[{"href":"https:\/\/digital58.com.ve\/site\/wp-json\/wp\/v2\/types\/post"}],"author":[{"embeddable":true,"href":"https:\/\/digital58.com.ve\/site\/wp-json\/wp\/v2\/users\/1"}],"replies":[{"embeddable":true,"href":"https:\/\/digital58.com.ve\/site\/wp-json\/wp\/v2\/comments?post=63124"}],"version-history":[{"count":0,"href":"https:\/\/digital58.com.ve\/site\/wp-json\/wp\/v2\/posts\/63124\/revisions"}],"wp:featuredmedia":[{"embeddable":true,"href":"https:\/\/digital58.com.ve\/site\/wp-json\/wp\/v2\/media\/63125"}],"wp:attachment":[{"href":"https:\/\/digital58.com.ve\/site\/wp-json\/wp\/v2\/media?parent=63124"}],"wp:term":[{"taxonomy":"category","embeddable":true,"href":"https:\/\/digital58.com.ve\/site\/wp-json\/wp\/v2\/categories?post=63124"},{"taxonomy":"post_tag","embeddable":true,"href":"https:\/\/digital58.com.ve\/site\/wp-json\/wp\/v2\/tags?post=63124"}],"curies":[{"name":"wp","href":"https:\/\/api.w.org\/{rel}","templated":true}]}}