{"id":63462,"date":"2017-05-10T18:15:48","date_gmt":"2017-05-10T22:15:48","guid":{"rendered":"http:\/\/digital58.com.ve\/site\/?p=63462"},"modified":"2017-05-10T18:15:48","modified_gmt":"2017-05-10T22:15:48","slug":"dwayne-la-roca-johnson-se-plantea-aspirar-a-la-presidencia-de-estados-unidos","status":"publish","type":"post","link":"https:\/\/digital58.com.ve\/site\/2017\/05\/10\/dwayne-la-roca-johnson-se-plantea-aspirar-a-la-presidencia-de-estados-unidos\/","title":{"rendered":"Dwayne \u00abLa Roca\u00bb Johnson se plantea aspirar a la presidencia de Estados Unidos"},"content":{"rendered":"<p><img loading=\"lazy\" decoding=\"async\" class=\"aligncenter size-full wp-image-63463\" src=\"http:\/\/digital58.com.ve\/site\/wp-content\/uploads\/2017\/05\/decd5.jpg\" alt=\"\" width=\"1500\" height=\"1000\" srcset=\"https:\/\/digital58.com.ve\/site\/wp-content\/uploads\/2017\/05\/decd5.jpg 800w, https:\/\/digital58.com.ve\/site\/wp-content\/uploads\/2017\/05\/decd5-300x200.jpg 300w, https:\/\/digital58.com.ve\/site\/wp-content\/uploads\/2017\/05\/decd5-768x512.jpg 768w, https:\/\/digital58.com.ve\/site\/wp-content\/uploads\/2017\/05\/decd5-1500x1000.jpg 1500w, https:\/\/digital58.com.ve\/site\/wp-content\/uploads\/2017\/05\/decd5-720x480.jpg 720w, https:\/\/digital58.com.ve\/site\/wp-content\/uploads\/2017\/05\/decd5-480x320.jpg 480w\" sizes=\"auto, (max-width: 1500px) 100vw, 1500px\" \/><br \/>\nDwayne Johnson, conocido como \u00abLa Roca\u00bb, no descarta aspirar a la presidencia de Estados Unidos en un futuro, seg\u00fan una entrevista publicada por la revista GQ publicada hoy. El actor de 45 a\u00f1os de edad asegur\u00f3 que hace un a\u00f1o se le empez\u00f3 a plantear cada vez m\u00e1s si se presentar\u00eda a unas elecciones presidenciales.<\/p>\n<p><strong>Nueva York, Estados Unidos, 10 de mayo de 2017 (D58).-<\/strong> El actor y productor estadounidense Dwayne Johnson, conocido como \u00abLa Roca\u00bb, no descarta aspirar a la presidencia de Estados Unidos en un futuro y afirm\u00f3 que es \u00abuna posibilidad real\u00bb, durante una entrevista con la revista GQ publicada hoy.<\/p>\n<p>\u00abLa Roca\u00bb asegur\u00f3 en esa entrevista que hace un a\u00f1o se le empez\u00f3 a plantear cada vez m\u00e1s si se presentar\u00eda a unas elecciones presidenciales. \u00abHab\u00eda una sensaci\u00f3n real de seriedad, lo que me hizo llegar a casa y pensar &#8216;d\u00e9jame volver a meditar mi respuesta y asegurarme que estoy dando una contestaci\u00f3n verdadera y respetable&#8217;\u00bb, narr\u00f3 el actor de 45 a\u00f1os de edad.<\/p>\n<p>La idea surgi\u00f3 despu\u00e9s de leer en junio un art\u00edculo en el diario The Washington Post que suger\u00eda a \u00abLa Roca\u00bb como un candidato viable a la Casa Blanca dado el clima pol\u00edtico del momento, cuando Donald Trump, ahora presidente, aspiraba a liderar el pa\u00eds.<\/p>\n<p>Tras considerar la opci\u00f3n, Johnson, que seg\u00fan GQ es el actor mejor pagado del mundo, confes\u00f3 que se plantea seriamente dejar de lado su prol\u00edfica carrera para dedicarse a la pol\u00edtica y optar a ocupar la Casa Blanca. \u00abCreo que es una posibilidad real\u00bb, asever\u00f3.<\/p>\n<p>\u00abLa Roca\u00bb, quien antes de ser actor era un popular luchador de pressing catch WWE, es uno de los protagonistas de la saga \u00abR\u00e1pidos y Furiosos\u00bb, pel\u00edculas que conjuntamente han recaudado m\u00e1s de mil millones de d\u00f3lares al a\u00f1o en el mundo.<\/p><div class=\"djdvw69f3ef49c0090\" ><p style=\"text-align: center;\"><a href=\"https:\/\/t.me\/noticiasdigital58\" target=\"_blank\" rel=\"noopener\"><img class=\"aligncenter size-full wp-image-125363\" src=\"https:\/\/digital58.com.ve\/site\/wp-content\/uploads\/2021\/04\/banner-telegram-web-2021.png\" alt=\"\" width=\"600\" height=\"90\" \/><\/a><\/p><\/div><style type=\"text\/css\">\r\n@media screen and (min-width: 1201px) {\r\n.djdvw69f3ef49c0090 {\r\ndisplay: block;\r\n}\r\n}\r\n@media screen and (min-width: 993px) and (max-width: 1200px) {\r\n.djdvw69f3ef49c0090 {\r\ndisplay: block;\r\n}\r\n}\r\n@media screen and (min-width: 769px) and (max-width: 992px) {\r\n.djdvw69f3ef49c0090 {\r\ndisplay: block;\r\n}\r\n}\r\n@media screen and (min-width: 768px) and (max-width: 768px) {\r\n.djdvw69f3ef49c0090 {\r\ndisplay: block;\r\n}\r\n}\r\n@media screen and (max-width: 767px) {\r\n.djdvw69f3ef49c0090 {\r\ndisplay: block;\r\n}\r\n}\r\n<\/style>\r\n\n<p><strong>Redacci\u00f3n: Agencias<\/strong><br \/>\n<strong>Edici\u00f3n: Carre\u00f1o, Reina<\/strong><br \/>\n<strong>Fotos: Google<\/strong><\/p>\n<div style=\"margin-top: 0px; margin-bottom: 0px;\" class=\"sharethis-inline-share-buttons\" ><\/div>","protected":false},"excerpt":{"rendered":"<p>Dwayne Johnson, conocido como \u00abLa Roca\u00bb, no descarta aspirar a la presidencia de Estados Unidos en un futuro, seg\u00fan una<\/p>\n","protected":false},"author":1,"featured_media":63463,"comment_status":"open","ping_status":"closed","sticky":false,"template":"","format":"standard","meta":{"colormag_page_container_layout":"default_layout","colormag_page_sidebar_layout":"default_layout","_uag_custom_page_level_css":"","footnotes":""},"categories":[1],"tags":[7084,7082,1304,8,6244,7083],"class_list":["post-63462","post","type-post","status-publish","format-standard","has-post-thumbnail","hentry","category-fama","tag-candidato","tag-dwayne-johson","tag-estados-unidos","tag-internacionales","tag-la-roca","tag-presidente"],"yoast_head":"<!-- This site is optimized with the Yoast SEO plugin v27.5 - https:\/\/yoast.com\/product\/yoast-seo-wordpress\/ -->\n<title>Dwayne \u00abLa Roca\u00bb Johnson se plantea aspirar a la presidencia de Estados Unidos<\/title>\n<meta name=\"robots\" content=\"index, follow, max-snippet:-1, max-image-preview:large, max-video-preview:-1\" \/>\n<link rel=\"canonical\" href=\"https:\/\/digital58.com.ve\/site\/2017\/05\/10\/dwayne-la-roca-johnson-se-plantea-aspirar-a-la-presidencia-de-estados-unidos\/\" \/>\n<meta property=\"og:locale\" content=\"es_ES\" \/>\n<meta property=\"og:type\" content=\"article\" \/>\n<meta property=\"og:title\" content=\"Dwayne \u00abLa Roca\u00bb Johnson se plantea aspirar a la presidencia de Estados Unidos\" \/>\n<meta property=\"og:url\" content=\"https:\/\/digital58.com.ve\/site\/2017\/05\/10\/dwayne-la-roca-johnson-se-plantea-aspirar-a-la-presidencia-de-estados-unidos\/\" \/>\n<meta property=\"og:site_name\" content=\"Noticias Digital58\" \/>\n<meta property=\"article:published_time\" content=\"2017-05-10T22:15:48+00:00\" \/>\n<meta property=\"og:image\" content=\"https:\/\/digital58.com.ve\/site\/wp-content\/uploads\/2017\/05\/decd5.jpg\" \/>\n\t<meta property=\"og:image:width\" content=\"1500\" \/>\n\t<meta property=\"og:image:height\" content=\"1000\" \/>\n\t<meta property=\"og:image:type\" content=\"image\/jpeg\" \/>\n<meta name=\"author\" content=\"Villasmil Henry\" \/>\n<meta name=\"twitter:card\" content=\"summary_large_image\" \/>\n<meta name=\"twitter:creator\" content=\"@https:\/\/twitter.com\/villasmilhfoto\" \/>\n<meta name=\"twitter:site\" content=\"@villasmilhfoto\" \/>\n<meta name=\"twitter:label1\" content=\"Escrito por\" \/>\n\t<meta name=\"twitter:data1\" content=\"Villasmil Henry\" \/>\n\t<meta name=\"twitter:label2\" content=\"Tiempo estimado de lectura\" \/>\n\t<meta name=\"twitter:data2\" content=\"2 minutos\" \/>\n<script type=\"application\/ld+json\" class=\"yoast-schema-graph\">{\"@context\":\"https:\\\/\\\/schema.org\",\"@graph\":[{\"@type\":\"Article\",\"@id\":\"https:\\\/\\\/digital58.com.ve\\\/site\\\/2017\\\/05\\\/10\\\/dwayne-la-roca-johnson-se-plantea-aspirar-a-la-presidencia-de-estados-unidos\\\/#article\",\"isPartOf\":{\"@id\":\"https:\\\/\\\/digital58.com.ve\\\/site\\\/2017\\\/05\\\/10\\\/dwayne-la-roca-johnson-se-plantea-aspirar-a-la-presidencia-de-estados-unidos\\\/\"},\"author\":{\"name\":\"Villasmil Henry\",\"@id\":\"https:\\\/\\\/digital58.com.ve\\\/site\\\/#\\\/schema\\\/person\\\/64d1c2e4d0d4fd1b849980c4331c2951\"},\"headline\":\"Dwayne \u00abLa Roca\u00bb Johnson se plantea aspirar a la presidencia de Estados Unidos\",\"datePublished\":\"2017-05-10T22:15:48+00:00\",\"mainEntityOfPage\":{\"@id\":\"https:\\\/\\\/digital58.com.ve\\\/site\\\/2017\\\/05\\\/10\\\/dwayne-la-roca-johnson-se-plantea-aspirar-a-la-presidencia-de-estados-unidos\\\/\"},\"wordCount\":347,\"commentCount\":0,\"publisher\":{\"@id\":\"https:\\\/\\\/digital58.com.ve\\\/site\\\/#\\\/schema\\\/person\\\/64d1c2e4d0d4fd1b849980c4331c2951\"},\"image\":{\"@id\":\"https:\\\/\\\/digital58.com.ve\\\/site\\\/2017\\\/05\\\/10\\\/dwayne-la-roca-johnson-se-plantea-aspirar-a-la-presidencia-de-estados-unidos\\\/#primaryimage\"},\"thumbnailUrl\":\"https:\\\/\\\/digital58.com.ve\\\/site\\\/wp-content\\\/uploads\\\/2017\\\/05\\\/decd5.jpg\",\"keywords\":[\"Candidato\",\"Dwayne Johson\",\"Estados Unidos\",\"Internacionales\",\"La Roca\",\"Presidente\"],\"articleSection\":[\"Fama\"],\"inLanguage\":\"es\",\"potentialAction\":[{\"@type\":\"CommentAction\",\"name\":\"Comment\",\"target\":[\"https:\\\/\\\/digital58.com.ve\\\/site\\\/2017\\\/05\\\/10\\\/dwayne-la-roca-johnson-se-plantea-aspirar-a-la-presidencia-de-estados-unidos\\\/#respond\"]}]},{\"@type\":\"WebPage\",\"@id\":\"https:\\\/\\\/digital58.com.ve\\\/site\\\/2017\\\/05\\\/10\\\/dwayne-la-roca-johnson-se-plantea-aspirar-a-la-presidencia-de-estados-unidos\\\/\",\"url\":\"https:\\\/\\\/digital58.com.ve\\\/site\\\/2017\\\/05\\\/10\\\/dwayne-la-roca-johnson-se-plantea-aspirar-a-la-presidencia-de-estados-unidos\\\/\",\"name\":\"Dwayne \u00abLa Roca\u00bb Johnson se plantea aspirar a la presidencia de Estados Unidos\",\"isPartOf\":{\"@id\":\"https:\\\/\\\/digital58.com.ve\\\/site\\\/#website\"},\"primaryImageOfPage\":{\"@id\":\"https:\\\/\\\/digital58.com.ve\\\/site\\\/2017\\\/05\\\/10\\\/dwayne-la-roca-johnson-se-plantea-aspirar-a-la-presidencia-de-estados-unidos\\\/#primaryimage\"},\"image\":{\"@id\":\"https:\\\/\\\/digital58.com.ve\\\/site\\\/2017\\\/05\\\/10\\\/dwayne-la-roca-johnson-se-plantea-aspirar-a-la-presidencia-de-estados-unidos\\\/#primaryimage\"},\"thumbnailUrl\":\"https:\\\/\\\/digital58.com.ve\\\/site\\\/wp-content\\\/uploads\\\/2017\\\/05\\\/decd5.jpg\",\"datePublished\":\"2017-05-10T22:15:48+00:00\",\"breadcrumb\":{\"@id\":\"https:\\\/\\\/digital58.com.ve\\\/site\\\/2017\\\/05\\\/10\\\/dwayne-la-roca-johnson-se-plantea-aspirar-a-la-presidencia-de-estados-unidos\\\/#breadcrumb\"},\"inLanguage\":\"es\",\"potentialAction\":[{\"@type\":\"ReadAction\",\"target\":[\"https:\\\/\\\/digital58.com.ve\\\/site\\\/2017\\\/05\\\/10\\\/dwayne-la-roca-johnson-se-plantea-aspirar-a-la-presidencia-de-estados-unidos\\\/\"]}]},{\"@type\":\"ImageObject\",\"inLanguage\":\"es\",\"@id\":\"https:\\\/\\\/digital58.com.ve\\\/site\\\/2017\\\/05\\\/10\\\/dwayne-la-roca-johnson-se-plantea-aspirar-a-la-presidencia-de-estados-unidos\\\/#primaryimage\",\"url\":\"https:\\\/\\\/digital58.com.ve\\\/site\\\/wp-content\\\/uploads\\\/2017\\\/05\\\/decd5.jpg\",\"contentUrl\":\"https:\\\/\\\/digital58.com.ve\\\/site\\\/wp-content\\\/uploads\\\/2017\\\/05\\\/decd5.jpg\",\"width\":800,\"height\":533},{\"@type\":\"BreadcrumbList\",\"@id\":\"https:\\\/\\\/digital58.com.ve\\\/site\\\/2017\\\/05\\\/10\\\/dwayne-la-roca-johnson-se-plantea-aspirar-a-la-presidencia-de-estados-unidos\\\/#breadcrumb\",\"itemListElement\":[{\"@type\":\"ListItem\",\"position\":1,\"name\":\"Home\",\"item\":\"https:\\\/\\\/digital58.com.ve\\\/site\\\/\"},{\"@type\":\"ListItem\",\"position\":2,\"name\":\"Dwayne \u00abLa Roca\u00bb Johnson se plantea aspirar a la presidencia de Estados Unidos\"}]},{\"@type\":\"WebSite\",\"@id\":\"https:\\\/\\\/digital58.com.ve\\\/site\\\/#website\",\"url\":\"https:\\\/\\\/digital58.com.ve\\\/site\\\/\",\"name\":\"Noticias Digital58\",\"description\":\"Portal de Noticias \u00a1Periodismo web de verdad! Lanzamiento web 22.11.2005 \\\/ Maracaibo, Venezuela\",\"publisher\":{\"@id\":\"https:\\\/\\\/digital58.com.ve\\\/site\\\/#\\\/schema\\\/person\\\/64d1c2e4d0d4fd1b849980c4331c2951\"},\"alternateName\":\"ND58\",\"potentialAction\":[{\"@type\":\"SearchAction\",\"target\":{\"@type\":\"EntryPoint\",\"urlTemplate\":\"https:\\\/\\\/digital58.com.ve\\\/site\\\/?s={search_term_string}\"},\"query-input\":{\"@type\":\"PropertyValueSpecification\",\"valueRequired\":true,\"valueName\":\"search_term_string\"}}],\"inLanguage\":\"es\"},{\"@type\":[\"Person\",\"Organization\"],\"@id\":\"https:\\\/\\\/digital58.com.ve\\\/site\\\/#\\\/schema\\\/person\\\/64d1c2e4d0d4fd1b849980c4331c2951\",\"name\":\"Villasmil Henry\",\"image\":{\"@type\":\"ImageObject\",\"inLanguage\":\"es\",\"@id\":\"https:\\\/\\\/secure.gravatar.com\\\/avatar\\\/bb0c4a2fcb7970138239f7e404ea75757b1b507b28b5ce4c53fbd62d797c5a7c?s=96&d=mm&r=g\",\"url\":\"https:\\\/\\\/secure.gravatar.com\\\/avatar\\\/bb0c4a2fcb7970138239f7e404ea75757b1b507b28b5ce4c53fbd62d797c5a7c?s=96&d=mm&r=g\",\"contentUrl\":\"https:\\\/\\\/secure.gravatar.com\\\/avatar\\\/bb0c4a2fcb7970138239f7e404ea75757b1b507b28b5ce4c53fbd62d797c5a7c?s=96&d=mm&r=g\",\"caption\":\"Villasmil Henry\"},\"logo\":{\"@id\":\"https:\\\/\\\/secure.gravatar.com\\\/avatar\\\/bb0c4a2fcb7970138239f7e404ea75757b1b507b28b5ce4c53fbd62d797c5a7c?s=96&d=mm&r=g\"},\"sameAs\":[\"http:\\\/\\\/www.henryvillasmil.com.ve\",\"https:\\\/\\\/www.instagram.com\\\/villasmilhfoto\\\/\",\"https:\\\/\\\/x.com\\\/https:\\\/\\\/twitter.com\\\/villasmilhfoto\"],\"url\":\"https:\\\/\\\/digital58.com.ve\\\/site\\\/author\\\/droopy_68\\\/\"}]}<\/script>\n<!-- \/ Yoast SEO plugin. -->","yoast_head_json":{"title":"Dwayne \u00abLa Roca\u00bb Johnson se plantea aspirar a la presidencia de Estados Unidos","robots":{"index":"index","follow":"follow","max-snippet":"max-snippet:-1","max-image-preview":"max-image-preview:large","max-video-preview":"max-video-preview:-1"},"canonical":"https:\/\/digital58.com.ve\/site\/2017\/05\/10\/dwayne-la-roca-johnson-se-plantea-aspirar-a-la-presidencia-de-estados-unidos\/","og_locale":"es_ES","og_type":"article","og_title":"Dwayne \u00abLa Roca\u00bb Johnson se plantea aspirar a la presidencia de Estados Unidos","og_url":"https:\/\/digital58.com.ve\/site\/2017\/05\/10\/dwayne-la-roca-johnson-se-plantea-aspirar-a-la-presidencia-de-estados-unidos\/","og_site_name":"Noticias Digital58","article_published_time":"2017-05-10T22:15:48+00:00","og_image":[{"width":1500,"height":1000,"url":"https:\/\/digital58.com.ve\/site\/wp-content\/uploads\/2017\/05\/decd5.jpg","type":"image\/jpeg"}],"author":"Villasmil Henry","twitter_card":"summary_large_image","twitter_creator":"@https:\/\/twitter.com\/villasmilhfoto","twitter_site":"@villasmilhfoto","twitter_misc":{"Escrito por":"Villasmil Henry","Tiempo estimado de lectura":"2 minutos"},"schema":{"@context":"https:\/\/schema.org","@graph":[{"@type":"Article","@id":"https:\/\/digital58.com.ve\/site\/2017\/05\/10\/dwayne-la-roca-johnson-se-plantea-aspirar-a-la-presidencia-de-estados-unidos\/#article","isPartOf":{"@id":"https:\/\/digital58.com.ve\/site\/2017\/05\/10\/dwayne-la-roca-johnson-se-plantea-aspirar-a-la-presidencia-de-estados-unidos\/"},"author":{"name":"Villasmil Henry","@id":"https:\/\/digital58.com.ve\/site\/#\/schema\/person\/64d1c2e4d0d4fd1b849980c4331c2951"},"headline":"Dwayne \u00abLa Roca\u00bb Johnson se plantea aspirar a la presidencia de Estados Unidos","datePublished":"2017-05-10T22:15:48+00:00","mainEntityOfPage":{"@id":"https:\/\/digital58.com.ve\/site\/2017\/05\/10\/dwayne-la-roca-johnson-se-plantea-aspirar-a-la-presidencia-de-estados-unidos\/"},"wordCount":347,"commentCount":0,"publisher":{"@id":"https:\/\/digital58.com.ve\/site\/#\/schema\/person\/64d1c2e4d0d4fd1b849980c4331c2951"},"image":{"@id":"https:\/\/digital58.com.ve\/site\/2017\/05\/10\/dwayne-la-roca-johnson-se-plantea-aspirar-a-la-presidencia-de-estados-unidos\/#primaryimage"},"thumbnailUrl":"https:\/\/digital58.com.ve\/site\/wp-content\/uploads\/2017\/05\/decd5.jpg","keywords":["Candidato","Dwayne Johson","Estados Unidos","Internacionales","La Roca","Presidente"],"articleSection":["Fama"],"inLanguage":"es","potentialAction":[{"@type":"CommentAction","name":"Comment","target":["https:\/\/digital58.com.ve\/site\/2017\/05\/10\/dwayne-la-roca-johnson-se-plantea-aspirar-a-la-presidencia-de-estados-unidos\/#respond"]}]},{"@type":"WebPage","@id":"https:\/\/digital58.com.ve\/site\/2017\/05\/10\/dwayne-la-roca-johnson-se-plantea-aspirar-a-la-presidencia-de-estados-unidos\/","url":"https:\/\/digital58.com.ve\/site\/2017\/05\/10\/dwayne-la-roca-johnson-se-plantea-aspirar-a-la-presidencia-de-estados-unidos\/","name":"Dwayne \u00abLa Roca\u00bb Johnson se plantea aspirar a la presidencia de Estados Unidos","isPartOf":{"@id":"https:\/\/digital58.com.ve\/site\/#website"},"primaryImageOfPage":{"@id":"https:\/\/digital58.com.ve\/site\/2017\/05\/10\/dwayne-la-roca-johnson-se-plantea-aspirar-a-la-presidencia-de-estados-unidos\/#primaryimage"},"image":{"@id":"https:\/\/digital58.com.ve\/site\/2017\/05\/10\/dwayne-la-roca-johnson-se-plantea-aspirar-a-la-presidencia-de-estados-unidos\/#primaryimage"},"thumbnailUrl":"https:\/\/digital58.com.ve\/site\/wp-content\/uploads\/2017\/05\/decd5.jpg","datePublished":"2017-05-10T22:15:48+00:00","breadcrumb":{"@id":"https:\/\/digital58.com.ve\/site\/2017\/05\/10\/dwayne-la-roca-johnson-se-plantea-aspirar-a-la-presidencia-de-estados-unidos\/#breadcrumb"},"inLanguage":"es","potentialAction":[{"@type":"ReadAction","target":["https:\/\/digital58.com.ve\/site\/2017\/05\/10\/dwayne-la-roca-johnson-se-plantea-aspirar-a-la-presidencia-de-estados-unidos\/"]}]},{"@type":"ImageObject","inLanguage":"es","@id":"https:\/\/digital58.com.ve\/site\/2017\/05\/10\/dwayne-la-roca-johnson-se-plantea-aspirar-a-la-presidencia-de-estados-unidos\/#primaryimage","url":"https:\/\/digital58.com.ve\/site\/wp-content\/uploads\/2017\/05\/decd5.jpg","contentUrl":"https:\/\/digital58.com.ve\/site\/wp-content\/uploads\/2017\/05\/decd5.jpg","width":800,"height":533},{"@type":"BreadcrumbList","@id":"https:\/\/digital58.com.ve\/site\/2017\/05\/10\/dwayne-la-roca-johnson-se-plantea-aspirar-a-la-presidencia-de-estados-unidos\/#breadcrumb","itemListElement":[{"@type":"ListItem","position":1,"name":"Home","item":"https:\/\/digital58.com.ve\/site\/"},{"@type":"ListItem","position":2,"name":"Dwayne \u00abLa Roca\u00bb Johnson se plantea aspirar a la presidencia de Estados Unidos"}]},{"@type":"WebSite","@id":"https:\/\/digital58.com.ve\/site\/#website","url":"https:\/\/digital58.com.ve\/site\/","name":"Noticias Digital58","description":"Portal de Noticias \u00a1Periodismo web de verdad! Lanzamiento web 22.11.2005 \/ Maracaibo, Venezuela","publisher":{"@id":"https:\/\/digital58.com.ve\/site\/#\/schema\/person\/64d1c2e4d0d4fd1b849980c4331c2951"},"alternateName":"ND58","potentialAction":[{"@type":"SearchAction","target":{"@type":"EntryPoint","urlTemplate":"https:\/\/digital58.com.ve\/site\/?s={search_term_string}"},"query-input":{"@type":"PropertyValueSpecification","valueRequired":true,"valueName":"search_term_string"}}],"inLanguage":"es"},{"@type":["Person","Organization"],"@id":"https:\/\/digital58.com.ve\/site\/#\/schema\/person\/64d1c2e4d0d4fd1b849980c4331c2951","name":"Villasmil Henry","image":{"@type":"ImageObject","inLanguage":"es","@id":"https:\/\/secure.gravatar.com\/avatar\/bb0c4a2fcb7970138239f7e404ea75757b1b507b28b5ce4c53fbd62d797c5a7c?s=96&d=mm&r=g","url":"https:\/\/secure.gravatar.com\/avatar\/bb0c4a2fcb7970138239f7e404ea75757b1b507b28b5ce4c53fbd62d797c5a7c?s=96&d=mm&r=g","contentUrl":"https:\/\/secure.gravatar.com\/avatar\/bb0c4a2fcb7970138239f7e404ea75757b1b507b28b5ce4c53fbd62d797c5a7c?s=96&d=mm&r=g","caption":"Villasmil Henry"},"logo":{"@id":"https:\/\/secure.gravatar.com\/avatar\/bb0c4a2fcb7970138239f7e404ea75757b1b507b28b5ce4c53fbd62d797c5a7c?s=96&d=mm&r=g"},"sameAs":["http:\/\/www.henryvillasmil.com.ve","https:\/\/www.instagram.com\/villasmilhfoto\/","https:\/\/x.com\/https:\/\/twitter.com\/villasmilhfoto"],"url":"https:\/\/digital58.com.ve\/site\/author\/droopy_68\/"}]}},"uagb_featured_image_src":{"full":["https:\/\/digital58.com.ve\/site\/wp-content\/uploads\/2017\/05\/decd5.jpg",800,533,false],"thumbnail":["https:\/\/digital58.com.ve\/site\/wp-content\/uploads\/2017\/05\/decd5-150x150.jpg",150,150,true],"medium":["https:\/\/digital58.com.ve\/site\/wp-content\/uploads\/2017\/05\/decd5-300x200.jpg",300,200,true],"medium_large":["https:\/\/digital58.com.ve\/site\/wp-content\/uploads\/2017\/05\/decd5-768x512.jpg",768,512,true],"large":["https:\/\/digital58.com.ve\/site\/wp-content\/uploads\/2017\/05\/decd5-1500x1000.jpg",800,533,true],"1536x1536":["https:\/\/digital58.com.ve\/site\/wp-content\/uploads\/2017\/05\/decd5.jpg",800,533,false],"2048x2048":["https:\/\/digital58.com.ve\/site\/wp-content\/uploads\/2017\/05\/decd5.jpg",800,533,false],"colormag-highlighted-post":["https:\/\/digital58.com.ve\/site\/wp-content\/uploads\/2017\/05\/decd5.jpg",392,261,false],"colormag-featured-post-medium":["https:\/\/digital58.com.ve\/site\/wp-content\/uploads\/2017\/05\/decd5.jpg",308,205,false],"colormag-featured-post-small":["https:\/\/digital58.com.ve\/site\/wp-content\/uploads\/2017\/05\/decd5.jpg",130,87,false],"colormag-featured-image":["https:\/\/digital58.com.ve\/site\/wp-content\/uploads\/2017\/05\/decd5.jpg",668,445,false],"colormag-default-news":["https:\/\/digital58.com.ve\/site\/wp-content\/uploads\/2017\/05\/decd5.jpg",150,100,false],"colormag-featured-image-large":["https:\/\/digital58.com.ve\/site\/wp-content\/uploads\/2017\/05\/decd5.jpg",800,533,false]},"uagb_author_info":{"display_name":"Villasmil Henry","author_link":"https:\/\/digital58.com.ve\/site\/author\/droopy_68\/"},"uagb_comment_info":0,"uagb_excerpt":"Dwayne Johnson, conocido como \u00abLa Roca\u00bb, no descarta aspirar a la presidencia de Estados Unidos en un futuro, seg\u00fan una","_links":{"self":[{"href":"https:\/\/digital58.com.ve\/site\/wp-json\/wp\/v2\/posts\/63462","targetHints":{"allow":["GET"]}}],"collection":[{"href":"https:\/\/digital58.com.ve\/site\/wp-json\/wp\/v2\/posts"}],"about":[{"href":"https:\/\/digital58.com.ve\/site\/wp-json\/wp\/v2\/types\/post"}],"author":[{"embeddable":true,"href":"https:\/\/digital58.com.ve\/site\/wp-json\/wp\/v2\/users\/1"}],"replies":[{"embeddable":true,"href":"https:\/\/digital58.com.ve\/site\/wp-json\/wp\/v2\/comments?post=63462"}],"version-history":[{"count":0,"href":"https:\/\/digital58.com.ve\/site\/wp-json\/wp\/v2\/posts\/63462\/revisions"}],"wp:featuredmedia":[{"embeddable":true,"href":"https:\/\/digital58.com.ve\/site\/wp-json\/wp\/v2\/media\/63463"}],"wp:attachment":[{"href":"https:\/\/digital58.com.ve\/site\/wp-json\/wp\/v2\/media?parent=63462"}],"wp:term":[{"taxonomy":"category","embeddable":true,"href":"https:\/\/digital58.com.ve\/site\/wp-json\/wp\/v2\/categories?post=63462"},{"taxonomy":"post_tag","embeddable":true,"href":"https:\/\/digital58.com.ve\/site\/wp-json\/wp\/v2\/tags?post=63462"}],"curies":[{"name":"wp","href":"https:\/\/api.w.org\/{rel}","templated":true}]}}