{"id":63643,"date":"2017-05-12T20:42:58","date_gmt":"2017-05-13T00:42:58","guid":{"rendered":"http:\/\/digital58.com.ve\/site\/?p=63643"},"modified":"2017-05-12T20:42:58","modified_gmt":"2017-05-13T00:42:58","slug":"camilo-sesto-celebra-en-chile-el-dia-de-la-madre","status":"publish","type":"post","link":"https:\/\/digital58.com.ve\/site\/2017\/05\/12\/camilo-sesto-celebra-en-chile-el-dia-de-la-madre\/","title":{"rendered":"Camilo Sesto celebra en Chile el D\u00eda de la Madre"},"content":{"rendered":"<p><img loading=\"lazy\" decoding=\"async\" class=\"aligncenter size-full wp-image-63644\" src=\"http:\/\/digital58.com.ve\/site\/wp-content\/uploads\/2017\/05\/Aton_250856-1068x712.jpg\" alt=\"\" width=\"1500\" height=\"1000\" srcset=\"https:\/\/digital58.com.ve\/site\/wp-content\/uploads\/2017\/05\/Aton_250856-1068x712.jpg 800w, https:\/\/digital58.com.ve\/site\/wp-content\/uploads\/2017\/05\/Aton_250856-1068x712-300x200.jpg 300w, https:\/\/digital58.com.ve\/site\/wp-content\/uploads\/2017\/05\/Aton_250856-1068x712-768x512.jpg 768w, https:\/\/digital58.com.ve\/site\/wp-content\/uploads\/2017\/05\/Aton_250856-1068x712-1500x1000.jpg 1500w, https:\/\/digital58.com.ve\/site\/wp-content\/uploads\/2017\/05\/Aton_250856-1068x712-720x480.jpg 720w, https:\/\/digital58.com.ve\/site\/wp-content\/uploads\/2017\/05\/Aton_250856-1068x712-480x320.jpg 480w\" sizes=\"auto, (max-width: 1500px) 100vw, 1500px\" \/><br \/>\nEl cantautor, productor y compositor espa\u00f1ol de 70 a\u00f1os, Camilo Sesto, se encuentra en Chile, donde hoy ofrecer\u00e1 un concierto en el Movistar Arena. El cantante espa\u00f1ol Camilo Sesto celebr\u00f3 en Chile el D\u00eda de la Madre con un desayuno en el Palacio de La Moneda, sede del Ejecutivo chileno, al que fueron invitadas unas 30 de seguidoras de avanzada edad.<\/p>\n<p><strong>Santiago de Chile, Chile, 12 de mayo de 2017 (D58).-<\/strong> El cantante espa\u00f1ol Camilo Sesto celebr\u00f3 en Chile el D\u00eda de la Madre con un desayuno en el Palacio de La Moneda, sede del Ejecutivo chileno, al que fueron invitadas unas 30 de seguidoras de avanzada edad. El cantautor, productor y compositor espa\u00f1ol de 70 a\u00f1os se encuentra en el pa\u00eds suramericano, donde este s\u00e1bado ofrecer\u00e1 un concierto en el Movistar Arena.<\/p>\n<p>\u00abLa primera vez que vine creo que yo cre\u00e9 Chile y conmigo Chile empez\u00f3 de nuevo a nacer. Cuando me preguntan digo que estoy en casa porque he estado m\u00e1s veces en Chile que en mi propia casa\u00bb, manifest\u00f3 el cantante, una de las voces la voces m\u00e1s importantes de la canci\u00f3n mel\u00f3dica espa\u00f1ola, durante una rueda de prensa.<\/p>\n<p>Sesto visit\u00f3 Chile por primera vez en diciembre de 1973, dos meses despu\u00e9s del golpe militar de Augusto Pinochet, un encuentro que recordar\u00e1 toda la vida.<\/p>\n<p><img loading=\"lazy\" decoding=\"async\" class=\"aligncenter size-full wp-image-63645\" src=\"http:\/\/digital58.com.ve\/site\/wp-content\/uploads\/2017\/05\/Aton_250874.jpg\" alt=\"\" width=\"1500\" height=\"1000\" srcset=\"https:\/\/digital58.com.ve\/site\/wp-content\/uploads\/2017\/05\/Aton_250874.jpg 800w, https:\/\/digital58.com.ve\/site\/wp-content\/uploads\/2017\/05\/Aton_250874-300x200.jpg 300w, https:\/\/digital58.com.ve\/site\/wp-content\/uploads\/2017\/05\/Aton_250874-768x512.jpg 768w, https:\/\/digital58.com.ve\/site\/wp-content\/uploads\/2017\/05\/Aton_250874-1500x1000.jpg 1500w, https:\/\/digital58.com.ve\/site\/wp-content\/uploads\/2017\/05\/Aton_250874-720x480.jpg 720w, https:\/\/digital58.com.ve\/site\/wp-content\/uploads\/2017\/05\/Aton_250874-480x320.jpg 480w\" sizes=\"auto, (max-width: 1500px) 100vw, 1500px\" \/><\/p>\n<p>\u00ab\u00a1Yo qued\u00e9 impresionado! Despu\u00e9s de saber lo que hab\u00eda pasado&#8230; Lo nuevo&#8230; Vivir todo eso es como enriquecerse y alegrarse por unas cosas y decir adi\u00f3s a otras (&#8230;) Afortunadamente Chile es un nuevo Chile mirando para el cielo y eso es culpa de los chilenos que han dicho: \u00a1Chile para arriba!\u00bb, declar\u00f3 el cantante.<\/p>\n<p>Aunque ya han pasado muchos a\u00f1os desde ese primer encuentro con el pa\u00eds austral, a\u00fan hay muchas camilistas que esperan los conciertos del alicantino, que ya ha casi agotado las entradas para el concierto de ma\u00f1ana.<\/p>\n<p>\u00abVeo que van cambiando caras. Hay nuevas generaciones de camilistas y eso da mucho gusto. A los de hoy y a los de siempre y a los que van a venir les agradezco. Mi coraz\u00f3n para todas las madres, tanto para las camilistas como para las que no los son\u00bb, agreg\u00f3 el cantante.<\/p>\n<p><img loading=\"lazy\" decoding=\"async\" class=\"aligncenter size-full wp-image-63646\" src=\"http:\/\/digital58.com.ve\/site\/wp-content\/uploads\/2017\/05\/Aton_250901.jpg\" alt=\"\" width=\"1500\" height=\"1000\" srcset=\"https:\/\/digital58.com.ve\/site\/wp-content\/uploads\/2017\/05\/Aton_250901.jpg 800w, https:\/\/digital58.com.ve\/site\/wp-content\/uploads\/2017\/05\/Aton_250901-300x200.jpg 300w, https:\/\/digital58.com.ve\/site\/wp-content\/uploads\/2017\/05\/Aton_250901-768x512.jpg 768w, https:\/\/digital58.com.ve\/site\/wp-content\/uploads\/2017\/05\/Aton_250901-1500x1000.jpg 1500w, https:\/\/digital58.com.ve\/site\/wp-content\/uploads\/2017\/05\/Aton_250901-720x480.jpg 720w, https:\/\/digital58.com.ve\/site\/wp-content\/uploads\/2017\/05\/Aton_250901-480x320.jpg 480w\" sizes=\"auto, (max-width: 1500px) 100vw, 1500px\" \/><\/p>\n<p>Sesto tambi\u00e9n record\u00f3 a su madre, Joaquina Cort\u00e9s, a quien dedic\u00f3 la canci\u00f3n Madre, una oda a la mujer de alma grande que le dio la vida. \u00abEs de lo que m\u00e1s amo en esta vida. Llevo siempre los anillos de casados de mis padres. M\u00e1s cerca no la puedo tener\u00bb, manifest\u00f3 visiblemente emocionado.<\/p>\n<p>Preguntado por la estrategia que utiliza para mantenerse vigente a los 70 a\u00f1os, Sesto contest\u00f3 que el secreto reside en ser verdadero, sin trucos ni dobles verdades. Natural como la vida misma.<\/p>\n<p>Por su parte, el ministro de Desarrollo Social, Marcos Barraza, agradeci\u00f3 la presencia de Camilo Sesto en el desayuno con seguidoras que pertenecen al Servicio Nacional del Adulto Mayor.<\/p>\n<p>Nacido en Alicante en 1946, Sesto es uno de los cantantes espa\u00f1oles m\u00e1s importantes de las d\u00e9cadas de los setenta y ochenta con una discograf\u00eda compuesta por 25 \u00e1lbumes ha vendido m\u00e1s de 166 millones de copias en su carrera.<\/p><div class=\"apakn69ec70d68a11a\" ><p style=\"text-align: center;\"><a href=\"https:\/\/t.me\/noticiasdigital58\" target=\"_blank\" rel=\"noopener\"><img class=\"aligncenter size-full wp-image-125363\" src=\"https:\/\/digital58.com.ve\/site\/wp-content\/uploads\/2021\/04\/banner-telegram-web-2021.png\" alt=\"\" width=\"600\" height=\"90\" \/><\/a><\/p><\/div><style type=\"text\/css\">\r\n@media screen and (min-width: 1201px) {\r\n.apakn69ec70d68a11a {\r\ndisplay: block;\r\n}\r\n}\r\n@media screen and (min-width: 993px) and (max-width: 1200px) {\r\n.apakn69ec70d68a11a {\r\ndisplay: block;\r\n}\r\n}\r\n@media screen and (min-width: 769px) and (max-width: 992px) {\r\n.apakn69ec70d68a11a {\r\ndisplay: block;\r\n}\r\n}\r\n@media screen and (min-width: 768px) and (max-width: 768px) {\r\n.apakn69ec70d68a11a {\r\ndisplay: block;\r\n}\r\n}\r\n@media screen and (max-width: 767px) {\r\n.apakn69ec70d68a11a {\r\ndisplay: block;\r\n}\r\n}\r\n<\/style>\r\n\n<p><strong>Redacci\u00f3n: Agencias<\/strong><br \/>\n<strong>Edici\u00f3n: Carre\u00f1o, Reina<\/strong><br \/>\n<strong>Fotos: Google<\/strong><\/p>\n<div style=\"margin-top: 0px; margin-bottom: 0px;\" class=\"sharethis-inline-share-buttons\" ><\/div>","protected":false},"excerpt":{"rendered":"<p>El cantautor, productor y compositor espa\u00f1ol de 70 a\u00f1os, Camilo Sesto, se encuentra en Chile, donde hoy ofrecer\u00e1 un concierto<\/p>\n","protected":false},"author":1,"featured_media":63644,"comment_status":"open","ping_status":"closed","sticky":false,"template":"","format":"standard","meta":{"colormag_page_container_layout":"default_layout","colormag_page_sidebar_layout":"default_layout","_uag_custom_page_level_css":"","footnotes":""},"categories":[1],"tags":[7165,109,5818,7167,681,7166],"class_list":["post-63643","post","type-post","status-publish","format-standard","has-post-thumbnail","hentry","category-fama","tag-camilo-sesto","tag-chile","tag-concierto","tag-desayuno","tag-dia-de-la-madre","tag-movistar-arena"],"yoast_head":"<!-- This site is optimized with the Yoast SEO plugin v27.4 - https:\/\/yoast.com\/product\/yoast-seo-wordpress\/ -->\n<title>Camilo Sesto celebra en Chile el D\u00eda de la Madre<\/title>\n<meta name=\"robots\" content=\"index, follow, max-snippet:-1, max-image-preview:large, max-video-preview:-1\" \/>\n<link rel=\"canonical\" href=\"https:\/\/digital58.com.ve\/site\/2017\/05\/12\/camilo-sesto-celebra-en-chile-el-dia-de-la-madre\/\" \/>\n<meta property=\"og:locale\" content=\"es_ES\" \/>\n<meta property=\"og:type\" content=\"article\" \/>\n<meta property=\"og:title\" content=\"Camilo Sesto celebra en Chile el D\u00eda de la Madre\" \/>\n<meta property=\"og:url\" content=\"https:\/\/digital58.com.ve\/site\/2017\/05\/12\/camilo-sesto-celebra-en-chile-el-dia-de-la-madre\/\" \/>\n<meta property=\"og:site_name\" content=\"Noticias Digital58\" \/>\n<meta property=\"article:published_time\" content=\"2017-05-13T00:42:58+00:00\" \/>\n<meta property=\"og:image\" content=\"https:\/\/digital58.com.ve\/site\/wp-content\/uploads\/2017\/05\/Aton_250856-1068x712.jpg\" \/>\n\t<meta property=\"og:image:width\" content=\"1500\" \/>\n\t<meta property=\"og:image:height\" content=\"1000\" \/>\n\t<meta property=\"og:image:type\" content=\"image\/jpeg\" \/>\n<meta name=\"author\" content=\"Villasmil Henry\" \/>\n<meta name=\"twitter:card\" content=\"summary_large_image\" \/>\n<meta name=\"twitter:creator\" content=\"@https:\/\/twitter.com\/villasmilhfoto\" \/>\n<meta name=\"twitter:site\" content=\"@villasmilhfoto\" \/>\n<meta name=\"twitter:label1\" content=\"Escrito por\" \/>\n\t<meta name=\"twitter:data1\" content=\"Villasmil Henry\" \/>\n\t<meta name=\"twitter:label2\" content=\"Tiempo estimado de lectura\" \/>\n\t<meta name=\"twitter:data2\" content=\"3 minutos\" \/>\n<script type=\"application\/ld+json\" class=\"yoast-schema-graph\">{\"@context\":\"https:\\\/\\\/schema.org\",\"@graph\":[{\"@type\":\"Article\",\"@id\":\"https:\\\/\\\/digital58.com.ve\\\/site\\\/2017\\\/05\\\/12\\\/camilo-sesto-celebra-en-chile-el-dia-de-la-madre\\\/#article\",\"isPartOf\":{\"@id\":\"https:\\\/\\\/digital58.com.ve\\\/site\\\/2017\\\/05\\\/12\\\/camilo-sesto-celebra-en-chile-el-dia-de-la-madre\\\/\"},\"author\":{\"name\":\"Villasmil Henry\",\"@id\":\"https:\\\/\\\/digital58.com.ve\\\/site\\\/#\\\/schema\\\/person\\\/64d1c2e4d0d4fd1b849980c4331c2951\"},\"headline\":\"Camilo Sesto celebra en Chile el D\u00eda de la Madre\",\"datePublished\":\"2017-05-13T00:42:58+00:00\",\"mainEntityOfPage\":{\"@id\":\"https:\\\/\\\/digital58.com.ve\\\/site\\\/2017\\\/05\\\/12\\\/camilo-sesto-celebra-en-chile-el-dia-de-la-madre\\\/\"},\"wordCount\":562,\"commentCount\":0,\"publisher\":{\"@id\":\"https:\\\/\\\/digital58.com.ve\\\/site\\\/#\\\/schema\\\/person\\\/64d1c2e4d0d4fd1b849980c4331c2951\"},\"image\":{\"@id\":\"https:\\\/\\\/digital58.com.ve\\\/site\\\/2017\\\/05\\\/12\\\/camilo-sesto-celebra-en-chile-el-dia-de-la-madre\\\/#primaryimage\"},\"thumbnailUrl\":\"https:\\\/\\\/digital58.com.ve\\\/site\\\/wp-content\\\/uploads\\\/2017\\\/05\\\/Aton_250856-1068x712.jpg\",\"keywords\":[\"Camilo Sesto\",\"Chile\",\"Concierto\",\"Desayuno\",\"D\u00eda de la madre\",\"Movistar Arena\"],\"articleSection\":[\"Fama\"],\"inLanguage\":\"es\",\"potentialAction\":[{\"@type\":\"CommentAction\",\"name\":\"Comment\",\"target\":[\"https:\\\/\\\/digital58.com.ve\\\/site\\\/2017\\\/05\\\/12\\\/camilo-sesto-celebra-en-chile-el-dia-de-la-madre\\\/#respond\"]}]},{\"@type\":\"WebPage\",\"@id\":\"https:\\\/\\\/digital58.com.ve\\\/site\\\/2017\\\/05\\\/12\\\/camilo-sesto-celebra-en-chile-el-dia-de-la-madre\\\/\",\"url\":\"https:\\\/\\\/digital58.com.ve\\\/site\\\/2017\\\/05\\\/12\\\/camilo-sesto-celebra-en-chile-el-dia-de-la-madre\\\/\",\"name\":\"Camilo Sesto celebra en Chile el D\u00eda de la Madre\",\"isPartOf\":{\"@id\":\"https:\\\/\\\/digital58.com.ve\\\/site\\\/#website\"},\"primaryImageOfPage\":{\"@id\":\"https:\\\/\\\/digital58.com.ve\\\/site\\\/2017\\\/05\\\/12\\\/camilo-sesto-celebra-en-chile-el-dia-de-la-madre\\\/#primaryimage\"},\"image\":{\"@id\":\"https:\\\/\\\/digital58.com.ve\\\/site\\\/2017\\\/05\\\/12\\\/camilo-sesto-celebra-en-chile-el-dia-de-la-madre\\\/#primaryimage\"},\"thumbnailUrl\":\"https:\\\/\\\/digital58.com.ve\\\/site\\\/wp-content\\\/uploads\\\/2017\\\/05\\\/Aton_250856-1068x712.jpg\",\"datePublished\":\"2017-05-13T00:42:58+00:00\",\"breadcrumb\":{\"@id\":\"https:\\\/\\\/digital58.com.ve\\\/site\\\/2017\\\/05\\\/12\\\/camilo-sesto-celebra-en-chile-el-dia-de-la-madre\\\/#breadcrumb\"},\"inLanguage\":\"es\",\"potentialAction\":[{\"@type\":\"ReadAction\",\"target\":[\"https:\\\/\\\/digital58.com.ve\\\/site\\\/2017\\\/05\\\/12\\\/camilo-sesto-celebra-en-chile-el-dia-de-la-madre\\\/\"]}]},{\"@type\":\"ImageObject\",\"inLanguage\":\"es\",\"@id\":\"https:\\\/\\\/digital58.com.ve\\\/site\\\/2017\\\/05\\\/12\\\/camilo-sesto-celebra-en-chile-el-dia-de-la-madre\\\/#primaryimage\",\"url\":\"https:\\\/\\\/digital58.com.ve\\\/site\\\/wp-content\\\/uploads\\\/2017\\\/05\\\/Aton_250856-1068x712.jpg\",\"contentUrl\":\"https:\\\/\\\/digital58.com.ve\\\/site\\\/wp-content\\\/uploads\\\/2017\\\/05\\\/Aton_250856-1068x712.jpg\",\"width\":800,\"height\":533},{\"@type\":\"BreadcrumbList\",\"@id\":\"https:\\\/\\\/digital58.com.ve\\\/site\\\/2017\\\/05\\\/12\\\/camilo-sesto-celebra-en-chile-el-dia-de-la-madre\\\/#breadcrumb\",\"itemListElement\":[{\"@type\":\"ListItem\",\"position\":1,\"name\":\"Home\",\"item\":\"https:\\\/\\\/digital58.com.ve\\\/site\\\/\"},{\"@type\":\"ListItem\",\"position\":2,\"name\":\"Camilo Sesto celebra en Chile el D\u00eda de la Madre\"}]},{\"@type\":\"WebSite\",\"@id\":\"https:\\\/\\\/digital58.com.ve\\\/site\\\/#website\",\"url\":\"https:\\\/\\\/digital58.com.ve\\\/site\\\/\",\"name\":\"Noticias Digital58\",\"description\":\"Portal de Noticias \u00a1Periodismo web de verdad! Lanzamiento web 22.11.2005 \\\/ Maracaibo, Venezuela\",\"publisher\":{\"@id\":\"https:\\\/\\\/digital58.com.ve\\\/site\\\/#\\\/schema\\\/person\\\/64d1c2e4d0d4fd1b849980c4331c2951\"},\"alternateName\":\"ND58\",\"potentialAction\":[{\"@type\":\"SearchAction\",\"target\":{\"@type\":\"EntryPoint\",\"urlTemplate\":\"https:\\\/\\\/digital58.com.ve\\\/site\\\/?s={search_term_string}\"},\"query-input\":{\"@type\":\"PropertyValueSpecification\",\"valueRequired\":true,\"valueName\":\"search_term_string\"}}],\"inLanguage\":\"es\"},{\"@type\":[\"Person\",\"Organization\"],\"@id\":\"https:\\\/\\\/digital58.com.ve\\\/site\\\/#\\\/schema\\\/person\\\/64d1c2e4d0d4fd1b849980c4331c2951\",\"name\":\"Villasmil Henry\",\"image\":{\"@type\":\"ImageObject\",\"inLanguage\":\"es\",\"@id\":\"https:\\\/\\\/secure.gravatar.com\\\/avatar\\\/bb0c4a2fcb7970138239f7e404ea75757b1b507b28b5ce4c53fbd62d797c5a7c?s=96&d=mm&r=g\",\"url\":\"https:\\\/\\\/secure.gravatar.com\\\/avatar\\\/bb0c4a2fcb7970138239f7e404ea75757b1b507b28b5ce4c53fbd62d797c5a7c?s=96&d=mm&r=g\",\"contentUrl\":\"https:\\\/\\\/secure.gravatar.com\\\/avatar\\\/bb0c4a2fcb7970138239f7e404ea75757b1b507b28b5ce4c53fbd62d797c5a7c?s=96&d=mm&r=g\",\"caption\":\"Villasmil Henry\"},\"logo\":{\"@id\":\"https:\\\/\\\/secure.gravatar.com\\\/avatar\\\/bb0c4a2fcb7970138239f7e404ea75757b1b507b28b5ce4c53fbd62d797c5a7c?s=96&d=mm&r=g\"},\"sameAs\":[\"http:\\\/\\\/www.henryvillasmil.com.ve\",\"https:\\\/\\\/www.instagram.com\\\/villasmilhfoto\\\/\",\"https:\\\/\\\/x.com\\\/https:\\\/\\\/twitter.com\\\/villasmilhfoto\"],\"url\":\"https:\\\/\\\/digital58.com.ve\\\/site\\\/author\\\/droopy_68\\\/\"}]}<\/script>\n<!-- \/ Yoast SEO plugin. -->","yoast_head_json":{"title":"Camilo Sesto celebra en Chile el D\u00eda de la Madre","robots":{"index":"index","follow":"follow","max-snippet":"max-snippet:-1","max-image-preview":"max-image-preview:large","max-video-preview":"max-video-preview:-1"},"canonical":"https:\/\/digital58.com.ve\/site\/2017\/05\/12\/camilo-sesto-celebra-en-chile-el-dia-de-la-madre\/","og_locale":"es_ES","og_type":"article","og_title":"Camilo Sesto celebra en Chile el D\u00eda de la Madre","og_url":"https:\/\/digital58.com.ve\/site\/2017\/05\/12\/camilo-sesto-celebra-en-chile-el-dia-de-la-madre\/","og_site_name":"Noticias Digital58","article_published_time":"2017-05-13T00:42:58+00:00","og_image":[{"width":1500,"height":1000,"url":"https:\/\/digital58.com.ve\/site\/wp-content\/uploads\/2017\/05\/Aton_250856-1068x712.jpg","type":"image\/jpeg"}],"author":"Villasmil Henry","twitter_card":"summary_large_image","twitter_creator":"@https:\/\/twitter.com\/villasmilhfoto","twitter_site":"@villasmilhfoto","twitter_misc":{"Escrito por":"Villasmil Henry","Tiempo estimado de lectura":"3 minutos"},"schema":{"@context":"https:\/\/schema.org","@graph":[{"@type":"Article","@id":"https:\/\/digital58.com.ve\/site\/2017\/05\/12\/camilo-sesto-celebra-en-chile-el-dia-de-la-madre\/#article","isPartOf":{"@id":"https:\/\/digital58.com.ve\/site\/2017\/05\/12\/camilo-sesto-celebra-en-chile-el-dia-de-la-madre\/"},"author":{"name":"Villasmil Henry","@id":"https:\/\/digital58.com.ve\/site\/#\/schema\/person\/64d1c2e4d0d4fd1b849980c4331c2951"},"headline":"Camilo Sesto celebra en Chile el D\u00eda de la Madre","datePublished":"2017-05-13T00:42:58+00:00","mainEntityOfPage":{"@id":"https:\/\/digital58.com.ve\/site\/2017\/05\/12\/camilo-sesto-celebra-en-chile-el-dia-de-la-madre\/"},"wordCount":562,"commentCount":0,"publisher":{"@id":"https:\/\/digital58.com.ve\/site\/#\/schema\/person\/64d1c2e4d0d4fd1b849980c4331c2951"},"image":{"@id":"https:\/\/digital58.com.ve\/site\/2017\/05\/12\/camilo-sesto-celebra-en-chile-el-dia-de-la-madre\/#primaryimage"},"thumbnailUrl":"https:\/\/digital58.com.ve\/site\/wp-content\/uploads\/2017\/05\/Aton_250856-1068x712.jpg","keywords":["Camilo Sesto","Chile","Concierto","Desayuno","D\u00eda de la madre","Movistar Arena"],"articleSection":["Fama"],"inLanguage":"es","potentialAction":[{"@type":"CommentAction","name":"Comment","target":["https:\/\/digital58.com.ve\/site\/2017\/05\/12\/camilo-sesto-celebra-en-chile-el-dia-de-la-madre\/#respond"]}]},{"@type":"WebPage","@id":"https:\/\/digital58.com.ve\/site\/2017\/05\/12\/camilo-sesto-celebra-en-chile-el-dia-de-la-madre\/","url":"https:\/\/digital58.com.ve\/site\/2017\/05\/12\/camilo-sesto-celebra-en-chile-el-dia-de-la-madre\/","name":"Camilo Sesto celebra en Chile el D\u00eda de la Madre","isPartOf":{"@id":"https:\/\/digital58.com.ve\/site\/#website"},"primaryImageOfPage":{"@id":"https:\/\/digital58.com.ve\/site\/2017\/05\/12\/camilo-sesto-celebra-en-chile-el-dia-de-la-madre\/#primaryimage"},"image":{"@id":"https:\/\/digital58.com.ve\/site\/2017\/05\/12\/camilo-sesto-celebra-en-chile-el-dia-de-la-madre\/#primaryimage"},"thumbnailUrl":"https:\/\/digital58.com.ve\/site\/wp-content\/uploads\/2017\/05\/Aton_250856-1068x712.jpg","datePublished":"2017-05-13T00:42:58+00:00","breadcrumb":{"@id":"https:\/\/digital58.com.ve\/site\/2017\/05\/12\/camilo-sesto-celebra-en-chile-el-dia-de-la-madre\/#breadcrumb"},"inLanguage":"es","potentialAction":[{"@type":"ReadAction","target":["https:\/\/digital58.com.ve\/site\/2017\/05\/12\/camilo-sesto-celebra-en-chile-el-dia-de-la-madre\/"]}]},{"@type":"ImageObject","inLanguage":"es","@id":"https:\/\/digital58.com.ve\/site\/2017\/05\/12\/camilo-sesto-celebra-en-chile-el-dia-de-la-madre\/#primaryimage","url":"https:\/\/digital58.com.ve\/site\/wp-content\/uploads\/2017\/05\/Aton_250856-1068x712.jpg","contentUrl":"https:\/\/digital58.com.ve\/site\/wp-content\/uploads\/2017\/05\/Aton_250856-1068x712.jpg","width":800,"height":533},{"@type":"BreadcrumbList","@id":"https:\/\/digital58.com.ve\/site\/2017\/05\/12\/camilo-sesto-celebra-en-chile-el-dia-de-la-madre\/#breadcrumb","itemListElement":[{"@type":"ListItem","position":1,"name":"Home","item":"https:\/\/digital58.com.ve\/site\/"},{"@type":"ListItem","position":2,"name":"Camilo Sesto celebra en Chile el D\u00eda de la Madre"}]},{"@type":"WebSite","@id":"https:\/\/digital58.com.ve\/site\/#website","url":"https:\/\/digital58.com.ve\/site\/","name":"Noticias Digital58","description":"Portal de Noticias \u00a1Periodismo web de verdad! Lanzamiento web 22.11.2005 \/ Maracaibo, Venezuela","publisher":{"@id":"https:\/\/digital58.com.ve\/site\/#\/schema\/person\/64d1c2e4d0d4fd1b849980c4331c2951"},"alternateName":"ND58","potentialAction":[{"@type":"SearchAction","target":{"@type":"EntryPoint","urlTemplate":"https:\/\/digital58.com.ve\/site\/?s={search_term_string}"},"query-input":{"@type":"PropertyValueSpecification","valueRequired":true,"valueName":"search_term_string"}}],"inLanguage":"es"},{"@type":["Person","Organization"],"@id":"https:\/\/digital58.com.ve\/site\/#\/schema\/person\/64d1c2e4d0d4fd1b849980c4331c2951","name":"Villasmil Henry","image":{"@type":"ImageObject","inLanguage":"es","@id":"https:\/\/secure.gravatar.com\/avatar\/bb0c4a2fcb7970138239f7e404ea75757b1b507b28b5ce4c53fbd62d797c5a7c?s=96&d=mm&r=g","url":"https:\/\/secure.gravatar.com\/avatar\/bb0c4a2fcb7970138239f7e404ea75757b1b507b28b5ce4c53fbd62d797c5a7c?s=96&d=mm&r=g","contentUrl":"https:\/\/secure.gravatar.com\/avatar\/bb0c4a2fcb7970138239f7e404ea75757b1b507b28b5ce4c53fbd62d797c5a7c?s=96&d=mm&r=g","caption":"Villasmil Henry"},"logo":{"@id":"https:\/\/secure.gravatar.com\/avatar\/bb0c4a2fcb7970138239f7e404ea75757b1b507b28b5ce4c53fbd62d797c5a7c?s=96&d=mm&r=g"},"sameAs":["http:\/\/www.henryvillasmil.com.ve","https:\/\/www.instagram.com\/villasmilhfoto\/","https:\/\/x.com\/https:\/\/twitter.com\/villasmilhfoto"],"url":"https:\/\/digital58.com.ve\/site\/author\/droopy_68\/"}]}},"uagb_featured_image_src":{"full":["https:\/\/digital58.com.ve\/site\/wp-content\/uploads\/2017\/05\/Aton_250856-1068x712.jpg",800,533,false],"thumbnail":["https:\/\/digital58.com.ve\/site\/wp-content\/uploads\/2017\/05\/Aton_250856-1068x712-150x150.jpg",150,150,true],"medium":["https:\/\/digital58.com.ve\/site\/wp-content\/uploads\/2017\/05\/Aton_250856-1068x712-300x200.jpg",300,200,true],"medium_large":["https:\/\/digital58.com.ve\/site\/wp-content\/uploads\/2017\/05\/Aton_250856-1068x712-768x512.jpg",768,512,true],"large":["https:\/\/digital58.com.ve\/site\/wp-content\/uploads\/2017\/05\/Aton_250856-1068x712-1500x1000.jpg",800,533,true],"1536x1536":["https:\/\/digital58.com.ve\/site\/wp-content\/uploads\/2017\/05\/Aton_250856-1068x712.jpg",800,533,false],"2048x2048":["https:\/\/digital58.com.ve\/site\/wp-content\/uploads\/2017\/05\/Aton_250856-1068x712.jpg",800,533,false],"colormag-highlighted-post":["https:\/\/digital58.com.ve\/site\/wp-content\/uploads\/2017\/05\/Aton_250856-1068x712.jpg",392,261,false],"colormag-featured-post-medium":["https:\/\/digital58.com.ve\/site\/wp-content\/uploads\/2017\/05\/Aton_250856-1068x712.jpg",308,205,false],"colormag-featured-post-small":["https:\/\/digital58.com.ve\/site\/wp-content\/uploads\/2017\/05\/Aton_250856-1068x712.jpg",130,87,false],"colormag-featured-image":["https:\/\/digital58.com.ve\/site\/wp-content\/uploads\/2017\/05\/Aton_250856-1068x712.jpg",668,445,false],"colormag-default-news":["https:\/\/digital58.com.ve\/site\/wp-content\/uploads\/2017\/05\/Aton_250856-1068x712.jpg",150,100,false],"colormag-featured-image-large":["https:\/\/digital58.com.ve\/site\/wp-content\/uploads\/2017\/05\/Aton_250856-1068x712.jpg",800,533,false]},"uagb_author_info":{"display_name":"Villasmil Henry","author_link":"https:\/\/digital58.com.ve\/site\/author\/droopy_68\/"},"uagb_comment_info":0,"uagb_excerpt":"El cantautor, productor y compositor espa\u00f1ol de 70 a\u00f1os, Camilo Sesto, se encuentra en Chile, donde hoy ofrecer\u00e1 un concierto","_links":{"self":[{"href":"https:\/\/digital58.com.ve\/site\/wp-json\/wp\/v2\/posts\/63643","targetHints":{"allow":["GET"]}}],"collection":[{"href":"https:\/\/digital58.com.ve\/site\/wp-json\/wp\/v2\/posts"}],"about":[{"href":"https:\/\/digital58.com.ve\/site\/wp-json\/wp\/v2\/types\/post"}],"author":[{"embeddable":true,"href":"https:\/\/digital58.com.ve\/site\/wp-json\/wp\/v2\/users\/1"}],"replies":[{"embeddable":true,"href":"https:\/\/digital58.com.ve\/site\/wp-json\/wp\/v2\/comments?post=63643"}],"version-history":[{"count":0,"href":"https:\/\/digital58.com.ve\/site\/wp-json\/wp\/v2\/posts\/63643\/revisions"}],"wp:featuredmedia":[{"embeddable":true,"href":"https:\/\/digital58.com.ve\/site\/wp-json\/wp\/v2\/media\/63644"}],"wp:attachment":[{"href":"https:\/\/digital58.com.ve\/site\/wp-json\/wp\/v2\/media?parent=63643"}],"wp:term":[{"taxonomy":"category","embeddable":true,"href":"https:\/\/digital58.com.ve\/site\/wp-json\/wp\/v2\/categories?post=63643"},{"taxonomy":"post_tag","embeddable":true,"href":"https:\/\/digital58.com.ve\/site\/wp-json\/wp\/v2\/tags?post=63643"}],"curies":[{"name":"wp","href":"https:\/\/api.w.org\/{rel}","templated":true}]}}