{"id":64254,"date":"2017-05-22T22:07:55","date_gmt":"2017-05-23T02:07:55","guid":{"rendered":"http:\/\/digital58.com.ve\/site\/?p=64254"},"modified":"2017-05-22T22:13:54","modified_gmt":"2017-05-23T02:13:54","slug":"las-casitas-de-colores-de-curazao-rememoran-la-historia-holandesa","status":"publish","type":"post","link":"https:\/\/digital58.com.ve\/site\/2017\/05\/22\/las-casitas-de-colores-de-curazao-rememoran-la-historia-holandesa\/","title":{"rendered":"Las casitas de colores de Curazao rememoran la historia holandesa"},"content":{"rendered":"<p><img loading=\"lazy\" decoding=\"async\" class=\"aligncenter size-full wp-image-64256\" src=\"http:\/\/digital58.com.ve\/site\/wp-content\/uploads\/2017\/05\/handelskade.jpg\" alt=\"\" width=\"1500\" height=\"1000\" srcset=\"https:\/\/digital58.com.ve\/site\/wp-content\/uploads\/2017\/05\/handelskade.jpg 800w, https:\/\/digital58.com.ve\/site\/wp-content\/uploads\/2017\/05\/handelskade-300x200.jpg 300w, https:\/\/digital58.com.ve\/site\/wp-content\/uploads\/2017\/05\/handelskade-768x512.jpg 768w, https:\/\/digital58.com.ve\/site\/wp-content\/uploads\/2017\/05\/handelskade-1500x1000.jpg 1500w, https:\/\/digital58.com.ve\/site\/wp-content\/uploads\/2017\/05\/handelskade-720x480.jpg 720w, https:\/\/digital58.com.ve\/site\/wp-content\/uploads\/2017\/05\/handelskade-480x320.jpg 480w\" sizes=\"auto, (max-width: 1500px) 100vw, 1500px\" \/><br \/>\nEl patrimonio arquitect\u00f3nico de Curazao es una de las joyas tur\u00edsticas de la isla. La historia que denota con aires europeos da rienda a innumerables acontecimientos que le dieron a la isla su esencia arquitect\u00f3nica, llevada por los holandeses.<\/p>\n<p><strong>Willemstad, Curazao, 22 de mayo de 2017 (D58).-<\/strong> Celeste, naranja, verde y rosado pastel son los colores de las fachadas que engalanan a Willemstad, la capital colonial que se ha convertido en el singular atractivo de la isla caribe\u00f1a de Curazao, que junto a sus habitantes felices la convierten en el lugar de ensue\u00f1o para los turistas.<\/p>\n<p>\u00abBon Bini\u00bb o \u00abDushi\u00bb se suelen escuchar al adentrarse en la zona, palabras en papiamento, mezcla de espa\u00f1ol, portugu\u00e9s y holand\u00e9s, que significan bienvenidos y cari\u00f1o, respectivamente, que los lugare\u00f1os no se cansan de decir a quienes arriban a su terru\u00f1o.<\/p>\n<p>En el centro del pa\u00eds la arquitectura resalta al llegar: casas con techos de forma inclinada se convierten en una parada obligatoria para cualquiera que visite la avenida de Handelskade, una zona que forma parte de la ciudad declarada como Patrimonio Mundial de la Humanidad por la Unesco en 1997.<\/p>\n<p>La historia que denota con aires europeos da rienda a innumerables acontecimientos que le dieron a la isla su esencia arquitect\u00f3nica, llevada por los holandeses, cuenta Lesire Livette, una gu\u00eda de la empresa de turismo FBTT Travel Curacao.<\/p>\n<p>\u00abDurante el siglo XVII, los barcos holandeses exportaron las tejas a cambio de la sal, conocido en ese entonces como el oro blanco, muy importante para los pa\u00edses europeos en esa \u00e9poca\u00bb, relat\u00f3 con orgullo la operadora a un grupo de periodistas invitados por la naviera espa\u00f1ola Pullmantur.<\/p>\n<p>Destac\u00f3 que durante la construcci\u00f3n de los edificios se utilizaron materiales como piedra caliza, arena y coral que han resistido el paso del tiempo, y que ahora una fundaci\u00f3n se encarga de restaurarlos para evitar el deterioro por los azotes del clima tropical.<\/p>\n<p><img loading=\"lazy\" decoding=\"async\" class=\"aligncenter size-full wp-image-64255\" src=\"http:\/\/digital58.com.ve\/site\/wp-content\/uploads\/2017\/05\/Floating-Bridge.jpg\" alt=\"\" width=\"1500\" height=\"1000\" srcset=\"https:\/\/digital58.com.ve\/site\/wp-content\/uploads\/2017\/05\/Floating-Bridge.jpg 800w, https:\/\/digital58.com.ve\/site\/wp-content\/uploads\/2017\/05\/Floating-Bridge-300x200.jpg 300w, https:\/\/digital58.com.ve\/site\/wp-content\/uploads\/2017\/05\/Floating-Bridge-768x512.jpg 768w, https:\/\/digital58.com.ve\/site\/wp-content\/uploads\/2017\/05\/Floating-Bridge-1500x1000.jpg 1500w, https:\/\/digital58.com.ve\/site\/wp-content\/uploads\/2017\/05\/Floating-Bridge-720x480.jpg 720w, https:\/\/digital58.com.ve\/site\/wp-content\/uploads\/2017\/05\/Floating-Bridge-480x320.jpg 480w\" sizes=\"auto, (max-width: 1500px) 100vw, 1500px\" \/><\/p>\n<p>Pero para los curazole\u00f1os el color de las casas va m\u00e1s all\u00e1 que una simple est\u00e9tica urban\u00edstica, se refiere a un acontecimiento extravagante, seg\u00fan una ley vigente promulgada en 1817 por el entonces gobernador holand\u00e9s de Curazao, Aruba y Bonaire, Albert Kikkert, que decret\u00f3 que las casas no se pintaran de blanco porque el resplandor del sol causaba dolores de cabeza y ceguera.<\/p>\n<p>Bajo un sol abrasador, Livette cont\u00f3 que la ciudad est\u00e1 dividida en dos secciones: Punda y Otrobanda, conectadas por el puente de la Reina Emma que cruza la Bah\u00eda de Santa Ana.<\/p>\n<p>En Punda, el mercado flotante, la Fortaleza de Amsterdam, el Palacio del Gobernador y el Parque Wihelmina conforman parte del circuito hist\u00f3rico de esa zona.<br \/>\nMientras que Otrobanda, considerada una de las primeras zonas residenciales construidas en el siglo XVII, est\u00e1 rodeada de negocios como hoteles, casinos, comercios y hospitales.<\/p>\n<p>Otro de los sitios destacados es el Museo Kura Hulanda, o Jard\u00edn de Holanda, que cuenta las diferentes etapas de la esclavitud que sufri\u00f3 la isla caribe\u00f1a a manos de los conquistadores.<\/p>\n<p>Como dato curioso se\u00f1al\u00f3 que cada cuatro a\u00f1os el rey de Holanda, Guillermo-Alejandro y su esposa de origen argentino, la reina consorte M\u00e1xima, visitan todas las islas de las Antillas Holandesas. La pr\u00f3xima se espera que sea en 2019.<\/p>\n<p><img loading=\"lazy\" decoding=\"async\" class=\"aligncenter size-full wp-image-64257\" src=\"http:\/\/digital58.com.ve\/site\/wp-content\/uploads\/2017\/05\/stay-06_1.jpg\" alt=\"\" width=\"1500\" height=\"1000\" srcset=\"https:\/\/digital58.com.ve\/site\/wp-content\/uploads\/2017\/05\/stay-06_1.jpg 800w, https:\/\/digital58.com.ve\/site\/wp-content\/uploads\/2017\/05\/stay-06_1-300x200.jpg 300w, https:\/\/digital58.com.ve\/site\/wp-content\/uploads\/2017\/05\/stay-06_1-768x512.jpg 768w, https:\/\/digital58.com.ve\/site\/wp-content\/uploads\/2017\/05\/stay-06_1-1500x1000.jpg 1500w, https:\/\/digital58.com.ve\/site\/wp-content\/uploads\/2017\/05\/stay-06_1-720x480.jpg 720w, https:\/\/digital58.com.ve\/site\/wp-content\/uploads\/2017\/05\/stay-06_1-480x320.jpg 480w\" sizes=\"auto, (max-width: 1500px) 100vw, 1500px\" \/><\/p>\n<p>La instructora relat\u00f3 que la influencia neerlandesa que data de 1634 no se ha mitigado, y por el contrario personas de 110 nacionalidades respetan y defienden la historia del pa\u00eds.<\/p>\n<p>Durante el recorrido por impresionantes parajes detall\u00f3 que al menos unos 146 mil 836 personas viven en el territorio de 444 kil\u00f3metros, situado en el sur del mar Caribe, a unos 50 kil\u00f3metros de la costa noroccidental de Venezuela. La mayor\u00eda habla holand\u00e9s, ingl\u00e9s, espa\u00f1ol y papiamento.<\/p>\n<p>En la isla el turismo representa el 70 % de la econom\u00eda, por eso los nacionales atienden con esmero y se encargan de que los m\u00e1s de 500 mil turistas que arriban vuelvan otra vez.<\/p>\n<p>Este a\u00f1o, Curazao refuerza su destino de historia, playas y diversi\u00f3n al contar con la llegada de cruceros como el Zenith de Pullmantur, que recorre la ruta de Islas del Caribe y Antillas &amp; Caribe Sur. Mientras tanto el alma caribe\u00f1a de Holanda seguir\u00e1 encantado a los que deseen conocer la ciudad de los colores.<\/p><div class=\"pcnfz69f379d51767d\" ><p style=\"text-align: center;\"><a href=\"https:\/\/t.me\/noticiasdigital58\" target=\"_blank\" rel=\"noopener\"><img class=\"aligncenter size-full wp-image-125363\" src=\"https:\/\/digital58.com.ve\/site\/wp-content\/uploads\/2021\/04\/banner-telegram-web-2021.png\" alt=\"\" width=\"600\" height=\"90\" \/><\/a><\/p><\/div><style type=\"text\/css\">\r\n@media screen and (min-width: 1201px) {\r\n.pcnfz69f379d51767d {\r\ndisplay: block;\r\n}\r\n}\r\n@media screen and (min-width: 993px) and (max-width: 1200px) {\r\n.pcnfz69f379d51767d {\r\ndisplay: block;\r\n}\r\n}\r\n@media screen and (min-width: 769px) and (max-width: 992px) {\r\n.pcnfz69f379d51767d {\r\ndisplay: block;\r\n}\r\n}\r\n@media screen and (min-width: 768px) and (max-width: 768px) {\r\n.pcnfz69f379d51767d {\r\ndisplay: block;\r\n}\r\n}\r\n@media screen and (max-width: 767px) {\r\n.pcnfz69f379d51767d {\r\ndisplay: block;\r\n}\r\n}\r\n<\/style>\r\n\n<p><strong>Redacci\u00f3n: Agencias<\/strong><br \/>\n<strong>Edici\u00f3n: Carre\u00f1o, Reina<\/strong><br \/>\n<strong>Fotos: Google<\/strong><\/p>\n<div style=\"margin-top: 0px; margin-bottom: 0px;\" class=\"sharethis-inline-share-buttons\" ><\/div>","protected":false},"excerpt":{"rendered":"<p>El patrimonio arquitect\u00f3nico de Curazao es una de las joyas tur\u00edsticas de la isla. La historia que denota con aires<\/p>\n","protected":false},"author":1,"featured_media":64256,"comment_status":"open","ping_status":"closed","sticky":false,"template":"","format":"standard","meta":{"colormag_page_container_layout":"default_layout","colormag_page_sidebar_layout":"default_layout","_uag_custom_page_level_css":"","footnotes":""},"categories":[5404],"tags":[5284,4139,7393,3852,5929,7394,7391,306,7392],"class_list":["post-64254","post","type-post","status-publish","format-standard","has-post-thumbnail","hentry","category-turismo","tag-arquitectura","tag-caribe","tag-casitas-de-colores","tag-curazao","tag-destino","tag-patrimonio","tag-punda","tag-turismo","tag-willemstad"],"yoast_head":"<!-- This site is optimized with the Yoast SEO plugin v27.5 - https:\/\/yoast.com\/product\/yoast-seo-wordpress\/ -->\n<title>Las casitas de colores de Curazao rememoran la historia holandesa<\/title>\n<meta name=\"robots\" content=\"index, follow, max-snippet:-1, max-image-preview:large, max-video-preview:-1\" \/>\n<link rel=\"canonical\" href=\"https:\/\/digital58.com.ve\/site\/2017\/05\/22\/las-casitas-de-colores-de-curazao-rememoran-la-historia-holandesa\/\" \/>\n<meta property=\"og:locale\" content=\"es_ES\" \/>\n<meta property=\"og:type\" content=\"article\" \/>\n<meta property=\"og:title\" content=\"Las casitas de colores de Curazao rememoran la historia holandesa\" \/>\n<meta property=\"og:url\" content=\"https:\/\/digital58.com.ve\/site\/2017\/05\/22\/las-casitas-de-colores-de-curazao-rememoran-la-historia-holandesa\/\" \/>\n<meta property=\"og:site_name\" content=\"Noticias Digital58\" \/>\n<meta property=\"article:published_time\" content=\"2017-05-23T02:07:55+00:00\" \/>\n<meta property=\"article:modified_time\" content=\"2017-05-23T02:13:54+00:00\" \/>\n<meta property=\"og:image\" content=\"https:\/\/digital58.com.ve\/site\/wp-content\/uploads\/2017\/05\/handelskade.jpg\" \/>\n\t<meta property=\"og:image:width\" content=\"1500\" \/>\n\t<meta property=\"og:image:height\" content=\"1000\" \/>\n\t<meta property=\"og:image:type\" content=\"image\/jpeg\" \/>\n<meta name=\"author\" content=\"Villasmil Henry\" \/>\n<meta name=\"twitter:card\" content=\"summary_large_image\" \/>\n<meta name=\"twitter:creator\" content=\"@https:\/\/twitter.com\/villasmilhfoto\" \/>\n<meta name=\"twitter:site\" content=\"@villasmilhfoto\" \/>\n<meta name=\"twitter:label1\" content=\"Escrito por\" \/>\n\t<meta name=\"twitter:data1\" content=\"Villasmil Henry\" \/>\n\t<meta name=\"twitter:label2\" content=\"Tiempo estimado de lectura\" \/>\n\t<meta name=\"twitter:data2\" content=\"4 minutos\" \/>\n<script type=\"application\/ld+json\" class=\"yoast-schema-graph\">{\"@context\":\"https:\\\/\\\/schema.org\",\"@graph\":[{\"@type\":\"Article\",\"@id\":\"https:\\\/\\\/digital58.com.ve\\\/site\\\/2017\\\/05\\\/22\\\/las-casitas-de-colores-de-curazao-rememoran-la-historia-holandesa\\\/#article\",\"isPartOf\":{\"@id\":\"https:\\\/\\\/digital58.com.ve\\\/site\\\/2017\\\/05\\\/22\\\/las-casitas-de-colores-de-curazao-rememoran-la-historia-holandesa\\\/\"},\"author\":{\"name\":\"Villasmil Henry\",\"@id\":\"https:\\\/\\\/digital58.com.ve\\\/site\\\/#\\\/schema\\\/person\\\/64d1c2e4d0d4fd1b849980c4331c2951\"},\"headline\":\"Las casitas de colores de Curazao rememoran la historia holandesa\",\"datePublished\":\"2017-05-23T02:07:55+00:00\",\"dateModified\":\"2017-05-23T02:13:54+00:00\",\"mainEntityOfPage\":{\"@id\":\"https:\\\/\\\/digital58.com.ve\\\/site\\\/2017\\\/05\\\/22\\\/las-casitas-de-colores-de-curazao-rememoran-la-historia-holandesa\\\/\"},\"wordCount\":750,\"commentCount\":0,\"publisher\":{\"@id\":\"https:\\\/\\\/digital58.com.ve\\\/site\\\/#\\\/schema\\\/person\\\/64d1c2e4d0d4fd1b849980c4331c2951\"},\"image\":{\"@id\":\"https:\\\/\\\/digital58.com.ve\\\/site\\\/2017\\\/05\\\/22\\\/las-casitas-de-colores-de-curazao-rememoran-la-historia-holandesa\\\/#primaryimage\"},\"thumbnailUrl\":\"https:\\\/\\\/digital58.com.ve\\\/site\\\/wp-content\\\/uploads\\\/2017\\\/05\\\/handelskade.jpg\",\"keywords\":[\"Arquitectura\",\"Caribe\",\"Casitas de Colores\",\"Curazao\",\"destino\",\"Patrimonio\",\"Punda\",\"Turismo\",\"Willemstad\"],\"articleSection\":[\"Turismo\"],\"inLanguage\":\"es\",\"potentialAction\":[{\"@type\":\"CommentAction\",\"name\":\"Comment\",\"target\":[\"https:\\\/\\\/digital58.com.ve\\\/site\\\/2017\\\/05\\\/22\\\/las-casitas-de-colores-de-curazao-rememoran-la-historia-holandesa\\\/#respond\"]}]},{\"@type\":\"WebPage\",\"@id\":\"https:\\\/\\\/digital58.com.ve\\\/site\\\/2017\\\/05\\\/22\\\/las-casitas-de-colores-de-curazao-rememoran-la-historia-holandesa\\\/\",\"url\":\"https:\\\/\\\/digital58.com.ve\\\/site\\\/2017\\\/05\\\/22\\\/las-casitas-de-colores-de-curazao-rememoran-la-historia-holandesa\\\/\",\"name\":\"Las casitas de colores de Curazao rememoran la historia holandesa\",\"isPartOf\":{\"@id\":\"https:\\\/\\\/digital58.com.ve\\\/site\\\/#website\"},\"primaryImageOfPage\":{\"@id\":\"https:\\\/\\\/digital58.com.ve\\\/site\\\/2017\\\/05\\\/22\\\/las-casitas-de-colores-de-curazao-rememoran-la-historia-holandesa\\\/#primaryimage\"},\"image\":{\"@id\":\"https:\\\/\\\/digital58.com.ve\\\/site\\\/2017\\\/05\\\/22\\\/las-casitas-de-colores-de-curazao-rememoran-la-historia-holandesa\\\/#primaryimage\"},\"thumbnailUrl\":\"https:\\\/\\\/digital58.com.ve\\\/site\\\/wp-content\\\/uploads\\\/2017\\\/05\\\/handelskade.jpg\",\"datePublished\":\"2017-05-23T02:07:55+00:00\",\"dateModified\":\"2017-05-23T02:13:54+00:00\",\"breadcrumb\":{\"@id\":\"https:\\\/\\\/digital58.com.ve\\\/site\\\/2017\\\/05\\\/22\\\/las-casitas-de-colores-de-curazao-rememoran-la-historia-holandesa\\\/#breadcrumb\"},\"inLanguage\":\"es\",\"potentialAction\":[{\"@type\":\"ReadAction\",\"target\":[\"https:\\\/\\\/digital58.com.ve\\\/site\\\/2017\\\/05\\\/22\\\/las-casitas-de-colores-de-curazao-rememoran-la-historia-holandesa\\\/\"]}]},{\"@type\":\"ImageObject\",\"inLanguage\":\"es\",\"@id\":\"https:\\\/\\\/digital58.com.ve\\\/site\\\/2017\\\/05\\\/22\\\/las-casitas-de-colores-de-curazao-rememoran-la-historia-holandesa\\\/#primaryimage\",\"url\":\"https:\\\/\\\/digital58.com.ve\\\/site\\\/wp-content\\\/uploads\\\/2017\\\/05\\\/handelskade.jpg\",\"contentUrl\":\"https:\\\/\\\/digital58.com.ve\\\/site\\\/wp-content\\\/uploads\\\/2017\\\/05\\\/handelskade.jpg\",\"width\":800,\"height\":533},{\"@type\":\"BreadcrumbList\",\"@id\":\"https:\\\/\\\/digital58.com.ve\\\/site\\\/2017\\\/05\\\/22\\\/las-casitas-de-colores-de-curazao-rememoran-la-historia-holandesa\\\/#breadcrumb\",\"itemListElement\":[{\"@type\":\"ListItem\",\"position\":1,\"name\":\"Home\",\"item\":\"https:\\\/\\\/digital58.com.ve\\\/site\\\/\"},{\"@type\":\"ListItem\",\"position\":2,\"name\":\"Las casitas de colores de Curazao rememoran la historia holandesa\"}]},{\"@type\":\"WebSite\",\"@id\":\"https:\\\/\\\/digital58.com.ve\\\/site\\\/#website\",\"url\":\"https:\\\/\\\/digital58.com.ve\\\/site\\\/\",\"name\":\"Noticias Digital58\",\"description\":\"Portal de Noticias \u00a1Periodismo web de verdad! Lanzamiento web 22.11.2005 \\\/ Maracaibo, Venezuela\",\"publisher\":{\"@id\":\"https:\\\/\\\/digital58.com.ve\\\/site\\\/#\\\/schema\\\/person\\\/64d1c2e4d0d4fd1b849980c4331c2951\"},\"alternateName\":\"ND58\",\"potentialAction\":[{\"@type\":\"SearchAction\",\"target\":{\"@type\":\"EntryPoint\",\"urlTemplate\":\"https:\\\/\\\/digital58.com.ve\\\/site\\\/?s={search_term_string}\"},\"query-input\":{\"@type\":\"PropertyValueSpecification\",\"valueRequired\":true,\"valueName\":\"search_term_string\"}}],\"inLanguage\":\"es\"},{\"@type\":[\"Person\",\"Organization\"],\"@id\":\"https:\\\/\\\/digital58.com.ve\\\/site\\\/#\\\/schema\\\/person\\\/64d1c2e4d0d4fd1b849980c4331c2951\",\"name\":\"Villasmil Henry\",\"image\":{\"@type\":\"ImageObject\",\"inLanguage\":\"es\",\"@id\":\"https:\\\/\\\/secure.gravatar.com\\\/avatar\\\/bb0c4a2fcb7970138239f7e404ea75757b1b507b28b5ce4c53fbd62d797c5a7c?s=96&d=mm&r=g\",\"url\":\"https:\\\/\\\/secure.gravatar.com\\\/avatar\\\/bb0c4a2fcb7970138239f7e404ea75757b1b507b28b5ce4c53fbd62d797c5a7c?s=96&d=mm&r=g\",\"contentUrl\":\"https:\\\/\\\/secure.gravatar.com\\\/avatar\\\/bb0c4a2fcb7970138239f7e404ea75757b1b507b28b5ce4c53fbd62d797c5a7c?s=96&d=mm&r=g\",\"caption\":\"Villasmil Henry\"},\"logo\":{\"@id\":\"https:\\\/\\\/secure.gravatar.com\\\/avatar\\\/bb0c4a2fcb7970138239f7e404ea75757b1b507b28b5ce4c53fbd62d797c5a7c?s=96&d=mm&r=g\"},\"sameAs\":[\"http:\\\/\\\/www.henryvillasmil.com.ve\",\"https:\\\/\\\/www.instagram.com\\\/villasmilhfoto\\\/\",\"https:\\\/\\\/x.com\\\/https:\\\/\\\/twitter.com\\\/villasmilhfoto\"],\"url\":\"https:\\\/\\\/digital58.com.ve\\\/site\\\/author\\\/droopy_68\\\/\"}]}<\/script>\n<!-- \/ Yoast SEO plugin. -->","yoast_head_json":{"title":"Las casitas de colores de Curazao rememoran la historia holandesa","robots":{"index":"index","follow":"follow","max-snippet":"max-snippet:-1","max-image-preview":"max-image-preview:large","max-video-preview":"max-video-preview:-1"},"canonical":"https:\/\/digital58.com.ve\/site\/2017\/05\/22\/las-casitas-de-colores-de-curazao-rememoran-la-historia-holandesa\/","og_locale":"es_ES","og_type":"article","og_title":"Las casitas de colores de Curazao rememoran la historia holandesa","og_url":"https:\/\/digital58.com.ve\/site\/2017\/05\/22\/las-casitas-de-colores-de-curazao-rememoran-la-historia-holandesa\/","og_site_name":"Noticias Digital58","article_published_time":"2017-05-23T02:07:55+00:00","article_modified_time":"2017-05-23T02:13:54+00:00","og_image":[{"width":1500,"height":1000,"url":"https:\/\/digital58.com.ve\/site\/wp-content\/uploads\/2017\/05\/handelskade.jpg","type":"image\/jpeg"}],"author":"Villasmil Henry","twitter_card":"summary_large_image","twitter_creator":"@https:\/\/twitter.com\/villasmilhfoto","twitter_site":"@villasmilhfoto","twitter_misc":{"Escrito por":"Villasmil Henry","Tiempo estimado de lectura":"4 minutos"},"schema":{"@context":"https:\/\/schema.org","@graph":[{"@type":"Article","@id":"https:\/\/digital58.com.ve\/site\/2017\/05\/22\/las-casitas-de-colores-de-curazao-rememoran-la-historia-holandesa\/#article","isPartOf":{"@id":"https:\/\/digital58.com.ve\/site\/2017\/05\/22\/las-casitas-de-colores-de-curazao-rememoran-la-historia-holandesa\/"},"author":{"name":"Villasmil Henry","@id":"https:\/\/digital58.com.ve\/site\/#\/schema\/person\/64d1c2e4d0d4fd1b849980c4331c2951"},"headline":"Las casitas de colores de Curazao rememoran la historia holandesa","datePublished":"2017-05-23T02:07:55+00:00","dateModified":"2017-05-23T02:13:54+00:00","mainEntityOfPage":{"@id":"https:\/\/digital58.com.ve\/site\/2017\/05\/22\/las-casitas-de-colores-de-curazao-rememoran-la-historia-holandesa\/"},"wordCount":750,"commentCount":0,"publisher":{"@id":"https:\/\/digital58.com.ve\/site\/#\/schema\/person\/64d1c2e4d0d4fd1b849980c4331c2951"},"image":{"@id":"https:\/\/digital58.com.ve\/site\/2017\/05\/22\/las-casitas-de-colores-de-curazao-rememoran-la-historia-holandesa\/#primaryimage"},"thumbnailUrl":"https:\/\/digital58.com.ve\/site\/wp-content\/uploads\/2017\/05\/handelskade.jpg","keywords":["Arquitectura","Caribe","Casitas de Colores","Curazao","destino","Patrimonio","Punda","Turismo","Willemstad"],"articleSection":["Turismo"],"inLanguage":"es","potentialAction":[{"@type":"CommentAction","name":"Comment","target":["https:\/\/digital58.com.ve\/site\/2017\/05\/22\/las-casitas-de-colores-de-curazao-rememoran-la-historia-holandesa\/#respond"]}]},{"@type":"WebPage","@id":"https:\/\/digital58.com.ve\/site\/2017\/05\/22\/las-casitas-de-colores-de-curazao-rememoran-la-historia-holandesa\/","url":"https:\/\/digital58.com.ve\/site\/2017\/05\/22\/las-casitas-de-colores-de-curazao-rememoran-la-historia-holandesa\/","name":"Las casitas de colores de Curazao rememoran la historia holandesa","isPartOf":{"@id":"https:\/\/digital58.com.ve\/site\/#website"},"primaryImageOfPage":{"@id":"https:\/\/digital58.com.ve\/site\/2017\/05\/22\/las-casitas-de-colores-de-curazao-rememoran-la-historia-holandesa\/#primaryimage"},"image":{"@id":"https:\/\/digital58.com.ve\/site\/2017\/05\/22\/las-casitas-de-colores-de-curazao-rememoran-la-historia-holandesa\/#primaryimage"},"thumbnailUrl":"https:\/\/digital58.com.ve\/site\/wp-content\/uploads\/2017\/05\/handelskade.jpg","datePublished":"2017-05-23T02:07:55+00:00","dateModified":"2017-05-23T02:13:54+00:00","breadcrumb":{"@id":"https:\/\/digital58.com.ve\/site\/2017\/05\/22\/las-casitas-de-colores-de-curazao-rememoran-la-historia-holandesa\/#breadcrumb"},"inLanguage":"es","potentialAction":[{"@type":"ReadAction","target":["https:\/\/digital58.com.ve\/site\/2017\/05\/22\/las-casitas-de-colores-de-curazao-rememoran-la-historia-holandesa\/"]}]},{"@type":"ImageObject","inLanguage":"es","@id":"https:\/\/digital58.com.ve\/site\/2017\/05\/22\/las-casitas-de-colores-de-curazao-rememoran-la-historia-holandesa\/#primaryimage","url":"https:\/\/digital58.com.ve\/site\/wp-content\/uploads\/2017\/05\/handelskade.jpg","contentUrl":"https:\/\/digital58.com.ve\/site\/wp-content\/uploads\/2017\/05\/handelskade.jpg","width":800,"height":533},{"@type":"BreadcrumbList","@id":"https:\/\/digital58.com.ve\/site\/2017\/05\/22\/las-casitas-de-colores-de-curazao-rememoran-la-historia-holandesa\/#breadcrumb","itemListElement":[{"@type":"ListItem","position":1,"name":"Home","item":"https:\/\/digital58.com.ve\/site\/"},{"@type":"ListItem","position":2,"name":"Las casitas de colores de Curazao rememoran la historia holandesa"}]},{"@type":"WebSite","@id":"https:\/\/digital58.com.ve\/site\/#website","url":"https:\/\/digital58.com.ve\/site\/","name":"Noticias Digital58","description":"Portal de Noticias \u00a1Periodismo web de verdad! Lanzamiento web 22.11.2005 \/ Maracaibo, Venezuela","publisher":{"@id":"https:\/\/digital58.com.ve\/site\/#\/schema\/person\/64d1c2e4d0d4fd1b849980c4331c2951"},"alternateName":"ND58","potentialAction":[{"@type":"SearchAction","target":{"@type":"EntryPoint","urlTemplate":"https:\/\/digital58.com.ve\/site\/?s={search_term_string}"},"query-input":{"@type":"PropertyValueSpecification","valueRequired":true,"valueName":"search_term_string"}}],"inLanguage":"es"},{"@type":["Person","Organization"],"@id":"https:\/\/digital58.com.ve\/site\/#\/schema\/person\/64d1c2e4d0d4fd1b849980c4331c2951","name":"Villasmil Henry","image":{"@type":"ImageObject","inLanguage":"es","@id":"https:\/\/secure.gravatar.com\/avatar\/bb0c4a2fcb7970138239f7e404ea75757b1b507b28b5ce4c53fbd62d797c5a7c?s=96&d=mm&r=g","url":"https:\/\/secure.gravatar.com\/avatar\/bb0c4a2fcb7970138239f7e404ea75757b1b507b28b5ce4c53fbd62d797c5a7c?s=96&d=mm&r=g","contentUrl":"https:\/\/secure.gravatar.com\/avatar\/bb0c4a2fcb7970138239f7e404ea75757b1b507b28b5ce4c53fbd62d797c5a7c?s=96&d=mm&r=g","caption":"Villasmil Henry"},"logo":{"@id":"https:\/\/secure.gravatar.com\/avatar\/bb0c4a2fcb7970138239f7e404ea75757b1b507b28b5ce4c53fbd62d797c5a7c?s=96&d=mm&r=g"},"sameAs":["http:\/\/www.henryvillasmil.com.ve","https:\/\/www.instagram.com\/villasmilhfoto\/","https:\/\/x.com\/https:\/\/twitter.com\/villasmilhfoto"],"url":"https:\/\/digital58.com.ve\/site\/author\/droopy_68\/"}]}},"uagb_featured_image_src":{"full":["https:\/\/digital58.com.ve\/site\/wp-content\/uploads\/2017\/05\/handelskade.jpg",800,533,false],"thumbnail":["https:\/\/digital58.com.ve\/site\/wp-content\/uploads\/2017\/05\/handelskade-150x150.jpg",150,150,true],"medium":["https:\/\/digital58.com.ve\/site\/wp-content\/uploads\/2017\/05\/handelskade-300x200.jpg",300,200,true],"medium_large":["https:\/\/digital58.com.ve\/site\/wp-content\/uploads\/2017\/05\/handelskade-768x512.jpg",768,512,true],"large":["https:\/\/digital58.com.ve\/site\/wp-content\/uploads\/2017\/05\/handelskade-1500x1000.jpg",800,533,true],"1536x1536":["https:\/\/digital58.com.ve\/site\/wp-content\/uploads\/2017\/05\/handelskade.jpg",800,533,false],"2048x2048":["https:\/\/digital58.com.ve\/site\/wp-content\/uploads\/2017\/05\/handelskade.jpg",800,533,false],"colormag-highlighted-post":["https:\/\/digital58.com.ve\/site\/wp-content\/uploads\/2017\/05\/handelskade.jpg",392,261,false],"colormag-featured-post-medium":["https:\/\/digital58.com.ve\/site\/wp-content\/uploads\/2017\/05\/handelskade.jpg",308,205,false],"colormag-featured-post-small":["https:\/\/digital58.com.ve\/site\/wp-content\/uploads\/2017\/05\/handelskade.jpg",130,87,false],"colormag-featured-image":["https:\/\/digital58.com.ve\/site\/wp-content\/uploads\/2017\/05\/handelskade.jpg",668,445,false],"colormag-default-news":["https:\/\/digital58.com.ve\/site\/wp-content\/uploads\/2017\/05\/handelskade.jpg",150,100,false],"colormag-featured-image-large":["https:\/\/digital58.com.ve\/site\/wp-content\/uploads\/2017\/05\/handelskade.jpg",800,533,false]},"uagb_author_info":{"display_name":"Villasmil Henry","author_link":"https:\/\/digital58.com.ve\/site\/author\/droopy_68\/"},"uagb_comment_info":0,"uagb_excerpt":"El patrimonio arquitect\u00f3nico de Curazao es una de las joyas tur\u00edsticas de la isla. La historia que denota con aires","_links":{"self":[{"href":"https:\/\/digital58.com.ve\/site\/wp-json\/wp\/v2\/posts\/64254","targetHints":{"allow":["GET"]}}],"collection":[{"href":"https:\/\/digital58.com.ve\/site\/wp-json\/wp\/v2\/posts"}],"about":[{"href":"https:\/\/digital58.com.ve\/site\/wp-json\/wp\/v2\/types\/post"}],"author":[{"embeddable":true,"href":"https:\/\/digital58.com.ve\/site\/wp-json\/wp\/v2\/users\/1"}],"replies":[{"embeddable":true,"href":"https:\/\/digital58.com.ve\/site\/wp-json\/wp\/v2\/comments?post=64254"}],"version-history":[{"count":0,"href":"https:\/\/digital58.com.ve\/site\/wp-json\/wp\/v2\/posts\/64254\/revisions"}],"wp:featuredmedia":[{"embeddable":true,"href":"https:\/\/digital58.com.ve\/site\/wp-json\/wp\/v2\/media\/64256"}],"wp:attachment":[{"href":"https:\/\/digital58.com.ve\/site\/wp-json\/wp\/v2\/media?parent=64254"}],"wp:term":[{"taxonomy":"category","embeddable":true,"href":"https:\/\/digital58.com.ve\/site\/wp-json\/wp\/v2\/categories?post=64254"},{"taxonomy":"post_tag","embeddable":true,"href":"https:\/\/digital58.com.ve\/site\/wp-json\/wp\/v2\/tags?post=64254"}],"curies":[{"name":"wp","href":"https:\/\/api.w.org\/{rel}","templated":true}]}}