{"id":64259,"date":"2017-05-22T22:19:47","date_gmt":"2017-05-23T02:19:47","guid":{"rendered":"http:\/\/digital58.com.ve\/site\/?p=64259"},"modified":"2017-05-22T22:19:47","modified_gmt":"2017-05-23T02:19:47","slug":"realizaran-la-primera-cumbre-por-el-bienestar-de-los-animales","status":"publish","type":"post","link":"https:\/\/digital58.com.ve\/site\/2017\/05\/22\/realizaran-la-primera-cumbre-por-el-bienestar-de-los-animales\/","title":{"rendered":"Realizar\u00e1n la \u00abPrimera Cumbre por el Bienestar de los Animales\u00bb"},"content":{"rendered":"<p><img loading=\"lazy\" decoding=\"async\" class=\"aligncenter size-full wp-image-64262\" src=\"http:\/\/digital58.com.ve\/site\/wp-content\/uploads\/2017\/05\/undefined-5-1200x800.jpg\" alt=\"\" width=\"1500\" height=\"1000\" srcset=\"https:\/\/digital58.com.ve\/site\/wp-content\/uploads\/2017\/05\/undefined-5-1200x800.jpg 800w, https:\/\/digital58.com.ve\/site\/wp-content\/uploads\/2017\/05\/undefined-5-1200x800-300x200.jpg 300w, https:\/\/digital58.com.ve\/site\/wp-content\/uploads\/2017\/05\/undefined-5-1200x800-768x512.jpg 768w, https:\/\/digital58.com.ve\/site\/wp-content\/uploads\/2017\/05\/undefined-5-1200x800-1500x1000.jpg 1500w, https:\/\/digital58.com.ve\/site\/wp-content\/uploads\/2017\/05\/undefined-5-1200x800-720x480.jpg 720w, https:\/\/digital58.com.ve\/site\/wp-content\/uploads\/2017\/05\/undefined-5-1200x800-480x320.jpg 480w\" sizes=\"auto, (max-width: 1500px) 100vw, 1500px\" \/><br \/>\nLa \u00abPrimera Cumbre por el Bienestar de los Animales\u00bb se realizar\u00e1 en Puerto Rico el pr\u00f3ximo 31 de mayo, con la finalidad de educar a los ni\u00f1o y a la comunidad en general, de la importancia que tiene las mascotas en la vida diaria y en la sociedad, seg\u00fan infirm\u00f3, La Primera Dama de Puerto, Rico Beatriz Rossell\u00f3.<\/p>\n<p><strong>San Juan, Puerto Rico, 22 de mayo de 2017 (D58).-<\/strong> La Primera Dama de Puerto, Rico Beatriz Rossell\u00f3, anunci\u00f3 que el pr\u00f3ximo mi\u00e9rcoles 31 de mayo del 2017 liderar\u00e1 la \u00abPrimera Cumbre por el Bienestar de los Animales\u00bb.<\/p>\n<p>La actividad ser\u00e1 en el Centro de Convenciones de Puerto Rico Pedro Rossell\u00f3 Gonz\u00e1lez en Isla Grande, en horario de 8.00 de la ma\u00f1ana a 3.30 de la tarde.<\/p>\n<p>\u00abTenemos que educar a nuestros hijos y a las futuras generaciones que esa mascota es un ser vivo que depende de nuestro afecto y nuestros cuidados para sobrevivir. Deshacerse o abandonar un animalito en la calle porque est\u00e1 enfermo, viejito, porque te mudas o porque ya no te gusta, es inaceptable en nuestra sociedad\u00bb, sostuvo la Primera Dama en declaraciones escritas.<\/p>\n<p><img loading=\"lazy\" decoding=\"async\" class=\"aligncenter size-full wp-image-64260\" src=\"http:\/\/digital58.com.ve\/site\/wp-content\/uploads\/2017\/05\/INDALO-4-copia.jpg\" alt=\"\" width=\"1500\" height=\"1027\" srcset=\"https:\/\/digital58.com.ve\/site\/wp-content\/uploads\/2017\/05\/INDALO-4-copia.jpg 800w, https:\/\/digital58.com.ve\/site\/wp-content\/uploads\/2017\/05\/INDALO-4-copia-300x205.jpg 300w, https:\/\/digital58.com.ve\/site\/wp-content\/uploads\/2017\/05\/INDALO-4-copia-768x526.jpg 768w, https:\/\/digital58.com.ve\/site\/wp-content\/uploads\/2017\/05\/INDALO-4-copia-1496x1024.jpg 1496w\" sizes=\"auto, (max-width: 1500px) 100vw, 1500px\" \/><\/p>\n<p>Explic\u00f3 que prop\u00f3sito de la cumbre es crear consciencia y fomentar alianzas para maximizar las ayudas, las facilidades, los fondos federales y los servicios disponibles para el cuidado de los animales sin hogar en Puerto Rico.<\/p>\n<p>\u00abEl problema de los animales sin hogar, abusados y abandonados en Puerto Rico es enorme. Hay muchos rescatistas, organizaciones, santuarios y albergues, pero no es suficiente. Tenemos que hacer m\u00e1s, y tenemos que trabajar unidos. Es la \u00fanica forma de poder manejar esta situaci\u00f3n tan grave que tenemos con los animales en las calles\u00bb, insisti\u00f3.<\/p>\n<p><img loading=\"lazy\" decoding=\"async\" class=\"aligncenter size-full wp-image-64261\" src=\"http:\/\/digital58.com.ve\/site\/wp-content\/uploads\/2017\/05\/shutterstock_128344397-copia.jpg\" alt=\"\" width=\"1500\" height=\"931\" srcset=\"https:\/\/digital58.com.ve\/site\/wp-content\/uploads\/2017\/05\/shutterstock_128344397-copia.jpg 800w, https:\/\/digital58.com.ve\/site\/wp-content\/uploads\/2017\/05\/shutterstock_128344397-copia-300x186.jpg 300w, https:\/\/digital58.com.ve\/site\/wp-content\/uploads\/2017\/05\/shutterstock_128344397-copia-768x477.jpg 768w, https:\/\/digital58.com.ve\/site\/wp-content\/uploads\/2017\/05\/shutterstock_128344397-copia-1500x931.jpg 1500w\" sizes=\"auto, (max-width: 1500px) 100vw, 1500px\" \/><\/p>\n<p>La Primera Dama a\u00f1adi\u00f3 que la Cumbre integrar\u00e1 charlas educativas sobre la importancia de las campa\u00f1as educativas y los esfuerzos de colaboraci\u00f3n, orientaciones para solicitar y administrar correctamente fondos federales destinados a la protecci\u00f3n de animales; y los beneficios de establecer un Registro de Mascotas para la protecci\u00f3n de las mismas.<\/p>\n<p>Uno de los temas m\u00e1s importantes a discutirse es el de las enmiendas propuestas a la Ley 154, lenguaje que Rossell\u00f3 trabaj\u00f3 desde su oficina con l\u00edderes en el campo del bienestar de los animales.<\/p>\n<p>Para Rossell\u00f3 es importante darle garras a esta ley, enmendar el lenguaje para asegurar su cumplimiento y modificar el tema de multas y sentencias de c\u00e1rcel por maltrato animal.<\/p><div class=\"gljra69f38e2b9f4d8\" ><p style=\"text-align: center;\"><a href=\"https:\/\/t.me\/noticiasdigital58\" target=\"_blank\" rel=\"noopener\"><img class=\"aligncenter size-full wp-image-125363\" src=\"https:\/\/digital58.com.ve\/site\/wp-content\/uploads\/2021\/04\/banner-telegram-web-2021.png\" alt=\"\" width=\"600\" height=\"90\" \/><\/a><\/p><\/div><style type=\"text\/css\">\r\n@media screen and (min-width: 1201px) {\r\n.gljra69f38e2b9f4d8 {\r\ndisplay: block;\r\n}\r\n}\r\n@media screen and (min-width: 993px) and (max-width: 1200px) {\r\n.gljra69f38e2b9f4d8 {\r\ndisplay: block;\r\n}\r\n}\r\n@media screen and (min-width: 769px) and (max-width: 992px) {\r\n.gljra69f38e2b9f4d8 {\r\ndisplay: block;\r\n}\r\n}\r\n@media screen and (min-width: 768px) and (max-width: 768px) {\r\n.gljra69f38e2b9f4d8 {\r\ndisplay: block;\r\n}\r\n}\r\n@media screen and (max-width: 767px) {\r\n.gljra69f38e2b9f4d8 {\r\ndisplay: block;\r\n}\r\n}\r\n<\/style>\r\n\n<p><strong>Redacci\u00f3n: Agencias<\/strong><br \/>\n<strong>Edici\u00f3n: Carre\u00f1o, Reina<\/strong><br \/>\n<strong>Fotos: Google<\/strong><\/p>\n<div style=\"margin-top: 0px; margin-bottom: 0px;\" class=\"sharethis-inline-share-buttons\" ><\/div>","protected":false},"excerpt":{"rendered":"<p>La \u00abPrimera Cumbre por el Bienestar de los Animales\u00bb se realizar\u00e1 en Puerto Rico el pr\u00f3ximo 31 de mayo, con<\/p>\n","protected":false},"author":1,"featured_media":64262,"comment_status":"open","ping_status":"closed","sticky":false,"template":"","format":"standard","meta":{"colormag_page_container_layout":"default_layout","colormag_page_sidebar_layout":"default_layout","_uag_custom_page_level_css":"","footnotes":""},"categories":[5407],"tags":[3209,7395,615,6675,2350],"class_list":["post-64259","post","type-post","status-publish","format-standard","has-post-thumbnail","hentry","category-natura","tag-animales","tag-cumbre-por-el-bienestar-de-las-mascotas","tag-mascotas","tag-proteccion","tag-puerto-rico"],"yoast_head":"<!-- This site is optimized with the Yoast SEO plugin v27.5 - https:\/\/yoast.com\/product\/yoast-seo-wordpress\/ -->\n<title>Realizar\u00e1n la \u00abPrimera Cumbre por el Bienestar de los Animales\u00bb<\/title>\n<meta name=\"robots\" content=\"index, follow, max-snippet:-1, max-image-preview:large, max-video-preview:-1\" \/>\n<link rel=\"canonical\" href=\"https:\/\/digital58.com.ve\/site\/2017\/05\/22\/realizaran-la-primera-cumbre-por-el-bienestar-de-los-animales\/\" \/>\n<meta property=\"og:locale\" content=\"es_ES\" \/>\n<meta property=\"og:type\" content=\"article\" \/>\n<meta property=\"og:title\" content=\"Realizar\u00e1n la \u00abPrimera Cumbre por el Bienestar de los Animales\u00bb\" \/>\n<meta property=\"og:url\" content=\"https:\/\/digital58.com.ve\/site\/2017\/05\/22\/realizaran-la-primera-cumbre-por-el-bienestar-de-los-animales\/\" \/>\n<meta property=\"og:site_name\" content=\"Noticias Digital58\" \/>\n<meta property=\"article:published_time\" content=\"2017-05-23T02:19:47+00:00\" \/>\n<meta property=\"og:image\" content=\"https:\/\/digital58.com.ve\/site\/wp-content\/uploads\/2017\/05\/undefined-5-1200x800.jpg\" \/>\n\t<meta property=\"og:image:width\" content=\"1500\" \/>\n\t<meta property=\"og:image:height\" content=\"1000\" \/>\n\t<meta property=\"og:image:type\" content=\"image\/jpeg\" \/>\n<meta name=\"author\" content=\"Villasmil Henry\" \/>\n<meta name=\"twitter:card\" content=\"summary_large_image\" \/>\n<meta name=\"twitter:creator\" content=\"@https:\/\/twitter.com\/villasmilhfoto\" \/>\n<meta name=\"twitter:site\" content=\"@villasmilhfoto\" \/>\n<meta name=\"twitter:label1\" content=\"Escrito por\" \/>\n\t<meta name=\"twitter:data1\" content=\"Villasmil Henry\" \/>\n\t<meta name=\"twitter:label2\" content=\"Tiempo estimado de lectura\" \/>\n\t<meta name=\"twitter:data2\" content=\"2 minutos\" \/>\n<script type=\"application\/ld+json\" class=\"yoast-schema-graph\">{\"@context\":\"https:\\\/\\\/schema.org\",\"@graph\":[{\"@type\":\"Article\",\"@id\":\"https:\\\/\\\/digital58.com.ve\\\/site\\\/2017\\\/05\\\/22\\\/realizaran-la-primera-cumbre-por-el-bienestar-de-los-animales\\\/#article\",\"isPartOf\":{\"@id\":\"https:\\\/\\\/digital58.com.ve\\\/site\\\/2017\\\/05\\\/22\\\/realizaran-la-primera-cumbre-por-el-bienestar-de-los-animales\\\/\"},\"author\":{\"name\":\"Villasmil Henry\",\"@id\":\"https:\\\/\\\/digital58.com.ve\\\/site\\\/#\\\/schema\\\/person\\\/64d1c2e4d0d4fd1b849980c4331c2951\"},\"headline\":\"Realizar\u00e1n la \u00abPrimera Cumbre por el Bienestar de los Animales\u00bb\",\"datePublished\":\"2017-05-23T02:19:47+00:00\",\"mainEntityOfPage\":{\"@id\":\"https:\\\/\\\/digital58.com.ve\\\/site\\\/2017\\\/05\\\/22\\\/realizaran-la-primera-cumbre-por-el-bienestar-de-los-animales\\\/\"},\"wordCount\":424,\"commentCount\":0,\"publisher\":{\"@id\":\"https:\\\/\\\/digital58.com.ve\\\/site\\\/#\\\/schema\\\/person\\\/64d1c2e4d0d4fd1b849980c4331c2951\"},\"image\":{\"@id\":\"https:\\\/\\\/digital58.com.ve\\\/site\\\/2017\\\/05\\\/22\\\/realizaran-la-primera-cumbre-por-el-bienestar-de-los-animales\\\/#primaryimage\"},\"thumbnailUrl\":\"https:\\\/\\\/digital58.com.ve\\\/site\\\/wp-content\\\/uploads\\\/2017\\\/05\\\/undefined-5-1200x800.jpg\",\"keywords\":[\"Animales\",\"Cumbre por el Bienestar de las Mascotas\",\"Mascotas\",\"Protecci\u00f3n\",\"Puerto rico\"],\"articleSection\":[\"Natura\"],\"inLanguage\":\"es\",\"potentialAction\":[{\"@type\":\"CommentAction\",\"name\":\"Comment\",\"target\":[\"https:\\\/\\\/digital58.com.ve\\\/site\\\/2017\\\/05\\\/22\\\/realizaran-la-primera-cumbre-por-el-bienestar-de-los-animales\\\/#respond\"]}]},{\"@type\":\"WebPage\",\"@id\":\"https:\\\/\\\/digital58.com.ve\\\/site\\\/2017\\\/05\\\/22\\\/realizaran-la-primera-cumbre-por-el-bienestar-de-los-animales\\\/\",\"url\":\"https:\\\/\\\/digital58.com.ve\\\/site\\\/2017\\\/05\\\/22\\\/realizaran-la-primera-cumbre-por-el-bienestar-de-los-animales\\\/\",\"name\":\"Realizar\u00e1n la \u00abPrimera Cumbre por el Bienestar de los Animales\u00bb\",\"isPartOf\":{\"@id\":\"https:\\\/\\\/digital58.com.ve\\\/site\\\/#website\"},\"primaryImageOfPage\":{\"@id\":\"https:\\\/\\\/digital58.com.ve\\\/site\\\/2017\\\/05\\\/22\\\/realizaran-la-primera-cumbre-por-el-bienestar-de-los-animales\\\/#primaryimage\"},\"image\":{\"@id\":\"https:\\\/\\\/digital58.com.ve\\\/site\\\/2017\\\/05\\\/22\\\/realizaran-la-primera-cumbre-por-el-bienestar-de-los-animales\\\/#primaryimage\"},\"thumbnailUrl\":\"https:\\\/\\\/digital58.com.ve\\\/site\\\/wp-content\\\/uploads\\\/2017\\\/05\\\/undefined-5-1200x800.jpg\",\"datePublished\":\"2017-05-23T02:19:47+00:00\",\"breadcrumb\":{\"@id\":\"https:\\\/\\\/digital58.com.ve\\\/site\\\/2017\\\/05\\\/22\\\/realizaran-la-primera-cumbre-por-el-bienestar-de-los-animales\\\/#breadcrumb\"},\"inLanguage\":\"es\",\"potentialAction\":[{\"@type\":\"ReadAction\",\"target\":[\"https:\\\/\\\/digital58.com.ve\\\/site\\\/2017\\\/05\\\/22\\\/realizaran-la-primera-cumbre-por-el-bienestar-de-los-animales\\\/\"]}]},{\"@type\":\"ImageObject\",\"inLanguage\":\"es\",\"@id\":\"https:\\\/\\\/digital58.com.ve\\\/site\\\/2017\\\/05\\\/22\\\/realizaran-la-primera-cumbre-por-el-bienestar-de-los-animales\\\/#primaryimage\",\"url\":\"https:\\\/\\\/digital58.com.ve\\\/site\\\/wp-content\\\/uploads\\\/2017\\\/05\\\/undefined-5-1200x800.jpg\",\"contentUrl\":\"https:\\\/\\\/digital58.com.ve\\\/site\\\/wp-content\\\/uploads\\\/2017\\\/05\\\/undefined-5-1200x800.jpg\",\"width\":800,\"height\":533},{\"@type\":\"BreadcrumbList\",\"@id\":\"https:\\\/\\\/digital58.com.ve\\\/site\\\/2017\\\/05\\\/22\\\/realizaran-la-primera-cumbre-por-el-bienestar-de-los-animales\\\/#breadcrumb\",\"itemListElement\":[{\"@type\":\"ListItem\",\"position\":1,\"name\":\"Home\",\"item\":\"https:\\\/\\\/digital58.com.ve\\\/site\\\/\"},{\"@type\":\"ListItem\",\"position\":2,\"name\":\"Realizar\u00e1n la \u00abPrimera Cumbre por el Bienestar de los Animales\u00bb\"}]},{\"@type\":\"WebSite\",\"@id\":\"https:\\\/\\\/digital58.com.ve\\\/site\\\/#website\",\"url\":\"https:\\\/\\\/digital58.com.ve\\\/site\\\/\",\"name\":\"Noticias Digital58\",\"description\":\"Portal de Noticias \u00a1Periodismo web de verdad! Lanzamiento web 22.11.2005 \\\/ Maracaibo, Venezuela\",\"publisher\":{\"@id\":\"https:\\\/\\\/digital58.com.ve\\\/site\\\/#\\\/schema\\\/person\\\/64d1c2e4d0d4fd1b849980c4331c2951\"},\"alternateName\":\"ND58\",\"potentialAction\":[{\"@type\":\"SearchAction\",\"target\":{\"@type\":\"EntryPoint\",\"urlTemplate\":\"https:\\\/\\\/digital58.com.ve\\\/site\\\/?s={search_term_string}\"},\"query-input\":{\"@type\":\"PropertyValueSpecification\",\"valueRequired\":true,\"valueName\":\"search_term_string\"}}],\"inLanguage\":\"es\"},{\"@type\":[\"Person\",\"Organization\"],\"@id\":\"https:\\\/\\\/digital58.com.ve\\\/site\\\/#\\\/schema\\\/person\\\/64d1c2e4d0d4fd1b849980c4331c2951\",\"name\":\"Villasmil Henry\",\"image\":{\"@type\":\"ImageObject\",\"inLanguage\":\"es\",\"@id\":\"https:\\\/\\\/secure.gravatar.com\\\/avatar\\\/bb0c4a2fcb7970138239f7e404ea75757b1b507b28b5ce4c53fbd62d797c5a7c?s=96&d=mm&r=g\",\"url\":\"https:\\\/\\\/secure.gravatar.com\\\/avatar\\\/bb0c4a2fcb7970138239f7e404ea75757b1b507b28b5ce4c53fbd62d797c5a7c?s=96&d=mm&r=g\",\"contentUrl\":\"https:\\\/\\\/secure.gravatar.com\\\/avatar\\\/bb0c4a2fcb7970138239f7e404ea75757b1b507b28b5ce4c53fbd62d797c5a7c?s=96&d=mm&r=g\",\"caption\":\"Villasmil Henry\"},\"logo\":{\"@id\":\"https:\\\/\\\/secure.gravatar.com\\\/avatar\\\/bb0c4a2fcb7970138239f7e404ea75757b1b507b28b5ce4c53fbd62d797c5a7c?s=96&d=mm&r=g\"},\"sameAs\":[\"http:\\\/\\\/www.henryvillasmil.com.ve\",\"https:\\\/\\\/www.instagram.com\\\/villasmilhfoto\\\/\",\"https:\\\/\\\/x.com\\\/https:\\\/\\\/twitter.com\\\/villasmilhfoto\"],\"url\":\"https:\\\/\\\/digital58.com.ve\\\/site\\\/author\\\/droopy_68\\\/\"}]}<\/script>\n<!-- \/ Yoast SEO plugin. -->","yoast_head_json":{"title":"Realizar\u00e1n la \u00abPrimera Cumbre por el Bienestar de los Animales\u00bb","robots":{"index":"index","follow":"follow","max-snippet":"max-snippet:-1","max-image-preview":"max-image-preview:large","max-video-preview":"max-video-preview:-1"},"canonical":"https:\/\/digital58.com.ve\/site\/2017\/05\/22\/realizaran-la-primera-cumbre-por-el-bienestar-de-los-animales\/","og_locale":"es_ES","og_type":"article","og_title":"Realizar\u00e1n la \u00abPrimera Cumbre por el Bienestar de los Animales\u00bb","og_url":"https:\/\/digital58.com.ve\/site\/2017\/05\/22\/realizaran-la-primera-cumbre-por-el-bienestar-de-los-animales\/","og_site_name":"Noticias Digital58","article_published_time":"2017-05-23T02:19:47+00:00","og_image":[{"width":1500,"height":1000,"url":"https:\/\/digital58.com.ve\/site\/wp-content\/uploads\/2017\/05\/undefined-5-1200x800.jpg","type":"image\/jpeg"}],"author":"Villasmil Henry","twitter_card":"summary_large_image","twitter_creator":"@https:\/\/twitter.com\/villasmilhfoto","twitter_site":"@villasmilhfoto","twitter_misc":{"Escrito por":"Villasmil Henry","Tiempo estimado de lectura":"2 minutos"},"schema":{"@context":"https:\/\/schema.org","@graph":[{"@type":"Article","@id":"https:\/\/digital58.com.ve\/site\/2017\/05\/22\/realizaran-la-primera-cumbre-por-el-bienestar-de-los-animales\/#article","isPartOf":{"@id":"https:\/\/digital58.com.ve\/site\/2017\/05\/22\/realizaran-la-primera-cumbre-por-el-bienestar-de-los-animales\/"},"author":{"name":"Villasmil Henry","@id":"https:\/\/digital58.com.ve\/site\/#\/schema\/person\/64d1c2e4d0d4fd1b849980c4331c2951"},"headline":"Realizar\u00e1n la \u00abPrimera Cumbre por el Bienestar de los Animales\u00bb","datePublished":"2017-05-23T02:19:47+00:00","mainEntityOfPage":{"@id":"https:\/\/digital58.com.ve\/site\/2017\/05\/22\/realizaran-la-primera-cumbre-por-el-bienestar-de-los-animales\/"},"wordCount":424,"commentCount":0,"publisher":{"@id":"https:\/\/digital58.com.ve\/site\/#\/schema\/person\/64d1c2e4d0d4fd1b849980c4331c2951"},"image":{"@id":"https:\/\/digital58.com.ve\/site\/2017\/05\/22\/realizaran-la-primera-cumbre-por-el-bienestar-de-los-animales\/#primaryimage"},"thumbnailUrl":"https:\/\/digital58.com.ve\/site\/wp-content\/uploads\/2017\/05\/undefined-5-1200x800.jpg","keywords":["Animales","Cumbre por el Bienestar de las Mascotas","Mascotas","Protecci\u00f3n","Puerto rico"],"articleSection":["Natura"],"inLanguage":"es","potentialAction":[{"@type":"CommentAction","name":"Comment","target":["https:\/\/digital58.com.ve\/site\/2017\/05\/22\/realizaran-la-primera-cumbre-por-el-bienestar-de-los-animales\/#respond"]}]},{"@type":"WebPage","@id":"https:\/\/digital58.com.ve\/site\/2017\/05\/22\/realizaran-la-primera-cumbre-por-el-bienestar-de-los-animales\/","url":"https:\/\/digital58.com.ve\/site\/2017\/05\/22\/realizaran-la-primera-cumbre-por-el-bienestar-de-los-animales\/","name":"Realizar\u00e1n la \u00abPrimera Cumbre por el Bienestar de los Animales\u00bb","isPartOf":{"@id":"https:\/\/digital58.com.ve\/site\/#website"},"primaryImageOfPage":{"@id":"https:\/\/digital58.com.ve\/site\/2017\/05\/22\/realizaran-la-primera-cumbre-por-el-bienestar-de-los-animales\/#primaryimage"},"image":{"@id":"https:\/\/digital58.com.ve\/site\/2017\/05\/22\/realizaran-la-primera-cumbre-por-el-bienestar-de-los-animales\/#primaryimage"},"thumbnailUrl":"https:\/\/digital58.com.ve\/site\/wp-content\/uploads\/2017\/05\/undefined-5-1200x800.jpg","datePublished":"2017-05-23T02:19:47+00:00","breadcrumb":{"@id":"https:\/\/digital58.com.ve\/site\/2017\/05\/22\/realizaran-la-primera-cumbre-por-el-bienestar-de-los-animales\/#breadcrumb"},"inLanguage":"es","potentialAction":[{"@type":"ReadAction","target":["https:\/\/digital58.com.ve\/site\/2017\/05\/22\/realizaran-la-primera-cumbre-por-el-bienestar-de-los-animales\/"]}]},{"@type":"ImageObject","inLanguage":"es","@id":"https:\/\/digital58.com.ve\/site\/2017\/05\/22\/realizaran-la-primera-cumbre-por-el-bienestar-de-los-animales\/#primaryimage","url":"https:\/\/digital58.com.ve\/site\/wp-content\/uploads\/2017\/05\/undefined-5-1200x800.jpg","contentUrl":"https:\/\/digital58.com.ve\/site\/wp-content\/uploads\/2017\/05\/undefined-5-1200x800.jpg","width":800,"height":533},{"@type":"BreadcrumbList","@id":"https:\/\/digital58.com.ve\/site\/2017\/05\/22\/realizaran-la-primera-cumbre-por-el-bienestar-de-los-animales\/#breadcrumb","itemListElement":[{"@type":"ListItem","position":1,"name":"Home","item":"https:\/\/digital58.com.ve\/site\/"},{"@type":"ListItem","position":2,"name":"Realizar\u00e1n la \u00abPrimera Cumbre por el Bienestar de los Animales\u00bb"}]},{"@type":"WebSite","@id":"https:\/\/digital58.com.ve\/site\/#website","url":"https:\/\/digital58.com.ve\/site\/","name":"Noticias Digital58","description":"Portal de Noticias \u00a1Periodismo web de verdad! Lanzamiento web 22.11.2005 \/ Maracaibo, Venezuela","publisher":{"@id":"https:\/\/digital58.com.ve\/site\/#\/schema\/person\/64d1c2e4d0d4fd1b849980c4331c2951"},"alternateName":"ND58","potentialAction":[{"@type":"SearchAction","target":{"@type":"EntryPoint","urlTemplate":"https:\/\/digital58.com.ve\/site\/?s={search_term_string}"},"query-input":{"@type":"PropertyValueSpecification","valueRequired":true,"valueName":"search_term_string"}}],"inLanguage":"es"},{"@type":["Person","Organization"],"@id":"https:\/\/digital58.com.ve\/site\/#\/schema\/person\/64d1c2e4d0d4fd1b849980c4331c2951","name":"Villasmil Henry","image":{"@type":"ImageObject","inLanguage":"es","@id":"https:\/\/secure.gravatar.com\/avatar\/bb0c4a2fcb7970138239f7e404ea75757b1b507b28b5ce4c53fbd62d797c5a7c?s=96&d=mm&r=g","url":"https:\/\/secure.gravatar.com\/avatar\/bb0c4a2fcb7970138239f7e404ea75757b1b507b28b5ce4c53fbd62d797c5a7c?s=96&d=mm&r=g","contentUrl":"https:\/\/secure.gravatar.com\/avatar\/bb0c4a2fcb7970138239f7e404ea75757b1b507b28b5ce4c53fbd62d797c5a7c?s=96&d=mm&r=g","caption":"Villasmil Henry"},"logo":{"@id":"https:\/\/secure.gravatar.com\/avatar\/bb0c4a2fcb7970138239f7e404ea75757b1b507b28b5ce4c53fbd62d797c5a7c?s=96&d=mm&r=g"},"sameAs":["http:\/\/www.henryvillasmil.com.ve","https:\/\/www.instagram.com\/villasmilhfoto\/","https:\/\/x.com\/https:\/\/twitter.com\/villasmilhfoto"],"url":"https:\/\/digital58.com.ve\/site\/author\/droopy_68\/"}]}},"uagb_featured_image_src":{"full":["https:\/\/digital58.com.ve\/site\/wp-content\/uploads\/2017\/05\/undefined-5-1200x800.jpg",800,533,false],"thumbnail":["https:\/\/digital58.com.ve\/site\/wp-content\/uploads\/2017\/05\/undefined-5-1200x800-150x150.jpg",150,150,true],"medium":["https:\/\/digital58.com.ve\/site\/wp-content\/uploads\/2017\/05\/undefined-5-1200x800-300x200.jpg",300,200,true],"medium_large":["https:\/\/digital58.com.ve\/site\/wp-content\/uploads\/2017\/05\/undefined-5-1200x800-768x512.jpg",768,512,true],"large":["https:\/\/digital58.com.ve\/site\/wp-content\/uploads\/2017\/05\/undefined-5-1200x800-1500x1000.jpg",800,533,true],"1536x1536":["https:\/\/digital58.com.ve\/site\/wp-content\/uploads\/2017\/05\/undefined-5-1200x800.jpg",800,533,false],"2048x2048":["https:\/\/digital58.com.ve\/site\/wp-content\/uploads\/2017\/05\/undefined-5-1200x800.jpg",800,533,false],"colormag-highlighted-post":["https:\/\/digital58.com.ve\/site\/wp-content\/uploads\/2017\/05\/undefined-5-1200x800.jpg",392,261,false],"colormag-featured-post-medium":["https:\/\/digital58.com.ve\/site\/wp-content\/uploads\/2017\/05\/undefined-5-1200x800.jpg",308,205,false],"colormag-featured-post-small":["https:\/\/digital58.com.ve\/site\/wp-content\/uploads\/2017\/05\/undefined-5-1200x800.jpg",130,87,false],"colormag-featured-image":["https:\/\/digital58.com.ve\/site\/wp-content\/uploads\/2017\/05\/undefined-5-1200x800.jpg",668,445,false],"colormag-default-news":["https:\/\/digital58.com.ve\/site\/wp-content\/uploads\/2017\/05\/undefined-5-1200x800.jpg",150,100,false],"colormag-featured-image-large":["https:\/\/digital58.com.ve\/site\/wp-content\/uploads\/2017\/05\/undefined-5-1200x800.jpg",800,533,false]},"uagb_author_info":{"display_name":"Villasmil Henry","author_link":"https:\/\/digital58.com.ve\/site\/author\/droopy_68\/"},"uagb_comment_info":0,"uagb_excerpt":"La \u00abPrimera Cumbre por el Bienestar de los Animales\u00bb se realizar\u00e1 en Puerto Rico el pr\u00f3ximo 31 de mayo, con","_links":{"self":[{"href":"https:\/\/digital58.com.ve\/site\/wp-json\/wp\/v2\/posts\/64259","targetHints":{"allow":["GET"]}}],"collection":[{"href":"https:\/\/digital58.com.ve\/site\/wp-json\/wp\/v2\/posts"}],"about":[{"href":"https:\/\/digital58.com.ve\/site\/wp-json\/wp\/v2\/types\/post"}],"author":[{"embeddable":true,"href":"https:\/\/digital58.com.ve\/site\/wp-json\/wp\/v2\/users\/1"}],"replies":[{"embeddable":true,"href":"https:\/\/digital58.com.ve\/site\/wp-json\/wp\/v2\/comments?post=64259"}],"version-history":[{"count":0,"href":"https:\/\/digital58.com.ve\/site\/wp-json\/wp\/v2\/posts\/64259\/revisions"}],"wp:featuredmedia":[{"embeddable":true,"href":"https:\/\/digital58.com.ve\/site\/wp-json\/wp\/v2\/media\/64262"}],"wp:attachment":[{"href":"https:\/\/digital58.com.ve\/site\/wp-json\/wp\/v2\/media?parent=64259"}],"wp:term":[{"taxonomy":"category","embeddable":true,"href":"https:\/\/digital58.com.ve\/site\/wp-json\/wp\/v2\/categories?post=64259"},{"taxonomy":"post_tag","embeddable":true,"href":"https:\/\/digital58.com.ve\/site\/wp-json\/wp\/v2\/tags?post=64259"}],"curies":[{"name":"wp","href":"https:\/\/api.w.org\/{rel}","templated":true}]}}