{"id":65268,"date":"2017-06-06T17:16:44","date_gmt":"2017-06-06T21:16:44","guid":{"rendered":"http:\/\/digital58.com.ve\/site\/?p=65268"},"modified":"2017-06-06T17:16:44","modified_gmt":"2017-06-06T21:16:44","slug":"luis-luna-obtiene-titulo-como-contrabajista-profesional","status":"publish","type":"post","link":"https:\/\/digital58.com.ve\/site\/2017\/06\/06\/luis-luna-obtiene-titulo-como-contrabajista-profesional\/","title":{"rendered":"Luis Luna obtiene t\u00edtulo como contrabajista profesional"},"content":{"rendered":"<p><img loading=\"lazy\" decoding=\"async\" class=\"aligncenter size-full wp-image-65269\" src=\"http:\/\/digital58.com.ve\/site\/wp-content\/uploads\/2017\/06\/Luis-Luna-1.jpg\" alt=\"\" width=\"1500\" height=\"1317\" srcset=\"https:\/\/digital58.com.ve\/site\/wp-content\/uploads\/2017\/06\/Luis-Luna-1.jpg 683w, https:\/\/digital58.com.ve\/site\/wp-content\/uploads\/2017\/06\/Luis-Luna-1-300x263.jpg 300w, https:\/\/digital58.com.ve\/site\/wp-content\/uploads\/2017\/06\/Luis-Luna-1-768x674.jpg 768w, https:\/\/digital58.com.ve\/site\/wp-content\/uploads\/2017\/06\/Luis-Luna-1-1166x1024.jpg 1166w\" sizes=\"auto, (max-width: 1500px) 100vw, 1500px\" \/><br \/>\nEl m\u00fasico venezolano parte de la fila de la Orquesta Sinf\u00f3nica Teresa Carre\u00f1o y ha sido dos veces ganador del Premio Mara de Oro.<\/p>\n<p><strong>Caracas, DC, Venezuela, 06 de junio de 2017 (D58).-<\/strong> Luis Luna acaba de obtener su t\u00edtulo como contrabajista profesional de la Orquesta Sinf\u00f3nica Teresa Carre\u00f1o, luego de haber participado en una dif\u00edcil audici\u00f3n que convirti\u00f3 a los integrantes de la Sinf\u00f3nica Juvenil Teresa Carre\u00f1o en m\u00fasicos profesionales y profesores de esta nueva etapa de la orquesta.<\/p>\n<p>El caraque\u00f1o es parte de El Sistema desde los seis a\u00f1os de edad, cuando comenz\u00f3 sus clases en el N\u00facleo Infantil de Montalb\u00e1n. Desde entonces pas\u00f3 por la Academia Bach de Venezuela, Orquesta Beethoven, la Orquesta Sinf\u00f3nica Infantil de Caracas y la Sinf\u00f3nica Nacional Infantil de Venezuela hasta 2007, cuando present\u00f3 audiciones para ser Asistente en la Fila de Contrabajo de la Sinf\u00f3nica Juvenil Teresa Carre\u00f1o.<\/p>\n<p>Como m\u00fasico independiente, Luna fue invitado por el maestro Alessandro Serra para ver clases magistrales en Mil\u00e1n y el maestro Enrico Fagone en Lugano, Suiza.<\/p>\n<p>En Venezuela, su trabajo fue galardonado en dos oportunidades con el Premio Mara de Oro, al Mejor Contrabajista Cl\u00e1sico (2011) y a la Mejor Interpretaci\u00f3n del Concierto de Contrabajo Carl Ditters von Dittesdorf (2013).<\/p>\n<p>El contrabajista tuvo una participaci\u00f3n especial en los conciertos del 41 aniversario de El Sistema con la Orquesta Sinf\u00f3nica Teresa Carre\u00f1o, entre los que se programaron Lavoe Sinf\u00f3nico, un homenaje a H\u00e9ctor Lavoe, y Sinfon\u00eda de Paz, un concierto de Ga\u00e9lica. Ambos tuvieron lugar en el Teatro Teresa Carre\u00f1o a finales de 2016, con boleter\u00eda agotada, y fueron dirigidos por Christian V\u00e1zquez.<\/p><div class=\"lrgcg69f31c99904b1\" ><p style=\"text-align: center;\"><a href=\"https:\/\/t.me\/noticiasdigital58\" target=\"_blank\" rel=\"noopener\"><img class=\"aligncenter size-full wp-image-125363\" src=\"https:\/\/digital58.com.ve\/site\/wp-content\/uploads\/2021\/04\/banner-telegram-web-2021.png\" alt=\"\" width=\"600\" height=\"90\" \/><\/a><\/p><\/div><style type=\"text\/css\">\r\n@media screen and (min-width: 1201px) {\r\n.lrgcg69f31c99904b1 {\r\ndisplay: block;\r\n}\r\n}\r\n@media screen and (min-width: 993px) and (max-width: 1200px) {\r\n.lrgcg69f31c99904b1 {\r\ndisplay: block;\r\n}\r\n}\r\n@media screen and (min-width: 769px) and (max-width: 992px) {\r\n.lrgcg69f31c99904b1 {\r\ndisplay: block;\r\n}\r\n}\r\n@media screen and (min-width: 768px) and (max-width: 768px) {\r\n.lrgcg69f31c99904b1 {\r\ndisplay: block;\r\n}\r\n}\r\n@media screen and (max-width: 767px) {\r\n.lrgcg69f31c99904b1 {\r\ndisplay: block;\r\n}\r\n}\r\n<\/style>\r\n\n<p><strong>Redacci\u00f3n: Agencias<\/strong><br \/>\n<strong>Edici\u00f3n: Carre\u00f1o, Reina<\/strong><br \/>\n<strong>Fotos: Google<\/strong><\/p>\n<div style=\"margin-top: 0px; margin-bottom: 0px;\" class=\"sharethis-inline-share-buttons\" ><\/div>","protected":false},"excerpt":{"rendered":"<p>El m\u00fasico venezolano parte de la fila de la Orquesta Sinf\u00f3nica Teresa Carre\u00f1o y ha sido dos veces ganador del<\/p>\n","protected":false},"author":1,"featured_media":65269,"comment_status":"open","ping_status":"closed","sticky":false,"template":"","format":"standard","meta":{"colormag_page_container_layout":"default_layout","colormag_page_sidebar_layout":"default_layout","_uag_custom_page_level_css":"","footnotes":""},"categories":[5414],"tags":[7751,1862,7750,6234],"class_list":["post-65268","post","type-post","status-publish","format-standard","has-post-thumbnail","hentry","category-talento_nacional","tag-contrabajista","tag-el-sistema","tag-luis-luna","tag-orquesta-sinfonica-teresa-carreno"],"yoast_head":"<!-- This site is optimized with the Yoast SEO plugin v27.5 - https:\/\/yoast.com\/product\/yoast-seo-wordpress\/ -->\n<title>Luis Luna obtiene t\u00edtulo como contrabajista profesional<\/title>\n<meta name=\"robots\" content=\"index, follow, max-snippet:-1, max-image-preview:large, max-video-preview:-1\" \/>\n<link rel=\"canonical\" href=\"https:\/\/digital58.com.ve\/site\/2017\/06\/06\/luis-luna-obtiene-titulo-como-contrabajista-profesional\/\" \/>\n<meta property=\"og:locale\" content=\"es_ES\" \/>\n<meta property=\"og:type\" content=\"article\" \/>\n<meta property=\"og:title\" content=\"Luis Luna obtiene t\u00edtulo como contrabajista profesional\" \/>\n<meta property=\"og:url\" content=\"https:\/\/digital58.com.ve\/site\/2017\/06\/06\/luis-luna-obtiene-titulo-como-contrabajista-profesional\/\" \/>\n<meta property=\"og:site_name\" content=\"Noticias Digital58\" \/>\n<meta property=\"article:published_time\" content=\"2017-06-06T21:16:44+00:00\" \/>\n<meta property=\"og:image\" content=\"https:\/\/digital58.com.ve\/site\/wp-content\/uploads\/2017\/06\/Luis-Luna-1.jpg\" \/>\n\t<meta property=\"og:image:width\" content=\"1500\" \/>\n\t<meta property=\"og:image:height\" content=\"1317\" \/>\n\t<meta property=\"og:image:type\" content=\"image\/jpeg\" \/>\n<meta name=\"author\" content=\"Villasmil Henry\" \/>\n<meta name=\"twitter:card\" content=\"summary_large_image\" \/>\n<meta name=\"twitter:creator\" content=\"@https:\/\/twitter.com\/villasmilhfoto\" \/>\n<meta name=\"twitter:site\" content=\"@villasmilhfoto\" \/>\n<meta name=\"twitter:label1\" content=\"Escrito por\" \/>\n\t<meta name=\"twitter:data1\" content=\"Villasmil Henry\" \/>\n\t<meta name=\"twitter:label2\" content=\"Tiempo estimado de lectura\" \/>\n\t<meta name=\"twitter:data2\" content=\"2 minutos\" \/>\n<script type=\"application\/ld+json\" class=\"yoast-schema-graph\">{\"@context\":\"https:\\\/\\\/schema.org\",\"@graph\":[{\"@type\":\"Article\",\"@id\":\"https:\\\/\\\/digital58.com.ve\\\/site\\\/2017\\\/06\\\/06\\\/luis-luna-obtiene-titulo-como-contrabajista-profesional\\\/#article\",\"isPartOf\":{\"@id\":\"https:\\\/\\\/digital58.com.ve\\\/site\\\/2017\\\/06\\\/06\\\/luis-luna-obtiene-titulo-como-contrabajista-profesional\\\/\"},\"author\":{\"name\":\"Villasmil Henry\",\"@id\":\"https:\\\/\\\/digital58.com.ve\\\/site\\\/#\\\/schema\\\/person\\\/64d1c2e4d0d4fd1b849980c4331c2951\"},\"headline\":\"Luis Luna obtiene t\u00edtulo como contrabajista profesional\",\"datePublished\":\"2017-06-06T21:16:44+00:00\",\"mainEntityOfPage\":{\"@id\":\"https:\\\/\\\/digital58.com.ve\\\/site\\\/2017\\\/06\\\/06\\\/luis-luna-obtiene-titulo-como-contrabajista-profesional\\\/\"},\"wordCount\":312,\"commentCount\":0,\"publisher\":{\"@id\":\"https:\\\/\\\/digital58.com.ve\\\/site\\\/#\\\/schema\\\/person\\\/64d1c2e4d0d4fd1b849980c4331c2951\"},\"image\":{\"@id\":\"https:\\\/\\\/digital58.com.ve\\\/site\\\/2017\\\/06\\\/06\\\/luis-luna-obtiene-titulo-como-contrabajista-profesional\\\/#primaryimage\"},\"thumbnailUrl\":\"https:\\\/\\\/digital58.com.ve\\\/site\\\/wp-content\\\/uploads\\\/2017\\\/06\\\/Luis-Luna-1.jpg\",\"keywords\":[\"Contrabajista\",\"El Sistema\",\"Luis Luna\",\"Orquesta Sinf\u00f3nica Teresa Carre\u00f1o\"],\"articleSection\":[\"Talento Nacional\"],\"inLanguage\":\"es\",\"potentialAction\":[{\"@type\":\"CommentAction\",\"name\":\"Comment\",\"target\":[\"https:\\\/\\\/digital58.com.ve\\\/site\\\/2017\\\/06\\\/06\\\/luis-luna-obtiene-titulo-como-contrabajista-profesional\\\/#respond\"]}]},{\"@type\":\"WebPage\",\"@id\":\"https:\\\/\\\/digital58.com.ve\\\/site\\\/2017\\\/06\\\/06\\\/luis-luna-obtiene-titulo-como-contrabajista-profesional\\\/\",\"url\":\"https:\\\/\\\/digital58.com.ve\\\/site\\\/2017\\\/06\\\/06\\\/luis-luna-obtiene-titulo-como-contrabajista-profesional\\\/\",\"name\":\"Luis Luna obtiene t\u00edtulo como contrabajista profesional\",\"isPartOf\":{\"@id\":\"https:\\\/\\\/digital58.com.ve\\\/site\\\/#website\"},\"primaryImageOfPage\":{\"@id\":\"https:\\\/\\\/digital58.com.ve\\\/site\\\/2017\\\/06\\\/06\\\/luis-luna-obtiene-titulo-como-contrabajista-profesional\\\/#primaryimage\"},\"image\":{\"@id\":\"https:\\\/\\\/digital58.com.ve\\\/site\\\/2017\\\/06\\\/06\\\/luis-luna-obtiene-titulo-como-contrabajista-profesional\\\/#primaryimage\"},\"thumbnailUrl\":\"https:\\\/\\\/digital58.com.ve\\\/site\\\/wp-content\\\/uploads\\\/2017\\\/06\\\/Luis-Luna-1.jpg\",\"datePublished\":\"2017-06-06T21:16:44+00:00\",\"breadcrumb\":{\"@id\":\"https:\\\/\\\/digital58.com.ve\\\/site\\\/2017\\\/06\\\/06\\\/luis-luna-obtiene-titulo-como-contrabajista-profesional\\\/#breadcrumb\"},\"inLanguage\":\"es\",\"potentialAction\":[{\"@type\":\"ReadAction\",\"target\":[\"https:\\\/\\\/digital58.com.ve\\\/site\\\/2017\\\/06\\\/06\\\/luis-luna-obtiene-titulo-como-contrabajista-profesional\\\/\"]}]},{\"@type\":\"ImageObject\",\"inLanguage\":\"es\",\"@id\":\"https:\\\/\\\/digital58.com.ve\\\/site\\\/2017\\\/06\\\/06\\\/luis-luna-obtiene-titulo-como-contrabajista-profesional\\\/#primaryimage\",\"url\":\"https:\\\/\\\/digital58.com.ve\\\/site\\\/wp-content\\\/uploads\\\/2017\\\/06\\\/Luis-Luna-1.jpg\",\"contentUrl\":\"https:\\\/\\\/digital58.com.ve\\\/site\\\/wp-content\\\/uploads\\\/2017\\\/06\\\/Luis-Luna-1.jpg\",\"width\":683,\"height\":600},{\"@type\":\"BreadcrumbList\",\"@id\":\"https:\\\/\\\/digital58.com.ve\\\/site\\\/2017\\\/06\\\/06\\\/luis-luna-obtiene-titulo-como-contrabajista-profesional\\\/#breadcrumb\",\"itemListElement\":[{\"@type\":\"ListItem\",\"position\":1,\"name\":\"Home\",\"item\":\"https:\\\/\\\/digital58.com.ve\\\/site\\\/\"},{\"@type\":\"ListItem\",\"position\":2,\"name\":\"Luis Luna obtiene t\u00edtulo como contrabajista profesional\"}]},{\"@type\":\"WebSite\",\"@id\":\"https:\\\/\\\/digital58.com.ve\\\/site\\\/#website\",\"url\":\"https:\\\/\\\/digital58.com.ve\\\/site\\\/\",\"name\":\"Noticias Digital58\",\"description\":\"Portal de Noticias \u00a1Periodismo web de verdad! Lanzamiento web 22.11.2005 \\\/ Maracaibo, Venezuela\",\"publisher\":{\"@id\":\"https:\\\/\\\/digital58.com.ve\\\/site\\\/#\\\/schema\\\/person\\\/64d1c2e4d0d4fd1b849980c4331c2951\"},\"alternateName\":\"ND58\",\"potentialAction\":[{\"@type\":\"SearchAction\",\"target\":{\"@type\":\"EntryPoint\",\"urlTemplate\":\"https:\\\/\\\/digital58.com.ve\\\/site\\\/?s={search_term_string}\"},\"query-input\":{\"@type\":\"PropertyValueSpecification\",\"valueRequired\":true,\"valueName\":\"search_term_string\"}}],\"inLanguage\":\"es\"},{\"@type\":[\"Person\",\"Organization\"],\"@id\":\"https:\\\/\\\/digital58.com.ve\\\/site\\\/#\\\/schema\\\/person\\\/64d1c2e4d0d4fd1b849980c4331c2951\",\"name\":\"Villasmil Henry\",\"image\":{\"@type\":\"ImageObject\",\"inLanguage\":\"es\",\"@id\":\"https:\\\/\\\/secure.gravatar.com\\\/avatar\\\/bb0c4a2fcb7970138239f7e404ea75757b1b507b28b5ce4c53fbd62d797c5a7c?s=96&d=mm&r=g\",\"url\":\"https:\\\/\\\/secure.gravatar.com\\\/avatar\\\/bb0c4a2fcb7970138239f7e404ea75757b1b507b28b5ce4c53fbd62d797c5a7c?s=96&d=mm&r=g\",\"contentUrl\":\"https:\\\/\\\/secure.gravatar.com\\\/avatar\\\/bb0c4a2fcb7970138239f7e404ea75757b1b507b28b5ce4c53fbd62d797c5a7c?s=96&d=mm&r=g\",\"caption\":\"Villasmil Henry\"},\"logo\":{\"@id\":\"https:\\\/\\\/secure.gravatar.com\\\/avatar\\\/bb0c4a2fcb7970138239f7e404ea75757b1b507b28b5ce4c53fbd62d797c5a7c?s=96&d=mm&r=g\"},\"sameAs\":[\"http:\\\/\\\/www.henryvillasmil.com.ve\",\"https:\\\/\\\/www.instagram.com\\\/villasmilhfoto\\\/\",\"https:\\\/\\\/x.com\\\/https:\\\/\\\/twitter.com\\\/villasmilhfoto\"],\"url\":\"https:\\\/\\\/digital58.com.ve\\\/site\\\/author\\\/droopy_68\\\/\"}]}<\/script>\n<!-- \/ Yoast SEO plugin. -->","yoast_head_json":{"title":"Luis Luna obtiene t\u00edtulo como contrabajista profesional","robots":{"index":"index","follow":"follow","max-snippet":"max-snippet:-1","max-image-preview":"max-image-preview:large","max-video-preview":"max-video-preview:-1"},"canonical":"https:\/\/digital58.com.ve\/site\/2017\/06\/06\/luis-luna-obtiene-titulo-como-contrabajista-profesional\/","og_locale":"es_ES","og_type":"article","og_title":"Luis Luna obtiene t\u00edtulo como contrabajista profesional","og_url":"https:\/\/digital58.com.ve\/site\/2017\/06\/06\/luis-luna-obtiene-titulo-como-contrabajista-profesional\/","og_site_name":"Noticias Digital58","article_published_time":"2017-06-06T21:16:44+00:00","og_image":[{"width":1500,"height":1317,"url":"https:\/\/digital58.com.ve\/site\/wp-content\/uploads\/2017\/06\/Luis-Luna-1.jpg","type":"image\/jpeg"}],"author":"Villasmil Henry","twitter_card":"summary_large_image","twitter_creator":"@https:\/\/twitter.com\/villasmilhfoto","twitter_site":"@villasmilhfoto","twitter_misc":{"Escrito por":"Villasmil Henry","Tiempo estimado de lectura":"2 minutos"},"schema":{"@context":"https:\/\/schema.org","@graph":[{"@type":"Article","@id":"https:\/\/digital58.com.ve\/site\/2017\/06\/06\/luis-luna-obtiene-titulo-como-contrabajista-profesional\/#article","isPartOf":{"@id":"https:\/\/digital58.com.ve\/site\/2017\/06\/06\/luis-luna-obtiene-titulo-como-contrabajista-profesional\/"},"author":{"name":"Villasmil Henry","@id":"https:\/\/digital58.com.ve\/site\/#\/schema\/person\/64d1c2e4d0d4fd1b849980c4331c2951"},"headline":"Luis Luna obtiene t\u00edtulo como contrabajista profesional","datePublished":"2017-06-06T21:16:44+00:00","mainEntityOfPage":{"@id":"https:\/\/digital58.com.ve\/site\/2017\/06\/06\/luis-luna-obtiene-titulo-como-contrabajista-profesional\/"},"wordCount":312,"commentCount":0,"publisher":{"@id":"https:\/\/digital58.com.ve\/site\/#\/schema\/person\/64d1c2e4d0d4fd1b849980c4331c2951"},"image":{"@id":"https:\/\/digital58.com.ve\/site\/2017\/06\/06\/luis-luna-obtiene-titulo-como-contrabajista-profesional\/#primaryimage"},"thumbnailUrl":"https:\/\/digital58.com.ve\/site\/wp-content\/uploads\/2017\/06\/Luis-Luna-1.jpg","keywords":["Contrabajista","El Sistema","Luis Luna","Orquesta Sinf\u00f3nica Teresa Carre\u00f1o"],"articleSection":["Talento Nacional"],"inLanguage":"es","potentialAction":[{"@type":"CommentAction","name":"Comment","target":["https:\/\/digital58.com.ve\/site\/2017\/06\/06\/luis-luna-obtiene-titulo-como-contrabajista-profesional\/#respond"]}]},{"@type":"WebPage","@id":"https:\/\/digital58.com.ve\/site\/2017\/06\/06\/luis-luna-obtiene-titulo-como-contrabajista-profesional\/","url":"https:\/\/digital58.com.ve\/site\/2017\/06\/06\/luis-luna-obtiene-titulo-como-contrabajista-profesional\/","name":"Luis Luna obtiene t\u00edtulo como contrabajista profesional","isPartOf":{"@id":"https:\/\/digital58.com.ve\/site\/#website"},"primaryImageOfPage":{"@id":"https:\/\/digital58.com.ve\/site\/2017\/06\/06\/luis-luna-obtiene-titulo-como-contrabajista-profesional\/#primaryimage"},"image":{"@id":"https:\/\/digital58.com.ve\/site\/2017\/06\/06\/luis-luna-obtiene-titulo-como-contrabajista-profesional\/#primaryimage"},"thumbnailUrl":"https:\/\/digital58.com.ve\/site\/wp-content\/uploads\/2017\/06\/Luis-Luna-1.jpg","datePublished":"2017-06-06T21:16:44+00:00","breadcrumb":{"@id":"https:\/\/digital58.com.ve\/site\/2017\/06\/06\/luis-luna-obtiene-titulo-como-contrabajista-profesional\/#breadcrumb"},"inLanguage":"es","potentialAction":[{"@type":"ReadAction","target":["https:\/\/digital58.com.ve\/site\/2017\/06\/06\/luis-luna-obtiene-titulo-como-contrabajista-profesional\/"]}]},{"@type":"ImageObject","inLanguage":"es","@id":"https:\/\/digital58.com.ve\/site\/2017\/06\/06\/luis-luna-obtiene-titulo-como-contrabajista-profesional\/#primaryimage","url":"https:\/\/digital58.com.ve\/site\/wp-content\/uploads\/2017\/06\/Luis-Luna-1.jpg","contentUrl":"https:\/\/digital58.com.ve\/site\/wp-content\/uploads\/2017\/06\/Luis-Luna-1.jpg","width":683,"height":600},{"@type":"BreadcrumbList","@id":"https:\/\/digital58.com.ve\/site\/2017\/06\/06\/luis-luna-obtiene-titulo-como-contrabajista-profesional\/#breadcrumb","itemListElement":[{"@type":"ListItem","position":1,"name":"Home","item":"https:\/\/digital58.com.ve\/site\/"},{"@type":"ListItem","position":2,"name":"Luis Luna obtiene t\u00edtulo como contrabajista profesional"}]},{"@type":"WebSite","@id":"https:\/\/digital58.com.ve\/site\/#website","url":"https:\/\/digital58.com.ve\/site\/","name":"Noticias Digital58","description":"Portal de Noticias \u00a1Periodismo web de verdad! Lanzamiento web 22.11.2005 \/ Maracaibo, Venezuela","publisher":{"@id":"https:\/\/digital58.com.ve\/site\/#\/schema\/person\/64d1c2e4d0d4fd1b849980c4331c2951"},"alternateName":"ND58","potentialAction":[{"@type":"SearchAction","target":{"@type":"EntryPoint","urlTemplate":"https:\/\/digital58.com.ve\/site\/?s={search_term_string}"},"query-input":{"@type":"PropertyValueSpecification","valueRequired":true,"valueName":"search_term_string"}}],"inLanguage":"es"},{"@type":["Person","Organization"],"@id":"https:\/\/digital58.com.ve\/site\/#\/schema\/person\/64d1c2e4d0d4fd1b849980c4331c2951","name":"Villasmil Henry","image":{"@type":"ImageObject","inLanguage":"es","@id":"https:\/\/secure.gravatar.com\/avatar\/bb0c4a2fcb7970138239f7e404ea75757b1b507b28b5ce4c53fbd62d797c5a7c?s=96&d=mm&r=g","url":"https:\/\/secure.gravatar.com\/avatar\/bb0c4a2fcb7970138239f7e404ea75757b1b507b28b5ce4c53fbd62d797c5a7c?s=96&d=mm&r=g","contentUrl":"https:\/\/secure.gravatar.com\/avatar\/bb0c4a2fcb7970138239f7e404ea75757b1b507b28b5ce4c53fbd62d797c5a7c?s=96&d=mm&r=g","caption":"Villasmil Henry"},"logo":{"@id":"https:\/\/secure.gravatar.com\/avatar\/bb0c4a2fcb7970138239f7e404ea75757b1b507b28b5ce4c53fbd62d797c5a7c?s=96&d=mm&r=g"},"sameAs":["http:\/\/www.henryvillasmil.com.ve","https:\/\/www.instagram.com\/villasmilhfoto\/","https:\/\/x.com\/https:\/\/twitter.com\/villasmilhfoto"],"url":"https:\/\/digital58.com.ve\/site\/author\/droopy_68\/"}]}},"uagb_featured_image_src":{"full":["https:\/\/digital58.com.ve\/site\/wp-content\/uploads\/2017\/06\/Luis-Luna-1.jpg",683,600,false],"thumbnail":["https:\/\/digital58.com.ve\/site\/wp-content\/uploads\/2017\/06\/Luis-Luna-1-150x150.jpg",150,150,true],"medium":["https:\/\/digital58.com.ve\/site\/wp-content\/uploads\/2017\/06\/Luis-Luna-1-300x263.jpg",300,263,true],"medium_large":["https:\/\/digital58.com.ve\/site\/wp-content\/uploads\/2017\/06\/Luis-Luna-1-768x674.jpg",768,674,true],"large":["https:\/\/digital58.com.ve\/site\/wp-content\/uploads\/2017\/06\/Luis-Luna-1-1166x1024.jpg",800,703,true],"1536x1536":["https:\/\/digital58.com.ve\/site\/wp-content\/uploads\/2017\/06\/Luis-Luna-1.jpg",683,600,false],"2048x2048":["https:\/\/digital58.com.ve\/site\/wp-content\/uploads\/2017\/06\/Luis-Luna-1.jpg",683,600,false],"colormag-highlighted-post":["https:\/\/digital58.com.ve\/site\/wp-content\/uploads\/2017\/06\/Luis-Luna-1.jpg",310,272,false],"colormag-featured-post-medium":["https:\/\/digital58.com.ve\/site\/wp-content\/uploads\/2017\/06\/Luis-Luna-1.jpg",233,205,false],"colormag-featured-post-small":["https:\/\/digital58.com.ve\/site\/wp-content\/uploads\/2017\/06\/Luis-Luna-1.jpg",102,90,false],"colormag-featured-image":["https:\/\/digital58.com.ve\/site\/wp-content\/uploads\/2017\/06\/Luis-Luna-1.jpg",507,445,false],"colormag-default-news":["https:\/\/digital58.com.ve\/site\/wp-content\/uploads\/2017\/06\/Luis-Luna-1.jpg",150,132,false],"colormag-featured-image-large":["https:\/\/digital58.com.ve\/site\/wp-content\/uploads\/2017\/06\/Luis-Luna-1.jpg",683,600,false]},"uagb_author_info":{"display_name":"Villasmil Henry","author_link":"https:\/\/digital58.com.ve\/site\/author\/droopy_68\/"},"uagb_comment_info":0,"uagb_excerpt":"El m\u00fasico venezolano parte de la fila de la Orquesta Sinf\u00f3nica Teresa Carre\u00f1o y ha sido dos veces ganador del","_links":{"self":[{"href":"https:\/\/digital58.com.ve\/site\/wp-json\/wp\/v2\/posts\/65268","targetHints":{"allow":["GET"]}}],"collection":[{"href":"https:\/\/digital58.com.ve\/site\/wp-json\/wp\/v2\/posts"}],"about":[{"href":"https:\/\/digital58.com.ve\/site\/wp-json\/wp\/v2\/types\/post"}],"author":[{"embeddable":true,"href":"https:\/\/digital58.com.ve\/site\/wp-json\/wp\/v2\/users\/1"}],"replies":[{"embeddable":true,"href":"https:\/\/digital58.com.ve\/site\/wp-json\/wp\/v2\/comments?post=65268"}],"version-history":[{"count":0,"href":"https:\/\/digital58.com.ve\/site\/wp-json\/wp\/v2\/posts\/65268\/revisions"}],"wp:featuredmedia":[{"embeddable":true,"href":"https:\/\/digital58.com.ve\/site\/wp-json\/wp\/v2\/media\/65269"}],"wp:attachment":[{"href":"https:\/\/digital58.com.ve\/site\/wp-json\/wp\/v2\/media?parent=65268"}],"wp:term":[{"taxonomy":"category","embeddable":true,"href":"https:\/\/digital58.com.ve\/site\/wp-json\/wp\/v2\/categories?post=65268"},{"taxonomy":"post_tag","embeddable":true,"href":"https:\/\/digital58.com.ve\/site\/wp-json\/wp\/v2\/tags?post=65268"}],"curies":[{"name":"wp","href":"https:\/\/api.w.org\/{rel}","templated":true}]}}