{"id":65521,"date":"2017-06-09T09:13:42","date_gmt":"2017-06-09T13:13:42","guid":{"rendered":"http:\/\/digital58.com.ve\/site\/?p=65521"},"modified":"2017-06-09T09:13:42","modified_gmt":"2017-06-09T13:13:42","slug":"robert-avellanet-regresa-a-la-tv-venezolana-en-la-serie-tomame-o-dejame","status":"publish","type":"post","link":"https:\/\/digital58.com.ve\/site\/2017\/06\/09\/robert-avellanet-regresa-a-la-tv-venezolana-en-la-serie-tomame-o-dejame\/","title":{"rendered":"Robert Avellanet regresa a la TV venezolana en la serie \u00abT\u00f3mame o D\u00e9jame\u00bb"},"content":{"rendered":"<p><a href=\"http:\/\/digital58.com.ve\/site\/wp-content\/uploads\/2017\/06\/avellanet.jpg\"><img loading=\"lazy\" decoding=\"async\" class=\"aligncenter size-full wp-image-65524\" src=\"http:\/\/digital58.com.ve\/site\/wp-content\/uploads\/2017\/06\/avellanet.jpg\" alt=\"\" width=\"1066\" height=\"852\" srcset=\"https:\/\/digital58.com.ve\/site\/wp-content\/uploads\/2017\/06\/avellanet.jpg 751w, https:\/\/digital58.com.ve\/site\/wp-content\/uploads\/2017\/06\/avellanet-300x240.jpg 300w, https:\/\/digital58.com.ve\/site\/wp-content\/uploads\/2017\/06\/avellanet-768x614.jpg 768w\" sizes=\"auto, (max-width: 1066px) 100vw, 1066px\" \/><\/a><\/p>\n<p>El pasado domingo se estren\u00f3 en el canal venezolano Televen la serie \u00abT\u00f3mame o D\u00e9jame\u00bb, en la que el actor y m\u00fasico puertorique\u00f1o Robert Avellanet tiene un importante personaje, adem\u00e1s de interpretar el tema principal de la misma. \u00abT\u00f3mame o D\u00e9jame\u00bb coproducci\u00f3n de VIP 2000 TV y Nirvana Films, es la primera serie que habla de sexo t\u00e1ntrico apta para la TV abierta.<\/p>\n<p><strong>Maracaibo, Zulia, Venezuela, 09 de junio de 2017 (D58).-<\/strong> La trama gira en torno a la vida de una famosa sex\u00f3loga que tiene un programa de entrevistas llamado \u00abEl tama\u00f1o no lo es todo\u00bb. Este programa televisivo es n\u00famero uno en indice de audiencia.<\/p>\n<p>Esta mujer, quien considera que todo debe estar planeado, conoce a un hombre que viene de la India de estudiar el sexo t\u00e1ntrico, y es todo lo opuesto a ella: cree en la espontaneidad y en que nada se planifica.<\/p>\n<p>Robert interpreta a JC, un personaje homosexual quien se describe a s\u00ed mismo como: \u00absoy GAY!&#8230; a mucha honra&#8230;mi sue\u00f1o es conseguir el verdadero amor, mi pr\u00edncipe azul, casarme y criar hijos. S\u00ed&#8230;a\u00fan creo en el romanticismo y en el amor de los cuentos de hadas. No oculto lo que soy ni lo har\u00e9 jam\u00e1s\u00bb.<\/p>\n<p><strong>Adem\u00e1s interpreta el tema principal de la serie \u00abPorque el amor es el amor\u00bb<br \/>\n<\/strong><br \/>\nCon un elenco estelar de primeras figuras internacionales, \u00abT\u00f3mame o D\u00e9jame\u00bb promete convertirse en un nuevo formato para la televisi\u00f3n hispana, pues ya ha tenido gran \u00e9xito en Miami.<\/p>\n<p>Con las actuaciones estelares de Scarlet Ortiz, Guido Massri, Maite Embil, Yul B\u00fcrkle, Robert Avellanet, Ricardo \u00c1lamo, Anastasia Mazzone y los primeros actores Eduardo Serrano, Pedro Telemaco y Zuly Montero.<\/p>\n<p>Conoce todos los detalles siguiendo @tomameodejamevip<\/p>\n<p>Actualmente Avellanet se encuentra trabajando en su nuevo proyecto musical cargado de ritmos m\u00e1s latinos y en diversos proyectos actorales tambi\u00e9n compaginando ambas pasiones, la actuaci\u00f3n y la m\u00fasica.<\/p>\n<p>Pueden saber m\u00e1s acerca de sus trabajos en sus redes sociales: @robertavellanet<\/p>\n<p><strong>Redacci\u00f3n y fuente: <a href=\"http:\/\/anamariavigo.blogspot.com\/\" target=\"_blank\" rel=\"noopener\">Ana Vigo <\/a><\/strong><br \/>\n<strong>Edici\u00f3n: <a href=\"http:\/\/henryvillasmil.com.ve\/\" target=\"_blank\" rel=\"noopener\">Villasmil, Henry<\/a><\/strong><br \/>\n<strong>Fotos: <\/strong><a href=\"https:\/\/www.instagram.com\/robertavellanet\/\" target=\"_blank\" rel=\"noopener\"><strong>cortes\u00eda<\/strong><\/a><\/p>\n<p><a href=\"http:\/\/digital58.com.ve\/site\/wp-content\/uploads\/2017\/06\/avellanet3.jpg\"><img loading=\"lazy\" decoding=\"async\" class=\"aligncenter size-full wp-image-65522\" src=\"http:\/\/digital58.com.ve\/site\/wp-content\/uploads\/2017\/06\/avellanet3.jpg\" alt=\"\" width=\"714\" height=\"553\" srcset=\"https:\/\/digital58.com.ve\/site\/wp-content\/uploads\/2017\/06\/avellanet3.jpg 714w, https:\/\/digital58.com.ve\/site\/wp-content\/uploads\/2017\/06\/avellanet3-300x232.jpg 300w\" sizes=\"auto, (max-width: 714px) 100vw, 714px\" \/><\/a> <a href=\"http:\/\/digital58.com.ve\/site\/wp-content\/uploads\/2017\/06\/avellanet2.jpg\"><img loading=\"lazy\" decoding=\"async\" class=\"aligncenter size-large wp-image-65523\" src=\"http:\/\/digital58.com.ve\/site\/wp-content\/uploads\/2017\/06\/avellanet2-684x1024.jpg\" alt=\"\" width=\"640\" height=\"958\" srcset=\"https:\/\/digital58.com.ve\/site\/wp-content\/uploads\/2017\/06\/avellanet2-684x1024.jpg 684w, https:\/\/digital58.com.ve\/site\/wp-content\/uploads\/2017\/06\/avellanet2-200x300.jpg 200w, https:\/\/digital58.com.ve\/site\/wp-content\/uploads\/2017\/06\/avellanet2-768x1150.jpg 768w, https:\/\/digital58.com.ve\/site\/wp-content\/uploads\/2017\/06\/avellanet2.jpg 401w\" sizes=\"auto, (max-width: 640px) 100vw, 640px\" \/><\/a><\/p>\n<p>&nbsp;<\/p><div class=\"boevv69f5094f51d67\" ><p style=\"text-align: center;\"><a href=\"https:\/\/t.me\/noticiasdigital58\" target=\"_blank\" rel=\"noopener\"><img class=\"aligncenter size-full wp-image-125363\" src=\"https:\/\/digital58.com.ve\/site\/wp-content\/uploads\/2021\/04\/banner-telegram-web-2021.png\" alt=\"\" width=\"600\" height=\"90\" \/><\/a><\/p><\/div><style type=\"text\/css\">\r\n@media screen and (min-width: 1201px) {\r\n.boevv69f5094f51d67 {\r\ndisplay: block;\r\n}\r\n}\r\n@media screen and (min-width: 993px) and (max-width: 1200px) {\r\n.boevv69f5094f51d67 {\r\ndisplay: block;\r\n}\r\n}\r\n@media screen and (min-width: 769px) and (max-width: 992px) {\r\n.boevv69f5094f51d67 {\r\ndisplay: block;\r\n}\r\n}\r\n@media screen and (min-width: 768px) and (max-width: 768px) {\r\n.boevv69f5094f51d67 {\r\ndisplay: block;\r\n}\r\n}\r\n@media screen and (max-width: 767px) {\r\n.boevv69f5094f51d67 {\r\ndisplay: block;\r\n}\r\n}\r\n<\/style>\r\n\n<p>&nbsp;<\/p>\n<div style=\"margin-top: 0px; margin-bottom: 0px;\" class=\"sharethis-inline-share-buttons\" ><\/div>","protected":false},"excerpt":{"rendered":"<p>El pasado domingo se estren\u00f3 en el canal venezolano Televen la serie \u00abT\u00f3mame o D\u00e9jame\u00bb, en la que el actor<\/p>\n","protected":false},"author":1,"featured_media":65524,"comment_status":"open","ping_status":"closed","sticky":false,"template":"","format":"standard","meta":{"colormag_page_container_layout":"default_layout","colormag_page_sidebar_layout":"default_layout","_uag_custom_page_level_css":"","footnotes":""},"categories":[1],"tags":[1843,50,61,233,7803,2478,7805,134,7804,32],"class_list":["post-65521","post","type-post","status-publish","format-standard","has-post-thumbnail","hentry","category-fama","tag-actores","tag-entretenimiento","tag-musica","tag-nacionales","tag-robert-avellanet","tag-series-de-television","tag-tomame-o-dejame","tag-tv","tag-tv-venezolana","tag-venezuela"],"yoast_head":"<!-- This site is optimized with the Yoast SEO plugin v27.5 - https:\/\/yoast.com\/product\/yoast-seo-wordpress\/ -->\n<title>Robert Avellanet regresa a la TV venezolana en la serie \u00abT\u00f3mame o D\u00e9jame\u00bb<\/title>\n<meta name=\"robots\" content=\"index, follow, max-snippet:-1, max-image-preview:large, max-video-preview:-1\" \/>\n<link rel=\"canonical\" href=\"https:\/\/digital58.com.ve\/site\/2017\/06\/09\/robert-avellanet-regresa-a-la-tv-venezolana-en-la-serie-tomame-o-dejame\/\" \/>\n<meta property=\"og:locale\" content=\"es_ES\" \/>\n<meta property=\"og:type\" content=\"article\" \/>\n<meta property=\"og:title\" content=\"Robert Avellanet regresa a la TV venezolana en la serie \u00abT\u00f3mame o D\u00e9jame\u00bb\" \/>\n<meta property=\"og:url\" content=\"https:\/\/digital58.com.ve\/site\/2017\/06\/09\/robert-avellanet-regresa-a-la-tv-venezolana-en-la-serie-tomame-o-dejame\/\" \/>\n<meta property=\"og:site_name\" content=\"Noticias Digital58\" \/>\n<meta property=\"article:published_time\" content=\"2017-06-09T13:13:42+00:00\" \/>\n<meta property=\"og:image\" content=\"https:\/\/digital58.com.ve\/site\/wp-content\/uploads\/2017\/06\/avellanet.jpg\" \/>\n\t<meta property=\"og:image:width\" content=\"1066\" \/>\n\t<meta property=\"og:image:height\" content=\"852\" \/>\n\t<meta property=\"og:image:type\" content=\"image\/jpeg\" \/>\n<meta name=\"author\" content=\"Villasmil Henry\" \/>\n<meta name=\"twitter:card\" content=\"summary_large_image\" \/>\n<meta name=\"twitter:creator\" content=\"@https:\/\/twitter.com\/villasmilhfoto\" \/>\n<meta name=\"twitter:site\" content=\"@villasmilhfoto\" \/>\n<meta name=\"twitter:label1\" content=\"Escrito por\" \/>\n\t<meta name=\"twitter:data1\" content=\"Villasmil Henry\" \/>\n\t<meta name=\"twitter:label2\" content=\"Tiempo estimado de lectura\" \/>\n\t<meta name=\"twitter:data2\" content=\"2 minutos\" \/>\n<script type=\"application\/ld+json\" class=\"yoast-schema-graph\">{\"@context\":\"https:\\\/\\\/schema.org\",\"@graph\":[{\"@type\":\"Article\",\"@id\":\"https:\\\/\\\/digital58.com.ve\\\/site\\\/2017\\\/06\\\/09\\\/robert-avellanet-regresa-a-la-tv-venezolana-en-la-serie-tomame-o-dejame\\\/#article\",\"isPartOf\":{\"@id\":\"https:\\\/\\\/digital58.com.ve\\\/site\\\/2017\\\/06\\\/09\\\/robert-avellanet-regresa-a-la-tv-venezolana-en-la-serie-tomame-o-dejame\\\/\"},\"author\":{\"name\":\"Villasmil Henry\",\"@id\":\"https:\\\/\\\/digital58.com.ve\\\/site\\\/#\\\/schema\\\/person\\\/64d1c2e4d0d4fd1b849980c4331c2951\"},\"headline\":\"Robert Avellanet regresa a la TV venezolana en la serie \u00abT\u00f3mame o D\u00e9jame\u00bb\",\"datePublished\":\"2017-06-09T13:13:42+00:00\",\"mainEntityOfPage\":{\"@id\":\"https:\\\/\\\/digital58.com.ve\\\/site\\\/2017\\\/06\\\/09\\\/robert-avellanet-regresa-a-la-tv-venezolana-en-la-serie-tomame-o-dejame\\\/\"},\"wordCount\":379,\"commentCount\":0,\"publisher\":{\"@id\":\"https:\\\/\\\/digital58.com.ve\\\/site\\\/#\\\/schema\\\/person\\\/64d1c2e4d0d4fd1b849980c4331c2951\"},\"image\":{\"@id\":\"https:\\\/\\\/digital58.com.ve\\\/site\\\/2017\\\/06\\\/09\\\/robert-avellanet-regresa-a-la-tv-venezolana-en-la-serie-tomame-o-dejame\\\/#primaryimage\"},\"thumbnailUrl\":\"https:\\\/\\\/digital58.com.ve\\\/site\\\/wp-content\\\/uploads\\\/2017\\\/06\\\/avellanet.jpg\",\"keywords\":[\"Actores\",\"Entretenimiento\",\"M\u00fasica\",\"Nacionales\",\"Robert Avellanet\",\"Series de televisi\u00f3n\",\"T\u00f3mame o D\u00e9jame\",\"TV\",\"TV Venezolana\",\"Venezuela\"],\"articleSection\":[\"Fama\"],\"inLanguage\":\"es\",\"potentialAction\":[{\"@type\":\"CommentAction\",\"name\":\"Comment\",\"target\":[\"https:\\\/\\\/digital58.com.ve\\\/site\\\/2017\\\/06\\\/09\\\/robert-avellanet-regresa-a-la-tv-venezolana-en-la-serie-tomame-o-dejame\\\/#respond\"]}]},{\"@type\":\"WebPage\",\"@id\":\"https:\\\/\\\/digital58.com.ve\\\/site\\\/2017\\\/06\\\/09\\\/robert-avellanet-regresa-a-la-tv-venezolana-en-la-serie-tomame-o-dejame\\\/\",\"url\":\"https:\\\/\\\/digital58.com.ve\\\/site\\\/2017\\\/06\\\/09\\\/robert-avellanet-regresa-a-la-tv-venezolana-en-la-serie-tomame-o-dejame\\\/\",\"name\":\"Robert Avellanet regresa a la TV venezolana en la serie \u00abT\u00f3mame o D\u00e9jame\u00bb\",\"isPartOf\":{\"@id\":\"https:\\\/\\\/digital58.com.ve\\\/site\\\/#website\"},\"primaryImageOfPage\":{\"@id\":\"https:\\\/\\\/digital58.com.ve\\\/site\\\/2017\\\/06\\\/09\\\/robert-avellanet-regresa-a-la-tv-venezolana-en-la-serie-tomame-o-dejame\\\/#primaryimage\"},\"image\":{\"@id\":\"https:\\\/\\\/digital58.com.ve\\\/site\\\/2017\\\/06\\\/09\\\/robert-avellanet-regresa-a-la-tv-venezolana-en-la-serie-tomame-o-dejame\\\/#primaryimage\"},\"thumbnailUrl\":\"https:\\\/\\\/digital58.com.ve\\\/site\\\/wp-content\\\/uploads\\\/2017\\\/06\\\/avellanet.jpg\",\"datePublished\":\"2017-06-09T13:13:42+00:00\",\"breadcrumb\":{\"@id\":\"https:\\\/\\\/digital58.com.ve\\\/site\\\/2017\\\/06\\\/09\\\/robert-avellanet-regresa-a-la-tv-venezolana-en-la-serie-tomame-o-dejame\\\/#breadcrumb\"},\"inLanguage\":\"es\",\"potentialAction\":[{\"@type\":\"ReadAction\",\"target\":[\"https:\\\/\\\/digital58.com.ve\\\/site\\\/2017\\\/06\\\/09\\\/robert-avellanet-regresa-a-la-tv-venezolana-en-la-serie-tomame-o-dejame\\\/\"]}]},{\"@type\":\"ImageObject\",\"inLanguage\":\"es\",\"@id\":\"https:\\\/\\\/digital58.com.ve\\\/site\\\/2017\\\/06\\\/09\\\/robert-avellanet-regresa-a-la-tv-venezolana-en-la-serie-tomame-o-dejame\\\/#primaryimage\",\"url\":\"https:\\\/\\\/digital58.com.ve\\\/site\\\/wp-content\\\/uploads\\\/2017\\\/06\\\/avellanet.jpg\",\"contentUrl\":\"https:\\\/\\\/digital58.com.ve\\\/site\\\/wp-content\\\/uploads\\\/2017\\\/06\\\/avellanet.jpg\",\"width\":751,\"height\":600},{\"@type\":\"BreadcrumbList\",\"@id\":\"https:\\\/\\\/digital58.com.ve\\\/site\\\/2017\\\/06\\\/09\\\/robert-avellanet-regresa-a-la-tv-venezolana-en-la-serie-tomame-o-dejame\\\/#breadcrumb\",\"itemListElement\":[{\"@type\":\"ListItem\",\"position\":1,\"name\":\"Home\",\"item\":\"https:\\\/\\\/digital58.com.ve\\\/site\\\/\"},{\"@type\":\"ListItem\",\"position\":2,\"name\":\"Robert Avellanet regresa a la TV venezolana en la serie \u00abT\u00f3mame o D\u00e9jame\u00bb\"}]},{\"@type\":\"WebSite\",\"@id\":\"https:\\\/\\\/digital58.com.ve\\\/site\\\/#website\",\"url\":\"https:\\\/\\\/digital58.com.ve\\\/site\\\/\",\"name\":\"Noticias Digital58\",\"description\":\"Portal de Noticias \u00a1Periodismo web de verdad! Lanzamiento web 22.11.2005 \\\/ Maracaibo, Venezuela\",\"publisher\":{\"@id\":\"https:\\\/\\\/digital58.com.ve\\\/site\\\/#\\\/schema\\\/person\\\/64d1c2e4d0d4fd1b849980c4331c2951\"},\"alternateName\":\"ND58\",\"potentialAction\":[{\"@type\":\"SearchAction\",\"target\":{\"@type\":\"EntryPoint\",\"urlTemplate\":\"https:\\\/\\\/digital58.com.ve\\\/site\\\/?s={search_term_string}\"},\"query-input\":{\"@type\":\"PropertyValueSpecification\",\"valueRequired\":true,\"valueName\":\"search_term_string\"}}],\"inLanguage\":\"es\"},{\"@type\":[\"Person\",\"Organization\"],\"@id\":\"https:\\\/\\\/digital58.com.ve\\\/site\\\/#\\\/schema\\\/person\\\/64d1c2e4d0d4fd1b849980c4331c2951\",\"name\":\"Villasmil Henry\",\"image\":{\"@type\":\"ImageObject\",\"inLanguage\":\"es\",\"@id\":\"https:\\\/\\\/secure.gravatar.com\\\/avatar\\\/bb0c4a2fcb7970138239f7e404ea75757b1b507b28b5ce4c53fbd62d797c5a7c?s=96&d=mm&r=g\",\"url\":\"https:\\\/\\\/secure.gravatar.com\\\/avatar\\\/bb0c4a2fcb7970138239f7e404ea75757b1b507b28b5ce4c53fbd62d797c5a7c?s=96&d=mm&r=g\",\"contentUrl\":\"https:\\\/\\\/secure.gravatar.com\\\/avatar\\\/bb0c4a2fcb7970138239f7e404ea75757b1b507b28b5ce4c53fbd62d797c5a7c?s=96&d=mm&r=g\",\"caption\":\"Villasmil Henry\"},\"logo\":{\"@id\":\"https:\\\/\\\/secure.gravatar.com\\\/avatar\\\/bb0c4a2fcb7970138239f7e404ea75757b1b507b28b5ce4c53fbd62d797c5a7c?s=96&d=mm&r=g\"},\"sameAs\":[\"http:\\\/\\\/www.henryvillasmil.com.ve\",\"https:\\\/\\\/www.instagram.com\\\/villasmilhfoto\\\/\",\"https:\\\/\\\/x.com\\\/https:\\\/\\\/twitter.com\\\/villasmilhfoto\"],\"url\":\"https:\\\/\\\/digital58.com.ve\\\/site\\\/author\\\/droopy_68\\\/\"}]}<\/script>\n<!-- \/ Yoast SEO plugin. -->","yoast_head_json":{"title":"Robert Avellanet regresa a la TV venezolana en la serie \u00abT\u00f3mame o D\u00e9jame\u00bb","robots":{"index":"index","follow":"follow","max-snippet":"max-snippet:-1","max-image-preview":"max-image-preview:large","max-video-preview":"max-video-preview:-1"},"canonical":"https:\/\/digital58.com.ve\/site\/2017\/06\/09\/robert-avellanet-regresa-a-la-tv-venezolana-en-la-serie-tomame-o-dejame\/","og_locale":"es_ES","og_type":"article","og_title":"Robert Avellanet regresa a la TV venezolana en la serie \u00abT\u00f3mame o D\u00e9jame\u00bb","og_url":"https:\/\/digital58.com.ve\/site\/2017\/06\/09\/robert-avellanet-regresa-a-la-tv-venezolana-en-la-serie-tomame-o-dejame\/","og_site_name":"Noticias Digital58","article_published_time":"2017-06-09T13:13:42+00:00","og_image":[{"width":1066,"height":852,"url":"https:\/\/digital58.com.ve\/site\/wp-content\/uploads\/2017\/06\/avellanet.jpg","type":"image\/jpeg"}],"author":"Villasmil Henry","twitter_card":"summary_large_image","twitter_creator":"@https:\/\/twitter.com\/villasmilhfoto","twitter_site":"@villasmilhfoto","twitter_misc":{"Escrito por":"Villasmil Henry","Tiempo estimado de lectura":"2 minutos"},"schema":{"@context":"https:\/\/schema.org","@graph":[{"@type":"Article","@id":"https:\/\/digital58.com.ve\/site\/2017\/06\/09\/robert-avellanet-regresa-a-la-tv-venezolana-en-la-serie-tomame-o-dejame\/#article","isPartOf":{"@id":"https:\/\/digital58.com.ve\/site\/2017\/06\/09\/robert-avellanet-regresa-a-la-tv-venezolana-en-la-serie-tomame-o-dejame\/"},"author":{"name":"Villasmil Henry","@id":"https:\/\/digital58.com.ve\/site\/#\/schema\/person\/64d1c2e4d0d4fd1b849980c4331c2951"},"headline":"Robert Avellanet regresa a la TV venezolana en la serie \u00abT\u00f3mame o D\u00e9jame\u00bb","datePublished":"2017-06-09T13:13:42+00:00","mainEntityOfPage":{"@id":"https:\/\/digital58.com.ve\/site\/2017\/06\/09\/robert-avellanet-regresa-a-la-tv-venezolana-en-la-serie-tomame-o-dejame\/"},"wordCount":379,"commentCount":0,"publisher":{"@id":"https:\/\/digital58.com.ve\/site\/#\/schema\/person\/64d1c2e4d0d4fd1b849980c4331c2951"},"image":{"@id":"https:\/\/digital58.com.ve\/site\/2017\/06\/09\/robert-avellanet-regresa-a-la-tv-venezolana-en-la-serie-tomame-o-dejame\/#primaryimage"},"thumbnailUrl":"https:\/\/digital58.com.ve\/site\/wp-content\/uploads\/2017\/06\/avellanet.jpg","keywords":["Actores","Entretenimiento","M\u00fasica","Nacionales","Robert Avellanet","Series de televisi\u00f3n","T\u00f3mame o D\u00e9jame","TV","TV Venezolana","Venezuela"],"articleSection":["Fama"],"inLanguage":"es","potentialAction":[{"@type":"CommentAction","name":"Comment","target":["https:\/\/digital58.com.ve\/site\/2017\/06\/09\/robert-avellanet-regresa-a-la-tv-venezolana-en-la-serie-tomame-o-dejame\/#respond"]}]},{"@type":"WebPage","@id":"https:\/\/digital58.com.ve\/site\/2017\/06\/09\/robert-avellanet-regresa-a-la-tv-venezolana-en-la-serie-tomame-o-dejame\/","url":"https:\/\/digital58.com.ve\/site\/2017\/06\/09\/robert-avellanet-regresa-a-la-tv-venezolana-en-la-serie-tomame-o-dejame\/","name":"Robert Avellanet regresa a la TV venezolana en la serie \u00abT\u00f3mame o D\u00e9jame\u00bb","isPartOf":{"@id":"https:\/\/digital58.com.ve\/site\/#website"},"primaryImageOfPage":{"@id":"https:\/\/digital58.com.ve\/site\/2017\/06\/09\/robert-avellanet-regresa-a-la-tv-venezolana-en-la-serie-tomame-o-dejame\/#primaryimage"},"image":{"@id":"https:\/\/digital58.com.ve\/site\/2017\/06\/09\/robert-avellanet-regresa-a-la-tv-venezolana-en-la-serie-tomame-o-dejame\/#primaryimage"},"thumbnailUrl":"https:\/\/digital58.com.ve\/site\/wp-content\/uploads\/2017\/06\/avellanet.jpg","datePublished":"2017-06-09T13:13:42+00:00","breadcrumb":{"@id":"https:\/\/digital58.com.ve\/site\/2017\/06\/09\/robert-avellanet-regresa-a-la-tv-venezolana-en-la-serie-tomame-o-dejame\/#breadcrumb"},"inLanguage":"es","potentialAction":[{"@type":"ReadAction","target":["https:\/\/digital58.com.ve\/site\/2017\/06\/09\/robert-avellanet-regresa-a-la-tv-venezolana-en-la-serie-tomame-o-dejame\/"]}]},{"@type":"ImageObject","inLanguage":"es","@id":"https:\/\/digital58.com.ve\/site\/2017\/06\/09\/robert-avellanet-regresa-a-la-tv-venezolana-en-la-serie-tomame-o-dejame\/#primaryimage","url":"https:\/\/digital58.com.ve\/site\/wp-content\/uploads\/2017\/06\/avellanet.jpg","contentUrl":"https:\/\/digital58.com.ve\/site\/wp-content\/uploads\/2017\/06\/avellanet.jpg","width":751,"height":600},{"@type":"BreadcrumbList","@id":"https:\/\/digital58.com.ve\/site\/2017\/06\/09\/robert-avellanet-regresa-a-la-tv-venezolana-en-la-serie-tomame-o-dejame\/#breadcrumb","itemListElement":[{"@type":"ListItem","position":1,"name":"Home","item":"https:\/\/digital58.com.ve\/site\/"},{"@type":"ListItem","position":2,"name":"Robert Avellanet regresa a la TV venezolana en la serie \u00abT\u00f3mame o D\u00e9jame\u00bb"}]},{"@type":"WebSite","@id":"https:\/\/digital58.com.ve\/site\/#website","url":"https:\/\/digital58.com.ve\/site\/","name":"Noticias Digital58","description":"Portal de Noticias \u00a1Periodismo web de verdad! Lanzamiento web 22.11.2005 \/ Maracaibo, Venezuela","publisher":{"@id":"https:\/\/digital58.com.ve\/site\/#\/schema\/person\/64d1c2e4d0d4fd1b849980c4331c2951"},"alternateName":"ND58","potentialAction":[{"@type":"SearchAction","target":{"@type":"EntryPoint","urlTemplate":"https:\/\/digital58.com.ve\/site\/?s={search_term_string}"},"query-input":{"@type":"PropertyValueSpecification","valueRequired":true,"valueName":"search_term_string"}}],"inLanguage":"es"},{"@type":["Person","Organization"],"@id":"https:\/\/digital58.com.ve\/site\/#\/schema\/person\/64d1c2e4d0d4fd1b849980c4331c2951","name":"Villasmil Henry","image":{"@type":"ImageObject","inLanguage":"es","@id":"https:\/\/secure.gravatar.com\/avatar\/bb0c4a2fcb7970138239f7e404ea75757b1b507b28b5ce4c53fbd62d797c5a7c?s=96&d=mm&r=g","url":"https:\/\/secure.gravatar.com\/avatar\/bb0c4a2fcb7970138239f7e404ea75757b1b507b28b5ce4c53fbd62d797c5a7c?s=96&d=mm&r=g","contentUrl":"https:\/\/secure.gravatar.com\/avatar\/bb0c4a2fcb7970138239f7e404ea75757b1b507b28b5ce4c53fbd62d797c5a7c?s=96&d=mm&r=g","caption":"Villasmil Henry"},"logo":{"@id":"https:\/\/secure.gravatar.com\/avatar\/bb0c4a2fcb7970138239f7e404ea75757b1b507b28b5ce4c53fbd62d797c5a7c?s=96&d=mm&r=g"},"sameAs":["http:\/\/www.henryvillasmil.com.ve","https:\/\/www.instagram.com\/villasmilhfoto\/","https:\/\/x.com\/https:\/\/twitter.com\/villasmilhfoto"],"url":"https:\/\/digital58.com.ve\/site\/author\/droopy_68\/"}]}},"uagb_featured_image_src":{"full":["https:\/\/digital58.com.ve\/site\/wp-content\/uploads\/2017\/06\/avellanet.jpg",751,600,false],"thumbnail":["https:\/\/digital58.com.ve\/site\/wp-content\/uploads\/2017\/06\/avellanet-150x150.jpg",150,150,true],"medium":["https:\/\/digital58.com.ve\/site\/wp-content\/uploads\/2017\/06\/avellanet-300x240.jpg",300,240,true],"medium_large":["https:\/\/digital58.com.ve\/site\/wp-content\/uploads\/2017\/06\/avellanet-768x614.jpg",768,614,true],"large":["https:\/\/digital58.com.ve\/site\/wp-content\/uploads\/2017\/06\/avellanet.jpg",751,600,false],"1536x1536":["https:\/\/digital58.com.ve\/site\/wp-content\/uploads\/2017\/06\/avellanet.jpg",751,600,false],"2048x2048":["https:\/\/digital58.com.ve\/site\/wp-content\/uploads\/2017\/06\/avellanet.jpg",751,600,false],"colormag-highlighted-post":["https:\/\/digital58.com.ve\/site\/wp-content\/uploads\/2017\/06\/avellanet.jpg",340,272,false],"colormag-featured-post-medium":["https:\/\/digital58.com.ve\/site\/wp-content\/uploads\/2017\/06\/avellanet.jpg",257,205,false],"colormag-featured-post-small":["https:\/\/digital58.com.ve\/site\/wp-content\/uploads\/2017\/06\/avellanet.jpg",113,90,false],"colormag-featured-image":["https:\/\/digital58.com.ve\/site\/wp-content\/uploads\/2017\/06\/avellanet.jpg",557,445,false],"colormag-default-news":["https:\/\/digital58.com.ve\/site\/wp-content\/uploads\/2017\/06\/avellanet.jpg",150,120,false],"colormag-featured-image-large":["https:\/\/digital58.com.ve\/site\/wp-content\/uploads\/2017\/06\/avellanet.jpg",751,600,false]},"uagb_author_info":{"display_name":"Villasmil Henry","author_link":"https:\/\/digital58.com.ve\/site\/author\/droopy_68\/"},"uagb_comment_info":0,"uagb_excerpt":"El pasado domingo se estren\u00f3 en el canal venezolano Televen la serie \u00abT\u00f3mame o D\u00e9jame\u00bb, en la que el actor","_links":{"self":[{"href":"https:\/\/digital58.com.ve\/site\/wp-json\/wp\/v2\/posts\/65521","targetHints":{"allow":["GET"]}}],"collection":[{"href":"https:\/\/digital58.com.ve\/site\/wp-json\/wp\/v2\/posts"}],"about":[{"href":"https:\/\/digital58.com.ve\/site\/wp-json\/wp\/v2\/types\/post"}],"author":[{"embeddable":true,"href":"https:\/\/digital58.com.ve\/site\/wp-json\/wp\/v2\/users\/1"}],"replies":[{"embeddable":true,"href":"https:\/\/digital58.com.ve\/site\/wp-json\/wp\/v2\/comments?post=65521"}],"version-history":[{"count":0,"href":"https:\/\/digital58.com.ve\/site\/wp-json\/wp\/v2\/posts\/65521\/revisions"}],"wp:featuredmedia":[{"embeddable":true,"href":"https:\/\/digital58.com.ve\/site\/wp-json\/wp\/v2\/media\/65524"}],"wp:attachment":[{"href":"https:\/\/digital58.com.ve\/site\/wp-json\/wp\/v2\/media?parent=65521"}],"wp:term":[{"taxonomy":"category","embeddable":true,"href":"https:\/\/digital58.com.ve\/site\/wp-json\/wp\/v2\/categories?post=65521"},{"taxonomy":"post_tag","embeddable":true,"href":"https:\/\/digital58.com.ve\/site\/wp-json\/wp\/v2\/tags?post=65521"}],"curies":[{"name":"wp","href":"https:\/\/api.w.org\/{rel}","templated":true}]}}