{"id":65737,"date":"2017-06-11T22:00:25","date_gmt":"2017-06-12T02:00:25","guid":{"rendered":"http:\/\/digital58.com.ve\/site\/?p=65737"},"modified":"2017-06-11T22:00:25","modified_gmt":"2017-06-12T02:00:25","slug":"el-musico-julio-valecillos-celebra-su-trayectoria","status":"publish","type":"post","link":"https:\/\/digital58.com.ve\/site\/2017\/06\/11\/el-musico-julio-valecillos-celebra-su-trayectoria\/","title":{"rendered":"El m\u00fasico Julio Valecillos celebra su trayectoria"},"content":{"rendered":"<p><a href=\"http:\/\/digital58.com.ve\/site\/wp-content\/uploads\/2017\/06\/julio-valecillos.jpg\"><img loading=\"lazy\" decoding=\"async\" class=\"aligncenter size-full wp-image-65738\" src=\"http:\/\/digital58.com.ve\/site\/wp-content\/uploads\/2017\/06\/julio-valecillos.jpg\" alt=\"\" width=\"1232\" height=\"816\" srcset=\"https:\/\/digital58.com.ve\/site\/wp-content\/uploads\/2017\/06\/julio-valecillos.jpg 800w, https:\/\/digital58.com.ve\/site\/wp-content\/uploads\/2017\/06\/julio-valecillos-300x199.jpg 300w, https:\/\/digital58.com.ve\/site\/wp-content\/uploads\/2017\/06\/julio-valecillos-768x509.jpg 768w\" sizes=\"auto, (max-width: 1232px) 100vw, 1232px\" \/><\/a><br \/>\nEl m\u00fasico guitarrista Julio Valecillos conmemora 17 a\u00f1os de trayectoria, en los cuales ha llevado el sonido de sus cuerdas por toda Venezuela. M\u00faltiples han sido sus participaciones dentro de la m\u00fasica a nivel nacional, incluyendo su incursi\u00f3n en Tecupae, agrupaci\u00f3n venezolana de talla internacional, en donde sent\u00f3 bases hasta la actualidad y en la cual destac\u00f3 por la grabaci\u00f3n del disco \u00abSuerte\u00bb, nominado al Grammy Latino en el a\u00f1o 2013.<\/p>\n<p><strong>Maracaibo, Zulia, Venezuela, 11 de junio de 2017 (D58).-<\/strong> Sus comienzos musicales se remontan a su infancia, en donde bajo la influencia de un abuelo saxofonista y una madre pianista, Julio se ve motivado a la ejecuci\u00f3n de distintos instrumentos, pero es a los 12 a\u00f1os cuando se enamora de la guitarra.<\/p>\n<p>Dentro de su faceta profesional como guitarrista destacan sus pasos por agrupaciones regionales como: Wepa G, Yenyer\u00e9, V\u00eda y Jefe. La participaci\u00f3n especial en el tema y video musical \u00abLo Que O\u00ed\u00bb del famoso cantautor venezolano Samuel. As\u00ed como su colaboraci\u00f3n en el a\u00f1o 2011 junto al maestro Pedro Eustache, solista principal de vientos del m\u00fasico griego Yanni.<\/p>\n<p>Comprometido con su pa\u00eds y con la obra social que como m\u00fasico puede aportar, Julio ha colaborado en varias ocasiones con la Fundaci\u00f3n Huellas, encargada de dirigir la educaci\u00f3n especial de ni\u00f1os y adolescentes; y de igual forma fue durante un a\u00f1o profesor de World Music, una de las tiendas de sonido, instrumentos y academia m\u00e1s importantes del pa\u00eds, realizando dentro de ella, cl\u00ednicas dirigidas y especializadas en guitarra.<\/p>\n<p>Julio, nacido en la ciudad de Maracaibo un 24 de abril, inici\u00f3, como buen hijo de esta tierra, su camino profesional en la gaita en el a\u00f1o 99, para luego formar su propia agrupaci\u00f3n llamada \u00ab\u00c9xtasis\u00bb, con la cual interpretaba diferentes g\u00e9neros.<\/p>\n<p>Hoy en d\u00eda es considerado uno de los mejores m\u00fasicos de Venezuela, lo que lo hizo acreedor en el a\u00f1o 2014 del premio Mara de Oro como guitarrista de mayor impacto a nivel nacional y en el a\u00f1o 2016 recibe el premio Mara de Oro por su exitosa trayectoria de m\u00e1s de 15 a\u00f1os en Venezuela.<\/p>\n<p>Redes Sociales: Instagram: @juliovalezeau<\/p><div class=\"ltscs69f32cf37ad0a\" ><p style=\"text-align: center;\"><a href=\"https:\/\/t.me\/noticiasdigital58\" target=\"_blank\" rel=\"noopener\"><img class=\"aligncenter size-full wp-image-125363\" src=\"https:\/\/digital58.com.ve\/site\/wp-content\/uploads\/2021\/04\/banner-telegram-web-2021.png\" alt=\"\" width=\"600\" height=\"90\" \/><\/a><\/p><\/div><style type=\"text\/css\">\r\n@media screen and (min-width: 1201px) {\r\n.ltscs69f32cf37ad0a {\r\ndisplay: block;\r\n}\r\n}\r\n@media screen and (min-width: 993px) and (max-width: 1200px) {\r\n.ltscs69f32cf37ad0a {\r\ndisplay: block;\r\n}\r\n}\r\n@media screen and (min-width: 769px) and (max-width: 992px) {\r\n.ltscs69f32cf37ad0a {\r\ndisplay: block;\r\n}\r\n}\r\n@media screen and (min-width: 768px) and (max-width: 768px) {\r\n.ltscs69f32cf37ad0a {\r\ndisplay: block;\r\n}\r\n}\r\n@media screen and (max-width: 767px) {\r\n.ltscs69f32cf37ad0a {\r\ndisplay: block;\r\n}\r\n}\r\n<\/style>\r\n\n<p><strong>Redacci\u00f3n y fuente: Eurradelys Larez \/ Erwing Caspersen<\/strong><br \/>\n<strong>Edici\u00f3n: Villasmil, Henry<\/strong><br \/>\n<strong>Foto: cortes\u00eda<\/strong><\/p>\n<div style=\"margin-top: 0px; margin-bottom: 0px;\" class=\"sharethis-inline-share-buttons\" ><\/div>","protected":false},"excerpt":{"rendered":"<p>El m\u00fasico guitarrista Julio Valecillos conmemora 17 a\u00f1os de trayectoria, en los cuales ha llevado el sonido de sus cuerdas<\/p>\n","protected":false},"author":1,"featured_media":65738,"comment_status":"open","ping_status":"closed","sticky":false,"template":"","format":"standard","meta":{"colormag_page_container_layout":"default_layout","colormag_page_sidebar_layout":"default_layout","_uag_custom_page_level_css":"","footnotes":""},"categories":[5414],"tags":[50,7852,73,61,2418,2354,210,32],"class_list":["post-65737","post","type-post","status-publish","format-standard","has-post-thumbnail","hentry","category-talento_nacional","tag-entretenimiento","tag-julio-valecillos","tag-maracaibo","tag-musica","tag-musicos","tag-regionales","tag-venezolanos-destacados","tag-venezuela"],"yoast_head":"<!-- This site is optimized with the Yoast SEO plugin v27.5 - https:\/\/yoast.com\/product\/yoast-seo-wordpress\/ -->\n<title>El m\u00fasico Julio Valecillos celebra su trayectoria<\/title>\n<meta name=\"robots\" content=\"index, follow, max-snippet:-1, max-image-preview:large, max-video-preview:-1\" \/>\n<link rel=\"canonical\" href=\"https:\/\/digital58.com.ve\/site\/2017\/06\/11\/el-musico-julio-valecillos-celebra-su-trayectoria\/\" \/>\n<meta property=\"og:locale\" content=\"es_ES\" \/>\n<meta property=\"og:type\" content=\"article\" \/>\n<meta property=\"og:title\" content=\"El m\u00fasico Julio Valecillos celebra su trayectoria\" \/>\n<meta property=\"og:url\" content=\"https:\/\/digital58.com.ve\/site\/2017\/06\/11\/el-musico-julio-valecillos-celebra-su-trayectoria\/\" \/>\n<meta property=\"og:site_name\" content=\"Noticias Digital58\" \/>\n<meta property=\"article:published_time\" content=\"2017-06-12T02:00:25+00:00\" \/>\n<meta property=\"og:image\" content=\"https:\/\/digital58.com.ve\/site\/wp-content\/uploads\/2017\/06\/julio-valecillos.jpg\" \/>\n\t<meta property=\"og:image:width\" content=\"1232\" \/>\n\t<meta property=\"og:image:height\" content=\"816\" \/>\n\t<meta property=\"og:image:type\" content=\"image\/jpeg\" \/>\n<meta name=\"author\" content=\"Villasmil Henry\" \/>\n<meta name=\"twitter:card\" content=\"summary_large_image\" \/>\n<meta name=\"twitter:creator\" content=\"@https:\/\/twitter.com\/villasmilhfoto\" \/>\n<meta name=\"twitter:site\" content=\"@villasmilhfoto\" \/>\n<meta name=\"twitter:label1\" content=\"Escrito por\" \/>\n\t<meta name=\"twitter:data1\" content=\"Villasmil Henry\" \/>\n\t<meta name=\"twitter:label2\" content=\"Tiempo estimado de lectura\" \/>\n\t<meta name=\"twitter:data2\" content=\"2 minutos\" \/>\n<script type=\"application\/ld+json\" class=\"yoast-schema-graph\">{\"@context\":\"https:\\\/\\\/schema.org\",\"@graph\":[{\"@type\":\"Article\",\"@id\":\"https:\\\/\\\/digital58.com.ve\\\/site\\\/2017\\\/06\\\/11\\\/el-musico-julio-valecillos-celebra-su-trayectoria\\\/#article\",\"isPartOf\":{\"@id\":\"https:\\\/\\\/digital58.com.ve\\\/site\\\/2017\\\/06\\\/11\\\/el-musico-julio-valecillos-celebra-su-trayectoria\\\/\"},\"author\":{\"name\":\"Villasmil Henry\",\"@id\":\"https:\\\/\\\/digital58.com.ve\\\/site\\\/#\\\/schema\\\/person\\\/64d1c2e4d0d4fd1b849980c4331c2951\"},\"headline\":\"El m\u00fasico Julio Valecillos celebra su trayectoria\",\"datePublished\":\"2017-06-12T02:00:25+00:00\",\"mainEntityOfPage\":{\"@id\":\"https:\\\/\\\/digital58.com.ve\\\/site\\\/2017\\\/06\\\/11\\\/el-musico-julio-valecillos-celebra-su-trayectoria\\\/\"},\"wordCount\":398,\"commentCount\":0,\"publisher\":{\"@id\":\"https:\\\/\\\/digital58.com.ve\\\/site\\\/#\\\/schema\\\/person\\\/64d1c2e4d0d4fd1b849980c4331c2951\"},\"image\":{\"@id\":\"https:\\\/\\\/digital58.com.ve\\\/site\\\/2017\\\/06\\\/11\\\/el-musico-julio-valecillos-celebra-su-trayectoria\\\/#primaryimage\"},\"thumbnailUrl\":\"https:\\\/\\\/digital58.com.ve\\\/site\\\/wp-content\\\/uploads\\\/2017\\\/06\\\/julio-valecillos.jpg\",\"keywords\":[\"Entretenimiento\",\"Julio Valecillos\",\"Maracaibo\",\"M\u00fasica\",\"M\u00fasicos\",\"Regionales\",\"Venezolanos Destacados\",\"Venezuela\"],\"articleSection\":[\"Talento Nacional\"],\"inLanguage\":\"es\",\"potentialAction\":[{\"@type\":\"CommentAction\",\"name\":\"Comment\",\"target\":[\"https:\\\/\\\/digital58.com.ve\\\/site\\\/2017\\\/06\\\/11\\\/el-musico-julio-valecillos-celebra-su-trayectoria\\\/#respond\"]}]},{\"@type\":\"WebPage\",\"@id\":\"https:\\\/\\\/digital58.com.ve\\\/site\\\/2017\\\/06\\\/11\\\/el-musico-julio-valecillos-celebra-su-trayectoria\\\/\",\"url\":\"https:\\\/\\\/digital58.com.ve\\\/site\\\/2017\\\/06\\\/11\\\/el-musico-julio-valecillos-celebra-su-trayectoria\\\/\",\"name\":\"El m\u00fasico Julio Valecillos celebra su trayectoria\",\"isPartOf\":{\"@id\":\"https:\\\/\\\/digital58.com.ve\\\/site\\\/#website\"},\"primaryImageOfPage\":{\"@id\":\"https:\\\/\\\/digital58.com.ve\\\/site\\\/2017\\\/06\\\/11\\\/el-musico-julio-valecillos-celebra-su-trayectoria\\\/#primaryimage\"},\"image\":{\"@id\":\"https:\\\/\\\/digital58.com.ve\\\/site\\\/2017\\\/06\\\/11\\\/el-musico-julio-valecillos-celebra-su-trayectoria\\\/#primaryimage\"},\"thumbnailUrl\":\"https:\\\/\\\/digital58.com.ve\\\/site\\\/wp-content\\\/uploads\\\/2017\\\/06\\\/julio-valecillos.jpg\",\"datePublished\":\"2017-06-12T02:00:25+00:00\",\"breadcrumb\":{\"@id\":\"https:\\\/\\\/digital58.com.ve\\\/site\\\/2017\\\/06\\\/11\\\/el-musico-julio-valecillos-celebra-su-trayectoria\\\/#breadcrumb\"},\"inLanguage\":\"es\",\"potentialAction\":[{\"@type\":\"ReadAction\",\"target\":[\"https:\\\/\\\/digital58.com.ve\\\/site\\\/2017\\\/06\\\/11\\\/el-musico-julio-valecillos-celebra-su-trayectoria\\\/\"]}]},{\"@type\":\"ImageObject\",\"inLanguage\":\"es\",\"@id\":\"https:\\\/\\\/digital58.com.ve\\\/site\\\/2017\\\/06\\\/11\\\/el-musico-julio-valecillos-celebra-su-trayectoria\\\/#primaryimage\",\"url\":\"https:\\\/\\\/digital58.com.ve\\\/site\\\/wp-content\\\/uploads\\\/2017\\\/06\\\/julio-valecillos.jpg\",\"contentUrl\":\"https:\\\/\\\/digital58.com.ve\\\/site\\\/wp-content\\\/uploads\\\/2017\\\/06\\\/julio-valecillos.jpg\",\"width\":800,\"height\":530},{\"@type\":\"BreadcrumbList\",\"@id\":\"https:\\\/\\\/digital58.com.ve\\\/site\\\/2017\\\/06\\\/11\\\/el-musico-julio-valecillos-celebra-su-trayectoria\\\/#breadcrumb\",\"itemListElement\":[{\"@type\":\"ListItem\",\"position\":1,\"name\":\"Home\",\"item\":\"https:\\\/\\\/digital58.com.ve\\\/site\\\/\"},{\"@type\":\"ListItem\",\"position\":2,\"name\":\"El m\u00fasico Julio Valecillos celebra su trayectoria\"}]},{\"@type\":\"WebSite\",\"@id\":\"https:\\\/\\\/digital58.com.ve\\\/site\\\/#website\",\"url\":\"https:\\\/\\\/digital58.com.ve\\\/site\\\/\",\"name\":\"Noticias Digital58\",\"description\":\"Portal de Noticias \u00a1Periodismo web de verdad! Lanzamiento web 22.11.2005 \\\/ Maracaibo, Venezuela\",\"publisher\":{\"@id\":\"https:\\\/\\\/digital58.com.ve\\\/site\\\/#\\\/schema\\\/person\\\/64d1c2e4d0d4fd1b849980c4331c2951\"},\"alternateName\":\"ND58\",\"potentialAction\":[{\"@type\":\"SearchAction\",\"target\":{\"@type\":\"EntryPoint\",\"urlTemplate\":\"https:\\\/\\\/digital58.com.ve\\\/site\\\/?s={search_term_string}\"},\"query-input\":{\"@type\":\"PropertyValueSpecification\",\"valueRequired\":true,\"valueName\":\"search_term_string\"}}],\"inLanguage\":\"es\"},{\"@type\":[\"Person\",\"Organization\"],\"@id\":\"https:\\\/\\\/digital58.com.ve\\\/site\\\/#\\\/schema\\\/person\\\/64d1c2e4d0d4fd1b849980c4331c2951\",\"name\":\"Villasmil Henry\",\"image\":{\"@type\":\"ImageObject\",\"inLanguage\":\"es\",\"@id\":\"https:\\\/\\\/secure.gravatar.com\\\/avatar\\\/bb0c4a2fcb7970138239f7e404ea75757b1b507b28b5ce4c53fbd62d797c5a7c?s=96&d=mm&r=g\",\"url\":\"https:\\\/\\\/secure.gravatar.com\\\/avatar\\\/bb0c4a2fcb7970138239f7e404ea75757b1b507b28b5ce4c53fbd62d797c5a7c?s=96&d=mm&r=g\",\"contentUrl\":\"https:\\\/\\\/secure.gravatar.com\\\/avatar\\\/bb0c4a2fcb7970138239f7e404ea75757b1b507b28b5ce4c53fbd62d797c5a7c?s=96&d=mm&r=g\",\"caption\":\"Villasmil Henry\"},\"logo\":{\"@id\":\"https:\\\/\\\/secure.gravatar.com\\\/avatar\\\/bb0c4a2fcb7970138239f7e404ea75757b1b507b28b5ce4c53fbd62d797c5a7c?s=96&d=mm&r=g\"},\"sameAs\":[\"http:\\\/\\\/www.henryvillasmil.com.ve\",\"https:\\\/\\\/www.instagram.com\\\/villasmilhfoto\\\/\",\"https:\\\/\\\/x.com\\\/https:\\\/\\\/twitter.com\\\/villasmilhfoto\"],\"url\":\"https:\\\/\\\/digital58.com.ve\\\/site\\\/author\\\/droopy_68\\\/\"}]}<\/script>\n<!-- \/ Yoast SEO plugin. -->","yoast_head_json":{"title":"El m\u00fasico Julio Valecillos celebra su trayectoria","robots":{"index":"index","follow":"follow","max-snippet":"max-snippet:-1","max-image-preview":"max-image-preview:large","max-video-preview":"max-video-preview:-1"},"canonical":"https:\/\/digital58.com.ve\/site\/2017\/06\/11\/el-musico-julio-valecillos-celebra-su-trayectoria\/","og_locale":"es_ES","og_type":"article","og_title":"El m\u00fasico Julio Valecillos celebra su trayectoria","og_url":"https:\/\/digital58.com.ve\/site\/2017\/06\/11\/el-musico-julio-valecillos-celebra-su-trayectoria\/","og_site_name":"Noticias Digital58","article_published_time":"2017-06-12T02:00:25+00:00","og_image":[{"width":1232,"height":816,"url":"https:\/\/digital58.com.ve\/site\/wp-content\/uploads\/2017\/06\/julio-valecillos.jpg","type":"image\/jpeg"}],"author":"Villasmil Henry","twitter_card":"summary_large_image","twitter_creator":"@https:\/\/twitter.com\/villasmilhfoto","twitter_site":"@villasmilhfoto","twitter_misc":{"Escrito por":"Villasmil Henry","Tiempo estimado de lectura":"2 minutos"},"schema":{"@context":"https:\/\/schema.org","@graph":[{"@type":"Article","@id":"https:\/\/digital58.com.ve\/site\/2017\/06\/11\/el-musico-julio-valecillos-celebra-su-trayectoria\/#article","isPartOf":{"@id":"https:\/\/digital58.com.ve\/site\/2017\/06\/11\/el-musico-julio-valecillos-celebra-su-trayectoria\/"},"author":{"name":"Villasmil Henry","@id":"https:\/\/digital58.com.ve\/site\/#\/schema\/person\/64d1c2e4d0d4fd1b849980c4331c2951"},"headline":"El m\u00fasico Julio Valecillos celebra su trayectoria","datePublished":"2017-06-12T02:00:25+00:00","mainEntityOfPage":{"@id":"https:\/\/digital58.com.ve\/site\/2017\/06\/11\/el-musico-julio-valecillos-celebra-su-trayectoria\/"},"wordCount":398,"commentCount":0,"publisher":{"@id":"https:\/\/digital58.com.ve\/site\/#\/schema\/person\/64d1c2e4d0d4fd1b849980c4331c2951"},"image":{"@id":"https:\/\/digital58.com.ve\/site\/2017\/06\/11\/el-musico-julio-valecillos-celebra-su-trayectoria\/#primaryimage"},"thumbnailUrl":"https:\/\/digital58.com.ve\/site\/wp-content\/uploads\/2017\/06\/julio-valecillos.jpg","keywords":["Entretenimiento","Julio Valecillos","Maracaibo","M\u00fasica","M\u00fasicos","Regionales","Venezolanos Destacados","Venezuela"],"articleSection":["Talento Nacional"],"inLanguage":"es","potentialAction":[{"@type":"CommentAction","name":"Comment","target":["https:\/\/digital58.com.ve\/site\/2017\/06\/11\/el-musico-julio-valecillos-celebra-su-trayectoria\/#respond"]}]},{"@type":"WebPage","@id":"https:\/\/digital58.com.ve\/site\/2017\/06\/11\/el-musico-julio-valecillos-celebra-su-trayectoria\/","url":"https:\/\/digital58.com.ve\/site\/2017\/06\/11\/el-musico-julio-valecillos-celebra-su-trayectoria\/","name":"El m\u00fasico Julio Valecillos celebra su trayectoria","isPartOf":{"@id":"https:\/\/digital58.com.ve\/site\/#website"},"primaryImageOfPage":{"@id":"https:\/\/digital58.com.ve\/site\/2017\/06\/11\/el-musico-julio-valecillos-celebra-su-trayectoria\/#primaryimage"},"image":{"@id":"https:\/\/digital58.com.ve\/site\/2017\/06\/11\/el-musico-julio-valecillos-celebra-su-trayectoria\/#primaryimage"},"thumbnailUrl":"https:\/\/digital58.com.ve\/site\/wp-content\/uploads\/2017\/06\/julio-valecillos.jpg","datePublished":"2017-06-12T02:00:25+00:00","breadcrumb":{"@id":"https:\/\/digital58.com.ve\/site\/2017\/06\/11\/el-musico-julio-valecillos-celebra-su-trayectoria\/#breadcrumb"},"inLanguage":"es","potentialAction":[{"@type":"ReadAction","target":["https:\/\/digital58.com.ve\/site\/2017\/06\/11\/el-musico-julio-valecillos-celebra-su-trayectoria\/"]}]},{"@type":"ImageObject","inLanguage":"es","@id":"https:\/\/digital58.com.ve\/site\/2017\/06\/11\/el-musico-julio-valecillos-celebra-su-trayectoria\/#primaryimage","url":"https:\/\/digital58.com.ve\/site\/wp-content\/uploads\/2017\/06\/julio-valecillos.jpg","contentUrl":"https:\/\/digital58.com.ve\/site\/wp-content\/uploads\/2017\/06\/julio-valecillos.jpg","width":800,"height":530},{"@type":"BreadcrumbList","@id":"https:\/\/digital58.com.ve\/site\/2017\/06\/11\/el-musico-julio-valecillos-celebra-su-trayectoria\/#breadcrumb","itemListElement":[{"@type":"ListItem","position":1,"name":"Home","item":"https:\/\/digital58.com.ve\/site\/"},{"@type":"ListItem","position":2,"name":"El m\u00fasico Julio Valecillos celebra su trayectoria"}]},{"@type":"WebSite","@id":"https:\/\/digital58.com.ve\/site\/#website","url":"https:\/\/digital58.com.ve\/site\/","name":"Noticias Digital58","description":"Portal de Noticias \u00a1Periodismo web de verdad! Lanzamiento web 22.11.2005 \/ Maracaibo, Venezuela","publisher":{"@id":"https:\/\/digital58.com.ve\/site\/#\/schema\/person\/64d1c2e4d0d4fd1b849980c4331c2951"},"alternateName":"ND58","potentialAction":[{"@type":"SearchAction","target":{"@type":"EntryPoint","urlTemplate":"https:\/\/digital58.com.ve\/site\/?s={search_term_string}"},"query-input":{"@type":"PropertyValueSpecification","valueRequired":true,"valueName":"search_term_string"}}],"inLanguage":"es"},{"@type":["Person","Organization"],"@id":"https:\/\/digital58.com.ve\/site\/#\/schema\/person\/64d1c2e4d0d4fd1b849980c4331c2951","name":"Villasmil Henry","image":{"@type":"ImageObject","inLanguage":"es","@id":"https:\/\/secure.gravatar.com\/avatar\/bb0c4a2fcb7970138239f7e404ea75757b1b507b28b5ce4c53fbd62d797c5a7c?s=96&d=mm&r=g","url":"https:\/\/secure.gravatar.com\/avatar\/bb0c4a2fcb7970138239f7e404ea75757b1b507b28b5ce4c53fbd62d797c5a7c?s=96&d=mm&r=g","contentUrl":"https:\/\/secure.gravatar.com\/avatar\/bb0c4a2fcb7970138239f7e404ea75757b1b507b28b5ce4c53fbd62d797c5a7c?s=96&d=mm&r=g","caption":"Villasmil Henry"},"logo":{"@id":"https:\/\/secure.gravatar.com\/avatar\/bb0c4a2fcb7970138239f7e404ea75757b1b507b28b5ce4c53fbd62d797c5a7c?s=96&d=mm&r=g"},"sameAs":["http:\/\/www.henryvillasmil.com.ve","https:\/\/www.instagram.com\/villasmilhfoto\/","https:\/\/x.com\/https:\/\/twitter.com\/villasmilhfoto"],"url":"https:\/\/digital58.com.ve\/site\/author\/droopy_68\/"}]}},"uagb_featured_image_src":{"full":["https:\/\/digital58.com.ve\/site\/wp-content\/uploads\/2017\/06\/julio-valecillos.jpg",800,530,false],"thumbnail":["https:\/\/digital58.com.ve\/site\/wp-content\/uploads\/2017\/06\/julio-valecillos-150x150.jpg",150,150,true],"medium":["https:\/\/digital58.com.ve\/site\/wp-content\/uploads\/2017\/06\/julio-valecillos-300x199.jpg",300,199,true],"medium_large":["https:\/\/digital58.com.ve\/site\/wp-content\/uploads\/2017\/06\/julio-valecillos-768x509.jpg",768,509,true],"large":["https:\/\/digital58.com.ve\/site\/wp-content\/uploads\/2017\/06\/julio-valecillos.jpg",800,530,false],"1536x1536":["https:\/\/digital58.com.ve\/site\/wp-content\/uploads\/2017\/06\/julio-valecillos.jpg",800,530,false],"2048x2048":["https:\/\/digital58.com.ve\/site\/wp-content\/uploads\/2017\/06\/julio-valecillos.jpg",800,530,false],"colormag-highlighted-post":["https:\/\/digital58.com.ve\/site\/wp-content\/uploads\/2017\/06\/julio-valecillos.jpg",392,260,false],"colormag-featured-post-medium":["https:\/\/digital58.com.ve\/site\/wp-content\/uploads\/2017\/06\/julio-valecillos.jpg",309,205,false],"colormag-featured-post-small":["https:\/\/digital58.com.ve\/site\/wp-content\/uploads\/2017\/06\/julio-valecillos.jpg",130,86,false],"colormag-featured-image":["https:\/\/digital58.com.ve\/site\/wp-content\/uploads\/2017\/06\/julio-valecillos.jpg",672,445,false],"colormag-default-news":["https:\/\/digital58.com.ve\/site\/wp-content\/uploads\/2017\/06\/julio-valecillos.jpg",150,99,false],"colormag-featured-image-large":["https:\/\/digital58.com.ve\/site\/wp-content\/uploads\/2017\/06\/julio-valecillos.jpg",800,530,false]},"uagb_author_info":{"display_name":"Villasmil Henry","author_link":"https:\/\/digital58.com.ve\/site\/author\/droopy_68\/"},"uagb_comment_info":0,"uagb_excerpt":"El m\u00fasico guitarrista Julio Valecillos conmemora 17 a\u00f1os de trayectoria, en los cuales ha llevado el sonido de sus cuerdas","_links":{"self":[{"href":"https:\/\/digital58.com.ve\/site\/wp-json\/wp\/v2\/posts\/65737","targetHints":{"allow":["GET"]}}],"collection":[{"href":"https:\/\/digital58.com.ve\/site\/wp-json\/wp\/v2\/posts"}],"about":[{"href":"https:\/\/digital58.com.ve\/site\/wp-json\/wp\/v2\/types\/post"}],"author":[{"embeddable":true,"href":"https:\/\/digital58.com.ve\/site\/wp-json\/wp\/v2\/users\/1"}],"replies":[{"embeddable":true,"href":"https:\/\/digital58.com.ve\/site\/wp-json\/wp\/v2\/comments?post=65737"}],"version-history":[{"count":0,"href":"https:\/\/digital58.com.ve\/site\/wp-json\/wp\/v2\/posts\/65737\/revisions"}],"wp:featuredmedia":[{"embeddable":true,"href":"https:\/\/digital58.com.ve\/site\/wp-json\/wp\/v2\/media\/65738"}],"wp:attachment":[{"href":"https:\/\/digital58.com.ve\/site\/wp-json\/wp\/v2\/media?parent=65737"}],"wp:term":[{"taxonomy":"category","embeddable":true,"href":"https:\/\/digital58.com.ve\/site\/wp-json\/wp\/v2\/categories?post=65737"},{"taxonomy":"post_tag","embeddable":true,"href":"https:\/\/digital58.com.ve\/site\/wp-json\/wp\/v2\/tags?post=65737"}],"curies":[{"name":"wp","href":"https:\/\/api.w.org\/{rel}","templated":true}]}}