{"id":66178,"date":"2017-06-27T05:42:10","date_gmt":"2017-06-27T09:42:10","guid":{"rendered":"http:\/\/digital58.com.ve\/site\/?p=66178"},"modified":"2017-06-27T05:44:04","modified_gmt":"2017-06-27T09:44:04","slug":"euribiades-garcia-a-nadie-le-duele-mas-guerreros-que-a-mi","status":"publish","type":"post","link":"https:\/\/digital58.com.ve\/site\/2017\/06\/27\/euribiades-garcia-a-nadie-le-duele-mas-guerreros-que-a-mi\/","title":{"rendered":"Eurib\u00edades Garc\u00eda: \u00aba nadie le duele m\u00e1s Guerreros que a mi\u00bb"},"content":{"rendered":"<p><a href=\"http:\/\/digital58.com.ve\/site\/wp-content\/uploads\/2017\/06\/guerreros2.jpg\"><img loading=\"lazy\" decoding=\"async\" class=\"aligncenter size-large wp-image-66601\" src=\"http:\/\/digital58.com.ve\/site\/wp-content\/uploads\/2017\/06\/guerreros2-1500x977.jpg\" alt=\"\" width=\"640\" height=\"417\" srcset=\"https:\/\/digital58.com.ve\/site\/wp-content\/uploads\/2017\/06\/guerreros2-1500x977.jpg 1500w, https:\/\/digital58.com.ve\/site\/wp-content\/uploads\/2017\/06\/guerreros2-300x195.jpg 300w, https:\/\/digital58.com.ve\/site\/wp-content\/uploads\/2017\/06\/guerreros2-768x500.jpg 768w, https:\/\/digital58.com.ve\/site\/wp-content\/uploads\/2017\/06\/guerreros2.jpg 800w\" sizes=\"auto, (max-width: 640px) 100vw, 640px\" \/><\/a><\/p>\n<p>El presidente del equipo de f\u00fatbol sala Guerreros del Lago, Eurib\u00edades Garc\u00eda, junto al director t\u00e9cnico del equipo, Jhonny Mar\u00edn, y cuatro jugadores, compadecieron ante los medios de comunicaci\u00f3n, para aclarar los rumores con respecto a la venta de su derecho deportivo. El equipo lacustre, quienes llevan nueve finales consecutivas y dos campeonatos alcanzados, decidi\u00f3 para la pr\u00f3xima temporada vender su derecho deportivo a Trotamundos, con el fin de mantener al equipo en pie.<\/p>\n<p><strong>Maracaibo, Zulia, Venezuela, 19 de junio de 2017 (D58).-\u00a0<\/strong>\u00abA nadie le va a doler esto m\u00e1s que a mi\u00bb, expres\u00f3 Garc\u00eda, tras vender los derechos deportivos de Guerreros del Lago.<\/p>\n<p>\u00abLas circunstancias cambiaron. La situaci\u00f3n del pa\u00eds no es la misma de a\u00f1os atr\u00e1s, no se puede costear lo necesario para ir los partidos y el apoyo no se hizo presente\u00bb, fueron las palabras del presidente de la franquicia.<\/p>\n<p>Guerreros del Lago nace en 2006 como equipo de f\u00fatbol sala, llamado Digarsa. En 2008 juegan su primer torneo nacional, y fue en 2011 que recibe su nombre actual, convirti\u00e9ndose en el equipo m\u00e1s importante a nivel nacional.<\/p>\n<p>Eurib\u00edades Garc\u00eda, presidente y principal due\u00f1o de Guerreros del Lago, convoc\u00f3 a una rueda de prensa la pasada semana, para aclarar que Guerreros del Lago sigue pero no participar\u00e1 en la pr\u00f3xima Liga Superior F\u00fatsal, puesto que, vendi\u00f3 su derecho deportivo a Trotamundos de Carabobo.<\/p>\n<p>Esta decisi\u00f3n nace por la necesidad que tiene el club de seguir en pie, pues no cuentan con el ingreso suficiente para poder mantener al equipo regional, una opci\u00f3n que tuvo que ser tomada a una fecha tope, del cual depend\u00edan si segu\u00edan o no.<\/p>\n<p>La Liga Superior de F\u00fatsal nace con 6 equipo a nivel nacional, en 2015 se abre el cupo para dos grupos m\u00e1s, donde se unieron a las filas Vikingos de Miranda y Titanes del Oriente, el cual abandona la liga un a\u00f1o despu\u00e9s de haberla comenzado.<\/p>\n<p>Guerreros del Lago, quienes llevan nueve finales consecutivas y dos campeonatos conseguidos, decidi\u00f3 para la pr\u00f3xima temporada vender su derecho deportivo a Trotamundos, con el fin de mantener al equipo en pie.<\/p>\n<p>En este contrato, el equipo de Trotamundos llevar\u00e1 el coraz\u00f3n Guerreros, ya que se anex\u00f3 a nueve jugadores de Guerreros del Lago; Oliver Parra, Jos\u00e9 Acosta, Reny Sulbaran, Lisbis Esteria, Eduardo Rivero, Andr\u00e9s Sempr\u00fan, Hansel Froil\u00e1n, Nerio Bozo y Norberto Bozo.<\/p>\n<p>Asimismo, tambi\u00e9n buscan contrato para el jugador valenciano Wilfredo Figueroa, Robertoleto Ramos, Javier Villanueva y Greudys Salas.<\/p>\n<p>El director t\u00e9cnico, Jhonny Mar\u00edn, quien tambi\u00e9n fue jugador de Guerreros, se siente complacido con el club, sus jugadores y equipo t\u00e9cnico, as\u00ed mismo se encuentra en conversaciones con equipos de Colombia.<\/p>\n<p>Los jugadores que hicieron presente en la rueda de prensa; Oliver Parra, Jos\u00e9 Acosta, Eny Sulbaran y Hansel Froil\u00e1n; dieron a conocer su tristeza por no seguir en el club pero que todav\u00eda llevan en el coraz\u00f3n, el cual estar\u00e1n llevando en la liga con el uniforme de Trotamundos.<\/p>\n<p>El equipo de Trotamundos comenz\u00f3 sus entrenamientos el mi\u00e9rcoles, 21 de junio, para su debut el viernes, 14 de julio, contra Trujillanos.<\/p>\n<p>La Liga Superior de F\u00fatsal har\u00e1 un expansi\u00f3n, el pr\u00f3ximo a\u00f1o, donde abrir\u00e1n cupo para dos equipos de f\u00fatbol sala, Guerreros del Lago esta en miras a trabajar para lograr ser uno de esos dos equipos que entren en la pr\u00f3xima temporada.<\/p>\n<p>Antes de comenzar la liga, el club pretende organizar un partido de despedida para el equipo nacional, aun se est\u00e1 por concretar el d\u00eda y la sede del encuentro.<\/p>\n<p><strong>Redacci\u00f3n: <a href=\"https:\/\/www.instagram.com\/raquelsofiavera\/\" target=\"_blank\" rel=\"noopener\">Vera, Raquel<\/a><br \/>\nEdici\u00f3n: Villasmil, Henry<\/strong><br \/>\n<strong>Fotos: <a href=\"http:\/\/henryvillasmil.com.ve\/\" target=\"_blank\" rel=\"noopener\">Villasmil, Henry<\/a><\/strong><\/p>\n<p><a href=\"http:\/\/digital58.com.ve\/site\/wp-content\/uploads\/2017\/06\/guerreros.jpg\"><img loading=\"lazy\" decoding=\"async\" class=\"aligncenter size-large wp-image-66602\" src=\"http:\/\/digital58.com.ve\/site\/wp-content\/uploads\/2017\/06\/guerreros-1500x1000.jpg\" alt=\"\" width=\"640\" height=\"427\" srcset=\"https:\/\/digital58.com.ve\/site\/wp-content\/uploads\/2017\/06\/guerreros-1500x1000.jpg 1500w, https:\/\/digital58.com.ve\/site\/wp-content\/uploads\/2017\/06\/guerreros-300x200.jpg 300w, https:\/\/digital58.com.ve\/site\/wp-content\/uploads\/2017\/06\/guerreros-768x512.jpg 768w, https:\/\/digital58.com.ve\/site\/wp-content\/uploads\/2017\/06\/guerreros-720x480.jpg 720w, https:\/\/digital58.com.ve\/site\/wp-content\/uploads\/2017\/06\/guerreros-480x320.jpg 480w, https:\/\/digital58.com.ve\/site\/wp-content\/uploads\/2017\/06\/guerreros.jpg 800w\" sizes=\"auto, (max-width: 640px) 100vw, 640px\" \/><\/a><\/p>\n<p><a href=\"http:\/\/digital58.com.ve\/site\/wp-content\/uploads\/2017\/06\/guerreros-3.jpg\"><img loading=\"lazy\" decoding=\"async\" class=\"aligncenter size-large wp-image-66600\" src=\"http:\/\/digital58.com.ve\/site\/wp-content\/uploads\/2017\/06\/guerreros-3-1500x1000.jpg\" alt=\"\" width=\"640\" height=\"427\" srcset=\"https:\/\/digital58.com.ve\/site\/wp-content\/uploads\/2017\/06\/guerreros-3-1500x1000.jpg 1500w, https:\/\/digital58.com.ve\/site\/wp-content\/uploads\/2017\/06\/guerreros-3-300x200.jpg 300w, https:\/\/digital58.com.ve\/site\/wp-content\/uploads\/2017\/06\/guerreros-3-768x512.jpg 768w, https:\/\/digital58.com.ve\/site\/wp-content\/uploads\/2017\/06\/guerreros-3-720x480.jpg 720w, https:\/\/digital58.com.ve\/site\/wp-content\/uploads\/2017\/06\/guerreros-3-480x320.jpg 480w, https:\/\/digital58.com.ve\/site\/wp-content\/uploads\/2017\/06\/guerreros-3.jpg 800w\" sizes=\"auto, (max-width: 640px) 100vw, 640px\" \/><\/a><\/p>\n<p>&nbsp;<\/p><div class=\"zqyzm69ec8d0cb2fe3\" ><p style=\"text-align: center;\"><a href=\"https:\/\/t.me\/noticiasdigital58\" target=\"_blank\" rel=\"noopener\"><img class=\"aligncenter size-full wp-image-125363\" src=\"https:\/\/digital58.com.ve\/site\/wp-content\/uploads\/2021\/04\/banner-telegram-web-2021.png\" alt=\"\" width=\"600\" height=\"90\" \/><\/a><\/p><\/div><style type=\"text\/css\">\r\n@media screen and (min-width: 1201px) {\r\n.zqyzm69ec8d0cb2fe3 {\r\ndisplay: block;\r\n}\r\n}\r\n@media screen and (min-width: 993px) and (max-width: 1200px) {\r\n.zqyzm69ec8d0cb2fe3 {\r\ndisplay: block;\r\n}\r\n}\r\n@media screen and (min-width: 769px) and (max-width: 992px) {\r\n.zqyzm69ec8d0cb2fe3 {\r\ndisplay: block;\r\n}\r\n}\r\n@media screen and (min-width: 768px) and (max-width: 768px) {\r\n.zqyzm69ec8d0cb2fe3 {\r\ndisplay: block;\r\n}\r\n}\r\n@media screen and (max-width: 767px) {\r\n.zqyzm69ec8d0cb2fe3 {\r\ndisplay: block;\r\n}\r\n}\r\n<\/style>\r\n\n<p>&nbsp;<\/p>\n<div style=\"margin-top: 0px; margin-bottom: 0px;\" class=\"sharethis-inline-share-buttons\" ><\/div>","protected":false},"excerpt":{"rendered":"<p>El presidente del equipo de f\u00fatbol sala Guerreros del Lago, Eurib\u00edades Garc\u00eda, junto al director t\u00e9cnico del equipo, Jhonny Mar\u00edn,<\/p>\n","protected":false},"author":1,"featured_media":66601,"comment_status":"open","ping_status":"closed","sticky":false,"template":"","format":"standard","meta":{"colormag_page_container_layout":"default_layout","colormag_page_sidebar_layout":"default_layout","_uag_custom_page_level_css":"","footnotes":""},"categories":[5402],"tags":[13,190,25,193,73,2354,32,761],"class_list":["post-66178","post","type-post","status-publish","format-standard","has-post-thumbnail","hentry","category-deportes","tag-futbol","tag-futsal","tag-fvf","tag-guerreros-del-lago","tag-maracaibo","tag-regionales","tag-venezuela","tag-zulia"],"yoast_head":"<!-- This site is optimized with the Yoast SEO plugin v27.4 - https:\/\/yoast.com\/product\/yoast-seo-wordpress\/ -->\n<title>Eurib\u00edades Garc\u00eda: \u00aba nadie le duele m\u00e1s Guerreros que a mi\u00bb<\/title>\n<meta name=\"robots\" content=\"index, follow, max-snippet:-1, max-image-preview:large, max-video-preview:-1\" \/>\n<link rel=\"canonical\" href=\"https:\/\/digital58.com.ve\/site\/2017\/06\/27\/euribiades-garcia-a-nadie-le-duele-mas-guerreros-que-a-mi\/\" \/>\n<meta property=\"og:locale\" content=\"es_ES\" \/>\n<meta property=\"og:type\" content=\"article\" \/>\n<meta property=\"og:title\" content=\"Eurib\u00edades Garc\u00eda: \u00aba nadie le duele m\u00e1s Guerreros que a mi\u00bb\" \/>\n<meta property=\"og:url\" content=\"https:\/\/digital58.com.ve\/site\/2017\/06\/27\/euribiades-garcia-a-nadie-le-duele-mas-guerreros-que-a-mi\/\" \/>\n<meta property=\"og:site_name\" content=\"Noticias Digital58\" \/>\n<meta property=\"article:published_time\" content=\"2017-06-27T09:42:10+00:00\" \/>\n<meta property=\"article:modified_time\" content=\"2017-06-27T09:44:04+00:00\" \/>\n<meta property=\"og:image\" content=\"https:\/\/digital58.com.ve\/site\/wp-content\/uploads\/2017\/06\/guerreros2.jpg\" \/>\n\t<meta property=\"og:image:width\" content=\"1535\" \/>\n\t<meta property=\"og:image:height\" content=\"1000\" \/>\n\t<meta property=\"og:image:type\" content=\"image\/jpeg\" \/>\n<meta name=\"author\" content=\"Villasmil Henry\" \/>\n<meta name=\"twitter:card\" content=\"summary_large_image\" \/>\n<meta name=\"twitter:creator\" content=\"@https:\/\/twitter.com\/villasmilhfoto\" \/>\n<meta name=\"twitter:site\" content=\"@villasmilhfoto\" \/>\n<meta name=\"twitter:label1\" content=\"Escrito por\" \/>\n\t<meta name=\"twitter:data1\" content=\"Villasmil Henry\" \/>\n\t<meta name=\"twitter:label2\" content=\"Tiempo estimado de lectura\" \/>\n\t<meta name=\"twitter:data2\" content=\"3 minutos\" \/>\n<script type=\"application\/ld+json\" class=\"yoast-schema-graph\">{\"@context\":\"https:\\\/\\\/schema.org\",\"@graph\":[{\"@type\":\"Article\",\"@id\":\"https:\\\/\\\/digital58.com.ve\\\/site\\\/2017\\\/06\\\/27\\\/euribiades-garcia-a-nadie-le-duele-mas-guerreros-que-a-mi\\\/#article\",\"isPartOf\":{\"@id\":\"https:\\\/\\\/digital58.com.ve\\\/site\\\/2017\\\/06\\\/27\\\/euribiades-garcia-a-nadie-le-duele-mas-guerreros-que-a-mi\\\/\"},\"author\":{\"name\":\"Villasmil Henry\",\"@id\":\"https:\\\/\\\/digital58.com.ve\\\/site\\\/#\\\/schema\\\/person\\\/64d1c2e4d0d4fd1b849980c4331c2951\"},\"headline\":\"Eurib\u00edades Garc\u00eda: \u00aba nadie le duele m\u00e1s Guerreros que a mi\u00bb\",\"datePublished\":\"2017-06-27T09:42:10+00:00\",\"dateModified\":\"2017-06-27T09:44:04+00:00\",\"mainEntityOfPage\":{\"@id\":\"https:\\\/\\\/digital58.com.ve\\\/site\\\/2017\\\/06\\\/27\\\/euribiades-garcia-a-nadie-le-duele-mas-guerreros-que-a-mi\\\/\"},\"wordCount\":653,\"commentCount\":0,\"publisher\":{\"@id\":\"https:\\\/\\\/digital58.com.ve\\\/site\\\/#\\\/schema\\\/person\\\/64d1c2e4d0d4fd1b849980c4331c2951\"},\"image\":{\"@id\":\"https:\\\/\\\/digital58.com.ve\\\/site\\\/2017\\\/06\\\/27\\\/euribiades-garcia-a-nadie-le-duele-mas-guerreros-que-a-mi\\\/#primaryimage\"},\"thumbnailUrl\":\"https:\\\/\\\/digital58.com.ve\\\/site\\\/wp-content\\\/uploads\\\/2017\\\/06\\\/guerreros2.jpg\",\"keywords\":[\"F\u00fatbol\",\"F\u00fatsal\",\"FVF\",\"Guerreros del Lago\",\"Maracaibo\",\"Regionales\",\"Venezuela\",\"Zulia\"],\"articleSection\":[\"Deportes\"],\"inLanguage\":\"es\",\"potentialAction\":[{\"@type\":\"CommentAction\",\"name\":\"Comment\",\"target\":[\"https:\\\/\\\/digital58.com.ve\\\/site\\\/2017\\\/06\\\/27\\\/euribiades-garcia-a-nadie-le-duele-mas-guerreros-que-a-mi\\\/#respond\"]}]},{\"@type\":\"WebPage\",\"@id\":\"https:\\\/\\\/digital58.com.ve\\\/site\\\/2017\\\/06\\\/27\\\/euribiades-garcia-a-nadie-le-duele-mas-guerreros-que-a-mi\\\/\",\"url\":\"https:\\\/\\\/digital58.com.ve\\\/site\\\/2017\\\/06\\\/27\\\/euribiades-garcia-a-nadie-le-duele-mas-guerreros-que-a-mi\\\/\",\"name\":\"Eurib\u00edades Garc\u00eda: \u00aba nadie le duele m\u00e1s Guerreros que a mi\u00bb\",\"isPartOf\":{\"@id\":\"https:\\\/\\\/digital58.com.ve\\\/site\\\/#website\"},\"primaryImageOfPage\":{\"@id\":\"https:\\\/\\\/digital58.com.ve\\\/site\\\/2017\\\/06\\\/27\\\/euribiades-garcia-a-nadie-le-duele-mas-guerreros-que-a-mi\\\/#primaryimage\"},\"image\":{\"@id\":\"https:\\\/\\\/digital58.com.ve\\\/site\\\/2017\\\/06\\\/27\\\/euribiades-garcia-a-nadie-le-duele-mas-guerreros-que-a-mi\\\/#primaryimage\"},\"thumbnailUrl\":\"https:\\\/\\\/digital58.com.ve\\\/site\\\/wp-content\\\/uploads\\\/2017\\\/06\\\/guerreros2.jpg\",\"datePublished\":\"2017-06-27T09:42:10+00:00\",\"dateModified\":\"2017-06-27T09:44:04+00:00\",\"breadcrumb\":{\"@id\":\"https:\\\/\\\/digital58.com.ve\\\/site\\\/2017\\\/06\\\/27\\\/euribiades-garcia-a-nadie-le-duele-mas-guerreros-que-a-mi\\\/#breadcrumb\"},\"inLanguage\":\"es\",\"potentialAction\":[{\"@type\":\"ReadAction\",\"target\":[\"https:\\\/\\\/digital58.com.ve\\\/site\\\/2017\\\/06\\\/27\\\/euribiades-garcia-a-nadie-le-duele-mas-guerreros-que-a-mi\\\/\"]}]},{\"@type\":\"ImageObject\",\"inLanguage\":\"es\",\"@id\":\"https:\\\/\\\/digital58.com.ve\\\/site\\\/2017\\\/06\\\/27\\\/euribiades-garcia-a-nadie-le-duele-mas-guerreros-que-a-mi\\\/#primaryimage\",\"url\":\"https:\\\/\\\/digital58.com.ve\\\/site\\\/wp-content\\\/uploads\\\/2017\\\/06\\\/guerreros2.jpg\",\"contentUrl\":\"https:\\\/\\\/digital58.com.ve\\\/site\\\/wp-content\\\/uploads\\\/2017\\\/06\\\/guerreros2.jpg\",\"width\":800,\"height\":521},{\"@type\":\"BreadcrumbList\",\"@id\":\"https:\\\/\\\/digital58.com.ve\\\/site\\\/2017\\\/06\\\/27\\\/euribiades-garcia-a-nadie-le-duele-mas-guerreros-que-a-mi\\\/#breadcrumb\",\"itemListElement\":[{\"@type\":\"ListItem\",\"position\":1,\"name\":\"Home\",\"item\":\"https:\\\/\\\/digital58.com.ve\\\/site\\\/\"},{\"@type\":\"ListItem\",\"position\":2,\"name\":\"Eurib\u00edades Garc\u00eda: \u00aba nadie le duele m\u00e1s Guerreros que a mi\u00bb\"}]},{\"@type\":\"WebSite\",\"@id\":\"https:\\\/\\\/digital58.com.ve\\\/site\\\/#website\",\"url\":\"https:\\\/\\\/digital58.com.ve\\\/site\\\/\",\"name\":\"Noticias Digital58\",\"description\":\"Portal de Noticias \u00a1Periodismo web de verdad! Lanzamiento web 22.11.2005 \\\/ Maracaibo, Venezuela\",\"publisher\":{\"@id\":\"https:\\\/\\\/digital58.com.ve\\\/site\\\/#\\\/schema\\\/person\\\/64d1c2e4d0d4fd1b849980c4331c2951\"},\"alternateName\":\"ND58\",\"potentialAction\":[{\"@type\":\"SearchAction\",\"target\":{\"@type\":\"EntryPoint\",\"urlTemplate\":\"https:\\\/\\\/digital58.com.ve\\\/site\\\/?s={search_term_string}\"},\"query-input\":{\"@type\":\"PropertyValueSpecification\",\"valueRequired\":true,\"valueName\":\"search_term_string\"}}],\"inLanguage\":\"es\"},{\"@type\":[\"Person\",\"Organization\"],\"@id\":\"https:\\\/\\\/digital58.com.ve\\\/site\\\/#\\\/schema\\\/person\\\/64d1c2e4d0d4fd1b849980c4331c2951\",\"name\":\"Villasmil Henry\",\"image\":{\"@type\":\"ImageObject\",\"inLanguage\":\"es\",\"@id\":\"https:\\\/\\\/secure.gravatar.com\\\/avatar\\\/bb0c4a2fcb7970138239f7e404ea75757b1b507b28b5ce4c53fbd62d797c5a7c?s=96&d=mm&r=g\",\"url\":\"https:\\\/\\\/secure.gravatar.com\\\/avatar\\\/bb0c4a2fcb7970138239f7e404ea75757b1b507b28b5ce4c53fbd62d797c5a7c?s=96&d=mm&r=g\",\"contentUrl\":\"https:\\\/\\\/secure.gravatar.com\\\/avatar\\\/bb0c4a2fcb7970138239f7e404ea75757b1b507b28b5ce4c53fbd62d797c5a7c?s=96&d=mm&r=g\",\"caption\":\"Villasmil Henry\"},\"logo\":{\"@id\":\"https:\\\/\\\/secure.gravatar.com\\\/avatar\\\/bb0c4a2fcb7970138239f7e404ea75757b1b507b28b5ce4c53fbd62d797c5a7c?s=96&d=mm&r=g\"},\"sameAs\":[\"http:\\\/\\\/www.henryvillasmil.com.ve\",\"https:\\\/\\\/www.instagram.com\\\/villasmilhfoto\\\/\",\"https:\\\/\\\/x.com\\\/https:\\\/\\\/twitter.com\\\/villasmilhfoto\"],\"url\":\"https:\\\/\\\/digital58.com.ve\\\/site\\\/author\\\/droopy_68\\\/\"}]}<\/script>\n<!-- \/ Yoast SEO plugin. -->","yoast_head_json":{"title":"Eurib\u00edades Garc\u00eda: \u00aba nadie le duele m\u00e1s Guerreros que a mi\u00bb","robots":{"index":"index","follow":"follow","max-snippet":"max-snippet:-1","max-image-preview":"max-image-preview:large","max-video-preview":"max-video-preview:-1"},"canonical":"https:\/\/digital58.com.ve\/site\/2017\/06\/27\/euribiades-garcia-a-nadie-le-duele-mas-guerreros-que-a-mi\/","og_locale":"es_ES","og_type":"article","og_title":"Eurib\u00edades Garc\u00eda: \u00aba nadie le duele m\u00e1s Guerreros que a mi\u00bb","og_url":"https:\/\/digital58.com.ve\/site\/2017\/06\/27\/euribiades-garcia-a-nadie-le-duele-mas-guerreros-que-a-mi\/","og_site_name":"Noticias Digital58","article_published_time":"2017-06-27T09:42:10+00:00","article_modified_time":"2017-06-27T09:44:04+00:00","og_image":[{"width":1535,"height":1000,"url":"https:\/\/digital58.com.ve\/site\/wp-content\/uploads\/2017\/06\/guerreros2.jpg","type":"image\/jpeg"}],"author":"Villasmil Henry","twitter_card":"summary_large_image","twitter_creator":"@https:\/\/twitter.com\/villasmilhfoto","twitter_site":"@villasmilhfoto","twitter_misc":{"Escrito por":"Villasmil Henry","Tiempo estimado de lectura":"3 minutos"},"schema":{"@context":"https:\/\/schema.org","@graph":[{"@type":"Article","@id":"https:\/\/digital58.com.ve\/site\/2017\/06\/27\/euribiades-garcia-a-nadie-le-duele-mas-guerreros-que-a-mi\/#article","isPartOf":{"@id":"https:\/\/digital58.com.ve\/site\/2017\/06\/27\/euribiades-garcia-a-nadie-le-duele-mas-guerreros-que-a-mi\/"},"author":{"name":"Villasmil Henry","@id":"https:\/\/digital58.com.ve\/site\/#\/schema\/person\/64d1c2e4d0d4fd1b849980c4331c2951"},"headline":"Eurib\u00edades Garc\u00eda: \u00aba nadie le duele m\u00e1s Guerreros que a mi\u00bb","datePublished":"2017-06-27T09:42:10+00:00","dateModified":"2017-06-27T09:44:04+00:00","mainEntityOfPage":{"@id":"https:\/\/digital58.com.ve\/site\/2017\/06\/27\/euribiades-garcia-a-nadie-le-duele-mas-guerreros-que-a-mi\/"},"wordCount":653,"commentCount":0,"publisher":{"@id":"https:\/\/digital58.com.ve\/site\/#\/schema\/person\/64d1c2e4d0d4fd1b849980c4331c2951"},"image":{"@id":"https:\/\/digital58.com.ve\/site\/2017\/06\/27\/euribiades-garcia-a-nadie-le-duele-mas-guerreros-que-a-mi\/#primaryimage"},"thumbnailUrl":"https:\/\/digital58.com.ve\/site\/wp-content\/uploads\/2017\/06\/guerreros2.jpg","keywords":["F\u00fatbol","F\u00fatsal","FVF","Guerreros del Lago","Maracaibo","Regionales","Venezuela","Zulia"],"articleSection":["Deportes"],"inLanguage":"es","potentialAction":[{"@type":"CommentAction","name":"Comment","target":["https:\/\/digital58.com.ve\/site\/2017\/06\/27\/euribiades-garcia-a-nadie-le-duele-mas-guerreros-que-a-mi\/#respond"]}]},{"@type":"WebPage","@id":"https:\/\/digital58.com.ve\/site\/2017\/06\/27\/euribiades-garcia-a-nadie-le-duele-mas-guerreros-que-a-mi\/","url":"https:\/\/digital58.com.ve\/site\/2017\/06\/27\/euribiades-garcia-a-nadie-le-duele-mas-guerreros-que-a-mi\/","name":"Eurib\u00edades Garc\u00eda: \u00aba nadie le duele m\u00e1s Guerreros que a mi\u00bb","isPartOf":{"@id":"https:\/\/digital58.com.ve\/site\/#website"},"primaryImageOfPage":{"@id":"https:\/\/digital58.com.ve\/site\/2017\/06\/27\/euribiades-garcia-a-nadie-le-duele-mas-guerreros-que-a-mi\/#primaryimage"},"image":{"@id":"https:\/\/digital58.com.ve\/site\/2017\/06\/27\/euribiades-garcia-a-nadie-le-duele-mas-guerreros-que-a-mi\/#primaryimage"},"thumbnailUrl":"https:\/\/digital58.com.ve\/site\/wp-content\/uploads\/2017\/06\/guerreros2.jpg","datePublished":"2017-06-27T09:42:10+00:00","dateModified":"2017-06-27T09:44:04+00:00","breadcrumb":{"@id":"https:\/\/digital58.com.ve\/site\/2017\/06\/27\/euribiades-garcia-a-nadie-le-duele-mas-guerreros-que-a-mi\/#breadcrumb"},"inLanguage":"es","potentialAction":[{"@type":"ReadAction","target":["https:\/\/digital58.com.ve\/site\/2017\/06\/27\/euribiades-garcia-a-nadie-le-duele-mas-guerreros-que-a-mi\/"]}]},{"@type":"ImageObject","inLanguage":"es","@id":"https:\/\/digital58.com.ve\/site\/2017\/06\/27\/euribiades-garcia-a-nadie-le-duele-mas-guerreros-que-a-mi\/#primaryimage","url":"https:\/\/digital58.com.ve\/site\/wp-content\/uploads\/2017\/06\/guerreros2.jpg","contentUrl":"https:\/\/digital58.com.ve\/site\/wp-content\/uploads\/2017\/06\/guerreros2.jpg","width":800,"height":521},{"@type":"BreadcrumbList","@id":"https:\/\/digital58.com.ve\/site\/2017\/06\/27\/euribiades-garcia-a-nadie-le-duele-mas-guerreros-que-a-mi\/#breadcrumb","itemListElement":[{"@type":"ListItem","position":1,"name":"Home","item":"https:\/\/digital58.com.ve\/site\/"},{"@type":"ListItem","position":2,"name":"Eurib\u00edades Garc\u00eda: \u00aba nadie le duele m\u00e1s Guerreros que a mi\u00bb"}]},{"@type":"WebSite","@id":"https:\/\/digital58.com.ve\/site\/#website","url":"https:\/\/digital58.com.ve\/site\/","name":"Noticias Digital58","description":"Portal de Noticias \u00a1Periodismo web de verdad! Lanzamiento web 22.11.2005 \/ Maracaibo, Venezuela","publisher":{"@id":"https:\/\/digital58.com.ve\/site\/#\/schema\/person\/64d1c2e4d0d4fd1b849980c4331c2951"},"alternateName":"ND58","potentialAction":[{"@type":"SearchAction","target":{"@type":"EntryPoint","urlTemplate":"https:\/\/digital58.com.ve\/site\/?s={search_term_string}"},"query-input":{"@type":"PropertyValueSpecification","valueRequired":true,"valueName":"search_term_string"}}],"inLanguage":"es"},{"@type":["Person","Organization"],"@id":"https:\/\/digital58.com.ve\/site\/#\/schema\/person\/64d1c2e4d0d4fd1b849980c4331c2951","name":"Villasmil Henry","image":{"@type":"ImageObject","inLanguage":"es","@id":"https:\/\/secure.gravatar.com\/avatar\/bb0c4a2fcb7970138239f7e404ea75757b1b507b28b5ce4c53fbd62d797c5a7c?s=96&d=mm&r=g","url":"https:\/\/secure.gravatar.com\/avatar\/bb0c4a2fcb7970138239f7e404ea75757b1b507b28b5ce4c53fbd62d797c5a7c?s=96&d=mm&r=g","contentUrl":"https:\/\/secure.gravatar.com\/avatar\/bb0c4a2fcb7970138239f7e404ea75757b1b507b28b5ce4c53fbd62d797c5a7c?s=96&d=mm&r=g","caption":"Villasmil Henry"},"logo":{"@id":"https:\/\/secure.gravatar.com\/avatar\/bb0c4a2fcb7970138239f7e404ea75757b1b507b28b5ce4c53fbd62d797c5a7c?s=96&d=mm&r=g"},"sameAs":["http:\/\/www.henryvillasmil.com.ve","https:\/\/www.instagram.com\/villasmilhfoto\/","https:\/\/x.com\/https:\/\/twitter.com\/villasmilhfoto"],"url":"https:\/\/digital58.com.ve\/site\/author\/droopy_68\/"}]}},"uagb_featured_image_src":{"full":["https:\/\/digital58.com.ve\/site\/wp-content\/uploads\/2017\/06\/guerreros2.jpg",800,521,false],"thumbnail":["https:\/\/digital58.com.ve\/site\/wp-content\/uploads\/2017\/06\/guerreros2-150x150.jpg",150,150,true],"medium":["https:\/\/digital58.com.ve\/site\/wp-content\/uploads\/2017\/06\/guerreros2-300x195.jpg",300,195,true],"medium_large":["https:\/\/digital58.com.ve\/site\/wp-content\/uploads\/2017\/06\/guerreros2-768x500.jpg",768,500,true],"large":["https:\/\/digital58.com.ve\/site\/wp-content\/uploads\/2017\/06\/guerreros2-1500x977.jpg",800,521,true],"1536x1536":["https:\/\/digital58.com.ve\/site\/wp-content\/uploads\/2017\/06\/guerreros2.jpg",800,521,false],"2048x2048":["https:\/\/digital58.com.ve\/site\/wp-content\/uploads\/2017\/06\/guerreros2.jpg",800,521,false],"colormag-highlighted-post":["https:\/\/digital58.com.ve\/site\/wp-content\/uploads\/2017\/06\/guerreros2.jpg",392,255,false],"colormag-featured-post-medium":["https:\/\/digital58.com.ve\/site\/wp-content\/uploads\/2017\/06\/guerreros2.jpg",315,205,false],"colormag-featured-post-small":["https:\/\/digital58.com.ve\/site\/wp-content\/uploads\/2017\/06\/guerreros2.jpg",130,85,false],"colormag-featured-image":["https:\/\/digital58.com.ve\/site\/wp-content\/uploads\/2017\/06\/guerreros2.jpg",683,445,false],"colormag-default-news":["https:\/\/digital58.com.ve\/site\/wp-content\/uploads\/2017\/06\/guerreros2.jpg",150,98,false],"colormag-featured-image-large":["https:\/\/digital58.com.ve\/site\/wp-content\/uploads\/2017\/06\/guerreros2.jpg",800,521,false]},"uagb_author_info":{"display_name":"Villasmil Henry","author_link":"https:\/\/digital58.com.ve\/site\/author\/droopy_68\/"},"uagb_comment_info":0,"uagb_excerpt":"El presidente del equipo de f\u00fatbol sala Guerreros del Lago, Eurib\u00edades Garc\u00eda, junto al director t\u00e9cnico del equipo, Jhonny Mar\u00edn,","_links":{"self":[{"href":"https:\/\/digital58.com.ve\/site\/wp-json\/wp\/v2\/posts\/66178","targetHints":{"allow":["GET"]}}],"collection":[{"href":"https:\/\/digital58.com.ve\/site\/wp-json\/wp\/v2\/posts"}],"about":[{"href":"https:\/\/digital58.com.ve\/site\/wp-json\/wp\/v2\/types\/post"}],"author":[{"embeddable":true,"href":"https:\/\/digital58.com.ve\/site\/wp-json\/wp\/v2\/users\/1"}],"replies":[{"embeddable":true,"href":"https:\/\/digital58.com.ve\/site\/wp-json\/wp\/v2\/comments?post=66178"}],"version-history":[{"count":0,"href":"https:\/\/digital58.com.ve\/site\/wp-json\/wp\/v2\/posts\/66178\/revisions"}],"wp:featuredmedia":[{"embeddable":true,"href":"https:\/\/digital58.com.ve\/site\/wp-json\/wp\/v2\/media\/66601"}],"wp:attachment":[{"href":"https:\/\/digital58.com.ve\/site\/wp-json\/wp\/v2\/media?parent=66178"}],"wp:term":[{"taxonomy":"category","embeddable":true,"href":"https:\/\/digital58.com.ve\/site\/wp-json\/wp\/v2\/categories?post=66178"},{"taxonomy":"post_tag","embeddable":true,"href":"https:\/\/digital58.com.ve\/site\/wp-json\/wp\/v2\/tags?post=66178"}],"curies":[{"name":"wp","href":"https:\/\/api.w.org\/{rel}","templated":true}]}}