{"id":66212,"date":"2017-06-20T07:26:42","date_gmt":"2017-06-20T11:26:42","guid":{"rendered":"http:\/\/digital58.com.ve\/site\/?p=66212"},"modified":"2017-06-20T07:26:42","modified_gmt":"2017-06-20T11:26:42","slug":"la-diva-de-america-ana-gabriel-anuncia-gira-mundial","status":"publish","type":"post","link":"https:\/\/digital58.com.ve\/site\/2017\/06\/20\/la-diva-de-america-ana-gabriel-anuncia-gira-mundial\/","title":{"rendered":"\u00abLa Diva de Am\u00e9rica\u00bb Ana Gabriel anuncia Gira Mundial"},"content":{"rendered":"<p><a href=\"http:\/\/digital58.com.ve\/site\/wp-content\/uploads\/2017\/06\/ana-gabriel.jpg\"><img loading=\"lazy\" decoding=\"async\" class=\"aligncenter size-large wp-image-66213\" src=\"http:\/\/digital58.com.ve\/site\/wp-content\/uploads\/2017\/06\/ana-gabriel-1500x915.jpg\" alt=\"\" width=\"640\" height=\"390\" srcset=\"https:\/\/digital58.com.ve\/site\/wp-content\/uploads\/2017\/06\/ana-gabriel-1500x915.jpg 1500w, https:\/\/digital58.com.ve\/site\/wp-content\/uploads\/2017\/06\/ana-gabriel-300x183.jpg 300w, https:\/\/digital58.com.ve\/site\/wp-content\/uploads\/2017\/06\/ana-gabriel-768x468.jpg 768w, https:\/\/digital58.com.ve\/site\/wp-content\/uploads\/2017\/06\/ana-gabriel.jpg 800w\" sizes=\"auto, (max-width: 640px) 100vw, 640px\" \/><\/a><\/p>\n<p>La reina de la balada rom\u00e1ntica y la ranchera est\u00e1 de vuelta con su inconfundible voz y profundas melod\u00edas. La legendaria y multi premiada artista regresa a encantar con su voz al p\u00fablico en su gira \u00abRecopilando Amor 2017\u00bb. Comenzando el pr\u00f3ximo 2 de septiembre en Barranquilla, Colombia, la cantante Mexicana, quien ha vendido m\u00e1s de 50 millones de discos, trae consigo lo mejor de su repertorio de m\u00e1s de 40 a\u00f1os de \u00e9xitos que incluyen un compendio de cl\u00e1sicos como \u00abLuna\u00bb, \u00abQui\u00e9n como t\u00fa\u00bb, \u00abSimplemente amigos\u00bb, \u00abEs Demasiado Tarde\u00bb y \u00abTu Lo Decidiste\u00bb, entre muchos otros.<\/p>\n<p><strong>Maracaibo, Zulia, Venezuela, 20 de marzo de 2017 (D58).-<\/strong> Apodada como \u00abLa Diva de Am\u00e9rica\u00bb, Ana Gabriel es una de las artistas m\u00e1s populares y queridas en el mundo entero. Fiel int\u00e9rprete de rancheras y polifac\u00e9tica baladista, la cantante ha incursionado en el pop, la lambada, la bachata, y trae consigo lo mejor de los m\u00e1s de 30 \u00e1lbumes que conforman su discograf\u00eda.<\/p>\n<p>Iniciado su gira en Colombia, la Mexicana luego se trasladar\u00e1 a M\u00e9xico, Panam\u00e1, Salvador, y llega a los estados unidos el 27 de octubre, adonde la cita sera en el James L. Knight Center de Miami y el pr\u00f3ximo 29 de octubre en el Teatro del Madison Square Garden de Nueva York. Estas son s\u00f3lo algunas de las ciudades en las que la Sinaloense interpretar\u00e1 sus himnos al amor y al desamor, antes de cerrar su gira en Queretaro, M\u00e9xico.<\/p>\n<p>Ganadora de discos de diamante, platino y oro, adem\u00e1s de numerosos y prestigiosos premios como Billboard, Premio Lo Nuestro y Latin Grammy (Grammy SI Latin Grammy no), la reina de la balada rom\u00e1ntica que comparti\u00f3 duetos con leyendas como Roc\u00edo Jurado, Pl\u00e1cido Domingo, Jos\u00e9 Luis Perales, Juan Gabriel, Jos\u00e9 Feliciano, Vicente Fern\u00e1ndez y Armando Manzanero, promete entregar su coraz\u00f3n y la profundidad de su letras y melod\u00edas, para demostrar que sigue siendo \u00abLa Diva de Am\u00e9rica\u00bb.<\/p>\n<p><strong>Redacci\u00f3n y fuente: Marlene Maseda \/\u00a0Fusion 4 Media <\/strong><br \/>\n<strong>Edici\u00f3n: Villasmil, Henry<\/strong><br \/>\n<strong>Foto: cortes\u00eda Lilia Hern\u00e1ndez<\/strong><\/p>\n<p><a href=\"http:\/\/digital58.com.ve\/site\/wp-content\/uploads\/2017\/06\/TourInternacional-AnaGabriel2017.jpg\"><img loading=\"lazy\" decoding=\"async\" class=\"aligncenter size-large wp-image-66214\" src=\"http:\/\/digital58.com.ve\/site\/wp-content\/uploads\/2017\/06\/TourInternacional-AnaGabriel2017-662x1024.jpg\" alt=\"\" width=\"640\" height=\"990\" srcset=\"https:\/\/digital58.com.ve\/site\/wp-content\/uploads\/2017\/06\/TourInternacional-AnaGabriel2017-662x1024.jpg 662w, https:\/\/digital58.com.ve\/site\/wp-content\/uploads\/2017\/06\/TourInternacional-AnaGabriel2017-194x300.jpg 194w, https:\/\/digital58.com.ve\/site\/wp-content\/uploads\/2017\/06\/TourInternacional-AnaGabriel2017-768x1187.jpg 768w, https:\/\/digital58.com.ve\/site\/wp-content\/uploads\/2017\/06\/TourInternacional-AnaGabriel2017.jpg 388w\" sizes=\"auto, (max-width: 640px) 100vw, 640px\" \/><\/a><\/p>\n<p>&nbsp;<\/p><div class=\"cilcz69f505032c604\" ><p style=\"text-align: center;\"><a href=\"https:\/\/t.me\/noticiasdigital58\" target=\"_blank\" rel=\"noopener\"><img class=\"aligncenter size-full wp-image-125363\" src=\"https:\/\/digital58.com.ve\/site\/wp-content\/uploads\/2021\/04\/banner-telegram-web-2021.png\" alt=\"\" width=\"600\" height=\"90\" \/><\/a><\/p><\/div><style type=\"text\/css\">\r\n@media screen and (min-width: 1201px) {\r\n.cilcz69f505032c604 {\r\ndisplay: block;\r\n}\r\n}\r\n@media screen and (min-width: 993px) and (max-width: 1200px) {\r\n.cilcz69f505032c604 {\r\ndisplay: block;\r\n}\r\n}\r\n@media screen and (min-width: 769px) and (max-width: 992px) {\r\n.cilcz69f505032c604 {\r\ndisplay: block;\r\n}\r\n}\r\n@media screen and (min-width: 768px) and (max-width: 768px) {\r\n.cilcz69f505032c604 {\r\ndisplay: block;\r\n}\r\n}\r\n@media screen and (max-width: 767px) {\r\n.cilcz69f505032c604 {\r\ndisplay: block;\r\n}\r\n}\r\n<\/style>\r\n\n<p>&nbsp;<\/p>\n<div style=\"margin-top: 0px; margin-bottom: 0px;\" class=\"sharethis-inline-share-buttons\" ><\/div>","protected":false},"excerpt":{"rendered":"<p>La reina de la balada rom\u00e1ntica y la ranchera est\u00e1 de vuelta con su inconfundible voz y profundas melod\u00edas. La<\/p>\n","protected":false},"author":1,"featured_media":66213,"comment_status":"open","ping_status":"closed","sticky":false,"template":"","format":"standard","meta":{"colormag_page_container_layout":"default_layout","colormag_page_sidebar_layout":"default_layout","_uag_custom_page_level_css":"","footnotes":""},"categories":[1],"tags":[7969,78,50,261,8,61],"class_list":["post-66212","post","type-post","status-publish","format-standard","has-post-thumbnail","hentry","category-fama","tag-ana-gabriel","tag-cantantes","tag-entretenimiento","tag-giras-mundiales","tag-internacionales","tag-musica"],"yoast_head":"<!-- This site is optimized with the Yoast SEO plugin v27.5 - https:\/\/yoast.com\/product\/yoast-seo-wordpress\/ -->\n<title>\u00abLa Diva de Am\u00e9rica\u00bb Ana Gabriel anuncia Gira Mundial<\/title>\n<meta name=\"robots\" content=\"index, follow, max-snippet:-1, max-image-preview:large, max-video-preview:-1\" \/>\n<link rel=\"canonical\" href=\"https:\/\/digital58.com.ve\/site\/2017\/06\/20\/la-diva-de-america-ana-gabriel-anuncia-gira-mundial\/\" \/>\n<meta property=\"og:locale\" content=\"es_ES\" \/>\n<meta property=\"og:type\" content=\"article\" \/>\n<meta property=\"og:title\" content=\"\u00abLa Diva de Am\u00e9rica\u00bb Ana Gabriel anuncia Gira Mundial\" \/>\n<meta property=\"og:url\" content=\"https:\/\/digital58.com.ve\/site\/2017\/06\/20\/la-diva-de-america-ana-gabriel-anuncia-gira-mundial\/\" \/>\n<meta property=\"og:site_name\" content=\"Noticias Digital58\" \/>\n<meta property=\"article:published_time\" content=\"2017-06-20T11:26:42+00:00\" \/>\n<meta property=\"og:image\" content=\"https:\/\/digital58.com.ve\/site\/wp-content\/uploads\/2017\/06\/ana-gabriel.jpg\" \/>\n\t<meta property=\"og:image:width\" content=\"1500\" \/>\n\t<meta property=\"og:image:height\" content=\"915\" \/>\n\t<meta property=\"og:image:type\" content=\"image\/jpeg\" \/>\n<meta name=\"author\" content=\"Villasmil Henry\" \/>\n<meta name=\"twitter:card\" content=\"summary_large_image\" \/>\n<meta name=\"twitter:creator\" content=\"@https:\/\/twitter.com\/villasmilhfoto\" \/>\n<meta name=\"twitter:site\" content=\"@villasmilhfoto\" \/>\n<meta name=\"twitter:label1\" content=\"Escrito por\" \/>\n\t<meta name=\"twitter:data1\" content=\"Villasmil Henry\" \/>\n\t<meta name=\"twitter:label2\" content=\"Tiempo estimado de lectura\" \/>\n\t<meta name=\"twitter:data2\" content=\"2 minutos\" \/>\n<script type=\"application\/ld+json\" class=\"yoast-schema-graph\">{\"@context\":\"https:\\\/\\\/schema.org\",\"@graph\":[{\"@type\":\"Article\",\"@id\":\"https:\\\/\\\/digital58.com.ve\\\/site\\\/2017\\\/06\\\/20\\\/la-diva-de-america-ana-gabriel-anuncia-gira-mundial\\\/#article\",\"isPartOf\":{\"@id\":\"https:\\\/\\\/digital58.com.ve\\\/site\\\/2017\\\/06\\\/20\\\/la-diva-de-america-ana-gabriel-anuncia-gira-mundial\\\/\"},\"author\":{\"name\":\"Villasmil Henry\",\"@id\":\"https:\\\/\\\/digital58.com.ve\\\/site\\\/#\\\/schema\\\/person\\\/64d1c2e4d0d4fd1b849980c4331c2951\"},\"headline\":\"\u00abLa Diva de Am\u00e9rica\u00bb Ana Gabriel anuncia Gira Mundial\",\"datePublished\":\"2017-06-20T11:26:42+00:00\",\"mainEntityOfPage\":{\"@id\":\"https:\\\/\\\/digital58.com.ve\\\/site\\\/2017\\\/06\\\/20\\\/la-diva-de-america-ana-gabriel-anuncia-gira-mundial\\\/\"},\"wordCount\":365,\"commentCount\":0,\"publisher\":{\"@id\":\"https:\\\/\\\/digital58.com.ve\\\/site\\\/#\\\/schema\\\/person\\\/64d1c2e4d0d4fd1b849980c4331c2951\"},\"image\":{\"@id\":\"https:\\\/\\\/digital58.com.ve\\\/site\\\/2017\\\/06\\\/20\\\/la-diva-de-america-ana-gabriel-anuncia-gira-mundial\\\/#primaryimage\"},\"thumbnailUrl\":\"https:\\\/\\\/digital58.com.ve\\\/site\\\/wp-content\\\/uploads\\\/2017\\\/06\\\/ana-gabriel.jpg\",\"keywords\":[\"Ana Gabriel\",\"Cantantes\",\"Entretenimiento\",\"Giras Mundiales\",\"Internacionales\",\"M\u00fasica\"],\"articleSection\":[\"Fama\"],\"inLanguage\":\"es\",\"potentialAction\":[{\"@type\":\"CommentAction\",\"name\":\"Comment\",\"target\":[\"https:\\\/\\\/digital58.com.ve\\\/site\\\/2017\\\/06\\\/20\\\/la-diva-de-america-ana-gabriel-anuncia-gira-mundial\\\/#respond\"]}]},{\"@type\":\"WebPage\",\"@id\":\"https:\\\/\\\/digital58.com.ve\\\/site\\\/2017\\\/06\\\/20\\\/la-diva-de-america-ana-gabriel-anuncia-gira-mundial\\\/\",\"url\":\"https:\\\/\\\/digital58.com.ve\\\/site\\\/2017\\\/06\\\/20\\\/la-diva-de-america-ana-gabriel-anuncia-gira-mundial\\\/\",\"name\":\"\u00abLa Diva de Am\u00e9rica\u00bb Ana Gabriel anuncia Gira Mundial\",\"isPartOf\":{\"@id\":\"https:\\\/\\\/digital58.com.ve\\\/site\\\/#website\"},\"primaryImageOfPage\":{\"@id\":\"https:\\\/\\\/digital58.com.ve\\\/site\\\/2017\\\/06\\\/20\\\/la-diva-de-america-ana-gabriel-anuncia-gira-mundial\\\/#primaryimage\"},\"image\":{\"@id\":\"https:\\\/\\\/digital58.com.ve\\\/site\\\/2017\\\/06\\\/20\\\/la-diva-de-america-ana-gabriel-anuncia-gira-mundial\\\/#primaryimage\"},\"thumbnailUrl\":\"https:\\\/\\\/digital58.com.ve\\\/site\\\/wp-content\\\/uploads\\\/2017\\\/06\\\/ana-gabriel.jpg\",\"datePublished\":\"2017-06-20T11:26:42+00:00\",\"breadcrumb\":{\"@id\":\"https:\\\/\\\/digital58.com.ve\\\/site\\\/2017\\\/06\\\/20\\\/la-diva-de-america-ana-gabriel-anuncia-gira-mundial\\\/#breadcrumb\"},\"inLanguage\":\"es\",\"potentialAction\":[{\"@type\":\"ReadAction\",\"target\":[\"https:\\\/\\\/digital58.com.ve\\\/site\\\/2017\\\/06\\\/20\\\/la-diva-de-america-ana-gabriel-anuncia-gira-mundial\\\/\"]}]},{\"@type\":\"ImageObject\",\"inLanguage\":\"es\",\"@id\":\"https:\\\/\\\/digital58.com.ve\\\/site\\\/2017\\\/06\\\/20\\\/la-diva-de-america-ana-gabriel-anuncia-gira-mundial\\\/#primaryimage\",\"url\":\"https:\\\/\\\/digital58.com.ve\\\/site\\\/wp-content\\\/uploads\\\/2017\\\/06\\\/ana-gabriel.jpg\",\"contentUrl\":\"https:\\\/\\\/digital58.com.ve\\\/site\\\/wp-content\\\/uploads\\\/2017\\\/06\\\/ana-gabriel.jpg\",\"width\":800,\"height\":488},{\"@type\":\"BreadcrumbList\",\"@id\":\"https:\\\/\\\/digital58.com.ve\\\/site\\\/2017\\\/06\\\/20\\\/la-diva-de-america-ana-gabriel-anuncia-gira-mundial\\\/#breadcrumb\",\"itemListElement\":[{\"@type\":\"ListItem\",\"position\":1,\"name\":\"Home\",\"item\":\"https:\\\/\\\/digital58.com.ve\\\/site\\\/\"},{\"@type\":\"ListItem\",\"position\":2,\"name\":\"\u00abLa Diva de Am\u00e9rica\u00bb Ana Gabriel anuncia Gira Mundial\"}]},{\"@type\":\"WebSite\",\"@id\":\"https:\\\/\\\/digital58.com.ve\\\/site\\\/#website\",\"url\":\"https:\\\/\\\/digital58.com.ve\\\/site\\\/\",\"name\":\"Noticias Digital58\",\"description\":\"Portal de Noticias \u00a1Periodismo web de verdad! Lanzamiento web 22.11.2005 \\\/ Maracaibo, Venezuela\",\"publisher\":{\"@id\":\"https:\\\/\\\/digital58.com.ve\\\/site\\\/#\\\/schema\\\/person\\\/64d1c2e4d0d4fd1b849980c4331c2951\"},\"alternateName\":\"ND58\",\"potentialAction\":[{\"@type\":\"SearchAction\",\"target\":{\"@type\":\"EntryPoint\",\"urlTemplate\":\"https:\\\/\\\/digital58.com.ve\\\/site\\\/?s={search_term_string}\"},\"query-input\":{\"@type\":\"PropertyValueSpecification\",\"valueRequired\":true,\"valueName\":\"search_term_string\"}}],\"inLanguage\":\"es\"},{\"@type\":[\"Person\",\"Organization\"],\"@id\":\"https:\\\/\\\/digital58.com.ve\\\/site\\\/#\\\/schema\\\/person\\\/64d1c2e4d0d4fd1b849980c4331c2951\",\"name\":\"Villasmil Henry\",\"image\":{\"@type\":\"ImageObject\",\"inLanguage\":\"es\",\"@id\":\"https:\\\/\\\/secure.gravatar.com\\\/avatar\\\/bb0c4a2fcb7970138239f7e404ea75757b1b507b28b5ce4c53fbd62d797c5a7c?s=96&d=mm&r=g\",\"url\":\"https:\\\/\\\/secure.gravatar.com\\\/avatar\\\/bb0c4a2fcb7970138239f7e404ea75757b1b507b28b5ce4c53fbd62d797c5a7c?s=96&d=mm&r=g\",\"contentUrl\":\"https:\\\/\\\/secure.gravatar.com\\\/avatar\\\/bb0c4a2fcb7970138239f7e404ea75757b1b507b28b5ce4c53fbd62d797c5a7c?s=96&d=mm&r=g\",\"caption\":\"Villasmil Henry\"},\"logo\":{\"@id\":\"https:\\\/\\\/secure.gravatar.com\\\/avatar\\\/bb0c4a2fcb7970138239f7e404ea75757b1b507b28b5ce4c53fbd62d797c5a7c?s=96&d=mm&r=g\"},\"sameAs\":[\"http:\\\/\\\/www.henryvillasmil.com.ve\",\"https:\\\/\\\/www.instagram.com\\\/villasmilhfoto\\\/\",\"https:\\\/\\\/x.com\\\/https:\\\/\\\/twitter.com\\\/villasmilhfoto\"],\"url\":\"https:\\\/\\\/digital58.com.ve\\\/site\\\/author\\\/droopy_68\\\/\"}]}<\/script>\n<!-- \/ Yoast SEO plugin. -->","yoast_head_json":{"title":"\u00abLa Diva de Am\u00e9rica\u00bb Ana Gabriel anuncia Gira Mundial","robots":{"index":"index","follow":"follow","max-snippet":"max-snippet:-1","max-image-preview":"max-image-preview:large","max-video-preview":"max-video-preview:-1"},"canonical":"https:\/\/digital58.com.ve\/site\/2017\/06\/20\/la-diva-de-america-ana-gabriel-anuncia-gira-mundial\/","og_locale":"es_ES","og_type":"article","og_title":"\u00abLa Diva de Am\u00e9rica\u00bb Ana Gabriel anuncia Gira Mundial","og_url":"https:\/\/digital58.com.ve\/site\/2017\/06\/20\/la-diva-de-america-ana-gabriel-anuncia-gira-mundial\/","og_site_name":"Noticias Digital58","article_published_time":"2017-06-20T11:26:42+00:00","og_image":[{"width":1500,"height":915,"url":"https:\/\/digital58.com.ve\/site\/wp-content\/uploads\/2017\/06\/ana-gabriel.jpg","type":"image\/jpeg"}],"author":"Villasmil Henry","twitter_card":"summary_large_image","twitter_creator":"@https:\/\/twitter.com\/villasmilhfoto","twitter_site":"@villasmilhfoto","twitter_misc":{"Escrito por":"Villasmil Henry","Tiempo estimado de lectura":"2 minutos"},"schema":{"@context":"https:\/\/schema.org","@graph":[{"@type":"Article","@id":"https:\/\/digital58.com.ve\/site\/2017\/06\/20\/la-diva-de-america-ana-gabriel-anuncia-gira-mundial\/#article","isPartOf":{"@id":"https:\/\/digital58.com.ve\/site\/2017\/06\/20\/la-diva-de-america-ana-gabriel-anuncia-gira-mundial\/"},"author":{"name":"Villasmil Henry","@id":"https:\/\/digital58.com.ve\/site\/#\/schema\/person\/64d1c2e4d0d4fd1b849980c4331c2951"},"headline":"\u00abLa Diva de Am\u00e9rica\u00bb Ana Gabriel anuncia Gira Mundial","datePublished":"2017-06-20T11:26:42+00:00","mainEntityOfPage":{"@id":"https:\/\/digital58.com.ve\/site\/2017\/06\/20\/la-diva-de-america-ana-gabriel-anuncia-gira-mundial\/"},"wordCount":365,"commentCount":0,"publisher":{"@id":"https:\/\/digital58.com.ve\/site\/#\/schema\/person\/64d1c2e4d0d4fd1b849980c4331c2951"},"image":{"@id":"https:\/\/digital58.com.ve\/site\/2017\/06\/20\/la-diva-de-america-ana-gabriel-anuncia-gira-mundial\/#primaryimage"},"thumbnailUrl":"https:\/\/digital58.com.ve\/site\/wp-content\/uploads\/2017\/06\/ana-gabriel.jpg","keywords":["Ana Gabriel","Cantantes","Entretenimiento","Giras Mundiales","Internacionales","M\u00fasica"],"articleSection":["Fama"],"inLanguage":"es","potentialAction":[{"@type":"CommentAction","name":"Comment","target":["https:\/\/digital58.com.ve\/site\/2017\/06\/20\/la-diva-de-america-ana-gabriel-anuncia-gira-mundial\/#respond"]}]},{"@type":"WebPage","@id":"https:\/\/digital58.com.ve\/site\/2017\/06\/20\/la-diva-de-america-ana-gabriel-anuncia-gira-mundial\/","url":"https:\/\/digital58.com.ve\/site\/2017\/06\/20\/la-diva-de-america-ana-gabriel-anuncia-gira-mundial\/","name":"\u00abLa Diva de Am\u00e9rica\u00bb Ana Gabriel anuncia Gira Mundial","isPartOf":{"@id":"https:\/\/digital58.com.ve\/site\/#website"},"primaryImageOfPage":{"@id":"https:\/\/digital58.com.ve\/site\/2017\/06\/20\/la-diva-de-america-ana-gabriel-anuncia-gira-mundial\/#primaryimage"},"image":{"@id":"https:\/\/digital58.com.ve\/site\/2017\/06\/20\/la-diva-de-america-ana-gabriel-anuncia-gira-mundial\/#primaryimage"},"thumbnailUrl":"https:\/\/digital58.com.ve\/site\/wp-content\/uploads\/2017\/06\/ana-gabriel.jpg","datePublished":"2017-06-20T11:26:42+00:00","breadcrumb":{"@id":"https:\/\/digital58.com.ve\/site\/2017\/06\/20\/la-diva-de-america-ana-gabriel-anuncia-gira-mundial\/#breadcrumb"},"inLanguage":"es","potentialAction":[{"@type":"ReadAction","target":["https:\/\/digital58.com.ve\/site\/2017\/06\/20\/la-diva-de-america-ana-gabriel-anuncia-gira-mundial\/"]}]},{"@type":"ImageObject","inLanguage":"es","@id":"https:\/\/digital58.com.ve\/site\/2017\/06\/20\/la-diva-de-america-ana-gabriel-anuncia-gira-mundial\/#primaryimage","url":"https:\/\/digital58.com.ve\/site\/wp-content\/uploads\/2017\/06\/ana-gabriel.jpg","contentUrl":"https:\/\/digital58.com.ve\/site\/wp-content\/uploads\/2017\/06\/ana-gabriel.jpg","width":800,"height":488},{"@type":"BreadcrumbList","@id":"https:\/\/digital58.com.ve\/site\/2017\/06\/20\/la-diva-de-america-ana-gabriel-anuncia-gira-mundial\/#breadcrumb","itemListElement":[{"@type":"ListItem","position":1,"name":"Home","item":"https:\/\/digital58.com.ve\/site\/"},{"@type":"ListItem","position":2,"name":"\u00abLa Diva de Am\u00e9rica\u00bb Ana Gabriel anuncia Gira Mundial"}]},{"@type":"WebSite","@id":"https:\/\/digital58.com.ve\/site\/#website","url":"https:\/\/digital58.com.ve\/site\/","name":"Noticias Digital58","description":"Portal de Noticias \u00a1Periodismo web de verdad! Lanzamiento web 22.11.2005 \/ Maracaibo, Venezuela","publisher":{"@id":"https:\/\/digital58.com.ve\/site\/#\/schema\/person\/64d1c2e4d0d4fd1b849980c4331c2951"},"alternateName":"ND58","potentialAction":[{"@type":"SearchAction","target":{"@type":"EntryPoint","urlTemplate":"https:\/\/digital58.com.ve\/site\/?s={search_term_string}"},"query-input":{"@type":"PropertyValueSpecification","valueRequired":true,"valueName":"search_term_string"}}],"inLanguage":"es"},{"@type":["Person","Organization"],"@id":"https:\/\/digital58.com.ve\/site\/#\/schema\/person\/64d1c2e4d0d4fd1b849980c4331c2951","name":"Villasmil Henry","image":{"@type":"ImageObject","inLanguage":"es","@id":"https:\/\/secure.gravatar.com\/avatar\/bb0c4a2fcb7970138239f7e404ea75757b1b507b28b5ce4c53fbd62d797c5a7c?s=96&d=mm&r=g","url":"https:\/\/secure.gravatar.com\/avatar\/bb0c4a2fcb7970138239f7e404ea75757b1b507b28b5ce4c53fbd62d797c5a7c?s=96&d=mm&r=g","contentUrl":"https:\/\/secure.gravatar.com\/avatar\/bb0c4a2fcb7970138239f7e404ea75757b1b507b28b5ce4c53fbd62d797c5a7c?s=96&d=mm&r=g","caption":"Villasmil Henry"},"logo":{"@id":"https:\/\/secure.gravatar.com\/avatar\/bb0c4a2fcb7970138239f7e404ea75757b1b507b28b5ce4c53fbd62d797c5a7c?s=96&d=mm&r=g"},"sameAs":["http:\/\/www.henryvillasmil.com.ve","https:\/\/www.instagram.com\/villasmilhfoto\/","https:\/\/x.com\/https:\/\/twitter.com\/villasmilhfoto"],"url":"https:\/\/digital58.com.ve\/site\/author\/droopy_68\/"}]}},"uagb_featured_image_src":{"full":["https:\/\/digital58.com.ve\/site\/wp-content\/uploads\/2017\/06\/ana-gabriel.jpg",800,488,false],"thumbnail":["https:\/\/digital58.com.ve\/site\/wp-content\/uploads\/2017\/06\/ana-gabriel-150x150.jpg",150,150,true],"medium":["https:\/\/digital58.com.ve\/site\/wp-content\/uploads\/2017\/06\/ana-gabriel-300x183.jpg",300,183,true],"medium_large":["https:\/\/digital58.com.ve\/site\/wp-content\/uploads\/2017\/06\/ana-gabriel-768x468.jpg",768,468,true],"large":["https:\/\/digital58.com.ve\/site\/wp-content\/uploads\/2017\/06\/ana-gabriel-1500x915.jpg",800,488,true],"1536x1536":["https:\/\/digital58.com.ve\/site\/wp-content\/uploads\/2017\/06\/ana-gabriel.jpg",800,488,false],"2048x2048":["https:\/\/digital58.com.ve\/site\/wp-content\/uploads\/2017\/06\/ana-gabriel.jpg",800,488,false],"colormag-highlighted-post":["https:\/\/digital58.com.ve\/site\/wp-content\/uploads\/2017\/06\/ana-gabriel.jpg",392,239,false],"colormag-featured-post-medium":["https:\/\/digital58.com.ve\/site\/wp-content\/uploads\/2017\/06\/ana-gabriel.jpg",336,205,false],"colormag-featured-post-small":["https:\/\/digital58.com.ve\/site\/wp-content\/uploads\/2017\/06\/ana-gabriel.jpg",130,79,false],"colormag-featured-image":["https:\/\/digital58.com.ve\/site\/wp-content\/uploads\/2017\/06\/ana-gabriel.jpg",730,445,false],"colormag-default-news":["https:\/\/digital58.com.ve\/site\/wp-content\/uploads\/2017\/06\/ana-gabriel.jpg",150,92,false],"colormag-featured-image-large":["https:\/\/digital58.com.ve\/site\/wp-content\/uploads\/2017\/06\/ana-gabriel.jpg",800,488,false]},"uagb_author_info":{"display_name":"Villasmil Henry","author_link":"https:\/\/digital58.com.ve\/site\/author\/droopy_68\/"},"uagb_comment_info":0,"uagb_excerpt":"La reina de la balada rom\u00e1ntica y la ranchera est\u00e1 de vuelta con su inconfundible voz y profundas melod\u00edas. La","_links":{"self":[{"href":"https:\/\/digital58.com.ve\/site\/wp-json\/wp\/v2\/posts\/66212","targetHints":{"allow":["GET"]}}],"collection":[{"href":"https:\/\/digital58.com.ve\/site\/wp-json\/wp\/v2\/posts"}],"about":[{"href":"https:\/\/digital58.com.ve\/site\/wp-json\/wp\/v2\/types\/post"}],"author":[{"embeddable":true,"href":"https:\/\/digital58.com.ve\/site\/wp-json\/wp\/v2\/users\/1"}],"replies":[{"embeddable":true,"href":"https:\/\/digital58.com.ve\/site\/wp-json\/wp\/v2\/comments?post=66212"}],"version-history":[{"count":0,"href":"https:\/\/digital58.com.ve\/site\/wp-json\/wp\/v2\/posts\/66212\/revisions"}],"wp:featuredmedia":[{"embeddable":true,"href":"https:\/\/digital58.com.ve\/site\/wp-json\/wp\/v2\/media\/66213"}],"wp:attachment":[{"href":"https:\/\/digital58.com.ve\/site\/wp-json\/wp\/v2\/media?parent=66212"}],"wp:term":[{"taxonomy":"category","embeddable":true,"href":"https:\/\/digital58.com.ve\/site\/wp-json\/wp\/v2\/categories?post=66212"},{"taxonomy":"post_tag","embeddable":true,"href":"https:\/\/digital58.com.ve\/site\/wp-json\/wp\/v2\/tags?post=66212"}],"curies":[{"name":"wp","href":"https:\/\/api.w.org\/{rel}","templated":true}]}}