{"id":66510,"date":"2017-06-26T09:03:42","date_gmt":"2017-06-26T13:03:42","guid":{"rendered":"http:\/\/digital58.com.ve\/site\/?p=66510"},"modified":"2017-06-26T09:03:42","modified_gmt":"2017-06-26T13:03:42","slug":"26-de-junio-dia-internacional-de-la-lucha-contra-el-uso-indebido-y-el-trafico-ilicito-de-drogas","status":"publish","type":"post","link":"https:\/\/digital58.com.ve\/site\/2017\/06\/26\/26-de-junio-dia-internacional-de-la-lucha-contra-el-uso-indebido-y-el-trafico-ilicito-de-drogas\/","title":{"rendered":"26 de junio: D\u00eda Internacional de la Lucha contra el Uso Indebido y el Tr\u00e1fico Il\u00edcito de Drogas"},"content":{"rendered":"<p><a href=\"http:\/\/digital58.com.ve\/site\/wp-content\/uploads\/2017\/06\/drogas-2.jpg\"><img loading=\"lazy\" decoding=\"async\" class=\"aligncenter wp-image-66536\" src=\"http:\/\/digital58.com.ve\/site\/wp-content\/uploads\/2017\/06\/drogas-2.jpg\" alt=\"\" width=\"640\" height=\"427\" srcset=\"https:\/\/digital58.com.ve\/site\/wp-content\/uploads\/2017\/06\/drogas-2.jpg 800w, https:\/\/digital58.com.ve\/site\/wp-content\/uploads\/2017\/06\/drogas-2-300x200.jpg 300w, https:\/\/digital58.com.ve\/site\/wp-content\/uploads\/2017\/06\/drogas-2-768x512.jpg 768w, https:\/\/digital58.com.ve\/site\/wp-content\/uploads\/2017\/06\/drogas-2-720x480.jpg 720w, https:\/\/digital58.com.ve\/site\/wp-content\/uploads\/2017\/06\/drogas-2-480x320.jpg 480w\" sizes=\"auto, (max-width: 640px) 100vw, 640px\" \/><\/a><\/p>\n<p>Mediante la resoluci\u00f3n 42\/112, aprobada el 7 de diciembre de 1987, la Asamblea General de las Naciones Unidas conmemora el D\u00eda Internacional contra el Tr\u00e1fico Il\u00edcito y Abuso de Drogas cada 26 de junio, para reforzar la acci\u00f3n y cooperaci\u00f3n, con el fin de alcanzar una sociedad libre del consumo de drogas.<\/p>\n<p><strong>Maracaibo, Zulia, Venezuela, 26 de junio de 2017 (D58).-<\/strong> \u00abEscucha Primero\u00bb es una iniciativa para prevenir el consumo de drogas, una inversi\u00f3n eficaz para lograr el bienestar de ni\u00f1os y j\u00f3venes, al igual que sus familias y comunidades.<\/p>\n<p>La Asamblea General mantuvo un periodo extraordinario de sesiones, dedicado a las drogas, en abril de 2016, la cual marc\u00f3 un hito en la aplicaci\u00f3n de los objetivos recogidos en la Declaraci\u00f3n Pol\u00edtica y Plan de Acci\u00f3n sobre Cooperaci\u00f3n Internacional hacia una Estrategia Integral y Equilibrada contra el Problema Mundial de las Drogas de 2009, en el que se definieron las medidas a tomar y los objetivos a cumplir por los Estados Miembros para antes de 2019.<\/p>\n<p>El documento resultante del periodo extraordinario de sesiones de la Asamblea General propone recomendaciones para reducir la oferta y demanda, as\u00ed como para la mejora del acceso a medicamentos controlados y restringir su desv\u00edo al mercado ilegal.<\/p>\n<p>En este tambi\u00e9n se tratan cuestiones relacionadas a los derechos humanos, los j\u00f3venes, ni\u00f1os, mujeres y comunidades.<\/p>\n<p>El texto destaca la importancia de que existan pol\u00edticas y pr\u00e1cticas condenatorias razonales a nivel nacional para los delitos relacionados con las drogas y que apoye la prevenci\u00f3n y el tratamiento.<\/p>\n<p><strong>Redacci\u00f3n y fuente: Naciones Unidas<\/strong><br \/>\n<strong>Edici\u00f3n: <a href=\"https:\/\/www.instagram.com\/raquelsofiavera\/\" target=\"_blank\" rel=\"noopener\">Vera, Raquel<\/a><\/strong><br \/>\n<strong>Fotos: Google<\/strong><\/p><div class=\"mauqc69ec79bc3c19c\" ><p style=\"text-align: center;\"><a href=\"https:\/\/t.me\/noticiasdigital58\" target=\"_blank\" rel=\"noopener\"><img class=\"aligncenter size-full wp-image-125363\" src=\"https:\/\/digital58.com.ve\/site\/wp-content\/uploads\/2021\/04\/banner-telegram-web-2021.png\" alt=\"\" width=\"600\" height=\"90\" \/><\/a><\/p><\/div><style type=\"text\/css\">\r\n@media screen and (min-width: 1201px) {\r\n.mauqc69ec79bc3c19c {\r\ndisplay: block;\r\n}\r\n}\r\n@media screen and (min-width: 993px) and (max-width: 1200px) {\r\n.mauqc69ec79bc3c19c {\r\ndisplay: block;\r\n}\r\n}\r\n@media screen and (min-width: 769px) and (max-width: 992px) {\r\n.mauqc69ec79bc3c19c {\r\ndisplay: block;\r\n}\r\n}\r\n@media screen and (min-width: 768px) and (max-width: 768px) {\r\n.mauqc69ec79bc3c19c {\r\ndisplay: block;\r\n}\r\n}\r\n@media screen and (max-width: 767px) {\r\n.mauqc69ec79bc3c19c {\r\ndisplay: block;\r\n}\r\n}\r\n<\/style>\r\n\n<p><a href=\"http:\/\/digital58.com.ve\/site\/wp-content\/uploads\/2017\/06\/drogas-1.jpg\"><img loading=\"lazy\" decoding=\"async\" class=\"aligncenter wp-image-66535\" src=\"http:\/\/digital58.com.ve\/site\/wp-content\/uploads\/2017\/06\/drogas-1.jpg\" alt=\"\" width=\"640\" height=\"427\" srcset=\"https:\/\/digital58.com.ve\/site\/wp-content\/uploads\/2017\/06\/drogas-1.jpg 800w, https:\/\/digital58.com.ve\/site\/wp-content\/uploads\/2017\/06\/drogas-1-300x200.jpg 300w, https:\/\/digital58.com.ve\/site\/wp-content\/uploads\/2017\/06\/drogas-1-768x512.jpg 768w, https:\/\/digital58.com.ve\/site\/wp-content\/uploads\/2017\/06\/drogas-1-720x480.jpg 720w, https:\/\/digital58.com.ve\/site\/wp-content\/uploads\/2017\/06\/drogas-1-480x320.jpg 480w\" sizes=\"auto, (max-width: 640px) 100vw, 640px\" \/><\/a><\/p>\n<div style=\"margin-top: 0px; margin-bottom: 0px;\" class=\"sharethis-inline-share-buttons\" ><\/div>","protected":false},"excerpt":{"rendered":"<p>Mediante la resoluci\u00f3n 42\/112, aprobada el 7 de diciembre de 1987, la Asamblea General de las Naciones Unidas conmemora el<\/p>\n","protected":false},"author":1,"featured_media":66535,"comment_status":"open","ping_status":"closed","sticky":false,"template":"","format":"standard","meta":{"colormag_page_container_layout":"default_layout","colormag_page_sidebar_layout":"default_layout","_uag_custom_page_level_css":"","footnotes":""},"categories":[5403],"tags":[8060,159,8,8061,7871],"class_list":["post-66510","post","type-post","status-publish","format-standard","has-post-thumbnail","hentry","category-otros","tag-drogas","tag-efemerides","tag-internacionales","tag-naciones-unidas","tag-trafico"],"yoast_head":"<!-- This site is optimized with the Yoast SEO plugin v27.4 - https:\/\/yoast.com\/product\/yoast-seo-wordpress\/ -->\n<title>26 de junio: D\u00eda Internacional de la Lucha contra el Uso Indebido y el Tr\u00e1fico Il\u00edcito de Drogas<\/title>\n<meta name=\"robots\" content=\"index, follow, max-snippet:-1, max-image-preview:large, max-video-preview:-1\" \/>\n<link rel=\"canonical\" href=\"https:\/\/digital58.com.ve\/site\/2017\/06\/26\/26-de-junio-dia-internacional-de-la-lucha-contra-el-uso-indebido-y-el-trafico-ilicito-de-drogas\/\" \/>\n<meta property=\"og:locale\" content=\"es_ES\" \/>\n<meta property=\"og:type\" content=\"article\" \/>\n<meta property=\"og:title\" content=\"26 de junio: D\u00eda Internacional de la Lucha contra el Uso Indebido y el Tr\u00e1fico Il\u00edcito de Drogas\" \/>\n<meta property=\"og:url\" content=\"https:\/\/digital58.com.ve\/site\/2017\/06\/26\/26-de-junio-dia-internacional-de-la-lucha-contra-el-uso-indebido-y-el-trafico-ilicito-de-drogas\/\" \/>\n<meta property=\"og:site_name\" content=\"Noticias Digital58\" \/>\n<meta property=\"article:published_time\" content=\"2017-06-26T13:03:42+00:00\" \/>\n<meta property=\"og:image\" content=\"https:\/\/digital58.com.ve\/site\/wp-content\/uploads\/2017\/06\/drogas-1.jpg\" \/>\n\t<meta property=\"og:image:width\" content=\"1024\" \/>\n\t<meta property=\"og:image:height\" content=\"683\" \/>\n\t<meta property=\"og:image:type\" content=\"image\/jpeg\" \/>\n<meta name=\"author\" content=\"Villasmil Henry\" \/>\n<meta name=\"twitter:card\" content=\"summary_large_image\" \/>\n<meta name=\"twitter:creator\" content=\"@https:\/\/twitter.com\/villasmilhfoto\" \/>\n<meta name=\"twitter:site\" content=\"@villasmilhfoto\" \/>\n<meta name=\"twitter:label1\" content=\"Escrito por\" \/>\n\t<meta name=\"twitter:data1\" content=\"Villasmil Henry\" \/>\n\t<meta name=\"twitter:label2\" content=\"Tiempo estimado de lectura\" \/>\n\t<meta name=\"twitter:data2\" content=\"1 minuto\" \/>\n<script type=\"application\/ld+json\" class=\"yoast-schema-graph\">{\"@context\":\"https:\\\/\\\/schema.org\",\"@graph\":[{\"@type\":\"Article\",\"@id\":\"https:\\\/\\\/digital58.com.ve\\\/site\\\/2017\\\/06\\\/26\\\/26-de-junio-dia-internacional-de-la-lucha-contra-el-uso-indebido-y-el-trafico-ilicito-de-drogas\\\/#article\",\"isPartOf\":{\"@id\":\"https:\\\/\\\/digital58.com.ve\\\/site\\\/2017\\\/06\\\/26\\\/26-de-junio-dia-internacional-de-la-lucha-contra-el-uso-indebido-y-el-trafico-ilicito-de-drogas\\\/\"},\"author\":{\"name\":\"Villasmil Henry\",\"@id\":\"https:\\\/\\\/digital58.com.ve\\\/site\\\/#\\\/schema\\\/person\\\/64d1c2e4d0d4fd1b849980c4331c2951\"},\"headline\":\"26 de junio: D\u00eda Internacional de la Lucha contra el Uso Indebido y el Tr\u00e1fico Il\u00edcito de Drogas\",\"datePublished\":\"2017-06-26T13:03:42+00:00\",\"mainEntityOfPage\":{\"@id\":\"https:\\\/\\\/digital58.com.ve\\\/site\\\/2017\\\/06\\\/26\\\/26-de-junio-dia-internacional-de-la-lucha-contra-el-uso-indebido-y-el-trafico-ilicito-de-drogas\\\/\"},\"wordCount\":297,\"commentCount\":0,\"publisher\":{\"@id\":\"https:\\\/\\\/digital58.com.ve\\\/site\\\/#\\\/schema\\\/person\\\/64d1c2e4d0d4fd1b849980c4331c2951\"},\"image\":{\"@id\":\"https:\\\/\\\/digital58.com.ve\\\/site\\\/2017\\\/06\\\/26\\\/26-de-junio-dia-internacional-de-la-lucha-contra-el-uso-indebido-y-el-trafico-ilicito-de-drogas\\\/#primaryimage\"},\"thumbnailUrl\":\"https:\\\/\\\/digital58.com.ve\\\/site\\\/wp-content\\\/uploads\\\/2017\\\/06\\\/drogas-1.jpg\",\"keywords\":[\"Drogas\",\"Efem\u00e9rides\",\"Internacionales\",\"Naciones Unidas\",\"Trafico\"],\"articleSection\":[\"Otros\"],\"inLanguage\":\"es\",\"potentialAction\":[{\"@type\":\"CommentAction\",\"name\":\"Comment\",\"target\":[\"https:\\\/\\\/digital58.com.ve\\\/site\\\/2017\\\/06\\\/26\\\/26-de-junio-dia-internacional-de-la-lucha-contra-el-uso-indebido-y-el-trafico-ilicito-de-drogas\\\/#respond\"]}]},{\"@type\":\"WebPage\",\"@id\":\"https:\\\/\\\/digital58.com.ve\\\/site\\\/2017\\\/06\\\/26\\\/26-de-junio-dia-internacional-de-la-lucha-contra-el-uso-indebido-y-el-trafico-ilicito-de-drogas\\\/\",\"url\":\"https:\\\/\\\/digital58.com.ve\\\/site\\\/2017\\\/06\\\/26\\\/26-de-junio-dia-internacional-de-la-lucha-contra-el-uso-indebido-y-el-trafico-ilicito-de-drogas\\\/\",\"name\":\"26 de junio: D\u00eda Internacional de la Lucha contra el Uso Indebido y el Tr\u00e1fico Il\u00edcito de Drogas\",\"isPartOf\":{\"@id\":\"https:\\\/\\\/digital58.com.ve\\\/site\\\/#website\"},\"primaryImageOfPage\":{\"@id\":\"https:\\\/\\\/digital58.com.ve\\\/site\\\/2017\\\/06\\\/26\\\/26-de-junio-dia-internacional-de-la-lucha-contra-el-uso-indebido-y-el-trafico-ilicito-de-drogas\\\/#primaryimage\"},\"image\":{\"@id\":\"https:\\\/\\\/digital58.com.ve\\\/site\\\/2017\\\/06\\\/26\\\/26-de-junio-dia-internacional-de-la-lucha-contra-el-uso-indebido-y-el-trafico-ilicito-de-drogas\\\/#primaryimage\"},\"thumbnailUrl\":\"https:\\\/\\\/digital58.com.ve\\\/site\\\/wp-content\\\/uploads\\\/2017\\\/06\\\/drogas-1.jpg\",\"datePublished\":\"2017-06-26T13:03:42+00:00\",\"breadcrumb\":{\"@id\":\"https:\\\/\\\/digital58.com.ve\\\/site\\\/2017\\\/06\\\/26\\\/26-de-junio-dia-internacional-de-la-lucha-contra-el-uso-indebido-y-el-trafico-ilicito-de-drogas\\\/#breadcrumb\"},\"inLanguage\":\"es\",\"potentialAction\":[{\"@type\":\"ReadAction\",\"target\":[\"https:\\\/\\\/digital58.com.ve\\\/site\\\/2017\\\/06\\\/26\\\/26-de-junio-dia-internacional-de-la-lucha-contra-el-uso-indebido-y-el-trafico-ilicito-de-drogas\\\/\"]}]},{\"@type\":\"ImageObject\",\"inLanguage\":\"es\",\"@id\":\"https:\\\/\\\/digital58.com.ve\\\/site\\\/2017\\\/06\\\/26\\\/26-de-junio-dia-internacional-de-la-lucha-contra-el-uso-indebido-y-el-trafico-ilicito-de-drogas\\\/#primaryimage\",\"url\":\"https:\\\/\\\/digital58.com.ve\\\/site\\\/wp-content\\\/uploads\\\/2017\\\/06\\\/drogas-1.jpg\",\"contentUrl\":\"https:\\\/\\\/digital58.com.ve\\\/site\\\/wp-content\\\/uploads\\\/2017\\\/06\\\/drogas-1.jpg\",\"width\":800,\"height\":534},{\"@type\":\"BreadcrumbList\",\"@id\":\"https:\\\/\\\/digital58.com.ve\\\/site\\\/2017\\\/06\\\/26\\\/26-de-junio-dia-internacional-de-la-lucha-contra-el-uso-indebido-y-el-trafico-ilicito-de-drogas\\\/#breadcrumb\",\"itemListElement\":[{\"@type\":\"ListItem\",\"position\":1,\"name\":\"Home\",\"item\":\"https:\\\/\\\/digital58.com.ve\\\/site\\\/\"},{\"@type\":\"ListItem\",\"position\":2,\"name\":\"26 de junio: D\u00eda Internacional de la Lucha contra el Uso Indebido y el Tr\u00e1fico Il\u00edcito de Drogas\"}]},{\"@type\":\"WebSite\",\"@id\":\"https:\\\/\\\/digital58.com.ve\\\/site\\\/#website\",\"url\":\"https:\\\/\\\/digital58.com.ve\\\/site\\\/\",\"name\":\"Noticias Digital58\",\"description\":\"Portal de Noticias \u00a1Periodismo web de verdad! Lanzamiento web 22.11.2005 \\\/ Maracaibo, Venezuela\",\"publisher\":{\"@id\":\"https:\\\/\\\/digital58.com.ve\\\/site\\\/#\\\/schema\\\/person\\\/64d1c2e4d0d4fd1b849980c4331c2951\"},\"alternateName\":\"ND58\",\"potentialAction\":[{\"@type\":\"SearchAction\",\"target\":{\"@type\":\"EntryPoint\",\"urlTemplate\":\"https:\\\/\\\/digital58.com.ve\\\/site\\\/?s={search_term_string}\"},\"query-input\":{\"@type\":\"PropertyValueSpecification\",\"valueRequired\":true,\"valueName\":\"search_term_string\"}}],\"inLanguage\":\"es\"},{\"@type\":[\"Person\",\"Organization\"],\"@id\":\"https:\\\/\\\/digital58.com.ve\\\/site\\\/#\\\/schema\\\/person\\\/64d1c2e4d0d4fd1b849980c4331c2951\",\"name\":\"Villasmil Henry\",\"image\":{\"@type\":\"ImageObject\",\"inLanguage\":\"es\",\"@id\":\"https:\\\/\\\/secure.gravatar.com\\\/avatar\\\/bb0c4a2fcb7970138239f7e404ea75757b1b507b28b5ce4c53fbd62d797c5a7c?s=96&d=mm&r=g\",\"url\":\"https:\\\/\\\/secure.gravatar.com\\\/avatar\\\/bb0c4a2fcb7970138239f7e404ea75757b1b507b28b5ce4c53fbd62d797c5a7c?s=96&d=mm&r=g\",\"contentUrl\":\"https:\\\/\\\/secure.gravatar.com\\\/avatar\\\/bb0c4a2fcb7970138239f7e404ea75757b1b507b28b5ce4c53fbd62d797c5a7c?s=96&d=mm&r=g\",\"caption\":\"Villasmil Henry\"},\"logo\":{\"@id\":\"https:\\\/\\\/secure.gravatar.com\\\/avatar\\\/bb0c4a2fcb7970138239f7e404ea75757b1b507b28b5ce4c53fbd62d797c5a7c?s=96&d=mm&r=g\"},\"sameAs\":[\"http:\\\/\\\/www.henryvillasmil.com.ve\",\"https:\\\/\\\/www.instagram.com\\\/villasmilhfoto\\\/\",\"https:\\\/\\\/x.com\\\/https:\\\/\\\/twitter.com\\\/villasmilhfoto\"],\"url\":\"https:\\\/\\\/digital58.com.ve\\\/site\\\/author\\\/droopy_68\\\/\"}]}<\/script>\n<!-- \/ Yoast SEO plugin. -->","yoast_head_json":{"title":"26 de junio: D\u00eda Internacional de la Lucha contra el Uso Indebido y el Tr\u00e1fico Il\u00edcito de Drogas","robots":{"index":"index","follow":"follow","max-snippet":"max-snippet:-1","max-image-preview":"max-image-preview:large","max-video-preview":"max-video-preview:-1"},"canonical":"https:\/\/digital58.com.ve\/site\/2017\/06\/26\/26-de-junio-dia-internacional-de-la-lucha-contra-el-uso-indebido-y-el-trafico-ilicito-de-drogas\/","og_locale":"es_ES","og_type":"article","og_title":"26 de junio: D\u00eda Internacional de la Lucha contra el Uso Indebido y el Tr\u00e1fico Il\u00edcito de Drogas","og_url":"https:\/\/digital58.com.ve\/site\/2017\/06\/26\/26-de-junio-dia-internacional-de-la-lucha-contra-el-uso-indebido-y-el-trafico-ilicito-de-drogas\/","og_site_name":"Noticias Digital58","article_published_time":"2017-06-26T13:03:42+00:00","og_image":[{"width":1024,"height":683,"url":"https:\/\/digital58.com.ve\/site\/wp-content\/uploads\/2017\/06\/drogas-1.jpg","type":"image\/jpeg"}],"author":"Villasmil Henry","twitter_card":"summary_large_image","twitter_creator":"@https:\/\/twitter.com\/villasmilhfoto","twitter_site":"@villasmilhfoto","twitter_misc":{"Escrito por":"Villasmil Henry","Tiempo estimado de lectura":"1 minuto"},"schema":{"@context":"https:\/\/schema.org","@graph":[{"@type":"Article","@id":"https:\/\/digital58.com.ve\/site\/2017\/06\/26\/26-de-junio-dia-internacional-de-la-lucha-contra-el-uso-indebido-y-el-trafico-ilicito-de-drogas\/#article","isPartOf":{"@id":"https:\/\/digital58.com.ve\/site\/2017\/06\/26\/26-de-junio-dia-internacional-de-la-lucha-contra-el-uso-indebido-y-el-trafico-ilicito-de-drogas\/"},"author":{"name":"Villasmil Henry","@id":"https:\/\/digital58.com.ve\/site\/#\/schema\/person\/64d1c2e4d0d4fd1b849980c4331c2951"},"headline":"26 de junio: D\u00eda Internacional de la Lucha contra el Uso Indebido y el Tr\u00e1fico Il\u00edcito de Drogas","datePublished":"2017-06-26T13:03:42+00:00","mainEntityOfPage":{"@id":"https:\/\/digital58.com.ve\/site\/2017\/06\/26\/26-de-junio-dia-internacional-de-la-lucha-contra-el-uso-indebido-y-el-trafico-ilicito-de-drogas\/"},"wordCount":297,"commentCount":0,"publisher":{"@id":"https:\/\/digital58.com.ve\/site\/#\/schema\/person\/64d1c2e4d0d4fd1b849980c4331c2951"},"image":{"@id":"https:\/\/digital58.com.ve\/site\/2017\/06\/26\/26-de-junio-dia-internacional-de-la-lucha-contra-el-uso-indebido-y-el-trafico-ilicito-de-drogas\/#primaryimage"},"thumbnailUrl":"https:\/\/digital58.com.ve\/site\/wp-content\/uploads\/2017\/06\/drogas-1.jpg","keywords":["Drogas","Efem\u00e9rides","Internacionales","Naciones Unidas","Trafico"],"articleSection":["Otros"],"inLanguage":"es","potentialAction":[{"@type":"CommentAction","name":"Comment","target":["https:\/\/digital58.com.ve\/site\/2017\/06\/26\/26-de-junio-dia-internacional-de-la-lucha-contra-el-uso-indebido-y-el-trafico-ilicito-de-drogas\/#respond"]}]},{"@type":"WebPage","@id":"https:\/\/digital58.com.ve\/site\/2017\/06\/26\/26-de-junio-dia-internacional-de-la-lucha-contra-el-uso-indebido-y-el-trafico-ilicito-de-drogas\/","url":"https:\/\/digital58.com.ve\/site\/2017\/06\/26\/26-de-junio-dia-internacional-de-la-lucha-contra-el-uso-indebido-y-el-trafico-ilicito-de-drogas\/","name":"26 de junio: D\u00eda Internacional de la Lucha contra el Uso Indebido y el Tr\u00e1fico Il\u00edcito de Drogas","isPartOf":{"@id":"https:\/\/digital58.com.ve\/site\/#website"},"primaryImageOfPage":{"@id":"https:\/\/digital58.com.ve\/site\/2017\/06\/26\/26-de-junio-dia-internacional-de-la-lucha-contra-el-uso-indebido-y-el-trafico-ilicito-de-drogas\/#primaryimage"},"image":{"@id":"https:\/\/digital58.com.ve\/site\/2017\/06\/26\/26-de-junio-dia-internacional-de-la-lucha-contra-el-uso-indebido-y-el-trafico-ilicito-de-drogas\/#primaryimage"},"thumbnailUrl":"https:\/\/digital58.com.ve\/site\/wp-content\/uploads\/2017\/06\/drogas-1.jpg","datePublished":"2017-06-26T13:03:42+00:00","breadcrumb":{"@id":"https:\/\/digital58.com.ve\/site\/2017\/06\/26\/26-de-junio-dia-internacional-de-la-lucha-contra-el-uso-indebido-y-el-trafico-ilicito-de-drogas\/#breadcrumb"},"inLanguage":"es","potentialAction":[{"@type":"ReadAction","target":["https:\/\/digital58.com.ve\/site\/2017\/06\/26\/26-de-junio-dia-internacional-de-la-lucha-contra-el-uso-indebido-y-el-trafico-ilicito-de-drogas\/"]}]},{"@type":"ImageObject","inLanguage":"es","@id":"https:\/\/digital58.com.ve\/site\/2017\/06\/26\/26-de-junio-dia-internacional-de-la-lucha-contra-el-uso-indebido-y-el-trafico-ilicito-de-drogas\/#primaryimage","url":"https:\/\/digital58.com.ve\/site\/wp-content\/uploads\/2017\/06\/drogas-1.jpg","contentUrl":"https:\/\/digital58.com.ve\/site\/wp-content\/uploads\/2017\/06\/drogas-1.jpg","width":800,"height":534},{"@type":"BreadcrumbList","@id":"https:\/\/digital58.com.ve\/site\/2017\/06\/26\/26-de-junio-dia-internacional-de-la-lucha-contra-el-uso-indebido-y-el-trafico-ilicito-de-drogas\/#breadcrumb","itemListElement":[{"@type":"ListItem","position":1,"name":"Home","item":"https:\/\/digital58.com.ve\/site\/"},{"@type":"ListItem","position":2,"name":"26 de junio: D\u00eda Internacional de la Lucha contra el Uso Indebido y el Tr\u00e1fico Il\u00edcito de Drogas"}]},{"@type":"WebSite","@id":"https:\/\/digital58.com.ve\/site\/#website","url":"https:\/\/digital58.com.ve\/site\/","name":"Noticias Digital58","description":"Portal de Noticias \u00a1Periodismo web de verdad! Lanzamiento web 22.11.2005 \/ Maracaibo, Venezuela","publisher":{"@id":"https:\/\/digital58.com.ve\/site\/#\/schema\/person\/64d1c2e4d0d4fd1b849980c4331c2951"},"alternateName":"ND58","potentialAction":[{"@type":"SearchAction","target":{"@type":"EntryPoint","urlTemplate":"https:\/\/digital58.com.ve\/site\/?s={search_term_string}"},"query-input":{"@type":"PropertyValueSpecification","valueRequired":true,"valueName":"search_term_string"}}],"inLanguage":"es"},{"@type":["Person","Organization"],"@id":"https:\/\/digital58.com.ve\/site\/#\/schema\/person\/64d1c2e4d0d4fd1b849980c4331c2951","name":"Villasmil Henry","image":{"@type":"ImageObject","inLanguage":"es","@id":"https:\/\/secure.gravatar.com\/avatar\/bb0c4a2fcb7970138239f7e404ea75757b1b507b28b5ce4c53fbd62d797c5a7c?s=96&d=mm&r=g","url":"https:\/\/secure.gravatar.com\/avatar\/bb0c4a2fcb7970138239f7e404ea75757b1b507b28b5ce4c53fbd62d797c5a7c?s=96&d=mm&r=g","contentUrl":"https:\/\/secure.gravatar.com\/avatar\/bb0c4a2fcb7970138239f7e404ea75757b1b507b28b5ce4c53fbd62d797c5a7c?s=96&d=mm&r=g","caption":"Villasmil Henry"},"logo":{"@id":"https:\/\/secure.gravatar.com\/avatar\/bb0c4a2fcb7970138239f7e404ea75757b1b507b28b5ce4c53fbd62d797c5a7c?s=96&d=mm&r=g"},"sameAs":["http:\/\/www.henryvillasmil.com.ve","https:\/\/www.instagram.com\/villasmilhfoto\/","https:\/\/x.com\/https:\/\/twitter.com\/villasmilhfoto"],"url":"https:\/\/digital58.com.ve\/site\/author\/droopy_68\/"}]}},"uagb_featured_image_src":{"full":["https:\/\/digital58.com.ve\/site\/wp-content\/uploads\/2017\/06\/drogas-1.jpg",800,534,false],"thumbnail":["https:\/\/digital58.com.ve\/site\/wp-content\/uploads\/2017\/06\/drogas-1-150x150.jpg",150,150,true],"medium":["https:\/\/digital58.com.ve\/site\/wp-content\/uploads\/2017\/06\/drogas-1-300x200.jpg",300,200,true],"medium_large":["https:\/\/digital58.com.ve\/site\/wp-content\/uploads\/2017\/06\/drogas-1-768x512.jpg",768,512,true],"large":["https:\/\/digital58.com.ve\/site\/wp-content\/uploads\/2017\/06\/drogas-1.jpg",800,534,false],"1536x1536":["https:\/\/digital58.com.ve\/site\/wp-content\/uploads\/2017\/06\/drogas-1.jpg",800,534,false],"2048x2048":["https:\/\/digital58.com.ve\/site\/wp-content\/uploads\/2017\/06\/drogas-1.jpg",800,534,false],"colormag-highlighted-post":["https:\/\/digital58.com.ve\/site\/wp-content\/uploads\/2017\/06\/drogas-1.jpg",392,262,false],"colormag-featured-post-medium":["https:\/\/digital58.com.ve\/site\/wp-content\/uploads\/2017\/06\/drogas-1.jpg",307,205,false],"colormag-featured-post-small":["https:\/\/digital58.com.ve\/site\/wp-content\/uploads\/2017\/06\/drogas-1.jpg",130,87,false],"colormag-featured-image":["https:\/\/digital58.com.ve\/site\/wp-content\/uploads\/2017\/06\/drogas-1.jpg",667,445,false],"colormag-default-news":["https:\/\/digital58.com.ve\/site\/wp-content\/uploads\/2017\/06\/drogas-1.jpg",150,100,false],"colormag-featured-image-large":["https:\/\/digital58.com.ve\/site\/wp-content\/uploads\/2017\/06\/drogas-1.jpg",800,534,false]},"uagb_author_info":{"display_name":"Villasmil Henry","author_link":"https:\/\/digital58.com.ve\/site\/author\/droopy_68\/"},"uagb_comment_info":0,"uagb_excerpt":"Mediante la resoluci\u00f3n 42\/112, aprobada el 7 de diciembre de 1987, la Asamblea General de las Naciones Unidas conmemora el","_links":{"self":[{"href":"https:\/\/digital58.com.ve\/site\/wp-json\/wp\/v2\/posts\/66510","targetHints":{"allow":["GET"]}}],"collection":[{"href":"https:\/\/digital58.com.ve\/site\/wp-json\/wp\/v2\/posts"}],"about":[{"href":"https:\/\/digital58.com.ve\/site\/wp-json\/wp\/v2\/types\/post"}],"author":[{"embeddable":true,"href":"https:\/\/digital58.com.ve\/site\/wp-json\/wp\/v2\/users\/1"}],"replies":[{"embeddable":true,"href":"https:\/\/digital58.com.ve\/site\/wp-json\/wp\/v2\/comments?post=66510"}],"version-history":[{"count":0,"href":"https:\/\/digital58.com.ve\/site\/wp-json\/wp\/v2\/posts\/66510\/revisions"}],"wp:featuredmedia":[{"embeddable":true,"href":"https:\/\/digital58.com.ve\/site\/wp-json\/wp\/v2\/media\/66535"}],"wp:attachment":[{"href":"https:\/\/digital58.com.ve\/site\/wp-json\/wp\/v2\/media?parent=66510"}],"wp:term":[{"taxonomy":"category","embeddable":true,"href":"https:\/\/digital58.com.ve\/site\/wp-json\/wp\/v2\/categories?post=66510"},{"taxonomy":"post_tag","embeddable":true,"href":"https:\/\/digital58.com.ve\/site\/wp-json\/wp\/v2\/tags?post=66510"}],"curies":[{"name":"wp","href":"https:\/\/api.w.org\/{rel}","templated":true}]}}