{"id":67285,"date":"2017-07-08T10:53:27","date_gmt":"2017-07-08T14:53:27","guid":{"rendered":"http:\/\/digital58.com.ve\/site\/?p=67285"},"modified":"2017-07-09T12:12:49","modified_gmt":"2017-07-09T16:12:49","slug":"eduardo-sarago-no-continuara-en-el-deportivo-la-guaira","status":"publish","type":"post","link":"https:\/\/digital58.com.ve\/site\/2017\/07\/08\/eduardo-sarago-no-continuara-en-el-deportivo-la-guaira\/","title":{"rendered":"Eduardo Sarag\u00f3 no continuar\u00e1 en el Deportivo La Guaira"},"content":{"rendered":"<p><a href=\"http:\/\/digital58.com.ve\/site\/wp-content\/uploads\/2017\/07\/eduardo-2.jpg\"><img loading=\"lazy\" decoding=\"async\" class=\"aligncenter wp-image-67294\" src=\"http:\/\/digital58.com.ve\/site\/wp-content\/uploads\/2017\/07\/eduardo-2.jpg\" alt=\"\" width=\"640\" height=\"416\" srcset=\"https:\/\/digital58.com.ve\/site\/wp-content\/uploads\/2017\/07\/eduardo-2.jpg 800w, https:\/\/digital58.com.ve\/site\/wp-content\/uploads\/2017\/07\/eduardo-2-300x195.jpg 300w, https:\/\/digital58.com.ve\/site\/wp-content\/uploads\/2017\/07\/eduardo-2-768x499.jpg 768w\" sizes=\"auto, (max-width: 640px) 100vw, 640px\" \/><\/a><\/p>\n<p>A solo una semana del inicio del Torneo Clausura 2017, el Deportivo La Guaira tuvo otra baja para el cuadro editorial, precisamente su t\u00e9cnico Eduardo Sarag\u00f3, quien pone fin su paso por la oncena \u00abNaranja\u00bb.<\/p>\n<p><strong>Caracas, DC, Venezuela, 08 de julio de 2017 (D58).-<\/strong> El director t\u00e9cnico, Eduardo Sarag\u00f3, quien logr\u00f3 meter al equipo de primera divisi\u00f3n, Deportivo La Guaira, en octavos de final de la Copa Sudamericana, no seguir\u00e1 m\u00e1s en el equipo, luego de que la junta directiva y el estratega alcanzaran un acuerdo para el fin de la relaci\u00f3n laboral.<\/p>\n<p>\u00abLe agradezco a las personas que tuvieron que ver en mi llegada al club hace un a\u00f1o y las infinitas satisfacciones que como equipo alcanzamos. Un ciclo deportivo que nos lleno de orgullo\u00bb coment\u00f3 Sarag\u00f3.<\/p>\n<p>El ex director t\u00e9cnico caraque\u00f1o, estuvo al frente de la oncena naranja los \u00faltimos torneos, donde logr\u00f3 dos semifinales en la liga y alcanzar los octavos de la final de la Copa Sudamericana.<\/p>\n<p>El estratega dirigi\u00f3 50 partidos del cuadro naranja: 42 por torneo local, dos por Copa Venezuela y 6 por Copa Sudamericana.<\/p>\n<p><strong>Redacci\u00f3n y fuente: \u00daltimas Noticias \/ Entorno Inteligente<\/strong><br \/>\n<strong>Edici\u00f3n: <a href=\"https:\/\/www.instagram.com\/raquelsofiavera\/\" target=\"_blank\" rel=\"noopener\">Vera, Raquel<\/a><\/strong><br \/>\n<strong>Fotos: Google<\/strong><\/p><div class=\"ytdwy69f479b153575\" ><p style=\"text-align: center;\"><a href=\"https:\/\/t.me\/noticiasdigital58\" target=\"_blank\" rel=\"noopener\"><img class=\"aligncenter size-full wp-image-125363\" src=\"https:\/\/digital58.com.ve\/site\/wp-content\/uploads\/2021\/04\/banner-telegram-web-2021.png\" alt=\"\" width=\"600\" height=\"90\" \/><\/a><\/p><\/div><style type=\"text\/css\">\r\n@media screen and (min-width: 1201px) {\r\n.ytdwy69f479b153575 {\r\ndisplay: block;\r\n}\r\n}\r\n@media screen and (min-width: 993px) and (max-width: 1200px) {\r\n.ytdwy69f479b153575 {\r\ndisplay: block;\r\n}\r\n}\r\n@media screen and (min-width: 769px) and (max-width: 992px) {\r\n.ytdwy69f479b153575 {\r\ndisplay: block;\r\n}\r\n}\r\n@media screen and (min-width: 768px) and (max-width: 768px) {\r\n.ytdwy69f479b153575 {\r\ndisplay: block;\r\n}\r\n}\r\n@media screen and (max-width: 767px) {\r\n.ytdwy69f479b153575 {\r\ndisplay: block;\r\n}\r\n}\r\n<\/style>\r\n\n<p><a href=\"http:\/\/digital58.com.ve\/site\/wp-content\/uploads\/2017\/07\/eduardo-1.jpg\"><img loading=\"lazy\" decoding=\"async\" class=\"aligncenter wp-image-67291\" src=\"http:\/\/digital58.com.ve\/site\/wp-content\/uploads\/2017\/07\/eduardo-1.jpg\" alt=\"\" width=\"640\" height=\"282\" srcset=\"https:\/\/digital58.com.ve\/site\/wp-content\/uploads\/2017\/07\/eduardo-1.jpg 800w, https:\/\/digital58.com.ve\/site\/wp-content\/uploads\/2017\/07\/eduardo-1-300x132.jpg 300w, https:\/\/digital58.com.ve\/site\/wp-content\/uploads\/2017\/07\/eduardo-1-768x338.jpg 768w\" sizes=\"auto, (max-width: 640px) 100vw, 640px\" \/><\/a><\/p>\n<div style=\"margin-top: 0px; margin-bottom: 0px;\" class=\"sharethis-inline-share-buttons\" ><\/div>","protected":false},"excerpt":{"rendered":"<p>A solo una semana del inicio del Torneo Clausura 2017, el Deportivo La Guaira tuvo otra baja para el cuadro<\/p>\n","protected":false},"author":1,"featured_media":67291,"comment_status":"open","ping_status":"closed","sticky":false,"template":"","format":"standard","meta":{"colormag_page_container_layout":"default_layout","colormag_page_sidebar_layout":"default_layout","_uag_custom_page_level_css":"","footnotes":""},"categories":[5402],"tags":[29,5326,5552,8310,8311,13,14,15,25,233,19,32],"class_list":["post-67285","post","type-post","status-publish","format-standard","has-post-thumbnail","hentry","category-deportes","tag-caracas","tag-copa-venezuela","tag-deportivo-la-guaira-futbol-club","tag-director-tecnico","tag-eduardo-sarago","tag-futbol","tag-futbol-venezolano","tag-futve","tag-fvf","tag-nacionales","tag-primera-division","tag-venezuela"],"yoast_head":"<!-- This site is optimized with the Yoast SEO plugin v27.5 - https:\/\/yoast.com\/product\/yoast-seo-wordpress\/ -->\n<title>Eduardo Sarag\u00f3 no continuar\u00e1 en el Deportivo La Guaira<\/title>\n<meta name=\"robots\" content=\"index, follow, max-snippet:-1, max-image-preview:large, max-video-preview:-1\" \/>\n<link rel=\"canonical\" href=\"https:\/\/digital58.com.ve\/site\/2017\/07\/08\/eduardo-sarago-no-continuara-en-el-deportivo-la-guaira\/\" \/>\n<meta property=\"og:locale\" content=\"es_ES\" \/>\n<meta property=\"og:type\" content=\"article\" \/>\n<meta property=\"og:title\" content=\"Eduardo Sarag\u00f3 no continuar\u00e1 en el Deportivo La Guaira\" \/>\n<meta property=\"og:url\" content=\"https:\/\/digital58.com.ve\/site\/2017\/07\/08\/eduardo-sarago-no-continuara-en-el-deportivo-la-guaira\/\" \/>\n<meta property=\"og:site_name\" content=\"Noticias Digital58\" \/>\n<meta property=\"article:published_time\" content=\"2017-07-08T14:53:27+00:00\" \/>\n<meta property=\"article:modified_time\" content=\"2017-07-09T16:12:49+00:00\" \/>\n<meta property=\"og:image\" content=\"https:\/\/digital58.com.ve\/site\/wp-content\/uploads\/2017\/07\/eduardo-1.jpg\" \/>\n\t<meta property=\"og:image:width\" content=\"1349\" \/>\n\t<meta property=\"og:image:height\" content=\"594\" \/>\n\t<meta property=\"og:image:type\" content=\"image\/jpeg\" \/>\n<meta name=\"author\" content=\"Villasmil Henry\" \/>\n<meta name=\"twitter:card\" content=\"summary_large_image\" \/>\n<meta name=\"twitter:creator\" content=\"@https:\/\/twitter.com\/villasmilhfoto\" \/>\n<meta name=\"twitter:site\" content=\"@villasmilhfoto\" \/>\n<meta name=\"twitter:label1\" content=\"Escrito por\" \/>\n\t<meta name=\"twitter:data1\" content=\"Villasmil Henry\" \/>\n\t<meta name=\"twitter:label2\" content=\"Tiempo estimado de lectura\" \/>\n\t<meta name=\"twitter:data2\" content=\"1 minuto\" \/>\n<script type=\"application\/ld+json\" class=\"yoast-schema-graph\">{\"@context\":\"https:\\\/\\\/schema.org\",\"@graph\":[{\"@type\":\"Article\",\"@id\":\"https:\\\/\\\/digital58.com.ve\\\/site\\\/2017\\\/07\\\/08\\\/eduardo-sarago-no-continuara-en-el-deportivo-la-guaira\\\/#article\",\"isPartOf\":{\"@id\":\"https:\\\/\\\/digital58.com.ve\\\/site\\\/2017\\\/07\\\/08\\\/eduardo-sarago-no-continuara-en-el-deportivo-la-guaira\\\/\"},\"author\":{\"name\":\"Villasmil Henry\",\"@id\":\"https:\\\/\\\/digital58.com.ve\\\/site\\\/#\\\/schema\\\/person\\\/64d1c2e4d0d4fd1b849980c4331c2951\"},\"headline\":\"Eduardo Sarag\u00f3 no continuar\u00e1 en el Deportivo La Guaira\",\"datePublished\":\"2017-07-08T14:53:27+00:00\",\"dateModified\":\"2017-07-09T16:12:49+00:00\",\"mainEntityOfPage\":{\"@id\":\"https:\\\/\\\/digital58.com.ve\\\/site\\\/2017\\\/07\\\/08\\\/eduardo-sarago-no-continuara-en-el-deportivo-la-guaira\\\/\"},\"wordCount\":208,\"commentCount\":0,\"publisher\":{\"@id\":\"https:\\\/\\\/digital58.com.ve\\\/site\\\/#\\\/schema\\\/person\\\/64d1c2e4d0d4fd1b849980c4331c2951\"},\"image\":{\"@id\":\"https:\\\/\\\/digital58.com.ve\\\/site\\\/2017\\\/07\\\/08\\\/eduardo-sarago-no-continuara-en-el-deportivo-la-guaira\\\/#primaryimage\"},\"thumbnailUrl\":\"https:\\\/\\\/digital58.com.ve\\\/site\\\/wp-content\\\/uploads\\\/2017\\\/07\\\/eduardo-1.jpg\",\"keywords\":[\"Caracas\",\"Copa Venezuela\",\"Deportivo La Guaira F\u00fatbol Club\",\"Director T\u00e9cnico\",\"Eduardo Sarag\u00f3\",\"F\u00fatbol\",\"F\u00fatbol Venezolano\",\"Futve\",\"FVF\",\"Nacionales\",\"Primera Divisi\u00f3n\",\"Venezuela\"],\"articleSection\":[\"Deportes\"],\"inLanguage\":\"es\",\"potentialAction\":[{\"@type\":\"CommentAction\",\"name\":\"Comment\",\"target\":[\"https:\\\/\\\/digital58.com.ve\\\/site\\\/2017\\\/07\\\/08\\\/eduardo-sarago-no-continuara-en-el-deportivo-la-guaira\\\/#respond\"]}]},{\"@type\":\"WebPage\",\"@id\":\"https:\\\/\\\/digital58.com.ve\\\/site\\\/2017\\\/07\\\/08\\\/eduardo-sarago-no-continuara-en-el-deportivo-la-guaira\\\/\",\"url\":\"https:\\\/\\\/digital58.com.ve\\\/site\\\/2017\\\/07\\\/08\\\/eduardo-sarago-no-continuara-en-el-deportivo-la-guaira\\\/\",\"name\":\"Eduardo Sarag\u00f3 no continuar\u00e1 en el Deportivo La Guaira\",\"isPartOf\":{\"@id\":\"https:\\\/\\\/digital58.com.ve\\\/site\\\/#website\"},\"primaryImageOfPage\":{\"@id\":\"https:\\\/\\\/digital58.com.ve\\\/site\\\/2017\\\/07\\\/08\\\/eduardo-sarago-no-continuara-en-el-deportivo-la-guaira\\\/#primaryimage\"},\"image\":{\"@id\":\"https:\\\/\\\/digital58.com.ve\\\/site\\\/2017\\\/07\\\/08\\\/eduardo-sarago-no-continuara-en-el-deportivo-la-guaira\\\/#primaryimage\"},\"thumbnailUrl\":\"https:\\\/\\\/digital58.com.ve\\\/site\\\/wp-content\\\/uploads\\\/2017\\\/07\\\/eduardo-1.jpg\",\"datePublished\":\"2017-07-08T14:53:27+00:00\",\"dateModified\":\"2017-07-09T16:12:49+00:00\",\"breadcrumb\":{\"@id\":\"https:\\\/\\\/digital58.com.ve\\\/site\\\/2017\\\/07\\\/08\\\/eduardo-sarago-no-continuara-en-el-deportivo-la-guaira\\\/#breadcrumb\"},\"inLanguage\":\"es\",\"potentialAction\":[{\"@type\":\"ReadAction\",\"target\":[\"https:\\\/\\\/digital58.com.ve\\\/site\\\/2017\\\/07\\\/08\\\/eduardo-sarago-no-continuara-en-el-deportivo-la-guaira\\\/\"]}]},{\"@type\":\"ImageObject\",\"inLanguage\":\"es\",\"@id\":\"https:\\\/\\\/digital58.com.ve\\\/site\\\/2017\\\/07\\\/08\\\/eduardo-sarago-no-continuara-en-el-deportivo-la-guaira\\\/#primaryimage\",\"url\":\"https:\\\/\\\/digital58.com.ve\\\/site\\\/wp-content\\\/uploads\\\/2017\\\/07\\\/eduardo-1.jpg\",\"contentUrl\":\"https:\\\/\\\/digital58.com.ve\\\/site\\\/wp-content\\\/uploads\\\/2017\\\/07\\\/eduardo-1.jpg\",\"width\":800,\"height\":352},{\"@type\":\"BreadcrumbList\",\"@id\":\"https:\\\/\\\/digital58.com.ve\\\/site\\\/2017\\\/07\\\/08\\\/eduardo-sarago-no-continuara-en-el-deportivo-la-guaira\\\/#breadcrumb\",\"itemListElement\":[{\"@type\":\"ListItem\",\"position\":1,\"name\":\"Home\",\"item\":\"https:\\\/\\\/digital58.com.ve\\\/site\\\/\"},{\"@type\":\"ListItem\",\"position\":2,\"name\":\"Eduardo Sarag\u00f3 no continuar\u00e1 en el Deportivo La Guaira\"}]},{\"@type\":\"WebSite\",\"@id\":\"https:\\\/\\\/digital58.com.ve\\\/site\\\/#website\",\"url\":\"https:\\\/\\\/digital58.com.ve\\\/site\\\/\",\"name\":\"Noticias Digital58\",\"description\":\"Portal de Noticias \u00a1Periodismo web de verdad! Lanzamiento web 22.11.2005 \\\/ Maracaibo, Venezuela\",\"publisher\":{\"@id\":\"https:\\\/\\\/digital58.com.ve\\\/site\\\/#\\\/schema\\\/person\\\/64d1c2e4d0d4fd1b849980c4331c2951\"},\"alternateName\":\"ND58\",\"potentialAction\":[{\"@type\":\"SearchAction\",\"target\":{\"@type\":\"EntryPoint\",\"urlTemplate\":\"https:\\\/\\\/digital58.com.ve\\\/site\\\/?s={search_term_string}\"},\"query-input\":{\"@type\":\"PropertyValueSpecification\",\"valueRequired\":true,\"valueName\":\"search_term_string\"}}],\"inLanguage\":\"es\"},{\"@type\":[\"Person\",\"Organization\"],\"@id\":\"https:\\\/\\\/digital58.com.ve\\\/site\\\/#\\\/schema\\\/person\\\/64d1c2e4d0d4fd1b849980c4331c2951\",\"name\":\"Villasmil Henry\",\"image\":{\"@type\":\"ImageObject\",\"inLanguage\":\"es\",\"@id\":\"https:\\\/\\\/secure.gravatar.com\\\/avatar\\\/bb0c4a2fcb7970138239f7e404ea75757b1b507b28b5ce4c53fbd62d797c5a7c?s=96&d=mm&r=g\",\"url\":\"https:\\\/\\\/secure.gravatar.com\\\/avatar\\\/bb0c4a2fcb7970138239f7e404ea75757b1b507b28b5ce4c53fbd62d797c5a7c?s=96&d=mm&r=g\",\"contentUrl\":\"https:\\\/\\\/secure.gravatar.com\\\/avatar\\\/bb0c4a2fcb7970138239f7e404ea75757b1b507b28b5ce4c53fbd62d797c5a7c?s=96&d=mm&r=g\",\"caption\":\"Villasmil Henry\"},\"logo\":{\"@id\":\"https:\\\/\\\/secure.gravatar.com\\\/avatar\\\/bb0c4a2fcb7970138239f7e404ea75757b1b507b28b5ce4c53fbd62d797c5a7c?s=96&d=mm&r=g\"},\"sameAs\":[\"http:\\\/\\\/www.henryvillasmil.com.ve\",\"https:\\\/\\\/www.instagram.com\\\/villasmilhfoto\\\/\",\"https:\\\/\\\/x.com\\\/https:\\\/\\\/twitter.com\\\/villasmilhfoto\"],\"url\":\"https:\\\/\\\/digital58.com.ve\\\/site\\\/author\\\/droopy_68\\\/\"}]}<\/script>\n<!-- \/ Yoast SEO plugin. -->","yoast_head_json":{"title":"Eduardo Sarag\u00f3 no continuar\u00e1 en el Deportivo La Guaira","robots":{"index":"index","follow":"follow","max-snippet":"max-snippet:-1","max-image-preview":"max-image-preview:large","max-video-preview":"max-video-preview:-1"},"canonical":"https:\/\/digital58.com.ve\/site\/2017\/07\/08\/eduardo-sarago-no-continuara-en-el-deportivo-la-guaira\/","og_locale":"es_ES","og_type":"article","og_title":"Eduardo Sarag\u00f3 no continuar\u00e1 en el Deportivo La Guaira","og_url":"https:\/\/digital58.com.ve\/site\/2017\/07\/08\/eduardo-sarago-no-continuara-en-el-deportivo-la-guaira\/","og_site_name":"Noticias Digital58","article_published_time":"2017-07-08T14:53:27+00:00","article_modified_time":"2017-07-09T16:12:49+00:00","og_image":[{"width":1349,"height":594,"url":"https:\/\/digital58.com.ve\/site\/wp-content\/uploads\/2017\/07\/eduardo-1.jpg","type":"image\/jpeg"}],"author":"Villasmil Henry","twitter_card":"summary_large_image","twitter_creator":"@https:\/\/twitter.com\/villasmilhfoto","twitter_site":"@villasmilhfoto","twitter_misc":{"Escrito por":"Villasmil Henry","Tiempo estimado de lectura":"1 minuto"},"schema":{"@context":"https:\/\/schema.org","@graph":[{"@type":"Article","@id":"https:\/\/digital58.com.ve\/site\/2017\/07\/08\/eduardo-sarago-no-continuara-en-el-deportivo-la-guaira\/#article","isPartOf":{"@id":"https:\/\/digital58.com.ve\/site\/2017\/07\/08\/eduardo-sarago-no-continuara-en-el-deportivo-la-guaira\/"},"author":{"name":"Villasmil Henry","@id":"https:\/\/digital58.com.ve\/site\/#\/schema\/person\/64d1c2e4d0d4fd1b849980c4331c2951"},"headline":"Eduardo Sarag\u00f3 no continuar\u00e1 en el Deportivo La Guaira","datePublished":"2017-07-08T14:53:27+00:00","dateModified":"2017-07-09T16:12:49+00:00","mainEntityOfPage":{"@id":"https:\/\/digital58.com.ve\/site\/2017\/07\/08\/eduardo-sarago-no-continuara-en-el-deportivo-la-guaira\/"},"wordCount":208,"commentCount":0,"publisher":{"@id":"https:\/\/digital58.com.ve\/site\/#\/schema\/person\/64d1c2e4d0d4fd1b849980c4331c2951"},"image":{"@id":"https:\/\/digital58.com.ve\/site\/2017\/07\/08\/eduardo-sarago-no-continuara-en-el-deportivo-la-guaira\/#primaryimage"},"thumbnailUrl":"https:\/\/digital58.com.ve\/site\/wp-content\/uploads\/2017\/07\/eduardo-1.jpg","keywords":["Caracas","Copa Venezuela","Deportivo La Guaira F\u00fatbol Club","Director T\u00e9cnico","Eduardo Sarag\u00f3","F\u00fatbol","F\u00fatbol Venezolano","Futve","FVF","Nacionales","Primera Divisi\u00f3n","Venezuela"],"articleSection":["Deportes"],"inLanguage":"es","potentialAction":[{"@type":"CommentAction","name":"Comment","target":["https:\/\/digital58.com.ve\/site\/2017\/07\/08\/eduardo-sarago-no-continuara-en-el-deportivo-la-guaira\/#respond"]}]},{"@type":"WebPage","@id":"https:\/\/digital58.com.ve\/site\/2017\/07\/08\/eduardo-sarago-no-continuara-en-el-deportivo-la-guaira\/","url":"https:\/\/digital58.com.ve\/site\/2017\/07\/08\/eduardo-sarago-no-continuara-en-el-deportivo-la-guaira\/","name":"Eduardo Sarag\u00f3 no continuar\u00e1 en el Deportivo La Guaira","isPartOf":{"@id":"https:\/\/digital58.com.ve\/site\/#website"},"primaryImageOfPage":{"@id":"https:\/\/digital58.com.ve\/site\/2017\/07\/08\/eduardo-sarago-no-continuara-en-el-deportivo-la-guaira\/#primaryimage"},"image":{"@id":"https:\/\/digital58.com.ve\/site\/2017\/07\/08\/eduardo-sarago-no-continuara-en-el-deportivo-la-guaira\/#primaryimage"},"thumbnailUrl":"https:\/\/digital58.com.ve\/site\/wp-content\/uploads\/2017\/07\/eduardo-1.jpg","datePublished":"2017-07-08T14:53:27+00:00","dateModified":"2017-07-09T16:12:49+00:00","breadcrumb":{"@id":"https:\/\/digital58.com.ve\/site\/2017\/07\/08\/eduardo-sarago-no-continuara-en-el-deportivo-la-guaira\/#breadcrumb"},"inLanguage":"es","potentialAction":[{"@type":"ReadAction","target":["https:\/\/digital58.com.ve\/site\/2017\/07\/08\/eduardo-sarago-no-continuara-en-el-deportivo-la-guaira\/"]}]},{"@type":"ImageObject","inLanguage":"es","@id":"https:\/\/digital58.com.ve\/site\/2017\/07\/08\/eduardo-sarago-no-continuara-en-el-deportivo-la-guaira\/#primaryimage","url":"https:\/\/digital58.com.ve\/site\/wp-content\/uploads\/2017\/07\/eduardo-1.jpg","contentUrl":"https:\/\/digital58.com.ve\/site\/wp-content\/uploads\/2017\/07\/eduardo-1.jpg","width":800,"height":352},{"@type":"BreadcrumbList","@id":"https:\/\/digital58.com.ve\/site\/2017\/07\/08\/eduardo-sarago-no-continuara-en-el-deportivo-la-guaira\/#breadcrumb","itemListElement":[{"@type":"ListItem","position":1,"name":"Home","item":"https:\/\/digital58.com.ve\/site\/"},{"@type":"ListItem","position":2,"name":"Eduardo Sarag\u00f3 no continuar\u00e1 en el Deportivo La Guaira"}]},{"@type":"WebSite","@id":"https:\/\/digital58.com.ve\/site\/#website","url":"https:\/\/digital58.com.ve\/site\/","name":"Noticias Digital58","description":"Portal de Noticias \u00a1Periodismo web de verdad! Lanzamiento web 22.11.2005 \/ Maracaibo, Venezuela","publisher":{"@id":"https:\/\/digital58.com.ve\/site\/#\/schema\/person\/64d1c2e4d0d4fd1b849980c4331c2951"},"alternateName":"ND58","potentialAction":[{"@type":"SearchAction","target":{"@type":"EntryPoint","urlTemplate":"https:\/\/digital58.com.ve\/site\/?s={search_term_string}"},"query-input":{"@type":"PropertyValueSpecification","valueRequired":true,"valueName":"search_term_string"}}],"inLanguage":"es"},{"@type":["Person","Organization"],"@id":"https:\/\/digital58.com.ve\/site\/#\/schema\/person\/64d1c2e4d0d4fd1b849980c4331c2951","name":"Villasmil Henry","image":{"@type":"ImageObject","inLanguage":"es","@id":"https:\/\/secure.gravatar.com\/avatar\/bb0c4a2fcb7970138239f7e404ea75757b1b507b28b5ce4c53fbd62d797c5a7c?s=96&d=mm&r=g","url":"https:\/\/secure.gravatar.com\/avatar\/bb0c4a2fcb7970138239f7e404ea75757b1b507b28b5ce4c53fbd62d797c5a7c?s=96&d=mm&r=g","contentUrl":"https:\/\/secure.gravatar.com\/avatar\/bb0c4a2fcb7970138239f7e404ea75757b1b507b28b5ce4c53fbd62d797c5a7c?s=96&d=mm&r=g","caption":"Villasmil Henry"},"logo":{"@id":"https:\/\/secure.gravatar.com\/avatar\/bb0c4a2fcb7970138239f7e404ea75757b1b507b28b5ce4c53fbd62d797c5a7c?s=96&d=mm&r=g"},"sameAs":["http:\/\/www.henryvillasmil.com.ve","https:\/\/www.instagram.com\/villasmilhfoto\/","https:\/\/x.com\/https:\/\/twitter.com\/villasmilhfoto"],"url":"https:\/\/digital58.com.ve\/site\/author\/droopy_68\/"}]}},"uagb_featured_image_src":{"full":["https:\/\/digital58.com.ve\/site\/wp-content\/uploads\/2017\/07\/eduardo-1.jpg",800,352,false],"thumbnail":["https:\/\/digital58.com.ve\/site\/wp-content\/uploads\/2017\/07\/eduardo-1-150x150.jpg",150,150,true],"medium":["https:\/\/digital58.com.ve\/site\/wp-content\/uploads\/2017\/07\/eduardo-1-300x132.jpg",300,132,true],"medium_large":["https:\/\/digital58.com.ve\/site\/wp-content\/uploads\/2017\/07\/eduardo-1-768x338.jpg",768,338,true],"large":["https:\/\/digital58.com.ve\/site\/wp-content\/uploads\/2017\/07\/eduardo-1.jpg",800,352,false],"1536x1536":["https:\/\/digital58.com.ve\/site\/wp-content\/uploads\/2017\/07\/eduardo-1.jpg",800,352,false],"2048x2048":["https:\/\/digital58.com.ve\/site\/wp-content\/uploads\/2017\/07\/eduardo-1.jpg",800,352,false],"colormag-highlighted-post":["https:\/\/digital58.com.ve\/site\/wp-content\/uploads\/2017\/07\/eduardo-1.jpg",392,172,false],"colormag-featured-post-medium":["https:\/\/digital58.com.ve\/site\/wp-content\/uploads\/2017\/07\/eduardo-1.jpg",390,172,false],"colormag-featured-post-small":["https:\/\/digital58.com.ve\/site\/wp-content\/uploads\/2017\/07\/eduardo-1.jpg",130,57,false],"colormag-featured-image":["https:\/\/digital58.com.ve\/site\/wp-content\/uploads\/2017\/07\/eduardo-1.jpg",800,352,false],"colormag-default-news":["https:\/\/digital58.com.ve\/site\/wp-content\/uploads\/2017\/07\/eduardo-1.jpg",150,66,false],"colormag-featured-image-large":["https:\/\/digital58.com.ve\/site\/wp-content\/uploads\/2017\/07\/eduardo-1.jpg",800,352,false]},"uagb_author_info":{"display_name":"Villasmil Henry","author_link":"https:\/\/digital58.com.ve\/site\/author\/droopy_68\/"},"uagb_comment_info":0,"uagb_excerpt":"A solo una semana del inicio del Torneo Clausura 2017, el Deportivo La Guaira tuvo otra baja para el cuadro","_links":{"self":[{"href":"https:\/\/digital58.com.ve\/site\/wp-json\/wp\/v2\/posts\/67285","targetHints":{"allow":["GET"]}}],"collection":[{"href":"https:\/\/digital58.com.ve\/site\/wp-json\/wp\/v2\/posts"}],"about":[{"href":"https:\/\/digital58.com.ve\/site\/wp-json\/wp\/v2\/types\/post"}],"author":[{"embeddable":true,"href":"https:\/\/digital58.com.ve\/site\/wp-json\/wp\/v2\/users\/1"}],"replies":[{"embeddable":true,"href":"https:\/\/digital58.com.ve\/site\/wp-json\/wp\/v2\/comments?post=67285"}],"version-history":[{"count":0,"href":"https:\/\/digital58.com.ve\/site\/wp-json\/wp\/v2\/posts\/67285\/revisions"}],"wp:featuredmedia":[{"embeddable":true,"href":"https:\/\/digital58.com.ve\/site\/wp-json\/wp\/v2\/media\/67291"}],"wp:attachment":[{"href":"https:\/\/digital58.com.ve\/site\/wp-json\/wp\/v2\/media?parent=67285"}],"wp:term":[{"taxonomy":"category","embeddable":true,"href":"https:\/\/digital58.com.ve\/site\/wp-json\/wp\/v2\/categories?post=67285"},{"taxonomy":"post_tag","embeddable":true,"href":"https:\/\/digital58.com.ve\/site\/wp-json\/wp\/v2\/tags?post=67285"}],"curies":[{"name":"wp","href":"https:\/\/api.w.org\/{rel}","templated":true}]}}