{"id":67368,"date":"2017-07-09T00:20:30","date_gmt":"2017-07-09T04:20:30","guid":{"rendered":"http:\/\/digital58.com.ve\/site\/?p=67368"},"modified":"2017-07-09T00:20:30","modified_gmt":"2017-07-09T04:20:30","slug":"jeremias-le-cantara-a-caracas-en-septiembre","status":"publish","type":"post","link":"https:\/\/digital58.com.ve\/site\/2017\/07\/09\/jeremias-le-cantara-a-caracas-en-septiembre\/","title":{"rendered":"Jerem\u00edas le cantar\u00e1 a Caracas en septiembre"},"content":{"rendered":"<p><a href=\"http:\/\/digital58.com.ve\/site\/wp-content\/uploads\/2017\/07\/jeremias.jpg\"><img loading=\"lazy\" decoding=\"async\" class=\"aligncenter size-full wp-image-67369\" src=\"http:\/\/digital58.com.ve\/site\/wp-content\/uploads\/2017\/07\/jeremias.jpg\" alt=\"\" width=\"500\" height=\"500\" srcset=\"https:\/\/digital58.com.ve\/site\/wp-content\/uploads\/2017\/07\/jeremias.jpg 500w, https:\/\/digital58.com.ve\/site\/wp-content\/uploads\/2017\/07\/jeremias-150x150.jpg 150w, https:\/\/digital58.com.ve\/site\/wp-content\/uploads\/2017\/07\/jeremias-300x300.jpg 300w\" sizes=\"auto, (max-width: 500px) 100vw, 500px\" \/><\/a><\/p>\n<p>El concierto de Jerem\u00edas, el cual estaba pautado para el 01 de julio, se pospuso para el pr\u00f3ximo 29 de septiembre, fecha que fue elegida debido a los acontecimientos que a\u00fan afectan fuertemente a nuestro pa\u00eds, para resguardar la seguridad de los asistentes antes, durante y despu\u00e9s del espect\u00e1culo.<\/p>\n<p><strong>Caracas, DC, Venezuela, 09 de julio de 2017 (D58).-<\/strong> La empresa productora Mr. Oby \u00abLa compa\u00f1\u00eda de los \u00cddolos\u00bb, tiene un compromiso con los seguidores del artista, al mismo tiempo el de ser solidarios con todos los afectados por la situaci\u00f3n actual por la que pasa el pa\u00eds.<\/p>\n<p>Del mismo modo, pensando, ante todo, en la seguridad de los asistentes del concierto, para que tengan, sin ning\u00fan tipo de inconvenientes, dos horas de disfrute y buena m\u00fasica.<\/p>\n<p>Por este motivo se pospuso el concierto de Jerem\u00edas que se llevar\u00eda a cabo el 01 de julio.<\/p>\n<p>El artista estar\u00e1 llegando a Venezuela en septiembre para su presentaci\u00f3n el d\u00eda 29, la nueva fecha de show.<\/p>\n<p>Las entradas siguen a la venta a trav\u00e9s de <a href=\"https:\/\/www.ticketmundo.com\/\" target=\"_blank\" rel=\"noopener\">www.ticketmundo.com<\/a>. Las personas que ya hab\u00edan adquirido sus entradas, podr\u00e1n utilizarlas para la nueva fecha programada.<\/p>\n<p>Para mayor informaci\u00f3n pueden hacerlo a trav\u00e9s de las redes sociales <a href=\"https:\/\/www.instagram.com\/losidolosnet\/\" target=\"_blank\" rel=\"noopener\">@losidolosnet<\/a> y <a href=\"https:\/\/www.instagram.com\/jeremiasmundial\/\" target=\"_blank\" rel=\"noopener\">@jeremiasmundial<\/a>.<\/p><div class=\"cdhdm69f44c359df0d\" ><p style=\"text-align: center;\"><a href=\"https:\/\/t.me\/noticiasdigital58\" target=\"_blank\" rel=\"noopener\"><img class=\"aligncenter size-full wp-image-125363\" src=\"https:\/\/digital58.com.ve\/site\/wp-content\/uploads\/2021\/04\/banner-telegram-web-2021.png\" alt=\"\" width=\"600\" height=\"90\" \/><\/a><\/p><\/div><style type=\"text\/css\">\r\n@media screen and (min-width: 1201px) {\r\n.cdhdm69f44c359df0d {\r\ndisplay: block;\r\n}\r\n}\r\n@media screen and (min-width: 993px) and (max-width: 1200px) {\r\n.cdhdm69f44c359df0d {\r\ndisplay: block;\r\n}\r\n}\r\n@media screen and (min-width: 769px) and (max-width: 992px) {\r\n.cdhdm69f44c359df0d {\r\ndisplay: block;\r\n}\r\n}\r\n@media screen and (min-width: 768px) and (max-width: 768px) {\r\n.cdhdm69f44c359df0d {\r\ndisplay: block;\r\n}\r\n}\r\n@media screen and (max-width: 767px) {\r\n.cdhdm69f44c359df0d {\r\ndisplay: block;\r\n}\r\n}\r\n<\/style>\r\n\n<p><strong>Redacci\u00f3n y fuente: Mar\u00eda Margarita Espases<\/strong><br \/>\n<strong>Edici\u00f3n: <a href=\"https:\/\/www.instagram.com\/raquelsofiavera\/\" target=\"_blank\" rel=\"noopener\">Vera, Raquel<\/a><\/strong><br \/>\n<strong>Foto: Cortes\u00eda<\/strong><\/p>\n<div style=\"margin-top: 0px; margin-bottom: 0px;\" class=\"sharethis-inline-share-buttons\" ><\/div>","protected":false},"excerpt":{"rendered":"<p>El concierto de Jerem\u00edas, el cual estaba pautado para el 01 de julio, se pospuso para el pr\u00f3ximo 29 de<\/p>\n","protected":false},"author":1,"featured_media":67369,"comment_status":"open","ping_status":"closed","sticky":false,"template":"","format":"standard","meta":{"colormag_page_container_layout":"default_layout","colormag_page_sidebar_layout":"default_layout","_uag_custom_page_level_css":"","footnotes":""},"categories":[1],"tags":[78,83,8343,8341,61,4213,8342,5937,32],"class_list":["post-67368","post","type-post","status-publish","format-standard","has-post-thumbnail","hentry","category-fama","tag-cantantes","tag-conciertos","tag-cracas","tag-jeremias","tag-musica","tag-nacional","tag-nueva-fecha","tag-presentacion","tag-venezuela"],"yoast_head":"<!-- This site is optimized with the Yoast SEO plugin v27.5 - https:\/\/yoast.com\/product\/yoast-seo-wordpress\/ -->\n<title>Jerem\u00edas le cantar\u00e1 a Caracas en septiembre<\/title>\n<meta name=\"robots\" content=\"index, follow, max-snippet:-1, max-image-preview:large, max-video-preview:-1\" \/>\n<link rel=\"canonical\" href=\"https:\/\/digital58.com.ve\/site\/2017\/07\/09\/jeremias-le-cantara-a-caracas-en-septiembre\/\" \/>\n<meta property=\"og:locale\" content=\"es_ES\" \/>\n<meta property=\"og:type\" content=\"article\" \/>\n<meta property=\"og:title\" content=\"Jerem\u00edas le cantar\u00e1 a Caracas en septiembre\" \/>\n<meta property=\"og:url\" content=\"https:\/\/digital58.com.ve\/site\/2017\/07\/09\/jeremias-le-cantara-a-caracas-en-septiembre\/\" \/>\n<meta property=\"og:site_name\" content=\"Noticias Digital58\" \/>\n<meta property=\"article:published_time\" content=\"2017-07-09T04:20:30+00:00\" \/>\n<meta property=\"og:image\" content=\"https:\/\/digital58.com.ve\/site\/wp-content\/uploads\/2017\/07\/jeremias.jpg\" \/>\n\t<meta property=\"og:image:width\" content=\"500\" \/>\n\t<meta property=\"og:image:height\" content=\"500\" \/>\n\t<meta property=\"og:image:type\" content=\"image\/jpeg\" \/>\n<meta name=\"author\" content=\"Villasmil Henry\" \/>\n<meta name=\"twitter:card\" content=\"summary_large_image\" \/>\n<meta name=\"twitter:creator\" content=\"@https:\/\/twitter.com\/villasmilhfoto\" \/>\n<meta name=\"twitter:site\" content=\"@villasmilhfoto\" \/>\n<meta name=\"twitter:label1\" content=\"Escrito por\" \/>\n\t<meta name=\"twitter:data1\" content=\"Villasmil Henry\" \/>\n\t<meta name=\"twitter:label2\" content=\"Tiempo estimado de lectura\" \/>\n\t<meta name=\"twitter:data2\" content=\"1 minuto\" \/>\n<script type=\"application\/ld+json\" class=\"yoast-schema-graph\">{\"@context\":\"https:\\\/\\\/schema.org\",\"@graph\":[{\"@type\":\"Article\",\"@id\":\"https:\\\/\\\/digital58.com.ve\\\/site\\\/2017\\\/07\\\/09\\\/jeremias-le-cantara-a-caracas-en-septiembre\\\/#article\",\"isPartOf\":{\"@id\":\"https:\\\/\\\/digital58.com.ve\\\/site\\\/2017\\\/07\\\/09\\\/jeremias-le-cantara-a-caracas-en-septiembre\\\/\"},\"author\":{\"name\":\"Villasmil Henry\",\"@id\":\"https:\\\/\\\/digital58.com.ve\\\/site\\\/#\\\/schema\\\/person\\\/64d1c2e4d0d4fd1b849980c4331c2951\"},\"headline\":\"Jerem\u00edas le cantar\u00e1 a Caracas en septiembre\",\"datePublished\":\"2017-07-09T04:20:30+00:00\",\"mainEntityOfPage\":{\"@id\":\"https:\\\/\\\/digital58.com.ve\\\/site\\\/2017\\\/07\\\/09\\\/jeremias-le-cantara-a-caracas-en-septiembre\\\/\"},\"wordCount\":242,\"commentCount\":0,\"publisher\":{\"@id\":\"https:\\\/\\\/digital58.com.ve\\\/site\\\/#\\\/schema\\\/person\\\/64d1c2e4d0d4fd1b849980c4331c2951\"},\"image\":{\"@id\":\"https:\\\/\\\/digital58.com.ve\\\/site\\\/2017\\\/07\\\/09\\\/jeremias-le-cantara-a-caracas-en-septiembre\\\/#primaryimage\"},\"thumbnailUrl\":\"https:\\\/\\\/digital58.com.ve\\\/site\\\/wp-content\\\/uploads\\\/2017\\\/07\\\/jeremias.jpg\",\"keywords\":[\"Cantantes\",\"Conciertos\",\"Cracas\",\"Jerem\u00edas\",\"M\u00fasica\",\"Nacional\",\"Nueva fecha\",\"presentaci\u00f3n\",\"Venezuela\"],\"articleSection\":[\"Fama\"],\"inLanguage\":\"es\",\"potentialAction\":[{\"@type\":\"CommentAction\",\"name\":\"Comment\",\"target\":[\"https:\\\/\\\/digital58.com.ve\\\/site\\\/2017\\\/07\\\/09\\\/jeremias-le-cantara-a-caracas-en-septiembre\\\/#respond\"]}]},{\"@type\":\"WebPage\",\"@id\":\"https:\\\/\\\/digital58.com.ve\\\/site\\\/2017\\\/07\\\/09\\\/jeremias-le-cantara-a-caracas-en-septiembre\\\/\",\"url\":\"https:\\\/\\\/digital58.com.ve\\\/site\\\/2017\\\/07\\\/09\\\/jeremias-le-cantara-a-caracas-en-septiembre\\\/\",\"name\":\"Jerem\u00edas le cantar\u00e1 a Caracas en septiembre\",\"isPartOf\":{\"@id\":\"https:\\\/\\\/digital58.com.ve\\\/site\\\/#website\"},\"primaryImageOfPage\":{\"@id\":\"https:\\\/\\\/digital58.com.ve\\\/site\\\/2017\\\/07\\\/09\\\/jeremias-le-cantara-a-caracas-en-septiembre\\\/#primaryimage\"},\"image\":{\"@id\":\"https:\\\/\\\/digital58.com.ve\\\/site\\\/2017\\\/07\\\/09\\\/jeremias-le-cantara-a-caracas-en-septiembre\\\/#primaryimage\"},\"thumbnailUrl\":\"https:\\\/\\\/digital58.com.ve\\\/site\\\/wp-content\\\/uploads\\\/2017\\\/07\\\/jeremias.jpg\",\"datePublished\":\"2017-07-09T04:20:30+00:00\",\"breadcrumb\":{\"@id\":\"https:\\\/\\\/digital58.com.ve\\\/site\\\/2017\\\/07\\\/09\\\/jeremias-le-cantara-a-caracas-en-septiembre\\\/#breadcrumb\"},\"inLanguage\":\"es\",\"potentialAction\":[{\"@type\":\"ReadAction\",\"target\":[\"https:\\\/\\\/digital58.com.ve\\\/site\\\/2017\\\/07\\\/09\\\/jeremias-le-cantara-a-caracas-en-septiembre\\\/\"]}]},{\"@type\":\"ImageObject\",\"inLanguage\":\"es\",\"@id\":\"https:\\\/\\\/digital58.com.ve\\\/site\\\/2017\\\/07\\\/09\\\/jeremias-le-cantara-a-caracas-en-septiembre\\\/#primaryimage\",\"url\":\"https:\\\/\\\/digital58.com.ve\\\/site\\\/wp-content\\\/uploads\\\/2017\\\/07\\\/jeremias.jpg\",\"contentUrl\":\"https:\\\/\\\/digital58.com.ve\\\/site\\\/wp-content\\\/uploads\\\/2017\\\/07\\\/jeremias.jpg\",\"width\":500,\"height\":500},{\"@type\":\"BreadcrumbList\",\"@id\":\"https:\\\/\\\/digital58.com.ve\\\/site\\\/2017\\\/07\\\/09\\\/jeremias-le-cantara-a-caracas-en-septiembre\\\/#breadcrumb\",\"itemListElement\":[{\"@type\":\"ListItem\",\"position\":1,\"name\":\"Home\",\"item\":\"https:\\\/\\\/digital58.com.ve\\\/site\\\/\"},{\"@type\":\"ListItem\",\"position\":2,\"name\":\"Jerem\u00edas le cantar\u00e1 a Caracas en septiembre\"}]},{\"@type\":\"WebSite\",\"@id\":\"https:\\\/\\\/digital58.com.ve\\\/site\\\/#website\",\"url\":\"https:\\\/\\\/digital58.com.ve\\\/site\\\/\",\"name\":\"Noticias Digital58\",\"description\":\"Portal de Noticias \u00a1Periodismo web de verdad! Lanzamiento web 22.11.2005 \\\/ Maracaibo, Venezuela\",\"publisher\":{\"@id\":\"https:\\\/\\\/digital58.com.ve\\\/site\\\/#\\\/schema\\\/person\\\/64d1c2e4d0d4fd1b849980c4331c2951\"},\"alternateName\":\"ND58\",\"potentialAction\":[{\"@type\":\"SearchAction\",\"target\":{\"@type\":\"EntryPoint\",\"urlTemplate\":\"https:\\\/\\\/digital58.com.ve\\\/site\\\/?s={search_term_string}\"},\"query-input\":{\"@type\":\"PropertyValueSpecification\",\"valueRequired\":true,\"valueName\":\"search_term_string\"}}],\"inLanguage\":\"es\"},{\"@type\":[\"Person\",\"Organization\"],\"@id\":\"https:\\\/\\\/digital58.com.ve\\\/site\\\/#\\\/schema\\\/person\\\/64d1c2e4d0d4fd1b849980c4331c2951\",\"name\":\"Villasmil Henry\",\"image\":{\"@type\":\"ImageObject\",\"inLanguage\":\"es\",\"@id\":\"https:\\\/\\\/secure.gravatar.com\\\/avatar\\\/bb0c4a2fcb7970138239f7e404ea75757b1b507b28b5ce4c53fbd62d797c5a7c?s=96&d=mm&r=g\",\"url\":\"https:\\\/\\\/secure.gravatar.com\\\/avatar\\\/bb0c4a2fcb7970138239f7e404ea75757b1b507b28b5ce4c53fbd62d797c5a7c?s=96&d=mm&r=g\",\"contentUrl\":\"https:\\\/\\\/secure.gravatar.com\\\/avatar\\\/bb0c4a2fcb7970138239f7e404ea75757b1b507b28b5ce4c53fbd62d797c5a7c?s=96&d=mm&r=g\",\"caption\":\"Villasmil Henry\"},\"logo\":{\"@id\":\"https:\\\/\\\/secure.gravatar.com\\\/avatar\\\/bb0c4a2fcb7970138239f7e404ea75757b1b507b28b5ce4c53fbd62d797c5a7c?s=96&d=mm&r=g\"},\"sameAs\":[\"http:\\\/\\\/www.henryvillasmil.com.ve\",\"https:\\\/\\\/www.instagram.com\\\/villasmilhfoto\\\/\",\"https:\\\/\\\/x.com\\\/https:\\\/\\\/twitter.com\\\/villasmilhfoto\"],\"url\":\"https:\\\/\\\/digital58.com.ve\\\/site\\\/author\\\/droopy_68\\\/\"}]}<\/script>\n<!-- \/ Yoast SEO plugin. -->","yoast_head_json":{"title":"Jerem\u00edas le cantar\u00e1 a Caracas en septiembre","robots":{"index":"index","follow":"follow","max-snippet":"max-snippet:-1","max-image-preview":"max-image-preview:large","max-video-preview":"max-video-preview:-1"},"canonical":"https:\/\/digital58.com.ve\/site\/2017\/07\/09\/jeremias-le-cantara-a-caracas-en-septiembre\/","og_locale":"es_ES","og_type":"article","og_title":"Jerem\u00edas le cantar\u00e1 a Caracas en septiembre","og_url":"https:\/\/digital58.com.ve\/site\/2017\/07\/09\/jeremias-le-cantara-a-caracas-en-septiembre\/","og_site_name":"Noticias Digital58","article_published_time":"2017-07-09T04:20:30+00:00","og_image":[{"width":500,"height":500,"url":"https:\/\/digital58.com.ve\/site\/wp-content\/uploads\/2017\/07\/jeremias.jpg","type":"image\/jpeg"}],"author":"Villasmil Henry","twitter_card":"summary_large_image","twitter_creator":"@https:\/\/twitter.com\/villasmilhfoto","twitter_site":"@villasmilhfoto","twitter_misc":{"Escrito por":"Villasmil Henry","Tiempo estimado de lectura":"1 minuto"},"schema":{"@context":"https:\/\/schema.org","@graph":[{"@type":"Article","@id":"https:\/\/digital58.com.ve\/site\/2017\/07\/09\/jeremias-le-cantara-a-caracas-en-septiembre\/#article","isPartOf":{"@id":"https:\/\/digital58.com.ve\/site\/2017\/07\/09\/jeremias-le-cantara-a-caracas-en-septiembre\/"},"author":{"name":"Villasmil Henry","@id":"https:\/\/digital58.com.ve\/site\/#\/schema\/person\/64d1c2e4d0d4fd1b849980c4331c2951"},"headline":"Jerem\u00edas le cantar\u00e1 a Caracas en septiembre","datePublished":"2017-07-09T04:20:30+00:00","mainEntityOfPage":{"@id":"https:\/\/digital58.com.ve\/site\/2017\/07\/09\/jeremias-le-cantara-a-caracas-en-septiembre\/"},"wordCount":242,"commentCount":0,"publisher":{"@id":"https:\/\/digital58.com.ve\/site\/#\/schema\/person\/64d1c2e4d0d4fd1b849980c4331c2951"},"image":{"@id":"https:\/\/digital58.com.ve\/site\/2017\/07\/09\/jeremias-le-cantara-a-caracas-en-septiembre\/#primaryimage"},"thumbnailUrl":"https:\/\/digital58.com.ve\/site\/wp-content\/uploads\/2017\/07\/jeremias.jpg","keywords":["Cantantes","Conciertos","Cracas","Jerem\u00edas","M\u00fasica","Nacional","Nueva fecha","presentaci\u00f3n","Venezuela"],"articleSection":["Fama"],"inLanguage":"es","potentialAction":[{"@type":"CommentAction","name":"Comment","target":["https:\/\/digital58.com.ve\/site\/2017\/07\/09\/jeremias-le-cantara-a-caracas-en-septiembre\/#respond"]}]},{"@type":"WebPage","@id":"https:\/\/digital58.com.ve\/site\/2017\/07\/09\/jeremias-le-cantara-a-caracas-en-septiembre\/","url":"https:\/\/digital58.com.ve\/site\/2017\/07\/09\/jeremias-le-cantara-a-caracas-en-septiembre\/","name":"Jerem\u00edas le cantar\u00e1 a Caracas en septiembre","isPartOf":{"@id":"https:\/\/digital58.com.ve\/site\/#website"},"primaryImageOfPage":{"@id":"https:\/\/digital58.com.ve\/site\/2017\/07\/09\/jeremias-le-cantara-a-caracas-en-septiembre\/#primaryimage"},"image":{"@id":"https:\/\/digital58.com.ve\/site\/2017\/07\/09\/jeremias-le-cantara-a-caracas-en-septiembre\/#primaryimage"},"thumbnailUrl":"https:\/\/digital58.com.ve\/site\/wp-content\/uploads\/2017\/07\/jeremias.jpg","datePublished":"2017-07-09T04:20:30+00:00","breadcrumb":{"@id":"https:\/\/digital58.com.ve\/site\/2017\/07\/09\/jeremias-le-cantara-a-caracas-en-septiembre\/#breadcrumb"},"inLanguage":"es","potentialAction":[{"@type":"ReadAction","target":["https:\/\/digital58.com.ve\/site\/2017\/07\/09\/jeremias-le-cantara-a-caracas-en-septiembre\/"]}]},{"@type":"ImageObject","inLanguage":"es","@id":"https:\/\/digital58.com.ve\/site\/2017\/07\/09\/jeremias-le-cantara-a-caracas-en-septiembre\/#primaryimage","url":"https:\/\/digital58.com.ve\/site\/wp-content\/uploads\/2017\/07\/jeremias.jpg","contentUrl":"https:\/\/digital58.com.ve\/site\/wp-content\/uploads\/2017\/07\/jeremias.jpg","width":500,"height":500},{"@type":"BreadcrumbList","@id":"https:\/\/digital58.com.ve\/site\/2017\/07\/09\/jeremias-le-cantara-a-caracas-en-septiembre\/#breadcrumb","itemListElement":[{"@type":"ListItem","position":1,"name":"Home","item":"https:\/\/digital58.com.ve\/site\/"},{"@type":"ListItem","position":2,"name":"Jerem\u00edas le cantar\u00e1 a Caracas en septiembre"}]},{"@type":"WebSite","@id":"https:\/\/digital58.com.ve\/site\/#website","url":"https:\/\/digital58.com.ve\/site\/","name":"Noticias Digital58","description":"Portal de Noticias \u00a1Periodismo web de verdad! Lanzamiento web 22.11.2005 \/ Maracaibo, Venezuela","publisher":{"@id":"https:\/\/digital58.com.ve\/site\/#\/schema\/person\/64d1c2e4d0d4fd1b849980c4331c2951"},"alternateName":"ND58","potentialAction":[{"@type":"SearchAction","target":{"@type":"EntryPoint","urlTemplate":"https:\/\/digital58.com.ve\/site\/?s={search_term_string}"},"query-input":{"@type":"PropertyValueSpecification","valueRequired":true,"valueName":"search_term_string"}}],"inLanguage":"es"},{"@type":["Person","Organization"],"@id":"https:\/\/digital58.com.ve\/site\/#\/schema\/person\/64d1c2e4d0d4fd1b849980c4331c2951","name":"Villasmil Henry","image":{"@type":"ImageObject","inLanguage":"es","@id":"https:\/\/secure.gravatar.com\/avatar\/bb0c4a2fcb7970138239f7e404ea75757b1b507b28b5ce4c53fbd62d797c5a7c?s=96&d=mm&r=g","url":"https:\/\/secure.gravatar.com\/avatar\/bb0c4a2fcb7970138239f7e404ea75757b1b507b28b5ce4c53fbd62d797c5a7c?s=96&d=mm&r=g","contentUrl":"https:\/\/secure.gravatar.com\/avatar\/bb0c4a2fcb7970138239f7e404ea75757b1b507b28b5ce4c53fbd62d797c5a7c?s=96&d=mm&r=g","caption":"Villasmil Henry"},"logo":{"@id":"https:\/\/secure.gravatar.com\/avatar\/bb0c4a2fcb7970138239f7e404ea75757b1b507b28b5ce4c53fbd62d797c5a7c?s=96&d=mm&r=g"},"sameAs":["http:\/\/www.henryvillasmil.com.ve","https:\/\/www.instagram.com\/villasmilhfoto\/","https:\/\/x.com\/https:\/\/twitter.com\/villasmilhfoto"],"url":"https:\/\/digital58.com.ve\/site\/author\/droopy_68\/"}]}},"uagb_featured_image_src":{"full":["https:\/\/digital58.com.ve\/site\/wp-content\/uploads\/2017\/07\/jeremias.jpg",500,500,false],"thumbnail":["https:\/\/digital58.com.ve\/site\/wp-content\/uploads\/2017\/07\/jeremias-150x150.jpg",150,150,true],"medium":["https:\/\/digital58.com.ve\/site\/wp-content\/uploads\/2017\/07\/jeremias-300x300.jpg",300,300,true],"medium_large":["https:\/\/digital58.com.ve\/site\/wp-content\/uploads\/2017\/07\/jeremias.jpg",500,500,false],"large":["https:\/\/digital58.com.ve\/site\/wp-content\/uploads\/2017\/07\/jeremias.jpg",500,500,false],"1536x1536":["https:\/\/digital58.com.ve\/site\/wp-content\/uploads\/2017\/07\/jeremias.jpg",500,500,false],"2048x2048":["https:\/\/digital58.com.ve\/site\/wp-content\/uploads\/2017\/07\/jeremias.jpg",500,500,false],"colormag-highlighted-post":["https:\/\/digital58.com.ve\/site\/wp-content\/uploads\/2017\/07\/jeremias.jpg",272,272,false],"colormag-featured-post-medium":["https:\/\/digital58.com.ve\/site\/wp-content\/uploads\/2017\/07\/jeremias.jpg",205,205,false],"colormag-featured-post-small":["https:\/\/digital58.com.ve\/site\/wp-content\/uploads\/2017\/07\/jeremias.jpg",90,90,false],"colormag-featured-image":["https:\/\/digital58.com.ve\/site\/wp-content\/uploads\/2017\/07\/jeremias.jpg",445,445,false],"colormag-default-news":["https:\/\/digital58.com.ve\/site\/wp-content\/uploads\/2017\/07\/jeremias.jpg",150,150,false],"colormag-featured-image-large":["https:\/\/digital58.com.ve\/site\/wp-content\/uploads\/2017\/07\/jeremias.jpg",500,500,false]},"uagb_author_info":{"display_name":"Villasmil Henry","author_link":"https:\/\/digital58.com.ve\/site\/author\/droopy_68\/"},"uagb_comment_info":0,"uagb_excerpt":"El concierto de Jerem\u00edas, el cual estaba pautado para el 01 de julio, se pospuso para el pr\u00f3ximo 29 de","_links":{"self":[{"href":"https:\/\/digital58.com.ve\/site\/wp-json\/wp\/v2\/posts\/67368","targetHints":{"allow":["GET"]}}],"collection":[{"href":"https:\/\/digital58.com.ve\/site\/wp-json\/wp\/v2\/posts"}],"about":[{"href":"https:\/\/digital58.com.ve\/site\/wp-json\/wp\/v2\/types\/post"}],"author":[{"embeddable":true,"href":"https:\/\/digital58.com.ve\/site\/wp-json\/wp\/v2\/users\/1"}],"replies":[{"embeddable":true,"href":"https:\/\/digital58.com.ve\/site\/wp-json\/wp\/v2\/comments?post=67368"}],"version-history":[{"count":0,"href":"https:\/\/digital58.com.ve\/site\/wp-json\/wp\/v2\/posts\/67368\/revisions"}],"wp:featuredmedia":[{"embeddable":true,"href":"https:\/\/digital58.com.ve\/site\/wp-json\/wp\/v2\/media\/67369"}],"wp:attachment":[{"href":"https:\/\/digital58.com.ve\/site\/wp-json\/wp\/v2\/media?parent=67368"}],"wp:term":[{"taxonomy":"category","embeddable":true,"href":"https:\/\/digital58.com.ve\/site\/wp-json\/wp\/v2\/categories?post=67368"},{"taxonomy":"post_tag","embeddable":true,"href":"https:\/\/digital58.com.ve\/site\/wp-json\/wp\/v2\/tags?post=67368"}],"curies":[{"name":"wp","href":"https:\/\/api.w.org\/{rel}","templated":true}]}}