{"id":67621,"date":"2017-07-15T13:57:33","date_gmt":"2017-07-15T17:57:33","guid":{"rendered":"http:\/\/digital58.com.ve\/site\/?p=67621"},"modified":"2017-07-15T13:57:33","modified_gmt":"2017-07-15T17:57:33","slug":"ruben-blades-dice-adios-a-la-salsa-a-mi-edad-tengo-que-priorizar","status":"publish","type":"post","link":"https:\/\/digital58.com.ve\/site\/2017\/07\/15\/ruben-blades-dice-adios-a-la-salsa-a-mi-edad-tengo-que-priorizar\/","title":{"rendered":"Rub\u00e9n Blades dice adi\u00f3s a la salsa: \u00aba mi edad tengo que priorizar\u00bb"},"content":{"rendered":"<p><a href=\"http:\/\/digital58.com.ve\/site\/wp-content\/uploads\/2017\/07\/blades-1.jpg\"><img loading=\"lazy\" decoding=\"async\" class=\"aligncenter size-large wp-image-67622\" src=\"http:\/\/digital58.com.ve\/site\/wp-content\/uploads\/2017\/07\/blades-1-1500x999.jpg\" alt=\"\" width=\"640\" height=\"426\" srcset=\"https:\/\/digital58.com.ve\/site\/wp-content\/uploads\/2017\/07\/blades-1-1500x999.jpg 1500w, https:\/\/digital58.com.ve\/site\/wp-content\/uploads\/2017\/07\/blades-1-300x200.jpg 300w, https:\/\/digital58.com.ve\/site\/wp-content\/uploads\/2017\/07\/blades-1-768x511.jpg 768w, https:\/\/digital58.com.ve\/site\/wp-content\/uploads\/2017\/07\/blades-1-720x480.jpg 720w, https:\/\/digital58.com.ve\/site\/wp-content\/uploads\/2017\/07\/blades-1-480x320.jpg 480w, https:\/\/digital58.com.ve\/site\/wp-content\/uploads\/2017\/07\/blades-1.jpg 800w\" sizes=\"auto, (max-width: 640px) 100vw, 640px\" \/><\/a><\/p>\n<p>A sus 68 a\u00f1os y casi 40 a\u00f1os despu\u00e9s de \u00abterminar a hierro\u00bb, Rub\u00e9n Blades finiquita definitivamente ese \u00abtumbao que tienen los guapos al caminar\u00bb con una gira que recala ma\u00f1ana en Espa\u00f1a y que presenta su despedida de la salsa.<\/p>\n<p><strong>Panam\u00e1, Panam\u00e1, 15 de julio de 2017 (D58).-<\/strong> Rub\u00e9n Blades trabaja en varios \u00e1lbumes como autor, uno de sones como \u00abMedoro Madera\u00bb, otro que llevar\u00e1 por t\u00edtulo \u00abMixtura\u00bb, con mezcla de g\u00e9neros e idiomas, y uno de boleros con el grupo costarricense Editus.<\/p>\n<p>El cantautor estar\u00e1 realizando una gira por Espa\u00f1a, la cual ser\u00e1 su despedida en el g\u00e9nero sala.<\/p>\n<p>\u00abNo me despido de los escenarios, sino de las giras de salsa. En este momento tengo muchos otros planes y proyectos y, a mi edad, tengo que priorizarlos\u00bb, aclara a Efe uno de los mayores representantes de la cultura latinoamericana, poseedor de 14 premios Grammy y autor de discos como \u00abSiembra\u00bb (1978) o \u00abBuscando Am\u00e9rica\u00bb (1984).<\/p>\n<p>Blades, actualmente, se encuentra trabajando en varias producciones de diferentes g\u00e9neros. Acaba de terminar una producci\u00f3n con los brasile\u00f1os Boca Livre y ha editado \u00abRub\u00e9n Blades Salsa Big Band, con Roberto Delgado y Orquesta\u00bb; \u00abno se lo roben, por favor, vivimos de esto\u00bb, ruega.<\/p>\n<p>Por otro lado, sigue implicado en la producci\u00f3n de trabajos para terceros y en la grabaci\u00f3n como actor de la serie de televisi\u00f3n \u00abFear the Walking Dead\u00bb; \u00abun proyecto en el cual la participaci\u00f3n y la referencia latina es percibida y tratada de manera diferente a los clich\u00e9s que nos tienen acostumbrados la industria\u00bb, destac\u00f3.<\/p>\n<p>Asimismo, participa en un libro de poes\u00edas y dos libretos para cine. Para el s\u00e9ptimo arte precisamente baraja \u00abun par de ofertas\u00bb y, por \u00faltimo, considera la posibilidad de participar en pol\u00edtica en 2019.<\/p>\n<p><a href=\"http:\/\/digital58.com.ve\/site\/wp-content\/uploads\/2017\/07\/blades-3.jpg\"><img loading=\"lazy\" decoding=\"async\" class=\"aligncenter size-large wp-image-67624\" src=\"http:\/\/digital58.com.ve\/site\/wp-content\/uploads\/2017\/07\/blades-3-1500x993.jpg\" alt=\"\" width=\"640\" height=\"424\" srcset=\"https:\/\/digital58.com.ve\/site\/wp-content\/uploads\/2017\/07\/blades-3-1500x993.jpg 1500w, https:\/\/digital58.com.ve\/site\/wp-content\/uploads\/2017\/07\/blades-3-300x199.jpg 300w, https:\/\/digital58.com.ve\/site\/wp-content\/uploads\/2017\/07\/blades-3-768x508.jpg 768w, https:\/\/digital58.com.ve\/site\/wp-content\/uploads\/2017\/07\/blades-3.jpg 800w\" sizes=\"auto, (max-width: 640px) 100vw, 640px\" \/><\/a><\/p>\n<p>\u00abLo que no se es de d\u00f3nde sacar el tiempo\u00bb, se\u00f1al\u00f3 Blades.<\/p>\n<p>Lo m\u00e1s inmediato del artista son sus fechas en vivo en Espa\u00f1a dentro de la gira \u00abCaminando, Adi\u00f3s y Gracias\u00bb y se\u00f1ala que a\u00fan recuerda su primer desembarco \u00abhace d\u00e9cadas\u00bb a este lado del Atl\u00e1ntico.<\/p>\n<p>Con los a\u00f1os, los aportes y fusiones de artistas venezolanos como Ray Heredia o Paco de Luc\u00eda, Espa\u00f1a sabr\u00eda m\u00e1s de salsa. Tambi\u00e9n de Blades, al que terminar\u00eda conoci\u00e9ndose como \u00abpadre de la salsa intelectual\u00bb.<\/p>\n<p>\u00abEse t\u00e9rmino para m\u00ed no tiene sentido. Imagino que busca distinguir la salsa dirigida al escape de la salsa enfocada hacia el comentario social, pol\u00edtico o literario\u00bb, opin\u00f3 este cronista de la realidad que piensa que cualquier estilo est\u00e1 por encima de su autor, pero no de su educaci\u00f3n.<\/p>\n<p>As\u00ed, denunci\u00f3 que \u00abhay ignorantes que utilizan un g\u00e9nero musical para expresar su ignorancia\u00bb y defiende que \u00abel reguet\u00f3n tambi\u00e9n puede ser utilizado para denunciar la agresi\u00f3n contra la mujer\u00bb.<\/p>\n<p>\u00abLo que est\u00e1 haciendo hoy Ren\u00e9 P\u00e9rez (Residente, exmiembro de Calle 13) no tiene que ver con lo que hace Maluma\u00bb, expone.<\/p>\n<p>Reconoce que se va atenuando la urgencia de escribir canciones, art\u00edculos de opini\u00f3n sobre actualidad internacional que pueden consultarse en su web oficial, incluidos algunos textos sobre Venezuela que \u00abalgunos, como el se\u00f1or (Nicol\u00e1s) Maduro, los encontraron irritantes\u00bb.<\/p>\n<p>\u00abSoy y ser\u00e9 cr\u00edtico de la injusticia, la estupidez, la hipocres\u00eda y el abuso a la raz\u00f3n, cuando sea y donde sea que la encuentre\u00bb, subraya Blades, hombre \u00abprohibido en Miami y en La Habana\u00bb, muy combativo tambi\u00e9n contra Donald Trump.<\/p>\n<p>\u00abAhora mismo nadie representa mejor lo peor que tiene Estados Unidos que su actual presidente\u00bb, afirm\u00f3.<\/p>\n<p><strong>Redacci\u00f3n y fuente: \u00daltimas Noticias<\/strong><br \/>\n<strong>Edici\u00f3n: <a href=\"https:\/\/www.instagram.com\/raquelsofiavera\/\" target=\"_blank\" rel=\"noopener\">Vera, Raquel<\/a><\/strong><br \/>\n<strong>Fotos: Google<\/strong><\/p><div class=\"swkrw69ec5cd68b5b4\" ><p style=\"text-align: center;\"><a href=\"https:\/\/t.me\/noticiasdigital58\" target=\"_blank\" rel=\"noopener\"><img class=\"aligncenter size-full wp-image-125363\" src=\"https:\/\/digital58.com.ve\/site\/wp-content\/uploads\/2021\/04\/banner-telegram-web-2021.png\" alt=\"\" width=\"600\" height=\"90\" \/><\/a><\/p><\/div><style type=\"text\/css\">\r\n@media screen and (min-width: 1201px) {\r\n.swkrw69ec5cd68b5b4 {\r\ndisplay: block;\r\n}\r\n}\r\n@media screen and (min-width: 993px) and (max-width: 1200px) {\r\n.swkrw69ec5cd68b5b4 {\r\ndisplay: block;\r\n}\r\n}\r\n@media screen and (min-width: 769px) and (max-width: 992px) {\r\n.swkrw69ec5cd68b5b4 {\r\ndisplay: block;\r\n}\r\n}\r\n@media screen and (min-width: 768px) and (max-width: 768px) {\r\n.swkrw69ec5cd68b5b4 {\r\ndisplay: block;\r\n}\r\n}\r\n@media screen and (max-width: 767px) {\r\n.swkrw69ec5cd68b5b4 {\r\ndisplay: block;\r\n}\r\n}\r\n<\/style>\r\n\n<p><a href=\"http:\/\/digital58.com.ve\/site\/wp-content\/uploads\/2017\/07\/blades-2.jpg\"><img loading=\"lazy\" decoding=\"async\" class=\"aligncenter size-large wp-image-67623\" src=\"http:\/\/digital58.com.ve\/site\/wp-content\/uploads\/2017\/07\/blades-2-1500x966.jpg\" alt=\"\" width=\"640\" height=\"412\" srcset=\"https:\/\/digital58.com.ve\/site\/wp-content\/uploads\/2017\/07\/blades-2-1500x966.jpg 1500w, https:\/\/digital58.com.ve\/site\/wp-content\/uploads\/2017\/07\/blades-2-300x193.jpg 300w, https:\/\/digital58.com.ve\/site\/wp-content\/uploads\/2017\/07\/blades-2-768x495.jpg 768w, https:\/\/digital58.com.ve\/site\/wp-content\/uploads\/2017\/07\/blades-2.jpg 800w\" sizes=\"auto, (max-width: 640px) 100vw, 640px\" \/><\/a><\/p>\n<div style=\"margin-top: 0px; margin-bottom: 0px;\" class=\"sharethis-inline-share-buttons\" ><\/div>","protected":false},"excerpt":{"rendered":"<p>A sus 68 a\u00f1os y casi 40 a\u00f1os despu\u00e9s de \u00abterminar a hierro\u00bb, Rub\u00e9n Blades finiquita definitivamente ese \u00abtumbao que<\/p>\n","protected":false},"author":1,"featured_media":67624,"comment_status":"open","ping_status":"closed","sticky":false,"template":"","format":"standard","meta":{"colormag_page_container_layout":"default_layout","colormag_page_sidebar_layout":"default_layout","_uag_custom_page_level_css":"","footnotes":""},"categories":[1],"tags":[8416,78,50,6203,8,236,8417,3657],"class_list":["post-67621","post","type-post","status-publish","format-standard","has-post-thumbnail","hentry","category-fama","tag-arististas","tag-cantantes","tag-entretenimiento","tag-generos-musicales","tag-internacionales","tag-panama","tag-rubel-blades","tag-salsa"],"yoast_head":"<!-- This site is optimized with the Yoast SEO plugin v27.4 - https:\/\/yoast.com\/product\/yoast-seo-wordpress\/ -->\n<title>Rub\u00e9n Blades dice adi\u00f3s a la salsa: \u00aba mi edad tengo que priorizar\u00bb<\/title>\n<meta name=\"robots\" content=\"index, follow, max-snippet:-1, max-image-preview:large, max-video-preview:-1\" \/>\n<link rel=\"canonical\" href=\"https:\/\/digital58.com.ve\/site\/2017\/07\/15\/ruben-blades-dice-adios-a-la-salsa-a-mi-edad-tengo-que-priorizar\/\" \/>\n<meta property=\"og:locale\" content=\"es_ES\" \/>\n<meta property=\"og:type\" content=\"article\" \/>\n<meta property=\"og:title\" content=\"Rub\u00e9n Blades dice adi\u00f3s a la salsa: \u00aba mi edad tengo que priorizar\u00bb\" \/>\n<meta property=\"og:url\" content=\"https:\/\/digital58.com.ve\/site\/2017\/07\/15\/ruben-blades-dice-adios-a-la-salsa-a-mi-edad-tengo-que-priorizar\/\" \/>\n<meta property=\"og:site_name\" content=\"Noticias Digital58\" \/>\n<meta property=\"article:published_time\" content=\"2017-07-15T17:57:33+00:00\" \/>\n<meta property=\"og:image\" content=\"https:\/\/digital58.com.ve\/site\/wp-content\/uploads\/2017\/07\/blades-3.jpg\" \/>\n\t<meta property=\"og:image:width\" content=\"1511\" \/>\n\t<meta property=\"og:image:height\" content=\"1000\" \/>\n\t<meta property=\"og:image:type\" content=\"image\/jpeg\" \/>\n<meta name=\"author\" content=\"Villasmil Henry\" \/>\n<meta name=\"twitter:card\" content=\"summary_large_image\" \/>\n<meta name=\"twitter:creator\" content=\"@https:\/\/twitter.com\/villasmilhfoto\" \/>\n<meta name=\"twitter:site\" content=\"@villasmilhfoto\" \/>\n<meta name=\"twitter:label1\" content=\"Escrito por\" \/>\n\t<meta name=\"twitter:data1\" content=\"Villasmil Henry\" \/>\n\t<meta name=\"twitter:label2\" content=\"Tiempo estimado de lectura\" \/>\n\t<meta name=\"twitter:data2\" content=\"3 minutos\" \/>\n<script type=\"application\/ld+json\" class=\"yoast-schema-graph\">{\"@context\":\"https:\\\/\\\/schema.org\",\"@graph\":[{\"@type\":\"Article\",\"@id\":\"https:\\\/\\\/digital58.com.ve\\\/site\\\/2017\\\/07\\\/15\\\/ruben-blades-dice-adios-a-la-salsa-a-mi-edad-tengo-que-priorizar\\\/#article\",\"isPartOf\":{\"@id\":\"https:\\\/\\\/digital58.com.ve\\\/site\\\/2017\\\/07\\\/15\\\/ruben-blades-dice-adios-a-la-salsa-a-mi-edad-tengo-que-priorizar\\\/\"},\"author\":{\"name\":\"Villasmil Henry\",\"@id\":\"https:\\\/\\\/digital58.com.ve\\\/site\\\/#\\\/schema\\\/person\\\/64d1c2e4d0d4fd1b849980c4331c2951\"},\"headline\":\"Rub\u00e9n Blades dice adi\u00f3s a la salsa: \u00aba mi edad tengo que priorizar\u00bb\",\"datePublished\":\"2017-07-15T17:57:33+00:00\",\"mainEntityOfPage\":{\"@id\":\"https:\\\/\\\/digital58.com.ve\\\/site\\\/2017\\\/07\\\/15\\\/ruben-blades-dice-adios-a-la-salsa-a-mi-edad-tengo-que-priorizar\\\/\"},\"wordCount\":644,\"commentCount\":0,\"publisher\":{\"@id\":\"https:\\\/\\\/digital58.com.ve\\\/site\\\/#\\\/schema\\\/person\\\/64d1c2e4d0d4fd1b849980c4331c2951\"},\"image\":{\"@id\":\"https:\\\/\\\/digital58.com.ve\\\/site\\\/2017\\\/07\\\/15\\\/ruben-blades-dice-adios-a-la-salsa-a-mi-edad-tengo-que-priorizar\\\/#primaryimage\"},\"thumbnailUrl\":\"https:\\\/\\\/digital58.com.ve\\\/site\\\/wp-content\\\/uploads\\\/2017\\\/07\\\/blades-3.jpg\",\"keywords\":[\"Arististas\",\"Cantantes\",\"Entretenimiento\",\"G\u00e9neros Musicales\",\"Internacionales\",\"Panam\u00e1\",\"Rubel Blades\",\"Salsa\"],\"articleSection\":[\"Fama\"],\"inLanguage\":\"es\",\"potentialAction\":[{\"@type\":\"CommentAction\",\"name\":\"Comment\",\"target\":[\"https:\\\/\\\/digital58.com.ve\\\/site\\\/2017\\\/07\\\/15\\\/ruben-blades-dice-adios-a-la-salsa-a-mi-edad-tengo-que-priorizar\\\/#respond\"]}]},{\"@type\":\"WebPage\",\"@id\":\"https:\\\/\\\/digital58.com.ve\\\/site\\\/2017\\\/07\\\/15\\\/ruben-blades-dice-adios-a-la-salsa-a-mi-edad-tengo-que-priorizar\\\/\",\"url\":\"https:\\\/\\\/digital58.com.ve\\\/site\\\/2017\\\/07\\\/15\\\/ruben-blades-dice-adios-a-la-salsa-a-mi-edad-tengo-que-priorizar\\\/\",\"name\":\"Rub\u00e9n Blades dice adi\u00f3s a la salsa: \u00aba mi edad tengo que priorizar\u00bb\",\"isPartOf\":{\"@id\":\"https:\\\/\\\/digital58.com.ve\\\/site\\\/#website\"},\"primaryImageOfPage\":{\"@id\":\"https:\\\/\\\/digital58.com.ve\\\/site\\\/2017\\\/07\\\/15\\\/ruben-blades-dice-adios-a-la-salsa-a-mi-edad-tengo-que-priorizar\\\/#primaryimage\"},\"image\":{\"@id\":\"https:\\\/\\\/digital58.com.ve\\\/site\\\/2017\\\/07\\\/15\\\/ruben-blades-dice-adios-a-la-salsa-a-mi-edad-tengo-que-priorizar\\\/#primaryimage\"},\"thumbnailUrl\":\"https:\\\/\\\/digital58.com.ve\\\/site\\\/wp-content\\\/uploads\\\/2017\\\/07\\\/blades-3.jpg\",\"datePublished\":\"2017-07-15T17:57:33+00:00\",\"breadcrumb\":{\"@id\":\"https:\\\/\\\/digital58.com.ve\\\/site\\\/2017\\\/07\\\/15\\\/ruben-blades-dice-adios-a-la-salsa-a-mi-edad-tengo-que-priorizar\\\/#breadcrumb\"},\"inLanguage\":\"es\",\"potentialAction\":[{\"@type\":\"ReadAction\",\"target\":[\"https:\\\/\\\/digital58.com.ve\\\/site\\\/2017\\\/07\\\/15\\\/ruben-blades-dice-adios-a-la-salsa-a-mi-edad-tengo-que-priorizar\\\/\"]}]},{\"@type\":\"ImageObject\",\"inLanguage\":\"es\",\"@id\":\"https:\\\/\\\/digital58.com.ve\\\/site\\\/2017\\\/07\\\/15\\\/ruben-blades-dice-adios-a-la-salsa-a-mi-edad-tengo-que-priorizar\\\/#primaryimage\",\"url\":\"https:\\\/\\\/digital58.com.ve\\\/site\\\/wp-content\\\/uploads\\\/2017\\\/07\\\/blades-3.jpg\",\"contentUrl\":\"https:\\\/\\\/digital58.com.ve\\\/site\\\/wp-content\\\/uploads\\\/2017\\\/07\\\/blades-3.jpg\",\"width\":800,\"height\":529},{\"@type\":\"BreadcrumbList\",\"@id\":\"https:\\\/\\\/digital58.com.ve\\\/site\\\/2017\\\/07\\\/15\\\/ruben-blades-dice-adios-a-la-salsa-a-mi-edad-tengo-que-priorizar\\\/#breadcrumb\",\"itemListElement\":[{\"@type\":\"ListItem\",\"position\":1,\"name\":\"Home\",\"item\":\"https:\\\/\\\/digital58.com.ve\\\/site\\\/\"},{\"@type\":\"ListItem\",\"position\":2,\"name\":\"Rub\u00e9n Blades dice adi\u00f3s a la salsa: \u00aba mi edad tengo que priorizar\u00bb\"}]},{\"@type\":\"WebSite\",\"@id\":\"https:\\\/\\\/digital58.com.ve\\\/site\\\/#website\",\"url\":\"https:\\\/\\\/digital58.com.ve\\\/site\\\/\",\"name\":\"Noticias Digital58\",\"description\":\"Portal de Noticias \u00a1Periodismo web de verdad! Lanzamiento web 22.11.2005 \\\/ Maracaibo, Venezuela\",\"publisher\":{\"@id\":\"https:\\\/\\\/digital58.com.ve\\\/site\\\/#\\\/schema\\\/person\\\/64d1c2e4d0d4fd1b849980c4331c2951\"},\"alternateName\":\"ND58\",\"potentialAction\":[{\"@type\":\"SearchAction\",\"target\":{\"@type\":\"EntryPoint\",\"urlTemplate\":\"https:\\\/\\\/digital58.com.ve\\\/site\\\/?s={search_term_string}\"},\"query-input\":{\"@type\":\"PropertyValueSpecification\",\"valueRequired\":true,\"valueName\":\"search_term_string\"}}],\"inLanguage\":\"es\"},{\"@type\":[\"Person\",\"Organization\"],\"@id\":\"https:\\\/\\\/digital58.com.ve\\\/site\\\/#\\\/schema\\\/person\\\/64d1c2e4d0d4fd1b849980c4331c2951\",\"name\":\"Villasmil Henry\",\"image\":{\"@type\":\"ImageObject\",\"inLanguage\":\"es\",\"@id\":\"https:\\\/\\\/secure.gravatar.com\\\/avatar\\\/bb0c4a2fcb7970138239f7e404ea75757b1b507b28b5ce4c53fbd62d797c5a7c?s=96&d=mm&r=g\",\"url\":\"https:\\\/\\\/secure.gravatar.com\\\/avatar\\\/bb0c4a2fcb7970138239f7e404ea75757b1b507b28b5ce4c53fbd62d797c5a7c?s=96&d=mm&r=g\",\"contentUrl\":\"https:\\\/\\\/secure.gravatar.com\\\/avatar\\\/bb0c4a2fcb7970138239f7e404ea75757b1b507b28b5ce4c53fbd62d797c5a7c?s=96&d=mm&r=g\",\"caption\":\"Villasmil Henry\"},\"logo\":{\"@id\":\"https:\\\/\\\/secure.gravatar.com\\\/avatar\\\/bb0c4a2fcb7970138239f7e404ea75757b1b507b28b5ce4c53fbd62d797c5a7c?s=96&d=mm&r=g\"},\"sameAs\":[\"http:\\\/\\\/www.henryvillasmil.com.ve\",\"https:\\\/\\\/www.instagram.com\\\/villasmilhfoto\\\/\",\"https:\\\/\\\/x.com\\\/https:\\\/\\\/twitter.com\\\/villasmilhfoto\"],\"url\":\"https:\\\/\\\/digital58.com.ve\\\/site\\\/author\\\/droopy_68\\\/\"}]}<\/script>\n<!-- \/ Yoast SEO plugin. -->","yoast_head_json":{"title":"Rub\u00e9n Blades dice adi\u00f3s a la salsa: \u00aba mi edad tengo que priorizar\u00bb","robots":{"index":"index","follow":"follow","max-snippet":"max-snippet:-1","max-image-preview":"max-image-preview:large","max-video-preview":"max-video-preview:-1"},"canonical":"https:\/\/digital58.com.ve\/site\/2017\/07\/15\/ruben-blades-dice-adios-a-la-salsa-a-mi-edad-tengo-que-priorizar\/","og_locale":"es_ES","og_type":"article","og_title":"Rub\u00e9n Blades dice adi\u00f3s a la salsa: \u00aba mi edad tengo que priorizar\u00bb","og_url":"https:\/\/digital58.com.ve\/site\/2017\/07\/15\/ruben-blades-dice-adios-a-la-salsa-a-mi-edad-tengo-que-priorizar\/","og_site_name":"Noticias Digital58","article_published_time":"2017-07-15T17:57:33+00:00","og_image":[{"width":1511,"height":1000,"url":"https:\/\/digital58.com.ve\/site\/wp-content\/uploads\/2017\/07\/blades-3.jpg","type":"image\/jpeg"}],"author":"Villasmil Henry","twitter_card":"summary_large_image","twitter_creator":"@https:\/\/twitter.com\/villasmilhfoto","twitter_site":"@villasmilhfoto","twitter_misc":{"Escrito por":"Villasmil Henry","Tiempo estimado de lectura":"3 minutos"},"schema":{"@context":"https:\/\/schema.org","@graph":[{"@type":"Article","@id":"https:\/\/digital58.com.ve\/site\/2017\/07\/15\/ruben-blades-dice-adios-a-la-salsa-a-mi-edad-tengo-que-priorizar\/#article","isPartOf":{"@id":"https:\/\/digital58.com.ve\/site\/2017\/07\/15\/ruben-blades-dice-adios-a-la-salsa-a-mi-edad-tengo-que-priorizar\/"},"author":{"name":"Villasmil Henry","@id":"https:\/\/digital58.com.ve\/site\/#\/schema\/person\/64d1c2e4d0d4fd1b849980c4331c2951"},"headline":"Rub\u00e9n Blades dice adi\u00f3s a la salsa: \u00aba mi edad tengo que priorizar\u00bb","datePublished":"2017-07-15T17:57:33+00:00","mainEntityOfPage":{"@id":"https:\/\/digital58.com.ve\/site\/2017\/07\/15\/ruben-blades-dice-adios-a-la-salsa-a-mi-edad-tengo-que-priorizar\/"},"wordCount":644,"commentCount":0,"publisher":{"@id":"https:\/\/digital58.com.ve\/site\/#\/schema\/person\/64d1c2e4d0d4fd1b849980c4331c2951"},"image":{"@id":"https:\/\/digital58.com.ve\/site\/2017\/07\/15\/ruben-blades-dice-adios-a-la-salsa-a-mi-edad-tengo-que-priorizar\/#primaryimage"},"thumbnailUrl":"https:\/\/digital58.com.ve\/site\/wp-content\/uploads\/2017\/07\/blades-3.jpg","keywords":["Arististas","Cantantes","Entretenimiento","G\u00e9neros Musicales","Internacionales","Panam\u00e1","Rubel Blades","Salsa"],"articleSection":["Fama"],"inLanguage":"es","potentialAction":[{"@type":"CommentAction","name":"Comment","target":["https:\/\/digital58.com.ve\/site\/2017\/07\/15\/ruben-blades-dice-adios-a-la-salsa-a-mi-edad-tengo-que-priorizar\/#respond"]}]},{"@type":"WebPage","@id":"https:\/\/digital58.com.ve\/site\/2017\/07\/15\/ruben-blades-dice-adios-a-la-salsa-a-mi-edad-tengo-que-priorizar\/","url":"https:\/\/digital58.com.ve\/site\/2017\/07\/15\/ruben-blades-dice-adios-a-la-salsa-a-mi-edad-tengo-que-priorizar\/","name":"Rub\u00e9n Blades dice adi\u00f3s a la salsa: \u00aba mi edad tengo que priorizar\u00bb","isPartOf":{"@id":"https:\/\/digital58.com.ve\/site\/#website"},"primaryImageOfPage":{"@id":"https:\/\/digital58.com.ve\/site\/2017\/07\/15\/ruben-blades-dice-adios-a-la-salsa-a-mi-edad-tengo-que-priorizar\/#primaryimage"},"image":{"@id":"https:\/\/digital58.com.ve\/site\/2017\/07\/15\/ruben-blades-dice-adios-a-la-salsa-a-mi-edad-tengo-que-priorizar\/#primaryimage"},"thumbnailUrl":"https:\/\/digital58.com.ve\/site\/wp-content\/uploads\/2017\/07\/blades-3.jpg","datePublished":"2017-07-15T17:57:33+00:00","breadcrumb":{"@id":"https:\/\/digital58.com.ve\/site\/2017\/07\/15\/ruben-blades-dice-adios-a-la-salsa-a-mi-edad-tengo-que-priorizar\/#breadcrumb"},"inLanguage":"es","potentialAction":[{"@type":"ReadAction","target":["https:\/\/digital58.com.ve\/site\/2017\/07\/15\/ruben-blades-dice-adios-a-la-salsa-a-mi-edad-tengo-que-priorizar\/"]}]},{"@type":"ImageObject","inLanguage":"es","@id":"https:\/\/digital58.com.ve\/site\/2017\/07\/15\/ruben-blades-dice-adios-a-la-salsa-a-mi-edad-tengo-que-priorizar\/#primaryimage","url":"https:\/\/digital58.com.ve\/site\/wp-content\/uploads\/2017\/07\/blades-3.jpg","contentUrl":"https:\/\/digital58.com.ve\/site\/wp-content\/uploads\/2017\/07\/blades-3.jpg","width":800,"height":529},{"@type":"BreadcrumbList","@id":"https:\/\/digital58.com.ve\/site\/2017\/07\/15\/ruben-blades-dice-adios-a-la-salsa-a-mi-edad-tengo-que-priorizar\/#breadcrumb","itemListElement":[{"@type":"ListItem","position":1,"name":"Home","item":"https:\/\/digital58.com.ve\/site\/"},{"@type":"ListItem","position":2,"name":"Rub\u00e9n Blades dice adi\u00f3s a la salsa: \u00aba mi edad tengo que priorizar\u00bb"}]},{"@type":"WebSite","@id":"https:\/\/digital58.com.ve\/site\/#website","url":"https:\/\/digital58.com.ve\/site\/","name":"Noticias Digital58","description":"Portal de Noticias \u00a1Periodismo web de verdad! Lanzamiento web 22.11.2005 \/ Maracaibo, Venezuela","publisher":{"@id":"https:\/\/digital58.com.ve\/site\/#\/schema\/person\/64d1c2e4d0d4fd1b849980c4331c2951"},"alternateName":"ND58","potentialAction":[{"@type":"SearchAction","target":{"@type":"EntryPoint","urlTemplate":"https:\/\/digital58.com.ve\/site\/?s={search_term_string}"},"query-input":{"@type":"PropertyValueSpecification","valueRequired":true,"valueName":"search_term_string"}}],"inLanguage":"es"},{"@type":["Person","Organization"],"@id":"https:\/\/digital58.com.ve\/site\/#\/schema\/person\/64d1c2e4d0d4fd1b849980c4331c2951","name":"Villasmil Henry","image":{"@type":"ImageObject","inLanguage":"es","@id":"https:\/\/secure.gravatar.com\/avatar\/bb0c4a2fcb7970138239f7e404ea75757b1b507b28b5ce4c53fbd62d797c5a7c?s=96&d=mm&r=g","url":"https:\/\/secure.gravatar.com\/avatar\/bb0c4a2fcb7970138239f7e404ea75757b1b507b28b5ce4c53fbd62d797c5a7c?s=96&d=mm&r=g","contentUrl":"https:\/\/secure.gravatar.com\/avatar\/bb0c4a2fcb7970138239f7e404ea75757b1b507b28b5ce4c53fbd62d797c5a7c?s=96&d=mm&r=g","caption":"Villasmil Henry"},"logo":{"@id":"https:\/\/secure.gravatar.com\/avatar\/bb0c4a2fcb7970138239f7e404ea75757b1b507b28b5ce4c53fbd62d797c5a7c?s=96&d=mm&r=g"},"sameAs":["http:\/\/www.henryvillasmil.com.ve","https:\/\/www.instagram.com\/villasmilhfoto\/","https:\/\/x.com\/https:\/\/twitter.com\/villasmilhfoto"],"url":"https:\/\/digital58.com.ve\/site\/author\/droopy_68\/"}]}},"uagb_featured_image_src":{"full":["https:\/\/digital58.com.ve\/site\/wp-content\/uploads\/2017\/07\/blades-3.jpg",800,529,false],"thumbnail":["https:\/\/digital58.com.ve\/site\/wp-content\/uploads\/2017\/07\/blades-3-150x150.jpg",150,150,true],"medium":["https:\/\/digital58.com.ve\/site\/wp-content\/uploads\/2017\/07\/blades-3-300x199.jpg",300,199,true],"medium_large":["https:\/\/digital58.com.ve\/site\/wp-content\/uploads\/2017\/07\/blades-3-768x508.jpg",768,508,true],"large":["https:\/\/digital58.com.ve\/site\/wp-content\/uploads\/2017\/07\/blades-3-1500x993.jpg",800,530,true],"1536x1536":["https:\/\/digital58.com.ve\/site\/wp-content\/uploads\/2017\/07\/blades-3.jpg",800,529,false],"2048x2048":["https:\/\/digital58.com.ve\/site\/wp-content\/uploads\/2017\/07\/blades-3.jpg",800,529,false],"colormag-highlighted-post":["https:\/\/digital58.com.ve\/site\/wp-content\/uploads\/2017\/07\/blades-3.jpg",392,259,false],"colormag-featured-post-medium":["https:\/\/digital58.com.ve\/site\/wp-content\/uploads\/2017\/07\/blades-3.jpg",310,205,false],"colormag-featured-post-small":["https:\/\/digital58.com.ve\/site\/wp-content\/uploads\/2017\/07\/blades-3.jpg",130,86,false],"colormag-featured-image":["https:\/\/digital58.com.ve\/site\/wp-content\/uploads\/2017\/07\/blades-3.jpg",673,445,false],"colormag-default-news":["https:\/\/digital58.com.ve\/site\/wp-content\/uploads\/2017\/07\/blades-3.jpg",150,99,false],"colormag-featured-image-large":["https:\/\/digital58.com.ve\/site\/wp-content\/uploads\/2017\/07\/blades-3.jpg",800,529,false]},"uagb_author_info":{"display_name":"Villasmil Henry","author_link":"https:\/\/digital58.com.ve\/site\/author\/droopy_68\/"},"uagb_comment_info":0,"uagb_excerpt":"A sus 68 a\u00f1os y casi 40 a\u00f1os despu\u00e9s de \u00abterminar a hierro\u00bb, Rub\u00e9n Blades finiquita definitivamente ese \u00abtumbao que","_links":{"self":[{"href":"https:\/\/digital58.com.ve\/site\/wp-json\/wp\/v2\/posts\/67621","targetHints":{"allow":["GET"]}}],"collection":[{"href":"https:\/\/digital58.com.ve\/site\/wp-json\/wp\/v2\/posts"}],"about":[{"href":"https:\/\/digital58.com.ve\/site\/wp-json\/wp\/v2\/types\/post"}],"author":[{"embeddable":true,"href":"https:\/\/digital58.com.ve\/site\/wp-json\/wp\/v2\/users\/1"}],"replies":[{"embeddable":true,"href":"https:\/\/digital58.com.ve\/site\/wp-json\/wp\/v2\/comments?post=67621"}],"version-history":[{"count":0,"href":"https:\/\/digital58.com.ve\/site\/wp-json\/wp\/v2\/posts\/67621\/revisions"}],"wp:featuredmedia":[{"embeddable":true,"href":"https:\/\/digital58.com.ve\/site\/wp-json\/wp\/v2\/media\/67624"}],"wp:attachment":[{"href":"https:\/\/digital58.com.ve\/site\/wp-json\/wp\/v2\/media?parent=67621"}],"wp:term":[{"taxonomy":"category","embeddable":true,"href":"https:\/\/digital58.com.ve\/site\/wp-json\/wp\/v2\/categories?post=67621"},{"taxonomy":"post_tag","embeddable":true,"href":"https:\/\/digital58.com.ve\/site\/wp-json\/wp\/v2\/tags?post=67621"}],"curies":[{"name":"wp","href":"https:\/\/api.w.org\/{rel}","templated":true}]}}