{"id":67832,"date":"2017-07-18T19:51:40","date_gmt":"2017-07-18T23:51:40","guid":{"rendered":"http:\/\/digital58.com.ve\/site\/?p=67832"},"modified":"2017-07-18T19:51:40","modified_gmt":"2017-07-18T23:51:40","slug":"otorgan-premio-de-plata-a-fotografo-venezolano-en-los-px3-de-la-photographie-paris","status":"publish","type":"post","link":"https:\/\/digital58.com.ve\/site\/2017\/07\/18\/otorgan-premio-de-plata-a-fotografo-venezolano-en-los-px3-de-la-photographie-paris\/","title":{"rendered":"Otorgan Premio de Plata a fot\u00f3grafo venezolano en los \u00abPX3 de la Photographie Paris\u00bb"},"content":{"rendered":"<p><a href=\"http:\/\/digital58.com.ve\/site\/wp-content\/uploads\/2017\/07\/boda.jpg\"><img loading=\"lazy\" decoding=\"async\" class=\"aligncenter wp-image-67833\" src=\"http:\/\/digital58.com.ve\/site\/wp-content\/uploads\/2017\/07\/boda.jpg\" alt=\"\" width=\"640\" height=\"427\" srcset=\"https:\/\/digital58.com.ve\/site\/wp-content\/uploads\/2017\/07\/boda.jpg 800w, https:\/\/digital58.com.ve\/site\/wp-content\/uploads\/2017\/07\/boda-300x200.jpg 300w, https:\/\/digital58.com.ve\/site\/wp-content\/uploads\/2017\/07\/boda-768x512.jpg 768w, https:\/\/digital58.com.ve\/site\/wp-content\/uploads\/2017\/07\/boda-720x480.jpg 720w, https:\/\/digital58.com.ve\/site\/wp-content\/uploads\/2017\/07\/boda-480x320.jpg 480w\" sizes=\"auto, (max-width: 640px) 100vw, 640px\" \/><\/a><\/p>\n<p>Venezuela sigue saltando fronteras, muchos venezolanos han destacado a nivel internacional dejando el nombre del pa\u00eds en alto, esta vez el fot\u00f3grafo Joel V\u00e1squez Nacahe gan\u00f3 el segundo premio (Medalla de Plata) en la categor\u00eda \u00abRetrato profesional de bodas\u00bb por la obra \u00abRitual\u00bb.<\/p>\n<p><strong>Paris, Francia, 18 de julio de 2017 (D58).-<\/strong> Joel V\u00e1squez se suma a la lista de los venezolanos que est\u00e1n cosechando \u00e9xitos a nivel internacional, por su esfuerzo, trabajo y creatividad.<\/p>\n<p>El fot\u00f3grafo venezolano se llev\u00f3 Medalla de Plata en la categor\u00eda \u00abRetrato profesional de bodas\u00bb por la obra \u00abRitual\u00bb; una fotograf\u00eda tomada en la comunidad ind\u00edgena de Mayupa, en el parque nacional Canaima al sur de Venezuela.<\/p>\n<p>En esta fotograf\u00eda se muestra una novia en medio de la Sabana, recibiendo un ritual de bendici\u00f3n por un cham\u00e1n.<\/p>\n<p>Est\u00e1 imagen ha sido seleccionada entre miles de participantes de m\u00e1s de 85 pa\u00edses.<\/p>\n<p>El \u00abPrix de la Photographie Paris\u00bb se esfuerza por promover la apreciaci\u00f3n de la fotograf\u00eda, descubrir nuevos talentos e introducir a fot\u00f3grafos de todo el mundo a la comunidad art\u00edstica de Par\u00eds.<\/p>\n<p>Las fotograf\u00edas ganadoras de este concurso se exhiben en una galer\u00eda de alto perfil en Par\u00eds y se publican en el libro anual de alta calidad y a todo color.<\/p>\n<p>Joel V\u00e1squez es un fot\u00f3grafo nacido en los llanos de Venezuela y residenciado en la ciudad de Caracas; su mayor influencia en la fotograf\u00eda de Novias viene dada por su cercan\u00eda a dos importantes fot\u00f3grafos de esta industria: Domingo Cabrera y Marcos Mancera.<\/p>\n<p>Durante los \u00faltimos cinco a\u00f1os, ha participado en diferentes proyectos nacionales e internacionales de la mano de estos dos maestros de la fotograf\u00eda de Bodas.<\/p>\n<p>Destacan entre sus reconocimientos: Menci\u00f3n Honorifica en los International Photography Awards (IPA) 2016, categor\u00eda Bodas. M\u00e9ritos en la evaluaci\u00f3n fotogr\u00e1fica profesional 2016 de la Asociaci\u00f3n Venezolana de la Comunidad Fotogr\u00e1fica y Afines (AVECOFA), la m\u00e1s importante organizaci\u00f3n para la evaluaci\u00f3n de la fotograf\u00eda en Venezuela.<\/p>\n<p>El jurado de PX3, que ha seleccionado como acreedor del segundo premio a Joel Vasquez, est\u00e1 formado por las personalidades m\u00e1s relevantes a nivel internacional dentro de la industria de la fotograf\u00eda; Carol Johnson, Comisario de Fotograf\u00eda de la Librer\u00eda del Congreso, Washington D.C.; Gilles Raynaldy, Director de Purpose, Paris o Viviene Esders, Expert pr\u00e8s la Cour d&#8217;Appel de Paris; entre otros.<\/p>\n<p>Para conocer m\u00e1s del trabajo fotogr\u00e1fico que realiza diariamente Joel pueden seguirlo en su Instagram <a href=\"https:\/\/www.instagram.com\/joel_vasquezn\/\" target=\"_blank\" rel=\"noopener\">@joel_vasquezn<\/a>.<\/p><div class=\"jlwlk69f2bc5d2af73\" ><p style=\"text-align: center;\"><a href=\"https:\/\/t.me\/noticiasdigital58\" target=\"_blank\" rel=\"noopener\"><img class=\"aligncenter size-full wp-image-125363\" src=\"https:\/\/digital58.com.ve\/site\/wp-content\/uploads\/2021\/04\/banner-telegram-web-2021.png\" alt=\"\" width=\"600\" height=\"90\" \/><\/a><\/p><\/div><style type=\"text\/css\">\r\n@media screen and (min-width: 1201px) {\r\n.jlwlk69f2bc5d2af73 {\r\ndisplay: block;\r\n}\r\n}\r\n@media screen and (min-width: 993px) and (max-width: 1200px) {\r\n.jlwlk69f2bc5d2af73 {\r\ndisplay: block;\r\n}\r\n}\r\n@media screen and (min-width: 769px) and (max-width: 992px) {\r\n.jlwlk69f2bc5d2af73 {\r\ndisplay: block;\r\n}\r\n}\r\n@media screen and (min-width: 768px) and (max-width: 768px) {\r\n.jlwlk69f2bc5d2af73 {\r\ndisplay: block;\r\n}\r\n}\r\n@media screen and (max-width: 767px) {\r\n.jlwlk69f2bc5d2af73 {\r\ndisplay: block;\r\n}\r\n}\r\n<\/style>\r\n\n<p><strong>Redacci\u00f3n y fuente: Mar\u00eda Margarita Espases<\/strong><br \/>\n<strong>Edici\u00f3n: <a href=\"https:\/\/www.instagram.com\/raquelsofiavera\/\" target=\"_blank\" rel=\"noopener\">Vera, Raquel<\/a><\/strong><br \/>\n<strong>Foto: Jos\u00e9 V\u00e1squez Nacache<br \/>\n<\/strong><\/p>\n<div style=\"margin-top: 0px; margin-bottom: 0px;\" class=\"sharethis-inline-share-buttons\" ><\/div>","protected":false},"excerpt":{"rendered":"<p>Venezuela sigue saltando fronteras, muchos venezolanos han destacado a nivel internacional dejando el nombre del pa\u00eds en alto, esta vez<\/p>\n","protected":false},"author":1,"featured_media":67833,"comment_status":"open","ping_status":"closed","sticky":false,"template":"","format":"standard","meta":{"colormag_page_container_layout":"default_layout","colormag_page_sidebar_layout":"default_layout","_uag_custom_page_level_css":"","footnotes":""},"categories":[5414],"tags":[145,146,40,8,1768,8492,6272,8493,135,32],"class_list":["post-67832","post","type-post","status-publish","format-standard","has-post-thumbnail","hentry","category-talento_nacional","tag-fotografia","tag-fotografos","tag-francia","tag-internacionales","tag-paris","tag-plata","tag-premiacion","tag-px3","tag-venezolanos-en-el-exterior","tag-venezuela"],"yoast_head":"<!-- This site is optimized with the Yoast SEO plugin v27.5 - https:\/\/yoast.com\/product\/yoast-seo-wordpress\/ -->\n<title>Otorgan Premio de Plata a fot\u00f3grafo venezolano en los \u00abPX3 de la Photographie Paris\u00bb<\/title>\n<meta name=\"robots\" content=\"index, follow, max-snippet:-1, max-image-preview:large, max-video-preview:-1\" \/>\n<link rel=\"canonical\" href=\"https:\/\/digital58.com.ve\/site\/2017\/07\/18\/otorgan-premio-de-plata-a-fotografo-venezolano-en-los-px3-de-la-photographie-paris\/\" \/>\n<meta property=\"og:locale\" content=\"es_ES\" \/>\n<meta property=\"og:type\" content=\"article\" \/>\n<meta property=\"og:title\" content=\"Otorgan Premio de Plata a fot\u00f3grafo venezolano en los \u00abPX3 de la Photographie Paris\u00bb\" \/>\n<meta property=\"og:url\" content=\"https:\/\/digital58.com.ve\/site\/2017\/07\/18\/otorgan-premio-de-plata-a-fotografo-venezolano-en-los-px3-de-la-photographie-paris\/\" \/>\n<meta property=\"og:site_name\" content=\"Noticias Digital58\" \/>\n<meta property=\"article:published_time\" content=\"2017-07-18T23:51:40+00:00\" \/>\n<meta property=\"og:image\" content=\"https:\/\/digital58.com.ve\/site\/wp-content\/uploads\/2017\/07\/boda.jpg\" \/>\n\t<meta property=\"og:image:width\" content=\"1000\" \/>\n\t<meta property=\"og:image:height\" content=\"667\" \/>\n\t<meta property=\"og:image:type\" content=\"image\/jpeg\" \/>\n<meta name=\"author\" content=\"Villasmil Henry\" \/>\n<meta name=\"twitter:card\" content=\"summary_large_image\" \/>\n<meta name=\"twitter:creator\" content=\"@https:\/\/twitter.com\/villasmilhfoto\" \/>\n<meta name=\"twitter:site\" content=\"@villasmilhfoto\" \/>\n<meta name=\"twitter:label1\" content=\"Escrito por\" \/>\n\t<meta name=\"twitter:data1\" content=\"Villasmil Henry\" \/>\n\t<meta name=\"twitter:label2\" content=\"Tiempo estimado de lectura\" \/>\n\t<meta name=\"twitter:data2\" content=\"2 minutos\" \/>\n<script type=\"application\/ld+json\" class=\"yoast-schema-graph\">{\"@context\":\"https:\\\/\\\/schema.org\",\"@graph\":[{\"@type\":\"Article\",\"@id\":\"https:\\\/\\\/digital58.com.ve\\\/site\\\/2017\\\/07\\\/18\\\/otorgan-premio-de-plata-a-fotografo-venezolano-en-los-px3-de-la-photographie-paris\\\/#article\",\"isPartOf\":{\"@id\":\"https:\\\/\\\/digital58.com.ve\\\/site\\\/2017\\\/07\\\/18\\\/otorgan-premio-de-plata-a-fotografo-venezolano-en-los-px3-de-la-photographie-paris\\\/\"},\"author\":{\"name\":\"Villasmil Henry\",\"@id\":\"https:\\\/\\\/digital58.com.ve\\\/site\\\/#\\\/schema\\\/person\\\/64d1c2e4d0d4fd1b849980c4331c2951\"},\"headline\":\"Otorgan Premio de Plata a fot\u00f3grafo venezolano en los \u00abPX3 de la Photographie Paris\u00bb\",\"datePublished\":\"2017-07-18T23:51:40+00:00\",\"mainEntityOfPage\":{\"@id\":\"https:\\\/\\\/digital58.com.ve\\\/site\\\/2017\\\/07\\\/18\\\/otorgan-premio-de-plata-a-fotografo-venezolano-en-los-px3-de-la-photographie-paris\\\/\"},\"wordCount\":477,\"commentCount\":0,\"publisher\":{\"@id\":\"https:\\\/\\\/digital58.com.ve\\\/site\\\/#\\\/schema\\\/person\\\/64d1c2e4d0d4fd1b849980c4331c2951\"},\"image\":{\"@id\":\"https:\\\/\\\/digital58.com.ve\\\/site\\\/2017\\\/07\\\/18\\\/otorgan-premio-de-plata-a-fotografo-venezolano-en-los-px3-de-la-photographie-paris\\\/#primaryimage\"},\"thumbnailUrl\":\"https:\\\/\\\/digital58.com.ve\\\/site\\\/wp-content\\\/uploads\\\/2017\\\/07\\\/boda.jpg\",\"keywords\":[\"Fotograf\u00eda\",\"Fot\u00f3grafos\",\"Francia\",\"Internacionales\",\"Par\u00eds\",\"Plata\",\"Premiaci\u00f3n\",\"PX3\",\"Venezolanos en el exterior\",\"Venezuela\"],\"articleSection\":[\"Talento Nacional\"],\"inLanguage\":\"es\",\"potentialAction\":[{\"@type\":\"CommentAction\",\"name\":\"Comment\",\"target\":[\"https:\\\/\\\/digital58.com.ve\\\/site\\\/2017\\\/07\\\/18\\\/otorgan-premio-de-plata-a-fotografo-venezolano-en-los-px3-de-la-photographie-paris\\\/#respond\"]}]},{\"@type\":\"WebPage\",\"@id\":\"https:\\\/\\\/digital58.com.ve\\\/site\\\/2017\\\/07\\\/18\\\/otorgan-premio-de-plata-a-fotografo-venezolano-en-los-px3-de-la-photographie-paris\\\/\",\"url\":\"https:\\\/\\\/digital58.com.ve\\\/site\\\/2017\\\/07\\\/18\\\/otorgan-premio-de-plata-a-fotografo-venezolano-en-los-px3-de-la-photographie-paris\\\/\",\"name\":\"Otorgan Premio de Plata a fot\u00f3grafo venezolano en los \u00abPX3 de la Photographie Paris\u00bb\",\"isPartOf\":{\"@id\":\"https:\\\/\\\/digital58.com.ve\\\/site\\\/#website\"},\"primaryImageOfPage\":{\"@id\":\"https:\\\/\\\/digital58.com.ve\\\/site\\\/2017\\\/07\\\/18\\\/otorgan-premio-de-plata-a-fotografo-venezolano-en-los-px3-de-la-photographie-paris\\\/#primaryimage\"},\"image\":{\"@id\":\"https:\\\/\\\/digital58.com.ve\\\/site\\\/2017\\\/07\\\/18\\\/otorgan-premio-de-plata-a-fotografo-venezolano-en-los-px3-de-la-photographie-paris\\\/#primaryimage\"},\"thumbnailUrl\":\"https:\\\/\\\/digital58.com.ve\\\/site\\\/wp-content\\\/uploads\\\/2017\\\/07\\\/boda.jpg\",\"datePublished\":\"2017-07-18T23:51:40+00:00\",\"breadcrumb\":{\"@id\":\"https:\\\/\\\/digital58.com.ve\\\/site\\\/2017\\\/07\\\/18\\\/otorgan-premio-de-plata-a-fotografo-venezolano-en-los-px3-de-la-photographie-paris\\\/#breadcrumb\"},\"inLanguage\":\"es\",\"potentialAction\":[{\"@type\":\"ReadAction\",\"target\":[\"https:\\\/\\\/digital58.com.ve\\\/site\\\/2017\\\/07\\\/18\\\/otorgan-premio-de-plata-a-fotografo-venezolano-en-los-px3-de-la-photographie-paris\\\/\"]}]},{\"@type\":\"ImageObject\",\"inLanguage\":\"es\",\"@id\":\"https:\\\/\\\/digital58.com.ve\\\/site\\\/2017\\\/07\\\/18\\\/otorgan-premio-de-plata-a-fotografo-venezolano-en-los-px3-de-la-photographie-paris\\\/#primaryimage\",\"url\":\"https:\\\/\\\/digital58.com.ve\\\/site\\\/wp-content\\\/uploads\\\/2017\\\/07\\\/boda.jpg\",\"contentUrl\":\"https:\\\/\\\/digital58.com.ve\\\/site\\\/wp-content\\\/uploads\\\/2017\\\/07\\\/boda.jpg\",\"width\":800,\"height\":534},{\"@type\":\"BreadcrumbList\",\"@id\":\"https:\\\/\\\/digital58.com.ve\\\/site\\\/2017\\\/07\\\/18\\\/otorgan-premio-de-plata-a-fotografo-venezolano-en-los-px3-de-la-photographie-paris\\\/#breadcrumb\",\"itemListElement\":[{\"@type\":\"ListItem\",\"position\":1,\"name\":\"Home\",\"item\":\"https:\\\/\\\/digital58.com.ve\\\/site\\\/\"},{\"@type\":\"ListItem\",\"position\":2,\"name\":\"Otorgan Premio de Plata a fot\u00f3grafo venezolano en los \u00abPX3 de la Photographie Paris\u00bb\"}]},{\"@type\":\"WebSite\",\"@id\":\"https:\\\/\\\/digital58.com.ve\\\/site\\\/#website\",\"url\":\"https:\\\/\\\/digital58.com.ve\\\/site\\\/\",\"name\":\"Noticias Digital58\",\"description\":\"Portal de Noticias \u00a1Periodismo web de verdad! Lanzamiento web 22.11.2005 \\\/ Maracaibo, Venezuela\",\"publisher\":{\"@id\":\"https:\\\/\\\/digital58.com.ve\\\/site\\\/#\\\/schema\\\/person\\\/64d1c2e4d0d4fd1b849980c4331c2951\"},\"alternateName\":\"ND58\",\"potentialAction\":[{\"@type\":\"SearchAction\",\"target\":{\"@type\":\"EntryPoint\",\"urlTemplate\":\"https:\\\/\\\/digital58.com.ve\\\/site\\\/?s={search_term_string}\"},\"query-input\":{\"@type\":\"PropertyValueSpecification\",\"valueRequired\":true,\"valueName\":\"search_term_string\"}}],\"inLanguage\":\"es\"},{\"@type\":[\"Person\",\"Organization\"],\"@id\":\"https:\\\/\\\/digital58.com.ve\\\/site\\\/#\\\/schema\\\/person\\\/64d1c2e4d0d4fd1b849980c4331c2951\",\"name\":\"Villasmil Henry\",\"image\":{\"@type\":\"ImageObject\",\"inLanguage\":\"es\",\"@id\":\"https:\\\/\\\/secure.gravatar.com\\\/avatar\\\/bb0c4a2fcb7970138239f7e404ea75757b1b507b28b5ce4c53fbd62d797c5a7c?s=96&d=mm&r=g\",\"url\":\"https:\\\/\\\/secure.gravatar.com\\\/avatar\\\/bb0c4a2fcb7970138239f7e404ea75757b1b507b28b5ce4c53fbd62d797c5a7c?s=96&d=mm&r=g\",\"contentUrl\":\"https:\\\/\\\/secure.gravatar.com\\\/avatar\\\/bb0c4a2fcb7970138239f7e404ea75757b1b507b28b5ce4c53fbd62d797c5a7c?s=96&d=mm&r=g\",\"caption\":\"Villasmil Henry\"},\"logo\":{\"@id\":\"https:\\\/\\\/secure.gravatar.com\\\/avatar\\\/bb0c4a2fcb7970138239f7e404ea75757b1b507b28b5ce4c53fbd62d797c5a7c?s=96&d=mm&r=g\"},\"sameAs\":[\"http:\\\/\\\/www.henryvillasmil.com.ve\",\"https:\\\/\\\/www.instagram.com\\\/villasmilhfoto\\\/\",\"https:\\\/\\\/x.com\\\/https:\\\/\\\/twitter.com\\\/villasmilhfoto\"],\"url\":\"https:\\\/\\\/digital58.com.ve\\\/site\\\/author\\\/droopy_68\\\/\"}]}<\/script>\n<!-- \/ Yoast SEO plugin. -->","yoast_head_json":{"title":"Otorgan Premio de Plata a fot\u00f3grafo venezolano en los \u00abPX3 de la Photographie Paris\u00bb","robots":{"index":"index","follow":"follow","max-snippet":"max-snippet:-1","max-image-preview":"max-image-preview:large","max-video-preview":"max-video-preview:-1"},"canonical":"https:\/\/digital58.com.ve\/site\/2017\/07\/18\/otorgan-premio-de-plata-a-fotografo-venezolano-en-los-px3-de-la-photographie-paris\/","og_locale":"es_ES","og_type":"article","og_title":"Otorgan Premio de Plata a fot\u00f3grafo venezolano en los \u00abPX3 de la Photographie Paris\u00bb","og_url":"https:\/\/digital58.com.ve\/site\/2017\/07\/18\/otorgan-premio-de-plata-a-fotografo-venezolano-en-los-px3-de-la-photographie-paris\/","og_site_name":"Noticias Digital58","article_published_time":"2017-07-18T23:51:40+00:00","og_image":[{"width":1000,"height":667,"url":"https:\/\/digital58.com.ve\/site\/wp-content\/uploads\/2017\/07\/boda.jpg","type":"image\/jpeg"}],"author":"Villasmil Henry","twitter_card":"summary_large_image","twitter_creator":"@https:\/\/twitter.com\/villasmilhfoto","twitter_site":"@villasmilhfoto","twitter_misc":{"Escrito por":"Villasmil Henry","Tiempo estimado de lectura":"2 minutos"},"schema":{"@context":"https:\/\/schema.org","@graph":[{"@type":"Article","@id":"https:\/\/digital58.com.ve\/site\/2017\/07\/18\/otorgan-premio-de-plata-a-fotografo-venezolano-en-los-px3-de-la-photographie-paris\/#article","isPartOf":{"@id":"https:\/\/digital58.com.ve\/site\/2017\/07\/18\/otorgan-premio-de-plata-a-fotografo-venezolano-en-los-px3-de-la-photographie-paris\/"},"author":{"name":"Villasmil Henry","@id":"https:\/\/digital58.com.ve\/site\/#\/schema\/person\/64d1c2e4d0d4fd1b849980c4331c2951"},"headline":"Otorgan Premio de Plata a fot\u00f3grafo venezolano en los \u00abPX3 de la Photographie Paris\u00bb","datePublished":"2017-07-18T23:51:40+00:00","mainEntityOfPage":{"@id":"https:\/\/digital58.com.ve\/site\/2017\/07\/18\/otorgan-premio-de-plata-a-fotografo-venezolano-en-los-px3-de-la-photographie-paris\/"},"wordCount":477,"commentCount":0,"publisher":{"@id":"https:\/\/digital58.com.ve\/site\/#\/schema\/person\/64d1c2e4d0d4fd1b849980c4331c2951"},"image":{"@id":"https:\/\/digital58.com.ve\/site\/2017\/07\/18\/otorgan-premio-de-plata-a-fotografo-venezolano-en-los-px3-de-la-photographie-paris\/#primaryimage"},"thumbnailUrl":"https:\/\/digital58.com.ve\/site\/wp-content\/uploads\/2017\/07\/boda.jpg","keywords":["Fotograf\u00eda","Fot\u00f3grafos","Francia","Internacionales","Par\u00eds","Plata","Premiaci\u00f3n","PX3","Venezolanos en el exterior","Venezuela"],"articleSection":["Talento Nacional"],"inLanguage":"es","potentialAction":[{"@type":"CommentAction","name":"Comment","target":["https:\/\/digital58.com.ve\/site\/2017\/07\/18\/otorgan-premio-de-plata-a-fotografo-venezolano-en-los-px3-de-la-photographie-paris\/#respond"]}]},{"@type":"WebPage","@id":"https:\/\/digital58.com.ve\/site\/2017\/07\/18\/otorgan-premio-de-plata-a-fotografo-venezolano-en-los-px3-de-la-photographie-paris\/","url":"https:\/\/digital58.com.ve\/site\/2017\/07\/18\/otorgan-premio-de-plata-a-fotografo-venezolano-en-los-px3-de-la-photographie-paris\/","name":"Otorgan Premio de Plata a fot\u00f3grafo venezolano en los \u00abPX3 de la Photographie Paris\u00bb","isPartOf":{"@id":"https:\/\/digital58.com.ve\/site\/#website"},"primaryImageOfPage":{"@id":"https:\/\/digital58.com.ve\/site\/2017\/07\/18\/otorgan-premio-de-plata-a-fotografo-venezolano-en-los-px3-de-la-photographie-paris\/#primaryimage"},"image":{"@id":"https:\/\/digital58.com.ve\/site\/2017\/07\/18\/otorgan-premio-de-plata-a-fotografo-venezolano-en-los-px3-de-la-photographie-paris\/#primaryimage"},"thumbnailUrl":"https:\/\/digital58.com.ve\/site\/wp-content\/uploads\/2017\/07\/boda.jpg","datePublished":"2017-07-18T23:51:40+00:00","breadcrumb":{"@id":"https:\/\/digital58.com.ve\/site\/2017\/07\/18\/otorgan-premio-de-plata-a-fotografo-venezolano-en-los-px3-de-la-photographie-paris\/#breadcrumb"},"inLanguage":"es","potentialAction":[{"@type":"ReadAction","target":["https:\/\/digital58.com.ve\/site\/2017\/07\/18\/otorgan-premio-de-plata-a-fotografo-venezolano-en-los-px3-de-la-photographie-paris\/"]}]},{"@type":"ImageObject","inLanguage":"es","@id":"https:\/\/digital58.com.ve\/site\/2017\/07\/18\/otorgan-premio-de-plata-a-fotografo-venezolano-en-los-px3-de-la-photographie-paris\/#primaryimage","url":"https:\/\/digital58.com.ve\/site\/wp-content\/uploads\/2017\/07\/boda.jpg","contentUrl":"https:\/\/digital58.com.ve\/site\/wp-content\/uploads\/2017\/07\/boda.jpg","width":800,"height":534},{"@type":"BreadcrumbList","@id":"https:\/\/digital58.com.ve\/site\/2017\/07\/18\/otorgan-premio-de-plata-a-fotografo-venezolano-en-los-px3-de-la-photographie-paris\/#breadcrumb","itemListElement":[{"@type":"ListItem","position":1,"name":"Home","item":"https:\/\/digital58.com.ve\/site\/"},{"@type":"ListItem","position":2,"name":"Otorgan Premio de Plata a fot\u00f3grafo venezolano en los \u00abPX3 de la Photographie Paris\u00bb"}]},{"@type":"WebSite","@id":"https:\/\/digital58.com.ve\/site\/#website","url":"https:\/\/digital58.com.ve\/site\/","name":"Noticias Digital58","description":"Portal de Noticias \u00a1Periodismo web de verdad! Lanzamiento web 22.11.2005 \/ Maracaibo, Venezuela","publisher":{"@id":"https:\/\/digital58.com.ve\/site\/#\/schema\/person\/64d1c2e4d0d4fd1b849980c4331c2951"},"alternateName":"ND58","potentialAction":[{"@type":"SearchAction","target":{"@type":"EntryPoint","urlTemplate":"https:\/\/digital58.com.ve\/site\/?s={search_term_string}"},"query-input":{"@type":"PropertyValueSpecification","valueRequired":true,"valueName":"search_term_string"}}],"inLanguage":"es"},{"@type":["Person","Organization"],"@id":"https:\/\/digital58.com.ve\/site\/#\/schema\/person\/64d1c2e4d0d4fd1b849980c4331c2951","name":"Villasmil Henry","image":{"@type":"ImageObject","inLanguage":"es","@id":"https:\/\/secure.gravatar.com\/avatar\/bb0c4a2fcb7970138239f7e404ea75757b1b507b28b5ce4c53fbd62d797c5a7c?s=96&d=mm&r=g","url":"https:\/\/secure.gravatar.com\/avatar\/bb0c4a2fcb7970138239f7e404ea75757b1b507b28b5ce4c53fbd62d797c5a7c?s=96&d=mm&r=g","contentUrl":"https:\/\/secure.gravatar.com\/avatar\/bb0c4a2fcb7970138239f7e404ea75757b1b507b28b5ce4c53fbd62d797c5a7c?s=96&d=mm&r=g","caption":"Villasmil Henry"},"logo":{"@id":"https:\/\/secure.gravatar.com\/avatar\/bb0c4a2fcb7970138239f7e404ea75757b1b507b28b5ce4c53fbd62d797c5a7c?s=96&d=mm&r=g"},"sameAs":["http:\/\/www.henryvillasmil.com.ve","https:\/\/www.instagram.com\/villasmilhfoto\/","https:\/\/x.com\/https:\/\/twitter.com\/villasmilhfoto"],"url":"https:\/\/digital58.com.ve\/site\/author\/droopy_68\/"}]}},"uagb_featured_image_src":{"full":["https:\/\/digital58.com.ve\/site\/wp-content\/uploads\/2017\/07\/boda.jpg",800,534,false],"thumbnail":["https:\/\/digital58.com.ve\/site\/wp-content\/uploads\/2017\/07\/boda-150x150.jpg",150,150,true],"medium":["https:\/\/digital58.com.ve\/site\/wp-content\/uploads\/2017\/07\/boda-300x200.jpg",300,200,true],"medium_large":["https:\/\/digital58.com.ve\/site\/wp-content\/uploads\/2017\/07\/boda-768x512.jpg",768,512,true],"large":["https:\/\/digital58.com.ve\/site\/wp-content\/uploads\/2017\/07\/boda.jpg",800,534,false],"1536x1536":["https:\/\/digital58.com.ve\/site\/wp-content\/uploads\/2017\/07\/boda.jpg",800,534,false],"2048x2048":["https:\/\/digital58.com.ve\/site\/wp-content\/uploads\/2017\/07\/boda.jpg",800,534,false],"colormag-highlighted-post":["https:\/\/digital58.com.ve\/site\/wp-content\/uploads\/2017\/07\/boda.jpg",392,262,false],"colormag-featured-post-medium":["https:\/\/digital58.com.ve\/site\/wp-content\/uploads\/2017\/07\/boda.jpg",307,205,false],"colormag-featured-post-small":["https:\/\/digital58.com.ve\/site\/wp-content\/uploads\/2017\/07\/boda.jpg",130,87,false],"colormag-featured-image":["https:\/\/digital58.com.ve\/site\/wp-content\/uploads\/2017\/07\/boda.jpg",667,445,false],"colormag-default-news":["https:\/\/digital58.com.ve\/site\/wp-content\/uploads\/2017\/07\/boda.jpg",150,100,false],"colormag-featured-image-large":["https:\/\/digital58.com.ve\/site\/wp-content\/uploads\/2017\/07\/boda.jpg",800,534,false]},"uagb_author_info":{"display_name":"Villasmil Henry","author_link":"https:\/\/digital58.com.ve\/site\/author\/droopy_68\/"},"uagb_comment_info":0,"uagb_excerpt":"Venezuela sigue saltando fronteras, muchos venezolanos han destacado a nivel internacional dejando el nombre del pa\u00eds en alto, esta vez","_links":{"self":[{"href":"https:\/\/digital58.com.ve\/site\/wp-json\/wp\/v2\/posts\/67832","targetHints":{"allow":["GET"]}}],"collection":[{"href":"https:\/\/digital58.com.ve\/site\/wp-json\/wp\/v2\/posts"}],"about":[{"href":"https:\/\/digital58.com.ve\/site\/wp-json\/wp\/v2\/types\/post"}],"author":[{"embeddable":true,"href":"https:\/\/digital58.com.ve\/site\/wp-json\/wp\/v2\/users\/1"}],"replies":[{"embeddable":true,"href":"https:\/\/digital58.com.ve\/site\/wp-json\/wp\/v2\/comments?post=67832"}],"version-history":[{"count":0,"href":"https:\/\/digital58.com.ve\/site\/wp-json\/wp\/v2\/posts\/67832\/revisions"}],"wp:featuredmedia":[{"embeddable":true,"href":"https:\/\/digital58.com.ve\/site\/wp-json\/wp\/v2\/media\/67833"}],"wp:attachment":[{"href":"https:\/\/digital58.com.ve\/site\/wp-json\/wp\/v2\/media?parent=67832"}],"wp:term":[{"taxonomy":"category","embeddable":true,"href":"https:\/\/digital58.com.ve\/site\/wp-json\/wp\/v2\/categories?post=67832"},{"taxonomy":"post_tag","embeddable":true,"href":"https:\/\/digital58.com.ve\/site\/wp-json\/wp\/v2\/tags?post=67832"}],"curies":[{"name":"wp","href":"https:\/\/api.w.org\/{rel}","templated":true}]}}