{"id":67902,"date":"2017-07-20T18:48:30","date_gmt":"2017-07-20T22:48:30","guid":{"rendered":"http:\/\/digital58.com.ve\/site\/?p=67902"},"modified":"2017-07-20T18:48:30","modified_gmt":"2017-07-20T22:48:30","slug":"anabel-la-princesa-encantada-pasara-su-ultimo-fin-de-semana-en-el-celarg","status":"publish","type":"post","link":"https:\/\/digital58.com.ve\/site\/2017\/07\/20\/anabel-la-princesa-encantada-pasara-su-ultimo-fin-de-semana-en-el-celarg\/","title":{"rendered":"\u00abAnabel, la princesa encantada\u00bb pasar\u00e1 su \u00faltimo fin de semana en el Celarg"},"content":{"rendered":"<p><a href=\"http:\/\/digital58.com.ve\/site\/wp-content\/uploads\/2017\/07\/anabel-1.jpg\"><img loading=\"lazy\" decoding=\"async\" class=\"aligncenter wp-image-67903\" src=\"http:\/\/digital58.com.ve\/site\/wp-content\/uploads\/2017\/07\/anabel-1-683x1024.jpg\" alt=\"\" width=\"427\" height=\"640\" srcset=\"https:\/\/digital58.com.ve\/site\/wp-content\/uploads\/2017\/07\/anabel-1-683x1024.jpg 683w, https:\/\/digital58.com.ve\/site\/wp-content\/uploads\/2017\/07\/anabel-1-200x300.jpg 200w, https:\/\/digital58.com.ve\/site\/wp-content\/uploads\/2017\/07\/anabel-1.jpg 400w\" sizes=\"auto, (max-width: 427px) 100vw, 427px\" \/><\/a><\/p>\n<p>Despu\u00e9s del \u00e9xito obtenido, \u00abAnabel, la princesa encantada\u00bb, dirigida por el dramaturgo, actor y cineasta, Alejandro Bello, finalizar\u00e1 su temporada el pr\u00f3ximo 22 y 23 de julio a las 3:00 p.m., en la Sala 1 del Celarg.<\/p>\n<p><strong>Caracas, DC, Venezuela, 20 de julio de 2017 (D58).-<\/strong> La obra teatral interpretada por B\u00e1rbara S\u00e1nchez \u00abAmazing B\u00e1rbara\u00bb y Valentina De Abreu, cerrar\u00e1 su ciclo este fin de semana, 22 y 23 de julio, el la Sala 1 del Celarg.<\/p>\n<p>Una pieza teatral dirigida a grandes y peque\u00f1os que muestra, a pesar de las dificultades, el amor siempre triunfa.<\/p>\n<p>Los dem\u00e1s artistas que forman parte del elenco son: Asdr\u00fabal Blanco (\u00abAlejandro Guti\u00e9rrez\u00bb), Bethzabeth Contreras (bruja), Andr\u00e9s B\u00e1ez (pr\u00edncipe \u00abArturo\u00bb), Digber Enr\u00edquez D\u00e1vila (\u00abNicanor\u00bb), Claudia Su\u00e1rez (\u00abDiana\u00bb), Isabella Meser\u00f3n (\u00abMaggie\u00bb) y Aar\u00f3n Azancot (\u00abTom\u00bb).<\/p>\n<p>Con el \u00e9xito obtenido en su temporada, \u00abAnabel, la princesa encantada\u00bb repetir\u00e1 funci\u00f3n a partir del 05 de agosto hasta el 03 de octubre en el Urban Cupl\u00e9, todos los s\u00e1bados y domingos a las 2.00 de la tarde.<\/p>\n<p>Quienes deseen disfrutar de las \u00faltimas funciones de esta m\u00e1gica historia, puede acudir la Sala 1 del Celarg los pr\u00f3ximos 22 y 23 de julio, a las 3:00 p.m.<\/p>\n<p><strong>Redacci\u00f3n y fuente: Agencias<\/strong><br \/>\n<strong>Edici\u00f3n:<a href=\"https:\/\/www.instagram.com\/raquelsofiavera\/\" target=\"_blank\" rel=\"noopener\"> Vera, Raquel<\/a><\/strong><br \/>\n<strong>Fotos: Goolge<\/strong><\/p>\n<p><a href=\"http:\/\/digital58.com.ve\/site\/wp-content\/uploads\/2017\/07\/anabel-2.jpg\"><img loading=\"lazy\" decoding=\"async\" class=\"aligncenter wp-image-67904\" src=\"http:\/\/digital58.com.ve\/site\/wp-content\/uploads\/2017\/07\/anabel-2-683x1024.jpg\" alt=\"\" width=\"427\" height=\"640\" srcset=\"https:\/\/digital58.com.ve\/site\/wp-content\/uploads\/2017\/07\/anabel-2-683x1024.jpg 683w, https:\/\/digital58.com.ve\/site\/wp-content\/uploads\/2017\/07\/anabel-2-200x300.jpg 200w, https:\/\/digital58.com.ve\/site\/wp-content\/uploads\/2017\/07\/anabel-2.jpg 400w\" sizes=\"auto, (max-width: 427px) 100vw, 427px\" \/><\/a><\/p><div class=\"khbbn69f39e2e4b81a\" ><p style=\"text-align: center;\"><a href=\"https:\/\/t.me\/noticiasdigital58\" target=\"_blank\" rel=\"noopener\"><img class=\"aligncenter size-full wp-image-125363\" src=\"https:\/\/digital58.com.ve\/site\/wp-content\/uploads\/2021\/04\/banner-telegram-web-2021.png\" alt=\"\" width=\"600\" height=\"90\" \/><\/a><\/p><\/div><style type=\"text\/css\">\r\n@media screen and (min-width: 1201px) {\r\n.khbbn69f39e2e4b81a {\r\ndisplay: block;\r\n}\r\n}\r\n@media screen and (min-width: 993px) and (max-width: 1200px) {\r\n.khbbn69f39e2e4b81a {\r\ndisplay: block;\r\n}\r\n}\r\n@media screen and (min-width: 769px) and (max-width: 992px) {\r\n.khbbn69f39e2e4b81a {\r\ndisplay: block;\r\n}\r\n}\r\n@media screen and (min-width: 768px) and (max-width: 768px) {\r\n.khbbn69f39e2e4b81a {\r\ndisplay: block;\r\n}\r\n}\r\n@media screen and (max-width: 767px) {\r\n.khbbn69f39e2e4b81a {\r\ndisplay: block;\r\n}\r\n}\r\n<\/style>\r\n\n<p><a href=\"http:\/\/digital58.com.ve\/site\/wp-content\/uploads\/2017\/07\/anabel-3.jpg\"><img loading=\"lazy\" decoding=\"async\" class=\"aligncenter wp-image-67906\" src=\"http:\/\/digital58.com.ve\/site\/wp-content\/uploads\/2017\/07\/anabel-3-683x1024.jpg\" alt=\"\" width=\"427\" height=\"640\" srcset=\"https:\/\/digital58.com.ve\/site\/wp-content\/uploads\/2017\/07\/anabel-3-683x1024.jpg 683w, https:\/\/digital58.com.ve\/site\/wp-content\/uploads\/2017\/07\/anabel-3-200x300.jpg 200w, https:\/\/digital58.com.ve\/site\/wp-content\/uploads\/2017\/07\/anabel-3.jpg 400w\" sizes=\"auto, (max-width: 427px) 100vw, 427px\" \/><\/a><\/p>\n<div style=\"margin-top: 0px; margin-bottom: 0px;\" class=\"sharethis-inline-share-buttons\" ><\/div>","protected":false},"excerpt":{"rendered":"<p>Despu\u00e9s del \u00e9xito obtenido, \u00abAnabel, la princesa encantada\u00bb, dirigida por el dramaturgo, actor y cineasta, Alejandro Bello, finalizar\u00e1 su temporada<\/p>\n","protected":false},"author":1,"featured_media":67906,"comment_status":"open","ping_status":"closed","sticky":false,"template":"","format":"standard","meta":{"colormag_page_container_layout":"default_layout","colormag_page_sidebar_layout":"default_layout","_uag_custom_page_level_css":"","footnotes":""},"categories":[5411,5401],"tags":[8516,29,5179,8517,233,6012,96,7812,32],"class_list":["post-67902","post","type-post","status-publish","format-standard","has-post-thumbnail","hentry","category-donde_ir_caracas","category-artes","tag-anabel","tag-caracas","tag-celarg","tag-la-princesa-encantada","tag-nacionales","tag-obra-de-teatro","tag-teatro","tag-temporadas","tag-venezuela"],"yoast_head":"<!-- This site is optimized with the Yoast SEO plugin v27.5 - https:\/\/yoast.com\/product\/yoast-seo-wordpress\/ -->\n<title>\u00abAnabel, la princesa encantada\u00bb pasar\u00e1 su \u00faltimo fin de semana en el Celarg<\/title>\n<meta name=\"robots\" content=\"index, follow, max-snippet:-1, max-image-preview:large, max-video-preview:-1\" \/>\n<link rel=\"canonical\" href=\"https:\/\/digital58.com.ve\/site\/2017\/07\/20\/anabel-la-princesa-encantada-pasara-su-ultimo-fin-de-semana-en-el-celarg\/\" \/>\n<meta property=\"og:locale\" content=\"es_ES\" \/>\n<meta property=\"og:type\" content=\"article\" \/>\n<meta property=\"og:title\" content=\"\u00abAnabel, la princesa encantada\u00bb pasar\u00e1 su \u00faltimo fin de semana en el Celarg\" \/>\n<meta property=\"og:url\" content=\"https:\/\/digital58.com.ve\/site\/2017\/07\/20\/anabel-la-princesa-encantada-pasara-su-ultimo-fin-de-semana-en-el-celarg\/\" \/>\n<meta property=\"og:site_name\" content=\"Noticias Digital58\" \/>\n<meta property=\"article:published_time\" content=\"2017-07-20T22:48:30+00:00\" \/>\n<meta property=\"og:image\" content=\"https:\/\/digital58.com.ve\/site\/wp-content\/uploads\/2017\/07\/anabel-3.jpg\" \/>\n\t<meta property=\"og:image:width\" content=\"720\" \/>\n\t<meta property=\"og:image:height\" content=\"1080\" \/>\n\t<meta property=\"og:image:type\" content=\"image\/jpeg\" \/>\n<meta name=\"author\" content=\"Villasmil Henry\" \/>\n<meta name=\"twitter:card\" content=\"summary_large_image\" \/>\n<meta name=\"twitter:creator\" content=\"@https:\/\/twitter.com\/villasmilhfoto\" \/>\n<meta name=\"twitter:site\" content=\"@villasmilhfoto\" \/>\n<meta name=\"twitter:label1\" content=\"Escrito por\" \/>\n\t<meta name=\"twitter:data1\" content=\"Villasmil Henry\" \/>\n\t<meta name=\"twitter:label2\" content=\"Tiempo estimado de lectura\" \/>\n\t<meta name=\"twitter:data2\" content=\"1 minuto\" \/>\n<script type=\"application\/ld+json\" class=\"yoast-schema-graph\">{\"@context\":\"https:\\\/\\\/schema.org\",\"@graph\":[{\"@type\":\"Article\",\"@id\":\"https:\\\/\\\/digital58.com.ve\\\/site\\\/2017\\\/07\\\/20\\\/anabel-la-princesa-encantada-pasara-su-ultimo-fin-de-semana-en-el-celarg\\\/#article\",\"isPartOf\":{\"@id\":\"https:\\\/\\\/digital58.com.ve\\\/site\\\/2017\\\/07\\\/20\\\/anabel-la-princesa-encantada-pasara-su-ultimo-fin-de-semana-en-el-celarg\\\/\"},\"author\":{\"name\":\"Villasmil Henry\",\"@id\":\"https:\\\/\\\/digital58.com.ve\\\/site\\\/#\\\/schema\\\/person\\\/64d1c2e4d0d4fd1b849980c4331c2951\"},\"headline\":\"\u00abAnabel, la princesa encantada\u00bb pasar\u00e1 su \u00faltimo fin de semana en el Celarg\",\"datePublished\":\"2017-07-20T22:48:30+00:00\",\"mainEntityOfPage\":{\"@id\":\"https:\\\/\\\/digital58.com.ve\\\/site\\\/2017\\\/07\\\/20\\\/anabel-la-princesa-encantada-pasara-su-ultimo-fin-de-semana-en-el-celarg\\\/\"},\"wordCount\":230,\"commentCount\":0,\"publisher\":{\"@id\":\"https:\\\/\\\/digital58.com.ve\\\/site\\\/#\\\/schema\\\/person\\\/64d1c2e4d0d4fd1b849980c4331c2951\"},\"image\":{\"@id\":\"https:\\\/\\\/digital58.com.ve\\\/site\\\/2017\\\/07\\\/20\\\/anabel-la-princesa-encantada-pasara-su-ultimo-fin-de-semana-en-el-celarg\\\/#primaryimage\"},\"thumbnailUrl\":\"https:\\\/\\\/digital58.com.ve\\\/site\\\/wp-content\\\/uploads\\\/2017\\\/07\\\/anabel-3.jpg\",\"keywords\":[\"Anabel\",\"Caracas\",\"CELARG\",\"la princesa encantada\",\"Nacionales\",\"Obra de Teatro\",\"Teatro\",\"Temporadas\",\"Venezuela\"],\"articleSection\":[\"\u00bfD\u00f3nde ir Caracas?\",\"Artes\"],\"inLanguage\":\"es\",\"potentialAction\":[{\"@type\":\"CommentAction\",\"name\":\"Comment\",\"target\":[\"https:\\\/\\\/digital58.com.ve\\\/site\\\/2017\\\/07\\\/20\\\/anabel-la-princesa-encantada-pasara-su-ultimo-fin-de-semana-en-el-celarg\\\/#respond\"]}]},{\"@type\":\"WebPage\",\"@id\":\"https:\\\/\\\/digital58.com.ve\\\/site\\\/2017\\\/07\\\/20\\\/anabel-la-princesa-encantada-pasara-su-ultimo-fin-de-semana-en-el-celarg\\\/\",\"url\":\"https:\\\/\\\/digital58.com.ve\\\/site\\\/2017\\\/07\\\/20\\\/anabel-la-princesa-encantada-pasara-su-ultimo-fin-de-semana-en-el-celarg\\\/\",\"name\":\"\u00abAnabel, la princesa encantada\u00bb pasar\u00e1 su \u00faltimo fin de semana en el Celarg\",\"isPartOf\":{\"@id\":\"https:\\\/\\\/digital58.com.ve\\\/site\\\/#website\"},\"primaryImageOfPage\":{\"@id\":\"https:\\\/\\\/digital58.com.ve\\\/site\\\/2017\\\/07\\\/20\\\/anabel-la-princesa-encantada-pasara-su-ultimo-fin-de-semana-en-el-celarg\\\/#primaryimage\"},\"image\":{\"@id\":\"https:\\\/\\\/digital58.com.ve\\\/site\\\/2017\\\/07\\\/20\\\/anabel-la-princesa-encantada-pasara-su-ultimo-fin-de-semana-en-el-celarg\\\/#primaryimage\"},\"thumbnailUrl\":\"https:\\\/\\\/digital58.com.ve\\\/site\\\/wp-content\\\/uploads\\\/2017\\\/07\\\/anabel-3.jpg\",\"datePublished\":\"2017-07-20T22:48:30+00:00\",\"breadcrumb\":{\"@id\":\"https:\\\/\\\/digital58.com.ve\\\/site\\\/2017\\\/07\\\/20\\\/anabel-la-princesa-encantada-pasara-su-ultimo-fin-de-semana-en-el-celarg\\\/#breadcrumb\"},\"inLanguage\":\"es\",\"potentialAction\":[{\"@type\":\"ReadAction\",\"target\":[\"https:\\\/\\\/digital58.com.ve\\\/site\\\/2017\\\/07\\\/20\\\/anabel-la-princesa-encantada-pasara-su-ultimo-fin-de-semana-en-el-celarg\\\/\"]}]},{\"@type\":\"ImageObject\",\"inLanguage\":\"es\",\"@id\":\"https:\\\/\\\/digital58.com.ve\\\/site\\\/2017\\\/07\\\/20\\\/anabel-la-princesa-encantada-pasara-su-ultimo-fin-de-semana-en-el-celarg\\\/#primaryimage\",\"url\":\"https:\\\/\\\/digital58.com.ve\\\/site\\\/wp-content\\\/uploads\\\/2017\\\/07\\\/anabel-3.jpg\",\"contentUrl\":\"https:\\\/\\\/digital58.com.ve\\\/site\\\/wp-content\\\/uploads\\\/2017\\\/07\\\/anabel-3.jpg\",\"width\":400,\"height\":600},{\"@type\":\"BreadcrumbList\",\"@id\":\"https:\\\/\\\/digital58.com.ve\\\/site\\\/2017\\\/07\\\/20\\\/anabel-la-princesa-encantada-pasara-su-ultimo-fin-de-semana-en-el-celarg\\\/#breadcrumb\",\"itemListElement\":[{\"@type\":\"ListItem\",\"position\":1,\"name\":\"Home\",\"item\":\"https:\\\/\\\/digital58.com.ve\\\/site\\\/\"},{\"@type\":\"ListItem\",\"position\":2,\"name\":\"\u00abAnabel, la princesa encantada\u00bb pasar\u00e1 su \u00faltimo fin de semana en el Celarg\"}]},{\"@type\":\"WebSite\",\"@id\":\"https:\\\/\\\/digital58.com.ve\\\/site\\\/#website\",\"url\":\"https:\\\/\\\/digital58.com.ve\\\/site\\\/\",\"name\":\"Noticias Digital58\",\"description\":\"Portal de Noticias \u00a1Periodismo web de verdad! Lanzamiento web 22.11.2005 \\\/ Maracaibo, Venezuela\",\"publisher\":{\"@id\":\"https:\\\/\\\/digital58.com.ve\\\/site\\\/#\\\/schema\\\/person\\\/64d1c2e4d0d4fd1b849980c4331c2951\"},\"alternateName\":\"ND58\",\"potentialAction\":[{\"@type\":\"SearchAction\",\"target\":{\"@type\":\"EntryPoint\",\"urlTemplate\":\"https:\\\/\\\/digital58.com.ve\\\/site\\\/?s={search_term_string}\"},\"query-input\":{\"@type\":\"PropertyValueSpecification\",\"valueRequired\":true,\"valueName\":\"search_term_string\"}}],\"inLanguage\":\"es\"},{\"@type\":[\"Person\",\"Organization\"],\"@id\":\"https:\\\/\\\/digital58.com.ve\\\/site\\\/#\\\/schema\\\/person\\\/64d1c2e4d0d4fd1b849980c4331c2951\",\"name\":\"Villasmil Henry\",\"image\":{\"@type\":\"ImageObject\",\"inLanguage\":\"es\",\"@id\":\"https:\\\/\\\/secure.gravatar.com\\\/avatar\\\/bb0c4a2fcb7970138239f7e404ea75757b1b507b28b5ce4c53fbd62d797c5a7c?s=96&d=mm&r=g\",\"url\":\"https:\\\/\\\/secure.gravatar.com\\\/avatar\\\/bb0c4a2fcb7970138239f7e404ea75757b1b507b28b5ce4c53fbd62d797c5a7c?s=96&d=mm&r=g\",\"contentUrl\":\"https:\\\/\\\/secure.gravatar.com\\\/avatar\\\/bb0c4a2fcb7970138239f7e404ea75757b1b507b28b5ce4c53fbd62d797c5a7c?s=96&d=mm&r=g\",\"caption\":\"Villasmil Henry\"},\"logo\":{\"@id\":\"https:\\\/\\\/secure.gravatar.com\\\/avatar\\\/bb0c4a2fcb7970138239f7e404ea75757b1b507b28b5ce4c53fbd62d797c5a7c?s=96&d=mm&r=g\"},\"sameAs\":[\"http:\\\/\\\/www.henryvillasmil.com.ve\",\"https:\\\/\\\/www.instagram.com\\\/villasmilhfoto\\\/\",\"https:\\\/\\\/x.com\\\/https:\\\/\\\/twitter.com\\\/villasmilhfoto\"],\"url\":\"https:\\\/\\\/digital58.com.ve\\\/site\\\/author\\\/droopy_68\\\/\"}]}<\/script>\n<!-- \/ Yoast SEO plugin. -->","yoast_head_json":{"title":"\u00abAnabel, la princesa encantada\u00bb pasar\u00e1 su \u00faltimo fin de semana en el Celarg","robots":{"index":"index","follow":"follow","max-snippet":"max-snippet:-1","max-image-preview":"max-image-preview:large","max-video-preview":"max-video-preview:-1"},"canonical":"https:\/\/digital58.com.ve\/site\/2017\/07\/20\/anabel-la-princesa-encantada-pasara-su-ultimo-fin-de-semana-en-el-celarg\/","og_locale":"es_ES","og_type":"article","og_title":"\u00abAnabel, la princesa encantada\u00bb pasar\u00e1 su \u00faltimo fin de semana en el Celarg","og_url":"https:\/\/digital58.com.ve\/site\/2017\/07\/20\/anabel-la-princesa-encantada-pasara-su-ultimo-fin-de-semana-en-el-celarg\/","og_site_name":"Noticias Digital58","article_published_time":"2017-07-20T22:48:30+00:00","og_image":[{"width":720,"height":1080,"url":"https:\/\/digital58.com.ve\/site\/wp-content\/uploads\/2017\/07\/anabel-3.jpg","type":"image\/jpeg"}],"author":"Villasmil Henry","twitter_card":"summary_large_image","twitter_creator":"@https:\/\/twitter.com\/villasmilhfoto","twitter_site":"@villasmilhfoto","twitter_misc":{"Escrito por":"Villasmil Henry","Tiempo estimado de lectura":"1 minuto"},"schema":{"@context":"https:\/\/schema.org","@graph":[{"@type":"Article","@id":"https:\/\/digital58.com.ve\/site\/2017\/07\/20\/anabel-la-princesa-encantada-pasara-su-ultimo-fin-de-semana-en-el-celarg\/#article","isPartOf":{"@id":"https:\/\/digital58.com.ve\/site\/2017\/07\/20\/anabel-la-princesa-encantada-pasara-su-ultimo-fin-de-semana-en-el-celarg\/"},"author":{"name":"Villasmil Henry","@id":"https:\/\/digital58.com.ve\/site\/#\/schema\/person\/64d1c2e4d0d4fd1b849980c4331c2951"},"headline":"\u00abAnabel, la princesa encantada\u00bb pasar\u00e1 su \u00faltimo fin de semana en el Celarg","datePublished":"2017-07-20T22:48:30+00:00","mainEntityOfPage":{"@id":"https:\/\/digital58.com.ve\/site\/2017\/07\/20\/anabel-la-princesa-encantada-pasara-su-ultimo-fin-de-semana-en-el-celarg\/"},"wordCount":230,"commentCount":0,"publisher":{"@id":"https:\/\/digital58.com.ve\/site\/#\/schema\/person\/64d1c2e4d0d4fd1b849980c4331c2951"},"image":{"@id":"https:\/\/digital58.com.ve\/site\/2017\/07\/20\/anabel-la-princesa-encantada-pasara-su-ultimo-fin-de-semana-en-el-celarg\/#primaryimage"},"thumbnailUrl":"https:\/\/digital58.com.ve\/site\/wp-content\/uploads\/2017\/07\/anabel-3.jpg","keywords":["Anabel","Caracas","CELARG","la princesa encantada","Nacionales","Obra de Teatro","Teatro","Temporadas","Venezuela"],"articleSection":["\u00bfD\u00f3nde ir Caracas?","Artes"],"inLanguage":"es","potentialAction":[{"@type":"CommentAction","name":"Comment","target":["https:\/\/digital58.com.ve\/site\/2017\/07\/20\/anabel-la-princesa-encantada-pasara-su-ultimo-fin-de-semana-en-el-celarg\/#respond"]}]},{"@type":"WebPage","@id":"https:\/\/digital58.com.ve\/site\/2017\/07\/20\/anabel-la-princesa-encantada-pasara-su-ultimo-fin-de-semana-en-el-celarg\/","url":"https:\/\/digital58.com.ve\/site\/2017\/07\/20\/anabel-la-princesa-encantada-pasara-su-ultimo-fin-de-semana-en-el-celarg\/","name":"\u00abAnabel, la princesa encantada\u00bb pasar\u00e1 su \u00faltimo fin de semana en el Celarg","isPartOf":{"@id":"https:\/\/digital58.com.ve\/site\/#website"},"primaryImageOfPage":{"@id":"https:\/\/digital58.com.ve\/site\/2017\/07\/20\/anabel-la-princesa-encantada-pasara-su-ultimo-fin-de-semana-en-el-celarg\/#primaryimage"},"image":{"@id":"https:\/\/digital58.com.ve\/site\/2017\/07\/20\/anabel-la-princesa-encantada-pasara-su-ultimo-fin-de-semana-en-el-celarg\/#primaryimage"},"thumbnailUrl":"https:\/\/digital58.com.ve\/site\/wp-content\/uploads\/2017\/07\/anabel-3.jpg","datePublished":"2017-07-20T22:48:30+00:00","breadcrumb":{"@id":"https:\/\/digital58.com.ve\/site\/2017\/07\/20\/anabel-la-princesa-encantada-pasara-su-ultimo-fin-de-semana-en-el-celarg\/#breadcrumb"},"inLanguage":"es","potentialAction":[{"@type":"ReadAction","target":["https:\/\/digital58.com.ve\/site\/2017\/07\/20\/anabel-la-princesa-encantada-pasara-su-ultimo-fin-de-semana-en-el-celarg\/"]}]},{"@type":"ImageObject","inLanguage":"es","@id":"https:\/\/digital58.com.ve\/site\/2017\/07\/20\/anabel-la-princesa-encantada-pasara-su-ultimo-fin-de-semana-en-el-celarg\/#primaryimage","url":"https:\/\/digital58.com.ve\/site\/wp-content\/uploads\/2017\/07\/anabel-3.jpg","contentUrl":"https:\/\/digital58.com.ve\/site\/wp-content\/uploads\/2017\/07\/anabel-3.jpg","width":400,"height":600},{"@type":"BreadcrumbList","@id":"https:\/\/digital58.com.ve\/site\/2017\/07\/20\/anabel-la-princesa-encantada-pasara-su-ultimo-fin-de-semana-en-el-celarg\/#breadcrumb","itemListElement":[{"@type":"ListItem","position":1,"name":"Home","item":"https:\/\/digital58.com.ve\/site\/"},{"@type":"ListItem","position":2,"name":"\u00abAnabel, la princesa encantada\u00bb pasar\u00e1 su \u00faltimo fin de semana en el Celarg"}]},{"@type":"WebSite","@id":"https:\/\/digital58.com.ve\/site\/#website","url":"https:\/\/digital58.com.ve\/site\/","name":"Noticias Digital58","description":"Portal de Noticias \u00a1Periodismo web de verdad! Lanzamiento web 22.11.2005 \/ Maracaibo, Venezuela","publisher":{"@id":"https:\/\/digital58.com.ve\/site\/#\/schema\/person\/64d1c2e4d0d4fd1b849980c4331c2951"},"alternateName":"ND58","potentialAction":[{"@type":"SearchAction","target":{"@type":"EntryPoint","urlTemplate":"https:\/\/digital58.com.ve\/site\/?s={search_term_string}"},"query-input":{"@type":"PropertyValueSpecification","valueRequired":true,"valueName":"search_term_string"}}],"inLanguage":"es"},{"@type":["Person","Organization"],"@id":"https:\/\/digital58.com.ve\/site\/#\/schema\/person\/64d1c2e4d0d4fd1b849980c4331c2951","name":"Villasmil Henry","image":{"@type":"ImageObject","inLanguage":"es","@id":"https:\/\/secure.gravatar.com\/avatar\/bb0c4a2fcb7970138239f7e404ea75757b1b507b28b5ce4c53fbd62d797c5a7c?s=96&d=mm&r=g","url":"https:\/\/secure.gravatar.com\/avatar\/bb0c4a2fcb7970138239f7e404ea75757b1b507b28b5ce4c53fbd62d797c5a7c?s=96&d=mm&r=g","contentUrl":"https:\/\/secure.gravatar.com\/avatar\/bb0c4a2fcb7970138239f7e404ea75757b1b507b28b5ce4c53fbd62d797c5a7c?s=96&d=mm&r=g","caption":"Villasmil Henry"},"logo":{"@id":"https:\/\/secure.gravatar.com\/avatar\/bb0c4a2fcb7970138239f7e404ea75757b1b507b28b5ce4c53fbd62d797c5a7c?s=96&d=mm&r=g"},"sameAs":["http:\/\/www.henryvillasmil.com.ve","https:\/\/www.instagram.com\/villasmilhfoto\/","https:\/\/x.com\/https:\/\/twitter.com\/villasmilhfoto"],"url":"https:\/\/digital58.com.ve\/site\/author\/droopy_68\/"}]}},"uagb_featured_image_src":{"full":["https:\/\/digital58.com.ve\/site\/wp-content\/uploads\/2017\/07\/anabel-3.jpg",400,600,false],"thumbnail":["https:\/\/digital58.com.ve\/site\/wp-content\/uploads\/2017\/07\/anabel-3-150x150.jpg",150,150,true],"medium":["https:\/\/digital58.com.ve\/site\/wp-content\/uploads\/2017\/07\/anabel-3-200x300.jpg",200,300,true],"medium_large":["https:\/\/digital58.com.ve\/site\/wp-content\/uploads\/2017\/07\/anabel-3.jpg",400,600,false],"large":["https:\/\/digital58.com.ve\/site\/wp-content\/uploads\/2017\/07\/anabel-3-683x1024.jpg",667,1000,true],"1536x1536":["https:\/\/digital58.com.ve\/site\/wp-content\/uploads\/2017\/07\/anabel-3.jpg",400,600,false],"2048x2048":["https:\/\/digital58.com.ve\/site\/wp-content\/uploads\/2017\/07\/anabel-3.jpg",400,600,false],"colormag-highlighted-post":["https:\/\/digital58.com.ve\/site\/wp-content\/uploads\/2017\/07\/anabel-3.jpg",181,272,false],"colormag-featured-post-medium":["https:\/\/digital58.com.ve\/site\/wp-content\/uploads\/2017\/07\/anabel-3.jpg",137,205,false],"colormag-featured-post-small":["https:\/\/digital58.com.ve\/site\/wp-content\/uploads\/2017\/07\/anabel-3.jpg",60,90,false],"colormag-featured-image":["https:\/\/digital58.com.ve\/site\/wp-content\/uploads\/2017\/07\/anabel-3.jpg",297,445,false],"colormag-default-news":["https:\/\/digital58.com.ve\/site\/wp-content\/uploads\/2017\/07\/anabel-3.jpg",100,150,false],"colormag-featured-image-large":["https:\/\/digital58.com.ve\/site\/wp-content\/uploads\/2017\/07\/anabel-3.jpg",400,600,false]},"uagb_author_info":{"display_name":"Villasmil Henry","author_link":"https:\/\/digital58.com.ve\/site\/author\/droopy_68\/"},"uagb_comment_info":0,"uagb_excerpt":"Despu\u00e9s del \u00e9xito obtenido, \u00abAnabel, la princesa encantada\u00bb, dirigida por el dramaturgo, actor y cineasta, Alejandro Bello, finalizar\u00e1 su temporada","_links":{"self":[{"href":"https:\/\/digital58.com.ve\/site\/wp-json\/wp\/v2\/posts\/67902","targetHints":{"allow":["GET"]}}],"collection":[{"href":"https:\/\/digital58.com.ve\/site\/wp-json\/wp\/v2\/posts"}],"about":[{"href":"https:\/\/digital58.com.ve\/site\/wp-json\/wp\/v2\/types\/post"}],"author":[{"embeddable":true,"href":"https:\/\/digital58.com.ve\/site\/wp-json\/wp\/v2\/users\/1"}],"replies":[{"embeddable":true,"href":"https:\/\/digital58.com.ve\/site\/wp-json\/wp\/v2\/comments?post=67902"}],"version-history":[{"count":0,"href":"https:\/\/digital58.com.ve\/site\/wp-json\/wp\/v2\/posts\/67902\/revisions"}],"wp:featuredmedia":[{"embeddable":true,"href":"https:\/\/digital58.com.ve\/site\/wp-json\/wp\/v2\/media\/67906"}],"wp:attachment":[{"href":"https:\/\/digital58.com.ve\/site\/wp-json\/wp\/v2\/media?parent=67902"}],"wp:term":[{"taxonomy":"category","embeddable":true,"href":"https:\/\/digital58.com.ve\/site\/wp-json\/wp\/v2\/categories?post=67902"},{"taxonomy":"post_tag","embeddable":true,"href":"https:\/\/digital58.com.ve\/site\/wp-json\/wp\/v2\/tags?post=67902"}],"curies":[{"name":"wp","href":"https:\/\/api.w.org\/{rel}","templated":true}]}}