{"id":67938,"date":"2017-07-22T12:36:20","date_gmt":"2017-07-22T16:36:20","guid":{"rendered":"http:\/\/digital58.com.ve\/site\/?p=67938"},"modified":"2017-07-22T12:37:06","modified_gmt":"2017-07-22T16:37:06","slug":"comic-con-2017-estrenaron-trailer-extendido-del-segundo-capitulo-de-juegos-de-tronos","status":"publish","type":"post","link":"https:\/\/digital58.com.ve\/site\/2017\/07\/22\/comic-con-2017-estrenaron-trailer-extendido-del-segundo-capitulo-de-juegos-de-tronos\/","title":{"rendered":"Comic-Con 2017: Estrenaron tr\u00e1iler extendido del segundo cap\u00edtulo de \u00abJuegos de Tronos\u00bb"},"content":{"rendered":"<p><a href=\"http:\/\/digital58.com.ve\/site\/wp-content\/uploads\/2017\/07\/GOT.jpg\"><img loading=\"lazy\" decoding=\"async\" class=\"aligncenter wp-image-67939\" src=\"http:\/\/digital58.com.ve\/site\/wp-content\/uploads\/2017\/07\/GOT.jpg\" alt=\"\" width=\"640\" height=\"257\" srcset=\"https:\/\/digital58.com.ve\/site\/wp-content\/uploads\/2017\/07\/GOT.jpg 800w, https:\/\/digital58.com.ve\/site\/wp-content\/uploads\/2017\/07\/GOT-300x120.jpg 300w, https:\/\/digital58.com.ve\/site\/wp-content\/uploads\/2017\/07\/GOT-768x308.jpg 768w\" sizes=\"auto, (max-width: 640px) 100vw, 640px\" \/><\/a><\/p>\n<p>El pr\u00f3ximo 24 de julio, por HBO estar\u00e1 llegando el segundo capitulo de la s\u00e9ptima temporada de \u00abJuegos de Tronos\u00bb y, durante la Comic-Con 2017 en San Diego, han revelado un adelanto atendido de esta segunda entrega, t\u00edtulada \u00abStormborn\u00bb.<\/p>\n<p><strong>San Diego, California, USA, 22 de julio de 2017 (D58).-<\/strong> Este viernes, 21 de julio, luego del tan esperado primer avance de la octava temporada de \u00abThe Walking Dead\u00bb, HBO ha publicado tambi\u00e9n, un adelanto con respecto al segundo capitulo de \u00abJuegos de Tronos\u00bb.<\/p>\n<p>En el adelanto, que puedes ver al final de la nota, vemos c\u00f3mo \u00abRandyll Tarly\u00bb, el padre de \u00abSam\u00bb, conoce a nada menos que a \u00abCersei\u00bb. \u00abEuron\u00bb recorriendo las calles de \u00abDesembarco del Rey\u00bb y lo m\u00e1s importante, \u00abMelisandre\u00bb conoce a \u00abDaenerys\u00bb.<\/p>\n<p>Sipnosis oficial:<\/p>\n<p>\u00abDaenerys\u00bb recibe un visitante inesperado. \u00abJon\u00bb se enfrenta a una revuelta. \u00abTyrion\u00bb planea la conquista de \u00abPoniente\u00bb.<\/p>\n<p>Este nuevo cap\u00edtulo se estrenar\u00e1 el 23 de julio por HBO.<\/p>\n<p style=\"text-align: center;\"><div class=\"lyte-wrapper\" style=\"width:640px;max-width:100%;margin:5px auto;\"><div class=\"lyMe\" id=\"WYL_4ZVMIdu9t-k\"><div id=\"lyte_4ZVMIdu9t-k\" data-src=\"\/\/i.ytimg.com\/vi\/4ZVMIdu9t-k\/hqdefault.jpg\" class=\"pL\"><div class=\"tC\"><div class=\"tT\"><\/div><\/div><div class=\"play\"><\/div><div class=\"ctrl\"><div class=\"Lctrl\"><\/div><div class=\"Rctrl\"><\/div><\/div><\/div><noscript><a href=\"https:\/\/youtu.be\/4ZVMIdu9t-k\" rel=\"nofollow\"><img loading=\"lazy\" decoding=\"async\" src=\"https:\/\/i.ytimg.com\/vi\/4ZVMIdu9t-k\/0.jpg\" alt=\"YouTube video thumbnail\" width=\"640\" height=\"340\" \/><br \/>Ver este video en YouTube<\/a><\/noscript><\/div><\/div><div class=\"lL\" style=\"max-width:100%;width:640px;margin:5px auto;\"><\/div><\/p><div class=\"qzrwh69f5a3f2d5c3b\" ><p style=\"text-align: center;\"><a href=\"https:\/\/t.me\/noticiasdigital58\" target=\"_blank\" rel=\"noopener\"><img class=\"aligncenter size-full wp-image-125363\" src=\"https:\/\/digital58.com.ve\/site\/wp-content\/uploads\/2021\/04\/banner-telegram-web-2021.png\" alt=\"\" width=\"600\" height=\"90\" \/><\/a><\/p><\/div><style type=\"text\/css\">\r\n@media screen and (min-width: 1201px) {\r\n.qzrwh69f5a3f2d5c3b {\r\ndisplay: block;\r\n}\r\n}\r\n@media screen and (min-width: 993px) and (max-width: 1200px) {\r\n.qzrwh69f5a3f2d5c3b {\r\ndisplay: block;\r\n}\r\n}\r\n@media screen and (min-width: 769px) and (max-width: 992px) {\r\n.qzrwh69f5a3f2d5c3b {\r\ndisplay: block;\r\n}\r\n}\r\n@media screen and (min-width: 768px) and (max-width: 768px) {\r\n.qzrwh69f5a3f2d5c3b {\r\ndisplay: block;\r\n}\r\n}\r\n@media screen and (max-width: 767px) {\r\n.qzrwh69f5a3f2d5c3b {\r\ndisplay: block;\r\n}\r\n}\r\n<\/style>\r\n\n<p><strong>Fuente: Agencias<\/strong><br \/>\n<strong>Redacci\u00f3n: <a href=\"https:\/\/www.instagram.com\/raquelsofiavera\/\" target=\"_blank\" rel=\"noopener\">Vera, Raquel<\/a><\/strong><br \/>\n<strong>Foto: Google<\/strong><\/p>\n<div style=\"margin-top: 0px; margin-bottom: 0px;\" class=\"sharethis-inline-share-buttons\" ><\/div>","protected":false},"excerpt":{"rendered":"<p>El pr\u00f3ximo 24 de julio, por HBO estar\u00e1 llegando el segundo capitulo de la s\u00e9ptima temporada de \u00abJuegos de Tronos\u00bb<\/p>\n","protected":false},"author":1,"featured_media":67939,"comment_status":"open","ping_status":"closed","sticky":false,"template":"","format":"standard","meta":{"colormag_page_container_layout":"default_layout","colormag_page_sidebar_layout":"default_layout","_uag_custom_page_level_css":"","footnotes":""},"categories":[1],"tags":[8530,8509,51,2752,8,1307,8510,5847,7812,8529,126],"class_list":["post-67938","post","type-post","status-publish","format-standard","has-post-thumbnail","hentry","category-fama","tag-capitulos","tag-comic-con-2017","tag-estrenos","tag-hbo","tag-internacionales","tag-juego-de-tronos","tag-san-diego","tag-television","tag-temporadas","tag-traliers","tag-usa"],"yoast_head":"<!-- This site is optimized with the Yoast SEO plugin v27.5 - https:\/\/yoast.com\/product\/yoast-seo-wordpress\/ -->\n<title>Comic-Con 2017: Estrenaron tr\u00e1iler extendido del segundo cap\u00edtulo de \u00abJuegos de Tronos\u00bb<\/title>\n<meta name=\"robots\" content=\"index, follow, max-snippet:-1, max-image-preview:large, max-video-preview:-1\" \/>\n<link rel=\"canonical\" href=\"https:\/\/digital58.com.ve\/site\/2017\/07\/22\/comic-con-2017-estrenaron-trailer-extendido-del-segundo-capitulo-de-juegos-de-tronos\/\" \/>\n<meta property=\"og:locale\" content=\"es_ES\" \/>\n<meta property=\"og:type\" content=\"article\" \/>\n<meta property=\"og:title\" content=\"Comic-Con 2017: Estrenaron tr\u00e1iler extendido del segundo cap\u00edtulo de \u00abJuegos de Tronos\u00bb\" \/>\n<meta property=\"og:url\" content=\"https:\/\/digital58.com.ve\/site\/2017\/07\/22\/comic-con-2017-estrenaron-trailer-extendido-del-segundo-capitulo-de-juegos-de-tronos\/\" \/>\n<meta property=\"og:site_name\" content=\"Noticias Digital58\" \/>\n<meta property=\"article:published_time\" content=\"2017-07-22T16:36:20+00:00\" \/>\n<meta property=\"article:modified_time\" content=\"2017-07-22T16:37:06+00:00\" \/>\n<meta property=\"og:image\" content=\"https:\/\/digital58.com.ve\/site\/wp-content\/uploads\/2017\/07\/GOT.jpg\" \/>\n\t<meta property=\"og:image:width\" content=\"1024\" \/>\n\t<meta property=\"og:image:height\" content=\"411\" \/>\n\t<meta property=\"og:image:type\" content=\"image\/jpeg\" \/>\n<meta name=\"author\" content=\"Villasmil Henry\" \/>\n<meta name=\"twitter:card\" content=\"summary_large_image\" \/>\n<meta name=\"twitter:creator\" content=\"@https:\/\/twitter.com\/villasmilhfoto\" \/>\n<meta name=\"twitter:site\" content=\"@villasmilhfoto\" \/>\n<meta name=\"twitter:label1\" content=\"Escrito por\" \/>\n\t<meta name=\"twitter:data1\" content=\"Villasmil Henry\" \/>\n\t<meta name=\"twitter:label2\" content=\"Tiempo estimado de lectura\" \/>\n\t<meta name=\"twitter:data2\" content=\"1 minuto\" \/>\n<script type=\"application\/ld+json\" class=\"yoast-schema-graph\">{\"@context\":\"https:\\\/\\\/schema.org\",\"@graph\":[{\"@type\":\"Article\",\"@id\":\"https:\\\/\\\/digital58.com.ve\\\/site\\\/2017\\\/07\\\/22\\\/comic-con-2017-estrenaron-trailer-extendido-del-segundo-capitulo-de-juegos-de-tronos\\\/#article\",\"isPartOf\":{\"@id\":\"https:\\\/\\\/digital58.com.ve\\\/site\\\/2017\\\/07\\\/22\\\/comic-con-2017-estrenaron-trailer-extendido-del-segundo-capitulo-de-juegos-de-tronos\\\/\"},\"author\":{\"name\":\"Villasmil Henry\",\"@id\":\"https:\\\/\\\/digital58.com.ve\\\/site\\\/#\\\/schema\\\/person\\\/64d1c2e4d0d4fd1b849980c4331c2951\"},\"headline\":\"Comic-Con 2017: Estrenaron tr\u00e1iler extendido del segundo cap\u00edtulo de \u00abJuegos de Tronos\u00bb\",\"datePublished\":\"2017-07-22T16:36:20+00:00\",\"dateModified\":\"2017-07-22T16:37:06+00:00\",\"mainEntityOfPage\":{\"@id\":\"https:\\\/\\\/digital58.com.ve\\\/site\\\/2017\\\/07\\\/22\\\/comic-con-2017-estrenaron-trailer-extendido-del-segundo-capitulo-de-juegos-de-tronos\\\/\"},\"wordCount\":178,\"commentCount\":0,\"publisher\":{\"@id\":\"https:\\\/\\\/digital58.com.ve\\\/site\\\/#\\\/schema\\\/person\\\/64d1c2e4d0d4fd1b849980c4331c2951\"},\"image\":{\"@id\":\"https:\\\/\\\/digital58.com.ve\\\/site\\\/2017\\\/07\\\/22\\\/comic-con-2017-estrenaron-trailer-extendido-del-segundo-capitulo-de-juegos-de-tronos\\\/#primaryimage\"},\"thumbnailUrl\":\"https:\\\/\\\/digital58.com.ve\\\/site\\\/wp-content\\\/uploads\\\/2017\\\/07\\\/GOT.jpg\",\"keywords\":[\"Cap\u00edtulos\",\"Comic-Con 2017\",\"Estrenos\",\"HBO\",\"Internacionales\",\"Juego de Tronos\",\"San Diego\",\"televisi\u00f3n\",\"Temporadas\",\"Tr\u00e1liers\",\"USA\"],\"articleSection\":[\"Fama\"],\"inLanguage\":\"es\",\"potentialAction\":[{\"@type\":\"CommentAction\",\"name\":\"Comment\",\"target\":[\"https:\\\/\\\/digital58.com.ve\\\/site\\\/2017\\\/07\\\/22\\\/comic-con-2017-estrenaron-trailer-extendido-del-segundo-capitulo-de-juegos-de-tronos\\\/#respond\"]}]},{\"@type\":\"WebPage\",\"@id\":\"https:\\\/\\\/digital58.com.ve\\\/site\\\/2017\\\/07\\\/22\\\/comic-con-2017-estrenaron-trailer-extendido-del-segundo-capitulo-de-juegos-de-tronos\\\/\",\"url\":\"https:\\\/\\\/digital58.com.ve\\\/site\\\/2017\\\/07\\\/22\\\/comic-con-2017-estrenaron-trailer-extendido-del-segundo-capitulo-de-juegos-de-tronos\\\/\",\"name\":\"Comic-Con 2017: Estrenaron tr\u00e1iler extendido del segundo cap\u00edtulo de \u00abJuegos de Tronos\u00bb\",\"isPartOf\":{\"@id\":\"https:\\\/\\\/digital58.com.ve\\\/site\\\/#website\"},\"primaryImageOfPage\":{\"@id\":\"https:\\\/\\\/digital58.com.ve\\\/site\\\/2017\\\/07\\\/22\\\/comic-con-2017-estrenaron-trailer-extendido-del-segundo-capitulo-de-juegos-de-tronos\\\/#primaryimage\"},\"image\":{\"@id\":\"https:\\\/\\\/digital58.com.ve\\\/site\\\/2017\\\/07\\\/22\\\/comic-con-2017-estrenaron-trailer-extendido-del-segundo-capitulo-de-juegos-de-tronos\\\/#primaryimage\"},\"thumbnailUrl\":\"https:\\\/\\\/digital58.com.ve\\\/site\\\/wp-content\\\/uploads\\\/2017\\\/07\\\/GOT.jpg\",\"datePublished\":\"2017-07-22T16:36:20+00:00\",\"dateModified\":\"2017-07-22T16:37:06+00:00\",\"breadcrumb\":{\"@id\":\"https:\\\/\\\/digital58.com.ve\\\/site\\\/2017\\\/07\\\/22\\\/comic-con-2017-estrenaron-trailer-extendido-del-segundo-capitulo-de-juegos-de-tronos\\\/#breadcrumb\"},\"inLanguage\":\"es\",\"potentialAction\":[{\"@type\":\"ReadAction\",\"target\":[\"https:\\\/\\\/digital58.com.ve\\\/site\\\/2017\\\/07\\\/22\\\/comic-con-2017-estrenaron-trailer-extendido-del-segundo-capitulo-de-juegos-de-tronos\\\/\"]}]},{\"@type\":\"ImageObject\",\"inLanguage\":\"es\",\"@id\":\"https:\\\/\\\/digital58.com.ve\\\/site\\\/2017\\\/07\\\/22\\\/comic-con-2017-estrenaron-trailer-extendido-del-segundo-capitulo-de-juegos-de-tronos\\\/#primaryimage\",\"url\":\"https:\\\/\\\/digital58.com.ve\\\/site\\\/wp-content\\\/uploads\\\/2017\\\/07\\\/GOT.jpg\",\"contentUrl\":\"https:\\\/\\\/digital58.com.ve\\\/site\\\/wp-content\\\/uploads\\\/2017\\\/07\\\/GOT.jpg\",\"width\":800,\"height\":321},{\"@type\":\"BreadcrumbList\",\"@id\":\"https:\\\/\\\/digital58.com.ve\\\/site\\\/2017\\\/07\\\/22\\\/comic-con-2017-estrenaron-trailer-extendido-del-segundo-capitulo-de-juegos-de-tronos\\\/#breadcrumb\",\"itemListElement\":[{\"@type\":\"ListItem\",\"position\":1,\"name\":\"Home\",\"item\":\"https:\\\/\\\/digital58.com.ve\\\/site\\\/\"},{\"@type\":\"ListItem\",\"position\":2,\"name\":\"Comic-Con 2017: Estrenaron tr\u00e1iler extendido del segundo cap\u00edtulo de \u00abJuegos de Tronos\u00bb\"}]},{\"@type\":\"WebSite\",\"@id\":\"https:\\\/\\\/digital58.com.ve\\\/site\\\/#website\",\"url\":\"https:\\\/\\\/digital58.com.ve\\\/site\\\/\",\"name\":\"Noticias Digital58\",\"description\":\"Portal de Noticias \u00a1Periodismo web de verdad! Lanzamiento web 22.11.2005 \\\/ Maracaibo, Venezuela\",\"publisher\":{\"@id\":\"https:\\\/\\\/digital58.com.ve\\\/site\\\/#\\\/schema\\\/person\\\/64d1c2e4d0d4fd1b849980c4331c2951\"},\"alternateName\":\"ND58\",\"potentialAction\":[{\"@type\":\"SearchAction\",\"target\":{\"@type\":\"EntryPoint\",\"urlTemplate\":\"https:\\\/\\\/digital58.com.ve\\\/site\\\/?s={search_term_string}\"},\"query-input\":{\"@type\":\"PropertyValueSpecification\",\"valueRequired\":true,\"valueName\":\"search_term_string\"}}],\"inLanguage\":\"es\"},{\"@type\":[\"Person\",\"Organization\"],\"@id\":\"https:\\\/\\\/digital58.com.ve\\\/site\\\/#\\\/schema\\\/person\\\/64d1c2e4d0d4fd1b849980c4331c2951\",\"name\":\"Villasmil Henry\",\"image\":{\"@type\":\"ImageObject\",\"inLanguage\":\"es\",\"@id\":\"https:\\\/\\\/secure.gravatar.com\\\/avatar\\\/bb0c4a2fcb7970138239f7e404ea75757b1b507b28b5ce4c53fbd62d797c5a7c?s=96&d=mm&r=g\",\"url\":\"https:\\\/\\\/secure.gravatar.com\\\/avatar\\\/bb0c4a2fcb7970138239f7e404ea75757b1b507b28b5ce4c53fbd62d797c5a7c?s=96&d=mm&r=g\",\"contentUrl\":\"https:\\\/\\\/secure.gravatar.com\\\/avatar\\\/bb0c4a2fcb7970138239f7e404ea75757b1b507b28b5ce4c53fbd62d797c5a7c?s=96&d=mm&r=g\",\"caption\":\"Villasmil Henry\"},\"logo\":{\"@id\":\"https:\\\/\\\/secure.gravatar.com\\\/avatar\\\/bb0c4a2fcb7970138239f7e404ea75757b1b507b28b5ce4c53fbd62d797c5a7c?s=96&d=mm&r=g\"},\"sameAs\":[\"http:\\\/\\\/www.henryvillasmil.com.ve\",\"https:\\\/\\\/www.instagram.com\\\/villasmilhfoto\\\/\",\"https:\\\/\\\/x.com\\\/https:\\\/\\\/twitter.com\\\/villasmilhfoto\"],\"url\":\"https:\\\/\\\/digital58.com.ve\\\/site\\\/author\\\/droopy_68\\\/\"}]}<\/script>\n<!-- \/ Yoast SEO plugin. -->","yoast_head_json":{"title":"Comic-Con 2017: Estrenaron tr\u00e1iler extendido del segundo cap\u00edtulo de \u00abJuegos de Tronos\u00bb","robots":{"index":"index","follow":"follow","max-snippet":"max-snippet:-1","max-image-preview":"max-image-preview:large","max-video-preview":"max-video-preview:-1"},"canonical":"https:\/\/digital58.com.ve\/site\/2017\/07\/22\/comic-con-2017-estrenaron-trailer-extendido-del-segundo-capitulo-de-juegos-de-tronos\/","og_locale":"es_ES","og_type":"article","og_title":"Comic-Con 2017: Estrenaron tr\u00e1iler extendido del segundo cap\u00edtulo de \u00abJuegos de Tronos\u00bb","og_url":"https:\/\/digital58.com.ve\/site\/2017\/07\/22\/comic-con-2017-estrenaron-trailer-extendido-del-segundo-capitulo-de-juegos-de-tronos\/","og_site_name":"Noticias Digital58","article_published_time":"2017-07-22T16:36:20+00:00","article_modified_time":"2017-07-22T16:37:06+00:00","og_image":[{"width":1024,"height":411,"url":"https:\/\/digital58.com.ve\/site\/wp-content\/uploads\/2017\/07\/GOT.jpg","type":"image\/jpeg"}],"author":"Villasmil Henry","twitter_card":"summary_large_image","twitter_creator":"@https:\/\/twitter.com\/villasmilhfoto","twitter_site":"@villasmilhfoto","twitter_misc":{"Escrito por":"Villasmil Henry","Tiempo estimado de lectura":"1 minuto"},"schema":{"@context":"https:\/\/schema.org","@graph":[{"@type":"Article","@id":"https:\/\/digital58.com.ve\/site\/2017\/07\/22\/comic-con-2017-estrenaron-trailer-extendido-del-segundo-capitulo-de-juegos-de-tronos\/#article","isPartOf":{"@id":"https:\/\/digital58.com.ve\/site\/2017\/07\/22\/comic-con-2017-estrenaron-trailer-extendido-del-segundo-capitulo-de-juegos-de-tronos\/"},"author":{"name":"Villasmil Henry","@id":"https:\/\/digital58.com.ve\/site\/#\/schema\/person\/64d1c2e4d0d4fd1b849980c4331c2951"},"headline":"Comic-Con 2017: Estrenaron tr\u00e1iler extendido del segundo cap\u00edtulo de \u00abJuegos de Tronos\u00bb","datePublished":"2017-07-22T16:36:20+00:00","dateModified":"2017-07-22T16:37:06+00:00","mainEntityOfPage":{"@id":"https:\/\/digital58.com.ve\/site\/2017\/07\/22\/comic-con-2017-estrenaron-trailer-extendido-del-segundo-capitulo-de-juegos-de-tronos\/"},"wordCount":178,"commentCount":0,"publisher":{"@id":"https:\/\/digital58.com.ve\/site\/#\/schema\/person\/64d1c2e4d0d4fd1b849980c4331c2951"},"image":{"@id":"https:\/\/digital58.com.ve\/site\/2017\/07\/22\/comic-con-2017-estrenaron-trailer-extendido-del-segundo-capitulo-de-juegos-de-tronos\/#primaryimage"},"thumbnailUrl":"https:\/\/digital58.com.ve\/site\/wp-content\/uploads\/2017\/07\/GOT.jpg","keywords":["Cap\u00edtulos","Comic-Con 2017","Estrenos","HBO","Internacionales","Juego de Tronos","San Diego","televisi\u00f3n","Temporadas","Tr\u00e1liers","USA"],"articleSection":["Fama"],"inLanguage":"es","potentialAction":[{"@type":"CommentAction","name":"Comment","target":["https:\/\/digital58.com.ve\/site\/2017\/07\/22\/comic-con-2017-estrenaron-trailer-extendido-del-segundo-capitulo-de-juegos-de-tronos\/#respond"]}]},{"@type":"WebPage","@id":"https:\/\/digital58.com.ve\/site\/2017\/07\/22\/comic-con-2017-estrenaron-trailer-extendido-del-segundo-capitulo-de-juegos-de-tronos\/","url":"https:\/\/digital58.com.ve\/site\/2017\/07\/22\/comic-con-2017-estrenaron-trailer-extendido-del-segundo-capitulo-de-juegos-de-tronos\/","name":"Comic-Con 2017: Estrenaron tr\u00e1iler extendido del segundo cap\u00edtulo de \u00abJuegos de Tronos\u00bb","isPartOf":{"@id":"https:\/\/digital58.com.ve\/site\/#website"},"primaryImageOfPage":{"@id":"https:\/\/digital58.com.ve\/site\/2017\/07\/22\/comic-con-2017-estrenaron-trailer-extendido-del-segundo-capitulo-de-juegos-de-tronos\/#primaryimage"},"image":{"@id":"https:\/\/digital58.com.ve\/site\/2017\/07\/22\/comic-con-2017-estrenaron-trailer-extendido-del-segundo-capitulo-de-juegos-de-tronos\/#primaryimage"},"thumbnailUrl":"https:\/\/digital58.com.ve\/site\/wp-content\/uploads\/2017\/07\/GOT.jpg","datePublished":"2017-07-22T16:36:20+00:00","dateModified":"2017-07-22T16:37:06+00:00","breadcrumb":{"@id":"https:\/\/digital58.com.ve\/site\/2017\/07\/22\/comic-con-2017-estrenaron-trailer-extendido-del-segundo-capitulo-de-juegos-de-tronos\/#breadcrumb"},"inLanguage":"es","potentialAction":[{"@type":"ReadAction","target":["https:\/\/digital58.com.ve\/site\/2017\/07\/22\/comic-con-2017-estrenaron-trailer-extendido-del-segundo-capitulo-de-juegos-de-tronos\/"]}]},{"@type":"ImageObject","inLanguage":"es","@id":"https:\/\/digital58.com.ve\/site\/2017\/07\/22\/comic-con-2017-estrenaron-trailer-extendido-del-segundo-capitulo-de-juegos-de-tronos\/#primaryimage","url":"https:\/\/digital58.com.ve\/site\/wp-content\/uploads\/2017\/07\/GOT.jpg","contentUrl":"https:\/\/digital58.com.ve\/site\/wp-content\/uploads\/2017\/07\/GOT.jpg","width":800,"height":321},{"@type":"BreadcrumbList","@id":"https:\/\/digital58.com.ve\/site\/2017\/07\/22\/comic-con-2017-estrenaron-trailer-extendido-del-segundo-capitulo-de-juegos-de-tronos\/#breadcrumb","itemListElement":[{"@type":"ListItem","position":1,"name":"Home","item":"https:\/\/digital58.com.ve\/site\/"},{"@type":"ListItem","position":2,"name":"Comic-Con 2017: Estrenaron tr\u00e1iler extendido del segundo cap\u00edtulo de \u00abJuegos de Tronos\u00bb"}]},{"@type":"WebSite","@id":"https:\/\/digital58.com.ve\/site\/#website","url":"https:\/\/digital58.com.ve\/site\/","name":"Noticias Digital58","description":"Portal de Noticias \u00a1Periodismo web de verdad! Lanzamiento web 22.11.2005 \/ Maracaibo, Venezuela","publisher":{"@id":"https:\/\/digital58.com.ve\/site\/#\/schema\/person\/64d1c2e4d0d4fd1b849980c4331c2951"},"alternateName":"ND58","potentialAction":[{"@type":"SearchAction","target":{"@type":"EntryPoint","urlTemplate":"https:\/\/digital58.com.ve\/site\/?s={search_term_string}"},"query-input":{"@type":"PropertyValueSpecification","valueRequired":true,"valueName":"search_term_string"}}],"inLanguage":"es"},{"@type":["Person","Organization"],"@id":"https:\/\/digital58.com.ve\/site\/#\/schema\/person\/64d1c2e4d0d4fd1b849980c4331c2951","name":"Villasmil Henry","image":{"@type":"ImageObject","inLanguage":"es","@id":"https:\/\/secure.gravatar.com\/avatar\/bb0c4a2fcb7970138239f7e404ea75757b1b507b28b5ce4c53fbd62d797c5a7c?s=96&d=mm&r=g","url":"https:\/\/secure.gravatar.com\/avatar\/bb0c4a2fcb7970138239f7e404ea75757b1b507b28b5ce4c53fbd62d797c5a7c?s=96&d=mm&r=g","contentUrl":"https:\/\/secure.gravatar.com\/avatar\/bb0c4a2fcb7970138239f7e404ea75757b1b507b28b5ce4c53fbd62d797c5a7c?s=96&d=mm&r=g","caption":"Villasmil Henry"},"logo":{"@id":"https:\/\/secure.gravatar.com\/avatar\/bb0c4a2fcb7970138239f7e404ea75757b1b507b28b5ce4c53fbd62d797c5a7c?s=96&d=mm&r=g"},"sameAs":["http:\/\/www.henryvillasmil.com.ve","https:\/\/www.instagram.com\/villasmilhfoto\/","https:\/\/x.com\/https:\/\/twitter.com\/villasmilhfoto"],"url":"https:\/\/digital58.com.ve\/site\/author\/droopy_68\/"}]}},"uagb_featured_image_src":{"full":["https:\/\/digital58.com.ve\/site\/wp-content\/uploads\/2017\/07\/GOT.jpg",800,321,false],"thumbnail":["https:\/\/digital58.com.ve\/site\/wp-content\/uploads\/2017\/07\/GOT-150x150.jpg",150,150,true],"medium":["https:\/\/digital58.com.ve\/site\/wp-content\/uploads\/2017\/07\/GOT-300x120.jpg",300,120,true],"medium_large":["https:\/\/digital58.com.ve\/site\/wp-content\/uploads\/2017\/07\/GOT-768x308.jpg",768,308,true],"large":["https:\/\/digital58.com.ve\/site\/wp-content\/uploads\/2017\/07\/GOT.jpg",800,321,false],"1536x1536":["https:\/\/digital58.com.ve\/site\/wp-content\/uploads\/2017\/07\/GOT.jpg",800,321,false],"2048x2048":["https:\/\/digital58.com.ve\/site\/wp-content\/uploads\/2017\/07\/GOT.jpg",800,321,false],"colormag-highlighted-post":["https:\/\/digital58.com.ve\/site\/wp-content\/uploads\/2017\/07\/GOT.jpg",392,157,false],"colormag-featured-post-medium":["https:\/\/digital58.com.ve\/site\/wp-content\/uploads\/2017\/07\/GOT.jpg",390,156,false],"colormag-featured-post-small":["https:\/\/digital58.com.ve\/site\/wp-content\/uploads\/2017\/07\/GOT.jpg",130,52,false],"colormag-featured-image":["https:\/\/digital58.com.ve\/site\/wp-content\/uploads\/2017\/07\/GOT.jpg",800,321,false],"colormag-default-news":["https:\/\/digital58.com.ve\/site\/wp-content\/uploads\/2017\/07\/GOT.jpg",150,60,false],"colormag-featured-image-large":["https:\/\/digital58.com.ve\/site\/wp-content\/uploads\/2017\/07\/GOT.jpg",800,321,false]},"uagb_author_info":{"display_name":"Villasmil Henry","author_link":"https:\/\/digital58.com.ve\/site\/author\/droopy_68\/"},"uagb_comment_info":0,"uagb_excerpt":"El pr\u00f3ximo 24 de julio, por HBO estar\u00e1 llegando el segundo capitulo de la s\u00e9ptima temporada de \u00abJuegos de Tronos\u00bb","_links":{"self":[{"href":"https:\/\/digital58.com.ve\/site\/wp-json\/wp\/v2\/posts\/67938","targetHints":{"allow":["GET"]}}],"collection":[{"href":"https:\/\/digital58.com.ve\/site\/wp-json\/wp\/v2\/posts"}],"about":[{"href":"https:\/\/digital58.com.ve\/site\/wp-json\/wp\/v2\/types\/post"}],"author":[{"embeddable":true,"href":"https:\/\/digital58.com.ve\/site\/wp-json\/wp\/v2\/users\/1"}],"replies":[{"embeddable":true,"href":"https:\/\/digital58.com.ve\/site\/wp-json\/wp\/v2\/comments?post=67938"}],"version-history":[{"count":0,"href":"https:\/\/digital58.com.ve\/site\/wp-json\/wp\/v2\/posts\/67938\/revisions"}],"wp:featuredmedia":[{"embeddable":true,"href":"https:\/\/digital58.com.ve\/site\/wp-json\/wp\/v2\/media\/67939"}],"wp:attachment":[{"href":"https:\/\/digital58.com.ve\/site\/wp-json\/wp\/v2\/media?parent=67938"}],"wp:term":[{"taxonomy":"category","embeddable":true,"href":"https:\/\/digital58.com.ve\/site\/wp-json\/wp\/v2\/categories?post=67938"},{"taxonomy":"post_tag","embeddable":true,"href":"https:\/\/digital58.com.ve\/site\/wp-json\/wp\/v2\/tags?post=67938"}],"curies":[{"name":"wp","href":"https:\/\/api.w.org\/{rel}","templated":true}]}}