{"id":68027,"date":"2017-07-25T18:19:45","date_gmt":"2017-07-25T22:19:45","guid":{"rendered":"http:\/\/digital58.com.ve\/site\/?p=68027"},"modified":"2017-07-25T18:24:16","modified_gmt":"2017-07-25T22:24:16","slug":"james-bond-25-ya-tiene-fecha-de-estreno","status":"publish","type":"post","link":"https:\/\/digital58.com.ve\/site\/2017\/07\/25\/james-bond-25-ya-tiene-fecha-de-estreno\/","title":{"rendered":"\u00abJames Bond 25\u00bb ya tiene fecha de estreno"},"content":{"rendered":"<p><a href=\"http:\/\/digital58.com.ve\/site\/wp-content\/uploads\/2017\/07\/james-bond-2.jpg\"><img loading=\"lazy\" decoding=\"async\" class=\"aligncenter size-large wp-image-68029\" src=\"http:\/\/digital58.com.ve\/site\/wp-content\/uploads\/2017\/07\/james-bond-2-1500x914.jpg\" alt=\"\" width=\"640\" height=\"390\" srcset=\"https:\/\/digital58.com.ve\/site\/wp-content\/uploads\/2017\/07\/james-bond-2-1500x914.jpg 1500w, https:\/\/digital58.com.ve\/site\/wp-content\/uploads\/2017\/07\/james-bond-2-300x183.jpg 300w, https:\/\/digital58.com.ve\/site\/wp-content\/uploads\/2017\/07\/james-bond-2-768x468.jpg 768w, https:\/\/digital58.com.ve\/site\/wp-content\/uploads\/2017\/07\/james-bond-2.jpg 800w\" sizes=\"auto, (max-width: 640px) 100vw, 640px\" \/><\/a><\/p>\n<p>La nueva entrega del famoso agente, \u00abjames Bond\u00bb, ya tiene fecha de estreno, el cual ser\u00e1 el 08 de noviembre de 2019, confirmado a trav\u00e9s de la cuenta oficial de \u00abJames Bond\u00bb en instagram, aun sin la confirmaci\u00f3n del regreso de Daniel Craig como el \u00abagente 007\u00bb.<\/p>\n<p><strong>California, USA, 25 de julio de 2017 (D58).-<\/strong> Pese a la incertidumbre que rodea a esta nueva entrega de la saga, los productores han querido dar un peque\u00f1o aperitivo a los fans del famoso esp\u00eda brit\u00e1nico y han confirmado el d\u00eda previsto para que la pel\u00edcula llegue a los cines de Estados Unidos.<\/p>\n<p>A trav\u00e9s de la cuenta oficial de \u00abJames Bond\u00bb en instagram, se ha anunciado que el nuevo largometraje protagonizado por el \u00abagente 007\u00bb llegar\u00e1 a las salas de cine el 08 de noviembre de 2019, aunque, como recoge el post, unos d\u00edas antes ya se podr\u00e1 ver en Reino Unidos, como suele ser habitual.<\/p>\n<p>En la misma publicaci\u00f3n, se especifica que los nombres de los integrantes del reparto y del director de \u00abJames Bond 25\u00bb se anunciaran m\u00e1s adelante, por lo que, al menos de momento, Daniel Craig no est\u00e1 confirmado para el papel de \u00abBond\u00bb.<\/p>\n<p><a href=\"http:\/\/digital58.com.ve\/site\/wp-content\/uploads\/2017\/07\/james-bond-3.jpg\"><img loading=\"lazy\" decoding=\"async\" class=\"aligncenter wp-image-68032\" src=\"http:\/\/digital58.com.ve\/site\/wp-content\/uploads\/2017\/07\/james-bond-3.jpg\" alt=\"\" width=\"640\" height=\"303\" srcset=\"https:\/\/digital58.com.ve\/site\/wp-content\/uploads\/2017\/07\/james-bond-3.jpg 800w, https:\/\/digital58.com.ve\/site\/wp-content\/uploads\/2017\/07\/james-bond-3-300x142.jpg 300w, https:\/\/digital58.com.ve\/site\/wp-content\/uploads\/2017\/07\/james-bond-3-768x363.jpg 768w\" sizes=\"auto, (max-width: 640px) 100vw, 640px\" \/><\/a><\/p>\n<p>Despu\u00e9s de tres pel\u00edculas encarnando al legendario agente secreto, Craig no ha mostrado demasiado inter\u00e9s en volver a meterse en la piel del personaje.<\/p>\n<p>Hace unas semanas su nombre parec\u00eda haberse confirmado para el papel, pero la noticia se ha ido desinflando y actualmente sigue sin saberse qui\u00e9n ser\u00e1 el elegido para ser Bond.<\/p>\n<p>Tampoco han podido confirmar si Sony Pictures se encargar\u00e1 de la producci\u00f3n del filme. Al parecer la compa\u00f1\u00eda se estar\u00eda planteando ceder los derechos de la saga despu\u00e9s el elevado costo que le supuso la anterior entrega, \u00abSpectre\u00bb.<\/p>\n<p>Lo poco que se sabe a cerca de la 25\u00aa pel\u00edcula de la saga, es que Neal Purvis y Robert Wade regresan para la escritura del libreto y, que Michael G. Wilson y Barbara Broccoli estar\u00e1n detr\u00e1s de la producci\u00f3n.<\/p>\n<p><strong>Redacci\u00f3n y fuente: Agencias<\/strong><br \/>\n<strong>Edici\u00f3n: <a href=\"https:\/\/www.instagram.com\/raquelsofiavera\/\" target=\"_blank\" rel=\"noopener\">Vera, Raquel<\/a><\/strong><br \/>\n<strong>Fotos: Google<\/strong><\/p><div class=\"jovsb69f463e85090e\" ><p style=\"text-align: center;\"><a href=\"https:\/\/t.me\/noticiasdigital58\" target=\"_blank\" rel=\"noopener\"><img class=\"aligncenter size-full wp-image-125363\" src=\"https:\/\/digital58.com.ve\/site\/wp-content\/uploads\/2021\/04\/banner-telegram-web-2021.png\" alt=\"\" width=\"600\" height=\"90\" \/><\/a><\/p><\/div><style type=\"text\/css\">\r\n@media screen and (min-width: 1201px) {\r\n.jovsb69f463e85090e {\r\ndisplay: block;\r\n}\r\n}\r\n@media screen and (min-width: 993px) and (max-width: 1200px) {\r\n.jovsb69f463e85090e {\r\ndisplay: block;\r\n}\r\n}\r\n@media screen and (min-width: 769px) and (max-width: 992px) {\r\n.jovsb69f463e85090e {\r\ndisplay: block;\r\n}\r\n}\r\n@media screen and (min-width: 768px) and (max-width: 768px) {\r\n.jovsb69f463e85090e {\r\ndisplay: block;\r\n}\r\n}\r\n@media screen and (max-width: 767px) {\r\n.jovsb69f463e85090e {\r\ndisplay: block;\r\n}\r\n}\r\n<\/style>\r\n\n<p><a href=\"http:\/\/digital58.com.ve\/site\/wp-content\/uploads\/2017\/07\/james-bond-1.jpg\"><img loading=\"lazy\" decoding=\"async\" class=\"aligncenter wp-image-68028\" src=\"http:\/\/digital58.com.ve\/site\/wp-content\/uploads\/2017\/07\/james-bond-1.jpg\" alt=\"\" width=\"640\" height=\"479\" srcset=\"https:\/\/digital58.com.ve\/site\/wp-content\/uploads\/2017\/07\/james-bond-1.jpg 800w, https:\/\/digital58.com.ve\/site\/wp-content\/uploads\/2017\/07\/james-bond-1-300x225.jpg 300w, https:\/\/digital58.com.ve\/site\/wp-content\/uploads\/2017\/07\/james-bond-1-768x575.jpg 768w\" sizes=\"auto, (max-width: 640px) 100vw, 640px\" \/><\/a><\/p>\n<div style=\"margin-top: 0px; margin-bottom: 0px;\" class=\"sharethis-inline-share-buttons\" ><\/div>","protected":false},"excerpt":{"rendered":"<p>La nueva entrega del famoso agente, \u00abjames Bond\u00bb, ya tiene fecha de estreno, el cual ser\u00e1 el 08 de noviembre<\/p>\n","protected":false},"author":1,"featured_media":68028,"comment_status":"open","ping_status":"closed","sticky":false,"template":"","format":"standard","meta":{"colormag_page_container_layout":"default_layout","colormag_page_sidebar_layout":"default_layout","_uag_custom_page_level_css":"","footnotes":""},"categories":[1],"tags":[7402,46,50,2344,8,7401,72,7406,7357],"class_list":["post-68027","post","type-post","status-publish","format-standard","has-post-thumbnail","hentry","category-fama","tag-agente-007","tag-cine","tag-entretenimiento","tag-estreno","tag-internacionales","tag-james-bond","tag-peliculas","tag-saga","tag-sony-pictures"],"yoast_head":"<!-- This site is optimized with the Yoast SEO plugin v27.5 - https:\/\/yoast.com\/product\/yoast-seo-wordpress\/ -->\n<title>\u00abJames Bond 25\u00bb ya tiene fecha de estreno<\/title>\n<meta name=\"robots\" content=\"index, follow, max-snippet:-1, max-image-preview:large, max-video-preview:-1\" \/>\n<link rel=\"canonical\" href=\"https:\/\/digital58.com.ve\/site\/2017\/07\/25\/james-bond-25-ya-tiene-fecha-de-estreno\/\" \/>\n<meta property=\"og:locale\" content=\"es_ES\" \/>\n<meta property=\"og:type\" content=\"article\" \/>\n<meta property=\"og:title\" content=\"\u00abJames Bond 25\u00bb ya tiene fecha de estreno\" \/>\n<meta property=\"og:url\" content=\"https:\/\/digital58.com.ve\/site\/2017\/07\/25\/james-bond-25-ya-tiene-fecha-de-estreno\/\" \/>\n<meta property=\"og:site_name\" content=\"Noticias Digital58\" \/>\n<meta property=\"article:published_time\" content=\"2017-07-25T22:19:45+00:00\" \/>\n<meta property=\"article:modified_time\" content=\"2017-07-25T22:24:16+00:00\" \/>\n<meta property=\"og:image\" content=\"https:\/\/digital58.com.ve\/site\/wp-content\/uploads\/2017\/07\/james-bond-1.jpg\" \/>\n\t<meta property=\"og:image:width\" content=\"1335\" \/>\n\t<meta property=\"og:image:height\" content=\"1000\" \/>\n\t<meta property=\"og:image:type\" content=\"image\/jpeg\" \/>\n<meta name=\"author\" content=\"Villasmil Henry\" \/>\n<meta name=\"twitter:card\" content=\"summary_large_image\" \/>\n<meta name=\"twitter:creator\" content=\"@https:\/\/twitter.com\/villasmilhfoto\" \/>\n<meta name=\"twitter:site\" content=\"@villasmilhfoto\" \/>\n<meta name=\"twitter:label1\" content=\"Escrito por\" \/>\n\t<meta name=\"twitter:data1\" content=\"Villasmil Henry\" \/>\n\t<meta name=\"twitter:label2\" content=\"Tiempo estimado de lectura\" \/>\n\t<meta name=\"twitter:data2\" content=\"2 minutos\" \/>\n<script type=\"application\/ld+json\" class=\"yoast-schema-graph\">{\"@context\":\"https:\\\/\\\/schema.org\",\"@graph\":[{\"@type\":\"Article\",\"@id\":\"https:\\\/\\\/digital58.com.ve\\\/site\\\/2017\\\/07\\\/25\\\/james-bond-25-ya-tiene-fecha-de-estreno\\\/#article\",\"isPartOf\":{\"@id\":\"https:\\\/\\\/digital58.com.ve\\\/site\\\/2017\\\/07\\\/25\\\/james-bond-25-ya-tiene-fecha-de-estreno\\\/\"},\"author\":{\"name\":\"Villasmil Henry\",\"@id\":\"https:\\\/\\\/digital58.com.ve\\\/site\\\/#\\\/schema\\\/person\\\/64d1c2e4d0d4fd1b849980c4331c2951\"},\"headline\":\"\u00abJames Bond 25\u00bb ya tiene fecha de estreno\",\"datePublished\":\"2017-07-25T22:19:45+00:00\",\"dateModified\":\"2017-07-25T22:24:16+00:00\",\"mainEntityOfPage\":{\"@id\":\"https:\\\/\\\/digital58.com.ve\\\/site\\\/2017\\\/07\\\/25\\\/james-bond-25-ya-tiene-fecha-de-estreno\\\/\"},\"wordCount\":361,\"commentCount\":0,\"publisher\":{\"@id\":\"https:\\\/\\\/digital58.com.ve\\\/site\\\/#\\\/schema\\\/person\\\/64d1c2e4d0d4fd1b849980c4331c2951\"},\"image\":{\"@id\":\"https:\\\/\\\/digital58.com.ve\\\/site\\\/2017\\\/07\\\/25\\\/james-bond-25-ya-tiene-fecha-de-estreno\\\/#primaryimage\"},\"thumbnailUrl\":\"https:\\\/\\\/digital58.com.ve\\\/site\\\/wp-content\\\/uploads\\\/2017\\\/07\\\/james-bond-1.jpg\",\"keywords\":[\"Agente 007\",\"Cine\",\"Entretenimiento\",\"estreno\",\"Internacionales\",\"James Bond\",\"Pel\u00edculas\",\"Saga\",\"Sony Pictures\"],\"articleSection\":[\"Fama\"],\"inLanguage\":\"es\",\"potentialAction\":[{\"@type\":\"CommentAction\",\"name\":\"Comment\",\"target\":[\"https:\\\/\\\/digital58.com.ve\\\/site\\\/2017\\\/07\\\/25\\\/james-bond-25-ya-tiene-fecha-de-estreno\\\/#respond\"]}]},{\"@type\":\"WebPage\",\"@id\":\"https:\\\/\\\/digital58.com.ve\\\/site\\\/2017\\\/07\\\/25\\\/james-bond-25-ya-tiene-fecha-de-estreno\\\/\",\"url\":\"https:\\\/\\\/digital58.com.ve\\\/site\\\/2017\\\/07\\\/25\\\/james-bond-25-ya-tiene-fecha-de-estreno\\\/\",\"name\":\"\u00abJames Bond 25\u00bb ya tiene fecha de estreno\",\"isPartOf\":{\"@id\":\"https:\\\/\\\/digital58.com.ve\\\/site\\\/#website\"},\"primaryImageOfPage\":{\"@id\":\"https:\\\/\\\/digital58.com.ve\\\/site\\\/2017\\\/07\\\/25\\\/james-bond-25-ya-tiene-fecha-de-estreno\\\/#primaryimage\"},\"image\":{\"@id\":\"https:\\\/\\\/digital58.com.ve\\\/site\\\/2017\\\/07\\\/25\\\/james-bond-25-ya-tiene-fecha-de-estreno\\\/#primaryimage\"},\"thumbnailUrl\":\"https:\\\/\\\/digital58.com.ve\\\/site\\\/wp-content\\\/uploads\\\/2017\\\/07\\\/james-bond-1.jpg\",\"datePublished\":\"2017-07-25T22:19:45+00:00\",\"dateModified\":\"2017-07-25T22:24:16+00:00\",\"breadcrumb\":{\"@id\":\"https:\\\/\\\/digital58.com.ve\\\/site\\\/2017\\\/07\\\/25\\\/james-bond-25-ya-tiene-fecha-de-estreno\\\/#breadcrumb\"},\"inLanguage\":\"es\",\"potentialAction\":[{\"@type\":\"ReadAction\",\"target\":[\"https:\\\/\\\/digital58.com.ve\\\/site\\\/2017\\\/07\\\/25\\\/james-bond-25-ya-tiene-fecha-de-estreno\\\/\"]}]},{\"@type\":\"ImageObject\",\"inLanguage\":\"es\",\"@id\":\"https:\\\/\\\/digital58.com.ve\\\/site\\\/2017\\\/07\\\/25\\\/james-bond-25-ya-tiene-fecha-de-estreno\\\/#primaryimage\",\"url\":\"https:\\\/\\\/digital58.com.ve\\\/site\\\/wp-content\\\/uploads\\\/2017\\\/07\\\/james-bond-1.jpg\",\"contentUrl\":\"https:\\\/\\\/digital58.com.ve\\\/site\\\/wp-content\\\/uploads\\\/2017\\\/07\\\/james-bond-1.jpg\",\"width\":800,\"height\":\"600\"},{\"@type\":\"BreadcrumbList\",\"@id\":\"https:\\\/\\\/digital58.com.ve\\\/site\\\/2017\\\/07\\\/25\\\/james-bond-25-ya-tiene-fecha-de-estreno\\\/#breadcrumb\",\"itemListElement\":[{\"@type\":\"ListItem\",\"position\":1,\"name\":\"Home\",\"item\":\"https:\\\/\\\/digital58.com.ve\\\/site\\\/\"},{\"@type\":\"ListItem\",\"position\":2,\"name\":\"\u00abJames Bond 25\u00bb ya tiene fecha de estreno\"}]},{\"@type\":\"WebSite\",\"@id\":\"https:\\\/\\\/digital58.com.ve\\\/site\\\/#website\",\"url\":\"https:\\\/\\\/digital58.com.ve\\\/site\\\/\",\"name\":\"Noticias Digital58\",\"description\":\"Portal de Noticias \u00a1Periodismo web de verdad! Lanzamiento web 22.11.2005 \\\/ Maracaibo, Venezuela\",\"publisher\":{\"@id\":\"https:\\\/\\\/digital58.com.ve\\\/site\\\/#\\\/schema\\\/person\\\/64d1c2e4d0d4fd1b849980c4331c2951\"},\"alternateName\":\"ND58\",\"potentialAction\":[{\"@type\":\"SearchAction\",\"target\":{\"@type\":\"EntryPoint\",\"urlTemplate\":\"https:\\\/\\\/digital58.com.ve\\\/site\\\/?s={search_term_string}\"},\"query-input\":{\"@type\":\"PropertyValueSpecification\",\"valueRequired\":true,\"valueName\":\"search_term_string\"}}],\"inLanguage\":\"es\"},{\"@type\":[\"Person\",\"Organization\"],\"@id\":\"https:\\\/\\\/digital58.com.ve\\\/site\\\/#\\\/schema\\\/person\\\/64d1c2e4d0d4fd1b849980c4331c2951\",\"name\":\"Villasmil Henry\",\"image\":{\"@type\":\"ImageObject\",\"inLanguage\":\"es\",\"@id\":\"https:\\\/\\\/secure.gravatar.com\\\/avatar\\\/bb0c4a2fcb7970138239f7e404ea75757b1b507b28b5ce4c53fbd62d797c5a7c?s=96&d=mm&r=g\",\"url\":\"https:\\\/\\\/secure.gravatar.com\\\/avatar\\\/bb0c4a2fcb7970138239f7e404ea75757b1b507b28b5ce4c53fbd62d797c5a7c?s=96&d=mm&r=g\",\"contentUrl\":\"https:\\\/\\\/secure.gravatar.com\\\/avatar\\\/bb0c4a2fcb7970138239f7e404ea75757b1b507b28b5ce4c53fbd62d797c5a7c?s=96&d=mm&r=g\",\"caption\":\"Villasmil Henry\"},\"logo\":{\"@id\":\"https:\\\/\\\/secure.gravatar.com\\\/avatar\\\/bb0c4a2fcb7970138239f7e404ea75757b1b507b28b5ce4c53fbd62d797c5a7c?s=96&d=mm&r=g\"},\"sameAs\":[\"http:\\\/\\\/www.henryvillasmil.com.ve\",\"https:\\\/\\\/www.instagram.com\\\/villasmilhfoto\\\/\",\"https:\\\/\\\/x.com\\\/https:\\\/\\\/twitter.com\\\/villasmilhfoto\"],\"url\":\"https:\\\/\\\/digital58.com.ve\\\/site\\\/author\\\/droopy_68\\\/\"}]}<\/script>\n<!-- \/ Yoast SEO plugin. -->","yoast_head_json":{"title":"\u00abJames Bond 25\u00bb ya tiene fecha de estreno","robots":{"index":"index","follow":"follow","max-snippet":"max-snippet:-1","max-image-preview":"max-image-preview:large","max-video-preview":"max-video-preview:-1"},"canonical":"https:\/\/digital58.com.ve\/site\/2017\/07\/25\/james-bond-25-ya-tiene-fecha-de-estreno\/","og_locale":"es_ES","og_type":"article","og_title":"\u00abJames Bond 25\u00bb ya tiene fecha de estreno","og_url":"https:\/\/digital58.com.ve\/site\/2017\/07\/25\/james-bond-25-ya-tiene-fecha-de-estreno\/","og_site_name":"Noticias Digital58","article_published_time":"2017-07-25T22:19:45+00:00","article_modified_time":"2017-07-25T22:24:16+00:00","og_image":[{"width":1335,"height":1000,"url":"https:\/\/digital58.com.ve\/site\/wp-content\/uploads\/2017\/07\/james-bond-1.jpg","type":"image\/jpeg"}],"author":"Villasmil Henry","twitter_card":"summary_large_image","twitter_creator":"@https:\/\/twitter.com\/villasmilhfoto","twitter_site":"@villasmilhfoto","twitter_misc":{"Escrito por":"Villasmil Henry","Tiempo estimado de lectura":"2 minutos"},"schema":{"@context":"https:\/\/schema.org","@graph":[{"@type":"Article","@id":"https:\/\/digital58.com.ve\/site\/2017\/07\/25\/james-bond-25-ya-tiene-fecha-de-estreno\/#article","isPartOf":{"@id":"https:\/\/digital58.com.ve\/site\/2017\/07\/25\/james-bond-25-ya-tiene-fecha-de-estreno\/"},"author":{"name":"Villasmil Henry","@id":"https:\/\/digital58.com.ve\/site\/#\/schema\/person\/64d1c2e4d0d4fd1b849980c4331c2951"},"headline":"\u00abJames Bond 25\u00bb ya tiene fecha de estreno","datePublished":"2017-07-25T22:19:45+00:00","dateModified":"2017-07-25T22:24:16+00:00","mainEntityOfPage":{"@id":"https:\/\/digital58.com.ve\/site\/2017\/07\/25\/james-bond-25-ya-tiene-fecha-de-estreno\/"},"wordCount":361,"commentCount":0,"publisher":{"@id":"https:\/\/digital58.com.ve\/site\/#\/schema\/person\/64d1c2e4d0d4fd1b849980c4331c2951"},"image":{"@id":"https:\/\/digital58.com.ve\/site\/2017\/07\/25\/james-bond-25-ya-tiene-fecha-de-estreno\/#primaryimage"},"thumbnailUrl":"https:\/\/digital58.com.ve\/site\/wp-content\/uploads\/2017\/07\/james-bond-1.jpg","keywords":["Agente 007","Cine","Entretenimiento","estreno","Internacionales","James Bond","Pel\u00edculas","Saga","Sony Pictures"],"articleSection":["Fama"],"inLanguage":"es","potentialAction":[{"@type":"CommentAction","name":"Comment","target":["https:\/\/digital58.com.ve\/site\/2017\/07\/25\/james-bond-25-ya-tiene-fecha-de-estreno\/#respond"]}]},{"@type":"WebPage","@id":"https:\/\/digital58.com.ve\/site\/2017\/07\/25\/james-bond-25-ya-tiene-fecha-de-estreno\/","url":"https:\/\/digital58.com.ve\/site\/2017\/07\/25\/james-bond-25-ya-tiene-fecha-de-estreno\/","name":"\u00abJames Bond 25\u00bb ya tiene fecha de estreno","isPartOf":{"@id":"https:\/\/digital58.com.ve\/site\/#website"},"primaryImageOfPage":{"@id":"https:\/\/digital58.com.ve\/site\/2017\/07\/25\/james-bond-25-ya-tiene-fecha-de-estreno\/#primaryimage"},"image":{"@id":"https:\/\/digital58.com.ve\/site\/2017\/07\/25\/james-bond-25-ya-tiene-fecha-de-estreno\/#primaryimage"},"thumbnailUrl":"https:\/\/digital58.com.ve\/site\/wp-content\/uploads\/2017\/07\/james-bond-1.jpg","datePublished":"2017-07-25T22:19:45+00:00","dateModified":"2017-07-25T22:24:16+00:00","breadcrumb":{"@id":"https:\/\/digital58.com.ve\/site\/2017\/07\/25\/james-bond-25-ya-tiene-fecha-de-estreno\/#breadcrumb"},"inLanguage":"es","potentialAction":[{"@type":"ReadAction","target":["https:\/\/digital58.com.ve\/site\/2017\/07\/25\/james-bond-25-ya-tiene-fecha-de-estreno\/"]}]},{"@type":"ImageObject","inLanguage":"es","@id":"https:\/\/digital58.com.ve\/site\/2017\/07\/25\/james-bond-25-ya-tiene-fecha-de-estreno\/#primaryimage","url":"https:\/\/digital58.com.ve\/site\/wp-content\/uploads\/2017\/07\/james-bond-1.jpg","contentUrl":"https:\/\/digital58.com.ve\/site\/wp-content\/uploads\/2017\/07\/james-bond-1.jpg","width":800,"height":"600"},{"@type":"BreadcrumbList","@id":"https:\/\/digital58.com.ve\/site\/2017\/07\/25\/james-bond-25-ya-tiene-fecha-de-estreno\/#breadcrumb","itemListElement":[{"@type":"ListItem","position":1,"name":"Home","item":"https:\/\/digital58.com.ve\/site\/"},{"@type":"ListItem","position":2,"name":"\u00abJames Bond 25\u00bb ya tiene fecha de estreno"}]},{"@type":"WebSite","@id":"https:\/\/digital58.com.ve\/site\/#website","url":"https:\/\/digital58.com.ve\/site\/","name":"Noticias Digital58","description":"Portal de Noticias \u00a1Periodismo web de verdad! Lanzamiento web 22.11.2005 \/ Maracaibo, Venezuela","publisher":{"@id":"https:\/\/digital58.com.ve\/site\/#\/schema\/person\/64d1c2e4d0d4fd1b849980c4331c2951"},"alternateName":"ND58","potentialAction":[{"@type":"SearchAction","target":{"@type":"EntryPoint","urlTemplate":"https:\/\/digital58.com.ve\/site\/?s={search_term_string}"},"query-input":{"@type":"PropertyValueSpecification","valueRequired":true,"valueName":"search_term_string"}}],"inLanguage":"es"},{"@type":["Person","Organization"],"@id":"https:\/\/digital58.com.ve\/site\/#\/schema\/person\/64d1c2e4d0d4fd1b849980c4331c2951","name":"Villasmil Henry","image":{"@type":"ImageObject","inLanguage":"es","@id":"https:\/\/secure.gravatar.com\/avatar\/bb0c4a2fcb7970138239f7e404ea75757b1b507b28b5ce4c53fbd62d797c5a7c?s=96&d=mm&r=g","url":"https:\/\/secure.gravatar.com\/avatar\/bb0c4a2fcb7970138239f7e404ea75757b1b507b28b5ce4c53fbd62d797c5a7c?s=96&d=mm&r=g","contentUrl":"https:\/\/secure.gravatar.com\/avatar\/bb0c4a2fcb7970138239f7e404ea75757b1b507b28b5ce4c53fbd62d797c5a7c?s=96&d=mm&r=g","caption":"Villasmil Henry"},"logo":{"@id":"https:\/\/secure.gravatar.com\/avatar\/bb0c4a2fcb7970138239f7e404ea75757b1b507b28b5ce4c53fbd62d797c5a7c?s=96&d=mm&r=g"},"sameAs":["http:\/\/www.henryvillasmil.com.ve","https:\/\/www.instagram.com\/villasmilhfoto\/","https:\/\/x.com\/https:\/\/twitter.com\/villasmilhfoto"],"url":"https:\/\/digital58.com.ve\/site\/author\/droopy_68\/"}]}},"uagb_featured_image_src":{"full":["https:\/\/digital58.com.ve\/site\/wp-content\/uploads\/2017\/07\/james-bond-1.jpg",800,600,false],"thumbnail":["https:\/\/digital58.com.ve\/site\/wp-content\/uploads\/2017\/07\/james-bond-1-150x150.jpg",150,150,true],"medium":["https:\/\/digital58.com.ve\/site\/wp-content\/uploads\/2017\/07\/james-bond-1-300x225.jpg",300,225,true],"medium_large":["https:\/\/digital58.com.ve\/site\/wp-content\/uploads\/2017\/07\/james-bond-1-768x575.jpg",768,575,true],"large":["https:\/\/digital58.com.ve\/site\/wp-content\/uploads\/2017\/07\/james-bond-1.jpg",800,600,false],"1536x1536":["https:\/\/digital58.com.ve\/site\/wp-content\/uploads\/2017\/07\/james-bond-1.jpg",800,600,false],"2048x2048":["https:\/\/digital58.com.ve\/site\/wp-content\/uploads\/2017\/07\/james-bond-1.jpg",800,600,false],"colormag-highlighted-post":["https:\/\/digital58.com.ve\/site\/wp-content\/uploads\/2017\/07\/james-bond-1.jpg",363,272,false],"colormag-featured-post-medium":["https:\/\/digital58.com.ve\/site\/wp-content\/uploads\/2017\/07\/james-bond-1.jpg",273,205,false],"colormag-featured-post-small":["https:\/\/digital58.com.ve\/site\/wp-content\/uploads\/2017\/07\/james-bond-1.jpg",120,90,false],"colormag-featured-image":["https:\/\/digital58.com.ve\/site\/wp-content\/uploads\/2017\/07\/james-bond-1.jpg",593,445,false],"colormag-default-news":["https:\/\/digital58.com.ve\/site\/wp-content\/uploads\/2017\/07\/james-bond-1.jpg",150,113,false],"colormag-featured-image-large":["https:\/\/digital58.com.ve\/site\/wp-content\/uploads\/2017\/07\/james-bond-1.jpg",800,600,false]},"uagb_author_info":{"display_name":"Villasmil Henry","author_link":"https:\/\/digital58.com.ve\/site\/author\/droopy_68\/"},"uagb_comment_info":0,"uagb_excerpt":"La nueva entrega del famoso agente, \u00abjames Bond\u00bb, ya tiene fecha de estreno, el cual ser\u00e1 el 08 de noviembre","_links":{"self":[{"href":"https:\/\/digital58.com.ve\/site\/wp-json\/wp\/v2\/posts\/68027","targetHints":{"allow":["GET"]}}],"collection":[{"href":"https:\/\/digital58.com.ve\/site\/wp-json\/wp\/v2\/posts"}],"about":[{"href":"https:\/\/digital58.com.ve\/site\/wp-json\/wp\/v2\/types\/post"}],"author":[{"embeddable":true,"href":"https:\/\/digital58.com.ve\/site\/wp-json\/wp\/v2\/users\/1"}],"replies":[{"embeddable":true,"href":"https:\/\/digital58.com.ve\/site\/wp-json\/wp\/v2\/comments?post=68027"}],"version-history":[{"count":0,"href":"https:\/\/digital58.com.ve\/site\/wp-json\/wp\/v2\/posts\/68027\/revisions"}],"wp:featuredmedia":[{"embeddable":true,"href":"https:\/\/digital58.com.ve\/site\/wp-json\/wp\/v2\/media\/68028"}],"wp:attachment":[{"href":"https:\/\/digital58.com.ve\/site\/wp-json\/wp\/v2\/media?parent=68027"}],"wp:term":[{"taxonomy":"category","embeddable":true,"href":"https:\/\/digital58.com.ve\/site\/wp-json\/wp\/v2\/categories?post=68027"},{"taxonomy":"post_tag","embeddable":true,"href":"https:\/\/digital58.com.ve\/site\/wp-json\/wp\/v2\/tags?post=68027"}],"curies":[{"name":"wp","href":"https:\/\/api.w.org\/{rel}","templated":true}]}}